{"id":8545,"date":"2016-10-02T12:31:04","date_gmt":"2016-10-02T10:31:04","guid":{"rendered":"http:\/\/www.lamennais.org\/?p=8545&#038;lang=es"},"modified":"2016-10-03T15:59:57","modified_gmt":"2016-10-03T13:59:57","slug":"decano-de-la-congregacion-el-hermano-raymond-lortie-canadiense-nuevo-centenario","status":"publish","type":"post","link":"https:\/\/www.lamennais.org\/es\/decano-de-la-congregacion-el-hermano-raymond-lortie-canadiense-nuevo-centenario\/","title":{"rendered":"Decano de la Congregaci\u00f3n. El Hermano Raymond LORTIE, canadiense, nuevo centenario."},"content":{"rendered":"<p>Es el d\u00e9cimo centenario de la Congregaci\u00f3n que acaba de celebrar sus 100 a\u00f1os en \u201cLa Prairie\u201d, rodeado de numerosos \u00abadmiradores\u00bb. Porque cumplir 100 a\u00f1os sigue siendo a\u00fan hoy d\u00eda, a pesar de todo, una haza\u00f1a.<\/p>\n<p>He aqu\u00ed lo que dec\u00eda el Hermano Mario, Provincial: \u00bb Est\u00e1 siempre muy entero, muy alerta, y es muy apreciado por las numerosas visitas y muestras de afecto que ha recibido a lo largo del d\u00eda. El martes, sus cohermanos de la Enfermer\u00eda han celebrado su haza\u00f1a y, el mi\u00e9rcoles, fue el turno \u00a0de la comunidad de la Casa Madre con invitados y miembros de su familia. \u00bb<\/p>\n<p>&nbsp;<\/p>\n<p><img fetchpriority=\"high\" decoding=\"async\" class=\"alignleft size-medium wp-image-8528\" src=\"http:\/\/www.lamennais.org\/wp-content\/uploads\/2016\/10\/DSC01061-300x225.jpg\" alt=\"dsc01061\" width=\"300\" height=\"225\" srcset=\"https:\/\/www.lamennais.org\/wp-content\/uploads\/2016\/10\/DSC01061-300x225.jpg 300w, https:\/\/www.lamennais.org\/wp-content\/uploads\/2016\/10\/DSC01061-768x576.jpg 768w, https:\/\/www.lamennais.org\/wp-content\/uploads\/2016\/10\/DSC01061-1024x768.jpg 1024w, https:\/\/www.lamennais.org\/wp-content\/uploads\/2016\/10\/DSC01061-260x195.jpg 260w\" sizes=\"(max-width: 300px) 100vw, 300px\" \/><\/p>\n<p>El Sr. Richard Myre, director del Colegio Jean de la Mennais de La Prairie, felicita al Jubilar.<\/p>\n<p><img decoding=\"async\" class=\"alignleft size-medium wp-image-8531\" src=\"http:\/\/www.lamennais.org\/wp-content\/uploads\/2016\/10\/DSC01080-300x225.jpg\" alt=\"dsc01080\" width=\"300\" height=\"225\" srcset=\"https:\/\/www.lamennais.org\/wp-content\/uploads\/2016\/10\/DSC01080-300x225.jpg 300w, https:\/\/www.lamennais.org\/wp-content\/uploads\/2016\/10\/DSC01080-768x576.jpg 768w, https:\/\/www.lamennais.org\/wp-content\/uploads\/2016\/10\/DSC01080-1024x768.jpg 1024w, https:\/\/www.lamennais.org\/wp-content\/uploads\/2016\/10\/DSC01080-260x195.jpg 260w\" sizes=\"(max-width: 300px) 100vw, 300px\" \/><\/p>\n<p>Bro. Mario Houle; Bro. Lortie; Bro. Herv\u00e9 Lacroix, Director of the Mother-House.<\/p>\n<p><img decoding=\"async\" class=\"alignleft wp-image-8534\" src=\"http:\/\/www.lamennais.org\/wp-content\/uploads\/2016\/10\/rencontre-du-Fr.-Lortie-avec-Mgr-Lionel-Gendron-ancien-\u00e9l\u00e8ve-de-l\u00e9cole-dirig\u00e9e-par-le-fr.-Lortie-1024x768.jpg\" alt=\"rencontre-du-fr-lortie-avec-mgr-lionel-gendron-ancien-eleve-de-lecole-dirigee-par-le-fr-lortie\" width=\"713\" height=\"535\" srcset=\"https:\/\/www.lamennais.org\/wp-content\/uploads\/2016\/10\/rencontre-du-Fr.-Lortie-avec-Mgr-Lionel-Gendron-ancien-\u00e9l\u00e8ve-de-l\u00e9cole-dirig\u00e9e-par-le-fr.-Lortie-1024x768.jpg 1024w, https:\/\/www.lamennais.org\/wp-content\/uploads\/2016\/10\/rencontre-du-Fr.-Lortie-avec-Mgr-Lionel-Gendron-ancien-\u00e9l\u00e8ve-de-l\u00e9cole-dirig\u00e9e-par-le-fr.-Lortie-300x225.jpg 300w, https:\/\/www.lamennais.org\/wp-content\/uploads\/2016\/10\/rencontre-du-Fr.-Lortie-avec-Mgr-Lionel-Gendron-ancien-\u00e9l\u00e8ve-de-l\u00e9cole-dirig\u00e9e-par-le-fr.-Lortie-768x576.jpg 768w, https:\/\/www.lamennais.org\/wp-content\/uploads\/2016\/10\/rencontre-du-Fr.-Lortie-avec-Mgr-Lionel-Gendron-ancien-\u00e9l\u00e8ve-de-l\u00e9cole-dirig\u00e9e-par-le-fr.-Lortie-260x195.jpg 260w\" sizes=\"(max-width: 713px) 100vw, 713px\" \/><\/p>\n<p>&nbsp;<\/p>\n<p>&nbsp;<\/p>\n<p>&nbsp;<\/p>\n<p>&nbsp;<\/p>\n<p>Encuentro del Hno Raymond Lortie con Mons. Lionel Gendron, antiguo alumno del colegio que un d\u00eda dirigi\u00f3 el Hno. Raymond Lortie.<\/p>\n","protected":false},"excerpt":{"rendered":"<p>Es el d\u00e9cimo centenario de la Congregaci\u00f3n que acaba de celebrar sus 100 a\u00f1os en \u201cLa Prairie\u201d, rodeado de numerosos \u00abadmiradores\u00bb. Porque cumplir 100 a\u00f1os sigue siendo a\u00fan hoy d\u00eda, a pesar de todo, una haza\u00f1a. He aqu\u00ed lo que dec\u00eda el Hermano Mario, Provincial: \u00bb Est\u00e1 siempre muy entero, muy alerta, y es muy [&hellip;]<\/p>\n","protected":false},"author":3,"featured_media":8513,"comment_status":"closed","ping_status":"closed","sticky":false,"template":"","format":"standard","meta":{"footnotes":""},"categories":[206],"tags":[],"class_list":["post-8545","post","type-post","status-publish","format-standard","has-post-thumbnail","hentry","category-hermanos-es"],"yoast_head":"<!-- This site is optimized with the Yoast SEO plugin v27.4 - https:\/\/yoast.com\/product\/yoast-seo-wordpress\/ -->\n<title>Decano de la Congregaci\u00f3n. El Hermano Raymond LORTIE, canadiense, nuevo centenario. - LaMennais.org<\/title>\n<meta name=\"robots\" content=\"index, follow, max-snippet:-1, max-image-preview:large, max-video-preview:-1\" \/>\n<link rel=\"canonical\" href=\"https:\/\/www.lamennais.org\/decano-de-la-congregacion-el-hermano-raymond-lortie-canadiense-nuevo-centenario\/?lang=es\" \/>\n<meta property=\"og:locale\" content=\"es_ES\" \/>\n<meta property=\"og:type\" content=\"article\" \/>\n<meta property=\"og:title\" content=\"Decano de la Congregaci\u00f3n. El Hermano Raymond LORTIE, canadiense, nuevo centenario. - LaMennais.org\" \/>\n<meta property=\"og:description\" content=\"Es el d\u00e9cimo centenario de la Congregaci\u00f3n que acaba de celebrar sus 100 a\u00f1os en \u201cLa Prairie\u201d, rodeado de numerosos \u00abadmiradores\u00bb. Porque cumplir 100 a\u00f1os sigue siendo a\u00fan hoy d\u00eda, a pesar de todo, una haza\u00f1a. He aqu\u00ed lo que dec\u00eda el Hermano Mario, Provincial: \u00bb Est\u00e1 siempre muy entero, muy alerta, y es muy [&hellip;]\" \/>\n<meta property=\"og:url\" content=\"https:\/\/www.lamennais.org\/decano-de-la-congregacion-el-hermano-raymond-lortie-canadiense-nuevo-centenario\/?lang=es\" \/>\n<meta property=\"og:site_name\" content=\"LaMennais.org\" \/>\n<meta property=\"article:published_time\" content=\"2016-10-02T10:31:04+00:00\" \/>\n<meta property=\"article:modified_time\" content=\"2016-10-03T13:59:57+00:00\" \/>\n<meta property=\"og:image\" content=\"https:\/\/www.lamennais.org\/wp-content\/uploads\/2016\/09\/DSC01055-1.jpg\" \/>\n\t<meta property=\"og:image:width\" content=\"1919\" \/>\n\t<meta property=\"og:image:height\" content=\"700\" \/>\n\t<meta property=\"og:image:type\" content=\"image\/jpeg\" \/>\n<meta name=\"author\" content=\"Herv\u00e9 Asse\" \/>\n<meta name=\"twitter:card\" content=\"summary_large_image\" \/>\n<meta name=\"twitter:label1\" content=\"Escrito por\" \/>\n\t<meta name=\"twitter:data1\" content=\"Herv\u00e9 Asse\" \/>\n\t<meta name=\"twitter:label2\" content=\"Tiempo de lectura\" \/>\n\t<meta name=\"twitter:data2\" content=\"1 minuto\" \/>\n<script type=\"application\/ld+json\" class=\"yoast-schema-graph\">{\"@context\":\"https:\\\/\\\/schema.org\",\"@graph\":[{\"@type\":\"Article\",\"@id\":\"https:\\\/\\\/www.lamennais.org\\\/decano-de-la-congregacion-el-hermano-raymond-lortie-canadiense-nuevo-centenario\\\/?lang=es#article\",\"isPartOf\":{\"@id\":\"https:\\\/\\\/www.lamennais.org\\\/decano-de-la-congregacion-el-hermano-raymond-lortie-canadiense-nuevo-centenario\\\/?lang=es\"},\"author\":{\"name\":\"Herv\u00e9 Asse\",\"@id\":\"https:\\\/\\\/www.lamennais.org\\\/#\\\/schema\\\/person\\\/2a8d6e8a95babedd5ba1c43afd2e3844\"},\"headline\":\"Decano de la Congregaci\u00f3n. El Hermano Raymond LORTIE, canadiense, nuevo centenario.\",\"datePublished\":\"2016-10-02T10:31:04+00:00\",\"dateModified\":\"2016-10-03T13:59:57+00:00\",\"mainEntityOfPage\":{\"@id\":\"https:\\\/\\\/www.lamennais.org\\\/decano-de-la-congregacion-el-hermano-raymond-lortie-canadiense-nuevo-centenario\\\/?lang=es\"},\"wordCount\":180,\"image\":{\"@id\":\"https:\\\/\\\/www.lamennais.org\\\/decano-de-la-congregacion-el-hermano-raymond-lortie-canadiense-nuevo-centenario\\\/?lang=es#primaryimage\"},\"thumbnailUrl\":\"https:\\\/\\\/www.lamennais.org\\\/wp-content\\\/uploads\\\/2016\\\/09\\\/DSC01055-1.jpg\",\"articleSection\":[\"Hermanos\"],\"inLanguage\":\"es\"},{\"@type\":\"WebPage\",\"@id\":\"https:\\\/\\\/www.lamennais.org\\\/decano-de-la-congregacion-el-hermano-raymond-lortie-canadiense-nuevo-centenario\\\/?lang=es\",\"url\":\"https:\\\/\\\/www.lamennais.org\\\/decano-de-la-congregacion-el-hermano-raymond-lortie-canadiense-nuevo-centenario\\\/?lang=es\",\"name\":\"Decano de la Congregaci\u00f3n. El Hermano Raymond LORTIE, canadiense, nuevo centenario. - LaMennais.org\",\"isPartOf\":{\"@id\":\"https:\\\/\\\/www.lamennais.org\\\/#website\"},\"primaryImageOfPage\":{\"@id\":\"https:\\\/\\\/www.lamennais.org\\\/decano-de-la-congregacion-el-hermano-raymond-lortie-canadiense-nuevo-centenario\\\/?lang=es#primaryimage\"},\"image\":{\"@id\":\"https:\\\/\\\/www.lamennais.org\\\/decano-de-la-congregacion-el-hermano-raymond-lortie-canadiense-nuevo-centenario\\\/?lang=es#primaryimage\"},\"thumbnailUrl\":\"https:\\\/\\\/www.lamennais.org\\\/wp-content\\\/uploads\\\/2016\\\/09\\\/DSC01055-1.jpg\",\"datePublished\":\"2016-10-02T10:31:04+00:00\",\"dateModified\":\"2016-10-03T13:59:57+00:00\",\"author\":{\"@id\":\"https:\\\/\\\/www.lamennais.org\\\/#\\\/schema\\\/person\\\/2a8d6e8a95babedd5ba1c43afd2e3844\"},\"breadcrumb\":{\"@id\":\"https:\\\/\\\/www.lamennais.org\\\/decano-de-la-congregacion-el-hermano-raymond-lortie-canadiense-nuevo-centenario\\\/?lang=es#breadcrumb\"},\"inLanguage\":\"es\",\"potentialAction\":[{\"@type\":\"ReadAction\",\"target\":[\"https:\\\/\\\/www.lamennais.org\\\/decano-de-la-congregacion-el-hermano-raymond-lortie-canadiense-nuevo-centenario\\\/?lang=es\"]}]},{\"@type\":\"ImageObject\",\"inLanguage\":\"es\",\"@id\":\"https:\\\/\\\/www.lamennais.org\\\/decano-de-la-congregacion-el-hermano-raymond-lortie-canadiense-nuevo-centenario\\\/?lang=es#primaryimage\",\"url\":\"https:\\\/\\\/www.lamennais.org\\\/wp-content\\\/uploads\\\/2016\\\/09\\\/DSC01055-1.jpg\",\"contentUrl\":\"https:\\\/\\\/www.lamennais.org\\\/wp-content\\\/uploads\\\/2016\\\/09\\\/DSC01055-1.jpg\",\"width\":1919,\"height\":700},{\"@type\":\"BreadcrumbList\",\"@id\":\"https:\\\/\\\/www.lamennais.org\\\/decano-de-la-congregacion-el-hermano-raymond-lortie-canadiense-nuevo-centenario\\\/?lang=es#breadcrumb\",\"itemListElement\":[{\"@type\":\"ListItem\",\"position\":1,\"name\":\"Accueil\",\"item\":\"https:\\\/\\\/www.lamennais.org\\\/\"},{\"@type\":\"ListItem\",\"position\":2,\"name\":\"Decano de la Congregaci\u00f3n. El Hermano Raymond LORTIE, canadiense, nuevo centenario.\"}]},{\"@type\":\"WebSite\",\"@id\":\"https:\\\/\\\/www.lamennais.org\\\/#website\",\"url\":\"https:\\\/\\\/www.lamennais.org\\\/\",\"name\":\"LaMennais.org\",\"description\":\"Fr\u00e8res de l&#039;Instruction Chr\u00e9tienne et Famille Mennaisienne\",\"potentialAction\":[{\"@type\":\"SearchAction\",\"target\":{\"@type\":\"EntryPoint\",\"urlTemplate\":\"https:\\\/\\\/www.lamennais.org\\\/?s={search_term_string}\"},\"query-input\":{\"@type\":\"PropertyValueSpecification\",\"valueRequired\":true,\"valueName\":\"search_term_string\"}}],\"inLanguage\":\"es\"},{\"@type\":\"Person\",\"@id\":\"https:\\\/\\\/www.lamennais.org\\\/#\\\/schema\\\/person\\\/2a8d6e8a95babedd5ba1c43afd2e3844\",\"name\":\"Herv\u00e9 Asse\",\"image\":{\"@type\":\"ImageObject\",\"inLanguage\":\"es\",\"@id\":\"https:\\\/\\\/secure.gravatar.com\\\/avatar\\\/1aaa7b1baf759c8b40525f40af381cbaa2b0ddd554f57145bceb0654ba45b4c0?s=96&d=mm&r=g\",\"url\":\"https:\\\/\\\/secure.gravatar.com\\\/avatar\\\/1aaa7b1baf759c8b40525f40af381cbaa2b0ddd554f57145bceb0654ba45b4c0?s=96&d=mm&r=g\",\"contentUrl\":\"https:\\\/\\\/secure.gravatar.com\\\/avatar\\\/1aaa7b1baf759c8b40525f40af381cbaa2b0ddd554f57145bceb0654ba45b4c0?s=96&d=mm&r=g\",\"caption\":\"Herv\u00e9 Asse\"}}]}<\/script>\n<!-- \/ Yoast SEO plugin. -->","yoast_head_json":{"title":"Decano de la Congregaci\u00f3n. El Hermano Raymond LORTIE, canadiense, nuevo centenario. - LaMennais.org","robots":{"index":"index","follow":"follow","max-snippet":"max-snippet:-1","max-image-preview":"max-image-preview:large","max-video-preview":"max-video-preview:-1"},"canonical":"https:\/\/www.lamennais.org\/decano-de-la-congregacion-el-hermano-raymond-lortie-canadiense-nuevo-centenario\/?lang=es","og_locale":"es_ES","og_type":"article","og_title":"Decano de la Congregaci\u00f3n. El Hermano Raymond LORTIE, canadiense, nuevo centenario. - LaMennais.org","og_description":"Es el d\u00e9cimo centenario de la Congregaci\u00f3n que acaba de celebrar sus 100 a\u00f1os en \u201cLa Prairie\u201d, rodeado de numerosos \u00abadmiradores\u00bb. Porque cumplir 100 a\u00f1os sigue siendo a\u00fan hoy d\u00eda, a pesar de todo, una haza\u00f1a. He aqu\u00ed lo que dec\u00eda el Hermano Mario, Provincial: \u00bb Est\u00e1 siempre muy entero, muy alerta, y es muy [&hellip;]","og_url":"https:\/\/www.lamennais.org\/decano-de-la-congregacion-el-hermano-raymond-lortie-canadiense-nuevo-centenario\/?lang=es","og_site_name":"LaMennais.org","article_published_time":"2016-10-02T10:31:04+00:00","article_modified_time":"2016-10-03T13:59:57+00:00","og_image":[{"width":1919,"height":700,"url":"https:\/\/www.lamennais.org\/wp-content\/uploads\/2016\/09\/DSC01055-1.jpg","type":"image\/jpeg"}],"author":"Herv\u00e9 Asse","twitter_card":"summary_large_image","twitter_misc":{"Escrito por":"Herv\u00e9 Asse","Tiempo de lectura":"1 minuto"},"schema":{"@context":"https:\/\/schema.org","@graph":[{"@type":"Article","@id":"https:\/\/www.lamennais.org\/decano-de-la-congregacion-el-hermano-raymond-lortie-canadiense-nuevo-centenario\/?lang=es#article","isPartOf":{"@id":"https:\/\/www.lamennais.org\/decano-de-la-congregacion-el-hermano-raymond-lortie-canadiense-nuevo-centenario\/?lang=es"},"author":{"name":"Herv\u00e9 Asse","@id":"https:\/\/www.lamennais.org\/#\/schema\/person\/2a8d6e8a95babedd5ba1c43afd2e3844"},"headline":"Decano de la Congregaci\u00f3n. El Hermano Raymond LORTIE, canadiense, nuevo centenario.","datePublished":"2016-10-02T10:31:04+00:00","dateModified":"2016-10-03T13:59:57+00:00","mainEntityOfPage":{"@id":"https:\/\/www.lamennais.org\/decano-de-la-congregacion-el-hermano-raymond-lortie-canadiense-nuevo-centenario\/?lang=es"},"wordCount":180,"image":{"@id":"https:\/\/www.lamennais.org\/decano-de-la-congregacion-el-hermano-raymond-lortie-canadiense-nuevo-centenario\/?lang=es#primaryimage"},"thumbnailUrl":"https:\/\/www.lamennais.org\/wp-content\/uploads\/2016\/09\/DSC01055-1.jpg","articleSection":["Hermanos"],"inLanguage":"es"},{"@type":"WebPage","@id":"https:\/\/www.lamennais.org\/decano-de-la-congregacion-el-hermano-raymond-lortie-canadiense-nuevo-centenario\/?lang=es","url":"https:\/\/www.lamennais.org\/decano-de-la-congregacion-el-hermano-raymond-lortie-canadiense-nuevo-centenario\/?lang=es","name":"Decano de la Congregaci\u00f3n. El Hermano Raymond LORTIE, canadiense, nuevo centenario. - LaMennais.org","isPartOf":{"@id":"https:\/\/www.lamennais.org\/#website"},"primaryImageOfPage":{"@id":"https:\/\/www.lamennais.org\/decano-de-la-congregacion-el-hermano-raymond-lortie-canadiense-nuevo-centenario\/?lang=es#primaryimage"},"image":{"@id":"https:\/\/www.lamennais.org\/decano-de-la-congregacion-el-hermano-raymond-lortie-canadiense-nuevo-centenario\/?lang=es#primaryimage"},"thumbnailUrl":"https:\/\/www.lamennais.org\/wp-content\/uploads\/2016\/09\/DSC01055-1.jpg","datePublished":"2016-10-02T10:31:04+00:00","dateModified":"2016-10-03T13:59:57+00:00","author":{"@id":"https:\/\/www.lamennais.org\/#\/schema\/person\/2a8d6e8a95babedd5ba1c43afd2e3844"},"breadcrumb":{"@id":"https:\/\/www.lamennais.org\/decano-de-la-congregacion-el-hermano-raymond-lortie-canadiense-nuevo-centenario\/?lang=es#breadcrumb"},"inLanguage":"es","potentialAction":[{"@type":"ReadAction","target":["https:\/\/www.lamennais.org\/decano-de-la-congregacion-el-hermano-raymond-lortie-canadiense-nuevo-centenario\/?lang=es"]}]},{"@type":"ImageObject","inLanguage":"es","@id":"https:\/\/www.lamennais.org\/decano-de-la-congregacion-el-hermano-raymond-lortie-canadiense-nuevo-centenario\/?lang=es#primaryimage","url":"https:\/\/www.lamennais.org\/wp-content\/uploads\/2016\/09\/DSC01055-1.jpg","contentUrl":"https:\/\/www.lamennais.org\/wp-content\/uploads\/2016\/09\/DSC01055-1.jpg","width":1919,"height":700},{"@type":"BreadcrumbList","@id":"https:\/\/www.lamennais.org\/decano-de-la-congregacion-el-hermano-raymond-lortie-canadiense-nuevo-centenario\/?lang=es#breadcrumb","itemListElement":[{"@type":"ListItem","position":1,"name":"Accueil","item":"https:\/\/www.lamennais.org\/"},{"@type":"ListItem","position":2,"name":"Decano de la Congregaci\u00f3n. El Hermano Raymond LORTIE, canadiense, nuevo centenario."}]},{"@type":"WebSite","@id":"https:\/\/www.lamennais.org\/#website","url":"https:\/\/www.lamennais.org\/","name":"LaMennais.org","description":"Fr\u00e8res de l&#039;Instruction Chr\u00e9tienne et Famille Mennaisienne","potentialAction":[{"@type":"SearchAction","target":{"@type":"EntryPoint","urlTemplate":"https:\/\/www.lamennais.org\/?s={search_term_string}"},"query-input":{"@type":"PropertyValueSpecification","valueRequired":true,"valueName":"search_term_string"}}],"inLanguage":"es"},{"@type":"Person","@id":"https:\/\/www.lamennais.org\/#\/schema\/person\/2a8d6e8a95babedd5ba1c43afd2e3844","name":"Herv\u00e9 Asse","image":{"@type":"ImageObject","inLanguage":"es","@id":"https:\/\/secure.gravatar.com\/avatar\/1aaa7b1baf759c8b40525f40af381cbaa2b0ddd554f57145bceb0654ba45b4c0?s=96&d=mm&r=g","url":"https:\/\/secure.gravatar.com\/avatar\/1aaa7b1baf759c8b40525f40af381cbaa2b0ddd554f57145bceb0654ba45b4c0?s=96&d=mm&r=g","contentUrl":"https:\/\/secure.gravatar.com\/avatar\/1aaa7b1baf759c8b40525f40af381cbaa2b0ddd554f57145bceb0654ba45b4c0?s=96&d=mm&r=g","caption":"Herv\u00e9 Asse"}}]}},"_links":{"self":[{"href":"https:\/\/www.lamennais.org\/es\/wp-json\/wp\/v2\/posts\/8545","targetHints":{"allow":["GET"]}}],"collection":[{"href":"https:\/\/www.lamennais.org\/es\/wp-json\/wp\/v2\/posts"}],"about":[{"href":"https:\/\/www.lamennais.org\/es\/wp-json\/wp\/v2\/types\/post"}],"author":[{"embeddable":true,"href":"https:\/\/www.lamennais.org\/es\/wp-json\/wp\/v2\/users\/3"}],"replies":[{"embeddable":true,"href":"https:\/\/www.lamennais.org\/es\/wp-json\/wp\/v2\/comments?post=8545"}],"version-history":[{"count":2,"href":"https:\/\/www.lamennais.org\/es\/wp-json\/wp\/v2\/posts\/8545\/revisions"}],"predecessor-version":[{"id":8560,"href":"https:\/\/www.lamennais.org\/es\/wp-json\/wp\/v2\/posts\/8545\/revisions\/8560"}],"wp:featuredmedia":[{"embeddable":true,"href":"https:\/\/www.lamennais.org\/es\/wp-json\/wp\/v2\/media\/8513"}],"wp:attachment":[{"href":"https:\/\/www.lamennais.org\/es\/wp-json\/wp\/v2\/media?parent=8545"}],"wp:term":[{"taxonomy":"category","embeddable":true,"href":"https:\/\/www.lamennais.org\/es\/wp-json\/wp\/v2\/categories?post=8545"},{"taxonomy":"post_tag","embeddable":true,"href":"https:\/\/www.lamennais.org\/es\/wp-json\/wp\/v2\/tags?post=8545"}],"curies":[{"name":"wp","href":"https:\/\/api.w.org\/{rel}","templated":true}]}}