{"id":6312,"date":"2016-04-25T17:14:12","date_gmt":"2016-04-25T15:14:12","guid":{"rendered":"http:\/\/www.lamennais.org\/?p=6312&#038;lang=es"},"modified":"2016-09-16T16:02:48","modified_gmt":"2016-09-16T14:02:48","slug":"5-lugares-en-los-pasos-de-juan-maria-de-la-mennais","status":"publish","type":"post","link":"https:\/\/www.lamennais.org\/es\/5-lugares-en-los-pasos-de-juan-maria-de-la-mennais\/","title":{"rendered":"5 lugares en los pasos de Juan Mar\u00eda de la Mennais"},"content":{"rendered":"<p><strong>Saint-Malo y\u00a0la Chesnaie <\/strong><\/p>\n<p><img fetchpriority=\"high\" decoding=\"async\" class=\"size-medium wp-image-1311 alignright\" src=\"http:\/\/www.lamennais.org\/wp-content\/uploads\/2016\/04\/Photo-5-lieux-B-300x225.jpg\" alt=\"\" width=\"300\" height=\"225\" srcset=\"https:\/\/www.lamennais.org\/wp-content\/uploads\/2016\/04\/Photo-5-lieux-B-300x225.jpg 300w, https:\/\/www.lamennais.org\/wp-content\/uploads\/2016\/04\/Photo-5-lieux-B-768x577.jpg 768w, https:\/\/www.lamennais.org\/wp-content\/uploads\/2016\/04\/Photo-5-lieux-B-1024x769.jpg 1024w, https:\/\/www.lamennais.org\/wp-content\/uploads\/2016\/04\/Photo-5-lieux-B-260x195.jpg 260w, https:\/\/www.lamennais.org\/wp-content\/uploads\/2016\/04\/Photo-5-lieux-B.jpg 2046w\" sizes=\"(max-width: 300px) 100vw, 300px\" \/>Juan Mar\u00eda de la Mennais naci\u00f3 el 8 de septiembre de 1780 en Saint Malo, donde su padre era armador. En varias ocasiones, cuando<br \/>\nescaseaban los alimentos, \u00e9l enviaba sus barcos para satisfacer las necesidades de la regi\u00f3n maluina, vendiendo por debajo de su precio normal el trigo, el lino y el c\u00e1\u00f1amo.<\/p>\n<p>La infancia de Juan Mar\u00eda est\u00e1 marcada por la Revoluci\u00f3n francesa. Cuando era adolescente, en los a\u00f1os del Terror, daba pruebas a menudo de audacia y generosidad ayudando a los sacerdotes perseguidos. Estudiaba solo, aprovech\u00e1ndose de la vasta cultura de su t\u00edo, y profundizando en su fe gracias al acompa\u00f1amiento espiritual de los sacerdotes Engerran y Vielle.<\/p>\n<p>Fue ordenado sacerdote el 25 de febrero de 1804 en Rennes. Durante varios a\u00f1os fue a la vez Vicario de la Catedral y Profesor del seminario en Saint-Malo.<\/p>\n<p>Agotado, tuvo que descansar. Con su hermano Feli, aprovecha la oportunidad para completar su formaci\u00f3n personal : en la casa de campo de la Chesnaie, estudia Filosof\u00eda, lenguas cl\u00e1sicas y \u00a0Patr\u00edstica \u2026 Juntos, publican dos obras que llamaron la atenci\u00f3n : \u00ab Reflexiones sobre el <img decoding=\"async\" class=\"size-medium wp-image-1309 alignleft\" src=\"http:\/\/www.lamennais.org\/wp-content\/uploads\/2016\/04\/Photo-5-lieux-A-300x225.jpg\" alt=\"\" width=\"300\" height=\"225\" srcset=\"https:\/\/www.lamennais.org\/wp-content\/uploads\/2016\/04\/Photo-5-lieux-A-300x225.jpg 300w, https:\/\/www.lamennais.org\/wp-content\/uploads\/2016\/04\/Photo-5-lieux-A-768x576.jpg 768w, https:\/\/www.lamennais.org\/wp-content\/uploads\/2016\/04\/Photo-5-lieux-A-1024x768.jpg 1024w, https:\/\/www.lamennais.org\/wp-content\/uploads\/2016\/04\/Photo-5-lieux-A-260x195.jpg 260w\" sizes=\"(max-width: 300px) 100vw, 300px\" \/>estado de la Iglesia en Francia \u00bb y \u00ab Tradici\u00f3n de la Iglesia sobre la Instituci\u00f3n de los obispos \u00bb.<\/p>\n<p>Es en este periodo intelectual fecundo, donde brota un plan audaz para la renovaci\u00f3n de la fe en Francia, que inspirar\u00e1 sus grandes y futuras acciones.<\/p>\n<p>Vuelve a su servicio sacerdotal en Saint-Malo. Pero, en 1813, por orden de Napole\u00f3n, el seminario se cierra ; la empresa familiar, arruinada por el bloqueo continental, se declara en quiebra. El Padre Juan se ocupa de la liquidaci\u00f3n de los bienes y se siente libre : Acepta el ofrecimiento del Obispo de Saint-Brieuc que le llama para ser su secretario.<\/p>\n<p><strong>Saint-Brieuc y\u00a0Paris <\/strong><\/p>\n<p>A principios de 1815, muere repentinamente el obispo de Saint-Brieuc. A sus 35 a\u00f1os, Juan Mar\u00eda de la Mennais se coloca a la cabeza de la <img decoding=\"async\" class=\"wp-image-8336 alignright\" src=\"http:\/\/www.lamennais.org\/wp-content\/uploads\/2016\/04\/20140726_144508-1024x768.jpg\" alt=\"20140726_144508\" width=\"354\" height=\"265\" srcset=\"https:\/\/www.lamennais.org\/wp-content\/uploads\/2016\/04\/20140726_144508.jpg 1024w, https:\/\/www.lamennais.org\/wp-content\/uploads\/2016\/04\/20140726_144508-300x225.jpg 300w, https:\/\/www.lamennais.org\/wp-content\/uploads\/2016\/04\/20140726_144508-768x576.jpg 768w, https:\/\/www.lamennais.org\/wp-content\/uploads\/2016\/04\/20140726_144508-260x195.jpg 260w\" sizes=\"(max-width: 354px) 100vw, 354px\" \/>di\u00f3cesis por un periodo de cinco a\u00f1os. Bajo su impulso, renace la vida cristiana : organiza retiros para los sacerdotes, activa las misiones populares, apoya la vida mon\u00e1stica y reforma los seminarios. Pero lo que m\u00e1s le preocupa es la juventud: en Saint-Brieuc, es testigo directo de la delincuencia ; est\u00e1 convencido de que la educaci\u00f3n debe ser una prioridad para su tiempo.<\/p>\n<p>En 1819, comienza a reunir algunos j\u00f3venes para formarles y hacerles maestros. Tres a\u00f1os antes, en Auray, el Padre Gabriel Deshayes se le ha anticipado en un proyecto id\u00e9ntico. El 6 de junio de 1819, firman un pacto de uni\u00f3n : es el origen del Instituto de los Hermanos de la Instrucci\u00f3n Cristiana.<\/p>\n<p>En noviembre de 1819, se nombra un nuevo obispo en Saint-Brieuc ; Juan Mar\u00eda de la Mennais facilita las cosas aceptando la funci\u00f3n de Vicario general de la Gran Capellan\u00eda de Par\u00eds, donde participa durante dos a\u00f1os en el nombramiento de los obispos de Francia y de los capellanes castrenses.<\/p>\n<p><strong>Plo\u00ebrmel<br \/>\n<\/strong><br \/>\nEl 16 de noviembre de 1824, Juan Mar\u00eda de la Mennais se instala en Plo\u00ebrmel en el antiguo Convento de las Ursulinas, que se convertir\u00e1 con el tiempo en el centro de la Congregaci\u00f3n.<\/p>\n<p>En coches de aquella \u00e9poca, recorre incansablemente la Breta\u00f1a creando nuevas escuelas, seg\u00fan las solicitudes de sacerdotes y alcaldes. Cuando regresa a Plo\u00ebrmel, abre el gran n\u00famero de cartas que le esperan. Da consejos a sus Hermanos, aclara su concepto de educaci\u00f3n, <img loading=\"lazy\" decoding=\"async\" class=\"size-medium wp-image-1312 alignleft\" src=\"http:\/\/www.lamennais.org\/wp-content\/uploads\/2016\/04\/Photo-5-lieux-C-300x225.jpg\" alt=\"\" width=\"300\" height=\"225\" srcset=\"https:\/\/www.lamennais.org\/wp-content\/uploads\/2016\/04\/Photo-5-lieux-C-300x225.jpg 300w, https:\/\/www.lamennais.org\/wp-content\/uploads\/2016\/04\/Photo-5-lieux-C-768x576.jpg 768w, https:\/\/www.lamennais.org\/wp-content\/uploads\/2016\/04\/Photo-5-lieux-C-1024x768.jpg 1024w, https:\/\/www.lamennais.org\/wp-content\/uploads\/2016\/04\/Photo-5-lieux-C-260x195.jpg 260w\" sizes=\"(max-width: 300px) 100vw, 300px\" \/>importuna a los Gobernadores reclamando justicia o pidiendo subvenciones, escribe a los Ministros para pedir la libertad que las nuevas reglamentaciones erosionan constantemente. Es consultado por el Conde de Falloux antes de la promulgaci\u00f3n de la ley de 1850.<\/p>\n<p>En 1836, el gobierno le pide ayuda para preparar la emancipaci\u00f3n de los esclavos. Por eso,<br \/>\nalgunos Hermanos se embarcan hacia la Martinica, la Guadalupe, el Senegal, San Pedro y Miquel\u00f3n y la Guayana francesa.<\/p>\n<p>Moderniza la ense\u00f1anza agr\u00edcola, la n\u00e1utica o la industrial. Populariza la ense\u00f1anza primaria en Breta\u00f1a. Al final de su vida, el Instituto cuenta con 852 Hermanos y 349 escuelas.<\/p>\n<p>El 3 septiembre de 1859, tres Hermanos salen de Plo\u00ebrmel hacia la Polinesia francesa. Desembarcan en Tahit\u00ed el 17 de octubre de 1860 despu\u00e9s de trece meses de viaje. \u00c9ste fue el \u00faltimo env\u00edo de misioneros de Juan Mar\u00eda de la Mennais, que muri\u00f3 el 26 de diciembre de 1860.<\/p>\n","protected":false},"excerpt":{"rendered":"<p>Saint-Malo y\u00a0la Chesnaie Juan Mar\u00eda de la Mennais naci\u00f3 el 8 de septiembre de 1780 en Saint Malo, donde su padre era armador. En varias ocasiones, cuando escaseaban los alimentos, \u00e9l enviaba sus barcos para satisfacer las necesidades de la regi\u00f3n maluina, vendiendo por debajo de su precio normal el trigo, el lino y el [&hellip;]<\/p>\n","protected":false},"author":1,"featured_media":0,"comment_status":"closed","ping_status":"closed","sticky":false,"template":"","format":"standard","meta":{"footnotes":""},"categories":[204],"tags":[],"class_list":["post-6312","post","type-post","status-publish","format-standard","hentry","category-fundadores"],"yoast_head":"<!-- This site is optimized with the Yoast SEO plugin v27.4 - https:\/\/yoast.com\/product\/yoast-seo-wordpress\/ -->\n<title>5 lugares en los pasos de Juan Mar\u00eda de la Mennais - LaMennais.org<\/title>\n<meta name=\"robots\" content=\"index, follow, max-snippet:-1, max-image-preview:large, max-video-preview:-1\" \/>\n<link rel=\"canonical\" href=\"https:\/\/www.lamennais.org\/5-lugares-en-los-pasos-de-juan-maria-de-la-mennais\/?lang=es\" \/>\n<meta property=\"og:locale\" content=\"es_ES\" \/>\n<meta property=\"og:type\" content=\"article\" \/>\n<meta property=\"og:title\" content=\"5 lugares en los pasos de Juan Mar\u00eda de la Mennais - LaMennais.org\" \/>\n<meta property=\"og:description\" content=\"Saint-Malo y\u00a0la Chesnaie Juan Mar\u00eda de la Mennais naci\u00f3 el 8 de septiembre de 1780 en Saint Malo, donde su padre era armador. En varias ocasiones, cuando escaseaban los alimentos, \u00e9l enviaba sus barcos para satisfacer las necesidades de la regi\u00f3n maluina, vendiendo por debajo de su precio normal el trigo, el lino y el [&hellip;]\" \/>\n<meta property=\"og:url\" content=\"https:\/\/www.lamennais.org\/5-lugares-en-los-pasos-de-juan-maria-de-la-mennais\/?lang=es\" \/>\n<meta property=\"og:site_name\" content=\"LaMennais.org\" \/>\n<meta property=\"article:published_time\" content=\"2016-04-25T15:14:12+00:00\" \/>\n<meta property=\"article:modified_time\" content=\"2016-09-16T14:02:48+00:00\" \/>\n<meta property=\"og:image\" content=\"http:\/\/www.lamennais.org\/wp-content\/uploads\/2016\/04\/Photo-5-lieux-B-300x225.jpg\" \/>\n<meta name=\"author\" content=\"admon\" \/>\n<meta name=\"twitter:card\" content=\"summary_large_image\" \/>\n<meta name=\"twitter:label1\" content=\"Escrito por\" \/>\n\t<meta name=\"twitter:data1\" content=\"admon\" \/>\n\t<meta name=\"twitter:label2\" content=\"Tiempo de lectura\" \/>\n\t<meta name=\"twitter:data2\" content=\"4 minutos\" \/>\n<script type=\"application\/ld+json\" class=\"yoast-schema-graph\">{\"@context\":\"https:\\\/\\\/schema.org\",\"@graph\":[{\"@type\":\"Article\",\"@id\":\"https:\\\/\\\/www.lamennais.org\\\/5-lugares-en-los-pasos-de-juan-maria-de-la-mennais\\\/?lang=es#article\",\"isPartOf\":{\"@id\":\"https:\\\/\\\/www.lamennais.org\\\/5-lugares-en-los-pasos-de-juan-maria-de-la-mennais\\\/?lang=es\"},\"author\":{\"name\":\"admon\",\"@id\":\"https:\\\/\\\/www.lamennais.org\\\/#\\\/schema\\\/person\\\/a0284cbd3544e52f538d69e4acf1e58a\"},\"headline\":\"5 lugares en los pasos de Juan Mar\u00eda de la Mennais\",\"datePublished\":\"2016-04-25T15:14:12+00:00\",\"dateModified\":\"2016-09-16T14:02:48+00:00\",\"mainEntityOfPage\":{\"@id\":\"https:\\\/\\\/www.lamennais.org\\\/5-lugares-en-los-pasos-de-juan-maria-de-la-mennais\\\/?lang=es\"},\"wordCount\":752,\"image\":{\"@id\":\"https:\\\/\\\/www.lamennais.org\\\/5-lugares-en-los-pasos-de-juan-maria-de-la-mennais\\\/?lang=es#primaryimage\"},\"thumbnailUrl\":\"http:\\\/\\\/www.lamennais.org\\\/wp-content\\\/uploads\\\/2016\\\/04\\\/Photo-5-lieux-B-300x225.jpg\",\"articleSection\":[\"Fundadores\"],\"inLanguage\":\"es\"},{\"@type\":\"WebPage\",\"@id\":\"https:\\\/\\\/www.lamennais.org\\\/5-lugares-en-los-pasos-de-juan-maria-de-la-mennais\\\/?lang=es\",\"url\":\"https:\\\/\\\/www.lamennais.org\\\/5-lugares-en-los-pasos-de-juan-maria-de-la-mennais\\\/?lang=es\",\"name\":\"5 lugares en los pasos de Juan Mar\u00eda de la Mennais - LaMennais.org\",\"isPartOf\":{\"@id\":\"https:\\\/\\\/www.lamennais.org\\\/#website\"},\"primaryImageOfPage\":{\"@id\":\"https:\\\/\\\/www.lamennais.org\\\/5-lugares-en-los-pasos-de-juan-maria-de-la-mennais\\\/?lang=es#primaryimage\"},\"image\":{\"@id\":\"https:\\\/\\\/www.lamennais.org\\\/5-lugares-en-los-pasos-de-juan-maria-de-la-mennais\\\/?lang=es#primaryimage\"},\"thumbnailUrl\":\"http:\\\/\\\/www.lamennais.org\\\/wp-content\\\/uploads\\\/2016\\\/04\\\/Photo-5-lieux-B-300x225.jpg\",\"datePublished\":\"2016-04-25T15:14:12+00:00\",\"dateModified\":\"2016-09-16T14:02:48+00:00\",\"author\":{\"@id\":\"https:\\\/\\\/www.lamennais.org\\\/#\\\/schema\\\/person\\\/a0284cbd3544e52f538d69e4acf1e58a\"},\"breadcrumb\":{\"@id\":\"https:\\\/\\\/www.lamennais.org\\\/5-lugares-en-los-pasos-de-juan-maria-de-la-mennais\\\/?lang=es#breadcrumb\"},\"inLanguage\":\"es\",\"potentialAction\":[{\"@type\":\"ReadAction\",\"target\":[\"https:\\\/\\\/www.lamennais.org\\\/5-lugares-en-los-pasos-de-juan-maria-de-la-mennais\\\/?lang=es\"]}]},{\"@type\":\"ImageObject\",\"inLanguage\":\"es\",\"@id\":\"https:\\\/\\\/www.lamennais.org\\\/5-lugares-en-los-pasos-de-juan-maria-de-la-mennais\\\/?lang=es#primaryimage\",\"url\":\"http:\\\/\\\/www.lamennais.org\\\/wp-content\\\/uploads\\\/2016\\\/04\\\/Photo-5-lieux-B-300x225.jpg\",\"contentUrl\":\"http:\\\/\\\/www.lamennais.org\\\/wp-content\\\/uploads\\\/2016\\\/04\\\/Photo-5-lieux-B-300x225.jpg\"},{\"@type\":\"BreadcrumbList\",\"@id\":\"https:\\\/\\\/www.lamennais.org\\\/5-lugares-en-los-pasos-de-juan-maria-de-la-mennais\\\/?lang=es#breadcrumb\",\"itemListElement\":[{\"@type\":\"ListItem\",\"position\":1,\"name\":\"Accueil\",\"item\":\"https:\\\/\\\/www.lamennais.org\\\/\"},{\"@type\":\"ListItem\",\"position\":2,\"name\":\"5 lugares en los pasos de Juan Mar\u00eda de la Mennais\"}]},{\"@type\":\"WebSite\",\"@id\":\"https:\\\/\\\/www.lamennais.org\\\/#website\",\"url\":\"https:\\\/\\\/www.lamennais.org\\\/\",\"name\":\"LaMennais.org\",\"description\":\"Fr\u00e8res de l&#039;Instruction Chr\u00e9tienne et Famille Mennaisienne\",\"potentialAction\":[{\"@type\":\"SearchAction\",\"target\":{\"@type\":\"EntryPoint\",\"urlTemplate\":\"https:\\\/\\\/www.lamennais.org\\\/?s={search_term_string}\"},\"query-input\":{\"@type\":\"PropertyValueSpecification\",\"valueRequired\":true,\"valueName\":\"search_term_string\"}}],\"inLanguage\":\"es\"},{\"@type\":\"Person\",\"@id\":\"https:\\\/\\\/www.lamennais.org\\\/#\\\/schema\\\/person\\\/a0284cbd3544e52f538d69e4acf1e58a\",\"name\":\"admon\",\"image\":{\"@type\":\"ImageObject\",\"inLanguage\":\"es\",\"@id\":\"https:\\\/\\\/secure.gravatar.com\\\/avatar\\\/e69e6842b80ff10350a4c83f8c2e6ed6596fd887741cad3e5032828126fba0f2?s=96&d=mm&r=g\",\"url\":\"https:\\\/\\\/secure.gravatar.com\\\/avatar\\\/e69e6842b80ff10350a4c83f8c2e6ed6596fd887741cad3e5032828126fba0f2?s=96&d=mm&r=g\",\"contentUrl\":\"https:\\\/\\\/secure.gravatar.com\\\/avatar\\\/e69e6842b80ff10350a4c83f8c2e6ed6596fd887741cad3e5032828126fba0f2?s=96&d=mm&r=g\",\"caption\":\"admon\"}}]}<\/script>\n<!-- \/ Yoast SEO plugin. -->","yoast_head_json":{"title":"5 lugares en los pasos de Juan Mar\u00eda de la Mennais - LaMennais.org","robots":{"index":"index","follow":"follow","max-snippet":"max-snippet:-1","max-image-preview":"max-image-preview:large","max-video-preview":"max-video-preview:-1"},"canonical":"https:\/\/www.lamennais.org\/5-lugares-en-los-pasos-de-juan-maria-de-la-mennais\/?lang=es","og_locale":"es_ES","og_type":"article","og_title":"5 lugares en los pasos de Juan Mar\u00eda de la Mennais - LaMennais.org","og_description":"Saint-Malo y\u00a0la Chesnaie Juan Mar\u00eda de la Mennais naci\u00f3 el 8 de septiembre de 1780 en Saint Malo, donde su padre era armador. En varias ocasiones, cuando escaseaban los alimentos, \u00e9l enviaba sus barcos para satisfacer las necesidades de la regi\u00f3n maluina, vendiendo por debajo de su precio normal el trigo, el lino y el [&hellip;]","og_url":"https:\/\/www.lamennais.org\/5-lugares-en-los-pasos-de-juan-maria-de-la-mennais\/?lang=es","og_site_name":"LaMennais.org","article_published_time":"2016-04-25T15:14:12+00:00","article_modified_time":"2016-09-16T14:02:48+00:00","og_image":[{"url":"http:\/\/www.lamennais.org\/wp-content\/uploads\/2016\/04\/Photo-5-lieux-B-300x225.jpg","type":"","width":"","height":""}],"author":"admon","twitter_card":"summary_large_image","twitter_misc":{"Escrito por":"admon","Tiempo de lectura":"4 minutos"},"schema":{"@context":"https:\/\/schema.org","@graph":[{"@type":"Article","@id":"https:\/\/www.lamennais.org\/5-lugares-en-los-pasos-de-juan-maria-de-la-mennais\/?lang=es#article","isPartOf":{"@id":"https:\/\/www.lamennais.org\/5-lugares-en-los-pasos-de-juan-maria-de-la-mennais\/?lang=es"},"author":{"name":"admon","@id":"https:\/\/www.lamennais.org\/#\/schema\/person\/a0284cbd3544e52f538d69e4acf1e58a"},"headline":"5 lugares en los pasos de Juan Mar\u00eda de la Mennais","datePublished":"2016-04-25T15:14:12+00:00","dateModified":"2016-09-16T14:02:48+00:00","mainEntityOfPage":{"@id":"https:\/\/www.lamennais.org\/5-lugares-en-los-pasos-de-juan-maria-de-la-mennais\/?lang=es"},"wordCount":752,"image":{"@id":"https:\/\/www.lamennais.org\/5-lugares-en-los-pasos-de-juan-maria-de-la-mennais\/?lang=es#primaryimage"},"thumbnailUrl":"http:\/\/www.lamennais.org\/wp-content\/uploads\/2016\/04\/Photo-5-lieux-B-300x225.jpg","articleSection":["Fundadores"],"inLanguage":"es"},{"@type":"WebPage","@id":"https:\/\/www.lamennais.org\/5-lugares-en-los-pasos-de-juan-maria-de-la-mennais\/?lang=es","url":"https:\/\/www.lamennais.org\/5-lugares-en-los-pasos-de-juan-maria-de-la-mennais\/?lang=es","name":"5 lugares en los pasos de Juan Mar\u00eda de la Mennais - LaMennais.org","isPartOf":{"@id":"https:\/\/www.lamennais.org\/#website"},"primaryImageOfPage":{"@id":"https:\/\/www.lamennais.org\/5-lugares-en-los-pasos-de-juan-maria-de-la-mennais\/?lang=es#primaryimage"},"image":{"@id":"https:\/\/www.lamennais.org\/5-lugares-en-los-pasos-de-juan-maria-de-la-mennais\/?lang=es#primaryimage"},"thumbnailUrl":"http:\/\/www.lamennais.org\/wp-content\/uploads\/2016\/04\/Photo-5-lieux-B-300x225.jpg","datePublished":"2016-04-25T15:14:12+00:00","dateModified":"2016-09-16T14:02:48+00:00","author":{"@id":"https:\/\/www.lamennais.org\/#\/schema\/person\/a0284cbd3544e52f538d69e4acf1e58a"},"breadcrumb":{"@id":"https:\/\/www.lamennais.org\/5-lugares-en-los-pasos-de-juan-maria-de-la-mennais\/?lang=es#breadcrumb"},"inLanguage":"es","potentialAction":[{"@type":"ReadAction","target":["https:\/\/www.lamennais.org\/5-lugares-en-los-pasos-de-juan-maria-de-la-mennais\/?lang=es"]}]},{"@type":"ImageObject","inLanguage":"es","@id":"https:\/\/www.lamennais.org\/5-lugares-en-los-pasos-de-juan-maria-de-la-mennais\/?lang=es#primaryimage","url":"http:\/\/www.lamennais.org\/wp-content\/uploads\/2016\/04\/Photo-5-lieux-B-300x225.jpg","contentUrl":"http:\/\/www.lamennais.org\/wp-content\/uploads\/2016\/04\/Photo-5-lieux-B-300x225.jpg"},{"@type":"BreadcrumbList","@id":"https:\/\/www.lamennais.org\/5-lugares-en-los-pasos-de-juan-maria-de-la-mennais\/?lang=es#breadcrumb","itemListElement":[{"@type":"ListItem","position":1,"name":"Accueil","item":"https:\/\/www.lamennais.org\/"},{"@type":"ListItem","position":2,"name":"5 lugares en los pasos de Juan Mar\u00eda de la Mennais"}]},{"@type":"WebSite","@id":"https:\/\/www.lamennais.org\/#website","url":"https:\/\/www.lamennais.org\/","name":"LaMennais.org","description":"Fr\u00e8res de l&#039;Instruction Chr\u00e9tienne et Famille Mennaisienne","potentialAction":[{"@type":"SearchAction","target":{"@type":"EntryPoint","urlTemplate":"https:\/\/www.lamennais.org\/?s={search_term_string}"},"query-input":{"@type":"PropertyValueSpecification","valueRequired":true,"valueName":"search_term_string"}}],"inLanguage":"es"},{"@type":"Person","@id":"https:\/\/www.lamennais.org\/#\/schema\/person\/a0284cbd3544e52f538d69e4acf1e58a","name":"admon","image":{"@type":"ImageObject","inLanguage":"es","@id":"https:\/\/secure.gravatar.com\/avatar\/e69e6842b80ff10350a4c83f8c2e6ed6596fd887741cad3e5032828126fba0f2?s=96&d=mm&r=g","url":"https:\/\/secure.gravatar.com\/avatar\/e69e6842b80ff10350a4c83f8c2e6ed6596fd887741cad3e5032828126fba0f2?s=96&d=mm&r=g","contentUrl":"https:\/\/secure.gravatar.com\/avatar\/e69e6842b80ff10350a4c83f8c2e6ed6596fd887741cad3e5032828126fba0f2?s=96&d=mm&r=g","caption":"admon"}}]}},"_links":{"self":[{"href":"https:\/\/www.lamennais.org\/es\/wp-json\/wp\/v2\/posts\/6312","targetHints":{"allow":["GET"]}}],"collection":[{"href":"https:\/\/www.lamennais.org\/es\/wp-json\/wp\/v2\/posts"}],"about":[{"href":"https:\/\/www.lamennais.org\/es\/wp-json\/wp\/v2\/types\/post"}],"author":[{"embeddable":true,"href":"https:\/\/www.lamennais.org\/es\/wp-json\/wp\/v2\/users\/1"}],"replies":[{"embeddable":true,"href":"https:\/\/www.lamennais.org\/es\/wp-json\/wp\/v2\/comments?post=6312"}],"version-history":[{"count":3,"href":"https:\/\/www.lamennais.org\/es\/wp-json\/wp\/v2\/posts\/6312\/revisions"}],"predecessor-version":[{"id":8341,"href":"https:\/\/www.lamennais.org\/es\/wp-json\/wp\/v2\/posts\/6312\/revisions\/8341"}],"wp:attachment":[{"href":"https:\/\/www.lamennais.org\/es\/wp-json\/wp\/v2\/media?parent=6312"}],"wp:term":[{"taxonomy":"category","embeddable":true,"href":"https:\/\/www.lamennais.org\/es\/wp-json\/wp\/v2\/categories?post=6312"},{"taxonomy":"post_tag","embeddable":true,"href":"https:\/\/www.lamennais.org\/es\/wp-json\/wp\/v2\/tags?post=6312"}],"curies":[{"name":"wp","href":"https:\/\/api.w.org\/{rel}","templated":true}]}}