{"id":6309,"date":"2016-07-02T19:34:05","date_gmt":"2016-07-02T17:34:05","guid":{"rendered":"http:\/\/www.lamennais.org\/?p=6309&#038;lang=es"},"modified":"2016-07-02T19:34:05","modified_gmt":"2016-07-02T17:34:05","slug":"tras-los-pasos-de-gabriel-deshayes","status":"publish","type":"post","link":"https:\/\/www.lamennais.org\/es\/tras-los-pasos-de-gabriel-deshayes\/","title":{"rendered":"Tras los pasos de Gabriel Deshayes"},"content":{"rendered":"<p><img fetchpriority=\"high\" decoding=\"async\" class=\"alignright size-medium wp-image-5944\" src=\"http:\/\/www.lamennais.org\/wp-content\/uploads\/2016\/04\/GD-200x300.jpg\" alt=\"GD\" width=\"200\" height=\"300\" srcset=\"https:\/\/www.lamennais.org\/wp-content\/uploads\/2016\/04\/GD-200x300.jpg 200w, https:\/\/www.lamennais.org\/wp-content\/uploads\/2016\/04\/GD-768x1151.jpg 768w, https:\/\/www.lamennais.org\/wp-content\/uploads\/2016\/04\/GD-683x1024.jpg 683w, https:\/\/www.lamennais.org\/wp-content\/uploads\/2016\/04\/GD-260x390.jpg 260w, https:\/\/www.lamennais.org\/wp-content\/uploads\/2016\/04\/GD.jpg 786w\" sizes=\"(max-width: 200px) 100vw, 200px\" \/><\/p>\n<p>Gabriel Deshayes nace el 6 de diciembre de 1767 en Beignon, un peque\u00f1o pueblo rural de Morbihan, en el borde del bosque de Paimpont.<br \/>\nCuando estalla la Revoluci\u00f3n francesa, todav\u00eda era seminarista, y es ordenado di\u00e1cono en septiembre de 1790. Para recibir el sacerdocio, tuvo que ir a Jersey, donde Mons. Le Mintier, obispo de Tr\u00e9guier en el exilio, le orden\u00f3 de sacerdote el 4 de marzo de 1792.<\/p>\n<p>Pod\u00eda haber esperado all\u00ed, pero eligi\u00f3 el riesgo y regres\u00f3 a Francia ocho d\u00edas despu\u00e9s de su ordenaci\u00f3n. Inicia su ministerio como sacerdote proscrito, expuesto a los mayores peligros. Se encuentra con algunos de sus compa\u00f1eros. Su lugar de reuni\u00f3n era la parroquia del Huerto. Con la mayor discreci\u00f3n recorren de noche los campos, re\u00fanen a los cristianos en sus desvanes o graneros para la celebraci\u00f3n de la Misa y los sacramentos.<\/p>\n<p>En este equipo dicen que Gabriel era el m\u00e1s joven y tambi\u00e9n el m\u00e1s intr\u00e9pido. Para enga\u00f1ar a los soldados de la Revoluci\u00f3n, se disfraza de molinero, de campesino que empu\u00f1a la guada\u00f1a en los p\u00e1ramos de Breta\u00f1a, de pe\u00f3n enviado a los campos y que se hace llamar\u00a0 \u00a1\u00abGrand Pierre\u00bb! Varias veces roza con la muerte.<br \/>\nUn d\u00eda, la casa donde estaba escondido es rodeada por los soldados: \u00abS\u00ed, s\u00ed, dijo. \u00a1Deshayes est\u00e1 aqu\u00ed, estoy seguro de ello! Vamos a buscarle, ciudadanos\u00bb. Y \u00e9l desaparece entre la multitud.<\/p>\n<p>En otra ocasi\u00f3n, acababa de sentarse a la mesa de una quinta con su amigo el P. Georges, cuando una sirvienta se apresura a decirles : \u00ab\u00a1 Los Guardias est\u00e1n afuera !\u00bb Gabriel Deshayes salta por la ventana, esconde a su compa\u00f1ero entre los arbustos y de un gran salto cruza el foso y huye al campo. Los guardias le ven y preparan sus fusiles. Las balas silban en sus o\u00eddos sin llegar a tocarle. Despu\u00e9s de haberse alejado de sus perseguidores, tiene tiempo para cambiarse la ropa con un labrador y agarrar su hoz. Cuando llegan los guardias adonde estaba \u00e9l, les se\u00f1ala sin ning\u00fan rubor la direcci\u00f3n tomada por el fugitivo \u2026<\/p>\n<p>Tambi\u00e9n en otra ocasi\u00f3n, estando trabajando tranquilamente con el P. Georges y otro compa\u00f1ero, llega un mensajero y les avisa: \u00abMarchaos inmediatamente. El tribunal revolucionario os est\u00e1 buscando.\u00bb Era de noche. Los tres amigos salen de su rinc\u00f3n y van por la carretera: es menos sospechosa. Pero en ese momento, los guardias vienen derecho hacia ellos y hay Luna llena. Es imposible huir. Los tres hombres se colocan silenciosamente en la cuneta. Pasan los guardias y no ven nada\u2026<\/p>\n<p>En otras muchas ocasiones, Gabriel Deshayes escapa de los soldados que le persiguen y, en los d\u00edas serenos del Consulado est\u00e1 m\u00e1s disponible para un ministerio m\u00e1s tranquilo.<\/p>\n<p><strong>UN CURA SOCIAL<\/strong><br \/>\n<img decoding=\"async\" class=\"alignleft size-full wp-image-5948\" src=\"http:\/\/www.lamennais.org\/wp-content\/uploads\/2016\/04\/FD-gd-03.jpg\" alt=\"FD-gd-03\" width=\"210\" height=\"248\" \/>Era el mes de abril de 1805 cuando Gabriel Deshayes llega a Auray, parroquia de unos 3000 habitantes. Aborda una serie de situaciones de emergencia que su sentido de Dios y del hombre le hace ver r\u00e1pidamente.<\/p>\n<p>Ayuda a restaurar el hospicio, que a\u00fan en esa \u00e9poca agrupaba a ancianos, minusv\u00e1lidos y ni\u00f1os abandonados. Se preocupaba por los mendigos y desempleados, busc\u00e1ndoles un trabajo comunitario. Se abre una hilander\u00eda y crea un taller de tejidos para los presos. Su casa est\u00e1 siempre abierta y el p\u00e1rroco se desprende de su abrigo o de una manta para ayudar a una familia necesitada.<br \/>\nEn las calles de Auray encuentra a personas con problemas de audici\u00f3n. Entonces se les llamaba sordos. Se les trataba como idiotas o est\u00fapidos. Gabriel Deshayes se conmueve ante ellos. A partir de 1810, conf\u00eda las ni\u00f1as a las Hermanas de la Sabidur\u00eda en la Cartuja que \u00e9l hab\u00eda comprado.<\/p>\n<p>M\u00e1s tarde, pone a los Hermanos de San Gabriel a cargo de los chicos y desarrolla su obra en favor de los ciegos y deficientes visuales. A lo largo de su vida, \u00e9stos ser\u00e1n sus hijos preferidos.<\/p>\n<p>En 1816 acoge en su casa parroquial a algunos j\u00f3venes que, con la ayuda de los Hermanos de las Escuelas Cristianas, les prepara para maestros de los pueblos bretones. Unidos con los que hab\u00eda juntado el Padre de la Mennais en Saint-Brieuc, estos j\u00f3venes formar\u00e1n el primer n\u00facleo del Instituto de los Hermanos de la Instrucci\u00f3n Cristiana de Breta\u00f1a.<\/p>\n<p>As\u00ed lo resume su obispo, Mons. de Pancemont : \u00bb El P. Deshayes se acuesta cada noche para so\u00f1ar con las nuevas maravillas que llevar\u00e1 a cabo al d\u00eda siguiente \u00ab.Y \u00e9l mismo afirma : \u00bb Nunca he desconfiado de la Providencia. Por su parte, nunca me ha fallado.\u00bb<\/p>\n<p><strong>EL FUNDADOR<\/strong><br \/>\n<img decoding=\"async\" class=\"alignright size-medium wp-image-5951\" src=\"http:\/\/www.lamennais.org\/wp-content\/uploads\/2016\/04\/gd03-300x186.jpg\" alt=\"gd03\" width=\"300\" height=\"186\" srcset=\"https:\/\/www.lamennais.org\/wp-content\/uploads\/2016\/04\/gd03-300x186.jpg 300w, https:\/\/www.lamennais.org\/wp-content\/uploads\/2016\/04\/gd03-260x162.jpg 260w, https:\/\/www.lamennais.org\/wp-content\/uploads\/2016\/04\/gd03.jpg 370w\" sizes=\"(max-width: 300px) 100vw, 300px\" \/>Tras una serie de circunstancias, el Padre Deshayes es llamado a Saint-Laurent-sur-S\u00e8vre, donde el 17 de enero de 1821 es elegido Superior general de los PP. Monfortianos y de las Hermanas de la Sabidur\u00eda. Ocupa este cargo durante 20 a\u00f1os. Al mismo tiempo, se encarga de las Hermanas de la Instrucci\u00f3n Cristiana que \u00e9l hab\u00eda fundado en Beignon y compra para ellas una propiedad en Saint-Gildas-des Bois : \u00c9sta ser\u00e1 su Casa madre. Muy pronto encomienda la direcci\u00f3n de su Instituto al Vicario general de Nantes, el Padre Angebault. As\u00ed mismo, deja al Padre de la Mennais la plena direcci\u00f3n de los Hermanos de Plo\u00ebrmel.<\/p>\n<p>\u00c9l todav\u00eda tiene bastante trabajo, porque en Saint-Laurent-sur-S\u00e8vre, dirige las congregaciones monfortianas y reanuda con los Hermanos de San Gabriel su obra de instrucci\u00f3n de la gente del campo, comenzada en Auray, funda en la di\u00f3cesis de la Rochelle una congregaci\u00f3n de Hermanos agricultores, los Hermanos de San Francisco de As\u00eds, y ayuda al Padre Ormi\u00e8res a fundar el Instituto de las Hermanas del \u00c1ngel Custodio, en Quillan, en la di\u00f3cesis de Carcassonne.<\/p>\n<p>Nada pod\u00eda frenar su celo. Una semana antes de su muerte, acaecida el 28 de diciembre de 1841, segu\u00eda haciendo proyectos para la instrucci\u00f3n de los ciegos : \u00abPens\u00e1is, tal vez, les dec\u00eda a las Hermnas de la Sabidur\u00eda, que soy ya muy viejo para llevar a cabo todos estos proyectos: Lo s\u00e9, pero aunque no me queden m\u00e1s que ocho d\u00edas de vida, me seguir\u00e9 ocupando de las obras buenas.\u00bb<\/p>\n","protected":false},"excerpt":{"rendered":"<p>Gabriel Deshayes nace el 6 de diciembre de 1767 en Beignon, un peque\u00f1o pueblo rural de Morbihan, en el borde del bosque de Paimpont. Cuando estalla la Revoluci\u00f3n francesa, todav\u00eda era seminarista, y es ordenado di\u00e1cono en septiembre de 1790. Para recibir el sacerdocio, tuvo que ir a Jersey, donde Mons. Le Mintier, obispo de [&hellip;]<\/p>\n","protected":false},"author":1,"featured_media":0,"comment_status":"closed","ping_status":"closed","sticky":false,"template":"","format":"standard","meta":{"footnotes":""},"categories":[204],"tags":[],"class_list":["post-6309","post","type-post","status-publish","format-standard","hentry","category-fundadores"],"yoast_head":"<!-- This site is optimized with the Yoast SEO plugin v27.5 - https:\/\/yoast.com\/product\/yoast-seo-wordpress\/ -->\n<title>Tras los pasos de Gabriel Deshayes - LaMennais.org<\/title>\n<meta name=\"robots\" content=\"index, follow, max-snippet:-1, max-image-preview:large, max-video-preview:-1\" \/>\n<link rel=\"canonical\" href=\"https:\/\/www.lamennais.org\/tras-los-pasos-de-gabriel-deshayes\/?lang=es\" \/>\n<meta property=\"og:locale\" content=\"es_ES\" \/>\n<meta property=\"og:type\" content=\"article\" \/>\n<meta property=\"og:title\" content=\"Tras los pasos de Gabriel Deshayes - LaMennais.org\" \/>\n<meta property=\"og:description\" content=\"Gabriel Deshayes nace el 6 de diciembre de 1767 en Beignon, un peque\u00f1o pueblo rural de Morbihan, en el borde del bosque de Paimpont. Cuando estalla la Revoluci\u00f3n francesa, todav\u00eda era seminarista, y es ordenado di\u00e1cono en septiembre de 1790. Para recibir el sacerdocio, tuvo que ir a Jersey, donde Mons. Le Mintier, obispo de [&hellip;]\" \/>\n<meta property=\"og:url\" content=\"https:\/\/www.lamennais.org\/tras-los-pasos-de-gabriel-deshayes\/?lang=es\" \/>\n<meta property=\"og:site_name\" content=\"LaMennais.org\" \/>\n<meta property=\"article:published_time\" content=\"2016-07-02T17:34:05+00:00\" \/>\n<meta property=\"og:image\" content=\"http:\/\/www.lamennais.org\/wp-content\/uploads\/2016\/04\/GD-200x300.jpg\" \/>\n<meta name=\"author\" content=\"admon\" \/>\n<meta name=\"twitter:card\" content=\"summary_large_image\" \/>\n<meta name=\"twitter:label1\" content=\"Escrito por\" \/>\n\t<meta name=\"twitter:data1\" content=\"admon\" \/>\n\t<meta name=\"twitter:label2\" content=\"Tiempo de lectura\" \/>\n\t<meta name=\"twitter:data2\" content=\"5 minutos\" \/>\n<script type=\"application\/ld+json\" class=\"yoast-schema-graph\">{\"@context\":\"https:\\\/\\\/schema.org\",\"@graph\":[{\"@type\":\"Article\",\"@id\":\"https:\\\/\\\/www.lamennais.org\\\/tras-los-pasos-de-gabriel-deshayes\\\/?lang=es#article\",\"isPartOf\":{\"@id\":\"https:\\\/\\\/www.lamennais.org\\\/tras-los-pasos-de-gabriel-deshayes\\\/?lang=es\"},\"author\":{\"name\":\"admon\",\"@id\":\"https:\\\/\\\/www.lamennais.org\\\/#\\\/schema\\\/person\\\/a0284cbd3544e52f538d69e4acf1e58a\"},\"headline\":\"Tras los pasos de Gabriel Deshayes\",\"datePublished\":\"2016-07-02T17:34:05+00:00\",\"mainEntityOfPage\":{\"@id\":\"https:\\\/\\\/www.lamennais.org\\\/tras-los-pasos-de-gabriel-deshayes\\\/?lang=es\"},\"wordCount\":1072,\"image\":{\"@id\":\"https:\\\/\\\/www.lamennais.org\\\/tras-los-pasos-de-gabriel-deshayes\\\/?lang=es#primaryimage\"},\"thumbnailUrl\":\"http:\\\/\\\/www.lamennais.org\\\/wp-content\\\/uploads\\\/2016\\\/04\\\/GD-200x300.jpg\",\"articleSection\":[\"Fundadores\"],\"inLanguage\":\"es\"},{\"@type\":\"WebPage\",\"@id\":\"https:\\\/\\\/www.lamennais.org\\\/tras-los-pasos-de-gabriel-deshayes\\\/?lang=es\",\"url\":\"https:\\\/\\\/www.lamennais.org\\\/tras-los-pasos-de-gabriel-deshayes\\\/?lang=es\",\"name\":\"Tras los pasos de Gabriel Deshayes - LaMennais.org\",\"isPartOf\":{\"@id\":\"https:\\\/\\\/www.lamennais.org\\\/#website\"},\"primaryImageOfPage\":{\"@id\":\"https:\\\/\\\/www.lamennais.org\\\/tras-los-pasos-de-gabriel-deshayes\\\/?lang=es#primaryimage\"},\"image\":{\"@id\":\"https:\\\/\\\/www.lamennais.org\\\/tras-los-pasos-de-gabriel-deshayes\\\/?lang=es#primaryimage\"},\"thumbnailUrl\":\"http:\\\/\\\/www.lamennais.org\\\/wp-content\\\/uploads\\\/2016\\\/04\\\/GD-200x300.jpg\",\"datePublished\":\"2016-07-02T17:34:05+00:00\",\"author\":{\"@id\":\"https:\\\/\\\/www.lamennais.org\\\/#\\\/schema\\\/person\\\/a0284cbd3544e52f538d69e4acf1e58a\"},\"breadcrumb\":{\"@id\":\"https:\\\/\\\/www.lamennais.org\\\/tras-los-pasos-de-gabriel-deshayes\\\/?lang=es#breadcrumb\"},\"inLanguage\":\"es\",\"potentialAction\":[{\"@type\":\"ReadAction\",\"target\":[\"https:\\\/\\\/www.lamennais.org\\\/tras-los-pasos-de-gabriel-deshayes\\\/?lang=es\"]}]},{\"@type\":\"ImageObject\",\"inLanguage\":\"es\",\"@id\":\"https:\\\/\\\/www.lamennais.org\\\/tras-los-pasos-de-gabriel-deshayes\\\/?lang=es#primaryimage\",\"url\":\"http:\\\/\\\/www.lamennais.org\\\/wp-content\\\/uploads\\\/2016\\\/04\\\/GD-200x300.jpg\",\"contentUrl\":\"http:\\\/\\\/www.lamennais.org\\\/wp-content\\\/uploads\\\/2016\\\/04\\\/GD-200x300.jpg\"},{\"@type\":\"BreadcrumbList\",\"@id\":\"https:\\\/\\\/www.lamennais.org\\\/tras-los-pasos-de-gabriel-deshayes\\\/?lang=es#breadcrumb\",\"itemListElement\":[{\"@type\":\"ListItem\",\"position\":1,\"name\":\"Accueil\",\"item\":\"https:\\\/\\\/www.lamennais.org\\\/\"},{\"@type\":\"ListItem\",\"position\":2,\"name\":\"Tras los pasos de Gabriel Deshayes\"}]},{\"@type\":\"WebSite\",\"@id\":\"https:\\\/\\\/www.lamennais.org\\\/#website\",\"url\":\"https:\\\/\\\/www.lamennais.org\\\/\",\"name\":\"LaMennais.org\",\"description\":\"Fr\u00e8res de l&#039;Instruction Chr\u00e9tienne et Famille Mennaisienne\",\"potentialAction\":[{\"@type\":\"SearchAction\",\"target\":{\"@type\":\"EntryPoint\",\"urlTemplate\":\"https:\\\/\\\/www.lamennais.org\\\/?s={search_term_string}\"},\"query-input\":{\"@type\":\"PropertyValueSpecification\",\"valueRequired\":true,\"valueName\":\"search_term_string\"}}],\"inLanguage\":\"es\"},{\"@type\":\"Person\",\"@id\":\"https:\\\/\\\/www.lamennais.org\\\/#\\\/schema\\\/person\\\/a0284cbd3544e52f538d69e4acf1e58a\",\"name\":\"admon\",\"image\":{\"@type\":\"ImageObject\",\"inLanguage\":\"es\",\"@id\":\"https:\\\/\\\/secure.gravatar.com\\\/avatar\\\/e69e6842b80ff10350a4c83f8c2e6ed6596fd887741cad3e5032828126fba0f2?s=96&d=mm&r=g\",\"url\":\"https:\\\/\\\/secure.gravatar.com\\\/avatar\\\/e69e6842b80ff10350a4c83f8c2e6ed6596fd887741cad3e5032828126fba0f2?s=96&d=mm&r=g\",\"contentUrl\":\"https:\\\/\\\/secure.gravatar.com\\\/avatar\\\/e69e6842b80ff10350a4c83f8c2e6ed6596fd887741cad3e5032828126fba0f2?s=96&d=mm&r=g\",\"caption\":\"admon\"}}]}<\/script>\n<!-- \/ Yoast SEO plugin. -->","yoast_head_json":{"title":"Tras los pasos de Gabriel Deshayes - LaMennais.org","robots":{"index":"index","follow":"follow","max-snippet":"max-snippet:-1","max-image-preview":"max-image-preview:large","max-video-preview":"max-video-preview:-1"},"canonical":"https:\/\/www.lamennais.org\/tras-los-pasos-de-gabriel-deshayes\/?lang=es","og_locale":"es_ES","og_type":"article","og_title":"Tras los pasos de Gabriel Deshayes - LaMennais.org","og_description":"Gabriel Deshayes nace el 6 de diciembre de 1767 en Beignon, un peque\u00f1o pueblo rural de Morbihan, en el borde del bosque de Paimpont. Cuando estalla la Revoluci\u00f3n francesa, todav\u00eda era seminarista, y es ordenado di\u00e1cono en septiembre de 1790. Para recibir el sacerdocio, tuvo que ir a Jersey, donde Mons. Le Mintier, obispo de [&hellip;]","og_url":"https:\/\/www.lamennais.org\/tras-los-pasos-de-gabriel-deshayes\/?lang=es","og_site_name":"LaMennais.org","article_published_time":"2016-07-02T17:34:05+00:00","og_image":[{"url":"http:\/\/www.lamennais.org\/wp-content\/uploads\/2016\/04\/GD-200x300.jpg","type":"","width":"","height":""}],"author":"admon","twitter_card":"summary_large_image","twitter_misc":{"Escrito por":"admon","Tiempo de lectura":"5 minutos"},"schema":{"@context":"https:\/\/schema.org","@graph":[{"@type":"Article","@id":"https:\/\/www.lamennais.org\/tras-los-pasos-de-gabriel-deshayes\/?lang=es#article","isPartOf":{"@id":"https:\/\/www.lamennais.org\/tras-los-pasos-de-gabriel-deshayes\/?lang=es"},"author":{"name":"admon","@id":"https:\/\/www.lamennais.org\/#\/schema\/person\/a0284cbd3544e52f538d69e4acf1e58a"},"headline":"Tras los pasos de Gabriel Deshayes","datePublished":"2016-07-02T17:34:05+00:00","mainEntityOfPage":{"@id":"https:\/\/www.lamennais.org\/tras-los-pasos-de-gabriel-deshayes\/?lang=es"},"wordCount":1072,"image":{"@id":"https:\/\/www.lamennais.org\/tras-los-pasos-de-gabriel-deshayes\/?lang=es#primaryimage"},"thumbnailUrl":"http:\/\/www.lamennais.org\/wp-content\/uploads\/2016\/04\/GD-200x300.jpg","articleSection":["Fundadores"],"inLanguage":"es"},{"@type":"WebPage","@id":"https:\/\/www.lamennais.org\/tras-los-pasos-de-gabriel-deshayes\/?lang=es","url":"https:\/\/www.lamennais.org\/tras-los-pasos-de-gabriel-deshayes\/?lang=es","name":"Tras los pasos de Gabriel Deshayes - LaMennais.org","isPartOf":{"@id":"https:\/\/www.lamennais.org\/#website"},"primaryImageOfPage":{"@id":"https:\/\/www.lamennais.org\/tras-los-pasos-de-gabriel-deshayes\/?lang=es#primaryimage"},"image":{"@id":"https:\/\/www.lamennais.org\/tras-los-pasos-de-gabriel-deshayes\/?lang=es#primaryimage"},"thumbnailUrl":"http:\/\/www.lamennais.org\/wp-content\/uploads\/2016\/04\/GD-200x300.jpg","datePublished":"2016-07-02T17:34:05+00:00","author":{"@id":"https:\/\/www.lamennais.org\/#\/schema\/person\/a0284cbd3544e52f538d69e4acf1e58a"},"breadcrumb":{"@id":"https:\/\/www.lamennais.org\/tras-los-pasos-de-gabriel-deshayes\/?lang=es#breadcrumb"},"inLanguage":"es","potentialAction":[{"@type":"ReadAction","target":["https:\/\/www.lamennais.org\/tras-los-pasos-de-gabriel-deshayes\/?lang=es"]}]},{"@type":"ImageObject","inLanguage":"es","@id":"https:\/\/www.lamennais.org\/tras-los-pasos-de-gabriel-deshayes\/?lang=es#primaryimage","url":"http:\/\/www.lamennais.org\/wp-content\/uploads\/2016\/04\/GD-200x300.jpg","contentUrl":"http:\/\/www.lamennais.org\/wp-content\/uploads\/2016\/04\/GD-200x300.jpg"},{"@type":"BreadcrumbList","@id":"https:\/\/www.lamennais.org\/tras-los-pasos-de-gabriel-deshayes\/?lang=es#breadcrumb","itemListElement":[{"@type":"ListItem","position":1,"name":"Accueil","item":"https:\/\/www.lamennais.org\/"},{"@type":"ListItem","position":2,"name":"Tras los pasos de Gabriel Deshayes"}]},{"@type":"WebSite","@id":"https:\/\/www.lamennais.org\/#website","url":"https:\/\/www.lamennais.org\/","name":"LaMennais.org","description":"Fr\u00e8res de l&#039;Instruction Chr\u00e9tienne et Famille Mennaisienne","potentialAction":[{"@type":"SearchAction","target":{"@type":"EntryPoint","urlTemplate":"https:\/\/www.lamennais.org\/?s={search_term_string}"},"query-input":{"@type":"PropertyValueSpecification","valueRequired":true,"valueName":"search_term_string"}}],"inLanguage":"es"},{"@type":"Person","@id":"https:\/\/www.lamennais.org\/#\/schema\/person\/a0284cbd3544e52f538d69e4acf1e58a","name":"admon","image":{"@type":"ImageObject","inLanguage":"es","@id":"https:\/\/secure.gravatar.com\/avatar\/e69e6842b80ff10350a4c83f8c2e6ed6596fd887741cad3e5032828126fba0f2?s=96&d=mm&r=g","url":"https:\/\/secure.gravatar.com\/avatar\/e69e6842b80ff10350a4c83f8c2e6ed6596fd887741cad3e5032828126fba0f2?s=96&d=mm&r=g","contentUrl":"https:\/\/secure.gravatar.com\/avatar\/e69e6842b80ff10350a4c83f8c2e6ed6596fd887741cad3e5032828126fba0f2?s=96&d=mm&r=g","caption":"admon"}}]}},"_links":{"self":[{"href":"https:\/\/www.lamennais.org\/es\/wp-json\/wp\/v2\/posts\/6309","targetHints":{"allow":["GET"]}}],"collection":[{"href":"https:\/\/www.lamennais.org\/es\/wp-json\/wp\/v2\/posts"}],"about":[{"href":"https:\/\/www.lamennais.org\/es\/wp-json\/wp\/v2\/types\/post"}],"author":[{"embeddable":true,"href":"https:\/\/www.lamennais.org\/es\/wp-json\/wp\/v2\/users\/1"}],"replies":[{"embeddable":true,"href":"https:\/\/www.lamennais.org\/es\/wp-json\/wp\/v2\/comments?post=6309"}],"version-history":[{"count":1,"href":"https:\/\/www.lamennais.org\/es\/wp-json\/wp\/v2\/posts\/6309\/revisions"}],"predecessor-version":[{"id":6310,"href":"https:\/\/www.lamennais.org\/es\/wp-json\/wp\/v2\/posts\/6309\/revisions\/6310"}],"wp:attachment":[{"href":"https:\/\/www.lamennais.org\/es\/wp-json\/wp\/v2\/media?parent=6309"}],"wp:term":[{"taxonomy":"category","embeddable":true,"href":"https:\/\/www.lamennais.org\/es\/wp-json\/wp\/v2\/categories?post=6309"},{"taxonomy":"post_tag","embeddable":true,"href":"https:\/\/www.lamennais.org\/es\/wp-json\/wp\/v2\/tags?post=6309"}],"curies":[{"name":"wp","href":"https:\/\/api.w.org\/{rel}","templated":true}]}}