{"id":5785,"date":"2015-05-14T19:16:48","date_gmt":"2015-05-14T17:16:48","guid":{"rendered":"http:\/\/www.lamennais.org\/?p=5785&#038;lang=es"},"modified":"2016-09-16T14:09:31","modified_gmt":"2016-09-16T12:09:31","slug":"escuchando-la-llamada","status":"publish","type":"post","link":"https:\/\/www.lamennais.org\/es\/escuchando-la-llamada\/","title":{"rendered":"Escuchando la llamada"},"content":{"rendered":"<h4><strong>Acontecimientos y personas que <em>\u201cllaman\u201d<\/em>.<\/strong><\/h4>\n<p>Dios no habla con palabras. Habla al coraz\u00f3n, habla en el silencio, a trav\u00e9s de su palabra. Tambi\u00e9n me habla en mi vida diaria, en encuentros y acontecimientos. Reconocer su llamada supone dedicar tiempo a la oraci\u00f3n y a releer la vida guiados por el Esp\u00edritu.<\/p>\n<blockquote><p><em>\u00abLo que m\u00e1s me ha llamado la atenci\u00f3n y m\u00e1s me ha atra\u00eddo ha sido la alegr\u00eda de los Novicios con los que me he encontrado.\u00bb<\/em><strong><br \/>\nH. Julio, Escol\u00e1stico de Abidjan.<\/strong><\/p><\/blockquote>\n<blockquote><p><em>\u00abUn d\u00eda vi un folleto sobre la Vocaci\u00f3n de los HH. Menesianos en un monasterio de Carmelitas de Manila, que dec\u00eda: Necesitamos profesores, educadores y evangelizadores.\u00bb<br \/>\n<\/em><strong>H. Israel, Filipinas.<\/strong><\/p><\/blockquote>\n<p><img fetchpriority=\"high\" decoding=\"async\" class=\"aligncenter size-full wp-image-2197\" src=\"http:\/\/www.lamennais.org\/wp-content\/uploads\/2015\/05\/2-Photo-A-l\u00e9coute-A-e1463246377617.jpg\" alt=\"2 + Photo A l'\u00e9coute A\" width=\"800\" height=\"244\" \/><\/p>\n<h4><strong>Signos de la llamada a ser Hermano Menesiano<\/strong><\/h4>\n<p>Cada persona es \u00fanica y recorre su propio itinerario, pero hay signos que pueden ayudar a reconocer y a discernir la llamada, progresivamente y en el acompa\u00f1amiento:<\/p>\n<ul>\n<li>La alegr\u00eda del compromiso de servir a los j\u00f3venes, de vivir junto a ellos durante sus experiencias educativas (animaciones, catequesis, estudios, &#8230;) en el medio escolar, en los centros de vacaciones, en las parroquias y en los movimientos juveniles, &#8230;<\/li>\n<li>La preocupaci\u00f3n por los peque\u00f1os y por los pobres y el deseo de trabajar por un mundo mejor a trav\u00e9s del servicio de la educaci\u00f3n, ayudando a las personas a crecer humanamente y en su Fe.<\/li>\n<li>El deseo interior de seguir a Cristo y de vivir seg\u00fan el Evangelio junto a otros, llevando una vida marcada por la b\u00fasqueda de Dios.<\/li>\n<li>La disponibilidad y la capacidad de comprometerse concretamente en la educaci\u00f3n, como profesional de la ense\u00f1anza o de la educaci\u00f3n, con constante preocupaci\u00f3n por la innovaci\u00f3n y el trabajo en equipo.<\/li>\n<\/ul>\n<p>&nbsp;<\/p>\n<p><img decoding=\"async\" class=\"aligncenter size-full wp-image-2201\" src=\"http:\/\/www.lamennais.org\/wp-content\/uploads\/2015\/05\/2-Photo-A-l\u00e9coute-B-e1463246588788.jpg\" alt=\"2 + Photo A l'\u00e9coute B\" width=\"800\" height=\"533\" \/><\/p>\n<p>&nbsp;<\/p>\n<blockquote><p><em>\u00abDurante mi compromiso con la parroquia, me encontr\u00e9 con un Hermano. Lo que me atrajo fue la vida de este misionero: su alegr\u00eda, su apertura, su proximidad, su sencillez y su amor hacia m\u00ed. Y me dije: Voy a hacer otro tanto con las personas que me rodean.\u00bb<\/em><\/p><\/blockquote>\n<blockquote><p><em>\u00abCon ellos he descubierto la piedad, la humildad y la sencillez. Me he dado cuenta de que quieren mucho a los chicos y que acogen a todos, sean del rango social que sean.\u00bb<\/em><\/p><\/blockquote>\n<p><strong>\u00a0<\/strong><\/p>\n<hr \/>\n<p><strong>Oraci\u00f3n<\/strong><\/p>\n<p>\u00abTomad, Se\u00f1or y recibid<br \/>\ntoda mi libertad,<br \/>\nmi memoria,<br \/>\nmi entendimiento<br \/>\ny toda mi voluntad,<br \/>\ntodo mi haber y mi poseer,<br \/>\nVos me lo disteis,<br \/>\na Vos, Se\u00f1or, lo torno.<br \/>\nTodo es vuestro.<br \/>\nDisponed seg\u00fan vuestra voluntad,<br \/>\ndadme vuestro amor y gracia<br \/>\nque \u00e9sta me basta.\u00bb<\/p>\n<p>Oraci\u00f3n de S. Ignacio de Loyola.<\/p>\n<p>&nbsp;<\/p>\n<hr \/>\n<h5><strong>\u232a <a href=\"https:\/\/www.lamennais.org\/es\/hacerse-hermano\/?lang=es\">Hacerse Hermano<\/a><\/strong><\/h5>\n<p><a href=\"https:\/\/www.lamennais.org\/es\/hacerse-hermano\/?lang=es\">Hacerse Hermano<\/a> | <a href=\"https:\/\/www.lamennais.org\/es\/escuchando-la-llamada\/?lang=es\">Escuchando la llamada<\/a>\u00a0|\u00a0<a href=\"https:\/\/www.lamennais.org\/es\/tienes-8-mensajes-nuevos\/?lang=es\">Tienes 8 mensajes nuevos<\/a>\u00a0| <a href=\"https:\/\/www.lamennais.org\/es\/la-etapas\/?lang=es\">La Etapas<\/a>\u00a0| <a href=\"https:\/\/www.lamennais.org\/es\/lugares-de-acogida-de-jovenes-en-formacion-de-los-hh-menesianos-en-el-mundo\/?lang=es\">Lugares de acogida de J\u00f3venes en Formaci\u00f3n de los Hermanos\u00a0en el mundo<\/a>\u00a0| <a href=\"https:\/\/www.lamennais.org\/es\/10-preguntas\/?lang=es\">10 preguntas\u00a0<\/a>| <a href=\"https:\/\/www.lamennais.org\/es\/contactos-con-los-hermanos-y-comunidades\/?lang=es\">Contactos con los Hermanos y comunidades<\/a><\/p>\n<hr \/>\n","protected":false},"excerpt":{"rendered":"<p>Acontecimientos y personas que \u201cllaman\u201d. Dios no habla con palabras. Habla al coraz\u00f3n, habla en el silencio, a trav\u00e9s de su palabra. Tambi\u00e9n me habla en mi vida diaria, en encuentros y acontecimientos. Reconocer su llamada supone dedicar tiempo a la oraci\u00f3n y a releer la vida guiados por el Esp\u00edritu. \u00abLo que m\u00e1s me [&hellip;]<\/p>\n","protected":false},"author":1,"featured_media":0,"comment_status":"closed","ping_status":"closed","sticky":false,"template":"","format":"standard","meta":{"footnotes":""},"categories":[212,206],"tags":[],"class_list":["post-5785","post","type-post","status-publish","format-standard","hentry","category-hacerse-hermano","category-hermanos-es"],"yoast_head":"<!-- This site is optimized with the Yoast SEO plugin v27.4 - https:\/\/yoast.com\/product\/yoast-seo-wordpress\/ -->\n<title>Escuchando la llamada - LaMennais.org<\/title>\n<meta name=\"robots\" content=\"index, follow, max-snippet:-1, max-image-preview:large, max-video-preview:-1\" \/>\n<link rel=\"canonical\" href=\"https:\/\/www.lamennais.org\/escuchando-la-llamada\/?lang=es\" \/>\n<meta property=\"og:locale\" content=\"es_ES\" \/>\n<meta property=\"og:type\" content=\"article\" \/>\n<meta property=\"og:title\" content=\"Escuchando la llamada - LaMennais.org\" \/>\n<meta property=\"og:description\" content=\"Acontecimientos y personas que \u201cllaman\u201d. Dios no habla con palabras. Habla al coraz\u00f3n, habla en el silencio, a trav\u00e9s de su palabra. Tambi\u00e9n me habla en mi vida diaria, en encuentros y acontecimientos. Reconocer su llamada supone dedicar tiempo a la oraci\u00f3n y a releer la vida guiados por el Esp\u00edritu. \u00abLo que m\u00e1s me [&hellip;]\" \/>\n<meta property=\"og:url\" content=\"https:\/\/www.lamennais.org\/escuchando-la-llamada\/?lang=es\" \/>\n<meta property=\"og:site_name\" content=\"LaMennais.org\" \/>\n<meta property=\"article:published_time\" content=\"2015-05-14T17:16:48+00:00\" \/>\n<meta property=\"article:modified_time\" content=\"2016-09-16T12:09:31+00:00\" \/>\n<meta property=\"og:image\" content=\"http:\/\/www.lamennais.org\/wp-content\/uploads\/2015\/05\/2-Photo-A-l\u00e9coute-A-e1463246377617.jpg\" \/>\n<meta name=\"author\" content=\"admon\" \/>\n<meta name=\"twitter:card\" content=\"summary_large_image\" \/>\n<meta name=\"twitter:label1\" content=\"Escrito por\" \/>\n\t<meta name=\"twitter:data1\" content=\"admon\" \/>\n\t<meta name=\"twitter:label2\" content=\"Tiempo de lectura\" \/>\n\t<meta name=\"twitter:data2\" content=\"2 minutos\" \/>\n<script type=\"application\/ld+json\" class=\"yoast-schema-graph\">{\"@context\":\"https:\\\/\\\/schema.org\",\"@graph\":[{\"@type\":\"Article\",\"@id\":\"https:\\\/\\\/www.lamennais.org\\\/escuchando-la-llamada\\\/?lang=es#article\",\"isPartOf\":{\"@id\":\"https:\\\/\\\/www.lamennais.org\\\/escuchando-la-llamada\\\/?lang=es\"},\"author\":{\"name\":\"admon\",\"@id\":\"https:\\\/\\\/www.lamennais.org\\\/#\\\/schema\\\/person\\\/a0284cbd3544e52f538d69e4acf1e58a\"},\"headline\":\"Escuchando la llamada\",\"datePublished\":\"2015-05-14T17:16:48+00:00\",\"dateModified\":\"2016-09-16T12:09:31+00:00\",\"mainEntityOfPage\":{\"@id\":\"https:\\\/\\\/www.lamennais.org\\\/escuchando-la-llamada\\\/?lang=es\"},\"wordCount\":484,\"articleSection\":[\"Hacerse Hermano\",\"Hermanos\"],\"inLanguage\":\"es\"},{\"@type\":\"WebPage\",\"@id\":\"https:\\\/\\\/www.lamennais.org\\\/escuchando-la-llamada\\\/?lang=es\",\"url\":\"https:\\\/\\\/www.lamennais.org\\\/escuchando-la-llamada\\\/?lang=es\",\"name\":\"Escuchando la llamada - LaMennais.org\",\"isPartOf\":{\"@id\":\"https:\\\/\\\/www.lamennais.org\\\/#website\"},\"datePublished\":\"2015-05-14T17:16:48+00:00\",\"dateModified\":\"2016-09-16T12:09:31+00:00\",\"author\":{\"@id\":\"https:\\\/\\\/www.lamennais.org\\\/#\\\/schema\\\/person\\\/a0284cbd3544e52f538d69e4acf1e58a\"},\"breadcrumb\":{\"@id\":\"https:\\\/\\\/www.lamennais.org\\\/escuchando-la-llamada\\\/?lang=es#breadcrumb\"},\"inLanguage\":\"es\",\"potentialAction\":[{\"@type\":\"ReadAction\",\"target\":[\"https:\\\/\\\/www.lamennais.org\\\/escuchando-la-llamada\\\/?lang=es\"]}]},{\"@type\":\"BreadcrumbList\",\"@id\":\"https:\\\/\\\/www.lamennais.org\\\/escuchando-la-llamada\\\/?lang=es#breadcrumb\",\"itemListElement\":[{\"@type\":\"ListItem\",\"position\":1,\"name\":\"Accueil\",\"item\":\"https:\\\/\\\/www.lamennais.org\\\/\"},{\"@type\":\"ListItem\",\"position\":2,\"name\":\"Escuchando la llamada\"}]},{\"@type\":\"WebSite\",\"@id\":\"https:\\\/\\\/www.lamennais.org\\\/#website\",\"url\":\"https:\\\/\\\/www.lamennais.org\\\/\",\"name\":\"LaMennais.org\",\"description\":\"Fr\u00e8res de l&#039;Instruction Chr\u00e9tienne et Famille Mennaisienne\",\"potentialAction\":[{\"@type\":\"SearchAction\",\"target\":{\"@type\":\"EntryPoint\",\"urlTemplate\":\"https:\\\/\\\/www.lamennais.org\\\/?s={search_term_string}\"},\"query-input\":{\"@type\":\"PropertyValueSpecification\",\"valueRequired\":true,\"valueName\":\"search_term_string\"}}],\"inLanguage\":\"es\"},{\"@type\":\"Person\",\"@id\":\"https:\\\/\\\/www.lamennais.org\\\/#\\\/schema\\\/person\\\/a0284cbd3544e52f538d69e4acf1e58a\",\"name\":\"admon\",\"image\":{\"@type\":\"ImageObject\",\"inLanguage\":\"es\",\"@id\":\"https:\\\/\\\/secure.gravatar.com\\\/avatar\\\/e69e6842b80ff10350a4c83f8c2e6ed6596fd887741cad3e5032828126fba0f2?s=96&d=mm&r=g\",\"url\":\"https:\\\/\\\/secure.gravatar.com\\\/avatar\\\/e69e6842b80ff10350a4c83f8c2e6ed6596fd887741cad3e5032828126fba0f2?s=96&d=mm&r=g\",\"contentUrl\":\"https:\\\/\\\/secure.gravatar.com\\\/avatar\\\/e69e6842b80ff10350a4c83f8c2e6ed6596fd887741cad3e5032828126fba0f2?s=96&d=mm&r=g\",\"caption\":\"admon\"}}]}<\/script>\n<!-- \/ Yoast SEO plugin. -->","yoast_head_json":{"title":"Escuchando la llamada - LaMennais.org","robots":{"index":"index","follow":"follow","max-snippet":"max-snippet:-1","max-image-preview":"max-image-preview:large","max-video-preview":"max-video-preview:-1"},"canonical":"https:\/\/www.lamennais.org\/escuchando-la-llamada\/?lang=es","og_locale":"es_ES","og_type":"article","og_title":"Escuchando la llamada - LaMennais.org","og_description":"Acontecimientos y personas que \u201cllaman\u201d. Dios no habla con palabras. Habla al coraz\u00f3n, habla en el silencio, a trav\u00e9s de su palabra. Tambi\u00e9n me habla en mi vida diaria, en encuentros y acontecimientos. Reconocer su llamada supone dedicar tiempo a la oraci\u00f3n y a releer la vida guiados por el Esp\u00edritu. \u00abLo que m\u00e1s me [&hellip;]","og_url":"https:\/\/www.lamennais.org\/escuchando-la-llamada\/?lang=es","og_site_name":"LaMennais.org","article_published_time":"2015-05-14T17:16:48+00:00","article_modified_time":"2016-09-16T12:09:31+00:00","og_image":[{"url":"http:\/\/www.lamennais.org\/wp-content\/uploads\/2015\/05\/2-Photo-A-l\u00e9coute-A-e1463246377617.jpg","type":"","width":"","height":""}],"author":"admon","twitter_card":"summary_large_image","twitter_misc":{"Escrito por":"admon","Tiempo de lectura":"2 minutos"},"schema":{"@context":"https:\/\/schema.org","@graph":[{"@type":"Article","@id":"https:\/\/www.lamennais.org\/escuchando-la-llamada\/?lang=es#article","isPartOf":{"@id":"https:\/\/www.lamennais.org\/escuchando-la-llamada\/?lang=es"},"author":{"name":"admon","@id":"https:\/\/www.lamennais.org\/#\/schema\/person\/a0284cbd3544e52f538d69e4acf1e58a"},"headline":"Escuchando la llamada","datePublished":"2015-05-14T17:16:48+00:00","dateModified":"2016-09-16T12:09:31+00:00","mainEntityOfPage":{"@id":"https:\/\/www.lamennais.org\/escuchando-la-llamada\/?lang=es"},"wordCount":484,"articleSection":["Hacerse Hermano","Hermanos"],"inLanguage":"es"},{"@type":"WebPage","@id":"https:\/\/www.lamennais.org\/escuchando-la-llamada\/?lang=es","url":"https:\/\/www.lamennais.org\/escuchando-la-llamada\/?lang=es","name":"Escuchando la llamada - LaMennais.org","isPartOf":{"@id":"https:\/\/www.lamennais.org\/#website"},"datePublished":"2015-05-14T17:16:48+00:00","dateModified":"2016-09-16T12:09:31+00:00","author":{"@id":"https:\/\/www.lamennais.org\/#\/schema\/person\/a0284cbd3544e52f538d69e4acf1e58a"},"breadcrumb":{"@id":"https:\/\/www.lamennais.org\/escuchando-la-llamada\/?lang=es#breadcrumb"},"inLanguage":"es","potentialAction":[{"@type":"ReadAction","target":["https:\/\/www.lamennais.org\/escuchando-la-llamada\/?lang=es"]}]},{"@type":"BreadcrumbList","@id":"https:\/\/www.lamennais.org\/escuchando-la-llamada\/?lang=es#breadcrumb","itemListElement":[{"@type":"ListItem","position":1,"name":"Accueil","item":"https:\/\/www.lamennais.org\/"},{"@type":"ListItem","position":2,"name":"Escuchando la llamada"}]},{"@type":"WebSite","@id":"https:\/\/www.lamennais.org\/#website","url":"https:\/\/www.lamennais.org\/","name":"LaMennais.org","description":"Fr\u00e8res de l&#039;Instruction Chr\u00e9tienne et Famille Mennaisienne","potentialAction":[{"@type":"SearchAction","target":{"@type":"EntryPoint","urlTemplate":"https:\/\/www.lamennais.org\/?s={search_term_string}"},"query-input":{"@type":"PropertyValueSpecification","valueRequired":true,"valueName":"search_term_string"}}],"inLanguage":"es"},{"@type":"Person","@id":"https:\/\/www.lamennais.org\/#\/schema\/person\/a0284cbd3544e52f538d69e4acf1e58a","name":"admon","image":{"@type":"ImageObject","inLanguage":"es","@id":"https:\/\/secure.gravatar.com\/avatar\/e69e6842b80ff10350a4c83f8c2e6ed6596fd887741cad3e5032828126fba0f2?s=96&d=mm&r=g","url":"https:\/\/secure.gravatar.com\/avatar\/e69e6842b80ff10350a4c83f8c2e6ed6596fd887741cad3e5032828126fba0f2?s=96&d=mm&r=g","contentUrl":"https:\/\/secure.gravatar.com\/avatar\/e69e6842b80ff10350a4c83f8c2e6ed6596fd887741cad3e5032828126fba0f2?s=96&d=mm&r=g","caption":"admon"}}]}},"_links":{"self":[{"href":"https:\/\/www.lamennais.org\/es\/wp-json\/wp\/v2\/posts\/5785","targetHints":{"allow":["GET"]}}],"collection":[{"href":"https:\/\/www.lamennais.org\/es\/wp-json\/wp\/v2\/posts"}],"about":[{"href":"https:\/\/www.lamennais.org\/es\/wp-json\/wp\/v2\/types\/post"}],"author":[{"embeddable":true,"href":"https:\/\/www.lamennais.org\/es\/wp-json\/wp\/v2\/users\/1"}],"replies":[{"embeddable":true,"href":"https:\/\/www.lamennais.org\/es\/wp-json\/wp\/v2\/comments?post=5785"}],"version-history":[{"count":4,"href":"https:\/\/www.lamennais.org\/es\/wp-json\/wp\/v2\/posts\/5785\/revisions"}],"predecessor-version":[{"id":8299,"href":"https:\/\/www.lamennais.org\/es\/wp-json\/wp\/v2\/posts\/5785\/revisions\/8299"}],"wp:attachment":[{"href":"https:\/\/www.lamennais.org\/es\/wp-json\/wp\/v2\/media?parent=5785"}],"wp:term":[{"taxonomy":"category","embeddable":true,"href":"https:\/\/www.lamennais.org\/es\/wp-json\/wp\/v2\/categories?post=5785"},{"taxonomy":"post_tag","embeddable":true,"href":"https:\/\/www.lamennais.org\/es\/wp-json\/wp\/v2\/tags?post=5785"}],"curies":[{"name":"wp","href":"https:\/\/api.w.org\/{rel}","templated":true}]}}