{"id":52230,"date":"2026-09-03T13:56:04","date_gmt":"2026-09-03T11:56:04","guid":{"rendered":"https:\/\/www.lamennais.org\/?p=52230"},"modified":"2026-09-04T15:45:18","modified_gmt":"2026-09-04T13:45:18","slug":"uganda-nabinoonya-sesion-del-consejo-general","status":"publish","type":"post","link":"https:\/\/www.lamennais.org\/es\/uganda-nabinoonya-sesion-del-consejo-general\/","title":{"rendered":"Uganda \u2013 Nabinoonya: sesi\u00f3n del Consejo General"},"content":{"rendered":"<p><strong><em>Todos los Hermanos del Consejo General se reunieron en Nabinoonya el 29 de agosto para dar inicio a la sesi\u00f3n ordinaria del Consejo General el lunes 31 de agosto. Este Consejo General se desarrollar\u00e1 en dos partes: del 2 al 4 de septiembre en Uganda, y posteriormente continuar\u00e1 en Roma del 14 al 30 de septiembre.<\/em><\/strong><\/p>\n<table>\n<tbody>\n<tr>\n<td width=\"302\"><img fetchpriority=\"high\" decoding=\"async\" class=\"size-large wp-image-52190 aligncenter\" src=\"https:\/\/www.lamennais.org\/wp-content\/uploads\/2026\/09\/WhatsApp-Image-2026-09-02-at-15.26.10-1024x576.jpeg\" alt=\"\" width=\"860\" height=\"484\" srcset=\"https:\/\/www.lamennais.org\/wp-content\/uploads\/2026\/09\/WhatsApp-Image-2026-09-02-at-15.26.10-1024x576.jpeg 1024w, https:\/\/www.lamennais.org\/wp-content\/uploads\/2026\/09\/WhatsApp-Image-2026-09-02-at-15.26.10-300x169.jpeg 300w, https:\/\/www.lamennais.org\/wp-content\/uploads\/2026\/09\/WhatsApp-Image-2026-09-02-at-15.26.10-768x432.jpeg 768w, https:\/\/www.lamennais.org\/wp-content\/uploads\/2026\/09\/WhatsApp-Image-2026-09-02-at-15.26.10-1536x864.jpeg 1536w, https:\/\/www.lamennais.org\/wp-content\/uploads\/2026\/09\/WhatsApp-Image-2026-09-02-at-15.26.10-260x146.jpeg 260w, https:\/\/www.lamennais.org\/wp-content\/uploads\/2026\/09\/WhatsApp-Image-2026-09-02-at-15.26.10.jpeg 2016w\" sizes=\"(max-width: 860px) 100vw, 860px\" \/><\/td>\n<td width=\"302\"><img decoding=\"async\" class=\"size-large wp-image-52193 aligncenter\" src=\"https:\/\/www.lamennais.org\/wp-content\/uploads\/2026\/09\/WhatsApp-Image-2026-09-02-at-15.26.11-1-1024x576.jpeg\" alt=\"\" width=\"860\" height=\"484\" srcset=\"https:\/\/www.lamennais.org\/wp-content\/uploads\/2026\/09\/WhatsApp-Image-2026-09-02-at-15.26.11-1-1024x576.jpeg 1024w, https:\/\/www.lamennais.org\/wp-content\/uploads\/2026\/09\/WhatsApp-Image-2026-09-02-at-15.26.11-1-300x169.jpeg 300w, https:\/\/www.lamennais.org\/wp-content\/uploads\/2026\/09\/WhatsApp-Image-2026-09-02-at-15.26.11-1-768x432.jpeg 768w, https:\/\/www.lamennais.org\/wp-content\/uploads\/2026\/09\/WhatsApp-Image-2026-09-02-at-15.26.11-1-1536x864.jpeg 1536w, https:\/\/www.lamennais.org\/wp-content\/uploads\/2026\/09\/WhatsApp-Image-2026-09-02-at-15.26.11-1-260x146.jpeg 260w, https:\/\/www.lamennais.org\/wp-content\/uploads\/2026\/09\/WhatsApp-Image-2026-09-02-at-15.26.11-1.jpeg 2016w\" sizes=\"(max-width: 860px) 100vw, 860px\" \/><\/td>\n<\/tr>\n<\/tbody>\n<\/table>\n<p>Entre estos dos periodos, se celebrar\u00e1 la <strong><em>Conferencia General de Superiores<\/em><\/strong><strong><em> Mayores<\/em><\/strong> de la Congregaci\u00f3n del 5 al 11 de septiembre, durante la cual tendr\u00e1 lugar la <strong><em>Celebraci\u00f3n del Centenario de la presencia de los Hermanos en Uganda el 5 de septiembre.<\/em><\/strong><\/p>\n<table>\n<tbody>\n<tr>\n<td width=\"302\"><img decoding=\"async\" class=\"size-large wp-image-52199 aligncenter\" src=\"https:\/\/www.lamennais.org\/wp-content\/uploads\/2026\/09\/WhatsApp-Image-2026-09-02-at-15.26.11-2-1024x576.jpeg\" alt=\"\" width=\"860\" height=\"484\" srcset=\"https:\/\/www.lamennais.org\/wp-content\/uploads\/2026\/09\/WhatsApp-Image-2026-09-02-at-15.26.11-2-1024x576.jpeg 1024w, https:\/\/www.lamennais.org\/wp-content\/uploads\/2026\/09\/WhatsApp-Image-2026-09-02-at-15.26.11-2-300x169.jpeg 300w, https:\/\/www.lamennais.org\/wp-content\/uploads\/2026\/09\/WhatsApp-Image-2026-09-02-at-15.26.11-2-768x432.jpeg 768w, https:\/\/www.lamennais.org\/wp-content\/uploads\/2026\/09\/WhatsApp-Image-2026-09-02-at-15.26.11-2-1536x864.jpeg 1536w, https:\/\/www.lamennais.org\/wp-content\/uploads\/2026\/09\/WhatsApp-Image-2026-09-02-at-15.26.11-2-260x146.jpeg 260w, https:\/\/www.lamennais.org\/wp-content\/uploads\/2026\/09\/WhatsApp-Image-2026-09-02-at-15.26.11-2.jpeg 2016w\" sizes=\"(max-width: 860px) 100vw, 860px\" \/><\/td>\n<td width=\"302\"><img loading=\"lazy\" decoding=\"async\" class=\"size-large wp-image-52196 aligncenter\" src=\"https:\/\/www.lamennais.org\/wp-content\/uploads\/2026\/09\/WhatsApp-Image-2026-09-02-at-15.26.09-1024x576.jpeg\" alt=\"\" width=\"860\" height=\"484\" srcset=\"https:\/\/www.lamennais.org\/wp-content\/uploads\/2026\/09\/WhatsApp-Image-2026-09-02-at-15.26.09-1024x576.jpeg 1024w, https:\/\/www.lamennais.org\/wp-content\/uploads\/2026\/09\/WhatsApp-Image-2026-09-02-at-15.26.09-300x169.jpeg 300w, https:\/\/www.lamennais.org\/wp-content\/uploads\/2026\/09\/WhatsApp-Image-2026-09-02-at-15.26.09-768x432.jpeg 768w, https:\/\/www.lamennais.org\/wp-content\/uploads\/2026\/09\/WhatsApp-Image-2026-09-02-at-15.26.09-1536x864.jpeg 1536w, https:\/\/www.lamennais.org\/wp-content\/uploads\/2026\/09\/WhatsApp-Image-2026-09-02-at-15.26.09-260x146.jpeg 260w, https:\/\/www.lamennais.org\/wp-content\/uploads\/2026\/09\/WhatsApp-Image-2026-09-02-at-15.26.09.jpeg 2016w\" sizes=\"(max-width: 860px) 100vw, 860px\" \/><\/td>\n<\/tr>\n<\/tbody>\n<\/table>\n<p>Quienes conocen <strong><em>Nabinoonya <\/em><\/strong>sabr\u00e1n que probablemente sea dif\u00edcil encontrar un lugar mejor para descansar, reflexionar y compartir en comunidad. Un para\u00edso situado a orillas del lago Victoria, una aut\u00e9ntica catedral de vegetaci\u00f3n, donde humanos y animales conviven en perfecta armon\u00eda, \u00a1para deleite de todos!<\/p>\n<table>\n<tbody>\n<tr>\n<td width=\"201\"><img loading=\"lazy\" decoding=\"async\" class=\"size-large wp-image-52205 aligncenter\" src=\"https:\/\/www.lamennais.org\/wp-content\/uploads\/2026\/09\/WhatsApp-Image-2026-09-02-at-15.26.08-576x1024.jpeg\" alt=\"\" width=\"576\" height=\"1024\" srcset=\"https:\/\/www.lamennais.org\/wp-content\/uploads\/2026\/09\/WhatsApp-Image-2026-09-02-at-15.26.08-576x1024.jpeg 576w, https:\/\/www.lamennais.org\/wp-content\/uploads\/2026\/09\/WhatsApp-Image-2026-09-02-at-15.26.08-169x300.jpeg 169w, https:\/\/www.lamennais.org\/wp-content\/uploads\/2026\/09\/WhatsApp-Image-2026-09-02-at-15.26.08-768x1365.jpeg 768w, https:\/\/www.lamennais.org\/wp-content\/uploads\/2026\/09\/WhatsApp-Image-2026-09-02-at-15.26.08-864x1536.jpeg 864w, https:\/\/www.lamennais.org\/wp-content\/uploads\/2026\/09\/WhatsApp-Image-2026-09-02-at-15.26.08-260x462.jpeg 260w, https:\/\/www.lamennais.org\/wp-content\/uploads\/2026\/09\/WhatsApp-Image-2026-09-02-at-15.26.08.jpeg 1134w\" sizes=\"(max-width: 576px) 100vw, 576px\" \/><\/td>\n<td width=\"201\"><img loading=\"lazy\" decoding=\"async\" class=\"size-large wp-image-52202 aligncenter\" src=\"https:\/\/www.lamennais.org\/wp-content\/uploads\/2026\/09\/WhatsApp-Image-2026-09-02-at-15.26.07-576x1024.jpeg\" alt=\"\" width=\"576\" height=\"1024\" srcset=\"https:\/\/www.lamennais.org\/wp-content\/uploads\/2026\/09\/WhatsApp-Image-2026-09-02-at-15.26.07-576x1024.jpeg 576w, https:\/\/www.lamennais.org\/wp-content\/uploads\/2026\/09\/WhatsApp-Image-2026-09-02-at-15.26.07-169x300.jpeg 169w, https:\/\/www.lamennais.org\/wp-content\/uploads\/2026\/09\/WhatsApp-Image-2026-09-02-at-15.26.07-768x1365.jpeg 768w, https:\/\/www.lamennais.org\/wp-content\/uploads\/2026\/09\/WhatsApp-Image-2026-09-02-at-15.26.07-864x1536.jpeg 864w, https:\/\/www.lamennais.org\/wp-content\/uploads\/2026\/09\/WhatsApp-Image-2026-09-02-at-15.26.07-260x462.jpeg 260w, https:\/\/www.lamennais.org\/wp-content\/uploads\/2026\/09\/WhatsApp-Image-2026-09-02-at-15.26.07.jpeg 1134w\" sizes=\"(max-width: 576px) 100vw, 576px\" \/><\/td>\n<td width=\"201\"><img loading=\"lazy\" decoding=\"async\" class=\"size-large wp-image-52208 aligncenter\" src=\"https:\/\/www.lamennais.org\/wp-content\/uploads\/2026\/09\/WhatsApp-Image-2026-09-02-at-15.26.11-576x1024.jpeg\" alt=\"\" width=\"576\" height=\"1024\" srcset=\"https:\/\/www.lamennais.org\/wp-content\/uploads\/2026\/09\/WhatsApp-Image-2026-09-02-at-15.26.11-576x1024.jpeg 576w, https:\/\/www.lamennais.org\/wp-content\/uploads\/2026\/09\/WhatsApp-Image-2026-09-02-at-15.26.11-169x300.jpeg 169w, https:\/\/www.lamennais.org\/wp-content\/uploads\/2026\/09\/WhatsApp-Image-2026-09-02-at-15.26.11-768x1365.jpeg 768w, https:\/\/www.lamennais.org\/wp-content\/uploads\/2026\/09\/WhatsApp-Image-2026-09-02-at-15.26.11-864x1536.jpeg 864w, https:\/\/www.lamennais.org\/wp-content\/uploads\/2026\/09\/WhatsApp-Image-2026-09-02-at-15.26.11-260x462.jpeg 260w, https:\/\/www.lamennais.org\/wp-content\/uploads\/2026\/09\/WhatsApp-Image-2026-09-02-at-15.26.11.jpeg 1134w\" sizes=\"(max-width: 576px) 100vw, 576px\" \/><\/td>\n<\/tr>\n<\/tbody>\n<\/table>\n<p>Recordemos que <strong><em>Nabinoonya<\/em><\/strong> significa: donde la Virgen viene a cuidar, y a\u00fan m\u00e1s literalmente, \u00ab\u00a1quien viene a buscar remedios para sanar!\u00bb.<\/p>\n<p>El lunes 31 de agosto, el Consejo General tuvo el placer de recibir al <strong><em>Arzobispo de<\/em><\/strong> <strong><em>Kampala<\/em><\/strong> y al equipo provincial de la Provincia de Santa Teresa del Ni\u00f1o Jes\u00fas. Un encuentro fraterno y sencillo, marcado por la confianza y el intercambio fraterno.<\/p>\n<table>\n<tbody>\n<tr>\n<td width=\"201\"><img loading=\"lazy\" decoding=\"async\" class=\"size-large wp-image-52218 aligncenter\" src=\"https:\/\/www.lamennais.org\/wp-content\/uploads\/2026\/09\/WhatsApp-Image-2026-09-02-at-15.26.13-1-1024x576.jpeg\" alt=\"\" width=\"860\" height=\"484\" srcset=\"https:\/\/www.lamennais.org\/wp-content\/uploads\/2026\/09\/WhatsApp-Image-2026-09-02-at-15.26.13-1-1024x576.jpeg 1024w, https:\/\/www.lamennais.org\/wp-content\/uploads\/2026\/09\/WhatsApp-Image-2026-09-02-at-15.26.13-1-300x169.jpeg 300w, https:\/\/www.lamennais.org\/wp-content\/uploads\/2026\/09\/WhatsApp-Image-2026-09-02-at-15.26.13-1-768x432.jpeg 768w, https:\/\/www.lamennais.org\/wp-content\/uploads\/2026\/09\/WhatsApp-Image-2026-09-02-at-15.26.13-1-1536x864.jpeg 1536w, https:\/\/www.lamennais.org\/wp-content\/uploads\/2026\/09\/WhatsApp-Image-2026-09-02-at-15.26.13-1-260x146.jpeg 260w, https:\/\/www.lamennais.org\/wp-content\/uploads\/2026\/09\/WhatsApp-Image-2026-09-02-at-15.26.13-1.jpeg 2016w\" sizes=\"(max-width: 860px) 100vw, 860px\" \/><\/td>\n<td width=\"201\"><img loading=\"lazy\" decoding=\"async\" class=\"alignnone size-large wp-image-52215\" src=\"https:\/\/www.lamennais.org\/wp-content\/uploads\/2026\/09\/WhatsApp-Image-2026-09-02-at-15.26.12-2-1024x576.jpeg\" alt=\"\" width=\"860\" height=\"484\" srcset=\"https:\/\/www.lamennais.org\/wp-content\/uploads\/2026\/09\/WhatsApp-Image-2026-09-02-at-15.26.12-2-1024x576.jpeg 1024w, https:\/\/www.lamennais.org\/wp-content\/uploads\/2026\/09\/WhatsApp-Image-2026-09-02-at-15.26.12-2-300x169.jpeg 300w, https:\/\/www.lamennais.org\/wp-content\/uploads\/2026\/09\/WhatsApp-Image-2026-09-02-at-15.26.12-2-768x432.jpeg 768w, https:\/\/www.lamennais.org\/wp-content\/uploads\/2026\/09\/WhatsApp-Image-2026-09-02-at-15.26.12-2-1536x864.jpeg 1536w, https:\/\/www.lamennais.org\/wp-content\/uploads\/2026\/09\/WhatsApp-Image-2026-09-02-at-15.26.12-2-260x146.jpeg 260w, https:\/\/www.lamennais.org\/wp-content\/uploads\/2026\/09\/WhatsApp-Image-2026-09-02-at-15.26.12-2.jpeg 2016w\" sizes=\"(max-width: 860px) 100vw, 860px\" \/><\/td>\n<td width=\"201\"><img loading=\"lazy\" decoding=\"async\" class=\"size-large wp-image-52212 aligncenter\" src=\"https:\/\/www.lamennais.org\/wp-content\/uploads\/2026\/09\/WhatsApp-Image-2026-09-02-at-15.26.12-1-1024x576.jpeg\" alt=\"\" width=\"860\" height=\"484\" srcset=\"https:\/\/www.lamennais.org\/wp-content\/uploads\/2026\/09\/WhatsApp-Image-2026-09-02-at-15.26.12-1-1024x576.jpeg 1024w, https:\/\/www.lamennais.org\/wp-content\/uploads\/2026\/09\/WhatsApp-Image-2026-09-02-at-15.26.12-1-300x169.jpeg 300w, https:\/\/www.lamennais.org\/wp-content\/uploads\/2026\/09\/WhatsApp-Image-2026-09-02-at-15.26.12-1-768x432.jpeg 768w, https:\/\/www.lamennais.org\/wp-content\/uploads\/2026\/09\/WhatsApp-Image-2026-09-02-at-15.26.12-1-1536x864.jpeg 1536w, https:\/\/www.lamennais.org\/wp-content\/uploads\/2026\/09\/WhatsApp-Image-2026-09-02-at-15.26.12-1-260x146.jpeg 260w, https:\/\/www.lamennais.org\/wp-content\/uploads\/2026\/09\/WhatsApp-Image-2026-09-02-at-15.26.12-1.jpeg 2016w\" sizes=\"(max-width: 860px) 100vw, 860px\" \/><\/td>\n<\/tr>\n<\/tbody>\n<\/table>\n<p>\u00a1Cada d\u00eda, uno de los capellanes de Kisubi se ofrece a venir a celebrar la Eucarist\u00eda! \u00a1No tenemos que desplazarnos! \u00a1Qu\u00e9 bendici\u00f3n!<\/p>\n<table>\n<tbody>\n<tr>\n<td width=\"302\"><img loading=\"lazy\" decoding=\"async\" class=\"alignnone size-large wp-image-52222\" src=\"https:\/\/www.lamennais.org\/wp-content\/uploads\/2026\/09\/WhatsApp-Image-2026-09-02-at-15.24.30-1024x576.jpeg\" alt=\"\" width=\"860\" height=\"484\" srcset=\"https:\/\/www.lamennais.org\/wp-content\/uploads\/2026\/09\/WhatsApp-Image-2026-09-02-at-15.24.30-1024x576.jpeg 1024w, https:\/\/www.lamennais.org\/wp-content\/uploads\/2026\/09\/WhatsApp-Image-2026-09-02-at-15.24.30-300x169.jpeg 300w, https:\/\/www.lamennais.org\/wp-content\/uploads\/2026\/09\/WhatsApp-Image-2026-09-02-at-15.24.30-768x432.jpeg 768w, https:\/\/www.lamennais.org\/wp-content\/uploads\/2026\/09\/WhatsApp-Image-2026-09-02-at-15.24.30-1536x864.jpeg 1536w, https:\/\/www.lamennais.org\/wp-content\/uploads\/2026\/09\/WhatsApp-Image-2026-09-02-at-15.24.30-260x146.jpeg 260w, https:\/\/www.lamennais.org\/wp-content\/uploads\/2026\/09\/WhatsApp-Image-2026-09-02-at-15.24.30.jpeg 2048w\" sizes=\"(max-width: 860px) 100vw, 860px\" \/><\/td>\n<td width=\"302\"><img loading=\"lazy\" decoding=\"async\" class=\"size-large wp-image-52225 aligncenter\" src=\"https:\/\/www.lamennais.org\/wp-content\/uploads\/2026\/09\/WhatsApp-Image-2026-09-02-at-15.26.12-1024x576.jpeg\" alt=\"\" width=\"860\" height=\"484\" srcset=\"https:\/\/www.lamennais.org\/wp-content\/uploads\/2026\/09\/WhatsApp-Image-2026-09-02-at-15.26.12-1024x576.jpeg 1024w, https:\/\/www.lamennais.org\/wp-content\/uploads\/2026\/09\/WhatsApp-Image-2026-09-02-at-15.26.12-300x169.jpeg 300w, https:\/\/www.lamennais.org\/wp-content\/uploads\/2026\/09\/WhatsApp-Image-2026-09-02-at-15.26.12-768x432.jpeg 768w, https:\/\/www.lamennais.org\/wp-content\/uploads\/2026\/09\/WhatsApp-Image-2026-09-02-at-15.26.12-1536x864.jpeg 1536w, https:\/\/www.lamennais.org\/wp-content\/uploads\/2026\/09\/WhatsApp-Image-2026-09-02-at-15.26.12-260x146.jpeg 260w, https:\/\/www.lamennais.org\/wp-content\/uploads\/2026\/09\/WhatsApp-Image-2026-09-02-at-15.26.12.jpeg 2048w\" sizes=\"(max-width: 860px) 100vw, 860px\" \/><\/td>\n<\/tr>\n<\/tbody>\n<\/table>\n<p>Los Hermanos del Consejo General agradecen sinceramente a la Provincia de Uganda por ofrecer un espacio tan acogedor, verdaderamente propicio para las reuniones congregacionales que esperamos sean fruct\u00edferas para todos.<\/p>\n<p><em><strong>Hno. Herv\u00e9 ASSE<\/strong><\/em><\/p>\n","protected":false},"excerpt":{"rendered":"<p>Todos los Hermanos del Consejo General se reunieron en Nabinoonya el 29 de agosto para dar inicio a la sesi\u00f3n ordinaria del Consejo General el lunes 31 de agosto. Este Consejo General se desarrollar\u00e1 en dos partes: del 2 al 4 de septiembre en Uganda, y posteriormente continuar\u00e1 en Roma del 14 al 30 de [&hellip;]<\/p>\n","protected":false},"author":3,"featured_media":52188,"comment_status":"closed","ping_status":"closed","sticky":false,"template":"","format":"standard","meta":{"footnotes":""},"categories":[105],"tags":[],"class_list":["post-52230","post","type-post","status-publish","format-standard","has-post-thumbnail","hentry","category-noticias"],"yoast_head":"<!-- This site is optimized with the Yoast SEO plugin v28.4 - https:\/\/yoast.com\/product\/yoast-seo-wordpress\/ -->\n<title>Uganda \u2013 Nabinoonya: sesi\u00f3n del Consejo General - LaMennais.org<\/title>\n<meta name=\"robots\" content=\"index, follow, max-snippet:-1, max-image-preview:large, max-video-preview:-1\" \/>\n<link rel=\"canonical\" href=\"https:\/\/www.lamennais.org\/es\/uganda-nabinoonya-sesion-del-consejo-general\/\" \/>\n<meta property=\"og:locale\" content=\"es_ES\" \/>\n<meta property=\"og:type\" content=\"article\" \/>\n<meta property=\"og:title\" content=\"Uganda \u2013 Nabinoonya: sesi\u00f3n del Consejo General - LaMennais.org\" \/>\n<meta property=\"og:description\" content=\"Todos los Hermanos del Consejo General se reunieron en Nabinoonya el 29 de agosto para dar inicio a la sesi\u00f3n ordinaria del Consejo General el lunes 31 de agosto. Este Consejo General se desarrollar\u00e1 en dos partes: del 2 al 4 de septiembre en Uganda, y posteriormente continuar\u00e1 en Roma del 14 al 30 de [&hellip;]\" \/>\n<meta property=\"og:url\" content=\"https:\/\/www.lamennais.org\/es\/uganda-nabinoonya-sesion-del-consejo-general\/\" \/>\n<meta property=\"og:site_name\" content=\"LaMennais.org\" \/>\n<meta property=\"article:published_time\" content=\"2026-09-03T11:56:04+00:00\" \/>\n<meta property=\"article:modified_time\" content=\"2026-09-04T13:45:18+00:00\" \/>\n<meta property=\"og:image\" content=\"https:\/\/www.lamennais.org\/wp-content\/uploads\/2026\/09\/WhatsApp-Image-2026-09-02-at-15.26.08-1.jpeg\" \/>\n\t<meta property=\"og:image:width\" content=\"2016\" \/>\n\t<meta property=\"og:image:height\" content=\"1134\" \/>\n\t<meta property=\"og:image:type\" content=\"image\/jpeg\" \/>\n<meta name=\"author\" content=\"Herv\u00e9 Asse\" \/>\n<meta name=\"twitter:card\" content=\"summary_large_image\" \/>\n<meta name=\"twitter:label1\" content=\"Escrito por\" \/>\n\t<meta name=\"twitter:data1\" content=\"Herv\u00e9 Asse\" \/>\n\t<meta name=\"twitter:label2\" content=\"Tiempo de lectura\" \/>\n\t<meta name=\"twitter:data2\" content=\"4 minutos\" \/>\n<script type=\"application\/ld+json\" class=\"yoast-schema-graph\">{\"@context\":\"https:\\\/\\\/schema.org\",\"@graph\":[{\"@type\":\"Article\",\"@id\":\"https:\\\/\\\/www.lamennais.org\\\/es\\\/uganda-nabinoonya-sesion-del-consejo-general\\\/#article\",\"isPartOf\":{\"@id\":\"https:\\\/\\\/www.lamennais.org\\\/es\\\/uganda-nabinoonya-sesion-del-consejo-general\\\/\"},\"author\":{\"name\":\"Herv\u00e9 Asse\",\"@id\":\"https:\\\/\\\/www.lamennais.org\\\/#\\\/schema\\\/person\\\/2a8d6e8a95babedd5ba1c43afd2e3844\"},\"headline\":\"Uganda \u2013 Nabinoonya: sesi\u00f3n del Consejo General\",\"datePublished\":\"2026-09-03T11:56:04+00:00\",\"dateModified\":\"2026-09-04T13:45:18+00:00\",\"mainEntityOfPage\":{\"@id\":\"https:\\\/\\\/www.lamennais.org\\\/es\\\/uganda-nabinoonya-sesion-del-consejo-general\\\/\"},\"wordCount\":275,\"image\":{\"@id\":\"https:\\\/\\\/www.lamennais.org\\\/es\\\/uganda-nabinoonya-sesion-del-consejo-general\\\/#primaryimage\"},\"thumbnailUrl\":\"https:\\\/\\\/www.lamennais.org\\\/wp-content\\\/uploads\\\/2026\\\/09\\\/WhatsApp-Image-2026-09-02-at-15.26.08-1.jpeg\",\"articleSection\":[\"NOTICIAS\"],\"inLanguage\":\"es\"},{\"@type\":\"WebPage\",\"@id\":\"https:\\\/\\\/www.lamennais.org\\\/es\\\/uganda-nabinoonya-sesion-del-consejo-general\\\/\",\"url\":\"https:\\\/\\\/www.lamennais.org\\\/es\\\/uganda-nabinoonya-sesion-del-consejo-general\\\/\",\"name\":\"Uganda \u2013 Nabinoonya: sesi\u00f3n del Consejo General - LaMennais.org\",\"isPartOf\":{\"@id\":\"https:\\\/\\\/www.lamennais.org\\\/#website\"},\"primaryImageOfPage\":{\"@id\":\"https:\\\/\\\/www.lamennais.org\\\/es\\\/uganda-nabinoonya-sesion-del-consejo-general\\\/#primaryimage\"},\"image\":{\"@id\":\"https:\\\/\\\/www.lamennais.org\\\/es\\\/uganda-nabinoonya-sesion-del-consejo-general\\\/#primaryimage\"},\"thumbnailUrl\":\"https:\\\/\\\/www.lamennais.org\\\/wp-content\\\/uploads\\\/2026\\\/09\\\/WhatsApp-Image-2026-09-02-at-15.26.08-1.jpeg\",\"datePublished\":\"2026-09-03T11:56:04+00:00\",\"dateModified\":\"2026-09-04T13:45:18+00:00\",\"author\":{\"@id\":\"https:\\\/\\\/www.lamennais.org\\\/#\\\/schema\\\/person\\\/2a8d6e8a95babedd5ba1c43afd2e3844\"},\"breadcrumb\":{\"@id\":\"https:\\\/\\\/www.lamennais.org\\\/es\\\/uganda-nabinoonya-sesion-del-consejo-general\\\/#breadcrumb\"},\"inLanguage\":\"es\",\"potentialAction\":[{\"@type\":\"ReadAction\",\"target\":[\"https:\\\/\\\/www.lamennais.org\\\/es\\\/uganda-nabinoonya-sesion-del-consejo-general\\\/\"]}]},{\"@type\":\"ImageObject\",\"inLanguage\":\"es\",\"@id\":\"https:\\\/\\\/www.lamennais.org\\\/es\\\/uganda-nabinoonya-sesion-del-consejo-general\\\/#primaryimage\",\"url\":\"https:\\\/\\\/www.lamennais.org\\\/wp-content\\\/uploads\\\/2026\\\/09\\\/WhatsApp-Image-2026-09-02-at-15.26.08-1.jpeg\",\"contentUrl\":\"https:\\\/\\\/www.lamennais.org\\\/wp-content\\\/uploads\\\/2026\\\/09\\\/WhatsApp-Image-2026-09-02-at-15.26.08-1.jpeg\",\"width\":2016,\"height\":1134},{\"@type\":\"BreadcrumbList\",\"@id\":\"https:\\\/\\\/www.lamennais.org\\\/es\\\/uganda-nabinoonya-sesion-del-consejo-general\\\/#breadcrumb\",\"itemListElement\":[{\"@type\":\"ListItem\",\"position\":1,\"name\":\"Accueil\",\"item\":\"https:\\\/\\\/www.lamennais.org\\\/\"},{\"@type\":\"ListItem\",\"position\":2,\"name\":\"Uganda \u2013 Nabinoonya: sesi\u00f3n del Consejo General\"}]},{\"@type\":\"WebSite\",\"@id\":\"https:\\\/\\\/www.lamennais.org\\\/#website\",\"url\":\"https:\\\/\\\/www.lamennais.org\\\/\",\"name\":\"LaMennais.org\",\"description\":\"Fr\u00e8res de l&#039;Instruction Chr\u00e9tienne et Famille Mennaisienne\",\"potentialAction\":[{\"@type\":\"SearchAction\",\"target\":{\"@type\":\"EntryPoint\",\"urlTemplate\":\"https:\\\/\\\/www.lamennais.org\\\/?s={search_term_string}\"},\"query-input\":{\"@type\":\"PropertyValueSpecification\",\"valueRequired\":true,\"valueName\":\"search_term_string\"}}],\"inLanguage\":\"es\"},{\"@type\":\"Person\",\"@id\":\"https:\\\/\\\/www.lamennais.org\\\/#\\\/schema\\\/person\\\/2a8d6e8a95babedd5ba1c43afd2e3844\",\"name\":\"Herv\u00e9 Asse\",\"image\":{\"@type\":\"ImageObject\",\"inLanguage\":\"es\",\"@id\":\"https:\\\/\\\/secure.gravatar.com\\\/avatar\\\/1aaa7b1baf759c8b40525f40af381cbaa2b0ddd554f57145bceb0654ba45b4c0?s=96&d=mm&r=g\",\"url\":\"https:\\\/\\\/secure.gravatar.com\\\/avatar\\\/1aaa7b1baf759c8b40525f40af381cbaa2b0ddd554f57145bceb0654ba45b4c0?s=96&d=mm&r=g\",\"contentUrl\":\"https:\\\/\\\/secure.gravatar.com\\\/avatar\\\/1aaa7b1baf759c8b40525f40af381cbaa2b0ddd554f57145bceb0654ba45b4c0?s=96&d=mm&r=g\",\"caption\":\"Herv\u00e9 Asse\"}}]}<\/script>\n<!-- \/ Yoast SEO plugin. -->","yoast_head_json":{"title":"Uganda \u2013 Nabinoonya: sesi\u00f3n del Consejo General - LaMennais.org","robots":{"index":"index","follow":"follow","max-snippet":"max-snippet:-1","max-image-preview":"max-image-preview:large","max-video-preview":"max-video-preview:-1"},"canonical":"https:\/\/www.lamennais.org\/es\/uganda-nabinoonya-sesion-del-consejo-general\/","og_locale":"es_ES","og_type":"article","og_title":"Uganda \u2013 Nabinoonya: sesi\u00f3n del Consejo General - LaMennais.org","og_description":"Todos los Hermanos del Consejo General se reunieron en Nabinoonya el 29 de agosto para dar inicio a la sesi\u00f3n ordinaria del Consejo General el lunes 31 de agosto. Este Consejo General se desarrollar\u00e1 en dos partes: del 2 al 4 de septiembre en Uganda, y posteriormente continuar\u00e1 en Roma del 14 al 30 de [&hellip;]","og_url":"https:\/\/www.lamennais.org\/es\/uganda-nabinoonya-sesion-del-consejo-general\/","og_site_name":"LaMennais.org","article_published_time":"2026-09-03T11:56:04+00:00","article_modified_time":"2026-09-04T13:45:18+00:00","og_image":[{"width":2016,"height":1134,"url":"https:\/\/www.lamennais.org\/wp-content\/uploads\/2026\/09\/WhatsApp-Image-2026-09-02-at-15.26.08-1.jpeg","type":"image\/jpeg"}],"author":"Herv\u00e9 Asse","twitter_card":"summary_large_image","twitter_misc":{"Escrito por":"Herv\u00e9 Asse","Tiempo de lectura":"4 minutos"},"schema":{"@context":"https:\/\/schema.org","@graph":[{"@type":"Article","@id":"https:\/\/www.lamennais.org\/es\/uganda-nabinoonya-sesion-del-consejo-general\/#article","isPartOf":{"@id":"https:\/\/www.lamennais.org\/es\/uganda-nabinoonya-sesion-del-consejo-general\/"},"author":{"name":"Herv\u00e9 Asse","@id":"https:\/\/www.lamennais.org\/#\/schema\/person\/2a8d6e8a95babedd5ba1c43afd2e3844"},"headline":"Uganda \u2013 Nabinoonya: sesi\u00f3n del Consejo General","datePublished":"2026-09-03T11:56:04+00:00","dateModified":"2026-09-04T13:45:18+00:00","mainEntityOfPage":{"@id":"https:\/\/www.lamennais.org\/es\/uganda-nabinoonya-sesion-del-consejo-general\/"},"wordCount":275,"image":{"@id":"https:\/\/www.lamennais.org\/es\/uganda-nabinoonya-sesion-del-consejo-general\/#primaryimage"},"thumbnailUrl":"https:\/\/www.lamennais.org\/wp-content\/uploads\/2026\/09\/WhatsApp-Image-2026-09-02-at-15.26.08-1.jpeg","articleSection":["NOTICIAS"],"inLanguage":"es"},{"@type":"WebPage","@id":"https:\/\/www.lamennais.org\/es\/uganda-nabinoonya-sesion-del-consejo-general\/","url":"https:\/\/www.lamennais.org\/es\/uganda-nabinoonya-sesion-del-consejo-general\/","name":"Uganda \u2013 Nabinoonya: sesi\u00f3n del Consejo General - LaMennais.org","isPartOf":{"@id":"https:\/\/www.lamennais.org\/#website"},"primaryImageOfPage":{"@id":"https:\/\/www.lamennais.org\/es\/uganda-nabinoonya-sesion-del-consejo-general\/#primaryimage"},"image":{"@id":"https:\/\/www.lamennais.org\/es\/uganda-nabinoonya-sesion-del-consejo-general\/#primaryimage"},"thumbnailUrl":"https:\/\/www.lamennais.org\/wp-content\/uploads\/2026\/09\/WhatsApp-Image-2026-09-02-at-15.26.08-1.jpeg","datePublished":"2026-09-03T11:56:04+00:00","dateModified":"2026-09-04T13:45:18+00:00","author":{"@id":"https:\/\/www.lamennais.org\/#\/schema\/person\/2a8d6e8a95babedd5ba1c43afd2e3844"},"breadcrumb":{"@id":"https:\/\/www.lamennais.org\/es\/uganda-nabinoonya-sesion-del-consejo-general\/#breadcrumb"},"inLanguage":"es","potentialAction":[{"@type":"ReadAction","target":["https:\/\/www.lamennais.org\/es\/uganda-nabinoonya-sesion-del-consejo-general\/"]}]},{"@type":"ImageObject","inLanguage":"es","@id":"https:\/\/www.lamennais.org\/es\/uganda-nabinoonya-sesion-del-consejo-general\/#primaryimage","url":"https:\/\/www.lamennais.org\/wp-content\/uploads\/2026\/09\/WhatsApp-Image-2026-09-02-at-15.26.08-1.jpeg","contentUrl":"https:\/\/www.lamennais.org\/wp-content\/uploads\/2026\/09\/WhatsApp-Image-2026-09-02-at-15.26.08-1.jpeg","width":2016,"height":1134},{"@type":"BreadcrumbList","@id":"https:\/\/www.lamennais.org\/es\/uganda-nabinoonya-sesion-del-consejo-general\/#breadcrumb","itemListElement":[{"@type":"ListItem","position":1,"name":"Accueil","item":"https:\/\/www.lamennais.org\/"},{"@type":"ListItem","position":2,"name":"Uganda \u2013 Nabinoonya: sesi\u00f3n del Consejo General"}]},{"@type":"WebSite","@id":"https:\/\/www.lamennais.org\/#website","url":"https:\/\/www.lamennais.org\/","name":"LaMennais.org","description":"Fr\u00e8res de l&#039;Instruction Chr\u00e9tienne et Famille Mennaisienne","potentialAction":[{"@type":"SearchAction","target":{"@type":"EntryPoint","urlTemplate":"https:\/\/www.lamennais.org\/?s={search_term_string}"},"query-input":{"@type":"PropertyValueSpecification","valueRequired":true,"valueName":"search_term_string"}}],"inLanguage":"es"},{"@type":"Person","@id":"https:\/\/www.lamennais.org\/#\/schema\/person\/2a8d6e8a95babedd5ba1c43afd2e3844","name":"Herv\u00e9 Asse","image":{"@type":"ImageObject","inLanguage":"es","@id":"https:\/\/secure.gravatar.com\/avatar\/1aaa7b1baf759c8b40525f40af381cbaa2b0ddd554f57145bceb0654ba45b4c0?s=96&d=mm&r=g","url":"https:\/\/secure.gravatar.com\/avatar\/1aaa7b1baf759c8b40525f40af381cbaa2b0ddd554f57145bceb0654ba45b4c0?s=96&d=mm&r=g","contentUrl":"https:\/\/secure.gravatar.com\/avatar\/1aaa7b1baf759c8b40525f40af381cbaa2b0ddd554f57145bceb0654ba45b4c0?s=96&d=mm&r=g","caption":"Herv\u00e9 Asse"}}]}},"_links":{"self":[{"href":"https:\/\/www.lamennais.org\/es\/wp-json\/wp\/v2\/posts\/52230","targetHints":{"allow":["GET"]}}],"collection":[{"href":"https:\/\/www.lamennais.org\/es\/wp-json\/wp\/v2\/posts"}],"about":[{"href":"https:\/\/www.lamennais.org\/es\/wp-json\/wp\/v2\/types\/post"}],"author":[{"embeddable":true,"href":"https:\/\/www.lamennais.org\/es\/wp-json\/wp\/v2\/users\/3"}],"replies":[{"embeddable":true,"href":"https:\/\/www.lamennais.org\/es\/wp-json\/wp\/v2\/comments?post=52230"}],"version-history":[{"count":1,"href":"https:\/\/www.lamennais.org\/es\/wp-json\/wp\/v2\/posts\/52230\/revisions"}],"predecessor-version":[{"id":52231,"href":"https:\/\/www.lamennais.org\/es\/wp-json\/wp\/v2\/posts\/52230\/revisions\/52231"}],"wp:featuredmedia":[{"embeddable":true,"href":"https:\/\/www.lamennais.org\/es\/wp-json\/wp\/v2\/media\/52188"}],"wp:attachment":[{"href":"https:\/\/www.lamennais.org\/es\/wp-json\/wp\/v2\/media?parent=52230"}],"wp:term":[{"taxonomy":"category","embeddable":true,"href":"https:\/\/www.lamennais.org\/es\/wp-json\/wp\/v2\/categories?post=52230"},{"taxonomy":"post_tag","embeddable":true,"href":"https:\/\/www.lamennais.org\/es\/wp-json\/wp\/v2\/tags?post=52230"}],"curies":[{"name":"wp","href":"https:\/\/api.w.org\/{rel}","templated":true}]}}