{"id":52182,"date":"2026-09-01T16:16:33","date_gmt":"2026-09-01T14:16:33","guid":{"rendered":"https:\/\/www.lamennais.org\/?p=52182"},"modified":"2026-09-02T14:11:48","modified_gmt":"2026-09-02T12:11:48","slug":"francia-ploermel-fiesta-de-la-familia-menesiana","status":"publish","type":"post","link":"https:\/\/www.lamennais.org\/es\/francia-ploermel-fiesta-de-la-familia-menesiana\/","title":{"rendered":"Francia &#8211; Plo\u00ebrmel: Fiesta de la Familia Menesiana"},"content":{"rendered":"<p><strong><em>Como cada a\u00f1o, al finalizar las vacaciones de verano y antes del inicio del nuevo curso escolar, este a\u00f1o, el domingo 30 de agosto, toda la Provincia de San Juan Bautista se reuni\u00f3 en Plo\u00ebrmel para celebrar a la Familia Menesiana. El d\u00eda fue marcado por diversos eventos:<\/em><\/strong><\/p>\n<h2><strong>Primero paso: Asamblea<\/strong><\/h2>\n<p><img fetchpriority=\"high\" decoding=\"async\" class=\"size-large wp-image-52129 alignleft\" src=\"https:\/\/www.lamennais.org\/wp-content\/uploads\/2026\/09\/20260830_113009-1024x473.jpg\" alt=\"\" width=\"860\" height=\"397\" srcset=\"https:\/\/www.lamennais.org\/wp-content\/uploads\/2026\/09\/20260830_113009-1024x473.jpg 1024w, https:\/\/www.lamennais.org\/wp-content\/uploads\/2026\/09\/20260830_113009-300x139.jpg 300w, https:\/\/www.lamennais.org\/wp-content\/uploads\/2026\/09\/20260830_113009-768x355.jpg 768w, https:\/\/www.lamennais.org\/wp-content\/uploads\/2026\/09\/20260830_113009-1536x710.jpg 1536w, https:\/\/www.lamennais.org\/wp-content\/uploads\/2026\/09\/20260830_113009-2048x946.jpg 2048w, https:\/\/www.lamennais.org\/wp-content\/uploads\/2026\/09\/20260830_113009-260x120.jpg 260w\" sizes=\"(max-width: 860px) 100vw, 860px\" \/><\/p>\n<p>Nuestra asamblea menesiana comenz\u00f3 con un momento de oraci\u00f3n. Fue ilustrado con un fragmento de \u00abMagnifica Humanitas\u00bb (Papa Le\u00f3n XIV).<\/p>\n<div id=\"attachment_52135\" style=\"width: 310px\" class=\"wp-caption alignright\"><img decoding=\"async\" aria-describedby=\"caption-attachment-52135\" class=\"size-medium wp-image-52135\" src=\"https:\/\/www.lamennais.org\/wp-content\/uploads\/2026\/09\/20250914130947703-300x225.jpg\" alt=\"\" width=\"300\" height=\"225\" srcset=\"https:\/\/www.lamennais.org\/wp-content\/uploads\/2026\/09\/20250914130947703-300x225.jpg 300w, https:\/\/www.lamennais.org\/wp-content\/uploads\/2026\/09\/20250914130947703-768x576.jpg 768w, https:\/\/www.lamennais.org\/wp-content\/uploads\/2026\/09\/20250914130947703-260x195.jpg 260w, https:\/\/www.lamennais.org\/wp-content\/uploads\/2026\/09\/20250914130947703.jpg 1024w\" sizes=\"(max-width: 300px) 100vw, 300px\" \/><p id=\"caption-attachment-52135\" class=\"wp-caption-text\">Le pape L\u00e9on XIV f\u00eate ses 70 ans dimanche.<\/p><\/div>\n<p><em>\u201cEl poder de las palabras es enorme y lo experimentamos en nuestra comunicaci\u00f3n cotidiana, cuando alguien nos dice algo que cambia nuestro estado de \u00e1nimo,<\/em><\/p>\n<p><em>ya sea para bien o para mal. \u00abLa paz comienza por cada uno de nosotros, por el modo en el que miramos a los dem\u00e1s, escuchamos a los dem\u00e1s, hablamos de los dem\u00e1s; y, en este sentido, el modo en que comunicamos tiene una importancia fundamental; debemos decir \u00abno\u00bb a la guerra de las palabras y de las im\u00e1genes, debemos rechazar el paradigma de la guerra\u00bb. Todos debemos, por tanto, hacer un examen de conciencia sobre las palabras que usamos, sobre los prejuicios de los que est\u00e1n impregnadas y sobre la agresividad, abierta o encubierta, que las motiva. Tenemos una posibilidad real de contribuir al bien cada vez que decimos la verdad, que damos un consejo sabio, que apoyamos a quien necesita consuelo, que denunciamos una injusticia o damos voz a quien no la tiene. (n.\u00ba 214)<\/em><\/p>\n<p>La Familia Menesiasa se identifica claramente con este texto, ya que su lema para el a\u00f1o es <strong><em>\u00abDime las PALABRAS que dan vida\u00bb.<\/em><\/strong><\/p>\n<p><img decoding=\"async\" class=\"size-full wp-image-52137 alignleft\" src=\"https:\/\/www.lamennais.org\/wp-content\/uploads\/2026\/09\/com.jpg\" alt=\"\" width=\"399\" height=\"264\" srcset=\"https:\/\/www.lamennais.org\/wp-content\/uploads\/2026\/09\/com.jpg 399w, https:\/\/www.lamennais.org\/wp-content\/uploads\/2026\/09\/com-300x198.jpg 300w, https:\/\/www.lamennais.org\/wp-content\/uploads\/2026\/09\/com-260x172.jpg 260w\" sizes=\"(max-width: 399px) 100vw, 399px\" \/><\/p>\n<p>A continuaci\u00f3n, el Hermano Yannick tom\u00f3 la palabra para presentar las prioridades importantes para este nuevo a\u00f1o. Record\u00f3 las decisiones tomadas en la Asamblea Capitular de octubre de 2025, y en particular la creaci\u00f3n del \u00ab<strong><em>Comit\u00e9 de la Familia Menesiana\u00bb<\/em><\/strong>, integrado por el Provincial y su adjunto, y representantes de cada componente de la Familia Menesia:<strong> ESTIVAL, ASSIFIC, COCOFRAM, el equipo TUTELLE, el FMI, LAM y CAMM.*<\/strong><\/p>\n<p><strong><em>*<\/em><\/strong><em>ESTIVAL: asociaci\u00f3n para campamentos de vacaciones \u2013 Assific: ONG \u2013 COCOFRAM: comit\u00e9 coordinador de las Fraternidades Menesianas \u2013 TUTELLE: organismo responsable de la gesti\u00f3n y el apoyo de los establecimientos de la red \u2013 IMF: Instituto Menesiano de Formaci\u00f3n \u2013 LAM: Asociados Laicos Meneasianos \u2013 CAMM: Centro de Recepci\u00f3n de la Casa Madre<\/em><\/p>\n<h2><strong>Segundo : Celebraci\u00f3n del Jubileo<\/strong><\/h2>\n<p><strong><em><img loading=\"lazy\" decoding=\"async\" class=\" wp-image-52140 alignright\" src=\"https:\/\/www.lamennais.org\/wp-content\/uploads\/2026\/09\/20260830_103225-1024x473.jpg\" alt=\"\" width=\"756\" height=\"349\" srcset=\"https:\/\/www.lamennais.org\/wp-content\/uploads\/2026\/09\/20260830_103225-1024x473.jpg 1024w, https:\/\/www.lamennais.org\/wp-content\/uploads\/2026\/09\/20260830_103225-300x139.jpg 300w, https:\/\/www.lamennais.org\/wp-content\/uploads\/2026\/09\/20260830_103225-768x355.jpg 768w, https:\/\/www.lamennais.org\/wp-content\/uploads\/2026\/09\/20260830_103225-1536x710.jpg 1536w, https:\/\/www.lamennais.org\/wp-content\/uploads\/2026\/09\/20260830_103225-2048x946.jpg 2048w, https:\/\/www.lamennais.org\/wp-content\/uploads\/2026\/09\/20260830_103225-260x120.jpg 260w\" sizes=\"(max-width: 756px) 100vw, 756px\" \/><\/em><\/strong><\/p>\n<p><strong><em>Este a\u00f1o se rinde homenaje a cuatro Hermanos por sus 50 a\u00f1os de vida religiosa: de izquierda a derecha, el Hermano Thierry BEAUPLET, el Hermano Jean HERBINIERE, el Hermano Daniel BRIANT y el Hermano Omer CHOUAN (quien permaneci\u00f3 en las Marquesas).<\/em><\/strong><\/p>\n<p><strong><em><img loading=\"lazy\" decoding=\"async\" class=\"size-medium wp-image-52148 alignleft\" src=\"https:\/\/www.lamennais.org\/wp-content\/uploads\/2026\/09\/20260830_111001-139x300.jpg\" alt=\"\" width=\"139\" height=\"300\" srcset=\"https:\/\/www.lamennais.org\/wp-content\/uploads\/2026\/09\/20260830_111001-139x300.jpg 139w, https:\/\/www.lamennais.org\/wp-content\/uploads\/2026\/09\/20260830_111001-473x1024.jpg 473w, https:\/\/www.lamennais.org\/wp-content\/uploads\/2026\/09\/20260830_111001-768x1662.jpg 768w, https:\/\/www.lamennais.org\/wp-content\/uploads\/2026\/09\/20260830_111001-710x1536.jpg 710w, https:\/\/www.lamennais.org\/wp-content\/uploads\/2026\/09\/20260830_111001-946x2048.jpg 946w, https:\/\/www.lamennais.org\/wp-content\/uploads\/2026\/09\/20260830_111001-231x500.jpg 231w, https:\/\/www.lamennais.org\/wp-content\/uploads\/2026\/09\/20260830_111001-scaled.jpg 1183w\" sizes=\"(max-width: 139px) 100vw, 139px\" \/><\/em><\/strong><\/p>\n<p><strong><em>Pero otros diez Hermanos celebraban su 60 aniversario de vida religiosa y otros cuatro su 70 aniversario de vida religiosa.<\/em><\/strong><\/p>\n<p>He aqu\u00ed al <strong><em>Hno. <\/em><\/strong><strong><em>Andr\u00e9 GUERLAIS<\/em><\/strong> presentando la historia de vida del <strong><em>Hno. <\/em><\/strong><strong><em>Jean HERBINIERE.<\/em><\/strong><\/p>\n<p>La vida del <strong><em>Hermano Daniel Briant<\/em><\/strong> fue presentada por el <strong><em>Hermano Jean-Yves Hamon<\/em><\/strong> y la del <strong><em>Hermano Thierry Beauplet<\/em><\/strong> por el <strong><em>Hermano Gabriel Douaud<\/em><\/strong>.<\/p>\n<h2><strong>Tercero : Celebraci\u00f3n Eucar\u00edstica <\/strong><\/h2>\n<p>Fue presidida por el P<strong>adre Paul HABERT<\/strong>, Vicario general de la di\u00f3cesis de Rennes.<\/p>\n<table>\n<tbody>\n<tr>\n<td width=\"302\"><img loading=\"lazy\" decoding=\"async\" class=\"size-large wp-image-52152 aligncenter\" src=\"https:\/\/www.lamennais.org\/wp-content\/uploads\/2026\/09\/20260830_115539-1024x473.jpg\" alt=\"\" width=\"860\" height=\"397\" srcset=\"https:\/\/www.lamennais.org\/wp-content\/uploads\/2026\/09\/20260830_115539-1024x473.jpg 1024w, https:\/\/www.lamennais.org\/wp-content\/uploads\/2026\/09\/20260830_115539-300x139.jpg 300w, https:\/\/www.lamennais.org\/wp-content\/uploads\/2026\/09\/20260830_115539-768x355.jpg 768w, https:\/\/www.lamennais.org\/wp-content\/uploads\/2026\/09\/20260830_115539-1536x710.jpg 1536w, https:\/\/www.lamennais.org\/wp-content\/uploads\/2026\/09\/20260830_115539-2048x946.jpg 2048w, https:\/\/www.lamennais.org\/wp-content\/uploads\/2026\/09\/20260830_115539-260x120.jpg 260w\" sizes=\"(max-width: 860px) 100vw, 860px\" \/><\/td>\n<td rowspan=\"2\" width=\"302\"><img loading=\"lazy\" decoding=\"async\" class=\"alignnone size-large wp-image-52158\" src=\"https:\/\/www.lamennais.org\/wp-content\/uploads\/2026\/09\/20260830_124106-473x1024.jpg\" alt=\"\" width=\"473\" height=\"1024\" srcset=\"https:\/\/www.lamennais.org\/wp-content\/uploads\/2026\/09\/20260830_124106-473x1024.jpg 473w, https:\/\/www.lamennais.org\/wp-content\/uploads\/2026\/09\/20260830_124106-139x300.jpg 139w, https:\/\/www.lamennais.org\/wp-content\/uploads\/2026\/09\/20260830_124106-768x1662.jpg 768w, https:\/\/www.lamennais.org\/wp-content\/uploads\/2026\/09\/20260830_124106-710x1536.jpg 710w, https:\/\/www.lamennais.org\/wp-content\/uploads\/2026\/09\/20260830_124106-946x2048.jpg 946w, https:\/\/www.lamennais.org\/wp-content\/uploads\/2026\/09\/20260830_124106-231x500.jpg 231w, https:\/\/www.lamennais.org\/wp-content\/uploads\/2026\/09\/20260830_124106-scaled.jpg 1183w\" sizes=\"(max-width: 473px) 100vw, 473px\" \/><\/td>\n<\/tr>\n<tr>\n<td width=\"302\"><img loading=\"lazy\" decoding=\"async\" class=\"size-large wp-image-52155 aligncenter\" src=\"https:\/\/www.lamennais.org\/wp-content\/uploads\/2026\/09\/20260830_122922-1024x473.jpg\" alt=\"\" width=\"860\" height=\"397\" srcset=\"https:\/\/www.lamennais.org\/wp-content\/uploads\/2026\/09\/20260830_122922-1024x473.jpg 1024w, https:\/\/www.lamennais.org\/wp-content\/uploads\/2026\/09\/20260830_122922-300x139.jpg 300w, https:\/\/www.lamennais.org\/wp-content\/uploads\/2026\/09\/20260830_122922-768x355.jpg 768w, https:\/\/www.lamennais.org\/wp-content\/uploads\/2026\/09\/20260830_122922-1536x710.jpg 1536w, https:\/\/www.lamennais.org\/wp-content\/uploads\/2026\/09\/20260830_122922-2048x946.jpg 2048w, https:\/\/www.lamennais.org\/wp-content\/uploads\/2026\/09\/20260830_122922-260x120.jpg 260w\" sizes=\"(max-width: 860px) 100vw, 860px\" \/><\/td>\n<\/tr>\n<\/tbody>\n<\/table>\n<p><img loading=\"lazy\" decoding=\"async\" class=\"size-large wp-image-52163 aligncenter\" src=\"https:\/\/www.lamennais.org\/wp-content\/uploads\/2026\/09\/20260830_131150-1024x473.jpg\" alt=\"\" width=\"860\" height=\"397\" srcset=\"https:\/\/www.lamennais.org\/wp-content\/uploads\/2026\/09\/20260830_131150-1024x473.jpg 1024w, https:\/\/www.lamennais.org\/wp-content\/uploads\/2026\/09\/20260830_131150-300x139.jpg 300w, https:\/\/www.lamennais.org\/wp-content\/uploads\/2026\/09\/20260830_131150-768x355.jpg 768w, https:\/\/www.lamennais.org\/wp-content\/uploads\/2026\/09\/20260830_131150-1536x710.jpg 1536w, https:\/\/www.lamennais.org\/wp-content\/uploads\/2026\/09\/20260830_131150-2048x946.jpg 2048w, https:\/\/www.lamennais.org\/wp-content\/uploads\/2026\/09\/20260830_131150-260x120.jpg 260w\" sizes=\"(max-width: 860px) 100vw, 860px\" \/><\/p>\n<p style=\"text-align: center;\"><em>Los \u00abh\u00e9roes\u00bb del d\u00eda, acompa\u00f1ados por sus mayores, que celebraban sus 60 y 70 a\u00f1os de vida religiosa.<\/em><\/p>\n<p>Otro acontecimiento importante en la provincia fue<strong><em> la llegada de los cuatro Hermanos italianos<\/em><\/strong>. El Hermano Yannick los present\u00f3 a cada uno y les dio una calurosa bienvenida, agradeci\u00e9ndoles efusivamente y dese\u00e1ndoles un maravilloso nuevo cap\u00edtulo en sus vidas dentro de la Provincia: <strong><em>los Hermanos Dino de Carolis y Eugenio Manoni en Lourdes, y los Hermanos Mario Forino y Franco Graziosi en la Casa Madre en Plo\u00ebrmel.<\/em><\/strong><\/p>\n<table>\n<tbody>\n<tr>\n<td width=\"302\"><img loading=\"lazy\" decoding=\"async\" class=\"size-large wp-image-52167 aligncenter\" src=\"https:\/\/www.lamennais.org\/wp-content\/uploads\/2026\/09\/20260830_101154-1024x473.jpg\" alt=\"\" width=\"860\" height=\"397\" srcset=\"https:\/\/www.lamennais.org\/wp-content\/uploads\/2026\/09\/20260830_101154-1024x473.jpg 1024w, https:\/\/www.lamennais.org\/wp-content\/uploads\/2026\/09\/20260830_101154-300x139.jpg 300w, https:\/\/www.lamennais.org\/wp-content\/uploads\/2026\/09\/20260830_101154-768x355.jpg 768w, https:\/\/www.lamennais.org\/wp-content\/uploads\/2026\/09\/20260830_101154-1536x710.jpg 1536w, https:\/\/www.lamennais.org\/wp-content\/uploads\/2026\/09\/20260830_101154-2048x946.jpg 2048w, https:\/\/www.lamennais.org\/wp-content\/uploads\/2026\/09\/20260830_101154-260x120.jpg 260w\" sizes=\"(max-width: 860px) 100vw, 860px\" \/><\/td>\n<td width=\"302\"><img loading=\"lazy\" decoding=\"async\" class=\"size-large wp-image-52170 aligncenter\" src=\"https:\/\/www.lamennais.org\/wp-content\/uploads\/2026\/09\/20260830_131640-1024x473.jpg\" alt=\"\" width=\"860\" height=\"397\" srcset=\"https:\/\/www.lamennais.org\/wp-content\/uploads\/2026\/09\/20260830_131640-1024x473.jpg 1024w, https:\/\/www.lamennais.org\/wp-content\/uploads\/2026\/09\/20260830_131640-300x139.jpg 300w, https:\/\/www.lamennais.org\/wp-content\/uploads\/2026\/09\/20260830_131640-768x355.jpg 768w, https:\/\/www.lamennais.org\/wp-content\/uploads\/2026\/09\/20260830_131640-1536x710.jpg 1536w, https:\/\/www.lamennais.org\/wp-content\/uploads\/2026\/09\/20260830_131640-2048x946.jpg 2048w, https:\/\/www.lamennais.org\/wp-content\/uploads\/2026\/09\/20260830_131640-260x120.jpg 260w\" sizes=\"(max-width: 860px) 100vw, 860px\" \/><\/td>\n<\/tr>\n<\/tbody>\n<\/table>\n<p><strong><em>Por la ma\u00f1ana, los Hermanos Italianos fueron presentados en la asamblea, luego, despu\u00e9s de la celebraci\u00f3n eucar\u00edstica, aqu\u00ed, de izquierda a derecha, alrededor de la tumba del Fundador: Hno. Yannick \u2013 HNo. Franco \u2013Hno. Mario \u2013 Hno. Dino \u2013 Hno. Eugenio<\/em><\/strong><\/p>\n<h2><strong><img loading=\"lazy\" decoding=\"async\" class=\"size-large wp-image-52173 alignright\" src=\"https:\/\/www.lamennais.org\/wp-content\/uploads\/2026\/09\/20260830_152333-1024x473.jpg\" alt=\"\" width=\"860\" height=\"397\" srcset=\"https:\/\/www.lamennais.org\/wp-content\/uploads\/2026\/09\/20260830_152333-1024x473.jpg 1024w, https:\/\/www.lamennais.org\/wp-content\/uploads\/2026\/09\/20260830_152333-300x139.jpg 300w, https:\/\/www.lamennais.org\/wp-content\/uploads\/2026\/09\/20260830_152333-768x355.jpg 768w, https:\/\/www.lamennais.org\/wp-content\/uploads\/2026\/09\/20260830_152333-1536x710.jpg 1536w, https:\/\/www.lamennais.org\/wp-content\/uploads\/2026\/09\/20260830_152333-2048x946.jpg 2048w, https:\/\/www.lamennais.org\/wp-content\/uploads\/2026\/09\/20260830_152333-260x120.jpg 260w\" sizes=\"(max-width: 860px) 100vw, 860px\" \/><\/strong><\/h2>\n<h2><strong>Cuarto : una bebida y un buf\u00e9 en un ambiente distendido.<\/strong><\/h2>\n<h2><\/h2>\n<p>La jornada finaliza con un brindis amistoso y un buf\u00e9 que repone las fuerzas para emprender un nuevo a\u00f1o de vida comunitaria, apost\u00f3lica y misionera.<\/p>\n<p><strong><em>Noticia preparada por el Hermano Bernard Bourigault<\/em><\/strong><\/p>\n<p>&nbsp;<\/p>\n","protected":false},"excerpt":{"rendered":"<p>Como cada a\u00f1o, al finalizar las vacaciones de verano y antes del inicio del nuevo curso escolar, este a\u00f1o, el domingo 30 de agosto, toda la Provincia de San Juan Bautista se reuni\u00f3 en Plo\u00ebrmel para celebrar a la Familia Menesiana. El d\u00eda fue marcado por diversos eventos: Primero paso: Asamblea Nuestra asamblea menesiana comenz\u00f3 [&hellip;]<\/p>\n","protected":false},"author":3,"featured_media":52127,"comment_status":"closed","ping_status":"closed","sticky":false,"template":"","format":"standard","meta":{"footnotes":""},"categories":[105],"tags":[],"class_list":["post-52182","post","type-post","status-publish","format-standard","has-post-thumbnail","hentry","category-noticias"],"yoast_head":"<!-- This site is optimized with the Yoast SEO plugin v28.4 - https:\/\/yoast.com\/product\/yoast-seo-wordpress\/ -->\n<title>Francia - Plo\u00ebrmel: Fiesta de la Familia Menesiana - LaMennais.org<\/title>\n<meta name=\"robots\" content=\"index, follow, max-snippet:-1, max-image-preview:large, max-video-preview:-1\" \/>\n<link rel=\"canonical\" href=\"https:\/\/www.lamennais.org\/es\/francia-ploermel-fiesta-de-la-familia-menesiana\/\" \/>\n<meta property=\"og:locale\" content=\"es_ES\" \/>\n<meta property=\"og:type\" content=\"article\" \/>\n<meta property=\"og:title\" content=\"Francia - Plo\u00ebrmel: Fiesta de la Familia Menesiana - LaMennais.org\" \/>\n<meta property=\"og:description\" content=\"Como cada a\u00f1o, al finalizar las vacaciones de verano y antes del inicio del nuevo curso escolar, este a\u00f1o, el domingo 30 de agosto, toda la Provincia de San Juan Bautista se reuni\u00f3 en Plo\u00ebrmel para celebrar a la Familia Menesiana. El d\u00eda fue marcado por diversos eventos: Primero paso: Asamblea Nuestra asamblea menesiana comenz\u00f3 [&hellip;]\" \/>\n<meta property=\"og:url\" content=\"https:\/\/www.lamennais.org\/es\/francia-ploermel-fiesta-de-la-familia-menesiana\/\" \/>\n<meta property=\"og:site_name\" content=\"LaMennais.org\" \/>\n<meta property=\"article:published_time\" content=\"2026-09-01T14:16:33+00:00\" \/>\n<meta property=\"article:modified_time\" content=\"2026-09-02T12:11:48+00:00\" \/>\n<meta property=\"og:image\" content=\"https:\/\/www.lamennais.org\/wp-content\/uploads\/2026\/09\/slide-scaled.jpg\" \/>\n\t<meta property=\"og:image:width\" content=\"2560\" \/>\n\t<meta property=\"og:image:height\" content=\"1246\" \/>\n\t<meta property=\"og:image:type\" content=\"image\/jpeg\" \/>\n<meta name=\"author\" content=\"Herv\u00e9 Asse\" \/>\n<meta name=\"twitter:card\" content=\"summary_large_image\" \/>\n<meta name=\"twitter:label1\" content=\"Escrito por\" \/>\n\t<meta name=\"twitter:data1\" content=\"Herv\u00e9 Asse\" \/>\n\t<meta name=\"twitter:label2\" content=\"Tiempo de lectura\" \/>\n\t<meta name=\"twitter:data2\" content=\"6 minutos\" \/>\n<script type=\"application\/ld+json\" class=\"yoast-schema-graph\">{\"@context\":\"https:\\\/\\\/schema.org\",\"@graph\":[{\"@type\":\"Article\",\"@id\":\"https:\\\/\\\/www.lamennais.org\\\/es\\\/francia-ploermel-fiesta-de-la-familia-menesiana\\\/#article\",\"isPartOf\":{\"@id\":\"https:\\\/\\\/www.lamennais.org\\\/es\\\/francia-ploermel-fiesta-de-la-familia-menesiana\\\/\"},\"author\":{\"name\":\"Herv\u00e9 Asse\",\"@id\":\"https:\\\/\\\/www.lamennais.org\\\/#\\\/schema\\\/person\\\/2a8d6e8a95babedd5ba1c43afd2e3844\"},\"headline\":\"Francia &#8211; Plo\u00ebrmel: Fiesta de la Familia Menesiana\",\"datePublished\":\"2026-09-01T14:16:33+00:00\",\"dateModified\":\"2026-09-02T12:11:48+00:00\",\"mainEntityOfPage\":{\"@id\":\"https:\\\/\\\/www.lamennais.org\\\/es\\\/francia-ploermel-fiesta-de-la-familia-menesiana\\\/\"},\"wordCount\":715,\"image\":{\"@id\":\"https:\\\/\\\/www.lamennais.org\\\/es\\\/francia-ploermel-fiesta-de-la-familia-menesiana\\\/#primaryimage\"},\"thumbnailUrl\":\"https:\\\/\\\/www.lamennais.org\\\/wp-content\\\/uploads\\\/2026\\\/09\\\/slide-scaled.jpg\",\"articleSection\":[\"NOTICIAS\"],\"inLanguage\":\"es\"},{\"@type\":\"WebPage\",\"@id\":\"https:\\\/\\\/www.lamennais.org\\\/es\\\/francia-ploermel-fiesta-de-la-familia-menesiana\\\/\",\"url\":\"https:\\\/\\\/www.lamennais.org\\\/es\\\/francia-ploermel-fiesta-de-la-familia-menesiana\\\/\",\"name\":\"Francia - Plo\u00ebrmel: Fiesta de la Familia Menesiana - LaMennais.org\",\"isPartOf\":{\"@id\":\"https:\\\/\\\/www.lamennais.org\\\/#website\"},\"primaryImageOfPage\":{\"@id\":\"https:\\\/\\\/www.lamennais.org\\\/es\\\/francia-ploermel-fiesta-de-la-familia-menesiana\\\/#primaryimage\"},\"image\":{\"@id\":\"https:\\\/\\\/www.lamennais.org\\\/es\\\/francia-ploermel-fiesta-de-la-familia-menesiana\\\/#primaryimage\"},\"thumbnailUrl\":\"https:\\\/\\\/www.lamennais.org\\\/wp-content\\\/uploads\\\/2026\\\/09\\\/slide-scaled.jpg\",\"datePublished\":\"2026-09-01T14:16:33+00:00\",\"dateModified\":\"2026-09-02T12:11:48+00:00\",\"author\":{\"@id\":\"https:\\\/\\\/www.lamennais.org\\\/#\\\/schema\\\/person\\\/2a8d6e8a95babedd5ba1c43afd2e3844\"},\"breadcrumb\":{\"@id\":\"https:\\\/\\\/www.lamennais.org\\\/es\\\/francia-ploermel-fiesta-de-la-familia-menesiana\\\/#breadcrumb\"},\"inLanguage\":\"es\",\"potentialAction\":[{\"@type\":\"ReadAction\",\"target\":[\"https:\\\/\\\/www.lamennais.org\\\/es\\\/francia-ploermel-fiesta-de-la-familia-menesiana\\\/\"]}]},{\"@type\":\"ImageObject\",\"inLanguage\":\"es\",\"@id\":\"https:\\\/\\\/www.lamennais.org\\\/es\\\/francia-ploermel-fiesta-de-la-familia-menesiana\\\/#primaryimage\",\"url\":\"https:\\\/\\\/www.lamennais.org\\\/wp-content\\\/uploads\\\/2026\\\/09\\\/slide-scaled.jpg\",\"contentUrl\":\"https:\\\/\\\/www.lamennais.org\\\/wp-content\\\/uploads\\\/2026\\\/09\\\/slide-scaled.jpg\",\"width\":2560,\"height\":1246},{\"@type\":\"BreadcrumbList\",\"@id\":\"https:\\\/\\\/www.lamennais.org\\\/es\\\/francia-ploermel-fiesta-de-la-familia-menesiana\\\/#breadcrumb\",\"itemListElement\":[{\"@type\":\"ListItem\",\"position\":1,\"name\":\"Accueil\",\"item\":\"https:\\\/\\\/www.lamennais.org\\\/\"},{\"@type\":\"ListItem\",\"position\":2,\"name\":\"Francia &#8211; Plo\u00ebrmel: Fiesta de la Familia Menesiana\"}]},{\"@type\":\"WebSite\",\"@id\":\"https:\\\/\\\/www.lamennais.org\\\/#website\",\"url\":\"https:\\\/\\\/www.lamennais.org\\\/\",\"name\":\"LaMennais.org\",\"description\":\"Fr\u00e8res de l&#039;Instruction Chr\u00e9tienne et Famille Mennaisienne\",\"potentialAction\":[{\"@type\":\"SearchAction\",\"target\":{\"@type\":\"EntryPoint\",\"urlTemplate\":\"https:\\\/\\\/www.lamennais.org\\\/?s={search_term_string}\"},\"query-input\":{\"@type\":\"PropertyValueSpecification\",\"valueRequired\":true,\"valueName\":\"search_term_string\"}}],\"inLanguage\":\"es\"},{\"@type\":\"Person\",\"@id\":\"https:\\\/\\\/www.lamennais.org\\\/#\\\/schema\\\/person\\\/2a8d6e8a95babedd5ba1c43afd2e3844\",\"name\":\"Herv\u00e9 Asse\",\"image\":{\"@type\":\"ImageObject\",\"inLanguage\":\"es\",\"@id\":\"https:\\\/\\\/secure.gravatar.com\\\/avatar\\\/1aaa7b1baf759c8b40525f40af381cbaa2b0ddd554f57145bceb0654ba45b4c0?s=96&d=mm&r=g\",\"url\":\"https:\\\/\\\/secure.gravatar.com\\\/avatar\\\/1aaa7b1baf759c8b40525f40af381cbaa2b0ddd554f57145bceb0654ba45b4c0?s=96&d=mm&r=g\",\"contentUrl\":\"https:\\\/\\\/secure.gravatar.com\\\/avatar\\\/1aaa7b1baf759c8b40525f40af381cbaa2b0ddd554f57145bceb0654ba45b4c0?s=96&d=mm&r=g\",\"caption\":\"Herv\u00e9 Asse\"}}]}<\/script>\n<!-- \/ Yoast SEO plugin. -->","yoast_head_json":{"title":"Francia - Plo\u00ebrmel: Fiesta de la Familia Menesiana - LaMennais.org","robots":{"index":"index","follow":"follow","max-snippet":"max-snippet:-1","max-image-preview":"max-image-preview:large","max-video-preview":"max-video-preview:-1"},"canonical":"https:\/\/www.lamennais.org\/es\/francia-ploermel-fiesta-de-la-familia-menesiana\/","og_locale":"es_ES","og_type":"article","og_title":"Francia - Plo\u00ebrmel: Fiesta de la Familia Menesiana - LaMennais.org","og_description":"Como cada a\u00f1o, al finalizar las vacaciones de verano y antes del inicio del nuevo curso escolar, este a\u00f1o, el domingo 30 de agosto, toda la Provincia de San Juan Bautista se reuni\u00f3 en Plo\u00ebrmel para celebrar a la Familia Menesiana. El d\u00eda fue marcado por diversos eventos: Primero paso: Asamblea Nuestra asamblea menesiana comenz\u00f3 [&hellip;]","og_url":"https:\/\/www.lamennais.org\/es\/francia-ploermel-fiesta-de-la-familia-menesiana\/","og_site_name":"LaMennais.org","article_published_time":"2026-09-01T14:16:33+00:00","article_modified_time":"2026-09-02T12:11:48+00:00","og_image":[{"width":2560,"height":1246,"url":"https:\/\/www.lamennais.org\/wp-content\/uploads\/2026\/09\/slide-scaled.jpg","type":"image\/jpeg"}],"author":"Herv\u00e9 Asse","twitter_card":"summary_large_image","twitter_misc":{"Escrito por":"Herv\u00e9 Asse","Tiempo de lectura":"6 minutos"},"schema":{"@context":"https:\/\/schema.org","@graph":[{"@type":"Article","@id":"https:\/\/www.lamennais.org\/es\/francia-ploermel-fiesta-de-la-familia-menesiana\/#article","isPartOf":{"@id":"https:\/\/www.lamennais.org\/es\/francia-ploermel-fiesta-de-la-familia-menesiana\/"},"author":{"name":"Herv\u00e9 Asse","@id":"https:\/\/www.lamennais.org\/#\/schema\/person\/2a8d6e8a95babedd5ba1c43afd2e3844"},"headline":"Francia &#8211; Plo\u00ebrmel: Fiesta de la Familia Menesiana","datePublished":"2026-09-01T14:16:33+00:00","dateModified":"2026-09-02T12:11:48+00:00","mainEntityOfPage":{"@id":"https:\/\/www.lamennais.org\/es\/francia-ploermel-fiesta-de-la-familia-menesiana\/"},"wordCount":715,"image":{"@id":"https:\/\/www.lamennais.org\/es\/francia-ploermel-fiesta-de-la-familia-menesiana\/#primaryimage"},"thumbnailUrl":"https:\/\/www.lamennais.org\/wp-content\/uploads\/2026\/09\/slide-scaled.jpg","articleSection":["NOTICIAS"],"inLanguage":"es"},{"@type":"WebPage","@id":"https:\/\/www.lamennais.org\/es\/francia-ploermel-fiesta-de-la-familia-menesiana\/","url":"https:\/\/www.lamennais.org\/es\/francia-ploermel-fiesta-de-la-familia-menesiana\/","name":"Francia - Plo\u00ebrmel: Fiesta de la Familia Menesiana - LaMennais.org","isPartOf":{"@id":"https:\/\/www.lamennais.org\/#website"},"primaryImageOfPage":{"@id":"https:\/\/www.lamennais.org\/es\/francia-ploermel-fiesta-de-la-familia-menesiana\/#primaryimage"},"image":{"@id":"https:\/\/www.lamennais.org\/es\/francia-ploermel-fiesta-de-la-familia-menesiana\/#primaryimage"},"thumbnailUrl":"https:\/\/www.lamennais.org\/wp-content\/uploads\/2026\/09\/slide-scaled.jpg","datePublished":"2026-09-01T14:16:33+00:00","dateModified":"2026-09-02T12:11:48+00:00","author":{"@id":"https:\/\/www.lamennais.org\/#\/schema\/person\/2a8d6e8a95babedd5ba1c43afd2e3844"},"breadcrumb":{"@id":"https:\/\/www.lamennais.org\/es\/francia-ploermel-fiesta-de-la-familia-menesiana\/#breadcrumb"},"inLanguage":"es","potentialAction":[{"@type":"ReadAction","target":["https:\/\/www.lamennais.org\/es\/francia-ploermel-fiesta-de-la-familia-menesiana\/"]}]},{"@type":"ImageObject","inLanguage":"es","@id":"https:\/\/www.lamennais.org\/es\/francia-ploermel-fiesta-de-la-familia-menesiana\/#primaryimage","url":"https:\/\/www.lamennais.org\/wp-content\/uploads\/2026\/09\/slide-scaled.jpg","contentUrl":"https:\/\/www.lamennais.org\/wp-content\/uploads\/2026\/09\/slide-scaled.jpg","width":2560,"height":1246},{"@type":"BreadcrumbList","@id":"https:\/\/www.lamennais.org\/es\/francia-ploermel-fiesta-de-la-familia-menesiana\/#breadcrumb","itemListElement":[{"@type":"ListItem","position":1,"name":"Accueil","item":"https:\/\/www.lamennais.org\/"},{"@type":"ListItem","position":2,"name":"Francia &#8211; Plo\u00ebrmel: Fiesta de la Familia Menesiana"}]},{"@type":"WebSite","@id":"https:\/\/www.lamennais.org\/#website","url":"https:\/\/www.lamennais.org\/","name":"LaMennais.org","description":"Fr\u00e8res de l&#039;Instruction Chr\u00e9tienne et Famille Mennaisienne","potentialAction":[{"@type":"SearchAction","target":{"@type":"EntryPoint","urlTemplate":"https:\/\/www.lamennais.org\/?s={search_term_string}"},"query-input":{"@type":"PropertyValueSpecification","valueRequired":true,"valueName":"search_term_string"}}],"inLanguage":"es"},{"@type":"Person","@id":"https:\/\/www.lamennais.org\/#\/schema\/person\/2a8d6e8a95babedd5ba1c43afd2e3844","name":"Herv\u00e9 Asse","image":{"@type":"ImageObject","inLanguage":"es","@id":"https:\/\/secure.gravatar.com\/avatar\/1aaa7b1baf759c8b40525f40af381cbaa2b0ddd554f57145bceb0654ba45b4c0?s=96&d=mm&r=g","url":"https:\/\/secure.gravatar.com\/avatar\/1aaa7b1baf759c8b40525f40af381cbaa2b0ddd554f57145bceb0654ba45b4c0?s=96&d=mm&r=g","contentUrl":"https:\/\/secure.gravatar.com\/avatar\/1aaa7b1baf759c8b40525f40af381cbaa2b0ddd554f57145bceb0654ba45b4c0?s=96&d=mm&r=g","caption":"Herv\u00e9 Asse"}}]}},"_links":{"self":[{"href":"https:\/\/www.lamennais.org\/es\/wp-json\/wp\/v2\/posts\/52182","targetHints":{"allow":["GET"]}}],"collection":[{"href":"https:\/\/www.lamennais.org\/es\/wp-json\/wp\/v2\/posts"}],"about":[{"href":"https:\/\/www.lamennais.org\/es\/wp-json\/wp\/v2\/types\/post"}],"author":[{"embeddable":true,"href":"https:\/\/www.lamennais.org\/es\/wp-json\/wp\/v2\/users\/3"}],"replies":[{"embeddable":true,"href":"https:\/\/www.lamennais.org\/es\/wp-json\/wp\/v2\/comments?post=52182"}],"version-history":[{"count":2,"href":"https:\/\/www.lamennais.org\/es\/wp-json\/wp\/v2\/posts\/52182\/revisions"}],"predecessor-version":[{"id":52184,"href":"https:\/\/www.lamennais.org\/es\/wp-json\/wp\/v2\/posts\/52182\/revisions\/52184"}],"wp:featuredmedia":[{"embeddable":true,"href":"https:\/\/www.lamennais.org\/es\/wp-json\/wp\/v2\/media\/52127"}],"wp:attachment":[{"href":"https:\/\/www.lamennais.org\/es\/wp-json\/wp\/v2\/media?parent=52182"}],"wp:term":[{"taxonomy":"category","embeddable":true,"href":"https:\/\/www.lamennais.org\/es\/wp-json\/wp\/v2\/categories?post=52182"},{"taxonomy":"post_tag","embeddable":true,"href":"https:\/\/www.lamennais.org\/es\/wp-json\/wp\/v2\/tags?post=52182"}],"curies":[{"name":"wp","href":"https:\/\/api.w.org\/{rel}","templated":true}]}}