{"id":52115,"date":"2026-08-30T09:07:45","date_gmt":"2026-08-30T07:07:45","guid":{"rendered":"https:\/\/www.lamennais.org\/?p=52115"},"modified":"2026-08-30T19:21:13","modified_gmt":"2026-08-30T17:21:13","slug":"togo-dapaong-primeros-votos-y-4-nuevos-novicios","status":"publish","type":"post","link":"https:\/\/www.lamennais.org\/es\/togo-dapaong-primeros-votos-y-4-nuevos-novicios\/","title":{"rendered":"TOGO \u2013 DAPAONG: PRIMEROS VOTOS y 4 nuevos novicios"},"content":{"rendered":"<p style=\"text-align: center;\"><strong><em>Los reci\u00e9n profesos: de izquierda a derecha. Hermanos Herv\u00e9, Dominico Savio, \u00c9milien, Victor y \u00c9phrem.<\/em><\/strong><\/p>\n<p><strong><em>El s\u00e1bado 22 de agosto de 2026, en la parroquia de San Pablo Ap\u00f3stol de las Naciones, en la di\u00f3cesis de Dapaong (Togo), cinco novicios pronunciaron sus primeros votos.<\/em><\/strong><\/p>\n<p><strong><em>\u00a0<\/em><\/strong>Los Hermanos <strong>Herv\u00e9 Nanmangue DJANGBIEGOU<\/strong> y <strong>Victor Yendoub\u00e9<\/strong> <strong>YAMOULE<\/strong> son togoleses, del Distrito de los San Pablo, de \u00c1frica occidental, y los Hermanos <strong>Dominico-Savio NISINGIZWE<\/strong>, <strong>Emilien NSANZUMUBYEYI<\/strong> y <strong>Ephrem UZAYISABA<\/strong> son ruandeses, del distrito Notre-Dame de Kibeho.<\/p>\n<p>A las 9:00 a.m., la celebraci\u00f3n eucar\u00edstica, presidida por el <strong><em>padre Pascal DJIBONGUE,<\/em><\/strong> p\u00e1rroco, reuni\u00f3 con los futuros profesos, sacerdotes, religiosos, monjas y padres.<\/p>\n<p>En su homil\u00eda, el padre Pascal invit\u00f3 a los futuros profesos a ser libres para s\u00ed mismos. y no estar a merced de las influencias de este mundo; libres para amar y entregarse a los dem\u00e1s; libres para dar testimonio de que <strong><em>Dios es su \u00fanica riqueza<\/em><\/strong> y que su llamado transforma su vida en un gran y perpetuo acto de acci\u00f3n de gracias.<\/p>\n<p><img fetchpriority=\"high\" decoding=\"async\" class=\"size-full wp-image-52082 aligncenter\" src=\"https:\/\/www.lamennais.org\/wp-content\/uploads\/2026\/08\/Professions-1.jpg\" alt=\"\" width=\"1193\" height=\"671\" srcset=\"https:\/\/www.lamennais.org\/wp-content\/uploads\/2026\/08\/Professions-1.jpg 1193w, https:\/\/www.lamennais.org\/wp-content\/uploads\/2026\/08\/Professions-1-300x169.jpg 300w, https:\/\/www.lamennais.org\/wp-content\/uploads\/2026\/08\/Professions-1-1024x576.jpg 1024w, https:\/\/www.lamennais.org\/wp-content\/uploads\/2026\/08\/Professions-1-768x432.jpg 768w, https:\/\/www.lamennais.org\/wp-content\/uploads\/2026\/08\/Professions-1-260x146.jpg 260w\" sizes=\"(max-width: 1193px) 100vw, 1193px\" \/><\/p>\n<p style=\"text-align: center;\"><strong><em>Di\u00e1logo entre el Hermano Visitador, el Hermano Wilfried FARA, y los futuros profesos.<\/em><\/strong><\/p>\n<p>Tras un a\u00f1o de noviciado, un tiempo dedicado a aprender sobre la vida comunitaria y a descubrir y abrazar la espiritualidad y el carisma de los Hermanos de la Instrucci\u00f3n Cristiana, <strong><em>los Hermanos Herv\u00e9 Nanmangue DJANGBIEGOU, Victor Yendoub\u00e9 YAMOULE, Dominico-Savio NISINGIZWE, Emilien NSANZUMUBYEYI y Ephrem UZAYISABA<\/em><\/strong> eligieron libremente hacer su profesi\u00f3n en nuestro Instituto. Se comprometieron mediante la emisi\u00f3n de votos de obediencia, castidad y pobreza ante el <strong><em>Hermano Wilfried FARA, Visitador del Distrito de San Pablo de \u00c1frica Occidental<\/em><\/strong>, quien recibi\u00f3 estos votos en nombre de la Iglesia y la Congregaci\u00f3n.<\/p>\n<p style=\"text-align: center;\"><img decoding=\"async\" class=\"size-full wp-image-52085 aligncenter\" src=\"https:\/\/www.lamennais.org\/wp-content\/uploads\/2026\/08\/Professions-2.jpg\" alt=\"\" width=\"1280\" height=\"960\" srcset=\"https:\/\/www.lamennais.org\/wp-content\/uploads\/2026\/08\/Professions-2.jpg 1280w, https:\/\/www.lamennais.org\/wp-content\/uploads\/2026\/08\/Professions-2-300x225.jpg 300w, https:\/\/www.lamennais.org\/wp-content\/uploads\/2026\/08\/Professions-2-1024x768.jpg 1024w, https:\/\/www.lamennais.org\/wp-content\/uploads\/2026\/08\/Professions-2-768x576.jpg 768w, https:\/\/www.lamennais.org\/wp-content\/uploads\/2026\/08\/Professions-2-260x195.jpg 260w\" sizes=\"(max-width: 1280px) 100vw, 1280px\" \/><\/p>\n<p style=\"text-align: center;\"><strong><em>Presentaci\u00f3n de la sotana y el crucifijo por el maestro de novicios.<\/em><\/strong><\/p>\n<p>Ahora, los reci\u00e9n profesos FIC recibieron de manos del <strong><em>Hermano Joseph BELLANGER, Maestro de Novicios, <\/em><\/strong>la sotana y el crucifijo, signo de su consagraci\u00f3n religiosa, as\u00ed como, de manos del Hermano Visitador, la Regla de Vida, carta fundacional de los Hermanos de la Instrucci\u00f3n Cristiana.<\/p>\n<table>\n<tbody>\n<tr>\n<td width=\"301\"><img decoding=\"async\" class=\"size-large wp-image-52088 aligncenter\" src=\"https:\/\/www.lamennais.org\/wp-content\/uploads\/2026\/08\/Professions-4-1024x765.jpg\" alt=\"\" width=\"860\" height=\"642\" srcset=\"https:\/\/www.lamennais.org\/wp-content\/uploads\/2026\/08\/Professions-4-1024x765.jpg 1024w, https:\/\/www.lamennais.org\/wp-content\/uploads\/2026\/08\/Professions-4-300x224.jpg 300w, https:\/\/www.lamennais.org\/wp-content\/uploads\/2026\/08\/Professions-4-768x574.jpg 768w, https:\/\/www.lamennais.org\/wp-content\/uploads\/2026\/08\/Professions-4-260x194.jpg 260w, https:\/\/www.lamennais.org\/wp-content\/uploads\/2026\/08\/Professions-4.jpg 1253w\" sizes=\"(max-width: 860px) 100vw, 860px\" \/><\/td>\n<td width=\"331\"><img loading=\"lazy\" decoding=\"async\" class=\"size-large wp-image-52091 aligncenter\" src=\"https:\/\/www.lamennais.org\/wp-content\/uploads\/2026\/08\/Professions-5-1024x576.jpg\" alt=\"\" width=\"860\" height=\"484\" srcset=\"https:\/\/www.lamennais.org\/wp-content\/uploads\/2026\/08\/Professions-5-1024x576.jpg 1024w, https:\/\/www.lamennais.org\/wp-content\/uploads\/2026\/08\/Professions-5-300x169.jpg 300w, https:\/\/www.lamennais.org\/wp-content\/uploads\/2026\/08\/Professions-5-768x432.jpg 768w, https:\/\/www.lamennais.org\/wp-content\/uploads\/2026\/08\/Professions-5-260x146.jpg 260w, https:\/\/www.lamennais.org\/wp-content\/uploads\/2026\/08\/Professions-5.jpg 1386w\" sizes=\"(max-width: 860px) 100vw, 860px\" \/><\/td>\n<\/tr>\n<\/tbody>\n<\/table>\n<p style=\"text-align: center;\"><strong><em>Los reci\u00e9n profesos con el Hermano Visitador\u00a0\u00a0\u00a0\u00a0\u00a0\u00a0\u00a0\u00a0\u00a0\u00a0\u00a0\u00a0\u00a0\u00a0\u00a0\u00a0\u00a0\u00a0 \u00a0 \u00a0 \u00a0 \u00a0 \u00a0 \u00a0 \u00a0 \u00a0 \u00a0 \u00a0 \u00a0 \u00a0 \u00a0 \u00a0 \u00a0 \u00a0 \u00a0 \u00a0 \u00a0 \u00a0 \u00a0 \u00a0 \u00a0 \u00a0 \u00a0 \u00a0 \u00a0 \u00a0 \u00a0 \u00a0 \u00a0 \u00a0 \u00a0 \u00a0 \u00a0 \u00a0 \u00a0 \u00a0 \u00a0 \u00a0 \u00a0 \u00a0 \u00a0 \u00a0 \u00a0 \u00a0 \u00a0 \u00a0 \u00a0 \u00a0 \u00a0 \u00a0 \u00a0 \u00a0 \u00a0 \u00a0 \u00a0 \u00a0 \u00a0 <\/em><\/strong><strong><em>Foto general<\/em><\/strong><\/p>\n<p>La foto familiar y el saludo fraternal fueron los momentos finales de este d\u00eda de gracia y alegr\u00eda.<\/p>\n<p><em>\u00a1Dios solo en el tiempo!<\/em><\/p>\n<p><em>\u00a1Solo Dios en la eternidad!<\/em><\/p>\n<h2><strong><u>INGRESO AL NOVICIADO<\/u><\/strong><\/h2>\n<p>Al d\u00eda siguiente de la ceremonia de votos, el domingo 23 de agosto, cinco j\u00f3venes de Congo y Ruanda ingresaron al noviciado. Ellos son: <strong><em>Junior Amade FABRICE, Samuel Mgisa KPAWI y Placide Bilongo MBOMA de la Rep\u00fablica Democr\u00e1tica del Congo y Wellars HATANGIMBABAZI de Ruanda.<\/em><\/strong><\/p>\n<table>\n<tbody>\n<tr>\n<td width=\"301\"><img loading=\"lazy\" decoding=\"async\" class=\"size-large wp-image-52097 aligncenter\" src=\"https:\/\/www.lamennais.org\/wp-content\/uploads\/2026\/08\/Professions-6-1024x577.jpg\" alt=\"\" width=\"860\" height=\"485\" srcset=\"https:\/\/www.lamennais.org\/wp-content\/uploads\/2026\/08\/Professions-6-1024x577.jpg 1024w, https:\/\/www.lamennais.org\/wp-content\/uploads\/2026\/08\/Professions-6-300x169.jpg 300w, https:\/\/www.lamennais.org\/wp-content\/uploads\/2026\/08\/Professions-6-768x433.jpg 768w, https:\/\/www.lamennais.org\/wp-content\/uploads\/2026\/08\/Professions-6-260x146.jpg 260w, https:\/\/www.lamennais.org\/wp-content\/uploads\/2026\/08\/Professions-6.jpg 1385w\" sizes=\"(max-width: 860px) 100vw, 860px\" \/><\/td>\n<td width=\"331\"><img loading=\"lazy\" decoding=\"async\" class=\"size-large wp-image-52100 aligncenter\" src=\"https:\/\/www.lamennais.org\/wp-content\/uploads\/2026\/08\/Professions-7-1024x577.jpg\" alt=\"\" width=\"860\" height=\"485\" srcset=\"https:\/\/www.lamennais.org\/wp-content\/uploads\/2026\/08\/Professions-7-1024x577.jpg 1024w, https:\/\/www.lamennais.org\/wp-content\/uploads\/2026\/08\/Professions-7-300x169.jpg 300w, https:\/\/www.lamennais.org\/wp-content\/uploads\/2026\/08\/Professions-7-768x433.jpg 768w, https:\/\/www.lamennais.org\/wp-content\/uploads\/2026\/08\/Professions-7-260x146.jpg 260w, https:\/\/www.lamennais.org\/wp-content\/uploads\/2026\/08\/Professions-7.jpg 1385w\" sizes=\"(max-width: 860px) 100vw, 860px\" \/><\/td>\n<\/tr>\n<\/tbody>\n<\/table>\n<p><strong><em>El Hermano Wilfried Fara (Visitador del Distrito de San Pablo) entregando la cruz a un novicio.<\/em><\/strong><strong>\u00a0 \u00a0 \u00a0 \u00a0 \u00a0 \u00a0 \u00a0 \u00a0 \u00a0 \u00a0 \u00a0 \u00a0 \u00a0 \u00a0 \u00a0 \u00a0 \u00a0 \u00a0 \u00a0 \u00a0 \u00a0 \u00a0 \u00a0 \u00a0 \u00a0 \u00a0 \u00a0 \u00a0 \u00a0 \u00a0 \u00a0 \u00a0 \u00a0 \u00a0 \u00a0 \u00a0 \u00a0 \u00a0 \u00a0 \u00a0 \u00a0 \u00a0 \u00a0 \u00a0 \u00a0 \u00a0 \u00a0 \u00a0 \u00a0 \u00a0 \u00a0 \u00a0 \u00a0 \u00a0 \u00a0 \u00a0 \u00a0 \u00a0 <\/strong><strong><em>Firma en el Registro del Noviciado<\/em><\/strong><\/p>\n<p>El <strong><em>H<\/em><\/strong><strong><em>ermano Wilfried Fara, Visitador del Distrito de San Pablo de \u00c1frica Occidental, <\/em><\/strong>dio la bienvenida personalmente a los j\u00f3venes a la Congregaci\u00f3n en presencia de varios hermanos y hermanas que acudieron a apoyar a los j\u00f3venes novicios. Les deseamos un a\u00f1o de noviciado muy provechoso..Que la Virgen Mar\u00eda los acompa\u00f1e y los gu\u00ede en este camino que han elegido.<\/p>\n<table>\n<tbody>\n<tr>\n<td width=\"301\"><img loading=\"lazy\" decoding=\"async\" class=\"size-large wp-image-52103 aligncenter\" src=\"https:\/\/www.lamennais.org\/wp-content\/uploads\/2026\/08\/Professions-8-1024x577.jpg\" alt=\"\" width=\"860\" height=\"485\" srcset=\"https:\/\/www.lamennais.org\/wp-content\/uploads\/2026\/08\/Professions-8-1024x577.jpg 1024w, https:\/\/www.lamennais.org\/wp-content\/uploads\/2026\/08\/Professions-8-300x169.jpg 300w, https:\/\/www.lamennais.org\/wp-content\/uploads\/2026\/08\/Professions-8-768x433.jpg 768w, https:\/\/www.lamennais.org\/wp-content\/uploads\/2026\/08\/Professions-8-260x146.jpg 260w, https:\/\/www.lamennais.org\/wp-content\/uploads\/2026\/08\/Professions-8.jpg 1385w\" sizes=\"(max-width: 860px) 100vw, 860px\" \/><\/td>\n<td width=\"331\"><img loading=\"lazy\" decoding=\"async\" class=\"size-large wp-image-52106 aligncenter\" src=\"https:\/\/www.lamennais.org\/wp-content\/uploads\/2026\/08\/Professions-9-1024x577.jpg\" alt=\"\" width=\"860\" height=\"485\" srcset=\"https:\/\/www.lamennais.org\/wp-content\/uploads\/2026\/08\/Professions-9-1024x577.jpg 1024w, https:\/\/www.lamennais.org\/wp-content\/uploads\/2026\/08\/Professions-9-300x169.jpg 300w, https:\/\/www.lamennais.org\/wp-content\/uploads\/2026\/08\/Professions-9-768x433.jpg 768w, https:\/\/www.lamennais.org\/wp-content\/uploads\/2026\/08\/Professions-9-260x146.jpg 260w, https:\/\/www.lamennais.org\/wp-content\/uploads\/2026\/08\/Professions-9.jpg 1385w\" sizes=\"(max-width: 860px) 100vw, 860px\" \/><\/td>\n<\/tr>\n<\/tbody>\n<\/table>\n<p><strong><em>Los cuatro novicios, de izquierda a derecha: Samuel, Wellars, Placide y Junior.<\/em><\/strong><em><strong>\u00a0 \u00a0 \u00a0 \u00a0 \u00a0 \u00a0 \u00a0 \u00a0 \u00a0 \u00a0 \u00a0 \u00a0 \u00a0 \u00a0 \u00a0 \u00a0 \u00a0 \u00a0 \u00a0 \u00a0 \u00a0 \u00a0 \u00a0 \u00a0 \u00a0 \u00a0 \u00a0 \u00a0 \u00a0 \u00a0 \u00a0 \u00a0 \u00a0 \u00a0 \u00a0 \u00a0 \u00a0 \u00a0 \u00a0 \u00a0 \u00a0 \u00a0 \u00a0 \u00a0 \u00a0 \u00a0<\/strong><\/em><strong><em>Con el Maestro de Novicios (Hno. Joseph BELLANGER) y su asistente (Hno. Quenneth YANTICOA)<\/em><\/strong><\/p>\n<p><strong><em>Art\u00edculo escrito por el Hermano Gilbert GBANYOBEDJOA (Aneho, Togo)<\/em><\/strong><\/p>\n","protected":false},"excerpt":{"rendered":"<p>Los reci\u00e9n profesos: de izquierda a derecha. Hermanos Herv\u00e9, Dominico Savio, \u00c9milien, Victor y \u00c9phrem. El s\u00e1bado 22 de agosto de 2026, en la parroquia de San Pablo Ap\u00f3stol de las Naciones, en la di\u00f3cesis de Dapaong (Togo), cinco novicios pronunciaron sus primeros votos. \u00a0Los Hermanos Herv\u00e9 Nanmangue DJANGBIEGOU y Victor Yendoub\u00e9 YAMOULE son togoleses, [&hellip;]<\/p>\n","protected":false},"author":3,"featured_media":52079,"comment_status":"closed","ping_status":"closed","sticky":false,"template":"","format":"standard","meta":{"footnotes":""},"categories":[105],"tags":[],"class_list":["post-52115","post","type-post","status-publish","format-standard","has-post-thumbnail","hentry","category-noticias"],"yoast_head":"<!-- This site is optimized with the Yoast SEO plugin v28.3 - https:\/\/yoast.com\/product\/yoast-seo-wordpress\/ -->\n<title>TOGO \u2013 DAPAONG: PRIMEROS VOTOS y 4 nuevos novicios - LaMennais.org<\/title>\n<meta name=\"robots\" content=\"index, follow, max-snippet:-1, max-image-preview:large, max-video-preview:-1\" \/>\n<link rel=\"canonical\" href=\"https:\/\/www.lamennais.org\/es\/togo-dapaong-primeros-votos-y-4-nuevos-novicios\/\" \/>\n<meta property=\"og:locale\" content=\"es_ES\" \/>\n<meta property=\"og:type\" content=\"article\" \/>\n<meta property=\"og:title\" content=\"TOGO \u2013 DAPAONG: PRIMEROS VOTOS y 4 nuevos novicios - LaMennais.org\" \/>\n<meta property=\"og:description\" content=\"Los reci\u00e9n profesos: de izquierda a derecha. Hermanos Herv\u00e9, Dominico Savio, \u00c9milien, Victor y \u00c9phrem. El s\u00e1bado 22 de agosto de 2026, en la parroquia de San Pablo Ap\u00f3stol de las Naciones, en la di\u00f3cesis de Dapaong (Togo), cinco novicios pronunciaron sus primeros votos. \u00a0Los Hermanos Herv\u00e9 Nanmangue DJANGBIEGOU y Victor Yendoub\u00e9 YAMOULE son togoleses, [&hellip;]\" \/>\n<meta property=\"og:url\" content=\"https:\/\/www.lamennais.org\/es\/togo-dapaong-primeros-votos-y-4-nuevos-novicios\/\" \/>\n<meta property=\"og:site_name\" content=\"LaMennais.org\" \/>\n<meta property=\"article:published_time\" content=\"2026-08-30T07:07:45+00:00\" \/>\n<meta property=\"article:modified_time\" content=\"2026-08-30T17:21:13+00:00\" \/>\n<meta property=\"og:image\" content=\"https:\/\/www.lamennais.org\/wp-content\/uploads\/2026\/08\/slide-3.jpg\" \/>\n\t<meta property=\"og:image:width\" content=\"1200\" \/>\n\t<meta property=\"og:image:height\" content=\"604\" \/>\n\t<meta property=\"og:image:type\" content=\"image\/jpeg\" \/>\n<meta name=\"author\" content=\"Herv\u00e9 Asse\" \/>\n<meta name=\"twitter:card\" content=\"summary_large_image\" \/>\n<meta name=\"twitter:label1\" content=\"Escrito por\" \/>\n\t<meta name=\"twitter:data1\" content=\"Herv\u00e9 Asse\" \/>\n\t<meta name=\"twitter:label2\" content=\"Tiempo de lectura\" \/>\n\t<meta name=\"twitter:data2\" content=\"5 minutos\" \/>\n<script type=\"application\/ld+json\" class=\"yoast-schema-graph\">{\"@context\":\"https:\\\/\\\/schema.org\",\"@graph\":[{\"@type\":\"Article\",\"@id\":\"https:\\\/\\\/www.lamennais.org\\\/es\\\/togo-dapaong-primeros-votos-y-4-nuevos-novicios\\\/#article\",\"isPartOf\":{\"@id\":\"https:\\\/\\\/www.lamennais.org\\\/es\\\/togo-dapaong-primeros-votos-y-4-nuevos-novicios\\\/\"},\"author\":{\"name\":\"Herv\u00e9 Asse\",\"@id\":\"https:\\\/\\\/www.lamennais.org\\\/#\\\/schema\\\/person\\\/2a8d6e8a95babedd5ba1c43afd2e3844\"},\"headline\":\"TOGO \u2013 DAPAONG: PRIMEROS VOTOS y 4 nuevos novicios\",\"datePublished\":\"2026-08-30T07:07:45+00:00\",\"dateModified\":\"2026-08-30T17:21:13+00:00\",\"mainEntityOfPage\":{\"@id\":\"https:\\\/\\\/www.lamennais.org\\\/es\\\/togo-dapaong-primeros-votos-y-4-nuevos-novicios\\\/\"},\"wordCount\":574,\"image\":{\"@id\":\"https:\\\/\\\/www.lamennais.org\\\/es\\\/togo-dapaong-primeros-votos-y-4-nuevos-novicios\\\/#primaryimage\"},\"thumbnailUrl\":\"https:\\\/\\\/www.lamennais.org\\\/wp-content\\\/uploads\\\/2026\\\/08\\\/slide-3.jpg\",\"articleSection\":[\"NOTICIAS\"],\"inLanguage\":\"es\"},{\"@type\":\"WebPage\",\"@id\":\"https:\\\/\\\/www.lamennais.org\\\/es\\\/togo-dapaong-primeros-votos-y-4-nuevos-novicios\\\/\",\"url\":\"https:\\\/\\\/www.lamennais.org\\\/es\\\/togo-dapaong-primeros-votos-y-4-nuevos-novicios\\\/\",\"name\":\"TOGO \u2013 DAPAONG: PRIMEROS VOTOS y 4 nuevos novicios - LaMennais.org\",\"isPartOf\":{\"@id\":\"https:\\\/\\\/www.lamennais.org\\\/#website\"},\"primaryImageOfPage\":{\"@id\":\"https:\\\/\\\/www.lamennais.org\\\/es\\\/togo-dapaong-primeros-votos-y-4-nuevos-novicios\\\/#primaryimage\"},\"image\":{\"@id\":\"https:\\\/\\\/www.lamennais.org\\\/es\\\/togo-dapaong-primeros-votos-y-4-nuevos-novicios\\\/#primaryimage\"},\"thumbnailUrl\":\"https:\\\/\\\/www.lamennais.org\\\/wp-content\\\/uploads\\\/2026\\\/08\\\/slide-3.jpg\",\"datePublished\":\"2026-08-30T07:07:45+00:00\",\"dateModified\":\"2026-08-30T17:21:13+00:00\",\"author\":{\"@id\":\"https:\\\/\\\/www.lamennais.org\\\/#\\\/schema\\\/person\\\/2a8d6e8a95babedd5ba1c43afd2e3844\"},\"breadcrumb\":{\"@id\":\"https:\\\/\\\/www.lamennais.org\\\/es\\\/togo-dapaong-primeros-votos-y-4-nuevos-novicios\\\/#breadcrumb\"},\"inLanguage\":\"es\",\"potentialAction\":[{\"@type\":\"ReadAction\",\"target\":[\"https:\\\/\\\/www.lamennais.org\\\/es\\\/togo-dapaong-primeros-votos-y-4-nuevos-novicios\\\/\"]}]},{\"@type\":\"ImageObject\",\"inLanguage\":\"es\",\"@id\":\"https:\\\/\\\/www.lamennais.org\\\/es\\\/togo-dapaong-primeros-votos-y-4-nuevos-novicios\\\/#primaryimage\",\"url\":\"https:\\\/\\\/www.lamennais.org\\\/wp-content\\\/uploads\\\/2026\\\/08\\\/slide-3.jpg\",\"contentUrl\":\"https:\\\/\\\/www.lamennais.org\\\/wp-content\\\/uploads\\\/2026\\\/08\\\/slide-3.jpg\",\"width\":1200,\"height\":604},{\"@type\":\"BreadcrumbList\",\"@id\":\"https:\\\/\\\/www.lamennais.org\\\/es\\\/togo-dapaong-primeros-votos-y-4-nuevos-novicios\\\/#breadcrumb\",\"itemListElement\":[{\"@type\":\"ListItem\",\"position\":1,\"name\":\"Accueil\",\"item\":\"https:\\\/\\\/www.lamennais.org\\\/\"},{\"@type\":\"ListItem\",\"position\":2,\"name\":\"TOGO \u2013 DAPAONG: PRIMEROS VOTOS y 4 nuevos novicios\"}]},{\"@type\":\"WebSite\",\"@id\":\"https:\\\/\\\/www.lamennais.org\\\/#website\",\"url\":\"https:\\\/\\\/www.lamennais.org\\\/\",\"name\":\"LaMennais.org\",\"description\":\"Fr\u00e8res de l&#039;Instruction Chr\u00e9tienne et Famille Mennaisienne\",\"potentialAction\":[{\"@type\":\"SearchAction\",\"target\":{\"@type\":\"EntryPoint\",\"urlTemplate\":\"https:\\\/\\\/www.lamennais.org\\\/?s={search_term_string}\"},\"query-input\":{\"@type\":\"PropertyValueSpecification\",\"valueRequired\":true,\"valueName\":\"search_term_string\"}}],\"inLanguage\":\"es\"},{\"@type\":\"Person\",\"@id\":\"https:\\\/\\\/www.lamennais.org\\\/#\\\/schema\\\/person\\\/2a8d6e8a95babedd5ba1c43afd2e3844\",\"name\":\"Herv\u00e9 Asse\",\"image\":{\"@type\":\"ImageObject\",\"inLanguage\":\"es\",\"@id\":\"https:\\\/\\\/secure.gravatar.com\\\/avatar\\\/1aaa7b1baf759c8b40525f40af381cbaa2b0ddd554f57145bceb0654ba45b4c0?s=96&d=mm&r=g\",\"url\":\"https:\\\/\\\/secure.gravatar.com\\\/avatar\\\/1aaa7b1baf759c8b40525f40af381cbaa2b0ddd554f57145bceb0654ba45b4c0?s=96&d=mm&r=g\",\"contentUrl\":\"https:\\\/\\\/secure.gravatar.com\\\/avatar\\\/1aaa7b1baf759c8b40525f40af381cbaa2b0ddd554f57145bceb0654ba45b4c0?s=96&d=mm&r=g\",\"caption\":\"Herv\u00e9 Asse\"}}]}<\/script>\n<!-- \/ Yoast SEO plugin. -->","yoast_head_json":{"title":"TOGO \u2013 DAPAONG: PRIMEROS VOTOS y 4 nuevos novicios - LaMennais.org","robots":{"index":"index","follow":"follow","max-snippet":"max-snippet:-1","max-image-preview":"max-image-preview:large","max-video-preview":"max-video-preview:-1"},"canonical":"https:\/\/www.lamennais.org\/es\/togo-dapaong-primeros-votos-y-4-nuevos-novicios\/","og_locale":"es_ES","og_type":"article","og_title":"TOGO \u2013 DAPAONG: PRIMEROS VOTOS y 4 nuevos novicios - LaMennais.org","og_description":"Los reci\u00e9n profesos: de izquierda a derecha. Hermanos Herv\u00e9, Dominico Savio, \u00c9milien, Victor y \u00c9phrem. El s\u00e1bado 22 de agosto de 2026, en la parroquia de San Pablo Ap\u00f3stol de las Naciones, en la di\u00f3cesis de Dapaong (Togo), cinco novicios pronunciaron sus primeros votos. \u00a0Los Hermanos Herv\u00e9 Nanmangue DJANGBIEGOU y Victor Yendoub\u00e9 YAMOULE son togoleses, [&hellip;]","og_url":"https:\/\/www.lamennais.org\/es\/togo-dapaong-primeros-votos-y-4-nuevos-novicios\/","og_site_name":"LaMennais.org","article_published_time":"2026-08-30T07:07:45+00:00","article_modified_time":"2026-08-30T17:21:13+00:00","og_image":[{"width":1200,"height":604,"url":"https:\/\/www.lamennais.org\/wp-content\/uploads\/2026\/08\/slide-3.jpg","type":"image\/jpeg"}],"author":"Herv\u00e9 Asse","twitter_card":"summary_large_image","twitter_misc":{"Escrito por":"Herv\u00e9 Asse","Tiempo de lectura":"5 minutos"},"schema":{"@context":"https:\/\/schema.org","@graph":[{"@type":"Article","@id":"https:\/\/www.lamennais.org\/es\/togo-dapaong-primeros-votos-y-4-nuevos-novicios\/#article","isPartOf":{"@id":"https:\/\/www.lamennais.org\/es\/togo-dapaong-primeros-votos-y-4-nuevos-novicios\/"},"author":{"name":"Herv\u00e9 Asse","@id":"https:\/\/www.lamennais.org\/#\/schema\/person\/2a8d6e8a95babedd5ba1c43afd2e3844"},"headline":"TOGO \u2013 DAPAONG: PRIMEROS VOTOS y 4 nuevos novicios","datePublished":"2026-08-30T07:07:45+00:00","dateModified":"2026-08-30T17:21:13+00:00","mainEntityOfPage":{"@id":"https:\/\/www.lamennais.org\/es\/togo-dapaong-primeros-votos-y-4-nuevos-novicios\/"},"wordCount":574,"image":{"@id":"https:\/\/www.lamennais.org\/es\/togo-dapaong-primeros-votos-y-4-nuevos-novicios\/#primaryimage"},"thumbnailUrl":"https:\/\/www.lamennais.org\/wp-content\/uploads\/2026\/08\/slide-3.jpg","articleSection":["NOTICIAS"],"inLanguage":"es"},{"@type":"WebPage","@id":"https:\/\/www.lamennais.org\/es\/togo-dapaong-primeros-votos-y-4-nuevos-novicios\/","url":"https:\/\/www.lamennais.org\/es\/togo-dapaong-primeros-votos-y-4-nuevos-novicios\/","name":"TOGO \u2013 DAPAONG: PRIMEROS VOTOS y 4 nuevos novicios - LaMennais.org","isPartOf":{"@id":"https:\/\/www.lamennais.org\/#website"},"primaryImageOfPage":{"@id":"https:\/\/www.lamennais.org\/es\/togo-dapaong-primeros-votos-y-4-nuevos-novicios\/#primaryimage"},"image":{"@id":"https:\/\/www.lamennais.org\/es\/togo-dapaong-primeros-votos-y-4-nuevos-novicios\/#primaryimage"},"thumbnailUrl":"https:\/\/www.lamennais.org\/wp-content\/uploads\/2026\/08\/slide-3.jpg","datePublished":"2026-08-30T07:07:45+00:00","dateModified":"2026-08-30T17:21:13+00:00","author":{"@id":"https:\/\/www.lamennais.org\/#\/schema\/person\/2a8d6e8a95babedd5ba1c43afd2e3844"},"breadcrumb":{"@id":"https:\/\/www.lamennais.org\/es\/togo-dapaong-primeros-votos-y-4-nuevos-novicios\/#breadcrumb"},"inLanguage":"es","potentialAction":[{"@type":"ReadAction","target":["https:\/\/www.lamennais.org\/es\/togo-dapaong-primeros-votos-y-4-nuevos-novicios\/"]}]},{"@type":"ImageObject","inLanguage":"es","@id":"https:\/\/www.lamennais.org\/es\/togo-dapaong-primeros-votos-y-4-nuevos-novicios\/#primaryimage","url":"https:\/\/www.lamennais.org\/wp-content\/uploads\/2026\/08\/slide-3.jpg","contentUrl":"https:\/\/www.lamennais.org\/wp-content\/uploads\/2026\/08\/slide-3.jpg","width":1200,"height":604},{"@type":"BreadcrumbList","@id":"https:\/\/www.lamennais.org\/es\/togo-dapaong-primeros-votos-y-4-nuevos-novicios\/#breadcrumb","itemListElement":[{"@type":"ListItem","position":1,"name":"Accueil","item":"https:\/\/www.lamennais.org\/"},{"@type":"ListItem","position":2,"name":"TOGO \u2013 DAPAONG: PRIMEROS VOTOS y 4 nuevos novicios"}]},{"@type":"WebSite","@id":"https:\/\/www.lamennais.org\/#website","url":"https:\/\/www.lamennais.org\/","name":"LaMennais.org","description":"Fr\u00e8res de l&#039;Instruction Chr\u00e9tienne et Famille Mennaisienne","potentialAction":[{"@type":"SearchAction","target":{"@type":"EntryPoint","urlTemplate":"https:\/\/www.lamennais.org\/?s={search_term_string}"},"query-input":{"@type":"PropertyValueSpecification","valueRequired":true,"valueName":"search_term_string"}}],"inLanguage":"es"},{"@type":"Person","@id":"https:\/\/www.lamennais.org\/#\/schema\/person\/2a8d6e8a95babedd5ba1c43afd2e3844","name":"Herv\u00e9 Asse","image":{"@type":"ImageObject","inLanguage":"es","@id":"https:\/\/secure.gravatar.com\/avatar\/1aaa7b1baf759c8b40525f40af381cbaa2b0ddd554f57145bceb0654ba45b4c0?s=96&d=mm&r=g","url":"https:\/\/secure.gravatar.com\/avatar\/1aaa7b1baf759c8b40525f40af381cbaa2b0ddd554f57145bceb0654ba45b4c0?s=96&d=mm&r=g","contentUrl":"https:\/\/secure.gravatar.com\/avatar\/1aaa7b1baf759c8b40525f40af381cbaa2b0ddd554f57145bceb0654ba45b4c0?s=96&d=mm&r=g","caption":"Herv\u00e9 Asse"}}]}},"_links":{"self":[{"href":"https:\/\/www.lamennais.org\/es\/wp-json\/wp\/v2\/posts\/52115","targetHints":{"allow":["GET"]}}],"collection":[{"href":"https:\/\/www.lamennais.org\/es\/wp-json\/wp\/v2\/posts"}],"about":[{"href":"https:\/\/www.lamennais.org\/es\/wp-json\/wp\/v2\/types\/post"}],"author":[{"embeddable":true,"href":"https:\/\/www.lamennais.org\/es\/wp-json\/wp\/v2\/users\/3"}],"replies":[{"embeddable":true,"href":"https:\/\/www.lamennais.org\/es\/wp-json\/wp\/v2\/comments?post=52115"}],"version-history":[{"count":2,"href":"https:\/\/www.lamennais.org\/es\/wp-json\/wp\/v2\/posts\/52115\/revisions"}],"predecessor-version":[{"id":52117,"href":"https:\/\/www.lamennais.org\/es\/wp-json\/wp\/v2\/posts\/52115\/revisions\/52117"}],"wp:featuredmedia":[{"embeddable":true,"href":"https:\/\/www.lamennais.org\/es\/wp-json\/wp\/v2\/media\/52079"}],"wp:attachment":[{"href":"https:\/\/www.lamennais.org\/es\/wp-json\/wp\/v2\/media?parent=52115"}],"wp:term":[{"taxonomy":"category","embeddable":true,"href":"https:\/\/www.lamennais.org\/es\/wp-json\/wp\/v2\/categories?post=52115"},{"taxonomy":"post_tag","embeddable":true,"href":"https:\/\/www.lamennais.org\/es\/wp-json\/wp\/v2\/tags?post=52115"}],"curies":[{"name":"wp","href":"https:\/\/api.w.org\/{rel}","templated":true}]}}