{"id":52074,"date":"2026-08-29T16:01:38","date_gmt":"2026-08-29T14:01:38","guid":{"rendered":"https:\/\/www.lamennais.org\/?p=52074"},"modified":"2026-08-30T08:37:09","modified_gmt":"2026-08-30T06:37:09","slug":"ruanda-fin-de-estancia-camino-a-kisubi-uganda","status":"publish","type":"post","link":"https:\/\/www.lamennais.org\/es\/ruanda-fin-de-estancia-camino-a-kisubi-uganda\/","title":{"rendered":"RUANDA: Fin de estancia\u2026 camino a Kisubi, Uganda"},"content":{"rendered":"<p style=\"text-align: center;\"><strong><em>El obispo Anaclet de Nyundo, el Hermano Bruno Djukalema (Rep\u00fablica Democr\u00e1tica del Congo), el Hermano Herv\u00e9 Asse, el Hermano Herv\u00e9 Zamor y el Hermano Damien Habimana.<\/em><\/strong><\/p>\n<p><strong><em>Tras la Asamblea de Distrito celebrada en Gisenyi del 24 al 25 de agosto, el Hermano Damien Habimana, Hermano Visitador, hab\u00eda preparado un magn\u00edfico programa para que descubri\u00e9ramos a\u00fan mejor este pa\u00eds de Ruanda, que verdaderamente merece su nombre de \u00abtierra de mil colinas\u00bb.<\/em><\/strong><\/p>\n<h3><strong><u>Visita al obispo Anaclet de Nyundo.<\/u><\/strong><\/h3>\n<table>\n<tbody>\n<tr>\n<td width=\"302\"><img fetchpriority=\"high\" decoding=\"async\" class=\"size-large wp-image-51989 aligncenter\" src=\"https:\/\/www.lamennais.org\/wp-content\/uploads\/2026\/08\/20260826_093859-1024x576.jpg\" alt=\"\" width=\"860\" height=\"484\" srcset=\"https:\/\/www.lamennais.org\/wp-content\/uploads\/2026\/08\/20260826_093859-1024x576.jpg 1024w, https:\/\/www.lamennais.org\/wp-content\/uploads\/2026\/08\/20260826_093859-300x169.jpg 300w, https:\/\/www.lamennais.org\/wp-content\/uploads\/2026\/08\/20260826_093859-768x432.jpg 768w, https:\/\/www.lamennais.org\/wp-content\/uploads\/2026\/08\/20260826_093859-1536x864.jpg 1536w, https:\/\/www.lamennais.org\/wp-content\/uploads\/2026\/08\/20260826_093859-2048x1152.jpg 2048w, https:\/\/www.lamennais.org\/wp-content\/uploads\/2026\/08\/20260826_093859-260x146.jpg 260w\" sizes=\"(max-width: 860px) 100vw, 860px\" \/><\/td>\n<td width=\"302\"><img decoding=\"async\" class=\"size-large wp-image-51992 aligncenter\" src=\"https:\/\/www.lamennais.org\/wp-content\/uploads\/2026\/08\/20260826_093842-1024x576.jpg\" alt=\"\" width=\"860\" height=\"484\" srcset=\"https:\/\/www.lamennais.org\/wp-content\/uploads\/2026\/08\/20260826_093842-1024x576.jpg 1024w, https:\/\/www.lamennais.org\/wp-content\/uploads\/2026\/08\/20260826_093842-300x169.jpg 300w, https:\/\/www.lamennais.org\/wp-content\/uploads\/2026\/08\/20260826_093842-768x432.jpg 768w, https:\/\/www.lamennais.org\/wp-content\/uploads\/2026\/08\/20260826_093842-1536x864.jpg 1536w, https:\/\/www.lamennais.org\/wp-content\/uploads\/2026\/08\/20260826_093842-2048x1152.jpg 2048w, https:\/\/www.lamennais.org\/wp-content\/uploads\/2026\/08\/20260826_093842-260x146.jpg 260w\" sizes=\"(max-width: 860px) 100vw, 860px\" \/><\/td>\n<\/tr>\n<\/tbody>\n<\/table>\n<p>Lamentamos su ausencia en la celebraci\u00f3n de los <strong><em>votos perpetuos el 23 de agosto,<\/em><\/strong> pero gracias al Hermano Dami\u00e1n, el obispo Anaclet, a pesar de su salud fragil, accedi\u00f3 a recibirnos en su casa. Nos sentimos profundamente honrados y, sobre todo, muy felices de verlo de nuevo. De hecho, durante cada estancia en Roma, sol\u00eda alojarse en la Casa Generalicia. Y para nosotros, no solo fue un honor recibirlo, sino <strong><em>una profunda alegr\u00eda dar la bienvenida a un amigo de la Congregaci\u00f3n.<\/em><\/strong><\/p>\n<table>\n<tbody>\n<tr>\n<td width=\"302\"><img decoding=\"async\" class=\"size-large wp-image-51995 aligncenter\" src=\"https:\/\/www.lamennais.org\/wp-content\/uploads\/2026\/08\/20260826_094830-1024x576.jpg\" alt=\"\" width=\"860\" height=\"484\" srcset=\"https:\/\/www.lamennais.org\/wp-content\/uploads\/2026\/08\/20260826_094830-1024x576.jpg 1024w, https:\/\/www.lamennais.org\/wp-content\/uploads\/2026\/08\/20260826_094830-300x169.jpg 300w, https:\/\/www.lamennais.org\/wp-content\/uploads\/2026\/08\/20260826_094830-768x432.jpg 768w, https:\/\/www.lamennais.org\/wp-content\/uploads\/2026\/08\/20260826_094830-1536x864.jpg 1536w, https:\/\/www.lamennais.org\/wp-content\/uploads\/2026\/08\/20260826_094830-2048x1152.jpg 2048w, https:\/\/www.lamennais.org\/wp-content\/uploads\/2026\/08\/20260826_094830-260x146.jpg 260w\" sizes=\"(max-width: 860px) 100vw, 860px\" \/><\/td>\n<td width=\"302\"><img loading=\"lazy\" decoding=\"async\" class=\"size-large wp-image-52001 aligncenter\" src=\"https:\/\/www.lamennais.org\/wp-content\/uploads\/2026\/08\/20260826_094304-1024x576.jpg\" alt=\"\" width=\"860\" height=\"484\" srcset=\"https:\/\/www.lamennais.org\/wp-content\/uploads\/2026\/08\/20260826_094304-1024x576.jpg 1024w, https:\/\/www.lamennais.org\/wp-content\/uploads\/2026\/08\/20260826_094304-300x169.jpg 300w, https:\/\/www.lamennais.org\/wp-content\/uploads\/2026\/08\/20260826_094304-768x432.jpg 768w, https:\/\/www.lamennais.org\/wp-content\/uploads\/2026\/08\/20260826_094304-1536x864.jpg 1536w, https:\/\/www.lamennais.org\/wp-content\/uploads\/2026\/08\/20260826_094304-2048x1152.jpg 2048w, https:\/\/www.lamennais.org\/wp-content\/uploads\/2026\/08\/20260826_094304-260x146.jpg 260w\" sizes=\"(max-width: 860px) 100vw, 860px\" \/><\/td>\n<\/tr>\n<\/tbody>\n<\/table>\n<p>Esta breve visita a la residencia del obispo nos permiti\u00f3 descubrir la iglesia diocesana, sus servicios religiosos, la catedral y el <strong><em>magn\u00edfico entorno de la residencia episcopal<\/em><\/strong>, situada en lo alto de una hermosa colina. Antes de partir, el obispo Anaclet nos bendijo y le prometimos orar por \u00e9l, por su recuperaci\u00f3n y para que el Se\u00f1or le <strong><em>devolviera la fuerza y \u200b\u200bla salud necesarias para continuar con sus deberes pastorales.<\/em><\/strong><\/p>\n<h3><strong><u>De camino a Kibeho<\/u><\/strong><\/h3>\n<table>\n<tbody>\n<tr>\n<td width=\"302\"><img loading=\"lazy\" decoding=\"async\" class=\"size-large wp-image-52008 aligncenter\" src=\"https:\/\/www.lamennais.org\/wp-content\/uploads\/2026\/08\/20260826_165849-1024x576.jpg\" alt=\"\" width=\"860\" height=\"484\" srcset=\"https:\/\/www.lamennais.org\/wp-content\/uploads\/2026\/08\/20260826_165849-1024x576.jpg 1024w, https:\/\/www.lamennais.org\/wp-content\/uploads\/2026\/08\/20260826_165849-300x169.jpg 300w, https:\/\/www.lamennais.org\/wp-content\/uploads\/2026\/08\/20260826_165849-768x432.jpg 768w, https:\/\/www.lamennais.org\/wp-content\/uploads\/2026\/08\/20260826_165849-1536x864.jpg 1536w, https:\/\/www.lamennais.org\/wp-content\/uploads\/2026\/08\/20260826_165849-2048x1152.jpg 2048w, https:\/\/www.lamennais.org\/wp-content\/uploads\/2026\/08\/20260826_165849-260x146.jpg 260w\" sizes=\"(max-width: 860px) 100vw, 860px\" \/><\/td>\n<td width=\"302\"><img loading=\"lazy\" decoding=\"async\" class=\"size-large wp-image-52005 aligncenter\" src=\"https:\/\/www.lamennais.org\/wp-content\/uploads\/2026\/08\/20260826_170025-1024x576.jpg\" alt=\"\" width=\"860\" height=\"484\" srcset=\"https:\/\/www.lamennais.org\/wp-content\/uploads\/2026\/08\/20260826_170025-1024x576.jpg 1024w, https:\/\/www.lamennais.org\/wp-content\/uploads\/2026\/08\/20260826_170025-300x169.jpg 300w, https:\/\/www.lamennais.org\/wp-content\/uploads\/2026\/08\/20260826_170025-768x432.jpg 768w, https:\/\/www.lamennais.org\/wp-content\/uploads\/2026\/08\/20260826_170025-1536x864.jpg 1536w, https:\/\/www.lamennais.org\/wp-content\/uploads\/2026\/08\/20260826_170025-2048x1152.jpg 2048w, https:\/\/www.lamennais.org\/wp-content\/uploads\/2026\/08\/20260826_170025-260x146.jpg 260w\" sizes=\"(max-width: 860px) 100vw, 860px\" \/><\/td>\n<\/tr>\n<\/tbody>\n<\/table>\n<p>Para nosotros, los visitantes, fue una gran bendici\u00f3n <strong><em>descubrir este santuario mariano<\/em><\/strong> <strong><em>en Ruanda<\/em><\/strong>, <strong><em>donde la Virgen se apareci\u00f3 a tres j\u00f3venes de Kibeho:<\/em><\/strong> descubrimos la historia de Kibeho, la Eucarist\u00eda matutina en el santuario\u2026 Continuamos con una visita a un <strong><em>gran centro b\u00edblico dirigido por los Padres Marianos<\/em><\/strong>: \u00a1impresionante! Una catequesis viva, un rico recorrido b\u00edblico, un resumen de la fe cat\u00f3lica y las ense\u00f1anzas de la Iglesia, todo presentado de forma muy did\u00e1ctica, a trav\u00e9s de paneles, fotos, bocetos, etc.<\/p>\n<table>\n<tbody>\n<tr>\n<td width=\"302\"><img loading=\"lazy\" decoding=\"async\" class=\"size-large wp-image-52014 aligncenter\" src=\"https:\/\/www.lamennais.org\/wp-content\/uploads\/2026\/08\/20260826_172117-1024x576.jpg\" alt=\"\" width=\"860\" height=\"484\" srcset=\"https:\/\/www.lamennais.org\/wp-content\/uploads\/2026\/08\/20260826_172117-1024x576.jpg 1024w, https:\/\/www.lamennais.org\/wp-content\/uploads\/2026\/08\/20260826_172117-300x169.jpg 300w, https:\/\/www.lamennais.org\/wp-content\/uploads\/2026\/08\/20260826_172117-768x432.jpg 768w, https:\/\/www.lamennais.org\/wp-content\/uploads\/2026\/08\/20260826_172117-1536x864.jpg 1536w, https:\/\/www.lamennais.org\/wp-content\/uploads\/2026\/08\/20260826_172117-2048x1152.jpg 2048w, https:\/\/www.lamennais.org\/wp-content\/uploads\/2026\/08\/20260826_172117-260x146.jpg 260w\" sizes=\"(max-width: 860px) 100vw, 860px\" \/><\/td>\n<td width=\"302\"><img loading=\"lazy\" decoding=\"async\" class=\"size-large wp-image-52011 aligncenter\" src=\"https:\/\/www.lamennais.org\/wp-content\/uploads\/2026\/08\/20260826_174414-1024x576.jpg\" alt=\"\" width=\"860\" height=\"484\" srcset=\"https:\/\/www.lamennais.org\/wp-content\/uploads\/2026\/08\/20260826_174414-1024x576.jpg 1024w, https:\/\/www.lamennais.org\/wp-content\/uploads\/2026\/08\/20260826_174414-300x169.jpg 300w, https:\/\/www.lamennais.org\/wp-content\/uploads\/2026\/08\/20260826_174414-768x432.jpg 768w, https:\/\/www.lamennais.org\/wp-content\/uploads\/2026\/08\/20260826_174414-1536x864.jpg 1536w, https:\/\/www.lamennais.org\/wp-content\/uploads\/2026\/08\/20260826_174414-2048x1152.jpg 2048w, https:\/\/www.lamennais.org\/wp-content\/uploads\/2026\/08\/20260826_174414-260x146.jpg 260w\" sizes=\"(max-width: 860px) 100vw, 860px\" \/><\/td>\n<\/tr>\n<\/tbody>\n<\/table>\n<p style=\"text-align: center;\"><strong><em>Ubicaci\u00f3n de las apariciones\u00a0 \u00a0 \u00a0 \u00a0 \u00a0 \u00a0 \u00a0 \u00a0 \u00a0 \u00a0 \u00a0 \u00a0 \u00a0 \u00a0 \u00a0 \u00a0 \u00a0 \u00a0 \u00a0 \u00a0 \u00a0 \u00a0 \u00a0 \u00a0 \u00a0 \u00a0 \u00a0 \u00a0 <\/em><\/strong><strong><em>Capilla de la Adoraci\u00f3n detr\u00e1s del lugar de las apariciones.<\/em><\/strong><\/p>\n<p>Llegar a Kibeho supuso unas horas en coche, entre 8 y 9 horas\u2026 \u00a1pero nos permiti\u00f3 descubrir Ruanda desde dentro!<\/p>\n<h3><strong><u>Regreso a Kigali<\/u><\/strong><\/h3>\n<p>De regreso a la capital, donde pasar\u00edamos la noche (la noche anterior a nuestra partida temprana de Kigali a Entebbe), el Hermano Damien hab\u00eda planeado una parada cultural para descubrir <strong><em>la historia del Reino de Ruanda<\/em><\/strong>. En <strong><em>Nyanza<\/em><\/strong>, a\u00fan se conserva la <strong><em>caba\u00f1a real<\/em><\/strong> donde vivi\u00f3 el padre del \u00faltimo rey durante la \u00e9poca colonial. El \u00faltimo rey, antes de la abolici\u00f3n de la monarqu\u00eda tras la independencia del pa\u00eds, se traslad\u00f3 de la caba\u00f1a a un palacio real m\u00e1s acorde con su rango y responsabilidades. Visitamos la caba\u00f1a real, las caba\u00f1as de sus esposas y el nuevo palacio real (aunque estaba prohibido fotografiar). Durante la visita, pudimos acercarnos a <strong><em>las famosas vacas reales, \u00a1conocidas por sus majestuosos cuernos!<\/em><\/strong> Se invitaba a los visitantes a acercarse y tocar sus cuernos (\u00a1sin miedo!).<\/p>\n<table>\n<tbody>\n<tr>\n<td width=\"194\"><img loading=\"lazy\" decoding=\"async\" class=\"size-large wp-image-52055 aligncenter\" src=\"https:\/\/www.lamennais.org\/wp-content\/uploads\/2026\/08\/20260827_171248-1-576x1024.jpg\" alt=\"\" width=\"576\" height=\"1024\" srcset=\"https:\/\/www.lamennais.org\/wp-content\/uploads\/2026\/08\/20260827_171248-1-576x1024.jpg 576w, https:\/\/www.lamennais.org\/wp-content\/uploads\/2026\/08\/20260827_171248-1-169x300.jpg 169w, https:\/\/www.lamennais.org\/wp-content\/uploads\/2026\/08\/20260827_171248-1-768x1365.jpg 768w, https:\/\/www.lamennais.org\/wp-content\/uploads\/2026\/08\/20260827_171248-1-864x1536.jpg 864w, https:\/\/www.lamennais.org\/wp-content\/uploads\/2026\/08\/20260827_171248-1-260x462.jpg 260w, https:\/\/www.lamennais.org\/wp-content\/uploads\/2026\/08\/20260827_171248-1-rotated.jpg 1125w\" sizes=\"(max-width: 576px) 100vw, 576px\" \/><\/td>\n<td style=\"text-align: center;\" colspan=\"2\" width=\"216\"><img loading=\"lazy\" decoding=\"async\" class=\"size-large wp-image-52065 aligncenter\" src=\"https:\/\/www.lamennais.org\/wp-content\/uploads\/2026\/08\/20260827_162837-1-1024x576.jpg\" alt=\"\" width=\"860\" height=\"484\" srcset=\"https:\/\/www.lamennais.org\/wp-content\/uploads\/2026\/08\/20260827_162837-1-1024x576.jpg 1024w, https:\/\/www.lamennais.org\/wp-content\/uploads\/2026\/08\/20260827_162837-1-300x169.jpg 300w, https:\/\/www.lamennais.org\/wp-content\/uploads\/2026\/08\/20260827_162837-1-768x432.jpg 768w, https:\/\/www.lamennais.org\/wp-content\/uploads\/2026\/08\/20260827_162837-1-1536x864.jpg 1536w, https:\/\/www.lamennais.org\/wp-content\/uploads\/2026\/08\/20260827_162837-1-260x146.jpg 260w, https:\/\/www.lamennais.org\/wp-content\/uploads\/2026\/08\/20260827_162837-1.jpg 2000w\" sizes=\"(max-width: 860px) 100vw, 860px\" \/><strong><em>arriba, la caba\u00f1a del Rey y a la derecha la de la Reina<\/em><\/strong><\/td>\n<td colspan=\"2\" width=\"194\"><img loading=\"lazy\" decoding=\"async\" class=\" wp-image-52062 aligncenter\" src=\"https:\/\/www.lamennais.org\/wp-content\/uploads\/2026\/08\/20260827_163820-1-576x1024.jpg\" alt=\"\" width=\"213\" height=\"379\" srcset=\"https:\/\/www.lamennais.org\/wp-content\/uploads\/2026\/08\/20260827_163820-1-576x1024.jpg 576w, https:\/\/www.lamennais.org\/wp-content\/uploads\/2026\/08\/20260827_163820-1-169x300.jpg 169w, https:\/\/www.lamennais.org\/wp-content\/uploads\/2026\/08\/20260827_163820-1-768x1365.jpg 768w, https:\/\/www.lamennais.org\/wp-content\/uploads\/2026\/08\/20260827_163820-1-864x1536.jpg 864w, https:\/\/www.lamennais.org\/wp-content\/uploads\/2026\/08\/20260827_163820-1-260x462.jpg 260w, https:\/\/www.lamennais.org\/wp-content\/uploads\/2026\/08\/20260827_163820-1-rotated.jpg 1125w\" sizes=\"(max-width: 213px) 100vw, 213px\" \/><\/td>\n<\/tr>\n<tr>\n<td width=\"151\"><\/td>\n<td width=\"151\"><\/td>\n<td style=\"text-align: center;\" colspan=\"2\" width=\"151\"><\/td>\n<td width=\"151\"><\/td>\n<\/tr>\n<\/tbody>\n<\/table>\n<table>\n<tbody>\n<tr>\n<td width=\"151\"><strong><em><img loading=\"lazy\" decoding=\"async\" class=\"size-large wp-image-52052 aligncenter\" src=\"https:\/\/www.lamennais.org\/wp-content\/uploads\/2026\/08\/20260827_164741-1-576x1024.jpg\" alt=\"\" width=\"576\" height=\"1024\" srcset=\"https:\/\/www.lamennais.org\/wp-content\/uploads\/2026\/08\/20260827_164741-1-576x1024.jpg 576w, https:\/\/www.lamennais.org\/wp-content\/uploads\/2026\/08\/20260827_164741-1-169x300.jpg 169w, https:\/\/www.lamennais.org\/wp-content\/uploads\/2026\/08\/20260827_164741-1-768x1365.jpg 768w, https:\/\/www.lamennais.org\/wp-content\/uploads\/2026\/08\/20260827_164741-1-864x1536.jpg 864w, https:\/\/www.lamennais.org\/wp-content\/uploads\/2026\/08\/20260827_164741-1-260x462.jpg 260w, https:\/\/www.lamennais.org\/wp-content\/uploads\/2026\/08\/20260827_164741-1-rotated.jpg 1125w\" sizes=\"(max-width: 576px) 100vw, 576px\" \/><\/em><\/strong><\/td>\n<td width=\"151\"><strong><em> <img loading=\"lazy\" decoding=\"async\" class=\"size-large wp-image-52049 aligncenter\" src=\"https:\/\/www.lamennais.org\/wp-content\/uploads\/2026\/08\/20260827_164719-576x1024.jpg\" alt=\"\" width=\"576\" height=\"1024\" srcset=\"https:\/\/www.lamennais.org\/wp-content\/uploads\/2026\/08\/20260827_164719-576x1024.jpg 576w, https:\/\/www.lamennais.org\/wp-content\/uploads\/2026\/08\/20260827_164719-169x300.jpg 169w, https:\/\/www.lamennais.org\/wp-content\/uploads\/2026\/08\/20260827_164719-768x1365.jpg 768w, https:\/\/www.lamennais.org\/wp-content\/uploads\/2026\/08\/20260827_164719-864x1536.jpg 864w, https:\/\/www.lamennais.org\/wp-content\/uploads\/2026\/08\/20260827_164719-260x462.jpg 260w, https:\/\/www.lamennais.org\/wp-content\/uploads\/2026\/08\/20260827_164719-rotated.jpg 1125w\" sizes=\"(max-width: 576px) 100vw, 576px\" \/><\/em><\/strong><\/td>\n<td width=\"151\"><strong><em> <img loading=\"lazy\" decoding=\"async\" class=\"size-large wp-image-52046 aligncenter\" src=\"https:\/\/www.lamennais.org\/wp-content\/uploads\/2026\/08\/20260827_164702-1-576x1024.jpg\" alt=\"\" width=\"576\" height=\"1024\" srcset=\"https:\/\/www.lamennais.org\/wp-content\/uploads\/2026\/08\/20260827_164702-1-576x1024.jpg 576w, https:\/\/www.lamennais.org\/wp-content\/uploads\/2026\/08\/20260827_164702-1-169x300.jpg 169w, https:\/\/www.lamennais.org\/wp-content\/uploads\/2026\/08\/20260827_164702-1-768x1365.jpg 768w, https:\/\/www.lamennais.org\/wp-content\/uploads\/2026\/08\/20260827_164702-1-864x1536.jpg 864w, https:\/\/www.lamennais.org\/wp-content\/uploads\/2026\/08\/20260827_164702-1-260x462.jpg 260w, https:\/\/www.lamennais.org\/wp-content\/uploads\/2026\/08\/20260827_164702-1-rotated.jpg 1125w\" sizes=\"(max-width: 576px) 100vw, 576px\" \/><\/em><\/strong><\/td>\n<td width=\"151\"><strong><em> <img loading=\"lazy\" decoding=\"async\" class=\"size-large wp-image-52043 aligncenter\" src=\"https:\/\/www.lamennais.org\/wp-content\/uploads\/2026\/08\/20260827_164651-1-576x1024.jpg\" alt=\"\" width=\"576\" height=\"1024\" srcset=\"https:\/\/www.lamennais.org\/wp-content\/uploads\/2026\/08\/20260827_164651-1-576x1024.jpg 576w, https:\/\/www.lamennais.org\/wp-content\/uploads\/2026\/08\/20260827_164651-1-169x300.jpg 169w, https:\/\/www.lamennais.org\/wp-content\/uploads\/2026\/08\/20260827_164651-1-768x1365.jpg 768w, https:\/\/www.lamennais.org\/wp-content\/uploads\/2026\/08\/20260827_164651-1-864x1536.jpg 864w, https:\/\/www.lamennais.org\/wp-content\/uploads\/2026\/08\/20260827_164651-1-260x462.jpg 260w, https:\/\/www.lamennais.org\/wp-content\/uploads\/2026\/08\/20260827_164651-1-rotated.jpg 1125w\" sizes=\"(max-width: 576px) 100vw, 576px\" \/><\/em><\/strong><\/td>\n<\/tr>\n<\/tbody>\n<\/table>\n<p style=\"text-align: center;\"><strong><em>No nos sentimos muy tranquilos\u2026<\/em><\/strong><\/p>\n<p><strong><em>Pr\u00f3ximos pasos de la peregrinaci\u00f3n en \u00c1frica Oriental: Consejo General y Conferencia de Superiores Mayores en Nabinooya, y celebraci\u00f3n del centenario de la presencia de la FIC en Uganda, el 5 de septiembre.<\/em><\/strong><\/p>\n<p><strong><em>Hermano Herv\u00e9 ASSE<\/em><\/strong><\/p>\n<p>&nbsp;<\/p>\n","protected":false},"excerpt":{"rendered":"<p>El obispo Anaclet de Nyundo, el Hermano Bruno Djukalema (Rep\u00fablica Democr\u00e1tica del Congo), el Hermano Herv\u00e9 Asse, el Hermano Herv\u00e9 Zamor y el Hermano Damien Habimana. Tras la Asamblea de Distrito celebrada en Gisenyi del 24 al 25 de agosto, el Hermano Damien Habimana, Hermano Visitador, hab\u00eda preparado un magn\u00edfico programa para que descubri\u00e9ramos a\u00fan [&hellip;]<\/p>\n","protected":false},"author":3,"featured_media":51986,"comment_status":"closed","ping_status":"closed","sticky":false,"template":"","format":"standard","meta":{"footnotes":""},"categories":[105],"tags":[],"class_list":["post-52074","post","type-post","status-publish","format-standard","has-post-thumbnail","hentry","category-noticias"],"yoast_head":"<!-- This site is optimized with the Yoast SEO plugin v28.3 - https:\/\/yoast.com\/product\/yoast-seo-wordpress\/ -->\n<title>RUANDA: Fin de estancia\u2026 camino a Kisubi, Uganda - LaMennais.org<\/title>\n<meta name=\"robots\" content=\"index, follow, max-snippet:-1, max-image-preview:large, max-video-preview:-1\" \/>\n<link rel=\"canonical\" href=\"https:\/\/www.lamennais.org\/es\/ruanda-fin-de-estancia-camino-a-kisubi-uganda\/\" \/>\n<meta property=\"og:locale\" content=\"es_ES\" \/>\n<meta property=\"og:type\" content=\"article\" \/>\n<meta property=\"og:title\" content=\"RUANDA: Fin de estancia\u2026 camino a Kisubi, Uganda - LaMennais.org\" \/>\n<meta property=\"og:description\" content=\"El obispo Anaclet de Nyundo, el Hermano Bruno Djukalema (Rep\u00fablica Democr\u00e1tica del Congo), el Hermano Herv\u00e9 Asse, el Hermano Herv\u00e9 Zamor y el Hermano Damien Habimana. Tras la Asamblea de Distrito celebrada en Gisenyi del 24 al 25 de agosto, el Hermano Damien Habimana, Hermano Visitador, hab\u00eda preparado un magn\u00edfico programa para que descubri\u00e9ramos a\u00fan [&hellip;]\" \/>\n<meta property=\"og:url\" content=\"https:\/\/www.lamennais.org\/es\/ruanda-fin-de-estancia-camino-a-kisubi-uganda\/\" \/>\n<meta property=\"og:site_name\" content=\"LaMennais.org\" \/>\n<meta property=\"article:published_time\" content=\"2026-08-29T14:01:38+00:00\" \/>\n<meta property=\"article:modified_time\" content=\"2026-08-30T06:37:09+00:00\" \/>\n<meta property=\"og:image\" content=\"https:\/\/www.lamennais.org\/wp-content\/uploads\/2026\/08\/slide-2-scaled.jpg\" \/>\n\t<meta property=\"og:image:width\" content=\"2560\" \/>\n\t<meta property=\"og:image:height\" content=\"1286\" \/>\n\t<meta property=\"og:image:type\" content=\"image\/jpeg\" \/>\n<meta name=\"author\" content=\"Herv\u00e9 Asse\" \/>\n<meta name=\"twitter:card\" content=\"summary_large_image\" \/>\n<meta name=\"twitter:label1\" content=\"Escrito por\" \/>\n\t<meta name=\"twitter:data1\" content=\"Herv\u00e9 Asse\" \/>\n\t<meta name=\"twitter:label2\" content=\"Tiempo de lectura\" \/>\n\t<meta name=\"twitter:data2\" content=\"6 minutos\" \/>\n<script type=\"application\/ld+json\" class=\"yoast-schema-graph\">{\"@context\":\"https:\\\/\\\/schema.org\",\"@graph\":[{\"@type\":\"Article\",\"@id\":\"https:\\\/\\\/www.lamennais.org\\\/es\\\/ruanda-fin-de-estancia-camino-a-kisubi-uganda\\\/#article\",\"isPartOf\":{\"@id\":\"https:\\\/\\\/www.lamennais.org\\\/es\\\/ruanda-fin-de-estancia-camino-a-kisubi-uganda\\\/\"},\"author\":{\"name\":\"Herv\u00e9 Asse\",\"@id\":\"https:\\\/\\\/www.lamennais.org\\\/#\\\/schema\\\/person\\\/2a8d6e8a95babedd5ba1c43afd2e3844\"},\"headline\":\"RUANDA: Fin de estancia\u2026 camino a Kisubi, Uganda\",\"datePublished\":\"2026-08-29T14:01:38+00:00\",\"dateModified\":\"2026-08-30T06:37:09+00:00\",\"mainEntityOfPage\":{\"@id\":\"https:\\\/\\\/www.lamennais.org\\\/es\\\/ruanda-fin-de-estancia-camino-a-kisubi-uganda\\\/\"},\"wordCount\":583,\"image\":{\"@id\":\"https:\\\/\\\/www.lamennais.org\\\/es\\\/ruanda-fin-de-estancia-camino-a-kisubi-uganda\\\/#primaryimage\"},\"thumbnailUrl\":\"https:\\\/\\\/www.lamennais.org\\\/wp-content\\\/uploads\\\/2026\\\/08\\\/slide-2-scaled.jpg\",\"articleSection\":[\"NOTICIAS\"],\"inLanguage\":\"es\"},{\"@type\":\"WebPage\",\"@id\":\"https:\\\/\\\/www.lamennais.org\\\/es\\\/ruanda-fin-de-estancia-camino-a-kisubi-uganda\\\/\",\"url\":\"https:\\\/\\\/www.lamennais.org\\\/es\\\/ruanda-fin-de-estancia-camino-a-kisubi-uganda\\\/\",\"name\":\"RUANDA: Fin de estancia\u2026 camino a Kisubi, Uganda - LaMennais.org\",\"isPartOf\":{\"@id\":\"https:\\\/\\\/www.lamennais.org\\\/#website\"},\"primaryImageOfPage\":{\"@id\":\"https:\\\/\\\/www.lamennais.org\\\/es\\\/ruanda-fin-de-estancia-camino-a-kisubi-uganda\\\/#primaryimage\"},\"image\":{\"@id\":\"https:\\\/\\\/www.lamennais.org\\\/es\\\/ruanda-fin-de-estancia-camino-a-kisubi-uganda\\\/#primaryimage\"},\"thumbnailUrl\":\"https:\\\/\\\/www.lamennais.org\\\/wp-content\\\/uploads\\\/2026\\\/08\\\/slide-2-scaled.jpg\",\"datePublished\":\"2026-08-29T14:01:38+00:00\",\"dateModified\":\"2026-08-30T06:37:09+00:00\",\"author\":{\"@id\":\"https:\\\/\\\/www.lamennais.org\\\/#\\\/schema\\\/person\\\/2a8d6e8a95babedd5ba1c43afd2e3844\"},\"breadcrumb\":{\"@id\":\"https:\\\/\\\/www.lamennais.org\\\/es\\\/ruanda-fin-de-estancia-camino-a-kisubi-uganda\\\/#breadcrumb\"},\"inLanguage\":\"es\",\"potentialAction\":[{\"@type\":\"ReadAction\",\"target\":[\"https:\\\/\\\/www.lamennais.org\\\/es\\\/ruanda-fin-de-estancia-camino-a-kisubi-uganda\\\/\"]}]},{\"@type\":\"ImageObject\",\"inLanguage\":\"es\",\"@id\":\"https:\\\/\\\/www.lamennais.org\\\/es\\\/ruanda-fin-de-estancia-camino-a-kisubi-uganda\\\/#primaryimage\",\"url\":\"https:\\\/\\\/www.lamennais.org\\\/wp-content\\\/uploads\\\/2026\\\/08\\\/slide-2-scaled.jpg\",\"contentUrl\":\"https:\\\/\\\/www.lamennais.org\\\/wp-content\\\/uploads\\\/2026\\\/08\\\/slide-2-scaled.jpg\",\"width\":2560,\"height\":1286},{\"@type\":\"BreadcrumbList\",\"@id\":\"https:\\\/\\\/www.lamennais.org\\\/es\\\/ruanda-fin-de-estancia-camino-a-kisubi-uganda\\\/#breadcrumb\",\"itemListElement\":[{\"@type\":\"ListItem\",\"position\":1,\"name\":\"Accueil\",\"item\":\"https:\\\/\\\/www.lamennais.org\\\/\"},{\"@type\":\"ListItem\",\"position\":2,\"name\":\"RUANDA: Fin de estancia\u2026 camino a Kisubi, Uganda\"}]},{\"@type\":\"WebSite\",\"@id\":\"https:\\\/\\\/www.lamennais.org\\\/#website\",\"url\":\"https:\\\/\\\/www.lamennais.org\\\/\",\"name\":\"LaMennais.org\",\"description\":\"Fr\u00e8res de l&#039;Instruction Chr\u00e9tienne et Famille Mennaisienne\",\"potentialAction\":[{\"@type\":\"SearchAction\",\"target\":{\"@type\":\"EntryPoint\",\"urlTemplate\":\"https:\\\/\\\/www.lamennais.org\\\/?s={search_term_string}\"},\"query-input\":{\"@type\":\"PropertyValueSpecification\",\"valueRequired\":true,\"valueName\":\"search_term_string\"}}],\"inLanguage\":\"es\"},{\"@type\":\"Person\",\"@id\":\"https:\\\/\\\/www.lamennais.org\\\/#\\\/schema\\\/person\\\/2a8d6e8a95babedd5ba1c43afd2e3844\",\"name\":\"Herv\u00e9 Asse\",\"image\":{\"@type\":\"ImageObject\",\"inLanguage\":\"es\",\"@id\":\"https:\\\/\\\/secure.gravatar.com\\\/avatar\\\/1aaa7b1baf759c8b40525f40af381cbaa2b0ddd554f57145bceb0654ba45b4c0?s=96&d=mm&r=g\",\"url\":\"https:\\\/\\\/secure.gravatar.com\\\/avatar\\\/1aaa7b1baf759c8b40525f40af381cbaa2b0ddd554f57145bceb0654ba45b4c0?s=96&d=mm&r=g\",\"contentUrl\":\"https:\\\/\\\/secure.gravatar.com\\\/avatar\\\/1aaa7b1baf759c8b40525f40af381cbaa2b0ddd554f57145bceb0654ba45b4c0?s=96&d=mm&r=g\",\"caption\":\"Herv\u00e9 Asse\"}}]}<\/script>\n<!-- \/ Yoast SEO plugin. -->","yoast_head_json":{"title":"RUANDA: Fin de estancia\u2026 camino a Kisubi, Uganda - LaMennais.org","robots":{"index":"index","follow":"follow","max-snippet":"max-snippet:-1","max-image-preview":"max-image-preview:large","max-video-preview":"max-video-preview:-1"},"canonical":"https:\/\/www.lamennais.org\/es\/ruanda-fin-de-estancia-camino-a-kisubi-uganda\/","og_locale":"es_ES","og_type":"article","og_title":"RUANDA: Fin de estancia\u2026 camino a Kisubi, Uganda - LaMennais.org","og_description":"El obispo Anaclet de Nyundo, el Hermano Bruno Djukalema (Rep\u00fablica Democr\u00e1tica del Congo), el Hermano Herv\u00e9 Asse, el Hermano Herv\u00e9 Zamor y el Hermano Damien Habimana. Tras la Asamblea de Distrito celebrada en Gisenyi del 24 al 25 de agosto, el Hermano Damien Habimana, Hermano Visitador, hab\u00eda preparado un magn\u00edfico programa para que descubri\u00e9ramos a\u00fan [&hellip;]","og_url":"https:\/\/www.lamennais.org\/es\/ruanda-fin-de-estancia-camino-a-kisubi-uganda\/","og_site_name":"LaMennais.org","article_published_time":"2026-08-29T14:01:38+00:00","article_modified_time":"2026-08-30T06:37:09+00:00","og_image":[{"width":2560,"height":1286,"url":"https:\/\/www.lamennais.org\/wp-content\/uploads\/2026\/08\/slide-2-scaled.jpg","type":"image\/jpeg"}],"author":"Herv\u00e9 Asse","twitter_card":"summary_large_image","twitter_misc":{"Escrito por":"Herv\u00e9 Asse","Tiempo de lectura":"6 minutos"},"schema":{"@context":"https:\/\/schema.org","@graph":[{"@type":"Article","@id":"https:\/\/www.lamennais.org\/es\/ruanda-fin-de-estancia-camino-a-kisubi-uganda\/#article","isPartOf":{"@id":"https:\/\/www.lamennais.org\/es\/ruanda-fin-de-estancia-camino-a-kisubi-uganda\/"},"author":{"name":"Herv\u00e9 Asse","@id":"https:\/\/www.lamennais.org\/#\/schema\/person\/2a8d6e8a95babedd5ba1c43afd2e3844"},"headline":"RUANDA: Fin de estancia\u2026 camino a Kisubi, Uganda","datePublished":"2026-08-29T14:01:38+00:00","dateModified":"2026-08-30T06:37:09+00:00","mainEntityOfPage":{"@id":"https:\/\/www.lamennais.org\/es\/ruanda-fin-de-estancia-camino-a-kisubi-uganda\/"},"wordCount":583,"image":{"@id":"https:\/\/www.lamennais.org\/es\/ruanda-fin-de-estancia-camino-a-kisubi-uganda\/#primaryimage"},"thumbnailUrl":"https:\/\/www.lamennais.org\/wp-content\/uploads\/2026\/08\/slide-2-scaled.jpg","articleSection":["NOTICIAS"],"inLanguage":"es"},{"@type":"WebPage","@id":"https:\/\/www.lamennais.org\/es\/ruanda-fin-de-estancia-camino-a-kisubi-uganda\/","url":"https:\/\/www.lamennais.org\/es\/ruanda-fin-de-estancia-camino-a-kisubi-uganda\/","name":"RUANDA: Fin de estancia\u2026 camino a Kisubi, Uganda - LaMennais.org","isPartOf":{"@id":"https:\/\/www.lamennais.org\/#website"},"primaryImageOfPage":{"@id":"https:\/\/www.lamennais.org\/es\/ruanda-fin-de-estancia-camino-a-kisubi-uganda\/#primaryimage"},"image":{"@id":"https:\/\/www.lamennais.org\/es\/ruanda-fin-de-estancia-camino-a-kisubi-uganda\/#primaryimage"},"thumbnailUrl":"https:\/\/www.lamennais.org\/wp-content\/uploads\/2026\/08\/slide-2-scaled.jpg","datePublished":"2026-08-29T14:01:38+00:00","dateModified":"2026-08-30T06:37:09+00:00","author":{"@id":"https:\/\/www.lamennais.org\/#\/schema\/person\/2a8d6e8a95babedd5ba1c43afd2e3844"},"breadcrumb":{"@id":"https:\/\/www.lamennais.org\/es\/ruanda-fin-de-estancia-camino-a-kisubi-uganda\/#breadcrumb"},"inLanguage":"es","potentialAction":[{"@type":"ReadAction","target":["https:\/\/www.lamennais.org\/es\/ruanda-fin-de-estancia-camino-a-kisubi-uganda\/"]}]},{"@type":"ImageObject","inLanguage":"es","@id":"https:\/\/www.lamennais.org\/es\/ruanda-fin-de-estancia-camino-a-kisubi-uganda\/#primaryimage","url":"https:\/\/www.lamennais.org\/wp-content\/uploads\/2026\/08\/slide-2-scaled.jpg","contentUrl":"https:\/\/www.lamennais.org\/wp-content\/uploads\/2026\/08\/slide-2-scaled.jpg","width":2560,"height":1286},{"@type":"BreadcrumbList","@id":"https:\/\/www.lamennais.org\/es\/ruanda-fin-de-estancia-camino-a-kisubi-uganda\/#breadcrumb","itemListElement":[{"@type":"ListItem","position":1,"name":"Accueil","item":"https:\/\/www.lamennais.org\/"},{"@type":"ListItem","position":2,"name":"RUANDA: Fin de estancia\u2026 camino a Kisubi, Uganda"}]},{"@type":"WebSite","@id":"https:\/\/www.lamennais.org\/#website","url":"https:\/\/www.lamennais.org\/","name":"LaMennais.org","description":"Fr\u00e8res de l&#039;Instruction Chr\u00e9tienne et Famille Mennaisienne","potentialAction":[{"@type":"SearchAction","target":{"@type":"EntryPoint","urlTemplate":"https:\/\/www.lamennais.org\/?s={search_term_string}"},"query-input":{"@type":"PropertyValueSpecification","valueRequired":true,"valueName":"search_term_string"}}],"inLanguage":"es"},{"@type":"Person","@id":"https:\/\/www.lamennais.org\/#\/schema\/person\/2a8d6e8a95babedd5ba1c43afd2e3844","name":"Herv\u00e9 Asse","image":{"@type":"ImageObject","inLanguage":"es","@id":"https:\/\/secure.gravatar.com\/avatar\/1aaa7b1baf759c8b40525f40af381cbaa2b0ddd554f57145bceb0654ba45b4c0?s=96&d=mm&r=g","url":"https:\/\/secure.gravatar.com\/avatar\/1aaa7b1baf759c8b40525f40af381cbaa2b0ddd554f57145bceb0654ba45b4c0?s=96&d=mm&r=g","contentUrl":"https:\/\/secure.gravatar.com\/avatar\/1aaa7b1baf759c8b40525f40af381cbaa2b0ddd554f57145bceb0654ba45b4c0?s=96&d=mm&r=g","caption":"Herv\u00e9 Asse"}}]}},"_links":{"self":[{"href":"https:\/\/www.lamennais.org\/es\/wp-json\/wp\/v2\/posts\/52074","targetHints":{"allow":["GET"]}}],"collection":[{"href":"https:\/\/www.lamennais.org\/es\/wp-json\/wp\/v2\/posts"}],"about":[{"href":"https:\/\/www.lamennais.org\/es\/wp-json\/wp\/v2\/types\/post"}],"author":[{"embeddable":true,"href":"https:\/\/www.lamennais.org\/es\/wp-json\/wp\/v2\/users\/3"}],"replies":[{"embeddable":true,"href":"https:\/\/www.lamennais.org\/es\/wp-json\/wp\/v2\/comments?post=52074"}],"version-history":[{"count":1,"href":"https:\/\/www.lamennais.org\/es\/wp-json\/wp\/v2\/posts\/52074\/revisions"}],"predecessor-version":[{"id":52075,"href":"https:\/\/www.lamennais.org\/es\/wp-json\/wp\/v2\/posts\/52074\/revisions\/52075"}],"wp:featuredmedia":[{"embeddable":true,"href":"https:\/\/www.lamennais.org\/es\/wp-json\/wp\/v2\/media\/51986"}],"wp:attachment":[{"href":"https:\/\/www.lamennais.org\/es\/wp-json\/wp\/v2\/media?parent=52074"}],"wp:term":[{"taxonomy":"category","embeddable":true,"href":"https:\/\/www.lamennais.org\/es\/wp-json\/wp\/v2\/categories?post=52074"},{"taxonomy":"post_tag","embeddable":true,"href":"https:\/\/www.lamennais.org\/es\/wp-json\/wp\/v2\/tags?post=52074"}],"curies":[{"name":"wp","href":"https:\/\/api.w.org\/{rel}","templated":true}]}}