{"id":51979,"date":"2026-08-25T13:53:35","date_gmt":"2026-08-25T11:53:35","guid":{"rendered":"https:\/\/www.lamennais.org\/?p=51979"},"modified":"2026-08-29T15:52:33","modified_gmt":"2026-08-29T13:52:33","slug":"ruanda-gisenyi-asamblea-de-distrito","status":"publish","type":"post","link":"https:\/\/www.lamennais.org\/es\/ruanda-gisenyi-asamblea-de-distrito\/","title":{"rendered":"RUANDA \u2013 Gisenyi: Asamblea de Distrito"},"content":{"rendered":"<p><strong><em>Tras la jornada de celebraci\u00f3n de la profesi\u00f3n perpetua de 3 Hermanos del Distrito (ver la noticia anterior), todos los Hermanos del Distrito ND de Kibeho se reunieron en Gisenyi durante 2 d\u00edas de asamblea, en torno al Superior General, el Hermano Herv\u00e9 Zamor.<\/em><\/strong><\/p>\n<p><img fetchpriority=\"high\" decoding=\"async\" class=\" wp-image-51968 aligncenter\" src=\"https:\/\/www.lamennais.org\/wp-content\/uploads\/2026\/08\/slide-possible-1024x422.jpg\" alt=\"\" width=\"1137\" height=\"468\" srcset=\"https:\/\/www.lamennais.org\/wp-content\/uploads\/2026\/08\/slide-possible-1024x422.jpg 1024w, https:\/\/www.lamennais.org\/wp-content\/uploads\/2026\/08\/slide-possible-300x124.jpg 300w, https:\/\/www.lamennais.org\/wp-content\/uploads\/2026\/08\/slide-possible-768x316.jpg 768w, https:\/\/www.lamennais.org\/wp-content\/uploads\/2026\/08\/slide-possible-1536x632.jpg 1536w, https:\/\/www.lamennais.org\/wp-content\/uploads\/2026\/08\/slide-possible-2048x843.jpg 2048w, https:\/\/www.lamennais.org\/wp-content\/uploads\/2026\/08\/slide-possible-260x107.jpg 260w\" sizes=\"(max-width: 1137px) 100vw, 1137px\" \/><\/p>\n<p>Una reuni\u00f3n inicial celebrada durante la visita can\u00f3nica del Superior General, a principios de 2026, permiti\u00f3 identificar <strong><em>5 \u00e1reas importantes para la vida del Distrito.<\/em><\/strong><\/p>\n<p><strong><em>&#8211; Perseverancia en la vida religiosa<\/em><\/strong><\/p>\n<p><strong><em>&#8211; Familia menesiana<\/em><\/strong><\/p>\n<p><strong><em>&#8211; Misi\u00f3n \u2013 evangelizaci\u00f3n<\/em><\/strong><\/p>\n<p><strong><em>&#8211; VJN: Visi\u00f3n Jeunesse Nouvelle<\/em><\/strong><\/p>\n<p><strong><em>&#8211; Autofinanciamiento del distrito<\/em><\/strong><\/p>\n<table>\n<tbody>\n<tr>\n<td width=\"201\"><img decoding=\"async\" class=\"size-large wp-image-51962 aligncenter\" src=\"https:\/\/www.lamennais.org\/wp-content\/uploads\/2026\/08\/WhatsApp-Image-2026-08-25-at-09.50.59-1024x576.jpeg\" alt=\"\" width=\"860\" height=\"484\" srcset=\"https:\/\/www.lamennais.org\/wp-content\/uploads\/2026\/08\/WhatsApp-Image-2026-08-25-at-09.50.59-1024x576.jpeg 1024w, https:\/\/www.lamennais.org\/wp-content\/uploads\/2026\/08\/WhatsApp-Image-2026-08-25-at-09.50.59-300x169.jpeg 300w, https:\/\/www.lamennais.org\/wp-content\/uploads\/2026\/08\/WhatsApp-Image-2026-08-25-at-09.50.59-768x432.jpeg 768w, https:\/\/www.lamennais.org\/wp-content\/uploads\/2026\/08\/WhatsApp-Image-2026-08-25-at-09.50.59-1536x864.jpeg 1536w, https:\/\/www.lamennais.org\/wp-content\/uploads\/2026\/08\/WhatsApp-Image-2026-08-25-at-09.50.59-260x146.jpeg 260w, https:\/\/www.lamennais.org\/wp-content\/uploads\/2026\/08\/WhatsApp-Image-2026-08-25-at-09.50.59.jpeg 2016w\" sizes=\"(max-width: 860px) 100vw, 860px\" \/><\/td>\n<td width=\"201\"><img decoding=\"async\" class=\"size-large wp-image-51959 aligncenter\" src=\"https:\/\/www.lamennais.org\/wp-content\/uploads\/2026\/08\/WhatsApp-Image-2026-08-25-at-09.50.58-1024x576.jpeg\" alt=\"\" width=\"860\" height=\"484\" srcset=\"https:\/\/www.lamennais.org\/wp-content\/uploads\/2026\/08\/WhatsApp-Image-2026-08-25-at-09.50.58-1024x576.jpeg 1024w, https:\/\/www.lamennais.org\/wp-content\/uploads\/2026\/08\/WhatsApp-Image-2026-08-25-at-09.50.58-300x169.jpeg 300w, https:\/\/www.lamennais.org\/wp-content\/uploads\/2026\/08\/WhatsApp-Image-2026-08-25-at-09.50.58-768x432.jpeg 768w, https:\/\/www.lamennais.org\/wp-content\/uploads\/2026\/08\/WhatsApp-Image-2026-08-25-at-09.50.58-1536x864.jpeg 1536w, https:\/\/www.lamennais.org\/wp-content\/uploads\/2026\/08\/WhatsApp-Image-2026-08-25-at-09.50.58-260x146.jpeg 260w, https:\/\/www.lamennais.org\/wp-content\/uploads\/2026\/08\/WhatsApp-Image-2026-08-25-at-09.50.58.jpeg 2016w\" sizes=\"(max-width: 860px) 100vw, 860px\" \/><\/td>\n<td width=\"201\"><img loading=\"lazy\" decoding=\"async\" class=\"size-large wp-image-51965 aligncenter\" src=\"https:\/\/www.lamennais.org\/wp-content\/uploads\/2026\/08\/WhatsApp-Image-2026-08-25-at-09.51.00-1024x576.jpeg\" alt=\"\" width=\"860\" height=\"484\" srcset=\"https:\/\/www.lamennais.org\/wp-content\/uploads\/2026\/08\/WhatsApp-Image-2026-08-25-at-09.51.00-1024x576.jpeg 1024w, https:\/\/www.lamennais.org\/wp-content\/uploads\/2026\/08\/WhatsApp-Image-2026-08-25-at-09.51.00-300x169.jpeg 300w, https:\/\/www.lamennais.org\/wp-content\/uploads\/2026\/08\/WhatsApp-Image-2026-08-25-at-09.51.00-768x432.jpeg 768w, https:\/\/www.lamennais.org\/wp-content\/uploads\/2026\/08\/WhatsApp-Image-2026-08-25-at-09.51.00-1536x864.jpeg 1536w, https:\/\/www.lamennais.org\/wp-content\/uploads\/2026\/08\/WhatsApp-Image-2026-08-25-at-09.51.00-260x146.jpeg 260w, https:\/\/www.lamennais.org\/wp-content\/uploads\/2026\/08\/WhatsApp-Image-2026-08-25-at-09.51.00.jpeg 2016w\" sizes=\"(max-width: 860px) 100vw, 860px\" \/><\/td>\n<\/tr>\n<\/tbody>\n<\/table>\n<p>Durante estos dos d\u00edas, los <strong><em>20 Hermanos presentes<\/em><\/strong>, en grupos de trabajo y en asamblea plenaria, repasaron cada uno de estos temas: evaluaci\u00f3n \u2013 retos \u2013 perspectivas\u2026<\/p>\n<p>La Asamblea concluy\u00f3 con la elaboraci\u00f3n de un documento de referencia que abarca cada una de las \u00e1reas clave y que culmina en <strong><em>un plan estrat\u00e9gico que guiar\u00e1 el progreso del Distrito durante los pr\u00f3ximos 10 a\u00f1os.<\/em><\/strong><\/p>\n<p><img loading=\"lazy\" decoding=\"async\" class=\"size-large wp-image-51956 aligncenter\" src=\"https:\/\/www.lamennais.org\/wp-content\/uploads\/2026\/08\/WhatsApp-Image-2026-08-25-at-13.37.37-1024x576.jpeg\" alt=\"\" width=\"860\" height=\"484\" srcset=\"https:\/\/www.lamennais.org\/wp-content\/uploads\/2026\/08\/WhatsApp-Image-2026-08-25-at-13.37.37-1024x576.jpeg 1024w, https:\/\/www.lamennais.org\/wp-content\/uploads\/2026\/08\/WhatsApp-Image-2026-08-25-at-13.37.37-300x169.jpeg 300w, https:\/\/www.lamennais.org\/wp-content\/uploads\/2026\/08\/WhatsApp-Image-2026-08-25-at-13.37.37-768x432.jpeg 768w, https:\/\/www.lamennais.org\/wp-content\/uploads\/2026\/08\/WhatsApp-Image-2026-08-25-at-13.37.37-1536x864.jpeg 1536w, https:\/\/www.lamennais.org\/wp-content\/uploads\/2026\/08\/WhatsApp-Image-2026-08-25-at-13.37.37-260x146.jpeg 260w, https:\/\/www.lamennais.org\/wp-content\/uploads\/2026\/08\/WhatsApp-Image-2026-08-25-at-13.37.37.jpeg 2016w\" sizes=\"(max-width: 860px) 100vw, 860px\" \/><\/p>\n<p>Pr\u00f3ximamente m\u00e1s noticias\u2026 Los dos Hermanos Herv\u00e9 se marchar\u00e1n ma\u00f1ana de Gisenyi, pasando por el <strong>santuario de Nuestra Se\u00f1ora de Kibeho<\/strong>, patrona del distrito y santuario mariano nacional de Ruanda\u2026 luego volar\u00e1n a Uganda para el inicio del <strong><em>Consejo General<\/em><\/strong> (del 31 de agosto al 3 de septiembre), la <strong><em>Conferencia General<\/em><\/strong> (del 4 al 11 de septiembre) y el 5 de septiembre: <strong><em>celebraci\u00f3n de los 100 a\u00f1os de la presencia de la FIC en Uganda.<\/em><\/strong><\/p>\n<p style=\"text-align: center;\"><strong><em>Hno. Herv\u00e9 ASSE<\/em><\/strong><\/p>\n<p>&nbsp;<\/p>\n","protected":false},"excerpt":{"rendered":"<p>Tras la jornada de celebraci\u00f3n de la profesi\u00f3n perpetua de 3 Hermanos del Distrito (ver la noticia anterior), todos los Hermanos del Distrito ND de Kibeho se reunieron en Gisenyi durante 2 d\u00edas de asamblea, en torno al Superior General, el Hermano Herv\u00e9 Zamor. Una reuni\u00f3n inicial celebrada durante la visita can\u00f3nica del Superior General, [&hellip;]<\/p>\n","protected":false},"author":3,"featured_media":51955,"comment_status":"closed","ping_status":"closed","sticky":false,"template":"","format":"standard","meta":{"footnotes":""},"categories":[105],"tags":[],"class_list":["post-51979","post","type-post","status-publish","format-standard","has-post-thumbnail","hentry","category-noticias"],"yoast_head":"<!-- This site is optimized with the Yoast SEO plugin v28.3 - https:\/\/yoast.com\/product\/yoast-seo-wordpress\/ -->\n<title>RUANDA \u2013 Gisenyi: Asamblea de Distrito - LaMennais.org<\/title>\n<meta name=\"robots\" content=\"index, follow, max-snippet:-1, max-image-preview:large, max-video-preview:-1\" \/>\n<link rel=\"canonical\" href=\"https:\/\/www.lamennais.org\/es\/ruanda-gisenyi-asamblea-de-distrito\/\" \/>\n<meta property=\"og:locale\" content=\"es_ES\" \/>\n<meta property=\"og:type\" content=\"article\" \/>\n<meta property=\"og:title\" content=\"RUANDA \u2013 Gisenyi: Asamblea de Distrito - LaMennais.org\" \/>\n<meta property=\"og:description\" content=\"Tras la jornada de celebraci\u00f3n de la profesi\u00f3n perpetua de 3 Hermanos del Distrito (ver la noticia anterior), todos los Hermanos del Distrito ND de Kibeho se reunieron en Gisenyi durante 2 d\u00edas de asamblea, en torno al Superior General, el Hermano Herv\u00e9 Zamor. Una reuni\u00f3n inicial celebrada durante la visita can\u00f3nica del Superior General, [&hellip;]\" \/>\n<meta property=\"og:url\" content=\"https:\/\/www.lamennais.org\/es\/ruanda-gisenyi-asamblea-de-distrito\/\" \/>\n<meta property=\"og:site_name\" content=\"LaMennais.org\" \/>\n<meta property=\"article:published_time\" content=\"2026-08-25T11:53:35+00:00\" \/>\n<meta property=\"article:modified_time\" content=\"2026-08-29T13:52:33+00:00\" \/>\n<meta property=\"og:image\" content=\"https:\/\/www.lamennais.org\/wp-content\/uploads\/2026\/08\/slide-1.jpeg\" \/>\n\t<meta property=\"og:image:width\" content=\"2012\" \/>\n\t<meta property=\"og:image:height\" content=\"981\" \/>\n\t<meta property=\"og:image:type\" content=\"image\/jpeg\" \/>\n<meta name=\"author\" content=\"Herv\u00e9 Asse\" \/>\n<meta name=\"twitter:card\" content=\"summary_large_image\" \/>\n<meta name=\"twitter:label1\" content=\"Escrito por\" \/>\n\t<meta name=\"twitter:data1\" content=\"Herv\u00e9 Asse\" \/>\n\t<meta name=\"twitter:label2\" content=\"Tiempo de lectura\" \/>\n\t<meta name=\"twitter:data2\" content=\"3 minutos\" \/>\n<script type=\"application\/ld+json\" class=\"yoast-schema-graph\">{\"@context\":\"https:\\\/\\\/schema.org\",\"@graph\":[{\"@type\":\"Article\",\"@id\":\"https:\\\/\\\/www.lamennais.org\\\/es\\\/ruanda-gisenyi-asamblea-de-distrito\\\/#article\",\"isPartOf\":{\"@id\":\"https:\\\/\\\/www.lamennais.org\\\/es\\\/ruanda-gisenyi-asamblea-de-distrito\\\/\"},\"author\":{\"name\":\"Herv\u00e9 Asse\",\"@id\":\"https:\\\/\\\/www.lamennais.org\\\/#\\\/schema\\\/person\\\/2a8d6e8a95babedd5ba1c43afd2e3844\"},\"headline\":\"RUANDA \u2013 Gisenyi: Asamblea de Distrito\",\"datePublished\":\"2026-08-25T11:53:35+00:00\",\"dateModified\":\"2026-08-29T13:52:33+00:00\",\"mainEntityOfPage\":{\"@id\":\"https:\\\/\\\/www.lamennais.org\\\/es\\\/ruanda-gisenyi-asamblea-de-distrito\\\/\"},\"wordCount\":246,\"image\":{\"@id\":\"https:\\\/\\\/www.lamennais.org\\\/es\\\/ruanda-gisenyi-asamblea-de-distrito\\\/#primaryimage\"},\"thumbnailUrl\":\"https:\\\/\\\/www.lamennais.org\\\/wp-content\\\/uploads\\\/2026\\\/08\\\/slide-1.jpeg\",\"articleSection\":[\"NOTICIAS\"],\"inLanguage\":\"es\"},{\"@type\":\"WebPage\",\"@id\":\"https:\\\/\\\/www.lamennais.org\\\/es\\\/ruanda-gisenyi-asamblea-de-distrito\\\/\",\"url\":\"https:\\\/\\\/www.lamennais.org\\\/es\\\/ruanda-gisenyi-asamblea-de-distrito\\\/\",\"name\":\"RUANDA \u2013 Gisenyi: Asamblea de Distrito - LaMennais.org\",\"isPartOf\":{\"@id\":\"https:\\\/\\\/www.lamennais.org\\\/#website\"},\"primaryImageOfPage\":{\"@id\":\"https:\\\/\\\/www.lamennais.org\\\/es\\\/ruanda-gisenyi-asamblea-de-distrito\\\/#primaryimage\"},\"image\":{\"@id\":\"https:\\\/\\\/www.lamennais.org\\\/es\\\/ruanda-gisenyi-asamblea-de-distrito\\\/#primaryimage\"},\"thumbnailUrl\":\"https:\\\/\\\/www.lamennais.org\\\/wp-content\\\/uploads\\\/2026\\\/08\\\/slide-1.jpeg\",\"datePublished\":\"2026-08-25T11:53:35+00:00\",\"dateModified\":\"2026-08-29T13:52:33+00:00\",\"author\":{\"@id\":\"https:\\\/\\\/www.lamennais.org\\\/#\\\/schema\\\/person\\\/2a8d6e8a95babedd5ba1c43afd2e3844\"},\"breadcrumb\":{\"@id\":\"https:\\\/\\\/www.lamennais.org\\\/es\\\/ruanda-gisenyi-asamblea-de-distrito\\\/#breadcrumb\"},\"inLanguage\":\"es\",\"potentialAction\":[{\"@type\":\"ReadAction\",\"target\":[\"https:\\\/\\\/www.lamennais.org\\\/es\\\/ruanda-gisenyi-asamblea-de-distrito\\\/\"]}]},{\"@type\":\"ImageObject\",\"inLanguage\":\"es\",\"@id\":\"https:\\\/\\\/www.lamennais.org\\\/es\\\/ruanda-gisenyi-asamblea-de-distrito\\\/#primaryimage\",\"url\":\"https:\\\/\\\/www.lamennais.org\\\/wp-content\\\/uploads\\\/2026\\\/08\\\/slide-1.jpeg\",\"contentUrl\":\"https:\\\/\\\/www.lamennais.org\\\/wp-content\\\/uploads\\\/2026\\\/08\\\/slide-1.jpeg\",\"width\":2012,\"height\":981},{\"@type\":\"BreadcrumbList\",\"@id\":\"https:\\\/\\\/www.lamennais.org\\\/es\\\/ruanda-gisenyi-asamblea-de-distrito\\\/#breadcrumb\",\"itemListElement\":[{\"@type\":\"ListItem\",\"position\":1,\"name\":\"Accueil\",\"item\":\"https:\\\/\\\/www.lamennais.org\\\/\"},{\"@type\":\"ListItem\",\"position\":2,\"name\":\"RUANDA \u2013 Gisenyi: Asamblea de Distrito\"}]},{\"@type\":\"WebSite\",\"@id\":\"https:\\\/\\\/www.lamennais.org\\\/#website\",\"url\":\"https:\\\/\\\/www.lamennais.org\\\/\",\"name\":\"LaMennais.org\",\"description\":\"Fr\u00e8res de l&#039;Instruction Chr\u00e9tienne et Famille Mennaisienne\",\"potentialAction\":[{\"@type\":\"SearchAction\",\"target\":{\"@type\":\"EntryPoint\",\"urlTemplate\":\"https:\\\/\\\/www.lamennais.org\\\/?s={search_term_string}\"},\"query-input\":{\"@type\":\"PropertyValueSpecification\",\"valueRequired\":true,\"valueName\":\"search_term_string\"}}],\"inLanguage\":\"es\"},{\"@type\":\"Person\",\"@id\":\"https:\\\/\\\/www.lamennais.org\\\/#\\\/schema\\\/person\\\/2a8d6e8a95babedd5ba1c43afd2e3844\",\"name\":\"Herv\u00e9 Asse\",\"image\":{\"@type\":\"ImageObject\",\"inLanguage\":\"es\",\"@id\":\"https:\\\/\\\/secure.gravatar.com\\\/avatar\\\/1aaa7b1baf759c8b40525f40af381cbaa2b0ddd554f57145bceb0654ba45b4c0?s=96&d=mm&r=g\",\"url\":\"https:\\\/\\\/secure.gravatar.com\\\/avatar\\\/1aaa7b1baf759c8b40525f40af381cbaa2b0ddd554f57145bceb0654ba45b4c0?s=96&d=mm&r=g\",\"contentUrl\":\"https:\\\/\\\/secure.gravatar.com\\\/avatar\\\/1aaa7b1baf759c8b40525f40af381cbaa2b0ddd554f57145bceb0654ba45b4c0?s=96&d=mm&r=g\",\"caption\":\"Herv\u00e9 Asse\"}}]}<\/script>\n<!-- \/ Yoast SEO plugin. -->","yoast_head_json":{"title":"RUANDA \u2013 Gisenyi: Asamblea de Distrito - LaMennais.org","robots":{"index":"index","follow":"follow","max-snippet":"max-snippet:-1","max-image-preview":"max-image-preview:large","max-video-preview":"max-video-preview:-1"},"canonical":"https:\/\/www.lamennais.org\/es\/ruanda-gisenyi-asamblea-de-distrito\/","og_locale":"es_ES","og_type":"article","og_title":"RUANDA \u2013 Gisenyi: Asamblea de Distrito - LaMennais.org","og_description":"Tras la jornada de celebraci\u00f3n de la profesi\u00f3n perpetua de 3 Hermanos del Distrito (ver la noticia anterior), todos los Hermanos del Distrito ND de Kibeho se reunieron en Gisenyi durante 2 d\u00edas de asamblea, en torno al Superior General, el Hermano Herv\u00e9 Zamor. Una reuni\u00f3n inicial celebrada durante la visita can\u00f3nica del Superior General, [&hellip;]","og_url":"https:\/\/www.lamennais.org\/es\/ruanda-gisenyi-asamblea-de-distrito\/","og_site_name":"LaMennais.org","article_published_time":"2026-08-25T11:53:35+00:00","article_modified_time":"2026-08-29T13:52:33+00:00","og_image":[{"width":2012,"height":981,"url":"https:\/\/www.lamennais.org\/wp-content\/uploads\/2026\/08\/slide-1.jpeg","type":"image\/jpeg"}],"author":"Herv\u00e9 Asse","twitter_card":"summary_large_image","twitter_misc":{"Escrito por":"Herv\u00e9 Asse","Tiempo de lectura":"3 minutos"},"schema":{"@context":"https:\/\/schema.org","@graph":[{"@type":"Article","@id":"https:\/\/www.lamennais.org\/es\/ruanda-gisenyi-asamblea-de-distrito\/#article","isPartOf":{"@id":"https:\/\/www.lamennais.org\/es\/ruanda-gisenyi-asamblea-de-distrito\/"},"author":{"name":"Herv\u00e9 Asse","@id":"https:\/\/www.lamennais.org\/#\/schema\/person\/2a8d6e8a95babedd5ba1c43afd2e3844"},"headline":"RUANDA \u2013 Gisenyi: Asamblea de Distrito","datePublished":"2026-08-25T11:53:35+00:00","dateModified":"2026-08-29T13:52:33+00:00","mainEntityOfPage":{"@id":"https:\/\/www.lamennais.org\/es\/ruanda-gisenyi-asamblea-de-distrito\/"},"wordCount":246,"image":{"@id":"https:\/\/www.lamennais.org\/es\/ruanda-gisenyi-asamblea-de-distrito\/#primaryimage"},"thumbnailUrl":"https:\/\/www.lamennais.org\/wp-content\/uploads\/2026\/08\/slide-1.jpeg","articleSection":["NOTICIAS"],"inLanguage":"es"},{"@type":"WebPage","@id":"https:\/\/www.lamennais.org\/es\/ruanda-gisenyi-asamblea-de-distrito\/","url":"https:\/\/www.lamennais.org\/es\/ruanda-gisenyi-asamblea-de-distrito\/","name":"RUANDA \u2013 Gisenyi: Asamblea de Distrito - LaMennais.org","isPartOf":{"@id":"https:\/\/www.lamennais.org\/#website"},"primaryImageOfPage":{"@id":"https:\/\/www.lamennais.org\/es\/ruanda-gisenyi-asamblea-de-distrito\/#primaryimage"},"image":{"@id":"https:\/\/www.lamennais.org\/es\/ruanda-gisenyi-asamblea-de-distrito\/#primaryimage"},"thumbnailUrl":"https:\/\/www.lamennais.org\/wp-content\/uploads\/2026\/08\/slide-1.jpeg","datePublished":"2026-08-25T11:53:35+00:00","dateModified":"2026-08-29T13:52:33+00:00","author":{"@id":"https:\/\/www.lamennais.org\/#\/schema\/person\/2a8d6e8a95babedd5ba1c43afd2e3844"},"breadcrumb":{"@id":"https:\/\/www.lamennais.org\/es\/ruanda-gisenyi-asamblea-de-distrito\/#breadcrumb"},"inLanguage":"es","potentialAction":[{"@type":"ReadAction","target":["https:\/\/www.lamennais.org\/es\/ruanda-gisenyi-asamblea-de-distrito\/"]}]},{"@type":"ImageObject","inLanguage":"es","@id":"https:\/\/www.lamennais.org\/es\/ruanda-gisenyi-asamblea-de-distrito\/#primaryimage","url":"https:\/\/www.lamennais.org\/wp-content\/uploads\/2026\/08\/slide-1.jpeg","contentUrl":"https:\/\/www.lamennais.org\/wp-content\/uploads\/2026\/08\/slide-1.jpeg","width":2012,"height":981},{"@type":"BreadcrumbList","@id":"https:\/\/www.lamennais.org\/es\/ruanda-gisenyi-asamblea-de-distrito\/#breadcrumb","itemListElement":[{"@type":"ListItem","position":1,"name":"Accueil","item":"https:\/\/www.lamennais.org\/"},{"@type":"ListItem","position":2,"name":"RUANDA \u2013 Gisenyi: Asamblea de Distrito"}]},{"@type":"WebSite","@id":"https:\/\/www.lamennais.org\/#website","url":"https:\/\/www.lamennais.org\/","name":"LaMennais.org","description":"Fr\u00e8res de l&#039;Instruction Chr\u00e9tienne et Famille Mennaisienne","potentialAction":[{"@type":"SearchAction","target":{"@type":"EntryPoint","urlTemplate":"https:\/\/www.lamennais.org\/?s={search_term_string}"},"query-input":{"@type":"PropertyValueSpecification","valueRequired":true,"valueName":"search_term_string"}}],"inLanguage":"es"},{"@type":"Person","@id":"https:\/\/www.lamennais.org\/#\/schema\/person\/2a8d6e8a95babedd5ba1c43afd2e3844","name":"Herv\u00e9 Asse","image":{"@type":"ImageObject","inLanguage":"es","@id":"https:\/\/secure.gravatar.com\/avatar\/1aaa7b1baf759c8b40525f40af381cbaa2b0ddd554f57145bceb0654ba45b4c0?s=96&d=mm&r=g","url":"https:\/\/secure.gravatar.com\/avatar\/1aaa7b1baf759c8b40525f40af381cbaa2b0ddd554f57145bceb0654ba45b4c0?s=96&d=mm&r=g","contentUrl":"https:\/\/secure.gravatar.com\/avatar\/1aaa7b1baf759c8b40525f40af381cbaa2b0ddd554f57145bceb0654ba45b4c0?s=96&d=mm&r=g","caption":"Herv\u00e9 Asse"}}]}},"_links":{"self":[{"href":"https:\/\/www.lamennais.org\/es\/wp-json\/wp\/v2\/posts\/51979","targetHints":{"allow":["GET"]}}],"collection":[{"href":"https:\/\/www.lamennais.org\/es\/wp-json\/wp\/v2\/posts"}],"about":[{"href":"https:\/\/www.lamennais.org\/es\/wp-json\/wp\/v2\/types\/post"}],"author":[{"embeddable":true,"href":"https:\/\/www.lamennais.org\/es\/wp-json\/wp\/v2\/users\/3"}],"replies":[{"embeddable":true,"href":"https:\/\/www.lamennais.org\/es\/wp-json\/wp\/v2\/comments?post=51979"}],"version-history":[{"count":1,"href":"https:\/\/www.lamennais.org\/es\/wp-json\/wp\/v2\/posts\/51979\/revisions"}],"predecessor-version":[{"id":51980,"href":"https:\/\/www.lamennais.org\/es\/wp-json\/wp\/v2\/posts\/51979\/revisions\/51980"}],"wp:featuredmedia":[{"embeddable":true,"href":"https:\/\/www.lamennais.org\/es\/wp-json\/wp\/v2\/media\/51955"}],"wp:attachment":[{"href":"https:\/\/www.lamennais.org\/es\/wp-json\/wp\/v2\/media?parent=51979"}],"wp:term":[{"taxonomy":"category","embeddable":true,"href":"https:\/\/www.lamennais.org\/es\/wp-json\/wp\/v2\/categories?post=51979"},{"taxonomy":"post_tag","embeddable":true,"href":"https:\/\/www.lamennais.org\/es\/wp-json\/wp\/v2\/tags?post=51979"}],"curies":[{"name":"wp","href":"https:\/\/api.w.org\/{rel}","templated":true}]}}