{"id":50239,"date":"2026-03-18T09:47:58","date_gmt":"2026-03-18T08:47:58","guid":{"rendered":"https:\/\/www.lamennais.org\/?p=50239"},"modified":"2026-03-18T10:16:58","modified_gmt":"2026-03-18T09:16:58","slug":"espana-fin-de-semana-vocacional-y-encuentro-de-personas-voluntarias-de-sal","status":"publish","type":"post","link":"https:\/\/www.lamennais.org\/es\/espana-fin-de-semana-vocacional-y-encuentro-de-personas-voluntarias-de-sal\/","title":{"rendered":"Espa\u00f1a: \u00abFin de semana vocacional y encuentro de personas voluntarias de SAL\u00bb"},"content":{"rendered":"<p><strong><em>Los d\u00edas 14 y 15 de marzo, la comunidad de Hermanos de Madrid, acogi\u00f3 dos encuentros, uno promovido por la Pastoral Vocacional Provincial para j\u00f3venes y otro encuentro de personas voluntarias de las diferentes sedes de SAL en Espa\u00f1a, en total alrededor de 50 personas, compartiendo momentos y espacios.<\/em><\/strong><\/p>\n<p><strong><em>ENCUENTRO FORMACI\u00d3N PERSONAS VOLUNTARIAS DE SEDES SAL<\/em><\/strong><\/p>\n<div id=\"attachment_50211\" style=\"width: 621px\" class=\"wp-caption alignright\"><img fetchpriority=\"high\" decoding=\"async\" aria-describedby=\"caption-attachment-50211\" class=\"wp-image-50211\" src=\"https:\/\/www.lamennais.org\/wp-content\/uploads\/2026\/03\/EUCARISTIA-COMPARTIDA-COMUNIDAD-DE-HERMANOS-JOVENES-Y-PERSONAS-VOLUNTARIAS-1024x768.jpg\" alt=\"\" width=\"611\" height=\"458\" srcset=\"https:\/\/www.lamennais.org\/wp-content\/uploads\/2026\/03\/EUCARISTIA-COMPARTIDA-COMUNIDAD-DE-HERMANOS-JOVENES-Y-PERSONAS-VOLUNTARIAS-1024x768.jpg 1024w, https:\/\/www.lamennais.org\/wp-content\/uploads\/2026\/03\/EUCARISTIA-COMPARTIDA-COMUNIDAD-DE-HERMANOS-JOVENES-Y-PERSONAS-VOLUNTARIAS-300x225.jpg 300w, https:\/\/www.lamennais.org\/wp-content\/uploads\/2026\/03\/EUCARISTIA-COMPARTIDA-COMUNIDAD-DE-HERMANOS-JOVENES-Y-PERSONAS-VOLUNTARIAS-768x576.jpg 768w, https:\/\/www.lamennais.org\/wp-content\/uploads\/2026\/03\/EUCARISTIA-COMPARTIDA-COMUNIDAD-DE-HERMANOS-JOVENES-Y-PERSONAS-VOLUNTARIAS-1536x1152.jpg 1536w, https:\/\/www.lamennais.org\/wp-content\/uploads\/2026\/03\/EUCARISTIA-COMPARTIDA-COMUNIDAD-DE-HERMANOS-JOVENES-Y-PERSONAS-VOLUNTARIAS-260x195.jpg 260w, https:\/\/www.lamennais.org\/wp-content\/uploads\/2026\/03\/EUCARISTIA-COMPARTIDA-COMUNIDAD-DE-HERMANOS-JOVENES-Y-PERSONAS-VOLUNTARIAS.jpg 2040w\" sizes=\"(max-width: 611px) 100vw, 611px\" \/><p id=\"caption-attachment-50211\" class=\"wp-caption-text\"><strong><em>Eucharistie partag\u00e9e avec la Communaut\u00e9 des Fr\u00e8res, jeunes et personnes volontaires<\/em><\/strong><\/p><\/div>\n<p><em><img decoding=\"async\" class=\"alignleft wp-image-50214\" src=\"https:\/\/www.lamennais.org\/wp-content\/uploads\/2026\/03\/HNOS-Y-PERSONAS-VOLUNTARIAS-ENCUENTRO-FORMATIVO-1024x768.jpg\" alt=\"\" width=\"557\" height=\"418\" srcset=\"https:\/\/www.lamennais.org\/wp-content\/uploads\/2026\/03\/HNOS-Y-PERSONAS-VOLUNTARIAS-ENCUENTRO-FORMATIVO-1024x768.jpg 1024w, https:\/\/www.lamennais.org\/wp-content\/uploads\/2026\/03\/HNOS-Y-PERSONAS-VOLUNTARIAS-ENCUENTRO-FORMATIVO-300x225.jpg 300w, https:\/\/www.lamennais.org\/wp-content\/uploads\/2026\/03\/HNOS-Y-PERSONAS-VOLUNTARIAS-ENCUENTRO-FORMATIVO-768x576.jpg 768w, https:\/\/www.lamennais.org\/wp-content\/uploads\/2026\/03\/HNOS-Y-PERSONAS-VOLUNTARIAS-ENCUENTRO-FORMATIVO-1536x1152.jpg 1536w, https:\/\/www.lamennais.org\/wp-content\/uploads\/2026\/03\/HNOS-Y-PERSONAS-VOLUNTARIAS-ENCUENTRO-FORMATIVO-260x195.jpg 260w, https:\/\/www.lamennais.org\/wp-content\/uploads\/2026\/03\/HNOS-Y-PERSONAS-VOLUNTARIAS-ENCUENTRO-FORMATIVO.jpg 2000w\" sizes=\"(max-width: 557px) 100vw, 557px\" \/><\/em><\/p>\n<p><em>\u00a0La jornada de formaci\u00f3n de la ONG SAL, impartida por Emilio L\u00f3pez Salas, ha sido un espacio de reflexi\u00f3n y aprendizaje para el voluntariado, tomando como base el informe FOESSA y la evaluaci\u00f3n de las nuevas realidades sociales. <strong>Hemos profundizado en la importancia de crear v\u00ednculos y puentes, porque all\u00ed donde se tejen relaciones, la exclusi\u00f3n se vuelve reversible, mientras que cuando se rompen los v\u00ednculos la dependencia se acelera.<\/strong><\/em><\/p>\n<p><em>\u00a0Durante la formaci\u00f3n trabajamos pistas para mantener viva la motivaci\u00f3n en nuestra labor, aprendiendo a reconocer, interpretar y elegir ser jardineros y no due\u00f1os de los procesos.\u00a0<\/em><\/p>\n<p><em>\u00a0Se nos anim\u00f3 a cooperar en lugar de competir, situando el mercado en su lugar y poniendo siempre a la persona en el centro como fuente de esperanza. <strong>Porque nadie se salva solo y la esperanza se construye juntos.<\/strong><\/em><\/p>\n<div id=\"attachment_50223\" style=\"width: 418px\" class=\"wp-caption alignleft\"><img decoding=\"async\" aria-describedby=\"caption-attachment-50223\" class=\"wp-image-50223\" src=\"https:\/\/www.lamennais.org\/wp-content\/uploads\/2026\/03\/TRABAJO-EN-GRUPOS-768x1024.jpg\" alt=\"\" width=\"408\" height=\"544\" srcset=\"https:\/\/www.lamennais.org\/wp-content\/uploads\/2026\/03\/TRABAJO-EN-GRUPOS-768x1024.jpg 768w, https:\/\/www.lamennais.org\/wp-content\/uploads\/2026\/03\/TRABAJO-EN-GRUPOS-225x300.jpg 225w, https:\/\/www.lamennais.org\/wp-content\/uploads\/2026\/03\/TRABAJO-EN-GRUPOS-1152x1536.jpg 1152w, https:\/\/www.lamennais.org\/wp-content\/uploads\/2026\/03\/TRABAJO-EN-GRUPOS-260x347.jpg 260w, https:\/\/www.lamennais.org\/wp-content\/uploads\/2026\/03\/TRABAJO-EN-GRUPOS.jpg 1536w\" sizes=\"(max-width: 408px) 100vw, 408px\" \/><p id=\"caption-attachment-50223\" class=\"wp-caption-text\"><strong><em>Travail en groupes<\/em><\/strong><\/p><\/div>\n<p><em>Hoy m\u00e1s que nunca estamos llamados a escuchar, acompa\u00f1ar y transformar, siendo testigos de la esperanza en lo cotidiano. Tambi\u00e9n reflexionamos sobre la importancia de promover la participaci\u00f3n, fortalecer las redes y apostar por un consumo responsable.<\/em><\/p>\n<div id=\"attachment_50226\" style=\"width: 489px\" class=\"wp-caption alignright\"><img loading=\"lazy\" decoding=\"async\" aria-describedby=\"caption-attachment-50226\" class=\"wp-image-50226\" src=\"https:\/\/www.lamennais.org\/wp-content\/uploads\/2026\/03\/TRABAJO-FORMACION-1024x768.jpg\" alt=\"\" width=\"479\" height=\"359\" srcset=\"https:\/\/www.lamennais.org\/wp-content\/uploads\/2026\/03\/TRABAJO-FORMACION-1024x768.jpg 1024w, https:\/\/www.lamennais.org\/wp-content\/uploads\/2026\/03\/TRABAJO-FORMACION-300x225.jpg 300w, https:\/\/www.lamennais.org\/wp-content\/uploads\/2026\/03\/TRABAJO-FORMACION-768x576.jpg 768w, https:\/\/www.lamennais.org\/wp-content\/uploads\/2026\/03\/TRABAJO-FORMACION-1536x1152.jpg 1536w, https:\/\/www.lamennais.org\/wp-content\/uploads\/2026\/03\/TRABAJO-FORMACION-260x195.jpg 260w, https:\/\/www.lamennais.org\/wp-content\/uploads\/2026\/03\/TRABAJO-FORMACION.jpg 2048w\" sizes=\"(max-width: 479px) 100vw, 479px\" \/><p id=\"caption-attachment-50226\" class=\"wp-caption-text\"><em><strong>Travaux au cours de la formation<\/strong><\/em><\/p><\/div>\n<p><em>Ha sido adem\u00e1s un tiempo de reencuentro entre personas voluntarias de distintas sedes, con espacios para la formaci\u00f3n, el di\u00e1logo e incluso momentos de convivencia y turismo por Madrid.<\/em><\/p>\n<p><strong><em>Un fin de semana diferente, lleno de energ\u00eda, uni\u00f3n y solidaridad, compartiendo con personas que viven la misma vocaci\u00f3n de servicio.<\/em><\/strong><\/p>\n<p><strong><em>Testimonio: Alazne C\u00e1mara (Voluntaria en SAL)<\/em><\/strong><\/p>\n<p>&nbsp;<\/p>\n<p>&nbsp;<\/p>\n<p>&nbsp;<\/p>\n<p>&nbsp;<\/p>\n<p>&nbsp;<\/p>\n<div id=\"attachment_50219\" style=\"width: 633px\" class=\"wp-caption alignright\"><img loading=\"lazy\" decoding=\"async\" aria-describedby=\"caption-attachment-50219\" class=\"wp-image-50219\" src=\"https:\/\/www.lamennais.org\/wp-content\/uploads\/2026\/03\/JOVENES-Y-HNOS-COMUNIDAD-DE-MADRID-ENCUENTRO-PASTORAL-VOCACIONAL-1024x768.jpeg\" alt=\"\" width=\"623\" height=\"467\" srcset=\"https:\/\/www.lamennais.org\/wp-content\/uploads\/2026\/03\/JOVENES-Y-HNOS-COMUNIDAD-DE-MADRID-ENCUENTRO-PASTORAL-VOCACIONAL-1024x768.jpeg 1024w, https:\/\/www.lamennais.org\/wp-content\/uploads\/2026\/03\/JOVENES-Y-HNOS-COMUNIDAD-DE-MADRID-ENCUENTRO-PASTORAL-VOCACIONAL-300x225.jpeg 300w, https:\/\/www.lamennais.org\/wp-content\/uploads\/2026\/03\/JOVENES-Y-HNOS-COMUNIDAD-DE-MADRID-ENCUENTRO-PASTORAL-VOCACIONAL-768x576.jpeg 768w, https:\/\/www.lamennais.org\/wp-content\/uploads\/2026\/03\/JOVENES-Y-HNOS-COMUNIDAD-DE-MADRID-ENCUENTRO-PASTORAL-VOCACIONAL-1536x1152.jpeg 1536w, https:\/\/www.lamennais.org\/wp-content\/uploads\/2026\/03\/JOVENES-Y-HNOS-COMUNIDAD-DE-MADRID-ENCUENTRO-PASTORAL-VOCACIONAL-2048x1536.jpeg 2048w, https:\/\/www.lamennais.org\/wp-content\/uploads\/2026\/03\/JOVENES-Y-HNOS-COMUNIDAD-DE-MADRID-ENCUENTRO-PASTORAL-VOCACIONAL-260x195.jpeg 260w\" sizes=\"(max-width: 623px) 100vw, 623px\" \/><p id=\"caption-attachment-50219\" class=\"wp-caption-text\"><em><strong>JOVENES Y HNOS COMUNIDAD DE MADRID ENCUENTRO PASTORAL VOCACIONAL<\/strong><\/em><\/p><\/div>\n<p><strong><em>ENCUENTRO J\u00d3VENES MENESIANOS (PASTORAL VOCACIONAL)<\/em><\/strong><\/p>\n<p><em>El colegio de Madrid se llen\u00f3 de ilusi\u00f3n, de b\u00fasqueda tranquila&#8230; \u00a1Un espacio para seguir creciendo todos como familia Menesiana!<\/em><\/p>\n<p><em>Un encuentro en paralelo de 9 j\u00f3venes y 3 acompa\u00f1antes para reflexionar&#8230;<br \/>\nSilencio, la Palabra, la m\u00fasica con frases de Juan Mar\u00eda, lo corporal, orar juntos, testimonios de misioneros, pasear la noche iluminada&#8230; Muchas dimensiones de la persona&#8230;lo vocacional de fondo &#8230; \u00bfllamados a qu\u00e9?, los lazos, el servicio, el compromiso, el futuro&#8230;<br \/>\n\u00bfD\u00f3nde hemos dejado nuestro coraz\u00f3n?, \u00bfc\u00f3mo hemos ido aprendiendo de otros testigos? Jes\u00fas de Nazaret en el centro. Un regalo escuchar a la comunidad de hermanos e intercambiar experiencias.<br \/>\nDios siempre sorprende a trav\u00e9s de otros.<br \/>\nCuanta riqueza humana, \u00a1cu\u00e1nta Esperanza!<\/em><\/p>\n<p style=\"text-align: right;\"><strong><em>Testimonio: Bego Planelles (Acompa\u00f1ante)<\/em><\/strong><\/p>\n","protected":false},"excerpt":{"rendered":"<p>Los d\u00edas 14 y 15 de marzo, la comunidad de Hermanos de Madrid, acogi\u00f3 dos encuentros, uno promovido por la Pastoral Vocacional Provincial para j\u00f3venes y otro encuentro de personas voluntarias de las diferentes sedes de SAL en Espa\u00f1a, en total alrededor de 50 personas, compartiendo momentos y espacios. ENCUENTRO FORMACI\u00d3N PERSONAS VOLUNTARIAS DE SEDES [&hellip;]<\/p>\n","protected":false},"author":3,"featured_media":50210,"comment_status":"closed","ping_status":"closed","sticky":false,"template":"","format":"standard","meta":{"footnotes":""},"categories":[105],"tags":[],"class_list":["post-50239","post","type-post","status-publish","format-standard","has-post-thumbnail","hentry","category-noticias"],"yoast_head":"<!-- This site is optimized with the Yoast SEO plugin v27.4 - https:\/\/yoast.com\/product\/yoast-seo-wordpress\/ -->\n<title>Espa\u00f1a: &quot;Fin de semana vocacional y encuentro de personas voluntarias de SAL&quot; - LaMennais.org<\/title>\n<meta name=\"robots\" content=\"index, follow, max-snippet:-1, max-image-preview:large, max-video-preview:-1\" \/>\n<link rel=\"canonical\" href=\"https:\/\/www.lamennais.org\/es\/espana-fin-de-semana-vocacional-y-encuentro-de-personas-voluntarias-de-sal\/\" \/>\n<meta property=\"og:locale\" content=\"es_ES\" \/>\n<meta property=\"og:type\" content=\"article\" \/>\n<meta property=\"og:title\" content=\"Espa\u00f1a: &quot;Fin de semana vocacional y encuentro de personas voluntarias de SAL&quot; - LaMennais.org\" \/>\n<meta property=\"og:description\" content=\"Los d\u00edas 14 y 15 de marzo, la comunidad de Hermanos de Madrid, acogi\u00f3 dos encuentros, uno promovido por la Pastoral Vocacional Provincial para j\u00f3venes y otro encuentro de personas voluntarias de las diferentes sedes de SAL en Espa\u00f1a, en total alrededor de 50 personas, compartiendo momentos y espacios. ENCUENTRO FORMACI\u00d3N PERSONAS VOLUNTARIAS DE SEDES [&hellip;]\" \/>\n<meta property=\"og:url\" content=\"https:\/\/www.lamennais.org\/es\/espana-fin-de-semana-vocacional-y-encuentro-de-personas-voluntarias-de-sal\/\" \/>\n<meta property=\"og:site_name\" content=\"LaMennais.org\" \/>\n<meta property=\"article:published_time\" content=\"2026-03-18T08:47:58+00:00\" \/>\n<meta property=\"article:modified_time\" content=\"2026-03-18T09:16:58+00:00\" \/>\n<meta property=\"og:image\" content=\"https:\/\/www.lamennais.org\/wp-content\/uploads\/2026\/03\/slide-2-scaled.jpeg\" \/>\n\t<meta property=\"og:image:width\" content=\"2560\" \/>\n\t<meta property=\"og:image:height\" content=\"1338\" \/>\n\t<meta property=\"og:image:type\" content=\"image\/jpeg\" \/>\n<meta name=\"author\" content=\"Herv\u00e9 Asse\" \/>\n<meta name=\"twitter:card\" content=\"summary_large_image\" \/>\n<meta name=\"twitter:label1\" content=\"Escrito por\" \/>\n\t<meta name=\"twitter:data1\" content=\"Herv\u00e9 Asse\" \/>\n\t<meta name=\"twitter:label2\" content=\"Tiempo de lectura\" \/>\n\t<meta name=\"twitter:data2\" content=\"4 minutos\" \/>\n<script type=\"application\/ld+json\" class=\"yoast-schema-graph\">{\"@context\":\"https:\\\/\\\/schema.org\",\"@graph\":[{\"@type\":\"Article\",\"@id\":\"https:\\\/\\\/www.lamennais.org\\\/es\\\/espana-fin-de-semana-vocacional-y-encuentro-de-personas-voluntarias-de-sal\\\/#article\",\"isPartOf\":{\"@id\":\"https:\\\/\\\/www.lamennais.org\\\/es\\\/espana-fin-de-semana-vocacional-y-encuentro-de-personas-voluntarias-de-sal\\\/\"},\"author\":{\"name\":\"Herv\u00e9 Asse\",\"@id\":\"https:\\\/\\\/www.lamennais.org\\\/#\\\/schema\\\/person\\\/2a8d6e8a95babedd5ba1c43afd2e3844\"},\"headline\":\"Espa\u00f1a: \u00abFin de semana vocacional y encuentro de personas voluntarias de SAL\u00bb\",\"datePublished\":\"2026-03-18T08:47:58+00:00\",\"dateModified\":\"2026-03-18T09:16:58+00:00\",\"mainEntityOfPage\":{\"@id\":\"https:\\\/\\\/www.lamennais.org\\\/es\\\/espana-fin-de-semana-vocacional-y-encuentro-de-personas-voluntarias-de-sal\\\/\"},\"wordCount\":519,\"image\":{\"@id\":\"https:\\\/\\\/www.lamennais.org\\\/es\\\/espana-fin-de-semana-vocacional-y-encuentro-de-personas-voluntarias-de-sal\\\/#primaryimage\"},\"thumbnailUrl\":\"https:\\\/\\\/www.lamennais.org\\\/wp-content\\\/uploads\\\/2026\\\/03\\\/slide-2-scaled.jpeg\",\"articleSection\":[\"NOTICIAS\"],\"inLanguage\":\"es\"},{\"@type\":\"WebPage\",\"@id\":\"https:\\\/\\\/www.lamennais.org\\\/es\\\/espana-fin-de-semana-vocacional-y-encuentro-de-personas-voluntarias-de-sal\\\/\",\"url\":\"https:\\\/\\\/www.lamennais.org\\\/es\\\/espana-fin-de-semana-vocacional-y-encuentro-de-personas-voluntarias-de-sal\\\/\",\"name\":\"Espa\u00f1a: \\\"Fin de semana vocacional y encuentro de personas voluntarias de SAL\\\" - LaMennais.org\",\"isPartOf\":{\"@id\":\"https:\\\/\\\/www.lamennais.org\\\/#website\"},\"primaryImageOfPage\":{\"@id\":\"https:\\\/\\\/www.lamennais.org\\\/es\\\/espana-fin-de-semana-vocacional-y-encuentro-de-personas-voluntarias-de-sal\\\/#primaryimage\"},\"image\":{\"@id\":\"https:\\\/\\\/www.lamennais.org\\\/es\\\/espana-fin-de-semana-vocacional-y-encuentro-de-personas-voluntarias-de-sal\\\/#primaryimage\"},\"thumbnailUrl\":\"https:\\\/\\\/www.lamennais.org\\\/wp-content\\\/uploads\\\/2026\\\/03\\\/slide-2-scaled.jpeg\",\"datePublished\":\"2026-03-18T08:47:58+00:00\",\"dateModified\":\"2026-03-18T09:16:58+00:00\",\"author\":{\"@id\":\"https:\\\/\\\/www.lamennais.org\\\/#\\\/schema\\\/person\\\/2a8d6e8a95babedd5ba1c43afd2e3844\"},\"breadcrumb\":{\"@id\":\"https:\\\/\\\/www.lamennais.org\\\/es\\\/espana-fin-de-semana-vocacional-y-encuentro-de-personas-voluntarias-de-sal\\\/#breadcrumb\"},\"inLanguage\":\"es\",\"potentialAction\":[{\"@type\":\"ReadAction\",\"target\":[\"https:\\\/\\\/www.lamennais.org\\\/es\\\/espana-fin-de-semana-vocacional-y-encuentro-de-personas-voluntarias-de-sal\\\/\"]}]},{\"@type\":\"ImageObject\",\"inLanguage\":\"es\",\"@id\":\"https:\\\/\\\/www.lamennais.org\\\/es\\\/espana-fin-de-semana-vocacional-y-encuentro-de-personas-voluntarias-de-sal\\\/#primaryimage\",\"url\":\"https:\\\/\\\/www.lamennais.org\\\/wp-content\\\/uploads\\\/2026\\\/03\\\/slide-2-scaled.jpeg\",\"contentUrl\":\"https:\\\/\\\/www.lamennais.org\\\/wp-content\\\/uploads\\\/2026\\\/03\\\/slide-2-scaled.jpeg\",\"width\":2560,\"height\":1338},{\"@type\":\"BreadcrumbList\",\"@id\":\"https:\\\/\\\/www.lamennais.org\\\/es\\\/espana-fin-de-semana-vocacional-y-encuentro-de-personas-voluntarias-de-sal\\\/#breadcrumb\",\"itemListElement\":[{\"@type\":\"ListItem\",\"position\":1,\"name\":\"Accueil\",\"item\":\"https:\\\/\\\/www.lamennais.org\\\/\"},{\"@type\":\"ListItem\",\"position\":2,\"name\":\"Espa\u00f1a: \u00abFin de semana vocacional y encuentro de personas voluntarias de SAL\u00bb\"}]},{\"@type\":\"WebSite\",\"@id\":\"https:\\\/\\\/www.lamennais.org\\\/#website\",\"url\":\"https:\\\/\\\/www.lamennais.org\\\/\",\"name\":\"LaMennais.org\",\"description\":\"Fr\u00e8res de l&#039;Instruction Chr\u00e9tienne et Famille Mennaisienne\",\"potentialAction\":[{\"@type\":\"SearchAction\",\"target\":{\"@type\":\"EntryPoint\",\"urlTemplate\":\"https:\\\/\\\/www.lamennais.org\\\/?s={search_term_string}\"},\"query-input\":{\"@type\":\"PropertyValueSpecification\",\"valueRequired\":true,\"valueName\":\"search_term_string\"}}],\"inLanguage\":\"es\"},{\"@type\":\"Person\",\"@id\":\"https:\\\/\\\/www.lamennais.org\\\/#\\\/schema\\\/person\\\/2a8d6e8a95babedd5ba1c43afd2e3844\",\"name\":\"Herv\u00e9 Asse\",\"image\":{\"@type\":\"ImageObject\",\"inLanguage\":\"es\",\"@id\":\"https:\\\/\\\/secure.gravatar.com\\\/avatar\\\/1aaa7b1baf759c8b40525f40af381cbaa2b0ddd554f57145bceb0654ba45b4c0?s=96&d=mm&r=g\",\"url\":\"https:\\\/\\\/secure.gravatar.com\\\/avatar\\\/1aaa7b1baf759c8b40525f40af381cbaa2b0ddd554f57145bceb0654ba45b4c0?s=96&d=mm&r=g\",\"contentUrl\":\"https:\\\/\\\/secure.gravatar.com\\\/avatar\\\/1aaa7b1baf759c8b40525f40af381cbaa2b0ddd554f57145bceb0654ba45b4c0?s=96&d=mm&r=g\",\"caption\":\"Herv\u00e9 Asse\"}}]}<\/script>\n<!-- \/ Yoast SEO plugin. -->","yoast_head_json":{"title":"Espa\u00f1a: \"Fin de semana vocacional y encuentro de personas voluntarias de SAL\" - LaMennais.org","robots":{"index":"index","follow":"follow","max-snippet":"max-snippet:-1","max-image-preview":"max-image-preview:large","max-video-preview":"max-video-preview:-1"},"canonical":"https:\/\/www.lamennais.org\/es\/espana-fin-de-semana-vocacional-y-encuentro-de-personas-voluntarias-de-sal\/","og_locale":"es_ES","og_type":"article","og_title":"Espa\u00f1a: \"Fin de semana vocacional y encuentro de personas voluntarias de SAL\" - LaMennais.org","og_description":"Los d\u00edas 14 y 15 de marzo, la comunidad de Hermanos de Madrid, acogi\u00f3 dos encuentros, uno promovido por la Pastoral Vocacional Provincial para j\u00f3venes y otro encuentro de personas voluntarias de las diferentes sedes de SAL en Espa\u00f1a, en total alrededor de 50 personas, compartiendo momentos y espacios. ENCUENTRO FORMACI\u00d3N PERSONAS VOLUNTARIAS DE SEDES [&hellip;]","og_url":"https:\/\/www.lamennais.org\/es\/espana-fin-de-semana-vocacional-y-encuentro-de-personas-voluntarias-de-sal\/","og_site_name":"LaMennais.org","article_published_time":"2026-03-18T08:47:58+00:00","article_modified_time":"2026-03-18T09:16:58+00:00","og_image":[{"width":2560,"height":1338,"url":"https:\/\/www.lamennais.org\/wp-content\/uploads\/2026\/03\/slide-2-scaled.jpeg","type":"image\/jpeg"}],"author":"Herv\u00e9 Asse","twitter_card":"summary_large_image","twitter_misc":{"Escrito por":"Herv\u00e9 Asse","Tiempo de lectura":"4 minutos"},"schema":{"@context":"https:\/\/schema.org","@graph":[{"@type":"Article","@id":"https:\/\/www.lamennais.org\/es\/espana-fin-de-semana-vocacional-y-encuentro-de-personas-voluntarias-de-sal\/#article","isPartOf":{"@id":"https:\/\/www.lamennais.org\/es\/espana-fin-de-semana-vocacional-y-encuentro-de-personas-voluntarias-de-sal\/"},"author":{"name":"Herv\u00e9 Asse","@id":"https:\/\/www.lamennais.org\/#\/schema\/person\/2a8d6e8a95babedd5ba1c43afd2e3844"},"headline":"Espa\u00f1a: \u00abFin de semana vocacional y encuentro de personas voluntarias de SAL\u00bb","datePublished":"2026-03-18T08:47:58+00:00","dateModified":"2026-03-18T09:16:58+00:00","mainEntityOfPage":{"@id":"https:\/\/www.lamennais.org\/es\/espana-fin-de-semana-vocacional-y-encuentro-de-personas-voluntarias-de-sal\/"},"wordCount":519,"image":{"@id":"https:\/\/www.lamennais.org\/es\/espana-fin-de-semana-vocacional-y-encuentro-de-personas-voluntarias-de-sal\/#primaryimage"},"thumbnailUrl":"https:\/\/www.lamennais.org\/wp-content\/uploads\/2026\/03\/slide-2-scaled.jpeg","articleSection":["NOTICIAS"],"inLanguage":"es"},{"@type":"WebPage","@id":"https:\/\/www.lamennais.org\/es\/espana-fin-de-semana-vocacional-y-encuentro-de-personas-voluntarias-de-sal\/","url":"https:\/\/www.lamennais.org\/es\/espana-fin-de-semana-vocacional-y-encuentro-de-personas-voluntarias-de-sal\/","name":"Espa\u00f1a: \"Fin de semana vocacional y encuentro de personas voluntarias de SAL\" - LaMennais.org","isPartOf":{"@id":"https:\/\/www.lamennais.org\/#website"},"primaryImageOfPage":{"@id":"https:\/\/www.lamennais.org\/es\/espana-fin-de-semana-vocacional-y-encuentro-de-personas-voluntarias-de-sal\/#primaryimage"},"image":{"@id":"https:\/\/www.lamennais.org\/es\/espana-fin-de-semana-vocacional-y-encuentro-de-personas-voluntarias-de-sal\/#primaryimage"},"thumbnailUrl":"https:\/\/www.lamennais.org\/wp-content\/uploads\/2026\/03\/slide-2-scaled.jpeg","datePublished":"2026-03-18T08:47:58+00:00","dateModified":"2026-03-18T09:16:58+00:00","author":{"@id":"https:\/\/www.lamennais.org\/#\/schema\/person\/2a8d6e8a95babedd5ba1c43afd2e3844"},"breadcrumb":{"@id":"https:\/\/www.lamennais.org\/es\/espana-fin-de-semana-vocacional-y-encuentro-de-personas-voluntarias-de-sal\/#breadcrumb"},"inLanguage":"es","potentialAction":[{"@type":"ReadAction","target":["https:\/\/www.lamennais.org\/es\/espana-fin-de-semana-vocacional-y-encuentro-de-personas-voluntarias-de-sal\/"]}]},{"@type":"ImageObject","inLanguage":"es","@id":"https:\/\/www.lamennais.org\/es\/espana-fin-de-semana-vocacional-y-encuentro-de-personas-voluntarias-de-sal\/#primaryimage","url":"https:\/\/www.lamennais.org\/wp-content\/uploads\/2026\/03\/slide-2-scaled.jpeg","contentUrl":"https:\/\/www.lamennais.org\/wp-content\/uploads\/2026\/03\/slide-2-scaled.jpeg","width":2560,"height":1338},{"@type":"BreadcrumbList","@id":"https:\/\/www.lamennais.org\/es\/espana-fin-de-semana-vocacional-y-encuentro-de-personas-voluntarias-de-sal\/#breadcrumb","itemListElement":[{"@type":"ListItem","position":1,"name":"Accueil","item":"https:\/\/www.lamennais.org\/"},{"@type":"ListItem","position":2,"name":"Espa\u00f1a: \u00abFin de semana vocacional y encuentro de personas voluntarias de SAL\u00bb"}]},{"@type":"WebSite","@id":"https:\/\/www.lamennais.org\/#website","url":"https:\/\/www.lamennais.org\/","name":"LaMennais.org","description":"Fr\u00e8res de l&#039;Instruction Chr\u00e9tienne et Famille Mennaisienne","potentialAction":[{"@type":"SearchAction","target":{"@type":"EntryPoint","urlTemplate":"https:\/\/www.lamennais.org\/?s={search_term_string}"},"query-input":{"@type":"PropertyValueSpecification","valueRequired":true,"valueName":"search_term_string"}}],"inLanguage":"es"},{"@type":"Person","@id":"https:\/\/www.lamennais.org\/#\/schema\/person\/2a8d6e8a95babedd5ba1c43afd2e3844","name":"Herv\u00e9 Asse","image":{"@type":"ImageObject","inLanguage":"es","@id":"https:\/\/secure.gravatar.com\/avatar\/1aaa7b1baf759c8b40525f40af381cbaa2b0ddd554f57145bceb0654ba45b4c0?s=96&d=mm&r=g","url":"https:\/\/secure.gravatar.com\/avatar\/1aaa7b1baf759c8b40525f40af381cbaa2b0ddd554f57145bceb0654ba45b4c0?s=96&d=mm&r=g","contentUrl":"https:\/\/secure.gravatar.com\/avatar\/1aaa7b1baf759c8b40525f40af381cbaa2b0ddd554f57145bceb0654ba45b4c0?s=96&d=mm&r=g","caption":"Herv\u00e9 Asse"}}]}},"_links":{"self":[{"href":"https:\/\/www.lamennais.org\/es\/wp-json\/wp\/v2\/posts\/50239","targetHints":{"allow":["GET"]}}],"collection":[{"href":"https:\/\/www.lamennais.org\/es\/wp-json\/wp\/v2\/posts"}],"about":[{"href":"https:\/\/www.lamennais.org\/es\/wp-json\/wp\/v2\/types\/post"}],"author":[{"embeddable":true,"href":"https:\/\/www.lamennais.org\/es\/wp-json\/wp\/v2\/users\/3"}],"replies":[{"embeddable":true,"href":"https:\/\/www.lamennais.org\/es\/wp-json\/wp\/v2\/comments?post=50239"}],"version-history":[{"count":5,"href":"https:\/\/www.lamennais.org\/es\/wp-json\/wp\/v2\/posts\/50239\/revisions"}],"predecessor-version":[{"id":50244,"href":"https:\/\/www.lamennais.org\/es\/wp-json\/wp\/v2\/posts\/50239\/revisions\/50244"}],"wp:featuredmedia":[{"embeddable":true,"href":"https:\/\/www.lamennais.org\/es\/wp-json\/wp\/v2\/media\/50210"}],"wp:attachment":[{"href":"https:\/\/www.lamennais.org\/es\/wp-json\/wp\/v2\/media?parent=50239"}],"wp:term":[{"taxonomy":"category","embeddable":true,"href":"https:\/\/www.lamennais.org\/es\/wp-json\/wp\/v2\/categories?post=50239"},{"taxonomy":"post_tag","embeddable":true,"href":"https:\/\/www.lamennais.org\/es\/wp-json\/wp\/v2\/tags?post=50239"}],"curies":[{"name":"wp","href":"https:\/\/api.w.org\/{rel}","templated":true}]}}