{"id":50124,"date":"2026-03-07T09:27:07","date_gmt":"2026-03-07T08:27:07","guid":{"rendered":"https:\/\/www.lamennais.org\/?p=50124"},"modified":"2026-03-07T11:34:48","modified_gmt":"2026-03-07T10:34:48","slug":"polinesia-un-campamento-juvenil-para-crecer-en-la-fe-y-la-fraternidad","status":"publish","type":"post","link":"https:\/\/www.lamennais.org\/es\/polinesia-un-campamento-juvenil-para-crecer-en-la-fe-y-la-fraternidad\/","title":{"rendered":"POLINESIA \u2013 un campamento juvenil para crecer en la fe y la fraternidad"},"content":{"rendered":"<p style=\"text-align: center;\"><strong><em>Foto de grupo con el Padre Tahiri justo despu\u00e9s de la Misa del Mi\u00e9rcoles de Ceniza que tuvimos el privilegio de dirigir.<\/em><\/strong><\/p>\n<p>Del 18 al 21 de febrero de 2026, el <strong><em>Movimiento Juvenil de la Familia Menesiana (MJFM)<\/em><\/strong>) organiz\u00f3 un campamento juvenil en la parroquia Sainte-Th\u00e9r\u00e8se de Vairao, reuni\u00f3 a <strong>44 estudiantes de secundaria, <\/strong>viniendo a vivir unos d\u00edas de vida fraterna, juegos y oraci\u00f3n.<\/p>\n<p><img fetchpriority=\"high\" decoding=\"async\" class=\"alignleft wp-image-50095\" src=\"https:\/\/www.lamennais.org\/wp-content\/uploads\/2026\/03\/camp-711x1024.jpg\" alt=\"\" width=\"294\" height=\"424\" srcset=\"https:\/\/www.lamennais.org\/wp-content\/uploads\/2026\/03\/camp-711x1024.jpg 711w, https:\/\/www.lamennais.org\/wp-content\/uploads\/2026\/03\/camp-208x300.jpg 208w, https:\/\/www.lamennais.org\/wp-content\/uploads\/2026\/03\/camp-768x1106.jpg 768w, https:\/\/www.lamennais.org\/wp-content\/uploads\/2026\/03\/camp-260x374.jpg 260w, https:\/\/www.lamennais.org\/wp-content\/uploads\/2026\/03\/camp.jpg 895w\" sizes=\"(max-width: 294px) 100vw, 294px\" \/><\/p>\n<p>Inspirada en la espiritualidad de Jean-Marie de La Mennais, esta estancia tuvo como objetivo ayudar a los j\u00f3venes a crecer \u201c<strong><em>de coraz\u00f3n, cuerpo y mente<\/em><\/strong>\u00ab, en un ambiente de confianza y alegr\u00eda. El tema de este a\u00f1o, \u00ab<strong><em>Avatar: La \u00daltima Alianza<\/em><\/strong>\u00bb sirvi\u00f3 como principio rector para las actividades.<\/p>\n<p><img decoding=\"async\" class=\"wp-image-50107 alignright\" src=\"https:\/\/www.lamennais.org\/wp-content\/uploads\/2026\/03\/MJFM-Fev2026-Temps-personnel-et-partage-768x1024.jpg\" alt=\"\" width=\"387\" height=\"516\" srcset=\"https:\/\/www.lamennais.org\/wp-content\/uploads\/2026\/03\/MJFM-Fev2026-Temps-personnel-et-partage-768x1024.jpg 768w, https:\/\/www.lamennais.org\/wp-content\/uploads\/2026\/03\/MJFM-Fev2026-Temps-personnel-et-partage-225x300.jpg 225w, https:\/\/www.lamennais.org\/wp-content\/uploads\/2026\/03\/MJFM-Fev2026-Temps-personnel-et-partage-1152x1536.jpg 1152w, https:\/\/www.lamennais.org\/wp-content\/uploads\/2026\/03\/MJFM-Fev2026-Temps-personnel-et-partage-260x347.jpg 260w, https:\/\/www.lamennais.org\/wp-content\/uploads\/2026\/03\/MJFM-Fev2026-Temps-personnel-et-partage.jpg 1536w\" sizes=\"(max-width: 387px) 100vw, 387px\" \/><\/p>\n<p>En el universo Avatar, los Na&#8217;vi usan la expresi\u00f3n \u00ab<em>Oel ngati kameie\u201d<\/em> \u2013 \u201d<em>Te veo.\u201d <\/em>Esta frase significa mucho m\u00e1s que una simple mirada: significa que te reconozco, te respeto y te acojo tal como eres. Esta idea resuena profundamente con los valores que buscamos inculcar en los j\u00f3venes: aprender a ver a los dem\u00e1s con el coraz\u00f3n, reconocer su dignidad y construir relaciones basadas en el respeto y la fraternidad.<\/p>\n<p>En cierto modo, tambi\u00e9n es el Evangelio el que nos invita a ver a los dem\u00e1s como hermanos. A lo largo del campamento, los j\u00f3venes participaron en numerosas actividades: juegos en equipo, una excursi\u00f3n al mar, desaf\u00edos deportivos, talleres de arte y una introducci\u00f3n al tiro con arco.<\/p>\n<p>Estos momentos divertidos ayudaron a desarrollar el esp\u00edritu de equipo, el apoyo mutuo y la responsabilidad, al tiempo que creaban fuertes recuerdos entre los participantes.<\/p>\n<p><strong><em>La dimensi\u00f3n espiritual ocup\u00f3 un lugar central. <\/em><\/strong>Los j\u00f3venes tuvieron la alegr\u00eda de animar la Misa del Mi\u00e9rcoles de Ceniza en la parroquia de Santa Teresita de Vairao, marcando el inicio de la Cuaresma. Tambi\u00e9n se ofreci\u00f3 una tarde de adoraci\u00f3n eucar\u00edstica, invitando a todos a poner sus alegr\u00edas y dificultades ante el Se\u00f1or.<\/p>\n<p style=\"text-align: right;\"><strong><em>Tiempo personal y compartido: un momento del d\u00eda en el que reflexionamos sobre el d\u00eda, sobre nuestra vida, para ver las huellas de Dios.<\/em><\/strong><\/p>\n<p><img decoding=\"async\" class=\"alignleft wp-image-50104\" src=\"https:\/\/www.lamennais.org\/wp-content\/uploads\/2026\/03\/MJFM-Fev2026-Soiree-Spectacle-Fev26-Vairao-02-300x225.jpg\" alt=\"\" width=\"400\" height=\"300\" srcset=\"https:\/\/www.lamennais.org\/wp-content\/uploads\/2026\/03\/MJFM-Fev2026-Soiree-Spectacle-Fev26-Vairao-02-300x225.jpg 300w, https:\/\/www.lamennais.org\/wp-content\/uploads\/2026\/03\/MJFM-Fev2026-Soiree-Spectacle-Fev26-Vairao-02-1024x768.jpg 1024w, https:\/\/www.lamennais.org\/wp-content\/uploads\/2026\/03\/MJFM-Fev2026-Soiree-Spectacle-Fev26-Vairao-02-768x576.jpg 768w, https:\/\/www.lamennais.org\/wp-content\/uploads\/2026\/03\/MJFM-Fev2026-Soiree-Spectacle-Fev26-Vairao-02-1536x1152.jpg 1536w, https:\/\/www.lamennais.org\/wp-content\/uploads\/2026\/03\/MJFM-Fev2026-Soiree-Spectacle-Fev26-Vairao-02-260x195.jpg 260w, https:\/\/www.lamennais.org\/wp-content\/uploads\/2026\/03\/MJFM-Fev2026-Soiree-Spectacle-Fev26-Vairao-02.jpg 2048w\" sizes=\"(max-width: 400px) 100vw, 400px\" \/><\/p>\n<p><strong><em>Una velada espect\u00e1culo compartida con los parroquianos de Sainte Th\u00e9r\u00e8se, un momento de alegr\u00eda, un momento tambi\u00e9n para agradecerles su amabilidad y acogida.<\/em><\/strong><\/p>\n<p><img loading=\"lazy\" decoding=\"async\" class=\" wp-image-50101 alignright\" src=\"https:\/\/www.lamennais.org\/wp-content\/uploads\/2026\/03\/MJFM-Fev2026-Soiree-Spectacle-Fev26-Vairao-01-300x225.jpg\" alt=\"\" width=\"403\" height=\"302\" srcset=\"https:\/\/www.lamennais.org\/wp-content\/uploads\/2026\/03\/MJFM-Fev2026-Soiree-Spectacle-Fev26-Vairao-01-300x225.jpg 300w, https:\/\/www.lamennais.org\/wp-content\/uploads\/2026\/03\/MJFM-Fev2026-Soiree-Spectacle-Fev26-Vairao-01-1024x768.jpg 1024w, https:\/\/www.lamennais.org\/wp-content\/uploads\/2026\/03\/MJFM-Fev2026-Soiree-Spectacle-Fev26-Vairao-01-768x576.jpg 768w, https:\/\/www.lamennais.org\/wp-content\/uploads\/2026\/03\/MJFM-Fev2026-Soiree-Spectacle-Fev26-Vairao-01-1536x1152.jpg 1536w, https:\/\/www.lamennais.org\/wp-content\/uploads\/2026\/03\/MJFM-Fev2026-Soiree-Spectacle-Fev26-Vairao-01-260x195.jpg 260w, https:\/\/www.lamennais.org\/wp-content\/uploads\/2026\/03\/MJFM-Fev2026-Soiree-Spectacle-Fev26-Vairao-01.jpg 2048w\" sizes=\"(max-width: 403px) 100vw, 403px\" \/><\/p>\n<p>Gracias por la c\u00e1lida acogida de la parroquia y la confianza del <strong><em>Padre Tahiri TIAOAO <\/em><\/strong>(Padre de la Congregaci\u00f3n de Picpus) y al acompa\u00f1amiento de <strong><em>Katekita Hinano. <\/em><\/strong>Este campamento fue mucho m\u00e1s que una simple estancia. Permiti\u00f3 a los j\u00f3venes descubrir que la Iglesia puede ser un lugar de alegr\u00eda, fraternidad y encuentro con Cristo.<\/p>\n<p><strong><em>Noticias transmitidas por el Hermano Xavier FROGIER &#8211; Papeete<\/em><\/strong><\/p>\n","protected":false},"excerpt":{"rendered":"<p>Foto de grupo con el Padre Tahiri justo despu\u00e9s de la Misa del Mi\u00e9rcoles de Ceniza que tuvimos el privilegio de dirigir. Del 18 al 21 de febrero de 2026, el Movimiento Juvenil de la Familia Menesiana (MJFM)) organiz\u00f3 un campamento juvenil en la parroquia Sainte-Th\u00e9r\u00e8se de Vairao, reuni\u00f3 a 44 estudiantes de secundaria, viniendo [&hellip;]<\/p>\n","protected":false},"author":3,"featured_media":50112,"comment_status":"closed","ping_status":"closed","sticky":false,"template":"","format":"standard","meta":{"footnotes":""},"categories":[105],"tags":[],"class_list":["post-50124","post","type-post","status-publish","format-standard","has-post-thumbnail","hentry","category-noticias"],"yoast_head":"<!-- This site is optimized with the Yoast SEO plugin v27.4 - https:\/\/yoast.com\/product\/yoast-seo-wordpress\/ -->\n<title>POLINESIA \u2013 un campamento juvenil para crecer en la fe y la fraternidad - LaMennais.org<\/title>\n<meta name=\"robots\" content=\"index, follow, max-snippet:-1, max-image-preview:large, max-video-preview:-1\" \/>\n<link rel=\"canonical\" href=\"https:\/\/www.lamennais.org\/es\/polinesia-un-campamento-juvenil-para-crecer-en-la-fe-y-la-fraternidad\/\" \/>\n<meta property=\"og:locale\" content=\"es_ES\" \/>\n<meta property=\"og:type\" content=\"article\" \/>\n<meta property=\"og:title\" content=\"POLINESIA \u2013 un campamento juvenil para crecer en la fe y la fraternidad - LaMennais.org\" \/>\n<meta property=\"og:description\" content=\"Foto de grupo con el Padre Tahiri justo despu\u00e9s de la Misa del Mi\u00e9rcoles de Ceniza que tuvimos el privilegio de dirigir. Del 18 al 21 de febrero de 2026, el Movimiento Juvenil de la Familia Menesiana (MJFM)) organiz\u00f3 un campamento juvenil en la parroquia Sainte-Th\u00e9r\u00e8se de Vairao, reuni\u00f3 a 44 estudiantes de secundaria, viniendo [&hellip;]\" \/>\n<meta property=\"og:url\" content=\"https:\/\/www.lamennais.org\/es\/polinesia-un-campamento-juvenil-para-crecer-en-la-fe-y-la-fraternidad\/\" \/>\n<meta property=\"og:site_name\" content=\"LaMennais.org\" \/>\n<meta property=\"article:published_time\" content=\"2026-03-07T08:27:07+00:00\" \/>\n<meta property=\"article:modified_time\" content=\"2026-03-07T10:34:48+00:00\" \/>\n<meta property=\"og:image\" content=\"https:\/\/www.lamennais.org\/wp-content\/uploads\/2026\/03\/slide.jpg\" \/>\n\t<meta property=\"og:image:width\" content=\"2048\" \/>\n\t<meta property=\"og:image:height\" content=\"1021\" \/>\n\t<meta property=\"og:image:type\" content=\"image\/jpeg\" \/>\n<meta name=\"author\" content=\"Herv\u00e9 Asse\" \/>\n<meta name=\"twitter:card\" content=\"summary_large_image\" \/>\n<meta name=\"twitter:label1\" content=\"Escrito por\" \/>\n\t<meta name=\"twitter:data1\" content=\"Herv\u00e9 Asse\" \/>\n\t<meta name=\"twitter:label2\" content=\"Tiempo de lectura\" \/>\n\t<meta name=\"twitter:data2\" content=\"3 minutos\" \/>\n<script type=\"application\/ld+json\" class=\"yoast-schema-graph\">{\"@context\":\"https:\\\/\\\/schema.org\",\"@graph\":[{\"@type\":\"Article\",\"@id\":\"https:\\\/\\\/www.lamennais.org\\\/es\\\/polinesia-un-campamento-juvenil-para-crecer-en-la-fe-y-la-fraternidad\\\/#article\",\"isPartOf\":{\"@id\":\"https:\\\/\\\/www.lamennais.org\\\/es\\\/polinesia-un-campamento-juvenil-para-crecer-en-la-fe-y-la-fraternidad\\\/\"},\"author\":{\"name\":\"Herv\u00e9 Asse\",\"@id\":\"https:\\\/\\\/www.lamennais.org\\\/#\\\/schema\\\/person\\\/2a8d6e8a95babedd5ba1c43afd2e3844\"},\"headline\":\"POLINESIA \u2013 un campamento juvenil para crecer en la fe y la fraternidad\",\"datePublished\":\"2026-03-07T08:27:07+00:00\",\"dateModified\":\"2026-03-07T10:34:48+00:00\",\"mainEntityOfPage\":{\"@id\":\"https:\\\/\\\/www.lamennais.org\\\/es\\\/polinesia-un-campamento-juvenil-para-crecer-en-la-fe-y-la-fraternidad\\\/\"},\"wordCount\":474,\"image\":{\"@id\":\"https:\\\/\\\/www.lamennais.org\\\/es\\\/polinesia-un-campamento-juvenil-para-crecer-en-la-fe-y-la-fraternidad\\\/#primaryimage\"},\"thumbnailUrl\":\"https:\\\/\\\/www.lamennais.org\\\/wp-content\\\/uploads\\\/2026\\\/03\\\/slide.jpg\",\"articleSection\":[\"NOTICIAS\"],\"inLanguage\":\"es\"},{\"@type\":\"WebPage\",\"@id\":\"https:\\\/\\\/www.lamennais.org\\\/es\\\/polinesia-un-campamento-juvenil-para-crecer-en-la-fe-y-la-fraternidad\\\/\",\"url\":\"https:\\\/\\\/www.lamennais.org\\\/es\\\/polinesia-un-campamento-juvenil-para-crecer-en-la-fe-y-la-fraternidad\\\/\",\"name\":\"POLINESIA \u2013 un campamento juvenil para crecer en la fe y la fraternidad - LaMennais.org\",\"isPartOf\":{\"@id\":\"https:\\\/\\\/www.lamennais.org\\\/#website\"},\"primaryImageOfPage\":{\"@id\":\"https:\\\/\\\/www.lamennais.org\\\/es\\\/polinesia-un-campamento-juvenil-para-crecer-en-la-fe-y-la-fraternidad\\\/#primaryimage\"},\"image\":{\"@id\":\"https:\\\/\\\/www.lamennais.org\\\/es\\\/polinesia-un-campamento-juvenil-para-crecer-en-la-fe-y-la-fraternidad\\\/#primaryimage\"},\"thumbnailUrl\":\"https:\\\/\\\/www.lamennais.org\\\/wp-content\\\/uploads\\\/2026\\\/03\\\/slide.jpg\",\"datePublished\":\"2026-03-07T08:27:07+00:00\",\"dateModified\":\"2026-03-07T10:34:48+00:00\",\"author\":{\"@id\":\"https:\\\/\\\/www.lamennais.org\\\/#\\\/schema\\\/person\\\/2a8d6e8a95babedd5ba1c43afd2e3844\"},\"breadcrumb\":{\"@id\":\"https:\\\/\\\/www.lamennais.org\\\/es\\\/polinesia-un-campamento-juvenil-para-crecer-en-la-fe-y-la-fraternidad\\\/#breadcrumb\"},\"inLanguage\":\"es\",\"potentialAction\":[{\"@type\":\"ReadAction\",\"target\":[\"https:\\\/\\\/www.lamennais.org\\\/es\\\/polinesia-un-campamento-juvenil-para-crecer-en-la-fe-y-la-fraternidad\\\/\"]}]},{\"@type\":\"ImageObject\",\"inLanguage\":\"es\",\"@id\":\"https:\\\/\\\/www.lamennais.org\\\/es\\\/polinesia-un-campamento-juvenil-para-crecer-en-la-fe-y-la-fraternidad\\\/#primaryimage\",\"url\":\"https:\\\/\\\/www.lamennais.org\\\/wp-content\\\/uploads\\\/2026\\\/03\\\/slide.jpg\",\"contentUrl\":\"https:\\\/\\\/www.lamennais.org\\\/wp-content\\\/uploads\\\/2026\\\/03\\\/slide.jpg\",\"width\":2048,\"height\":1021},{\"@type\":\"BreadcrumbList\",\"@id\":\"https:\\\/\\\/www.lamennais.org\\\/es\\\/polinesia-un-campamento-juvenil-para-crecer-en-la-fe-y-la-fraternidad\\\/#breadcrumb\",\"itemListElement\":[{\"@type\":\"ListItem\",\"position\":1,\"name\":\"Accueil\",\"item\":\"https:\\\/\\\/www.lamennais.org\\\/\"},{\"@type\":\"ListItem\",\"position\":2,\"name\":\"POLINESIA \u2013 un campamento juvenil para crecer en la fe y la fraternidad\"}]},{\"@type\":\"WebSite\",\"@id\":\"https:\\\/\\\/www.lamennais.org\\\/#website\",\"url\":\"https:\\\/\\\/www.lamennais.org\\\/\",\"name\":\"LaMennais.org\",\"description\":\"Fr\u00e8res de l&#039;Instruction Chr\u00e9tienne et Famille Mennaisienne\",\"potentialAction\":[{\"@type\":\"SearchAction\",\"target\":{\"@type\":\"EntryPoint\",\"urlTemplate\":\"https:\\\/\\\/www.lamennais.org\\\/?s={search_term_string}\"},\"query-input\":{\"@type\":\"PropertyValueSpecification\",\"valueRequired\":true,\"valueName\":\"search_term_string\"}}],\"inLanguage\":\"es\"},{\"@type\":\"Person\",\"@id\":\"https:\\\/\\\/www.lamennais.org\\\/#\\\/schema\\\/person\\\/2a8d6e8a95babedd5ba1c43afd2e3844\",\"name\":\"Herv\u00e9 Asse\",\"image\":{\"@type\":\"ImageObject\",\"inLanguage\":\"es\",\"@id\":\"https:\\\/\\\/secure.gravatar.com\\\/avatar\\\/1aaa7b1baf759c8b40525f40af381cbaa2b0ddd554f57145bceb0654ba45b4c0?s=96&d=mm&r=g\",\"url\":\"https:\\\/\\\/secure.gravatar.com\\\/avatar\\\/1aaa7b1baf759c8b40525f40af381cbaa2b0ddd554f57145bceb0654ba45b4c0?s=96&d=mm&r=g\",\"contentUrl\":\"https:\\\/\\\/secure.gravatar.com\\\/avatar\\\/1aaa7b1baf759c8b40525f40af381cbaa2b0ddd554f57145bceb0654ba45b4c0?s=96&d=mm&r=g\",\"caption\":\"Herv\u00e9 Asse\"}}]}<\/script>\n<!-- \/ Yoast SEO plugin. -->","yoast_head_json":{"title":"POLINESIA \u2013 un campamento juvenil para crecer en la fe y la fraternidad - LaMennais.org","robots":{"index":"index","follow":"follow","max-snippet":"max-snippet:-1","max-image-preview":"max-image-preview:large","max-video-preview":"max-video-preview:-1"},"canonical":"https:\/\/www.lamennais.org\/es\/polinesia-un-campamento-juvenil-para-crecer-en-la-fe-y-la-fraternidad\/","og_locale":"es_ES","og_type":"article","og_title":"POLINESIA \u2013 un campamento juvenil para crecer en la fe y la fraternidad - LaMennais.org","og_description":"Foto de grupo con el Padre Tahiri justo despu\u00e9s de la Misa del Mi\u00e9rcoles de Ceniza que tuvimos el privilegio de dirigir. Del 18 al 21 de febrero de 2026, el Movimiento Juvenil de la Familia Menesiana (MJFM)) organiz\u00f3 un campamento juvenil en la parroquia Sainte-Th\u00e9r\u00e8se de Vairao, reuni\u00f3 a 44 estudiantes de secundaria, viniendo [&hellip;]","og_url":"https:\/\/www.lamennais.org\/es\/polinesia-un-campamento-juvenil-para-crecer-en-la-fe-y-la-fraternidad\/","og_site_name":"LaMennais.org","article_published_time":"2026-03-07T08:27:07+00:00","article_modified_time":"2026-03-07T10:34:48+00:00","og_image":[{"width":2048,"height":1021,"url":"https:\/\/www.lamennais.org\/wp-content\/uploads\/2026\/03\/slide.jpg","type":"image\/jpeg"}],"author":"Herv\u00e9 Asse","twitter_card":"summary_large_image","twitter_misc":{"Escrito por":"Herv\u00e9 Asse","Tiempo de lectura":"3 minutos"},"schema":{"@context":"https:\/\/schema.org","@graph":[{"@type":"Article","@id":"https:\/\/www.lamennais.org\/es\/polinesia-un-campamento-juvenil-para-crecer-en-la-fe-y-la-fraternidad\/#article","isPartOf":{"@id":"https:\/\/www.lamennais.org\/es\/polinesia-un-campamento-juvenil-para-crecer-en-la-fe-y-la-fraternidad\/"},"author":{"name":"Herv\u00e9 Asse","@id":"https:\/\/www.lamennais.org\/#\/schema\/person\/2a8d6e8a95babedd5ba1c43afd2e3844"},"headline":"POLINESIA \u2013 un campamento juvenil para crecer en la fe y la fraternidad","datePublished":"2026-03-07T08:27:07+00:00","dateModified":"2026-03-07T10:34:48+00:00","mainEntityOfPage":{"@id":"https:\/\/www.lamennais.org\/es\/polinesia-un-campamento-juvenil-para-crecer-en-la-fe-y-la-fraternidad\/"},"wordCount":474,"image":{"@id":"https:\/\/www.lamennais.org\/es\/polinesia-un-campamento-juvenil-para-crecer-en-la-fe-y-la-fraternidad\/#primaryimage"},"thumbnailUrl":"https:\/\/www.lamennais.org\/wp-content\/uploads\/2026\/03\/slide.jpg","articleSection":["NOTICIAS"],"inLanguage":"es"},{"@type":"WebPage","@id":"https:\/\/www.lamennais.org\/es\/polinesia-un-campamento-juvenil-para-crecer-en-la-fe-y-la-fraternidad\/","url":"https:\/\/www.lamennais.org\/es\/polinesia-un-campamento-juvenil-para-crecer-en-la-fe-y-la-fraternidad\/","name":"POLINESIA \u2013 un campamento juvenil para crecer en la fe y la fraternidad - LaMennais.org","isPartOf":{"@id":"https:\/\/www.lamennais.org\/#website"},"primaryImageOfPage":{"@id":"https:\/\/www.lamennais.org\/es\/polinesia-un-campamento-juvenil-para-crecer-en-la-fe-y-la-fraternidad\/#primaryimage"},"image":{"@id":"https:\/\/www.lamennais.org\/es\/polinesia-un-campamento-juvenil-para-crecer-en-la-fe-y-la-fraternidad\/#primaryimage"},"thumbnailUrl":"https:\/\/www.lamennais.org\/wp-content\/uploads\/2026\/03\/slide.jpg","datePublished":"2026-03-07T08:27:07+00:00","dateModified":"2026-03-07T10:34:48+00:00","author":{"@id":"https:\/\/www.lamennais.org\/#\/schema\/person\/2a8d6e8a95babedd5ba1c43afd2e3844"},"breadcrumb":{"@id":"https:\/\/www.lamennais.org\/es\/polinesia-un-campamento-juvenil-para-crecer-en-la-fe-y-la-fraternidad\/#breadcrumb"},"inLanguage":"es","potentialAction":[{"@type":"ReadAction","target":["https:\/\/www.lamennais.org\/es\/polinesia-un-campamento-juvenil-para-crecer-en-la-fe-y-la-fraternidad\/"]}]},{"@type":"ImageObject","inLanguage":"es","@id":"https:\/\/www.lamennais.org\/es\/polinesia-un-campamento-juvenil-para-crecer-en-la-fe-y-la-fraternidad\/#primaryimage","url":"https:\/\/www.lamennais.org\/wp-content\/uploads\/2026\/03\/slide.jpg","contentUrl":"https:\/\/www.lamennais.org\/wp-content\/uploads\/2026\/03\/slide.jpg","width":2048,"height":1021},{"@type":"BreadcrumbList","@id":"https:\/\/www.lamennais.org\/es\/polinesia-un-campamento-juvenil-para-crecer-en-la-fe-y-la-fraternidad\/#breadcrumb","itemListElement":[{"@type":"ListItem","position":1,"name":"Accueil","item":"https:\/\/www.lamennais.org\/"},{"@type":"ListItem","position":2,"name":"POLINESIA \u2013 un campamento juvenil para crecer en la fe y la fraternidad"}]},{"@type":"WebSite","@id":"https:\/\/www.lamennais.org\/#website","url":"https:\/\/www.lamennais.org\/","name":"LaMennais.org","description":"Fr\u00e8res de l&#039;Instruction Chr\u00e9tienne et Famille Mennaisienne","potentialAction":[{"@type":"SearchAction","target":{"@type":"EntryPoint","urlTemplate":"https:\/\/www.lamennais.org\/?s={search_term_string}"},"query-input":{"@type":"PropertyValueSpecification","valueRequired":true,"valueName":"search_term_string"}}],"inLanguage":"es"},{"@type":"Person","@id":"https:\/\/www.lamennais.org\/#\/schema\/person\/2a8d6e8a95babedd5ba1c43afd2e3844","name":"Herv\u00e9 Asse","image":{"@type":"ImageObject","inLanguage":"es","@id":"https:\/\/secure.gravatar.com\/avatar\/1aaa7b1baf759c8b40525f40af381cbaa2b0ddd554f57145bceb0654ba45b4c0?s=96&d=mm&r=g","url":"https:\/\/secure.gravatar.com\/avatar\/1aaa7b1baf759c8b40525f40af381cbaa2b0ddd554f57145bceb0654ba45b4c0?s=96&d=mm&r=g","contentUrl":"https:\/\/secure.gravatar.com\/avatar\/1aaa7b1baf759c8b40525f40af381cbaa2b0ddd554f57145bceb0654ba45b4c0?s=96&d=mm&r=g","caption":"Herv\u00e9 Asse"}}]}},"_links":{"self":[{"href":"https:\/\/www.lamennais.org\/es\/wp-json\/wp\/v2\/posts\/50124","targetHints":{"allow":["GET"]}}],"collection":[{"href":"https:\/\/www.lamennais.org\/es\/wp-json\/wp\/v2\/posts"}],"about":[{"href":"https:\/\/www.lamennais.org\/es\/wp-json\/wp\/v2\/types\/post"}],"author":[{"embeddable":true,"href":"https:\/\/www.lamennais.org\/es\/wp-json\/wp\/v2\/users\/3"}],"replies":[{"embeddable":true,"href":"https:\/\/www.lamennais.org\/es\/wp-json\/wp\/v2\/comments?post=50124"}],"version-history":[{"count":1,"href":"https:\/\/www.lamennais.org\/es\/wp-json\/wp\/v2\/posts\/50124\/revisions"}],"predecessor-version":[{"id":50125,"href":"https:\/\/www.lamennais.org\/es\/wp-json\/wp\/v2\/posts\/50124\/revisions\/50125"}],"wp:featuredmedia":[{"embeddable":true,"href":"https:\/\/www.lamennais.org\/es\/wp-json\/wp\/v2\/media\/50112"}],"wp:attachment":[{"href":"https:\/\/www.lamennais.org\/es\/wp-json\/wp\/v2\/media?parent=50124"}],"wp:term":[{"taxonomy":"category","embeddable":true,"href":"https:\/\/www.lamennais.org\/es\/wp-json\/wp\/v2\/categories?post=50124"},{"taxonomy":"post_tag","embeddable":true,"href":"https:\/\/www.lamennais.org\/es\/wp-json\/wp\/v2\/tags?post=50124"}],"curies":[{"name":"wp","href":"https:\/\/api.w.org\/{rel}","templated":true}]}}