{"id":48612,"date":"2025-11-07T15:51:29","date_gmt":"2025-11-07T14:51:29","guid":{"rendered":"https:\/\/www.lamennais.org\/?p=48612"},"modified":"2025-11-09T20:44:59","modified_gmt":"2025-11-09T19:44:59","slug":"haiti-delmas-visita-del-hermano-herve-zamor-a-saint-louis-de-gonzague","status":"publish","type":"post","link":"https:\/\/www.lamennais.org\/es\/haiti-delmas-visita-del-hermano-herve-zamor-a-saint-louis-de-gonzague\/","title":{"rendered":"HAIT\u00cd \u2013 Delmas: Visita del Hermano Herv\u00e9 Zamor a Saint-Louis de Gonzague"},"content":{"rendered":"<p><strong><em>Este d\u00eda quedar\u00e1 grabado en la memoria de nuestra comunidad educativa: el Hermano Herv\u00e9 Zamor, Superior General de la Congregaci\u00f3n de los Hermanos de la Instrucci\u00f3n Cristiana, nos hizo el inmenso honor de su visita a Saint-Louis de Gonzague.<\/em><\/strong><\/p>\n<p><em>Este encuentro tiene un significado muy especial, pues representa un verdadero regreso a su alma m\u00e1ter. En efecto, el Hermano Herv\u00e9 Zamor, originario de La Vall\u00e9e, comenz\u00f3 su carrera religiosa aqu\u00ed mismo en Hait\u00ed, donde dedic\u00f3 los primeros a\u00f1os de su vida religiosa y educativa al servicio de los j\u00f3venes.<\/em><\/p>\n<p><strong><em>Su mensaje, de gran profundidad espiritual se<\/em><\/strong> encaja perfectamente dentro del tema del a\u00f1o escolar: \u201cPeregrinos en el camino de la fraternidad\u201d. Nos record\u00f3 que las escuelas fundadas por Juan Mar\u00eda de la Mennais tienen la misi\u00f3n de instruir, educar, evangelizar y fraternizar.<\/p>\n<p><em><img fetchpriority=\"high\" decoding=\"async\" class=\"size-large wp-image-48518 aligncenter\" src=\"https:\/\/www.lamennais.org\/wp-content\/uploads\/2025\/11\/Immagine-WhatsApp-2025-11-07-ore-14.17.27_407c7b6d-1024x476.jpg\" alt=\"\" width=\"860\" height=\"400\" srcset=\"https:\/\/www.lamennais.org\/wp-content\/uploads\/2025\/11\/Immagine-WhatsApp-2025-11-07-ore-14.17.27_407c7b6d-1024x476.jpg 1024w, https:\/\/www.lamennais.org\/wp-content\/uploads\/2025\/11\/Immagine-WhatsApp-2025-11-07-ore-14.17.27_407c7b6d-300x140.jpg 300w, https:\/\/www.lamennais.org\/wp-content\/uploads\/2025\/11\/Immagine-WhatsApp-2025-11-07-ore-14.17.27_407c7b6d-768x357.jpg 768w, https:\/\/www.lamennais.org\/wp-content\/uploads\/2025\/11\/Immagine-WhatsApp-2025-11-07-ore-14.17.27_407c7b6d-260x121.jpg 260w, https:\/\/www.lamennais.org\/wp-content\/uploads\/2025\/11\/Immagine-WhatsApp-2025-11-07-ore-14.17.27_407c7b6d.jpg 1079w\" sizes=\"(max-width: 860px) 100vw, 860px\" \/><\/em><\/p>\n<p><em>Seg\u00fan el Superior General, educar para la fraternidad no es una opci\u00f3n, sino un requisito fundamental. Nos exhort\u00f3 a formar a nuestros alumnos para que vivan verdaderamente como hermanos y hermanas, unidos en el respeto, la solidaridad y el amor al pr\u00f3jimo.<\/em><\/p>\n<p><em>El Hermano Herv\u00e9 Zamor tambi\u00e9n subray\u00f3 que la escuela es un lugar de \u201cretiro\u201d, no en el sentido de aislamiento, sino como un espacio privilegiado donde se forman las conciencias y donde florece el hombre nuevo.<\/em><\/p>\n<p><em>Con un m\u00e9todo de ense\u00f1anza sencillo e inspirador, desarroll\u00f3 cada letra de la palabra RETIRO para revelar toda su riqueza espiritual y educativa:<\/em><\/p>\n<p><strong><em>R\u00a0\u00a0\u00a0\u00a0\u00a0\u00a0\u00a0\u00a0\u00a0\u00a0\u00a0 El Respeto, fundamento de todas las relaciones humanas aut\u00e9nticas;<br \/>\n<\/em><\/strong><strong><em>mi\u00a0\u00a0\u00a0\u00a0\u00a0\u00a0\u00a0\u00a0\u00a0 para la Esperanza, la fuerza motriz detr\u00e1s de todo compromiso educativo;<br \/>\n<\/em><\/strong><strong><em>T\u00a0\u00a0\u00a0\u00a0\u00a0\u00a0\u00a0\u00a0\u00a0\u00a0\u00a0\u00a0 para Testimonio, que nos invita a vivir la fraternidad a diario;<br \/>\n<\/em><\/strong><strong><em>R\u00a0\u00a0\u00a0\u00a0\u00a0\u00a0\u00a0\u00a0\u00a0\u00a0\u00a0 para Reencontrar, porque la educaci\u00f3n es ante todo una experiencia humana compartida;<br \/>\n<\/em><\/strong><strong><em>A\u00a0\u00a0\u00a0\u00a0\u00a0\u00a0\u00a0\u00a0\u00a0\u00a0\u00a0 para Atenci\u00f3n, una se\u00f1al de amabilidad y de escucha;<br \/>\n<\/em><\/strong><strong><em>I\u00a0\u00a0\u00a0\u00a0\u00a0\u00a0\u00a0\u00a0\u00a0\u00a0\u00a0\u00a0\u00a0 para Inclusi\u00f3n, cabe recordar que todos tienen su lugar en la gran familia educativa;<br \/>\n<\/em><\/strong><strong><em>T\u00a0\u00a0\u00a0\u00a0\u00a0\u00a0\u00a0\u00a0\u00a0\u00a0\u00a0\u00a0 para la Temporalidad, s\u00edmbolo de la paciencia y la perseverancia que requiere cualquier misi\u00f3n educativa;<br \/>\n<\/em><\/strong><strong><em>E\u00a0\u00a0\u00a0\u00a0\u00a0\u00a0\u00a0\u00a0\u00a0\u00a0\u00a0\u00a0 Finalmente, en cuanto a la Empat\u00eda, se trata de la capacidad de ponerse en el lugar del otro para comprenderlo y apoyarlo mejor.<br \/>\n<\/em><\/strong><strong><em>T \u00a0\u00a0\u00a0\u00a0\u00a0\u00a0\u00a0\u00a0\u00a0\u00a0\u00a0 pour Temporalit\u00e9, symbole de la patience et de la pers\u00e9v\u00e9rance qu\u2019exige toute mission \u00e9ducative ;<br \/>\n<\/em><\/strong><strong><em>E \u00a0\u00a0\u00a0\u00a0\u00a0\u00a0\u00a0\u00a0\u00a0\u00a0\u00a0 enfin pour Empathie, cette capacit\u00e9 \u00e0 se mettre \u00e0 la place de l\u2019autre pour mieux le comprendre et l\u2019accompagner.<\/em><\/strong><\/p>\n<table>\n<tbody>\n<tr>\n<td width=\"321\"><img decoding=\"async\" class=\"size-large wp-image-48528 aligncenter\" src=\"https:\/\/www.lamennais.org\/wp-content\/uploads\/2025\/11\/IMG-20251107-WA0003-1024x768.jpg\" alt=\"\" width=\"860\" height=\"645\" srcset=\"https:\/\/www.lamennais.org\/wp-content\/uploads\/2025\/11\/IMG-20251107-WA0003-1024x768.jpg 1024w, https:\/\/www.lamennais.org\/wp-content\/uploads\/2025\/11\/IMG-20251107-WA0003-300x225.jpg 300w, https:\/\/www.lamennais.org\/wp-content\/uploads\/2025\/11\/IMG-20251107-WA0003-768x576.jpg 768w, https:\/\/www.lamennais.org\/wp-content\/uploads\/2025\/11\/IMG-20251107-WA0003-260x195.jpg 260w, https:\/\/www.lamennais.org\/wp-content\/uploads\/2025\/11\/IMG-20251107-WA0003.jpg 1080w\" sizes=\"(max-width: 860px) 100vw, 860px\" \/><\/td>\n<td width=\"321\"><img decoding=\"async\" class=\"size-large wp-image-48525 aligncenter\" src=\"https:\/\/www.lamennais.org\/wp-content\/uploads\/2025\/11\/IMG-20251107-WA0004-1024x768.jpg\" alt=\"\" width=\"860\" height=\"645\" srcset=\"https:\/\/www.lamennais.org\/wp-content\/uploads\/2025\/11\/IMG-20251107-WA0004-1024x768.jpg 1024w, https:\/\/www.lamennais.org\/wp-content\/uploads\/2025\/11\/IMG-20251107-WA0004-300x225.jpg 300w, https:\/\/www.lamennais.org\/wp-content\/uploads\/2025\/11\/IMG-20251107-WA0004-768x576.jpg 768w, https:\/\/www.lamennais.org\/wp-content\/uploads\/2025\/11\/IMG-20251107-WA0004-260x195.jpg 260w, https:\/\/www.lamennais.org\/wp-content\/uploads\/2025\/11\/IMG-20251107-WA0004.jpg 1080w\" sizes=\"(max-width: 860px) 100vw, 860px\" \/><\/td>\n<\/tr>\n<\/tbody>\n<\/table>\n<p><em>Con estas palabras, el Hermano Herv\u00e9 Zamor nos invit\u00f3 a reafirmar nuestra vocaci\u00f3n como educadores y a tomar conciencia de la grandeza de la misi\u00f3n que se nos ha confiado.<\/em><\/p>\n<p><strong><em>La reuni\u00f3n concluy\u00f3 en un ambiente c\u00e1lido y de agradecimiento. La escuela, en sus distintos niveles, obsequi\u00f3 peque\u00f1os regalos simb\u00f3licos al Superior General como muestra de aprecio y de inmensa alegr\u00eda por esta visita excepcional.<\/em><\/strong><\/p>\n<table>\n<tbody>\n<tr>\n<td width=\"321\"><img loading=\"lazy\" decoding=\"async\" class=\"size-large wp-image-48532 aligncenter\" src=\"https:\/\/www.lamennais.org\/wp-content\/uploads\/2025\/11\/IMG-20251107-WA0009-1024x768.jpg\" alt=\"\" width=\"860\" height=\"645\" srcset=\"https:\/\/www.lamennais.org\/wp-content\/uploads\/2025\/11\/IMG-20251107-WA0009-1024x768.jpg 1024w, https:\/\/www.lamennais.org\/wp-content\/uploads\/2025\/11\/IMG-20251107-WA0009-300x225.jpg 300w, https:\/\/www.lamennais.org\/wp-content\/uploads\/2025\/11\/IMG-20251107-WA0009-768x576.jpg 768w, https:\/\/www.lamennais.org\/wp-content\/uploads\/2025\/11\/IMG-20251107-WA0009-260x195.jpg 260w, https:\/\/www.lamennais.org\/wp-content\/uploads\/2025\/11\/IMG-20251107-WA0009.jpg 1080w\" sizes=\"(max-width: 860px) 100vw, 860px\" \/><\/td>\n<td width=\"321\"><img loading=\"lazy\" decoding=\"async\" class=\"size-large wp-image-48535 aligncenter\" src=\"https:\/\/www.lamennais.org\/wp-content\/uploads\/2025\/11\/IMG-20251107-WA0008-1024x768.jpg\" alt=\"\" width=\"860\" height=\"645\" srcset=\"https:\/\/www.lamennais.org\/wp-content\/uploads\/2025\/11\/IMG-20251107-WA0008-1024x768.jpg 1024w, https:\/\/www.lamennais.org\/wp-content\/uploads\/2025\/11\/IMG-20251107-WA0008-300x225.jpg 300w, https:\/\/www.lamennais.org\/wp-content\/uploads\/2025\/11\/IMG-20251107-WA0008-768x576.jpg 768w, https:\/\/www.lamennais.org\/wp-content\/uploads\/2025\/11\/IMG-20251107-WA0008-260x195.jpg 260w, https:\/\/www.lamennais.org\/wp-content\/uploads\/2025\/11\/IMG-20251107-WA0008.jpg 1080w\" sizes=\"(max-width: 860px) 100vw, 860px\" \/><\/td>\n<\/tr>\n<\/tbody>\n<\/table>\n<p><em>Nuestras m\u00e1s fraternas oraciones y pensamientos acompa\u00f1an al Hermano Herv\u00e9 Zamor en el cumplimiento de su misi\u00f3n, para que dondequiera que vaya, contin\u00fae inspirando corazones y construyendo puentes de fraternidad.<\/em><\/p>\n<p><strong><em>Garel Blaby PIERRE ELIE, profesor de franc\u00e9s de secundaria y director de la Asociaci\u00f3n de Prensa de Saint-Louis. <\/em><\/strong><strong><em>(APS)<\/em><\/strong><\/p>\n<p>&nbsp;<\/p>\n","protected":false},"excerpt":{"rendered":"<p>Este d\u00eda quedar\u00e1 grabado en la memoria de nuestra comunidad educativa: el Hermano Herv\u00e9 Zamor, Superior General de la Congregaci\u00f3n de los Hermanos de la Instrucci\u00f3n Cristiana, nos hizo el inmenso honor de su visita a Saint-Louis de Gonzague. Este encuentro tiene un significado muy especial, pues representa un verdadero regreso a su alma m\u00e1ter. [&hellip;]<\/p>\n","protected":false},"author":3,"featured_media":48523,"comment_status":"closed","ping_status":"closed","sticky":false,"template":"","format":"standard","meta":{"footnotes":""},"categories":[105],"tags":[],"class_list":["post-48612","post","type-post","status-publish","format-standard","has-post-thumbnail","hentry","category-noticias"],"yoast_head":"<!-- This site is optimized with the Yoast SEO plugin v27.4 - https:\/\/yoast.com\/product\/yoast-seo-wordpress\/ -->\n<title>HAIT\u00cd \u2013 Delmas: Visita del Hermano Herv\u00e9 Zamor a Saint-Louis de Gonzague - LaMennais.org<\/title>\n<meta name=\"robots\" content=\"index, follow, max-snippet:-1, max-image-preview:large, max-video-preview:-1\" \/>\n<link rel=\"canonical\" href=\"https:\/\/www.lamennais.org\/es\/haiti-delmas-visita-del-hermano-herve-zamor-a-saint-louis-de-gonzague\/\" \/>\n<meta property=\"og:locale\" content=\"es_ES\" \/>\n<meta property=\"og:type\" content=\"article\" \/>\n<meta property=\"og:title\" content=\"HAIT\u00cd \u2013 Delmas: Visita del Hermano Herv\u00e9 Zamor a Saint-Louis de Gonzague - LaMennais.org\" \/>\n<meta property=\"og:description\" content=\"Este d\u00eda quedar\u00e1 grabado en la memoria de nuestra comunidad educativa: el Hermano Herv\u00e9 Zamor, Superior General de la Congregaci\u00f3n de los Hermanos de la Instrucci\u00f3n Cristiana, nos hizo el inmenso honor de su visita a Saint-Louis de Gonzague. Este encuentro tiene un significado muy especial, pues representa un verdadero regreso a su alma m\u00e1ter. [&hellip;]\" \/>\n<meta property=\"og:url\" content=\"https:\/\/www.lamennais.org\/es\/haiti-delmas-visita-del-hermano-herve-zamor-a-saint-louis-de-gonzague\/\" \/>\n<meta property=\"og:site_name\" content=\"LaMennais.org\" \/>\n<meta property=\"article:published_time\" content=\"2025-11-07T14:51:29+00:00\" \/>\n<meta property=\"article:modified_time\" content=\"2025-11-09T19:44:59+00:00\" \/>\n<meta property=\"og:image\" content=\"https:\/\/www.lamennais.org\/wp-content\/uploads\/2025\/11\/slide-1.jpg\" \/>\n\t<meta property=\"og:image:width\" content=\"1200\" \/>\n\t<meta property=\"og:image:height\" content=\"614\" \/>\n\t<meta property=\"og:image:type\" content=\"image\/jpeg\" \/>\n<meta name=\"author\" content=\"Herv\u00e9 Asse\" \/>\n<meta name=\"twitter:card\" content=\"summary_large_image\" \/>\n<meta name=\"twitter:label1\" content=\"Escrito por\" \/>\n\t<meta name=\"twitter:data1\" content=\"Herv\u00e9 Asse\" \/>\n\t<meta name=\"twitter:label2\" content=\"Tiempo de lectura\" \/>\n\t<meta name=\"twitter:data2\" content=\"4 minutos\" \/>\n<script type=\"application\/ld+json\" class=\"yoast-schema-graph\">{\"@context\":\"https:\\\/\\\/schema.org\",\"@graph\":[{\"@type\":\"Article\",\"@id\":\"https:\\\/\\\/www.lamennais.org\\\/es\\\/haiti-delmas-visita-del-hermano-herve-zamor-a-saint-louis-de-gonzague\\\/#article\",\"isPartOf\":{\"@id\":\"https:\\\/\\\/www.lamennais.org\\\/es\\\/haiti-delmas-visita-del-hermano-herve-zamor-a-saint-louis-de-gonzague\\\/\"},\"author\":{\"name\":\"Herv\u00e9 Asse\",\"@id\":\"https:\\\/\\\/www.lamennais.org\\\/#\\\/schema\\\/person\\\/2a8d6e8a95babedd5ba1c43afd2e3844\"},\"headline\":\"HAIT\u00cd \u2013 Delmas: Visita del Hermano Herv\u00e9 Zamor a Saint-Louis de Gonzague\",\"datePublished\":\"2025-11-07T14:51:29+00:00\",\"dateModified\":\"2025-11-09T19:44:59+00:00\",\"mainEntityOfPage\":{\"@id\":\"https:\\\/\\\/www.lamennais.org\\\/es\\\/haiti-delmas-visita-del-hermano-herve-zamor-a-saint-louis-de-gonzague\\\/\"},\"wordCount\":547,\"image\":{\"@id\":\"https:\\\/\\\/www.lamennais.org\\\/es\\\/haiti-delmas-visita-del-hermano-herve-zamor-a-saint-louis-de-gonzague\\\/#primaryimage\"},\"thumbnailUrl\":\"https:\\\/\\\/www.lamennais.org\\\/wp-content\\\/uploads\\\/2025\\\/11\\\/slide-1.jpg\",\"articleSection\":[\"NOTICIAS\"],\"inLanguage\":\"es\"},{\"@type\":\"WebPage\",\"@id\":\"https:\\\/\\\/www.lamennais.org\\\/es\\\/haiti-delmas-visita-del-hermano-herve-zamor-a-saint-louis-de-gonzague\\\/\",\"url\":\"https:\\\/\\\/www.lamennais.org\\\/es\\\/haiti-delmas-visita-del-hermano-herve-zamor-a-saint-louis-de-gonzague\\\/\",\"name\":\"HAIT\u00cd \u2013 Delmas: Visita del Hermano Herv\u00e9 Zamor a Saint-Louis de Gonzague - LaMennais.org\",\"isPartOf\":{\"@id\":\"https:\\\/\\\/www.lamennais.org\\\/#website\"},\"primaryImageOfPage\":{\"@id\":\"https:\\\/\\\/www.lamennais.org\\\/es\\\/haiti-delmas-visita-del-hermano-herve-zamor-a-saint-louis-de-gonzague\\\/#primaryimage\"},\"image\":{\"@id\":\"https:\\\/\\\/www.lamennais.org\\\/es\\\/haiti-delmas-visita-del-hermano-herve-zamor-a-saint-louis-de-gonzague\\\/#primaryimage\"},\"thumbnailUrl\":\"https:\\\/\\\/www.lamennais.org\\\/wp-content\\\/uploads\\\/2025\\\/11\\\/slide-1.jpg\",\"datePublished\":\"2025-11-07T14:51:29+00:00\",\"dateModified\":\"2025-11-09T19:44:59+00:00\",\"author\":{\"@id\":\"https:\\\/\\\/www.lamennais.org\\\/#\\\/schema\\\/person\\\/2a8d6e8a95babedd5ba1c43afd2e3844\"},\"breadcrumb\":{\"@id\":\"https:\\\/\\\/www.lamennais.org\\\/es\\\/haiti-delmas-visita-del-hermano-herve-zamor-a-saint-louis-de-gonzague\\\/#breadcrumb\"},\"inLanguage\":\"es\",\"potentialAction\":[{\"@type\":\"ReadAction\",\"target\":[\"https:\\\/\\\/www.lamennais.org\\\/es\\\/haiti-delmas-visita-del-hermano-herve-zamor-a-saint-louis-de-gonzague\\\/\"]}]},{\"@type\":\"ImageObject\",\"inLanguage\":\"es\",\"@id\":\"https:\\\/\\\/www.lamennais.org\\\/es\\\/haiti-delmas-visita-del-hermano-herve-zamor-a-saint-louis-de-gonzague\\\/#primaryimage\",\"url\":\"https:\\\/\\\/www.lamennais.org\\\/wp-content\\\/uploads\\\/2025\\\/11\\\/slide-1.jpg\",\"contentUrl\":\"https:\\\/\\\/www.lamennais.org\\\/wp-content\\\/uploads\\\/2025\\\/11\\\/slide-1.jpg\",\"width\":1200,\"height\":614},{\"@type\":\"BreadcrumbList\",\"@id\":\"https:\\\/\\\/www.lamennais.org\\\/es\\\/haiti-delmas-visita-del-hermano-herve-zamor-a-saint-louis-de-gonzague\\\/#breadcrumb\",\"itemListElement\":[{\"@type\":\"ListItem\",\"position\":1,\"name\":\"Accueil\",\"item\":\"https:\\\/\\\/www.lamennais.org\\\/\"},{\"@type\":\"ListItem\",\"position\":2,\"name\":\"HAIT\u00cd \u2013 Delmas: Visita del Hermano Herv\u00e9 Zamor a Saint-Louis de Gonzague\"}]},{\"@type\":\"WebSite\",\"@id\":\"https:\\\/\\\/www.lamennais.org\\\/#website\",\"url\":\"https:\\\/\\\/www.lamennais.org\\\/\",\"name\":\"LaMennais.org\",\"description\":\"Fr\u00e8res de l&#039;Instruction Chr\u00e9tienne et Famille Mennaisienne\",\"potentialAction\":[{\"@type\":\"SearchAction\",\"target\":{\"@type\":\"EntryPoint\",\"urlTemplate\":\"https:\\\/\\\/www.lamennais.org\\\/?s={search_term_string}\"},\"query-input\":{\"@type\":\"PropertyValueSpecification\",\"valueRequired\":true,\"valueName\":\"search_term_string\"}}],\"inLanguage\":\"es\"},{\"@type\":\"Person\",\"@id\":\"https:\\\/\\\/www.lamennais.org\\\/#\\\/schema\\\/person\\\/2a8d6e8a95babedd5ba1c43afd2e3844\",\"name\":\"Herv\u00e9 Asse\",\"image\":{\"@type\":\"ImageObject\",\"inLanguage\":\"es\",\"@id\":\"https:\\\/\\\/secure.gravatar.com\\\/avatar\\\/1aaa7b1baf759c8b40525f40af381cbaa2b0ddd554f57145bceb0654ba45b4c0?s=96&d=mm&r=g\",\"url\":\"https:\\\/\\\/secure.gravatar.com\\\/avatar\\\/1aaa7b1baf759c8b40525f40af381cbaa2b0ddd554f57145bceb0654ba45b4c0?s=96&d=mm&r=g\",\"contentUrl\":\"https:\\\/\\\/secure.gravatar.com\\\/avatar\\\/1aaa7b1baf759c8b40525f40af381cbaa2b0ddd554f57145bceb0654ba45b4c0?s=96&d=mm&r=g\",\"caption\":\"Herv\u00e9 Asse\"}}]}<\/script>\n<!-- \/ Yoast SEO plugin. -->","yoast_head_json":{"title":"HAIT\u00cd \u2013 Delmas: Visita del Hermano Herv\u00e9 Zamor a Saint-Louis de Gonzague - LaMennais.org","robots":{"index":"index","follow":"follow","max-snippet":"max-snippet:-1","max-image-preview":"max-image-preview:large","max-video-preview":"max-video-preview:-1"},"canonical":"https:\/\/www.lamennais.org\/es\/haiti-delmas-visita-del-hermano-herve-zamor-a-saint-louis-de-gonzague\/","og_locale":"es_ES","og_type":"article","og_title":"HAIT\u00cd \u2013 Delmas: Visita del Hermano Herv\u00e9 Zamor a Saint-Louis de Gonzague - LaMennais.org","og_description":"Este d\u00eda quedar\u00e1 grabado en la memoria de nuestra comunidad educativa: el Hermano Herv\u00e9 Zamor, Superior General de la Congregaci\u00f3n de los Hermanos de la Instrucci\u00f3n Cristiana, nos hizo el inmenso honor de su visita a Saint-Louis de Gonzague. Este encuentro tiene un significado muy especial, pues representa un verdadero regreso a su alma m\u00e1ter. [&hellip;]","og_url":"https:\/\/www.lamennais.org\/es\/haiti-delmas-visita-del-hermano-herve-zamor-a-saint-louis-de-gonzague\/","og_site_name":"LaMennais.org","article_published_time":"2025-11-07T14:51:29+00:00","article_modified_time":"2025-11-09T19:44:59+00:00","og_image":[{"width":1200,"height":614,"url":"https:\/\/www.lamennais.org\/wp-content\/uploads\/2025\/11\/slide-1.jpg","type":"image\/jpeg"}],"author":"Herv\u00e9 Asse","twitter_card":"summary_large_image","twitter_misc":{"Escrito por":"Herv\u00e9 Asse","Tiempo de lectura":"4 minutos"},"schema":{"@context":"https:\/\/schema.org","@graph":[{"@type":"Article","@id":"https:\/\/www.lamennais.org\/es\/haiti-delmas-visita-del-hermano-herve-zamor-a-saint-louis-de-gonzague\/#article","isPartOf":{"@id":"https:\/\/www.lamennais.org\/es\/haiti-delmas-visita-del-hermano-herve-zamor-a-saint-louis-de-gonzague\/"},"author":{"name":"Herv\u00e9 Asse","@id":"https:\/\/www.lamennais.org\/#\/schema\/person\/2a8d6e8a95babedd5ba1c43afd2e3844"},"headline":"HAIT\u00cd \u2013 Delmas: Visita del Hermano Herv\u00e9 Zamor a Saint-Louis de Gonzague","datePublished":"2025-11-07T14:51:29+00:00","dateModified":"2025-11-09T19:44:59+00:00","mainEntityOfPage":{"@id":"https:\/\/www.lamennais.org\/es\/haiti-delmas-visita-del-hermano-herve-zamor-a-saint-louis-de-gonzague\/"},"wordCount":547,"image":{"@id":"https:\/\/www.lamennais.org\/es\/haiti-delmas-visita-del-hermano-herve-zamor-a-saint-louis-de-gonzague\/#primaryimage"},"thumbnailUrl":"https:\/\/www.lamennais.org\/wp-content\/uploads\/2025\/11\/slide-1.jpg","articleSection":["NOTICIAS"],"inLanguage":"es"},{"@type":"WebPage","@id":"https:\/\/www.lamennais.org\/es\/haiti-delmas-visita-del-hermano-herve-zamor-a-saint-louis-de-gonzague\/","url":"https:\/\/www.lamennais.org\/es\/haiti-delmas-visita-del-hermano-herve-zamor-a-saint-louis-de-gonzague\/","name":"HAIT\u00cd \u2013 Delmas: Visita del Hermano Herv\u00e9 Zamor a Saint-Louis de Gonzague - LaMennais.org","isPartOf":{"@id":"https:\/\/www.lamennais.org\/#website"},"primaryImageOfPage":{"@id":"https:\/\/www.lamennais.org\/es\/haiti-delmas-visita-del-hermano-herve-zamor-a-saint-louis-de-gonzague\/#primaryimage"},"image":{"@id":"https:\/\/www.lamennais.org\/es\/haiti-delmas-visita-del-hermano-herve-zamor-a-saint-louis-de-gonzague\/#primaryimage"},"thumbnailUrl":"https:\/\/www.lamennais.org\/wp-content\/uploads\/2025\/11\/slide-1.jpg","datePublished":"2025-11-07T14:51:29+00:00","dateModified":"2025-11-09T19:44:59+00:00","author":{"@id":"https:\/\/www.lamennais.org\/#\/schema\/person\/2a8d6e8a95babedd5ba1c43afd2e3844"},"breadcrumb":{"@id":"https:\/\/www.lamennais.org\/es\/haiti-delmas-visita-del-hermano-herve-zamor-a-saint-louis-de-gonzague\/#breadcrumb"},"inLanguage":"es","potentialAction":[{"@type":"ReadAction","target":["https:\/\/www.lamennais.org\/es\/haiti-delmas-visita-del-hermano-herve-zamor-a-saint-louis-de-gonzague\/"]}]},{"@type":"ImageObject","inLanguage":"es","@id":"https:\/\/www.lamennais.org\/es\/haiti-delmas-visita-del-hermano-herve-zamor-a-saint-louis-de-gonzague\/#primaryimage","url":"https:\/\/www.lamennais.org\/wp-content\/uploads\/2025\/11\/slide-1.jpg","contentUrl":"https:\/\/www.lamennais.org\/wp-content\/uploads\/2025\/11\/slide-1.jpg","width":1200,"height":614},{"@type":"BreadcrumbList","@id":"https:\/\/www.lamennais.org\/es\/haiti-delmas-visita-del-hermano-herve-zamor-a-saint-louis-de-gonzague\/#breadcrumb","itemListElement":[{"@type":"ListItem","position":1,"name":"Accueil","item":"https:\/\/www.lamennais.org\/"},{"@type":"ListItem","position":2,"name":"HAIT\u00cd \u2013 Delmas: Visita del Hermano Herv\u00e9 Zamor a Saint-Louis de Gonzague"}]},{"@type":"WebSite","@id":"https:\/\/www.lamennais.org\/#website","url":"https:\/\/www.lamennais.org\/","name":"LaMennais.org","description":"Fr\u00e8res de l&#039;Instruction Chr\u00e9tienne et Famille Mennaisienne","potentialAction":[{"@type":"SearchAction","target":{"@type":"EntryPoint","urlTemplate":"https:\/\/www.lamennais.org\/?s={search_term_string}"},"query-input":{"@type":"PropertyValueSpecification","valueRequired":true,"valueName":"search_term_string"}}],"inLanguage":"es"},{"@type":"Person","@id":"https:\/\/www.lamennais.org\/#\/schema\/person\/2a8d6e8a95babedd5ba1c43afd2e3844","name":"Herv\u00e9 Asse","image":{"@type":"ImageObject","inLanguage":"es","@id":"https:\/\/secure.gravatar.com\/avatar\/1aaa7b1baf759c8b40525f40af381cbaa2b0ddd554f57145bceb0654ba45b4c0?s=96&d=mm&r=g","url":"https:\/\/secure.gravatar.com\/avatar\/1aaa7b1baf759c8b40525f40af381cbaa2b0ddd554f57145bceb0654ba45b4c0?s=96&d=mm&r=g","contentUrl":"https:\/\/secure.gravatar.com\/avatar\/1aaa7b1baf759c8b40525f40af381cbaa2b0ddd554f57145bceb0654ba45b4c0?s=96&d=mm&r=g","caption":"Herv\u00e9 Asse"}}]}},"_links":{"self":[{"href":"https:\/\/www.lamennais.org\/es\/wp-json\/wp\/v2\/posts\/48612","targetHints":{"allow":["GET"]}}],"collection":[{"href":"https:\/\/www.lamennais.org\/es\/wp-json\/wp\/v2\/posts"}],"about":[{"href":"https:\/\/www.lamennais.org\/es\/wp-json\/wp\/v2\/types\/post"}],"author":[{"embeddable":true,"href":"https:\/\/www.lamennais.org\/es\/wp-json\/wp\/v2\/users\/3"}],"replies":[{"embeddable":true,"href":"https:\/\/www.lamennais.org\/es\/wp-json\/wp\/v2\/comments?post=48612"}],"version-history":[{"count":1,"href":"https:\/\/www.lamennais.org\/es\/wp-json\/wp\/v2\/posts\/48612\/revisions"}],"predecessor-version":[{"id":48613,"href":"https:\/\/www.lamennais.org\/es\/wp-json\/wp\/v2\/posts\/48612\/revisions\/48613"}],"wp:featuredmedia":[{"embeddable":true,"href":"https:\/\/www.lamennais.org\/es\/wp-json\/wp\/v2\/media\/48523"}],"wp:attachment":[{"href":"https:\/\/www.lamennais.org\/es\/wp-json\/wp\/v2\/media?parent=48612"}],"wp:term":[{"taxonomy":"category","embeddable":true,"href":"https:\/\/www.lamennais.org\/es\/wp-json\/wp\/v2\/categories?post=48612"},{"taxonomy":"post_tag","embeddable":true,"href":"https:\/\/www.lamennais.org\/es\/wp-json\/wp\/v2\/tags?post=48612"}],"curies":[{"name":"wp","href":"https:\/\/api.w.org\/{rel}","templated":true}]}}