{"id":47577,"date":"2025-09-09T14:40:41","date_gmt":"2025-09-09T12:40:41","guid":{"rendered":"https:\/\/www.lamennais.org\/?p=47577"},"modified":"2025-09-10T14:22:23","modified_gmt":"2025-09-10T12:22:23","slug":"republica-democratica-del-congo-regreso-a-clases","status":"publish","type":"post","link":"https:\/\/www.lamennais.org\/es\/republica-democratica-del-congo-regreso-a-clases\/","title":{"rendered":"Rep\u00fablica Democr\u00e1tica del Congo: Regreso a clases"},"content":{"rendered":"<p>Este lunes, <strong>1 de septiembre de 2025<\/strong>, marc\u00f3 el inicio del a\u00f1o escolar 2025-2026 en casi toda la Rep\u00fablica Democr\u00e1tica del Congo. \u00a1Nuestras escuelas menesianas no fueron la excepci\u00f3n! Desde el <strong>Complejo Escolar Jean-Marie de la Mennais<\/strong>, pasando por el<strong> Instituto Saint Rosaire<\/strong> y el <strong>Instituto Wando,<\/strong> hasta el <strong>Complejo Escolar Raymond Hamelin<\/strong>, todo el personal administrativo y docente, el alumnado y sus padres, as\u00ed como las autoridades escolares, acudieron a esta reuni\u00f3n nacional.<\/p>\n<p>Adjuntamos algunas im\u00e1genes que marcaron esta ma\u00f1ana en las escuelas del FIC en la RDC.<\/p>\n<table>\n<tbody>\n<tr>\n<td style=\"text-align: center;\" width=\"342\"><em><img fetchpriority=\"high\" decoding=\"async\" class=\"size-full wp-image-47510 aligncenter\" src=\"https:\/\/www.lamennais.org\/wp-content\/uploads\/2025\/09\/RDC-1.jpg\" alt=\"\" width=\"674\" height=\"449\" srcset=\"https:\/\/www.lamennais.org\/wp-content\/uploads\/2025\/09\/RDC-1.jpg 674w, https:\/\/www.lamennais.org\/wp-content\/uploads\/2025\/09\/RDC-1-300x200.jpg 300w, https:\/\/www.lamennais.org\/wp-content\/uploads\/2025\/09\/RDC-1-260x173.jpg 260w\" sizes=\"(max-width: 674px) 100vw, 674px\" \/><\/em><em>El Hno Isaac SINGO, Director del Complejo Jean-Marie de la Mennais en Bunia, saluda al Representante del Gobernador Militar de la Provincia de Ituri.<\/em><\/td>\n<td width=\"342\"><img decoding=\"async\" class=\"size-full wp-image-47507 aligncenter\" src=\"https:\/\/www.lamennais.org\/wp-content\/uploads\/2025\/09\/RDC-2.jpg\" alt=\"\" width=\"705\" height=\"470\" srcset=\"https:\/\/www.lamennais.org\/wp-content\/uploads\/2025\/09\/RDC-2.jpg 705w, https:\/\/www.lamennais.org\/wp-content\/uploads\/2025\/09\/RDC-2-300x200.jpg 300w, https:\/\/www.lamennais.org\/wp-content\/uploads\/2025\/09\/RDC-2-260x173.jpg 260w\" sizes=\"(max-width: 705px) 100vw, 705px\" \/><\/p>\n<p style=\"text-align: center;\"><em>Un profesor y estudiantes de CS Jean-Marie\u00a0\u00a0\u00a0 <\/em><\/p>\n<p>&nbsp;<\/td>\n<td width=\"342\"><img decoding=\"async\" class=\"size-full wp-image-47504 aligncenter\" src=\"https:\/\/www.lamennais.org\/wp-content\/uploads\/2025\/09\/RDC-3.jpg\" alt=\"\" width=\"728\" height=\"485\" srcset=\"https:\/\/www.lamennais.org\/wp-content\/uploads\/2025\/09\/RDC-3.jpg 728w, https:\/\/www.lamennais.org\/wp-content\/uploads\/2025\/09\/RDC-3-300x200.jpg 300w, https:\/\/www.lamennais.org\/wp-content\/uploads\/2025\/09\/RDC-3-260x173.jpg 260w\" sizes=\"(max-width: 728px) 100vw, 728px\" \/><\/p>\n<p style=\"text-align: center;\"><em>Un grupo de padres y estudiantes de CS Jean-Marie\/Bunia<\/em><\/p>\n<\/td>\n<\/tr>\n<\/tbody>\n<\/table>\n<table>\n<tbody>\n<tr>\n<td style=\"text-align: center;\" width=\"342\"><img loading=\"lazy\" decoding=\"async\" class=\"size-full wp-image-47501 aligncenter\" src=\"https:\/\/www.lamennais.org\/wp-content\/uploads\/2025\/09\/RDC-4.jpg\" alt=\"\" width=\"544\" height=\"363\" srcset=\"https:\/\/www.lamennais.org\/wp-content\/uploads\/2025\/09\/RDC-4.jpg 544w, https:\/\/www.lamennais.org\/wp-content\/uploads\/2025\/09\/RDC-4-300x200.jpg 300w, https:\/\/www.lamennais.org\/wp-content\/uploads\/2025\/09\/RDC-4-260x173.jpg 260w\" sizes=\"(max-width: 544px) 100vw, 544px\" \/><\/td>\n<td width=\"342\"><img loading=\"lazy\" decoding=\"async\" class=\"size-full wp-image-47498 aligncenter\" src=\"https:\/\/www.lamennais.org\/wp-content\/uploads\/2025\/09\/RDC-5.jpg\" alt=\"\" width=\"552\" height=\"368\" srcset=\"https:\/\/www.lamennais.org\/wp-content\/uploads\/2025\/09\/RDC-5.jpg 552w, https:\/\/www.lamennais.org\/wp-content\/uploads\/2025\/09\/RDC-5-300x200.jpg 300w, https:\/\/www.lamennais.org\/wp-content\/uploads\/2025\/09\/RDC-5-260x173.jpg 260w\" sizes=\"(max-width: 552px) 100vw, 552px\" \/><\/td>\n<td width=\"342\"><img loading=\"lazy\" decoding=\"async\" class=\"size-full wp-image-47495 aligncenter\" src=\"https:\/\/www.lamennais.org\/wp-content\/uploads\/2025\/09\/RDC-6.jpg\" alt=\"\" width=\"581\" height=\"387\" srcset=\"https:\/\/www.lamennais.org\/wp-content\/uploads\/2025\/09\/RDC-6.jpg 581w, https:\/\/www.lamennais.org\/wp-content\/uploads\/2025\/09\/RDC-6-300x200.jpg 300w, https:\/\/www.lamennais.org\/wp-content\/uploads\/2025\/09\/RDC-6-260x173.jpg 260w\" sizes=\"(max-width: 581px) 100vw, 581px\" \/><\/td>\n<\/tr>\n<\/tbody>\n<\/table>\n<table>\n<tbody>\n<tr>\n<td style=\"text-align: center;\" width=\"342\"><img loading=\"lazy\" decoding=\"async\" class=\"size-medium wp-image-47492 aligncenter\" src=\"https:\/\/www.lamennais.org\/wp-content\/uploads\/2025\/09\/RDC-7-225x300.jpg\" alt=\"\" width=\"225\" height=\"300\" srcset=\"https:\/\/www.lamennais.org\/wp-content\/uploads\/2025\/09\/RDC-7-225x300.jpg 225w, https:\/\/www.lamennais.org\/wp-content\/uploads\/2025\/09\/RDC-7-767x1024.jpg 767w, https:\/\/www.lamennais.org\/wp-content\/uploads\/2025\/09\/RDC-7-768x1025.jpg 768w, https:\/\/www.lamennais.org\/wp-content\/uploads\/2025\/09\/RDC-7-260x347.jpg 260w, https:\/\/www.lamennais.org\/wp-content\/uploads\/2025\/09\/RDC-7.jpg 809w\" sizes=\"(max-width: 225px) 100vw, 225px\" \/><\/td>\n<td width=\"342\"><img loading=\"lazy\" decoding=\"async\" class=\"size-large wp-image-47489 aligncenter\" src=\"https:\/\/www.lamennais.org\/wp-content\/uploads\/2025\/09\/RDC-8-1024x767.jpg\" alt=\"\" width=\"860\" height=\"644\" srcset=\"https:\/\/www.lamennais.org\/wp-content\/uploads\/2025\/09\/RDC-8-1024x767.jpg 1024w, https:\/\/www.lamennais.org\/wp-content\/uploads\/2025\/09\/RDC-8-300x225.jpg 300w, https:\/\/www.lamennais.org\/wp-content\/uploads\/2025\/09\/RDC-8-768x575.jpg 768w, https:\/\/www.lamennais.org\/wp-content\/uploads\/2025\/09\/RDC-8-260x195.jpg 260w, https:\/\/www.lamennais.org\/wp-content\/uploads\/2025\/09\/RDC-8.jpg 1080w\" sizes=\"(max-width: 860px) 100vw, 860px\" \/><\/td>\n<td width=\"342\"><img loading=\"lazy\" decoding=\"async\" class=\"size-large wp-image-47486 aligncenter\" src=\"https:\/\/www.lamennais.org\/wp-content\/uploads\/2025\/09\/RDC-9-1024x767.jpg\" alt=\"\" width=\"860\" height=\"644\" srcset=\"https:\/\/www.lamennais.org\/wp-content\/uploads\/2025\/09\/RDC-9-1024x767.jpg 1024w, https:\/\/www.lamennais.org\/wp-content\/uploads\/2025\/09\/RDC-9-300x225.jpg 300w, https:\/\/www.lamennais.org\/wp-content\/uploads\/2025\/09\/RDC-9-768x575.jpg 768w, https:\/\/www.lamennais.org\/wp-content\/uploads\/2025\/09\/RDC-9-260x195.jpg 260w, https:\/\/www.lamennais.org\/wp-content\/uploads\/2025\/09\/RDC-9.jpg 1080w\" sizes=\"(max-width: 860px) 100vw, 860px\" \/><\/td>\n<\/tr>\n<\/tbody>\n<\/table>\n<p style=\"text-align: center;\"><em>El Hno. Ghislain KOMBI, Prefecto saluda al Representante del Gobernador de la Provincia de Haut-U\u00e9l\u00e9 en Isiro y a algunos grupos de estudiantes del Instituto Saint Rosaire de Isiro.<\/em><\/p>\n<table>\n<tbody>\n<tr>\n<td width=\"342\"><img loading=\"lazy\" decoding=\"async\" class=\"size-large wp-image-47483 aligncenter\" src=\"https:\/\/www.lamennais.org\/wp-content\/uploads\/2025\/09\/RDC-10-1024x682.jpg\" alt=\"\" width=\"860\" height=\"573\" srcset=\"https:\/\/www.lamennais.org\/wp-content\/uploads\/2025\/09\/RDC-10-1024x682.jpg 1024w, https:\/\/www.lamennais.org\/wp-content\/uploads\/2025\/09\/RDC-10-300x200.jpg 300w, https:\/\/www.lamennais.org\/wp-content\/uploads\/2025\/09\/RDC-10-768x511.jpg 768w, https:\/\/www.lamennais.org\/wp-content\/uploads\/2025\/09\/RDC-10-260x173.jpg 260w, https:\/\/www.lamennais.org\/wp-content\/uploads\/2025\/09\/RDC-10.jpg 1080w\" sizes=\"(max-width: 860px) 100vw, 860px\" \/><\/td>\n<td width=\"342\"><img loading=\"lazy\" decoding=\"async\" class=\"size-large wp-image-47480 aligncenter\" src=\"https:\/\/www.lamennais.org\/wp-content\/uploads\/2025\/09\/RDC-11-1024x682.jpg\" alt=\"\" width=\"860\" height=\"573\" srcset=\"https:\/\/www.lamennais.org\/wp-content\/uploads\/2025\/09\/RDC-11-1024x682.jpg 1024w, https:\/\/www.lamennais.org\/wp-content\/uploads\/2025\/09\/RDC-11-300x200.jpg 300w, https:\/\/www.lamennais.org\/wp-content\/uploads\/2025\/09\/RDC-11-768x511.jpg 768w, https:\/\/www.lamennais.org\/wp-content\/uploads\/2025\/09\/RDC-11-260x173.jpg 260w, https:\/\/www.lamennais.org\/wp-content\/uploads\/2025\/09\/RDC-11.jpg 1080w\" sizes=\"(max-width: 860px) 100vw, 860px\" \/><\/td>\n<td width=\"342\"><img loading=\"lazy\" decoding=\"async\" class=\"size-large wp-image-47477 aligncenter\" src=\"https:\/\/www.lamennais.org\/wp-content\/uploads\/2025\/09\/RDC-12-1024x682.jpg\" alt=\"\" width=\"860\" height=\"573\" srcset=\"https:\/\/www.lamennais.org\/wp-content\/uploads\/2025\/09\/RDC-12-1024x682.jpg 1024w, https:\/\/www.lamennais.org\/wp-content\/uploads\/2025\/09\/RDC-12-300x200.jpg 300w, https:\/\/www.lamennais.org\/wp-content\/uploads\/2025\/09\/RDC-12-768x511.jpg 768w, https:\/\/www.lamennais.org\/wp-content\/uploads\/2025\/09\/RDC-12-260x173.jpg 260w, https:\/\/www.lamennais.org\/wp-content\/uploads\/2025\/09\/RDC-12.jpg 1080w\" sizes=\"(max-width: 860px) 100vw, 860px\" \/><\/td>\n<\/tr>\n<\/tbody>\n<\/table>\n<p><em>El Hno Benjam\u00edn MBOLIKINO, Director, algunos profesores y estudiantes del Complejo Escolar Raymond Hamelin en Dungu.<\/em><\/p>\n<p><em><strong>\u00a0 \u00a0<b>Testimonio del Hermano Roger MIKANIPALE Gumeagiti<\/b><\/strong><\/em><\/p>\n","protected":false},"excerpt":{"rendered":"<p>Este lunes, 1 de septiembre de 2025, marc\u00f3 el inicio del a\u00f1o escolar 2025-2026 en casi toda la Rep\u00fablica Democr\u00e1tica del Congo. \u00a1Nuestras escuelas menesianas no fueron la excepci\u00f3n! Desde el Complejo Escolar Jean-Marie de la Mennais, pasando por el Instituto Saint Rosaire y el Instituto Wando, hasta el Complejo Escolar Raymond Hamelin, todo el [&hellip;]<\/p>\n","protected":false},"author":3,"featured_media":47476,"comment_status":"closed","ping_status":"closed","sticky":false,"template":"","format":"standard","meta":{"footnotes":""},"categories":[105],"tags":[],"class_list":["post-47577","post","type-post","status-publish","format-standard","has-post-thumbnail","hentry","category-noticias"],"yoast_head":"<!-- This site is optimized with the Yoast SEO plugin v27.4 - https:\/\/yoast.com\/product\/yoast-seo-wordpress\/ -->\n<title>Rep\u00fablica Democr\u00e1tica del Congo: Regreso a clases - LaMennais.org<\/title>\n<meta name=\"robots\" content=\"index, follow, max-snippet:-1, max-image-preview:large, max-video-preview:-1\" \/>\n<link rel=\"canonical\" href=\"https:\/\/www.lamennais.org\/es\/republica-democratica-del-congo-regreso-a-clases\/\" \/>\n<meta property=\"og:locale\" content=\"es_ES\" \/>\n<meta property=\"og:type\" content=\"article\" \/>\n<meta property=\"og:title\" content=\"Rep\u00fablica Democr\u00e1tica del Congo: Regreso a clases - LaMennais.org\" \/>\n<meta property=\"og:description\" content=\"Este lunes, 1 de septiembre de 2025, marc\u00f3 el inicio del a\u00f1o escolar 2025-2026 en casi toda la Rep\u00fablica Democr\u00e1tica del Congo. \u00a1Nuestras escuelas menesianas no fueron la excepci\u00f3n! Desde el Complejo Escolar Jean-Marie de la Mennais, pasando por el Instituto Saint Rosaire y el Instituto Wando, hasta el Complejo Escolar Raymond Hamelin, todo el [&hellip;]\" \/>\n<meta property=\"og:url\" content=\"https:\/\/www.lamennais.org\/es\/republica-democratica-del-congo-regreso-a-clases\/\" \/>\n<meta property=\"og:site_name\" content=\"LaMennais.org\" \/>\n<meta property=\"article:published_time\" content=\"2025-09-09T12:40:41+00:00\" \/>\n<meta property=\"article:modified_time\" content=\"2025-09-10T12:22:23+00:00\" \/>\n<meta name=\"author\" content=\"Herv\u00e9 Asse\" \/>\n<meta name=\"twitter:card\" content=\"summary_large_image\" \/>\n<meta name=\"twitter:label1\" content=\"Escrito por\" \/>\n\t<meta name=\"twitter:data1\" content=\"Herv\u00e9 Asse\" \/>\n\t<meta name=\"twitter:label2\" content=\"Tiempo de lectura\" \/>\n\t<meta name=\"twitter:data2\" content=\"4 minutos\" \/>\n<script type=\"application\/ld+json\" class=\"yoast-schema-graph\">{\"@context\":\"https:\\\/\\\/schema.org\",\"@graph\":[{\"@type\":\"Article\",\"@id\":\"https:\\\/\\\/www.lamennais.org\\\/es\\\/republica-democratica-del-congo-regreso-a-clases\\\/#article\",\"isPartOf\":{\"@id\":\"https:\\\/\\\/www.lamennais.org\\\/es\\\/republica-democratica-del-congo-regreso-a-clases\\\/\"},\"author\":{\"name\":\"Herv\u00e9 Asse\",\"@id\":\"https:\\\/\\\/www.lamennais.org\\\/#\\\/schema\\\/person\\\/2a8d6e8a95babedd5ba1c43afd2e3844\"},\"headline\":\"Rep\u00fablica Democr\u00e1tica del Congo: Regreso a clases\",\"datePublished\":\"2025-09-09T12:40:41+00:00\",\"dateModified\":\"2025-09-10T12:22:23+00:00\",\"mainEntityOfPage\":{\"@id\":\"https:\\\/\\\/www.lamennais.org\\\/es\\\/republica-democratica-del-congo-regreso-a-clases\\\/\"},\"wordCount\":198,\"image\":{\"@id\":\"https:\\\/\\\/www.lamennais.org\\\/es\\\/republica-democratica-del-congo-regreso-a-clases\\\/#primaryimage\"},\"thumbnailUrl\":\"https:\\\/\\\/www.lamennais.org\\\/wp-content\\\/uploads\\\/2025\\\/09\\\/slide.bmp\",\"articleSection\":[\"NOTICIAS\"],\"inLanguage\":\"es\"},{\"@type\":\"WebPage\",\"@id\":\"https:\\\/\\\/www.lamennais.org\\\/es\\\/republica-democratica-del-congo-regreso-a-clases\\\/\",\"url\":\"https:\\\/\\\/www.lamennais.org\\\/es\\\/republica-democratica-del-congo-regreso-a-clases\\\/\",\"name\":\"Rep\u00fablica Democr\u00e1tica del Congo: Regreso a clases - LaMennais.org\",\"isPartOf\":{\"@id\":\"https:\\\/\\\/www.lamennais.org\\\/#website\"},\"primaryImageOfPage\":{\"@id\":\"https:\\\/\\\/www.lamennais.org\\\/es\\\/republica-democratica-del-congo-regreso-a-clases\\\/#primaryimage\"},\"image\":{\"@id\":\"https:\\\/\\\/www.lamennais.org\\\/es\\\/republica-democratica-del-congo-regreso-a-clases\\\/#primaryimage\"},\"thumbnailUrl\":\"https:\\\/\\\/www.lamennais.org\\\/wp-content\\\/uploads\\\/2025\\\/09\\\/slide.bmp\",\"datePublished\":\"2025-09-09T12:40:41+00:00\",\"dateModified\":\"2025-09-10T12:22:23+00:00\",\"author\":{\"@id\":\"https:\\\/\\\/www.lamennais.org\\\/#\\\/schema\\\/person\\\/2a8d6e8a95babedd5ba1c43afd2e3844\"},\"breadcrumb\":{\"@id\":\"https:\\\/\\\/www.lamennais.org\\\/es\\\/republica-democratica-del-congo-regreso-a-clases\\\/#breadcrumb\"},\"inLanguage\":\"es\",\"potentialAction\":[{\"@type\":\"ReadAction\",\"target\":[\"https:\\\/\\\/www.lamennais.org\\\/es\\\/republica-democratica-del-congo-regreso-a-clases\\\/\"]}]},{\"@type\":\"ImageObject\",\"inLanguage\":\"es\",\"@id\":\"https:\\\/\\\/www.lamennais.org\\\/es\\\/republica-democratica-del-congo-regreso-a-clases\\\/#primaryimage\",\"url\":\"https:\\\/\\\/www.lamennais.org\\\/wp-content\\\/uploads\\\/2025\\\/09\\\/slide.bmp\",\"contentUrl\":\"https:\\\/\\\/www.lamennais.org\\\/wp-content\\\/uploads\\\/2025\\\/09\\\/slide.bmp\",\"width\":1400,\"height\":700},{\"@type\":\"BreadcrumbList\",\"@id\":\"https:\\\/\\\/www.lamennais.org\\\/es\\\/republica-democratica-del-congo-regreso-a-clases\\\/#breadcrumb\",\"itemListElement\":[{\"@type\":\"ListItem\",\"position\":1,\"name\":\"Accueil\",\"item\":\"https:\\\/\\\/www.lamennais.org\\\/\"},{\"@type\":\"ListItem\",\"position\":2,\"name\":\"Rep\u00fablica Democr\u00e1tica del Congo: Regreso a clases\"}]},{\"@type\":\"WebSite\",\"@id\":\"https:\\\/\\\/www.lamennais.org\\\/#website\",\"url\":\"https:\\\/\\\/www.lamennais.org\\\/\",\"name\":\"LaMennais.org\",\"description\":\"Fr\u00e8res de l&#039;Instruction Chr\u00e9tienne et Famille Mennaisienne\",\"potentialAction\":[{\"@type\":\"SearchAction\",\"target\":{\"@type\":\"EntryPoint\",\"urlTemplate\":\"https:\\\/\\\/www.lamennais.org\\\/?s={search_term_string}\"},\"query-input\":{\"@type\":\"PropertyValueSpecification\",\"valueRequired\":true,\"valueName\":\"search_term_string\"}}],\"inLanguage\":\"es\"},{\"@type\":\"Person\",\"@id\":\"https:\\\/\\\/www.lamennais.org\\\/#\\\/schema\\\/person\\\/2a8d6e8a95babedd5ba1c43afd2e3844\",\"name\":\"Herv\u00e9 Asse\",\"image\":{\"@type\":\"ImageObject\",\"inLanguage\":\"es\",\"@id\":\"https:\\\/\\\/secure.gravatar.com\\\/avatar\\\/1aaa7b1baf759c8b40525f40af381cbaa2b0ddd554f57145bceb0654ba45b4c0?s=96&d=mm&r=g\",\"url\":\"https:\\\/\\\/secure.gravatar.com\\\/avatar\\\/1aaa7b1baf759c8b40525f40af381cbaa2b0ddd554f57145bceb0654ba45b4c0?s=96&d=mm&r=g\",\"contentUrl\":\"https:\\\/\\\/secure.gravatar.com\\\/avatar\\\/1aaa7b1baf759c8b40525f40af381cbaa2b0ddd554f57145bceb0654ba45b4c0?s=96&d=mm&r=g\",\"caption\":\"Herv\u00e9 Asse\"}}]}<\/script>\n<!-- \/ Yoast SEO plugin. -->","yoast_head_json":{"title":"Rep\u00fablica Democr\u00e1tica del Congo: Regreso a clases - LaMennais.org","robots":{"index":"index","follow":"follow","max-snippet":"max-snippet:-1","max-image-preview":"max-image-preview:large","max-video-preview":"max-video-preview:-1"},"canonical":"https:\/\/www.lamennais.org\/es\/republica-democratica-del-congo-regreso-a-clases\/","og_locale":"es_ES","og_type":"article","og_title":"Rep\u00fablica Democr\u00e1tica del Congo: Regreso a clases - LaMennais.org","og_description":"Este lunes, 1 de septiembre de 2025, marc\u00f3 el inicio del a\u00f1o escolar 2025-2026 en casi toda la Rep\u00fablica Democr\u00e1tica del Congo. \u00a1Nuestras escuelas menesianas no fueron la excepci\u00f3n! Desde el Complejo Escolar Jean-Marie de la Mennais, pasando por el Instituto Saint Rosaire y el Instituto Wando, hasta el Complejo Escolar Raymond Hamelin, todo el [&hellip;]","og_url":"https:\/\/www.lamennais.org\/es\/republica-democratica-del-congo-regreso-a-clases\/","og_site_name":"LaMennais.org","article_published_time":"2025-09-09T12:40:41+00:00","article_modified_time":"2025-09-10T12:22:23+00:00","author":"Herv\u00e9 Asse","twitter_card":"summary_large_image","twitter_misc":{"Escrito por":"Herv\u00e9 Asse","Tiempo de lectura":"4 minutos"},"schema":{"@context":"https:\/\/schema.org","@graph":[{"@type":"Article","@id":"https:\/\/www.lamennais.org\/es\/republica-democratica-del-congo-regreso-a-clases\/#article","isPartOf":{"@id":"https:\/\/www.lamennais.org\/es\/republica-democratica-del-congo-regreso-a-clases\/"},"author":{"name":"Herv\u00e9 Asse","@id":"https:\/\/www.lamennais.org\/#\/schema\/person\/2a8d6e8a95babedd5ba1c43afd2e3844"},"headline":"Rep\u00fablica Democr\u00e1tica del Congo: Regreso a clases","datePublished":"2025-09-09T12:40:41+00:00","dateModified":"2025-09-10T12:22:23+00:00","mainEntityOfPage":{"@id":"https:\/\/www.lamennais.org\/es\/republica-democratica-del-congo-regreso-a-clases\/"},"wordCount":198,"image":{"@id":"https:\/\/www.lamennais.org\/es\/republica-democratica-del-congo-regreso-a-clases\/#primaryimage"},"thumbnailUrl":"https:\/\/www.lamennais.org\/wp-content\/uploads\/2025\/09\/slide.bmp","articleSection":["NOTICIAS"],"inLanguage":"es"},{"@type":"WebPage","@id":"https:\/\/www.lamennais.org\/es\/republica-democratica-del-congo-regreso-a-clases\/","url":"https:\/\/www.lamennais.org\/es\/republica-democratica-del-congo-regreso-a-clases\/","name":"Rep\u00fablica Democr\u00e1tica del Congo: Regreso a clases - LaMennais.org","isPartOf":{"@id":"https:\/\/www.lamennais.org\/#website"},"primaryImageOfPage":{"@id":"https:\/\/www.lamennais.org\/es\/republica-democratica-del-congo-regreso-a-clases\/#primaryimage"},"image":{"@id":"https:\/\/www.lamennais.org\/es\/republica-democratica-del-congo-regreso-a-clases\/#primaryimage"},"thumbnailUrl":"https:\/\/www.lamennais.org\/wp-content\/uploads\/2025\/09\/slide.bmp","datePublished":"2025-09-09T12:40:41+00:00","dateModified":"2025-09-10T12:22:23+00:00","author":{"@id":"https:\/\/www.lamennais.org\/#\/schema\/person\/2a8d6e8a95babedd5ba1c43afd2e3844"},"breadcrumb":{"@id":"https:\/\/www.lamennais.org\/es\/republica-democratica-del-congo-regreso-a-clases\/#breadcrumb"},"inLanguage":"es","potentialAction":[{"@type":"ReadAction","target":["https:\/\/www.lamennais.org\/es\/republica-democratica-del-congo-regreso-a-clases\/"]}]},{"@type":"ImageObject","inLanguage":"es","@id":"https:\/\/www.lamennais.org\/es\/republica-democratica-del-congo-regreso-a-clases\/#primaryimage","url":"https:\/\/www.lamennais.org\/wp-content\/uploads\/2025\/09\/slide.bmp","contentUrl":"https:\/\/www.lamennais.org\/wp-content\/uploads\/2025\/09\/slide.bmp","width":1400,"height":700},{"@type":"BreadcrumbList","@id":"https:\/\/www.lamennais.org\/es\/republica-democratica-del-congo-regreso-a-clases\/#breadcrumb","itemListElement":[{"@type":"ListItem","position":1,"name":"Accueil","item":"https:\/\/www.lamennais.org\/"},{"@type":"ListItem","position":2,"name":"Rep\u00fablica Democr\u00e1tica del Congo: Regreso a clases"}]},{"@type":"WebSite","@id":"https:\/\/www.lamennais.org\/#website","url":"https:\/\/www.lamennais.org\/","name":"LaMennais.org","description":"Fr\u00e8res de l&#039;Instruction Chr\u00e9tienne et Famille Mennaisienne","potentialAction":[{"@type":"SearchAction","target":{"@type":"EntryPoint","urlTemplate":"https:\/\/www.lamennais.org\/?s={search_term_string}"},"query-input":{"@type":"PropertyValueSpecification","valueRequired":true,"valueName":"search_term_string"}}],"inLanguage":"es"},{"@type":"Person","@id":"https:\/\/www.lamennais.org\/#\/schema\/person\/2a8d6e8a95babedd5ba1c43afd2e3844","name":"Herv\u00e9 Asse","image":{"@type":"ImageObject","inLanguage":"es","@id":"https:\/\/secure.gravatar.com\/avatar\/1aaa7b1baf759c8b40525f40af381cbaa2b0ddd554f57145bceb0654ba45b4c0?s=96&d=mm&r=g","url":"https:\/\/secure.gravatar.com\/avatar\/1aaa7b1baf759c8b40525f40af381cbaa2b0ddd554f57145bceb0654ba45b4c0?s=96&d=mm&r=g","contentUrl":"https:\/\/secure.gravatar.com\/avatar\/1aaa7b1baf759c8b40525f40af381cbaa2b0ddd554f57145bceb0654ba45b4c0?s=96&d=mm&r=g","caption":"Herv\u00e9 Asse"}}]}},"_links":{"self":[{"href":"https:\/\/www.lamennais.org\/es\/wp-json\/wp\/v2\/posts\/47577","targetHints":{"allow":["GET"]}}],"collection":[{"href":"https:\/\/www.lamennais.org\/es\/wp-json\/wp\/v2\/posts"}],"about":[{"href":"https:\/\/www.lamennais.org\/es\/wp-json\/wp\/v2\/types\/post"}],"author":[{"embeddable":true,"href":"https:\/\/www.lamennais.org\/es\/wp-json\/wp\/v2\/users\/3"}],"replies":[{"embeddable":true,"href":"https:\/\/www.lamennais.org\/es\/wp-json\/wp\/v2\/comments?post=47577"}],"version-history":[{"count":1,"href":"https:\/\/www.lamennais.org\/es\/wp-json\/wp\/v2\/posts\/47577\/revisions"}],"predecessor-version":[{"id":47578,"href":"https:\/\/www.lamennais.org\/es\/wp-json\/wp\/v2\/posts\/47577\/revisions\/47578"}],"wp:featuredmedia":[{"embeddable":true,"href":"https:\/\/www.lamennais.org\/es\/wp-json\/wp\/v2\/media\/47476"}],"wp:attachment":[{"href":"https:\/\/www.lamennais.org\/es\/wp-json\/wp\/v2\/media?parent=47577"}],"wp:term":[{"taxonomy":"category","embeddable":true,"href":"https:\/\/www.lamennais.org\/es\/wp-json\/wp\/v2\/categories?post=47577"},{"taxonomy":"post_tag","embeddable":true,"href":"https:\/\/www.lamennais.org\/es\/wp-json\/wp\/v2\/tags?post=47577"}],"curies":[{"name":"wp","href":"https:\/\/api.w.org\/{rel}","templated":true}]}}