{"id":46746,"date":"2025-06-29T05:12:29","date_gmt":"2025-06-29T03:12:29","guid":{"rendered":"https:\/\/www.lamennais.org\/?p=46746"},"modified":"2025-07-02T08:40:53","modified_gmt":"2025-07-02T06:40:53","slug":"ruanda-escuela-san-juan-pablo-ii-en-mbugangali","status":"publish","type":"post","link":"https:\/\/www.lamennais.org\/es\/ruanda-escuela-san-juan-pablo-ii-en-mbugangali\/","title":{"rendered":"RUANDA: Escuela San Juan Pablo II en Mbugangali"},"content":{"rendered":"<p><strong>Este colegio se ha convertido en un referente nacional por su formaci\u00f3n integral humana y cristiana para ni\u00f1os y j\u00f3venes (infantil y primaria).<\/strong><\/p>\n<p>Se celebr\u00f3 el cierre del a\u00f1o escolar este viernes 27 de junio de 2025. Una de las caracter\u00edsticas especiales de la escuela es cuidar a los ni\u00f1os pobres de la ciudad, ya que est\u00e1 ubicada en un pueblo m\u00e1s pobre y superpoblado de la ciudad de Gisenyi.<\/p>\n<table>\n<tbody>\n<tr>\n<td width=\"312\"><img fetchpriority=\"high\" decoding=\"async\" class=\"size-large wp-image-46620 aligncenter\" src=\"https:\/\/www.lamennais.org\/wp-content\/uploads\/2025\/06\/IMG-20250628-WA0092-1024x682.jpg\" alt=\"\" width=\"860\" height=\"573\" srcset=\"https:\/\/www.lamennais.org\/wp-content\/uploads\/2025\/06\/IMG-20250628-WA0092-1024x682.jpg 1024w, https:\/\/www.lamennais.org\/wp-content\/uploads\/2025\/06\/IMG-20250628-WA0092-300x200.jpg 300w, https:\/\/www.lamennais.org\/wp-content\/uploads\/2025\/06\/IMG-20250628-WA0092-768x512.jpg 768w, https:\/\/www.lamennais.org\/wp-content\/uploads\/2025\/06\/IMG-20250628-WA0092-1536x1023.jpg 1536w, https:\/\/www.lamennais.org\/wp-content\/uploads\/2025\/06\/IMG-20250628-WA0092-260x173.jpg 260w, https:\/\/www.lamennais.org\/wp-content\/uploads\/2025\/06\/IMG-20250628-WA0092-1200x800.jpg 1200w, https:\/\/www.lamennais.org\/wp-content\/uploads\/2025\/06\/IMG-20250628-WA0092.jpg 1600w\" sizes=\"(max-width: 860px) 100vw, 860px\" \/><\/td>\n<td width=\"312\"><img decoding=\"async\" class=\"size-large wp-image-46623 aligncenter\" src=\"https:\/\/www.lamennais.org\/wp-content\/uploads\/2025\/06\/IMG-20250628-WA0089-1024x682.jpg\" alt=\"\" width=\"860\" height=\"573\" srcset=\"https:\/\/www.lamennais.org\/wp-content\/uploads\/2025\/06\/IMG-20250628-WA0089-1024x682.jpg 1024w, https:\/\/www.lamennais.org\/wp-content\/uploads\/2025\/06\/IMG-20250628-WA0089-300x200.jpg 300w, https:\/\/www.lamennais.org\/wp-content\/uploads\/2025\/06\/IMG-20250628-WA0089-768x512.jpg 768w, https:\/\/www.lamennais.org\/wp-content\/uploads\/2025\/06\/IMG-20250628-WA0089-1536x1023.jpg 1536w, https:\/\/www.lamennais.org\/wp-content\/uploads\/2025\/06\/IMG-20250628-WA0089-260x173.jpg 260w, https:\/\/www.lamennais.org\/wp-content\/uploads\/2025\/06\/IMG-20250628-WA0089-1200x800.jpg 1200w, https:\/\/www.lamennais.org\/wp-content\/uploads\/2025\/06\/IMG-20250628-WA0089.jpg 1600w\" sizes=\"(max-width: 860px) 100vw, 860px\" \/><\/td>\n<\/tr>\n<\/tbody>\n<\/table>\n<p>La ceremonia estuvo marcada por actuaciones de varios clubes escolares, como danza tradicional, danza moderna, karate, poemas, dibujos animados, etc.<\/p>\n<table>\n<tbody>\n<tr>\n<td width=\"312\"><img decoding=\"async\" class=\"size-large wp-image-46635 aligncenter\" src=\"https:\/\/www.lamennais.org\/wp-content\/uploads\/2025\/06\/IMG-20250628-WA0049-1024x682.jpg\" alt=\"\" width=\"860\" height=\"573\" srcset=\"https:\/\/www.lamennais.org\/wp-content\/uploads\/2025\/06\/IMG-20250628-WA0049-1024x682.jpg 1024w, https:\/\/www.lamennais.org\/wp-content\/uploads\/2025\/06\/IMG-20250628-WA0049-300x200.jpg 300w, https:\/\/www.lamennais.org\/wp-content\/uploads\/2025\/06\/IMG-20250628-WA0049-768x512.jpg 768w, https:\/\/www.lamennais.org\/wp-content\/uploads\/2025\/06\/IMG-20250628-WA0049-1536x1023.jpg 1536w, https:\/\/www.lamennais.org\/wp-content\/uploads\/2025\/06\/IMG-20250628-WA0049-260x173.jpg 260w, https:\/\/www.lamennais.org\/wp-content\/uploads\/2025\/06\/IMG-20250628-WA0049-1200x800.jpg 1200w, https:\/\/www.lamennais.org\/wp-content\/uploads\/2025\/06\/IMG-20250628-WA0049.jpg 1600w\" sizes=\"(max-width: 860px) 100vw, 860px\" \/><\/td>\n<td width=\"312\"><img loading=\"lazy\" decoding=\"async\" class=\"size-large wp-image-46638 aligncenter\" src=\"https:\/\/www.lamennais.org\/wp-content\/uploads\/2025\/06\/IMG-20250628-WA0031-1024x682.jpg\" alt=\"\" width=\"860\" height=\"573\" srcset=\"https:\/\/www.lamennais.org\/wp-content\/uploads\/2025\/06\/IMG-20250628-WA0031-1024x682.jpg 1024w, https:\/\/www.lamennais.org\/wp-content\/uploads\/2025\/06\/IMG-20250628-WA0031-300x200.jpg 300w, https:\/\/www.lamennais.org\/wp-content\/uploads\/2025\/06\/IMG-20250628-WA0031-768x512.jpg 768w, https:\/\/www.lamennais.org\/wp-content\/uploads\/2025\/06\/IMG-20250628-WA0031-1536x1023.jpg 1536w, https:\/\/www.lamennais.org\/wp-content\/uploads\/2025\/06\/IMG-20250628-WA0031-260x173.jpg 260w, https:\/\/www.lamennais.org\/wp-content\/uploads\/2025\/06\/IMG-20250628-WA0031-1200x800.jpg 1200w, https:\/\/www.lamennais.org\/wp-content\/uploads\/2025\/06\/IMG-20250628-WA0031.jpg 1600w\" sizes=\"(max-width: 860px) 100vw, 860px\" \/><\/td>\n<\/tr>\n<\/tbody>\n<\/table>\n<p>Los ni\u00f1os que finalizaron las secciones de infantil y primaria (CM2 o P6) vistieron sus togas de graduaci\u00f3n para marcar el final del ciclo.<\/p>\n<table>\n<tbody>\n<tr>\n<td width=\"312\"><img loading=\"lazy\" decoding=\"async\" class=\"alignleft size-large wp-image-46629\" src=\"https:\/\/www.lamennais.org\/wp-content\/uploads\/2025\/06\/IMG-20250628-WA0059-1024x682.jpg\" alt=\"\" width=\"860\" height=\"573\" srcset=\"https:\/\/www.lamennais.org\/wp-content\/uploads\/2025\/06\/IMG-20250628-WA0059-1024x682.jpg 1024w, https:\/\/www.lamennais.org\/wp-content\/uploads\/2025\/06\/IMG-20250628-WA0059-300x200.jpg 300w, https:\/\/www.lamennais.org\/wp-content\/uploads\/2025\/06\/IMG-20250628-WA0059-768x512.jpg 768w, https:\/\/www.lamennais.org\/wp-content\/uploads\/2025\/06\/IMG-20250628-WA0059-1536x1023.jpg 1536w, https:\/\/www.lamennais.org\/wp-content\/uploads\/2025\/06\/IMG-20250628-WA0059-260x173.jpg 260w, https:\/\/www.lamennais.org\/wp-content\/uploads\/2025\/06\/IMG-20250628-WA0059-1200x800.jpg 1200w, https:\/\/www.lamennais.org\/wp-content\/uploads\/2025\/06\/IMG-20250628-WA0059.jpg 1600w\" sizes=\"(max-width: 860px) 100vw, 860px\" \/><\/td>\n<td width=\"312\"><img loading=\"lazy\" decoding=\"async\" class=\"alignleft size-large wp-image-46626\" src=\"https:\/\/www.lamennais.org\/wp-content\/uploads\/2025\/06\/IMG-20250628-WA0073-1024x682.jpg\" alt=\"\" width=\"860\" height=\"573\" srcset=\"https:\/\/www.lamennais.org\/wp-content\/uploads\/2025\/06\/IMG-20250628-WA0073-1024x682.jpg 1024w, https:\/\/www.lamennais.org\/wp-content\/uploads\/2025\/06\/IMG-20250628-WA0073-300x200.jpg 300w, https:\/\/www.lamennais.org\/wp-content\/uploads\/2025\/06\/IMG-20250628-WA0073-768x512.jpg 768w, https:\/\/www.lamennais.org\/wp-content\/uploads\/2025\/06\/IMG-20250628-WA0073-1536x1023.jpg 1536w, https:\/\/www.lamennais.org\/wp-content\/uploads\/2025\/06\/IMG-20250628-WA0073-260x173.jpg 260w, https:\/\/www.lamennais.org\/wp-content\/uploads\/2025\/06\/IMG-20250628-WA0073-1200x800.jpg 1200w, https:\/\/www.lamennais.org\/wp-content\/uploads\/2025\/06\/IMG-20250628-WA0073.jpg 1600w\" sizes=\"(max-width: 860px) 100vw, 860px\" \/><\/td>\n<\/tr>\n<\/tbody>\n<\/table>\n<p>Para animar a los ni\u00f1os a esforzarse, los dos mejores de cada clase recibieron un premio. Los padres acudieron en masa a la ceremonia y se mostraron orgullosos de la calidad de la educaci\u00f3n y la formaci\u00f3n integral que recibieron sus hijos.<\/p>\n<table>\n<tbody>\n<tr>\n<td width=\"312\"><img loading=\"lazy\" decoding=\"async\" class=\"size-large wp-image-46644 aligncenter\" src=\"https:\/\/www.lamennais.org\/wp-content\/uploads\/2025\/06\/IMG-20250628-WA0026-1024x682.jpg\" alt=\"\" width=\"860\" height=\"573\" srcset=\"https:\/\/www.lamennais.org\/wp-content\/uploads\/2025\/06\/IMG-20250628-WA0026-1024x682.jpg 1024w, https:\/\/www.lamennais.org\/wp-content\/uploads\/2025\/06\/IMG-20250628-WA0026-300x200.jpg 300w, https:\/\/www.lamennais.org\/wp-content\/uploads\/2025\/06\/IMG-20250628-WA0026-768x512.jpg 768w, https:\/\/www.lamennais.org\/wp-content\/uploads\/2025\/06\/IMG-20250628-WA0026-1536x1024.jpg 1536w, https:\/\/www.lamennais.org\/wp-content\/uploads\/2025\/06\/IMG-20250628-WA0026-2048x1365.jpg 2048w, https:\/\/www.lamennais.org\/wp-content\/uploads\/2025\/06\/IMG-20250628-WA0026-260x173.jpg 260w, https:\/\/www.lamennais.org\/wp-content\/uploads\/2025\/06\/IMG-20250628-WA0026-1200x800.jpg 1200w\" sizes=\"(max-width: 860px) 100vw, 860px\" \/><\/td>\n<td width=\"312\"><img loading=\"lazy\" decoding=\"async\" class=\"size-large wp-image-46641 aligncenter\" src=\"https:\/\/www.lamennais.org\/wp-content\/uploads\/2025\/06\/IMG-20250628-WA0027-1024x682.jpg\" alt=\"\" width=\"860\" height=\"573\" srcset=\"https:\/\/www.lamennais.org\/wp-content\/uploads\/2025\/06\/IMG-20250628-WA0027-1024x682.jpg 1024w, https:\/\/www.lamennais.org\/wp-content\/uploads\/2025\/06\/IMG-20250628-WA0027-300x200.jpg 300w, https:\/\/www.lamennais.org\/wp-content\/uploads\/2025\/06\/IMG-20250628-WA0027-768x512.jpg 768w, https:\/\/www.lamennais.org\/wp-content\/uploads\/2025\/06\/IMG-20250628-WA0027-1536x1024.jpg 1536w, https:\/\/www.lamennais.org\/wp-content\/uploads\/2025\/06\/IMG-20250628-WA0027-2048x1365.jpg 2048w, https:\/\/www.lamennais.org\/wp-content\/uploads\/2025\/06\/IMG-20250628-WA0027-260x173.jpg 260w, https:\/\/www.lamennais.org\/wp-content\/uploads\/2025\/06\/IMG-20250628-WA0027-1200x800.jpg 1200w\" sizes=\"(max-width: 860px) 100vw, 860px\" \/><\/td>\n<\/tr>\n<\/tbody>\n<\/table>\n<p>Gracias a ello, el n\u00famero de ni\u00f1os aumenta a\u00f1o tras a\u00f1o, pasando de 17 ni\u00f1os en 2016 a 1.118 en 2025. Se ha convertido en un signo visible de esperanza dentro de la sociedad ruandesa.<\/p>\n<p><strong><em>Hermano HABIMANA Dami\u00e1n, Visitador.<\/em><\/strong><\/p>\n<p>&nbsp;<\/p>\n<h2><strong>RUANDA: Vida Consagrada \u2013 una \u00fanica Conferencia de Superiores Mayores<\/strong><\/h2>\n<p><img loading=\"lazy\" decoding=\"async\" class=\"alignleft size-large wp-image-46654\" src=\"https:\/\/www.lamennais.org\/wp-content\/uploads\/2025\/06\/slide-6-1024x416.jpg\" alt=\"\" width=\"860\" height=\"349\" srcset=\"https:\/\/www.lamennais.org\/wp-content\/uploads\/2025\/06\/slide-6-1024x416.jpg 1024w, https:\/\/www.lamennais.org\/wp-content\/uploads\/2025\/06\/slide-6-300x122.jpg 300w, https:\/\/www.lamennais.org\/wp-content\/uploads\/2025\/06\/slide-6-768x312.jpg 768w, https:\/\/www.lamennais.org\/wp-content\/uploads\/2025\/06\/slide-6-260x106.jpg 260w, https:\/\/www.lamennais.org\/wp-content\/uploads\/2025\/06\/slide-6.jpg 1279w\" sizes=\"(max-width: 860px) 100vw, 860px\" \/>\u00abSinodalidad y esperanza se encontraron en el acto de aprobaci\u00f3n, por parte de la DIVCSVA (Dicasterio para la Vida Consagrada), de los estatutos de la <strong>Conferencia de Superiores Mayores de Ruanda (COSUMAR)<\/strong> que fue creada el 19 de abril de 2025, uniendo as\u00ed la <strong>Uni\u00f3n de Superiores Mayores (USSUMA)<\/strong> y la <strong>Conferencia de Superiores Mayores (COSUMA).<\/strong><\/p>\n<table>\n<tbody>\n<tr>\n<td width=\"312\"><img loading=\"lazy\" decoding=\"async\" class=\"size-large wp-image-46660 aligncenter\" src=\"https:\/\/www.lamennais.org\/wp-content\/uploads\/2025\/06\/IMG-20250628-WA0108-1024x768.jpg\" alt=\"\" width=\"860\" height=\"645\" srcset=\"https:\/\/www.lamennais.org\/wp-content\/uploads\/2025\/06\/IMG-20250628-WA0108-1024x768.jpg 1024w, https:\/\/www.lamennais.org\/wp-content\/uploads\/2025\/06\/IMG-20250628-WA0108-300x225.jpg 300w, https:\/\/www.lamennais.org\/wp-content\/uploads\/2025\/06\/IMG-20250628-WA0108-768x576.jpg 768w, https:\/\/www.lamennais.org\/wp-content\/uploads\/2025\/06\/IMG-20250628-WA0108-260x195.jpg 260w, https:\/\/www.lamennais.org\/wp-content\/uploads\/2025\/06\/IMG-20250628-WA0108.jpg 1280w\" sizes=\"(max-width: 860px) 100vw, 860px\" \/><\/td>\n<td width=\"312\"><img loading=\"lazy\" decoding=\"async\" class=\"size-large wp-image-46657 aligncenter\" src=\"https:\/\/www.lamennais.org\/wp-content\/uploads\/2025\/06\/IMG-20250628-WA0106-1024x768.jpg\" alt=\"\" width=\"860\" height=\"645\" srcset=\"https:\/\/www.lamennais.org\/wp-content\/uploads\/2025\/06\/IMG-20250628-WA0106-1024x768.jpg 1024w, https:\/\/www.lamennais.org\/wp-content\/uploads\/2025\/06\/IMG-20250628-WA0106-300x225.jpg 300w, https:\/\/www.lamennais.org\/wp-content\/uploads\/2025\/06\/IMG-20250628-WA0106-768x576.jpg 768w, https:\/\/www.lamennais.org\/wp-content\/uploads\/2025\/06\/IMG-20250628-WA0106-260x195.jpg 260w, https:\/\/www.lamennais.org\/wp-content\/uploads\/2025\/06\/IMG-20250628-WA0106.jpg 1280w\" sizes=\"(max-width: 860px) 100vw, 860px\" \/><\/td>\n<\/tr>\n<\/tbody>\n<\/table>\n<p>Estas dos entidades se han unido para trabajar juntas (sinodalidad), con la esperanza de ir m\u00e1s lejos en el apostolado dentro de la Iglesia en Ruanda, respetando y preservando el car\u00e1cter y el carisma espec\u00edfico de cada Instituto.<\/p>\n<p><img loading=\"lazy\" decoding=\"async\" class=\"size-large wp-image-46651 aligncenter\" src=\"https:\/\/www.lamennais.org\/wp-content\/uploads\/2025\/06\/IMG-20250628-WA0109-1024x503.jpg\" alt=\"\" width=\"860\" height=\"422\" srcset=\"https:\/\/www.lamennais.org\/wp-content\/uploads\/2025\/06\/IMG-20250628-WA0109-1024x503.jpg 1024w, https:\/\/www.lamennais.org\/wp-content\/uploads\/2025\/06\/IMG-20250628-WA0109-300x147.jpg 300w, https:\/\/www.lamennais.org\/wp-content\/uploads\/2025\/06\/IMG-20250628-WA0109-768x377.jpg 768w, https:\/\/www.lamennais.org\/wp-content\/uploads\/2025\/06\/IMG-20250628-WA0109-260x128.jpg 260w, https:\/\/www.lamennais.org\/wp-content\/uploads\/2025\/06\/IMG-20250628-WA0109.jpg 1279w\" sizes=\"(max-width: 860px) 100vw, 860px\" \/><\/p>\n<p>Para aumentar la visibilidad este a\u00f1o, <strong>COSUMAR<\/strong> se atrevi\u00f3 a visitar a los presos en sus respectivas c\u00e1rceles, ofreci\u00e9ndoles ayuda material y palabras de esperanza (misa y ense\u00f1anzas). Otras iniciativas est\u00e1n en marcha: desarrollo de la espiritualidad, formaci\u00f3n de futuras personas consagradas y desarrollo material para satisfacer las necesidades de la vida consagrada.<\/p>\n<p><strong><em>Hermano HABIMANA Dami\u00e1n, Visitador.<\/em><\/strong><\/p>\n<p>&nbsp;<\/p>\n","protected":false},"excerpt":{"rendered":"<p>Este colegio se ha convertido en un referente nacional por su formaci\u00f3n integral humana y cristiana para ni\u00f1os y j\u00f3venes (infantil y primaria). Se celebr\u00f3 el cierre del a\u00f1o escolar este viernes 27 de junio de 2025. Una de las caracter\u00edsticas especiales de la escuela es cuidar a los ni\u00f1os pobres de la ciudad, ya [&hellip;]<\/p>\n","protected":false},"author":3,"featured_media":46619,"comment_status":"closed","ping_status":"closed","sticky":false,"template":"","format":"standard","meta":{"footnotes":""},"categories":[105],"tags":[],"class_list":["post-46746","post","type-post","status-publish","format-standard","has-post-thumbnail","hentry","category-noticias"],"yoast_head":"<!-- This site is optimized with the Yoast SEO plugin v27.5 - https:\/\/yoast.com\/product\/yoast-seo-wordpress\/ -->\n<title>RUANDA: Escuela San Juan Pablo II en Mbugangali - LaMennais.org<\/title>\n<meta name=\"robots\" content=\"index, follow, max-snippet:-1, max-image-preview:large, max-video-preview:-1\" \/>\n<link rel=\"canonical\" href=\"https:\/\/www.lamennais.org\/es\/ruanda-escuela-san-juan-pablo-ii-en-mbugangali\/\" \/>\n<meta property=\"og:locale\" content=\"es_ES\" \/>\n<meta property=\"og:type\" content=\"article\" \/>\n<meta property=\"og:title\" content=\"RUANDA: Escuela San Juan Pablo II en Mbugangali - LaMennais.org\" \/>\n<meta property=\"og:description\" content=\"Este colegio se ha convertido en un referente nacional por su formaci\u00f3n integral humana y cristiana para ni\u00f1os y j\u00f3venes (infantil y primaria). Se celebr\u00f3 el cierre del a\u00f1o escolar este viernes 27 de junio de 2025. Una de las caracter\u00edsticas especiales de la escuela es cuidar a los ni\u00f1os pobres de la ciudad, ya [&hellip;]\" \/>\n<meta property=\"og:url\" content=\"https:\/\/www.lamennais.org\/es\/ruanda-escuela-san-juan-pablo-ii-en-mbugangali\/\" \/>\n<meta property=\"og:site_name\" content=\"LaMennais.org\" \/>\n<meta property=\"article:published_time\" content=\"2025-06-29T03:12:29+00:00\" \/>\n<meta property=\"article:modified_time\" content=\"2025-07-02T06:40:53+00:00\" \/>\n<meta property=\"og:image\" content=\"https:\/\/www.lamennais.org\/wp-content\/uploads\/2025\/06\/slide-5.jpg\" \/>\n\t<meta property=\"og:image:width\" content=\"1280\" \/>\n\t<meta property=\"og:image:height\" content=\"652\" \/>\n\t<meta property=\"og:image:type\" content=\"image\/jpeg\" \/>\n<meta name=\"author\" content=\"Herv\u00e9 Asse\" \/>\n<meta name=\"twitter:card\" content=\"summary_large_image\" \/>\n<meta name=\"twitter:label1\" content=\"Escrito por\" \/>\n\t<meta name=\"twitter:data1\" content=\"Herv\u00e9 Asse\" \/>\n\t<meta name=\"twitter:label2\" content=\"Tiempo de lectura\" \/>\n\t<meta name=\"twitter:data2\" content=\"5 minutos\" \/>\n<script type=\"application\/ld+json\" class=\"yoast-schema-graph\">{\"@context\":\"https:\\\/\\\/schema.org\",\"@graph\":[{\"@type\":\"Article\",\"@id\":\"https:\\\/\\\/www.lamennais.org\\\/es\\\/ruanda-escuela-san-juan-pablo-ii-en-mbugangali\\\/#article\",\"isPartOf\":{\"@id\":\"https:\\\/\\\/www.lamennais.org\\\/es\\\/ruanda-escuela-san-juan-pablo-ii-en-mbugangali\\\/\"},\"author\":{\"name\":\"Herv\u00e9 Asse\",\"@id\":\"https:\\\/\\\/www.lamennais.org\\\/#\\\/schema\\\/person\\\/2a8d6e8a95babedd5ba1c43afd2e3844\"},\"headline\":\"RUANDA: Escuela San Juan Pablo II en Mbugangali\",\"datePublished\":\"2025-06-29T03:12:29+00:00\",\"dateModified\":\"2025-07-02T06:40:53+00:00\",\"mainEntityOfPage\":{\"@id\":\"https:\\\/\\\/www.lamennais.org\\\/es\\\/ruanda-escuela-san-juan-pablo-ii-en-mbugangali\\\/\"},\"wordCount\":387,\"image\":{\"@id\":\"https:\\\/\\\/www.lamennais.org\\\/es\\\/ruanda-escuela-san-juan-pablo-ii-en-mbugangali\\\/#primaryimage\"},\"thumbnailUrl\":\"https:\\\/\\\/www.lamennais.org\\\/wp-content\\\/uploads\\\/2025\\\/06\\\/slide-5.jpg\",\"articleSection\":[\"NOTICIAS\"],\"inLanguage\":\"es\"},{\"@type\":\"WebPage\",\"@id\":\"https:\\\/\\\/www.lamennais.org\\\/es\\\/ruanda-escuela-san-juan-pablo-ii-en-mbugangali\\\/\",\"url\":\"https:\\\/\\\/www.lamennais.org\\\/es\\\/ruanda-escuela-san-juan-pablo-ii-en-mbugangali\\\/\",\"name\":\"RUANDA: Escuela San Juan Pablo II en Mbugangali - LaMennais.org\",\"isPartOf\":{\"@id\":\"https:\\\/\\\/www.lamennais.org\\\/#website\"},\"primaryImageOfPage\":{\"@id\":\"https:\\\/\\\/www.lamennais.org\\\/es\\\/ruanda-escuela-san-juan-pablo-ii-en-mbugangali\\\/#primaryimage\"},\"image\":{\"@id\":\"https:\\\/\\\/www.lamennais.org\\\/es\\\/ruanda-escuela-san-juan-pablo-ii-en-mbugangali\\\/#primaryimage\"},\"thumbnailUrl\":\"https:\\\/\\\/www.lamennais.org\\\/wp-content\\\/uploads\\\/2025\\\/06\\\/slide-5.jpg\",\"datePublished\":\"2025-06-29T03:12:29+00:00\",\"dateModified\":\"2025-07-02T06:40:53+00:00\",\"author\":{\"@id\":\"https:\\\/\\\/www.lamennais.org\\\/#\\\/schema\\\/person\\\/2a8d6e8a95babedd5ba1c43afd2e3844\"},\"breadcrumb\":{\"@id\":\"https:\\\/\\\/www.lamennais.org\\\/es\\\/ruanda-escuela-san-juan-pablo-ii-en-mbugangali\\\/#breadcrumb\"},\"inLanguage\":\"es\",\"potentialAction\":[{\"@type\":\"ReadAction\",\"target\":[\"https:\\\/\\\/www.lamennais.org\\\/es\\\/ruanda-escuela-san-juan-pablo-ii-en-mbugangali\\\/\"]}]},{\"@type\":\"ImageObject\",\"inLanguage\":\"es\",\"@id\":\"https:\\\/\\\/www.lamennais.org\\\/es\\\/ruanda-escuela-san-juan-pablo-ii-en-mbugangali\\\/#primaryimage\",\"url\":\"https:\\\/\\\/www.lamennais.org\\\/wp-content\\\/uploads\\\/2025\\\/06\\\/slide-5.jpg\",\"contentUrl\":\"https:\\\/\\\/www.lamennais.org\\\/wp-content\\\/uploads\\\/2025\\\/06\\\/slide-5.jpg\",\"width\":1280,\"height\":652},{\"@type\":\"BreadcrumbList\",\"@id\":\"https:\\\/\\\/www.lamennais.org\\\/es\\\/ruanda-escuela-san-juan-pablo-ii-en-mbugangali\\\/#breadcrumb\",\"itemListElement\":[{\"@type\":\"ListItem\",\"position\":1,\"name\":\"Accueil\",\"item\":\"https:\\\/\\\/www.lamennais.org\\\/\"},{\"@type\":\"ListItem\",\"position\":2,\"name\":\"RUANDA: Escuela San Juan Pablo II en Mbugangali\"}]},{\"@type\":\"WebSite\",\"@id\":\"https:\\\/\\\/www.lamennais.org\\\/#website\",\"url\":\"https:\\\/\\\/www.lamennais.org\\\/\",\"name\":\"LaMennais.org\",\"description\":\"Fr\u00e8res de l&#039;Instruction Chr\u00e9tienne et Famille Mennaisienne\",\"potentialAction\":[{\"@type\":\"SearchAction\",\"target\":{\"@type\":\"EntryPoint\",\"urlTemplate\":\"https:\\\/\\\/www.lamennais.org\\\/?s={search_term_string}\"},\"query-input\":{\"@type\":\"PropertyValueSpecification\",\"valueRequired\":true,\"valueName\":\"search_term_string\"}}],\"inLanguage\":\"es\"},{\"@type\":\"Person\",\"@id\":\"https:\\\/\\\/www.lamennais.org\\\/#\\\/schema\\\/person\\\/2a8d6e8a95babedd5ba1c43afd2e3844\",\"name\":\"Herv\u00e9 Asse\",\"image\":{\"@type\":\"ImageObject\",\"inLanguage\":\"es\",\"@id\":\"https:\\\/\\\/secure.gravatar.com\\\/avatar\\\/1aaa7b1baf759c8b40525f40af381cbaa2b0ddd554f57145bceb0654ba45b4c0?s=96&d=mm&r=g\",\"url\":\"https:\\\/\\\/secure.gravatar.com\\\/avatar\\\/1aaa7b1baf759c8b40525f40af381cbaa2b0ddd554f57145bceb0654ba45b4c0?s=96&d=mm&r=g\",\"contentUrl\":\"https:\\\/\\\/secure.gravatar.com\\\/avatar\\\/1aaa7b1baf759c8b40525f40af381cbaa2b0ddd554f57145bceb0654ba45b4c0?s=96&d=mm&r=g\",\"caption\":\"Herv\u00e9 Asse\"}}]}<\/script>\n<!-- \/ Yoast SEO plugin. -->","yoast_head_json":{"title":"RUANDA: Escuela San Juan Pablo II en Mbugangali - LaMennais.org","robots":{"index":"index","follow":"follow","max-snippet":"max-snippet:-1","max-image-preview":"max-image-preview:large","max-video-preview":"max-video-preview:-1"},"canonical":"https:\/\/www.lamennais.org\/es\/ruanda-escuela-san-juan-pablo-ii-en-mbugangali\/","og_locale":"es_ES","og_type":"article","og_title":"RUANDA: Escuela San Juan Pablo II en Mbugangali - LaMennais.org","og_description":"Este colegio se ha convertido en un referente nacional por su formaci\u00f3n integral humana y cristiana para ni\u00f1os y j\u00f3venes (infantil y primaria). Se celebr\u00f3 el cierre del a\u00f1o escolar este viernes 27 de junio de 2025. Una de las caracter\u00edsticas especiales de la escuela es cuidar a los ni\u00f1os pobres de la ciudad, ya [&hellip;]","og_url":"https:\/\/www.lamennais.org\/es\/ruanda-escuela-san-juan-pablo-ii-en-mbugangali\/","og_site_name":"LaMennais.org","article_published_time":"2025-06-29T03:12:29+00:00","article_modified_time":"2025-07-02T06:40:53+00:00","og_image":[{"width":1280,"height":652,"url":"https:\/\/www.lamennais.org\/wp-content\/uploads\/2025\/06\/slide-5.jpg","type":"image\/jpeg"}],"author":"Herv\u00e9 Asse","twitter_card":"summary_large_image","twitter_misc":{"Escrito por":"Herv\u00e9 Asse","Tiempo de lectura":"5 minutos"},"schema":{"@context":"https:\/\/schema.org","@graph":[{"@type":"Article","@id":"https:\/\/www.lamennais.org\/es\/ruanda-escuela-san-juan-pablo-ii-en-mbugangali\/#article","isPartOf":{"@id":"https:\/\/www.lamennais.org\/es\/ruanda-escuela-san-juan-pablo-ii-en-mbugangali\/"},"author":{"name":"Herv\u00e9 Asse","@id":"https:\/\/www.lamennais.org\/#\/schema\/person\/2a8d6e8a95babedd5ba1c43afd2e3844"},"headline":"RUANDA: Escuela San Juan Pablo II en Mbugangali","datePublished":"2025-06-29T03:12:29+00:00","dateModified":"2025-07-02T06:40:53+00:00","mainEntityOfPage":{"@id":"https:\/\/www.lamennais.org\/es\/ruanda-escuela-san-juan-pablo-ii-en-mbugangali\/"},"wordCount":387,"image":{"@id":"https:\/\/www.lamennais.org\/es\/ruanda-escuela-san-juan-pablo-ii-en-mbugangali\/#primaryimage"},"thumbnailUrl":"https:\/\/www.lamennais.org\/wp-content\/uploads\/2025\/06\/slide-5.jpg","articleSection":["NOTICIAS"],"inLanguage":"es"},{"@type":"WebPage","@id":"https:\/\/www.lamennais.org\/es\/ruanda-escuela-san-juan-pablo-ii-en-mbugangali\/","url":"https:\/\/www.lamennais.org\/es\/ruanda-escuela-san-juan-pablo-ii-en-mbugangali\/","name":"RUANDA: Escuela San Juan Pablo II en Mbugangali - LaMennais.org","isPartOf":{"@id":"https:\/\/www.lamennais.org\/#website"},"primaryImageOfPage":{"@id":"https:\/\/www.lamennais.org\/es\/ruanda-escuela-san-juan-pablo-ii-en-mbugangali\/#primaryimage"},"image":{"@id":"https:\/\/www.lamennais.org\/es\/ruanda-escuela-san-juan-pablo-ii-en-mbugangali\/#primaryimage"},"thumbnailUrl":"https:\/\/www.lamennais.org\/wp-content\/uploads\/2025\/06\/slide-5.jpg","datePublished":"2025-06-29T03:12:29+00:00","dateModified":"2025-07-02T06:40:53+00:00","author":{"@id":"https:\/\/www.lamennais.org\/#\/schema\/person\/2a8d6e8a95babedd5ba1c43afd2e3844"},"breadcrumb":{"@id":"https:\/\/www.lamennais.org\/es\/ruanda-escuela-san-juan-pablo-ii-en-mbugangali\/#breadcrumb"},"inLanguage":"es","potentialAction":[{"@type":"ReadAction","target":["https:\/\/www.lamennais.org\/es\/ruanda-escuela-san-juan-pablo-ii-en-mbugangali\/"]}]},{"@type":"ImageObject","inLanguage":"es","@id":"https:\/\/www.lamennais.org\/es\/ruanda-escuela-san-juan-pablo-ii-en-mbugangali\/#primaryimage","url":"https:\/\/www.lamennais.org\/wp-content\/uploads\/2025\/06\/slide-5.jpg","contentUrl":"https:\/\/www.lamennais.org\/wp-content\/uploads\/2025\/06\/slide-5.jpg","width":1280,"height":652},{"@type":"BreadcrumbList","@id":"https:\/\/www.lamennais.org\/es\/ruanda-escuela-san-juan-pablo-ii-en-mbugangali\/#breadcrumb","itemListElement":[{"@type":"ListItem","position":1,"name":"Accueil","item":"https:\/\/www.lamennais.org\/"},{"@type":"ListItem","position":2,"name":"RUANDA: Escuela San Juan Pablo II en Mbugangali"}]},{"@type":"WebSite","@id":"https:\/\/www.lamennais.org\/#website","url":"https:\/\/www.lamennais.org\/","name":"LaMennais.org","description":"Fr\u00e8res de l&#039;Instruction Chr\u00e9tienne et Famille Mennaisienne","potentialAction":[{"@type":"SearchAction","target":{"@type":"EntryPoint","urlTemplate":"https:\/\/www.lamennais.org\/?s={search_term_string}"},"query-input":{"@type":"PropertyValueSpecification","valueRequired":true,"valueName":"search_term_string"}}],"inLanguage":"es"},{"@type":"Person","@id":"https:\/\/www.lamennais.org\/#\/schema\/person\/2a8d6e8a95babedd5ba1c43afd2e3844","name":"Herv\u00e9 Asse","image":{"@type":"ImageObject","inLanguage":"es","@id":"https:\/\/secure.gravatar.com\/avatar\/1aaa7b1baf759c8b40525f40af381cbaa2b0ddd554f57145bceb0654ba45b4c0?s=96&d=mm&r=g","url":"https:\/\/secure.gravatar.com\/avatar\/1aaa7b1baf759c8b40525f40af381cbaa2b0ddd554f57145bceb0654ba45b4c0?s=96&d=mm&r=g","contentUrl":"https:\/\/secure.gravatar.com\/avatar\/1aaa7b1baf759c8b40525f40af381cbaa2b0ddd554f57145bceb0654ba45b4c0?s=96&d=mm&r=g","caption":"Herv\u00e9 Asse"}}]}},"_links":{"self":[{"href":"https:\/\/www.lamennais.org\/es\/wp-json\/wp\/v2\/posts\/46746","targetHints":{"allow":["GET"]}}],"collection":[{"href":"https:\/\/www.lamennais.org\/es\/wp-json\/wp\/v2\/posts"}],"about":[{"href":"https:\/\/www.lamennais.org\/es\/wp-json\/wp\/v2\/types\/post"}],"author":[{"embeddable":true,"href":"https:\/\/www.lamennais.org\/es\/wp-json\/wp\/v2\/users\/3"}],"replies":[{"embeddable":true,"href":"https:\/\/www.lamennais.org\/es\/wp-json\/wp\/v2\/comments?post=46746"}],"version-history":[{"count":1,"href":"https:\/\/www.lamennais.org\/es\/wp-json\/wp\/v2\/posts\/46746\/revisions"}],"predecessor-version":[{"id":46747,"href":"https:\/\/www.lamennais.org\/es\/wp-json\/wp\/v2\/posts\/46746\/revisions\/46747"}],"wp:featuredmedia":[{"embeddable":true,"href":"https:\/\/www.lamennais.org\/es\/wp-json\/wp\/v2\/media\/46619"}],"wp:attachment":[{"href":"https:\/\/www.lamennais.org\/es\/wp-json\/wp\/v2\/media?parent=46746"}],"wp:term":[{"taxonomy":"category","embeddable":true,"href":"https:\/\/www.lamennais.org\/es\/wp-json\/wp\/v2\/categories?post=46746"},{"taxonomy":"post_tag","embeddable":true,"href":"https:\/\/www.lamennais.org\/es\/wp-json\/wp\/v2\/tags?post=46746"}],"curies":[{"name":"wp","href":"https:\/\/api.w.org\/{rel}","templated":true}]}}