{"id":46322,"date":"2025-06-06T15:40:49","date_gmt":"2025-06-06T13:40:49","guid":{"rendered":"https:\/\/www.lamennais.org\/?p=46322"},"modified":"2025-06-07T09:00:45","modified_gmt":"2025-06-07T07:00:45","slug":"francia-lourdes-pastoral-en-el-colegio-san-jose-peyramale-atreverse-a-transmitir-la-fe","status":"publish","type":"post","link":"https:\/\/www.lamennais.org\/es\/francia-lourdes-pastoral-en-el-colegio-san-jose-peyramale-atreverse-a-transmitir-la-fe\/","title":{"rendered":"Francia: Lourdes \u2013 Pastoral en el Colegio San Jos\u00e9-Peyramale: \u00a1atreverse a transmitir la fe!"},"content":{"rendered":"<p><strong>\u00a1Esto no es una costumbre! Vamos a adentrarnos en el coraz\u00f3n de una instituci\u00f3n menesiana, y quiz\u00e1s no en lo visible, sino en lo m\u00e1s secreto y, sin duda, lo menos obvio: \u00a1el coraz\u00f3n de las actividades pastorales!<\/strong><\/p>\n<p><strong>Conozcamos al Sr. Philippe Pouzet, responsable de la pastoral del establecimiento:<\/strong><strong>\u00a0<\/strong><\/p>\n<p><strong>Hola Philippe, creo que llevas muchos a\u00f1os en St. Joseph-Peyramale. \u00bfCu\u00e1l es tu funci\u00f3n en el centro?<\/strong><\/p>\n<div id=\"attachment_46307\" style=\"width: 870px\" class=\"wp-caption alignleft\"><img fetchpriority=\"high\" decoding=\"async\" aria-describedby=\"caption-attachment-46307\" class=\"wp-image-46307 size-large\" src=\"https:\/\/www.lamennais.org\/wp-content\/uploads\/2025\/06\/CONF-TF-19-12-2024-7-1024x768.jpg\" alt=\"\" width=\"860\" height=\"645\" srcset=\"https:\/\/www.lamennais.org\/wp-content\/uploads\/2025\/06\/CONF-TF-19-12-2024-7-1024x768.jpg 1024w, https:\/\/www.lamennais.org\/wp-content\/uploads\/2025\/06\/CONF-TF-19-12-2024-7-300x225.jpg 300w, https:\/\/www.lamennais.org\/wp-content\/uploads\/2025\/06\/CONF-TF-19-12-2024-7-768x576.jpg 768w, https:\/\/www.lamennais.org\/wp-content\/uploads\/2025\/06\/CONF-TF-19-12-2024-7-260x195.jpg 260w, https:\/\/www.lamennais.org\/wp-content\/uploads\/2025\/06\/CONF-TF-19-12-2024-7.jpg 1500w\" sizes=\"(max-width: 860px) 100vw, 860px\" \/><p id=\"caption-attachment-46307\" class=\"wp-caption-text\"><em>Tiempo pasado con los alumnos &#8211; el Hno Michel Vall\u00e9e por detr\u00e1s.<\/em><\/p><\/div>\n<p><strong>Hola Philippe, creo que llevas muchos a\u00f1os en St. Joseph-Peyramale. \u00bfCu\u00e1l es tu funci\u00f3n en el centro?<\/strong><\/p>\n<ul>\n<li>He trabajado con y para los Hermanos de Plo\u00ebrmel desde 1984. Primero en St Sever, en las Landas, en el Coll\u00e8ge Ste Th\u00e9r\u00e8se, como director de internado. Despu\u00e9s, en 1988, llegu\u00e9 a Peyramale, en Lourdes, como supervisor, y en la d\u00e9cada del 2000 me convert\u00ed en APS (Animador de Pastoral Escolar).<\/li>\n<\/ul>\n<p><strong>\u00a0<\/strong><strong>Dirigir la pastoral en un establecimiento \u2013incluso en Lourdes\u2013 \u00a1debe seguir siendo un desaf\u00edo!<\/strong><\/p>\n<ul>\n<li>Un verdadero desaf\u00edo, sin duda. Lourdes, un santuario mariano de fama mundial, pero tambi\u00e9n una ciudad francesa como cualquier otra, \u00a1con una pr\u00e1ctica de la fe que decae a\u00f1o tras a\u00f1o! Los padres ya no la practican, \u00a1sus hijos siguen su ejemplo!<\/li>\n<\/ul>\n<p><strong>\u00a0<\/strong><strong>Hoy en d\u00eda, \u00bfcu\u00e1les son las mayores dificultades u obst\u00e1culos para la transmisi\u00f3n de la fe?<\/strong><\/p>\n<ul>\n<li>\u00a1Siempre me sorprende el respeto profundo y real de los j\u00f3venes, que permanecen abiertos a escuchar y compartir!<\/li>\n<\/ul>\n<p>De hecho, solo tenemos que atrevernos a transmitirles la fe. \u00a0\u00a0\u00a0\u00a0\u00a0\u00a0\u00a0\u00a0\u00a0\u00a0\u00a0\u00a0\u00a0\u00a0\u00a0\u00a0\u00a0\u00a0\u00a0\u00a0\u00a0\u00a0\u00a0\u00a0\u00a0\u00a0\u00a0\u00a0\u00a0\u00a0\u00a0\u00a0\u00a0\u00a0\u00a0Solo tenemos que sembrar una palabra, valores evang\u00e9licos, en sus corazones, hablarles de Dios y orar con ellos&#8230; \u00a1Y luego dejar que el Esp\u00edritu Santo haga la obra!<\/p>\n<div id=\"attachment_46313\" style=\"width: 870px\" class=\"wp-caption alignright\"><img decoding=\"async\" aria-describedby=\"caption-attachment-46313\" class=\"wp-image-46313 size-large\" src=\"https:\/\/www.lamennais.org\/wp-content\/uploads\/2025\/06\/Chemin-de-Croix-2025-Ter1er-8-1024x768.jpg\" alt=\"\" width=\"860\" height=\"645\" srcset=\"https:\/\/www.lamennais.org\/wp-content\/uploads\/2025\/06\/Chemin-de-Croix-2025-Ter1er-8-1024x768.jpg 1024w, https:\/\/www.lamennais.org\/wp-content\/uploads\/2025\/06\/Chemin-de-Croix-2025-Ter1er-8-300x225.jpg 300w, https:\/\/www.lamennais.org\/wp-content\/uploads\/2025\/06\/Chemin-de-Croix-2025-Ter1er-8-768x576.jpg 768w, https:\/\/www.lamennais.org\/wp-content\/uploads\/2025\/06\/Chemin-de-Croix-2025-Ter1er-8-260x195.jpg 260w, https:\/\/www.lamennais.org\/wp-content\/uploads\/2025\/06\/Chemin-de-Croix-2025-Ter1er-8.jpg 1500w\" sizes=\"(max-width: 860px) 100vw, 860px\" \/><p id=\"caption-attachment-46313\" class=\"wp-caption-text\"><em>Alumnos del Liceo delante de la Gruta de Massabielle<\/em><\/p><\/div>\n<p><strong>\u00bfCu\u00e1les son tus mayores alegr\u00edas en St Joseph Peyramale?<\/strong><\/p>\n<ul>\n<li>Acompa\u00f1ar a un joven hacia un sacramento, y vivir con \u00e9l todos los momentos y encuentros, desde los m\u00e1s sencillos hasta los m\u00e1s importantes.<\/li>\n<li>-Pasar una ma\u00f1ana espiritual con estudiantes voluntarios de secundaria en el Santuario de Lourdes, ofreci\u00e9ndoles el V\u00eda Crucis, la Misa en la Gruta de Massabielle (lugar de las apariciones) y la confesi\u00f3n&#8230; Momentos de gracia y de gran alegr\u00eda para compartir juntos como un verdadero momento de pausa en nuestras vidas.<\/li>\n<li>\u00a1Escucha a un joven! Con\u00f3celo para apoyarlo mejor.<\/li>\n<\/ul>\n<p><strong>\u00a0<\/strong><strong>\u00bfPodr\u00eda resumir su papel como l\u00edder pastoral en unas pocas palabras clave?<\/strong><\/p>\n<ul>\n<li>Crecer, aprender, orientarse, rezar, celebrar, vivir juntos, compartir y florecer, acompa\u00f1ar a los j\u00f3venes hacia los sacramentos y la profesi\u00f3n de fe.<\/li>\n<\/ul>\n<table>\n<tbody>\n<tr>\n<td width=\"364\">\n<p><div id=\"attachment_46298\" style=\"width: 870px\" class=\"wp-caption aligncenter\"><img decoding=\"async\" aria-describedby=\"caption-attachment-46298\" class=\"wp-image-46298 size-large\" src=\"https:\/\/www.lamennais.org\/wp-content\/uploads\/2025\/06\/CONF-03-05-2025-Phil-3-1024x768.jpg\" alt=\"\" width=\"860\" height=\"645\" srcset=\"https:\/\/www.lamennais.org\/wp-content\/uploads\/2025\/06\/CONF-03-05-2025-Phil-3-1024x768.jpg 1024w, https:\/\/www.lamennais.org\/wp-content\/uploads\/2025\/06\/CONF-03-05-2025-Phil-3-300x225.jpg 300w, https:\/\/www.lamennais.org\/wp-content\/uploads\/2025\/06\/CONF-03-05-2025-Phil-3-768x576.jpg 768w, https:\/\/www.lamennais.org\/wp-content\/uploads\/2025\/06\/CONF-03-05-2025-Phil-3-260x195.jpg 260w, https:\/\/www.lamennais.org\/wp-content\/uploads\/2025\/06\/CONF-03-05-2025-Phil-3.jpg 1500w\" sizes=\"(max-width: 860px) 100vw, 860px\" \/><p id=\"caption-attachment-46298\" class=\"wp-caption-text\"><em>Confirmaci\u00f3n 2025<\/em><\/p><\/div><\/td>\n<td width=\"364\">\n<p><div id=\"attachment_46295\" style=\"width: 870px\" class=\"wp-caption aligncenter\"><img loading=\"lazy\" decoding=\"async\" aria-describedby=\"caption-attachment-46295\" class=\"wp-image-46295 size-large\" src=\"https:\/\/www.lamennais.org\/wp-content\/uploads\/2025\/06\/Baptemes-2025-7-1024x768.jpg\" alt=\"\" width=\"860\" height=\"645\" srcset=\"https:\/\/www.lamennais.org\/wp-content\/uploads\/2025\/06\/Baptemes-2025-7-1024x768.jpg 1024w, https:\/\/www.lamennais.org\/wp-content\/uploads\/2025\/06\/Baptemes-2025-7-300x225.jpg 300w, https:\/\/www.lamennais.org\/wp-content\/uploads\/2025\/06\/Baptemes-2025-7-768x576.jpg 768w, https:\/\/www.lamennais.org\/wp-content\/uploads\/2025\/06\/Baptemes-2025-7-260x195.jpg 260w, https:\/\/www.lamennais.org\/wp-content\/uploads\/2025\/06\/Baptemes-2025-7.jpg 1500w\" sizes=\"(max-width: 860px) 100vw, 860px\" \/><p id=\"caption-attachment-46295\" class=\"wp-caption-text\"><em>Bautismos 2025<\/em><\/p><\/div><\/td>\n<\/tr>\n<\/tbody>\n<\/table>\n<p><strong>\u00a0 \u00a0 \u00a0 \u00a0 \u00a0<\/strong><\/p>\n<p><strong>\u00bfHay alguna \u00abcifra\u00bb (aunque no sea la m\u00e1s importante) que\u00a0 d<\/strong><strong>emuestre que los j\u00f3venes est\u00e1n creciendo en su fe?<\/strong><\/p>\n<p>\u00a1122 j\u00f3venes dieron un paso de fe este a\u00f1o! (101 en 2024)<\/p>\n<p>BAUTISMO para 9 estudiantes de secundaria y preparatoria<\/p>\n<p>PRIMERA COMUNI\u00d3N para 20 alumnos de secundaria y bachillerato<\/p>\n<p>PROFESI\u00d3N DE FE para 43 estudiantes de secundaria<\/p>\n<p>CONFIRMACI\u00d3N para 50 estudiantes de 3er a\u00f1o<\/p>\n<p><strong>\u00a0 \u00a0 \u00a0 \u00a0 \u00a0 \u00a0 \u00a0 \u00a0<\/strong><\/p>\n<p><strong>El Colegio-Lyc\u00e9e St Joseph-Peyramale es parte de la Red Menesiana; \u00bfqu\u00e9 significa esto para usted?<\/strong><\/p>\n<ul>\n<li>Siempre me he considerado menesiano, primero porque fu\u00ed estudiante en Peyramale cuando ten\u00edamos Hermanos docentes, el hermano Joseph Pinel, y mi profesor de historia, el Hermano Mathieu Theaux, responsable del catecismo, \u00a1y sigo all\u00ed hoy! Desde 2012, hemos tra\u00eddo a m\u00e1s de 50 estudiantes de sexto grado a visitar Plo\u00ebrmel cada a\u00f1o, precisamente para conectar con ellos. A menudo hablamos de ello con ellos.<\/li>\n<\/ul>\n<table>\n<tbody>\n<tr>\n<td width=\"364\"><img loading=\"lazy\" decoding=\"async\" class=\"wp-image-46310 size-large aligncenter\" src=\"https:\/\/www.lamennais.org\/wp-content\/uploads\/2025\/06\/CONF-TF-19-12-2024-1-1024x768.jpg\" alt=\"\" width=\"860\" height=\"645\" srcset=\"https:\/\/www.lamennais.org\/wp-content\/uploads\/2025\/06\/CONF-TF-19-12-2024-1-1024x768.jpg 1024w, https:\/\/www.lamennais.org\/wp-content\/uploads\/2025\/06\/CONF-TF-19-12-2024-1-300x225.jpg 300w, https:\/\/www.lamennais.org\/wp-content\/uploads\/2025\/06\/CONF-TF-19-12-2024-1-768x576.jpg 768w, https:\/\/www.lamennais.org\/wp-content\/uploads\/2025\/06\/CONF-TF-19-12-2024-1-260x195.jpg 260w, https:\/\/www.lamennais.org\/wp-content\/uploads\/2025\/06\/CONF-TF-19-12-2024-1.jpg 1500w\" sizes=\"(max-width: 860px) 100vw, 860px\" \/><em>Un momento culminante de la Confirmaci\u00f3n con los Hermanos de Lourdes que acompa\u00f1an en la oraci\u00f3n a los j\u00f3venes confirmandos del a\u00f1o.<\/em><\/td>\n<td width=\"364\">\n<p><div id=\"attachment_46301\" style=\"width: 376px\" class=\"wp-caption aligncenter\"><img loading=\"lazy\" decoding=\"async\" aria-describedby=\"caption-attachment-46301\" class=\"wp-image-46301\" src=\"https:\/\/www.lamennais.org\/wp-content\/uploads\/2025\/06\/Bretagne-2024-37-225x300.jpg\" alt=\"\" width=\"366\" height=\"488\" srcset=\"https:\/\/www.lamennais.org\/wp-content\/uploads\/2025\/06\/Bretagne-2024-37-225x300.jpg 225w, https:\/\/www.lamennais.org\/wp-content\/uploads\/2025\/06\/Bretagne-2024-37-768x1024.jpg 768w, https:\/\/www.lamennais.org\/wp-content\/uploads\/2025\/06\/Bretagne-2024-37-260x347.jpg 260w, https:\/\/www.lamennais.org\/wp-content\/uploads\/2025\/06\/Bretagne-2024-37-rotated.jpg 900w\" sizes=\"(max-width: 366px) 100vw, 366px\" \/><p id=\"caption-attachment-46301\" class=\"wp-caption-text\"><em>Peregrinaci\u00f3n de alumnos de 6\u00ba grado de Lourdes a la Casa Madre en Plo\u00ebrmel<\/em><\/p><\/div><\/td>\n<\/tr>\n<\/tbody>\n<\/table>\n<p><strong>\u00a0 \u00a0 \u00a0 \u00a0 \u00a0<\/strong><\/p>\n<p><strong>La Iglesia ahora tiene un nuevo pastor, el Papa Le\u00f3n XIV. \u00a1Es el A\u00f1o Jubilar, el A\u00f1o de la Esperanza! \u00bfQu\u00e9 les parece esto a ustedes y a la instituci\u00f3n?<\/strong><\/p>\n<ul>\n<li>Los j\u00f3venes se conmovieron con la partida del Papa Francisco y la elecci\u00f3n del Papa Le\u00f3n XIV. Esto representa un nuevo comienzo para la Iglesia. \u00bfY si tambi\u00e9n trajera nueva esperanza a nuestros j\u00f3venes?<\/li>\n<\/ul>\n<p><strong><em>Testimonio del Sr. Philippe Pouzet, recogido por F Herv\u00e9 ASSE<\/em><\/strong><\/p>\n","protected":false},"excerpt":{"rendered":"<p>\u00a1Esto no es una costumbre! Vamos a adentrarnos en el coraz\u00f3n de una instituci\u00f3n menesiana, y quiz\u00e1s no en lo visible, sino en lo m\u00e1s secreto y, sin duda, lo menos obvio: \u00a1el coraz\u00f3n de las actividades pastorales! Conozcamos al Sr. Philippe Pouzet, responsable de la pastoral del establecimiento:\u00a0 Hola Philippe, creo que llevas muchos [&hellip;]<\/p>\n","protected":false},"author":3,"featured_media":46292,"comment_status":"closed","ping_status":"closed","sticky":false,"template":"","format":"standard","meta":{"footnotes":""},"categories":[105],"tags":[],"class_list":["post-46322","post","type-post","status-publish","format-standard","has-post-thumbnail","hentry","category-noticias"],"yoast_head":"<!-- This site is optimized with the Yoast SEO plugin v27.5 - https:\/\/yoast.com\/product\/yoast-seo-wordpress\/ -->\n<title>Francia: Lourdes \u2013 Pastoral en el Colegio San Jos\u00e9-Peyramale: \u00a1atreverse a transmitir la fe! - LaMennais.org<\/title>\n<meta name=\"robots\" content=\"index, follow, max-snippet:-1, max-image-preview:large, max-video-preview:-1\" \/>\n<link rel=\"canonical\" href=\"https:\/\/www.lamennais.org\/es\/francia-lourdes-pastoral-en-el-colegio-san-jose-peyramale-atreverse-a-transmitir-la-fe\/\" \/>\n<meta property=\"og:locale\" content=\"es_ES\" \/>\n<meta property=\"og:type\" content=\"article\" \/>\n<meta property=\"og:title\" content=\"Francia: Lourdes \u2013 Pastoral en el Colegio San Jos\u00e9-Peyramale: \u00a1atreverse a transmitir la fe! - LaMennais.org\" \/>\n<meta property=\"og:description\" content=\"\u00a1Esto no es una costumbre! Vamos a adentrarnos en el coraz\u00f3n de una instituci\u00f3n menesiana, y quiz\u00e1s no en lo visible, sino en lo m\u00e1s secreto y, sin duda, lo menos obvio: \u00a1el coraz\u00f3n de las actividades pastorales! Conozcamos al Sr. Philippe Pouzet, responsable de la pastoral del establecimiento:\u00a0 Hola Philippe, creo que llevas muchos [&hellip;]\" \/>\n<meta property=\"og:url\" content=\"https:\/\/www.lamennais.org\/es\/francia-lourdes-pastoral-en-el-colegio-san-jose-peyramale-atreverse-a-transmitir-la-fe\/\" \/>\n<meta property=\"og:site_name\" content=\"LaMennais.org\" \/>\n<meta property=\"article:published_time\" content=\"2025-06-06T13:40:49+00:00\" \/>\n<meta property=\"article:modified_time\" content=\"2025-06-07T07:00:45+00:00\" \/>\n<meta property=\"og:image\" content=\"https:\/\/www.lamennais.org\/wp-content\/uploads\/2025\/06\/slide-2.jpg\" \/>\n\t<meta property=\"og:image:width\" content=\"1200\" \/>\n\t<meta property=\"og:image:height\" content=\"546\" \/>\n\t<meta property=\"og:image:type\" content=\"image\/jpeg\" \/>\n<meta name=\"author\" content=\"Herv\u00e9 Asse\" \/>\n<meta name=\"twitter:card\" content=\"summary_large_image\" \/>\n<meta name=\"twitter:label1\" content=\"Escrito por\" \/>\n\t<meta name=\"twitter:data1\" content=\"Herv\u00e9 Asse\" \/>\n\t<meta name=\"twitter:label2\" content=\"Tiempo de lectura\" \/>\n\t<meta name=\"twitter:data2\" content=\"5 minutos\" \/>\n<script type=\"application\/ld+json\" class=\"yoast-schema-graph\">{\"@context\":\"https:\\\/\\\/schema.org\",\"@graph\":[{\"@type\":\"Article\",\"@id\":\"https:\\\/\\\/www.lamennais.org\\\/es\\\/francia-lourdes-pastoral-en-el-colegio-san-jose-peyramale-atreverse-a-transmitir-la-fe\\\/#article\",\"isPartOf\":{\"@id\":\"https:\\\/\\\/www.lamennais.org\\\/es\\\/francia-lourdes-pastoral-en-el-colegio-san-jose-peyramale-atreverse-a-transmitir-la-fe\\\/\"},\"author\":{\"name\":\"Herv\u00e9 Asse\",\"@id\":\"https:\\\/\\\/www.lamennais.org\\\/#\\\/schema\\\/person\\\/2a8d6e8a95babedd5ba1c43afd2e3844\"},\"headline\":\"Francia: Lourdes \u2013 Pastoral en el Colegio San Jos\u00e9-Peyramale: \u00a1atreverse a transmitir la fe!\",\"datePublished\":\"2025-06-06T13:40:49+00:00\",\"dateModified\":\"2025-06-07T07:00:45+00:00\",\"mainEntityOfPage\":{\"@id\":\"https:\\\/\\\/www.lamennais.org\\\/es\\\/francia-lourdes-pastoral-en-el-colegio-san-jose-peyramale-atreverse-a-transmitir-la-fe\\\/\"},\"wordCount\":780,\"image\":{\"@id\":\"https:\\\/\\\/www.lamennais.org\\\/es\\\/francia-lourdes-pastoral-en-el-colegio-san-jose-peyramale-atreverse-a-transmitir-la-fe\\\/#primaryimage\"},\"thumbnailUrl\":\"https:\\\/\\\/www.lamennais.org\\\/wp-content\\\/uploads\\\/2025\\\/06\\\/slide-2.jpg\",\"articleSection\":[\"NOTICIAS\"],\"inLanguage\":\"es\"},{\"@type\":\"WebPage\",\"@id\":\"https:\\\/\\\/www.lamennais.org\\\/es\\\/francia-lourdes-pastoral-en-el-colegio-san-jose-peyramale-atreverse-a-transmitir-la-fe\\\/\",\"url\":\"https:\\\/\\\/www.lamennais.org\\\/es\\\/francia-lourdes-pastoral-en-el-colegio-san-jose-peyramale-atreverse-a-transmitir-la-fe\\\/\",\"name\":\"Francia: Lourdes \u2013 Pastoral en el Colegio San Jos\u00e9-Peyramale: \u00a1atreverse a transmitir la fe! - LaMennais.org\",\"isPartOf\":{\"@id\":\"https:\\\/\\\/www.lamennais.org\\\/#website\"},\"primaryImageOfPage\":{\"@id\":\"https:\\\/\\\/www.lamennais.org\\\/es\\\/francia-lourdes-pastoral-en-el-colegio-san-jose-peyramale-atreverse-a-transmitir-la-fe\\\/#primaryimage\"},\"image\":{\"@id\":\"https:\\\/\\\/www.lamennais.org\\\/es\\\/francia-lourdes-pastoral-en-el-colegio-san-jose-peyramale-atreverse-a-transmitir-la-fe\\\/#primaryimage\"},\"thumbnailUrl\":\"https:\\\/\\\/www.lamennais.org\\\/wp-content\\\/uploads\\\/2025\\\/06\\\/slide-2.jpg\",\"datePublished\":\"2025-06-06T13:40:49+00:00\",\"dateModified\":\"2025-06-07T07:00:45+00:00\",\"author\":{\"@id\":\"https:\\\/\\\/www.lamennais.org\\\/#\\\/schema\\\/person\\\/2a8d6e8a95babedd5ba1c43afd2e3844\"},\"breadcrumb\":{\"@id\":\"https:\\\/\\\/www.lamennais.org\\\/es\\\/francia-lourdes-pastoral-en-el-colegio-san-jose-peyramale-atreverse-a-transmitir-la-fe\\\/#breadcrumb\"},\"inLanguage\":\"es\",\"potentialAction\":[{\"@type\":\"ReadAction\",\"target\":[\"https:\\\/\\\/www.lamennais.org\\\/es\\\/francia-lourdes-pastoral-en-el-colegio-san-jose-peyramale-atreverse-a-transmitir-la-fe\\\/\"]}]},{\"@type\":\"ImageObject\",\"inLanguage\":\"es\",\"@id\":\"https:\\\/\\\/www.lamennais.org\\\/es\\\/francia-lourdes-pastoral-en-el-colegio-san-jose-peyramale-atreverse-a-transmitir-la-fe\\\/#primaryimage\",\"url\":\"https:\\\/\\\/www.lamennais.org\\\/wp-content\\\/uploads\\\/2025\\\/06\\\/slide-2.jpg\",\"contentUrl\":\"https:\\\/\\\/www.lamennais.org\\\/wp-content\\\/uploads\\\/2025\\\/06\\\/slide-2.jpg\",\"width\":1200,\"height\":546},{\"@type\":\"BreadcrumbList\",\"@id\":\"https:\\\/\\\/www.lamennais.org\\\/es\\\/francia-lourdes-pastoral-en-el-colegio-san-jose-peyramale-atreverse-a-transmitir-la-fe\\\/#breadcrumb\",\"itemListElement\":[{\"@type\":\"ListItem\",\"position\":1,\"name\":\"Accueil\",\"item\":\"https:\\\/\\\/www.lamennais.org\\\/\"},{\"@type\":\"ListItem\",\"position\":2,\"name\":\"Francia: Lourdes \u2013 Pastoral en el Colegio San Jos\u00e9-Peyramale: \u00a1atreverse a transmitir la fe!\"}]},{\"@type\":\"WebSite\",\"@id\":\"https:\\\/\\\/www.lamennais.org\\\/#website\",\"url\":\"https:\\\/\\\/www.lamennais.org\\\/\",\"name\":\"LaMennais.org\",\"description\":\"Fr\u00e8res de l&#039;Instruction Chr\u00e9tienne et Famille Mennaisienne\",\"potentialAction\":[{\"@type\":\"SearchAction\",\"target\":{\"@type\":\"EntryPoint\",\"urlTemplate\":\"https:\\\/\\\/www.lamennais.org\\\/?s={search_term_string}\"},\"query-input\":{\"@type\":\"PropertyValueSpecification\",\"valueRequired\":true,\"valueName\":\"search_term_string\"}}],\"inLanguage\":\"es\"},{\"@type\":\"Person\",\"@id\":\"https:\\\/\\\/www.lamennais.org\\\/#\\\/schema\\\/person\\\/2a8d6e8a95babedd5ba1c43afd2e3844\",\"name\":\"Herv\u00e9 Asse\",\"image\":{\"@type\":\"ImageObject\",\"inLanguage\":\"es\",\"@id\":\"https:\\\/\\\/secure.gravatar.com\\\/avatar\\\/1aaa7b1baf759c8b40525f40af381cbaa2b0ddd554f57145bceb0654ba45b4c0?s=96&d=mm&r=g\",\"url\":\"https:\\\/\\\/secure.gravatar.com\\\/avatar\\\/1aaa7b1baf759c8b40525f40af381cbaa2b0ddd554f57145bceb0654ba45b4c0?s=96&d=mm&r=g\",\"contentUrl\":\"https:\\\/\\\/secure.gravatar.com\\\/avatar\\\/1aaa7b1baf759c8b40525f40af381cbaa2b0ddd554f57145bceb0654ba45b4c0?s=96&d=mm&r=g\",\"caption\":\"Herv\u00e9 Asse\"}}]}<\/script>\n<!-- \/ Yoast SEO plugin. -->","yoast_head_json":{"title":"Francia: Lourdes \u2013 Pastoral en el Colegio San Jos\u00e9-Peyramale: \u00a1atreverse a transmitir la fe! - LaMennais.org","robots":{"index":"index","follow":"follow","max-snippet":"max-snippet:-1","max-image-preview":"max-image-preview:large","max-video-preview":"max-video-preview:-1"},"canonical":"https:\/\/www.lamennais.org\/es\/francia-lourdes-pastoral-en-el-colegio-san-jose-peyramale-atreverse-a-transmitir-la-fe\/","og_locale":"es_ES","og_type":"article","og_title":"Francia: Lourdes \u2013 Pastoral en el Colegio San Jos\u00e9-Peyramale: \u00a1atreverse a transmitir la fe! - LaMennais.org","og_description":"\u00a1Esto no es una costumbre! Vamos a adentrarnos en el coraz\u00f3n de una instituci\u00f3n menesiana, y quiz\u00e1s no en lo visible, sino en lo m\u00e1s secreto y, sin duda, lo menos obvio: \u00a1el coraz\u00f3n de las actividades pastorales! Conozcamos al Sr. Philippe Pouzet, responsable de la pastoral del establecimiento:\u00a0 Hola Philippe, creo que llevas muchos [&hellip;]","og_url":"https:\/\/www.lamennais.org\/es\/francia-lourdes-pastoral-en-el-colegio-san-jose-peyramale-atreverse-a-transmitir-la-fe\/","og_site_name":"LaMennais.org","article_published_time":"2025-06-06T13:40:49+00:00","article_modified_time":"2025-06-07T07:00:45+00:00","og_image":[{"width":1200,"height":546,"url":"https:\/\/www.lamennais.org\/wp-content\/uploads\/2025\/06\/slide-2.jpg","type":"image\/jpeg"}],"author":"Herv\u00e9 Asse","twitter_card":"summary_large_image","twitter_misc":{"Escrito por":"Herv\u00e9 Asse","Tiempo de lectura":"5 minutos"},"schema":{"@context":"https:\/\/schema.org","@graph":[{"@type":"Article","@id":"https:\/\/www.lamennais.org\/es\/francia-lourdes-pastoral-en-el-colegio-san-jose-peyramale-atreverse-a-transmitir-la-fe\/#article","isPartOf":{"@id":"https:\/\/www.lamennais.org\/es\/francia-lourdes-pastoral-en-el-colegio-san-jose-peyramale-atreverse-a-transmitir-la-fe\/"},"author":{"name":"Herv\u00e9 Asse","@id":"https:\/\/www.lamennais.org\/#\/schema\/person\/2a8d6e8a95babedd5ba1c43afd2e3844"},"headline":"Francia: Lourdes \u2013 Pastoral en el Colegio San Jos\u00e9-Peyramale: \u00a1atreverse a transmitir la fe!","datePublished":"2025-06-06T13:40:49+00:00","dateModified":"2025-06-07T07:00:45+00:00","mainEntityOfPage":{"@id":"https:\/\/www.lamennais.org\/es\/francia-lourdes-pastoral-en-el-colegio-san-jose-peyramale-atreverse-a-transmitir-la-fe\/"},"wordCount":780,"image":{"@id":"https:\/\/www.lamennais.org\/es\/francia-lourdes-pastoral-en-el-colegio-san-jose-peyramale-atreverse-a-transmitir-la-fe\/#primaryimage"},"thumbnailUrl":"https:\/\/www.lamennais.org\/wp-content\/uploads\/2025\/06\/slide-2.jpg","articleSection":["NOTICIAS"],"inLanguage":"es"},{"@type":"WebPage","@id":"https:\/\/www.lamennais.org\/es\/francia-lourdes-pastoral-en-el-colegio-san-jose-peyramale-atreverse-a-transmitir-la-fe\/","url":"https:\/\/www.lamennais.org\/es\/francia-lourdes-pastoral-en-el-colegio-san-jose-peyramale-atreverse-a-transmitir-la-fe\/","name":"Francia: Lourdes \u2013 Pastoral en el Colegio San Jos\u00e9-Peyramale: \u00a1atreverse a transmitir la fe! - LaMennais.org","isPartOf":{"@id":"https:\/\/www.lamennais.org\/#website"},"primaryImageOfPage":{"@id":"https:\/\/www.lamennais.org\/es\/francia-lourdes-pastoral-en-el-colegio-san-jose-peyramale-atreverse-a-transmitir-la-fe\/#primaryimage"},"image":{"@id":"https:\/\/www.lamennais.org\/es\/francia-lourdes-pastoral-en-el-colegio-san-jose-peyramale-atreverse-a-transmitir-la-fe\/#primaryimage"},"thumbnailUrl":"https:\/\/www.lamennais.org\/wp-content\/uploads\/2025\/06\/slide-2.jpg","datePublished":"2025-06-06T13:40:49+00:00","dateModified":"2025-06-07T07:00:45+00:00","author":{"@id":"https:\/\/www.lamennais.org\/#\/schema\/person\/2a8d6e8a95babedd5ba1c43afd2e3844"},"breadcrumb":{"@id":"https:\/\/www.lamennais.org\/es\/francia-lourdes-pastoral-en-el-colegio-san-jose-peyramale-atreverse-a-transmitir-la-fe\/#breadcrumb"},"inLanguage":"es","potentialAction":[{"@type":"ReadAction","target":["https:\/\/www.lamennais.org\/es\/francia-lourdes-pastoral-en-el-colegio-san-jose-peyramale-atreverse-a-transmitir-la-fe\/"]}]},{"@type":"ImageObject","inLanguage":"es","@id":"https:\/\/www.lamennais.org\/es\/francia-lourdes-pastoral-en-el-colegio-san-jose-peyramale-atreverse-a-transmitir-la-fe\/#primaryimage","url":"https:\/\/www.lamennais.org\/wp-content\/uploads\/2025\/06\/slide-2.jpg","contentUrl":"https:\/\/www.lamennais.org\/wp-content\/uploads\/2025\/06\/slide-2.jpg","width":1200,"height":546},{"@type":"BreadcrumbList","@id":"https:\/\/www.lamennais.org\/es\/francia-lourdes-pastoral-en-el-colegio-san-jose-peyramale-atreverse-a-transmitir-la-fe\/#breadcrumb","itemListElement":[{"@type":"ListItem","position":1,"name":"Accueil","item":"https:\/\/www.lamennais.org\/"},{"@type":"ListItem","position":2,"name":"Francia: Lourdes \u2013 Pastoral en el Colegio San Jos\u00e9-Peyramale: \u00a1atreverse a transmitir la fe!"}]},{"@type":"WebSite","@id":"https:\/\/www.lamennais.org\/#website","url":"https:\/\/www.lamennais.org\/","name":"LaMennais.org","description":"Fr\u00e8res de l&#039;Instruction Chr\u00e9tienne et Famille Mennaisienne","potentialAction":[{"@type":"SearchAction","target":{"@type":"EntryPoint","urlTemplate":"https:\/\/www.lamennais.org\/?s={search_term_string}"},"query-input":{"@type":"PropertyValueSpecification","valueRequired":true,"valueName":"search_term_string"}}],"inLanguage":"es"},{"@type":"Person","@id":"https:\/\/www.lamennais.org\/#\/schema\/person\/2a8d6e8a95babedd5ba1c43afd2e3844","name":"Herv\u00e9 Asse","image":{"@type":"ImageObject","inLanguage":"es","@id":"https:\/\/secure.gravatar.com\/avatar\/1aaa7b1baf759c8b40525f40af381cbaa2b0ddd554f57145bceb0654ba45b4c0?s=96&d=mm&r=g","url":"https:\/\/secure.gravatar.com\/avatar\/1aaa7b1baf759c8b40525f40af381cbaa2b0ddd554f57145bceb0654ba45b4c0?s=96&d=mm&r=g","contentUrl":"https:\/\/secure.gravatar.com\/avatar\/1aaa7b1baf759c8b40525f40af381cbaa2b0ddd554f57145bceb0654ba45b4c0?s=96&d=mm&r=g","caption":"Herv\u00e9 Asse"}}]}},"_links":{"self":[{"href":"https:\/\/www.lamennais.org\/es\/wp-json\/wp\/v2\/posts\/46322","targetHints":{"allow":["GET"]}}],"collection":[{"href":"https:\/\/www.lamennais.org\/es\/wp-json\/wp\/v2\/posts"}],"about":[{"href":"https:\/\/www.lamennais.org\/es\/wp-json\/wp\/v2\/types\/post"}],"author":[{"embeddable":true,"href":"https:\/\/www.lamennais.org\/es\/wp-json\/wp\/v2\/users\/3"}],"replies":[{"embeddable":true,"href":"https:\/\/www.lamennais.org\/es\/wp-json\/wp\/v2\/comments?post=46322"}],"version-history":[{"count":1,"href":"https:\/\/www.lamennais.org\/es\/wp-json\/wp\/v2\/posts\/46322\/revisions"}],"predecessor-version":[{"id":46323,"href":"https:\/\/www.lamennais.org\/es\/wp-json\/wp\/v2\/posts\/46322\/revisions\/46323"}],"wp:featuredmedia":[{"embeddable":true,"href":"https:\/\/www.lamennais.org\/es\/wp-json\/wp\/v2\/media\/46292"}],"wp:attachment":[{"href":"https:\/\/www.lamennais.org\/es\/wp-json\/wp\/v2\/media?parent=46322"}],"wp:term":[{"taxonomy":"category","embeddable":true,"href":"https:\/\/www.lamennais.org\/es\/wp-json\/wp\/v2\/categories?post=46322"},{"taxonomy":"post_tag","embeddable":true,"href":"https:\/\/www.lamennais.org\/es\/wp-json\/wp\/v2\/tags?post=46322"}],"curies":[{"name":"wp","href":"https:\/\/api.w.org\/{rel}","templated":true}]}}