{"id":46147,"date":"2025-05-25T08:59:49","date_gmt":"2025-05-25T06:59:49","guid":{"rendered":"https:\/\/www.lamennais.org\/?p=46147"},"modified":"2025-05-25T16:06:30","modified_gmt":"2025-05-25T14:06:30","slug":"francia-derval-casa-saint-donatien","status":"publish","type":"post","link":"https:\/\/www.lamennais.org\/es\/francia-derval-casa-saint-donatien\/","title":{"rendered":"Francia: Derval \u2013 Casa Saint-Donatien"},"content":{"rendered":"<p><strong>Con motivo de la restauraci\u00f3n de la piscina situada frente al castillo de Saint-Donatien en Derval, el Hermano Bernard Bourigault, responsable del centro de acogida \u201cSaint-Donatien\u201d, nos presenta en qu\u00e9 se ha convertido hoy.<\/strong><\/p>\n<p><strong><em><img fetchpriority=\"high\" decoding=\"async\" class=\" wp-image-46114 alignright\" src=\"https:\/\/www.lamennais.org\/wp-content\/uploads\/2025\/05\/20250524_121509-174x300.jpg\" alt=\"\" width=\"246\" height=\"424\" srcset=\"https:\/\/www.lamennais.org\/wp-content\/uploads\/2025\/05\/20250524_121509-174x300.jpg 174w, https:\/\/www.lamennais.org\/wp-content\/uploads\/2025\/05\/20250524_121509-595x1024.jpg 595w, https:\/\/www.lamennais.org\/wp-content\/uploads\/2025\/05\/20250524_121509-768x1321.jpg 768w, https:\/\/www.lamennais.org\/wp-content\/uploads\/2025\/05\/20250524_121509-893x1536.jpg 893w, https:\/\/www.lamennais.org\/wp-content\/uploads\/2025\/05\/20250524_121509-1190x2048.jpg 1190w, https:\/\/www.lamennais.org\/wp-content\/uploads\/2025\/05\/20250524_121509-260x447.jpg 260w, https:\/\/www.lamennais.org\/wp-content\/uploads\/2025\/05\/20250524_121509-scaled.jpg 1488w\" sizes=\"(max-width: 246px) 100vw, 246px\" \/><\/em><\/strong><\/p>\n<p><strong><em>Y antes que nada un poco de historia\u2026.<\/em><\/strong><\/p>\n<p>Hace poco m\u00e1s de 70 a\u00f1os, los Hermanos de Plo\u00ebrmel adquirieron esta propiedad para crear un <strong><em>juniorado<\/em><\/strong> que acogiera a j\u00f3venes con un proyecto vocacional durante unos cuarenta a\u00f1os. Despu\u00e9s de los a\u00f1os de secundaria, uno puede continuar sus estudios en Plo\u00ebrmel. Desde finales de los a\u00f1os 1990, el lugar acog\u00eda\u00a0 un<strong><em> Escuela Secundaria con un contrato de asociaci\u00f3n con el Estado<\/em><\/strong>, donde algunos Hermanos y profesores destacados del Colegio Saint Joseph de Derval ense\u00f1aban.<\/p>\n<p>Al inicio del a\u00f1o escolar <strong><em>2020, el Colegio cerr\u00f3<\/em><\/strong>, pero la Congregaci\u00f3n decidi\u00f3 preservar el sitio para convertirlo en una \u201cCasa de Recepci\u00f3n\u201d.<\/p>\n<p>En realidad, el sitio interesa a tres tipos de p\u00fablico: por un lado, las <strong><em>parroquias de la di\u00f3cesis de Nantes<\/em><\/strong> que organizan retiros para j\u00f3venes (confirmaci\u00f3n, profesi\u00f3n de fe, etc.) o <strong><em>encuentros de adultos<\/em><\/strong> (grupo ALPHA, movimientos, encuentros de preparaci\u00f3n al matrimonio, etc.) Tambi\u00e9n respondemos a <strong><em>solicitudes locales para eventos familiares<\/em><\/strong> (bodas, cumplea\u00f1os, jubilaciones, etc.). Luego damos la bienvenida al <strong><em>\u201cVILLAGE des SOURCES\u201d<\/em><\/strong> que consiste en recibir clases de alumnos durante dos d\u00edas consecutivos para trabajar las relaciones interpersonales y las herramientas de cohesi\u00f3n grupal.<\/p>\n<table>\n<tbody>\n<tr>\n<td width=\"302\"><img decoding=\"async\" class=\"size-full wp-image-46120 aligncenter\" src=\"https:\/\/www.lamennais.org\/wp-content\/uploads\/2025\/05\/9256d3fc53316a656d3fc53317a56dv-960x640-1.jpg\" alt=\"\" width=\"960\" height=\"640\" srcset=\"https:\/\/www.lamennais.org\/wp-content\/uploads\/2025\/05\/9256d3fc53316a656d3fc53317a56dv-960x640-1.jpg 960w, https:\/\/www.lamennais.org\/wp-content\/uploads\/2025\/05\/9256d3fc53316a656d3fc53317a56dv-960x640-1-300x200.jpg 300w, https:\/\/www.lamennais.org\/wp-content\/uploads\/2025\/05\/9256d3fc53316a656d3fc53317a56dv-960x640-1-768x512.jpg 768w, https:\/\/www.lamennais.org\/wp-content\/uploads\/2025\/05\/9256d3fc53316a656d3fc53317a56dv-960x640-1-260x173.jpg 260w\" sizes=\"(max-width: 960px) 100vw, 960px\" \/><\/td>\n<td width=\"302\"><img decoding=\"async\" class=\"size-full wp-image-46117 aligncenter\" src=\"https:\/\/www.lamennais.org\/wp-content\/uploads\/2025\/05\/maxresdefault.jpg\" alt=\"\" width=\"1280\" height=\"720\" srcset=\"https:\/\/www.lamennais.org\/wp-content\/uploads\/2025\/05\/maxresdefault.jpg 1280w, https:\/\/www.lamennais.org\/wp-content\/uploads\/2025\/05\/maxresdefault-300x169.jpg 300w, https:\/\/www.lamennais.org\/wp-content\/uploads\/2025\/05\/maxresdefault-1024x576.jpg 1024w, https:\/\/www.lamennais.org\/wp-content\/uploads\/2025\/05\/maxresdefault-768x432.jpg 768w, https:\/\/www.lamennais.org\/wp-content\/uploads\/2025\/05\/maxresdefault-260x146.jpg 260w\" sizes=\"(max-width: 1280px) 100vw, 1280px\" \/><\/td>\n<\/tr>\n<\/tbody>\n<\/table>\n<p>Aparte del \u00abvillage des sources\u00bb que tiene lugar los jueves y viernes, son los fines de semana los que est\u00e1n muy concurridos, con un calendario de reservas que se completa con 8 a 10 meses de antelaci\u00f3n.<\/p>\n<p>Desde el 1 de enero de 2024,<strong><em> la gesti\u00f3n de la Maison Saint-Donatien est\u00e1 confiada a la Asociaci\u00f3n \u201cESTIVAL\u201d, <\/em><\/strong>que desde hace 20 a\u00f1os toma el relevo de los Hermanos en materia de estancias de vacaciones. La asociaci\u00f3n ESTIVAL desarroll\u00f3 posteriormente actividades extraescolares para las escuelas (clases de descubrimiento, cursos de formaci\u00f3n de delegados estudiantiles, de ecodelegados, cursos de formaci\u00f3n de animadores de centros de vacaciones, etc.). La asociaci\u00f3n ESTIVAL est\u00e1 presente en otros lugares: el centro Palandrin (P\u00e9nestin en Morbihan), Cr\u00e9ac&#8217;h Balb\u00e9 en Finist\u00e8re. El proyecto en Derval consiste ahora en desarrollar recepciones para j\u00f3venes durante la semana en torno a tres temas: habilidades psicosociales, ciudadan\u00eda, ecolog\u00eda y biodiversidad.<\/p>\n<p><img loading=\"lazy\" decoding=\"async\" class=\"size-large wp-image-46123 aligncenter\" src=\"https:\/\/www.lamennais.org\/wp-content\/uploads\/2025\/05\/IMG_20210728_201011050_HDR-scaled-1-1024x769.jpg\" alt=\"\" width=\"860\" height=\"646\" srcset=\"https:\/\/www.lamennais.org\/wp-content\/uploads\/2025\/05\/IMG_20210728_201011050_HDR-scaled-1-1024x769.jpg 1024w, https:\/\/www.lamennais.org\/wp-content\/uploads\/2025\/05\/IMG_20210728_201011050_HDR-scaled-1-300x225.jpg 300w, https:\/\/www.lamennais.org\/wp-content\/uploads\/2025\/05\/IMG_20210728_201011050_HDR-scaled-1-768x577.jpg 768w, https:\/\/www.lamennais.org\/wp-content\/uploads\/2025\/05\/IMG_20210728_201011050_HDR-scaled-1-1536x1153.jpg 1536w, https:\/\/www.lamennais.org\/wp-content\/uploads\/2025\/05\/IMG_20210728_201011050_HDR-scaled-1-2048x1538.jpg 2048w, https:\/\/www.lamennais.org\/wp-content\/uploads\/2025\/05\/IMG_20210728_201011050_HDR-scaled-1-260x195.jpg 260w\" sizes=\"(max-width: 860px) 100vw, 860px\" \/><\/p>\n<p>Un animador de Estival ha estado en el lugar desde noviembre de 2024 para implementar estos proyectos. Una comunidad de cuatro Hermanos se encarga del mantenimiento diario de la propiedad y de acoger a los grupos. La piscina situada frente al castillo ha sido recientemente renovada. Para ello se invit\u00f3 a los alumnos del Lyc\u00e9e Saint-Clair de Derval a participar en esta actividad. \u00a1Que se les d\u00e9 las gracias por ello!<\/p>\n<table>\n<tbody>\n<tr>\n<td width=\"302\"><img loading=\"lazy\" decoding=\"async\" class=\"size-large wp-image-46129 aligncenter\" src=\"https:\/\/www.lamennais.org\/wp-content\/uploads\/2025\/05\/20250521_140454-1024x473.jpg\" alt=\"\" width=\"860\" height=\"397\" srcset=\"https:\/\/www.lamennais.org\/wp-content\/uploads\/2025\/05\/20250521_140454-1024x473.jpg 1024w, https:\/\/www.lamennais.org\/wp-content\/uploads\/2025\/05\/20250521_140454-300x139.jpg 300w, https:\/\/www.lamennais.org\/wp-content\/uploads\/2025\/05\/20250521_140454-768x355.jpg 768w, https:\/\/www.lamennais.org\/wp-content\/uploads\/2025\/05\/20250521_140454-1536x710.jpg 1536w, https:\/\/www.lamennais.org\/wp-content\/uploads\/2025\/05\/20250521_140454-2048x946.jpg 2048w, https:\/\/www.lamennais.org\/wp-content\/uploads\/2025\/05\/20250521_140454-260x120.jpg 260w\" sizes=\"(max-width: 860px) 100vw, 860px\" \/><\/td>\n<td width=\"302\"><img loading=\"lazy\" decoding=\"async\" class=\"size-large wp-image-46135 aligncenter\" src=\"https:\/\/www.lamennais.org\/wp-content\/uploads\/2025\/05\/20250521_154115-1024x473.jpg\" alt=\"\" width=\"860\" height=\"397\" srcset=\"https:\/\/www.lamennais.org\/wp-content\/uploads\/2025\/05\/20250521_154115-1024x473.jpg 1024w, https:\/\/www.lamennais.org\/wp-content\/uploads\/2025\/05\/20250521_154115-300x139.jpg 300w, https:\/\/www.lamennais.org\/wp-content\/uploads\/2025\/05\/20250521_154115-768x355.jpg 768w, https:\/\/www.lamennais.org\/wp-content\/uploads\/2025\/05\/20250521_154115-1536x710.jpg 1536w, https:\/\/www.lamennais.org\/wp-content\/uploads\/2025\/05\/20250521_154115-2048x946.jpg 2048w, https:\/\/www.lamennais.org\/wp-content\/uploads\/2025\/05\/20250521_154115-260x120.jpg 260w\" sizes=\"(max-width: 860px) 100vw, 860px\" \/><\/td>\n<\/tr>\n<tr>\n<td width=\"302\"><img loading=\"lazy\" decoding=\"async\" class=\"size-large wp-image-46132 aligncenter\" src=\"https:\/\/www.lamennais.org\/wp-content\/uploads\/2025\/05\/20250521_161645-1024x473.jpg\" alt=\"\" width=\"860\" height=\"397\" srcset=\"https:\/\/www.lamennais.org\/wp-content\/uploads\/2025\/05\/20250521_161645-1024x473.jpg 1024w, https:\/\/www.lamennais.org\/wp-content\/uploads\/2025\/05\/20250521_161645-300x139.jpg 300w, https:\/\/www.lamennais.org\/wp-content\/uploads\/2025\/05\/20250521_161645-768x355.jpg 768w, https:\/\/www.lamennais.org\/wp-content\/uploads\/2025\/05\/20250521_161645-1536x710.jpg 1536w, https:\/\/www.lamennais.org\/wp-content\/uploads\/2025\/05\/20250521_161645-2048x946.jpg 2048w, https:\/\/www.lamennais.org\/wp-content\/uploads\/2025\/05\/20250521_161645-260x120.jpg 260w\" sizes=\"(max-width: 860px) 100vw, 860px\" \/><\/td>\n<td width=\"302\"><img loading=\"lazy\" decoding=\"async\" class=\"size-large wp-image-46138 aligncenter\" src=\"https:\/\/www.lamennais.org\/wp-content\/uploads\/2025\/05\/20250522_140101-1024x576.jpg\" alt=\"\" width=\"860\" height=\"484\" srcset=\"https:\/\/www.lamennais.org\/wp-content\/uploads\/2025\/05\/20250522_140101-1024x576.jpg 1024w, https:\/\/www.lamennais.org\/wp-content\/uploads\/2025\/05\/20250522_140101-300x169.jpg 300w, https:\/\/www.lamennais.org\/wp-content\/uploads\/2025\/05\/20250522_140101-768x432.jpg 768w, https:\/\/www.lamennais.org\/wp-content\/uploads\/2025\/05\/20250522_140101-1536x864.jpg 1536w, https:\/\/www.lamennais.org\/wp-content\/uploads\/2025\/05\/20250522_140101-2048x1153.jpg 2048w, https:\/\/www.lamennais.org\/wp-content\/uploads\/2025\/05\/20250522_140101-260x146.jpg 260w\" sizes=\"(max-width: 860px) 100vw, 860px\" \/><\/td>\n<\/tr>\n<\/tbody>\n<\/table>\n<p><strong>\u00a0<\/strong><\/p>\n<p><strong>HnoBernard Bourigault \u2013 Casa Saint-Donatien \u2013 Derval.<\/strong><\/p>\n<p><a href=\"mailto:Saintdonatienderval@mennaisien.org\"><strong>Saintdonatienderval@mennaisien.org<\/strong><\/a><\/p>\n","protected":false},"excerpt":{"rendered":"<p>Con motivo de la restauraci\u00f3n de la piscina situada frente al castillo de Saint-Donatien en Derval, el Hermano Bernard Bourigault, responsable del centro de acogida \u201cSaint-Donatien\u201d, nos presenta en qu\u00e9 se ha convertido hoy. Y antes que nada un poco de historia\u2026. Hace poco m\u00e1s de 70 a\u00f1os, los Hermanos de Plo\u00ebrmel adquirieron esta propiedad [&hellip;]<\/p>\n","protected":false},"author":3,"featured_media":46128,"comment_status":"closed","ping_status":"closed","sticky":false,"template":"","format":"standard","meta":{"footnotes":""},"categories":[105],"tags":[],"class_list":["post-46147","post","type-post","status-publish","format-standard","has-post-thumbnail","hentry","category-noticias"],"yoast_head":"<!-- This site is optimized with the Yoast SEO plugin v27.5 - https:\/\/yoast.com\/product\/yoast-seo-wordpress\/ -->\n<title>Francia: Derval \u2013 Casa Saint-Donatien - LaMennais.org<\/title>\n<meta name=\"robots\" content=\"index, follow, max-snippet:-1, max-image-preview:large, max-video-preview:-1\" \/>\n<link rel=\"canonical\" href=\"https:\/\/www.lamennais.org\/es\/francia-derval-casa-saint-donatien\/\" \/>\n<meta property=\"og:locale\" content=\"es_ES\" \/>\n<meta property=\"og:type\" content=\"article\" \/>\n<meta property=\"og:title\" content=\"Francia: Derval \u2013 Casa Saint-Donatien - LaMennais.org\" \/>\n<meta property=\"og:description\" content=\"Con motivo de la restauraci\u00f3n de la piscina situada frente al castillo de Saint-Donatien en Derval, el Hermano Bernard Bourigault, responsable del centro de acogida \u201cSaint-Donatien\u201d, nos presenta en qu\u00e9 se ha convertido hoy. Y antes que nada un poco de historia\u2026. Hace poco m\u00e1s de 70 a\u00f1os, los Hermanos de Plo\u00ebrmel adquirieron esta propiedad [&hellip;]\" \/>\n<meta property=\"og:url\" content=\"https:\/\/www.lamennais.org\/es\/francia-derval-casa-saint-donatien\/\" \/>\n<meta property=\"og:site_name\" content=\"LaMennais.org\" \/>\n<meta property=\"article:published_time\" content=\"2025-05-25T06:59:49+00:00\" \/>\n<meta property=\"article:modified_time\" content=\"2025-05-25T14:06:30+00:00\" \/>\n<meta property=\"og:image\" content=\"https:\/\/www.lamennais.org\/wp-content\/uploads\/2025\/05\/slide-8.jpg\" \/>\n\t<meta property=\"og:image:width\" content=\"1300\" \/>\n\t<meta property=\"og:image:height\" content=\"732\" \/>\n\t<meta property=\"og:image:type\" content=\"image\/jpeg\" \/>\n<meta name=\"author\" content=\"Herv\u00e9 Asse\" \/>\n<meta name=\"twitter:card\" content=\"summary_large_image\" \/>\n<meta name=\"twitter:label1\" content=\"Escrito por\" \/>\n\t<meta name=\"twitter:data1\" content=\"Herv\u00e9 Asse\" \/>\n\t<meta name=\"twitter:label2\" content=\"Tiempo de lectura\" \/>\n\t<meta name=\"twitter:data2\" content=\"4 minutos\" \/>\n<script type=\"application\/ld+json\" class=\"yoast-schema-graph\">{\"@context\":\"https:\\\/\\\/schema.org\",\"@graph\":[{\"@type\":\"Article\",\"@id\":\"https:\\\/\\\/www.lamennais.org\\\/es\\\/francia-derval-casa-saint-donatien\\\/#article\",\"isPartOf\":{\"@id\":\"https:\\\/\\\/www.lamennais.org\\\/es\\\/francia-derval-casa-saint-donatien\\\/\"},\"author\":{\"name\":\"Herv\u00e9 Asse\",\"@id\":\"https:\\\/\\\/www.lamennais.org\\\/#\\\/schema\\\/person\\\/2a8d6e8a95babedd5ba1c43afd2e3844\"},\"headline\":\"Francia: Derval \u2013 Casa Saint-Donatien\",\"datePublished\":\"2025-05-25T06:59:49+00:00\",\"dateModified\":\"2025-05-25T14:06:30+00:00\",\"mainEntityOfPage\":{\"@id\":\"https:\\\/\\\/www.lamennais.org\\\/es\\\/francia-derval-casa-saint-donatien\\\/\"},\"wordCount\":489,\"image\":{\"@id\":\"https:\\\/\\\/www.lamennais.org\\\/es\\\/francia-derval-casa-saint-donatien\\\/#primaryimage\"},\"thumbnailUrl\":\"https:\\\/\\\/www.lamennais.org\\\/wp-content\\\/uploads\\\/2025\\\/05\\\/slide-8.jpg\",\"articleSection\":[\"NOTICIAS\"],\"inLanguage\":\"es\"},{\"@type\":\"WebPage\",\"@id\":\"https:\\\/\\\/www.lamennais.org\\\/es\\\/francia-derval-casa-saint-donatien\\\/\",\"url\":\"https:\\\/\\\/www.lamennais.org\\\/es\\\/francia-derval-casa-saint-donatien\\\/\",\"name\":\"Francia: Derval \u2013 Casa Saint-Donatien - LaMennais.org\",\"isPartOf\":{\"@id\":\"https:\\\/\\\/www.lamennais.org\\\/#website\"},\"primaryImageOfPage\":{\"@id\":\"https:\\\/\\\/www.lamennais.org\\\/es\\\/francia-derval-casa-saint-donatien\\\/#primaryimage\"},\"image\":{\"@id\":\"https:\\\/\\\/www.lamennais.org\\\/es\\\/francia-derval-casa-saint-donatien\\\/#primaryimage\"},\"thumbnailUrl\":\"https:\\\/\\\/www.lamennais.org\\\/wp-content\\\/uploads\\\/2025\\\/05\\\/slide-8.jpg\",\"datePublished\":\"2025-05-25T06:59:49+00:00\",\"dateModified\":\"2025-05-25T14:06:30+00:00\",\"author\":{\"@id\":\"https:\\\/\\\/www.lamennais.org\\\/#\\\/schema\\\/person\\\/2a8d6e8a95babedd5ba1c43afd2e3844\"},\"breadcrumb\":{\"@id\":\"https:\\\/\\\/www.lamennais.org\\\/es\\\/francia-derval-casa-saint-donatien\\\/#breadcrumb\"},\"inLanguage\":\"es\",\"potentialAction\":[{\"@type\":\"ReadAction\",\"target\":[\"https:\\\/\\\/www.lamennais.org\\\/es\\\/francia-derval-casa-saint-donatien\\\/\"]}]},{\"@type\":\"ImageObject\",\"inLanguage\":\"es\",\"@id\":\"https:\\\/\\\/www.lamennais.org\\\/es\\\/francia-derval-casa-saint-donatien\\\/#primaryimage\",\"url\":\"https:\\\/\\\/www.lamennais.org\\\/wp-content\\\/uploads\\\/2025\\\/05\\\/slide-8.jpg\",\"contentUrl\":\"https:\\\/\\\/www.lamennais.org\\\/wp-content\\\/uploads\\\/2025\\\/05\\\/slide-8.jpg\",\"width\":1300,\"height\":732},{\"@type\":\"BreadcrumbList\",\"@id\":\"https:\\\/\\\/www.lamennais.org\\\/es\\\/francia-derval-casa-saint-donatien\\\/#breadcrumb\",\"itemListElement\":[{\"@type\":\"ListItem\",\"position\":1,\"name\":\"Accueil\",\"item\":\"https:\\\/\\\/www.lamennais.org\\\/\"},{\"@type\":\"ListItem\",\"position\":2,\"name\":\"Francia: Derval \u2013 Casa Saint-Donatien\"}]},{\"@type\":\"WebSite\",\"@id\":\"https:\\\/\\\/www.lamennais.org\\\/#website\",\"url\":\"https:\\\/\\\/www.lamennais.org\\\/\",\"name\":\"LaMennais.org\",\"description\":\"Fr\u00e8res de l&#039;Instruction Chr\u00e9tienne et Famille Mennaisienne\",\"potentialAction\":[{\"@type\":\"SearchAction\",\"target\":{\"@type\":\"EntryPoint\",\"urlTemplate\":\"https:\\\/\\\/www.lamennais.org\\\/?s={search_term_string}\"},\"query-input\":{\"@type\":\"PropertyValueSpecification\",\"valueRequired\":true,\"valueName\":\"search_term_string\"}}],\"inLanguage\":\"es\"},{\"@type\":\"Person\",\"@id\":\"https:\\\/\\\/www.lamennais.org\\\/#\\\/schema\\\/person\\\/2a8d6e8a95babedd5ba1c43afd2e3844\",\"name\":\"Herv\u00e9 Asse\",\"image\":{\"@type\":\"ImageObject\",\"inLanguage\":\"es\",\"@id\":\"https:\\\/\\\/secure.gravatar.com\\\/avatar\\\/1aaa7b1baf759c8b40525f40af381cbaa2b0ddd554f57145bceb0654ba45b4c0?s=96&d=mm&r=g\",\"url\":\"https:\\\/\\\/secure.gravatar.com\\\/avatar\\\/1aaa7b1baf759c8b40525f40af381cbaa2b0ddd554f57145bceb0654ba45b4c0?s=96&d=mm&r=g\",\"contentUrl\":\"https:\\\/\\\/secure.gravatar.com\\\/avatar\\\/1aaa7b1baf759c8b40525f40af381cbaa2b0ddd554f57145bceb0654ba45b4c0?s=96&d=mm&r=g\",\"caption\":\"Herv\u00e9 Asse\"}}]}<\/script>\n<!-- \/ Yoast SEO plugin. -->","yoast_head_json":{"title":"Francia: Derval \u2013 Casa Saint-Donatien - LaMennais.org","robots":{"index":"index","follow":"follow","max-snippet":"max-snippet:-1","max-image-preview":"max-image-preview:large","max-video-preview":"max-video-preview:-1"},"canonical":"https:\/\/www.lamennais.org\/es\/francia-derval-casa-saint-donatien\/","og_locale":"es_ES","og_type":"article","og_title":"Francia: Derval \u2013 Casa Saint-Donatien - LaMennais.org","og_description":"Con motivo de la restauraci\u00f3n de la piscina situada frente al castillo de Saint-Donatien en Derval, el Hermano Bernard Bourigault, responsable del centro de acogida \u201cSaint-Donatien\u201d, nos presenta en qu\u00e9 se ha convertido hoy. Y antes que nada un poco de historia\u2026. Hace poco m\u00e1s de 70 a\u00f1os, los Hermanos de Plo\u00ebrmel adquirieron esta propiedad [&hellip;]","og_url":"https:\/\/www.lamennais.org\/es\/francia-derval-casa-saint-donatien\/","og_site_name":"LaMennais.org","article_published_time":"2025-05-25T06:59:49+00:00","article_modified_time":"2025-05-25T14:06:30+00:00","og_image":[{"width":1300,"height":732,"url":"https:\/\/www.lamennais.org\/wp-content\/uploads\/2025\/05\/slide-8.jpg","type":"image\/jpeg"}],"author":"Herv\u00e9 Asse","twitter_card":"summary_large_image","twitter_misc":{"Escrito por":"Herv\u00e9 Asse","Tiempo de lectura":"4 minutos"},"schema":{"@context":"https:\/\/schema.org","@graph":[{"@type":"Article","@id":"https:\/\/www.lamennais.org\/es\/francia-derval-casa-saint-donatien\/#article","isPartOf":{"@id":"https:\/\/www.lamennais.org\/es\/francia-derval-casa-saint-donatien\/"},"author":{"name":"Herv\u00e9 Asse","@id":"https:\/\/www.lamennais.org\/#\/schema\/person\/2a8d6e8a95babedd5ba1c43afd2e3844"},"headline":"Francia: Derval \u2013 Casa Saint-Donatien","datePublished":"2025-05-25T06:59:49+00:00","dateModified":"2025-05-25T14:06:30+00:00","mainEntityOfPage":{"@id":"https:\/\/www.lamennais.org\/es\/francia-derval-casa-saint-donatien\/"},"wordCount":489,"image":{"@id":"https:\/\/www.lamennais.org\/es\/francia-derval-casa-saint-donatien\/#primaryimage"},"thumbnailUrl":"https:\/\/www.lamennais.org\/wp-content\/uploads\/2025\/05\/slide-8.jpg","articleSection":["NOTICIAS"],"inLanguage":"es"},{"@type":"WebPage","@id":"https:\/\/www.lamennais.org\/es\/francia-derval-casa-saint-donatien\/","url":"https:\/\/www.lamennais.org\/es\/francia-derval-casa-saint-donatien\/","name":"Francia: Derval \u2013 Casa Saint-Donatien - LaMennais.org","isPartOf":{"@id":"https:\/\/www.lamennais.org\/#website"},"primaryImageOfPage":{"@id":"https:\/\/www.lamennais.org\/es\/francia-derval-casa-saint-donatien\/#primaryimage"},"image":{"@id":"https:\/\/www.lamennais.org\/es\/francia-derval-casa-saint-donatien\/#primaryimage"},"thumbnailUrl":"https:\/\/www.lamennais.org\/wp-content\/uploads\/2025\/05\/slide-8.jpg","datePublished":"2025-05-25T06:59:49+00:00","dateModified":"2025-05-25T14:06:30+00:00","author":{"@id":"https:\/\/www.lamennais.org\/#\/schema\/person\/2a8d6e8a95babedd5ba1c43afd2e3844"},"breadcrumb":{"@id":"https:\/\/www.lamennais.org\/es\/francia-derval-casa-saint-donatien\/#breadcrumb"},"inLanguage":"es","potentialAction":[{"@type":"ReadAction","target":["https:\/\/www.lamennais.org\/es\/francia-derval-casa-saint-donatien\/"]}]},{"@type":"ImageObject","inLanguage":"es","@id":"https:\/\/www.lamennais.org\/es\/francia-derval-casa-saint-donatien\/#primaryimage","url":"https:\/\/www.lamennais.org\/wp-content\/uploads\/2025\/05\/slide-8.jpg","contentUrl":"https:\/\/www.lamennais.org\/wp-content\/uploads\/2025\/05\/slide-8.jpg","width":1300,"height":732},{"@type":"BreadcrumbList","@id":"https:\/\/www.lamennais.org\/es\/francia-derval-casa-saint-donatien\/#breadcrumb","itemListElement":[{"@type":"ListItem","position":1,"name":"Accueil","item":"https:\/\/www.lamennais.org\/"},{"@type":"ListItem","position":2,"name":"Francia: Derval \u2013 Casa Saint-Donatien"}]},{"@type":"WebSite","@id":"https:\/\/www.lamennais.org\/#website","url":"https:\/\/www.lamennais.org\/","name":"LaMennais.org","description":"Fr\u00e8res de l&#039;Instruction Chr\u00e9tienne et Famille Mennaisienne","potentialAction":[{"@type":"SearchAction","target":{"@type":"EntryPoint","urlTemplate":"https:\/\/www.lamennais.org\/?s={search_term_string}"},"query-input":{"@type":"PropertyValueSpecification","valueRequired":true,"valueName":"search_term_string"}}],"inLanguage":"es"},{"@type":"Person","@id":"https:\/\/www.lamennais.org\/#\/schema\/person\/2a8d6e8a95babedd5ba1c43afd2e3844","name":"Herv\u00e9 Asse","image":{"@type":"ImageObject","inLanguage":"es","@id":"https:\/\/secure.gravatar.com\/avatar\/1aaa7b1baf759c8b40525f40af381cbaa2b0ddd554f57145bceb0654ba45b4c0?s=96&d=mm&r=g","url":"https:\/\/secure.gravatar.com\/avatar\/1aaa7b1baf759c8b40525f40af381cbaa2b0ddd554f57145bceb0654ba45b4c0?s=96&d=mm&r=g","contentUrl":"https:\/\/secure.gravatar.com\/avatar\/1aaa7b1baf759c8b40525f40af381cbaa2b0ddd554f57145bceb0654ba45b4c0?s=96&d=mm&r=g","caption":"Herv\u00e9 Asse"}}]}},"_links":{"self":[{"href":"https:\/\/www.lamennais.org\/es\/wp-json\/wp\/v2\/posts\/46147","targetHints":{"allow":["GET"]}}],"collection":[{"href":"https:\/\/www.lamennais.org\/es\/wp-json\/wp\/v2\/posts"}],"about":[{"href":"https:\/\/www.lamennais.org\/es\/wp-json\/wp\/v2\/types\/post"}],"author":[{"embeddable":true,"href":"https:\/\/www.lamennais.org\/es\/wp-json\/wp\/v2\/users\/3"}],"replies":[{"embeddable":true,"href":"https:\/\/www.lamennais.org\/es\/wp-json\/wp\/v2\/comments?post=46147"}],"version-history":[{"count":1,"href":"https:\/\/www.lamennais.org\/es\/wp-json\/wp\/v2\/posts\/46147\/revisions"}],"predecessor-version":[{"id":46148,"href":"https:\/\/www.lamennais.org\/es\/wp-json\/wp\/v2\/posts\/46147\/revisions\/46148"}],"wp:featuredmedia":[{"embeddable":true,"href":"https:\/\/www.lamennais.org\/es\/wp-json\/wp\/v2\/media\/46128"}],"wp:attachment":[{"href":"https:\/\/www.lamennais.org\/es\/wp-json\/wp\/v2\/media?parent=46147"}],"wp:term":[{"taxonomy":"category","embeddable":true,"href":"https:\/\/www.lamennais.org\/es\/wp-json\/wp\/v2\/categories?post=46147"},{"taxonomy":"post_tag","embeddable":true,"href":"https:\/\/www.lamennais.org\/es\/wp-json\/wp\/v2\/tags?post=46147"}],"curies":[{"name":"wp","href":"https:\/\/api.w.org\/{rel}","templated":true}]}}