{"id":46110,"date":"2025-05-24T09:17:10","date_gmt":"2025-05-24T07:17:10","guid":{"rendered":"https:\/\/www.lamennais.org\/?p=46110"},"modified":"2025-05-25T16:03:05","modified_gmt":"2025-05-25T14:03:05","slug":"haiti-la-vallee-de-jacmel-bientot-cent-ans-pour-lecole-leonce-megie","status":"publish","type":"post","link":"https:\/\/www.lamennais.org\/es\/haiti-la-vallee-de-jacmel-bientot-cent-ans-pour-lecole-leonce-megie\/","title":{"rendered":"Hait\u00ed: Valle de Jacmel: La escuela L\u00e9once M\u00e9gie pronto cumplir\u00e1 cien a\u00f1os"},"content":{"rendered":"<p>Fundada en 1926, la <strong><em>Escuela L\u00e9once M\u00e9gie<\/em><\/strong> se ha consolidado a lo largo de las d\u00e9cadas como un pilar educativo esencial en el coraz\u00f3n de la comunidad del valle. Entre sus antiguos alumnos, la instituci\u00f3n puede jactarse de haber formado personalidades eminentes, como el <strong><em>Cardenal Chibly Langlois,<\/em><\/strong> figura emblem\u00e1tica y digno hijo de La Vall\u00e9e.<\/p>\n<p><img fetchpriority=\"high\" decoding=\"async\" class=\"size-large wp-image-46094 aligncenter\" src=\"https:\/\/www.lamennais.org\/wp-content\/uploads\/2025\/05\/PHOTO-2025-05-23-16-12-29-2-1024x768.jpg\" alt=\"\" width=\"860\" height=\"645\" srcset=\"https:\/\/www.lamennais.org\/wp-content\/uploads\/2025\/05\/PHOTO-2025-05-23-16-12-29-2-1024x768.jpg 1024w, https:\/\/www.lamennais.org\/wp-content\/uploads\/2025\/05\/PHOTO-2025-05-23-16-12-29-2-300x225.jpg 300w, https:\/\/www.lamennais.org\/wp-content\/uploads\/2025\/05\/PHOTO-2025-05-23-16-12-29-2-768x576.jpg 768w, https:\/\/www.lamennais.org\/wp-content\/uploads\/2025\/05\/PHOTO-2025-05-23-16-12-29-2-260x195.jpg 260w, https:\/\/www.lamennais.org\/wp-content\/uploads\/2025\/05\/PHOTO-2025-05-23-16-12-29-2.jpg 1080w\" sizes=\"(max-width: 860px) 100vw, 860px\" \/><\/p>\n<p>El martes 13 de mayo de 2025, la Iglesia San Juan Bautista de La Vall\u00e9e de Jacmel acogi\u00f3 la misa solemne que marc\u00f3 el lanzamiento oficial de las festividades del centenario de la Escuela L\u00e9once M\u00e9gie. Una ceremonia grandiosa en un templo repleto, donde se reunieron religiosos y religiosas, autoridades, personalidades, padres de familia, docentes, estudiantes y delegaciones estudiantiles, para honrar 99 a\u00f1os de inquebrantable compromiso educativo, con la mirada ya puesta en el centenario.<\/p>\n<p>Cuatro figuras destacadas en el punto de mira<\/p>\n<p>A lo largo de este a\u00f1o jubilar se homenajear\u00e1 a cuatro personalidades que han marcado la historia de la instituci\u00f3n:<\/p>\n<p><strong><em>Reverendo Padre L\u00e9on Bonnaud<\/em><\/strong><\/p>\n<p><em><strong><img decoding=\"async\" class=\"size-full wp-image-46088 aligncenter\" src=\"https:\/\/www.lamennais.org\/wp-content\/uploads\/2025\/05\/IMG_4960.jpg\" alt=\"\" width=\"960\" height=\"720\" srcset=\"https:\/\/www.lamennais.org\/wp-content\/uploads\/2025\/05\/IMG_4960.jpg 960w, https:\/\/www.lamennais.org\/wp-content\/uploads\/2025\/05\/IMG_4960-300x225.jpg 300w, https:\/\/www.lamennais.org\/wp-content\/uploads\/2025\/05\/IMG_4960-768x576.jpg 768w, https:\/\/www.lamennais.org\/wp-content\/uploads\/2025\/05\/IMG_4960-260x195.jpg 260w\" sizes=\"(max-width: 960px) 100vw, 960px\" \/><br \/>\n<\/strong><\/em><\/p>\n<p>El actual director, el <strong>Hermano Lamy Dessalines<\/strong>, recuerda que la Escuela L\u00e9once M\u00e9gie nunca habr\u00eda visto la luz sin la determinaci\u00f3n del Padre L\u00e9on Bonnaud, sacerdote fundador de la parroquia Saint Jean Baptiste (1910). Visionario, se comprometi\u00f3 a proporcionar a la comunidad una escuela p\u00fablica que m\u00e1s tarde se convertir\u00eda en la Escuela L\u00e9once M\u00e9gie. Por ello, realiz\u00f3 todas las gestiones necesarias ante las autoridades estatales, colocando as\u00ed las primeras piedras de este verdadero monumento a la educaci\u00f3n en La Vall\u00e9e.<\/p>\n<p><img decoding=\"async\" class=\"alignleft size-full wp-image-46082\" src=\"https:\/\/www.lamennais.org\/wp-content\/uploads\/2025\/05\/IMG_4956.jpg\" alt=\"\" width=\"960\" height=\"720\" srcset=\"https:\/\/www.lamennais.org\/wp-content\/uploads\/2025\/05\/IMG_4956.jpg 960w, https:\/\/www.lamennais.org\/wp-content\/uploads\/2025\/05\/IMG_4956-300x225.jpg 300w, https:\/\/www.lamennais.org\/wp-content\/uploads\/2025\/05\/IMG_4956-768x576.jpg 768w, https:\/\/www.lamennais.org\/wp-content\/uploads\/2025\/05\/IMG_4956-260x195.jpg 260w\" sizes=\"(max-width: 960px) 100vw, 960px\" \/><\/p>\n<p><strong><em>L\u00e9once M\u00e9gie<\/em><\/strong><\/p>\n<p>El apoyo incondicional del Padre Bonnaud en sus esfuerzos y el Sr. L\u00e9once M\u00e9gie, entonces diputado por Jacmel, desempe\u00f1aron un papel decisivo en el \u00e9xito de este ambicioso proyecto. Su compromiso desinteresado y su lealtad le valieron este honor: la escuela ahora lleva su nombre como testimonio de su importante contribuci\u00f3n.<\/p>\n<p><strong><em>Hermano G\u00e9r\u00f4me \u00c9milien<\/em><\/strong><\/p>\n<p>El primer director de la ELM, el Hermano G\u00e9r\u00f4me \u00c9milien, estaba solo a cargo cuando se abri\u00f3 la escuela. Un aut\u00e9ntico hombre orquesta, que combinaba los papeles de director, profesor, jardinero, carpintero, alba\u00f1il y cocinero. Entre sus antiguos alumnos se encuentra el difunto profesor L\u00e9on Franck, prueba de la huella duradera de su compromiso.<\/p>\n<p><em><strong>El d\u00fao Laroche (Arthur y Granville)<\/strong><\/em><\/p>\n<p>J\u00f3venes, apasionados y con ganas de servir a su comunidad, los Hermanos Arthur y Granville Laroche fueron los primeros profesores de la instituci\u00f3n, apoyando al hermano G\u00e9r\u00f4me en esta noble misi\u00f3n. Juntos, sentaron las bases del edificio intelectual del Valle, un legado del que la comunidad todav\u00eda est\u00e1 orgullosa hoy.<\/p>\n<p><img loading=\"lazy\" decoding=\"async\" class=\"size-full wp-image-46079 aligncenter\" src=\"https:\/\/www.lamennais.org\/wp-content\/uploads\/2025\/05\/IMG_4954.jpg\" alt=\"\" width=\"960\" height=\"720\" srcset=\"https:\/\/www.lamennais.org\/wp-content\/uploads\/2025\/05\/IMG_4954.jpg 960w, https:\/\/www.lamennais.org\/wp-content\/uploads\/2025\/05\/IMG_4954-300x225.jpg 300w, https:\/\/www.lamennais.org\/wp-content\/uploads\/2025\/05\/IMG_4954-768x576.jpg 768w, https:\/\/www.lamennais.org\/wp-content\/uploads\/2025\/05\/IMG_4954-260x195.jpg 260w\" sizes=\"(max-width: 960px) 100vw, 960px\" \/><\/p>\n<p>Esta celebraci\u00f3n fue tambi\u00e9n la oportunidad de saludar a los actuales sacerdotes de la Parroquia San Juan Bautista, los<strong><em> Reverendos Padres Simon Fran\u00e7ois y Jacob Maxi, <\/em><\/strong>quienes perpet\u00faan la obra del Padre Bonnaud con un compromiso inquebrantable. Tambi\u00e9n fue homenajeado <strong><em>Monse\u00f1or Sauveur Content<\/em><\/strong>, antiguo alumno de la Escuela L\u00e9once M\u00e9gie y cocelebrante, as\u00ed como la alcaldesa de la ciudad, <strong><em>Se\u00f1ora Marie Yolaine Philippeaux.<\/em><\/strong><\/p>\n<p>El evento reconoci\u00f3 la dedicaci\u00f3n de los Hermanos Misioneros, del <strong><em>Ingeniero Fran\u00e7ois Laroche<\/em><\/strong>, sobrino de los Profesores Arthur y Granville, as\u00ed como la de los cuarenta y cinco profesores de la Escuela L\u00e9once M\u00e9gie y de la Escuela T\u00e9cnica Hermano Andr\u00e9 Guimond (ETFAG).<\/p>\n<p><strong><u>Un evento doble<\/u><\/strong><\/p>\n<p><img loading=\"lazy\" decoding=\"async\" class=\"size-large wp-image-46102 aligncenter\" src=\"https:\/\/www.lamennais.org\/wp-content\/uploads\/2025\/05\/007-Batiments-1024x768.jpg\" alt=\"\" width=\"860\" height=\"645\" srcset=\"https:\/\/www.lamennais.org\/wp-content\/uploads\/2025\/05\/007-Batiments-1024x768.jpg 1024w, https:\/\/www.lamennais.org\/wp-content\/uploads\/2025\/05\/007-Batiments-300x225.jpg 300w, https:\/\/www.lamennais.org\/wp-content\/uploads\/2025\/05\/007-Batiments-768x576.jpg 768w, https:\/\/www.lamennais.org\/wp-content\/uploads\/2025\/05\/007-Batiments-1536x1152.jpg 1536w, https:\/\/www.lamennais.org\/wp-content\/uploads\/2025\/05\/007-Batiments-260x195.jpg 260w, https:\/\/www.lamennais.org\/wp-content\/uploads\/2025\/05\/007-Batiments.jpg 1600w\" sizes=\"(max-width: 860px) 100vw, 860px\" \/><\/p>\n<p>De hecho, <strong>ETFAG tambi\u00e9n celebr\u00f3 su duod\u00e9cimo aniversario durante esta ceremonia.<\/strong> Esta escuela vocacional, pilar de la formaci\u00f3n t\u00e9cnica de la comunidad del Valle, ofrece cada a\u00f1o educaci\u00f3n de calidad a decenas de j\u00f3venes que buscan un futuro prometedor.<\/p>\n<p>1926-2026: pronto <strong>un siglo de excelencia para la Escuela L\u00e9once M\u00e9gie.<\/strong> A medida que se intensifican los preparativos, muchos esperan poder participar en este grandioso evento. Esperemos que la situaci\u00f3n actual de Hait\u00ed no les prive de la oportunidad de volver a visitar esta alma mater que, sin duda, les ha dejado tanto orgullo y recuerdos inolvidables.<\/p>\n<p>Que las pr\u00f3ximas festividades reaviven la llama de la excelencia educativa en La Vall\u00e9e, inspiren a las generaciones futuras y consoliden el estatus de la escuela como faro de conocimiento y solidaridad.<\/p>\n<p>Nos vemos en mayo de 2026 para celebrar juntos un siglo de grandeza educativa y orgullo compartido.<\/p>\n<p><em>Art\u00edculo de Berthony Boursiquot, antiguo alumno de L\u00e9once M\u00e9gie<\/em>.<\/p>\n","protected":false},"excerpt":{"rendered":"<p>Fundada en 1926, la Escuela L\u00e9once M\u00e9gie se ha consolidado a lo largo de las d\u00e9cadas como un pilar educativo esencial en el coraz\u00f3n de la comunidad del valle. Entre sus antiguos alumnos, la instituci\u00f3n puede jactarse de haber formado personalidades eminentes, como el Cardenal Chibly Langlois, figura emblem\u00e1tica y digno hijo de La Vall\u00e9e. [&hellip;]<\/p>\n","protected":false},"author":3,"featured_media":46078,"comment_status":"closed","ping_status":"closed","sticky":false,"template":"","format":"standard","meta":{"footnotes":""},"categories":[105],"tags":[],"class_list":["post-46110","post","type-post","status-publish","format-standard","has-post-thumbnail","hentry","category-noticias"],"yoast_head":"<!-- This site is optimized with the Yoast SEO plugin v27.5 - https:\/\/yoast.com\/product\/yoast-seo-wordpress\/ -->\n<title>Hait\u00ed: Valle de Jacmel: La escuela L\u00e9once M\u00e9gie pronto cumplir\u00e1 cien a\u00f1os - LaMennais.org<\/title>\n<meta name=\"robots\" content=\"index, follow, max-snippet:-1, max-image-preview:large, max-video-preview:-1\" \/>\n<link rel=\"canonical\" href=\"https:\/\/www.lamennais.org\/es\/haiti-la-vallee-de-jacmel-bientot-cent-ans-pour-lecole-leonce-megie\/\" \/>\n<meta property=\"og:locale\" content=\"es_ES\" \/>\n<meta property=\"og:type\" content=\"article\" \/>\n<meta property=\"og:title\" content=\"Hait\u00ed: Valle de Jacmel: La escuela L\u00e9once M\u00e9gie pronto cumplir\u00e1 cien a\u00f1os - LaMennais.org\" \/>\n<meta property=\"og:description\" content=\"Fundada en 1926, la Escuela L\u00e9once M\u00e9gie se ha consolidado a lo largo de las d\u00e9cadas como un pilar educativo esencial en el coraz\u00f3n de la comunidad del valle. Entre sus antiguos alumnos, la instituci\u00f3n puede jactarse de haber formado personalidades eminentes, como el Cardenal Chibly Langlois, figura emblem\u00e1tica y digno hijo de La Vall\u00e9e. [&hellip;]\" \/>\n<meta property=\"og:url\" content=\"https:\/\/www.lamennais.org\/es\/haiti-la-vallee-de-jacmel-bientot-cent-ans-pour-lecole-leonce-megie\/\" \/>\n<meta property=\"og:site_name\" content=\"LaMennais.org\" \/>\n<meta property=\"article:published_time\" content=\"2025-05-24T07:17:10+00:00\" \/>\n<meta property=\"article:modified_time\" content=\"2025-05-25T14:03:05+00:00\" \/>\n<meta property=\"og:image\" content=\"https:\/\/www.lamennais.org\/wp-content\/uploads\/2025\/05\/slide-7.jpg\" \/>\n\t<meta property=\"og:image:width\" content=\"1200\" \/>\n\t<meta property=\"og:image:height\" content=\"596\" \/>\n\t<meta property=\"og:image:type\" content=\"image\/jpeg\" \/>\n<meta name=\"author\" content=\"Herv\u00e9 Asse\" \/>\n<meta name=\"twitter:card\" content=\"summary_large_image\" \/>\n<meta name=\"twitter:label1\" content=\"Escrito por\" \/>\n\t<meta name=\"twitter:data1\" content=\"Herv\u00e9 Asse\" \/>\n\t<meta name=\"twitter:label2\" content=\"Tiempo de lectura\" \/>\n\t<meta name=\"twitter:data2\" content=\"5 minutos\" \/>\n<script type=\"application\/ld+json\" class=\"yoast-schema-graph\">{\"@context\":\"https:\\\/\\\/schema.org\",\"@graph\":[{\"@type\":\"Article\",\"@id\":\"https:\\\/\\\/www.lamennais.org\\\/es\\\/haiti-la-vallee-de-jacmel-bientot-cent-ans-pour-lecole-leonce-megie\\\/#article\",\"isPartOf\":{\"@id\":\"https:\\\/\\\/www.lamennais.org\\\/es\\\/haiti-la-vallee-de-jacmel-bientot-cent-ans-pour-lecole-leonce-megie\\\/\"},\"author\":{\"name\":\"Herv\u00e9 Asse\",\"@id\":\"https:\\\/\\\/www.lamennais.org\\\/#\\\/schema\\\/person\\\/2a8d6e8a95babedd5ba1c43afd2e3844\"},\"headline\":\"Hait\u00ed: Valle de Jacmel: La escuela L\u00e9once M\u00e9gie pronto cumplir\u00e1 cien a\u00f1os\",\"datePublished\":\"2025-05-24T07:17:10+00:00\",\"dateModified\":\"2025-05-25T14:03:05+00:00\",\"mainEntityOfPage\":{\"@id\":\"https:\\\/\\\/www.lamennais.org\\\/es\\\/haiti-la-vallee-de-jacmel-bientot-cent-ans-pour-lecole-leonce-megie\\\/\"},\"wordCount\":756,\"image\":{\"@id\":\"https:\\\/\\\/www.lamennais.org\\\/es\\\/haiti-la-vallee-de-jacmel-bientot-cent-ans-pour-lecole-leonce-megie\\\/#primaryimage\"},\"thumbnailUrl\":\"https:\\\/\\\/www.lamennais.org\\\/wp-content\\\/uploads\\\/2025\\\/05\\\/slide-7.jpg\",\"articleSection\":[\"NOTICIAS\"],\"inLanguage\":\"es\"},{\"@type\":\"WebPage\",\"@id\":\"https:\\\/\\\/www.lamennais.org\\\/es\\\/haiti-la-vallee-de-jacmel-bientot-cent-ans-pour-lecole-leonce-megie\\\/\",\"url\":\"https:\\\/\\\/www.lamennais.org\\\/es\\\/haiti-la-vallee-de-jacmel-bientot-cent-ans-pour-lecole-leonce-megie\\\/\",\"name\":\"Hait\u00ed: Valle de Jacmel: La escuela L\u00e9once M\u00e9gie pronto cumplir\u00e1 cien a\u00f1os - LaMennais.org\",\"isPartOf\":{\"@id\":\"https:\\\/\\\/www.lamennais.org\\\/#website\"},\"primaryImageOfPage\":{\"@id\":\"https:\\\/\\\/www.lamennais.org\\\/es\\\/haiti-la-vallee-de-jacmel-bientot-cent-ans-pour-lecole-leonce-megie\\\/#primaryimage\"},\"image\":{\"@id\":\"https:\\\/\\\/www.lamennais.org\\\/es\\\/haiti-la-vallee-de-jacmel-bientot-cent-ans-pour-lecole-leonce-megie\\\/#primaryimage\"},\"thumbnailUrl\":\"https:\\\/\\\/www.lamennais.org\\\/wp-content\\\/uploads\\\/2025\\\/05\\\/slide-7.jpg\",\"datePublished\":\"2025-05-24T07:17:10+00:00\",\"dateModified\":\"2025-05-25T14:03:05+00:00\",\"author\":{\"@id\":\"https:\\\/\\\/www.lamennais.org\\\/#\\\/schema\\\/person\\\/2a8d6e8a95babedd5ba1c43afd2e3844\"},\"breadcrumb\":{\"@id\":\"https:\\\/\\\/www.lamennais.org\\\/es\\\/haiti-la-vallee-de-jacmel-bientot-cent-ans-pour-lecole-leonce-megie\\\/#breadcrumb\"},\"inLanguage\":\"es\",\"potentialAction\":[{\"@type\":\"ReadAction\",\"target\":[\"https:\\\/\\\/www.lamennais.org\\\/es\\\/haiti-la-vallee-de-jacmel-bientot-cent-ans-pour-lecole-leonce-megie\\\/\"]}]},{\"@type\":\"ImageObject\",\"inLanguage\":\"es\",\"@id\":\"https:\\\/\\\/www.lamennais.org\\\/es\\\/haiti-la-vallee-de-jacmel-bientot-cent-ans-pour-lecole-leonce-megie\\\/#primaryimage\",\"url\":\"https:\\\/\\\/www.lamennais.org\\\/wp-content\\\/uploads\\\/2025\\\/05\\\/slide-7.jpg\",\"contentUrl\":\"https:\\\/\\\/www.lamennais.org\\\/wp-content\\\/uploads\\\/2025\\\/05\\\/slide-7.jpg\",\"width\":1200,\"height\":596},{\"@type\":\"BreadcrumbList\",\"@id\":\"https:\\\/\\\/www.lamennais.org\\\/es\\\/haiti-la-vallee-de-jacmel-bientot-cent-ans-pour-lecole-leonce-megie\\\/#breadcrumb\",\"itemListElement\":[{\"@type\":\"ListItem\",\"position\":1,\"name\":\"Accueil\",\"item\":\"https:\\\/\\\/www.lamennais.org\\\/\"},{\"@type\":\"ListItem\",\"position\":2,\"name\":\"Hait\u00ed: Valle de Jacmel: La escuela L\u00e9once M\u00e9gie pronto cumplir\u00e1 cien a\u00f1os\"}]},{\"@type\":\"WebSite\",\"@id\":\"https:\\\/\\\/www.lamennais.org\\\/#website\",\"url\":\"https:\\\/\\\/www.lamennais.org\\\/\",\"name\":\"LaMennais.org\",\"description\":\"Fr\u00e8res de l&#039;Instruction Chr\u00e9tienne et Famille Mennaisienne\",\"potentialAction\":[{\"@type\":\"SearchAction\",\"target\":{\"@type\":\"EntryPoint\",\"urlTemplate\":\"https:\\\/\\\/www.lamennais.org\\\/?s={search_term_string}\"},\"query-input\":{\"@type\":\"PropertyValueSpecification\",\"valueRequired\":true,\"valueName\":\"search_term_string\"}}],\"inLanguage\":\"es\"},{\"@type\":\"Person\",\"@id\":\"https:\\\/\\\/www.lamennais.org\\\/#\\\/schema\\\/person\\\/2a8d6e8a95babedd5ba1c43afd2e3844\",\"name\":\"Herv\u00e9 Asse\",\"image\":{\"@type\":\"ImageObject\",\"inLanguage\":\"es\",\"@id\":\"https:\\\/\\\/secure.gravatar.com\\\/avatar\\\/1aaa7b1baf759c8b40525f40af381cbaa2b0ddd554f57145bceb0654ba45b4c0?s=96&d=mm&r=g\",\"url\":\"https:\\\/\\\/secure.gravatar.com\\\/avatar\\\/1aaa7b1baf759c8b40525f40af381cbaa2b0ddd554f57145bceb0654ba45b4c0?s=96&d=mm&r=g\",\"contentUrl\":\"https:\\\/\\\/secure.gravatar.com\\\/avatar\\\/1aaa7b1baf759c8b40525f40af381cbaa2b0ddd554f57145bceb0654ba45b4c0?s=96&d=mm&r=g\",\"caption\":\"Herv\u00e9 Asse\"}}]}<\/script>\n<!-- \/ Yoast SEO plugin. -->","yoast_head_json":{"title":"Hait\u00ed: Valle de Jacmel: La escuela L\u00e9once M\u00e9gie pronto cumplir\u00e1 cien a\u00f1os - LaMennais.org","robots":{"index":"index","follow":"follow","max-snippet":"max-snippet:-1","max-image-preview":"max-image-preview:large","max-video-preview":"max-video-preview:-1"},"canonical":"https:\/\/www.lamennais.org\/es\/haiti-la-vallee-de-jacmel-bientot-cent-ans-pour-lecole-leonce-megie\/","og_locale":"es_ES","og_type":"article","og_title":"Hait\u00ed: Valle de Jacmel: La escuela L\u00e9once M\u00e9gie pronto cumplir\u00e1 cien a\u00f1os - LaMennais.org","og_description":"Fundada en 1926, la Escuela L\u00e9once M\u00e9gie se ha consolidado a lo largo de las d\u00e9cadas como un pilar educativo esencial en el coraz\u00f3n de la comunidad del valle. Entre sus antiguos alumnos, la instituci\u00f3n puede jactarse de haber formado personalidades eminentes, como el Cardenal Chibly Langlois, figura emblem\u00e1tica y digno hijo de La Vall\u00e9e. [&hellip;]","og_url":"https:\/\/www.lamennais.org\/es\/haiti-la-vallee-de-jacmel-bientot-cent-ans-pour-lecole-leonce-megie\/","og_site_name":"LaMennais.org","article_published_time":"2025-05-24T07:17:10+00:00","article_modified_time":"2025-05-25T14:03:05+00:00","og_image":[{"width":1200,"height":596,"url":"https:\/\/www.lamennais.org\/wp-content\/uploads\/2025\/05\/slide-7.jpg","type":"image\/jpeg"}],"author":"Herv\u00e9 Asse","twitter_card":"summary_large_image","twitter_misc":{"Escrito por":"Herv\u00e9 Asse","Tiempo de lectura":"5 minutos"},"schema":{"@context":"https:\/\/schema.org","@graph":[{"@type":"Article","@id":"https:\/\/www.lamennais.org\/es\/haiti-la-vallee-de-jacmel-bientot-cent-ans-pour-lecole-leonce-megie\/#article","isPartOf":{"@id":"https:\/\/www.lamennais.org\/es\/haiti-la-vallee-de-jacmel-bientot-cent-ans-pour-lecole-leonce-megie\/"},"author":{"name":"Herv\u00e9 Asse","@id":"https:\/\/www.lamennais.org\/#\/schema\/person\/2a8d6e8a95babedd5ba1c43afd2e3844"},"headline":"Hait\u00ed: Valle de Jacmel: La escuela L\u00e9once M\u00e9gie pronto cumplir\u00e1 cien a\u00f1os","datePublished":"2025-05-24T07:17:10+00:00","dateModified":"2025-05-25T14:03:05+00:00","mainEntityOfPage":{"@id":"https:\/\/www.lamennais.org\/es\/haiti-la-vallee-de-jacmel-bientot-cent-ans-pour-lecole-leonce-megie\/"},"wordCount":756,"image":{"@id":"https:\/\/www.lamennais.org\/es\/haiti-la-vallee-de-jacmel-bientot-cent-ans-pour-lecole-leonce-megie\/#primaryimage"},"thumbnailUrl":"https:\/\/www.lamennais.org\/wp-content\/uploads\/2025\/05\/slide-7.jpg","articleSection":["NOTICIAS"],"inLanguage":"es"},{"@type":"WebPage","@id":"https:\/\/www.lamennais.org\/es\/haiti-la-vallee-de-jacmel-bientot-cent-ans-pour-lecole-leonce-megie\/","url":"https:\/\/www.lamennais.org\/es\/haiti-la-vallee-de-jacmel-bientot-cent-ans-pour-lecole-leonce-megie\/","name":"Hait\u00ed: Valle de Jacmel: La escuela L\u00e9once M\u00e9gie pronto cumplir\u00e1 cien a\u00f1os - LaMennais.org","isPartOf":{"@id":"https:\/\/www.lamennais.org\/#website"},"primaryImageOfPage":{"@id":"https:\/\/www.lamennais.org\/es\/haiti-la-vallee-de-jacmel-bientot-cent-ans-pour-lecole-leonce-megie\/#primaryimage"},"image":{"@id":"https:\/\/www.lamennais.org\/es\/haiti-la-vallee-de-jacmel-bientot-cent-ans-pour-lecole-leonce-megie\/#primaryimage"},"thumbnailUrl":"https:\/\/www.lamennais.org\/wp-content\/uploads\/2025\/05\/slide-7.jpg","datePublished":"2025-05-24T07:17:10+00:00","dateModified":"2025-05-25T14:03:05+00:00","author":{"@id":"https:\/\/www.lamennais.org\/#\/schema\/person\/2a8d6e8a95babedd5ba1c43afd2e3844"},"breadcrumb":{"@id":"https:\/\/www.lamennais.org\/es\/haiti-la-vallee-de-jacmel-bientot-cent-ans-pour-lecole-leonce-megie\/#breadcrumb"},"inLanguage":"es","potentialAction":[{"@type":"ReadAction","target":["https:\/\/www.lamennais.org\/es\/haiti-la-vallee-de-jacmel-bientot-cent-ans-pour-lecole-leonce-megie\/"]}]},{"@type":"ImageObject","inLanguage":"es","@id":"https:\/\/www.lamennais.org\/es\/haiti-la-vallee-de-jacmel-bientot-cent-ans-pour-lecole-leonce-megie\/#primaryimage","url":"https:\/\/www.lamennais.org\/wp-content\/uploads\/2025\/05\/slide-7.jpg","contentUrl":"https:\/\/www.lamennais.org\/wp-content\/uploads\/2025\/05\/slide-7.jpg","width":1200,"height":596},{"@type":"BreadcrumbList","@id":"https:\/\/www.lamennais.org\/es\/haiti-la-vallee-de-jacmel-bientot-cent-ans-pour-lecole-leonce-megie\/#breadcrumb","itemListElement":[{"@type":"ListItem","position":1,"name":"Accueil","item":"https:\/\/www.lamennais.org\/"},{"@type":"ListItem","position":2,"name":"Hait\u00ed: Valle de Jacmel: La escuela L\u00e9once M\u00e9gie pronto cumplir\u00e1 cien a\u00f1os"}]},{"@type":"WebSite","@id":"https:\/\/www.lamennais.org\/#website","url":"https:\/\/www.lamennais.org\/","name":"LaMennais.org","description":"Fr\u00e8res de l&#039;Instruction Chr\u00e9tienne et Famille Mennaisienne","potentialAction":[{"@type":"SearchAction","target":{"@type":"EntryPoint","urlTemplate":"https:\/\/www.lamennais.org\/?s={search_term_string}"},"query-input":{"@type":"PropertyValueSpecification","valueRequired":true,"valueName":"search_term_string"}}],"inLanguage":"es"},{"@type":"Person","@id":"https:\/\/www.lamennais.org\/#\/schema\/person\/2a8d6e8a95babedd5ba1c43afd2e3844","name":"Herv\u00e9 Asse","image":{"@type":"ImageObject","inLanguage":"es","@id":"https:\/\/secure.gravatar.com\/avatar\/1aaa7b1baf759c8b40525f40af381cbaa2b0ddd554f57145bceb0654ba45b4c0?s=96&d=mm&r=g","url":"https:\/\/secure.gravatar.com\/avatar\/1aaa7b1baf759c8b40525f40af381cbaa2b0ddd554f57145bceb0654ba45b4c0?s=96&d=mm&r=g","contentUrl":"https:\/\/secure.gravatar.com\/avatar\/1aaa7b1baf759c8b40525f40af381cbaa2b0ddd554f57145bceb0654ba45b4c0?s=96&d=mm&r=g","caption":"Herv\u00e9 Asse"}}]}},"_links":{"self":[{"href":"https:\/\/www.lamennais.org\/es\/wp-json\/wp\/v2\/posts\/46110","targetHints":{"allow":["GET"]}}],"collection":[{"href":"https:\/\/www.lamennais.org\/es\/wp-json\/wp\/v2\/posts"}],"about":[{"href":"https:\/\/www.lamennais.org\/es\/wp-json\/wp\/v2\/types\/post"}],"author":[{"embeddable":true,"href":"https:\/\/www.lamennais.org\/es\/wp-json\/wp\/v2\/users\/3"}],"replies":[{"embeddable":true,"href":"https:\/\/www.lamennais.org\/es\/wp-json\/wp\/v2\/comments?post=46110"}],"version-history":[{"count":3,"href":"https:\/\/www.lamennais.org\/es\/wp-json\/wp\/v2\/posts\/46110\/revisions"}],"predecessor-version":[{"id":46146,"href":"https:\/\/www.lamennais.org\/es\/wp-json\/wp\/v2\/posts\/46110\/revisions\/46146"}],"wp:featuredmedia":[{"embeddable":true,"href":"https:\/\/www.lamennais.org\/es\/wp-json\/wp\/v2\/media\/46078"}],"wp:attachment":[{"href":"https:\/\/www.lamennais.org\/es\/wp-json\/wp\/v2\/media?parent=46110"}],"wp:term":[{"taxonomy":"category","embeddable":true,"href":"https:\/\/www.lamennais.org\/es\/wp-json\/wp\/v2\/categories?post=46110"},{"taxonomy":"post_tag","embeddable":true,"href":"https:\/\/www.lamennais.org\/es\/wp-json\/wp\/v2\/tags?post=46110"}],"curies":[{"name":"wp","href":"https:\/\/api.w.org\/{rel}","templated":true}]}}