{"id":45943,"date":"2025-05-14T09:35:48","date_gmt":"2025-05-14T07:35:48","guid":{"rendered":"https:\/\/www.lamennais.org\/?p=45943"},"modified":"2025-05-14T12:36:11","modified_gmt":"2025-05-14T10:36:11","slug":"francia-ploermel-inauguracion-de-los-edificios-del-campus-la-mennais-un-nuevo-bts-al-inicio-del-curso-escolar","status":"publish","type":"post","link":"https:\/\/www.lamennais.org\/es\/francia-ploermel-inauguracion-de-los-edificios-del-campus-la-mennais-un-nuevo-bts-al-inicio-del-curso-escolar\/","title":{"rendered":"Francia \u2013 Plo\u00ebrmel: Inauguraci\u00f3n de los edificios del Campus La Mennais: un nuevo BTS al inicio del curso escolar"},"content":{"rendered":"<p><strong>El Campus La Mennais inaugur\u00f3 su nuevo edificio t\u00e9cnico la noche del pasado lunes 12 de mayo de 2025, marcando un paso importante en su desarrollo y su compromiso con una ense\u00f1anza innovadora y de calidad.<\/strong><\/p>\n<table>\n<tbody>\n<tr>\n<td width=\"321\"><img fetchpriority=\"high\" decoding=\"async\" class=\"size-large wp-image-45924 aligncenter\" src=\"https:\/\/www.lamennais.org\/wp-content\/uploads\/2025\/05\/plo-4-1024x768.jpeg\" alt=\"\" width=\"860\" height=\"645\" srcset=\"https:\/\/www.lamennais.org\/wp-content\/uploads\/2025\/05\/plo-4-1024x768.jpeg 1024w, https:\/\/www.lamennais.org\/wp-content\/uploads\/2025\/05\/plo-4-300x225.jpeg 300w, https:\/\/www.lamennais.org\/wp-content\/uploads\/2025\/05\/plo-4-768x576.jpeg 768w, https:\/\/www.lamennais.org\/wp-content\/uploads\/2025\/05\/plo-4-260x195.jpeg 260w, https:\/\/www.lamennais.org\/wp-content\/uploads\/2025\/05\/plo-4.jpeg 1200w\" sizes=\"(max-width: 860px) 100vw, 860px\" \/><\/td>\n<td width=\"321\"><img decoding=\"async\" class=\"size-large wp-image-45918 aligncenter\" src=\"https:\/\/www.lamennais.org\/wp-content\/uploads\/2025\/05\/plo-6-1024x768.jpeg\" alt=\"\" width=\"860\" height=\"645\" srcset=\"https:\/\/www.lamennais.org\/wp-content\/uploads\/2025\/05\/plo-6-1024x768.jpeg 1024w, https:\/\/www.lamennais.org\/wp-content\/uploads\/2025\/05\/plo-6-300x225.jpeg 300w, https:\/\/www.lamennais.org\/wp-content\/uploads\/2025\/05\/plo-6-768x576.jpeg 768w, https:\/\/www.lamennais.org\/wp-content\/uploads\/2025\/05\/plo-6-260x195.jpeg 260w, https:\/\/www.lamennais.org\/wp-content\/uploads\/2025\/05\/plo-6.jpeg 1200w\" sizes=\"(max-width: 860px) 100vw, 860px\" \/><\/td>\n<\/tr>\n<\/tbody>\n<\/table>\n<p>Este proyecto, denominado <strong><em>\u201cVivir Juntos\u201d,<\/em><\/strong> se enmarca en una din\u00e1mica de modernizaci\u00f3n y desarrollo del establecimiento para atender mejor las necesidades educativas actuales y futuras. Y sin m\u00e1s dilaci\u00f3n, <strong><em>la Sra. V\u00e9ronique Calas<\/em><\/strong>, responsable del establecimiento, anunci\u00f3 en su discurso la apertura, a partir del pr\u00f3ximo curso acad\u00e9mico, de una formaci\u00f3n BTS* Mantenimiento de Sistemas \u2013 Opci\u00f3n A: Sistemas de Producci\u00f3n. Una nueva oportunidad para que los j\u00f3venes de la regi\u00f3n se formen en carreras prometedoras. \u00a0(*Diploma de T\u00e9cnico Superior)<\/p>\n<table>\n<tbody>\n<tr>\n<td width=\"321\"><img decoding=\"async\" class=\"size-large wp-image-45912 aligncenter\" src=\"https:\/\/www.lamennais.org\/wp-content\/uploads\/2025\/05\/plo-8-1024x768.jpeg\" alt=\"\" width=\"860\" height=\"645\" srcset=\"https:\/\/www.lamennais.org\/wp-content\/uploads\/2025\/05\/plo-8-1024x768.jpeg 1024w, https:\/\/www.lamennais.org\/wp-content\/uploads\/2025\/05\/plo-8-300x225.jpeg 300w, https:\/\/www.lamennais.org\/wp-content\/uploads\/2025\/05\/plo-8-768x576.jpeg 768w, https:\/\/www.lamennais.org\/wp-content\/uploads\/2025\/05\/plo-8-260x195.jpeg 260w, https:\/\/www.lamennais.org\/wp-content\/uploads\/2025\/05\/plo-8.jpeg 1200w\" sizes=\"(max-width: 860px) 100vw, 860px\" \/><\/td>\n<td width=\"321\"><img loading=\"lazy\" decoding=\"async\" class=\"size-large wp-image-45909 aligncenter\" src=\"https:\/\/www.lamennais.org\/wp-content\/uploads\/2025\/05\/plo-9-1024x768.jpeg\" alt=\"\" width=\"860\" height=\"645\" srcset=\"https:\/\/www.lamennais.org\/wp-content\/uploads\/2025\/05\/plo-9-1024x768.jpeg 1024w, https:\/\/www.lamennais.org\/wp-content\/uploads\/2025\/05\/plo-9-300x225.jpeg 300w, https:\/\/www.lamennais.org\/wp-content\/uploads\/2025\/05\/plo-9-768x576.jpeg 768w, https:\/\/www.lamennais.org\/wp-content\/uploads\/2025\/05\/plo-9-260x195.jpeg 260w, https:\/\/www.lamennais.org\/wp-content\/uploads\/2025\/05\/plo-9.jpeg 1200w\" sizes=\"(max-width: 860px) 100vw, 860px\" \/><\/td>\n<\/tr>\n<\/tbody>\n<\/table>\n<p><strong>Un proyecto confiado a empresas locales<\/strong><\/p>\n<p>Las obras comenzaron el 16 de diciembre de 2022 y se opt\u00f3 por recurrir a empresas locales, bretonas o cercanas. La obra se llev\u00f3 a cabo en un contexto dif\u00edcil, ya que al mismo tiempo continuaban las obras de renovaci\u00f3n en el centro de la ciudad. Pero al final ambos proyectos pudieron completarse.<\/p>\n<p>El nuevo edificio -ampliaci\u00f3n y renovaci\u00f3n- incluye plataformas t\u00e9cnicas para los sectores de la industria inform\u00e1tica e ingenier\u00eda, as\u00ed como salas compartidas para ciencias de la vida y de la tierra (SVT), idiomas modernos, vida escolar y laboratorio. Las instalaciones exteriores han sido redise\u00f1adas para hacer el establecimiento m\u00e1s seguro y mejorar la calidad de vida de los usuarios y los residentes de Plo\u00ebrmel. Ya s\u00f3lo falta finalizar la entrada al instituto y la se\u00f1alizaci\u00f3n general.<\/p>\n<table>\n<tbody>\n<tr>\n<td width=\"321\">\n<p><div id=\"attachment_45906\" style=\"width: 916px\" class=\"wp-caption alignleft\"><img loading=\"lazy\" decoding=\"async\" aria-describedby=\"caption-attachment-45906\" class=\"wp-image-45906 size-full\" src=\"https:\/\/www.lamennais.org\/wp-content\/uploads\/2025\/05\/Plo.jpg\" alt=\"\" width=\"906\" height=\"550\" srcset=\"https:\/\/www.lamennais.org\/wp-content\/uploads\/2025\/05\/Plo.jpg 906w, https:\/\/www.lamennais.org\/wp-content\/uploads\/2025\/05\/Plo-300x182.jpg 300w, https:\/\/www.lamennais.org\/wp-content\/uploads\/2025\/05\/Plo-768x466.jpg 768w, https:\/\/www.lamennais.org\/wp-content\/uploads\/2025\/05\/Plo-260x158.jpg 260w\" sizes=\"(max-width: 906px) 100vw, 906px\" \/><p id=\"caption-attachment-45906\" class=\"wp-caption-text\">Las personas oficiales<\/p><\/div><\/td>\n<td width=\"321\">\n<p><div id=\"attachment_45915\" style=\"width: 870px\" class=\"wp-caption alignleft\"><img loading=\"lazy\" decoding=\"async\" aria-describedby=\"caption-attachment-45915\" class=\"wp-image-45915 size-large\" src=\"https:\/\/www.lamennais.org\/wp-content\/uploads\/2025\/05\/plo-7-1024x768.jpeg\" alt=\"\" width=\"860\" height=\"645\" srcset=\"https:\/\/www.lamennais.org\/wp-content\/uploads\/2025\/05\/plo-7-1024x768.jpeg 1024w, https:\/\/www.lamennais.org\/wp-content\/uploads\/2025\/05\/plo-7-300x225.jpeg 300w, https:\/\/www.lamennais.org\/wp-content\/uploads\/2025\/05\/plo-7-768x576.jpeg 768w, https:\/\/www.lamennais.org\/wp-content\/uploads\/2025\/05\/plo-7-260x195.jpeg 260w, https:\/\/www.lamennais.org\/wp-content\/uploads\/2025\/05\/plo-7.jpeg 1200w\" sizes=\"(max-width: 860px) 100vw, 860px\" \/><p id=\"caption-attachment-45915\" class=\"wp-caption-text\">Sgr. Patrick Le Diffon, Alcalde de Plo\u00ebrmel, a la izquierda.<\/p><\/div><\/td>\n<\/tr>\n<\/tbody>\n<\/table>\n<p>Numerosas personalidades participaron en esta inauguraci\u00f3n, entre ellas <strong><em>el Alcalde de Plo\u00ebrmel Sr. Le Diffon, el Hno Provincial Yannick Houssay, el Secretario General de la Tutela Sr. Denis Chevrel, \u00a0la Jefa de Establecimiento Sra. V\u00e9ronique Calas <\/em><\/strong>\u00a0y \u00a0cuatro estudiantes de secundaria que representan las diferentes corrientes del instituto.<\/p>\n<p>El padre Gildas, p\u00e1rroco de Plo\u00ebrmel, bendijo los nuevos locales, que los invitados pudieron descubrir en detalle.<\/p>\n<p><strong><em>Art\u00edculo extra\u00eddo de \u201cLes Infos du Pays Gallo\u201d<\/em><\/strong><\/p>\n<p>&nbsp;<\/p>\n<table>\n<tbody>\n<tr>\n<td width=\"321\"><img loading=\"lazy\" decoding=\"async\" class=\"size-large wp-image-45927 aligncenter\" src=\"https:\/\/www.lamennais.org\/wp-content\/uploads\/2025\/05\/plo-3-1024x768.jpeg\" alt=\"\" width=\"860\" height=\"645\" srcset=\"https:\/\/www.lamennais.org\/wp-content\/uploads\/2025\/05\/plo-3-1024x768.jpeg 1024w, https:\/\/www.lamennais.org\/wp-content\/uploads\/2025\/05\/plo-3-300x225.jpeg 300w, https:\/\/www.lamennais.org\/wp-content\/uploads\/2025\/05\/plo-3-768x576.jpeg 768w, https:\/\/www.lamennais.org\/wp-content\/uploads\/2025\/05\/plo-3-260x195.jpeg 260w, https:\/\/www.lamennais.org\/wp-content\/uploads\/2025\/05\/plo-3.jpeg 1200w\" sizes=\"(max-width: 860px) 100vw, 860px\" \/><\/td>\n<td width=\"321\"><img loading=\"lazy\" decoding=\"async\" class=\"alignleft size-large wp-image-45921\" src=\"https:\/\/www.lamennais.org\/wp-content\/uploads\/2025\/05\/plo-5-768x1024.jpeg\" alt=\"\" width=\"768\" height=\"1024\" srcset=\"https:\/\/www.lamennais.org\/wp-content\/uploads\/2025\/05\/plo-5-768x1024.jpeg 768w, https:\/\/www.lamennais.org\/wp-content\/uploads\/2025\/05\/plo-5-225x300.jpeg 225w, https:\/\/www.lamennais.org\/wp-content\/uploads\/2025\/05\/plo-5-1152x1536.jpeg 1152w, https:\/\/www.lamennais.org\/wp-content\/uploads\/2025\/05\/plo-5-260x347.jpeg 260w, https:\/\/www.lamennais.org\/wp-content\/uploads\/2025\/05\/plo-5.jpeg 1200w\" sizes=\"(max-width: 768px) 100vw, 768px\" \/><\/td>\n<\/tr>\n<\/tbody>\n<\/table>\n<p>Reviva esta ceremonia en nuestro v\u00eddeo : <a href=\"https:\/\/www.youtube.com\/watch?v=zIw5NwJ8jKw&amp;\">https:\/\/www.youtube.com\/watch?v=zIw5NwJ8jKw&amp;<\/a><\/p>\n","protected":false},"excerpt":{"rendered":"<p>El Campus La Mennais inaugur\u00f3 su nuevo edificio t\u00e9cnico la noche del pasado lunes 12 de mayo de 2025, marcando un paso importante en su desarrollo y su compromiso con una ense\u00f1anza innovadora y de calidad. Este proyecto, denominado \u201cVivir Juntos\u201d, se enmarca en una din\u00e1mica de modernizaci\u00f3n y desarrollo del establecimiento para atender mejor [&hellip;]<\/p>\n","protected":false},"author":3,"featured_media":45905,"comment_status":"closed","ping_status":"closed","sticky":false,"template":"","format":"standard","meta":{"footnotes":""},"categories":[105],"tags":[],"class_list":["post-45943","post","type-post","status-publish","format-standard","has-post-thumbnail","hentry","category-noticias"],"yoast_head":"<!-- This site is optimized with the Yoast SEO plugin v27.5 - https:\/\/yoast.com\/product\/yoast-seo-wordpress\/ -->\n<title>Francia \u2013 Plo\u00ebrmel: Inauguraci\u00f3n de los edificios del Campus La Mennais: un nuevo BTS al inicio del curso escolar - LaMennais.org<\/title>\n<meta name=\"robots\" content=\"index, follow, max-snippet:-1, max-image-preview:large, max-video-preview:-1\" \/>\n<link rel=\"canonical\" href=\"https:\/\/www.lamennais.org\/es\/francia-ploermel-inauguracion-de-los-edificios-del-campus-la-mennais-un-nuevo-bts-al-inicio-del-curso-escolar\/\" \/>\n<meta property=\"og:locale\" content=\"es_ES\" \/>\n<meta property=\"og:type\" content=\"article\" \/>\n<meta property=\"og:title\" content=\"Francia \u2013 Plo\u00ebrmel: Inauguraci\u00f3n de los edificios del Campus La Mennais: un nuevo BTS al inicio del curso escolar - LaMennais.org\" \/>\n<meta property=\"og:description\" content=\"El Campus La Mennais inaugur\u00f3 su nuevo edificio t\u00e9cnico la noche del pasado lunes 12 de mayo de 2025, marcando un paso importante en su desarrollo y su compromiso con una ense\u00f1anza innovadora y de calidad. Este proyecto, denominado \u201cVivir Juntos\u201d, se enmarca en una din\u00e1mica de modernizaci\u00f3n y desarrollo del establecimiento para atender mejor [&hellip;]\" \/>\n<meta property=\"og:url\" content=\"https:\/\/www.lamennais.org\/es\/francia-ploermel-inauguracion-de-los-edificios-del-campus-la-mennais-un-nuevo-bts-al-inicio-del-curso-escolar\/\" \/>\n<meta property=\"og:site_name\" content=\"LaMennais.org\" \/>\n<meta property=\"article:published_time\" content=\"2025-05-14T07:35:48+00:00\" \/>\n<meta property=\"article:modified_time\" content=\"2025-05-14T10:36:11+00:00\" \/>\n<meta property=\"og:image\" content=\"https:\/\/www.lamennais.org\/wp-content\/uploads\/2025\/05\/slide.jpeg\" \/>\n\t<meta property=\"og:image:width\" content=\"1200\" \/>\n\t<meta property=\"og:image:height\" content=\"544\" \/>\n\t<meta property=\"og:image:type\" content=\"image\/jpeg\" \/>\n<meta name=\"author\" content=\"Herv\u00e9 Asse\" \/>\n<meta name=\"twitter:card\" content=\"summary_large_image\" \/>\n<meta name=\"twitter:label1\" content=\"Escrito por\" \/>\n\t<meta name=\"twitter:data1\" content=\"Herv\u00e9 Asse\" \/>\n\t<meta name=\"twitter:label2\" content=\"Tiempo de lectura\" \/>\n\t<meta name=\"twitter:data2\" content=\"4 minutos\" \/>\n<script type=\"application\/ld+json\" class=\"yoast-schema-graph\">{\"@context\":\"https:\\\/\\\/schema.org\",\"@graph\":[{\"@type\":\"Article\",\"@id\":\"https:\\\/\\\/www.lamennais.org\\\/es\\\/francia-ploermel-inauguracion-de-los-edificios-del-campus-la-mennais-un-nuevo-bts-al-inicio-del-curso-escolar\\\/#article\",\"isPartOf\":{\"@id\":\"https:\\\/\\\/www.lamennais.org\\\/es\\\/francia-ploermel-inauguracion-de-los-edificios-del-campus-la-mennais-un-nuevo-bts-al-inicio-del-curso-escolar\\\/\"},\"author\":{\"name\":\"Herv\u00e9 Asse\",\"@id\":\"https:\\\/\\\/www.lamennais.org\\\/#\\\/schema\\\/person\\\/2a8d6e8a95babedd5ba1c43afd2e3844\"},\"headline\":\"Francia \u2013 Plo\u00ebrmel: Inauguraci\u00f3n de los edificios del Campus La Mennais: un nuevo BTS al inicio del curso escolar\",\"datePublished\":\"2025-05-14T07:35:48+00:00\",\"dateModified\":\"2025-05-14T10:36:11+00:00\",\"mainEntityOfPage\":{\"@id\":\"https:\\\/\\\/www.lamennais.org\\\/es\\\/francia-ploermel-inauguracion-de-los-edificios-del-campus-la-mennais-un-nuevo-bts-al-inicio-del-curso-escolar\\\/\"},\"wordCount\":420,\"image\":{\"@id\":\"https:\\\/\\\/www.lamennais.org\\\/es\\\/francia-ploermel-inauguracion-de-los-edificios-del-campus-la-mennais-un-nuevo-bts-al-inicio-del-curso-escolar\\\/#primaryimage\"},\"thumbnailUrl\":\"https:\\\/\\\/www.lamennais.org\\\/wp-content\\\/uploads\\\/2025\\\/05\\\/slide.jpeg\",\"articleSection\":[\"NOTICIAS\"],\"inLanguage\":\"es\"},{\"@type\":\"WebPage\",\"@id\":\"https:\\\/\\\/www.lamennais.org\\\/es\\\/francia-ploermel-inauguracion-de-los-edificios-del-campus-la-mennais-un-nuevo-bts-al-inicio-del-curso-escolar\\\/\",\"url\":\"https:\\\/\\\/www.lamennais.org\\\/es\\\/francia-ploermel-inauguracion-de-los-edificios-del-campus-la-mennais-un-nuevo-bts-al-inicio-del-curso-escolar\\\/\",\"name\":\"Francia \u2013 Plo\u00ebrmel: Inauguraci\u00f3n de los edificios del Campus La Mennais: un nuevo BTS al inicio del curso escolar - LaMennais.org\",\"isPartOf\":{\"@id\":\"https:\\\/\\\/www.lamennais.org\\\/#website\"},\"primaryImageOfPage\":{\"@id\":\"https:\\\/\\\/www.lamennais.org\\\/es\\\/francia-ploermel-inauguracion-de-los-edificios-del-campus-la-mennais-un-nuevo-bts-al-inicio-del-curso-escolar\\\/#primaryimage\"},\"image\":{\"@id\":\"https:\\\/\\\/www.lamennais.org\\\/es\\\/francia-ploermel-inauguracion-de-los-edificios-del-campus-la-mennais-un-nuevo-bts-al-inicio-del-curso-escolar\\\/#primaryimage\"},\"thumbnailUrl\":\"https:\\\/\\\/www.lamennais.org\\\/wp-content\\\/uploads\\\/2025\\\/05\\\/slide.jpeg\",\"datePublished\":\"2025-05-14T07:35:48+00:00\",\"dateModified\":\"2025-05-14T10:36:11+00:00\",\"author\":{\"@id\":\"https:\\\/\\\/www.lamennais.org\\\/#\\\/schema\\\/person\\\/2a8d6e8a95babedd5ba1c43afd2e3844\"},\"breadcrumb\":{\"@id\":\"https:\\\/\\\/www.lamennais.org\\\/es\\\/francia-ploermel-inauguracion-de-los-edificios-del-campus-la-mennais-un-nuevo-bts-al-inicio-del-curso-escolar\\\/#breadcrumb\"},\"inLanguage\":\"es\",\"potentialAction\":[{\"@type\":\"ReadAction\",\"target\":[\"https:\\\/\\\/www.lamennais.org\\\/es\\\/francia-ploermel-inauguracion-de-los-edificios-del-campus-la-mennais-un-nuevo-bts-al-inicio-del-curso-escolar\\\/\"]}]},{\"@type\":\"ImageObject\",\"inLanguage\":\"es\",\"@id\":\"https:\\\/\\\/www.lamennais.org\\\/es\\\/francia-ploermel-inauguracion-de-los-edificios-del-campus-la-mennais-un-nuevo-bts-al-inicio-del-curso-escolar\\\/#primaryimage\",\"url\":\"https:\\\/\\\/www.lamennais.org\\\/wp-content\\\/uploads\\\/2025\\\/05\\\/slide.jpeg\",\"contentUrl\":\"https:\\\/\\\/www.lamennais.org\\\/wp-content\\\/uploads\\\/2025\\\/05\\\/slide.jpeg\",\"width\":1200,\"height\":544},{\"@type\":\"BreadcrumbList\",\"@id\":\"https:\\\/\\\/www.lamennais.org\\\/es\\\/francia-ploermel-inauguracion-de-los-edificios-del-campus-la-mennais-un-nuevo-bts-al-inicio-del-curso-escolar\\\/#breadcrumb\",\"itemListElement\":[{\"@type\":\"ListItem\",\"position\":1,\"name\":\"Accueil\",\"item\":\"https:\\\/\\\/www.lamennais.org\\\/\"},{\"@type\":\"ListItem\",\"position\":2,\"name\":\"Francia \u2013 Plo\u00ebrmel: Inauguraci\u00f3n de los edificios del Campus La Mennais: un nuevo BTS al inicio del curso escolar\"}]},{\"@type\":\"WebSite\",\"@id\":\"https:\\\/\\\/www.lamennais.org\\\/#website\",\"url\":\"https:\\\/\\\/www.lamennais.org\\\/\",\"name\":\"LaMennais.org\",\"description\":\"Fr\u00e8res de l&#039;Instruction Chr\u00e9tienne et Famille Mennaisienne\",\"potentialAction\":[{\"@type\":\"SearchAction\",\"target\":{\"@type\":\"EntryPoint\",\"urlTemplate\":\"https:\\\/\\\/www.lamennais.org\\\/?s={search_term_string}\"},\"query-input\":{\"@type\":\"PropertyValueSpecification\",\"valueRequired\":true,\"valueName\":\"search_term_string\"}}],\"inLanguage\":\"es\"},{\"@type\":\"Person\",\"@id\":\"https:\\\/\\\/www.lamennais.org\\\/#\\\/schema\\\/person\\\/2a8d6e8a95babedd5ba1c43afd2e3844\",\"name\":\"Herv\u00e9 Asse\",\"image\":{\"@type\":\"ImageObject\",\"inLanguage\":\"es\",\"@id\":\"https:\\\/\\\/secure.gravatar.com\\\/avatar\\\/1aaa7b1baf759c8b40525f40af381cbaa2b0ddd554f57145bceb0654ba45b4c0?s=96&d=mm&r=g\",\"url\":\"https:\\\/\\\/secure.gravatar.com\\\/avatar\\\/1aaa7b1baf759c8b40525f40af381cbaa2b0ddd554f57145bceb0654ba45b4c0?s=96&d=mm&r=g\",\"contentUrl\":\"https:\\\/\\\/secure.gravatar.com\\\/avatar\\\/1aaa7b1baf759c8b40525f40af381cbaa2b0ddd554f57145bceb0654ba45b4c0?s=96&d=mm&r=g\",\"caption\":\"Herv\u00e9 Asse\"}}]}<\/script>\n<!-- \/ Yoast SEO plugin. -->","yoast_head_json":{"title":"Francia \u2013 Plo\u00ebrmel: Inauguraci\u00f3n de los edificios del Campus La Mennais: un nuevo BTS al inicio del curso escolar - LaMennais.org","robots":{"index":"index","follow":"follow","max-snippet":"max-snippet:-1","max-image-preview":"max-image-preview:large","max-video-preview":"max-video-preview:-1"},"canonical":"https:\/\/www.lamennais.org\/es\/francia-ploermel-inauguracion-de-los-edificios-del-campus-la-mennais-un-nuevo-bts-al-inicio-del-curso-escolar\/","og_locale":"es_ES","og_type":"article","og_title":"Francia \u2013 Plo\u00ebrmel: Inauguraci\u00f3n de los edificios del Campus La Mennais: un nuevo BTS al inicio del curso escolar - LaMennais.org","og_description":"El Campus La Mennais inaugur\u00f3 su nuevo edificio t\u00e9cnico la noche del pasado lunes 12 de mayo de 2025, marcando un paso importante en su desarrollo y su compromiso con una ense\u00f1anza innovadora y de calidad. Este proyecto, denominado \u201cVivir Juntos\u201d, se enmarca en una din\u00e1mica de modernizaci\u00f3n y desarrollo del establecimiento para atender mejor [&hellip;]","og_url":"https:\/\/www.lamennais.org\/es\/francia-ploermel-inauguracion-de-los-edificios-del-campus-la-mennais-un-nuevo-bts-al-inicio-del-curso-escolar\/","og_site_name":"LaMennais.org","article_published_time":"2025-05-14T07:35:48+00:00","article_modified_time":"2025-05-14T10:36:11+00:00","og_image":[{"width":1200,"height":544,"url":"https:\/\/www.lamennais.org\/wp-content\/uploads\/2025\/05\/slide.jpeg","type":"image\/jpeg"}],"author":"Herv\u00e9 Asse","twitter_card":"summary_large_image","twitter_misc":{"Escrito por":"Herv\u00e9 Asse","Tiempo de lectura":"4 minutos"},"schema":{"@context":"https:\/\/schema.org","@graph":[{"@type":"Article","@id":"https:\/\/www.lamennais.org\/es\/francia-ploermel-inauguracion-de-los-edificios-del-campus-la-mennais-un-nuevo-bts-al-inicio-del-curso-escolar\/#article","isPartOf":{"@id":"https:\/\/www.lamennais.org\/es\/francia-ploermel-inauguracion-de-los-edificios-del-campus-la-mennais-un-nuevo-bts-al-inicio-del-curso-escolar\/"},"author":{"name":"Herv\u00e9 Asse","@id":"https:\/\/www.lamennais.org\/#\/schema\/person\/2a8d6e8a95babedd5ba1c43afd2e3844"},"headline":"Francia \u2013 Plo\u00ebrmel: Inauguraci\u00f3n de los edificios del Campus La Mennais: un nuevo BTS al inicio del curso escolar","datePublished":"2025-05-14T07:35:48+00:00","dateModified":"2025-05-14T10:36:11+00:00","mainEntityOfPage":{"@id":"https:\/\/www.lamennais.org\/es\/francia-ploermel-inauguracion-de-los-edificios-del-campus-la-mennais-un-nuevo-bts-al-inicio-del-curso-escolar\/"},"wordCount":420,"image":{"@id":"https:\/\/www.lamennais.org\/es\/francia-ploermel-inauguracion-de-los-edificios-del-campus-la-mennais-un-nuevo-bts-al-inicio-del-curso-escolar\/#primaryimage"},"thumbnailUrl":"https:\/\/www.lamennais.org\/wp-content\/uploads\/2025\/05\/slide.jpeg","articleSection":["NOTICIAS"],"inLanguage":"es"},{"@type":"WebPage","@id":"https:\/\/www.lamennais.org\/es\/francia-ploermel-inauguracion-de-los-edificios-del-campus-la-mennais-un-nuevo-bts-al-inicio-del-curso-escolar\/","url":"https:\/\/www.lamennais.org\/es\/francia-ploermel-inauguracion-de-los-edificios-del-campus-la-mennais-un-nuevo-bts-al-inicio-del-curso-escolar\/","name":"Francia \u2013 Plo\u00ebrmel: Inauguraci\u00f3n de los edificios del Campus La Mennais: un nuevo BTS al inicio del curso escolar - LaMennais.org","isPartOf":{"@id":"https:\/\/www.lamennais.org\/#website"},"primaryImageOfPage":{"@id":"https:\/\/www.lamennais.org\/es\/francia-ploermel-inauguracion-de-los-edificios-del-campus-la-mennais-un-nuevo-bts-al-inicio-del-curso-escolar\/#primaryimage"},"image":{"@id":"https:\/\/www.lamennais.org\/es\/francia-ploermel-inauguracion-de-los-edificios-del-campus-la-mennais-un-nuevo-bts-al-inicio-del-curso-escolar\/#primaryimage"},"thumbnailUrl":"https:\/\/www.lamennais.org\/wp-content\/uploads\/2025\/05\/slide.jpeg","datePublished":"2025-05-14T07:35:48+00:00","dateModified":"2025-05-14T10:36:11+00:00","author":{"@id":"https:\/\/www.lamennais.org\/#\/schema\/person\/2a8d6e8a95babedd5ba1c43afd2e3844"},"breadcrumb":{"@id":"https:\/\/www.lamennais.org\/es\/francia-ploermel-inauguracion-de-los-edificios-del-campus-la-mennais-un-nuevo-bts-al-inicio-del-curso-escolar\/#breadcrumb"},"inLanguage":"es","potentialAction":[{"@type":"ReadAction","target":["https:\/\/www.lamennais.org\/es\/francia-ploermel-inauguracion-de-los-edificios-del-campus-la-mennais-un-nuevo-bts-al-inicio-del-curso-escolar\/"]}]},{"@type":"ImageObject","inLanguage":"es","@id":"https:\/\/www.lamennais.org\/es\/francia-ploermel-inauguracion-de-los-edificios-del-campus-la-mennais-un-nuevo-bts-al-inicio-del-curso-escolar\/#primaryimage","url":"https:\/\/www.lamennais.org\/wp-content\/uploads\/2025\/05\/slide.jpeg","contentUrl":"https:\/\/www.lamennais.org\/wp-content\/uploads\/2025\/05\/slide.jpeg","width":1200,"height":544},{"@type":"BreadcrumbList","@id":"https:\/\/www.lamennais.org\/es\/francia-ploermel-inauguracion-de-los-edificios-del-campus-la-mennais-un-nuevo-bts-al-inicio-del-curso-escolar\/#breadcrumb","itemListElement":[{"@type":"ListItem","position":1,"name":"Accueil","item":"https:\/\/www.lamennais.org\/"},{"@type":"ListItem","position":2,"name":"Francia \u2013 Plo\u00ebrmel: Inauguraci\u00f3n de los edificios del Campus La Mennais: un nuevo BTS al inicio del curso escolar"}]},{"@type":"WebSite","@id":"https:\/\/www.lamennais.org\/#website","url":"https:\/\/www.lamennais.org\/","name":"LaMennais.org","description":"Fr\u00e8res de l&#039;Instruction Chr\u00e9tienne et Famille Mennaisienne","potentialAction":[{"@type":"SearchAction","target":{"@type":"EntryPoint","urlTemplate":"https:\/\/www.lamennais.org\/?s={search_term_string}"},"query-input":{"@type":"PropertyValueSpecification","valueRequired":true,"valueName":"search_term_string"}}],"inLanguage":"es"},{"@type":"Person","@id":"https:\/\/www.lamennais.org\/#\/schema\/person\/2a8d6e8a95babedd5ba1c43afd2e3844","name":"Herv\u00e9 Asse","image":{"@type":"ImageObject","inLanguage":"es","@id":"https:\/\/secure.gravatar.com\/avatar\/1aaa7b1baf759c8b40525f40af381cbaa2b0ddd554f57145bceb0654ba45b4c0?s=96&d=mm&r=g","url":"https:\/\/secure.gravatar.com\/avatar\/1aaa7b1baf759c8b40525f40af381cbaa2b0ddd554f57145bceb0654ba45b4c0?s=96&d=mm&r=g","contentUrl":"https:\/\/secure.gravatar.com\/avatar\/1aaa7b1baf759c8b40525f40af381cbaa2b0ddd554f57145bceb0654ba45b4c0?s=96&d=mm&r=g","caption":"Herv\u00e9 Asse"}}]}},"_links":{"self":[{"href":"https:\/\/www.lamennais.org\/es\/wp-json\/wp\/v2\/posts\/45943","targetHints":{"allow":["GET"]}}],"collection":[{"href":"https:\/\/www.lamennais.org\/es\/wp-json\/wp\/v2\/posts"}],"about":[{"href":"https:\/\/www.lamennais.org\/es\/wp-json\/wp\/v2\/types\/post"}],"author":[{"embeddable":true,"href":"https:\/\/www.lamennais.org\/es\/wp-json\/wp\/v2\/users\/3"}],"replies":[{"embeddable":true,"href":"https:\/\/www.lamennais.org\/es\/wp-json\/wp\/v2\/comments?post=45943"}],"version-history":[{"count":1,"href":"https:\/\/www.lamennais.org\/es\/wp-json\/wp\/v2\/posts\/45943\/revisions"}],"predecessor-version":[{"id":45944,"href":"https:\/\/www.lamennais.org\/es\/wp-json\/wp\/v2\/posts\/45943\/revisions\/45944"}],"wp:featuredmedia":[{"embeddable":true,"href":"https:\/\/www.lamennais.org\/es\/wp-json\/wp\/v2\/media\/45905"}],"wp:attachment":[{"href":"https:\/\/www.lamennais.org\/es\/wp-json\/wp\/v2\/media?parent=45943"}],"wp:term":[{"taxonomy":"category","embeddable":true,"href":"https:\/\/www.lamennais.org\/es\/wp-json\/wp\/v2\/categories?post=45943"},{"taxonomy":"post_tag","embeddable":true,"href":"https:\/\/www.lamennais.org\/es\/wp-json\/wp\/v2\/tags?post=45943"}],"curies":[{"name":"wp","href":"https:\/\/api.w.org\/{rel}","templated":true}]}}