{"id":45857,"date":"2025-05-05T08:16:33","date_gmt":"2025-05-05T06:16:33","guid":{"rendered":"https:\/\/www.lamennais.org\/?p=45857"},"modified":"2025-05-05T12:29:57","modified_gmt":"2025-05-05T10:29:57","slug":"tanzania-moshi-promocion-vocacional-ficp-encuentro-de-jovenes-don-bosco","status":"publish","type":"post","link":"https:\/\/www.lamennais.org\/es\/tanzania-moshi-promocion-vocacional-ficp-encuentro-de-jovenes-don-bosco\/","title":{"rendered":"TANZANIA: MOSHI &#8211; PROMOCI\u00d3N VOCACIONAL FICP @ Encuentro de J\u00f3venes Don Bosco"},"content":{"rendered":"<p style=\"text-align: center;\"><em>Postulantes y Formadores del Postulantado de Moshi (Tanzania)<\/em><\/p>\n<p><strong>Encuentro de J\u00f3venes Don Bosco 2025: Este evento anual fue organizado con \u00e9xito por Don Bosco Youth Services Shirimatunda-Moshi en Don Bosco High School Shirimatunda, Moshi, Tanzania, del 1 al 2 de marzo de 2025. El Hno Benedicto Odhiambo, Director de Vocaciones de la Provincia de San Miguel Arc\u00e1ngel (Kenia-Tanzania), particip\u00f3 y comparti\u00f3 su testimonio.<\/strong><\/p>\n<p>M\u00e1s de 1.000 j\u00f3venes y 20 animadores vinieron de m\u00e1s de 20 centros Don Bosco. Tambi\u00e9n participaron parroquias y escuelas cat\u00f3licas. El tema del Encuentro de J\u00f3venes fue: <strong><em>\u201cAnclados en la esperanza, nos convertimos en peregrinos de esperanza con quienes nos rodean\u201d.<\/em><\/strong><\/p>\n<table>\n<tbody>\n<tr>\n<td width=\"312\"><img fetchpriority=\"high\" decoding=\"async\" class=\"size-full wp-image-45847 aligncenter\" src=\"https:\/\/www.lamennais.org\/wp-content\/uploads\/2025\/05\/KT-1.jpg\" alt=\"\" width=\"720\" height=\"720\" srcset=\"https:\/\/www.lamennais.org\/wp-content\/uploads\/2025\/05\/KT-1.jpg 720w, https:\/\/www.lamennais.org\/wp-content\/uploads\/2025\/05\/KT-1-300x300.jpg 300w, https:\/\/www.lamennais.org\/wp-content\/uploads\/2025\/05\/KT-1-150x150.jpg 150w, https:\/\/www.lamennais.org\/wp-content\/uploads\/2025\/05\/KT-1-260x260.jpg 260w\" sizes=\"(max-width: 720px) 100vw, 720px\" \/><\/td>\n<td width=\"312\"><img decoding=\"async\" class=\"size-large wp-image-45844 aligncenter\" src=\"https:\/\/www.lamennais.org\/wp-content\/uploads\/2025\/05\/KT-2-1024x768.jpg\" alt=\"\" width=\"860\" height=\"645\" srcset=\"https:\/\/www.lamennais.org\/wp-content\/uploads\/2025\/05\/KT-2-1024x768.jpg 1024w, https:\/\/www.lamennais.org\/wp-content\/uploads\/2025\/05\/KT-2-300x225.jpg 300w, https:\/\/www.lamennais.org\/wp-content\/uploads\/2025\/05\/KT-2-768x576.jpg 768w, https:\/\/www.lamennais.org\/wp-content\/uploads\/2025\/05\/KT-2-1536x1152.jpg 1536w, https:\/\/www.lamennais.org\/wp-content\/uploads\/2025\/05\/KT-2-2048x1536.jpg 2048w, https:\/\/www.lamennais.org\/wp-content\/uploads\/2025\/05\/KT-2-260x195.jpg 260w\" sizes=\"(max-width: 860px) 100vw, 860px\" \/><\/td>\n<\/tr>\n<\/tbody>\n<\/table>\n<p>Los participantes reflexionaron sobre c\u00f3mo la esperanza puede ayudar a prepararnos para el futuro. El programa tambi\u00e9n incluy\u00f3 varias actividades divertidas e interactivas para los j\u00f3venes. El Encuentro de J\u00f3venes tambi\u00e9n se centr\u00f3 en la <strong><em>espiritualidad<\/em><\/strong>, con una <strong><em>Eucarist\u00eda<\/em><\/strong> celebrada para los participantes cat\u00f3licos y otra actividad espiritual para los no cat\u00f3licos. El evento cont\u00f3 con la presencia de varios invitados distinguidos, entre ellos directores y promotores vocacionales de muchas congregaciones religiosas, ya que fue un terreno f\u00e9rtil para la promoci\u00f3n de las vocaciones.<\/p>\n<table>\n<tbody>\n<tr>\n<td width=\"312\"><img decoding=\"async\" class=\"size-full wp-image-45841 aligncenter\" src=\"https:\/\/www.lamennais.org\/wp-content\/uploads\/2025\/05\/KT-3.jpg\" alt=\"\" width=\"720\" height=\"720\" srcset=\"https:\/\/www.lamennais.org\/wp-content\/uploads\/2025\/05\/KT-3.jpg 720w, https:\/\/www.lamennais.org\/wp-content\/uploads\/2025\/05\/KT-3-300x300.jpg 300w, https:\/\/www.lamennais.org\/wp-content\/uploads\/2025\/05\/KT-3-150x150.jpg 150w, https:\/\/www.lamennais.org\/wp-content\/uploads\/2025\/05\/KT-3-260x260.jpg 260w\" sizes=\"(max-width: 720px) 100vw, 720px\" \/><\/td>\n<td width=\"312\"><img loading=\"lazy\" decoding=\"async\" class=\"size-large wp-image-45838 aligncenter\" src=\"https:\/\/www.lamennais.org\/wp-content\/uploads\/2025\/05\/KT-4-1024x768.jpg\" alt=\"\" width=\"860\" height=\"645\" srcset=\"https:\/\/www.lamennais.org\/wp-content\/uploads\/2025\/05\/KT-4-1024x768.jpg 1024w, https:\/\/www.lamennais.org\/wp-content\/uploads\/2025\/05\/KT-4-300x225.jpg 300w, https:\/\/www.lamennais.org\/wp-content\/uploads\/2025\/05\/KT-4-768x576.jpg 768w, https:\/\/www.lamennais.org\/wp-content\/uploads\/2025\/05\/KT-4-1536x1152.jpg 1536w, https:\/\/www.lamennais.org\/wp-content\/uploads\/2025\/05\/KT-4-2048x1536.jpg 2048w, https:\/\/www.lamennais.org\/wp-content\/uploads\/2025\/05\/KT-4-260x195.jpg 260w\" sizes=\"(max-width: 860px) 100vw, 860px\" \/><\/td>\n<\/tr>\n<\/tbody>\n<\/table>\n<p style=\"text-align: center;\"><em>El Hermano Benedict Odhiambo, director del Postulantado de Moshi<\/em><\/p>\n<p>Este Encuentro de J\u00f3venes Don Bosco fue una experiencia memorable y enriquecedora para todos los participantes, ofreci\u00e9ndoles la oportunidad de reflexionar sobre sus sue\u00f1os y esperanzas, <strong><em>participar en actividades sociales y fortalecer su vida espiritual<\/em><\/strong>. El evento fue un gran \u00e9xito y destac\u00f3 la importancia de hacer que los j\u00f3venes sean a\u00fan m\u00e1s responsables. Nosotros, Hermanos de la Instrucci\u00f3n Cristiana, tuvimos la suerte de dar la bienvenida a un aspirante de esta reuni\u00f3n, quien desde entonces se ha unido al programa de postulantado de primer a\u00f1o.<em><img loading=\"lazy\" decoding=\"async\" class=\"alignleft wp-image-45826\" src=\"https:\/\/www.lamennais.org\/wp-content\/uploads\/2025\/05\/Post-Moshi-2.jpg\" alt=\"\" width=\"359\" height=\"638\" srcset=\"https:\/\/www.lamennais.org\/wp-content\/uploads\/2025\/05\/Post-Moshi-2.jpg 576w, https:\/\/www.lamennais.org\/wp-content\/uploads\/2025\/05\/Post-Moshi-2-169x300.jpg 169w, https:\/\/www.lamennais.org\/wp-content\/uploads\/2025\/05\/Post-Moshi-2-260x462.jpg 260w\" sizes=\"(max-width: 359px) 100vw, 359px\" \/><\/em><\/p>\n<p><em>Grupo de Postulantes y sus formadores en Moshi (Tanzania)<\/em><\/p>\n<p><strong>Hay 5 postulantes en el primer a\u00f1o y 6 en el segundo a\u00f1o.<\/strong><\/p>\n<p><strong>Es el Hno Benedict Odhiambo quien es le responsable del Postulantado de Moshi.<\/strong><\/p>\n<p><em><strong>Testimonion del Hno Benedict Odhiambo.<\/strong><\/em><\/p>\n","protected":false},"excerpt":{"rendered":"<p>Postulantes y Formadores del Postulantado de Moshi (Tanzania) Encuentro de J\u00f3venes Don Bosco 2025: Este evento anual fue organizado con \u00e9xito por Don Bosco Youth Services Shirimatunda-Moshi en Don Bosco High School Shirimatunda, Moshi, Tanzania, del 1 al 2 de marzo de 2025. El Hno Benedicto Odhiambo, Director de Vocaciones de la Provincia de San [&hellip;]<\/p>\n","protected":false},"author":3,"featured_media":45825,"comment_status":"closed","ping_status":"closed","sticky":false,"template":"","format":"standard","meta":{"footnotes":""},"categories":[105],"tags":[],"class_list":["post-45857","post","type-post","status-publish","format-standard","has-post-thumbnail","hentry","category-noticias"],"yoast_head":"<!-- This site is optimized with the Yoast SEO plugin v27.5 - https:\/\/yoast.com\/product\/yoast-seo-wordpress\/ -->\n<title>TANZANIA: MOSHI - PROMOCI\u00d3N VOCACIONAL FICP @ Encuentro de J\u00f3venes Don Bosco - LaMennais.org<\/title>\n<meta name=\"robots\" content=\"index, follow, max-snippet:-1, max-image-preview:large, max-video-preview:-1\" \/>\n<link rel=\"canonical\" href=\"https:\/\/www.lamennais.org\/es\/tanzania-moshi-promocion-vocacional-ficp-encuentro-de-jovenes-don-bosco\/\" \/>\n<meta property=\"og:locale\" content=\"es_ES\" \/>\n<meta property=\"og:type\" content=\"article\" \/>\n<meta property=\"og:title\" content=\"TANZANIA: MOSHI - PROMOCI\u00d3N VOCACIONAL FICP @ Encuentro de J\u00f3venes Don Bosco - LaMennais.org\" \/>\n<meta property=\"og:description\" content=\"Postulantes y Formadores del Postulantado de Moshi (Tanzania) Encuentro de J\u00f3venes Don Bosco 2025: Este evento anual fue organizado con \u00e9xito por Don Bosco Youth Services Shirimatunda-Moshi en Don Bosco High School Shirimatunda, Moshi, Tanzania, del 1 al 2 de marzo de 2025. El Hno Benedicto Odhiambo, Director de Vocaciones de la Provincia de San [&hellip;]\" \/>\n<meta property=\"og:url\" content=\"https:\/\/www.lamennais.org\/es\/tanzania-moshi-promocion-vocacional-ficp-encuentro-de-jovenes-don-bosco\/\" \/>\n<meta property=\"og:site_name\" content=\"LaMennais.org\" \/>\n<meta property=\"article:published_time\" content=\"2025-05-05T06:16:33+00:00\" \/>\n<meta property=\"article:modified_time\" content=\"2025-05-05T10:29:57+00:00\" \/>\n<meta property=\"og:image\" content=\"https:\/\/www.lamennais.org\/wp-content\/uploads\/2025\/05\/slide-2.jpg\" \/>\n\t<meta property=\"og:image:width\" content=\"1200\" \/>\n\t<meta property=\"og:image:height\" content=\"540\" \/>\n\t<meta property=\"og:image:type\" content=\"image\/jpeg\" \/>\n<meta name=\"author\" content=\"Herv\u00e9 Asse\" \/>\n<meta name=\"twitter:card\" content=\"summary_large_image\" \/>\n<meta name=\"twitter:label1\" content=\"Escrito por\" \/>\n\t<meta name=\"twitter:data1\" content=\"Herv\u00e9 Asse\" \/>\n\t<meta name=\"twitter:label2\" content=\"Tiempo de lectura\" \/>\n\t<meta name=\"twitter:data2\" content=\"3 minutos\" \/>\n<script type=\"application\/ld+json\" class=\"yoast-schema-graph\">{\"@context\":\"https:\\\/\\\/schema.org\",\"@graph\":[{\"@type\":\"Article\",\"@id\":\"https:\\\/\\\/www.lamennais.org\\\/es\\\/tanzania-moshi-promocion-vocacional-ficp-encuentro-de-jovenes-don-bosco\\\/#article\",\"isPartOf\":{\"@id\":\"https:\\\/\\\/www.lamennais.org\\\/es\\\/tanzania-moshi-promocion-vocacional-ficp-encuentro-de-jovenes-don-bosco\\\/\"},\"author\":{\"name\":\"Herv\u00e9 Asse\",\"@id\":\"https:\\\/\\\/www.lamennais.org\\\/#\\\/schema\\\/person\\\/2a8d6e8a95babedd5ba1c43afd2e3844\"},\"headline\":\"TANZANIA: MOSHI &#8211; PROMOCI\u00d3N VOCACIONAL FICP @ Encuentro de J\u00f3venes Don Bosco\",\"datePublished\":\"2025-05-05T06:16:33+00:00\",\"dateModified\":\"2025-05-05T10:29:57+00:00\",\"mainEntityOfPage\":{\"@id\":\"https:\\\/\\\/www.lamennais.org\\\/es\\\/tanzania-moshi-promocion-vocacional-ficp-encuentro-de-jovenes-don-bosco\\\/\"},\"wordCount\":357,\"image\":{\"@id\":\"https:\\\/\\\/www.lamennais.org\\\/es\\\/tanzania-moshi-promocion-vocacional-ficp-encuentro-de-jovenes-don-bosco\\\/#primaryimage\"},\"thumbnailUrl\":\"https:\\\/\\\/www.lamennais.org\\\/wp-content\\\/uploads\\\/2025\\\/05\\\/slide-2.jpg\",\"articleSection\":[\"NOTICIAS\"],\"inLanguage\":\"es\"},{\"@type\":\"WebPage\",\"@id\":\"https:\\\/\\\/www.lamennais.org\\\/es\\\/tanzania-moshi-promocion-vocacional-ficp-encuentro-de-jovenes-don-bosco\\\/\",\"url\":\"https:\\\/\\\/www.lamennais.org\\\/es\\\/tanzania-moshi-promocion-vocacional-ficp-encuentro-de-jovenes-don-bosco\\\/\",\"name\":\"TANZANIA: MOSHI - PROMOCI\u00d3N VOCACIONAL FICP @ Encuentro de J\u00f3venes Don Bosco - LaMennais.org\",\"isPartOf\":{\"@id\":\"https:\\\/\\\/www.lamennais.org\\\/#website\"},\"primaryImageOfPage\":{\"@id\":\"https:\\\/\\\/www.lamennais.org\\\/es\\\/tanzania-moshi-promocion-vocacional-ficp-encuentro-de-jovenes-don-bosco\\\/#primaryimage\"},\"image\":{\"@id\":\"https:\\\/\\\/www.lamennais.org\\\/es\\\/tanzania-moshi-promocion-vocacional-ficp-encuentro-de-jovenes-don-bosco\\\/#primaryimage\"},\"thumbnailUrl\":\"https:\\\/\\\/www.lamennais.org\\\/wp-content\\\/uploads\\\/2025\\\/05\\\/slide-2.jpg\",\"datePublished\":\"2025-05-05T06:16:33+00:00\",\"dateModified\":\"2025-05-05T10:29:57+00:00\",\"author\":{\"@id\":\"https:\\\/\\\/www.lamennais.org\\\/#\\\/schema\\\/person\\\/2a8d6e8a95babedd5ba1c43afd2e3844\"},\"breadcrumb\":{\"@id\":\"https:\\\/\\\/www.lamennais.org\\\/es\\\/tanzania-moshi-promocion-vocacional-ficp-encuentro-de-jovenes-don-bosco\\\/#breadcrumb\"},\"inLanguage\":\"es\",\"potentialAction\":[{\"@type\":\"ReadAction\",\"target\":[\"https:\\\/\\\/www.lamennais.org\\\/es\\\/tanzania-moshi-promocion-vocacional-ficp-encuentro-de-jovenes-don-bosco\\\/\"]}]},{\"@type\":\"ImageObject\",\"inLanguage\":\"es\",\"@id\":\"https:\\\/\\\/www.lamennais.org\\\/es\\\/tanzania-moshi-promocion-vocacional-ficp-encuentro-de-jovenes-don-bosco\\\/#primaryimage\",\"url\":\"https:\\\/\\\/www.lamennais.org\\\/wp-content\\\/uploads\\\/2025\\\/05\\\/slide-2.jpg\",\"contentUrl\":\"https:\\\/\\\/www.lamennais.org\\\/wp-content\\\/uploads\\\/2025\\\/05\\\/slide-2.jpg\",\"width\":1200,\"height\":540},{\"@type\":\"BreadcrumbList\",\"@id\":\"https:\\\/\\\/www.lamennais.org\\\/es\\\/tanzania-moshi-promocion-vocacional-ficp-encuentro-de-jovenes-don-bosco\\\/#breadcrumb\",\"itemListElement\":[{\"@type\":\"ListItem\",\"position\":1,\"name\":\"Accueil\",\"item\":\"https:\\\/\\\/www.lamennais.org\\\/\"},{\"@type\":\"ListItem\",\"position\":2,\"name\":\"TANZANIA: MOSHI &#8211; PROMOCI\u00d3N VOCACIONAL FICP @ Encuentro de J\u00f3venes Don Bosco\"}]},{\"@type\":\"WebSite\",\"@id\":\"https:\\\/\\\/www.lamennais.org\\\/#website\",\"url\":\"https:\\\/\\\/www.lamennais.org\\\/\",\"name\":\"LaMennais.org\",\"description\":\"Fr\u00e8res de l&#039;Instruction Chr\u00e9tienne et Famille Mennaisienne\",\"potentialAction\":[{\"@type\":\"SearchAction\",\"target\":{\"@type\":\"EntryPoint\",\"urlTemplate\":\"https:\\\/\\\/www.lamennais.org\\\/?s={search_term_string}\"},\"query-input\":{\"@type\":\"PropertyValueSpecification\",\"valueRequired\":true,\"valueName\":\"search_term_string\"}}],\"inLanguage\":\"es\"},{\"@type\":\"Person\",\"@id\":\"https:\\\/\\\/www.lamennais.org\\\/#\\\/schema\\\/person\\\/2a8d6e8a95babedd5ba1c43afd2e3844\",\"name\":\"Herv\u00e9 Asse\",\"image\":{\"@type\":\"ImageObject\",\"inLanguage\":\"es\",\"@id\":\"https:\\\/\\\/secure.gravatar.com\\\/avatar\\\/1aaa7b1baf759c8b40525f40af381cbaa2b0ddd554f57145bceb0654ba45b4c0?s=96&d=mm&r=g\",\"url\":\"https:\\\/\\\/secure.gravatar.com\\\/avatar\\\/1aaa7b1baf759c8b40525f40af381cbaa2b0ddd554f57145bceb0654ba45b4c0?s=96&d=mm&r=g\",\"contentUrl\":\"https:\\\/\\\/secure.gravatar.com\\\/avatar\\\/1aaa7b1baf759c8b40525f40af381cbaa2b0ddd554f57145bceb0654ba45b4c0?s=96&d=mm&r=g\",\"caption\":\"Herv\u00e9 Asse\"}}]}<\/script>\n<!-- \/ Yoast SEO plugin. -->","yoast_head_json":{"title":"TANZANIA: MOSHI - PROMOCI\u00d3N VOCACIONAL FICP @ Encuentro de J\u00f3venes Don Bosco - LaMennais.org","robots":{"index":"index","follow":"follow","max-snippet":"max-snippet:-1","max-image-preview":"max-image-preview:large","max-video-preview":"max-video-preview:-1"},"canonical":"https:\/\/www.lamennais.org\/es\/tanzania-moshi-promocion-vocacional-ficp-encuentro-de-jovenes-don-bosco\/","og_locale":"es_ES","og_type":"article","og_title":"TANZANIA: MOSHI - PROMOCI\u00d3N VOCACIONAL FICP @ Encuentro de J\u00f3venes Don Bosco - LaMennais.org","og_description":"Postulantes y Formadores del Postulantado de Moshi (Tanzania) Encuentro de J\u00f3venes Don Bosco 2025: Este evento anual fue organizado con \u00e9xito por Don Bosco Youth Services Shirimatunda-Moshi en Don Bosco High School Shirimatunda, Moshi, Tanzania, del 1 al 2 de marzo de 2025. El Hno Benedicto Odhiambo, Director de Vocaciones de la Provincia de San [&hellip;]","og_url":"https:\/\/www.lamennais.org\/es\/tanzania-moshi-promocion-vocacional-ficp-encuentro-de-jovenes-don-bosco\/","og_site_name":"LaMennais.org","article_published_time":"2025-05-05T06:16:33+00:00","article_modified_time":"2025-05-05T10:29:57+00:00","og_image":[{"width":1200,"height":540,"url":"https:\/\/www.lamennais.org\/wp-content\/uploads\/2025\/05\/slide-2.jpg","type":"image\/jpeg"}],"author":"Herv\u00e9 Asse","twitter_card":"summary_large_image","twitter_misc":{"Escrito por":"Herv\u00e9 Asse","Tiempo de lectura":"3 minutos"},"schema":{"@context":"https:\/\/schema.org","@graph":[{"@type":"Article","@id":"https:\/\/www.lamennais.org\/es\/tanzania-moshi-promocion-vocacional-ficp-encuentro-de-jovenes-don-bosco\/#article","isPartOf":{"@id":"https:\/\/www.lamennais.org\/es\/tanzania-moshi-promocion-vocacional-ficp-encuentro-de-jovenes-don-bosco\/"},"author":{"name":"Herv\u00e9 Asse","@id":"https:\/\/www.lamennais.org\/#\/schema\/person\/2a8d6e8a95babedd5ba1c43afd2e3844"},"headline":"TANZANIA: MOSHI &#8211; PROMOCI\u00d3N VOCACIONAL FICP @ Encuentro de J\u00f3venes Don Bosco","datePublished":"2025-05-05T06:16:33+00:00","dateModified":"2025-05-05T10:29:57+00:00","mainEntityOfPage":{"@id":"https:\/\/www.lamennais.org\/es\/tanzania-moshi-promocion-vocacional-ficp-encuentro-de-jovenes-don-bosco\/"},"wordCount":357,"image":{"@id":"https:\/\/www.lamennais.org\/es\/tanzania-moshi-promocion-vocacional-ficp-encuentro-de-jovenes-don-bosco\/#primaryimage"},"thumbnailUrl":"https:\/\/www.lamennais.org\/wp-content\/uploads\/2025\/05\/slide-2.jpg","articleSection":["NOTICIAS"],"inLanguage":"es"},{"@type":"WebPage","@id":"https:\/\/www.lamennais.org\/es\/tanzania-moshi-promocion-vocacional-ficp-encuentro-de-jovenes-don-bosco\/","url":"https:\/\/www.lamennais.org\/es\/tanzania-moshi-promocion-vocacional-ficp-encuentro-de-jovenes-don-bosco\/","name":"TANZANIA: MOSHI - PROMOCI\u00d3N VOCACIONAL FICP @ Encuentro de J\u00f3venes Don Bosco - LaMennais.org","isPartOf":{"@id":"https:\/\/www.lamennais.org\/#website"},"primaryImageOfPage":{"@id":"https:\/\/www.lamennais.org\/es\/tanzania-moshi-promocion-vocacional-ficp-encuentro-de-jovenes-don-bosco\/#primaryimage"},"image":{"@id":"https:\/\/www.lamennais.org\/es\/tanzania-moshi-promocion-vocacional-ficp-encuentro-de-jovenes-don-bosco\/#primaryimage"},"thumbnailUrl":"https:\/\/www.lamennais.org\/wp-content\/uploads\/2025\/05\/slide-2.jpg","datePublished":"2025-05-05T06:16:33+00:00","dateModified":"2025-05-05T10:29:57+00:00","author":{"@id":"https:\/\/www.lamennais.org\/#\/schema\/person\/2a8d6e8a95babedd5ba1c43afd2e3844"},"breadcrumb":{"@id":"https:\/\/www.lamennais.org\/es\/tanzania-moshi-promocion-vocacional-ficp-encuentro-de-jovenes-don-bosco\/#breadcrumb"},"inLanguage":"es","potentialAction":[{"@type":"ReadAction","target":["https:\/\/www.lamennais.org\/es\/tanzania-moshi-promocion-vocacional-ficp-encuentro-de-jovenes-don-bosco\/"]}]},{"@type":"ImageObject","inLanguage":"es","@id":"https:\/\/www.lamennais.org\/es\/tanzania-moshi-promocion-vocacional-ficp-encuentro-de-jovenes-don-bosco\/#primaryimage","url":"https:\/\/www.lamennais.org\/wp-content\/uploads\/2025\/05\/slide-2.jpg","contentUrl":"https:\/\/www.lamennais.org\/wp-content\/uploads\/2025\/05\/slide-2.jpg","width":1200,"height":540},{"@type":"BreadcrumbList","@id":"https:\/\/www.lamennais.org\/es\/tanzania-moshi-promocion-vocacional-ficp-encuentro-de-jovenes-don-bosco\/#breadcrumb","itemListElement":[{"@type":"ListItem","position":1,"name":"Accueil","item":"https:\/\/www.lamennais.org\/"},{"@type":"ListItem","position":2,"name":"TANZANIA: MOSHI &#8211; PROMOCI\u00d3N VOCACIONAL FICP @ Encuentro de J\u00f3venes Don Bosco"}]},{"@type":"WebSite","@id":"https:\/\/www.lamennais.org\/#website","url":"https:\/\/www.lamennais.org\/","name":"LaMennais.org","description":"Fr\u00e8res de l&#039;Instruction Chr\u00e9tienne et Famille Mennaisienne","potentialAction":[{"@type":"SearchAction","target":{"@type":"EntryPoint","urlTemplate":"https:\/\/www.lamennais.org\/?s={search_term_string}"},"query-input":{"@type":"PropertyValueSpecification","valueRequired":true,"valueName":"search_term_string"}}],"inLanguage":"es"},{"@type":"Person","@id":"https:\/\/www.lamennais.org\/#\/schema\/person\/2a8d6e8a95babedd5ba1c43afd2e3844","name":"Herv\u00e9 Asse","image":{"@type":"ImageObject","inLanguage":"es","@id":"https:\/\/secure.gravatar.com\/avatar\/1aaa7b1baf759c8b40525f40af381cbaa2b0ddd554f57145bceb0654ba45b4c0?s=96&d=mm&r=g","url":"https:\/\/secure.gravatar.com\/avatar\/1aaa7b1baf759c8b40525f40af381cbaa2b0ddd554f57145bceb0654ba45b4c0?s=96&d=mm&r=g","contentUrl":"https:\/\/secure.gravatar.com\/avatar\/1aaa7b1baf759c8b40525f40af381cbaa2b0ddd554f57145bceb0654ba45b4c0?s=96&d=mm&r=g","caption":"Herv\u00e9 Asse"}}]}},"_links":{"self":[{"href":"https:\/\/www.lamennais.org\/es\/wp-json\/wp\/v2\/posts\/45857","targetHints":{"allow":["GET"]}}],"collection":[{"href":"https:\/\/www.lamennais.org\/es\/wp-json\/wp\/v2\/posts"}],"about":[{"href":"https:\/\/www.lamennais.org\/es\/wp-json\/wp\/v2\/types\/post"}],"author":[{"embeddable":true,"href":"https:\/\/www.lamennais.org\/es\/wp-json\/wp\/v2\/users\/3"}],"replies":[{"embeddable":true,"href":"https:\/\/www.lamennais.org\/es\/wp-json\/wp\/v2\/comments?post=45857"}],"version-history":[{"count":1,"href":"https:\/\/www.lamennais.org\/es\/wp-json\/wp\/v2\/posts\/45857\/revisions"}],"predecessor-version":[{"id":45858,"href":"https:\/\/www.lamennais.org\/es\/wp-json\/wp\/v2\/posts\/45857\/revisions\/45858"}],"wp:featuredmedia":[{"embeddable":true,"href":"https:\/\/www.lamennais.org\/es\/wp-json\/wp\/v2\/media\/45825"}],"wp:attachment":[{"href":"https:\/\/www.lamennais.org\/es\/wp-json\/wp\/v2\/media?parent=45857"}],"wp:term":[{"taxonomy":"category","embeddable":true,"href":"https:\/\/www.lamennais.org\/es\/wp-json\/wp\/v2\/categories?post=45857"},{"taxonomy":"post_tag","embeddable":true,"href":"https:\/\/www.lamennais.org\/es\/wp-json\/wp\/v2\/tags?post=45857"}],"curies":[{"name":"wp","href":"https:\/\/api.w.org\/{rel}","templated":true}]}}