{"id":45445,"date":"2025-04-05T08:49:23","date_gmt":"2025-04-05T06:49:23","guid":{"rendered":"https:\/\/www.lamennais.org\/?p=45445"},"modified":"2025-04-05T20:41:46","modified_gmt":"2025-04-05T18:41:46","slug":"senegal-velingara-peregrinacion-menesiana-de-la-comunidad-educativa-del-colegio-san-juan-pablo-ii-de-velingara","status":"publish","type":"post","link":"https:\/\/www.lamennais.org\/es\/senegal-velingara-peregrinacion-menesiana-de-la-comunidad-educativa-del-colegio-san-juan-pablo-ii-de-velingara\/","title":{"rendered":"SENEGAL \u2013 VELINGARA: PEREGRINACI\u00d3N MENESIANA DE LA COMUNIDAD EDUCATIVA DEL COLEGIO SAN JUAN PABLO II DE VELINGARA"},"content":{"rendered":"<p style=\"text-align: center;\"><strong><em>Hermanos y laicos del Colegio San Juan Pablo II a la entrada del Monasterio de B\u00e0di<\/em><\/strong><\/p>\n<p><img fetchpriority=\"high\" decoding=\"async\" class=\"alignleft wp-image-45398\" src=\"https:\/\/www.lamennais.org\/wp-content\/uploads\/2025\/04\/Senegal-1024x752.jpg\" alt=\"\" width=\"558\" height=\"410\" srcset=\"https:\/\/www.lamennais.org\/wp-content\/uploads\/2025\/04\/Senegal-1024x752.jpg 1024w, https:\/\/www.lamennais.org\/wp-content\/uploads\/2025\/04\/Senegal-300x220.jpg 300w, https:\/\/www.lamennais.org\/wp-content\/uploads\/2025\/04\/Senegal-768x564.jpg 768w, https:\/\/www.lamennais.org\/wp-content\/uploads\/2025\/04\/Senegal-260x191.jpg 260w, https:\/\/www.lamennais.org\/wp-content\/uploads\/2025\/04\/Senegal.jpg 1500w\" sizes=\"(max-width: 558px) 100vw, 558px\" \/>El domingo 30 de marzo de 2025, la familia menesiana del sector sur de Senegal, compuesta principalmente por la comunidad educativa del colegio Juan Pablo II de <strong><em>Velingara<\/em><\/strong>, realiz\u00f3 su peregrinaci\u00f3n menesiana al flamante <strong><em>Monasterio de Notre Dame de B\u00e0di<\/em><\/strong>, a 149 km de Velingara y a 60 km de Tambacounda, en la carretera de K\u00e9dougou. El Monasterio de Notre-Dame de B\u00e0di es un proyecto de fundaci\u00f3n filial de la abad\u00eda cisterciense de Sept-Fons (Francia) en la di\u00f3cesis de Tambacounda. (<a href=\"https:\/\/www.notredamedebadi.sn\/fr\">https:\/\/www.notredamedebadi.sn\/fr<\/a>). Este proyecto comenz\u00f3 en 2017, en la di\u00f3cesis de Tambacounda.<\/p>\n<p>Ver el v\u00eddeo sobre este nuevo monasterio:<\/p>\n<p><a href=\"https:\/\/www.youtube.com\/watch?v=2xCFj1p0Zss\">https:\/\/www.youtube.com\/watch?v=2xCFj1p0Zss<\/a><\/p>\n<p>&nbsp;<\/p>\n<p>&nbsp;<\/p>\n<div id=\"attachment_45407\" style=\"width: 629px\" class=\"wp-caption alignright\"><img decoding=\"async\" aria-describedby=\"caption-attachment-45407\" class=\"wp-image-45407\" src=\"https:\/\/www.lamennais.org\/wp-content\/uploads\/2025\/04\/SEN-2-1024x1024.jpg\" alt=\"\" width=\"619\" height=\"619\" srcset=\"https:\/\/www.lamennais.org\/wp-content\/uploads\/2025\/04\/SEN-2-1024x1024.jpg 1024w, https:\/\/www.lamennais.org\/wp-content\/uploads\/2025\/04\/SEN-2-300x300.jpg 300w, https:\/\/www.lamennais.org\/wp-content\/uploads\/2025\/04\/SEN-2-150x150.jpg 150w, https:\/\/www.lamennais.org\/wp-content\/uploads\/2025\/04\/SEN-2-768x768.jpg 768w, https:\/\/www.lamennais.org\/wp-content\/uploads\/2025\/04\/SEN-2-260x260.jpg 260w, https:\/\/www.lamennais.org\/wp-content\/uploads\/2025\/04\/SEN-2.jpg 1080w\" sizes=\"(max-width: 619px) 100vw, 619px\" \/><p id=\"caption-attachment-45407\" class=\"wp-caption-text\"><em>A orillas del r\u00edo Gambia<\/em><\/p><\/div>\n<p>En este monasterio viven monjes trapenses. \u00c9ramos trece, incluidos <strong><em>tres Hermanos y diez laicos<\/em><\/strong>. Despu\u00e9s de un tiempo de oraci\u00f3n para confiar nuestro camino al Se\u00f1or, la primera etapa de esta peregrinaci\u00f3n fue la <strong><em>contemplaci\u00f3n<\/em><\/strong>: contemplar la naturaleza con todas sus maravillas y orar en intimidad con su Creador.<\/p>\n<p><img decoding=\"async\" class=\"alignleft wp-image-45404\" src=\"https:\/\/www.lamennais.org\/wp-content\/uploads\/2025\/04\/SEN-3-1024x1024.jpg\" alt=\"\" width=\"548\" height=\"548\" srcset=\"https:\/\/www.lamennais.org\/wp-content\/uploads\/2025\/04\/SEN-3-1024x1024.jpg 1024w, https:\/\/www.lamennais.org\/wp-content\/uploads\/2025\/04\/SEN-3-300x300.jpg 300w, https:\/\/www.lamennais.org\/wp-content\/uploads\/2025\/04\/SEN-3-150x150.jpg 150w, https:\/\/www.lamennais.org\/wp-content\/uploads\/2025\/04\/SEN-3-768x768.jpg 768w, https:\/\/www.lamennais.org\/wp-content\/uploads\/2025\/04\/SEN-3-260x260.jpg 260w, https:\/\/www.lamennais.org\/wp-content\/uploads\/2025\/04\/SEN-3.jpg 1080w\" sizes=\"(max-width: 548px) 100vw, 548px\" \/><\/p>\n<p>Una vez all\u00ed, el primer momento culminante del d\u00eda fue la <strong><em>Eucarist\u00eda<\/em><\/strong>, en la que participamos con gran fervor en un ambiente propicio para la oraci\u00f3n. Luego, la segunda parte fue <strong><em>compartir<\/em><\/strong> en torno a un tema al mismo tiempo nutritivo y de actualidad: <strong><em>Esperanza y misi\u00f3n apost\u00f3lica<\/em><\/strong>. Despu\u00e9s de este tema, animado por el Hermano Christophe MATEYENDOU, Hermanos y laicos tuvieron un largo debate en torno a varios ejes como: esperanza y misi\u00f3n en la familia, esperanza y misi\u00f3n en la sociedad, esperanza y misi\u00f3n en la Iglesia, vivir la esperanza en el contexto de la escuela cat\u00f3lica, la identidad del laico menesiano.<\/p>\n<p>Luego, mientras continuamos nuestro tiempo de contemplaci\u00f3n, disfrutamos de una visita guiada a parte del sitio del Monasterio, que cubre 200 hect\u00e1reas.<\/p>\n<p>Un tercer momento culminante estuvo dedicado a la lectura de <strong><em>la carta del Superior General a los Hermanos y Laicos Menesianos, seguida del rosario.<\/em><\/strong><\/p>\n<p>Al final del d\u00eda, salimos del Monasterio llenos de entusiasmo por la misi\u00f3n. Que el Se\u00f1or nos obtenga numerosas y santas vocaciones de Hermanos y laicos menesianos por intercesi\u00f3n del Venerable <strong><em>Jean-Marie de la Mennais y del Venerable Gabriel Deshayes.<\/em><\/strong><\/p>\n<p>&nbsp;<\/p>\n<p><em><strong><img loading=\"lazy\" decoding=\"async\" class=\"alignleft size-medium wp-image-45418\" src=\"https:\/\/www.lamennais.org\/wp-content\/uploads\/2025\/04\/IMG-20250330-WA0046-300x300.jpg\" alt=\"\" width=\"300\" height=\"300\" srcset=\"https:\/\/www.lamennais.org\/wp-content\/uploads\/2025\/04\/IMG-20250330-WA0046-300x300.jpg 300w, https:\/\/www.lamennais.org\/wp-content\/uploads\/2025\/04\/IMG-20250330-WA0046-1024x1024.jpg 1024w, https:\/\/www.lamennais.org\/wp-content\/uploads\/2025\/04\/IMG-20250330-WA0046-150x150.jpg 150w, https:\/\/www.lamennais.org\/wp-content\/uploads\/2025\/04\/IMG-20250330-WA0046-768x768.jpg 768w, https:\/\/www.lamennais.org\/wp-content\/uploads\/2025\/04\/IMG-20250330-WA0046-260x260.jpg 260w, https:\/\/www.lamennais.org\/wp-content\/uploads\/2025\/04\/IMG-20250330-WA0046.jpg 1080w\" sizes=\"(max-width: 300px) 100vw, 300px\" \/><\/strong><\/em><\/p>\n<p>&nbsp;<\/p>\n<p>&nbsp;<\/p>\n<p>&nbsp;<\/p>\n<p>&nbsp;<\/p>\n<p><em><strong>HnoSimon GUEYE, Comunidad de V\u00e9lingara<\/strong><\/em><\/p>\n","protected":false},"excerpt":{"rendered":"<p>Hermanos y laicos del Colegio San Juan Pablo II a la entrada del Monasterio de B\u00e0di El domingo 30 de marzo de 2025, la familia menesiana del sector sur de Senegal, compuesta principalmente por la comunidad educativa del colegio Juan Pablo II de Velingara, realiz\u00f3 su peregrinaci\u00f3n menesiana al flamante Monasterio de Notre Dame de [&hellip;]<\/p>\n","protected":false},"author":3,"featured_media":45403,"comment_status":"closed","ping_status":"closed","sticky":false,"template":"","format":"standard","meta":{"footnotes":""},"categories":[105],"tags":[],"class_list":["post-45445","post","type-post","status-publish","format-standard","has-post-thumbnail","hentry","category-noticias"],"yoast_head":"<!-- This site is optimized with the Yoast SEO plugin v27.5 - https:\/\/yoast.com\/product\/yoast-seo-wordpress\/ -->\n<title>SENEGAL \u2013 VELINGARA: PEREGRINACI\u00d3N MENESIANA DE LA COMUNIDAD EDUCATIVA DEL COLEGIO SAN JUAN PABLO II DE VELINGARA - LaMennais.org<\/title>\n<meta name=\"robots\" content=\"index, follow, max-snippet:-1, max-image-preview:large, max-video-preview:-1\" \/>\n<link rel=\"canonical\" href=\"https:\/\/www.lamennais.org\/es\/senegal-velingara-peregrinacion-menesiana-de-la-comunidad-educativa-del-colegio-san-juan-pablo-ii-de-velingara\/\" \/>\n<meta property=\"og:locale\" content=\"es_ES\" \/>\n<meta property=\"og:type\" content=\"article\" \/>\n<meta property=\"og:title\" content=\"SENEGAL \u2013 VELINGARA: PEREGRINACI\u00d3N MENESIANA DE LA COMUNIDAD EDUCATIVA DEL COLEGIO SAN JUAN PABLO II DE VELINGARA - LaMennais.org\" \/>\n<meta property=\"og:description\" content=\"Hermanos y laicos del Colegio San Juan Pablo II a la entrada del Monasterio de B\u00e0di El domingo 30 de marzo de 2025, la familia menesiana del sector sur de Senegal, compuesta principalmente por la comunidad educativa del colegio Juan Pablo II de Velingara, realiz\u00f3 su peregrinaci\u00f3n menesiana al flamante Monasterio de Notre Dame de [&hellip;]\" \/>\n<meta property=\"og:url\" content=\"https:\/\/www.lamennais.org\/es\/senegal-velingara-peregrinacion-menesiana-de-la-comunidad-educativa-del-colegio-san-juan-pablo-ii-de-velingara\/\" \/>\n<meta property=\"og:site_name\" content=\"LaMennais.org\" \/>\n<meta property=\"article:published_time\" content=\"2025-04-05T06:49:23+00:00\" \/>\n<meta property=\"article:modified_time\" content=\"2025-04-05T18:41:46+00:00\" \/>\n<meta property=\"og:image\" content=\"https:\/\/www.lamennais.org\/wp-content\/uploads\/2025\/04\/slide.jpg\" \/>\n\t<meta property=\"og:image:width\" content=\"1079\" \/>\n\t<meta property=\"og:image:height\" content=\"447\" \/>\n\t<meta property=\"og:image:type\" content=\"image\/jpeg\" \/>\n<meta name=\"author\" content=\"Herv\u00e9 Asse\" \/>\n<meta name=\"twitter:card\" content=\"summary_large_image\" \/>\n<meta name=\"twitter:label1\" content=\"Escrito por\" \/>\n\t<meta name=\"twitter:data1\" content=\"Herv\u00e9 Asse\" \/>\n\t<meta name=\"twitter:label2\" content=\"Tiempo de lectura\" \/>\n\t<meta name=\"twitter:data2\" content=\"3 minutos\" \/>\n<script type=\"application\/ld+json\" class=\"yoast-schema-graph\">{\"@context\":\"https:\\\/\\\/schema.org\",\"@graph\":[{\"@type\":\"Article\",\"@id\":\"https:\\\/\\\/www.lamennais.org\\\/es\\\/senegal-velingara-peregrinacion-menesiana-de-la-comunidad-educativa-del-colegio-san-juan-pablo-ii-de-velingara\\\/#article\",\"isPartOf\":{\"@id\":\"https:\\\/\\\/www.lamennais.org\\\/es\\\/senegal-velingara-peregrinacion-menesiana-de-la-comunidad-educativa-del-colegio-san-juan-pablo-ii-de-velingara\\\/\"},\"author\":{\"name\":\"Herv\u00e9 Asse\",\"@id\":\"https:\\\/\\\/www.lamennais.org\\\/#\\\/schema\\\/person\\\/2a8d6e8a95babedd5ba1c43afd2e3844\"},\"headline\":\"SENEGAL \u2013 VELINGARA: PEREGRINACI\u00d3N MENESIANA DE LA COMUNIDAD EDUCATIVA DEL COLEGIO SAN JUAN PABLO II DE VELINGARA\",\"datePublished\":\"2025-04-05T06:49:23+00:00\",\"dateModified\":\"2025-04-05T18:41:46+00:00\",\"mainEntityOfPage\":{\"@id\":\"https:\\\/\\\/www.lamennais.org\\\/es\\\/senegal-velingara-peregrinacion-menesiana-de-la-comunidad-educativa-del-colegio-san-juan-pablo-ii-de-velingara\\\/\"},\"wordCount\":434,\"image\":{\"@id\":\"https:\\\/\\\/www.lamennais.org\\\/es\\\/senegal-velingara-peregrinacion-menesiana-de-la-comunidad-educativa-del-colegio-san-juan-pablo-ii-de-velingara\\\/#primaryimage\"},\"thumbnailUrl\":\"https:\\\/\\\/www.lamennais.org\\\/wp-content\\\/uploads\\\/2025\\\/04\\\/slide.jpg\",\"articleSection\":[\"NOTICIAS\"],\"inLanguage\":\"es\"},{\"@type\":\"WebPage\",\"@id\":\"https:\\\/\\\/www.lamennais.org\\\/es\\\/senegal-velingara-peregrinacion-menesiana-de-la-comunidad-educativa-del-colegio-san-juan-pablo-ii-de-velingara\\\/\",\"url\":\"https:\\\/\\\/www.lamennais.org\\\/es\\\/senegal-velingara-peregrinacion-menesiana-de-la-comunidad-educativa-del-colegio-san-juan-pablo-ii-de-velingara\\\/\",\"name\":\"SENEGAL \u2013 VELINGARA: PEREGRINACI\u00d3N MENESIANA DE LA COMUNIDAD EDUCATIVA DEL COLEGIO SAN JUAN PABLO II DE VELINGARA - LaMennais.org\",\"isPartOf\":{\"@id\":\"https:\\\/\\\/www.lamennais.org\\\/#website\"},\"primaryImageOfPage\":{\"@id\":\"https:\\\/\\\/www.lamennais.org\\\/es\\\/senegal-velingara-peregrinacion-menesiana-de-la-comunidad-educativa-del-colegio-san-juan-pablo-ii-de-velingara\\\/#primaryimage\"},\"image\":{\"@id\":\"https:\\\/\\\/www.lamennais.org\\\/es\\\/senegal-velingara-peregrinacion-menesiana-de-la-comunidad-educativa-del-colegio-san-juan-pablo-ii-de-velingara\\\/#primaryimage\"},\"thumbnailUrl\":\"https:\\\/\\\/www.lamennais.org\\\/wp-content\\\/uploads\\\/2025\\\/04\\\/slide.jpg\",\"datePublished\":\"2025-04-05T06:49:23+00:00\",\"dateModified\":\"2025-04-05T18:41:46+00:00\",\"author\":{\"@id\":\"https:\\\/\\\/www.lamennais.org\\\/#\\\/schema\\\/person\\\/2a8d6e8a95babedd5ba1c43afd2e3844\"},\"breadcrumb\":{\"@id\":\"https:\\\/\\\/www.lamennais.org\\\/es\\\/senegal-velingara-peregrinacion-menesiana-de-la-comunidad-educativa-del-colegio-san-juan-pablo-ii-de-velingara\\\/#breadcrumb\"},\"inLanguage\":\"es\",\"potentialAction\":[{\"@type\":\"ReadAction\",\"target\":[\"https:\\\/\\\/www.lamennais.org\\\/es\\\/senegal-velingara-peregrinacion-menesiana-de-la-comunidad-educativa-del-colegio-san-juan-pablo-ii-de-velingara\\\/\"]}]},{\"@type\":\"ImageObject\",\"inLanguage\":\"es\",\"@id\":\"https:\\\/\\\/www.lamennais.org\\\/es\\\/senegal-velingara-peregrinacion-menesiana-de-la-comunidad-educativa-del-colegio-san-juan-pablo-ii-de-velingara\\\/#primaryimage\",\"url\":\"https:\\\/\\\/www.lamennais.org\\\/wp-content\\\/uploads\\\/2025\\\/04\\\/slide.jpg\",\"contentUrl\":\"https:\\\/\\\/www.lamennais.org\\\/wp-content\\\/uploads\\\/2025\\\/04\\\/slide.jpg\",\"width\":1079,\"height\":447},{\"@type\":\"BreadcrumbList\",\"@id\":\"https:\\\/\\\/www.lamennais.org\\\/es\\\/senegal-velingara-peregrinacion-menesiana-de-la-comunidad-educativa-del-colegio-san-juan-pablo-ii-de-velingara\\\/#breadcrumb\",\"itemListElement\":[{\"@type\":\"ListItem\",\"position\":1,\"name\":\"Accueil\",\"item\":\"https:\\\/\\\/www.lamennais.org\\\/\"},{\"@type\":\"ListItem\",\"position\":2,\"name\":\"SENEGAL \u2013 VELINGARA: PEREGRINACI\u00d3N MENESIANA DE LA COMUNIDAD EDUCATIVA DEL COLEGIO SAN JUAN PABLO II DE VELINGARA\"}]},{\"@type\":\"WebSite\",\"@id\":\"https:\\\/\\\/www.lamennais.org\\\/#website\",\"url\":\"https:\\\/\\\/www.lamennais.org\\\/\",\"name\":\"LaMennais.org\",\"description\":\"Fr\u00e8res de l&#039;Instruction Chr\u00e9tienne et Famille Mennaisienne\",\"potentialAction\":[{\"@type\":\"SearchAction\",\"target\":{\"@type\":\"EntryPoint\",\"urlTemplate\":\"https:\\\/\\\/www.lamennais.org\\\/?s={search_term_string}\"},\"query-input\":{\"@type\":\"PropertyValueSpecification\",\"valueRequired\":true,\"valueName\":\"search_term_string\"}}],\"inLanguage\":\"es\"},{\"@type\":\"Person\",\"@id\":\"https:\\\/\\\/www.lamennais.org\\\/#\\\/schema\\\/person\\\/2a8d6e8a95babedd5ba1c43afd2e3844\",\"name\":\"Herv\u00e9 Asse\",\"image\":{\"@type\":\"ImageObject\",\"inLanguage\":\"es\",\"@id\":\"https:\\\/\\\/secure.gravatar.com\\\/avatar\\\/1aaa7b1baf759c8b40525f40af381cbaa2b0ddd554f57145bceb0654ba45b4c0?s=96&d=mm&r=g\",\"url\":\"https:\\\/\\\/secure.gravatar.com\\\/avatar\\\/1aaa7b1baf759c8b40525f40af381cbaa2b0ddd554f57145bceb0654ba45b4c0?s=96&d=mm&r=g\",\"contentUrl\":\"https:\\\/\\\/secure.gravatar.com\\\/avatar\\\/1aaa7b1baf759c8b40525f40af381cbaa2b0ddd554f57145bceb0654ba45b4c0?s=96&d=mm&r=g\",\"caption\":\"Herv\u00e9 Asse\"}}]}<\/script>\n<!-- \/ Yoast SEO plugin. -->","yoast_head_json":{"title":"SENEGAL \u2013 VELINGARA: PEREGRINACI\u00d3N MENESIANA DE LA COMUNIDAD EDUCATIVA DEL COLEGIO SAN JUAN PABLO II DE VELINGARA - LaMennais.org","robots":{"index":"index","follow":"follow","max-snippet":"max-snippet:-1","max-image-preview":"max-image-preview:large","max-video-preview":"max-video-preview:-1"},"canonical":"https:\/\/www.lamennais.org\/es\/senegal-velingara-peregrinacion-menesiana-de-la-comunidad-educativa-del-colegio-san-juan-pablo-ii-de-velingara\/","og_locale":"es_ES","og_type":"article","og_title":"SENEGAL \u2013 VELINGARA: PEREGRINACI\u00d3N MENESIANA DE LA COMUNIDAD EDUCATIVA DEL COLEGIO SAN JUAN PABLO II DE VELINGARA - LaMennais.org","og_description":"Hermanos y laicos del Colegio San Juan Pablo II a la entrada del Monasterio de B\u00e0di El domingo 30 de marzo de 2025, la familia menesiana del sector sur de Senegal, compuesta principalmente por la comunidad educativa del colegio Juan Pablo II de Velingara, realiz\u00f3 su peregrinaci\u00f3n menesiana al flamante Monasterio de Notre Dame de [&hellip;]","og_url":"https:\/\/www.lamennais.org\/es\/senegal-velingara-peregrinacion-menesiana-de-la-comunidad-educativa-del-colegio-san-juan-pablo-ii-de-velingara\/","og_site_name":"LaMennais.org","article_published_time":"2025-04-05T06:49:23+00:00","article_modified_time":"2025-04-05T18:41:46+00:00","og_image":[{"width":1079,"height":447,"url":"https:\/\/www.lamennais.org\/wp-content\/uploads\/2025\/04\/slide.jpg","type":"image\/jpeg"}],"author":"Herv\u00e9 Asse","twitter_card":"summary_large_image","twitter_misc":{"Escrito por":"Herv\u00e9 Asse","Tiempo de lectura":"3 minutos"},"schema":{"@context":"https:\/\/schema.org","@graph":[{"@type":"Article","@id":"https:\/\/www.lamennais.org\/es\/senegal-velingara-peregrinacion-menesiana-de-la-comunidad-educativa-del-colegio-san-juan-pablo-ii-de-velingara\/#article","isPartOf":{"@id":"https:\/\/www.lamennais.org\/es\/senegal-velingara-peregrinacion-menesiana-de-la-comunidad-educativa-del-colegio-san-juan-pablo-ii-de-velingara\/"},"author":{"name":"Herv\u00e9 Asse","@id":"https:\/\/www.lamennais.org\/#\/schema\/person\/2a8d6e8a95babedd5ba1c43afd2e3844"},"headline":"SENEGAL \u2013 VELINGARA: PEREGRINACI\u00d3N MENESIANA DE LA COMUNIDAD EDUCATIVA DEL COLEGIO SAN JUAN PABLO II DE VELINGARA","datePublished":"2025-04-05T06:49:23+00:00","dateModified":"2025-04-05T18:41:46+00:00","mainEntityOfPage":{"@id":"https:\/\/www.lamennais.org\/es\/senegal-velingara-peregrinacion-menesiana-de-la-comunidad-educativa-del-colegio-san-juan-pablo-ii-de-velingara\/"},"wordCount":434,"image":{"@id":"https:\/\/www.lamennais.org\/es\/senegal-velingara-peregrinacion-menesiana-de-la-comunidad-educativa-del-colegio-san-juan-pablo-ii-de-velingara\/#primaryimage"},"thumbnailUrl":"https:\/\/www.lamennais.org\/wp-content\/uploads\/2025\/04\/slide.jpg","articleSection":["NOTICIAS"],"inLanguage":"es"},{"@type":"WebPage","@id":"https:\/\/www.lamennais.org\/es\/senegal-velingara-peregrinacion-menesiana-de-la-comunidad-educativa-del-colegio-san-juan-pablo-ii-de-velingara\/","url":"https:\/\/www.lamennais.org\/es\/senegal-velingara-peregrinacion-menesiana-de-la-comunidad-educativa-del-colegio-san-juan-pablo-ii-de-velingara\/","name":"SENEGAL \u2013 VELINGARA: PEREGRINACI\u00d3N MENESIANA DE LA COMUNIDAD EDUCATIVA DEL COLEGIO SAN JUAN PABLO II DE VELINGARA - LaMennais.org","isPartOf":{"@id":"https:\/\/www.lamennais.org\/#website"},"primaryImageOfPage":{"@id":"https:\/\/www.lamennais.org\/es\/senegal-velingara-peregrinacion-menesiana-de-la-comunidad-educativa-del-colegio-san-juan-pablo-ii-de-velingara\/#primaryimage"},"image":{"@id":"https:\/\/www.lamennais.org\/es\/senegal-velingara-peregrinacion-menesiana-de-la-comunidad-educativa-del-colegio-san-juan-pablo-ii-de-velingara\/#primaryimage"},"thumbnailUrl":"https:\/\/www.lamennais.org\/wp-content\/uploads\/2025\/04\/slide.jpg","datePublished":"2025-04-05T06:49:23+00:00","dateModified":"2025-04-05T18:41:46+00:00","author":{"@id":"https:\/\/www.lamennais.org\/#\/schema\/person\/2a8d6e8a95babedd5ba1c43afd2e3844"},"breadcrumb":{"@id":"https:\/\/www.lamennais.org\/es\/senegal-velingara-peregrinacion-menesiana-de-la-comunidad-educativa-del-colegio-san-juan-pablo-ii-de-velingara\/#breadcrumb"},"inLanguage":"es","potentialAction":[{"@type":"ReadAction","target":["https:\/\/www.lamennais.org\/es\/senegal-velingara-peregrinacion-menesiana-de-la-comunidad-educativa-del-colegio-san-juan-pablo-ii-de-velingara\/"]}]},{"@type":"ImageObject","inLanguage":"es","@id":"https:\/\/www.lamennais.org\/es\/senegal-velingara-peregrinacion-menesiana-de-la-comunidad-educativa-del-colegio-san-juan-pablo-ii-de-velingara\/#primaryimage","url":"https:\/\/www.lamennais.org\/wp-content\/uploads\/2025\/04\/slide.jpg","contentUrl":"https:\/\/www.lamennais.org\/wp-content\/uploads\/2025\/04\/slide.jpg","width":1079,"height":447},{"@type":"BreadcrumbList","@id":"https:\/\/www.lamennais.org\/es\/senegal-velingara-peregrinacion-menesiana-de-la-comunidad-educativa-del-colegio-san-juan-pablo-ii-de-velingara\/#breadcrumb","itemListElement":[{"@type":"ListItem","position":1,"name":"Accueil","item":"https:\/\/www.lamennais.org\/"},{"@type":"ListItem","position":2,"name":"SENEGAL \u2013 VELINGARA: PEREGRINACI\u00d3N MENESIANA DE LA COMUNIDAD EDUCATIVA DEL COLEGIO SAN JUAN PABLO II DE VELINGARA"}]},{"@type":"WebSite","@id":"https:\/\/www.lamennais.org\/#website","url":"https:\/\/www.lamennais.org\/","name":"LaMennais.org","description":"Fr\u00e8res de l&#039;Instruction Chr\u00e9tienne et Famille Mennaisienne","potentialAction":[{"@type":"SearchAction","target":{"@type":"EntryPoint","urlTemplate":"https:\/\/www.lamennais.org\/?s={search_term_string}"},"query-input":{"@type":"PropertyValueSpecification","valueRequired":true,"valueName":"search_term_string"}}],"inLanguage":"es"},{"@type":"Person","@id":"https:\/\/www.lamennais.org\/#\/schema\/person\/2a8d6e8a95babedd5ba1c43afd2e3844","name":"Herv\u00e9 Asse","image":{"@type":"ImageObject","inLanguage":"es","@id":"https:\/\/secure.gravatar.com\/avatar\/1aaa7b1baf759c8b40525f40af381cbaa2b0ddd554f57145bceb0654ba45b4c0?s=96&d=mm&r=g","url":"https:\/\/secure.gravatar.com\/avatar\/1aaa7b1baf759c8b40525f40af381cbaa2b0ddd554f57145bceb0654ba45b4c0?s=96&d=mm&r=g","contentUrl":"https:\/\/secure.gravatar.com\/avatar\/1aaa7b1baf759c8b40525f40af381cbaa2b0ddd554f57145bceb0654ba45b4c0?s=96&d=mm&r=g","caption":"Herv\u00e9 Asse"}}]}},"_links":{"self":[{"href":"https:\/\/www.lamennais.org\/es\/wp-json\/wp\/v2\/posts\/45445","targetHints":{"allow":["GET"]}}],"collection":[{"href":"https:\/\/www.lamennais.org\/es\/wp-json\/wp\/v2\/posts"}],"about":[{"href":"https:\/\/www.lamennais.org\/es\/wp-json\/wp\/v2\/types\/post"}],"author":[{"embeddable":true,"href":"https:\/\/www.lamennais.org\/es\/wp-json\/wp\/v2\/users\/3"}],"replies":[{"embeddable":true,"href":"https:\/\/www.lamennais.org\/es\/wp-json\/wp\/v2\/comments?post=45445"}],"version-history":[{"count":1,"href":"https:\/\/www.lamennais.org\/es\/wp-json\/wp\/v2\/posts\/45445\/revisions"}],"predecessor-version":[{"id":45446,"href":"https:\/\/www.lamennais.org\/es\/wp-json\/wp\/v2\/posts\/45445\/revisions\/45446"}],"wp:featuredmedia":[{"embeddable":true,"href":"https:\/\/www.lamennais.org\/es\/wp-json\/wp\/v2\/media\/45403"}],"wp:attachment":[{"href":"https:\/\/www.lamennais.org\/es\/wp-json\/wp\/v2\/media?parent=45445"}],"wp:term":[{"taxonomy":"category","embeddable":true,"href":"https:\/\/www.lamennais.org\/es\/wp-json\/wp\/v2\/categories?post=45445"},{"taxonomy":"post_tag","embeddable":true,"href":"https:\/\/www.lamennais.org\/es\/wp-json\/wp\/v2\/tags?post=45445"}],"curies":[{"name":"wp","href":"https:\/\/api.w.org\/{rel}","templated":true}]}}