{"id":45334,"date":"2025-04-01T17:05:22","date_gmt":"2025-04-01T15:05:22","guid":{"rendered":"https:\/\/www.lamennais.org\/?p=45334"},"modified":"2025-04-02T16:15:26","modified_gmt":"2025-04-02T14:15:26","slug":"sudan-del-sur-riimenze-colegio-nuestra-senora-de-la-asuncion","status":"publish","type":"post","link":"https:\/\/www.lamennais.org\/es\/sudan-del-sur-riimenze-colegio-nuestra-senora-de-la-asuncion\/","title":{"rendered":"SUD\u00c1N DEL SUR: RIIMENZE \u2013 Colegio Nuestra Se\u00f1ora de la Asunci\u00f3n"},"content":{"rendered":"<p><strong>Recordatorio: Los Hermanos de Uganda fundaron una comunidad en Riimenze en 2013, en Sud\u00e1n del Sur, en el coraz\u00f3n de una regi\u00f3n rural relativamente pobre. Primero se construy\u00f3 una casa comunitaria, seguida por una escuela primaria en una segunda fase, con el apoyo de ONG de toda la Congregaci\u00f3n.<\/strong><\/p>\n<p><img fetchpriority=\"high\" decoding=\"async\" class=\"alignleft size-medium wp-image-45315\" src=\"https:\/\/www.lamennais.org\/wp-content\/uploads\/2025\/04\/Sud-Soudan-2024-300x300.jpg\" alt=\"\" width=\"300\" height=\"300\" srcset=\"https:\/\/www.lamennais.org\/wp-content\/uploads\/2025\/04\/Sud-Soudan-2024-300x300.jpg 300w, https:\/\/www.lamennais.org\/wp-content\/uploads\/2025\/04\/Sud-Soudan-2024-150x150.jpg 150w, https:\/\/www.lamennais.org\/wp-content\/uploads\/2025\/04\/Sud-Soudan-2024-768x767.jpg 768w, https:\/\/www.lamennais.org\/wp-content\/uploads\/2025\/04\/Sud-Soudan-2024-260x260.jpg 260w, https:\/\/www.lamennais.org\/wp-content\/uploads\/2025\/04\/Sud-Soudan-2024.jpg 869w\" sizes=\"(max-width: 300px) 100vw, 300px\" \/><\/p>\n<p><img decoding=\"async\" class=\"size-medium wp-image-45360 alignright\" src=\"https:\/\/www.lamennais.org\/wp-content\/uploads\/2025\/04\/SS-11-e1743603182875-239x300.jpg\" alt=\"\" width=\"239\" height=\"300\" srcset=\"https:\/\/www.lamennais.org\/wp-content\/uploads\/2025\/04\/SS-11-e1743603182875-239x300.jpg 239w, https:\/\/www.lamennais.org\/wp-content\/uploads\/2025\/04\/SS-11-e1743603182875-260x327.jpg 260w, https:\/\/www.lamennais.org\/wp-content\/uploads\/2025\/04\/SS-11-e1743603182875.jpg 636w\" sizes=\"(max-width: 239px) 100vw, 239px\" \/>Tras retrasos debidos a la inestabilidad pol\u00edtica, la escuela pudo abrir en 2018. Actualmente, la inestabilidad pol\u00edtica no siempre permite el funcionamiento regular de las actividades educativas, que a menudo deben suspenderse. Sin embargo, los Hermanos siguen siendo valientes, apoyados por la comunidad local, que garantiza su protecci\u00f3n. A pesar de estas dificultades, las vocaciones menesianas comienzan a florecer en este pa\u00eds: las primeras postulantes de Sud\u00e1n del Sur ya se han unido al grupo de postulantes ugandeses en Kisubi.<\/p>\n<p>\u00a1En 2024 hab\u00eda m\u00e1s de 880 estudiantes, incluidos 720 internos! \u00a1La escuela sigue creciendo!<\/p>\n<p>\u00ab<em> Aqu\u00ed, en la Escuela Primaria Nuestra Se\u00f1ora de la Asunci\u00f3n, como en toda la Iglesia Cat\u00f3lica, iniciamos la Cuaresma el Mi\u00e9rcoles de Ceniza con la imposici\u00f3n de la ceniza en la frente; este signo cristiano nos invita a alejarnos del pecado y a ser fieles al Evangelio.\u201d<\/em><\/p>\n<p><em><img decoding=\"async\" class=\"alignleft size-large wp-image-45357\" src=\"https:\/\/www.lamennais.org\/wp-content\/uploads\/2025\/04\/SS-12-e1743603307155-1024x473.jpg\" alt=\"\" width=\"860\" height=\"397\" srcset=\"https:\/\/www.lamennais.org\/wp-content\/uploads\/2025\/04\/SS-12-e1743603307155-1024x473.jpg 1024w, https:\/\/www.lamennais.org\/wp-content\/uploads\/2025\/04\/SS-12-e1743603307155-300x139.jpg 300w, https:\/\/www.lamennais.org\/wp-content\/uploads\/2025\/04\/SS-12-e1743603307155-768x355.jpg 768w, https:\/\/www.lamennais.org\/wp-content\/uploads\/2025\/04\/SS-12-e1743603307155-260x120.jpg 260w, https:\/\/www.lamennais.org\/wp-content\/uploads\/2025\/04\/SS-12-e1743603307155.jpg 1378w\" sizes=\"(max-width: 860px) 100vw, 860px\" \/>\u201cTodos los viernes, con los estudiantes, experimentamos el V\u00eda Crucis. Los estudiantes se turnan para llevar la cruz mientras meditamos sobre las 14 Estaciones del V\u00eda Crucis. Seguiremos as\u00ed hasta el Viernes Santo.\u201d<\/em><\/p>\n<p>&nbsp;<\/p>\n<p><strong><em>Testimonio del Hermano Eugenio, Riimenze.<\/em><\/strong><\/p>\n<p><span style=\"color: #0000ff;\"><strong>Este testimonio invita a todos los centros menesianos a compartirlo en la p\u00e1gina Web <\/strong><a style=\"color: #0000ff;\" href=\"http:\/\/www.lamennais.org\"><strong>www.lamennais.org<\/strong><\/a><strong>\u00a0 todo lo que se experimenta en este tiempo de Cuaresma: un modo de vivir en comuni\u00f3n unos con otros, y para animarnos, durante este a\u00f1o jubilar, \u00a1a mantener viva la Esperanza en nuestros corazones!<\/strong><\/span><\/p>\n<h4><\/h4>\n","protected":false},"excerpt":{"rendered":"<p>Recordatorio: Los Hermanos de Uganda fundaron una comunidad en Riimenze en 2013, en Sud\u00e1n del Sur, en el coraz\u00f3n de una regi\u00f3n rural relativamente pobre. Primero se construy\u00f3 una casa comunitaria, seguida por una escuela primaria en una segunda fase, con el apoyo de ONG de toda la Congregaci\u00f3n. Tras retrasos debidos a la inestabilidad [&hellip;]<\/p>\n","protected":false},"author":3,"featured_media":45354,"comment_status":"closed","ping_status":"closed","sticky":false,"template":"","format":"standard","meta":{"footnotes":""},"categories":[105],"tags":[],"class_list":["post-45334","post","type-post","status-publish","format-standard","has-post-thumbnail","hentry","category-noticias"],"yoast_head":"<!-- This site is optimized with the Yoast SEO plugin v27.5 - https:\/\/yoast.com\/product\/yoast-seo-wordpress\/ -->\n<title>SUD\u00c1N DEL SUR: RIIMENZE \u2013 Colegio Nuestra Se\u00f1ora de la Asunci\u00f3n - LaMennais.org<\/title>\n<meta name=\"robots\" content=\"index, follow, max-snippet:-1, max-image-preview:large, max-video-preview:-1\" \/>\n<link rel=\"canonical\" href=\"https:\/\/www.lamennais.org\/es\/sudan-del-sur-riimenze-colegio-nuestra-senora-de-la-asuncion\/\" \/>\n<meta property=\"og:locale\" content=\"es_ES\" \/>\n<meta property=\"og:type\" content=\"article\" \/>\n<meta property=\"og:title\" content=\"SUD\u00c1N DEL SUR: RIIMENZE \u2013 Colegio Nuestra Se\u00f1ora de la Asunci\u00f3n - LaMennais.org\" \/>\n<meta property=\"og:description\" content=\"Recordatorio: Los Hermanos de Uganda fundaron una comunidad en Riimenze en 2013, en Sud\u00e1n del Sur, en el coraz\u00f3n de una regi\u00f3n rural relativamente pobre. Primero se construy\u00f3 una casa comunitaria, seguida por una escuela primaria en una segunda fase, con el apoyo de ONG de toda la Congregaci\u00f3n. Tras retrasos debidos a la inestabilidad [&hellip;]\" \/>\n<meta property=\"og:url\" content=\"https:\/\/www.lamennais.org\/es\/sudan-del-sur-riimenze-colegio-nuestra-senora-de-la-asuncion\/\" \/>\n<meta property=\"og:site_name\" content=\"LaMennais.org\" \/>\n<meta property=\"article:published_time\" content=\"2025-04-01T15:05:22+00:00\" \/>\n<meta property=\"article:modified_time\" content=\"2025-04-02T14:15:26+00:00\" \/>\n<meta property=\"og:image\" content=\"https:\/\/www.lamennais.org\/wp-content\/uploads\/2025\/04\/SS-13-e1743603236331.jpg\" \/>\n\t<meta property=\"og:image:width\" content=\"1378\" \/>\n\t<meta property=\"og:image:height\" content=\"637\" \/>\n\t<meta property=\"og:image:type\" content=\"image\/jpeg\" \/>\n<meta name=\"author\" content=\"Herv\u00e9 Asse\" \/>\n<meta name=\"twitter:card\" content=\"summary_large_image\" \/>\n<meta name=\"twitter:label1\" content=\"Escrito por\" \/>\n\t<meta name=\"twitter:data1\" content=\"Herv\u00e9 Asse\" \/>\n\t<meta name=\"twitter:label2\" content=\"Tiempo de lectura\" \/>\n\t<meta name=\"twitter:data2\" content=\"3 minutos\" \/>\n<script type=\"application\/ld+json\" class=\"yoast-schema-graph\">{\"@context\":\"https:\\\/\\\/schema.org\",\"@graph\":[{\"@type\":\"Article\",\"@id\":\"https:\\\/\\\/www.lamennais.org\\\/es\\\/sudan-del-sur-riimenze-colegio-nuestra-senora-de-la-asuncion\\\/#article\",\"isPartOf\":{\"@id\":\"https:\\\/\\\/www.lamennais.org\\\/es\\\/sudan-del-sur-riimenze-colegio-nuestra-senora-de-la-asuncion\\\/\"},\"author\":{\"name\":\"Herv\u00e9 Asse\",\"@id\":\"https:\\\/\\\/www.lamennais.org\\\/#\\\/schema\\\/person\\\/2a8d6e8a95babedd5ba1c43afd2e3844\"},\"headline\":\"SUD\u00c1N DEL SUR: RIIMENZE \u2013 Colegio Nuestra Se\u00f1ora de la Asunci\u00f3n\",\"datePublished\":\"2025-04-01T15:05:22+00:00\",\"dateModified\":\"2025-04-02T14:15:26+00:00\",\"mainEntityOfPage\":{\"@id\":\"https:\\\/\\\/www.lamennais.org\\\/es\\\/sudan-del-sur-riimenze-colegio-nuestra-senora-de-la-asuncion\\\/\"},\"wordCount\":308,\"image\":{\"@id\":\"https:\\\/\\\/www.lamennais.org\\\/es\\\/sudan-del-sur-riimenze-colegio-nuestra-senora-de-la-asuncion\\\/#primaryimage\"},\"thumbnailUrl\":\"https:\\\/\\\/www.lamennais.org\\\/wp-content\\\/uploads\\\/2025\\\/04\\\/SS-13-e1743603236331.jpg\",\"articleSection\":[\"NOTICIAS\"],\"inLanguage\":\"es\"},{\"@type\":\"WebPage\",\"@id\":\"https:\\\/\\\/www.lamennais.org\\\/es\\\/sudan-del-sur-riimenze-colegio-nuestra-senora-de-la-asuncion\\\/\",\"url\":\"https:\\\/\\\/www.lamennais.org\\\/es\\\/sudan-del-sur-riimenze-colegio-nuestra-senora-de-la-asuncion\\\/\",\"name\":\"SUD\u00c1N DEL SUR: RIIMENZE \u2013 Colegio Nuestra Se\u00f1ora de la Asunci\u00f3n - LaMennais.org\",\"isPartOf\":{\"@id\":\"https:\\\/\\\/www.lamennais.org\\\/#website\"},\"primaryImageOfPage\":{\"@id\":\"https:\\\/\\\/www.lamennais.org\\\/es\\\/sudan-del-sur-riimenze-colegio-nuestra-senora-de-la-asuncion\\\/#primaryimage\"},\"image\":{\"@id\":\"https:\\\/\\\/www.lamennais.org\\\/es\\\/sudan-del-sur-riimenze-colegio-nuestra-senora-de-la-asuncion\\\/#primaryimage\"},\"thumbnailUrl\":\"https:\\\/\\\/www.lamennais.org\\\/wp-content\\\/uploads\\\/2025\\\/04\\\/SS-13-e1743603236331.jpg\",\"datePublished\":\"2025-04-01T15:05:22+00:00\",\"dateModified\":\"2025-04-02T14:15:26+00:00\",\"author\":{\"@id\":\"https:\\\/\\\/www.lamennais.org\\\/#\\\/schema\\\/person\\\/2a8d6e8a95babedd5ba1c43afd2e3844\"},\"breadcrumb\":{\"@id\":\"https:\\\/\\\/www.lamennais.org\\\/es\\\/sudan-del-sur-riimenze-colegio-nuestra-senora-de-la-asuncion\\\/#breadcrumb\"},\"inLanguage\":\"es\",\"potentialAction\":[{\"@type\":\"ReadAction\",\"target\":[\"https:\\\/\\\/www.lamennais.org\\\/es\\\/sudan-del-sur-riimenze-colegio-nuestra-senora-de-la-asuncion\\\/\"]}]},{\"@type\":\"ImageObject\",\"inLanguage\":\"es\",\"@id\":\"https:\\\/\\\/www.lamennais.org\\\/es\\\/sudan-del-sur-riimenze-colegio-nuestra-senora-de-la-asuncion\\\/#primaryimage\",\"url\":\"https:\\\/\\\/www.lamennais.org\\\/wp-content\\\/uploads\\\/2025\\\/04\\\/SS-13-e1743603236331.jpg\",\"contentUrl\":\"https:\\\/\\\/www.lamennais.org\\\/wp-content\\\/uploads\\\/2025\\\/04\\\/SS-13-e1743603236331.jpg\",\"width\":1378,\"height\":637},{\"@type\":\"BreadcrumbList\",\"@id\":\"https:\\\/\\\/www.lamennais.org\\\/es\\\/sudan-del-sur-riimenze-colegio-nuestra-senora-de-la-asuncion\\\/#breadcrumb\",\"itemListElement\":[{\"@type\":\"ListItem\",\"position\":1,\"name\":\"Accueil\",\"item\":\"https:\\\/\\\/www.lamennais.org\\\/\"},{\"@type\":\"ListItem\",\"position\":2,\"name\":\"SUD\u00c1N DEL SUR: RIIMENZE \u2013 Colegio Nuestra Se\u00f1ora de la Asunci\u00f3n\"}]},{\"@type\":\"WebSite\",\"@id\":\"https:\\\/\\\/www.lamennais.org\\\/#website\",\"url\":\"https:\\\/\\\/www.lamennais.org\\\/\",\"name\":\"LaMennais.org\",\"description\":\"Fr\u00e8res de l&#039;Instruction Chr\u00e9tienne et Famille Mennaisienne\",\"potentialAction\":[{\"@type\":\"SearchAction\",\"target\":{\"@type\":\"EntryPoint\",\"urlTemplate\":\"https:\\\/\\\/www.lamennais.org\\\/?s={search_term_string}\"},\"query-input\":{\"@type\":\"PropertyValueSpecification\",\"valueRequired\":true,\"valueName\":\"search_term_string\"}}],\"inLanguage\":\"es\"},{\"@type\":\"Person\",\"@id\":\"https:\\\/\\\/www.lamennais.org\\\/#\\\/schema\\\/person\\\/2a8d6e8a95babedd5ba1c43afd2e3844\",\"name\":\"Herv\u00e9 Asse\",\"image\":{\"@type\":\"ImageObject\",\"inLanguage\":\"es\",\"@id\":\"https:\\\/\\\/secure.gravatar.com\\\/avatar\\\/1aaa7b1baf759c8b40525f40af381cbaa2b0ddd554f57145bceb0654ba45b4c0?s=96&d=mm&r=g\",\"url\":\"https:\\\/\\\/secure.gravatar.com\\\/avatar\\\/1aaa7b1baf759c8b40525f40af381cbaa2b0ddd554f57145bceb0654ba45b4c0?s=96&d=mm&r=g\",\"contentUrl\":\"https:\\\/\\\/secure.gravatar.com\\\/avatar\\\/1aaa7b1baf759c8b40525f40af381cbaa2b0ddd554f57145bceb0654ba45b4c0?s=96&d=mm&r=g\",\"caption\":\"Herv\u00e9 Asse\"}}]}<\/script>\n<!-- \/ Yoast SEO plugin. -->","yoast_head_json":{"title":"SUD\u00c1N DEL SUR: RIIMENZE \u2013 Colegio Nuestra Se\u00f1ora de la Asunci\u00f3n - LaMennais.org","robots":{"index":"index","follow":"follow","max-snippet":"max-snippet:-1","max-image-preview":"max-image-preview:large","max-video-preview":"max-video-preview:-1"},"canonical":"https:\/\/www.lamennais.org\/es\/sudan-del-sur-riimenze-colegio-nuestra-senora-de-la-asuncion\/","og_locale":"es_ES","og_type":"article","og_title":"SUD\u00c1N DEL SUR: RIIMENZE \u2013 Colegio Nuestra Se\u00f1ora de la Asunci\u00f3n - LaMennais.org","og_description":"Recordatorio: Los Hermanos de Uganda fundaron una comunidad en Riimenze en 2013, en Sud\u00e1n del Sur, en el coraz\u00f3n de una regi\u00f3n rural relativamente pobre. Primero se construy\u00f3 una casa comunitaria, seguida por una escuela primaria en una segunda fase, con el apoyo de ONG de toda la Congregaci\u00f3n. Tras retrasos debidos a la inestabilidad [&hellip;]","og_url":"https:\/\/www.lamennais.org\/es\/sudan-del-sur-riimenze-colegio-nuestra-senora-de-la-asuncion\/","og_site_name":"LaMennais.org","article_published_time":"2025-04-01T15:05:22+00:00","article_modified_time":"2025-04-02T14:15:26+00:00","og_image":[{"width":1378,"height":637,"url":"https:\/\/www.lamennais.org\/wp-content\/uploads\/2025\/04\/SS-13-e1743603236331.jpg","type":"image\/jpeg"}],"author":"Herv\u00e9 Asse","twitter_card":"summary_large_image","twitter_misc":{"Escrito por":"Herv\u00e9 Asse","Tiempo de lectura":"3 minutos"},"schema":{"@context":"https:\/\/schema.org","@graph":[{"@type":"Article","@id":"https:\/\/www.lamennais.org\/es\/sudan-del-sur-riimenze-colegio-nuestra-senora-de-la-asuncion\/#article","isPartOf":{"@id":"https:\/\/www.lamennais.org\/es\/sudan-del-sur-riimenze-colegio-nuestra-senora-de-la-asuncion\/"},"author":{"name":"Herv\u00e9 Asse","@id":"https:\/\/www.lamennais.org\/#\/schema\/person\/2a8d6e8a95babedd5ba1c43afd2e3844"},"headline":"SUD\u00c1N DEL SUR: RIIMENZE \u2013 Colegio Nuestra Se\u00f1ora de la Asunci\u00f3n","datePublished":"2025-04-01T15:05:22+00:00","dateModified":"2025-04-02T14:15:26+00:00","mainEntityOfPage":{"@id":"https:\/\/www.lamennais.org\/es\/sudan-del-sur-riimenze-colegio-nuestra-senora-de-la-asuncion\/"},"wordCount":308,"image":{"@id":"https:\/\/www.lamennais.org\/es\/sudan-del-sur-riimenze-colegio-nuestra-senora-de-la-asuncion\/#primaryimage"},"thumbnailUrl":"https:\/\/www.lamennais.org\/wp-content\/uploads\/2025\/04\/SS-13-e1743603236331.jpg","articleSection":["NOTICIAS"],"inLanguage":"es"},{"@type":"WebPage","@id":"https:\/\/www.lamennais.org\/es\/sudan-del-sur-riimenze-colegio-nuestra-senora-de-la-asuncion\/","url":"https:\/\/www.lamennais.org\/es\/sudan-del-sur-riimenze-colegio-nuestra-senora-de-la-asuncion\/","name":"SUD\u00c1N DEL SUR: RIIMENZE \u2013 Colegio Nuestra Se\u00f1ora de la Asunci\u00f3n - LaMennais.org","isPartOf":{"@id":"https:\/\/www.lamennais.org\/#website"},"primaryImageOfPage":{"@id":"https:\/\/www.lamennais.org\/es\/sudan-del-sur-riimenze-colegio-nuestra-senora-de-la-asuncion\/#primaryimage"},"image":{"@id":"https:\/\/www.lamennais.org\/es\/sudan-del-sur-riimenze-colegio-nuestra-senora-de-la-asuncion\/#primaryimage"},"thumbnailUrl":"https:\/\/www.lamennais.org\/wp-content\/uploads\/2025\/04\/SS-13-e1743603236331.jpg","datePublished":"2025-04-01T15:05:22+00:00","dateModified":"2025-04-02T14:15:26+00:00","author":{"@id":"https:\/\/www.lamennais.org\/#\/schema\/person\/2a8d6e8a95babedd5ba1c43afd2e3844"},"breadcrumb":{"@id":"https:\/\/www.lamennais.org\/es\/sudan-del-sur-riimenze-colegio-nuestra-senora-de-la-asuncion\/#breadcrumb"},"inLanguage":"es","potentialAction":[{"@type":"ReadAction","target":["https:\/\/www.lamennais.org\/es\/sudan-del-sur-riimenze-colegio-nuestra-senora-de-la-asuncion\/"]}]},{"@type":"ImageObject","inLanguage":"es","@id":"https:\/\/www.lamennais.org\/es\/sudan-del-sur-riimenze-colegio-nuestra-senora-de-la-asuncion\/#primaryimage","url":"https:\/\/www.lamennais.org\/wp-content\/uploads\/2025\/04\/SS-13-e1743603236331.jpg","contentUrl":"https:\/\/www.lamennais.org\/wp-content\/uploads\/2025\/04\/SS-13-e1743603236331.jpg","width":1378,"height":637},{"@type":"BreadcrumbList","@id":"https:\/\/www.lamennais.org\/es\/sudan-del-sur-riimenze-colegio-nuestra-senora-de-la-asuncion\/#breadcrumb","itemListElement":[{"@type":"ListItem","position":1,"name":"Accueil","item":"https:\/\/www.lamennais.org\/"},{"@type":"ListItem","position":2,"name":"SUD\u00c1N DEL SUR: RIIMENZE \u2013 Colegio Nuestra Se\u00f1ora de la Asunci\u00f3n"}]},{"@type":"WebSite","@id":"https:\/\/www.lamennais.org\/#website","url":"https:\/\/www.lamennais.org\/","name":"LaMennais.org","description":"Fr\u00e8res de l&#039;Instruction Chr\u00e9tienne et Famille Mennaisienne","potentialAction":[{"@type":"SearchAction","target":{"@type":"EntryPoint","urlTemplate":"https:\/\/www.lamennais.org\/?s={search_term_string}"},"query-input":{"@type":"PropertyValueSpecification","valueRequired":true,"valueName":"search_term_string"}}],"inLanguage":"es"},{"@type":"Person","@id":"https:\/\/www.lamennais.org\/#\/schema\/person\/2a8d6e8a95babedd5ba1c43afd2e3844","name":"Herv\u00e9 Asse","image":{"@type":"ImageObject","inLanguage":"es","@id":"https:\/\/secure.gravatar.com\/avatar\/1aaa7b1baf759c8b40525f40af381cbaa2b0ddd554f57145bceb0654ba45b4c0?s=96&d=mm&r=g","url":"https:\/\/secure.gravatar.com\/avatar\/1aaa7b1baf759c8b40525f40af381cbaa2b0ddd554f57145bceb0654ba45b4c0?s=96&d=mm&r=g","contentUrl":"https:\/\/secure.gravatar.com\/avatar\/1aaa7b1baf759c8b40525f40af381cbaa2b0ddd554f57145bceb0654ba45b4c0?s=96&d=mm&r=g","caption":"Herv\u00e9 Asse"}}]}},"_links":{"self":[{"href":"https:\/\/www.lamennais.org\/es\/wp-json\/wp\/v2\/posts\/45334","targetHints":{"allow":["GET"]}}],"collection":[{"href":"https:\/\/www.lamennais.org\/es\/wp-json\/wp\/v2\/posts"}],"about":[{"href":"https:\/\/www.lamennais.org\/es\/wp-json\/wp\/v2\/types\/post"}],"author":[{"embeddable":true,"href":"https:\/\/www.lamennais.org\/es\/wp-json\/wp\/v2\/users\/3"}],"replies":[{"embeddable":true,"href":"https:\/\/www.lamennais.org\/es\/wp-json\/wp\/v2\/comments?post=45334"}],"version-history":[{"count":5,"href":"https:\/\/www.lamennais.org\/es\/wp-json\/wp\/v2\/posts\/45334\/revisions"}],"predecessor-version":[{"id":45367,"href":"https:\/\/www.lamennais.org\/es\/wp-json\/wp\/v2\/posts\/45334\/revisions\/45367"}],"wp:featuredmedia":[{"embeddable":true,"href":"https:\/\/www.lamennais.org\/es\/wp-json\/wp\/v2\/media\/45354"}],"wp:attachment":[{"href":"https:\/\/www.lamennais.org\/es\/wp-json\/wp\/v2\/media?parent=45334"}],"wp:term":[{"taxonomy":"category","embeddable":true,"href":"https:\/\/www.lamennais.org\/es\/wp-json\/wp\/v2\/categories?post=45334"},{"taxonomy":"post_tag","embeddable":true,"href":"https:\/\/www.lamennais.org\/es\/wp-json\/wp\/v2\/tags?post=45334"}],"curies":[{"name":"wp","href":"https:\/\/api.w.org\/{rel}","templated":true}]}}