{"id":45087,"date":"2025-03-13T10:54:32","date_gmt":"2025-03-13T09:54:32","guid":{"rendered":"https:\/\/www.lamennais.org\/?p=45087"},"modified":"2025-03-13T14:58:28","modified_gmt":"2025-03-13T13:58:28","slug":"italia-roma-noticias-desde-la-casa-generalicia","status":"publish","type":"post","link":"https:\/\/www.lamennais.org\/es\/italia-roma-noticias-desde-la-casa-generalicia\/","title":{"rendered":"ITALIA \u2013 ROMA: noticias desde la Casa Generalicia"},"content":{"rendered":"<p><strong>Una de las misiones de la Casa Generalicia en Roma es la de acoger y, desde febrero, \u00a1no han faltado los encuentros en la Casa Generalicia!<\/strong><\/p>\n<div id=\"attachment_45016\" style=\"width: 870px\" class=\"wp-caption aligncenter\"><img fetchpriority=\"high\" decoding=\"async\" aria-describedby=\"caption-attachment-45016\" class=\"wp-image-45016 size-large\" src=\"https:\/\/www.lamennais.org\/wp-content\/uploads\/2025\/03\/Immagine-WhatsApp-2025-03-12-ore-15.56.29_6b1bed19-1024x576.jpg\" alt=\"\" width=\"860\" height=\"484\" srcset=\"https:\/\/www.lamennais.org\/wp-content\/uploads\/2025\/03\/Immagine-WhatsApp-2025-03-12-ore-15.56.29_6b1bed19-1024x576.jpg 1024w, https:\/\/www.lamennais.org\/wp-content\/uploads\/2025\/03\/Immagine-WhatsApp-2025-03-12-ore-15.56.29_6b1bed19-300x169.jpg 300w, https:\/\/www.lamennais.org\/wp-content\/uploads\/2025\/03\/Immagine-WhatsApp-2025-03-12-ore-15.56.29_6b1bed19-768x432.jpg 768w, https:\/\/www.lamennais.org\/wp-content\/uploads\/2025\/03\/Immagine-WhatsApp-2025-03-12-ore-15.56.29_6b1bed19-260x146.jpg 260w, https:\/\/www.lamennais.org\/wp-content\/uploads\/2025\/03\/Immagine-WhatsApp-2025-03-12-ore-15.56.29_6b1bed19.jpg 1152w\" sizes=\"(max-width: 860px) 100vw, 860px\" \/><p id=\"caption-attachment-45016\" class=\"wp-caption-text\"><strong><em>Los Padres de Santiago celebrando la Eucarist\u00eda en nuestra capilla.<\/em><\/strong><\/p><\/div>\n<p>\u00a1Y en primer lugar, peregrinos! \u00a1El a\u00f1o jubilar obliga!<\/p>\n<p>* <strong>5 sacerdotes haitianos de la Sociedad de Saint-Jacques<\/strong> (en parroquias de Finisterre o de C\u00f4tes d&#8217;Armor, o en misi\u00f3n en Guiclan, en la Casa Generalicia).<\/p>\n<p>* 2 peregrinos de B\u00e9lgica: <strong>Andrea Maria y Maria Angelica<\/strong><\/p>\n<div id=\"attachment_45065\" style=\"width: 870px\" class=\"wp-caption alignleft\"><img decoding=\"async\" aria-describedby=\"caption-attachment-45065\" class=\"wp-image-45065 size-large\" src=\"https:\/\/www.lamennais.org\/wp-content\/uploads\/2025\/03\/Immagine-WhatsApp-2025-02-07-ore-13.05.51_d06287fb-1024x576.jpg\" alt=\"\" width=\"860\" height=\"484\" srcset=\"https:\/\/www.lamennais.org\/wp-content\/uploads\/2025\/03\/Immagine-WhatsApp-2025-02-07-ore-13.05.51_d06287fb-1024x576.jpg 1024w, https:\/\/www.lamennais.org\/wp-content\/uploads\/2025\/03\/Immagine-WhatsApp-2025-02-07-ore-13.05.51_d06287fb-300x169.jpg 300w, https:\/\/www.lamennais.org\/wp-content\/uploads\/2025\/03\/Immagine-WhatsApp-2025-02-07-ore-13.05.51_d06287fb-768x432.jpg 768w, https:\/\/www.lamennais.org\/wp-content\/uploads\/2025\/03\/Immagine-WhatsApp-2025-02-07-ore-13.05.51_d06287fb-1536x864.jpg 1536w, https:\/\/www.lamennais.org\/wp-content\/uploads\/2025\/03\/Immagine-WhatsApp-2025-02-07-ore-13.05.51_d06287fb-260x146.jpg 260w, https:\/\/www.lamennais.org\/wp-content\/uploads\/2025\/03\/Immagine-WhatsApp-2025-02-07-ore-13.05.51_d06287fb.jpg 2016w\" sizes=\"(max-width: 860px) 100vw, 860px\" \/><p id=\"caption-attachment-45065\" class=\"wp-caption-text\"><strong><em>Padre Francis Byaruhanga, en la comida con la comunidad \u2013<\/em><\/strong><\/p><\/div>\n<div id=\"attachment_45068\" style=\"width: 235px\" class=\"wp-caption alignright\"><img decoding=\"async\" aria-describedby=\"caption-attachment-45068\" class=\"wp-image-45068 size-medium\" src=\"https:\/\/www.lamennais.org\/wp-content\/uploads\/2025\/03\/Immagine-WhatsApp-2025-02-07-ore-14.08.13_bb4431eb-225x300.jpg\" alt=\"\" width=\"225\" height=\"300\" srcset=\"https:\/\/www.lamennais.org\/wp-content\/uploads\/2025\/03\/Immagine-WhatsApp-2025-02-07-ore-14.08.13_bb4431eb-225x300.jpg 225w, https:\/\/www.lamennais.org\/wp-content\/uploads\/2025\/03\/Immagine-WhatsApp-2025-02-07-ore-14.08.13_bb4431eb-260x347.jpg 260w, https:\/\/www.lamennais.org\/wp-content\/uploads\/2025\/03\/Immagine-WhatsApp-2025-02-07-ore-14.08.13_bb4431eb.jpg 765w\" sizes=\"(max-width: 225px) 100vw, 225px\" \/><p id=\"caption-attachment-45068\" class=\"wp-caption-text\"><strong><em>Foto del acogido y del que acoge!<\/em><\/strong><\/p><\/div>\n<p><strong>* Padre Francis Byaruhanga, <\/strong>Sacerdote ugand\u00e9s, estudiante en Roma, amigo del Hermano Eric Mugisa.<\/p>\n<p>&nbsp;<\/p>\n<p>&nbsp;<\/p>\n<p>&nbsp;<\/p>\n<p>&nbsp;<\/p>\n<p>&nbsp;<\/p>\n<p>&nbsp;<\/p>\n<p>&nbsp;<\/p>\n<p>&nbsp;<\/p>\n<p>* Luego, con ocasi\u00f3n del Consejo General de febrero-marzo de 2025, recibimos a 3 Hermanos de Francia: <strong>el Hermano Yannick Houssay, Hermano Provincial, el Hermano Pierrick Busson, Hermano Viceprovincial y el Hermano Laurent Bouillet, Hermano Ec\u00f3nomo Provincial<\/strong>. El objetivo de su venida a Roma fue en primer lugar trabajar con el Gobierno General del Instituto, pero \u00a1fue tambi\u00e9n una oportunidad de pasar por las Puertas Santas!<\/p>\n<table>\n<tbody>\n<tr>\n<td width=\"214\">\n<p style=\"text-align: center;\"><img loading=\"lazy\" decoding=\"async\" class=\"size-large wp-image-45062 aligncenter\" src=\"https:\/\/www.lamennais.org\/wp-content\/uploads\/2025\/03\/Immagine-WhatsApp-2025-02-23-ore-16.12.26_99aaa9e0-1024x576.jpg\" alt=\"\" width=\"860\" height=\"484\" srcset=\"https:\/\/www.lamennais.org\/wp-content\/uploads\/2025\/03\/Immagine-WhatsApp-2025-02-23-ore-16.12.26_99aaa9e0-1024x576.jpg 1024w, https:\/\/www.lamennais.org\/wp-content\/uploads\/2025\/03\/Immagine-WhatsApp-2025-02-23-ore-16.12.26_99aaa9e0-300x169.jpg 300w, https:\/\/www.lamennais.org\/wp-content\/uploads\/2025\/03\/Immagine-WhatsApp-2025-02-23-ore-16.12.26_99aaa9e0-768x432.jpg 768w, https:\/\/www.lamennais.org\/wp-content\/uploads\/2025\/03\/Immagine-WhatsApp-2025-02-23-ore-16.12.26_99aaa9e0-1536x864.jpg 1536w, https:\/\/www.lamennais.org\/wp-content\/uploads\/2025\/03\/Immagine-WhatsApp-2025-02-23-ore-16.12.26_99aaa9e0-260x146.jpg 260w, https:\/\/www.lamennais.org\/wp-content\/uploads\/2025\/03\/Immagine-WhatsApp-2025-02-23-ore-16.12.26_99aaa9e0.jpg 1600w\" sizes=\"(max-width: 860px) 100vw, 860px\" \/><\/p>\n<\/td>\n<td width=\"214\"><img loading=\"lazy\" decoding=\"async\" class=\"size-large wp-image-45059 alignnone\" src=\"https:\/\/www.lamennais.org\/wp-content\/uploads\/2025\/03\/Immagine-WhatsApp-2025-02-23-ore-16.12.27_734b022d-1024x576.jpg\" alt=\"\" width=\"860\" height=\"484\" srcset=\"https:\/\/www.lamennais.org\/wp-content\/uploads\/2025\/03\/Immagine-WhatsApp-2025-02-23-ore-16.12.27_734b022d-1024x576.jpg 1024w, https:\/\/www.lamennais.org\/wp-content\/uploads\/2025\/03\/Immagine-WhatsApp-2025-02-23-ore-16.12.27_734b022d-300x169.jpg 300w, https:\/\/www.lamennais.org\/wp-content\/uploads\/2025\/03\/Immagine-WhatsApp-2025-02-23-ore-16.12.27_734b022d-768x432.jpg 768w, https:\/\/www.lamennais.org\/wp-content\/uploads\/2025\/03\/Immagine-WhatsApp-2025-02-23-ore-16.12.27_734b022d-1536x864.jpg 1536w, https:\/\/www.lamennais.org\/wp-content\/uploads\/2025\/03\/Immagine-WhatsApp-2025-02-23-ore-16.12.27_734b022d-260x146.jpg 260w, https:\/\/www.lamennais.org\/wp-content\/uploads\/2025\/03\/Immagine-WhatsApp-2025-02-23-ore-16.12.27_734b022d.jpg 1600w\" sizes=\"(max-width: 860px) 100vw, 860px\" \/><\/td>\n<td width=\"214\"><img loading=\"lazy\" decoding=\"async\" class=\"size-large wp-image-45056 aligncenter\" src=\"https:\/\/www.lamennais.org\/wp-content\/uploads\/2025\/03\/Immagine-WhatsApp-2025-02-23-ore-16.12.27_11d27885-1024x576.jpg\" alt=\"\" width=\"860\" height=\"484\" srcset=\"https:\/\/www.lamennais.org\/wp-content\/uploads\/2025\/03\/Immagine-WhatsApp-2025-02-23-ore-16.12.27_11d27885-1024x576.jpg 1024w, https:\/\/www.lamennais.org\/wp-content\/uploads\/2025\/03\/Immagine-WhatsApp-2025-02-23-ore-16.12.27_11d27885-300x169.jpg 300w, https:\/\/www.lamennais.org\/wp-content\/uploads\/2025\/03\/Immagine-WhatsApp-2025-02-23-ore-16.12.27_11d27885-768x432.jpg 768w, https:\/\/www.lamennais.org\/wp-content\/uploads\/2025\/03\/Immagine-WhatsApp-2025-02-23-ore-16.12.27_11d27885-1536x864.jpg 1536w, https:\/\/www.lamennais.org\/wp-content\/uploads\/2025\/03\/Immagine-WhatsApp-2025-02-23-ore-16.12.27_11d27885-260x146.jpg 260w, https:\/\/www.lamennais.org\/wp-content\/uploads\/2025\/03\/Immagine-WhatsApp-2025-02-23-ore-16.12.27_11d27885.jpg 1599w\" sizes=\"(max-width: 860px) 100vw, 860px\" \/><\/td>\n<\/tr>\n<\/tbody>\n<\/table>\n<p><strong><em>Actos jubilares con el Consejo general y los Hermanos de Francia: en Saint-Pierre, en Sainte-Marie Majeure y fuera de ella.<\/em><\/strong><\/p>\n<p><img loading=\"lazy\" decoding=\"async\" class=\"alignleft size-medium wp-image-45010\" src=\"https:\/\/www.lamennais.org\/wp-content\/uploads\/2025\/03\/slide-5-1200x800-1-300x200.jpg\" alt=\"\" width=\"300\" height=\"200\" srcset=\"https:\/\/www.lamennais.org\/wp-content\/uploads\/2025\/03\/slide-5-1200x800-1-300x200.jpg 300w, https:\/\/www.lamennais.org\/wp-content\/uploads\/2025\/03\/slide-5-1200x800-1-1024x683.jpg 1024w, https:\/\/www.lamennais.org\/wp-content\/uploads\/2025\/03\/slide-5-1200x800-1-768x512.jpg 768w, https:\/\/www.lamennais.org\/wp-content\/uploads\/2025\/03\/slide-5-1200x800-1-260x173.jpg 260w, https:\/\/www.lamennais.org\/wp-content\/uploads\/2025\/03\/slide-5-1200x800-1.jpg 1200w\" sizes=\"(max-width: 300px) 100vw, 300px\" \/><img loading=\"lazy\" decoding=\"async\" class=\"size-medium wp-image-45013 alignright\" src=\"https:\/\/www.lamennais.org\/wp-content\/uploads\/2025\/03\/PP-YD-scaled-1-e1671718568765-300x276.jpg\" alt=\"\" width=\"300\" height=\"276\" srcset=\"https:\/\/www.lamennais.org\/wp-content\/uploads\/2025\/03\/PP-YD-scaled-1-e1671718568765-300x276.jpg 300w, https:\/\/www.lamennais.org\/wp-content\/uploads\/2025\/03\/PP-YD-scaled-1-e1671718568765-1024x941.jpg 1024w, https:\/\/www.lamennais.org\/wp-content\/uploads\/2025\/03\/PP-YD-scaled-1-e1671718568765-768x706.jpg 768w, https:\/\/www.lamennais.org\/wp-content\/uploads\/2025\/03\/PP-YD-scaled-1-e1671718568765-1536x1411.jpg 1536w, https:\/\/www.lamennais.org\/wp-content\/uploads\/2025\/03\/PP-YD-scaled-1-e1671718568765-260x239.jpg 260w, https:\/\/www.lamennais.org\/wp-content\/uploads\/2025\/03\/PP-YD-scaled-1-e1671718568765.jpg 1713w\" sizes=\"(max-width: 300px) 100vw, 300px\" \/><\/p>\n<p>* <strong>Hermano Gildas Prigent,<\/strong> Hermano Visitador de Asia, pero tambi\u00e9n 4\u00ba Hermano Asistente.<\/p>\n<p>* <strong>El Sr. Yves Delarra<\/strong>, FIC Expertise, muy conocido en la Congregaci\u00f3n, tambi\u00e9n fue recibido en la Casa con ocasi\u00f3n del Consejo General, en el marco de su misi\u00f3n de pericia contable ante el Hermano Ec\u00f3nomo General.<\/p>\n<p>&nbsp;<\/p>\n<p style=\"text-align: center;\"><strong><em>&lt;&lt;&lt;\u00a0\u00a0\u00a0\u00a0<\/em><\/strong><strong><em>El Hermano Gildas, recientemente en Ruanda (votos perpetuos en diciembre pasado) \u2013 Sr. Yves Delarra<\/em><\/strong><\/p>\n<p style=\"text-align: center;\"><strong><em>\u00a0 \u00a0 &gt;&gt;&gt;&gt;<\/em><\/strong><\/p>\n<div id=\"attachment_45053\" style=\"width: 870px\" class=\"wp-caption aligncenter\"><img loading=\"lazy\" decoding=\"async\" aria-describedby=\"caption-attachment-45053\" class=\"wp-image-45053 size-large\" src=\"https:\/\/www.lamennais.org\/wp-content\/uploads\/2025\/03\/Immagine-WhatsApp-2025-02-27-ore-18.57.21_e3b3fe5f-1024x576.jpg\" alt=\"\" width=\"860\" height=\"484\" srcset=\"https:\/\/www.lamennais.org\/wp-content\/uploads\/2025\/03\/Immagine-WhatsApp-2025-02-27-ore-18.57.21_e3b3fe5f-1024x576.jpg 1024w, https:\/\/www.lamennais.org\/wp-content\/uploads\/2025\/03\/Immagine-WhatsApp-2025-02-27-ore-18.57.21_e3b3fe5f-300x169.jpg 300w, https:\/\/www.lamennais.org\/wp-content\/uploads\/2025\/03\/Immagine-WhatsApp-2025-02-27-ore-18.57.21_e3b3fe5f-768x432.jpg 768w, https:\/\/www.lamennais.org\/wp-content\/uploads\/2025\/03\/Immagine-WhatsApp-2025-02-27-ore-18.57.21_e3b3fe5f-1536x864.jpg 1536w, https:\/\/www.lamennais.org\/wp-content\/uploads\/2025\/03\/Immagine-WhatsApp-2025-02-27-ore-18.57.21_e3b3fe5f-260x146.jpg 260w, https:\/\/www.lamennais.org\/wp-content\/uploads\/2025\/03\/Immagine-WhatsApp-2025-02-27-ore-18.57.21_e3b3fe5f.jpg 1600w\" sizes=\"(max-width: 860px) 100vw, 860px\" \/><p id=\"caption-attachment-45053\" class=\"wp-caption-text\"><strong><em>La Comunidad de la Casa y la Hermana Simona<\/em><\/strong><\/p><\/div>\n<p>*El Consejo General y la Comunidad de la Casa tuvieron la alegr\u00eda de recibir a <strong>Sor Simona Brambilla,<\/strong> nueva Prefecta del Dicasterio para la Vida Consagrada (DIVCSVA). El Hermano Herv\u00e9 Zamor, Superior General, y la Hermana Simona fueron simult\u00e1neamente estudiantes de la Universidad Gregoriana.<\/p>\n<div id=\"attachment_45007\" style=\"width: 226px\" class=\"wp-caption alignleft\"><img loading=\"lazy\" decoding=\"async\" aria-describedby=\"caption-attachment-45007\" class=\"wp-image-45007 size-medium\" src=\"https:\/\/www.lamennais.org\/wp-content\/uploads\/2025\/03\/arton12-da87c-216x300.jpg\" alt=\"\" width=\"216\" height=\"300\" srcset=\"https:\/\/www.lamennais.org\/wp-content\/uploads\/2025\/03\/arton12-da87c-216x300.jpg 216w, https:\/\/www.lamennais.org\/wp-content\/uploads\/2025\/03\/arton12-da87c-260x362.jpg 260w, https:\/\/www.lamennais.org\/wp-content\/uploads\/2025\/03\/arton12-da87c.jpg 500w\" sizes=\"(max-width: 216px) 100vw, 216px\" \/><p id=\"caption-attachment-45007\" class=\"wp-caption-text\"><strong><em>Monse\u00f1or Anaclet Mwumvaneza, obispo de Nyundo<\/em><\/strong><\/p><\/div>\n<p>*<strong>Monse\u00f1or Anaclet MWUMVANEZA, Obispo de la Di\u00f3cesis de NYUNDO.<\/strong> Cuando Monse\u00f1or Anaclet viene a Roma para diversas misiones y reuniones, le gusta venir a nuestra casa y \u00a1apreciamos su presencia fraterna!<\/p>\n<p>* Finalmente dimos la bienvenida a los 3 sacerdotes de nuestra parroquia: el <strong>Padre Bernardo Pinheiro, p\u00e1rroco, y sus dos vicarios, nuevos este a\u00f1o, el Padre Lino Mela y el Padre Remigio Okafor;<\/strong> Los tres son Oblatos de San Jos\u00e9, encargados de nuestra parroquia.<\/p>\n<table>\n<tbody>\n<tr>\n<td width=\"321\"><img loading=\"lazy\" decoding=\"async\" class=\"size-large wp-image-45029 aligncenter\" src=\"https:\/\/www.lamennais.org\/wp-content\/uploads\/2025\/03\/Immagine-WhatsApp-2025-03-04-ore-08.18.05_00929e41-1024x906.jpg\" alt=\"\" width=\"860\" height=\"761\" srcset=\"https:\/\/www.lamennais.org\/wp-content\/uploads\/2025\/03\/Immagine-WhatsApp-2025-03-04-ore-08.18.05_00929e41-1024x906.jpg 1024w, https:\/\/www.lamennais.org\/wp-content\/uploads\/2025\/03\/Immagine-WhatsApp-2025-03-04-ore-08.18.05_00929e41-300x265.jpg 300w, https:\/\/www.lamennais.org\/wp-content\/uploads\/2025\/03\/Immagine-WhatsApp-2025-03-04-ore-08.18.05_00929e41-768x679.jpg 768w, https:\/\/www.lamennais.org\/wp-content\/uploads\/2025\/03\/Immagine-WhatsApp-2025-03-04-ore-08.18.05_00929e41-1536x1358.jpg 1536w, https:\/\/www.lamennais.org\/wp-content\/uploads\/2025\/03\/Immagine-WhatsApp-2025-03-04-ore-08.18.05_00929e41-260x230.jpg 260w, https:\/\/www.lamennais.org\/wp-content\/uploads\/2025\/03\/Immagine-WhatsApp-2025-03-04-ore-08.18.05_00929e41.jpg 1600w\" sizes=\"(max-width: 860px) 100vw, 860px\" \/><\/td>\n<td width=\"321\"><img loading=\"lazy\" decoding=\"async\" class=\"size-large wp-image-45032 aligncenter\" src=\"https:\/\/www.lamennais.org\/wp-content\/uploads\/2025\/03\/Immagine-WhatsApp-2025-03-04-ore-08.18.05_30699447-1024x768.jpg\" alt=\"\" width=\"860\" height=\"645\" srcset=\"https:\/\/www.lamennais.org\/wp-content\/uploads\/2025\/03\/Immagine-WhatsApp-2025-03-04-ore-08.18.05_30699447-1024x768.jpg 1024w, https:\/\/www.lamennais.org\/wp-content\/uploads\/2025\/03\/Immagine-WhatsApp-2025-03-04-ore-08.18.05_30699447-300x225.jpg 300w, https:\/\/www.lamennais.org\/wp-content\/uploads\/2025\/03\/Immagine-WhatsApp-2025-03-04-ore-08.18.05_30699447-768x576.jpg 768w, https:\/\/www.lamennais.org\/wp-content\/uploads\/2025\/03\/Immagine-WhatsApp-2025-03-04-ore-08.18.05_30699447-1536x1152.jpg 1536w, https:\/\/www.lamennais.org\/wp-content\/uploads\/2025\/03\/Immagine-WhatsApp-2025-03-04-ore-08.18.05_30699447-260x195.jpg 260w, https:\/\/www.lamennais.org\/wp-content\/uploads\/2025\/03\/Immagine-WhatsApp-2025-03-04-ore-08.18.05_30699447.jpg 1600w\" sizes=\"(max-width: 860px) 100vw, 860px\" \/><\/td>\n<\/tr>\n<\/tbody>\n<\/table>\n<p style=\"text-align: center;\"><strong><em>Padre Bernardo, en el centro con Monse\u00f1or Anaclet, detr\u00e1s, Padre Remigio \u2013 aqu\u00ed, a la izquierda, Padre Lino<\/em><\/strong><\/p>\n<p>* Para completar este cuadro de visitas, toda la Comunidad de Casa y Sant\u2019Ivo respondi\u00f3 a la invitaci\u00f3n de los <strong>Hermanos de San Gabriel<\/strong>, para celebrar el 25 aniversario de la presencia en Roma de su Archivero, el Hermano Bernard Guesdon. Estos encuentros entre los Hermanos de Plo\u00ebrmel y Saint-Gabriel fueron interrumpidos por el Covid\u2026. \u00a1Volvamos al ritmo!<\/p>\n<table>\n<tbody>\n<tr>\n<td width=\"160\">\n<p style=\"text-align: center;\"><img loading=\"lazy\" decoding=\"async\" class=\"size-medium wp-image-45035 aligncenter\" src=\"https:\/\/www.lamennais.org\/wp-content\/uploads\/2025\/03\/Immagine-WhatsApp-2025-03-01-ore-19.52.55_705a9119-300x169.jpg\" alt=\"\" width=\"300\" height=\"169\" srcset=\"https:\/\/www.lamennais.org\/wp-content\/uploads\/2025\/03\/Immagine-WhatsApp-2025-03-01-ore-19.52.55_705a9119-300x169.jpg 300w, https:\/\/www.lamennais.org\/wp-content\/uploads\/2025\/03\/Immagine-WhatsApp-2025-03-01-ore-19.52.55_705a9119-1024x576.jpg 1024w, https:\/\/www.lamennais.org\/wp-content\/uploads\/2025\/03\/Immagine-WhatsApp-2025-03-01-ore-19.52.55_705a9119-768x432.jpg 768w, https:\/\/www.lamennais.org\/wp-content\/uploads\/2025\/03\/Immagine-WhatsApp-2025-03-01-ore-19.52.55_705a9119-1536x864.jpg 1536w, https:\/\/www.lamennais.org\/wp-content\/uploads\/2025\/03\/Immagine-WhatsApp-2025-03-01-ore-19.52.55_705a9119-260x146.jpg 260w, https:\/\/www.lamennais.org\/wp-content\/uploads\/2025\/03\/Immagine-WhatsApp-2025-03-01-ore-19.52.55_705a9119.jpg 1600w\" sizes=\"(max-width: 300px) 100vw, 300px\" \/><\/p>\n<\/td>\n<td width=\"160\"><img loading=\"lazy\" decoding=\"async\" class=\"size-medium wp-image-45038 aligncenter\" src=\"https:\/\/www.lamennais.org\/wp-content\/uploads\/2025\/03\/Immagine-WhatsApp-2025-03-01-ore-19.52.52_b85072eb-300x169.jpg\" alt=\"\" width=\"300\" height=\"169\" srcset=\"https:\/\/www.lamennais.org\/wp-content\/uploads\/2025\/03\/Immagine-WhatsApp-2025-03-01-ore-19.52.52_b85072eb-300x169.jpg 300w, https:\/\/www.lamennais.org\/wp-content\/uploads\/2025\/03\/Immagine-WhatsApp-2025-03-01-ore-19.52.52_b85072eb-1024x576.jpg 1024w, https:\/\/www.lamennais.org\/wp-content\/uploads\/2025\/03\/Immagine-WhatsApp-2025-03-01-ore-19.52.52_b85072eb-768x432.jpg 768w, https:\/\/www.lamennais.org\/wp-content\/uploads\/2025\/03\/Immagine-WhatsApp-2025-03-01-ore-19.52.52_b85072eb-1536x864.jpg 1536w, https:\/\/www.lamennais.org\/wp-content\/uploads\/2025\/03\/Immagine-WhatsApp-2025-03-01-ore-19.52.52_b85072eb-260x146.jpg 260w, https:\/\/www.lamennais.org\/wp-content\/uploads\/2025\/03\/Immagine-WhatsApp-2025-03-01-ore-19.52.52_b85072eb.jpg 1600w\" sizes=\"(max-width: 300px) 100vw, 300px\" \/><\/td>\n<td width=\"160\"><img loading=\"lazy\" decoding=\"async\" class=\"size-medium wp-image-45050 aligncenter\" src=\"https:\/\/www.lamennais.org\/wp-content\/uploads\/2025\/03\/Immagine-WhatsApp-2025-03-01-ore-19.52.48_c1bb4625-300x169.jpg\" alt=\"\" width=\"300\" height=\"169\" srcset=\"https:\/\/www.lamennais.org\/wp-content\/uploads\/2025\/03\/Immagine-WhatsApp-2025-03-01-ore-19.52.48_c1bb4625-300x169.jpg 300w, https:\/\/www.lamennais.org\/wp-content\/uploads\/2025\/03\/Immagine-WhatsApp-2025-03-01-ore-19.52.48_c1bb4625-1024x576.jpg 1024w, https:\/\/www.lamennais.org\/wp-content\/uploads\/2025\/03\/Immagine-WhatsApp-2025-03-01-ore-19.52.48_c1bb4625-768x432.jpg 768w, https:\/\/www.lamennais.org\/wp-content\/uploads\/2025\/03\/Immagine-WhatsApp-2025-03-01-ore-19.52.48_c1bb4625-1536x864.jpg 1536w, https:\/\/www.lamennais.org\/wp-content\/uploads\/2025\/03\/Immagine-WhatsApp-2025-03-01-ore-19.52.48_c1bb4625-260x146.jpg 260w, https:\/\/www.lamennais.org\/wp-content\/uploads\/2025\/03\/Immagine-WhatsApp-2025-03-01-ore-19.52.48_c1bb4625.jpg 1600w\" sizes=\"(max-width: 300px) 100vw, 300px\" \/><\/td>\n<td width=\"160\"><img loading=\"lazy\" decoding=\"async\" class=\"size-medium wp-image-45044 aligncenter\" src=\"https:\/\/www.lamennais.org\/wp-content\/uploads\/2025\/03\/Immagine-WhatsApp-2025-03-01-ore-19.52.50_cca7d30a-300x169.jpg\" alt=\"\" width=\"300\" height=\"169\" srcset=\"https:\/\/www.lamennais.org\/wp-content\/uploads\/2025\/03\/Immagine-WhatsApp-2025-03-01-ore-19.52.50_cca7d30a-300x169.jpg 300w, https:\/\/www.lamennais.org\/wp-content\/uploads\/2025\/03\/Immagine-WhatsApp-2025-03-01-ore-19.52.50_cca7d30a-1024x576.jpg 1024w, https:\/\/www.lamennais.org\/wp-content\/uploads\/2025\/03\/Immagine-WhatsApp-2025-03-01-ore-19.52.50_cca7d30a-768x432.jpg 768w, https:\/\/www.lamennais.org\/wp-content\/uploads\/2025\/03\/Immagine-WhatsApp-2025-03-01-ore-19.52.50_cca7d30a-1536x864.jpg 1536w, https:\/\/www.lamennais.org\/wp-content\/uploads\/2025\/03\/Immagine-WhatsApp-2025-03-01-ore-19.52.50_cca7d30a-260x146.jpg 260w, https:\/\/www.lamennais.org\/wp-content\/uploads\/2025\/03\/Immagine-WhatsApp-2025-03-01-ore-19.52.50_cca7d30a.jpg 1600w\" sizes=\"(max-width: 300px) 100vw, 300px\" \/><\/td>\n<\/tr>\n<tr>\n<td width=\"160\">\n<p style=\"text-align: center;\"><strong><em>El Hermano Dionisio, Superior General de los Hermanos de San Gabriel, felicita al Hermano Bernard Guesdon<\/em><\/strong><\/p>\n<\/td>\n<td width=\"160\">\n<p style=\"text-align: center;\"><strong><em>Hermano Bernard Guesdon, en el centro<\/em><\/strong><\/p>\n<\/td>\n<td width=\"160\">\n<p style=\"text-align: center;\"><strong><em>Compartiendo el pastel por 25 a\u00f1os de presencia<\/em><\/strong><\/p>\n<\/td>\n<td width=\"160\">\n<p style=\"text-align: center;\"><strong><em>Hermanos y Hermanas de la Familia Montfortiana y Hermanos de la Casa.<\/em><\/strong><\/p>\n<\/td>\n<\/tr>\n<tr>\n<td width=\"160\"><\/td>\n<td width=\"160\"><img loading=\"lazy\" decoding=\"async\" class=\"size-medium wp-image-45041 aligncenter\" src=\"https:\/\/www.lamennais.org\/wp-content\/uploads\/2025\/03\/Immagine-WhatsApp-2025-03-01-ore-19.52.53_7c6e4c0a-300x169.jpg\" alt=\"\" width=\"300\" height=\"169\" srcset=\"https:\/\/www.lamennais.org\/wp-content\/uploads\/2025\/03\/Immagine-WhatsApp-2025-03-01-ore-19.52.53_7c6e4c0a-300x169.jpg 300w, https:\/\/www.lamennais.org\/wp-content\/uploads\/2025\/03\/Immagine-WhatsApp-2025-03-01-ore-19.52.53_7c6e4c0a-1024x576.jpg 1024w, https:\/\/www.lamennais.org\/wp-content\/uploads\/2025\/03\/Immagine-WhatsApp-2025-03-01-ore-19.52.53_7c6e4c0a-768x432.jpg 768w, https:\/\/www.lamennais.org\/wp-content\/uploads\/2025\/03\/Immagine-WhatsApp-2025-03-01-ore-19.52.53_7c6e4c0a-1536x864.jpg 1536w, https:\/\/www.lamennais.org\/wp-content\/uploads\/2025\/03\/Immagine-WhatsApp-2025-03-01-ore-19.52.53_7c6e4c0a-260x146.jpg 260w, https:\/\/www.lamennais.org\/wp-content\/uploads\/2025\/03\/Immagine-WhatsApp-2025-03-01-ore-19.52.53_7c6e4c0a.jpg 1600w\" sizes=\"(max-width: 300px) 100vw, 300px\" \/><\/p>\n<p style=\"text-align: center;\"><strong><em>Hermanos de la Casa\u2026 atentos<\/em><\/strong><\/p>\n<\/td>\n<td width=\"160\"><img loading=\"lazy\" decoding=\"async\" class=\"size-medium wp-image-45047 aligncenter\" src=\"https:\/\/www.lamennais.org\/wp-content\/uploads\/2025\/03\/Immagine-WhatsApp-2025-03-01-ore-19.52.49_76fe3ad9-300x169.jpg\" alt=\"\" width=\"300\" height=\"169\" srcset=\"https:\/\/www.lamennais.org\/wp-content\/uploads\/2025\/03\/Immagine-WhatsApp-2025-03-01-ore-19.52.49_76fe3ad9-300x169.jpg 300w, https:\/\/www.lamennais.org\/wp-content\/uploads\/2025\/03\/Immagine-WhatsApp-2025-03-01-ore-19.52.49_76fe3ad9-1024x576.jpg 1024w, https:\/\/www.lamennais.org\/wp-content\/uploads\/2025\/03\/Immagine-WhatsApp-2025-03-01-ore-19.52.49_76fe3ad9-768x432.jpg 768w, https:\/\/www.lamennais.org\/wp-content\/uploads\/2025\/03\/Immagine-WhatsApp-2025-03-01-ore-19.52.49_76fe3ad9-1536x864.jpg 1536w, https:\/\/www.lamennais.org\/wp-content\/uploads\/2025\/03\/Immagine-WhatsApp-2025-03-01-ore-19.52.49_76fe3ad9-260x146.jpg 260w, https:\/\/www.lamennais.org\/wp-content\/uploads\/2025\/03\/Immagine-WhatsApp-2025-03-01-ore-19.52.49_76fe3ad9.jpg 1600w\" sizes=\"(max-width: 300px) 100vw, 300px\" \/><\/p>\n<p style=\"text-align: center;\"><strong><em>El Hermano Vicente con los hermanos y sacerdotes monfortianos<\/em><\/strong><\/p>\n<\/td>\n<td width=\"160\"><\/td>\n<\/tr>\n<\/tbody>\n<\/table>\n<p><strong>Bienvenidos a todos aquellos que pasar\u00e9is por aqu\u00ed en las pr\u00f3ximas semanas: amigos, hermanos y familias\u2026. Y todos los que dicen \u00bfpor qu\u00e9 no?<\/strong><\/p>\n<p>HnoHerv\u00e9 ASSE &#8211; Casa Generalizia, ROMA<\/p>\n","protected":false},"excerpt":{"rendered":"<p>Una de las misiones de la Casa Generalicia en Roma es la de acoger y, desde febrero, \u00a1no han faltado los encuentros en la Casa Generalicia! \u00a1Y en primer lugar, peregrinos! \u00a1El a\u00f1o jubilar obliga! * 5 sacerdotes haitianos de la Sociedad de Saint-Jacques (en parroquias de Finisterre o de C\u00f4tes d&#8217;Armor, o en misi\u00f3n [&hellip;]<\/p>\n","protected":false},"author":3,"featured_media":45028,"comment_status":"closed","ping_status":"closed","sticky":false,"template":"","format":"standard","meta":{"footnotes":""},"categories":[105],"tags":[],"class_list":["post-45087","post","type-post","status-publish","format-standard","has-post-thumbnail","hentry","category-noticias"],"yoast_head":"<!-- This site is optimized with the Yoast SEO plugin v27.4 - https:\/\/yoast.com\/product\/yoast-seo-wordpress\/ -->\n<title>ITALIA \u2013 ROMA: noticias desde la Casa Generalicia - LaMennais.org<\/title>\n<meta name=\"robots\" content=\"index, follow, max-snippet:-1, max-image-preview:large, max-video-preview:-1\" \/>\n<link rel=\"canonical\" href=\"https:\/\/www.lamennais.org\/es\/italia-roma-noticias-desde-la-casa-generalicia\/\" \/>\n<meta property=\"og:locale\" content=\"es_ES\" \/>\n<meta property=\"og:type\" content=\"article\" \/>\n<meta property=\"og:title\" content=\"ITALIA \u2013 ROMA: noticias desde la Casa Generalicia - LaMennais.org\" \/>\n<meta property=\"og:description\" content=\"Una de las misiones de la Casa Generalicia en Roma es la de acoger y, desde febrero, \u00a1no han faltado los encuentros en la Casa Generalicia! \u00a1Y en primer lugar, peregrinos! \u00a1El a\u00f1o jubilar obliga! * 5 sacerdotes haitianos de la Sociedad de Saint-Jacques (en parroquias de Finisterre o de C\u00f4tes d&#8217;Armor, o en misi\u00f3n [&hellip;]\" \/>\n<meta property=\"og:url\" content=\"https:\/\/www.lamennais.org\/es\/italia-roma-noticias-desde-la-casa-generalicia\/\" \/>\n<meta property=\"og:site_name\" content=\"LaMennais.org\" \/>\n<meta property=\"article:published_time\" content=\"2025-03-13T09:54:32+00:00\" \/>\n<meta property=\"article:modified_time\" content=\"2025-03-13T13:58:28+00:00\" \/>\n<meta property=\"og:image\" content=\"https:\/\/www.lamennais.org\/wp-content\/uploads\/2025\/03\/Immagine-WhatsApp-2025-03-12-ore-15.54.45_e2dc862c-1.jpg\" \/>\n\t<meta property=\"og:image:width\" content=\"1152\" \/>\n\t<meta property=\"og:image:height\" content=\"648\" \/>\n\t<meta property=\"og:image:type\" content=\"image\/jpeg\" \/>\n<meta name=\"author\" content=\"Herv\u00e9 Asse\" \/>\n<meta name=\"twitter:card\" content=\"summary_large_image\" \/>\n<meta name=\"twitter:label1\" content=\"Escrito por\" \/>\n\t<meta name=\"twitter:data1\" content=\"Herv\u00e9 Asse\" \/>\n\t<meta name=\"twitter:label2\" content=\"Tiempo de lectura\" \/>\n\t<meta name=\"twitter:data2\" content=\"7 minutos\" \/>\n<script type=\"application\/ld+json\" class=\"yoast-schema-graph\">{\"@context\":\"https:\\\/\\\/schema.org\",\"@graph\":[{\"@type\":\"Article\",\"@id\":\"https:\\\/\\\/www.lamennais.org\\\/es\\\/italia-roma-noticias-desde-la-casa-generalicia\\\/#article\",\"isPartOf\":{\"@id\":\"https:\\\/\\\/www.lamennais.org\\\/es\\\/italia-roma-noticias-desde-la-casa-generalicia\\\/\"},\"author\":{\"name\":\"Herv\u00e9 Asse\",\"@id\":\"https:\\\/\\\/www.lamennais.org\\\/#\\\/schema\\\/person\\\/2a8d6e8a95babedd5ba1c43afd2e3844\"},\"headline\":\"ITALIA \u2013 ROMA: noticias desde la Casa Generalicia\",\"datePublished\":\"2025-03-13T09:54:32+00:00\",\"dateModified\":\"2025-03-13T13:58:28+00:00\",\"mainEntityOfPage\":{\"@id\":\"https:\\\/\\\/www.lamennais.org\\\/es\\\/italia-roma-noticias-desde-la-casa-generalicia\\\/\"},\"wordCount\":630,\"image\":{\"@id\":\"https:\\\/\\\/www.lamennais.org\\\/es\\\/italia-roma-noticias-desde-la-casa-generalicia\\\/#primaryimage\"},\"thumbnailUrl\":\"https:\\\/\\\/www.lamennais.org\\\/wp-content\\\/uploads\\\/2025\\\/03\\\/Immagine-WhatsApp-2025-03-12-ore-15.54.45_e2dc862c-1.jpg\",\"articleSection\":[\"NOTICIAS\"],\"inLanguage\":\"es\"},{\"@type\":\"WebPage\",\"@id\":\"https:\\\/\\\/www.lamennais.org\\\/es\\\/italia-roma-noticias-desde-la-casa-generalicia\\\/\",\"url\":\"https:\\\/\\\/www.lamennais.org\\\/es\\\/italia-roma-noticias-desde-la-casa-generalicia\\\/\",\"name\":\"ITALIA \u2013 ROMA: noticias desde la Casa Generalicia - LaMennais.org\",\"isPartOf\":{\"@id\":\"https:\\\/\\\/www.lamennais.org\\\/#website\"},\"primaryImageOfPage\":{\"@id\":\"https:\\\/\\\/www.lamennais.org\\\/es\\\/italia-roma-noticias-desde-la-casa-generalicia\\\/#primaryimage\"},\"image\":{\"@id\":\"https:\\\/\\\/www.lamennais.org\\\/es\\\/italia-roma-noticias-desde-la-casa-generalicia\\\/#primaryimage\"},\"thumbnailUrl\":\"https:\\\/\\\/www.lamennais.org\\\/wp-content\\\/uploads\\\/2025\\\/03\\\/Immagine-WhatsApp-2025-03-12-ore-15.54.45_e2dc862c-1.jpg\",\"datePublished\":\"2025-03-13T09:54:32+00:00\",\"dateModified\":\"2025-03-13T13:58:28+00:00\",\"author\":{\"@id\":\"https:\\\/\\\/www.lamennais.org\\\/#\\\/schema\\\/person\\\/2a8d6e8a95babedd5ba1c43afd2e3844\"},\"breadcrumb\":{\"@id\":\"https:\\\/\\\/www.lamennais.org\\\/es\\\/italia-roma-noticias-desde-la-casa-generalicia\\\/#breadcrumb\"},\"inLanguage\":\"es\",\"potentialAction\":[{\"@type\":\"ReadAction\",\"target\":[\"https:\\\/\\\/www.lamennais.org\\\/es\\\/italia-roma-noticias-desde-la-casa-generalicia\\\/\"]}]},{\"@type\":\"ImageObject\",\"inLanguage\":\"es\",\"@id\":\"https:\\\/\\\/www.lamennais.org\\\/es\\\/italia-roma-noticias-desde-la-casa-generalicia\\\/#primaryimage\",\"url\":\"https:\\\/\\\/www.lamennais.org\\\/wp-content\\\/uploads\\\/2025\\\/03\\\/Immagine-WhatsApp-2025-03-12-ore-15.54.45_e2dc862c-1.jpg\",\"contentUrl\":\"https:\\\/\\\/www.lamennais.org\\\/wp-content\\\/uploads\\\/2025\\\/03\\\/Immagine-WhatsApp-2025-03-12-ore-15.54.45_e2dc862c-1.jpg\",\"width\":1152,\"height\":648},{\"@type\":\"BreadcrumbList\",\"@id\":\"https:\\\/\\\/www.lamennais.org\\\/es\\\/italia-roma-noticias-desde-la-casa-generalicia\\\/#breadcrumb\",\"itemListElement\":[{\"@type\":\"ListItem\",\"position\":1,\"name\":\"Accueil\",\"item\":\"https:\\\/\\\/www.lamennais.org\\\/\"},{\"@type\":\"ListItem\",\"position\":2,\"name\":\"ITALIA \u2013 ROMA: noticias desde la Casa Generalicia\"}]},{\"@type\":\"WebSite\",\"@id\":\"https:\\\/\\\/www.lamennais.org\\\/#website\",\"url\":\"https:\\\/\\\/www.lamennais.org\\\/\",\"name\":\"LaMennais.org\",\"description\":\"Fr\u00e8res de l&#039;Instruction Chr\u00e9tienne et Famille Mennaisienne\",\"potentialAction\":[{\"@type\":\"SearchAction\",\"target\":{\"@type\":\"EntryPoint\",\"urlTemplate\":\"https:\\\/\\\/www.lamennais.org\\\/?s={search_term_string}\"},\"query-input\":{\"@type\":\"PropertyValueSpecification\",\"valueRequired\":true,\"valueName\":\"search_term_string\"}}],\"inLanguage\":\"es\"},{\"@type\":\"Person\",\"@id\":\"https:\\\/\\\/www.lamennais.org\\\/#\\\/schema\\\/person\\\/2a8d6e8a95babedd5ba1c43afd2e3844\",\"name\":\"Herv\u00e9 Asse\",\"image\":{\"@type\":\"ImageObject\",\"inLanguage\":\"es\",\"@id\":\"https:\\\/\\\/secure.gravatar.com\\\/avatar\\\/1aaa7b1baf759c8b40525f40af381cbaa2b0ddd554f57145bceb0654ba45b4c0?s=96&d=mm&r=g\",\"url\":\"https:\\\/\\\/secure.gravatar.com\\\/avatar\\\/1aaa7b1baf759c8b40525f40af381cbaa2b0ddd554f57145bceb0654ba45b4c0?s=96&d=mm&r=g\",\"contentUrl\":\"https:\\\/\\\/secure.gravatar.com\\\/avatar\\\/1aaa7b1baf759c8b40525f40af381cbaa2b0ddd554f57145bceb0654ba45b4c0?s=96&d=mm&r=g\",\"caption\":\"Herv\u00e9 Asse\"}}]}<\/script>\n<!-- \/ Yoast SEO plugin. -->","yoast_head_json":{"title":"ITALIA \u2013 ROMA: noticias desde la Casa Generalicia - LaMennais.org","robots":{"index":"index","follow":"follow","max-snippet":"max-snippet:-1","max-image-preview":"max-image-preview:large","max-video-preview":"max-video-preview:-1"},"canonical":"https:\/\/www.lamennais.org\/es\/italia-roma-noticias-desde-la-casa-generalicia\/","og_locale":"es_ES","og_type":"article","og_title":"ITALIA \u2013 ROMA: noticias desde la Casa Generalicia - LaMennais.org","og_description":"Una de las misiones de la Casa Generalicia en Roma es la de acoger y, desde febrero, \u00a1no han faltado los encuentros en la Casa Generalicia! \u00a1Y en primer lugar, peregrinos! \u00a1El a\u00f1o jubilar obliga! * 5 sacerdotes haitianos de la Sociedad de Saint-Jacques (en parroquias de Finisterre o de C\u00f4tes d&#8217;Armor, o en misi\u00f3n [&hellip;]","og_url":"https:\/\/www.lamennais.org\/es\/italia-roma-noticias-desde-la-casa-generalicia\/","og_site_name":"LaMennais.org","article_published_time":"2025-03-13T09:54:32+00:00","article_modified_time":"2025-03-13T13:58:28+00:00","og_image":[{"width":1152,"height":648,"url":"https:\/\/www.lamennais.org\/wp-content\/uploads\/2025\/03\/Immagine-WhatsApp-2025-03-12-ore-15.54.45_e2dc862c-1.jpg","type":"image\/jpeg"}],"author":"Herv\u00e9 Asse","twitter_card":"summary_large_image","twitter_misc":{"Escrito por":"Herv\u00e9 Asse","Tiempo de lectura":"7 minutos"},"schema":{"@context":"https:\/\/schema.org","@graph":[{"@type":"Article","@id":"https:\/\/www.lamennais.org\/es\/italia-roma-noticias-desde-la-casa-generalicia\/#article","isPartOf":{"@id":"https:\/\/www.lamennais.org\/es\/italia-roma-noticias-desde-la-casa-generalicia\/"},"author":{"name":"Herv\u00e9 Asse","@id":"https:\/\/www.lamennais.org\/#\/schema\/person\/2a8d6e8a95babedd5ba1c43afd2e3844"},"headline":"ITALIA \u2013 ROMA: noticias desde la Casa Generalicia","datePublished":"2025-03-13T09:54:32+00:00","dateModified":"2025-03-13T13:58:28+00:00","mainEntityOfPage":{"@id":"https:\/\/www.lamennais.org\/es\/italia-roma-noticias-desde-la-casa-generalicia\/"},"wordCount":630,"image":{"@id":"https:\/\/www.lamennais.org\/es\/italia-roma-noticias-desde-la-casa-generalicia\/#primaryimage"},"thumbnailUrl":"https:\/\/www.lamennais.org\/wp-content\/uploads\/2025\/03\/Immagine-WhatsApp-2025-03-12-ore-15.54.45_e2dc862c-1.jpg","articleSection":["NOTICIAS"],"inLanguage":"es"},{"@type":"WebPage","@id":"https:\/\/www.lamennais.org\/es\/italia-roma-noticias-desde-la-casa-generalicia\/","url":"https:\/\/www.lamennais.org\/es\/italia-roma-noticias-desde-la-casa-generalicia\/","name":"ITALIA \u2013 ROMA: noticias desde la Casa Generalicia - LaMennais.org","isPartOf":{"@id":"https:\/\/www.lamennais.org\/#website"},"primaryImageOfPage":{"@id":"https:\/\/www.lamennais.org\/es\/italia-roma-noticias-desde-la-casa-generalicia\/#primaryimage"},"image":{"@id":"https:\/\/www.lamennais.org\/es\/italia-roma-noticias-desde-la-casa-generalicia\/#primaryimage"},"thumbnailUrl":"https:\/\/www.lamennais.org\/wp-content\/uploads\/2025\/03\/Immagine-WhatsApp-2025-03-12-ore-15.54.45_e2dc862c-1.jpg","datePublished":"2025-03-13T09:54:32+00:00","dateModified":"2025-03-13T13:58:28+00:00","author":{"@id":"https:\/\/www.lamennais.org\/#\/schema\/person\/2a8d6e8a95babedd5ba1c43afd2e3844"},"breadcrumb":{"@id":"https:\/\/www.lamennais.org\/es\/italia-roma-noticias-desde-la-casa-generalicia\/#breadcrumb"},"inLanguage":"es","potentialAction":[{"@type":"ReadAction","target":["https:\/\/www.lamennais.org\/es\/italia-roma-noticias-desde-la-casa-generalicia\/"]}]},{"@type":"ImageObject","inLanguage":"es","@id":"https:\/\/www.lamennais.org\/es\/italia-roma-noticias-desde-la-casa-generalicia\/#primaryimage","url":"https:\/\/www.lamennais.org\/wp-content\/uploads\/2025\/03\/Immagine-WhatsApp-2025-03-12-ore-15.54.45_e2dc862c-1.jpg","contentUrl":"https:\/\/www.lamennais.org\/wp-content\/uploads\/2025\/03\/Immagine-WhatsApp-2025-03-12-ore-15.54.45_e2dc862c-1.jpg","width":1152,"height":648},{"@type":"BreadcrumbList","@id":"https:\/\/www.lamennais.org\/es\/italia-roma-noticias-desde-la-casa-generalicia\/#breadcrumb","itemListElement":[{"@type":"ListItem","position":1,"name":"Accueil","item":"https:\/\/www.lamennais.org\/"},{"@type":"ListItem","position":2,"name":"ITALIA \u2013 ROMA: noticias desde la Casa Generalicia"}]},{"@type":"WebSite","@id":"https:\/\/www.lamennais.org\/#website","url":"https:\/\/www.lamennais.org\/","name":"LaMennais.org","description":"Fr\u00e8res de l&#039;Instruction Chr\u00e9tienne et Famille Mennaisienne","potentialAction":[{"@type":"SearchAction","target":{"@type":"EntryPoint","urlTemplate":"https:\/\/www.lamennais.org\/?s={search_term_string}"},"query-input":{"@type":"PropertyValueSpecification","valueRequired":true,"valueName":"search_term_string"}}],"inLanguage":"es"},{"@type":"Person","@id":"https:\/\/www.lamennais.org\/#\/schema\/person\/2a8d6e8a95babedd5ba1c43afd2e3844","name":"Herv\u00e9 Asse","image":{"@type":"ImageObject","inLanguage":"es","@id":"https:\/\/secure.gravatar.com\/avatar\/1aaa7b1baf759c8b40525f40af381cbaa2b0ddd554f57145bceb0654ba45b4c0?s=96&d=mm&r=g","url":"https:\/\/secure.gravatar.com\/avatar\/1aaa7b1baf759c8b40525f40af381cbaa2b0ddd554f57145bceb0654ba45b4c0?s=96&d=mm&r=g","contentUrl":"https:\/\/secure.gravatar.com\/avatar\/1aaa7b1baf759c8b40525f40af381cbaa2b0ddd554f57145bceb0654ba45b4c0?s=96&d=mm&r=g","caption":"Herv\u00e9 Asse"}}]}},"_links":{"self":[{"href":"https:\/\/www.lamennais.org\/es\/wp-json\/wp\/v2\/posts\/45087","targetHints":{"allow":["GET"]}}],"collection":[{"href":"https:\/\/www.lamennais.org\/es\/wp-json\/wp\/v2\/posts"}],"about":[{"href":"https:\/\/www.lamennais.org\/es\/wp-json\/wp\/v2\/types\/post"}],"author":[{"embeddable":true,"href":"https:\/\/www.lamennais.org\/es\/wp-json\/wp\/v2\/users\/3"}],"replies":[{"embeddable":true,"href":"https:\/\/www.lamennais.org\/es\/wp-json\/wp\/v2\/comments?post=45087"}],"version-history":[{"count":1,"href":"https:\/\/www.lamennais.org\/es\/wp-json\/wp\/v2\/posts\/45087\/revisions"}],"predecessor-version":[{"id":45088,"href":"https:\/\/www.lamennais.org\/es\/wp-json\/wp\/v2\/posts\/45087\/revisions\/45088"}],"wp:featuredmedia":[{"embeddable":true,"href":"https:\/\/www.lamennais.org\/es\/wp-json\/wp\/v2\/media\/45028"}],"wp:attachment":[{"href":"https:\/\/www.lamennais.org\/es\/wp-json\/wp\/v2\/media?parent=45087"}],"wp:term":[{"taxonomy":"category","embeddable":true,"href":"https:\/\/www.lamennais.org\/es\/wp-json\/wp\/v2\/categories?post=45087"},{"taxonomy":"post_tag","embeddable":true,"href":"https:\/\/www.lamennais.org\/es\/wp-json\/wp\/v2\/tags?post=45087"}],"curies":[{"name":"wp","href":"https:\/\/api.w.org\/{rel}","templated":true}]}}