{"id":44217,"date":"2025-01-04T09:31:25","date_gmt":"2025-01-04T08:31:25","guid":{"rendered":"https:\/\/www.lamennais.org\/?p=44217"},"modified":"2025-01-04T16:13:05","modified_gmt":"2025-01-04T15:13:05","slug":"benin-experiencia-misionera-de-maria-y-vicente-en-la-comunidad-de-thian","status":"publish","type":"post","link":"https:\/\/www.lamennais.org\/es\/benin-experiencia-misionera-de-maria-y-vicente-en-la-comunidad-de-thian\/","title":{"rendered":"BEN\u00cdN: Experiencia misionera de Mar\u00eda y Vicente en la Comunidad de THIAN."},"content":{"rendered":"<p style=\"text-align: center;\"><em>Con los ni\u00f1os de la infantil: Vincent, Raymonde, Marie y Martine<\/em><\/p>\n<p><strong>Marie y Vincent LEFEUVRE se unieron a la comunidad FIC de Thian en Ben\u00edn desde principios de diciembre. Su plan es quedarse tres meses a vivir con los Hermanos para expresarles su fe y su deseo de servicio.<\/strong><\/p>\n<p>Escuchemos su testimonio:<\/p>\n<p><em>\u201cLlegamos aqu\u00ed a Ben\u00edn, a la Comunidad de Thian, el 2 de diciembre para vivir una experiencia misionera durante 3 meses al servicio de los Hermanos. Fuimos muy bien recibidos y hoy estamos completamente integrados; nos sentimos \u00abcomo en casa\u00bb entre los Hermanos y todas las personas que viven aqu\u00ed cerca o lejos.<\/em><\/p>\n<p><em>Nos impuls\u00f3 el deseo de salir de nuestra zona de confort para ayudar a los dem\u00e1s, en cualquier forma&#8230; (en un continente que amamos, por varias razones&#8230;)<\/em><\/p>\n<div id=\"attachment_44173\" style=\"width: 870px\" class=\"wp-caption aligncenter\"><img fetchpriority=\"high\" decoding=\"async\" aria-describedby=\"caption-attachment-44173\" class=\"wp-image-44173 size-large\" src=\"https:\/\/www.lamennais.org\/wp-content\/uploads\/2025\/01\/1735548614334-1024x578.jpg\" alt=\"\" width=\"860\" height=\"485\" srcset=\"https:\/\/www.lamennais.org\/wp-content\/uploads\/2025\/01\/1735548614334-1024x578.jpg 1024w, https:\/\/www.lamennais.org\/wp-content\/uploads\/2025\/01\/1735548614334-300x169.jpg 300w, https:\/\/www.lamennais.org\/wp-content\/uploads\/2025\/01\/1735548614334-768x433.jpg 768w, https:\/\/www.lamennais.org\/wp-content\/uploads\/2025\/01\/1735548614334-1536x866.jpg 1536w, https:\/\/www.lamennais.org\/wp-content\/uploads\/2025\/01\/1735548614334-2048x1155.jpg 2048w, https:\/\/www.lamennais.org\/wp-content\/uploads\/2025\/01\/1735548614334-260x147.jpg 260w\" sizes=\"(max-width: 860px) 100vw, 860px\" \/><p id=\"caption-attachment-44173\" class=\"wp-caption-text\"><em>Con la familia de Louis rodeada de Marie y el Hermano Philippe<\/em><\/p><\/div>\n<p><em>Y eso es lo que hacemos aqu\u00ed: ayuda en clase, alfabetizaci\u00f3n de adultos, apoyo escolar, orden, bricolaje, limpieza, arreglos varios y variados&#8230; y en el tintero: apoyo a la mejora del franc\u00e9s para los postulantes y un Hermano ugand\u00e9s al inicio del a\u00f1o escolar de enero.<\/em><\/p>\n<p><em>Todas estas actividades nos sumergen tambi\u00e9n en la vida cotidiana de los Hermanos, con sus momentos de oraci\u00f3n, especialmente las v\u00edsperas al final del d\u00eda, tiempo que apreciamos especialmente. Nos ayuda a reenfocarnos en nuestra fe. Siendo diciembre el mes de los \u201cvotos temporales o definitivos\u201d, asistimos con el Hermano Philippe a varios de estos momentos tan hermosos. Una vez m\u00e1s nos conmueve la alegr\u00eda, el fervor y el entusiasmo de las personas prometedoras. \u00a1Muy hermosos testimonios de Fe!<\/em><\/p>\n<div id=\"attachment_44176\" style=\"width: 870px\" class=\"wp-caption aligncenter\"><img decoding=\"async\" aria-describedby=\"caption-attachment-44176\" class=\"wp-image-44176 size-large\" src=\"https:\/\/www.lamennais.org\/wp-content\/uploads\/2025\/01\/1735548682374-1024x578.jpg\" alt=\"\" width=\"860\" height=\"485\" srcset=\"https:\/\/www.lamennais.org\/wp-content\/uploads\/2025\/01\/1735548682374-1024x578.jpg 1024w, https:\/\/www.lamennais.org\/wp-content\/uploads\/2025\/01\/1735548682374-300x169.jpg 300w, https:\/\/www.lamennais.org\/wp-content\/uploads\/2025\/01\/1735548682374-768x433.jpg 768w, https:\/\/www.lamennais.org\/wp-content\/uploads\/2025\/01\/1735548682374-1536x866.jpg 1536w, https:\/\/www.lamennais.org\/wp-content\/uploads\/2025\/01\/1735548682374-2048x1155.jpg 2048w, https:\/\/www.lamennais.org\/wp-content\/uploads\/2025\/01\/1735548682374-260x147.jpg 260w\" sizes=\"(max-width: 860px) 100vw, 860px\" \/><p id=\"caption-attachment-44176\" class=\"wp-caption-text\"><em>Marie y Vincent visitando a Pierre<\/em><\/p><\/div>\n<p><em>Nos quedan dos meses para descubrir, aprender y compartir. \u00a1Gracias a los Hermanos de la comunidad de Thian por permitirnos vivir esta extraordinaria experiencia!<\/em><\/p>\n<p><em><strong>Testimonio de Marie y Vincent.<\/strong><\/em><\/p>\n<table>\n<tbody>\n<tr>\n<td width=\"199\"><em><img decoding=\"async\" class=\"alignleft size-large wp-image-44182\" src=\"https:\/\/www.lamennais.org\/wp-content\/uploads\/2025\/01\/IMG-20241230-WA0001-577x1024.jpg\" alt=\"\" width=\"577\" height=\"1024\" srcset=\"https:\/\/www.lamennais.org\/wp-content\/uploads\/2025\/01\/IMG-20241230-WA0001-577x1024.jpg 577w, https:\/\/www.lamennais.org\/wp-content\/uploads\/2025\/01\/IMG-20241230-WA0001-169x300.jpg 169w, https:\/\/www.lamennais.org\/wp-content\/uploads\/2025\/01\/IMG-20241230-WA0001-768x1362.jpg 768w, https:\/\/www.lamennais.org\/wp-content\/uploads\/2025\/01\/IMG-20241230-WA0001-866x1536.jpg 866w, https:\/\/www.lamennais.org\/wp-content\/uploads\/2025\/01\/IMG-20241230-WA0001-260x461.jpg 260w, https:\/\/www.lamennais.org\/wp-content\/uploads\/2025\/01\/IMG-20241230-WA0001.jpg 902w\" sizes=\"(max-width: 577px) 100vw, 577px\" \/>Sesi\u00f3n de bricolaje\u00a0\u00a0\u00a0\u00a0\u00a0\u00a0\u00a0\u00a0\u00a0 <\/em><\/td>\n<td width=\"225\"><img loading=\"lazy\" decoding=\"async\" class=\"alignleft size-large wp-image-44179\" src=\"https:\/\/www.lamennais.org\/wp-content\/uploads\/2025\/01\/IMG-20241224-WA0011-683x1024.jpg\" alt=\"\" width=\"683\" height=\"1024\" srcset=\"https:\/\/www.lamennais.org\/wp-content\/uploads\/2025\/01\/IMG-20241224-WA0011-683x1024.jpg 683w, https:\/\/www.lamennais.org\/wp-content\/uploads\/2025\/01\/IMG-20241224-WA0011-200x300.jpg 200w, https:\/\/www.lamennais.org\/wp-content\/uploads\/2025\/01\/IMG-20241224-WA0011-768x1152.jpg 768w, https:\/\/www.lamennais.org\/wp-content\/uploads\/2025\/01\/IMG-20241224-WA0011-1024x1536.jpg 1024w, https:\/\/www.lamennais.org\/wp-content\/uploads\/2025\/01\/IMG-20241224-WA0011-260x390.jpg 260w, https:\/\/www.lamennais.org\/wp-content\/uploads\/2025\/01\/IMG-20241224-WA0011.jpg 1067w\" sizes=\"(max-width: 683px) 100vw, 683px\" \/><em>Cerca de la guarder\u00eda: Hermano Philippe, Vincent y Marie<\/em><\/td>\n<\/tr>\n<\/tbody>\n<\/table>\n<div id=\"attachment_44170\" style=\"width: 870px\" class=\"wp-caption aligncenter\"><img loading=\"lazy\" decoding=\"async\" aria-describedby=\"caption-attachment-44170\" class=\"wp-image-44170 size-large\" src=\"https:\/\/www.lamennais.org\/wp-content\/uploads\/2025\/01\/1735548458192-1024x578.jpg\" alt=\"\" width=\"860\" height=\"485\" srcset=\"https:\/\/www.lamennais.org\/wp-content\/uploads\/2025\/01\/1735548458192-1024x578.jpg 1024w, https:\/\/www.lamennais.org\/wp-content\/uploads\/2025\/01\/1735548458192-300x169.jpg 300w, https:\/\/www.lamennais.org\/wp-content\/uploads\/2025\/01\/1735548458192-768x433.jpg 768w, https:\/\/www.lamennais.org\/wp-content\/uploads\/2025\/01\/1735548458192-1536x866.jpg 1536w, https:\/\/www.lamennais.org\/wp-content\/uploads\/2025\/01\/1735548458192-2048x1155.jpg 2048w, https:\/\/www.lamennais.org\/wp-content\/uploads\/2025\/01\/1735548458192-260x147.jpg 260w\" sizes=\"(max-width: 860px) 100vw, 860px\" \/><p id=\"caption-attachment-44170\" class=\"wp-caption-text\"><em>Vincent y Marie celebran la Navidad con Marceline y su hija Catherine<\/em><\/p><\/div>\n<p>La comunidad de Thian est\u00e1 formada por cuatro Hermanos: Hno Phillipe (ver arriba)<\/p>\n<table>\n<tbody>\n<tr>\n<td width=\"201\">\n<p><div id=\"attachment_44191\" style=\"width: 498px\" class=\"wp-caption aligncenter\"><img loading=\"lazy\" decoding=\"async\" aria-describedby=\"caption-attachment-44191\" class=\"wp-image-44191 size-full\" src=\"https:\/\/www.lamennais.org\/wp-content\/uploads\/2025\/01\/F-Victor-S.jpg\" alt=\"\" width=\"488\" height=\"499\" srcset=\"https:\/\/www.lamennais.org\/wp-content\/uploads\/2025\/01\/F-Victor-S.jpg 488w, https:\/\/www.lamennais.org\/wp-content\/uploads\/2025\/01\/F-Victor-S-293x300.jpg 293w, https:\/\/www.lamennais.org\/wp-content\/uploads\/2025\/01\/F-Victor-S-260x266.jpg 260w\" sizes=\"(max-width: 488px) 100vw, 488px\" \/><p id=\"caption-attachment-44191\" class=\"wp-caption-text\"><em>HnoVictor<\/em><\/p><\/div><\/td>\n<td width=\"201\">\n<p><div id=\"attachment_44197\" style=\"width: 471px\" class=\"wp-caption aligncenter\"><img loading=\"lazy\" decoding=\"async\" aria-describedby=\"caption-attachment-44197\" class=\"wp-image-44197 size-large\" src=\"https:\/\/www.lamennais.org\/wp-content\/uploads\/2025\/01\/WhatsApp-Image-2025-01-04-a-09.41.45_18f052fd-461x1024.jpg\" alt=\"\" width=\"461\" height=\"1024\" srcset=\"https:\/\/www.lamennais.org\/wp-content\/uploads\/2025\/01\/WhatsApp-Image-2025-01-04-a-09.41.45_18f052fd-461x1024.jpg 461w, https:\/\/www.lamennais.org\/wp-content\/uploads\/2025\/01\/WhatsApp-Image-2025-01-04-a-09.41.45_18f052fd-135x300.jpg 135w, https:\/\/www.lamennais.org\/wp-content\/uploads\/2025\/01\/WhatsApp-Image-2025-01-04-a-09.41.45_18f052fd-768x1707.jpg 768w, https:\/\/www.lamennais.org\/wp-content\/uploads\/2025\/01\/WhatsApp-Image-2025-01-04-a-09.41.45_18f052fd-691x1536.jpg 691w, https:\/\/www.lamennais.org\/wp-content\/uploads\/2025\/01\/WhatsApp-Image-2025-01-04-a-09.41.45_18f052fd-225x500.jpg 225w, https:\/\/www.lamennais.org\/wp-content\/uploads\/2025\/01\/WhatsApp-Image-2025-01-04-a-09.41.45_18f052fd.jpg 900w\" sizes=\"(max-width: 461px) 100vw, 461px\" \/><p id=\"caption-attachment-44197\" class=\"wp-caption-text\"><em>Hno Noah &#8230; y los ni\u00f1os<br \/><\/em><\/p><\/div><\/td>\n<td width=\"201\">\n<p><div id=\"attachment_44202\" style=\"width: 333px\" class=\"wp-caption aligncenter\"><img loading=\"lazy\" decoding=\"async\" aria-describedby=\"caption-attachment-44202\" class=\"wp-image-44202 \" src=\"https:\/\/www.lamennais.org\/wp-content\/uploads\/2025\/01\/F-Christophe-269x300.jpg\" alt=\"\" width=\"323\" height=\"360\" srcset=\"https:\/\/www.lamennais.org\/wp-content\/uploads\/2025\/01\/F-Christophe-269x300.jpg 269w, https:\/\/www.lamennais.org\/wp-content\/uploads\/2025\/01\/F-Christophe-260x290.jpg 260w, https:\/\/www.lamennais.org\/wp-content\/uploads\/2025\/01\/F-Christophe.jpg 736w\" sizes=\"(max-width: 323px) 100vw, 323px\" \/><p id=\"caption-attachment-44202\" class=\"wp-caption-text\"><em>Hno Christophe a la dereha con alumnos<br \/><\/em><\/p><\/div><\/td>\n<\/tr>\n<\/tbody>\n<\/table>\n<p>\u200b<\/p>\n<p>1-El Hno. Philippe LAUNAY, superior de la comunidad, ec\u00f3nomo del complejo escolar cat\u00f3lico Jean de la Mennais (CSCJM) en Thian.<\/p>\n<p>2-El Hno. V\u00edctor SAMBIANI, director del postulantado, ec\u00f3nomo comunitario, coordinador de la pastoral vocacional, promoci\u00f3n de la alfabetizaci\u00f3n, ense\u00f1a religi\u00f3n en el CSCJM.<\/p>\n<p>3-El Hno. Christophe DIEGBENE, director del CSCJM, ense\u00f1a franc\u00e9s.<\/p>\n<p>4-El Hno. Noah TUSASIRWE, asistente del director del postulantado, ense\u00f1a ingl\u00e9s en el CSCJM, continuando su dominio del franc\u00e9s.<\/p>\n<div id=\"attachment_44205\" style=\"width: 870px\" class=\"wp-caption aligncenter\"><img loading=\"lazy\" decoding=\"async\" aria-describedby=\"caption-attachment-44205\" class=\"wp-image-44205 size-large\" src=\"https:\/\/www.lamennais.org\/wp-content\/uploads\/2025\/01\/WhatsApp-Image-2025-01-04-a-09.48.34_c0562759-1024x461.jpg\" alt=\"\" width=\"860\" height=\"387\" srcset=\"https:\/\/www.lamennais.org\/wp-content\/uploads\/2025\/01\/WhatsApp-Image-2025-01-04-a-09.48.34_c0562759-1024x461.jpg 1024w, https:\/\/www.lamennais.org\/wp-content\/uploads\/2025\/01\/WhatsApp-Image-2025-01-04-a-09.48.34_c0562759-300x135.jpg 300w, https:\/\/www.lamennais.org\/wp-content\/uploads\/2025\/01\/WhatsApp-Image-2025-01-04-a-09.48.34_c0562759-768x345.jpg 768w, https:\/\/www.lamennais.org\/wp-content\/uploads\/2025\/01\/WhatsApp-Image-2025-01-04-a-09.48.34_c0562759-1536x691.jpg 1536w, https:\/\/www.lamennais.org\/wp-content\/uploads\/2025\/01\/WhatsApp-Image-2025-01-04-a-09.48.34_c0562759-260x117.jpg 260w, https:\/\/www.lamennais.org\/wp-content\/uploads\/2025\/01\/WhatsApp-Image-2025-01-04-a-09.48.34_c0562759.jpg 2048w\" sizes=\"(max-width: 860px) 100vw, 860px\" \/><p id=\"caption-attachment-44205\" class=\"wp-caption-text\">Escuela Jean-de-la-Mennais, en\u00a0 Thian<\/p><\/div>\n","protected":false},"excerpt":{"rendered":"<p>Con los ni\u00f1os de la infantil: Vincent, Raymonde, Marie y Martine Marie y Vincent LEFEUVRE se unieron a la comunidad FIC de Thian en Ben\u00edn desde principios de diciembre. Su plan es quedarse tres meses a vivir con los Hermanos para expresarles su fe y su deseo de servicio. Escuchemos su testimonio: \u201cLlegamos aqu\u00ed a [&hellip;]<\/p>\n","protected":false},"author":3,"featured_media":44188,"comment_status":"closed","ping_status":"closed","sticky":false,"template":"","format":"standard","meta":{"footnotes":""},"categories":[105],"tags":[],"class_list":["post-44217","post","type-post","status-publish","format-standard","has-post-thumbnail","hentry","category-noticias"],"yoast_head":"<!-- This site is optimized with the Yoast SEO plugin v27.4 - https:\/\/yoast.com\/product\/yoast-seo-wordpress\/ -->\n<title>BEN\u00cdN: Experiencia misionera de Mar\u00eda y Vicente en la Comunidad de THIAN. - LaMennais.org<\/title>\n<meta name=\"robots\" content=\"index, follow, max-snippet:-1, max-image-preview:large, max-video-preview:-1\" \/>\n<link rel=\"canonical\" href=\"https:\/\/www.lamennais.org\/es\/benin-experiencia-misionera-de-maria-y-vicente-en-la-comunidad-de-thian\/\" \/>\n<meta property=\"og:locale\" content=\"es_ES\" \/>\n<meta property=\"og:type\" content=\"article\" \/>\n<meta property=\"og:title\" content=\"BEN\u00cdN: Experiencia misionera de Mar\u00eda y Vicente en la Comunidad de THIAN. - LaMennais.org\" \/>\n<meta property=\"og:description\" content=\"Con los ni\u00f1os de la infantil: Vincent, Raymonde, Marie y Martine Marie y Vincent LEFEUVRE se unieron a la comunidad FIC de Thian en Ben\u00edn desde principios de diciembre. Su plan es quedarse tres meses a vivir con los Hermanos para expresarles su fe y su deseo de servicio. Escuchemos su testimonio: \u201cLlegamos aqu\u00ed a [&hellip;]\" \/>\n<meta property=\"og:url\" content=\"https:\/\/www.lamennais.org\/es\/benin-experiencia-misionera-de-maria-y-vicente-en-la-comunidad-de-thian\/\" \/>\n<meta property=\"og:site_name\" content=\"LaMennais.org\" \/>\n<meta property=\"article:published_time\" content=\"2025-01-04T08:31:25+00:00\" \/>\n<meta property=\"article:modified_time\" content=\"2025-01-04T15:13:05+00:00\" \/>\n<meta property=\"og:image\" content=\"https:\/\/www.lamennais.org\/wp-content\/uploads\/2025\/01\/slide2.jpg\" \/>\n\t<meta property=\"og:image:width\" content=\"1698\" \/>\n\t<meta property=\"og:image:height\" content=\"627\" \/>\n\t<meta property=\"og:image:type\" content=\"image\/jpeg\" \/>\n<meta name=\"author\" content=\"Herv\u00e9 Asse\" \/>\n<meta name=\"twitter:card\" content=\"summary_large_image\" \/>\n<meta name=\"twitter:label1\" content=\"Escrito por\" \/>\n\t<meta name=\"twitter:data1\" content=\"Herv\u00e9 Asse\" \/>\n\t<meta name=\"twitter:label2\" content=\"Tiempo de lectura\" \/>\n\t<meta name=\"twitter:data2\" content=\"4 minutos\" \/>\n<script type=\"application\/ld+json\" class=\"yoast-schema-graph\">{\"@context\":\"https:\\\/\\\/schema.org\",\"@graph\":[{\"@type\":\"Article\",\"@id\":\"https:\\\/\\\/www.lamennais.org\\\/es\\\/benin-experiencia-misionera-de-maria-y-vicente-en-la-comunidad-de-thian\\\/#article\",\"isPartOf\":{\"@id\":\"https:\\\/\\\/www.lamennais.org\\\/es\\\/benin-experiencia-misionera-de-maria-y-vicente-en-la-comunidad-de-thian\\\/\"},\"author\":{\"name\":\"Herv\u00e9 Asse\",\"@id\":\"https:\\\/\\\/www.lamennais.org\\\/#\\\/schema\\\/person\\\/2a8d6e8a95babedd5ba1c43afd2e3844\"},\"headline\":\"BEN\u00cdN: Experiencia misionera de Mar\u00eda y Vicente en la Comunidad de THIAN.\",\"datePublished\":\"2025-01-04T08:31:25+00:00\",\"dateModified\":\"2025-01-04T15:13:05+00:00\",\"mainEntityOfPage\":{\"@id\":\"https:\\\/\\\/www.lamennais.org\\\/es\\\/benin-experiencia-misionera-de-maria-y-vicente-en-la-comunidad-de-thian\\\/\"},\"wordCount\":520,\"image\":{\"@id\":\"https:\\\/\\\/www.lamennais.org\\\/es\\\/benin-experiencia-misionera-de-maria-y-vicente-en-la-comunidad-de-thian\\\/#primaryimage\"},\"thumbnailUrl\":\"https:\\\/\\\/www.lamennais.org\\\/wp-content\\\/uploads\\\/2025\\\/01\\\/slide2.jpg\",\"articleSection\":[\"NOTICIAS\"],\"inLanguage\":\"es\"},{\"@type\":\"WebPage\",\"@id\":\"https:\\\/\\\/www.lamennais.org\\\/es\\\/benin-experiencia-misionera-de-maria-y-vicente-en-la-comunidad-de-thian\\\/\",\"url\":\"https:\\\/\\\/www.lamennais.org\\\/es\\\/benin-experiencia-misionera-de-maria-y-vicente-en-la-comunidad-de-thian\\\/\",\"name\":\"BEN\u00cdN: Experiencia misionera de Mar\u00eda y Vicente en la Comunidad de THIAN. - LaMennais.org\",\"isPartOf\":{\"@id\":\"https:\\\/\\\/www.lamennais.org\\\/#website\"},\"primaryImageOfPage\":{\"@id\":\"https:\\\/\\\/www.lamennais.org\\\/es\\\/benin-experiencia-misionera-de-maria-y-vicente-en-la-comunidad-de-thian\\\/#primaryimage\"},\"image\":{\"@id\":\"https:\\\/\\\/www.lamennais.org\\\/es\\\/benin-experiencia-misionera-de-maria-y-vicente-en-la-comunidad-de-thian\\\/#primaryimage\"},\"thumbnailUrl\":\"https:\\\/\\\/www.lamennais.org\\\/wp-content\\\/uploads\\\/2025\\\/01\\\/slide2.jpg\",\"datePublished\":\"2025-01-04T08:31:25+00:00\",\"dateModified\":\"2025-01-04T15:13:05+00:00\",\"author\":{\"@id\":\"https:\\\/\\\/www.lamennais.org\\\/#\\\/schema\\\/person\\\/2a8d6e8a95babedd5ba1c43afd2e3844\"},\"breadcrumb\":{\"@id\":\"https:\\\/\\\/www.lamennais.org\\\/es\\\/benin-experiencia-misionera-de-maria-y-vicente-en-la-comunidad-de-thian\\\/#breadcrumb\"},\"inLanguage\":\"es\",\"potentialAction\":[{\"@type\":\"ReadAction\",\"target\":[\"https:\\\/\\\/www.lamennais.org\\\/es\\\/benin-experiencia-misionera-de-maria-y-vicente-en-la-comunidad-de-thian\\\/\"]}]},{\"@type\":\"ImageObject\",\"inLanguage\":\"es\",\"@id\":\"https:\\\/\\\/www.lamennais.org\\\/es\\\/benin-experiencia-misionera-de-maria-y-vicente-en-la-comunidad-de-thian\\\/#primaryimage\",\"url\":\"https:\\\/\\\/www.lamennais.org\\\/wp-content\\\/uploads\\\/2025\\\/01\\\/slide2.jpg\",\"contentUrl\":\"https:\\\/\\\/www.lamennais.org\\\/wp-content\\\/uploads\\\/2025\\\/01\\\/slide2.jpg\",\"width\":1698,\"height\":627},{\"@type\":\"BreadcrumbList\",\"@id\":\"https:\\\/\\\/www.lamennais.org\\\/es\\\/benin-experiencia-misionera-de-maria-y-vicente-en-la-comunidad-de-thian\\\/#breadcrumb\",\"itemListElement\":[{\"@type\":\"ListItem\",\"position\":1,\"name\":\"Accueil\",\"item\":\"https:\\\/\\\/www.lamennais.org\\\/\"},{\"@type\":\"ListItem\",\"position\":2,\"name\":\"BEN\u00cdN: Experiencia misionera de Mar\u00eda y Vicente en la Comunidad de THIAN.\"}]},{\"@type\":\"WebSite\",\"@id\":\"https:\\\/\\\/www.lamennais.org\\\/#website\",\"url\":\"https:\\\/\\\/www.lamennais.org\\\/\",\"name\":\"LaMennais.org\",\"description\":\"Fr\u00e8res de l&#039;Instruction Chr\u00e9tienne et Famille Mennaisienne\",\"potentialAction\":[{\"@type\":\"SearchAction\",\"target\":{\"@type\":\"EntryPoint\",\"urlTemplate\":\"https:\\\/\\\/www.lamennais.org\\\/?s={search_term_string}\"},\"query-input\":{\"@type\":\"PropertyValueSpecification\",\"valueRequired\":true,\"valueName\":\"search_term_string\"}}],\"inLanguage\":\"es\"},{\"@type\":\"Person\",\"@id\":\"https:\\\/\\\/www.lamennais.org\\\/#\\\/schema\\\/person\\\/2a8d6e8a95babedd5ba1c43afd2e3844\",\"name\":\"Herv\u00e9 Asse\",\"image\":{\"@type\":\"ImageObject\",\"inLanguage\":\"es\",\"@id\":\"https:\\\/\\\/secure.gravatar.com\\\/avatar\\\/1aaa7b1baf759c8b40525f40af381cbaa2b0ddd554f57145bceb0654ba45b4c0?s=96&d=mm&r=g\",\"url\":\"https:\\\/\\\/secure.gravatar.com\\\/avatar\\\/1aaa7b1baf759c8b40525f40af381cbaa2b0ddd554f57145bceb0654ba45b4c0?s=96&d=mm&r=g\",\"contentUrl\":\"https:\\\/\\\/secure.gravatar.com\\\/avatar\\\/1aaa7b1baf759c8b40525f40af381cbaa2b0ddd554f57145bceb0654ba45b4c0?s=96&d=mm&r=g\",\"caption\":\"Herv\u00e9 Asse\"}}]}<\/script>\n<!-- \/ Yoast SEO plugin. -->","yoast_head_json":{"title":"BEN\u00cdN: Experiencia misionera de Mar\u00eda y Vicente en la Comunidad de THIAN. - LaMennais.org","robots":{"index":"index","follow":"follow","max-snippet":"max-snippet:-1","max-image-preview":"max-image-preview:large","max-video-preview":"max-video-preview:-1"},"canonical":"https:\/\/www.lamennais.org\/es\/benin-experiencia-misionera-de-maria-y-vicente-en-la-comunidad-de-thian\/","og_locale":"es_ES","og_type":"article","og_title":"BEN\u00cdN: Experiencia misionera de Mar\u00eda y Vicente en la Comunidad de THIAN. - LaMennais.org","og_description":"Con los ni\u00f1os de la infantil: Vincent, Raymonde, Marie y Martine Marie y Vincent LEFEUVRE se unieron a la comunidad FIC de Thian en Ben\u00edn desde principios de diciembre. Su plan es quedarse tres meses a vivir con los Hermanos para expresarles su fe y su deseo de servicio. Escuchemos su testimonio: \u201cLlegamos aqu\u00ed a [&hellip;]","og_url":"https:\/\/www.lamennais.org\/es\/benin-experiencia-misionera-de-maria-y-vicente-en-la-comunidad-de-thian\/","og_site_name":"LaMennais.org","article_published_time":"2025-01-04T08:31:25+00:00","article_modified_time":"2025-01-04T15:13:05+00:00","og_image":[{"width":1698,"height":627,"url":"https:\/\/www.lamennais.org\/wp-content\/uploads\/2025\/01\/slide2.jpg","type":"image\/jpeg"}],"author":"Herv\u00e9 Asse","twitter_card":"summary_large_image","twitter_misc":{"Escrito por":"Herv\u00e9 Asse","Tiempo de lectura":"4 minutos"},"schema":{"@context":"https:\/\/schema.org","@graph":[{"@type":"Article","@id":"https:\/\/www.lamennais.org\/es\/benin-experiencia-misionera-de-maria-y-vicente-en-la-comunidad-de-thian\/#article","isPartOf":{"@id":"https:\/\/www.lamennais.org\/es\/benin-experiencia-misionera-de-maria-y-vicente-en-la-comunidad-de-thian\/"},"author":{"name":"Herv\u00e9 Asse","@id":"https:\/\/www.lamennais.org\/#\/schema\/person\/2a8d6e8a95babedd5ba1c43afd2e3844"},"headline":"BEN\u00cdN: Experiencia misionera de Mar\u00eda y Vicente en la Comunidad de THIAN.","datePublished":"2025-01-04T08:31:25+00:00","dateModified":"2025-01-04T15:13:05+00:00","mainEntityOfPage":{"@id":"https:\/\/www.lamennais.org\/es\/benin-experiencia-misionera-de-maria-y-vicente-en-la-comunidad-de-thian\/"},"wordCount":520,"image":{"@id":"https:\/\/www.lamennais.org\/es\/benin-experiencia-misionera-de-maria-y-vicente-en-la-comunidad-de-thian\/#primaryimage"},"thumbnailUrl":"https:\/\/www.lamennais.org\/wp-content\/uploads\/2025\/01\/slide2.jpg","articleSection":["NOTICIAS"],"inLanguage":"es"},{"@type":"WebPage","@id":"https:\/\/www.lamennais.org\/es\/benin-experiencia-misionera-de-maria-y-vicente-en-la-comunidad-de-thian\/","url":"https:\/\/www.lamennais.org\/es\/benin-experiencia-misionera-de-maria-y-vicente-en-la-comunidad-de-thian\/","name":"BEN\u00cdN: Experiencia misionera de Mar\u00eda y Vicente en la Comunidad de THIAN. - LaMennais.org","isPartOf":{"@id":"https:\/\/www.lamennais.org\/#website"},"primaryImageOfPage":{"@id":"https:\/\/www.lamennais.org\/es\/benin-experiencia-misionera-de-maria-y-vicente-en-la-comunidad-de-thian\/#primaryimage"},"image":{"@id":"https:\/\/www.lamennais.org\/es\/benin-experiencia-misionera-de-maria-y-vicente-en-la-comunidad-de-thian\/#primaryimage"},"thumbnailUrl":"https:\/\/www.lamennais.org\/wp-content\/uploads\/2025\/01\/slide2.jpg","datePublished":"2025-01-04T08:31:25+00:00","dateModified":"2025-01-04T15:13:05+00:00","author":{"@id":"https:\/\/www.lamennais.org\/#\/schema\/person\/2a8d6e8a95babedd5ba1c43afd2e3844"},"breadcrumb":{"@id":"https:\/\/www.lamennais.org\/es\/benin-experiencia-misionera-de-maria-y-vicente-en-la-comunidad-de-thian\/#breadcrumb"},"inLanguage":"es","potentialAction":[{"@type":"ReadAction","target":["https:\/\/www.lamennais.org\/es\/benin-experiencia-misionera-de-maria-y-vicente-en-la-comunidad-de-thian\/"]}]},{"@type":"ImageObject","inLanguage":"es","@id":"https:\/\/www.lamennais.org\/es\/benin-experiencia-misionera-de-maria-y-vicente-en-la-comunidad-de-thian\/#primaryimage","url":"https:\/\/www.lamennais.org\/wp-content\/uploads\/2025\/01\/slide2.jpg","contentUrl":"https:\/\/www.lamennais.org\/wp-content\/uploads\/2025\/01\/slide2.jpg","width":1698,"height":627},{"@type":"BreadcrumbList","@id":"https:\/\/www.lamennais.org\/es\/benin-experiencia-misionera-de-maria-y-vicente-en-la-comunidad-de-thian\/#breadcrumb","itemListElement":[{"@type":"ListItem","position":1,"name":"Accueil","item":"https:\/\/www.lamennais.org\/"},{"@type":"ListItem","position":2,"name":"BEN\u00cdN: Experiencia misionera de Mar\u00eda y Vicente en la Comunidad de THIAN."}]},{"@type":"WebSite","@id":"https:\/\/www.lamennais.org\/#website","url":"https:\/\/www.lamennais.org\/","name":"LaMennais.org","description":"Fr\u00e8res de l&#039;Instruction Chr\u00e9tienne et Famille Mennaisienne","potentialAction":[{"@type":"SearchAction","target":{"@type":"EntryPoint","urlTemplate":"https:\/\/www.lamennais.org\/?s={search_term_string}"},"query-input":{"@type":"PropertyValueSpecification","valueRequired":true,"valueName":"search_term_string"}}],"inLanguage":"es"},{"@type":"Person","@id":"https:\/\/www.lamennais.org\/#\/schema\/person\/2a8d6e8a95babedd5ba1c43afd2e3844","name":"Herv\u00e9 Asse","image":{"@type":"ImageObject","inLanguage":"es","@id":"https:\/\/secure.gravatar.com\/avatar\/1aaa7b1baf759c8b40525f40af381cbaa2b0ddd554f57145bceb0654ba45b4c0?s=96&d=mm&r=g","url":"https:\/\/secure.gravatar.com\/avatar\/1aaa7b1baf759c8b40525f40af381cbaa2b0ddd554f57145bceb0654ba45b4c0?s=96&d=mm&r=g","contentUrl":"https:\/\/secure.gravatar.com\/avatar\/1aaa7b1baf759c8b40525f40af381cbaa2b0ddd554f57145bceb0654ba45b4c0?s=96&d=mm&r=g","caption":"Herv\u00e9 Asse"}}]}},"_links":{"self":[{"href":"https:\/\/www.lamennais.org\/es\/wp-json\/wp\/v2\/posts\/44217","targetHints":{"allow":["GET"]}}],"collection":[{"href":"https:\/\/www.lamennais.org\/es\/wp-json\/wp\/v2\/posts"}],"about":[{"href":"https:\/\/www.lamennais.org\/es\/wp-json\/wp\/v2\/types\/post"}],"author":[{"embeddable":true,"href":"https:\/\/www.lamennais.org\/es\/wp-json\/wp\/v2\/users\/3"}],"replies":[{"embeddable":true,"href":"https:\/\/www.lamennais.org\/es\/wp-json\/wp\/v2\/comments?post=44217"}],"version-history":[{"count":1,"href":"https:\/\/www.lamennais.org\/es\/wp-json\/wp\/v2\/posts\/44217\/revisions"}],"predecessor-version":[{"id":44218,"href":"https:\/\/www.lamennais.org\/es\/wp-json\/wp\/v2\/posts\/44217\/revisions\/44218"}],"wp:featuredmedia":[{"embeddable":true,"href":"https:\/\/www.lamennais.org\/es\/wp-json\/wp\/v2\/media\/44188"}],"wp:attachment":[{"href":"https:\/\/www.lamennais.org\/es\/wp-json\/wp\/v2\/media?parent=44217"}],"wp:term":[{"taxonomy":"category","embeddable":true,"href":"https:\/\/www.lamennais.org\/es\/wp-json\/wp\/v2\/categories?post=44217"},{"taxonomy":"post_tag","embeddable":true,"href":"https:\/\/www.lamennais.org\/es\/wp-json\/wp\/v2\/tags?post=44217"}],"curies":[{"name":"wp","href":"https:\/\/api.w.org\/{rel}","templated":true}]}}