{"id":43070,"date":"2024-12-07T17:18:49","date_gmt":"2024-12-07T16:18:49","guid":{"rendered":"https:\/\/www.lamennais.org\/?p=43070"},"modified":"2024-12-08T17:13:38","modified_gmt":"2024-12-08T16:13:38","slug":"africa-central-la-delegacion-de-la-republica-democratica-del-congo-y-el-distrito-de-ruanda-han-elegido-a-su-santo-patron","status":"publish","type":"post","link":"https:\/\/www.lamennais.org\/es\/africa-central-la-delegacion-de-la-republica-democratica-del-congo-y-el-distrito-de-ruanda-han-elegido-a-su-santo-patron\/","title":{"rendered":"\u00c1FRICA CENTRAL: la delegaci\u00f3n de la Rep\u00fablica Democr\u00e1tica del Congo y el Distrito de Ruanda han elegido a su Santo Patr\u00f3n"},"content":{"rendered":"<p><strong>A partir de ahora la Delegaci\u00f3n de la Rep\u00fablica Democr\u00e1tica del Congo ser\u00e1 la Delegaci\u00f3n de San Jos\u00e9 y el Distrito de Ruanda ser\u00e1 el Distrito de Nuestra Se\u00f1ora de Kibeho.<\/strong><\/p>\n<p><img fetchpriority=\"high\" decoding=\"async\" class=\"size-full wp-image-43055 alignright\" src=\"https:\/\/www.lamennais.org\/wp-content\/uploads\/2024\/12\/saint-joseph.jpg\" alt=\"\" width=\"471\" height=\"453\" srcset=\"https:\/\/www.lamennais.org\/wp-content\/uploads\/2024\/12\/saint-joseph.jpg 471w, https:\/\/www.lamennais.org\/wp-content\/uploads\/2024\/12\/saint-joseph-300x289.jpg 300w, https:\/\/www.lamennais.org\/wp-content\/uploads\/2024\/12\/saint-joseph-260x250.jpg 260w\" sizes=\"(max-width: 471px) 100vw, 471px\" \/>El H<strong>ermano Bruno DJUKALEMA<\/strong>, representante del Superior general para la delegaci\u00f3n de la Rep\u00fablica Democr\u00e1tica del Congo, explica la elecci\u00f3n de \u201c<strong><em>San Jos\u00e9<\/em><\/strong>:<\/p>\n<p><em>\u201cElegimos el nombre de <strong>San Jos\u00e9<\/strong> para nuestra Delegaci\u00f3n. <\/em><em>San Jos\u00e9 ofrece un programa de vida integral a cada Hermano. Por su obediencia, su esp\u00edritu de fe, humildad, caridad y abnegaci\u00f3n, su oraci\u00f3n, su silencio, su discreci\u00f3n y su vida de castidad, San Jos\u00e9 es modelo de fidelidad al Se\u00f1or. Es un trabajador que se mancha las manos para cuidar de su familia. Educador, ayud\u00f3 a Jes\u00fas a crecer en tama\u00f1o, gracia y sabidur\u00eda ante Dios y los hombres. Es el santo de <strong>\u201c<\/strong>al lado<strong>\u201d<\/strong> el que quiere viajar con cada Hermano de la Delegaci\u00f3n. \u00bb<\/em><\/p>\n<p><img decoding=\"async\" class=\"alignleft size-full wp-image-43052\" src=\"https:\/\/www.lamennais.org\/wp-content\/uploads\/2024\/12\/ND-de-Kibeho.jpeg\" alt=\"\" width=\"409\" height=\"480\" srcset=\"https:\/\/www.lamennais.org\/wp-content\/uploads\/2024\/12\/ND-de-Kibeho.jpeg 409w, https:\/\/www.lamennais.org\/wp-content\/uploads\/2024\/12\/ND-de-Kibeho-256x300.jpeg 256w, https:\/\/www.lamennais.org\/wp-content\/uploads\/2024\/12\/ND-de-Kibeho-260x305.jpeg 260w\" sizes=\"(max-width: 409px) 100vw, 409px\" \/>El <strong>Hermano Dami\u00e1n HABIMANA<\/strong>, Visitador del Distrito de Ruanda explica la elecci\u00f3n del nombre de <strong><em>Nuestra Se\u00f1ora de Kibeho<\/em><\/strong>, como Patrona del Distrito:<\/p>\n<p>El <strong>Hermano Dami\u00e1n<\/strong> explica primero que el proceso adoptado fue reunir a los Hermanos de cada comunidad y elegir un nombre. Tambi\u00e9n se consult\u00f3 a los j\u00f3venes Hermanos en formaci\u00f3n (Kisubi, Kasasa, Dapaong). Nuestra Se\u00f1ora de Kibeho era el nombre m\u00e1s popular.<\/p>\n<p>El <strong>Hermano Dami\u00e1n<\/strong> contin\u00faa: \u00abComo nuevo Distrito de Ruanda, queremos fundar nuestra vida consagrada en<a href=\"https:\/\/www.lamennais.org\/wp-content\/uploads\/2024\/12\/Message-de-la-vierge-a-Kibeho-1.pdf\" target=\"_blank\" rel=\"noopener\"><strong> el mensaje de Nuestra Se\u00f1ora de Kibeho<\/strong>,<\/a> la \u00abMadre del Verbo\u00bb, que es la conversi\u00f3n y la oraci\u00f3n sincera como camino hacia la santidad.\u00a0 \u00a0 \u00abArrepi\u00e9ntanse, arrepi\u00e9ntanse, arrepi\u00e9ntanse\u00bb y \u00abOrad sin cesar y sin hipocres\u00eda\u00bb. Esto encaja bien con el tema del a\u00f1o en que nuestro Distrito fue erigido y es un camino de todos los tiempos. Necesitamos ambos elementos para un nuevo comienzo.\u00bb<\/p>\n<p>Encomendamos a nuestros Hermanos del Congo, RDC y de Ruanda a San Jos\u00e9 y a Nuestra Se\u00f1ora de Kibeho. Oremos por cada uno de los Hermanos de estos pa\u00edses, cada comunidad, cada obra; encomendemos especialmente a todos los j\u00f3venes en formaci\u00f3n (m\u00e1s de 30 j\u00f3venes en el postulantado-noviciado-escolasticado) y a sus formadores.<\/p>\n<p><img decoding=\"async\" class=\"alignleft size-large wp-image-43046\" src=\"https:\/\/www.lamennais.org\/wp-content\/uploads\/2024\/12\/faire-part-rw-1024x722.jpg\" alt=\"\" width=\"860\" height=\"606\" srcset=\"https:\/\/www.lamennais.org\/wp-content\/uploads\/2024\/12\/faire-part-rw-1024x722.jpg 1024w, https:\/\/www.lamennais.org\/wp-content\/uploads\/2024\/12\/faire-part-rw-300x211.jpg 300w, https:\/\/www.lamennais.org\/wp-content\/uploads\/2024\/12\/faire-part-rw-768x541.jpg 768w, https:\/\/www.lamennais.org\/wp-content\/uploads\/2024\/12\/faire-part-rw-260x183.jpg 260w, https:\/\/www.lamennais.org\/wp-content\/uploads\/2024\/12\/faire-part-rw.jpg 1328w\" sizes=\"(max-width: 860px) 100vw, 860px\" \/>Oremos por los <strong><em>Hermanos No\u00ebl Mupenda y Jean de Dieu Hagenimana<\/em><\/strong> (Ruanda) que har\u00e1n su compromiso definitivo el 14 de diciembre en Nyundo;<\/p>\n<p><img loading=\"lazy\" decoding=\"async\" class=\"alignleft size-large wp-image-43043\" src=\"https:\/\/www.lamennais.org\/wp-content\/uploads\/2024\/12\/IMG-20241207-WA0004-1024x530.jpg\" alt=\"\" width=\"860\" height=\"445\" srcset=\"https:\/\/www.lamennais.org\/wp-content\/uploads\/2024\/12\/IMG-20241207-WA0004-1024x530.jpg 1024w, https:\/\/www.lamennais.org\/wp-content\/uploads\/2024\/12\/IMG-20241207-WA0004-300x155.jpg 300w, https:\/\/www.lamennais.org\/wp-content\/uploads\/2024\/12\/IMG-20241207-WA0004-768x397.jpg 768w, https:\/\/www.lamennais.org\/wp-content\/uploads\/2024\/12\/IMG-20241207-WA0004-1536x795.jpg 1536w, https:\/\/www.lamennais.org\/wp-content\/uploads\/2024\/12\/IMG-20241207-WA0004-260x135.jpg 260w, https:\/\/www.lamennais.org\/wp-content\/uploads\/2024\/12\/IMG-20241207-WA0004.jpg 1600w\" sizes=\"(max-width: 860px) 100vw, 860px\" \/>y por los H<strong><em>ermanos Patrick Kakule y Gracia Titayosa<\/em><\/strong> (Congo RDC) que se comprometer\u00e1n definitivamente con la Congregaci\u00f3n el 28 de diciembre de 2024 en Dungu.<\/p>\n<p>Oremos tambi\u00e9n por los <strong><em>5 Hermanos de Kenia y Tanzania<\/em><\/strong> que se comprometer\u00e1n definitivamente con la Congregaci\u00f3n el 21 de diciembre en Moshi<strong>:<\/strong> <strong><em>Hnos: James Gwaoo Osogo, Paul Mwiti Joshua, Paul Muaka Musau, Abel Kiulu Augustine y Pius Kimathi Muriungi.<\/em><\/strong><\/p>\n<p>Para los <strong>6 Hermanos ugandeses<\/strong> que se comprometer\u00e1n definitivamente con la Congregaci\u00f3n el 1 de enero de 2025 en Kisubi: <strong><em>Hnos: Alfred Mukasa, Deo Ruhweza, Julius Mandella, Leonard Ssemanda Wasswa, Noah Tutasirwe, Richard Kagoda.<\/em><\/strong><\/p>\n\n\n<p><\/p>\n","protected":false},"excerpt":{"rendered":"<p>A partir de ahora la Delegaci\u00f3n de la Rep\u00fablica Democr\u00e1tica del Congo ser\u00e1 la Delegaci\u00f3n de San Jos\u00e9 y el Distrito de Ruanda ser\u00e1 el Distrito de Nuestra Se\u00f1ora de Kibeho. El Hermano Bruno DJUKALEMA, representante del Superior general para la delegaci\u00f3n de la Rep\u00fablica Democr\u00e1tica del Congo, explica la elecci\u00f3n de \u201cSan Jos\u00e9: \u201cElegimos [&hellip;]<\/p>\n","protected":false},"author":3,"featured_media":43049,"comment_status":"closed","ping_status":"closed","sticky":false,"template":"","format":"standard","meta":{"footnotes":""},"categories":[105,161],"tags":[],"class_list":["post-43070","post","type-post","status-publish","format-standard","has-post-thumbnail","hentry","category-noticias","category-noticias-hermanos"],"yoast_head":"<!-- This site is optimized with the Yoast SEO plugin v27.4 - https:\/\/yoast.com\/product\/yoast-seo-wordpress\/ -->\n<title>\u00c1FRICA CENTRAL: la delegaci\u00f3n de la Rep\u00fablica Democr\u00e1tica del Congo y el Distrito de Ruanda han elegido a su Santo Patr\u00f3n - LaMennais.org<\/title>\n<meta name=\"robots\" content=\"index, follow, max-snippet:-1, max-image-preview:large, max-video-preview:-1\" \/>\n<link rel=\"canonical\" href=\"https:\/\/www.lamennais.org\/es\/africa-central-la-delegacion-de-la-republica-democratica-del-congo-y-el-distrito-de-ruanda-han-elegido-a-su-santo-patron\/\" \/>\n<meta property=\"og:locale\" content=\"es_ES\" \/>\n<meta property=\"og:type\" content=\"article\" \/>\n<meta property=\"og:title\" content=\"\u00c1FRICA CENTRAL: la delegaci\u00f3n de la Rep\u00fablica Democr\u00e1tica del Congo y el Distrito de Ruanda han elegido a su Santo Patr\u00f3n - LaMennais.org\" \/>\n<meta property=\"og:description\" content=\"A partir de ahora la Delegaci\u00f3n de la Rep\u00fablica Democr\u00e1tica del Congo ser\u00e1 la Delegaci\u00f3n de San Jos\u00e9 y el Distrito de Ruanda ser\u00e1 el Distrito de Nuestra Se\u00f1ora de Kibeho. El Hermano Bruno DJUKALEMA, representante del Superior general para la delegaci\u00f3n de la Rep\u00fablica Democr\u00e1tica del Congo, explica la elecci\u00f3n de \u201cSan Jos\u00e9: \u201cElegimos [&hellip;]\" \/>\n<meta property=\"og:url\" content=\"https:\/\/www.lamennais.org\/es\/africa-central-la-delegacion-de-la-republica-democratica-del-congo-y-el-distrito-de-ruanda-han-elegido-a-su-santo-patron\/\" \/>\n<meta property=\"og:site_name\" content=\"LaMennais.org\" \/>\n<meta property=\"article:published_time\" content=\"2024-12-07T16:18:49+00:00\" \/>\n<meta property=\"article:modified_time\" content=\"2024-12-08T16:13:38+00:00\" \/>\n<meta property=\"og:image\" content=\"https:\/\/www.lamennais.org\/wp-content\/uploads\/2024\/12\/slide-1.jpg\" \/>\n\t<meta property=\"og:image:width\" content=\"1800\" \/>\n\t<meta property=\"og:image:height\" content=\"700\" \/>\n\t<meta property=\"og:image:type\" content=\"image\/jpeg\" \/>\n<meta name=\"author\" content=\"Herv\u00e9 Asse\" \/>\n<meta name=\"twitter:card\" content=\"summary_large_image\" \/>\n<meta name=\"twitter:label1\" content=\"Escrito por\" \/>\n\t<meta name=\"twitter:data1\" content=\"Herv\u00e9 Asse\" \/>\n\t<meta name=\"twitter:label2\" content=\"Tiempo de lectura\" \/>\n\t<meta name=\"twitter:data2\" content=\"4 minutos\" \/>\n<script type=\"application\/ld+json\" class=\"yoast-schema-graph\">{\"@context\":\"https:\\\/\\\/schema.org\",\"@graph\":[{\"@type\":\"Article\",\"@id\":\"https:\\\/\\\/www.lamennais.org\\\/es\\\/africa-central-la-delegacion-de-la-republica-democratica-del-congo-y-el-distrito-de-ruanda-han-elegido-a-su-santo-patron\\\/#article\",\"isPartOf\":{\"@id\":\"https:\\\/\\\/www.lamennais.org\\\/es\\\/africa-central-la-delegacion-de-la-republica-democratica-del-congo-y-el-distrito-de-ruanda-han-elegido-a-su-santo-patron\\\/\"},\"author\":{\"name\":\"Herv\u00e9 Asse\",\"@id\":\"https:\\\/\\\/www.lamennais.org\\\/#\\\/schema\\\/person\\\/2a8d6e8a95babedd5ba1c43afd2e3844\"},\"headline\":\"\u00c1FRICA CENTRAL: la delegaci\u00f3n de la Rep\u00fablica Democr\u00e1tica del Congo y el Distrito de Ruanda han elegido a su Santo Patr\u00f3n\",\"datePublished\":\"2024-12-07T16:18:49+00:00\",\"dateModified\":\"2024-12-08T16:13:38+00:00\",\"mainEntityOfPage\":{\"@id\":\"https:\\\/\\\/www.lamennais.org\\\/es\\\/africa-central-la-delegacion-de-la-republica-democratica-del-congo-y-el-distrito-de-ruanda-han-elegido-a-su-santo-patron\\\/\"},\"wordCount\":537,\"image\":{\"@id\":\"https:\\\/\\\/www.lamennais.org\\\/es\\\/africa-central-la-delegacion-de-la-republica-democratica-del-congo-y-el-distrito-de-ruanda-han-elegido-a-su-santo-patron\\\/#primaryimage\"},\"thumbnailUrl\":\"https:\\\/\\\/www.lamennais.org\\\/wp-content\\\/uploads\\\/2024\\\/12\\\/slide-1.jpg\",\"articleSection\":[\"NOTICIAS\",\"Noticias - Hermanos\"],\"inLanguage\":\"es\"},{\"@type\":\"WebPage\",\"@id\":\"https:\\\/\\\/www.lamennais.org\\\/es\\\/africa-central-la-delegacion-de-la-republica-democratica-del-congo-y-el-distrito-de-ruanda-han-elegido-a-su-santo-patron\\\/\",\"url\":\"https:\\\/\\\/www.lamennais.org\\\/es\\\/africa-central-la-delegacion-de-la-republica-democratica-del-congo-y-el-distrito-de-ruanda-han-elegido-a-su-santo-patron\\\/\",\"name\":\"\u00c1FRICA CENTRAL: la delegaci\u00f3n de la Rep\u00fablica Democr\u00e1tica del Congo y el Distrito de Ruanda han elegido a su Santo Patr\u00f3n - LaMennais.org\",\"isPartOf\":{\"@id\":\"https:\\\/\\\/www.lamennais.org\\\/#website\"},\"primaryImageOfPage\":{\"@id\":\"https:\\\/\\\/www.lamennais.org\\\/es\\\/africa-central-la-delegacion-de-la-republica-democratica-del-congo-y-el-distrito-de-ruanda-han-elegido-a-su-santo-patron\\\/#primaryimage\"},\"image\":{\"@id\":\"https:\\\/\\\/www.lamennais.org\\\/es\\\/africa-central-la-delegacion-de-la-republica-democratica-del-congo-y-el-distrito-de-ruanda-han-elegido-a-su-santo-patron\\\/#primaryimage\"},\"thumbnailUrl\":\"https:\\\/\\\/www.lamennais.org\\\/wp-content\\\/uploads\\\/2024\\\/12\\\/slide-1.jpg\",\"datePublished\":\"2024-12-07T16:18:49+00:00\",\"dateModified\":\"2024-12-08T16:13:38+00:00\",\"author\":{\"@id\":\"https:\\\/\\\/www.lamennais.org\\\/#\\\/schema\\\/person\\\/2a8d6e8a95babedd5ba1c43afd2e3844\"},\"breadcrumb\":{\"@id\":\"https:\\\/\\\/www.lamennais.org\\\/es\\\/africa-central-la-delegacion-de-la-republica-democratica-del-congo-y-el-distrito-de-ruanda-han-elegido-a-su-santo-patron\\\/#breadcrumb\"},\"inLanguage\":\"es\",\"potentialAction\":[{\"@type\":\"ReadAction\",\"target\":[\"https:\\\/\\\/www.lamennais.org\\\/es\\\/africa-central-la-delegacion-de-la-republica-democratica-del-congo-y-el-distrito-de-ruanda-han-elegido-a-su-santo-patron\\\/\"]}]},{\"@type\":\"ImageObject\",\"inLanguage\":\"es\",\"@id\":\"https:\\\/\\\/www.lamennais.org\\\/es\\\/africa-central-la-delegacion-de-la-republica-democratica-del-congo-y-el-distrito-de-ruanda-han-elegido-a-su-santo-patron\\\/#primaryimage\",\"url\":\"https:\\\/\\\/www.lamennais.org\\\/wp-content\\\/uploads\\\/2024\\\/12\\\/slide-1.jpg\",\"contentUrl\":\"https:\\\/\\\/www.lamennais.org\\\/wp-content\\\/uploads\\\/2024\\\/12\\\/slide-1.jpg\",\"width\":1800,\"height\":700},{\"@type\":\"BreadcrumbList\",\"@id\":\"https:\\\/\\\/www.lamennais.org\\\/es\\\/africa-central-la-delegacion-de-la-republica-democratica-del-congo-y-el-distrito-de-ruanda-han-elegido-a-su-santo-patron\\\/#breadcrumb\",\"itemListElement\":[{\"@type\":\"ListItem\",\"position\":1,\"name\":\"Accueil\",\"item\":\"https:\\\/\\\/www.lamennais.org\\\/\"},{\"@type\":\"ListItem\",\"position\":2,\"name\":\"\u00c1FRICA CENTRAL: la delegaci\u00f3n de la Rep\u00fablica Democr\u00e1tica del Congo y el Distrito de Ruanda han elegido a su Santo Patr\u00f3n\"}]},{\"@type\":\"WebSite\",\"@id\":\"https:\\\/\\\/www.lamennais.org\\\/#website\",\"url\":\"https:\\\/\\\/www.lamennais.org\\\/\",\"name\":\"LaMennais.org\",\"description\":\"Fr\u00e8res de l&#039;Instruction Chr\u00e9tienne et Famille Mennaisienne\",\"potentialAction\":[{\"@type\":\"SearchAction\",\"target\":{\"@type\":\"EntryPoint\",\"urlTemplate\":\"https:\\\/\\\/www.lamennais.org\\\/?s={search_term_string}\"},\"query-input\":{\"@type\":\"PropertyValueSpecification\",\"valueRequired\":true,\"valueName\":\"search_term_string\"}}],\"inLanguage\":\"es\"},{\"@type\":\"Person\",\"@id\":\"https:\\\/\\\/www.lamennais.org\\\/#\\\/schema\\\/person\\\/2a8d6e8a95babedd5ba1c43afd2e3844\",\"name\":\"Herv\u00e9 Asse\",\"image\":{\"@type\":\"ImageObject\",\"inLanguage\":\"es\",\"@id\":\"https:\\\/\\\/secure.gravatar.com\\\/avatar\\\/1aaa7b1baf759c8b40525f40af381cbaa2b0ddd554f57145bceb0654ba45b4c0?s=96&d=mm&r=g\",\"url\":\"https:\\\/\\\/secure.gravatar.com\\\/avatar\\\/1aaa7b1baf759c8b40525f40af381cbaa2b0ddd554f57145bceb0654ba45b4c0?s=96&d=mm&r=g\",\"contentUrl\":\"https:\\\/\\\/secure.gravatar.com\\\/avatar\\\/1aaa7b1baf759c8b40525f40af381cbaa2b0ddd554f57145bceb0654ba45b4c0?s=96&d=mm&r=g\",\"caption\":\"Herv\u00e9 Asse\"}}]}<\/script>\n<!-- \/ Yoast SEO plugin. -->","yoast_head_json":{"title":"\u00c1FRICA CENTRAL: la delegaci\u00f3n de la Rep\u00fablica Democr\u00e1tica del Congo y el Distrito de Ruanda han elegido a su Santo Patr\u00f3n - LaMennais.org","robots":{"index":"index","follow":"follow","max-snippet":"max-snippet:-1","max-image-preview":"max-image-preview:large","max-video-preview":"max-video-preview:-1"},"canonical":"https:\/\/www.lamennais.org\/es\/africa-central-la-delegacion-de-la-republica-democratica-del-congo-y-el-distrito-de-ruanda-han-elegido-a-su-santo-patron\/","og_locale":"es_ES","og_type":"article","og_title":"\u00c1FRICA CENTRAL: la delegaci\u00f3n de la Rep\u00fablica Democr\u00e1tica del Congo y el Distrito de Ruanda han elegido a su Santo Patr\u00f3n - LaMennais.org","og_description":"A partir de ahora la Delegaci\u00f3n de la Rep\u00fablica Democr\u00e1tica del Congo ser\u00e1 la Delegaci\u00f3n de San Jos\u00e9 y el Distrito de Ruanda ser\u00e1 el Distrito de Nuestra Se\u00f1ora de Kibeho. El Hermano Bruno DJUKALEMA, representante del Superior general para la delegaci\u00f3n de la Rep\u00fablica Democr\u00e1tica del Congo, explica la elecci\u00f3n de \u201cSan Jos\u00e9: \u201cElegimos [&hellip;]","og_url":"https:\/\/www.lamennais.org\/es\/africa-central-la-delegacion-de-la-republica-democratica-del-congo-y-el-distrito-de-ruanda-han-elegido-a-su-santo-patron\/","og_site_name":"LaMennais.org","article_published_time":"2024-12-07T16:18:49+00:00","article_modified_time":"2024-12-08T16:13:38+00:00","og_image":[{"width":1800,"height":700,"url":"https:\/\/www.lamennais.org\/wp-content\/uploads\/2024\/12\/slide-1.jpg","type":"image\/jpeg"}],"author":"Herv\u00e9 Asse","twitter_card":"summary_large_image","twitter_misc":{"Escrito por":"Herv\u00e9 Asse","Tiempo de lectura":"4 minutos"},"schema":{"@context":"https:\/\/schema.org","@graph":[{"@type":"Article","@id":"https:\/\/www.lamennais.org\/es\/africa-central-la-delegacion-de-la-republica-democratica-del-congo-y-el-distrito-de-ruanda-han-elegido-a-su-santo-patron\/#article","isPartOf":{"@id":"https:\/\/www.lamennais.org\/es\/africa-central-la-delegacion-de-la-republica-democratica-del-congo-y-el-distrito-de-ruanda-han-elegido-a-su-santo-patron\/"},"author":{"name":"Herv\u00e9 Asse","@id":"https:\/\/www.lamennais.org\/#\/schema\/person\/2a8d6e8a95babedd5ba1c43afd2e3844"},"headline":"\u00c1FRICA CENTRAL: la delegaci\u00f3n de la Rep\u00fablica Democr\u00e1tica del Congo y el Distrito de Ruanda han elegido a su Santo Patr\u00f3n","datePublished":"2024-12-07T16:18:49+00:00","dateModified":"2024-12-08T16:13:38+00:00","mainEntityOfPage":{"@id":"https:\/\/www.lamennais.org\/es\/africa-central-la-delegacion-de-la-republica-democratica-del-congo-y-el-distrito-de-ruanda-han-elegido-a-su-santo-patron\/"},"wordCount":537,"image":{"@id":"https:\/\/www.lamennais.org\/es\/africa-central-la-delegacion-de-la-republica-democratica-del-congo-y-el-distrito-de-ruanda-han-elegido-a-su-santo-patron\/#primaryimage"},"thumbnailUrl":"https:\/\/www.lamennais.org\/wp-content\/uploads\/2024\/12\/slide-1.jpg","articleSection":["NOTICIAS","Noticias - Hermanos"],"inLanguage":"es"},{"@type":"WebPage","@id":"https:\/\/www.lamennais.org\/es\/africa-central-la-delegacion-de-la-republica-democratica-del-congo-y-el-distrito-de-ruanda-han-elegido-a-su-santo-patron\/","url":"https:\/\/www.lamennais.org\/es\/africa-central-la-delegacion-de-la-republica-democratica-del-congo-y-el-distrito-de-ruanda-han-elegido-a-su-santo-patron\/","name":"\u00c1FRICA CENTRAL: la delegaci\u00f3n de la Rep\u00fablica Democr\u00e1tica del Congo y el Distrito de Ruanda han elegido a su Santo Patr\u00f3n - LaMennais.org","isPartOf":{"@id":"https:\/\/www.lamennais.org\/#website"},"primaryImageOfPage":{"@id":"https:\/\/www.lamennais.org\/es\/africa-central-la-delegacion-de-la-republica-democratica-del-congo-y-el-distrito-de-ruanda-han-elegido-a-su-santo-patron\/#primaryimage"},"image":{"@id":"https:\/\/www.lamennais.org\/es\/africa-central-la-delegacion-de-la-republica-democratica-del-congo-y-el-distrito-de-ruanda-han-elegido-a-su-santo-patron\/#primaryimage"},"thumbnailUrl":"https:\/\/www.lamennais.org\/wp-content\/uploads\/2024\/12\/slide-1.jpg","datePublished":"2024-12-07T16:18:49+00:00","dateModified":"2024-12-08T16:13:38+00:00","author":{"@id":"https:\/\/www.lamennais.org\/#\/schema\/person\/2a8d6e8a95babedd5ba1c43afd2e3844"},"breadcrumb":{"@id":"https:\/\/www.lamennais.org\/es\/africa-central-la-delegacion-de-la-republica-democratica-del-congo-y-el-distrito-de-ruanda-han-elegido-a-su-santo-patron\/#breadcrumb"},"inLanguage":"es","potentialAction":[{"@type":"ReadAction","target":["https:\/\/www.lamennais.org\/es\/africa-central-la-delegacion-de-la-republica-democratica-del-congo-y-el-distrito-de-ruanda-han-elegido-a-su-santo-patron\/"]}]},{"@type":"ImageObject","inLanguage":"es","@id":"https:\/\/www.lamennais.org\/es\/africa-central-la-delegacion-de-la-republica-democratica-del-congo-y-el-distrito-de-ruanda-han-elegido-a-su-santo-patron\/#primaryimage","url":"https:\/\/www.lamennais.org\/wp-content\/uploads\/2024\/12\/slide-1.jpg","contentUrl":"https:\/\/www.lamennais.org\/wp-content\/uploads\/2024\/12\/slide-1.jpg","width":1800,"height":700},{"@type":"BreadcrumbList","@id":"https:\/\/www.lamennais.org\/es\/africa-central-la-delegacion-de-la-republica-democratica-del-congo-y-el-distrito-de-ruanda-han-elegido-a-su-santo-patron\/#breadcrumb","itemListElement":[{"@type":"ListItem","position":1,"name":"Accueil","item":"https:\/\/www.lamennais.org\/"},{"@type":"ListItem","position":2,"name":"\u00c1FRICA CENTRAL: la delegaci\u00f3n de la Rep\u00fablica Democr\u00e1tica del Congo y el Distrito de Ruanda han elegido a su Santo Patr\u00f3n"}]},{"@type":"WebSite","@id":"https:\/\/www.lamennais.org\/#website","url":"https:\/\/www.lamennais.org\/","name":"LaMennais.org","description":"Fr\u00e8res de l&#039;Instruction Chr\u00e9tienne et Famille Mennaisienne","potentialAction":[{"@type":"SearchAction","target":{"@type":"EntryPoint","urlTemplate":"https:\/\/www.lamennais.org\/?s={search_term_string}"},"query-input":{"@type":"PropertyValueSpecification","valueRequired":true,"valueName":"search_term_string"}}],"inLanguage":"es"},{"@type":"Person","@id":"https:\/\/www.lamennais.org\/#\/schema\/person\/2a8d6e8a95babedd5ba1c43afd2e3844","name":"Herv\u00e9 Asse","image":{"@type":"ImageObject","inLanguage":"es","@id":"https:\/\/secure.gravatar.com\/avatar\/1aaa7b1baf759c8b40525f40af381cbaa2b0ddd554f57145bceb0654ba45b4c0?s=96&d=mm&r=g","url":"https:\/\/secure.gravatar.com\/avatar\/1aaa7b1baf759c8b40525f40af381cbaa2b0ddd554f57145bceb0654ba45b4c0?s=96&d=mm&r=g","contentUrl":"https:\/\/secure.gravatar.com\/avatar\/1aaa7b1baf759c8b40525f40af381cbaa2b0ddd554f57145bceb0654ba45b4c0?s=96&d=mm&r=g","caption":"Herv\u00e9 Asse"}}]}},"_links":{"self":[{"href":"https:\/\/www.lamennais.org\/es\/wp-json\/wp\/v2\/posts\/43070","targetHints":{"allow":["GET"]}}],"collection":[{"href":"https:\/\/www.lamennais.org\/es\/wp-json\/wp\/v2\/posts"}],"about":[{"href":"https:\/\/www.lamennais.org\/es\/wp-json\/wp\/v2\/types\/post"}],"author":[{"embeddable":true,"href":"https:\/\/www.lamennais.org\/es\/wp-json\/wp\/v2\/users\/3"}],"replies":[{"embeddable":true,"href":"https:\/\/www.lamennais.org\/es\/wp-json\/wp\/v2\/comments?post=43070"}],"version-history":[{"count":3,"href":"https:\/\/www.lamennais.org\/es\/wp-json\/wp\/v2\/posts\/43070\/revisions"}],"predecessor-version":[{"id":43078,"href":"https:\/\/www.lamennais.org\/es\/wp-json\/wp\/v2\/posts\/43070\/revisions\/43078"}],"wp:featuredmedia":[{"embeddable":true,"href":"https:\/\/www.lamennais.org\/es\/wp-json\/wp\/v2\/media\/43049"}],"wp:attachment":[{"href":"https:\/\/www.lamennais.org\/es\/wp-json\/wp\/v2\/media?parent=43070"}],"wp:term":[{"taxonomy":"category","embeddable":true,"href":"https:\/\/www.lamennais.org\/es\/wp-json\/wp\/v2\/categories?post=43070"},{"taxonomy":"post_tag","embeddable":true,"href":"https:\/\/www.lamennais.org\/es\/wp-json\/wp\/v2\/tags?post=43070"}],"curies":[{"name":"wp","href":"https:\/\/api.w.org\/{rel}","templated":true}]}}