{"id":42759,"date":"2024-11-20T17:10:47","date_gmt":"2024-11-20T16:10:47","guid":{"rendered":"https:\/\/www.lamennais.org\/?p=42759"},"modified":"2024-11-21T08:05:21","modified_gmt":"2024-11-21T07:05:21","slug":"portugal-continua-la-estancia-linguistica-de-nuestros-3-misioneros","status":"publish","type":"post","link":"https:\/\/www.lamennais.org\/es\/portugal-continua-la-estancia-linguistica-de-nuestros-3-misioneros\/","title":{"rendered":"Portugal: contin\u00faa la estancia ling\u00fc\u00edstica de nuestros 3 misioneros"},"content":{"rendered":"<div id=\"attachment_42742\" style=\"width: 870px\" class=\"wp-caption alignleft\"><img fetchpriority=\"high\" decoding=\"async\" aria-describedby=\"caption-attachment-42742\" class=\"wp-image-42742 size-large\" src=\"https:\/\/www.lamennais.org\/wp-content\/uploads\/2024\/11\/WhatsApp-Image-2024-11-19-a-10.30.37_9b68146e-1024x576.jpg\" alt=\"\" width=\"860\" height=\"484\" srcset=\"https:\/\/www.lamennais.org\/wp-content\/uploads\/2024\/11\/WhatsApp-Image-2024-11-19-a-10.30.37_9b68146e-1024x576.jpg 1024w, https:\/\/www.lamennais.org\/wp-content\/uploads\/2024\/11\/WhatsApp-Image-2024-11-19-a-10.30.37_9b68146e-300x169.jpg 300w, https:\/\/www.lamennais.org\/wp-content\/uploads\/2024\/11\/WhatsApp-Image-2024-11-19-a-10.30.37_9b68146e-768x432.jpg 768w, https:\/\/www.lamennais.org\/wp-content\/uploads\/2024\/11\/WhatsApp-Image-2024-11-19-a-10.30.37_9b68146e-1536x864.jpg 1536w, https:\/\/www.lamennais.org\/wp-content\/uploads\/2024\/11\/WhatsApp-Image-2024-11-19-a-10.30.37_9b68146e-260x146.jpg 260w, https:\/\/www.lamennais.org\/wp-content\/uploads\/2024\/11\/WhatsApp-Image-2024-11-19-a-10.30.37_9b68146e.jpg 1600w\" sizes=\"(max-width: 860px) 100vw, 860px\" \/><p id=\"caption-attachment-42742\" class=\"wp-caption-text\"><em>\u00a1Foto tomada por la ma\u00f1ana al final del desayuno, antes de partir hacia la escuela de idiomas!<\/em><\/p><\/div>\n<p><strong>Buenos d\u00edas soleado desde Carcavelos. Pronto entraremos en el tercer mes de nuestra estancia en Portugal. Nuestros cursos en el centro de idiomas de Lisboa contin\u00faan pero con menos intensidad que el primer mes.<\/strong><\/p>\n<p><strong>\u00a0<\/strong><\/p>\n<div id=\"attachment_42751\" style=\"width: 870px\" class=\"wp-caption alignleft\"><img decoding=\"async\" aria-describedby=\"caption-attachment-42751\" class=\"wp-image-42751 size-large\" src=\"https:\/\/www.lamennais.org\/wp-content\/uploads\/2024\/11\/WhatsApp-Image-2024-11-20-a-13.06.28_71c72028-1024x576.jpg\" alt=\"\" width=\"860\" height=\"484\" srcset=\"https:\/\/www.lamennais.org\/wp-content\/uploads\/2024\/11\/WhatsApp-Image-2024-11-20-a-13.06.28_71c72028-1024x576.jpg 1024w, https:\/\/www.lamennais.org\/wp-content\/uploads\/2024\/11\/WhatsApp-Image-2024-11-20-a-13.06.28_71c72028-300x169.jpg 300w, https:\/\/www.lamennais.org\/wp-content\/uploads\/2024\/11\/WhatsApp-Image-2024-11-20-a-13.06.28_71c72028-768x432.jpg 768w, https:\/\/www.lamennais.org\/wp-content\/uploads\/2024\/11\/WhatsApp-Image-2024-11-20-a-13.06.28_71c72028-1536x864.jpg 1536w, https:\/\/www.lamennais.org\/wp-content\/uploads\/2024\/11\/WhatsApp-Image-2024-11-20-a-13.06.28_71c72028-260x146.jpg 260w, https:\/\/www.lamennais.org\/wp-content\/uploads\/2024\/11\/WhatsApp-Image-2024-11-20-a-13.06.28_71c72028.jpg 1600w\" sizes=\"(max-width: 860px) 100vw, 860px\" \/><p id=\"caption-attachment-42751\" class=\"wp-caption-text\"><em>En la escuela de idiomas<\/em><\/p><\/div>\n<p>Esto nos permite estudiar personalmente, ingresar a clases y conocer gente nueva. \u00a1Todo nos ayuda a progresar y nos hace felices de ser Hermanos! Gracias a todos por sus oraciones.<\/p>\n<table>\n<tbody>\n<tr>\n<td width=\"201\"><img decoding=\"async\" class=\"alignleft size-medium wp-image-42739\" src=\"https:\/\/www.lamennais.org\/wp-content\/uploads\/2024\/11\/WhatsApp-Image-2024-11-19-a-10.32.30_fd595912ffffffffffffffffffff-225x300.jpg\" alt=\"\" width=\"225\" height=\"300\" srcset=\"https:\/\/www.lamennais.org\/wp-content\/uploads\/2024\/11\/WhatsApp-Image-2024-11-19-a-10.32.30_fd595912ffffffffffffffffffff-225x300.jpg 225w, https:\/\/www.lamennais.org\/wp-content\/uploads\/2024\/11\/WhatsApp-Image-2024-11-19-a-10.32.30_fd595912ffffffffffffffffffff-768x1024.jpg 768w, https:\/\/www.lamennais.org\/wp-content\/uploads\/2024\/11\/WhatsApp-Image-2024-11-19-a-10.32.30_fd595912ffffffffffffffffffff-1152x1536.jpg 1152w, https:\/\/www.lamennais.org\/wp-content\/uploads\/2024\/11\/WhatsApp-Image-2024-11-19-a-10.32.30_fd595912ffffffffffffffffffff-260x347.jpg 260w, https:\/\/www.lamennais.org\/wp-content\/uploads\/2024\/11\/WhatsApp-Image-2024-11-19-a-10.32.30_fd595912ffffffffffffffffffff.jpg 1200w\" sizes=\"(max-width: 225px) 100vw, 225px\" \/><\/td>\n<td width=\"201\"><img loading=\"lazy\" decoding=\"async\" class=\"alignleft size-medium wp-image-42736\" src=\"https:\/\/www.lamennais.org\/wp-content\/uploads\/2024\/11\/WhatsApp-Image-2024-11-19-a-10.32.30_e1f11bd0ffffffffffffffffffffff-225x300.jpg\" alt=\"\" width=\"225\" height=\"300\" srcset=\"https:\/\/www.lamennais.org\/wp-content\/uploads\/2024\/11\/WhatsApp-Image-2024-11-19-a-10.32.30_e1f11bd0ffffffffffffffffffffff-225x300.jpg 225w, https:\/\/www.lamennais.org\/wp-content\/uploads\/2024\/11\/WhatsApp-Image-2024-11-19-a-10.32.30_e1f11bd0ffffffffffffffffffffff-768x1024.jpg 768w, https:\/\/www.lamennais.org\/wp-content\/uploads\/2024\/11\/WhatsApp-Image-2024-11-19-a-10.32.30_e1f11bd0ffffffffffffffffffffff-1152x1536.jpg 1152w, https:\/\/www.lamennais.org\/wp-content\/uploads\/2024\/11\/WhatsApp-Image-2024-11-19-a-10.32.30_e1f11bd0ffffffffffffffffffffff-260x347.jpg 260w, https:\/\/www.lamennais.org\/wp-content\/uploads\/2024\/11\/WhatsApp-Image-2024-11-19-a-10.32.30_e1f11bd0ffffffffffffffffffffff.jpg 1200w\" sizes=\"(max-width: 225px) 100vw, 225px\" \/><\/td>\n<td width=\"201\"><img loading=\"lazy\" decoding=\"async\" class=\"alignleft size-medium wp-image-42733\" src=\"https:\/\/www.lamennais.org\/wp-content\/uploads\/2024\/11\/WhatsApp-Image-2024-11-19-a-10.32.30_b4cafbfffffffffffffffffffffffffff-225x300.jpg\" alt=\"\" width=\"225\" height=\"300\" srcset=\"https:\/\/www.lamennais.org\/wp-content\/uploads\/2024\/11\/WhatsApp-Image-2024-11-19-a-10.32.30_b4cafbfffffffffffffffffffffffffff-225x300.jpg 225w, https:\/\/www.lamennais.org\/wp-content\/uploads\/2024\/11\/WhatsApp-Image-2024-11-19-a-10.32.30_b4cafbfffffffffffffffffffffffffff-768x1024.jpg 768w, https:\/\/www.lamennais.org\/wp-content\/uploads\/2024\/11\/WhatsApp-Image-2024-11-19-a-10.32.30_b4cafbfffffffffffffffffffffffffff-1152x1536.jpg 1152w, https:\/\/www.lamennais.org\/wp-content\/uploads\/2024\/11\/WhatsApp-Image-2024-11-19-a-10.32.30_b4cafbfffffffffffffffffffffffffff-260x347.jpg 260w, https:\/\/www.lamennais.org\/wp-content\/uploads\/2024\/11\/WhatsApp-Image-2024-11-19-a-10.32.30_b4cafbfffffffffffffffffffffffffff.jpg 1200w\" sizes=\"(max-width: 225px) 100vw, 225px\" \/><\/td>\n<\/tr>\n<\/tbody>\n<\/table>\n<p><em>El aprendizaje contin\u00faa en el aula con los ni\u00f1os<\/em><\/p>\n<p>Pr\u00f3ximo programa: Los Hermanos St\u00e9phane, Christian y Philippe contin\u00faan su curso de portugu\u00e9s con los Hermanos Maristas en Carcavelos, hasta el 20 de diciembre.<\/p>\n<p>Mientras tanto, se escapar\u00e1n a <strong>Zamora<\/strong> para vivir la Semana Menesiana con la Familia Menesiana Espa\u00f1ola.<\/p>\n<p>Luego los Hermanos Christian y Philippe regresar\u00e1n a Roma, hacia el 18 de diciembre, donde pasar\u00e1n la Navidad y las fiestas de fin de a\u00f1o con los Hermanos de la Casa.<\/p>\n<p>En cuanto al Hermano St\u00e9phane, regresar\u00e1 a Indonesia, desde donde partir\u00e1 hacia Timor Oriental, en Dili, para preparar la llegada de sus dos colegas, para un nuevo curso ling\u00fc\u00edstico: el <strong>t\u00e9tum<\/strong>.<\/p>\n<p>.<\/p>\n<table>\n<tbody>\n<tr>\n<td width=\"201\"><img loading=\"lazy\" decoding=\"async\" class=\"alignleft size-medium wp-image-42748\" src=\"https:\/\/www.lamennais.org\/wp-content\/uploads\/2024\/11\/WhatsApp-Image-2024-11-20-a-13.06.28_c9399f27-169x300.jpg\" alt=\"\" width=\"169\" height=\"300\" srcset=\"https:\/\/www.lamennais.org\/wp-content\/uploads\/2024\/11\/WhatsApp-Image-2024-11-20-a-13.06.28_c9399f27-169x300.jpg 169w, https:\/\/www.lamennais.org\/wp-content\/uploads\/2024\/11\/WhatsApp-Image-2024-11-20-a-13.06.28_c9399f27-576x1024.jpg 576w, https:\/\/www.lamennais.org\/wp-content\/uploads\/2024\/11\/WhatsApp-Image-2024-11-20-a-13.06.28_c9399f27-768x1365.jpg 768w, https:\/\/www.lamennais.org\/wp-content\/uploads\/2024\/11\/WhatsApp-Image-2024-11-20-a-13.06.28_c9399f27-864x1536.jpg 864w, https:\/\/www.lamennais.org\/wp-content\/uploads\/2024\/11\/WhatsApp-Image-2024-11-20-a-13.06.28_c9399f27-260x462.jpg 260w, https:\/\/www.lamennais.org\/wp-content\/uploads\/2024\/11\/WhatsApp-Image-2024-11-20-a-13.06.28_c9399f27.jpg 900w\" sizes=\"(max-width: 169px) 100vw, 169px\" \/><\/td>\n<td width=\"201\"><img loading=\"lazy\" decoding=\"async\" class=\"alignleft size-medium wp-image-42745\" src=\"https:\/\/www.lamennais.org\/wp-content\/uploads\/2024\/11\/WhatsApp-Image-2024-11-20-a-13.06.27_f02c1fdd-169x300.jpg\" alt=\"\" width=\"169\" height=\"300\" srcset=\"https:\/\/www.lamennais.org\/wp-content\/uploads\/2024\/11\/WhatsApp-Image-2024-11-20-a-13.06.27_f02c1fdd-169x300.jpg 169w, https:\/\/www.lamennais.org\/wp-content\/uploads\/2024\/11\/WhatsApp-Image-2024-11-20-a-13.06.27_f02c1fdd-576x1024.jpg 576w, https:\/\/www.lamennais.org\/wp-content\/uploads\/2024\/11\/WhatsApp-Image-2024-11-20-a-13.06.27_f02c1fdd-768x1365.jpg 768w, https:\/\/www.lamennais.org\/wp-content\/uploads\/2024\/11\/WhatsApp-Image-2024-11-20-a-13.06.27_f02c1fdd-864x1536.jpg 864w, https:\/\/www.lamennais.org\/wp-content\/uploads\/2024\/11\/WhatsApp-Image-2024-11-20-a-13.06.27_f02c1fdd-260x462.jpg 260w, https:\/\/www.lamennais.org\/wp-content\/uploads\/2024\/11\/WhatsApp-Image-2024-11-20-a-13.06.27_f02c1fdd.jpg 900w\" sizes=\"(max-width: 169px) 100vw, 169px\" \/><\/td>\n<td width=\"201\"><img loading=\"lazy\" decoding=\"async\" class=\"alignleft size-full wp-image-42730\" src=\"https:\/\/www.lamennais.org\/wp-content\/uploads\/2024\/11\/elevador-bica-lisboa.jpg\" alt=\"\" width=\"500\" height=\"373\" srcset=\"https:\/\/www.lamennais.org\/wp-content\/uploads\/2024\/11\/elevador-bica-lisboa.jpg 500w, https:\/\/www.lamennais.org\/wp-content\/uploads\/2024\/11\/elevador-bica-lisboa-300x224.jpg 300w, https:\/\/www.lamennais.org\/wp-content\/uploads\/2024\/11\/elevador-bica-lisboa-260x194.jpg 260w\" sizes=\"(max-width: 500px) 100vw, 500px\" \/><\/td>\n<\/tr>\n<\/tbody>\n<\/table>\n<p>Mientras tanto, nuestros 3 misioneros descubren las \u201cvisitas obligadas\u201d de Lisboa, incluido el ascensor Bica (\u00a1todo sobre este funicular!<a href=\"https:\/\/bonjourlisbonne.fr\/ascensor-da-bica\/\" target=\"_blank\" rel=\"noopener\">&gt;&gt;&gt;)<\/a><\/p>\n\n\n<p><\/p>\n","protected":false},"excerpt":{"rendered":"<p>Buenos d\u00edas soleado desde Carcavelos. Pronto entraremos en el tercer mes de nuestra estancia en Portugal. Nuestros cursos en el centro de idiomas de Lisboa contin\u00faan pero con menos intensidad que el primer mes. \u00a0 Esto nos permite estudiar personalmente, ingresar a clases y conocer gente nueva. \u00a1Todo nos ayuda a progresar y nos hace [&hellip;]<\/p>\n","protected":false},"author":3,"featured_media":42729,"comment_status":"closed","ping_status":"closed","sticky":false,"template":"","format":"standard","meta":{"footnotes":""},"categories":[105,161],"tags":[],"class_list":["post-42759","post","type-post","status-publish","format-standard","has-post-thumbnail","hentry","category-noticias","category-noticias-hermanos"],"yoast_head":"<!-- This site is optimized with the Yoast SEO plugin v27.4 - https:\/\/yoast.com\/product\/yoast-seo-wordpress\/ -->\n<title>Portugal: contin\u00faa la estancia ling\u00fc\u00edstica de nuestros 3 misioneros - LaMennais.org<\/title>\n<meta name=\"robots\" content=\"index, follow, max-snippet:-1, max-image-preview:large, max-video-preview:-1\" \/>\n<link rel=\"canonical\" href=\"https:\/\/www.lamennais.org\/es\/portugal-continua-la-estancia-linguistica-de-nuestros-3-misioneros\/\" \/>\n<meta property=\"og:locale\" content=\"es_ES\" \/>\n<meta property=\"og:type\" content=\"article\" \/>\n<meta property=\"og:title\" content=\"Portugal: contin\u00faa la estancia ling\u00fc\u00edstica de nuestros 3 misioneros - LaMennais.org\" \/>\n<meta property=\"og:description\" content=\"Buenos d\u00edas soleado desde Carcavelos. Pronto entraremos en el tercer mes de nuestra estancia en Portugal. Nuestros cursos en el centro de idiomas de Lisboa contin\u00faan pero con menos intensidad que el primer mes. \u00a0 Esto nos permite estudiar personalmente, ingresar a clases y conocer gente nueva. \u00a1Todo nos ayuda a progresar y nos hace [&hellip;]\" \/>\n<meta property=\"og:url\" content=\"https:\/\/www.lamennais.org\/es\/portugal-continua-la-estancia-linguistica-de-nuestros-3-misioneros\/\" \/>\n<meta property=\"og:site_name\" content=\"LaMennais.org\" \/>\n<meta property=\"article:published_time\" content=\"2024-11-20T16:10:47+00:00\" \/>\n<meta property=\"article:modified_time\" content=\"2024-11-21T07:05:21+00:00\" \/>\n<meta property=\"og:image\" content=\"https:\/\/www.lamennais.org\/wp-content\/uploads\/2024\/11\/slide-3.jpg\" \/>\n\t<meta property=\"og:image:width\" content=\"1699\" \/>\n\t<meta property=\"og:image:height\" content=\"723\" \/>\n\t<meta property=\"og:image:type\" content=\"image\/jpeg\" \/>\n<meta name=\"author\" content=\"Herv\u00e9 Asse\" \/>\n<meta name=\"twitter:card\" content=\"summary_large_image\" \/>\n<meta name=\"twitter:label1\" content=\"Escrito por\" \/>\n\t<meta name=\"twitter:data1\" content=\"Herv\u00e9 Asse\" \/>\n\t<meta name=\"twitter:label2\" content=\"Tiempo de lectura\" \/>\n\t<meta name=\"twitter:data2\" content=\"3 minutos\" \/>\n<script type=\"application\/ld+json\" class=\"yoast-schema-graph\">{\"@context\":\"https:\\\/\\\/schema.org\",\"@graph\":[{\"@type\":\"Article\",\"@id\":\"https:\\\/\\\/www.lamennais.org\\\/es\\\/portugal-continua-la-estancia-linguistica-de-nuestros-3-misioneros\\\/#article\",\"isPartOf\":{\"@id\":\"https:\\\/\\\/www.lamennais.org\\\/es\\\/portugal-continua-la-estancia-linguistica-de-nuestros-3-misioneros\\\/\"},\"author\":{\"name\":\"Herv\u00e9 Asse\",\"@id\":\"https:\\\/\\\/www.lamennais.org\\\/#\\\/schema\\\/person\\\/2a8d6e8a95babedd5ba1c43afd2e3844\"},\"headline\":\"Portugal: contin\u00faa la estancia ling\u00fc\u00edstica de nuestros 3 misioneros\",\"datePublished\":\"2024-11-20T16:10:47+00:00\",\"dateModified\":\"2024-11-21T07:05:21+00:00\",\"mainEntityOfPage\":{\"@id\":\"https:\\\/\\\/www.lamennais.org\\\/es\\\/portugal-continua-la-estancia-linguistica-de-nuestros-3-misioneros\\\/\"},\"wordCount\":257,\"image\":{\"@id\":\"https:\\\/\\\/www.lamennais.org\\\/es\\\/portugal-continua-la-estancia-linguistica-de-nuestros-3-misioneros\\\/#primaryimage\"},\"thumbnailUrl\":\"https:\\\/\\\/www.lamennais.org\\\/wp-content\\\/uploads\\\/2024\\\/11\\\/slide-3.jpg\",\"articleSection\":[\"NOTICIAS\",\"Noticias - Hermanos\"],\"inLanguage\":\"es\"},{\"@type\":\"WebPage\",\"@id\":\"https:\\\/\\\/www.lamennais.org\\\/es\\\/portugal-continua-la-estancia-linguistica-de-nuestros-3-misioneros\\\/\",\"url\":\"https:\\\/\\\/www.lamennais.org\\\/es\\\/portugal-continua-la-estancia-linguistica-de-nuestros-3-misioneros\\\/\",\"name\":\"Portugal: contin\u00faa la estancia ling\u00fc\u00edstica de nuestros 3 misioneros - LaMennais.org\",\"isPartOf\":{\"@id\":\"https:\\\/\\\/www.lamennais.org\\\/#website\"},\"primaryImageOfPage\":{\"@id\":\"https:\\\/\\\/www.lamennais.org\\\/es\\\/portugal-continua-la-estancia-linguistica-de-nuestros-3-misioneros\\\/#primaryimage\"},\"image\":{\"@id\":\"https:\\\/\\\/www.lamennais.org\\\/es\\\/portugal-continua-la-estancia-linguistica-de-nuestros-3-misioneros\\\/#primaryimage\"},\"thumbnailUrl\":\"https:\\\/\\\/www.lamennais.org\\\/wp-content\\\/uploads\\\/2024\\\/11\\\/slide-3.jpg\",\"datePublished\":\"2024-11-20T16:10:47+00:00\",\"dateModified\":\"2024-11-21T07:05:21+00:00\",\"author\":{\"@id\":\"https:\\\/\\\/www.lamennais.org\\\/#\\\/schema\\\/person\\\/2a8d6e8a95babedd5ba1c43afd2e3844\"},\"breadcrumb\":{\"@id\":\"https:\\\/\\\/www.lamennais.org\\\/es\\\/portugal-continua-la-estancia-linguistica-de-nuestros-3-misioneros\\\/#breadcrumb\"},\"inLanguage\":\"es\",\"potentialAction\":[{\"@type\":\"ReadAction\",\"target\":[\"https:\\\/\\\/www.lamennais.org\\\/es\\\/portugal-continua-la-estancia-linguistica-de-nuestros-3-misioneros\\\/\"]}]},{\"@type\":\"ImageObject\",\"inLanguage\":\"es\",\"@id\":\"https:\\\/\\\/www.lamennais.org\\\/es\\\/portugal-continua-la-estancia-linguistica-de-nuestros-3-misioneros\\\/#primaryimage\",\"url\":\"https:\\\/\\\/www.lamennais.org\\\/wp-content\\\/uploads\\\/2024\\\/11\\\/slide-3.jpg\",\"contentUrl\":\"https:\\\/\\\/www.lamennais.org\\\/wp-content\\\/uploads\\\/2024\\\/11\\\/slide-3.jpg\",\"width\":1699,\"height\":723},{\"@type\":\"BreadcrumbList\",\"@id\":\"https:\\\/\\\/www.lamennais.org\\\/es\\\/portugal-continua-la-estancia-linguistica-de-nuestros-3-misioneros\\\/#breadcrumb\",\"itemListElement\":[{\"@type\":\"ListItem\",\"position\":1,\"name\":\"Accueil\",\"item\":\"https:\\\/\\\/www.lamennais.org\\\/\"},{\"@type\":\"ListItem\",\"position\":2,\"name\":\"Portugal: contin\u00faa la estancia ling\u00fc\u00edstica de nuestros 3 misioneros\"}]},{\"@type\":\"WebSite\",\"@id\":\"https:\\\/\\\/www.lamennais.org\\\/#website\",\"url\":\"https:\\\/\\\/www.lamennais.org\\\/\",\"name\":\"LaMennais.org\",\"description\":\"Fr\u00e8res de l&#039;Instruction Chr\u00e9tienne et Famille Mennaisienne\",\"potentialAction\":[{\"@type\":\"SearchAction\",\"target\":{\"@type\":\"EntryPoint\",\"urlTemplate\":\"https:\\\/\\\/www.lamennais.org\\\/?s={search_term_string}\"},\"query-input\":{\"@type\":\"PropertyValueSpecification\",\"valueRequired\":true,\"valueName\":\"search_term_string\"}}],\"inLanguage\":\"es\"},{\"@type\":\"Person\",\"@id\":\"https:\\\/\\\/www.lamennais.org\\\/#\\\/schema\\\/person\\\/2a8d6e8a95babedd5ba1c43afd2e3844\",\"name\":\"Herv\u00e9 Asse\",\"image\":{\"@type\":\"ImageObject\",\"inLanguage\":\"es\",\"@id\":\"https:\\\/\\\/secure.gravatar.com\\\/avatar\\\/1aaa7b1baf759c8b40525f40af381cbaa2b0ddd554f57145bceb0654ba45b4c0?s=96&d=mm&r=g\",\"url\":\"https:\\\/\\\/secure.gravatar.com\\\/avatar\\\/1aaa7b1baf759c8b40525f40af381cbaa2b0ddd554f57145bceb0654ba45b4c0?s=96&d=mm&r=g\",\"contentUrl\":\"https:\\\/\\\/secure.gravatar.com\\\/avatar\\\/1aaa7b1baf759c8b40525f40af381cbaa2b0ddd554f57145bceb0654ba45b4c0?s=96&d=mm&r=g\",\"caption\":\"Herv\u00e9 Asse\"}}]}<\/script>\n<!-- \/ Yoast SEO plugin. -->","yoast_head_json":{"title":"Portugal: contin\u00faa la estancia ling\u00fc\u00edstica de nuestros 3 misioneros - LaMennais.org","robots":{"index":"index","follow":"follow","max-snippet":"max-snippet:-1","max-image-preview":"max-image-preview:large","max-video-preview":"max-video-preview:-1"},"canonical":"https:\/\/www.lamennais.org\/es\/portugal-continua-la-estancia-linguistica-de-nuestros-3-misioneros\/","og_locale":"es_ES","og_type":"article","og_title":"Portugal: contin\u00faa la estancia ling\u00fc\u00edstica de nuestros 3 misioneros - LaMennais.org","og_description":"Buenos d\u00edas soleado desde Carcavelos. Pronto entraremos en el tercer mes de nuestra estancia en Portugal. Nuestros cursos en el centro de idiomas de Lisboa contin\u00faan pero con menos intensidad que el primer mes. \u00a0 Esto nos permite estudiar personalmente, ingresar a clases y conocer gente nueva. \u00a1Todo nos ayuda a progresar y nos hace [&hellip;]","og_url":"https:\/\/www.lamennais.org\/es\/portugal-continua-la-estancia-linguistica-de-nuestros-3-misioneros\/","og_site_name":"LaMennais.org","article_published_time":"2024-11-20T16:10:47+00:00","article_modified_time":"2024-11-21T07:05:21+00:00","og_image":[{"width":1699,"height":723,"url":"https:\/\/www.lamennais.org\/wp-content\/uploads\/2024\/11\/slide-3.jpg","type":"image\/jpeg"}],"author":"Herv\u00e9 Asse","twitter_card":"summary_large_image","twitter_misc":{"Escrito por":"Herv\u00e9 Asse","Tiempo de lectura":"3 minutos"},"schema":{"@context":"https:\/\/schema.org","@graph":[{"@type":"Article","@id":"https:\/\/www.lamennais.org\/es\/portugal-continua-la-estancia-linguistica-de-nuestros-3-misioneros\/#article","isPartOf":{"@id":"https:\/\/www.lamennais.org\/es\/portugal-continua-la-estancia-linguistica-de-nuestros-3-misioneros\/"},"author":{"name":"Herv\u00e9 Asse","@id":"https:\/\/www.lamennais.org\/#\/schema\/person\/2a8d6e8a95babedd5ba1c43afd2e3844"},"headline":"Portugal: contin\u00faa la estancia ling\u00fc\u00edstica de nuestros 3 misioneros","datePublished":"2024-11-20T16:10:47+00:00","dateModified":"2024-11-21T07:05:21+00:00","mainEntityOfPage":{"@id":"https:\/\/www.lamennais.org\/es\/portugal-continua-la-estancia-linguistica-de-nuestros-3-misioneros\/"},"wordCount":257,"image":{"@id":"https:\/\/www.lamennais.org\/es\/portugal-continua-la-estancia-linguistica-de-nuestros-3-misioneros\/#primaryimage"},"thumbnailUrl":"https:\/\/www.lamennais.org\/wp-content\/uploads\/2024\/11\/slide-3.jpg","articleSection":["NOTICIAS","Noticias - Hermanos"],"inLanguage":"es"},{"@type":"WebPage","@id":"https:\/\/www.lamennais.org\/es\/portugal-continua-la-estancia-linguistica-de-nuestros-3-misioneros\/","url":"https:\/\/www.lamennais.org\/es\/portugal-continua-la-estancia-linguistica-de-nuestros-3-misioneros\/","name":"Portugal: contin\u00faa la estancia ling\u00fc\u00edstica de nuestros 3 misioneros - LaMennais.org","isPartOf":{"@id":"https:\/\/www.lamennais.org\/#website"},"primaryImageOfPage":{"@id":"https:\/\/www.lamennais.org\/es\/portugal-continua-la-estancia-linguistica-de-nuestros-3-misioneros\/#primaryimage"},"image":{"@id":"https:\/\/www.lamennais.org\/es\/portugal-continua-la-estancia-linguistica-de-nuestros-3-misioneros\/#primaryimage"},"thumbnailUrl":"https:\/\/www.lamennais.org\/wp-content\/uploads\/2024\/11\/slide-3.jpg","datePublished":"2024-11-20T16:10:47+00:00","dateModified":"2024-11-21T07:05:21+00:00","author":{"@id":"https:\/\/www.lamennais.org\/#\/schema\/person\/2a8d6e8a95babedd5ba1c43afd2e3844"},"breadcrumb":{"@id":"https:\/\/www.lamennais.org\/es\/portugal-continua-la-estancia-linguistica-de-nuestros-3-misioneros\/#breadcrumb"},"inLanguage":"es","potentialAction":[{"@type":"ReadAction","target":["https:\/\/www.lamennais.org\/es\/portugal-continua-la-estancia-linguistica-de-nuestros-3-misioneros\/"]}]},{"@type":"ImageObject","inLanguage":"es","@id":"https:\/\/www.lamennais.org\/es\/portugal-continua-la-estancia-linguistica-de-nuestros-3-misioneros\/#primaryimage","url":"https:\/\/www.lamennais.org\/wp-content\/uploads\/2024\/11\/slide-3.jpg","contentUrl":"https:\/\/www.lamennais.org\/wp-content\/uploads\/2024\/11\/slide-3.jpg","width":1699,"height":723},{"@type":"BreadcrumbList","@id":"https:\/\/www.lamennais.org\/es\/portugal-continua-la-estancia-linguistica-de-nuestros-3-misioneros\/#breadcrumb","itemListElement":[{"@type":"ListItem","position":1,"name":"Accueil","item":"https:\/\/www.lamennais.org\/"},{"@type":"ListItem","position":2,"name":"Portugal: contin\u00faa la estancia ling\u00fc\u00edstica de nuestros 3 misioneros"}]},{"@type":"WebSite","@id":"https:\/\/www.lamennais.org\/#website","url":"https:\/\/www.lamennais.org\/","name":"LaMennais.org","description":"Fr\u00e8res de l&#039;Instruction Chr\u00e9tienne et Famille Mennaisienne","potentialAction":[{"@type":"SearchAction","target":{"@type":"EntryPoint","urlTemplate":"https:\/\/www.lamennais.org\/?s={search_term_string}"},"query-input":{"@type":"PropertyValueSpecification","valueRequired":true,"valueName":"search_term_string"}}],"inLanguage":"es"},{"@type":"Person","@id":"https:\/\/www.lamennais.org\/#\/schema\/person\/2a8d6e8a95babedd5ba1c43afd2e3844","name":"Herv\u00e9 Asse","image":{"@type":"ImageObject","inLanguage":"es","@id":"https:\/\/secure.gravatar.com\/avatar\/1aaa7b1baf759c8b40525f40af381cbaa2b0ddd554f57145bceb0654ba45b4c0?s=96&d=mm&r=g","url":"https:\/\/secure.gravatar.com\/avatar\/1aaa7b1baf759c8b40525f40af381cbaa2b0ddd554f57145bceb0654ba45b4c0?s=96&d=mm&r=g","contentUrl":"https:\/\/secure.gravatar.com\/avatar\/1aaa7b1baf759c8b40525f40af381cbaa2b0ddd554f57145bceb0654ba45b4c0?s=96&d=mm&r=g","caption":"Herv\u00e9 Asse"}}]}},"_links":{"self":[{"href":"https:\/\/www.lamennais.org\/es\/wp-json\/wp\/v2\/posts\/42759","targetHints":{"allow":["GET"]}}],"collection":[{"href":"https:\/\/www.lamennais.org\/es\/wp-json\/wp\/v2\/posts"}],"about":[{"href":"https:\/\/www.lamennais.org\/es\/wp-json\/wp\/v2\/types\/post"}],"author":[{"embeddable":true,"href":"https:\/\/www.lamennais.org\/es\/wp-json\/wp\/v2\/users\/3"}],"replies":[{"embeddable":true,"href":"https:\/\/www.lamennais.org\/es\/wp-json\/wp\/v2\/comments?post=42759"}],"version-history":[{"count":1,"href":"https:\/\/www.lamennais.org\/es\/wp-json\/wp\/v2\/posts\/42759\/revisions"}],"predecessor-version":[{"id":42760,"href":"https:\/\/www.lamennais.org\/es\/wp-json\/wp\/v2\/posts\/42759\/revisions\/42760"}],"wp:featuredmedia":[{"embeddable":true,"href":"https:\/\/www.lamennais.org\/es\/wp-json\/wp\/v2\/media\/42729"}],"wp:attachment":[{"href":"https:\/\/www.lamennais.org\/es\/wp-json\/wp\/v2\/media?parent=42759"}],"wp:term":[{"taxonomy":"category","embeddable":true,"href":"https:\/\/www.lamennais.org\/es\/wp-json\/wp\/v2\/categories?post=42759"},{"taxonomy":"post_tag","embeddable":true,"href":"https:\/\/www.lamennais.org\/es\/wp-json\/wp\/v2\/tags?post=42759"}],"curies":[{"name":"wp","href":"https:\/\/api.w.org\/{rel}","templated":true}]}}