{"id":40864,"date":"2024-04-22T12:41:55","date_gmt":"2024-04-22T10:41:55","guid":{"rendered":"https:\/\/www.lamennais.org\/?p=40864"},"modified":"2024-04-25T11:07:40","modified_gmt":"2024-04-25T09:07:40","slug":"el-papa-francisco-a-los-hermanos-sean-padres-que-ayuden-a-los-jovenes-a-creer-en-si-mismos-y-sobre-todo-ten-alegria","status":"publish","type":"post","link":"https:\/\/www.lamennais.org\/es\/el-papa-francisco-a-los-hermanos-sean-padres-que-ayuden-a-los-jovenes-a-creer-en-si-mismos-y-sobre-todo-ten-alegria\/","title":{"rendered":"EL PAPA FRANCISCO A LOS HERMANOS. \u201cSean padres que ayuden a los j\u00f3venes a creer en s\u00ed mismos. Y sobre todo \u00a1ten alegr\u00eda! \u00bb"},"content":{"rendered":"<p style=\"text-align: center;\"><strong><em>Saludo fraterno del Papa Francisco al hermano Herv\u00e9 ZAMOR, Superior general.<\/em><\/strong><\/p>\n<p><strong>\u00a1Feliz ma\u00f1ana este lunes! Se confirma la audiencia con el Papa Francisco en una de las salas del Vaticano.<\/strong><\/p>\n<p><img fetchpriority=\"high\" decoding=\"async\" class=\"alignnone size-large wp-image-40625\" src=\"https:\/\/www.lamennais.org\/wp-content\/uploads\/2024\/04\/P1410994-1024x641.jpg\" alt=\"\" width=\"860\" height=\"538\" srcset=\"https:\/\/www.lamennais.org\/wp-content\/uploads\/2024\/04\/P1410994-1024x641.jpg 1024w, https:\/\/www.lamennais.org\/wp-content\/uploads\/2024\/04\/P1410994-300x188.jpg 300w, https:\/\/www.lamennais.org\/wp-content\/uploads\/2024\/04\/P1410994-768x481.jpg 768w, https:\/\/www.lamennais.org\/wp-content\/uploads\/2024\/04\/P1410994-1536x962.jpg 1536w, https:\/\/www.lamennais.org\/wp-content\/uploads\/2024\/04\/P1410994-2048x1283.jpg 2048w, https:\/\/www.lamennais.org\/wp-content\/uploads\/2024\/04\/P1410994-260x163.jpg 260w\" sizes=\"(max-width: 860px) 100vw, 860px\" \/><\/p>\n<p><strong><img decoding=\"async\" class=\"alignnone size-large wp-image-40634\" src=\"https:\/\/www.lamennais.org\/wp-content\/uploads\/2024\/04\/P1430140-1024x728.jpg\" alt=\"\" width=\"860\" height=\"611\" srcset=\"https:\/\/www.lamennais.org\/wp-content\/uploads\/2024\/04\/P1430140-1024x728.jpg 1024w, https:\/\/www.lamennais.org\/wp-content\/uploads\/2024\/04\/P1430140-300x213.jpg 300w, https:\/\/www.lamennais.org\/wp-content\/uploads\/2024\/04\/P1430140-768x546.jpg 768w, https:\/\/www.lamennais.org\/wp-content\/uploads\/2024\/04\/P1430140-260x185.jpg 260w, https:\/\/www.lamennais.org\/wp-content\/uploads\/2024\/04\/P1430140.jpg 1044w\" sizes=\"(max-width: 860px) 100vw, 860px\" \/><\/strong><\/p>\n<p><strong>El hermano Herv\u00e9 Zamor, Superior general, gu\u00eda a todos los Capitulares y a los Hermanos de la Casa en este encuentro excepcional.<\/strong><\/p>\n<p><strong><img decoding=\"async\" class=\"alignnone size-large wp-image-40631\" src=\"https:\/\/www.lamennais.org\/wp-content\/uploads\/2024\/04\/P1430091-Copie-1024x617.jpg\" alt=\"\" width=\"860\" height=\"518\" srcset=\"https:\/\/www.lamennais.org\/wp-content\/uploads\/2024\/04\/P1430091-Copie-1024x617.jpg 1024w, https:\/\/www.lamennais.org\/wp-content\/uploads\/2024\/04\/P1430091-Copie-300x181.jpg 300w, https:\/\/www.lamennais.org\/wp-content\/uploads\/2024\/04\/P1430091-Copie-768x463.jpg 768w, https:\/\/www.lamennais.org\/wp-content\/uploads\/2024\/04\/P1430091-Copie-1536x926.jpg 1536w, https:\/\/www.lamennais.org\/wp-content\/uploads\/2024\/04\/P1430091-Copie-2048x1234.jpg 2048w, https:\/\/www.lamennais.org\/wp-content\/uploads\/2024\/04\/P1430091-Copie-260x157.jpg 260w\" sizes=\"(max-width: 860px) 100vw, 860px\" \/><\/strong><\/p>\n<p><strong>La plaza St-Pierre acoge a la delegaci\u00f3n de los Hermanos de la Instrucci\u00f3n Cristiana y a Hna Louise TOUCHETTE, Superiora General de las Hijas de la Providencia.<\/strong><\/p>\n<p><img loading=\"lazy\" decoding=\"async\" class=\"alignnone size-large wp-image-40628\" src=\"https:\/\/www.lamennais.org\/wp-content\/uploads\/2024\/04\/P1420003-1024x540.jpg\" alt=\"\" width=\"860\" height=\"454\" srcset=\"https:\/\/www.lamennais.org\/wp-content\/uploads\/2024\/04\/P1420003-1024x540.jpg 1024w, https:\/\/www.lamennais.org\/wp-content\/uploads\/2024\/04\/P1420003-300x158.jpg 300w, https:\/\/www.lamennais.org\/wp-content\/uploads\/2024\/04\/P1420003-768x405.jpg 768w, https:\/\/www.lamennais.org\/wp-content\/uploads\/2024\/04\/P1420003-1536x810.jpg 1536w, https:\/\/www.lamennais.org\/wp-content\/uploads\/2024\/04\/P1420003-2048x1080.jpg 2048w, https:\/\/www.lamennais.org\/wp-content\/uploads\/2024\/04\/P1420003-260x137.jpg 260w\" sizes=\"(max-width: 860px) 100vw, 860px\" \/><\/p>\n<p><strong>Despu\u00e9s de haber subido numerosas escaleras, los miembros del Cap\u00edtulo se alojan en una sala de recepci\u00f3n del palacio vaticano decorada con dorados, pinturas y tapices.<\/strong><\/p>\n<p><img loading=\"lazy\" decoding=\"async\" class=\"alignnone size-large wp-image-40640\" src=\"https:\/\/www.lamennais.org\/wp-content\/uploads\/2024\/04\/P1430175-1-1024x653.jpg\" alt=\"\" width=\"860\" height=\"548\" srcset=\"https:\/\/www.lamennais.org\/wp-content\/uploads\/2024\/04\/P1430175-1-1024x653.jpg 1024w, https:\/\/www.lamennais.org\/wp-content\/uploads\/2024\/04\/P1430175-1-300x191.jpg 300w, https:\/\/www.lamennais.org\/wp-content\/uploads\/2024\/04\/P1430175-1-768x490.jpg 768w, https:\/\/www.lamennais.org\/wp-content\/uploads\/2024\/04\/P1430175-1-1536x979.jpg 1536w, https:\/\/www.lamennais.org\/wp-content\/uploads\/2024\/04\/P1430175-1-2048x1305.jpg 2048w, https:\/\/www.lamennais.org\/wp-content\/uploads\/2024\/04\/P1430175-1-260x166.jpg 260w\" sizes=\"(max-width: 860px) 100vw, 860px\" \/><\/p>\n<p><img loading=\"lazy\" decoding=\"async\" class=\"alignnone size-large wp-image-40643\" src=\"https:\/\/www.lamennais.org\/wp-content\/uploads\/2024\/04\/P1430211-1024x627.jpg\" alt=\"\" width=\"860\" height=\"527\" srcset=\"https:\/\/www.lamennais.org\/wp-content\/uploads\/2024\/04\/P1430211-1024x627.jpg 1024w, https:\/\/www.lamennais.org\/wp-content\/uploads\/2024\/04\/P1430211-300x184.jpg 300w, https:\/\/www.lamennais.org\/wp-content\/uploads\/2024\/04\/P1430211-768x470.jpg 768w, https:\/\/www.lamennais.org\/wp-content\/uploads\/2024\/04\/P1430211-1536x940.jpg 1536w, https:\/\/www.lamennais.org\/wp-content\/uploads\/2024\/04\/P1430211-2048x1254.jpg 2048w, https:\/\/www.lamennais.org\/wp-content\/uploads\/2024\/04\/P1430211-260x159.jpg 260w\" sizes=\"(max-width: 860px) 100vw, 860px\" \/><\/p>\n<p><img loading=\"lazy\" decoding=\"async\" class=\"alignnone size-large wp-image-40676\" src=\"https:\/\/www.lamennais.org\/wp-content\/uploads\/2024\/04\/thumbnail3-1024x577.jpg\" alt=\"\" width=\"860\" height=\"485\" srcset=\"https:\/\/www.lamennais.org\/wp-content\/uploads\/2024\/04\/thumbnail3-1024x577.jpg 1024w, https:\/\/www.lamennais.org\/wp-content\/uploads\/2024\/04\/thumbnail3-300x169.jpg 300w, https:\/\/www.lamennais.org\/wp-content\/uploads\/2024\/04\/thumbnail3-768x433.jpg 768w, https:\/\/www.lamennais.org\/wp-content\/uploads\/2024\/04\/thumbnail3-1536x866.jpg 1536w, https:\/\/www.lamennais.org\/wp-content\/uploads\/2024\/04\/thumbnail3-260x147.jpg 260w, https:\/\/www.lamennais.org\/wp-content\/uploads\/2024\/04\/thumbnail3.jpg 1600w\" sizes=\"(max-width: 860px) 100vw, 860px\" \/><\/p>\n<p><img loading=\"lazy\" decoding=\"async\" class=\"alignnone size-large wp-image-40646\" src=\"https:\/\/www.lamennais.org\/wp-content\/uploads\/2024\/04\/P1430216-1024x688.jpg\" alt=\"\" width=\"860\" height=\"578\" srcset=\"https:\/\/www.lamennais.org\/wp-content\/uploads\/2024\/04\/P1430216-1024x688.jpg 1024w, https:\/\/www.lamennais.org\/wp-content\/uploads\/2024\/04\/P1430216-300x202.jpg 300w, https:\/\/www.lamennais.org\/wp-content\/uploads\/2024\/04\/P1430216-768x516.jpg 768w, https:\/\/www.lamennais.org\/wp-content\/uploads\/2024\/04\/P1430216-1536x1032.jpg 1536w, https:\/\/www.lamennais.org\/wp-content\/uploads\/2024\/04\/P1430216-2048x1376.jpg 2048w, https:\/\/www.lamennais.org\/wp-content\/uploads\/2024\/04\/P1430216-260x175.jpg 260w\" sizes=\"(max-width: 860px) 100vw, 860px\" \/><\/p>\n<p><strong>Llega el Papa Francisco. Con un adem\u00e1n afectuoso, hace un gesto a la gente reunida para que se siente.<\/strong><\/p>\n<p><strong>Luego se dirige brevemente a los Hermanos sobre cuatro aspectos.<\/strong><\/p>\n<p><img loading=\"lazy\" decoding=\"async\" class=\"alignnone size-full wp-image-40670\" src=\"https:\/\/www.lamennais.org\/wp-content\/uploads\/2024\/04\/thumbnail1.jpg\" alt=\"\" width=\"684\" height=\"659\" srcset=\"https:\/\/www.lamennais.org\/wp-content\/uploads\/2024\/04\/thumbnail1.jpg 684w, https:\/\/www.lamennais.org\/wp-content\/uploads\/2024\/04\/thumbnail1-300x289.jpg 300w, https:\/\/www.lamennais.org\/wp-content\/uploads\/2024\/04\/thumbnail1-260x250.jpg 260w\" sizes=\"(max-width: 684px) 100vw, 684px\" \/><\/p>\n<h2>SER PADRES<\/h2>\n<p><strong>\u201cOs invito a ser padres de aquellos a quienes sois enviados. Padres que reflejan el rostro amoroso y compasivo de Dios. \u00bb<\/strong><\/p>\n<h2>QUE TU PRESENCIA SEA FUENTE DE ESPERANZA<\/h2>\n<p><strong>\u201cVuestra vocaci\u00f3n os anima a ir donde otros no van, a la periferia. Que vuestra presencia sea fuente de esperanza para muchos, en esp\u00edritu de fraternidad y acogida. \u00bb<\/strong><\/p>\n<h2>AYUDAR A LOS J\u00d3VENES A CREER EN S\u00cd MISMOS<\/h2>\n<p><strong>\u201cLos ni\u00f1os, los j\u00f3venes, las personas hoy tienen sus sue\u00f1os destrozados por varios factores. Que les ayudes a revivir sus sue\u00f1os, a creer en ellos y a hacerlos realidad. \u00bb<\/strong><\/p>\n<h2>QUE MAR\u00cdA LES PONGA EN EL CAMINO CON LA ALEGR\u00cdA DE SU TERNURA Y MISERICORDIA<\/h2>\n<p><strong>\u201cAl final de vuestro Cap\u00edtulo, renovar\u00e9is la consagraci\u00f3n del Instituto al Inmaculado Coraz\u00f3n de Mar\u00eda. (\u2026) Que os ayude a cultivar en vosotros el celo por ofrecerse al servicio, la humildad, la confianza en Dios y la alegr\u00eda de ser servidores de su ternura y misericordia. \u00a1Alegr\u00eda, especialmente alegr\u00eda! \u00bb<\/strong><\/p>\n<p><strong>Al final de esta intervenci\u00f3n, el Papa Francisco salud\u00f3 especialmente a<\/strong><strong>l<\/strong> <strong>Hno<\/strong><strong>. Herv\u00e9 Zamor y luego individualmente a cada uno de los participantes en esta radiante audiencia.<\/strong><\/p>\n<h2>VOIR LA VIDEO des Fr\u00e8res avant l\u2019audience du Pape Fran\u00e7ois<\/h2>\n<p><u><a href=\"https:\/\/youtu.be\/f0Bsx3vD7-Q\">https:\/\/youtu.be\/f0Bsx3vD7-Q<\/a><\/u><\/p>\n<h2>VEA AQU\u00cd EL VIDEO COMPLETO DE LA INTERVENCI\u00d3N DEL PAPA FRANCISCO A LOS HERMANOS<\/h2>\n<h5><em>Foto tomada: F. Mario HOULE<\/em><\/h5>\n<p><a href=\"https:\/\/photos.google.com\/share\/AF1QipPtalJFuizKdjsXMNoPyYw7JPIv2hZspI2gFwUrfq8p-nLoTRPZKY--taxnKe7xNQ\/photo\/AF1QipNWSVsb9rGjGmorok-kmFmx6F38CnvmyfZmgHNJ?key=ektPemQyeUFGOE5jTFNLclBlLVJuWXZKUlpUcGlB\">https:\/\/photos.google.com\/share\/AF1QipPtalJFuizKdjsXMNoPyYw7JPIv2hZspI2gFwUrfq8p-nLoTRPZKY&#8211;taxnKe7xNQ\/photo\/AF1QipNWSVsb9rGjGmorok-kmFmx6F38CnvmyfZmgHNJ?key=ektPemQyeUFGOE5jTFNLclBlLVJuWXZKUlpUcGlB<\/a><\/p>\n<h2><strong><em>Texto completo de la intervenci\u00f3n del Papa:<\/em><\/strong><\/h2>\n<p><strong>\u00a0a los miembros del Cap\u00edtulo general del Instituto de los Hermanos de la Instrucci\u00f3n Cristiana de Plo\u00ebrmel<\/strong><\/p>\n<p>Queridos Hermanos,<\/p>\n<p>Os doy la bienvenida con ocasi\u00f3n de vuestro Cap\u00edtulo general. Saludo a vuestro Superior y a cada uno de vosotros y expreso mi cercan\u00eda a todos vuestros hermanos esparcidos por el mundo.<\/p>\n<p>Doy gracias al Se\u00f1or por la obra de su Esp\u00edritu, que se manifiesta en vuestro carisma, que es la evangelizaci\u00f3n de los ni\u00f1os y de los j\u00f3venes a trav\u00e9s de la educaci\u00f3n. Este Cap\u00edtulo es la continuaci\u00f3n de las celebraciones del bicentenario de vuestro Instituto. Es para vosotros una ocasi\u00f3n de volver a las intuiciones fundacionales que guiaron al Venerable Jean-Marie de La Mennais y al Padre Gabriel Deshayes. Hoy, su obra est\u00e1 presente en muchos pa\u00edses del mundo porque cre\u00edan que todo es posible para quien se conf\u00eda totalmente al Se\u00f1or y se pone al servicio del desarrollo humano integral de cada persona. Nunca debemos olvidar de d\u00f3nde venimos y tener siempre presente la rectitud de nuestras acciones.<\/p>\n<p>Queridos hermanos, trabaj\u00e1is en regiones del mundo donde abundan la pobreza, el desempleo juvenil y las crisis sociales de todo tipo. Por eso, os invito a ser padres para aquellos a quienes sois enviados, padres que reflejen el rostro amoroso y compasivo de Dios. En un mundo que<\/p>\n<p>atentos a sus aspiraciones y en constante referencia a Cristo, regla suprema de vuestra vida. Vuestra vocaci\u00f3n os lleva a ir donde otros no van, a las periferias, a las personas que forman la categor\u00eda de los rechazados, los heridos de la vida y las v\u00edctimas. Que tu presencia sea fuente de esperanza para muchos. En vuestro esp\u00edritu de fraternidad y de acogida, reconocer\u00e1n otro rostro de nuestra humanidad, desfigurado por las guerras, la indiferencia y el rechazo de los d\u00e9biles. Estos ni\u00f1os, estos j\u00f3venes, estas personas tambi\u00e9n tienen sue\u00f1os, pero sue\u00f1os que hoy se ven truncados por diversos factores.Ayudadles a revivir sus sue\u00f1os, a creer en ellos y a hacerlos realidad.<\/p>\n<p>Queridos hermanos y hermanas, la Iglesia es una familia, y todos cooperamos a la salvaci\u00f3n de la humanidad en la diversidad de nuestros carismas y vocaciones.En este maravilloso misterio de comuni\u00f3n, cuento con vuestra confianza filial y vuestra adhesi\u00f3n al ministerio del Sucesor de Pedro.Os animo a trabajar en estrecha colaboraci\u00f3n con las di\u00f3cesis donde est\u00e1is en misi\u00f3n y con el Pueblo fiel de Dios; a alejar de vuestra vida todo esp\u00edritu de orgullo, cerraz\u00f3n, divisi\u00f3n y murmuraci\u00f3n.En efecto, &lt;&lt;ser Iglesia es ser Pueblo de Dios, seg\u00fan el gran designio de amor del Padre&gt;&gt;.Esto nos llama a ser levadura de Dios en medio de la humanidad\u00bb (Evangelii gaudium, 114).<\/p>\n<p>Al final de vuestro Cap\u00edtulo, renovar\u00e9is la consagraci\u00f3n del Instituto al Coraz\u00f3n Inmaculado de Mar\u00eda. Que vuestra ense\u00f1anza se inspire siempre en Aquella que, con su s\u00ed total, acogi\u00f3 en su persona el designio salv\u00edfico de Dios sobre la humanidad. Que ella os ayude a cultivar en vosotros el celo de poneros al servicio, la humildad, la confianza en Dios y la alegr\u00eda de ser servidores de su ternura y de su misericordia.<\/p>\n<p>De todo coraz\u00f3n os bendigo a cada uno de vosotros y a todos vuestros hermanos de todo el mundo, as\u00ed como a los j\u00f3venes a los que acompa\u00f1\u00e1is. Por favor, no olvid\u00e9is rezar por m\u00ed. Gracias por vuestras oraciones.<\/p>\n<p>Papa Francisco<\/p>\n<p><strong>\u00a0<\/strong><\/p>\n<p><strong>\u00a0<\/strong><\/p>\n","protected":false},"excerpt":{"rendered":"<p>Saludo fraterno del Papa Francisco al hermano Herv\u00e9 ZAMOR, Superior general. \u00a1Feliz ma\u00f1ana este lunes! Se confirma la audiencia con el Papa Francisco en una de las salas del Vaticano. El hermano Herv\u00e9 Zamor, Superior general, gu\u00eda a todos los Capitulares y a los Hermanos de la Casa en este encuentro excepcional. La plaza St-Pierre [&hellip;]<\/p>\n","protected":false},"author":3,"featured_media":40651,"comment_status":"closed","ping_status":"closed","sticky":false,"template":"","format":"standard","meta":{"footnotes":""},"categories":[105],"tags":[],"class_list":["post-40864","post","type-post","status-publish","format-standard","has-post-thumbnail","hentry","category-noticias"],"yoast_head":"<!-- This site is optimized with the Yoast SEO plugin v27.4 - https:\/\/yoast.com\/product\/yoast-seo-wordpress\/ -->\n<title>EL PAPA FRANCISCO A LOS HERMANOS. \u201cSean padres que ayuden a los j\u00f3venes a creer en s\u00ed mismos. Y sobre todo \u00a1ten alegr\u00eda! \u00bb - LaMennais.org<\/title>\n<meta name=\"robots\" content=\"index, follow, max-snippet:-1, max-image-preview:large, max-video-preview:-1\" \/>\n<link rel=\"canonical\" href=\"https:\/\/www.lamennais.org\/es\/el-papa-francisco-a-los-hermanos-sean-padres-que-ayuden-a-los-jovenes-a-creer-en-si-mismos-y-sobre-todo-ten-alegria\/\" \/>\n<meta property=\"og:locale\" content=\"es_ES\" \/>\n<meta property=\"og:type\" content=\"article\" \/>\n<meta property=\"og:title\" content=\"EL PAPA FRANCISCO A LOS HERMANOS. \u201cSean padres que ayuden a los j\u00f3venes a creer en s\u00ed mismos. Y sobre todo \u00a1ten alegr\u00eda! \u00bb - LaMennais.org\" \/>\n<meta property=\"og:description\" content=\"Saludo fraterno del Papa Francisco al hermano Herv\u00e9 ZAMOR, Superior general. \u00a1Feliz ma\u00f1ana este lunes! Se confirma la audiencia con el Papa Francisco en una de las salas del Vaticano. El hermano Herv\u00e9 Zamor, Superior general, gu\u00eda a todos los Capitulares y a los Hermanos de la Casa en este encuentro excepcional. La plaza St-Pierre [&hellip;]\" \/>\n<meta property=\"og:url\" content=\"https:\/\/www.lamennais.org\/es\/el-papa-francisco-a-los-hermanos-sean-padres-que-ayuden-a-los-jovenes-a-creer-en-si-mismos-y-sobre-todo-ten-alegria\/\" \/>\n<meta property=\"og:site_name\" content=\"LaMennais.org\" \/>\n<meta property=\"article:published_time\" content=\"2024-04-22T10:41:55+00:00\" \/>\n<meta property=\"article:modified_time\" content=\"2024-04-25T09:07:40+00:00\" \/>\n<meta property=\"og:image\" content=\"https:\/\/www.lamennais.org\/wp-content\/uploads\/2024\/04\/P1430341-Copie-e1713782623680.jpg\" \/>\n\t<meta property=\"og:image:width\" content=\"1123\" \/>\n\t<meta property=\"og:image:height\" content=\"766\" \/>\n\t<meta property=\"og:image:type\" content=\"image\/jpeg\" \/>\n<meta name=\"author\" content=\"Herv\u00e9 Asse\" \/>\n<meta name=\"twitter:card\" content=\"summary_large_image\" \/>\n<meta name=\"twitter:label1\" content=\"Escrito por\" \/>\n\t<meta name=\"twitter:data1\" content=\"Herv\u00e9 Asse\" \/>\n\t<meta name=\"twitter:label2\" content=\"Tiempo de lectura\" \/>\n\t<meta name=\"twitter:data2\" content=\"6 minutos\" \/>\n<script type=\"application\/ld+json\" class=\"yoast-schema-graph\">{\"@context\":\"https:\\\/\\\/schema.org\",\"@graph\":[{\"@type\":\"Article\",\"@id\":\"https:\\\/\\\/www.lamennais.org\\\/es\\\/el-papa-francisco-a-los-hermanos-sean-padres-que-ayuden-a-los-jovenes-a-creer-en-si-mismos-y-sobre-todo-ten-alegria\\\/#article\",\"isPartOf\":{\"@id\":\"https:\\\/\\\/www.lamennais.org\\\/es\\\/el-papa-francisco-a-los-hermanos-sean-padres-que-ayuden-a-los-jovenes-a-creer-en-si-mismos-y-sobre-todo-ten-alegria\\\/\"},\"author\":{\"name\":\"Herv\u00e9 Asse\",\"@id\":\"https:\\\/\\\/www.lamennais.org\\\/#\\\/schema\\\/person\\\/2a8d6e8a95babedd5ba1c43afd2e3844\"},\"headline\":\"EL PAPA FRANCISCO A LOS HERMANOS. \u201cSean padres que ayuden a los j\u00f3venes a creer en s\u00ed mismos. Y sobre todo \u00a1ten alegr\u00eda! \u00bb\",\"datePublished\":\"2024-04-22T10:41:55+00:00\",\"dateModified\":\"2024-04-25T09:07:40+00:00\",\"mainEntityOfPage\":{\"@id\":\"https:\\\/\\\/www.lamennais.org\\\/es\\\/el-papa-francisco-a-los-hermanos-sean-padres-que-ayuden-a-los-jovenes-a-creer-en-si-mismos-y-sobre-todo-ten-alegria\\\/\"},\"wordCount\":1060,\"image\":{\"@id\":\"https:\\\/\\\/www.lamennais.org\\\/es\\\/el-papa-francisco-a-los-hermanos-sean-padres-que-ayuden-a-los-jovenes-a-creer-en-si-mismos-y-sobre-todo-ten-alegria\\\/#primaryimage\"},\"thumbnailUrl\":\"https:\\\/\\\/www.lamennais.org\\\/wp-content\\\/uploads\\\/2024\\\/04\\\/P1430341-Copie-e1713782623680.jpg\",\"articleSection\":[\"NOTICIAS\"],\"inLanguage\":\"es\"},{\"@type\":\"WebPage\",\"@id\":\"https:\\\/\\\/www.lamennais.org\\\/es\\\/el-papa-francisco-a-los-hermanos-sean-padres-que-ayuden-a-los-jovenes-a-creer-en-si-mismos-y-sobre-todo-ten-alegria\\\/\",\"url\":\"https:\\\/\\\/www.lamennais.org\\\/es\\\/el-papa-francisco-a-los-hermanos-sean-padres-que-ayuden-a-los-jovenes-a-creer-en-si-mismos-y-sobre-todo-ten-alegria\\\/\",\"name\":\"EL PAPA FRANCISCO A LOS HERMANOS. \u201cSean padres que ayuden a los j\u00f3venes a creer en s\u00ed mismos. Y sobre todo \u00a1ten alegr\u00eda! \u00bb - LaMennais.org\",\"isPartOf\":{\"@id\":\"https:\\\/\\\/www.lamennais.org\\\/#website\"},\"primaryImageOfPage\":{\"@id\":\"https:\\\/\\\/www.lamennais.org\\\/es\\\/el-papa-francisco-a-los-hermanos-sean-padres-que-ayuden-a-los-jovenes-a-creer-en-si-mismos-y-sobre-todo-ten-alegria\\\/#primaryimage\"},\"image\":{\"@id\":\"https:\\\/\\\/www.lamennais.org\\\/es\\\/el-papa-francisco-a-los-hermanos-sean-padres-que-ayuden-a-los-jovenes-a-creer-en-si-mismos-y-sobre-todo-ten-alegria\\\/#primaryimage\"},\"thumbnailUrl\":\"https:\\\/\\\/www.lamennais.org\\\/wp-content\\\/uploads\\\/2024\\\/04\\\/P1430341-Copie-e1713782623680.jpg\",\"datePublished\":\"2024-04-22T10:41:55+00:00\",\"dateModified\":\"2024-04-25T09:07:40+00:00\",\"author\":{\"@id\":\"https:\\\/\\\/www.lamennais.org\\\/#\\\/schema\\\/person\\\/2a8d6e8a95babedd5ba1c43afd2e3844\"},\"breadcrumb\":{\"@id\":\"https:\\\/\\\/www.lamennais.org\\\/es\\\/el-papa-francisco-a-los-hermanos-sean-padres-que-ayuden-a-los-jovenes-a-creer-en-si-mismos-y-sobre-todo-ten-alegria\\\/#breadcrumb\"},\"inLanguage\":\"es\",\"potentialAction\":[{\"@type\":\"ReadAction\",\"target\":[\"https:\\\/\\\/www.lamennais.org\\\/es\\\/el-papa-francisco-a-los-hermanos-sean-padres-que-ayuden-a-los-jovenes-a-creer-en-si-mismos-y-sobre-todo-ten-alegria\\\/\"]}]},{\"@type\":\"ImageObject\",\"inLanguage\":\"es\",\"@id\":\"https:\\\/\\\/www.lamennais.org\\\/es\\\/el-papa-francisco-a-los-hermanos-sean-padres-que-ayuden-a-los-jovenes-a-creer-en-si-mismos-y-sobre-todo-ten-alegria\\\/#primaryimage\",\"url\":\"https:\\\/\\\/www.lamennais.org\\\/wp-content\\\/uploads\\\/2024\\\/04\\\/P1430341-Copie-e1713782623680.jpg\",\"contentUrl\":\"https:\\\/\\\/www.lamennais.org\\\/wp-content\\\/uploads\\\/2024\\\/04\\\/P1430341-Copie-e1713782623680.jpg\",\"width\":1123,\"height\":766},{\"@type\":\"BreadcrumbList\",\"@id\":\"https:\\\/\\\/www.lamennais.org\\\/es\\\/el-papa-francisco-a-los-hermanos-sean-padres-que-ayuden-a-los-jovenes-a-creer-en-si-mismos-y-sobre-todo-ten-alegria\\\/#breadcrumb\",\"itemListElement\":[{\"@type\":\"ListItem\",\"position\":1,\"name\":\"Accueil\",\"item\":\"https:\\\/\\\/www.lamennais.org\\\/\"},{\"@type\":\"ListItem\",\"position\":2,\"name\":\"EL PAPA FRANCISCO A LOS HERMANOS. \u201cSean padres que ayuden a los j\u00f3venes a creer en s\u00ed mismos. Y sobre todo \u00a1ten alegr\u00eda! \u00bb\"}]},{\"@type\":\"WebSite\",\"@id\":\"https:\\\/\\\/www.lamennais.org\\\/#website\",\"url\":\"https:\\\/\\\/www.lamennais.org\\\/\",\"name\":\"LaMennais.org\",\"description\":\"Fr\u00e8res de l&#039;Instruction Chr\u00e9tienne et Famille Mennaisienne\",\"potentialAction\":[{\"@type\":\"SearchAction\",\"target\":{\"@type\":\"EntryPoint\",\"urlTemplate\":\"https:\\\/\\\/www.lamennais.org\\\/?s={search_term_string}\"},\"query-input\":{\"@type\":\"PropertyValueSpecification\",\"valueRequired\":true,\"valueName\":\"search_term_string\"}}],\"inLanguage\":\"es\"},{\"@type\":\"Person\",\"@id\":\"https:\\\/\\\/www.lamennais.org\\\/#\\\/schema\\\/person\\\/2a8d6e8a95babedd5ba1c43afd2e3844\",\"name\":\"Herv\u00e9 Asse\",\"image\":{\"@type\":\"ImageObject\",\"inLanguage\":\"es\",\"@id\":\"https:\\\/\\\/secure.gravatar.com\\\/avatar\\\/1aaa7b1baf759c8b40525f40af381cbaa2b0ddd554f57145bceb0654ba45b4c0?s=96&d=mm&r=g\",\"url\":\"https:\\\/\\\/secure.gravatar.com\\\/avatar\\\/1aaa7b1baf759c8b40525f40af381cbaa2b0ddd554f57145bceb0654ba45b4c0?s=96&d=mm&r=g\",\"contentUrl\":\"https:\\\/\\\/secure.gravatar.com\\\/avatar\\\/1aaa7b1baf759c8b40525f40af381cbaa2b0ddd554f57145bceb0654ba45b4c0?s=96&d=mm&r=g\",\"caption\":\"Herv\u00e9 Asse\"}}]}<\/script>\n<!-- \/ Yoast SEO plugin. -->","yoast_head_json":{"title":"EL PAPA FRANCISCO A LOS HERMANOS. \u201cSean padres que ayuden a los j\u00f3venes a creer en s\u00ed mismos. Y sobre todo \u00a1ten alegr\u00eda! \u00bb - LaMennais.org","robots":{"index":"index","follow":"follow","max-snippet":"max-snippet:-1","max-image-preview":"max-image-preview:large","max-video-preview":"max-video-preview:-1"},"canonical":"https:\/\/www.lamennais.org\/es\/el-papa-francisco-a-los-hermanos-sean-padres-que-ayuden-a-los-jovenes-a-creer-en-si-mismos-y-sobre-todo-ten-alegria\/","og_locale":"es_ES","og_type":"article","og_title":"EL PAPA FRANCISCO A LOS HERMANOS. \u201cSean padres que ayuden a los j\u00f3venes a creer en s\u00ed mismos. Y sobre todo \u00a1ten alegr\u00eda! \u00bb - LaMennais.org","og_description":"Saludo fraterno del Papa Francisco al hermano Herv\u00e9 ZAMOR, Superior general. \u00a1Feliz ma\u00f1ana este lunes! Se confirma la audiencia con el Papa Francisco en una de las salas del Vaticano. El hermano Herv\u00e9 Zamor, Superior general, gu\u00eda a todos los Capitulares y a los Hermanos de la Casa en este encuentro excepcional. La plaza St-Pierre [&hellip;]","og_url":"https:\/\/www.lamennais.org\/es\/el-papa-francisco-a-los-hermanos-sean-padres-que-ayuden-a-los-jovenes-a-creer-en-si-mismos-y-sobre-todo-ten-alegria\/","og_site_name":"LaMennais.org","article_published_time":"2024-04-22T10:41:55+00:00","article_modified_time":"2024-04-25T09:07:40+00:00","og_image":[{"width":1123,"height":766,"url":"https:\/\/www.lamennais.org\/wp-content\/uploads\/2024\/04\/P1430341-Copie-e1713782623680.jpg","type":"image\/jpeg"}],"author":"Herv\u00e9 Asse","twitter_card":"summary_large_image","twitter_misc":{"Escrito por":"Herv\u00e9 Asse","Tiempo de lectura":"6 minutos"},"schema":{"@context":"https:\/\/schema.org","@graph":[{"@type":"Article","@id":"https:\/\/www.lamennais.org\/es\/el-papa-francisco-a-los-hermanos-sean-padres-que-ayuden-a-los-jovenes-a-creer-en-si-mismos-y-sobre-todo-ten-alegria\/#article","isPartOf":{"@id":"https:\/\/www.lamennais.org\/es\/el-papa-francisco-a-los-hermanos-sean-padres-que-ayuden-a-los-jovenes-a-creer-en-si-mismos-y-sobre-todo-ten-alegria\/"},"author":{"name":"Herv\u00e9 Asse","@id":"https:\/\/www.lamennais.org\/#\/schema\/person\/2a8d6e8a95babedd5ba1c43afd2e3844"},"headline":"EL PAPA FRANCISCO A LOS HERMANOS. \u201cSean padres que ayuden a los j\u00f3venes a creer en s\u00ed mismos. Y sobre todo \u00a1ten alegr\u00eda! \u00bb","datePublished":"2024-04-22T10:41:55+00:00","dateModified":"2024-04-25T09:07:40+00:00","mainEntityOfPage":{"@id":"https:\/\/www.lamennais.org\/es\/el-papa-francisco-a-los-hermanos-sean-padres-que-ayuden-a-los-jovenes-a-creer-en-si-mismos-y-sobre-todo-ten-alegria\/"},"wordCount":1060,"image":{"@id":"https:\/\/www.lamennais.org\/es\/el-papa-francisco-a-los-hermanos-sean-padres-que-ayuden-a-los-jovenes-a-creer-en-si-mismos-y-sobre-todo-ten-alegria\/#primaryimage"},"thumbnailUrl":"https:\/\/www.lamennais.org\/wp-content\/uploads\/2024\/04\/P1430341-Copie-e1713782623680.jpg","articleSection":["NOTICIAS"],"inLanguage":"es"},{"@type":"WebPage","@id":"https:\/\/www.lamennais.org\/es\/el-papa-francisco-a-los-hermanos-sean-padres-que-ayuden-a-los-jovenes-a-creer-en-si-mismos-y-sobre-todo-ten-alegria\/","url":"https:\/\/www.lamennais.org\/es\/el-papa-francisco-a-los-hermanos-sean-padres-que-ayuden-a-los-jovenes-a-creer-en-si-mismos-y-sobre-todo-ten-alegria\/","name":"EL PAPA FRANCISCO A LOS HERMANOS. \u201cSean padres que ayuden a los j\u00f3venes a creer en s\u00ed mismos. Y sobre todo \u00a1ten alegr\u00eda! \u00bb - LaMennais.org","isPartOf":{"@id":"https:\/\/www.lamennais.org\/#website"},"primaryImageOfPage":{"@id":"https:\/\/www.lamennais.org\/es\/el-papa-francisco-a-los-hermanos-sean-padres-que-ayuden-a-los-jovenes-a-creer-en-si-mismos-y-sobre-todo-ten-alegria\/#primaryimage"},"image":{"@id":"https:\/\/www.lamennais.org\/es\/el-papa-francisco-a-los-hermanos-sean-padres-que-ayuden-a-los-jovenes-a-creer-en-si-mismos-y-sobre-todo-ten-alegria\/#primaryimage"},"thumbnailUrl":"https:\/\/www.lamennais.org\/wp-content\/uploads\/2024\/04\/P1430341-Copie-e1713782623680.jpg","datePublished":"2024-04-22T10:41:55+00:00","dateModified":"2024-04-25T09:07:40+00:00","author":{"@id":"https:\/\/www.lamennais.org\/#\/schema\/person\/2a8d6e8a95babedd5ba1c43afd2e3844"},"breadcrumb":{"@id":"https:\/\/www.lamennais.org\/es\/el-papa-francisco-a-los-hermanos-sean-padres-que-ayuden-a-los-jovenes-a-creer-en-si-mismos-y-sobre-todo-ten-alegria\/#breadcrumb"},"inLanguage":"es","potentialAction":[{"@type":"ReadAction","target":["https:\/\/www.lamennais.org\/es\/el-papa-francisco-a-los-hermanos-sean-padres-que-ayuden-a-los-jovenes-a-creer-en-si-mismos-y-sobre-todo-ten-alegria\/"]}]},{"@type":"ImageObject","inLanguage":"es","@id":"https:\/\/www.lamennais.org\/es\/el-papa-francisco-a-los-hermanos-sean-padres-que-ayuden-a-los-jovenes-a-creer-en-si-mismos-y-sobre-todo-ten-alegria\/#primaryimage","url":"https:\/\/www.lamennais.org\/wp-content\/uploads\/2024\/04\/P1430341-Copie-e1713782623680.jpg","contentUrl":"https:\/\/www.lamennais.org\/wp-content\/uploads\/2024\/04\/P1430341-Copie-e1713782623680.jpg","width":1123,"height":766},{"@type":"BreadcrumbList","@id":"https:\/\/www.lamennais.org\/es\/el-papa-francisco-a-los-hermanos-sean-padres-que-ayuden-a-los-jovenes-a-creer-en-si-mismos-y-sobre-todo-ten-alegria\/#breadcrumb","itemListElement":[{"@type":"ListItem","position":1,"name":"Accueil","item":"https:\/\/www.lamennais.org\/"},{"@type":"ListItem","position":2,"name":"EL PAPA FRANCISCO A LOS HERMANOS. \u201cSean padres que ayuden a los j\u00f3venes a creer en s\u00ed mismos. Y sobre todo \u00a1ten alegr\u00eda! \u00bb"}]},{"@type":"WebSite","@id":"https:\/\/www.lamennais.org\/#website","url":"https:\/\/www.lamennais.org\/","name":"LaMennais.org","description":"Fr\u00e8res de l&#039;Instruction Chr\u00e9tienne et Famille Mennaisienne","potentialAction":[{"@type":"SearchAction","target":{"@type":"EntryPoint","urlTemplate":"https:\/\/www.lamennais.org\/?s={search_term_string}"},"query-input":{"@type":"PropertyValueSpecification","valueRequired":true,"valueName":"search_term_string"}}],"inLanguage":"es"},{"@type":"Person","@id":"https:\/\/www.lamennais.org\/#\/schema\/person\/2a8d6e8a95babedd5ba1c43afd2e3844","name":"Herv\u00e9 Asse","image":{"@type":"ImageObject","inLanguage":"es","@id":"https:\/\/secure.gravatar.com\/avatar\/1aaa7b1baf759c8b40525f40af381cbaa2b0ddd554f57145bceb0654ba45b4c0?s=96&d=mm&r=g","url":"https:\/\/secure.gravatar.com\/avatar\/1aaa7b1baf759c8b40525f40af381cbaa2b0ddd554f57145bceb0654ba45b4c0?s=96&d=mm&r=g","contentUrl":"https:\/\/secure.gravatar.com\/avatar\/1aaa7b1baf759c8b40525f40af381cbaa2b0ddd554f57145bceb0654ba45b4c0?s=96&d=mm&r=g","caption":"Herv\u00e9 Asse"}}]}},"_links":{"self":[{"href":"https:\/\/www.lamennais.org\/es\/wp-json\/wp\/v2\/posts\/40864","targetHints":{"allow":["GET"]}}],"collection":[{"href":"https:\/\/www.lamennais.org\/es\/wp-json\/wp\/v2\/posts"}],"about":[{"href":"https:\/\/www.lamennais.org\/es\/wp-json\/wp\/v2\/types\/post"}],"author":[{"embeddable":true,"href":"https:\/\/www.lamennais.org\/es\/wp-json\/wp\/v2\/users\/3"}],"replies":[{"embeddable":true,"href":"https:\/\/www.lamennais.org\/es\/wp-json\/wp\/v2\/comments?post=40864"}],"version-history":[{"count":1,"href":"https:\/\/www.lamennais.org\/es\/wp-json\/wp\/v2\/posts\/40864\/revisions"}],"predecessor-version":[{"id":40865,"href":"https:\/\/www.lamennais.org\/es\/wp-json\/wp\/v2\/posts\/40864\/revisions\/40865"}],"wp:featuredmedia":[{"embeddable":true,"href":"https:\/\/www.lamennais.org\/es\/wp-json\/wp\/v2\/media\/40651"}],"wp:attachment":[{"href":"https:\/\/www.lamennais.org\/es\/wp-json\/wp\/v2\/media?parent=40864"}],"wp:term":[{"taxonomy":"category","embeddable":true,"href":"https:\/\/www.lamennais.org\/es\/wp-json\/wp\/v2\/categories?post=40864"},{"taxonomy":"post_tag","embeddable":true,"href":"https:\/\/www.lamennais.org\/es\/wp-json\/wp\/v2\/tags?post=40864"}],"curies":[{"name":"wp","href":"https:\/\/api.w.org\/{rel}","templated":true}]}}