{"id":40769,"date":"2024-04-20T17:49:53","date_gmt":"2024-04-20T15:49:53","guid":{"rendered":"https:\/\/www.lamennais.org\/?p=40769"},"modified":"2024-04-23T20:49:37","modified_gmt":"2024-04-23T18:49:37","slug":"nuevas-elecciones-los-3-asistentes-son-reelegidos-el-consejo-general-esta-completo","status":"publish","type":"post","link":"https:\/\/www.lamennais.org\/es\/nuevas-elecciones-los-3-asistentes-son-reelegidos-el-consejo-general-esta-completo\/","title":{"rendered":"NUEVAS ELECCIONES. Los 3 asistentes son reelegidos: \u00a1el Consejo General est\u00e1 completo!"},"content":{"rendered":"<p><strong>Re<\/strong><strong>elecc<\/strong><strong>i\u00f3n total del Consejo General saliente este s\u00e1bado 20 de abril. Despu\u00e9s de la elecci\u00f3n del hermano Herv\u00e9 Zamor como Superior general el jueves pasado, los capitulares <\/strong><strong>re<\/strong><strong>eligieron este s\u00e1bado a los tres asistentes.<\/strong><\/p>\n<p><strong>El viernes se realiz\u00f3 una \u201cencuesta interna\u201d y este s\u00e1bado, despu\u00e9s de un tiempo de discernimiento y \u201cmurmullo\u201d entre los Hermanos y de invocaci\u00f3n al Esp\u00edritu, en la capilla, los Hermanos se unieron silenciosamente a la sala capitular para la votaci\u00f3n secreta.<\/strong><\/p>\n<p><strong><img fetchpriority=\"high\" decoding=\"async\" class=\"alignnone size-large wp-image-40544\" src=\"https:\/\/www.lamennais.org\/wp-content\/uploads\/2024\/04\/P1410577-1024x533.jpg\" alt=\"\" width=\"860\" height=\"448\" srcset=\"https:\/\/www.lamennais.org\/wp-content\/uploads\/2024\/04\/P1410577-1024x533.jpg 1024w, https:\/\/www.lamennais.org\/wp-content\/uploads\/2024\/04\/P1410577-300x156.jpg 300w, https:\/\/www.lamennais.org\/wp-content\/uploads\/2024\/04\/P1410577-768x399.jpg 768w, https:\/\/www.lamennais.org\/wp-content\/uploads\/2024\/04\/P1410577-1536x799.jpg 1536w, https:\/\/www.lamennais.org\/wp-content\/uploads\/2024\/04\/P1410577-2048x1065.jpg 2048w, https:\/\/www.lamennais.org\/wp-content\/uploads\/2024\/04\/P1410577-260x135.jpg 260w\" sizes=\"(max-width: 860px) 100vw, 860px\" \/><\/strong><\/p>\n<p><strong>Los <\/strong><strong>escrutadore<\/strong><strong>s, los <\/strong><strong>HH<\/strong><strong>. Michel GUYOMARC&#8217;H y Josu OLABARRIETA realizaron el recuento y c\u00f3mputo de los votos, luego el <\/strong><strong>H<\/strong><strong>ermano Herv<\/strong><strong>\u00e9<\/strong><strong> ASSE anunci\u00f3 los resultados.<\/strong><\/p>\n<p><img decoding=\"async\" class=\"wp-image-40537 size-large\" src=\"https:\/\/www.lamennais.org\/wp-content\/uploads\/2024\/04\/B-1024x692.jpg\" alt=\"\" width=\"860\" height=\"581\" srcset=\"https:\/\/www.lamennais.org\/wp-content\/uploads\/2024\/04\/B-1024x692.jpg 1024w, https:\/\/www.lamennais.org\/wp-content\/uploads\/2024\/04\/B-300x203.jpg 300w, https:\/\/www.lamennais.org\/wp-content\/uploads\/2024\/04\/B-768x519.jpg 768w, https:\/\/www.lamennais.org\/wp-content\/uploads\/2024\/04\/B-1536x1038.jpg 1536w, https:\/\/www.lamennais.org\/wp-content\/uploads\/2024\/04\/B-2048x1384.jpg 2048w, https:\/\/www.lamennais.org\/wp-content\/uploads\/2024\/04\/B-260x176.jpg 260w\" sizes=\"(max-width: 860px) 100vw, 860px\" \/><\/p>\n<h2><strong>Primer<\/strong><strong> asistente, el <\/strong><strong>H<\/strong><strong>ermano elegido primero <\/strong><\/h2>\n<p><strong>Se trata de una reelecci\u00f3n para un nuevo mandato del <\/strong><strong>H<\/strong><strong>ermano Jean-Paul PEUZE.<\/strong><\/p>\n<ol>\n<li><strong>H<\/strong><strong>.<\/strong><strong> Jean-Paul PEUZE<\/strong>, de 68 a\u00f1os, de nacionalidad francesa, comenz\u00f3 como profesor en Diourbel, Senegal, luego en Derval, antes de ser estudiante en Roma.<\/li>\n<\/ol>\n<p>En 1989 ingres\u00f3 en la comunidad del Postulado Juv\u00e9nat de Plo\u00ebrmel, como profesor de matem\u00e1ticas y teolog\u00eda en el <strong>E<\/strong>scolasticado.<\/p>\n<p>En 1994 fue responsable del Foyer St-Stanislas en Plo\u00ebrmel y ense\u00f1\u00f3 matem\u00e1ticas en el Lyc\u00e9e La Mennais.<\/p>\n<p>En 1998, fue responsable de la pastoral de la Red Menesiana de Francia antes de ser nombrado diputado provincial en 2002.<\/p>\n<p>Fue provincial de Francia-Inglaterra-Italia del 2004 al 2013.<\/p>\n<p>Desde 2014, tras su elecci\u00f3n como\u00a0 Asistente <strong>1\u00ba, el<\/strong> 20 de marzo de 2018, es formador, encargado por el Consejo General para encargarse del seguimiento de los Hermanos j\u00f3venes.<\/p>\n<p>Es reelegido para un nuevo mandato de 6 a\u00f1os el 20 de abril de 2024.<\/p>\n<div id=\"attachment_40547\" style=\"width: 870px\" class=\"wp-caption alignnone\"><img decoding=\"async\" aria-describedby=\"caption-attachment-40547\" class=\"wp-image-40547 size-large\" src=\"https:\/\/www.lamennais.org\/wp-content\/uploads\/2024\/04\/P1410613-1024x683.jpg\" alt=\"\" width=\"860\" height=\"574\" srcset=\"https:\/\/www.lamennais.org\/wp-content\/uploads\/2024\/04\/P1410613-1024x683.jpg 1024w, https:\/\/www.lamennais.org\/wp-content\/uploads\/2024\/04\/P1410613-300x200.jpg 300w, https:\/\/www.lamennais.org\/wp-content\/uploads\/2024\/04\/P1410613-768x512.jpg 768w, https:\/\/www.lamennais.org\/wp-content\/uploads\/2024\/04\/P1410613-1536x1024.jpg 1536w, https:\/\/www.lamennais.org\/wp-content\/uploads\/2024\/04\/P1410613-2048x1365.jpg 2048w, https:\/\/www.lamennais.org\/wp-content\/uploads\/2024\/04\/P1410613-260x173.jpg 260w, https:\/\/www.lamennais.org\/wp-content\/uploads\/2024\/04\/P1410613-1200x800.jpg 1200w\" sizes=\"(max-width: 860px) 100vw, 860px\" \/><p id=\"caption-attachment-40547\" class=\"wp-caption-text\"><em>El Hermano Superior General \u2013 al fondo \u2013 est\u00e1 satisfecho: \u00a1su equipo est\u00e1 completo!<\/em><\/p><\/div>\n<h2><strong>A continuaci\u00f3n se eligieron sucesivamente los otros dos asistentes.<\/strong><\/h2>\n<p><strong>Tambi\u00e9n se trata de una reelecci\u00f3n para un segundo mandato del <\/strong><strong>HH<\/strong><strong>. Vicente SSEKATE y Miguel ARISTONDO.<\/strong><\/p>\n<p><img loading=\"lazy\" decoding=\"async\" class=\"alignnone size-large wp-image-40550\" src=\"https:\/\/www.lamennais.org\/wp-content\/uploads\/2024\/04\/P1410624-1024x683.jpg\" alt=\"\" width=\"860\" height=\"574\" srcset=\"https:\/\/www.lamennais.org\/wp-content\/uploads\/2024\/04\/P1410624-1024x683.jpg 1024w, https:\/\/www.lamennais.org\/wp-content\/uploads\/2024\/04\/P1410624-300x200.jpg 300w, https:\/\/www.lamennais.org\/wp-content\/uploads\/2024\/04\/P1410624-768x512.jpg 768w, https:\/\/www.lamennais.org\/wp-content\/uploads\/2024\/04\/P1410624-1536x1024.jpg 1536w, https:\/\/www.lamennais.org\/wp-content\/uploads\/2024\/04\/P1410624-2048x1365.jpg 2048w, https:\/\/www.lamennais.org\/wp-content\/uploads\/2024\/04\/P1410624-260x173.jpg 260w, https:\/\/www.lamennais.org\/wp-content\/uploads\/2024\/04\/P1410624-1200x800.jpg 1200w\" sizes=\"(max-width: 860px) 100vw, 860px\" \/><\/p>\n<p><strong>Hno. Vicente SSEKATE<\/strong>, de 61 a\u00f1os, es de nacionalidad ugandesa.<\/p>\n<p>Despu\u00e9s del noviciado, comenz\u00f3 como profesor en Ibanda.<\/p>\n<p>Se hizo estudiante en Roma en 1988 y luego se uni\u00f3 a Kisubi en 1992, como profesor del <strong>E<\/strong>scolasticado y director del <strong>P<\/strong>ostulantado del Monte Santa Teresa.<\/p>\n<p>Fue maestro de novicios en Kasasa de 1998 a 2004.<\/p>\n<p>Luego particip\u00f3 en la fundaci\u00f3n de la Universidad Kisubi donde tambi\u00e9n ense\u00f1\u00f3.<\/p>\n<p>Regres\u00f3 a Roma para estudiar en el Angelicum de 2006 a 2010, luego fue superior de la comunidad de Hermanos en la Universidad de Kisubi. Fue nombrado diputado provincial en 2016 hasta el 20 de marzo de 2018, fecha de su elecci\u00f3n como asistente.<\/p>\n<p>Es reelegido para un nuevo mandato de 6 a\u00f1os el 20 de abril de 2024.<\/p>\n<p><img loading=\"lazy\" decoding=\"async\" class=\"alignnone size-large wp-image-40556\" src=\"https:\/\/www.lamennais.org\/wp-content\/uploads\/2024\/04\/P1410665-1024x721.jpg\" alt=\"\" width=\"860\" height=\"606\" srcset=\"https:\/\/www.lamennais.org\/wp-content\/uploads\/2024\/04\/P1410665-1024x721.jpg 1024w, https:\/\/www.lamennais.org\/wp-content\/uploads\/2024\/04\/P1410665-300x211.jpg 300w, https:\/\/www.lamennais.org\/wp-content\/uploads\/2024\/04\/P1410665-768x541.jpg 768w, https:\/\/www.lamennais.org\/wp-content\/uploads\/2024\/04\/P1410665-1536x1081.jpg 1536w, https:\/\/www.lamennais.org\/wp-content\/uploads\/2024\/04\/P1410665-260x183.jpg 260w, https:\/\/www.lamennais.org\/wp-content\/uploads\/2024\/04\/P1410665.jpg 2041w\" sizes=\"(max-width: 860px) 100vw, 860px\" \/><\/p>\n<p><strong>Hermano Miguel ARISTONDO, <\/strong><strong>d<\/strong>e 57 a\u00f1os, de nacionalidad espa\u00f1ola, hijo de un antiguo alumno del colegio Berrio Otxoa de Bilbao, pas\u00f3 su formaci\u00f3n de joven Hermano en Nanclares<strong>.<\/strong> Estudi\u00f3 filolog\u00eda vasca en <strong>Deusto <\/strong>ense\u00f1\u00f3 y <strong>Euskera<\/strong> <strong>en<\/strong> Bermeo.<\/p>\n<p>En 2001 se incorpor\u00f3 a Portugalete como profesor, pasando a ser director educativo del colegio Santa Mar\u00eda de Portugalete.<\/p>\n<p>Luego fue provincial de Espa\u00f1a-Chile-Bolivia desde 2009 hasta su elecci\u00f3n como <strong>A<\/strong>sistente el 20 de marzo de 2018.<\/p>\n<p>Es reelegido para un nuevo mandato de 6 a\u00f1os el 20 de abril de 2024.<\/p>\n<div id=\"attachment_40553\" style=\"width: 870px\" class=\"wp-caption alignnone\"><img loading=\"lazy\" decoding=\"async\" aria-describedby=\"caption-attachment-40553\" class=\"wp-image-40553 size-large\" src=\"https:\/\/www.lamennais.org\/wp-content\/uploads\/2024\/04\/P1410642-1024x735.jpg\" alt=\"\" width=\"860\" height=\"617\" srcset=\"https:\/\/www.lamennais.org\/wp-content\/uploads\/2024\/04\/P1410642-1024x735.jpg 1024w, https:\/\/www.lamennais.org\/wp-content\/uploads\/2024\/04\/P1410642-300x215.jpg 300w, https:\/\/www.lamennais.org\/wp-content\/uploads\/2024\/04\/P1410642-768x551.jpg 768w, https:\/\/www.lamennais.org\/wp-content\/uploads\/2024\/04\/P1410642-1536x1103.jpg 1536w, https:\/\/www.lamennais.org\/wp-content\/uploads\/2024\/04\/P1410642-2048x1470.jpg 2048w, https:\/\/www.lamennais.org\/wp-content\/uploads\/2024\/04\/P1410642-260x187.jpg 260w\" sizes=\"(max-width: 860px) 100vw, 860px\" \/><p id=\"caption-attachment-40553\" class=\"wp-caption-text\"><em>\u00a1Abrazos sincronizados!<\/em><\/p><\/div>\n<div id=\"attachment_40559\" style=\"width: 870px\" class=\"wp-caption alignnone\"><img loading=\"lazy\" decoding=\"async\" aria-describedby=\"caption-attachment-40559\" class=\"wp-image-40559 size-large\" src=\"https:\/\/www.lamennais.org\/wp-content\/uploads\/2024\/04\/P1410736-1024x771.jpg\" alt=\"\" width=\"860\" height=\"648\" srcset=\"https:\/\/www.lamennais.org\/wp-content\/uploads\/2024\/04\/P1410736-1024x771.jpg 1024w, https:\/\/www.lamennais.org\/wp-content\/uploads\/2024\/04\/P1410736-300x226.jpg 300w, https:\/\/www.lamennais.org\/wp-content\/uploads\/2024\/04\/P1410736-768x578.jpg 768w, https:\/\/www.lamennais.org\/wp-content\/uploads\/2024\/04\/P1410736-1536x1156.jpg 1536w, https:\/\/www.lamennais.org\/wp-content\/uploads\/2024\/04\/P1410736-2048x1542.jpg 2048w, https:\/\/www.lamennais.org\/wp-content\/uploads\/2024\/04\/P1410736-260x196.jpg 260w\" sizes=\"(max-width: 860px) 100vw, 860px\" \/><p id=\"caption-attachment-40559\" class=\"wp-caption-text\"><em>El nuevo Consejo General en pleno<\/em><strong><em>:<\/em><\/strong><em> De izquierda a derecha: <\/em><br \/><strong><em>los HH.<\/em><\/strong><em> Herv\u00e9 ZAMOR, Superior general, Miguel ARISTOND0, asistente, Jean-Paul PEUZE, 1er asistente y Vincent SSEKATE, asistente.<\/em><\/p><\/div>\n","protected":false},"excerpt":{"rendered":"<p>Reelecci\u00f3n total del Consejo General saliente este s\u00e1bado 20 de abril. Despu\u00e9s de la elecci\u00f3n del hermano Herv\u00e9 Zamor como Superior general el jueves pasado, los capitulares reeligieron este s\u00e1bado a los tres asistentes. El viernes se realiz\u00f3 una \u201cencuesta interna\u201d y este s\u00e1bado, despu\u00e9s de un tiempo de discernimiento y \u201cmurmullo\u201d entre los Hermanos [&hellip;]<\/p>\n","protected":false},"author":3,"featured_media":40568,"comment_status":"closed","ping_status":"closed","sticky":false,"template":"","format":"standard","meta":{"footnotes":""},"categories":[105],"tags":[],"class_list":["post-40769","post","type-post","status-publish","format-standard","has-post-thumbnail","hentry","category-noticias"],"yoast_head":"<!-- This site is optimized with the Yoast SEO plugin v27.5 - https:\/\/yoast.com\/product\/yoast-seo-wordpress\/ -->\n<title>NUEVAS ELECCIONES. Los 3 asistentes son reelegidos: \u00a1el Consejo General est\u00e1 completo! - LaMennais.org<\/title>\n<meta name=\"robots\" content=\"index, follow, max-snippet:-1, max-image-preview:large, max-video-preview:-1\" \/>\n<link rel=\"canonical\" href=\"https:\/\/www.lamennais.org\/es\/nuevas-elecciones-los-3-asistentes-son-reelegidos-el-consejo-general-esta-completo\/\" \/>\n<meta property=\"og:locale\" content=\"es_ES\" \/>\n<meta property=\"og:type\" content=\"article\" \/>\n<meta property=\"og:title\" content=\"NUEVAS ELECCIONES. Los 3 asistentes son reelegidos: \u00a1el Consejo General est\u00e1 completo! - LaMennais.org\" \/>\n<meta property=\"og:description\" content=\"Reelecci\u00f3n total del Consejo General saliente este s\u00e1bado 20 de abril. Despu\u00e9s de la elecci\u00f3n del hermano Herv\u00e9 Zamor como Superior general el jueves pasado, los capitulares reeligieron este s\u00e1bado a los tres asistentes. El viernes se realiz\u00f3 una \u201cencuesta interna\u201d y este s\u00e1bado, despu\u00e9s de un tiempo de discernimiento y \u201cmurmullo\u201d entre los Hermanos [&hellip;]\" \/>\n<meta property=\"og:url\" content=\"https:\/\/www.lamennais.org\/es\/nuevas-elecciones-los-3-asistentes-son-reelegidos-el-consejo-general-esta-completo\/\" \/>\n<meta property=\"og:site_name\" content=\"LaMennais.org\" \/>\n<meta property=\"article:published_time\" content=\"2024-04-20T15:49:53+00:00\" \/>\n<meta property=\"article:modified_time\" content=\"2024-04-23T18:49:37+00:00\" \/>\n<meta property=\"og:image\" content=\"https:\/\/www.lamennais.org\/wp-content\/uploads\/2024\/04\/ok-y.jpg\" \/>\n\t<meta property=\"og:image:width\" content=\"1757\" \/>\n\t<meta property=\"og:image:height\" content=\"1108\" \/>\n\t<meta property=\"og:image:type\" content=\"image\/jpeg\" \/>\n<meta name=\"author\" content=\"Herv\u00e9 Asse\" \/>\n<meta name=\"twitter:card\" content=\"summary_large_image\" \/>\n<meta name=\"twitter:label1\" content=\"Escrito por\" \/>\n\t<meta name=\"twitter:data1\" content=\"Herv\u00e9 Asse\" \/>\n\t<meta name=\"twitter:label2\" content=\"Tiempo de lectura\" \/>\n\t<meta name=\"twitter:data2\" content=\"4 minutos\" \/>\n<script type=\"application\/ld+json\" class=\"yoast-schema-graph\">{\"@context\":\"https:\\\/\\\/schema.org\",\"@graph\":[{\"@type\":\"Article\",\"@id\":\"https:\\\/\\\/www.lamennais.org\\\/es\\\/nuevas-elecciones-los-3-asistentes-son-reelegidos-el-consejo-general-esta-completo\\\/#article\",\"isPartOf\":{\"@id\":\"https:\\\/\\\/www.lamennais.org\\\/es\\\/nuevas-elecciones-los-3-asistentes-son-reelegidos-el-consejo-general-esta-completo\\\/\"},\"author\":{\"name\":\"Herv\u00e9 Asse\",\"@id\":\"https:\\\/\\\/www.lamennais.org\\\/#\\\/schema\\\/person\\\/2a8d6e8a95babedd5ba1c43afd2e3844\"},\"headline\":\"NUEVAS ELECCIONES. Los 3 asistentes son reelegidos: \u00a1el Consejo General est\u00e1 completo!\",\"datePublished\":\"2024-04-20T15:49:53+00:00\",\"dateModified\":\"2024-04-23T18:49:37+00:00\",\"mainEntityOfPage\":{\"@id\":\"https:\\\/\\\/www.lamennais.org\\\/es\\\/nuevas-elecciones-los-3-asistentes-son-reelegidos-el-consejo-general-esta-completo\\\/\"},\"wordCount\":581,\"image\":{\"@id\":\"https:\\\/\\\/www.lamennais.org\\\/es\\\/nuevas-elecciones-los-3-asistentes-son-reelegidos-el-consejo-general-esta-completo\\\/#primaryimage\"},\"thumbnailUrl\":\"https:\\\/\\\/www.lamennais.org\\\/wp-content\\\/uploads\\\/2024\\\/04\\\/ok-y.jpg\",\"articleSection\":[\"NOTICIAS\"],\"inLanguage\":\"es\"},{\"@type\":\"WebPage\",\"@id\":\"https:\\\/\\\/www.lamennais.org\\\/es\\\/nuevas-elecciones-los-3-asistentes-son-reelegidos-el-consejo-general-esta-completo\\\/\",\"url\":\"https:\\\/\\\/www.lamennais.org\\\/es\\\/nuevas-elecciones-los-3-asistentes-son-reelegidos-el-consejo-general-esta-completo\\\/\",\"name\":\"NUEVAS ELECCIONES. Los 3 asistentes son reelegidos: \u00a1el Consejo General est\u00e1 completo! - LaMennais.org\",\"isPartOf\":{\"@id\":\"https:\\\/\\\/www.lamennais.org\\\/#website\"},\"primaryImageOfPage\":{\"@id\":\"https:\\\/\\\/www.lamennais.org\\\/es\\\/nuevas-elecciones-los-3-asistentes-son-reelegidos-el-consejo-general-esta-completo\\\/#primaryimage\"},\"image\":{\"@id\":\"https:\\\/\\\/www.lamennais.org\\\/es\\\/nuevas-elecciones-los-3-asistentes-son-reelegidos-el-consejo-general-esta-completo\\\/#primaryimage\"},\"thumbnailUrl\":\"https:\\\/\\\/www.lamennais.org\\\/wp-content\\\/uploads\\\/2024\\\/04\\\/ok-y.jpg\",\"datePublished\":\"2024-04-20T15:49:53+00:00\",\"dateModified\":\"2024-04-23T18:49:37+00:00\",\"author\":{\"@id\":\"https:\\\/\\\/www.lamennais.org\\\/#\\\/schema\\\/person\\\/2a8d6e8a95babedd5ba1c43afd2e3844\"},\"breadcrumb\":{\"@id\":\"https:\\\/\\\/www.lamennais.org\\\/es\\\/nuevas-elecciones-los-3-asistentes-son-reelegidos-el-consejo-general-esta-completo\\\/#breadcrumb\"},\"inLanguage\":\"es\",\"potentialAction\":[{\"@type\":\"ReadAction\",\"target\":[\"https:\\\/\\\/www.lamennais.org\\\/es\\\/nuevas-elecciones-los-3-asistentes-son-reelegidos-el-consejo-general-esta-completo\\\/\"]}]},{\"@type\":\"ImageObject\",\"inLanguage\":\"es\",\"@id\":\"https:\\\/\\\/www.lamennais.org\\\/es\\\/nuevas-elecciones-los-3-asistentes-son-reelegidos-el-consejo-general-esta-completo\\\/#primaryimage\",\"url\":\"https:\\\/\\\/www.lamennais.org\\\/wp-content\\\/uploads\\\/2024\\\/04\\\/ok-y.jpg\",\"contentUrl\":\"https:\\\/\\\/www.lamennais.org\\\/wp-content\\\/uploads\\\/2024\\\/04\\\/ok-y.jpg\",\"width\":1757,\"height\":1108},{\"@type\":\"BreadcrumbList\",\"@id\":\"https:\\\/\\\/www.lamennais.org\\\/es\\\/nuevas-elecciones-los-3-asistentes-son-reelegidos-el-consejo-general-esta-completo\\\/#breadcrumb\",\"itemListElement\":[{\"@type\":\"ListItem\",\"position\":1,\"name\":\"Accueil\",\"item\":\"https:\\\/\\\/www.lamennais.org\\\/\"},{\"@type\":\"ListItem\",\"position\":2,\"name\":\"NUEVAS ELECCIONES. Los 3 asistentes son reelegidos: \u00a1el Consejo General est\u00e1 completo!\"}]},{\"@type\":\"WebSite\",\"@id\":\"https:\\\/\\\/www.lamennais.org\\\/#website\",\"url\":\"https:\\\/\\\/www.lamennais.org\\\/\",\"name\":\"LaMennais.org\",\"description\":\"Fr\u00e8res de l&#039;Instruction Chr\u00e9tienne et Famille Mennaisienne\",\"potentialAction\":[{\"@type\":\"SearchAction\",\"target\":{\"@type\":\"EntryPoint\",\"urlTemplate\":\"https:\\\/\\\/www.lamennais.org\\\/?s={search_term_string}\"},\"query-input\":{\"@type\":\"PropertyValueSpecification\",\"valueRequired\":true,\"valueName\":\"search_term_string\"}}],\"inLanguage\":\"es\"},{\"@type\":\"Person\",\"@id\":\"https:\\\/\\\/www.lamennais.org\\\/#\\\/schema\\\/person\\\/2a8d6e8a95babedd5ba1c43afd2e3844\",\"name\":\"Herv\u00e9 Asse\",\"image\":{\"@type\":\"ImageObject\",\"inLanguage\":\"es\",\"@id\":\"https:\\\/\\\/secure.gravatar.com\\\/avatar\\\/1aaa7b1baf759c8b40525f40af381cbaa2b0ddd554f57145bceb0654ba45b4c0?s=96&d=mm&r=g\",\"url\":\"https:\\\/\\\/secure.gravatar.com\\\/avatar\\\/1aaa7b1baf759c8b40525f40af381cbaa2b0ddd554f57145bceb0654ba45b4c0?s=96&d=mm&r=g\",\"contentUrl\":\"https:\\\/\\\/secure.gravatar.com\\\/avatar\\\/1aaa7b1baf759c8b40525f40af381cbaa2b0ddd554f57145bceb0654ba45b4c0?s=96&d=mm&r=g\",\"caption\":\"Herv\u00e9 Asse\"}}]}<\/script>\n<!-- \/ Yoast SEO plugin. -->","yoast_head_json":{"title":"NUEVAS ELECCIONES. Los 3 asistentes son reelegidos: \u00a1el Consejo General est\u00e1 completo! - LaMennais.org","robots":{"index":"index","follow":"follow","max-snippet":"max-snippet:-1","max-image-preview":"max-image-preview:large","max-video-preview":"max-video-preview:-1"},"canonical":"https:\/\/www.lamennais.org\/es\/nuevas-elecciones-los-3-asistentes-son-reelegidos-el-consejo-general-esta-completo\/","og_locale":"es_ES","og_type":"article","og_title":"NUEVAS ELECCIONES. Los 3 asistentes son reelegidos: \u00a1el Consejo General est\u00e1 completo! - LaMennais.org","og_description":"Reelecci\u00f3n total del Consejo General saliente este s\u00e1bado 20 de abril. Despu\u00e9s de la elecci\u00f3n del hermano Herv\u00e9 Zamor como Superior general el jueves pasado, los capitulares reeligieron este s\u00e1bado a los tres asistentes. El viernes se realiz\u00f3 una \u201cencuesta interna\u201d y este s\u00e1bado, despu\u00e9s de un tiempo de discernimiento y \u201cmurmullo\u201d entre los Hermanos [&hellip;]","og_url":"https:\/\/www.lamennais.org\/es\/nuevas-elecciones-los-3-asistentes-son-reelegidos-el-consejo-general-esta-completo\/","og_site_name":"LaMennais.org","article_published_time":"2024-04-20T15:49:53+00:00","article_modified_time":"2024-04-23T18:49:37+00:00","og_image":[{"width":1757,"height":1108,"url":"https:\/\/www.lamennais.org\/wp-content\/uploads\/2024\/04\/ok-y.jpg","type":"image\/jpeg"}],"author":"Herv\u00e9 Asse","twitter_card":"summary_large_image","twitter_misc":{"Escrito por":"Herv\u00e9 Asse","Tiempo de lectura":"4 minutos"},"schema":{"@context":"https:\/\/schema.org","@graph":[{"@type":"Article","@id":"https:\/\/www.lamennais.org\/es\/nuevas-elecciones-los-3-asistentes-son-reelegidos-el-consejo-general-esta-completo\/#article","isPartOf":{"@id":"https:\/\/www.lamennais.org\/es\/nuevas-elecciones-los-3-asistentes-son-reelegidos-el-consejo-general-esta-completo\/"},"author":{"name":"Herv\u00e9 Asse","@id":"https:\/\/www.lamennais.org\/#\/schema\/person\/2a8d6e8a95babedd5ba1c43afd2e3844"},"headline":"NUEVAS ELECCIONES. Los 3 asistentes son reelegidos: \u00a1el Consejo General est\u00e1 completo!","datePublished":"2024-04-20T15:49:53+00:00","dateModified":"2024-04-23T18:49:37+00:00","mainEntityOfPage":{"@id":"https:\/\/www.lamennais.org\/es\/nuevas-elecciones-los-3-asistentes-son-reelegidos-el-consejo-general-esta-completo\/"},"wordCount":581,"image":{"@id":"https:\/\/www.lamennais.org\/es\/nuevas-elecciones-los-3-asistentes-son-reelegidos-el-consejo-general-esta-completo\/#primaryimage"},"thumbnailUrl":"https:\/\/www.lamennais.org\/wp-content\/uploads\/2024\/04\/ok-y.jpg","articleSection":["NOTICIAS"],"inLanguage":"es"},{"@type":"WebPage","@id":"https:\/\/www.lamennais.org\/es\/nuevas-elecciones-los-3-asistentes-son-reelegidos-el-consejo-general-esta-completo\/","url":"https:\/\/www.lamennais.org\/es\/nuevas-elecciones-los-3-asistentes-son-reelegidos-el-consejo-general-esta-completo\/","name":"NUEVAS ELECCIONES. Los 3 asistentes son reelegidos: \u00a1el Consejo General est\u00e1 completo! - LaMennais.org","isPartOf":{"@id":"https:\/\/www.lamennais.org\/#website"},"primaryImageOfPage":{"@id":"https:\/\/www.lamennais.org\/es\/nuevas-elecciones-los-3-asistentes-son-reelegidos-el-consejo-general-esta-completo\/#primaryimage"},"image":{"@id":"https:\/\/www.lamennais.org\/es\/nuevas-elecciones-los-3-asistentes-son-reelegidos-el-consejo-general-esta-completo\/#primaryimage"},"thumbnailUrl":"https:\/\/www.lamennais.org\/wp-content\/uploads\/2024\/04\/ok-y.jpg","datePublished":"2024-04-20T15:49:53+00:00","dateModified":"2024-04-23T18:49:37+00:00","author":{"@id":"https:\/\/www.lamennais.org\/#\/schema\/person\/2a8d6e8a95babedd5ba1c43afd2e3844"},"breadcrumb":{"@id":"https:\/\/www.lamennais.org\/es\/nuevas-elecciones-los-3-asistentes-son-reelegidos-el-consejo-general-esta-completo\/#breadcrumb"},"inLanguage":"es","potentialAction":[{"@type":"ReadAction","target":["https:\/\/www.lamennais.org\/es\/nuevas-elecciones-los-3-asistentes-son-reelegidos-el-consejo-general-esta-completo\/"]}]},{"@type":"ImageObject","inLanguage":"es","@id":"https:\/\/www.lamennais.org\/es\/nuevas-elecciones-los-3-asistentes-son-reelegidos-el-consejo-general-esta-completo\/#primaryimage","url":"https:\/\/www.lamennais.org\/wp-content\/uploads\/2024\/04\/ok-y.jpg","contentUrl":"https:\/\/www.lamennais.org\/wp-content\/uploads\/2024\/04\/ok-y.jpg","width":1757,"height":1108},{"@type":"BreadcrumbList","@id":"https:\/\/www.lamennais.org\/es\/nuevas-elecciones-los-3-asistentes-son-reelegidos-el-consejo-general-esta-completo\/#breadcrumb","itemListElement":[{"@type":"ListItem","position":1,"name":"Accueil","item":"https:\/\/www.lamennais.org\/"},{"@type":"ListItem","position":2,"name":"NUEVAS ELECCIONES. Los 3 asistentes son reelegidos: \u00a1el Consejo General est\u00e1 completo!"}]},{"@type":"WebSite","@id":"https:\/\/www.lamennais.org\/#website","url":"https:\/\/www.lamennais.org\/","name":"LaMennais.org","description":"Fr\u00e8res de l&#039;Instruction Chr\u00e9tienne et Famille Mennaisienne","potentialAction":[{"@type":"SearchAction","target":{"@type":"EntryPoint","urlTemplate":"https:\/\/www.lamennais.org\/?s={search_term_string}"},"query-input":{"@type":"PropertyValueSpecification","valueRequired":true,"valueName":"search_term_string"}}],"inLanguage":"es"},{"@type":"Person","@id":"https:\/\/www.lamennais.org\/#\/schema\/person\/2a8d6e8a95babedd5ba1c43afd2e3844","name":"Herv\u00e9 Asse","image":{"@type":"ImageObject","inLanguage":"es","@id":"https:\/\/secure.gravatar.com\/avatar\/1aaa7b1baf759c8b40525f40af381cbaa2b0ddd554f57145bceb0654ba45b4c0?s=96&d=mm&r=g","url":"https:\/\/secure.gravatar.com\/avatar\/1aaa7b1baf759c8b40525f40af381cbaa2b0ddd554f57145bceb0654ba45b4c0?s=96&d=mm&r=g","contentUrl":"https:\/\/secure.gravatar.com\/avatar\/1aaa7b1baf759c8b40525f40af381cbaa2b0ddd554f57145bceb0654ba45b4c0?s=96&d=mm&r=g","caption":"Herv\u00e9 Asse"}}]}},"_links":{"self":[{"href":"https:\/\/www.lamennais.org\/es\/wp-json\/wp\/v2\/posts\/40769","targetHints":{"allow":["GET"]}}],"collection":[{"href":"https:\/\/www.lamennais.org\/es\/wp-json\/wp\/v2\/posts"}],"about":[{"href":"https:\/\/www.lamennais.org\/es\/wp-json\/wp\/v2\/types\/post"}],"author":[{"embeddable":true,"href":"https:\/\/www.lamennais.org\/es\/wp-json\/wp\/v2\/users\/3"}],"replies":[{"embeddable":true,"href":"https:\/\/www.lamennais.org\/es\/wp-json\/wp\/v2\/comments?post=40769"}],"version-history":[{"count":1,"href":"https:\/\/www.lamennais.org\/es\/wp-json\/wp\/v2\/posts\/40769\/revisions"}],"predecessor-version":[{"id":40770,"href":"https:\/\/www.lamennais.org\/es\/wp-json\/wp\/v2\/posts\/40769\/revisions\/40770"}],"wp:featuredmedia":[{"embeddable":true,"href":"https:\/\/www.lamennais.org\/es\/wp-json\/wp\/v2\/media\/40568"}],"wp:attachment":[{"href":"https:\/\/www.lamennais.org\/es\/wp-json\/wp\/v2\/media?parent=40769"}],"wp:term":[{"taxonomy":"category","embeddable":true,"href":"https:\/\/www.lamennais.org\/es\/wp-json\/wp\/v2\/categories?post=40769"},{"taxonomy":"post_tag","embeddable":true,"href":"https:\/\/www.lamennais.org\/es\/wp-json\/wp\/v2\/tags?post=40769"}],"curies":[{"name":"wp","href":"https:\/\/api.w.org\/{rel}","templated":true}]}}