{"id":40215,"date":"2024-04-01T11:38:26","date_gmt":"2024-04-01T09:38:26","guid":{"rendered":"https:\/\/www.lamennais.org\/?p=40215"},"modified":"2024-04-01T20:25:55","modified_gmt":"2024-04-01T18:25:55","slug":"familia-menesiana-somos-optimistas-nuestra-familia-crecera-gracias-a-la-virgen-maria","status":"publish","type":"post","link":"https:\/\/www.lamennais.org\/es\/familia-menesiana-somos-optimistas-nuestra-familia-crecera-gracias-a-la-virgen-maria\/","title":{"rendered":"FAMILIA MENESIANA. \u201cSomos optimistas: nuestra Familia crecer\u00e1 gracias a la Virgen Mar\u00eda\u201d"},"content":{"rendered":"<p><strong>Comprender mejor las realidades de la Familia Menesiana, posibilitar el desarrollo de la Familia y crear comisiones de animaci\u00f3n en cada <\/strong><strong>P<\/strong><strong>rovincia y <\/strong><strong>D<\/strong><strong>istrito: estos son los objetivos propuestos por la comisi\u00f3n internacional de la Familia Menesiana.<\/strong><\/p>\n<p>El equipo de seis miembros de la comisi\u00f3n internacional de la Familia Menesiana est\u00e1 trabajando intensamente este lunes y martes para presentar un nuevo texto de referencia basado en las realidades vividas.<\/p>\n<p><img fetchpriority=\"high\" decoding=\"async\" class=\"alignnone size-large wp-image-40181\" src=\"https:\/\/www.lamennais.org\/wp-content\/uploads\/2024\/04\/P1390538-1024x572.jpg\" alt=\"\" width=\"860\" height=\"480\" srcset=\"https:\/\/www.lamennais.org\/wp-content\/uploads\/2024\/04\/P1390538-1024x572.jpg 1024w, https:\/\/www.lamennais.org\/wp-content\/uploads\/2024\/04\/P1390538-300x168.jpg 300w, https:\/\/www.lamennais.org\/wp-content\/uploads\/2024\/04\/P1390538-768x429.jpg 768w, https:\/\/www.lamennais.org\/wp-content\/uploads\/2024\/04\/P1390538-1536x858.jpg 1536w, https:\/\/www.lamennais.org\/wp-content\/uploads\/2024\/04\/P1390538-2048x1145.jpg 2048w, https:\/\/www.lamennais.org\/wp-content\/uploads\/2024\/04\/P1390538-260x145.jpg 260w\" sizes=\"(max-width: 860px) 100vw, 860px\" \/><\/p>\n<p>Este equipo est\u00e1 compuesto por la Sra. Victoria DRAPER de Uruguay, la Sra. Luz Matha de LA CRUZ ROMERO de M\u00e9xico, la Sra. Yvette MEUS de Hait\u00ed, la Sra. <strong>B<\/strong>e<strong>l\u00e9<\/strong>n CORU\u00f1A MOZO de Espa\u00f1a, la Sra. Fran\u00e7ois LE BRETON de Francia y el Sr. John DDUNGU. , de Uganda. El Hno Miguel ARISTONDO, asistente, ha acompa\u00f1ado a este equipo a lo largo de los a\u00f1os.<\/p>\n<div id=\"attachment_40184\" style=\"width: 648px\" class=\"wp-caption alignnone\"><img decoding=\"async\" aria-describedby=\"caption-attachment-40184\" class=\"wp-image-40184 size-full\" src=\"https:\/\/www.lamennais.org\/wp-content\/uploads\/2024\/04\/P1400404.jpg\" alt=\"\" width=\"638\" height=\"437\" srcset=\"https:\/\/www.lamennais.org\/wp-content\/uploads\/2024\/04\/P1400404.jpg 638w, https:\/\/www.lamennais.org\/wp-content\/uploads\/2024\/04\/P1400404-300x205.jpg 300w, https:\/\/www.lamennais.org\/wp-content\/uploads\/2024\/04\/P1400404-260x178.jpg 260w\" sizes=\"(max-width: 638px) 100vw, 638px\" \/><p id=\"caption-attachment-40184\" class=\"wp-caption-text\"><em>De izquierda a derecha: Sra. Victoria DRAPER, Sra. <\/em><strong><em>B<\/em><\/strong><em>el<\/em><strong><em>\u00e9<\/em><\/strong><em>n CORU\u00f1A MOZO, Sra. Fran\u00e7ois LE BRETON.<\/em><\/p><\/div>\n<div id=\"attachment_40187\" style=\"width: 648px\" class=\"wp-caption alignnone\"><img decoding=\"async\" aria-describedby=\"caption-attachment-40187\" class=\"wp-image-40187\" src=\"https:\/\/www.lamennais.org\/wp-content\/uploads\/2024\/04\/P1400409-1024x743.jpg\" alt=\"\" width=\"638\" height=\"463\" srcset=\"https:\/\/www.lamennais.org\/wp-content\/uploads\/2024\/04\/P1400409-1024x743.jpg 1024w, https:\/\/www.lamennais.org\/wp-content\/uploads\/2024\/04\/P1400409-300x218.jpg 300w, https:\/\/www.lamennais.org\/wp-content\/uploads\/2024\/04\/P1400409-768x557.jpg 768w, https:\/\/www.lamennais.org\/wp-content\/uploads\/2024\/04\/P1400409-1536x1115.jpg 1536w, https:\/\/www.lamennais.org\/wp-content\/uploads\/2024\/04\/P1400409-260x189.jpg 260w, https:\/\/www.lamennais.org\/wp-content\/uploads\/2024\/04\/P1400409.jpg 2017w\" sizes=\"(max-width: 638px) 100vw, 638px\" \/><p id=\"caption-attachment-40187\" class=\"wp-caption-text\"><em>De izquierda a derecha: Sra. Luz Martha de LA CRUZ ROMERO, Sra. Yvette MEUS.<\/em><\/p><\/div>\n<div id=\"attachment_40193\" style=\"width: 653px\" class=\"wp-caption alignnone\"><img loading=\"lazy\" decoding=\"async\" aria-describedby=\"caption-attachment-40193\" class=\"wp-image-40193\" src=\"https:\/\/www.lamennais.org\/wp-content\/uploads\/2024\/04\/P1400422-1024x626.jpg\" alt=\"\" width=\"643\" height=\"393\" srcset=\"https:\/\/www.lamennais.org\/wp-content\/uploads\/2024\/04\/P1400422-1024x626.jpg 1024w, https:\/\/www.lamennais.org\/wp-content\/uploads\/2024\/04\/P1400422-300x183.jpg 300w, https:\/\/www.lamennais.org\/wp-content\/uploads\/2024\/04\/P1400422-768x470.jpg 768w, https:\/\/www.lamennais.org\/wp-content\/uploads\/2024\/04\/P1400422-1536x939.jpg 1536w, https:\/\/www.lamennais.org\/wp-content\/uploads\/2024\/04\/P1400422-2048x1252.jpg 2048w, https:\/\/www.lamennais.org\/wp-content\/uploads\/2024\/04\/P1400422-260x159.jpg 260w\" sizes=\"(max-width: 643px) 100vw, 643px\" \/><p id=\"caption-attachment-40193\" class=\"wp-caption-text\"><em>De izquierda a derecha: Sra. Yvette MEUS y Sr. John Bosco DDUNGU.<\/em><\/p><\/div>\n<p><img loading=\"lazy\" decoding=\"async\" class=\"alignnone size-large wp-image-40199\" src=\"https:\/\/www.lamennais.org\/wp-content\/uploads\/2024\/04\/P1400441-1024x612.jpg\" alt=\"\" width=\"860\" height=\"514\" srcset=\"https:\/\/www.lamennais.org\/wp-content\/uploads\/2024\/04\/P1400441-1024x612.jpg 1024w, https:\/\/www.lamennais.org\/wp-content\/uploads\/2024\/04\/P1400441-300x179.jpg 300w, https:\/\/www.lamennais.org\/wp-content\/uploads\/2024\/04\/P1400441-768x459.jpg 768w, https:\/\/www.lamennais.org\/wp-content\/uploads\/2024\/04\/P1400441-1536x918.jpg 1536w, https:\/\/www.lamennais.org\/wp-content\/uploads\/2024\/04\/P1400441-2048x1224.jpg 2048w, https:\/\/www.lamennais.org\/wp-content\/uploads\/2024\/04\/P1400441-260x155.jpg 260w\" sizes=\"(max-width: 860px) 100vw, 860px\" \/><\/p>\n<p>\u201cReafirmamos nuestra motivaci\u00f3n por la importancia de esta Familia, subrayaron los laicos presentes<strong>,<\/strong> y somos optimistas: nuestra Familia crecer\u00e1 gracias a la bendici\u00f3n de la Virgen Mar\u00eda. \u00bb<\/p>\n<p><img loading=\"lazy\" decoding=\"async\" class=\"alignnone size-large wp-image-40196\" src=\"https:\/\/www.lamennais.org\/wp-content\/uploads\/2024\/04\/P1400434-1024x578.jpg\" alt=\"\" width=\"860\" height=\"485\" srcset=\"https:\/\/www.lamennais.org\/wp-content\/uploads\/2024\/04\/P1400434-1024x578.jpg 1024w, https:\/\/www.lamennais.org\/wp-content\/uploads\/2024\/04\/P1400434-300x169.jpg 300w, https:\/\/www.lamennais.org\/wp-content\/uploads\/2024\/04\/P1400434-768x433.jpg 768w, https:\/\/www.lamennais.org\/wp-content\/uploads\/2024\/04\/P1400434-1536x867.jpg 1536w, https:\/\/www.lamennais.org\/wp-content\/uploads\/2024\/04\/P1400434-2048x1155.jpg 2048w, https:\/\/www.lamennais.org\/wp-content\/uploads\/2024\/04\/P1400434-260x147.jpg 260w\" sizes=\"(max-width: 860px) 100vw, 860px\" \/><\/p>\n<p>Se han hecho propuestas para la organizaci\u00f3n de la Familia a nivel local, de pa\u00eds -o de <strong>P<\/strong>rovincia o <strong>D<\/strong>istrito- y a nivel internacional.<\/p>\n","protected":false},"excerpt":{"rendered":"<p>Comprender mejor las realidades de la Familia Menesiana, posibilitar el desarrollo de la Familia y crear comisiones de animaci\u00f3n en cada Provincia y Distrito: estos son los objetivos propuestos por la comisi\u00f3n internacional de la Familia Menesiana. El equipo de seis miembros de la comisi\u00f3n internacional de la Familia Menesiana est\u00e1 trabajando intensamente este lunes [&hellip;]<\/p>\n","protected":false},"author":3,"featured_media":40192,"comment_status":"closed","ping_status":"closed","sticky":false,"template":"","format":"standard","meta":{"footnotes":""},"categories":[105],"tags":[],"class_list":["post-40215","post","type-post","status-publish","format-standard","has-post-thumbnail","hentry","category-noticias"],"yoast_head":"<!-- This site is optimized with the Yoast SEO plugin v27.5 - https:\/\/yoast.com\/product\/yoast-seo-wordpress\/ -->\n<title>FAMILIA MENESIANA. \u201cSomos optimistas: nuestra Familia crecer\u00e1 gracias a la Virgen Mar\u00eda\u201d - LaMennais.org<\/title>\n<meta name=\"robots\" content=\"index, follow, max-snippet:-1, max-image-preview:large, max-video-preview:-1\" \/>\n<link rel=\"canonical\" href=\"https:\/\/www.lamennais.org\/es\/familia-menesiana-somos-optimistas-nuestra-familia-crecera-gracias-a-la-virgen-maria\/\" \/>\n<meta property=\"og:locale\" content=\"es_ES\" \/>\n<meta property=\"og:type\" content=\"article\" \/>\n<meta property=\"og:title\" content=\"FAMILIA MENESIANA. \u201cSomos optimistas: nuestra Familia crecer\u00e1 gracias a la Virgen Mar\u00eda\u201d - LaMennais.org\" \/>\n<meta property=\"og:description\" content=\"Comprender mejor las realidades de la Familia Menesiana, posibilitar el desarrollo de la Familia y crear comisiones de animaci\u00f3n en cada Provincia y Distrito: estos son los objetivos propuestos por la comisi\u00f3n internacional de la Familia Menesiana. El equipo de seis miembros de la comisi\u00f3n internacional de la Familia Menesiana est\u00e1 trabajando intensamente este lunes [&hellip;]\" \/>\n<meta property=\"og:url\" content=\"https:\/\/www.lamennais.org\/es\/familia-menesiana-somos-optimistas-nuestra-familia-crecera-gracias-a-la-virgen-maria\/\" \/>\n<meta property=\"og:site_name\" content=\"LaMennais.org\" \/>\n<meta property=\"article:published_time\" content=\"2024-04-01T09:38:26+00:00\" \/>\n<meta property=\"article:modified_time\" content=\"2024-04-01T18:25:55+00:00\" \/>\n<meta property=\"og:image\" content=\"https:\/\/www.lamennais.org\/wp-content\/uploads\/2024\/04\/P1400412-e1711964430386.jpg\" \/>\n\t<meta property=\"og:image:width\" content=\"2436\" \/>\n\t<meta property=\"og:image:height\" content=\"1432\" \/>\n\t<meta property=\"og:image:type\" content=\"image\/jpeg\" \/>\n<meta name=\"author\" content=\"Herv\u00e9 Asse\" \/>\n<meta name=\"twitter:card\" content=\"summary_large_image\" \/>\n<meta name=\"twitter:label1\" content=\"Escrito por\" \/>\n\t<meta name=\"twitter:data1\" content=\"Herv\u00e9 Asse\" \/>\n\t<meta name=\"twitter:label2\" content=\"Tiempo de lectura\" \/>\n\t<meta name=\"twitter:data2\" content=\"3 minutos\" \/>\n<script type=\"application\/ld+json\" class=\"yoast-schema-graph\">{\"@context\":\"https:\\\/\\\/schema.org\",\"@graph\":[{\"@type\":\"Article\",\"@id\":\"https:\\\/\\\/www.lamennais.org\\\/es\\\/familia-menesiana-somos-optimistas-nuestra-familia-crecera-gracias-a-la-virgen-maria\\\/#article\",\"isPartOf\":{\"@id\":\"https:\\\/\\\/www.lamennais.org\\\/es\\\/familia-menesiana-somos-optimistas-nuestra-familia-crecera-gracias-a-la-virgen-maria\\\/\"},\"author\":{\"name\":\"Herv\u00e9 Asse\",\"@id\":\"https:\\\/\\\/www.lamennais.org\\\/#\\\/schema\\\/person\\\/2a8d6e8a95babedd5ba1c43afd2e3844\"},\"headline\":\"FAMILIA MENESIANA. \u201cSomos optimistas: nuestra Familia crecer\u00e1 gracias a la Virgen Mar\u00eda\u201d\",\"datePublished\":\"2024-04-01T09:38:26+00:00\",\"dateModified\":\"2024-04-01T18:25:55+00:00\",\"mainEntityOfPage\":{\"@id\":\"https:\\\/\\\/www.lamennais.org\\\/es\\\/familia-menesiana-somos-optimistas-nuestra-familia-crecera-gracias-a-la-virgen-maria\\\/\"},\"wordCount\":280,\"image\":{\"@id\":\"https:\\\/\\\/www.lamennais.org\\\/es\\\/familia-menesiana-somos-optimistas-nuestra-familia-crecera-gracias-a-la-virgen-maria\\\/#primaryimage\"},\"thumbnailUrl\":\"https:\\\/\\\/www.lamennais.org\\\/wp-content\\\/uploads\\\/2024\\\/04\\\/P1400412-e1711964430386.jpg\",\"articleSection\":[\"NOTICIAS\"],\"inLanguage\":\"es\"},{\"@type\":\"WebPage\",\"@id\":\"https:\\\/\\\/www.lamennais.org\\\/es\\\/familia-menesiana-somos-optimistas-nuestra-familia-crecera-gracias-a-la-virgen-maria\\\/\",\"url\":\"https:\\\/\\\/www.lamennais.org\\\/es\\\/familia-menesiana-somos-optimistas-nuestra-familia-crecera-gracias-a-la-virgen-maria\\\/\",\"name\":\"FAMILIA MENESIANA. \u201cSomos optimistas: nuestra Familia crecer\u00e1 gracias a la Virgen Mar\u00eda\u201d - LaMennais.org\",\"isPartOf\":{\"@id\":\"https:\\\/\\\/www.lamennais.org\\\/#website\"},\"primaryImageOfPage\":{\"@id\":\"https:\\\/\\\/www.lamennais.org\\\/es\\\/familia-menesiana-somos-optimistas-nuestra-familia-crecera-gracias-a-la-virgen-maria\\\/#primaryimage\"},\"image\":{\"@id\":\"https:\\\/\\\/www.lamennais.org\\\/es\\\/familia-menesiana-somos-optimistas-nuestra-familia-crecera-gracias-a-la-virgen-maria\\\/#primaryimage\"},\"thumbnailUrl\":\"https:\\\/\\\/www.lamennais.org\\\/wp-content\\\/uploads\\\/2024\\\/04\\\/P1400412-e1711964430386.jpg\",\"datePublished\":\"2024-04-01T09:38:26+00:00\",\"dateModified\":\"2024-04-01T18:25:55+00:00\",\"author\":{\"@id\":\"https:\\\/\\\/www.lamennais.org\\\/#\\\/schema\\\/person\\\/2a8d6e8a95babedd5ba1c43afd2e3844\"},\"breadcrumb\":{\"@id\":\"https:\\\/\\\/www.lamennais.org\\\/es\\\/familia-menesiana-somos-optimistas-nuestra-familia-crecera-gracias-a-la-virgen-maria\\\/#breadcrumb\"},\"inLanguage\":\"es\",\"potentialAction\":[{\"@type\":\"ReadAction\",\"target\":[\"https:\\\/\\\/www.lamennais.org\\\/es\\\/familia-menesiana-somos-optimistas-nuestra-familia-crecera-gracias-a-la-virgen-maria\\\/\"]}]},{\"@type\":\"ImageObject\",\"inLanguage\":\"es\",\"@id\":\"https:\\\/\\\/www.lamennais.org\\\/es\\\/familia-menesiana-somos-optimistas-nuestra-familia-crecera-gracias-a-la-virgen-maria\\\/#primaryimage\",\"url\":\"https:\\\/\\\/www.lamennais.org\\\/wp-content\\\/uploads\\\/2024\\\/04\\\/P1400412-e1711964430386.jpg\",\"contentUrl\":\"https:\\\/\\\/www.lamennais.org\\\/wp-content\\\/uploads\\\/2024\\\/04\\\/P1400412-e1711964430386.jpg\",\"width\":2436,\"height\":1432},{\"@type\":\"BreadcrumbList\",\"@id\":\"https:\\\/\\\/www.lamennais.org\\\/es\\\/familia-menesiana-somos-optimistas-nuestra-familia-crecera-gracias-a-la-virgen-maria\\\/#breadcrumb\",\"itemListElement\":[{\"@type\":\"ListItem\",\"position\":1,\"name\":\"Accueil\",\"item\":\"https:\\\/\\\/www.lamennais.org\\\/\"},{\"@type\":\"ListItem\",\"position\":2,\"name\":\"FAMILIA MENESIANA. \u201cSomos optimistas: nuestra Familia crecer\u00e1 gracias a la Virgen Mar\u00eda\u201d\"}]},{\"@type\":\"WebSite\",\"@id\":\"https:\\\/\\\/www.lamennais.org\\\/#website\",\"url\":\"https:\\\/\\\/www.lamennais.org\\\/\",\"name\":\"LaMennais.org\",\"description\":\"Fr\u00e8res de l&#039;Instruction Chr\u00e9tienne et Famille Mennaisienne\",\"potentialAction\":[{\"@type\":\"SearchAction\",\"target\":{\"@type\":\"EntryPoint\",\"urlTemplate\":\"https:\\\/\\\/www.lamennais.org\\\/?s={search_term_string}\"},\"query-input\":{\"@type\":\"PropertyValueSpecification\",\"valueRequired\":true,\"valueName\":\"search_term_string\"}}],\"inLanguage\":\"es\"},{\"@type\":\"Person\",\"@id\":\"https:\\\/\\\/www.lamennais.org\\\/#\\\/schema\\\/person\\\/2a8d6e8a95babedd5ba1c43afd2e3844\",\"name\":\"Herv\u00e9 Asse\",\"image\":{\"@type\":\"ImageObject\",\"inLanguage\":\"es\",\"@id\":\"https:\\\/\\\/secure.gravatar.com\\\/avatar\\\/1aaa7b1baf759c8b40525f40af381cbaa2b0ddd554f57145bceb0654ba45b4c0?s=96&d=mm&r=g\",\"url\":\"https:\\\/\\\/secure.gravatar.com\\\/avatar\\\/1aaa7b1baf759c8b40525f40af381cbaa2b0ddd554f57145bceb0654ba45b4c0?s=96&d=mm&r=g\",\"contentUrl\":\"https:\\\/\\\/secure.gravatar.com\\\/avatar\\\/1aaa7b1baf759c8b40525f40af381cbaa2b0ddd554f57145bceb0654ba45b4c0?s=96&d=mm&r=g\",\"caption\":\"Herv\u00e9 Asse\"}}]}<\/script>\n<!-- \/ Yoast SEO plugin. -->","yoast_head_json":{"title":"FAMILIA MENESIANA. \u201cSomos optimistas: nuestra Familia crecer\u00e1 gracias a la Virgen Mar\u00eda\u201d - LaMennais.org","robots":{"index":"index","follow":"follow","max-snippet":"max-snippet:-1","max-image-preview":"max-image-preview:large","max-video-preview":"max-video-preview:-1"},"canonical":"https:\/\/www.lamennais.org\/es\/familia-menesiana-somos-optimistas-nuestra-familia-crecera-gracias-a-la-virgen-maria\/","og_locale":"es_ES","og_type":"article","og_title":"FAMILIA MENESIANA. \u201cSomos optimistas: nuestra Familia crecer\u00e1 gracias a la Virgen Mar\u00eda\u201d - LaMennais.org","og_description":"Comprender mejor las realidades de la Familia Menesiana, posibilitar el desarrollo de la Familia y crear comisiones de animaci\u00f3n en cada Provincia y Distrito: estos son los objetivos propuestos por la comisi\u00f3n internacional de la Familia Menesiana. El equipo de seis miembros de la comisi\u00f3n internacional de la Familia Menesiana est\u00e1 trabajando intensamente este lunes [&hellip;]","og_url":"https:\/\/www.lamennais.org\/es\/familia-menesiana-somos-optimistas-nuestra-familia-crecera-gracias-a-la-virgen-maria\/","og_site_name":"LaMennais.org","article_published_time":"2024-04-01T09:38:26+00:00","article_modified_time":"2024-04-01T18:25:55+00:00","og_image":[{"width":2436,"height":1432,"url":"https:\/\/www.lamennais.org\/wp-content\/uploads\/2024\/04\/P1400412-e1711964430386.jpg","type":"image\/jpeg"}],"author":"Herv\u00e9 Asse","twitter_card":"summary_large_image","twitter_misc":{"Escrito por":"Herv\u00e9 Asse","Tiempo de lectura":"3 minutos"},"schema":{"@context":"https:\/\/schema.org","@graph":[{"@type":"Article","@id":"https:\/\/www.lamennais.org\/es\/familia-menesiana-somos-optimistas-nuestra-familia-crecera-gracias-a-la-virgen-maria\/#article","isPartOf":{"@id":"https:\/\/www.lamennais.org\/es\/familia-menesiana-somos-optimistas-nuestra-familia-crecera-gracias-a-la-virgen-maria\/"},"author":{"name":"Herv\u00e9 Asse","@id":"https:\/\/www.lamennais.org\/#\/schema\/person\/2a8d6e8a95babedd5ba1c43afd2e3844"},"headline":"FAMILIA MENESIANA. \u201cSomos optimistas: nuestra Familia crecer\u00e1 gracias a la Virgen Mar\u00eda\u201d","datePublished":"2024-04-01T09:38:26+00:00","dateModified":"2024-04-01T18:25:55+00:00","mainEntityOfPage":{"@id":"https:\/\/www.lamennais.org\/es\/familia-menesiana-somos-optimistas-nuestra-familia-crecera-gracias-a-la-virgen-maria\/"},"wordCount":280,"image":{"@id":"https:\/\/www.lamennais.org\/es\/familia-menesiana-somos-optimistas-nuestra-familia-crecera-gracias-a-la-virgen-maria\/#primaryimage"},"thumbnailUrl":"https:\/\/www.lamennais.org\/wp-content\/uploads\/2024\/04\/P1400412-e1711964430386.jpg","articleSection":["NOTICIAS"],"inLanguage":"es"},{"@type":"WebPage","@id":"https:\/\/www.lamennais.org\/es\/familia-menesiana-somos-optimistas-nuestra-familia-crecera-gracias-a-la-virgen-maria\/","url":"https:\/\/www.lamennais.org\/es\/familia-menesiana-somos-optimistas-nuestra-familia-crecera-gracias-a-la-virgen-maria\/","name":"FAMILIA MENESIANA. \u201cSomos optimistas: nuestra Familia crecer\u00e1 gracias a la Virgen Mar\u00eda\u201d - LaMennais.org","isPartOf":{"@id":"https:\/\/www.lamennais.org\/#website"},"primaryImageOfPage":{"@id":"https:\/\/www.lamennais.org\/es\/familia-menesiana-somos-optimistas-nuestra-familia-crecera-gracias-a-la-virgen-maria\/#primaryimage"},"image":{"@id":"https:\/\/www.lamennais.org\/es\/familia-menesiana-somos-optimistas-nuestra-familia-crecera-gracias-a-la-virgen-maria\/#primaryimage"},"thumbnailUrl":"https:\/\/www.lamennais.org\/wp-content\/uploads\/2024\/04\/P1400412-e1711964430386.jpg","datePublished":"2024-04-01T09:38:26+00:00","dateModified":"2024-04-01T18:25:55+00:00","author":{"@id":"https:\/\/www.lamennais.org\/#\/schema\/person\/2a8d6e8a95babedd5ba1c43afd2e3844"},"breadcrumb":{"@id":"https:\/\/www.lamennais.org\/es\/familia-menesiana-somos-optimistas-nuestra-familia-crecera-gracias-a-la-virgen-maria\/#breadcrumb"},"inLanguage":"es","potentialAction":[{"@type":"ReadAction","target":["https:\/\/www.lamennais.org\/es\/familia-menesiana-somos-optimistas-nuestra-familia-crecera-gracias-a-la-virgen-maria\/"]}]},{"@type":"ImageObject","inLanguage":"es","@id":"https:\/\/www.lamennais.org\/es\/familia-menesiana-somos-optimistas-nuestra-familia-crecera-gracias-a-la-virgen-maria\/#primaryimage","url":"https:\/\/www.lamennais.org\/wp-content\/uploads\/2024\/04\/P1400412-e1711964430386.jpg","contentUrl":"https:\/\/www.lamennais.org\/wp-content\/uploads\/2024\/04\/P1400412-e1711964430386.jpg","width":2436,"height":1432},{"@type":"BreadcrumbList","@id":"https:\/\/www.lamennais.org\/es\/familia-menesiana-somos-optimistas-nuestra-familia-crecera-gracias-a-la-virgen-maria\/#breadcrumb","itemListElement":[{"@type":"ListItem","position":1,"name":"Accueil","item":"https:\/\/www.lamennais.org\/"},{"@type":"ListItem","position":2,"name":"FAMILIA MENESIANA. \u201cSomos optimistas: nuestra Familia crecer\u00e1 gracias a la Virgen Mar\u00eda\u201d"}]},{"@type":"WebSite","@id":"https:\/\/www.lamennais.org\/#website","url":"https:\/\/www.lamennais.org\/","name":"LaMennais.org","description":"Fr\u00e8res de l&#039;Instruction Chr\u00e9tienne et Famille Mennaisienne","potentialAction":[{"@type":"SearchAction","target":{"@type":"EntryPoint","urlTemplate":"https:\/\/www.lamennais.org\/?s={search_term_string}"},"query-input":{"@type":"PropertyValueSpecification","valueRequired":true,"valueName":"search_term_string"}}],"inLanguage":"es"},{"@type":"Person","@id":"https:\/\/www.lamennais.org\/#\/schema\/person\/2a8d6e8a95babedd5ba1c43afd2e3844","name":"Herv\u00e9 Asse","image":{"@type":"ImageObject","inLanguage":"es","@id":"https:\/\/secure.gravatar.com\/avatar\/1aaa7b1baf759c8b40525f40af381cbaa2b0ddd554f57145bceb0654ba45b4c0?s=96&d=mm&r=g","url":"https:\/\/secure.gravatar.com\/avatar\/1aaa7b1baf759c8b40525f40af381cbaa2b0ddd554f57145bceb0654ba45b4c0?s=96&d=mm&r=g","contentUrl":"https:\/\/secure.gravatar.com\/avatar\/1aaa7b1baf759c8b40525f40af381cbaa2b0ddd554f57145bceb0654ba45b4c0?s=96&d=mm&r=g","caption":"Herv\u00e9 Asse"}}]}},"_links":{"self":[{"href":"https:\/\/www.lamennais.org\/es\/wp-json\/wp\/v2\/posts\/40215","targetHints":{"allow":["GET"]}}],"collection":[{"href":"https:\/\/www.lamennais.org\/es\/wp-json\/wp\/v2\/posts"}],"about":[{"href":"https:\/\/www.lamennais.org\/es\/wp-json\/wp\/v2\/types\/post"}],"author":[{"embeddable":true,"href":"https:\/\/www.lamennais.org\/es\/wp-json\/wp\/v2\/users\/3"}],"replies":[{"embeddable":true,"href":"https:\/\/www.lamennais.org\/es\/wp-json\/wp\/v2\/comments?post=40215"}],"version-history":[{"count":1,"href":"https:\/\/www.lamennais.org\/es\/wp-json\/wp\/v2\/posts\/40215\/revisions"}],"predecessor-version":[{"id":40216,"href":"https:\/\/www.lamennais.org\/es\/wp-json\/wp\/v2\/posts\/40215\/revisions\/40216"}],"wp:featuredmedia":[{"embeddable":true,"href":"https:\/\/www.lamennais.org\/es\/wp-json\/wp\/v2\/media\/40192"}],"wp:attachment":[{"href":"https:\/\/www.lamennais.org\/es\/wp-json\/wp\/v2\/media?parent=40215"}],"wp:term":[{"taxonomy":"category","embeddable":true,"href":"https:\/\/www.lamennais.org\/es\/wp-json\/wp\/v2\/categories?post=40215"},{"taxonomy":"post_tag","embeddable":true,"href":"https:\/\/www.lamennais.org\/es\/wp-json\/wp\/v2\/tags?post=40215"}],"curies":[{"name":"wp","href":"https:\/\/api.w.org\/{rel}","templated":true}]}}