{"id":39902,"date":"2024-03-27T09:46:30","date_gmt":"2024-03-27T08:46:30","guid":{"rendered":"https:\/\/www.lamennais.org\/?p=39902"},"modified":"2024-03-28T19:56:21","modified_gmt":"2024-03-28T18:56:21","slug":"participantes-estan-viviendo-su-primer-o-su-septimo-capitulo","status":"publish","type":"post","link":"https:\/\/www.lamennais.org\/es\/participantes-estan-viviendo-su-primer-o-su-septimo-capitulo\/","title":{"rendered":"PARTICIPANTES. \u00a1Est\u00e1n viviendo su primer o&#8230; su s\u00e9ptimo cap\u00edtulo!"},"content":{"rendered":"<h2>Su primera vez<\/h2>\n<p><strong>27 Hermanos y 4 laicos viven su primer Cap\u00edtulo. <\/strong><\/p>\n<p><strong>Los Hermanos Eric MUGISA, Carlos LOVATTO, G\u00e9niaud LAUTURE, Carlos CAPELLAN, Anthony KAMUHANDA, Benedict ODHIAMBO, Franklin RUKUNDO, John Bosco SSENKABIRWA, Herman TAMALE, Damien HABIMANA, Fidele NGUWA,\u00a0 Ricardo\u00a0 MARZON (adi\u00f3s) Simon ALPHONSE, Ra<\/strong><strong>\u00fa<\/strong><strong>l BLANCO, Laurent BOUILLET, Regis LEFRERE, Jean-Yves HAMON, Denis CHAMARET, Pierrick BUSSON.<\/strong><\/p>\n<p><strong>4 La<\/strong><strong>i<\/strong><strong>c<\/strong><strong>o<\/strong><strong>s\u00a0:\u00a0 Victoria DRAPER, Luz Martha ROMERO, Yvette MEUS, Bel<\/strong><strong>\u00e9<\/strong><strong>n CORU<\/strong><strong>\u00d1<\/strong><strong>A MOZO<\/strong><\/p>\n<p><strong>6 <\/strong><strong>Hermanos J\u00f3venes<\/strong><strong>: Aiden RUKUNDO, Olivier IGIRANEZA, Franciskus GUA MAKING, Philippe DOUTI, Rony PIERRE, Paul MWITI<\/strong><\/p>\n<p><strong>Los decanos son los <\/strong><strong>HH<\/strong><strong>. Michel GUYOMARC&#8217;H y Josu OLABARRIETA,<\/strong><\/p>\n<div id=\"attachment_39826\" style=\"width: 418px\" class=\"wp-caption alignnone\"><img fetchpriority=\"high\" decoding=\"async\" aria-describedby=\"caption-attachment-39826\" class=\"wp-image-39826\" src=\"https:\/\/www.lamennais.org\/wp-content\/uploads\/2024\/03\/P1390231-989x1024.jpg\" alt=\"\" width=\"408\" height=\"422\" srcset=\"https:\/\/www.lamennais.org\/wp-content\/uploads\/2024\/03\/P1390231-989x1024.jpg 989w, https:\/\/www.lamennais.org\/wp-content\/uploads\/2024\/03\/P1390231-290x300.jpg 290w, https:\/\/www.lamennais.org\/wp-content\/uploads\/2024\/03\/P1390231-768x795.jpg 768w, https:\/\/www.lamennais.org\/wp-content\/uploads\/2024\/03\/P1390231-260x269.jpg 260w, https:\/\/www.lamennais.org\/wp-content\/uploads\/2024\/03\/P1390231.jpg 1481w\" sizes=\"(max-width: 408px) 100vw, 408px\" \/><p id=\"caption-attachment-39826\" class=\"wp-caption-text\"><em> Michel GUYOMARC&#8217;H, de Francia.<\/em><\/p><\/div>\n<div id=\"attachment_39823\" style=\"width: 414px\" class=\"wp-caption alignnone\"><img decoding=\"async\" aria-describedby=\"caption-attachment-39823\" class=\"wp-image-39823\" src=\"https:\/\/www.lamennais.org\/wp-content\/uploads\/2024\/03\/P1390225-1024x861.jpg\" alt=\"\" width=\"404\" height=\"340\" srcset=\"https:\/\/www.lamennais.org\/wp-content\/uploads\/2024\/03\/P1390225-1024x861.jpg 1024w, https:\/\/www.lamennais.org\/wp-content\/uploads\/2024\/03\/P1390225-300x252.jpg 300w, https:\/\/www.lamennais.org\/wp-content\/uploads\/2024\/03\/P1390225-768x646.jpg 768w, https:\/\/www.lamennais.org\/wp-content\/uploads\/2024\/03\/P1390225-1536x1292.jpg 1536w, https:\/\/www.lamennais.org\/wp-content\/uploads\/2024\/03\/P1390225-260x219.jpg 260w, https:\/\/www.lamennais.org\/wp-content\/uploads\/2024\/03\/P1390225.jpg 1730w\" sizes=\"(max-width: 404px) 100vw, 404px\" \/><p id=\"caption-attachment-39823\" class=\"wp-caption-text\"><em>H<\/em><em>. Josu OLABARRIETA, de Espa\u00f1a.<\/em><\/p><\/div>\n<p><strong>y el participante invitado m\u00e1s joven es F. Philippe DOUTI.<\/strong><\/p>\n<div id=\"attachment_39829\" style=\"width: 429px\" class=\"wp-caption alignnone\"><img decoding=\"async\" aria-describedby=\"caption-attachment-39829\" class=\"wp-image-39829\" src=\"https:\/\/www.lamennais.org\/wp-content\/uploads\/2024\/03\/P1390234.jpg\" alt=\"\" width=\"419\" height=\"401\" srcset=\"https:\/\/www.lamennais.org\/wp-content\/uploads\/2024\/03\/P1390234.jpg 902w, https:\/\/www.lamennais.org\/wp-content\/uploads\/2024\/03\/P1390234-300x288.jpg 300w, https:\/\/www.lamennais.org\/wp-content\/uploads\/2024\/03\/P1390234-768x736.jpg 768w, https:\/\/www.lamennais.org\/wp-content\/uploads\/2024\/03\/P1390234-260x249.jpg 260w\" sizes=\"(max-width: 419px) 100vw, 419px\" \/><p id=\"caption-attachment-39829\" class=\"wp-caption-text\"><em> Philippe DOUTI, del Togo.<\/em><\/p><\/div>\n<p><strong>La edad media de los capitulares es de 56 a\u00f1os.<\/strong><\/p>\n<h2>De r\u00e9cords<\/h2>\n<p>Esta es tambi\u00e9n la lista de los Hermanos que m\u00e1s han participado en los Cap\u00edtulos.<\/p>\n<p><strong>S\u00e9ptima participaci\u00f3n<\/strong>:<strong> Hno Yannick HOUSSAY<\/strong>, desde 1988<\/p>\n<p><em style=\"color: initial;\"><img loading=\"lazy\" decoding=\"async\" class=\"alignnone size-full wp-image-39852\" src=\"https:\/\/www.lamennais.org\/wp-content\/uploads\/2024\/03\/Image7.jpg\" alt=\"\" width=\"170\" height=\"225\" \/><\/em><\/p>\n<p><strong>6<\/strong><strong><sup>\u00ba<\/sup><\/strong><strong> Cap\u00edtulo<\/strong><\/p>\n<p>A partir de 1994:<br \/>\n<strong>Josu OLABARRIETA,<\/strong> v\u00e9ase supra<\/p>\n<p><strong>Mario HOULE<\/strong>,<\/p>\n<p><strong>Gildas PRIGENT<\/strong><\/p>\n<p><strong>Mario HOULE<\/strong>,<\/p>\n<p><em style=\"color: initial;\"><img loading=\"lazy\" decoding=\"async\" class=\"alignnone  wp-image-39849\" src=\"https:\/\/www.lamennais.org\/wp-content\/uploads\/2024\/03\/Image6.jpg\" alt=\"\" width=\"173\" height=\"236\" srcset=\"https:\/\/www.lamennais.org\/wp-content\/uploads\/2024\/03\/Image6.jpg 413w, https:\/\/www.lamennais.org\/wp-content\/uploads\/2024\/03\/Image6-220x300.jpg 220w, https:\/\/www.lamennais.org\/wp-content\/uploads\/2024\/03\/Image6-260x354.jpg 260w\" sizes=\"(max-width: 173px) 100vw, 173px\" \/><\/em><\/p>\n<p><strong>Gildas PRIGENT<\/strong><\/p>\n<p><em style=\"color: initial;\"><img loading=\"lazy\" decoding=\"async\" class=\"alignnone  wp-image-39846\" src=\"https:\/\/www.lamennais.org\/wp-content\/uploads\/2024\/03\/Image5.jpg\" alt=\"\" width=\"177\" height=\"232\" srcset=\"https:\/\/www.lamennais.org\/wp-content\/uploads\/2024\/03\/Image5.jpg 429w, https:\/\/www.lamennais.org\/wp-content\/uploads\/2024\/03\/Image5-229x300.jpg 229w, https:\/\/www.lamennais.org\/wp-content\/uploads\/2024\/03\/Image5-260x341.jpg 260w\" sizes=\"(max-width: 177px) 100vw, 177px\" \/><\/em><\/p>\n<p><strong>Quinta participaci\u00f3n<\/strong>:<\/p>\n<ol>\n<li><strong> Jean-Paul PEUZE<\/strong>,<strong> Herv\u00e9 ASSE<\/strong>,<strong> G\u00e9rard BYARUHANGA , desde 2000<\/strong><\/li>\n<li><strong> Vincent BARIGYE:<\/strong> Cap\u00edtulos 94, 00, 06, 18<\/li>\n<\/ol>\n<p><strong>4<\/strong><strong><sup>a<\/sup><\/strong><strong> participaci\u00f3n<\/strong>:<\/p>\n<ol>\n<li><strong> Vincent SSEKATE<\/strong> desde 2006<\/li>\n<li><strong> Claude GELINAS:<\/strong> Cap\u00edtulos de 2000, 06, 18<\/li>\n<\/ol>\n<p><strong>FF. Jean-Paul PEUZE<\/strong>,\u00a0<strong>Herv\u00e9 ASSE<\/strong>,\u00a0<strong>G\u00e9rard BYARUHANG<\/strong>A , depuis 2000<\/p>\n<p><strong style=\"color: initial;\">F. Vincent BARIGYE : <\/strong><span style=\"color: initial;\">Chapitres de 94, 00, 06, 18<\/span><\/p>\n<p>Para memoria e informaci\u00f3n<\/p>\n<p>los HH<strong>. Herv\u00e9 LACROIX<\/strong>,<\/p>\n<p><img loading=\"lazy\" decoding=\"async\" class=\"alignnone size-full wp-image-39840\" src=\"https:\/\/www.lamennais.org\/wp-content\/uploads\/2024\/03\/Image4.jpg\" alt=\"\" width=\"238\" height=\"300\" \/><\/p>\n<p><strong>Jean PETILLON<\/strong><\/p>\n<p><img loading=\"lazy\" decoding=\"async\" class=\"alignnone  wp-image-39843\" src=\"https:\/\/www.lamennais.org\/wp-content\/uploads\/2024\/03\/Image3.jpg\" alt=\"\" width=\"242\" height=\"303\" srcset=\"https:\/\/www.lamennais.org\/wp-content\/uploads\/2024\/03\/Image3.jpg 785w, https:\/\/www.lamennais.org\/wp-content\/uploads\/2024\/03\/Image3-240x300.jpg 240w, https:\/\/www.lamennais.org\/wp-content\/uploads\/2024\/03\/Image3-768x960.jpg 768w, https:\/\/www.lamennais.org\/wp-content\/uploads\/2024\/03\/Image3-260x325.jpg 260w\" sizes=\"(max-width: 242px) 100vw, 242px\" \/><\/p>\n<p><strong>Louis BALANANT<\/strong>,<\/p>\n<p><img loading=\"lazy\" decoding=\"async\" class=\"alignnone  wp-image-39837\" src=\"https:\/\/www.lamennais.org\/wp-content\/uploads\/2024\/03\/Image2.jpg\" alt=\"\" width=\"248\" height=\"368\" srcset=\"https:\/\/www.lamennais.org\/wp-content\/uploads\/2024\/03\/Image2.jpg 661w, https:\/\/www.lamennais.org\/wp-content\/uploads\/2024\/03\/Image2-202x300.jpg 202w, https:\/\/www.lamennais.org\/wp-content\/uploads\/2024\/03\/Image2-260x386.jpg 260w\" sizes=\"(max-width: 248px) 100vw, 248px\" \/><\/p>\n<p><strong style=\"color: initial;\">Peter KAZEKULYA<\/strong><span style=\"color: initial;\">, jusqu\u2019\u00e0 2018.<\/span><\/p>\n<p><img loading=\"lazy\" decoding=\"async\" class=\"alignnone  wp-image-39834\" src=\"https:\/\/www.lamennais.org\/wp-content\/uploads\/2024\/03\/Image1.jpg\" alt=\"\" width=\"245\" height=\"299\" srcset=\"https:\/\/www.lamennais.org\/wp-content\/uploads\/2024\/03\/Image1.jpg 461w, https:\/\/www.lamennais.org\/wp-content\/uploads\/2024\/03\/Image1-246x300.jpg 246w, https:\/\/www.lamennais.org\/wp-content\/uploads\/2024\/03\/Image1-260x318.jpg 260w\" sizes=\"(max-width: 245px) 100vw, 245px\" \/><\/p>\n<p>han participado en<strong> 7 Cap\u00edtulos de 1976 a 2012 o hasta 2018. <\/strong><\/p>\n","protected":false},"excerpt":{"rendered":"<p>Su primera vez 27 Hermanos y 4 laicos viven su primer Cap\u00edtulo. Los Hermanos Eric MUGISA, Carlos LOVATTO, G\u00e9niaud LAUTURE, Carlos CAPELLAN, Anthony KAMUHANDA, Benedict ODHIAMBO, Franklin RUKUNDO, John Bosco SSENKABIRWA, Herman TAMALE, Damien HABIMANA, Fidele NGUWA,\u00a0 Ricardo\u00a0 MARZON (adi\u00f3s) Simon ALPHONSE, Ra\u00fal BLANCO, Laurent BOUILLET, Regis LEFRERE, Jean-Yves HAMON, Denis CHAMARET, Pierrick BUSSON. 4 [&hellip;]<\/p>\n","protected":false},"author":3,"featured_media":39822,"comment_status":"closed","ping_status":"closed","sticky":false,"template":"","format":"standard","meta":{"footnotes":""},"categories":[105],"tags":[],"class_list":["post-39902","post","type-post","status-publish","format-standard","has-post-thumbnail","hentry","category-noticias"],"yoast_head":"<!-- This site is optimized with the Yoast SEO plugin v27.5 - https:\/\/yoast.com\/product\/yoast-seo-wordpress\/ -->\n<title>PARTICIPANTES. \u00a1Est\u00e1n viviendo su primer o... su s\u00e9ptimo cap\u00edtulo! - LaMennais.org<\/title>\n<meta name=\"robots\" content=\"index, follow, max-snippet:-1, max-image-preview:large, max-video-preview:-1\" \/>\n<link rel=\"canonical\" href=\"https:\/\/www.lamennais.org\/es\/participantes-estan-viviendo-su-primer-o-su-septimo-capitulo\/\" \/>\n<meta property=\"og:locale\" content=\"es_ES\" \/>\n<meta property=\"og:type\" content=\"article\" \/>\n<meta property=\"og:title\" content=\"PARTICIPANTES. \u00a1Est\u00e1n viviendo su primer o... su s\u00e9ptimo cap\u00edtulo! - LaMennais.org\" \/>\n<meta property=\"og:description\" content=\"Su primera vez 27 Hermanos y 4 laicos viven su primer Cap\u00edtulo. Los Hermanos Eric MUGISA, Carlos LOVATTO, G\u00e9niaud LAUTURE, Carlos CAPELLAN, Anthony KAMUHANDA, Benedict ODHIAMBO, Franklin RUKUNDO, John Bosco SSENKABIRWA, Herman TAMALE, Damien HABIMANA, Fidele NGUWA,\u00a0 Ricardo\u00a0 MARZON (adi\u00f3s) Simon ALPHONSE, Ra\u00fal BLANCO, Laurent BOUILLET, Regis LEFRERE, Jean-Yves HAMON, Denis CHAMARET, Pierrick BUSSON. 4 [&hellip;]\" \/>\n<meta property=\"og:url\" content=\"https:\/\/www.lamennais.org\/es\/participantes-estan-viviendo-su-primer-o-su-septimo-capitulo\/\" \/>\n<meta property=\"og:site_name\" content=\"LaMennais.org\" \/>\n<meta property=\"article:published_time\" content=\"2024-03-27T08:46:30+00:00\" \/>\n<meta property=\"article:modified_time\" content=\"2024-03-28T18:56:21+00:00\" \/>\n<meta property=\"og:image\" content=\"https:\/\/www.lamennais.org\/wp-content\/uploads\/2024\/03\/P1390153-1-scaled-e1711529328340.jpg\" \/>\n\t<meta property=\"og:image:width\" content=\"2560\" \/>\n\t<meta property=\"og:image:height\" content=\"1401\" \/>\n\t<meta property=\"og:image:type\" content=\"image\/jpeg\" \/>\n<meta name=\"author\" content=\"Herv\u00e9 Asse\" \/>\n<meta name=\"twitter:card\" content=\"summary_large_image\" \/>\n<meta name=\"twitter:label1\" content=\"Escrito por\" \/>\n\t<meta name=\"twitter:data1\" content=\"Herv\u00e9 Asse\" \/>\n\t<meta name=\"twitter:label2\" content=\"Tiempo de lectura\" \/>\n\t<meta name=\"twitter:data2\" content=\"4 minutos\" \/>\n<script type=\"application\/ld+json\" class=\"yoast-schema-graph\">{\"@context\":\"https:\\\/\\\/schema.org\",\"@graph\":[{\"@type\":\"Article\",\"@id\":\"https:\\\/\\\/www.lamennais.org\\\/es\\\/participantes-estan-viviendo-su-primer-o-su-septimo-capitulo\\\/#article\",\"isPartOf\":{\"@id\":\"https:\\\/\\\/www.lamennais.org\\\/es\\\/participantes-estan-viviendo-su-primer-o-su-septimo-capitulo\\\/\"},\"author\":{\"name\":\"Herv\u00e9 Asse\",\"@id\":\"https:\\\/\\\/www.lamennais.org\\\/#\\\/schema\\\/person\\\/2a8d6e8a95babedd5ba1c43afd2e3844\"},\"headline\":\"PARTICIPANTES. \u00a1Est\u00e1n viviendo su primer o&#8230; su s\u00e9ptimo cap\u00edtulo!\",\"datePublished\":\"2024-03-27T08:46:30+00:00\",\"dateModified\":\"2024-03-28T18:56:21+00:00\",\"mainEntityOfPage\":{\"@id\":\"https:\\\/\\\/www.lamennais.org\\\/es\\\/participantes-estan-viviendo-su-primer-o-su-septimo-capitulo\\\/\"},\"wordCount\":281,\"image\":{\"@id\":\"https:\\\/\\\/www.lamennais.org\\\/es\\\/participantes-estan-viviendo-su-primer-o-su-septimo-capitulo\\\/#primaryimage\"},\"thumbnailUrl\":\"https:\\\/\\\/www.lamennais.org\\\/wp-content\\\/uploads\\\/2024\\\/03\\\/P1390153-1-scaled-e1711529328340.jpg\",\"articleSection\":[\"NOTICIAS\"],\"inLanguage\":\"es\"},{\"@type\":\"WebPage\",\"@id\":\"https:\\\/\\\/www.lamennais.org\\\/es\\\/participantes-estan-viviendo-su-primer-o-su-septimo-capitulo\\\/\",\"url\":\"https:\\\/\\\/www.lamennais.org\\\/es\\\/participantes-estan-viviendo-su-primer-o-su-septimo-capitulo\\\/\",\"name\":\"PARTICIPANTES. \u00a1Est\u00e1n viviendo su primer o... su s\u00e9ptimo cap\u00edtulo! - LaMennais.org\",\"isPartOf\":{\"@id\":\"https:\\\/\\\/www.lamennais.org\\\/#website\"},\"primaryImageOfPage\":{\"@id\":\"https:\\\/\\\/www.lamennais.org\\\/es\\\/participantes-estan-viviendo-su-primer-o-su-septimo-capitulo\\\/#primaryimage\"},\"image\":{\"@id\":\"https:\\\/\\\/www.lamennais.org\\\/es\\\/participantes-estan-viviendo-su-primer-o-su-septimo-capitulo\\\/#primaryimage\"},\"thumbnailUrl\":\"https:\\\/\\\/www.lamennais.org\\\/wp-content\\\/uploads\\\/2024\\\/03\\\/P1390153-1-scaled-e1711529328340.jpg\",\"datePublished\":\"2024-03-27T08:46:30+00:00\",\"dateModified\":\"2024-03-28T18:56:21+00:00\",\"author\":{\"@id\":\"https:\\\/\\\/www.lamennais.org\\\/#\\\/schema\\\/person\\\/2a8d6e8a95babedd5ba1c43afd2e3844\"},\"breadcrumb\":{\"@id\":\"https:\\\/\\\/www.lamennais.org\\\/es\\\/participantes-estan-viviendo-su-primer-o-su-septimo-capitulo\\\/#breadcrumb\"},\"inLanguage\":\"es\",\"potentialAction\":[{\"@type\":\"ReadAction\",\"target\":[\"https:\\\/\\\/www.lamennais.org\\\/es\\\/participantes-estan-viviendo-su-primer-o-su-septimo-capitulo\\\/\"]}]},{\"@type\":\"ImageObject\",\"inLanguage\":\"es\",\"@id\":\"https:\\\/\\\/www.lamennais.org\\\/es\\\/participantes-estan-viviendo-su-primer-o-su-septimo-capitulo\\\/#primaryimage\",\"url\":\"https:\\\/\\\/www.lamennais.org\\\/wp-content\\\/uploads\\\/2024\\\/03\\\/P1390153-1-scaled-e1711529328340.jpg\",\"contentUrl\":\"https:\\\/\\\/www.lamennais.org\\\/wp-content\\\/uploads\\\/2024\\\/03\\\/P1390153-1-scaled-e1711529328340.jpg\",\"width\":2547,\"height\":1211},{\"@type\":\"BreadcrumbList\",\"@id\":\"https:\\\/\\\/www.lamennais.org\\\/es\\\/participantes-estan-viviendo-su-primer-o-su-septimo-capitulo\\\/#breadcrumb\",\"itemListElement\":[{\"@type\":\"ListItem\",\"position\":1,\"name\":\"Accueil\",\"item\":\"https:\\\/\\\/www.lamennais.org\\\/\"},{\"@type\":\"ListItem\",\"position\":2,\"name\":\"PARTICIPANTES. \u00a1Est\u00e1n viviendo su primer o&#8230; su s\u00e9ptimo cap\u00edtulo!\"}]},{\"@type\":\"WebSite\",\"@id\":\"https:\\\/\\\/www.lamennais.org\\\/#website\",\"url\":\"https:\\\/\\\/www.lamennais.org\\\/\",\"name\":\"LaMennais.org\",\"description\":\"Fr\u00e8res de l&#039;Instruction Chr\u00e9tienne et Famille Mennaisienne\",\"potentialAction\":[{\"@type\":\"SearchAction\",\"target\":{\"@type\":\"EntryPoint\",\"urlTemplate\":\"https:\\\/\\\/www.lamennais.org\\\/?s={search_term_string}\"},\"query-input\":{\"@type\":\"PropertyValueSpecification\",\"valueRequired\":true,\"valueName\":\"search_term_string\"}}],\"inLanguage\":\"es\"},{\"@type\":\"Person\",\"@id\":\"https:\\\/\\\/www.lamennais.org\\\/#\\\/schema\\\/person\\\/2a8d6e8a95babedd5ba1c43afd2e3844\",\"name\":\"Herv\u00e9 Asse\",\"image\":{\"@type\":\"ImageObject\",\"inLanguage\":\"es\",\"@id\":\"https:\\\/\\\/secure.gravatar.com\\\/avatar\\\/1aaa7b1baf759c8b40525f40af381cbaa2b0ddd554f57145bceb0654ba45b4c0?s=96&d=mm&r=g\",\"url\":\"https:\\\/\\\/secure.gravatar.com\\\/avatar\\\/1aaa7b1baf759c8b40525f40af381cbaa2b0ddd554f57145bceb0654ba45b4c0?s=96&d=mm&r=g\",\"contentUrl\":\"https:\\\/\\\/secure.gravatar.com\\\/avatar\\\/1aaa7b1baf759c8b40525f40af381cbaa2b0ddd554f57145bceb0654ba45b4c0?s=96&d=mm&r=g\",\"caption\":\"Herv\u00e9 Asse\"}}]}<\/script>\n<!-- \/ Yoast SEO plugin. -->","yoast_head_json":{"title":"PARTICIPANTES. \u00a1Est\u00e1n viviendo su primer o... su s\u00e9ptimo cap\u00edtulo! - LaMennais.org","robots":{"index":"index","follow":"follow","max-snippet":"max-snippet:-1","max-image-preview":"max-image-preview:large","max-video-preview":"max-video-preview:-1"},"canonical":"https:\/\/www.lamennais.org\/es\/participantes-estan-viviendo-su-primer-o-su-septimo-capitulo\/","og_locale":"es_ES","og_type":"article","og_title":"PARTICIPANTES. \u00a1Est\u00e1n viviendo su primer o... su s\u00e9ptimo cap\u00edtulo! - LaMennais.org","og_description":"Su primera vez 27 Hermanos y 4 laicos viven su primer Cap\u00edtulo. Los Hermanos Eric MUGISA, Carlos LOVATTO, G\u00e9niaud LAUTURE, Carlos CAPELLAN, Anthony KAMUHANDA, Benedict ODHIAMBO, Franklin RUKUNDO, John Bosco SSENKABIRWA, Herman TAMALE, Damien HABIMANA, Fidele NGUWA,\u00a0 Ricardo\u00a0 MARZON (adi\u00f3s) Simon ALPHONSE, Ra\u00fal BLANCO, Laurent BOUILLET, Regis LEFRERE, Jean-Yves HAMON, Denis CHAMARET, Pierrick BUSSON. 4 [&hellip;]","og_url":"https:\/\/www.lamennais.org\/es\/participantes-estan-viviendo-su-primer-o-su-septimo-capitulo\/","og_site_name":"LaMennais.org","article_published_time":"2024-03-27T08:46:30+00:00","article_modified_time":"2024-03-28T18:56:21+00:00","og_image":[{"width":2560,"height":1401,"url":"https:\/\/www.lamennais.org\/wp-content\/uploads\/2024\/03\/P1390153-1-scaled-e1711529328340.jpg","type":"image\/jpeg"}],"author":"Herv\u00e9 Asse","twitter_card":"summary_large_image","twitter_misc":{"Escrito por":"Herv\u00e9 Asse","Tiempo de lectura":"4 minutos"},"schema":{"@context":"https:\/\/schema.org","@graph":[{"@type":"Article","@id":"https:\/\/www.lamennais.org\/es\/participantes-estan-viviendo-su-primer-o-su-septimo-capitulo\/#article","isPartOf":{"@id":"https:\/\/www.lamennais.org\/es\/participantes-estan-viviendo-su-primer-o-su-septimo-capitulo\/"},"author":{"name":"Herv\u00e9 Asse","@id":"https:\/\/www.lamennais.org\/#\/schema\/person\/2a8d6e8a95babedd5ba1c43afd2e3844"},"headline":"PARTICIPANTES. \u00a1Est\u00e1n viviendo su primer o&#8230; su s\u00e9ptimo cap\u00edtulo!","datePublished":"2024-03-27T08:46:30+00:00","dateModified":"2024-03-28T18:56:21+00:00","mainEntityOfPage":{"@id":"https:\/\/www.lamennais.org\/es\/participantes-estan-viviendo-su-primer-o-su-septimo-capitulo\/"},"wordCount":281,"image":{"@id":"https:\/\/www.lamennais.org\/es\/participantes-estan-viviendo-su-primer-o-su-septimo-capitulo\/#primaryimage"},"thumbnailUrl":"https:\/\/www.lamennais.org\/wp-content\/uploads\/2024\/03\/P1390153-1-scaled-e1711529328340.jpg","articleSection":["NOTICIAS"],"inLanguage":"es"},{"@type":"WebPage","@id":"https:\/\/www.lamennais.org\/es\/participantes-estan-viviendo-su-primer-o-su-septimo-capitulo\/","url":"https:\/\/www.lamennais.org\/es\/participantes-estan-viviendo-su-primer-o-su-septimo-capitulo\/","name":"PARTICIPANTES. \u00a1Est\u00e1n viviendo su primer o... su s\u00e9ptimo cap\u00edtulo! - LaMennais.org","isPartOf":{"@id":"https:\/\/www.lamennais.org\/#website"},"primaryImageOfPage":{"@id":"https:\/\/www.lamennais.org\/es\/participantes-estan-viviendo-su-primer-o-su-septimo-capitulo\/#primaryimage"},"image":{"@id":"https:\/\/www.lamennais.org\/es\/participantes-estan-viviendo-su-primer-o-su-septimo-capitulo\/#primaryimage"},"thumbnailUrl":"https:\/\/www.lamennais.org\/wp-content\/uploads\/2024\/03\/P1390153-1-scaled-e1711529328340.jpg","datePublished":"2024-03-27T08:46:30+00:00","dateModified":"2024-03-28T18:56:21+00:00","author":{"@id":"https:\/\/www.lamennais.org\/#\/schema\/person\/2a8d6e8a95babedd5ba1c43afd2e3844"},"breadcrumb":{"@id":"https:\/\/www.lamennais.org\/es\/participantes-estan-viviendo-su-primer-o-su-septimo-capitulo\/#breadcrumb"},"inLanguage":"es","potentialAction":[{"@type":"ReadAction","target":["https:\/\/www.lamennais.org\/es\/participantes-estan-viviendo-su-primer-o-su-septimo-capitulo\/"]}]},{"@type":"ImageObject","inLanguage":"es","@id":"https:\/\/www.lamennais.org\/es\/participantes-estan-viviendo-su-primer-o-su-septimo-capitulo\/#primaryimage","url":"https:\/\/www.lamennais.org\/wp-content\/uploads\/2024\/03\/P1390153-1-scaled-e1711529328340.jpg","contentUrl":"https:\/\/www.lamennais.org\/wp-content\/uploads\/2024\/03\/P1390153-1-scaled-e1711529328340.jpg","width":2547,"height":1211},{"@type":"BreadcrumbList","@id":"https:\/\/www.lamennais.org\/es\/participantes-estan-viviendo-su-primer-o-su-septimo-capitulo\/#breadcrumb","itemListElement":[{"@type":"ListItem","position":1,"name":"Accueil","item":"https:\/\/www.lamennais.org\/"},{"@type":"ListItem","position":2,"name":"PARTICIPANTES. \u00a1Est\u00e1n viviendo su primer o&#8230; su s\u00e9ptimo cap\u00edtulo!"}]},{"@type":"WebSite","@id":"https:\/\/www.lamennais.org\/#website","url":"https:\/\/www.lamennais.org\/","name":"LaMennais.org","description":"Fr\u00e8res de l&#039;Instruction Chr\u00e9tienne et Famille Mennaisienne","potentialAction":[{"@type":"SearchAction","target":{"@type":"EntryPoint","urlTemplate":"https:\/\/www.lamennais.org\/?s={search_term_string}"},"query-input":{"@type":"PropertyValueSpecification","valueRequired":true,"valueName":"search_term_string"}}],"inLanguage":"es"},{"@type":"Person","@id":"https:\/\/www.lamennais.org\/#\/schema\/person\/2a8d6e8a95babedd5ba1c43afd2e3844","name":"Herv\u00e9 Asse","image":{"@type":"ImageObject","inLanguage":"es","@id":"https:\/\/secure.gravatar.com\/avatar\/1aaa7b1baf759c8b40525f40af381cbaa2b0ddd554f57145bceb0654ba45b4c0?s=96&d=mm&r=g","url":"https:\/\/secure.gravatar.com\/avatar\/1aaa7b1baf759c8b40525f40af381cbaa2b0ddd554f57145bceb0654ba45b4c0?s=96&d=mm&r=g","contentUrl":"https:\/\/secure.gravatar.com\/avatar\/1aaa7b1baf759c8b40525f40af381cbaa2b0ddd554f57145bceb0654ba45b4c0?s=96&d=mm&r=g","caption":"Herv\u00e9 Asse"}}]}},"_links":{"self":[{"href":"https:\/\/www.lamennais.org\/es\/wp-json\/wp\/v2\/posts\/39902","targetHints":{"allow":["GET"]}}],"collection":[{"href":"https:\/\/www.lamennais.org\/es\/wp-json\/wp\/v2\/posts"}],"about":[{"href":"https:\/\/www.lamennais.org\/es\/wp-json\/wp\/v2\/types\/post"}],"author":[{"embeddable":true,"href":"https:\/\/www.lamennais.org\/es\/wp-json\/wp\/v2\/users\/3"}],"replies":[{"embeddable":true,"href":"https:\/\/www.lamennais.org\/es\/wp-json\/wp\/v2\/comments?post=39902"}],"version-history":[{"count":1,"href":"https:\/\/www.lamennais.org\/es\/wp-json\/wp\/v2\/posts\/39902\/revisions"}],"predecessor-version":[{"id":39903,"href":"https:\/\/www.lamennais.org\/es\/wp-json\/wp\/v2\/posts\/39902\/revisions\/39903"}],"wp:featuredmedia":[{"embeddable":true,"href":"https:\/\/www.lamennais.org\/es\/wp-json\/wp\/v2\/media\/39822"}],"wp:attachment":[{"href":"https:\/\/www.lamennais.org\/es\/wp-json\/wp\/v2\/media?parent=39902"}],"wp:term":[{"taxonomy":"category","embeddable":true,"href":"https:\/\/www.lamennais.org\/es\/wp-json\/wp\/v2\/categories?post=39902"},{"taxonomy":"post_tag","embeddable":true,"href":"https:\/\/www.lamennais.org\/es\/wp-json\/wp\/v2\/tags?post=39902"}],"curies":[{"name":"wp","href":"https:\/\/api.w.org\/{rel}","templated":true}]}}