{"id":39288,"date":"2023-12-11T11:01:30","date_gmt":"2023-12-11T10:01:30","guid":{"rendered":"https:\/\/www.lamennais.org\/?p=39288"},"modified":"2023-12-12T10:19:20","modified_gmt":"2023-12-12T09:19:20","slug":"centenario-y-decano-de-los-hermanos-de-francia-hermano-rene-jain-de-la-comunidad-de-josselin-me-sorprende-estar-aqui","status":"publish","type":"post","link":"https:\/\/www.lamennais.org\/es\/centenario-y-decano-de-los-hermanos-de-francia-hermano-rene-jain-de-la-comunidad-de-josselin-me-sorprende-estar-aqui\/","title":{"rendered":"CENTENARIO Y DECANO DE LOS HERMANOS DE FRANCIA. Hermano Ren\u00e9 JAIN, de la comunidad de Josselin. \u00ab\u00a1Me sorprende estar aqu\u00ed!\u00bb \u00bb"},"content":{"rendered":"<p><strong>\u00a1Celebraci\u00f3n en la comunidad St-Martin de Josselin, Francia, <\/strong><strong>el<\/strong><strong> 7 de diciembre! Familias, hermanos, amigos, personal y los 44 residentes celebraron el centenario del <\/strong><strong>H<\/strong><strong>ermano Ren\u00e9 Ja\u00efn. <\/strong><strong>Encontrar.<\/strong><\/p>\n<p>\u00ab \u00a1Me sorprende estar aqu\u00ed! \u00bb asegur\u00f3 el Hno. Ren\u00e9 Ja\u00efn, cuando se le pregunt\u00f3 qu\u00e9 significaba para \u00e9l tener cien a\u00f1os. \u00bfHay alg\u00fan secreto para llegar a esta etapa? \u201cNo lo s\u00e9\u201d, continu\u00f3. \u00bfExisten genes familiares que expliquen la situaci\u00f3n? Sin duda. \u201cEs una especialidad de familia\u201d, coment\u00f3 el Hno Louis Balanant, archivero de la Provincia, durante el brindis <strong>en<\/strong> la comida, \u201cya \u200b\u200bque tienes dos hermanas mayores de m\u00e1s de 100 a\u00f1os: Germaine, de 102 a\u00f1os, aqu\u00ed presente, tu prima Ana, 104 a\u00f1os, tambi\u00e9n aqu\u00ed presente y su hermana, religiosa del Esp\u00edritu Santo, residente en Ste-Anne d&#8217;Auray y de 101 a\u00f1os.<\/p>\n<div id=\"attachment_39248\" style=\"width: 611px\" class=\"wp-caption alignnone\"><img fetchpriority=\"high\" decoding=\"async\" aria-describedby=\"caption-attachment-39248\" class=\"wp-image-39248\" src=\"https:\/\/www.lamennais.org\/wp-content\/uploads\/2023\/12\/0K-P1330458.jpg\" alt=\"\" width=\"601\" height=\"401\" srcset=\"https:\/\/www.lamennais.org\/wp-content\/uploads\/2023\/12\/0K-P1330458.jpg 2327w, https:\/\/www.lamennais.org\/wp-content\/uploads\/2023\/12\/0K-P1330458-300x200.jpg 300w, https:\/\/www.lamennais.org\/wp-content\/uploads\/2023\/12\/0K-P1330458-1024x683.jpg 1024w, https:\/\/www.lamennais.org\/wp-content\/uploads\/2023\/12\/0K-P1330458-768x513.jpg 768w, https:\/\/www.lamennais.org\/wp-content\/uploads\/2023\/12\/0K-P1330458-1536x1025.jpg 1536w, https:\/\/www.lamennais.org\/wp-content\/uploads\/2023\/12\/0K-P1330458-2048x1367.jpg 2048w, https:\/\/www.lamennais.org\/wp-content\/uploads\/2023\/12\/0K-P1330458-260x174.jpg 260w, https:\/\/www.lamennais.org\/wp-content\/uploads\/2023\/12\/0K-P1330458-1200x800.jpg 1200w\" sizes=\"(max-width: 601px) 100vw, 601px\" \/><p id=\"caption-attachment-39248\" class=\"wp-caption-text\"><em>Una haza\u00f1a para el <\/em><strong><em>H.<\/em><\/strong><em> Ren\u00e9: oportunidad de compartir la alegr\u00eda.<\/em><\/p><\/div>\n<p>En la Congregaci\u00f3n es el 16\u00b0 en lograr esta haza\u00f1a de ser centenario y en la Provincia Francia-Inglaterra, eres el 3\u00b0 despu\u00e9s de los <strong>Hnos Ren\u00e9-Maurice ALLORY y Alain PAUBERT.<\/strong><\/p>\n<p>\u00bfLugares que marcaron su vida? \u201cSt Anne la Palud\u201d, nos asegur\u00f3 inmediatamente, \u201cluego St-Pol de L\u00e9on, donde tengo buenos recuerdos\u201d.<\/p>\n<p>\u201cNacido el 7 de diciembre de 1923 en Plon\u00e9vez-Porzay, en el sur de Finist\u00e8re, frecuentaste la escuela de los Hnos en Douarnenez y, en 1940, el noviciado de los Hnos en Jersey\u201d, continu\u00f3 el <strong>H<\/strong>ermano Louis Balanant. Luego sigui\u00f3 su carrera docente durante 46 a\u00f1os: Plouvorn, Pleyben, Douarnenez, Audierne, St-Renan, St-Pol-de-L\u00e9on, Plogonnec, Tr\u00e9boul \u2013 donde permaneci\u00f3 durante 19 a\u00f1os -, Roscoff: todo el recorrido se desarroll\u00f3 en Finisterre. Te uniste a Josselin en 2017\u201d.<\/p>\n<div id=\"attachment_39281\" style=\"width: 795px\" class=\"wp-caption alignnone\"><img decoding=\"async\" aria-describedby=\"caption-attachment-39281\" class=\" wp-image-39281\" src=\"https:\/\/www.lamennais.org\/wp-content\/uploads\/2023\/12\/Roscoff-30-Mars-2017B-scaled.jpg\" alt=\"\" width=\"785\" height=\"588\" srcset=\"https:\/\/www.lamennais.org\/wp-content\/uploads\/2023\/12\/Roscoff-30-Mars-2017B-scaled.jpg 2560w, https:\/\/www.lamennais.org\/wp-content\/uploads\/2023\/12\/Roscoff-30-Mars-2017B-300x225.jpg 300w, https:\/\/www.lamennais.org\/wp-content\/uploads\/2023\/12\/Roscoff-30-Mars-2017B-1024x768.jpg 1024w, https:\/\/www.lamennais.org\/wp-content\/uploads\/2023\/12\/Roscoff-30-Mars-2017B-768x576.jpg 768w, https:\/\/www.lamennais.org\/wp-content\/uploads\/2023\/12\/Roscoff-30-Mars-2017B-1536x1152.jpg 1536w, https:\/\/www.lamennais.org\/wp-content\/uploads\/2023\/12\/Roscoff-30-Mars-2017B-2048x1536.jpg 2048w, https:\/\/www.lamennais.org\/wp-content\/uploads\/2023\/12\/Roscoff-30-Mars-2017B-260x195.jpg 260w\" sizes=\"(max-width: 785px) 100vw, 785px\" \/><p id=\"caption-attachment-39281\" class=\"wp-caption-text\"><em>Con los HH. Bernard Prigent y Fran\u00e7ois Le Goff, en Roscoff,<\/em> <em>en 2017<\/em><\/p><\/div>\n<div id=\"attachment_39275\" style=\"width: 791px\" class=\"wp-caption alignnone\"><img decoding=\"async\" aria-describedby=\"caption-attachment-39275\" class=\" wp-image-39275\" src=\"https:\/\/www.lamennais.org\/wp-content\/uploads\/2023\/12\/Rosc-2013-scaled.jpg\" alt=\"\" width=\"781\" height=\"485\" srcset=\"https:\/\/www.lamennais.org\/wp-content\/uploads\/2023\/12\/Rosc-2013-scaled.jpg 2560w, https:\/\/www.lamennais.org\/wp-content\/uploads\/2023\/12\/Rosc-2013-300x186.jpg 300w, https:\/\/www.lamennais.org\/wp-content\/uploads\/2023\/12\/Rosc-2013-1024x636.jpg 1024w, https:\/\/www.lamennais.org\/wp-content\/uploads\/2023\/12\/Rosc-2013-768x477.jpg 768w, https:\/\/www.lamennais.org\/wp-content\/uploads\/2023\/12\/Rosc-2013-1536x954.jpg 1536w, https:\/\/www.lamennais.org\/wp-content\/uploads\/2023\/12\/Rosc-2013-2048x1272.jpg 2048w, https:\/\/www.lamennais.org\/wp-content\/uploads\/2023\/12\/Rosc-2013-260x161.jpg 260w\" sizes=\"(max-width: 781px) 100vw, 781px\" \/><p id=\"caption-attachment-39275\" class=\"wp-caption-text\"><em>En la comunidad de Roscoff, <\/em><em>en 2013.<\/em><\/p><\/div>\n<div id=\"attachment_39278\" style=\"width: 798px\" class=\"wp-caption alignnone\"><img loading=\"lazy\" decoding=\"async\" aria-describedby=\"caption-attachment-39278\" class=\"wp-image-39278\" src=\"https:\/\/www.lamennais.org\/wp-content\/uploads\/2023\/12\/Rosc-sept-2009-scaled.jpg\" alt=\"\" width=\"788\" height=\"528\" srcset=\"https:\/\/www.lamennais.org\/wp-content\/uploads\/2023\/12\/Rosc-sept-2009-scaled.jpg 2560w, https:\/\/www.lamennais.org\/wp-content\/uploads\/2023\/12\/Rosc-sept-2009-300x201.jpg 300w, https:\/\/www.lamennais.org\/wp-content\/uploads\/2023\/12\/Rosc-sept-2009-1024x685.jpg 1024w, https:\/\/www.lamennais.org\/wp-content\/uploads\/2023\/12\/Rosc-sept-2009-768x514.jpg 768w, https:\/\/www.lamennais.org\/wp-content\/uploads\/2023\/12\/Rosc-sept-2009-1536x1028.jpg 1536w, https:\/\/www.lamennais.org\/wp-content\/uploads\/2023\/12\/Rosc-sept-2009-2048x1371.jpg 2048w, https:\/\/www.lamennais.org\/wp-content\/uploads\/2023\/12\/Rosc-sept-2009-260x174.jpg 260w\" sizes=\"(max-width: 788px) 100vw, 788px\" \/><p id=\"caption-attachment-39278\" class=\"wp-caption-text\"><em>El hermano Ren\u00e9 <\/em><em>en<\/em><em> la comunidad de Roscoff, Finist\u00e8re, en 2009. \u00bfPuede localizar los nombres de los otros <\/em><strong><em>H<\/em><\/strong><em>ermanos?<\/em><\/p><\/div>\n<h2><strong>P\u00e1jaros y ciclamen amarillo.<\/strong><\/h2>\n<p>\u00ab \u201cHermano Ren\u00e9, usted fue un maestro querido por sus alumnos. Su clase irradiaba libertad y confianza, as\u00ed como orden y respeto. Y su inclinaci\u00f3n natural por la naturaleza, sus flores: \u201c\u00a1los ciclamen amarillos son mis favoritos\u201d, asegur\u00f3 el centenario! \u2013 y sus p\u00e1jaros, los vientos y las estaciones, la tierra y el mar \u2013 especialmente en Tr\u00e9boul \u2013 todo esto se reflej\u00f3 en tu ense\u00f1anza. \u00bb<\/p>\n<div id=\"attachment_39263\" style=\"width: 488px\" class=\"wp-caption alignnone\"><img loading=\"lazy\" decoding=\"async\" aria-describedby=\"caption-attachment-39263\" class=\"wp-image-39263 size-full\" src=\"https:\/\/www.lamennais.org\/wp-content\/uploads\/2023\/12\/Capture-decran-2023-12-11-090436.png\" alt=\"\" width=\"478\" height=\"318\" srcset=\"https:\/\/www.lamennais.org\/wp-content\/uploads\/2023\/12\/Capture-decran-2023-12-11-090436.png 478w, https:\/\/www.lamennais.org\/wp-content\/uploads\/2023\/12\/Capture-decran-2023-12-11-090436-300x200.png 300w, https:\/\/www.lamennais.org\/wp-content\/uploads\/2023\/12\/Capture-decran-2023-12-11-090436-260x173.png 260w\" sizes=\"(max-width: 478px) 100vw, 478px\" \/><p id=\"caption-attachment-39263\" class=\"wp-caption-text\"><em>En Tr\u00e9boul, fruto del trabajo del <\/em><strong><em>Hno<\/em><\/strong><em> Ren\u00e9. <\/em><em>Foto del Hno Jean-Yves Mingant<\/em><\/p><\/div>\n<div id=\"attachment_39251\" style=\"width: 409px\" class=\"wp-caption alignnone\"><img loading=\"lazy\" decoding=\"async\" aria-describedby=\"caption-attachment-39251\" class=\" wp-image-39251\" src=\"https:\/\/www.lamennais.org\/wp-content\/uploads\/2023\/12\/2009-300x272.jpg\" alt=\"\" width=\"399\" height=\"362\" srcset=\"https:\/\/www.lamennais.org\/wp-content\/uploads\/2023\/12\/2009-300x272.jpg 300w, https:\/\/www.lamennais.org\/wp-content\/uploads\/2023\/12\/2009-1024x929.jpg 1024w, https:\/\/www.lamennais.org\/wp-content\/uploads\/2023\/12\/2009-768x697.jpg 768w, https:\/\/www.lamennais.org\/wp-content\/uploads\/2023\/12\/2009-1536x1393.jpg 1536w, https:\/\/www.lamennais.org\/wp-content\/uploads\/2023\/12\/2009-2048x1858.jpg 2048w, https:\/\/www.lamennais.org\/wp-content\/uploads\/2023\/12\/2009-260x236.jpg 260w\" sizes=\"(max-width: 399px) 100vw, 399px\" \/><p id=\"caption-attachment-39251\" class=\"wp-caption-text\"><em>Hno Ren\u00e9 en Roscoff en 2009. <\/em><em>\u201c\u00a1Creo que te ir\u00e1s con un ramo! \u201c.<\/em><\/p><\/div>\n<p>A la celebraci\u00f3n eucar\u00edstica de acci\u00f3n de gracias sigui\u00f3 la comida festiva para la comunidad, cuyo superior es el <strong>H<\/strong>ermano Denis Chamaret y la directora de la residencia de ancianos, la se\u00f1ora Karine Bienvenu.<\/p>\n<div id=\"attachment_39272\" style=\"width: 907px\" class=\"wp-caption alignnone\"><img loading=\"lazy\" decoding=\"async\" aria-describedby=\"caption-attachment-39272\" class=\"wp-image-39272 size-full\" src=\"https:\/\/www.lamennais.org\/wp-content\/uploads\/2023\/12\/Image3.jpg\" alt=\"\" width=\"897\" height=\"675\" srcset=\"https:\/\/www.lamennais.org\/wp-content\/uploads\/2023\/12\/Image3.jpg 897w, https:\/\/www.lamennais.org\/wp-content\/uploads\/2023\/12\/Image3-300x226.jpg 300w, https:\/\/www.lamennais.org\/wp-content\/uploads\/2023\/12\/Image3-768x578.jpg 768w, https:\/\/www.lamennais.org\/wp-content\/uploads\/2023\/12\/Image3-260x196.jpg 260w\" sizes=\"(max-width: 897px) 100vw, 897px\" \/><p id=\"caption-attachment-39272\" class=\"wp-caption-text\"><em>El <\/em><strong><em>Hno<\/em><\/strong><em> Ren\u00e9, rodeado de una de sus hermanas y una prima, ambas centenarias, con parte del equipo de la Casa St-Martin de Josselin.<\/em><\/p><\/div>\n<p>Su familia cant\u00f3 la canci\u00f3n bretona \u201cKousk Breizh Izel\u201d Dors ma Bretagne\u201d, sabiendo su apego a la belleza de su lengua materna.<\/p>\n<div id=\"attachment_39257\" style=\"width: 640px\" class=\"wp-caption alignnone\"><img loading=\"lazy\" decoding=\"async\" aria-describedby=\"caption-attachment-39257\" class=\"wp-image-39257 \" src=\"https:\/\/www.lamennais.org\/wp-content\/uploads\/2023\/12\/Capture-decran-2023-12-10-092941.png\" alt=\"\" width=\"630\" height=\"409\" srcset=\"https:\/\/www.lamennais.org\/wp-content\/uploads\/2023\/12\/Capture-decran-2023-12-10-092941.png 565w, https:\/\/www.lamennais.org\/wp-content\/uploads\/2023\/12\/Capture-decran-2023-12-10-092941-300x195.png 300w, https:\/\/www.lamennais.org\/wp-content\/uploads\/2023\/12\/Capture-decran-2023-12-10-092941-260x169.png 260w\" sizes=\"(max-width: 630px) 100vw, 630px\" \/><p id=\"caption-attachment-39257\" class=\"wp-caption-text\"><em>La familia del <\/em><strong><em>Hno<\/em><\/strong><em> Ren\u00e9 canta la canci\u00f3n bretona. En primer plano a la izquierda, el Hno Louis Balanant.<\/em><\/p><\/div>\n<p>Otras dos canciones, dirigidas por el <strong>Hno<\/strong> Andr\u00e9 Guerlais, una de las cuales se inspir\u00f3 en una canci\u00f3n del <strong>Hno<\/strong> Louis Le Guichet, animaron la comida.<\/p>\n<div id=\"attachment_39266\" style=\"width: 1003px\" class=\"wp-caption alignnone\"><img loading=\"lazy\" decoding=\"async\" aria-describedby=\"caption-attachment-39266\" class=\"wp-image-39266 size-full\" src=\"https:\/\/www.lamennais.org\/wp-content\/uploads\/2023\/12\/Image1.jpg\" alt=\"\" width=\"993\" height=\"416\" srcset=\"https:\/\/www.lamennais.org\/wp-content\/uploads\/2023\/12\/Image1.jpg 993w, https:\/\/www.lamennais.org\/wp-content\/uploads\/2023\/12\/Image1-300x126.jpg 300w, https:\/\/www.lamennais.org\/wp-content\/uploads\/2023\/12\/Image1-768x322.jpg 768w, https:\/\/www.lamennais.org\/wp-content\/uploads\/2023\/12\/Image1-260x109.jpg 260w\" sizes=\"(max-width: 993px) 100vw, 993px\" \/><p id=\"caption-attachment-39266\" class=\"wp-caption-text\"><em>\u00a1El coro de St-Martin en acci\u00f3n! \u00bfLos reconoces?<\/em><\/p><\/div>\n<p>\u00bfPr\u00f3xima reuni\u00f3n en St-Martin? El hermano Fran\u00e7ois Pichard sonr\u00ede: \u201cEstoy <strong>ensayando<\/strong> para el 20 de julio de 2026. \u00a1Tened paciencia! \u00bb<\/p>\n<p><img loading=\"lazy\" decoding=\"async\" class=\"alignnone  wp-image-39254\" src=\"https:\/\/www.lamennais.org\/wp-content\/uploads\/2023\/12\/A--scaled.jpg\" alt=\"\" width=\"899\" height=\"599\" srcset=\"https:\/\/www.lamennais.org\/wp-content\/uploads\/2023\/12\/A--scaled.jpg 2560w, https:\/\/www.lamennais.org\/wp-content\/uploads\/2023\/12\/A--300x200.jpg 300w, https:\/\/www.lamennais.org\/wp-content\/uploads\/2023\/12\/A--1024x683.jpg 1024w, https:\/\/www.lamennais.org\/wp-content\/uploads\/2023\/12\/A--768x512.jpg 768w, https:\/\/www.lamennais.org\/wp-content\/uploads\/2023\/12\/A--1536x1024.jpg 1536w, https:\/\/www.lamennais.org\/wp-content\/uploads\/2023\/12\/A--2048x1365.jpg 2048w, https:\/\/www.lamennais.org\/wp-content\/uploads\/2023\/12\/A--260x173.jpg 260w, https:\/\/www.lamennais.org\/wp-content\/uploads\/2023\/12\/A--1200x800.jpg 1200w\" sizes=\"(max-width: 899px) 100vw, 899px\" \/><\/p>\n<h2>VER Y ESCUCHAR EL CANTO<\/h2>\n<p><strong><em>Oeste de Francia del 9 de diciembre &#8211; Haga clic aqu\u00ed<\/em><\/strong><\/p>\n<p><a href=\"https:\/\/www.ouest-france.fr\/bretagne\/morbihan\/video-ce-breton-a-fete-ses-100-ans-entoure-de-ses-deux-surs-centenaires-99e449c4-4a72-446c-b7ca-d5a6ab81d96d\">https:\/\/www.ouest-france.fr\/bretagne\/morbihan\/video-ce-breton-a-fete-ses-100-ans-entoure-de-ses-deux-surs-centenaires-99e449c4-4a72-446c-b7ca-d5a6ab81d96d<\/a><\/p>\n<div id=\"attachment_39260\" style=\"width: 863px\" class=\"wp-caption alignnone\"><img loading=\"lazy\" decoding=\"async\" aria-describedby=\"caption-attachment-39260\" class=\"wp-image-39260 size-full\" src=\"https:\/\/www.lamennais.org\/wp-content\/uploads\/2023\/12\/Capture-decran-2023-12-10-093008.png\" alt=\"\" width=\"853\" height=\"445\" srcset=\"https:\/\/www.lamennais.org\/wp-content\/uploads\/2023\/12\/Capture-decran-2023-12-10-093008.png 853w, https:\/\/www.lamennais.org\/wp-content\/uploads\/2023\/12\/Capture-decran-2023-12-10-093008-300x157.png 300w, https:\/\/www.lamennais.org\/wp-content\/uploads\/2023\/12\/Capture-decran-2023-12-10-093008-768x401.png 768w, https:\/\/www.lamennais.org\/wp-content\/uploads\/2023\/12\/Capture-decran-2023-12-10-093008-260x136.png 260w\" sizes=\"(max-width: 853px) 100vw, 853px\" \/><p id=\"caption-attachment-39260\" class=\"wp-caption-text\"><em>Al<\/em><em> Hno Ren\u00e9 y su vecino, tambi\u00e9n centenario, <\/em><em>les gustaba<\/em><em> cantar en bret\u00f3n.<\/em><\/p><\/div>\n","protected":false},"excerpt":{"rendered":"<p>\u00a1Celebraci\u00f3n en la comunidad St-Martin de Josselin, Francia, el 7 de diciembre! Familias, hermanos, amigos, personal y los 44 residentes celebraron el centenario del Hermano Ren\u00e9 Ja\u00efn. Encontrar. \u00ab \u00a1Me sorprende estar aqu\u00ed! \u00bb asegur\u00f3 el Hno. Ren\u00e9 Ja\u00efn, cuando se le pregunt\u00f3 qu\u00e9 significaba para \u00e9l tener cien a\u00f1os. \u00bfHay alg\u00fan secreto para llegar [&hellip;]<\/p>\n","protected":false},"author":3,"featured_media":39271,"comment_status":"closed","ping_status":"closed","sticky":false,"template":"","format":"standard","meta":{"footnotes":""},"categories":[105],"tags":[],"class_list":["post-39288","post","type-post","status-publish","format-standard","has-post-thumbnail","hentry","category-noticias"],"yoast_head":"<!-- This site is optimized with the Yoast SEO plugin v27.5 - https:\/\/yoast.com\/product\/yoast-seo-wordpress\/ -->\n<title>CENTENARIO Y DECANO DE LOS HERMANOS DE FRANCIA. Hermano Ren\u00e9 JAIN, de la comunidad de Josselin. &quot;\u00a1Me sorprende estar aqu\u00ed!&quot; \u00bb - LaMennais.org<\/title>\n<meta name=\"robots\" content=\"index, follow, max-snippet:-1, max-image-preview:large, max-video-preview:-1\" \/>\n<link rel=\"canonical\" href=\"https:\/\/www.lamennais.org\/es\/centenario-y-decano-de-los-hermanos-de-francia-hermano-rene-jain-de-la-comunidad-de-josselin-me-sorprende-estar-aqui\/\" \/>\n<meta property=\"og:locale\" content=\"es_ES\" \/>\n<meta property=\"og:type\" content=\"article\" \/>\n<meta property=\"og:title\" content=\"CENTENARIO Y DECANO DE LOS HERMANOS DE FRANCIA. Hermano Ren\u00e9 JAIN, de la comunidad de Josselin. &quot;\u00a1Me sorprende estar aqu\u00ed!&quot; \u00bb - LaMennais.org\" \/>\n<meta property=\"og:description\" content=\"\u00a1Celebraci\u00f3n en la comunidad St-Martin de Josselin, Francia, el 7 de diciembre! Familias, hermanos, amigos, personal y los 44 residentes celebraron el centenario del Hermano Ren\u00e9 Ja\u00efn. Encontrar. \u00ab \u00a1Me sorprende estar aqu\u00ed! \u00bb asegur\u00f3 el Hno. Ren\u00e9 Ja\u00efn, cuando se le pregunt\u00f3 qu\u00e9 significaba para \u00e9l tener cien a\u00f1os. \u00bfHay alg\u00fan secreto para llegar [&hellip;]\" \/>\n<meta property=\"og:url\" content=\"https:\/\/www.lamennais.org\/es\/centenario-y-decano-de-los-hermanos-de-francia-hermano-rene-jain-de-la-comunidad-de-josselin-me-sorprende-estar-aqui\/\" \/>\n<meta property=\"og:site_name\" content=\"LaMennais.org\" \/>\n<meta property=\"article:published_time\" content=\"2023-12-11T10:01:30+00:00\" \/>\n<meta property=\"article:modified_time\" content=\"2023-12-12T09:19:20+00:00\" \/>\n<meta property=\"og:image\" content=\"https:\/\/www.lamennais.org\/wp-content\/uploads\/2023\/12\/Image2-e1702289025249.jpg\" \/>\n\t<meta property=\"og:image:width\" content=\"972\" \/>\n\t<meta property=\"og:image:height\" content=\"581\" \/>\n\t<meta property=\"og:image:type\" content=\"image\/jpeg\" \/>\n<meta name=\"author\" content=\"Herv\u00e9 Asse\" \/>\n<meta name=\"twitter:card\" content=\"summary_large_image\" \/>\n<meta name=\"twitter:label1\" content=\"Escrito por\" \/>\n\t<meta name=\"twitter:data1\" content=\"Herv\u00e9 Asse\" \/>\n\t<meta name=\"twitter:label2\" content=\"Tiempo de lectura\" \/>\n\t<meta name=\"twitter:data2\" content=\"6 minutos\" \/>\n<script type=\"application\/ld+json\" class=\"yoast-schema-graph\">{\"@context\":\"https:\\\/\\\/schema.org\",\"@graph\":[{\"@type\":\"Article\",\"@id\":\"https:\\\/\\\/www.lamennais.org\\\/es\\\/centenario-y-decano-de-los-hermanos-de-francia-hermano-rene-jain-de-la-comunidad-de-josselin-me-sorprende-estar-aqui\\\/#article\",\"isPartOf\":{\"@id\":\"https:\\\/\\\/www.lamennais.org\\\/es\\\/centenario-y-decano-de-los-hermanos-de-francia-hermano-rene-jain-de-la-comunidad-de-josselin-me-sorprende-estar-aqui\\\/\"},\"author\":{\"name\":\"Herv\u00e9 Asse\",\"@id\":\"https:\\\/\\\/www.lamennais.org\\\/#\\\/schema\\\/person\\\/2a8d6e8a95babedd5ba1c43afd2e3844\"},\"headline\":\"CENTENARIO Y DECANO DE LOS HERMANOS DE FRANCIA. Hermano Ren\u00e9 JAIN, de la comunidad de Josselin. \u00ab\u00a1Me sorprende estar aqu\u00ed!\u00bb \u00bb\",\"datePublished\":\"2023-12-11T10:01:30+00:00\",\"dateModified\":\"2023-12-12T09:19:20+00:00\",\"mainEntityOfPage\":{\"@id\":\"https:\\\/\\\/www.lamennais.org\\\/es\\\/centenario-y-decano-de-los-hermanos-de-francia-hermano-rene-jain-de-la-comunidad-de-josselin-me-sorprende-estar-aqui\\\/\"},\"wordCount\":716,\"image\":{\"@id\":\"https:\\\/\\\/www.lamennais.org\\\/es\\\/centenario-y-decano-de-los-hermanos-de-francia-hermano-rene-jain-de-la-comunidad-de-josselin-me-sorprende-estar-aqui\\\/#primaryimage\"},\"thumbnailUrl\":\"https:\\\/\\\/www.lamennais.org\\\/wp-content\\\/uploads\\\/2023\\\/12\\\/Image2-e1702289025249.jpg\",\"articleSection\":[\"NOTICIAS\"],\"inLanguage\":\"es\"},{\"@type\":\"WebPage\",\"@id\":\"https:\\\/\\\/www.lamennais.org\\\/es\\\/centenario-y-decano-de-los-hermanos-de-francia-hermano-rene-jain-de-la-comunidad-de-josselin-me-sorprende-estar-aqui\\\/\",\"url\":\"https:\\\/\\\/www.lamennais.org\\\/es\\\/centenario-y-decano-de-los-hermanos-de-francia-hermano-rene-jain-de-la-comunidad-de-josselin-me-sorprende-estar-aqui\\\/\",\"name\":\"CENTENARIO Y DECANO DE LOS HERMANOS DE FRANCIA. Hermano Ren\u00e9 JAIN, de la comunidad de Josselin. \\\"\u00a1Me sorprende estar aqu\u00ed!\\\" \u00bb - LaMennais.org\",\"isPartOf\":{\"@id\":\"https:\\\/\\\/www.lamennais.org\\\/#website\"},\"primaryImageOfPage\":{\"@id\":\"https:\\\/\\\/www.lamennais.org\\\/es\\\/centenario-y-decano-de-los-hermanos-de-francia-hermano-rene-jain-de-la-comunidad-de-josselin-me-sorprende-estar-aqui\\\/#primaryimage\"},\"image\":{\"@id\":\"https:\\\/\\\/www.lamennais.org\\\/es\\\/centenario-y-decano-de-los-hermanos-de-francia-hermano-rene-jain-de-la-comunidad-de-josselin-me-sorprende-estar-aqui\\\/#primaryimage\"},\"thumbnailUrl\":\"https:\\\/\\\/www.lamennais.org\\\/wp-content\\\/uploads\\\/2023\\\/12\\\/Image2-e1702289025249.jpg\",\"datePublished\":\"2023-12-11T10:01:30+00:00\",\"dateModified\":\"2023-12-12T09:19:20+00:00\",\"author\":{\"@id\":\"https:\\\/\\\/www.lamennais.org\\\/#\\\/schema\\\/person\\\/2a8d6e8a95babedd5ba1c43afd2e3844\"},\"breadcrumb\":{\"@id\":\"https:\\\/\\\/www.lamennais.org\\\/es\\\/centenario-y-decano-de-los-hermanos-de-francia-hermano-rene-jain-de-la-comunidad-de-josselin-me-sorprende-estar-aqui\\\/#breadcrumb\"},\"inLanguage\":\"es\",\"potentialAction\":[{\"@type\":\"ReadAction\",\"target\":[\"https:\\\/\\\/www.lamennais.org\\\/es\\\/centenario-y-decano-de-los-hermanos-de-francia-hermano-rene-jain-de-la-comunidad-de-josselin-me-sorprende-estar-aqui\\\/\"]}]},{\"@type\":\"ImageObject\",\"inLanguage\":\"es\",\"@id\":\"https:\\\/\\\/www.lamennais.org\\\/es\\\/centenario-y-decano-de-los-hermanos-de-francia-hermano-rene-jain-de-la-comunidad-de-josselin-me-sorprende-estar-aqui\\\/#primaryimage\",\"url\":\"https:\\\/\\\/www.lamennais.org\\\/wp-content\\\/uploads\\\/2023\\\/12\\\/Image2-e1702289025249.jpg\",\"contentUrl\":\"https:\\\/\\\/www.lamennais.org\\\/wp-content\\\/uploads\\\/2023\\\/12\\\/Image2-e1702289025249.jpg\",\"width\":972,\"height\":581},{\"@type\":\"BreadcrumbList\",\"@id\":\"https:\\\/\\\/www.lamennais.org\\\/es\\\/centenario-y-decano-de-los-hermanos-de-francia-hermano-rene-jain-de-la-comunidad-de-josselin-me-sorprende-estar-aqui\\\/#breadcrumb\",\"itemListElement\":[{\"@type\":\"ListItem\",\"position\":1,\"name\":\"Accueil\",\"item\":\"https:\\\/\\\/www.lamennais.org\\\/\"},{\"@type\":\"ListItem\",\"position\":2,\"name\":\"CENTENARIO Y DECANO DE LOS HERMANOS DE FRANCIA. Hermano Ren\u00e9 JAIN, de la comunidad de Josselin. \u00ab\u00a1Me sorprende estar aqu\u00ed!\u00bb \u00bb\"}]},{\"@type\":\"WebSite\",\"@id\":\"https:\\\/\\\/www.lamennais.org\\\/#website\",\"url\":\"https:\\\/\\\/www.lamennais.org\\\/\",\"name\":\"LaMennais.org\",\"description\":\"Fr\u00e8res de l&#039;Instruction Chr\u00e9tienne et Famille Mennaisienne\",\"potentialAction\":[{\"@type\":\"SearchAction\",\"target\":{\"@type\":\"EntryPoint\",\"urlTemplate\":\"https:\\\/\\\/www.lamennais.org\\\/?s={search_term_string}\"},\"query-input\":{\"@type\":\"PropertyValueSpecification\",\"valueRequired\":true,\"valueName\":\"search_term_string\"}}],\"inLanguage\":\"es\"},{\"@type\":\"Person\",\"@id\":\"https:\\\/\\\/www.lamennais.org\\\/#\\\/schema\\\/person\\\/2a8d6e8a95babedd5ba1c43afd2e3844\",\"name\":\"Herv\u00e9 Asse\",\"image\":{\"@type\":\"ImageObject\",\"inLanguage\":\"es\",\"@id\":\"https:\\\/\\\/secure.gravatar.com\\\/avatar\\\/1aaa7b1baf759c8b40525f40af381cbaa2b0ddd554f57145bceb0654ba45b4c0?s=96&d=mm&r=g\",\"url\":\"https:\\\/\\\/secure.gravatar.com\\\/avatar\\\/1aaa7b1baf759c8b40525f40af381cbaa2b0ddd554f57145bceb0654ba45b4c0?s=96&d=mm&r=g\",\"contentUrl\":\"https:\\\/\\\/secure.gravatar.com\\\/avatar\\\/1aaa7b1baf759c8b40525f40af381cbaa2b0ddd554f57145bceb0654ba45b4c0?s=96&d=mm&r=g\",\"caption\":\"Herv\u00e9 Asse\"}}]}<\/script>\n<!-- \/ Yoast SEO plugin. -->","yoast_head_json":{"title":"CENTENARIO Y DECANO DE LOS HERMANOS DE FRANCIA. Hermano Ren\u00e9 JAIN, de la comunidad de Josselin. \"\u00a1Me sorprende estar aqu\u00ed!\" \u00bb - LaMennais.org","robots":{"index":"index","follow":"follow","max-snippet":"max-snippet:-1","max-image-preview":"max-image-preview:large","max-video-preview":"max-video-preview:-1"},"canonical":"https:\/\/www.lamennais.org\/es\/centenario-y-decano-de-los-hermanos-de-francia-hermano-rene-jain-de-la-comunidad-de-josselin-me-sorprende-estar-aqui\/","og_locale":"es_ES","og_type":"article","og_title":"CENTENARIO Y DECANO DE LOS HERMANOS DE FRANCIA. Hermano Ren\u00e9 JAIN, de la comunidad de Josselin. \"\u00a1Me sorprende estar aqu\u00ed!\" \u00bb - LaMennais.org","og_description":"\u00a1Celebraci\u00f3n en la comunidad St-Martin de Josselin, Francia, el 7 de diciembre! Familias, hermanos, amigos, personal y los 44 residentes celebraron el centenario del Hermano Ren\u00e9 Ja\u00efn. Encontrar. \u00ab \u00a1Me sorprende estar aqu\u00ed! \u00bb asegur\u00f3 el Hno. Ren\u00e9 Ja\u00efn, cuando se le pregunt\u00f3 qu\u00e9 significaba para \u00e9l tener cien a\u00f1os. \u00bfHay alg\u00fan secreto para llegar [&hellip;]","og_url":"https:\/\/www.lamennais.org\/es\/centenario-y-decano-de-los-hermanos-de-francia-hermano-rene-jain-de-la-comunidad-de-josselin-me-sorprende-estar-aqui\/","og_site_name":"LaMennais.org","article_published_time":"2023-12-11T10:01:30+00:00","article_modified_time":"2023-12-12T09:19:20+00:00","og_image":[{"width":972,"height":581,"url":"https:\/\/www.lamennais.org\/wp-content\/uploads\/2023\/12\/Image2-e1702289025249.jpg","type":"image\/jpeg"}],"author":"Herv\u00e9 Asse","twitter_card":"summary_large_image","twitter_misc":{"Escrito por":"Herv\u00e9 Asse","Tiempo de lectura":"6 minutos"},"schema":{"@context":"https:\/\/schema.org","@graph":[{"@type":"Article","@id":"https:\/\/www.lamennais.org\/es\/centenario-y-decano-de-los-hermanos-de-francia-hermano-rene-jain-de-la-comunidad-de-josselin-me-sorprende-estar-aqui\/#article","isPartOf":{"@id":"https:\/\/www.lamennais.org\/es\/centenario-y-decano-de-los-hermanos-de-francia-hermano-rene-jain-de-la-comunidad-de-josselin-me-sorprende-estar-aqui\/"},"author":{"name":"Herv\u00e9 Asse","@id":"https:\/\/www.lamennais.org\/#\/schema\/person\/2a8d6e8a95babedd5ba1c43afd2e3844"},"headline":"CENTENARIO Y DECANO DE LOS HERMANOS DE FRANCIA. Hermano Ren\u00e9 JAIN, de la comunidad de Josselin. \u00ab\u00a1Me sorprende estar aqu\u00ed!\u00bb \u00bb","datePublished":"2023-12-11T10:01:30+00:00","dateModified":"2023-12-12T09:19:20+00:00","mainEntityOfPage":{"@id":"https:\/\/www.lamennais.org\/es\/centenario-y-decano-de-los-hermanos-de-francia-hermano-rene-jain-de-la-comunidad-de-josselin-me-sorprende-estar-aqui\/"},"wordCount":716,"image":{"@id":"https:\/\/www.lamennais.org\/es\/centenario-y-decano-de-los-hermanos-de-francia-hermano-rene-jain-de-la-comunidad-de-josselin-me-sorprende-estar-aqui\/#primaryimage"},"thumbnailUrl":"https:\/\/www.lamennais.org\/wp-content\/uploads\/2023\/12\/Image2-e1702289025249.jpg","articleSection":["NOTICIAS"],"inLanguage":"es"},{"@type":"WebPage","@id":"https:\/\/www.lamennais.org\/es\/centenario-y-decano-de-los-hermanos-de-francia-hermano-rene-jain-de-la-comunidad-de-josselin-me-sorprende-estar-aqui\/","url":"https:\/\/www.lamennais.org\/es\/centenario-y-decano-de-los-hermanos-de-francia-hermano-rene-jain-de-la-comunidad-de-josselin-me-sorprende-estar-aqui\/","name":"CENTENARIO Y DECANO DE LOS HERMANOS DE FRANCIA. Hermano Ren\u00e9 JAIN, de la comunidad de Josselin. \"\u00a1Me sorprende estar aqu\u00ed!\" \u00bb - LaMennais.org","isPartOf":{"@id":"https:\/\/www.lamennais.org\/#website"},"primaryImageOfPage":{"@id":"https:\/\/www.lamennais.org\/es\/centenario-y-decano-de-los-hermanos-de-francia-hermano-rene-jain-de-la-comunidad-de-josselin-me-sorprende-estar-aqui\/#primaryimage"},"image":{"@id":"https:\/\/www.lamennais.org\/es\/centenario-y-decano-de-los-hermanos-de-francia-hermano-rene-jain-de-la-comunidad-de-josselin-me-sorprende-estar-aqui\/#primaryimage"},"thumbnailUrl":"https:\/\/www.lamennais.org\/wp-content\/uploads\/2023\/12\/Image2-e1702289025249.jpg","datePublished":"2023-12-11T10:01:30+00:00","dateModified":"2023-12-12T09:19:20+00:00","author":{"@id":"https:\/\/www.lamennais.org\/#\/schema\/person\/2a8d6e8a95babedd5ba1c43afd2e3844"},"breadcrumb":{"@id":"https:\/\/www.lamennais.org\/es\/centenario-y-decano-de-los-hermanos-de-francia-hermano-rene-jain-de-la-comunidad-de-josselin-me-sorprende-estar-aqui\/#breadcrumb"},"inLanguage":"es","potentialAction":[{"@type":"ReadAction","target":["https:\/\/www.lamennais.org\/es\/centenario-y-decano-de-los-hermanos-de-francia-hermano-rene-jain-de-la-comunidad-de-josselin-me-sorprende-estar-aqui\/"]}]},{"@type":"ImageObject","inLanguage":"es","@id":"https:\/\/www.lamennais.org\/es\/centenario-y-decano-de-los-hermanos-de-francia-hermano-rene-jain-de-la-comunidad-de-josselin-me-sorprende-estar-aqui\/#primaryimage","url":"https:\/\/www.lamennais.org\/wp-content\/uploads\/2023\/12\/Image2-e1702289025249.jpg","contentUrl":"https:\/\/www.lamennais.org\/wp-content\/uploads\/2023\/12\/Image2-e1702289025249.jpg","width":972,"height":581},{"@type":"BreadcrumbList","@id":"https:\/\/www.lamennais.org\/es\/centenario-y-decano-de-los-hermanos-de-francia-hermano-rene-jain-de-la-comunidad-de-josselin-me-sorprende-estar-aqui\/#breadcrumb","itemListElement":[{"@type":"ListItem","position":1,"name":"Accueil","item":"https:\/\/www.lamennais.org\/"},{"@type":"ListItem","position":2,"name":"CENTENARIO Y DECANO DE LOS HERMANOS DE FRANCIA. Hermano Ren\u00e9 JAIN, de la comunidad de Josselin. \u00ab\u00a1Me sorprende estar aqu\u00ed!\u00bb \u00bb"}]},{"@type":"WebSite","@id":"https:\/\/www.lamennais.org\/#website","url":"https:\/\/www.lamennais.org\/","name":"LaMennais.org","description":"Fr\u00e8res de l&#039;Instruction Chr\u00e9tienne et Famille Mennaisienne","potentialAction":[{"@type":"SearchAction","target":{"@type":"EntryPoint","urlTemplate":"https:\/\/www.lamennais.org\/?s={search_term_string}"},"query-input":{"@type":"PropertyValueSpecification","valueRequired":true,"valueName":"search_term_string"}}],"inLanguage":"es"},{"@type":"Person","@id":"https:\/\/www.lamennais.org\/#\/schema\/person\/2a8d6e8a95babedd5ba1c43afd2e3844","name":"Herv\u00e9 Asse","image":{"@type":"ImageObject","inLanguage":"es","@id":"https:\/\/secure.gravatar.com\/avatar\/1aaa7b1baf759c8b40525f40af381cbaa2b0ddd554f57145bceb0654ba45b4c0?s=96&d=mm&r=g","url":"https:\/\/secure.gravatar.com\/avatar\/1aaa7b1baf759c8b40525f40af381cbaa2b0ddd554f57145bceb0654ba45b4c0?s=96&d=mm&r=g","contentUrl":"https:\/\/secure.gravatar.com\/avatar\/1aaa7b1baf759c8b40525f40af381cbaa2b0ddd554f57145bceb0654ba45b4c0?s=96&d=mm&r=g","caption":"Herv\u00e9 Asse"}}]}},"_links":{"self":[{"href":"https:\/\/www.lamennais.org\/es\/wp-json\/wp\/v2\/posts\/39288","targetHints":{"allow":["GET"]}}],"collection":[{"href":"https:\/\/www.lamennais.org\/es\/wp-json\/wp\/v2\/posts"}],"about":[{"href":"https:\/\/www.lamennais.org\/es\/wp-json\/wp\/v2\/types\/post"}],"author":[{"embeddable":true,"href":"https:\/\/www.lamennais.org\/es\/wp-json\/wp\/v2\/users\/3"}],"replies":[{"embeddable":true,"href":"https:\/\/www.lamennais.org\/es\/wp-json\/wp\/v2\/comments?post=39288"}],"version-history":[{"count":1,"href":"https:\/\/www.lamennais.org\/es\/wp-json\/wp\/v2\/posts\/39288\/revisions"}],"predecessor-version":[{"id":39289,"href":"https:\/\/www.lamennais.org\/es\/wp-json\/wp\/v2\/posts\/39288\/revisions\/39289"}],"wp:featuredmedia":[{"embeddable":true,"href":"https:\/\/www.lamennais.org\/es\/wp-json\/wp\/v2\/media\/39271"}],"wp:attachment":[{"href":"https:\/\/www.lamennais.org\/es\/wp-json\/wp\/v2\/media?parent=39288"}],"wp:term":[{"taxonomy":"category","embeddable":true,"href":"https:\/\/www.lamennais.org\/es\/wp-json\/wp\/v2\/categories?post=39288"},{"taxonomy":"post_tag","embeddable":true,"href":"https:\/\/www.lamennais.org\/es\/wp-json\/wp\/v2\/tags?post=39288"}],"curies":[{"name":"wp","href":"https:\/\/api.w.org\/{rel}","templated":true}]}}