{"id":39149,"date":"2023-11-23T09:18:54","date_gmt":"2023-11-23T08:18:54","guid":{"rendered":"https:\/\/www.lamennais.org\/?p=39149"},"modified":"2023-11-23T16:45:33","modified_gmt":"2023-11-23T15:45:33","slug":"la-terre-notre-bien-commun-agissons-maintenant-au-coeur-de-cette-crise-invite-xavier-de-benaze-delegue-des-jesuites-pour-la-transition-ecologique","status":"publish","type":"post","link":"https:\/\/www.lamennais.org\/es\/la-terre-notre-bien-commun-agissons-maintenant-au-coeur-de-cette-crise-invite-xavier-de-benaze-delegue-des-jesuites-pour-la-transition-ecologique\/","title":{"rendered":"LA TIERRA NUESTRO  NOTRE BIEN COM\u00daN. \u00abActuemos ahora en el coraz\u00f3n de esta crisis\u00bb invita Xavier de B\u00e9naz\u00e9, delegado jesuita para la transici\u00f3n ecol\u00f3gica"},"content":{"rendered":"<table>\n<tbody>\n<tr>\n<td>\n<p><strong>Delegado de los jesuitas de Europa para la transici\u00f3n ecol\u00f3gica, sacerdote y responsable de proyectos en el ecocentro espiritual de Ch\u00e2telard en Lyon, es coautor con C\u00e9cile Renouard del campus de transici\u00f3n ecol\u00f3gica del libro \u201cReabrir el horizonte \u2013 Manifiesto de la esperanza comprometida en La cara de los colapsos&#8217;, Ediciones Emmanuel, 2023. Invitado por el liceo general, agr\u00edcola y forestal Le Nivot, Francia, revisi\u00f3n en su compa\u00f1\u00eda, con palabras libres y directas.<\/strong><\/p>\n<\/td>\n<\/tr>\n<\/tbody>\n<\/table>\n<table>\n<tbody>\n<tr>\n<td>\n<ol>\n<li><strong>\u00bfCu\u00e1l es el campus de transici\u00f3n ecol\u00f3gica en el que viviste durante dos a\u00f1os?<\/strong><\/li>\n<\/ol>\n<\/td>\n<\/tr>\n<\/tbody>\n<\/table>\n<table>\n<tbody>\n<tr>\n<td>\n<p>\u201cEs un eco sitio y un eco campus que funciona como una eco red. Desarrolla una pedagog\u00eda que vincula la cabeza, el cuerpo y el coraz\u00f3n para explorar cuestiones de transici\u00f3n ecol\u00f3gica y social acogiendo a investigadores y estudiantes, especialmente de las principales escuelas. Est\u00e1 situado en Forges, en Sena y Marne, entre Isla de Francia y Borgo\u00f1a, en una propiedad cedida por las monjas de la Asunci\u00f3n, congregaci\u00f3n a la que pertenece C\u00e9cile Renouard, una de las pioneras en el origen. del plantel. Finalmente, se trata de un campus universitario y laico que se hizo realidad en dos a\u00f1os. In situ, las creencias de cada uno se viven en el \u00e1mbito privado.<\/p>\n<\/td>\n<\/tr>\n<\/tbody>\n<\/table>\n<table>\n<tbody>\n<tr>\n<td>\n<p><strong>\u00a0\u00a0\u00a0\u00a0 2. Este eco campus lleva 5 a\u00f1os funcionando, \u00bfcu\u00e1l es tu valoraci\u00f3n?<\/strong><\/p>\n<\/td>\n<\/tr>\n<\/tbody>\n<\/table>\n<table>\n<tbody>\n<tr>\n<td>\n<p>Lo que ha destacado claramente desde su apertura en 2018 es la importancia de la experiencia <strong>en realidad tratando de llevar una vida sobria y feliz<\/strong>, tanto con las manos en el huerto como en momentos de clima interior y reflexi\u00f3n. <strong>Hay una gran expectativa sobre esto <\/strong>y el buen discernimiento que hubo al principio est\u00e1 ahora dando frutos que superan las expectativas. Por ejemplo, a un a\u00f1o de la apertura de este ecocampus<strong>, <\/strong>Fr\u00e9d\u00e9rique Vidal, entonces ministra de Educaci\u00f3n Superior e Investigaci\u00f3n, encarg\u00f3 al colectivo de investigadores la redacci\u00f3n de un libro blanco destinado a convertirse en la base com\u00fan para las licencias en transici\u00f3n ecol\u00f3gica.<\/p>\n<\/td>\n<\/tr>\n<\/tbody>\n<\/table>\n<table>\n<tbody>\n<tr>\n<td>\n<p><strong>\u00a0\u00a0\u00a0\u00a0 3. \u00bfPor qu\u00e9 los jesuitas est\u00e1n involucrados en este \u00e1mbito de transici\u00f3n ecol\u00f3gica?<\/strong><\/p>\n<\/td>\n<\/tr>\n<\/tbody>\n<\/table>\n<table>\n<tbody>\n<tr>\n<td>\n<p>Mirando la situaci\u00f3n en el mundo, siguiendo el texto del Papa \u00abLaudato si\u00bb y las orientaciones definidas por la Compa\u00f1\u00eda, hemos querido avanzar hacia lugares donde podamos trabajar con otros para salvaguardar la casa com\u00fan, en <strong>combinando experiencia y educaci\u00f3n <\/strong>por motivos pertinentes.<\/p>\n<\/td>\n<\/tr>\n<\/tbody>\n<\/table>\n<table>\n<tbody>\n<tr>\n<td>\n<p><strong>\u00a0\u00a0\u00a0\u00a0 4.\u00a0 \u00bfQu\u00e9 ha cambiado concretamente esta experiencia en tu forma de vida?<\/strong><\/p>\n<\/td>\n<\/tr>\n<\/tbody>\n<\/table>\n<table>\n<tbody>\n<tr>\n<td>\n<p>\u00a1Descubr\u00ed el sabor de la cocina vegetariana! No soy 100% vegano pero as\u00ed podemos comer bien, sano y variado. \u00a1Y ten\u00edamos un cocinero que preparaba y ense\u00f1aba a preparar comidas maravillosas! El otro tesoro profundo es que el campus de transici\u00f3n sigue siendo mi colmena ecol\u00f3gica con contactos, grandes amistades y un ecosistema. Es un coraz\u00f3n muy precioso.<\/p>\n<\/td>\n<\/tr>\n<\/tbody>\n<\/table>\n<div id=\"attachment_39109\" style=\"width: 870px\" class=\"wp-caption alignnone\"><img fetchpriority=\"high\" decoding=\"async\" aria-describedby=\"caption-attachment-39109\" class=\"wp-image-39109 size-large\" src=\"https:\/\/www.lamennais.org\/wp-content\/uploads\/2023\/11\/P1330142-1024x683.jpg\" alt=\"\" width=\"860\" height=\"574\" srcset=\"https:\/\/www.lamennais.org\/wp-content\/uploads\/2023\/11\/P1330142-1024x683.jpg 1024w, https:\/\/www.lamennais.org\/wp-content\/uploads\/2023\/11\/P1330142-300x200.jpg 300w, https:\/\/www.lamennais.org\/wp-content\/uploads\/2023\/11\/P1330142-768x512.jpg 768w, https:\/\/www.lamennais.org\/wp-content\/uploads\/2023\/11\/P1330142-1536x1024.jpg 1536w, https:\/\/www.lamennais.org\/wp-content\/uploads\/2023\/11\/P1330142-2048x1365.jpg 2048w, https:\/\/www.lamennais.org\/wp-content\/uploads\/2023\/11\/P1330142-260x173.jpg 260w, https:\/\/www.lamennais.org\/wp-content\/uploads\/2023\/11\/P1330142-1200x800.jpg 1200w\" sizes=\"(max-width: 860px) 100vw, 860px\" \/><p id=\"caption-attachment-39109\" class=\"wp-caption-text\"><em>\u00abEsta crisis ecol\u00f3gica y social est\u00e1 poniendo a muchas personas en Occidente en una crisis existencial\u00bb.<\/em><\/p><\/div>\n<table>\n<tbody>\n<tr>\n<td>\n<p><strong>\u00a0\u00a0\u00a0\u00a0 5.\u00a0 En el libro \u201cReabrir el horizonte\u201d crees que hoy es el momento adecuado para actuar, \u00bfpor qu\u00e9?<\/strong><\/p>\n<\/td>\n<\/tr>\n<\/tbody>\n<\/table>\n<table>\n<tbody>\n<tr>\n<td>\n<p>Todos sentimos, tras los diversos acontecimientos vividos directamente en nuestra vida cotidiana en los \u00faltimos tiempos \u2013incendios, tormentas, escasez de recursos h\u00eddricos, frecuencia de fen\u00f3menos clim\u00e1ticos, etc.\u2013 que <strong>Ahora es el momento de actuar para cambiar esta situaci\u00f3n <\/strong>antes de que las consecuencias sean demasiado graves. Esto es precisamente lo que el Papa Francisco enfatiza en Laudate deum &#8211; la continuaci\u00f3n de Laudato si &#8211; \u00a1y podemos actuar!<\/p>\n<\/td>\n<\/tr>\n<\/tbody>\n<\/table>\n<table>\n<tbody>\n<tr>\n<td>\n<p>Desde el punto de vista cristiano, vivimos un momento especial. <strong>Esta crisis ecol\u00f3gica y social est\u00e1 poniendo a muchas personas en Occidente en una crisis existencial <\/strong>para quienes la dimensi\u00f3n espiritual de la existencia hab\u00eda desaparecido en el materialismo ambiental. La vida iba bastante bien para algunos y esta nueva situaci\u00f3n plantea interrogantes sobre el significado de su paso por esta tierra.<\/p>\n<\/td>\n<\/tr>\n<\/tbody>\n<\/table>\n<table>\n<tbody>\n<tr>\n<td>\n<p>La buena noticia en una lectura cristiana de los acontecimientos es que <strong>el Esp\u00edritu obra en los corazones de una manera mucho m\u00e1s amplia que s\u00f3lo los c\u00edrculos cristianos. Surgen entonces dos preguntas: \u00bfc\u00f3mo empezamos y c\u00f3mo llegamos a las personas que siguen estos caminos?<\/strong><\/p>\n<\/td>\n<\/tr>\n<\/tbody>\n<\/table>\n<table>\n<tbody>\n<tr>\n<td>\n<p><strong>\u00a0\u00a0\u00a0\u00a0 6.\u00a0 La Iglesia tambi\u00e9n vive una situaci\u00f3n de transici\u00f3n, \u00bfc\u00f3mo est\u00e1s viviendo esta evoluci\u00f3n?<\/strong><\/p>\n<\/td>\n<\/tr>\n<\/tbody>\n<\/table>\n<table>\n<tbody>\n<tr>\n<td>\n<p>Estamos claramente en un cambio de \u00e9poca, como si pas\u00e1ramos de la Edad Media al Renacimiento. En otras palabras, tenemos que expresar el tesoro de la Iglesia de maneras nuevas, redescubrirlo, ofrecerlo de manera diferente.<\/p>\n<\/td>\n<\/tr>\n<\/tbody>\n<\/table>\n<table>\n<tbody>\n<tr>\n<td>\n<p>\u00bfSabemos hacia d\u00f3nde vamos? En su mayor parte no, pero <strong>tenemos que caminar juntos<\/strong>, este es el significado de \u201csinodalidad\u201d: caminar juntos. Esto sin saber a d\u00f3nde nos lleva esto, pero este m\u00e9todo es bueno. \u00a1No es f\u00e1cil, pero lo estamos logrando! <strong>Lo importante es no centrarnos en nosotros mismos. El otro peligro es que nuestras realidades minoritarias cristianas conduzcan a tentaciones comunitarias.<\/strong><\/p>\n<\/td>\n<\/tr>\n<\/tbody>\n<\/table>\n<div id=\"attachment_39115\" style=\"width: 870px\" class=\"wp-caption alignnone\"><img decoding=\"async\" aria-describedby=\"caption-attachment-39115\" class=\"wp-image-39115 size-large\" src=\"https:\/\/www.lamennais.org\/wp-content\/uploads\/2023\/11\/P1330245-1024x683.jpg\" alt=\"\" width=\"860\" height=\"574\" srcset=\"https:\/\/www.lamennais.org\/wp-content\/uploads\/2023\/11\/P1330245-1024x683.jpg 1024w, https:\/\/www.lamennais.org\/wp-content\/uploads\/2023\/11\/P1330245-300x200.jpg 300w, https:\/\/www.lamennais.org\/wp-content\/uploads\/2023\/11\/P1330245-768x512.jpg 768w, https:\/\/www.lamennais.org\/wp-content\/uploads\/2023\/11\/P1330245-1536x1024.jpg 1536w, https:\/\/www.lamennais.org\/wp-content\/uploads\/2023\/11\/P1330245-2048x1365.jpg 2048w, https:\/\/www.lamennais.org\/wp-content\/uploads\/2023\/11\/P1330245-260x173.jpg 260w, https:\/\/www.lamennais.org\/wp-content\/uploads\/2023\/11\/P1330245-1200x800.jpg 1200w\" sizes=\"(max-width: 860px) 100vw, 860px\" \/><p id=\"caption-attachment-39115\" class=\"wp-caption-text\"><em>\u201c\u00bfSabemos hacia d\u00f3nde vamos? En general no, pero tenemos que avanzar juntos\u201d, subraya Xavier de B\u00e9naz\u00e9, sj.<\/em><\/p><\/div>\n<table>\n<tbody>\n<tr>\n<td>\n<p><strong>\u00a0\u00a0\u00a0\u00a0 7.\u00a0 Llevamos 50 a\u00f1os hablando de una crisis vocacional, \u00bfqu\u00e9 te inspira esto hoy en este momento de la historia?<\/strong><\/p>\n<\/td>\n<\/tr>\n<\/tbody>\n<\/table>\n<table>\n<tbody>\n<tr>\n<td>\n<p>De hecho, la crisis es duradera y el colapso cat\u00f3lico es una realidad en Occidente. En relaci\u00f3n al n\u00famero de practicantes y cristianos, el bajo porcentaje de vocaciones est\u00e1 bastante en consonancia con estas cifras.<\/p>\n<\/td>\n<\/tr>\n<\/tbody>\n<\/table>\n<table>\n<tbody>\n<tr>\n<td>\n<p>Obsesionarse con el n\u00famero de sacerdotes y religiosos es librar la batalla equivocada. <strong>S\u00ed, necesitamos vocaciones, pero nacen sobre todo con cristianos comprometidos<\/strong>. Por supuesto que para nosotros es importante tener vocaciones, esto est\u00e1 ligado a <strong>nuestra manera de vivir la Iglesia, es decir de ser misioneros para las personas que nos rodean. <\/strong>A esto est\u00e1n vinculadas, en primer lugar, las vocaciones.<\/p>\n<\/td>\n<\/tr>\n<\/tbody>\n<\/table>\n<table>\n<tbody>\n<tr>\n<td>\n<p><strong>\u00a0\u00a0\u00a0\u00a0 8.\u00a0 Est\u00e1s en contacto con j\u00f3venes y adultos j\u00f3venes, \u00bfqu\u00e9 quieres decirles y qu\u00e9 esperas de ellos sobre la transici\u00f3n ecol\u00f3gica?<\/strong><\/p>\n<\/td>\n<\/tr>\n<\/tbody>\n<\/table>\n<table>\n<tbody>\n<tr>\n<td>\n<p>No espero algo primero de los j\u00f3venes sino de las personas con responsabilidad para que trabajen para cambiar el sistema econ\u00f3mico de producci\u00f3n. Estamos viviendo la crisis hoy y no es cuando los j\u00f3venes est\u00e9n al mando cuando tendremos que actuar, \u00a1es ahora!<\/p>\n<\/td>\n<\/tr>\n<\/tbody>\n<\/table>\n<table>\n<tbody>\n<tr>\n<td>\n<p>Naturalmente, <strong>tengo muchas esperanzas en los j\u00f3venes, pero sobre todo espero que la generaci\u00f3n que est\u00e1 en el poder les permita inventar un futuro que no consista en gestionar la falta de recursos.<\/strong><\/p>\n<\/td>\n<\/tr>\n<\/tbody>\n<\/table>\n<table>\n<tbody>\n<tr>\n<td>\n<p>En cuanto a los j\u00f3venes, estoy esperando <strong>que se comprometan sin demora y que est\u00e9n dispuestos a practicar una sencillez de vida y una forma de estar en las relaciones <\/strong>para encarnar este mundo por construir.<\/p>\n<\/td>\n<\/tr>\n<\/tbody>\n<\/table>\n<table>\n<tbody>\n<tr>\n<td>\n<p><strong>En la Iglesia espero que los j\u00f3venes estructuren sus palabras y se organicen para <\/strong>participar en el camino sinodal, es decir, caminar juntos. En nuestra sociedad que envejece existe una fascinaci\u00f3n por la juventud. Tan pronto como algunos de ellos hablan, r\u00e1pidamente puede convertirse en evangelio. Sepamos c\u00f3mo mantener la mesura y ayudarlos a estructurarse para hablar. De esta manera ser\u00e1n escuchados mucho m\u00e1s. Y ya tienen las herramientas en la mano: por ejemplo con el movimiento de despertar ecol\u00f3gico, la defensa del bosque, la acci\u00f3n, la lucha y la contemplaci\u00f3n, el movimiento de exploradores y Gu\u00edas de Francia que acogen la diversidad de los entornos y tantas otras iniciativas. Tengo mucha esperanza en esta palabra acompa\u00f1ada. \u00bb<\/p>\n<\/td>\n<\/tr>\n<\/tbody>\n<\/table>\n<div id=\"attachment_39106\" style=\"width: 870px\" class=\"wp-caption alignnone\"><img decoding=\"async\" aria-describedby=\"caption-attachment-39106\" class=\"wp-image-39106 size-large\" src=\"https:\/\/www.lamennais.org\/wp-content\/uploads\/2023\/11\/P1330059-1-e1700727673888.jpg\" alt=\"\" width=\"860\" height=\"591\" \/><p id=\"caption-attachment-39106\" class=\"wp-caption-text\"><em>\u00abTengo muchas esperanzas en los j\u00f3venes, pero sobre todo espero que la generaci\u00f3n en el poder les permita inventar un futuro que no consista en gestionar la falta de recursos\u00bb.<\/em><\/p><\/div>\n<p><em>Recopilado po Michel Tanguy<\/em><\/p>\n<table>\n<tbody>\n<tr>\n<td>\n<p><strong>Descubra el viaje de su vida en 2022<\/strong><\/p>\n<\/td>\n<\/tr>\n<\/tbody>\n<\/table>\n\n\n<p><a href=\"https:\/\/www.youtube.com\/watch?v=Ng_o0JVV9x8\">https:\/\/www.youtube.com\/watch?v=Ng_o0JVV9x8<\/a><\/p>\n\n\n\n<figure class=\"wp-block-table\"><table><tbody><tr><td><strong>Consejos eco-spi de Xavier de B\u00e9naz\u00e9<\/strong><em>en Francia 2 D\u00eda del Se\u00f1or<\/em><\/td><\/tr><\/tbody><\/table><\/figure>\n\n\n\n<figure class=\"wp-block-embed is-type-video is-provider-youtube wp-block-embed-youtube wp-embed-aspect-16-9 wp-has-aspect-ratio\"><div class=\"wp-block-embed__wrapper\">\n<div class=\"video-container\"><iframe title=\"Marc Chagall | Le conseil \u00e9co-spi de Xavier de B\u00e9naz\u00e9\" width=\"860\" height=\"484\" src=\"https:\/\/www.youtube.com\/embed\/uq54mQIqZ2s?feature=oembed\" frameborder=\"0\" allow=\"accelerometer; autoplay; clipboard-write; encrypted-media; gyroscope; picture-in-picture; web-share\" allowfullscreen><\/iframe><\/div>\n<\/div><\/figure>\n\n\n\n<figure class=\"wp-block-embed is-type-video is-provider-youtube wp-block-embed-youtube wp-embed-aspect-16-9 wp-has-aspect-ratio\"><div class=\"wp-block-embed__wrapper\">\n<div class=\"video-container\"><iframe title=\"Le Stabat Mater | Le conseil \u00e9co-spi de Xavier de B\u00e9naz\u00e9\" width=\"860\" height=\"484\" src=\"https:\/\/www.youtube.com\/embed\/1EqyWrOAV1I?feature=oembed\" frameborder=\"0\" allow=\"accelerometer; autoplay; clipboard-write; encrypted-media; gyroscope; picture-in-picture; web-share\" allowfullscreen><\/iframe><\/div>\n<\/div><\/figure>\n","protected":false},"excerpt":{"rendered":"<p>Delegado de los jesuitas de Europa para la transici\u00f3n ecol\u00f3gica, sacerdote y responsable de proyectos en el ecocentro espiritual de Ch\u00e2telard en Lyon, es coautor con C\u00e9cile Renouard del campus de transici\u00f3n ecol\u00f3gica del libro \u201cReabrir el horizonte \u2013 Manifiesto de la esperanza comprometida en La cara de los colapsos&#8217;, Ediciones Emmanuel, 2023. Invitado por [&hellip;]<\/p>\n","protected":false},"author":3,"featured_media":39127,"comment_status":"closed","ping_status":"closed","sticky":false,"template":"","format":"standard","meta":{"footnotes":""},"categories":[105],"tags":[],"class_list":["post-39149","post","type-post","status-publish","format-standard","has-post-thumbnail","hentry","category-noticias"],"yoast_head":"<!-- This site is optimized with the Yoast SEO plugin v27.5 - https:\/\/yoast.com\/product\/yoast-seo-wordpress\/ -->\n<title>LA TIERRA NUESTRO NOTRE BIEN COM\u00daN. &quot;Actuemos ahora en el coraz\u00f3n de esta crisis&quot; invita Xavier de B\u00e9naz\u00e9, delegado jesuita para la transici\u00f3n ecol\u00f3gica - LaMennais.org<\/title>\n<meta name=\"robots\" content=\"index, follow, max-snippet:-1, max-image-preview:large, max-video-preview:-1\" \/>\n<link rel=\"canonical\" href=\"https:\/\/www.lamennais.org\/es\/la-terre-notre-bien-commun-agissons-maintenant-au-coeur-de-cette-crise-invite-xavier-de-benaze-delegue-des-jesuites-pour-la-transition-ecologique\/\" \/>\n<meta property=\"og:locale\" content=\"es_ES\" \/>\n<meta property=\"og:type\" content=\"article\" \/>\n<meta property=\"og:title\" content=\"LA TIERRA NUESTRO NOTRE BIEN COM\u00daN. &quot;Actuemos ahora en el coraz\u00f3n de esta crisis&quot; invita Xavier de B\u00e9naz\u00e9, delegado jesuita para la transici\u00f3n ecol\u00f3gica - LaMennais.org\" \/>\n<meta property=\"og:description\" content=\"Delegado de los jesuitas de Europa para la transici\u00f3n ecol\u00f3gica, sacerdote y responsable de proyectos en el ecocentro espiritual de Ch\u00e2telard en Lyon, es coautor con C\u00e9cile Renouard del campus de transici\u00f3n ecol\u00f3gica del libro \u201cReabrir el horizonte \u2013 Manifiesto de la esperanza comprometida en La cara de los colapsos&#8217;, Ediciones Emmanuel, 2023. Invitado por [&hellip;]\" \/>\n<meta property=\"og:url\" content=\"https:\/\/www.lamennais.org\/es\/la-terre-notre-bien-commun-agissons-maintenant-au-coeur-de-cette-crise-invite-xavier-de-benaze-delegue-des-jesuites-pour-la-transition-ecologique\/\" \/>\n<meta property=\"og:site_name\" content=\"LaMennais.org\" \/>\n<meta property=\"article:published_time\" content=\"2023-11-23T08:18:54+00:00\" \/>\n<meta property=\"article:modified_time\" content=\"2023-11-23T15:45:33+00:00\" \/>\n<meta property=\"og:image\" content=\"https:\/\/www.lamennais.org\/wp-content\/uploads\/2023\/11\/P1330073-1.jpg\" \/>\n\t<meta property=\"og:image:width\" content=\"1217\" \/>\n\t<meta property=\"og:image:height\" content=\"729\" \/>\n\t<meta property=\"og:image:type\" content=\"image\/jpeg\" \/>\n<meta name=\"author\" content=\"Herv\u00e9 Asse\" \/>\n<meta name=\"twitter:card\" content=\"summary_large_image\" \/>\n<meta name=\"twitter:label1\" content=\"Escrito por\" \/>\n\t<meta name=\"twitter:data1\" content=\"Herv\u00e9 Asse\" \/>\n\t<meta name=\"twitter:label2\" content=\"Tiempo de lectura\" \/>\n\t<meta name=\"twitter:data2\" content=\"7 minutos\" \/>\n<script type=\"application\/ld+json\" class=\"yoast-schema-graph\">{\"@context\":\"https:\\\/\\\/schema.org\",\"@graph\":[{\"@type\":\"Article\",\"@id\":\"https:\\\/\\\/www.lamennais.org\\\/es\\\/la-terre-notre-bien-commun-agissons-maintenant-au-coeur-de-cette-crise-invite-xavier-de-benaze-delegue-des-jesuites-pour-la-transition-ecologique\\\/#article\",\"isPartOf\":{\"@id\":\"https:\\\/\\\/www.lamennais.org\\\/es\\\/la-terre-notre-bien-commun-agissons-maintenant-au-coeur-de-cette-crise-invite-xavier-de-benaze-delegue-des-jesuites-pour-la-transition-ecologique\\\/\"},\"author\":{\"name\":\"Herv\u00e9 Asse\",\"@id\":\"https:\\\/\\\/www.lamennais.org\\\/#\\\/schema\\\/person\\\/2a8d6e8a95babedd5ba1c43afd2e3844\"},\"headline\":\"LA TIERRA NUESTRO NOTRE BIEN COM\u00daN. \u00abActuemos ahora en el coraz\u00f3n de esta crisis\u00bb invita Xavier de B\u00e9naz\u00e9, delegado jesuita para la transici\u00f3n ecol\u00f3gica\",\"datePublished\":\"2023-11-23T08:18:54+00:00\",\"dateModified\":\"2023-11-23T15:45:33+00:00\",\"mainEntityOfPage\":{\"@id\":\"https:\\\/\\\/www.lamennais.org\\\/es\\\/la-terre-notre-bien-commun-agissons-maintenant-au-coeur-de-cette-crise-invite-xavier-de-benaze-delegue-des-jesuites-pour-la-transition-ecologique\\\/\"},\"wordCount\":1378,\"image\":{\"@id\":\"https:\\\/\\\/www.lamennais.org\\\/es\\\/la-terre-notre-bien-commun-agissons-maintenant-au-coeur-de-cette-crise-invite-xavier-de-benaze-delegue-des-jesuites-pour-la-transition-ecologique\\\/#primaryimage\"},\"thumbnailUrl\":\"https:\\\/\\\/www.lamennais.org\\\/wp-content\\\/uploads\\\/2023\\\/11\\\/P1330073-1.jpg\",\"articleSection\":[\"NOTICIAS\"],\"inLanguage\":\"es\"},{\"@type\":\"WebPage\",\"@id\":\"https:\\\/\\\/www.lamennais.org\\\/es\\\/la-terre-notre-bien-commun-agissons-maintenant-au-coeur-de-cette-crise-invite-xavier-de-benaze-delegue-des-jesuites-pour-la-transition-ecologique\\\/\",\"url\":\"https:\\\/\\\/www.lamennais.org\\\/es\\\/la-terre-notre-bien-commun-agissons-maintenant-au-coeur-de-cette-crise-invite-xavier-de-benaze-delegue-des-jesuites-pour-la-transition-ecologique\\\/\",\"name\":\"LA TIERRA NUESTRO NOTRE BIEN COM\u00daN. \\\"Actuemos ahora en el coraz\u00f3n de esta crisis\\\" invita Xavier de B\u00e9naz\u00e9, delegado jesuita para la transici\u00f3n ecol\u00f3gica - LaMennais.org\",\"isPartOf\":{\"@id\":\"https:\\\/\\\/www.lamennais.org\\\/#website\"},\"primaryImageOfPage\":{\"@id\":\"https:\\\/\\\/www.lamennais.org\\\/es\\\/la-terre-notre-bien-commun-agissons-maintenant-au-coeur-de-cette-crise-invite-xavier-de-benaze-delegue-des-jesuites-pour-la-transition-ecologique\\\/#primaryimage\"},\"image\":{\"@id\":\"https:\\\/\\\/www.lamennais.org\\\/es\\\/la-terre-notre-bien-commun-agissons-maintenant-au-coeur-de-cette-crise-invite-xavier-de-benaze-delegue-des-jesuites-pour-la-transition-ecologique\\\/#primaryimage\"},\"thumbnailUrl\":\"https:\\\/\\\/www.lamennais.org\\\/wp-content\\\/uploads\\\/2023\\\/11\\\/P1330073-1.jpg\",\"datePublished\":\"2023-11-23T08:18:54+00:00\",\"dateModified\":\"2023-11-23T15:45:33+00:00\",\"author\":{\"@id\":\"https:\\\/\\\/www.lamennais.org\\\/#\\\/schema\\\/person\\\/2a8d6e8a95babedd5ba1c43afd2e3844\"},\"breadcrumb\":{\"@id\":\"https:\\\/\\\/www.lamennais.org\\\/es\\\/la-terre-notre-bien-commun-agissons-maintenant-au-coeur-de-cette-crise-invite-xavier-de-benaze-delegue-des-jesuites-pour-la-transition-ecologique\\\/#breadcrumb\"},\"inLanguage\":\"es\",\"potentialAction\":[{\"@type\":\"ReadAction\",\"target\":[\"https:\\\/\\\/www.lamennais.org\\\/es\\\/la-terre-notre-bien-commun-agissons-maintenant-au-coeur-de-cette-crise-invite-xavier-de-benaze-delegue-des-jesuites-pour-la-transition-ecologique\\\/\"]}]},{\"@type\":\"ImageObject\",\"inLanguage\":\"es\",\"@id\":\"https:\\\/\\\/www.lamennais.org\\\/es\\\/la-terre-notre-bien-commun-agissons-maintenant-au-coeur-de-cette-crise-invite-xavier-de-benaze-delegue-des-jesuites-pour-la-transition-ecologique\\\/#primaryimage\",\"url\":\"https:\\\/\\\/www.lamennais.org\\\/wp-content\\\/uploads\\\/2023\\\/11\\\/P1330073-1.jpg\",\"contentUrl\":\"https:\\\/\\\/www.lamennais.org\\\/wp-content\\\/uploads\\\/2023\\\/11\\\/P1330073-1.jpg\",\"width\":1217,\"height\":729},{\"@type\":\"BreadcrumbList\",\"@id\":\"https:\\\/\\\/www.lamennais.org\\\/es\\\/la-terre-notre-bien-commun-agissons-maintenant-au-coeur-de-cette-crise-invite-xavier-de-benaze-delegue-des-jesuites-pour-la-transition-ecologique\\\/#breadcrumb\",\"itemListElement\":[{\"@type\":\"ListItem\",\"position\":1,\"name\":\"Accueil\",\"item\":\"https:\\\/\\\/www.lamennais.org\\\/\"},{\"@type\":\"ListItem\",\"position\":2,\"name\":\"LA TIERRA NUESTRO NOTRE BIEN COM\u00daN. \u00abActuemos ahora en el coraz\u00f3n de esta crisis\u00bb invita Xavier de B\u00e9naz\u00e9, delegado jesuita para la transici\u00f3n ecol\u00f3gica\"}]},{\"@type\":\"WebSite\",\"@id\":\"https:\\\/\\\/www.lamennais.org\\\/#website\",\"url\":\"https:\\\/\\\/www.lamennais.org\\\/\",\"name\":\"LaMennais.org\",\"description\":\"Fr\u00e8res de l&#039;Instruction Chr\u00e9tienne et Famille Mennaisienne\",\"potentialAction\":[{\"@type\":\"SearchAction\",\"target\":{\"@type\":\"EntryPoint\",\"urlTemplate\":\"https:\\\/\\\/www.lamennais.org\\\/?s={search_term_string}\"},\"query-input\":{\"@type\":\"PropertyValueSpecification\",\"valueRequired\":true,\"valueName\":\"search_term_string\"}}],\"inLanguage\":\"es\"},{\"@type\":\"Person\",\"@id\":\"https:\\\/\\\/www.lamennais.org\\\/#\\\/schema\\\/person\\\/2a8d6e8a95babedd5ba1c43afd2e3844\",\"name\":\"Herv\u00e9 Asse\",\"image\":{\"@type\":\"ImageObject\",\"inLanguage\":\"es\",\"@id\":\"https:\\\/\\\/secure.gravatar.com\\\/avatar\\\/1aaa7b1baf759c8b40525f40af381cbaa2b0ddd554f57145bceb0654ba45b4c0?s=96&d=mm&r=g\",\"url\":\"https:\\\/\\\/secure.gravatar.com\\\/avatar\\\/1aaa7b1baf759c8b40525f40af381cbaa2b0ddd554f57145bceb0654ba45b4c0?s=96&d=mm&r=g\",\"contentUrl\":\"https:\\\/\\\/secure.gravatar.com\\\/avatar\\\/1aaa7b1baf759c8b40525f40af381cbaa2b0ddd554f57145bceb0654ba45b4c0?s=96&d=mm&r=g\",\"caption\":\"Herv\u00e9 Asse\"}}]}<\/script>\n<!-- \/ Yoast SEO plugin. -->","yoast_head_json":{"title":"LA TIERRA NUESTRO NOTRE BIEN COM\u00daN. \"Actuemos ahora en el coraz\u00f3n de esta crisis\" invita Xavier de B\u00e9naz\u00e9, delegado jesuita para la transici\u00f3n ecol\u00f3gica - LaMennais.org","robots":{"index":"index","follow":"follow","max-snippet":"max-snippet:-1","max-image-preview":"max-image-preview:large","max-video-preview":"max-video-preview:-1"},"canonical":"https:\/\/www.lamennais.org\/es\/la-terre-notre-bien-commun-agissons-maintenant-au-coeur-de-cette-crise-invite-xavier-de-benaze-delegue-des-jesuites-pour-la-transition-ecologique\/","og_locale":"es_ES","og_type":"article","og_title":"LA TIERRA NUESTRO NOTRE BIEN COM\u00daN. \"Actuemos ahora en el coraz\u00f3n de esta crisis\" invita Xavier de B\u00e9naz\u00e9, delegado jesuita para la transici\u00f3n ecol\u00f3gica - LaMennais.org","og_description":"Delegado de los jesuitas de Europa para la transici\u00f3n ecol\u00f3gica, sacerdote y responsable de proyectos en el ecocentro espiritual de Ch\u00e2telard en Lyon, es coautor con C\u00e9cile Renouard del campus de transici\u00f3n ecol\u00f3gica del libro \u201cReabrir el horizonte \u2013 Manifiesto de la esperanza comprometida en La cara de los colapsos&#8217;, Ediciones Emmanuel, 2023. Invitado por [&hellip;]","og_url":"https:\/\/www.lamennais.org\/es\/la-terre-notre-bien-commun-agissons-maintenant-au-coeur-de-cette-crise-invite-xavier-de-benaze-delegue-des-jesuites-pour-la-transition-ecologique\/","og_site_name":"LaMennais.org","article_published_time":"2023-11-23T08:18:54+00:00","article_modified_time":"2023-11-23T15:45:33+00:00","og_image":[{"width":1217,"height":729,"url":"https:\/\/www.lamennais.org\/wp-content\/uploads\/2023\/11\/P1330073-1.jpg","type":"image\/jpeg"}],"author":"Herv\u00e9 Asse","twitter_card":"summary_large_image","twitter_misc":{"Escrito por":"Herv\u00e9 Asse","Tiempo de lectura":"7 minutos"},"schema":{"@context":"https:\/\/schema.org","@graph":[{"@type":"Article","@id":"https:\/\/www.lamennais.org\/es\/la-terre-notre-bien-commun-agissons-maintenant-au-coeur-de-cette-crise-invite-xavier-de-benaze-delegue-des-jesuites-pour-la-transition-ecologique\/#article","isPartOf":{"@id":"https:\/\/www.lamennais.org\/es\/la-terre-notre-bien-commun-agissons-maintenant-au-coeur-de-cette-crise-invite-xavier-de-benaze-delegue-des-jesuites-pour-la-transition-ecologique\/"},"author":{"name":"Herv\u00e9 Asse","@id":"https:\/\/www.lamennais.org\/#\/schema\/person\/2a8d6e8a95babedd5ba1c43afd2e3844"},"headline":"LA TIERRA NUESTRO NOTRE BIEN COM\u00daN. \u00abActuemos ahora en el coraz\u00f3n de esta crisis\u00bb invita Xavier de B\u00e9naz\u00e9, delegado jesuita para la transici\u00f3n ecol\u00f3gica","datePublished":"2023-11-23T08:18:54+00:00","dateModified":"2023-11-23T15:45:33+00:00","mainEntityOfPage":{"@id":"https:\/\/www.lamennais.org\/es\/la-terre-notre-bien-commun-agissons-maintenant-au-coeur-de-cette-crise-invite-xavier-de-benaze-delegue-des-jesuites-pour-la-transition-ecologique\/"},"wordCount":1378,"image":{"@id":"https:\/\/www.lamennais.org\/es\/la-terre-notre-bien-commun-agissons-maintenant-au-coeur-de-cette-crise-invite-xavier-de-benaze-delegue-des-jesuites-pour-la-transition-ecologique\/#primaryimage"},"thumbnailUrl":"https:\/\/www.lamennais.org\/wp-content\/uploads\/2023\/11\/P1330073-1.jpg","articleSection":["NOTICIAS"],"inLanguage":"es"},{"@type":"WebPage","@id":"https:\/\/www.lamennais.org\/es\/la-terre-notre-bien-commun-agissons-maintenant-au-coeur-de-cette-crise-invite-xavier-de-benaze-delegue-des-jesuites-pour-la-transition-ecologique\/","url":"https:\/\/www.lamennais.org\/es\/la-terre-notre-bien-commun-agissons-maintenant-au-coeur-de-cette-crise-invite-xavier-de-benaze-delegue-des-jesuites-pour-la-transition-ecologique\/","name":"LA TIERRA NUESTRO NOTRE BIEN COM\u00daN. \"Actuemos ahora en el coraz\u00f3n de esta crisis\" invita Xavier de B\u00e9naz\u00e9, delegado jesuita para la transici\u00f3n ecol\u00f3gica - LaMennais.org","isPartOf":{"@id":"https:\/\/www.lamennais.org\/#website"},"primaryImageOfPage":{"@id":"https:\/\/www.lamennais.org\/es\/la-terre-notre-bien-commun-agissons-maintenant-au-coeur-de-cette-crise-invite-xavier-de-benaze-delegue-des-jesuites-pour-la-transition-ecologique\/#primaryimage"},"image":{"@id":"https:\/\/www.lamennais.org\/es\/la-terre-notre-bien-commun-agissons-maintenant-au-coeur-de-cette-crise-invite-xavier-de-benaze-delegue-des-jesuites-pour-la-transition-ecologique\/#primaryimage"},"thumbnailUrl":"https:\/\/www.lamennais.org\/wp-content\/uploads\/2023\/11\/P1330073-1.jpg","datePublished":"2023-11-23T08:18:54+00:00","dateModified":"2023-11-23T15:45:33+00:00","author":{"@id":"https:\/\/www.lamennais.org\/#\/schema\/person\/2a8d6e8a95babedd5ba1c43afd2e3844"},"breadcrumb":{"@id":"https:\/\/www.lamennais.org\/es\/la-terre-notre-bien-commun-agissons-maintenant-au-coeur-de-cette-crise-invite-xavier-de-benaze-delegue-des-jesuites-pour-la-transition-ecologique\/#breadcrumb"},"inLanguage":"es","potentialAction":[{"@type":"ReadAction","target":["https:\/\/www.lamennais.org\/es\/la-terre-notre-bien-commun-agissons-maintenant-au-coeur-de-cette-crise-invite-xavier-de-benaze-delegue-des-jesuites-pour-la-transition-ecologique\/"]}]},{"@type":"ImageObject","inLanguage":"es","@id":"https:\/\/www.lamennais.org\/es\/la-terre-notre-bien-commun-agissons-maintenant-au-coeur-de-cette-crise-invite-xavier-de-benaze-delegue-des-jesuites-pour-la-transition-ecologique\/#primaryimage","url":"https:\/\/www.lamennais.org\/wp-content\/uploads\/2023\/11\/P1330073-1.jpg","contentUrl":"https:\/\/www.lamennais.org\/wp-content\/uploads\/2023\/11\/P1330073-1.jpg","width":1217,"height":729},{"@type":"BreadcrumbList","@id":"https:\/\/www.lamennais.org\/es\/la-terre-notre-bien-commun-agissons-maintenant-au-coeur-de-cette-crise-invite-xavier-de-benaze-delegue-des-jesuites-pour-la-transition-ecologique\/#breadcrumb","itemListElement":[{"@type":"ListItem","position":1,"name":"Accueil","item":"https:\/\/www.lamennais.org\/"},{"@type":"ListItem","position":2,"name":"LA TIERRA NUESTRO NOTRE BIEN COM\u00daN. \u00abActuemos ahora en el coraz\u00f3n de esta crisis\u00bb invita Xavier de B\u00e9naz\u00e9, delegado jesuita para la transici\u00f3n ecol\u00f3gica"}]},{"@type":"WebSite","@id":"https:\/\/www.lamennais.org\/#website","url":"https:\/\/www.lamennais.org\/","name":"LaMennais.org","description":"Fr\u00e8res de l&#039;Instruction Chr\u00e9tienne et Famille Mennaisienne","potentialAction":[{"@type":"SearchAction","target":{"@type":"EntryPoint","urlTemplate":"https:\/\/www.lamennais.org\/?s={search_term_string}"},"query-input":{"@type":"PropertyValueSpecification","valueRequired":true,"valueName":"search_term_string"}}],"inLanguage":"es"},{"@type":"Person","@id":"https:\/\/www.lamennais.org\/#\/schema\/person\/2a8d6e8a95babedd5ba1c43afd2e3844","name":"Herv\u00e9 Asse","image":{"@type":"ImageObject","inLanguage":"es","@id":"https:\/\/secure.gravatar.com\/avatar\/1aaa7b1baf759c8b40525f40af381cbaa2b0ddd554f57145bceb0654ba45b4c0?s=96&d=mm&r=g","url":"https:\/\/secure.gravatar.com\/avatar\/1aaa7b1baf759c8b40525f40af381cbaa2b0ddd554f57145bceb0654ba45b4c0?s=96&d=mm&r=g","contentUrl":"https:\/\/secure.gravatar.com\/avatar\/1aaa7b1baf759c8b40525f40af381cbaa2b0ddd554f57145bceb0654ba45b4c0?s=96&d=mm&r=g","caption":"Herv\u00e9 Asse"}}]}},"_links":{"self":[{"href":"https:\/\/www.lamennais.org\/es\/wp-json\/wp\/v2\/posts\/39149","targetHints":{"allow":["GET"]}}],"collection":[{"href":"https:\/\/www.lamennais.org\/es\/wp-json\/wp\/v2\/posts"}],"about":[{"href":"https:\/\/www.lamennais.org\/es\/wp-json\/wp\/v2\/types\/post"}],"author":[{"embeddable":true,"href":"https:\/\/www.lamennais.org\/es\/wp-json\/wp\/v2\/users\/3"}],"replies":[{"embeddable":true,"href":"https:\/\/www.lamennais.org\/es\/wp-json\/wp\/v2\/comments?post=39149"}],"version-history":[{"count":3,"href":"https:\/\/www.lamennais.org\/es\/wp-json\/wp\/v2\/posts\/39149\/revisions"}],"predecessor-version":[{"id":39153,"href":"https:\/\/www.lamennais.org\/es\/wp-json\/wp\/v2\/posts\/39149\/revisions\/39153"}],"wp:featuredmedia":[{"embeddable":true,"href":"https:\/\/www.lamennais.org\/es\/wp-json\/wp\/v2\/media\/39127"}],"wp:attachment":[{"href":"https:\/\/www.lamennais.org\/es\/wp-json\/wp\/v2\/media?parent=39149"}],"wp:term":[{"taxonomy":"category","embeddable":true,"href":"https:\/\/www.lamennais.org\/es\/wp-json\/wp\/v2\/categories?post=39149"},{"taxonomy":"post_tag","embeddable":true,"href":"https:\/\/www.lamennais.org\/es\/wp-json\/wp\/v2\/tags?post=39149"}],"curies":[{"name":"wp","href":"https:\/\/api.w.org\/{rel}","templated":true}]}}