{"id":39145,"date":"2023-11-22T17:11:29","date_gmt":"2023-11-22T16:11:29","guid":{"rendered":"https:\/\/www.lamennais.org\/?p=39145"},"modified":"2023-11-23T16:29:50","modified_gmt":"2023-11-23T15:29:50","slug":"palabras-de-los-jovenes-testifican-22-futuros-agricultores-del-lycee-le-nivot-estamos-orgullosos-de-reanudar-pronto-nuestras-fincas","status":"publish","type":"post","link":"https:\/\/www.lamennais.org\/es\/palabras-de-los-jovenes-testifican-22-futuros-agricultores-del-lycee-le-nivot-estamos-orgullosos-de-reanudar-pronto-nuestras-fincas\/","title":{"rendered":"PALABRAS DE LOS J\u00d3VENES. Testifican 22 futuros agricultores del Lyc\u00e9e Le Nivot. \u00ab\u00a1Estamos orgullosos de reanudar pronto nuestras fincas!\u00bb"},"content":{"rendered":"\n<p><\/p>\n\n\n\n\n\n<figure class=\"wp-block-table\"><table><tbody><tr><td><\/td><\/tr><\/tbody><\/table><\/figure>\n\n\n\n<p><strong>Hay 22 de ellos en la producci\u00f3n animal BTS en la Escuela Secundaria General Agr\u00edcola y Forestal Le Nivot en Lop\u00e9rec, Francia. 11 mujeres j\u00f3venes, 11 hombres j\u00f3venes, entre 18 y 30 a\u00f1os. La mayor\u00eda de ellos proceden de familias arraigadas en el mundo rural y al frente de una explotaci\u00f3n agr\u00edcola, varios son tambi\u00e9n habitantes de la ciudad. Algunos quieren probar los concursos de auxiliares veterinarios y unos cuantos finalmente buscan su camino y no han decidido su direcci\u00f3n profesio.<\/strong><\/p>\n\n\n\n<p><strong>Durante un curso este lunes, en este a\u00f1o del centenario de la escuela, recibieron a Xavier de B\u00e9naz\u00e9, sacerdote jesuita, ingeniero agr\u00f3nomo, delegado europeo de su instituto para la transici\u00f3n ecol\u00f3gica. La oportunidad de hablar libremente sobre temas tan variados como sus motivaciones para convertirse en administradores de explotaciones agr\u00edcolas, ecol\u00f3gicas, cooperativas, la relaci\u00f3n productor-consumidor, el medio ambiente, situaciones dif\u00edciles&#8230; \u00a1Vamos!<\/strong><\/p>\n\n\n\n<figure class=\"wp-block-table\"><table><tbody><tr><td>\u201cEstoy conectado con los animales. Puedo llorar cuando a las vacas no les va bien, dice un estudiante de 20 a\u00f1os. Vivimos nuestra pasi\u00f3n y nos sentimos \u00fatiles, alimentamos a las personas y es una profesi\u00f3n de valores. \u00bb<\/td><\/tr><\/tbody><\/table><\/figure>\n\n\n\n<figure class=\"wp-block-table\"><table><tbody><tr><td>La mayor\u00eda de los que hablan quieren erigirse al frente de una explotaci\u00f3n lechera, porcina u ovina, en mucha menor medida. \u00bfDe d\u00f3nde surge este deseo de hacerse cargo de una finca y montar un negocio?<\/td><\/tr><\/tbody><\/table><\/figure>\n\n\n\n<figure class=\"wp-block-table\"><table><tbody><tr><td><strong>Con nosotros es la historia familiar la que contin\u00faa.<\/strong><\/td><\/tr><\/tbody><\/table><\/figure>\n\n\n\n<figure class=\"wp-block-table\"><table><tbody><tr><td>\u201cLo que tambi\u00e9n nos motiva es asegurar la continuidad de la finca\u201d, asegura otro estudiante. Queremos hacernos cargo del legado familiar y enorgullecer a nuestros padres y, a veces, incluso a nuestros abuelos. \u00a1Cuando los miramos sentimos que est\u00e1n orgullosos de ello! No lo dicen, pero sus miradas lo expresan, aunque algunos nos hayan disuadido de realizar este trabajo que sigue siendo dif\u00edcil. \u00a1Con nosotros su historia contin\u00faa!<\/td><\/tr><\/tbody><\/table><\/figure>\n\n\n\n<figure class=\"wp-block-table\"><table><tbody><tr><td>\u00bfQu\u00e9 pasa con los m\u00e9todos de producci\u00f3n convencionales y org\u00e1nicos? <em>\u201c<\/em>\u00bfOrg\u00e1nico? No ser\u00e1 sostenible, dice un estudiante. Desde un punto de vista social es bueno, pero hay que pagar el precio y los consumidores no lo siguen\u201d. \u201cHacer productos org\u00e1nicos requiere a\u00fan m\u00e1s trabajo y mano de obra\u201d, a\u00f1ade una joven. Y no vamos a poder cubrir todo el planeta de materia org\u00e1nica. Esto afecta a una porci\u00f3n muy peque\u00f1a de personas. Hay un desacuerdo entre el consumidor que pregunta y el que no puede permitirse el lujo de comprar\u201d.<\/td><\/tr><\/tbody><\/table><\/figure>\n\n\n\n<figure class=\"wp-block-image size-large is-resized\"><img fetchpriority=\"high\" decoding=\"async\" width=\"1024\" height=\"683\" src=\"https:\/\/www.lamennais.org\/wp-content\/uploads\/2016\/03\/P1330118-1024x683.jpg\" alt=\"\" class=\"wp-image-39096\" style=\"width:745px;height:auto\" srcset=\"https:\/\/www.lamennais.org\/wp-content\/uploads\/2016\/03\/P1330118-1024x683.jpg 1024w, https:\/\/www.lamennais.org\/wp-content\/uploads\/2016\/03\/P1330118-300x200.jpg 300w, https:\/\/www.lamennais.org\/wp-content\/uploads\/2016\/03\/P1330118-768x512.jpg 768w, https:\/\/www.lamennais.org\/wp-content\/uploads\/2016\/03\/P1330118-1536x1024.jpg 1536w, https:\/\/www.lamennais.org\/wp-content\/uploads\/2016\/03\/P1330118-2048x1365.jpg 2048w, https:\/\/www.lamennais.org\/wp-content\/uploads\/2016\/03\/P1330118-260x173.jpg 260w, https:\/\/www.lamennais.org\/wp-content\/uploads\/2016\/03\/P1330118-1200x800.jpg 1200w\" sizes=\"(max-width: 1024px) 100vw, 1024px\" \/><\/figure>\n\n\n\n<figure class=\"wp-block-table\"><table><tbody><tr><td><strong>Consumidores y productores en conflicto<\/strong><\/td><\/tr><\/tbody><\/table><\/figure>\n\n\n\n<figure class=\"wp-block-table\"><table><tbody><tr><td>\u201cEn cuanto a la cr\u00eda, los cultivos y el modo convencional de explotaci\u00f3n, los agricultores han hecho un gran esfuerzo en relaci\u00f3n con el medio ambiente y los riesgos de contaminaci\u00f3n\u201d, aseguran muchos. Xavier de B\u00e9naz\u00e9 opina lo contrario y subraya que las estad\u00edsticas de consumo de productos contaminantes no est\u00e1n disminuyendo. Los estudiantes reaccionan. \u201cAntes estos productos eran mucho m\u00e1s concentrados, ahora est\u00e1n diluidos, por lo que las cantidades utilizadas siguen siendo las mismas\u201d.<\/td><\/tr><\/tbody><\/table><\/figure>\n\n\n\n<figure class=\"wp-block-table\"><table><tbody><tr><td>\u201c\u00bfDeber\u00edamos comer menos carne pero mejor? \u00bb dice el jesuita. \u201c\u00bfEso significar\u00eda producir menos cuando la mitad de lo que comemos proviene del exterior? \u00bb responde uno de los j\u00f3venes. \u201cHay una l\u00f3gica cuando eres consumidor: quieres la calidad m\u00e1s barata y cuando eres productor lo que se espera es un ingreso que te permita vivir adecuadamente. Hay querer y poder. Son dos l\u00f3gicas opuestas\u201d.<br><br>\u00bfEn qui\u00e9n podemos confiar para cambiar situaciones dif\u00edciles en el mundo agr\u00edcola? \u201cEsto no vendr\u00e1 de los pol\u00edticos ni de los sindicatos agr\u00edcolas\u201d, dicen algunos, otros se quedan pensativos. \u00abNo podemos hacer nada sin la PAC\u00bb, asegura la mayor\u00eda.<\/td><\/tr><\/tbody><\/table><\/figure>\n\n\n\n<figure class=\"wp-block-image size-large\"><img decoding=\"async\" width=\"1024\" height=\"683\" src=\"https:\/\/www.lamennais.org\/wp-content\/uploads\/2023\/11\/P1330200-1024x683.jpg\" alt=\"\" class=\"wp-image-39112\" srcset=\"https:\/\/www.lamennais.org\/wp-content\/uploads\/2023\/11\/P1330200-1024x683.jpg 1024w, https:\/\/www.lamennais.org\/wp-content\/uploads\/2023\/11\/P1330200-300x200.jpg 300w, https:\/\/www.lamennais.org\/wp-content\/uploads\/2023\/11\/P1330200-768x512.jpg 768w, https:\/\/www.lamennais.org\/wp-content\/uploads\/2023\/11\/P1330200-1536x1024.jpg 1536w, https:\/\/www.lamennais.org\/wp-content\/uploads\/2023\/11\/P1330200-2048x1365.jpg 2048w, https:\/\/www.lamennais.org\/wp-content\/uploads\/2023\/11\/P1330200-260x173.jpg 260w, https:\/\/www.lamennais.org\/wp-content\/uploads\/2023\/11\/P1330200-1200x800.jpg 1200w\" sizes=\"(max-width: 1024px) 100vw, 1024px\" \/><\/figure>\n\n\n\n<figure class=\"wp-block-table\"><table><tbody><tr><td><strong>\u00bfC\u00f3mo hacerse o\u00edr?<\/strong><\/td><\/tr><\/tbody><\/table><\/figure>\n\n\n\n<figure class=\"wp-block-table\"><table><tbody><tr><td>Y luego vienen otras preguntas como pu\u00f1etazos. \u201c\u00bfC\u00f3mo te haces o\u00edr cuando las cosas no van bien? \u00bfPor qu\u00e9 s\u00f3lo se mueve cuando hay violencia durante manifestaciones de explotaci\u00f3n? \u00bfSiempre tiene que haber situaciones extremas para ser escuchadas? \u00bb<\/td><\/tr><\/tbody><\/table><\/figure>\n\n\n\n<figure class=\"wp-block-table\"><table><tbody><tr><td>\u201cEn la industria no hacemos preguntas\u201d, dice un estudiante. Cuando las cosas van mal nos quedamos callados porque eso significa que somos m\u00e1s d\u00e9biles. \u00a1A menudo la regla es \u201ctrabajas y listo\u201d! No debes mostrar tus sentimientos, est\u00e1 mal visto y muy r\u00e1pidamente surgen rivalidades con los dem\u00e1s. Algunos llegan incluso a llamarte para comprar tu terreno y tu equipo\u201d.<\/td><\/tr><\/tbody><\/table><\/figure>\n\n\n\n<figure class=\"wp-block-table\"><table><tbody><tr><td>Al salir de la clase, caminando hacia la visita a las granjas de ovejas y cerdos, varios j\u00f3venes contin\u00faan: \u201c\u00bfTenemos que aplicar la violencia para ser considerados cuando las situaciones son demasiado dif\u00edciles? S\u00f3lo durante el suicidio muchas personas hacen preguntas despu\u00e9s. Es demasiado tarde y es demasiado dif\u00edcil. \u00bb<\/td><\/tr><\/tbody><\/table><\/figure>\n\n\n\n<figure class=\"wp-block-table\"><table><tbody><tr><td><strong>Opciones para estar por delante<\/strong><\/td><\/tr><\/tbody><\/table><\/figure>\n\n\n\n<figure class=\"wp-block-table\"><table><tbody><tr><td>Al final, \u00bfc\u00f3mo podemos avanzar juntos hacia el futuro? \u201cTendremos que buscar compromisos\u201d, dice uno, \u201cel progreso es posible, pero es complicado\u201d, dice otro. Los docentes presentes tambi\u00e9n preguntan: \u201c\u00bfC\u00f3mo tomar las decisiones correctas, c\u00f3mo estar y mantenerse a la vanguardia? \u00ab.<\/td><\/tr><\/tbody><\/table><\/figure>\n\n\n\n<figure class=\"wp-block-image size-large\"><img decoding=\"async\" width=\"1024\" height=\"471\" src=\"https:\/\/www.lamennais.org\/wp-content\/uploads\/2016\/03\/P1320981-1024x471.jpg\" alt=\"\u00c9cole du Nivot\" class=\"wp-image-39090\" srcset=\"https:\/\/www.lamennais.org\/wp-content\/uploads\/2016\/03\/P1320981-1024x471.jpg 1024w, https:\/\/www.lamennais.org\/wp-content\/uploads\/2016\/03\/P1320981-300x138.jpg 300w, https:\/\/www.lamennais.org\/wp-content\/uploads\/2016\/03\/P1320981-768x353.jpg 768w, https:\/\/www.lamennais.org\/wp-content\/uploads\/2016\/03\/P1320981-1536x706.jpg 1536w, https:\/\/www.lamennais.org\/wp-content\/uploads\/2016\/03\/P1320981-2048x941.jpg 2048w, https:\/\/www.lamennais.org\/wp-content\/uploads\/2016\/03\/P1320981-260x119.jpg 260w\" sizes=\"(max-width: 1024px) 100vw, 1024px\" \/><\/figure>\n\n\n\n<figure class=\"wp-block-table\"><table><tbody><tr><td><strong>Reuni\u00f3n con el equipo de vida escolar<\/strong><\/td><\/tr><\/tbody><\/table><\/figure>\n\n\n\n<figure class=\"wp-block-table\"><table><tbody><tr><td><strong>\u201cLa confianza y las actividades en la naturaleza son fundamentales\u201d<\/strong><\/td><\/tr><\/tbody><\/table><\/figure>\n\n\n\n<figure class=\"wp-block-table\"><table><tbody><tr><td>\u201cMuchos j\u00f3venes recuperan aqu\u00ed su confianza gracias al ambiente, a las relaciones con los adultos y al internado\u201d, afirma Morgane Simon, coordinadora de vida escolar. A veces esto puede resultar complicado para algunos en casa. Muchos tambi\u00e9n experimentan disfasia, dislexia o dispraxia y necesitan apoyo. Estar con amigos me hace sentir bien y lo que realmente me gusta, sobre todo en la universidad, son los talleres y actividades cada tarde: montar en bicicleta, estar al aire libre, cuidar animales, aprender a pescar&#8230; Tener puntos de referencia y un marco es importante, tranquilizador y ayuda en un viaje. \u00bb<\/td><\/tr><\/tbody><\/table><\/figure>\n\n\n\n<p><strong>Pr<\/strong>\u00e1ctico<\/p>\n\n\n\n<figure class=\"wp-block-table\"><table><tbody><tr><td>El liceo acoge a 400 j\u00f3venes. Est\u00e1 dirigido por C\u00e9dric Troadec. En el internado hay 260 j\u00f3venes, entre ellos 50 ni\u00f1as.<\/td><\/tr><\/tbody><\/table><\/figure>\n\n\n\n<figure class=\"wp-block-table\"><table><tbody><tr><td>Se ofrecen m\u00e1s de 20 cursos de formaci\u00f3n: inicial o mediante aprendizaje y formaci\u00f3n en trabajo y estudio.<\/td><\/tr><\/tbody><\/table><\/figure>\n\n\n\n<figure class=\"wp-block-table\"><table><tbody><tr><td>El liceo incluye una escuela media y una secundaria que prepara el bachillerato general, tecnol\u00f3gico y profesional y cursos de educaci\u00f3n superior que preparan para BTS, Licencias y capacitaci\u00f3n habilitante.<\/td><\/tr><\/tbody><\/table><\/figure>\n\n\n\n<figure class=\"wp-block-table\"><table><tbody><tr><td>El Nivot celebra su 100\u00b0 cumplea\u00f1os.<\/td><\/tr><\/tbody><\/table><\/figure>\n\n\n\n<figure class=\"wp-block-table\"><table><tbody><tr><td>En esta ocasi\u00f3n, <strong>una misa televisada se retransmitir\u00e1 en directo desde Nivot en France 2 <\/strong>por el d\u00eda del Se\u00f1or <strong>domingo 9 de junio de 2024<\/strong>. Re\u00fanete all\u00ed a partir de las 10 a. m. para una transmisi\u00f3n en vivo a las 11 a. m.<\/td><\/tr><\/tbody><\/table><\/figure>\n\n\n\n<p><a href=\"https:\/\/www.lenivot.net\/\">https:\/\/www.lenivot.net\/<\/a><\/p>\n\n\n\n<figure class=\"wp-block-embed is-type-wp-embed is-provider-cole-du-nivot wp-block-embed-cole-du-nivot\"><div class=\"wp-block-embed__wrapper\">\n<div class=\"video-container\"><blockquote class=\"wp-embedded-content\" data-secret=\"2QVm8keDrD\"><a href=\"https:\/\/www.lenivot.net\/\">Accueil<\/a><\/blockquote><iframe class=\"wp-embedded-content\" sandbox=\"allow-scripts\" security=\"restricted\" style=\"position: absolute; clip: rect(1px, 1px, 1px, 1px);\" title=\"\u00ab\u00a0Accueil\u00a0\u00bb &#8212; \u00c9cole du Nivot\" src=\"https:\/\/www.lenivot.net\/embed\/#?secret=2QVm8keDrD\" data-secret=\"2QVm8keDrD\" width=\"600\" height=\"338\" frameborder=\"0\" marginwidth=\"0\" marginheight=\"0\" scrolling=\"no\"><\/iframe><\/div>\n<\/div><\/figure>\n\n\n\n<p><a href=\"https:\/\/www.facebook.com\/ecolelenivot\/?locale=fr_FR\">https:\/\/www.facebook.com\/ecolelenivot\/?locale=fr_FR<\/a><\/p>\n","protected":false},"excerpt":{"rendered":"<p>Hay 22 de ellos en la producci\u00f3n animal BTS en la Escuela Secundaria General Agr\u00edcola y Forestal Le Nivot en Lop\u00e9rec, Francia. 11 mujeres j\u00f3venes, 11 hombres j\u00f3venes, entre 18 y 30 a\u00f1os. La mayor\u00eda de ellos proceden de familias arraigadas en el mundo rural y al frente de una explotaci\u00f3n agr\u00edcola, varios son tambi\u00e9n [&hellip;]<\/p>\n","protected":false},"author":3,"featured_media":39070,"comment_status":"closed","ping_status":"closed","sticky":false,"template":"","format":"standard","meta":{"footnotes":""},"categories":[105],"tags":[],"class_list":["post-39145","post","type-post","status-publish","format-standard","has-post-thumbnail","hentry","category-noticias"],"yoast_head":"<!-- This site is optimized with the Yoast SEO plugin v27.5 - https:\/\/yoast.com\/product\/yoast-seo-wordpress\/ -->\n<title>PALABRAS DE LOS J\u00d3VENES. Testifican 22 futuros agricultores del Lyc\u00e9e Le Nivot. &quot;\u00a1Estamos orgullosos de reanudar pronto nuestras fincas!&quot; - LaMennais.org<\/title>\n<meta name=\"robots\" content=\"index, follow, max-snippet:-1, max-image-preview:large, max-video-preview:-1\" \/>\n<link rel=\"canonical\" href=\"https:\/\/www.lamennais.org\/es\/palabras-de-los-jovenes-testifican-22-futuros-agricultores-del-lycee-le-nivot-estamos-orgullosos-de-reanudar-pronto-nuestras-fincas\/\" \/>\n<meta property=\"og:locale\" content=\"es_ES\" \/>\n<meta property=\"og:type\" content=\"article\" \/>\n<meta property=\"og:title\" content=\"PALABRAS DE LOS J\u00d3VENES. Testifican 22 futuros agricultores del Lyc\u00e9e Le Nivot. &quot;\u00a1Estamos orgullosos de reanudar pronto nuestras fincas!&quot; - LaMennais.org\" \/>\n<meta property=\"og:description\" content=\"Hay 22 de ellos en la producci\u00f3n animal BTS en la Escuela Secundaria General Agr\u00edcola y Forestal Le Nivot en Lop\u00e9rec, Francia. 11 mujeres j\u00f3venes, 11 hombres j\u00f3venes, entre 18 y 30 a\u00f1os. La mayor\u00eda de ellos proceden de familias arraigadas en el mundo rural y al frente de una explotaci\u00f3n agr\u00edcola, varios son tambi\u00e9n [&hellip;]\" \/>\n<meta property=\"og:url\" content=\"https:\/\/www.lamennais.org\/es\/palabras-de-los-jovenes-testifican-22-futuros-agricultores-del-lycee-le-nivot-estamos-orgullosos-de-reanudar-pronto-nuestras-fincas\/\" \/>\n<meta property=\"og:site_name\" content=\"LaMennais.org\" \/>\n<meta property=\"article:published_time\" content=\"2023-11-22T16:11:29+00:00\" \/>\n<meta property=\"article:modified_time\" content=\"2023-11-23T15:29:50+00:00\" \/>\n<meta property=\"og:image\" content=\"https:\/\/www.lamennais.org\/wp-content\/uploads\/2023\/11\/P1320816-scaled-e1700670905754.jpg\" \/>\n\t<meta property=\"og:image:width\" content=\"2560\" \/>\n\t<meta property=\"og:image:height\" content=\"1508\" \/>\n\t<meta property=\"og:image:type\" content=\"image\/jpeg\" \/>\n<meta name=\"author\" content=\"Herv\u00e9 Asse\" \/>\n<meta name=\"twitter:card\" content=\"summary_large_image\" \/>\n<meta name=\"twitter:label1\" content=\"Escrito por\" \/>\n\t<meta name=\"twitter:data1\" content=\"Herv\u00e9 Asse\" \/>\n\t<meta name=\"twitter:label2\" content=\"Tiempo de lectura\" \/>\n\t<meta name=\"twitter:data2\" content=\"6 minutos\" \/>\n<script type=\"application\/ld+json\" class=\"yoast-schema-graph\">{\"@context\":\"https:\\\/\\\/schema.org\",\"@graph\":[{\"@type\":\"Article\",\"@id\":\"https:\\\/\\\/www.lamennais.org\\\/es\\\/palabras-de-los-jovenes-testifican-22-futuros-agricultores-del-lycee-le-nivot-estamos-orgullosos-de-reanudar-pronto-nuestras-fincas\\\/#article\",\"isPartOf\":{\"@id\":\"https:\\\/\\\/www.lamennais.org\\\/es\\\/palabras-de-los-jovenes-testifican-22-futuros-agricultores-del-lycee-le-nivot-estamos-orgullosos-de-reanudar-pronto-nuestras-fincas\\\/\"},\"author\":{\"name\":\"Herv\u00e9 Asse\",\"@id\":\"https:\\\/\\\/www.lamennais.org\\\/#\\\/schema\\\/person\\\/2a8d6e8a95babedd5ba1c43afd2e3844\"},\"headline\":\"PALABRAS DE LOS J\u00d3VENES. Testifican 22 futuros agricultores del Lyc\u00e9e Le Nivot. \u00ab\u00a1Estamos orgullosos de reanudar pronto nuestras fincas!\u00bb\",\"datePublished\":\"2023-11-22T16:11:29+00:00\",\"dateModified\":\"2023-11-23T15:29:50+00:00\",\"mainEntityOfPage\":{\"@id\":\"https:\\\/\\\/www.lamennais.org\\\/es\\\/palabras-de-los-jovenes-testifican-22-futuros-agricultores-del-lycee-le-nivot-estamos-orgullosos-de-reanudar-pronto-nuestras-fincas\\\/\"},\"wordCount\":1120,\"image\":{\"@id\":\"https:\\\/\\\/www.lamennais.org\\\/es\\\/palabras-de-los-jovenes-testifican-22-futuros-agricultores-del-lycee-le-nivot-estamos-orgullosos-de-reanudar-pronto-nuestras-fincas\\\/#primaryimage\"},\"thumbnailUrl\":\"https:\\\/\\\/www.lamennais.org\\\/wp-content\\\/uploads\\\/2023\\\/11\\\/P1320816-scaled-e1700670905754.jpg\",\"articleSection\":[\"NOTICIAS\"],\"inLanguage\":\"es\"},{\"@type\":\"WebPage\",\"@id\":\"https:\\\/\\\/www.lamennais.org\\\/es\\\/palabras-de-los-jovenes-testifican-22-futuros-agricultores-del-lycee-le-nivot-estamos-orgullosos-de-reanudar-pronto-nuestras-fincas\\\/\",\"url\":\"https:\\\/\\\/www.lamennais.org\\\/es\\\/palabras-de-los-jovenes-testifican-22-futuros-agricultores-del-lycee-le-nivot-estamos-orgullosos-de-reanudar-pronto-nuestras-fincas\\\/\",\"name\":\"PALABRAS DE LOS J\u00d3VENES. Testifican 22 futuros agricultores del Lyc\u00e9e Le Nivot. \\\"\u00a1Estamos orgullosos de reanudar pronto nuestras fincas!\\\" - LaMennais.org\",\"isPartOf\":{\"@id\":\"https:\\\/\\\/www.lamennais.org\\\/#website\"},\"primaryImageOfPage\":{\"@id\":\"https:\\\/\\\/www.lamennais.org\\\/es\\\/palabras-de-los-jovenes-testifican-22-futuros-agricultores-del-lycee-le-nivot-estamos-orgullosos-de-reanudar-pronto-nuestras-fincas\\\/#primaryimage\"},\"image\":{\"@id\":\"https:\\\/\\\/www.lamennais.org\\\/es\\\/palabras-de-los-jovenes-testifican-22-futuros-agricultores-del-lycee-le-nivot-estamos-orgullosos-de-reanudar-pronto-nuestras-fincas\\\/#primaryimage\"},\"thumbnailUrl\":\"https:\\\/\\\/www.lamennais.org\\\/wp-content\\\/uploads\\\/2023\\\/11\\\/P1320816-scaled-e1700670905754.jpg\",\"datePublished\":\"2023-11-22T16:11:29+00:00\",\"dateModified\":\"2023-11-23T15:29:50+00:00\",\"author\":{\"@id\":\"https:\\\/\\\/www.lamennais.org\\\/#\\\/schema\\\/person\\\/2a8d6e8a95babedd5ba1c43afd2e3844\"},\"breadcrumb\":{\"@id\":\"https:\\\/\\\/www.lamennais.org\\\/es\\\/palabras-de-los-jovenes-testifican-22-futuros-agricultores-del-lycee-le-nivot-estamos-orgullosos-de-reanudar-pronto-nuestras-fincas\\\/#breadcrumb\"},\"inLanguage\":\"es\",\"potentialAction\":[{\"@type\":\"ReadAction\",\"target\":[\"https:\\\/\\\/www.lamennais.org\\\/es\\\/palabras-de-los-jovenes-testifican-22-futuros-agricultores-del-lycee-le-nivot-estamos-orgullosos-de-reanudar-pronto-nuestras-fincas\\\/\"]}]},{\"@type\":\"ImageObject\",\"inLanguage\":\"es\",\"@id\":\"https:\\\/\\\/www.lamennais.org\\\/es\\\/palabras-de-los-jovenes-testifican-22-futuros-agricultores-del-lycee-le-nivot-estamos-orgullosos-de-reanudar-pronto-nuestras-fincas\\\/#primaryimage\",\"url\":\"https:\\\/\\\/www.lamennais.org\\\/wp-content\\\/uploads\\\/2023\\\/11\\\/P1320816-scaled-e1700670905754.jpg\",\"contentUrl\":\"https:\\\/\\\/www.lamennais.org\\\/wp-content\\\/uploads\\\/2023\\\/11\\\/P1320816-scaled-e1700670905754.jpg\",\"width\":2538,\"height\":1173},{\"@type\":\"BreadcrumbList\",\"@id\":\"https:\\\/\\\/www.lamennais.org\\\/es\\\/palabras-de-los-jovenes-testifican-22-futuros-agricultores-del-lycee-le-nivot-estamos-orgullosos-de-reanudar-pronto-nuestras-fincas\\\/#breadcrumb\",\"itemListElement\":[{\"@type\":\"ListItem\",\"position\":1,\"name\":\"Accueil\",\"item\":\"https:\\\/\\\/www.lamennais.org\\\/\"},{\"@type\":\"ListItem\",\"position\":2,\"name\":\"PALABRAS DE LOS J\u00d3VENES. Testifican 22 futuros agricultores del Lyc\u00e9e Le Nivot. \u00ab\u00a1Estamos orgullosos de reanudar pronto nuestras fincas!\u00bb\"}]},{\"@type\":\"WebSite\",\"@id\":\"https:\\\/\\\/www.lamennais.org\\\/#website\",\"url\":\"https:\\\/\\\/www.lamennais.org\\\/\",\"name\":\"LaMennais.org\",\"description\":\"Fr\u00e8res de l&#039;Instruction Chr\u00e9tienne et Famille Mennaisienne\",\"potentialAction\":[{\"@type\":\"SearchAction\",\"target\":{\"@type\":\"EntryPoint\",\"urlTemplate\":\"https:\\\/\\\/www.lamennais.org\\\/?s={search_term_string}\"},\"query-input\":{\"@type\":\"PropertyValueSpecification\",\"valueRequired\":true,\"valueName\":\"search_term_string\"}}],\"inLanguage\":\"es\"},{\"@type\":\"Person\",\"@id\":\"https:\\\/\\\/www.lamennais.org\\\/#\\\/schema\\\/person\\\/2a8d6e8a95babedd5ba1c43afd2e3844\",\"name\":\"Herv\u00e9 Asse\",\"image\":{\"@type\":\"ImageObject\",\"inLanguage\":\"es\",\"@id\":\"https:\\\/\\\/secure.gravatar.com\\\/avatar\\\/1aaa7b1baf759c8b40525f40af381cbaa2b0ddd554f57145bceb0654ba45b4c0?s=96&d=mm&r=g\",\"url\":\"https:\\\/\\\/secure.gravatar.com\\\/avatar\\\/1aaa7b1baf759c8b40525f40af381cbaa2b0ddd554f57145bceb0654ba45b4c0?s=96&d=mm&r=g\",\"contentUrl\":\"https:\\\/\\\/secure.gravatar.com\\\/avatar\\\/1aaa7b1baf759c8b40525f40af381cbaa2b0ddd554f57145bceb0654ba45b4c0?s=96&d=mm&r=g\",\"caption\":\"Herv\u00e9 Asse\"}}]}<\/script>\n<!-- \/ Yoast SEO plugin. -->","yoast_head_json":{"title":"PALABRAS DE LOS J\u00d3VENES. Testifican 22 futuros agricultores del Lyc\u00e9e Le Nivot. \"\u00a1Estamos orgullosos de reanudar pronto nuestras fincas!\" - LaMennais.org","robots":{"index":"index","follow":"follow","max-snippet":"max-snippet:-1","max-image-preview":"max-image-preview:large","max-video-preview":"max-video-preview:-1"},"canonical":"https:\/\/www.lamennais.org\/es\/palabras-de-los-jovenes-testifican-22-futuros-agricultores-del-lycee-le-nivot-estamos-orgullosos-de-reanudar-pronto-nuestras-fincas\/","og_locale":"es_ES","og_type":"article","og_title":"PALABRAS DE LOS J\u00d3VENES. Testifican 22 futuros agricultores del Lyc\u00e9e Le Nivot. \"\u00a1Estamos orgullosos de reanudar pronto nuestras fincas!\" - LaMennais.org","og_description":"Hay 22 de ellos en la producci\u00f3n animal BTS en la Escuela Secundaria General Agr\u00edcola y Forestal Le Nivot en Lop\u00e9rec, Francia. 11 mujeres j\u00f3venes, 11 hombres j\u00f3venes, entre 18 y 30 a\u00f1os. La mayor\u00eda de ellos proceden de familias arraigadas en el mundo rural y al frente de una explotaci\u00f3n agr\u00edcola, varios son tambi\u00e9n [&hellip;]","og_url":"https:\/\/www.lamennais.org\/es\/palabras-de-los-jovenes-testifican-22-futuros-agricultores-del-lycee-le-nivot-estamos-orgullosos-de-reanudar-pronto-nuestras-fincas\/","og_site_name":"LaMennais.org","article_published_time":"2023-11-22T16:11:29+00:00","article_modified_time":"2023-11-23T15:29:50+00:00","og_image":[{"width":2560,"height":1508,"url":"https:\/\/www.lamennais.org\/wp-content\/uploads\/2023\/11\/P1320816-scaled-e1700670905754.jpg","type":"image\/jpeg"}],"author":"Herv\u00e9 Asse","twitter_card":"summary_large_image","twitter_misc":{"Escrito por":"Herv\u00e9 Asse","Tiempo de lectura":"6 minutos"},"schema":{"@context":"https:\/\/schema.org","@graph":[{"@type":"Article","@id":"https:\/\/www.lamennais.org\/es\/palabras-de-los-jovenes-testifican-22-futuros-agricultores-del-lycee-le-nivot-estamos-orgullosos-de-reanudar-pronto-nuestras-fincas\/#article","isPartOf":{"@id":"https:\/\/www.lamennais.org\/es\/palabras-de-los-jovenes-testifican-22-futuros-agricultores-del-lycee-le-nivot-estamos-orgullosos-de-reanudar-pronto-nuestras-fincas\/"},"author":{"name":"Herv\u00e9 Asse","@id":"https:\/\/www.lamennais.org\/#\/schema\/person\/2a8d6e8a95babedd5ba1c43afd2e3844"},"headline":"PALABRAS DE LOS J\u00d3VENES. Testifican 22 futuros agricultores del Lyc\u00e9e Le Nivot. \u00ab\u00a1Estamos orgullosos de reanudar pronto nuestras fincas!\u00bb","datePublished":"2023-11-22T16:11:29+00:00","dateModified":"2023-11-23T15:29:50+00:00","mainEntityOfPage":{"@id":"https:\/\/www.lamennais.org\/es\/palabras-de-los-jovenes-testifican-22-futuros-agricultores-del-lycee-le-nivot-estamos-orgullosos-de-reanudar-pronto-nuestras-fincas\/"},"wordCount":1120,"image":{"@id":"https:\/\/www.lamennais.org\/es\/palabras-de-los-jovenes-testifican-22-futuros-agricultores-del-lycee-le-nivot-estamos-orgullosos-de-reanudar-pronto-nuestras-fincas\/#primaryimage"},"thumbnailUrl":"https:\/\/www.lamennais.org\/wp-content\/uploads\/2023\/11\/P1320816-scaled-e1700670905754.jpg","articleSection":["NOTICIAS"],"inLanguage":"es"},{"@type":"WebPage","@id":"https:\/\/www.lamennais.org\/es\/palabras-de-los-jovenes-testifican-22-futuros-agricultores-del-lycee-le-nivot-estamos-orgullosos-de-reanudar-pronto-nuestras-fincas\/","url":"https:\/\/www.lamennais.org\/es\/palabras-de-los-jovenes-testifican-22-futuros-agricultores-del-lycee-le-nivot-estamos-orgullosos-de-reanudar-pronto-nuestras-fincas\/","name":"PALABRAS DE LOS J\u00d3VENES. Testifican 22 futuros agricultores del Lyc\u00e9e Le Nivot. \"\u00a1Estamos orgullosos de reanudar pronto nuestras fincas!\" - LaMennais.org","isPartOf":{"@id":"https:\/\/www.lamennais.org\/#website"},"primaryImageOfPage":{"@id":"https:\/\/www.lamennais.org\/es\/palabras-de-los-jovenes-testifican-22-futuros-agricultores-del-lycee-le-nivot-estamos-orgullosos-de-reanudar-pronto-nuestras-fincas\/#primaryimage"},"image":{"@id":"https:\/\/www.lamennais.org\/es\/palabras-de-los-jovenes-testifican-22-futuros-agricultores-del-lycee-le-nivot-estamos-orgullosos-de-reanudar-pronto-nuestras-fincas\/#primaryimage"},"thumbnailUrl":"https:\/\/www.lamennais.org\/wp-content\/uploads\/2023\/11\/P1320816-scaled-e1700670905754.jpg","datePublished":"2023-11-22T16:11:29+00:00","dateModified":"2023-11-23T15:29:50+00:00","author":{"@id":"https:\/\/www.lamennais.org\/#\/schema\/person\/2a8d6e8a95babedd5ba1c43afd2e3844"},"breadcrumb":{"@id":"https:\/\/www.lamennais.org\/es\/palabras-de-los-jovenes-testifican-22-futuros-agricultores-del-lycee-le-nivot-estamos-orgullosos-de-reanudar-pronto-nuestras-fincas\/#breadcrumb"},"inLanguage":"es","potentialAction":[{"@type":"ReadAction","target":["https:\/\/www.lamennais.org\/es\/palabras-de-los-jovenes-testifican-22-futuros-agricultores-del-lycee-le-nivot-estamos-orgullosos-de-reanudar-pronto-nuestras-fincas\/"]}]},{"@type":"ImageObject","inLanguage":"es","@id":"https:\/\/www.lamennais.org\/es\/palabras-de-los-jovenes-testifican-22-futuros-agricultores-del-lycee-le-nivot-estamos-orgullosos-de-reanudar-pronto-nuestras-fincas\/#primaryimage","url":"https:\/\/www.lamennais.org\/wp-content\/uploads\/2023\/11\/P1320816-scaled-e1700670905754.jpg","contentUrl":"https:\/\/www.lamennais.org\/wp-content\/uploads\/2023\/11\/P1320816-scaled-e1700670905754.jpg","width":2538,"height":1173},{"@type":"BreadcrumbList","@id":"https:\/\/www.lamennais.org\/es\/palabras-de-los-jovenes-testifican-22-futuros-agricultores-del-lycee-le-nivot-estamos-orgullosos-de-reanudar-pronto-nuestras-fincas\/#breadcrumb","itemListElement":[{"@type":"ListItem","position":1,"name":"Accueil","item":"https:\/\/www.lamennais.org\/"},{"@type":"ListItem","position":2,"name":"PALABRAS DE LOS J\u00d3VENES. Testifican 22 futuros agricultores del Lyc\u00e9e Le Nivot. \u00ab\u00a1Estamos orgullosos de reanudar pronto nuestras fincas!\u00bb"}]},{"@type":"WebSite","@id":"https:\/\/www.lamennais.org\/#website","url":"https:\/\/www.lamennais.org\/","name":"LaMennais.org","description":"Fr\u00e8res de l&#039;Instruction Chr\u00e9tienne et Famille Mennaisienne","potentialAction":[{"@type":"SearchAction","target":{"@type":"EntryPoint","urlTemplate":"https:\/\/www.lamennais.org\/?s={search_term_string}"},"query-input":{"@type":"PropertyValueSpecification","valueRequired":true,"valueName":"search_term_string"}}],"inLanguage":"es"},{"@type":"Person","@id":"https:\/\/www.lamennais.org\/#\/schema\/person\/2a8d6e8a95babedd5ba1c43afd2e3844","name":"Herv\u00e9 Asse","image":{"@type":"ImageObject","inLanguage":"es","@id":"https:\/\/secure.gravatar.com\/avatar\/1aaa7b1baf759c8b40525f40af381cbaa2b0ddd554f57145bceb0654ba45b4c0?s=96&d=mm&r=g","url":"https:\/\/secure.gravatar.com\/avatar\/1aaa7b1baf759c8b40525f40af381cbaa2b0ddd554f57145bceb0654ba45b4c0?s=96&d=mm&r=g","contentUrl":"https:\/\/secure.gravatar.com\/avatar\/1aaa7b1baf759c8b40525f40af381cbaa2b0ddd554f57145bceb0654ba45b4c0?s=96&d=mm&r=g","caption":"Herv\u00e9 Asse"}}]}},"_links":{"self":[{"href":"https:\/\/www.lamennais.org\/es\/wp-json\/wp\/v2\/posts\/39145","targetHints":{"allow":["GET"]}}],"collection":[{"href":"https:\/\/www.lamennais.org\/es\/wp-json\/wp\/v2\/posts"}],"about":[{"href":"https:\/\/www.lamennais.org\/es\/wp-json\/wp\/v2\/types\/post"}],"author":[{"embeddable":true,"href":"https:\/\/www.lamennais.org\/es\/wp-json\/wp\/v2\/users\/3"}],"replies":[{"embeddable":true,"href":"https:\/\/www.lamennais.org\/es\/wp-json\/wp\/v2\/comments?post=39145"}],"version-history":[{"count":2,"href":"https:\/\/www.lamennais.org\/es\/wp-json\/wp\/v2\/posts\/39145\/revisions"}],"predecessor-version":[{"id":39148,"href":"https:\/\/www.lamennais.org\/es\/wp-json\/wp\/v2\/posts\/39145\/revisions\/39148"}],"wp:featuredmedia":[{"embeddable":true,"href":"https:\/\/www.lamennais.org\/es\/wp-json\/wp\/v2\/media\/39070"}],"wp:attachment":[{"href":"https:\/\/www.lamennais.org\/es\/wp-json\/wp\/v2\/media?parent=39145"}],"wp:term":[{"taxonomy":"category","embeddable":true,"href":"https:\/\/www.lamennais.org\/es\/wp-json\/wp\/v2\/categories?post=39145"},{"taxonomy":"post_tag","embeddable":true,"href":"https:\/\/www.lamennais.org\/es\/wp-json\/wp\/v2\/tags?post=39145"}],"curies":[{"name":"wp","href":"https:\/\/api.w.org\/{rel}","templated":true}]}}