{"id":38932,"date":"2023-10-18T12:57:22","date_gmt":"2023-10-18T10:57:22","guid":{"rendered":"https:\/\/www.lamennais.org\/?p=38932"},"modified":"2023-10-18T18:13:01","modified_gmt":"2023-10-18T16:13:01","slug":"casa-generalicia-roma-un-mes-lleno-de-encuentros","status":"publish","type":"post","link":"https:\/\/www.lamennais.org\/es\/casa-generalicia-roma-un-mes-lleno-de-encuentros\/","title":{"rendered":"Casa generalicia \u2013 Roma: un mes lleno de encuentros"},"content":{"rendered":"<p style=\"text-align: center;\"><strong><em>De rodilla, en primer plano a la izquierda : Hno. Mathias, Hno. Nicolas, Hno. Ronald, Hno. No\u00ebl<\/em><\/strong><\/p>\n<p><strong>Una de las misiones de la Casa es la recepci\u00f3n. A principios de a\u00f1o, se pidi\u00f3 a la comunidad que abriera sus puertas y los Hermanos experimentaron con alegr\u00eda, una vez m\u00e1s, que hay m\u00e1s alegr\u00eda en dar que en recibir.<\/strong><\/p>\n<p>Y primero, dar la bienvenida a dos nuevos cohermanos: el <strong><em>hermano Nicolas Le Meilleur,<\/em><\/strong> que llega de Ben\u00edn despu\u00e9s de 20 a\u00f1os en \u00c1frica: ser\u00e1 asistente del hermano ec\u00f3nomo general y le ayudar\u00e1 en la contabilidad, \u00a1una de sus especialidades! Llegado a la Casa en julio, para tomar un buen ba\u00f1o italiano con los Hermanos de Sant&#8217;Ivo, hemos acogido al <strong><em>hermano Mathias Senfuka<\/em><\/strong> de Uganda. Es estudiante de la Universidad Pontificia Angelicum, con los hermanos No\u00ebl y Ronald.<\/p>\n<div id=\"attachment_38883\" style=\"width: 870px\" class=\"wp-caption alignleft\"><img fetchpriority=\"high\" decoding=\"async\" aria-describedby=\"caption-attachment-38883\" class=\"wp-image-38883 size-large\" src=\"https:\/\/www.lamennais.org\/wp-content\/uploads\/2023\/10\/WhatsApp-Image-2023-10-01-a-14.03.32_446b19c7-1024x768.jpg\" alt=\"\" width=\"860\" height=\"645\" srcset=\"https:\/\/www.lamennais.org\/wp-content\/uploads\/2023\/10\/WhatsApp-Image-2023-10-01-a-14.03.32_446b19c7-1024x768.jpg 1024w, https:\/\/www.lamennais.org\/wp-content\/uploads\/2023\/10\/WhatsApp-Image-2023-10-01-a-14.03.32_446b19c7-300x225.jpg 300w, https:\/\/www.lamennais.org\/wp-content\/uploads\/2023\/10\/WhatsApp-Image-2023-10-01-a-14.03.32_446b19c7-768x576.jpg 768w, https:\/\/www.lamennais.org\/wp-content\/uploads\/2023\/10\/WhatsApp-Image-2023-10-01-a-14.03.32_446b19c7-1536x1152.jpg 1536w, https:\/\/www.lamennais.org\/wp-content\/uploads\/2023\/10\/WhatsApp-Image-2023-10-01-a-14.03.32_446b19c7-260x195.jpg 260w, https:\/\/www.lamennais.org\/wp-content\/uploads\/2023\/10\/WhatsApp-Image-2023-10-01-a-14.03.32_446b19c7.jpg 1600w\" sizes=\"(max-width: 860px) 100vw, 860px\" \/><p id=\"caption-attachment-38883\" class=\"wp-caption-text\"><em>Santa misa en la parroquia al d\u00eda siguiente de la vigilia en la plaza de San Pedro en torno al obispo de Fulda (Alemania)<\/em><\/p><\/div>\n<p>A finales de septiembre, la Casa inici\u00f3 el tiempo para el S\u00ednodo. En primer lugar, dio la bienvenida a 6 j\u00f3venes europeos que participaron en el encuentro \u201c<strong><em>Meeting Together<\/em><\/strong> \u201d organizado por la Comunidad de Taiz\u00e9. Estuvieron en la Plaza de San Pedro, con el Papa y representantes de varias Iglesias, en una vigilia ecum\u00e9nica de oraci\u00f3n, en alabanza y silencio, escuchando la Palabra. En la parroquia se acogieron as\u00ed entre 30 y 40 j\u00f3venes.<\/p>\n<div id=\"attachment_38889\" style=\"width: 870px\" class=\"wp-caption alignleft\"><img decoding=\"async\" aria-describedby=\"caption-attachment-38889\" class=\"wp-image-38889 size-large\" src=\"https:\/\/www.lamennais.org\/wp-content\/uploads\/2023\/10\/WhatsApp-Image-2023-10-01-a-17.02.58_91050c03-1024x498.jpg\" alt=\"\" width=\"860\" height=\"418\" srcset=\"https:\/\/www.lamennais.org\/wp-content\/uploads\/2023\/10\/WhatsApp-Image-2023-10-01-a-17.02.58_91050c03-1024x498.jpg 1024w, https:\/\/www.lamennais.org\/wp-content\/uploads\/2023\/10\/WhatsApp-Image-2023-10-01-a-17.02.58_91050c03-300x146.jpg 300w, https:\/\/www.lamennais.org\/wp-content\/uploads\/2023\/10\/WhatsApp-Image-2023-10-01-a-17.02.58_91050c03-768x373.jpg 768w, https:\/\/www.lamennais.org\/wp-content\/uploads\/2023\/10\/WhatsApp-Image-2023-10-01-a-17.02.58_91050c03-1536x746.jpg 1536w, https:\/\/www.lamennais.org\/wp-content\/uploads\/2023\/10\/WhatsApp-Image-2023-10-01-a-17.02.58_91050c03-2048x995.jpg 2048w, https:\/\/www.lamennais.org\/wp-content\/uploads\/2023\/10\/WhatsApp-Image-2023-10-01-a-17.02.58_91050c03-260x126.jpg 260w\" sizes=\"(max-width: 860px) 100vw, 860px\" \/><p id=\"caption-attachment-38889\" class=\"wp-caption-text\"><em>Comida compartida con los j\u00f3venes en la parroquia<\/em><\/p><\/div>\n<div id=\"attachment_38886\" style=\"width: 870px\" class=\"wp-caption alignleft\"><img decoding=\"async\" aria-describedby=\"caption-attachment-38886\" class=\"wp-image-38886 size-large\" src=\"https:\/\/www.lamennais.org\/wp-content\/uploads\/2023\/10\/WhatsApp-Image-2023-10-01-a-16.54.08_7fad7d09-1024x471.jpg\" alt=\"\" width=\"860\" height=\"396\" srcset=\"https:\/\/www.lamennais.org\/wp-content\/uploads\/2023\/10\/WhatsApp-Image-2023-10-01-a-16.54.08_7fad7d09-1024x471.jpg 1024w, https:\/\/www.lamennais.org\/wp-content\/uploads\/2023\/10\/WhatsApp-Image-2023-10-01-a-16.54.08_7fad7d09-300x138.jpg 300w, https:\/\/www.lamennais.org\/wp-content\/uploads\/2023\/10\/WhatsApp-Image-2023-10-01-a-16.54.08_7fad7d09-768x353.jpg 768w, https:\/\/www.lamennais.org\/wp-content\/uploads\/2023\/10\/WhatsApp-Image-2023-10-01-a-16.54.08_7fad7d09-1536x707.jpg 1536w, https:\/\/www.lamennais.org\/wp-content\/uploads\/2023\/10\/WhatsApp-Image-2023-10-01-a-16.54.08_7fad7d09-260x120.jpg 260w, https:\/\/www.lamennais.org\/wp-content\/uploads\/2023\/10\/WhatsApp-Image-2023-10-01-a-16.54.08_7fad7d09.jpg 2000w\" sizes=\"(max-width: 860px) 100vw, 860px\" \/><p id=\"caption-attachment-38886\" class=\"wp-caption-text\"><em>J\u00f3venes acogidos en la Casa<\/em><\/p><\/div>\n<div id=\"attachment_38904\" style=\"width: 870px\" class=\"wp-caption alignleft\"><img loading=\"lazy\" decoding=\"async\" aria-describedby=\"caption-attachment-38904\" class=\"wp-image-38904 size-large\" src=\"https:\/\/www.lamennais.org\/wp-content\/uploads\/2023\/10\/WhatsApp-Image-2023-10-06-a-08.54.59_046b9893-1024x461.jpg\" alt=\"\" width=\"860\" height=\"387\" srcset=\"https:\/\/www.lamennais.org\/wp-content\/uploads\/2023\/10\/WhatsApp-Image-2023-10-06-a-08.54.59_046b9893-1024x461.jpg 1024w, https:\/\/www.lamennais.org\/wp-content\/uploads\/2023\/10\/WhatsApp-Image-2023-10-06-a-08.54.59_046b9893-300x135.jpg 300w, https:\/\/www.lamennais.org\/wp-content\/uploads\/2023\/10\/WhatsApp-Image-2023-10-06-a-08.54.59_046b9893-768x346.jpg 768w, https:\/\/www.lamennais.org\/wp-content\/uploads\/2023\/10\/WhatsApp-Image-2023-10-06-a-08.54.59_046b9893-1536x691.jpg 1536w, https:\/\/www.lamennais.org\/wp-content\/uploads\/2023\/10\/WhatsApp-Image-2023-10-06-a-08.54.59_046b9893-260x117.jpg 260w, https:\/\/www.lamennais.org\/wp-content\/uploads\/2023\/10\/WhatsApp-Image-2023-10-06-a-08.54.59_046b9893.jpg 1600w\" sizes=\"(max-width: 860px) 100vw, 860px\" \/><p id=\"caption-attachment-38904\" class=\"wp-caption-text\"><em>Foto de recuerdo alrededor de Monse\u00f1or Chibly Langlois<\/em><\/p><\/div>\n<p>La Casa recibi\u00f3 tambi\u00e9n al <strong><em>Cardenal Chively Langlois<\/em><\/strong>, obispo de Cayes (Hait\u00ed). Hab\u00eda venido para participar en el Consistorio del 30 de septiembre, durante el cual el Papa Francisco cre\u00f3 21 nuevos cardenales, y en la solemne apertura del S\u00ednodo en la Plaza de San Pedro, el mi\u00e9rcoles 4 de octubre.<\/p>\n<div id=\"attachment_38895\" style=\"width: 870px\" class=\"wp-caption alignleft\"><img loading=\"lazy\" decoding=\"async\" aria-describedby=\"caption-attachment-38895\" class=\"wp-image-38895 size-large\" src=\"https:\/\/www.lamennais.org\/wp-content\/uploads\/2023\/10\/WhatsApp-Image-2023-10-12-a-21.26.55_21e119d7-1024x461.jpg\" alt=\"\" width=\"860\" height=\"387\" srcset=\"https:\/\/www.lamennais.org\/wp-content\/uploads\/2023\/10\/WhatsApp-Image-2023-10-12-a-21.26.55_21e119d7-1024x461.jpg 1024w, https:\/\/www.lamennais.org\/wp-content\/uploads\/2023\/10\/WhatsApp-Image-2023-10-12-a-21.26.55_21e119d7-300x135.jpg 300w, https:\/\/www.lamennais.org\/wp-content\/uploads\/2023\/10\/WhatsApp-Image-2023-10-12-a-21.26.55_21e119d7-768x346.jpg 768w, https:\/\/www.lamennais.org\/wp-content\/uploads\/2023\/10\/WhatsApp-Image-2023-10-12-a-21.26.55_21e119d7-1536x692.jpg 1536w, https:\/\/www.lamennais.org\/wp-content\/uploads\/2023\/10\/WhatsApp-Image-2023-10-12-a-21.26.55_21e119d7-260x117.jpg 260w, https:\/\/www.lamennais.org\/wp-content\/uploads\/2023\/10\/WhatsApp-Image-2023-10-12-a-21.26.55_21e119d7.jpg 1599w\" sizes=\"(max-width: 860px) 100vw, 860px\" \/><p id=\"caption-attachment-38895\" class=\"wp-caption-text\"><em>\u00a1Felicitaciones al nuevo Doctor!<\/em><\/p><\/div>\n<div id=\"attachment_38898\" style=\"width: 870px\" class=\"wp-caption alignleft\"><img loading=\"lazy\" decoding=\"async\" aria-describedby=\"caption-attachment-38898\" class=\"wp-image-38898 size-large\" src=\"https:\/\/www.lamennais.org\/wp-content\/uploads\/2023\/10\/WhatsApp-Image-2023-10-12-a-21.25.50_bd5fef04-1024x498.jpg\" alt=\"\" width=\"860\" height=\"418\" srcset=\"https:\/\/www.lamennais.org\/wp-content\/uploads\/2023\/10\/WhatsApp-Image-2023-10-12-a-21.25.50_bd5fef04-1024x498.jpg 1024w, https:\/\/www.lamennais.org\/wp-content\/uploads\/2023\/10\/WhatsApp-Image-2023-10-12-a-21.25.50_bd5fef04-300x146.jpg 300w, https:\/\/www.lamennais.org\/wp-content\/uploads\/2023\/10\/WhatsApp-Image-2023-10-12-a-21.25.50_bd5fef04-768x373.jpg 768w, https:\/\/www.lamennais.org\/wp-content\/uploads\/2023\/10\/WhatsApp-Image-2023-10-12-a-21.25.50_bd5fef04-1536x746.jpg 1536w, https:\/\/www.lamennais.org\/wp-content\/uploads\/2023\/10\/WhatsApp-Image-2023-10-12-a-21.25.50_bd5fef04-2048x995.jpg 2048w, https:\/\/www.lamennais.org\/wp-content\/uploads\/2023\/10\/WhatsApp-Image-2023-10-12-a-21.25.50_bd5fef04-260x126.jpg 260w\" sizes=\"(max-width: 860px) 100vw, 860px\" \/><p id=\"caption-attachment-38898\" class=\"wp-caption-text\"><em>El Hno Wilfried, \u00abpuesto en ascuas\u00bb !<\/em><\/p><\/div>\n<p>El 23 de septiembre, el <strong><em>hermano Wilfried Fara<\/em><\/strong>, Superior del Escolasticado de Abiy\u00e1n, lleg\u00f3 a la Casa para dar los \u00faltimos retoques a su tesis doctoral. Defendi\u00f3 brillantemente su tesis el 12 de octubre, titulada: \u201c<em>La Trinidad como clave hermen\u00e9utica en la antropolog\u00eda de HO Balthasar y J. Moltmann\u201d.<\/em> Estuvieron bien representados los miembros del Consejo General, la Comunidad de la Casa y la de nuestros vecinos, los Padres de Picpus. \u00a1Felicitaciones hermano Wilfried y buena misi\u00f3n para ti!<\/p>\n<div id=\"attachment_38909\" style=\"width: 469px\" class=\"wp-caption alignleft\"><img loading=\"lazy\" decoding=\"async\" aria-describedby=\"caption-attachment-38909\" class=\"wp-image-38909 size-full\" src=\"https:\/\/www.lamennais.org\/wp-content\/uploads\/2023\/10\/WhatsApp-Image-2023-10-17-a-21.04.24_d89e8e1a.jpg\" alt=\"\" width=\"459\" height=\"1024\" srcset=\"https:\/\/www.lamennais.org\/wp-content\/uploads\/2023\/10\/WhatsApp-Image-2023-10-17-a-21.04.24_d89e8e1a.jpg 459w, https:\/\/www.lamennais.org\/wp-content\/uploads\/2023\/10\/WhatsApp-Image-2023-10-17-a-21.04.24_d89e8e1a-134x300.jpg 134w, https:\/\/www.lamennais.org\/wp-content\/uploads\/2023\/10\/WhatsApp-Image-2023-10-17-a-21.04.24_d89e8e1a-224x500.jpg 224w\" sizes=\"(max-width: 459px) 100vw, 459px\" \/><p id=\"caption-attachment-38909\" class=\"wp-caption-text\"><em>Gilbert, en la plaza de San Pedro, despu\u00e9s de 2400 km en bicicleta!<\/em><\/p><\/div>\n<p>\u00a1Otra visita inusual y generosa! El de <strong><em>Gilbert Rouvray<\/em><\/strong>, un hombre de Damgan de 73 a\u00f1os que, tras sufrir un c\u00e1ncer de p\u00e1ncreas, asumi\u00f3 el desaf\u00edo de partir desde la plaza frente a la bas\u00edlica de Sainte-Anne-d&#8217;Auray para llegar al Vaticano en Roma. Casi 2.400 kil\u00f3metros durante los cuales recaud\u00f3 fondos para la asociaci\u00f3n Espoir pancr\u00e9as. De la familia de antiguos profesores del Liceo La Mennais de Plo\u00ebrmel y compa\u00f1eros del hermano Jean-Paul Peuz\u00e9, el v\u00ednculo con la Casa era evidente. Claudine, la esposa de Gilbert, se reuni\u00f3 con \u00e9l en Roma (\u00a1y fue una sorpresa conmovedora para Gilbert!) \u00a1Bravo Gilbert! y gracias por este testimonio de valent\u00eda, tenacidad y perseverancia en la fe.<\/p>\n<p>Por \u00faltimo, desde hace unos d\u00edas acogemos en la Casa a<strong><em> Mons. Julien Andavo Mbia<\/em><\/strong>, obispo de Isiro Nyangara (Congo RDC). Vino para participar en la Visita Ad Limina de los obispos de la Rep\u00fablica Democr\u00e1tica del Congo. En Isiro, los Hermanos son responsables del Instituto San Rosario (escuela secundaria diocesana). Buena estancia con nosotros.<\/p>\n<div id=\"attachment_38918\" style=\"width: 625px\" class=\"wp-caption alignleft\"><img loading=\"lazy\" decoding=\"async\" aria-describedby=\"caption-attachment-38918\" class=\"wp-image-38918\" src=\"https:\/\/www.lamennais.org\/wp-content\/uploads\/2023\/10\/Image2-2-1024x701-1.jpg\" alt=\"\" width=\"615\" height=\"421\" srcset=\"https:\/\/www.lamennais.org\/wp-content\/uploads\/2023\/10\/Image2-2-1024x701-1.jpg 1024w, https:\/\/www.lamennais.org\/wp-content\/uploads\/2023\/10\/Image2-2-1024x701-1-300x205.jpg 300w, https:\/\/www.lamennais.org\/wp-content\/uploads\/2023\/10\/Image2-2-1024x701-1-768x526.jpg 768w, https:\/\/www.lamennais.org\/wp-content\/uploads\/2023\/10\/Image2-2-1024x701-1-260x178.jpg 260w\" sizes=\"(max-width: 615px) 100vw, 615px\" \/><p id=\"caption-attachment-38918\" class=\"wp-caption-text\"><em>Monse\u00f1or Julien, aqu\u00ed con el F \u00c9tienne Mbolifuhe en Isiro<\/em><\/p><\/div>\n","protected":false},"excerpt":{"rendered":"<p>De rodilla, en primer plano a la izquierda : Hno. Mathias, Hno. Nicolas, Hno. Ronald, Hno. No\u00ebl Una de las misiones de la Casa es la recepci\u00f3n. A principios de a\u00f1o, se pidi\u00f3 a la comunidad que abriera sus puertas y los Hermanos experimentaron con alegr\u00eda, una vez m\u00e1s, que hay m\u00e1s alegr\u00eda en dar [&hellip;]<\/p>\n","protected":false},"author":3,"featured_media":38882,"comment_status":"closed","ping_status":"closed","sticky":false,"template":"","format":"standard","meta":{"footnotes":""},"categories":[105],"tags":[],"class_list":["post-38932","post","type-post","status-publish","format-standard","has-post-thumbnail","hentry","category-noticias"],"yoast_head":"<!-- This site is optimized with the Yoast SEO plugin v27.5 - https:\/\/yoast.com\/product\/yoast-seo-wordpress\/ -->\n<title>Casa generalicia \u2013 Roma: un mes lleno de encuentros - LaMennais.org<\/title>\n<meta name=\"robots\" content=\"index, follow, max-snippet:-1, max-image-preview:large, max-video-preview:-1\" \/>\n<link rel=\"canonical\" href=\"https:\/\/www.lamennais.org\/es\/casa-generalicia-roma-un-mes-lleno-de-encuentros\/\" \/>\n<meta property=\"og:locale\" content=\"es_ES\" \/>\n<meta property=\"og:type\" content=\"article\" \/>\n<meta property=\"og:title\" content=\"Casa generalicia \u2013 Roma: un mes lleno de encuentros - LaMennais.org\" \/>\n<meta property=\"og:description\" content=\"De rodilla, en primer plano a la izquierda : Hno. Mathias, Hno. Nicolas, Hno. Ronald, Hno. No\u00ebl Una de las misiones de la Casa es la recepci\u00f3n. A principios de a\u00f1o, se pidi\u00f3 a la comunidad que abriera sus puertas y los Hermanos experimentaron con alegr\u00eda, una vez m\u00e1s, que hay m\u00e1s alegr\u00eda en dar [&hellip;]\" \/>\n<meta property=\"og:url\" content=\"https:\/\/www.lamennais.org\/es\/casa-generalicia-roma-un-mes-lleno-de-encuentros\/\" \/>\n<meta property=\"og:site_name\" content=\"LaMennais.org\" \/>\n<meta property=\"article:published_time\" content=\"2023-10-18T10:57:22+00:00\" \/>\n<meta property=\"article:modified_time\" content=\"2023-10-18T16:13:01+00:00\" \/>\n<meta property=\"og:image\" content=\"https:\/\/www.lamennais.org\/wp-content\/uploads\/2023\/10\/20230917_142250-scaled.jpg\" \/>\n\t<meta property=\"og:image:width\" content=\"2560\" \/>\n\t<meta property=\"og:image:height\" content=\"1920\" \/>\n\t<meta property=\"og:image:type\" content=\"image\/jpeg\" \/>\n<meta name=\"author\" content=\"Herv\u00e9 Asse\" \/>\n<meta name=\"twitter:card\" content=\"summary_large_image\" \/>\n<meta name=\"twitter:label1\" content=\"Escrito por\" \/>\n\t<meta name=\"twitter:data1\" content=\"Herv\u00e9 Asse\" \/>\n\t<meta name=\"twitter:label2\" content=\"Tiempo de lectura\" \/>\n\t<meta name=\"twitter:data2\" content=\"5 minutos\" \/>\n<script type=\"application\/ld+json\" class=\"yoast-schema-graph\">{\"@context\":\"https:\\\/\\\/schema.org\",\"@graph\":[{\"@type\":\"Article\",\"@id\":\"https:\\\/\\\/www.lamennais.org\\\/es\\\/casa-generalicia-roma-un-mes-lleno-de-encuentros\\\/#article\",\"isPartOf\":{\"@id\":\"https:\\\/\\\/www.lamennais.org\\\/es\\\/casa-generalicia-roma-un-mes-lleno-de-encuentros\\\/\"},\"author\":{\"name\":\"Herv\u00e9 Asse\",\"@id\":\"https:\\\/\\\/www.lamennais.org\\\/#\\\/schema\\\/person\\\/2a8d6e8a95babedd5ba1c43afd2e3844\"},\"headline\":\"Casa generalicia \u2013 Roma: un mes lleno de encuentros\",\"datePublished\":\"2023-10-18T10:57:22+00:00\",\"dateModified\":\"2023-10-18T16:13:01+00:00\",\"mainEntityOfPage\":{\"@id\":\"https:\\\/\\\/www.lamennais.org\\\/es\\\/casa-generalicia-roma-un-mes-lleno-de-encuentros\\\/\"},\"wordCount\":687,\"image\":{\"@id\":\"https:\\\/\\\/www.lamennais.org\\\/es\\\/casa-generalicia-roma-un-mes-lleno-de-encuentros\\\/#primaryimage\"},\"thumbnailUrl\":\"https:\\\/\\\/www.lamennais.org\\\/wp-content\\\/uploads\\\/2023\\\/10\\\/20230917_142250-scaled.jpg\",\"articleSection\":[\"NOTICIAS\"],\"inLanguage\":\"es\"},{\"@type\":\"WebPage\",\"@id\":\"https:\\\/\\\/www.lamennais.org\\\/es\\\/casa-generalicia-roma-un-mes-lleno-de-encuentros\\\/\",\"url\":\"https:\\\/\\\/www.lamennais.org\\\/es\\\/casa-generalicia-roma-un-mes-lleno-de-encuentros\\\/\",\"name\":\"Casa generalicia \u2013 Roma: un mes lleno de encuentros - LaMennais.org\",\"isPartOf\":{\"@id\":\"https:\\\/\\\/www.lamennais.org\\\/#website\"},\"primaryImageOfPage\":{\"@id\":\"https:\\\/\\\/www.lamennais.org\\\/es\\\/casa-generalicia-roma-un-mes-lleno-de-encuentros\\\/#primaryimage\"},\"image\":{\"@id\":\"https:\\\/\\\/www.lamennais.org\\\/es\\\/casa-generalicia-roma-un-mes-lleno-de-encuentros\\\/#primaryimage\"},\"thumbnailUrl\":\"https:\\\/\\\/www.lamennais.org\\\/wp-content\\\/uploads\\\/2023\\\/10\\\/20230917_142250-scaled.jpg\",\"datePublished\":\"2023-10-18T10:57:22+00:00\",\"dateModified\":\"2023-10-18T16:13:01+00:00\",\"author\":{\"@id\":\"https:\\\/\\\/www.lamennais.org\\\/#\\\/schema\\\/person\\\/2a8d6e8a95babedd5ba1c43afd2e3844\"},\"breadcrumb\":{\"@id\":\"https:\\\/\\\/www.lamennais.org\\\/es\\\/casa-generalicia-roma-un-mes-lleno-de-encuentros\\\/#breadcrumb\"},\"inLanguage\":\"es\",\"potentialAction\":[{\"@type\":\"ReadAction\",\"target\":[\"https:\\\/\\\/www.lamennais.org\\\/es\\\/casa-generalicia-roma-un-mes-lleno-de-encuentros\\\/\"]}]},{\"@type\":\"ImageObject\",\"inLanguage\":\"es\",\"@id\":\"https:\\\/\\\/www.lamennais.org\\\/es\\\/casa-generalicia-roma-un-mes-lleno-de-encuentros\\\/#primaryimage\",\"url\":\"https:\\\/\\\/www.lamennais.org\\\/wp-content\\\/uploads\\\/2023\\\/10\\\/20230917_142250-scaled.jpg\",\"contentUrl\":\"https:\\\/\\\/www.lamennais.org\\\/wp-content\\\/uploads\\\/2023\\\/10\\\/20230917_142250-scaled.jpg\",\"width\":2560,\"height\":1920},{\"@type\":\"BreadcrumbList\",\"@id\":\"https:\\\/\\\/www.lamennais.org\\\/es\\\/casa-generalicia-roma-un-mes-lleno-de-encuentros\\\/#breadcrumb\",\"itemListElement\":[{\"@type\":\"ListItem\",\"position\":1,\"name\":\"Accueil\",\"item\":\"https:\\\/\\\/www.lamennais.org\\\/\"},{\"@type\":\"ListItem\",\"position\":2,\"name\":\"Casa generalicia \u2013 Roma: un mes lleno de encuentros\"}]},{\"@type\":\"WebSite\",\"@id\":\"https:\\\/\\\/www.lamennais.org\\\/#website\",\"url\":\"https:\\\/\\\/www.lamennais.org\\\/\",\"name\":\"LaMennais.org\",\"description\":\"Fr\u00e8res de l&#039;Instruction Chr\u00e9tienne et Famille Mennaisienne\",\"potentialAction\":[{\"@type\":\"SearchAction\",\"target\":{\"@type\":\"EntryPoint\",\"urlTemplate\":\"https:\\\/\\\/www.lamennais.org\\\/?s={search_term_string}\"},\"query-input\":{\"@type\":\"PropertyValueSpecification\",\"valueRequired\":true,\"valueName\":\"search_term_string\"}}],\"inLanguage\":\"es\"},{\"@type\":\"Person\",\"@id\":\"https:\\\/\\\/www.lamennais.org\\\/#\\\/schema\\\/person\\\/2a8d6e8a95babedd5ba1c43afd2e3844\",\"name\":\"Herv\u00e9 Asse\",\"image\":{\"@type\":\"ImageObject\",\"inLanguage\":\"es\",\"@id\":\"https:\\\/\\\/secure.gravatar.com\\\/avatar\\\/1aaa7b1baf759c8b40525f40af381cbaa2b0ddd554f57145bceb0654ba45b4c0?s=96&d=mm&r=g\",\"url\":\"https:\\\/\\\/secure.gravatar.com\\\/avatar\\\/1aaa7b1baf759c8b40525f40af381cbaa2b0ddd554f57145bceb0654ba45b4c0?s=96&d=mm&r=g\",\"contentUrl\":\"https:\\\/\\\/secure.gravatar.com\\\/avatar\\\/1aaa7b1baf759c8b40525f40af381cbaa2b0ddd554f57145bceb0654ba45b4c0?s=96&d=mm&r=g\",\"caption\":\"Herv\u00e9 Asse\"}}]}<\/script>\n<!-- \/ Yoast SEO plugin. -->","yoast_head_json":{"title":"Casa generalicia \u2013 Roma: un mes lleno de encuentros - LaMennais.org","robots":{"index":"index","follow":"follow","max-snippet":"max-snippet:-1","max-image-preview":"max-image-preview:large","max-video-preview":"max-video-preview:-1"},"canonical":"https:\/\/www.lamennais.org\/es\/casa-generalicia-roma-un-mes-lleno-de-encuentros\/","og_locale":"es_ES","og_type":"article","og_title":"Casa generalicia \u2013 Roma: un mes lleno de encuentros - LaMennais.org","og_description":"De rodilla, en primer plano a la izquierda : Hno. Mathias, Hno. Nicolas, Hno. Ronald, Hno. No\u00ebl Una de las misiones de la Casa es la recepci\u00f3n. A principios de a\u00f1o, se pidi\u00f3 a la comunidad que abriera sus puertas y los Hermanos experimentaron con alegr\u00eda, una vez m\u00e1s, que hay m\u00e1s alegr\u00eda en dar [&hellip;]","og_url":"https:\/\/www.lamennais.org\/es\/casa-generalicia-roma-un-mes-lleno-de-encuentros\/","og_site_name":"LaMennais.org","article_published_time":"2023-10-18T10:57:22+00:00","article_modified_time":"2023-10-18T16:13:01+00:00","og_image":[{"width":2560,"height":1920,"url":"https:\/\/www.lamennais.org\/wp-content\/uploads\/2023\/10\/20230917_142250-scaled.jpg","type":"image\/jpeg"}],"author":"Herv\u00e9 Asse","twitter_card":"summary_large_image","twitter_misc":{"Escrito por":"Herv\u00e9 Asse","Tiempo de lectura":"5 minutos"},"schema":{"@context":"https:\/\/schema.org","@graph":[{"@type":"Article","@id":"https:\/\/www.lamennais.org\/es\/casa-generalicia-roma-un-mes-lleno-de-encuentros\/#article","isPartOf":{"@id":"https:\/\/www.lamennais.org\/es\/casa-generalicia-roma-un-mes-lleno-de-encuentros\/"},"author":{"name":"Herv\u00e9 Asse","@id":"https:\/\/www.lamennais.org\/#\/schema\/person\/2a8d6e8a95babedd5ba1c43afd2e3844"},"headline":"Casa generalicia \u2013 Roma: un mes lleno de encuentros","datePublished":"2023-10-18T10:57:22+00:00","dateModified":"2023-10-18T16:13:01+00:00","mainEntityOfPage":{"@id":"https:\/\/www.lamennais.org\/es\/casa-generalicia-roma-un-mes-lleno-de-encuentros\/"},"wordCount":687,"image":{"@id":"https:\/\/www.lamennais.org\/es\/casa-generalicia-roma-un-mes-lleno-de-encuentros\/#primaryimage"},"thumbnailUrl":"https:\/\/www.lamennais.org\/wp-content\/uploads\/2023\/10\/20230917_142250-scaled.jpg","articleSection":["NOTICIAS"],"inLanguage":"es"},{"@type":"WebPage","@id":"https:\/\/www.lamennais.org\/es\/casa-generalicia-roma-un-mes-lleno-de-encuentros\/","url":"https:\/\/www.lamennais.org\/es\/casa-generalicia-roma-un-mes-lleno-de-encuentros\/","name":"Casa generalicia \u2013 Roma: un mes lleno de encuentros - LaMennais.org","isPartOf":{"@id":"https:\/\/www.lamennais.org\/#website"},"primaryImageOfPage":{"@id":"https:\/\/www.lamennais.org\/es\/casa-generalicia-roma-un-mes-lleno-de-encuentros\/#primaryimage"},"image":{"@id":"https:\/\/www.lamennais.org\/es\/casa-generalicia-roma-un-mes-lleno-de-encuentros\/#primaryimage"},"thumbnailUrl":"https:\/\/www.lamennais.org\/wp-content\/uploads\/2023\/10\/20230917_142250-scaled.jpg","datePublished":"2023-10-18T10:57:22+00:00","dateModified":"2023-10-18T16:13:01+00:00","author":{"@id":"https:\/\/www.lamennais.org\/#\/schema\/person\/2a8d6e8a95babedd5ba1c43afd2e3844"},"breadcrumb":{"@id":"https:\/\/www.lamennais.org\/es\/casa-generalicia-roma-un-mes-lleno-de-encuentros\/#breadcrumb"},"inLanguage":"es","potentialAction":[{"@type":"ReadAction","target":["https:\/\/www.lamennais.org\/es\/casa-generalicia-roma-un-mes-lleno-de-encuentros\/"]}]},{"@type":"ImageObject","inLanguage":"es","@id":"https:\/\/www.lamennais.org\/es\/casa-generalicia-roma-un-mes-lleno-de-encuentros\/#primaryimage","url":"https:\/\/www.lamennais.org\/wp-content\/uploads\/2023\/10\/20230917_142250-scaled.jpg","contentUrl":"https:\/\/www.lamennais.org\/wp-content\/uploads\/2023\/10\/20230917_142250-scaled.jpg","width":2560,"height":1920},{"@type":"BreadcrumbList","@id":"https:\/\/www.lamennais.org\/es\/casa-generalicia-roma-un-mes-lleno-de-encuentros\/#breadcrumb","itemListElement":[{"@type":"ListItem","position":1,"name":"Accueil","item":"https:\/\/www.lamennais.org\/"},{"@type":"ListItem","position":2,"name":"Casa generalicia \u2013 Roma: un mes lleno de encuentros"}]},{"@type":"WebSite","@id":"https:\/\/www.lamennais.org\/#website","url":"https:\/\/www.lamennais.org\/","name":"LaMennais.org","description":"Fr\u00e8res de l&#039;Instruction Chr\u00e9tienne et Famille Mennaisienne","potentialAction":[{"@type":"SearchAction","target":{"@type":"EntryPoint","urlTemplate":"https:\/\/www.lamennais.org\/?s={search_term_string}"},"query-input":{"@type":"PropertyValueSpecification","valueRequired":true,"valueName":"search_term_string"}}],"inLanguage":"es"},{"@type":"Person","@id":"https:\/\/www.lamennais.org\/#\/schema\/person\/2a8d6e8a95babedd5ba1c43afd2e3844","name":"Herv\u00e9 Asse","image":{"@type":"ImageObject","inLanguage":"es","@id":"https:\/\/secure.gravatar.com\/avatar\/1aaa7b1baf759c8b40525f40af381cbaa2b0ddd554f57145bceb0654ba45b4c0?s=96&d=mm&r=g","url":"https:\/\/secure.gravatar.com\/avatar\/1aaa7b1baf759c8b40525f40af381cbaa2b0ddd554f57145bceb0654ba45b4c0?s=96&d=mm&r=g","contentUrl":"https:\/\/secure.gravatar.com\/avatar\/1aaa7b1baf759c8b40525f40af381cbaa2b0ddd554f57145bceb0654ba45b4c0?s=96&d=mm&r=g","caption":"Herv\u00e9 Asse"}}]}},"_links":{"self":[{"href":"https:\/\/www.lamennais.org\/es\/wp-json\/wp\/v2\/posts\/38932","targetHints":{"allow":["GET"]}}],"collection":[{"href":"https:\/\/www.lamennais.org\/es\/wp-json\/wp\/v2\/posts"}],"about":[{"href":"https:\/\/www.lamennais.org\/es\/wp-json\/wp\/v2\/types\/post"}],"author":[{"embeddable":true,"href":"https:\/\/www.lamennais.org\/es\/wp-json\/wp\/v2\/users\/3"}],"replies":[{"embeddable":true,"href":"https:\/\/www.lamennais.org\/es\/wp-json\/wp\/v2\/comments?post=38932"}],"version-history":[{"count":4,"href":"https:\/\/www.lamennais.org\/es\/wp-json\/wp\/v2\/posts\/38932\/revisions"}],"predecessor-version":[{"id":38937,"href":"https:\/\/www.lamennais.org\/es\/wp-json\/wp\/v2\/posts\/38932\/revisions\/38937"}],"wp:featuredmedia":[{"embeddable":true,"href":"https:\/\/www.lamennais.org\/es\/wp-json\/wp\/v2\/media\/38882"}],"wp:attachment":[{"href":"https:\/\/www.lamennais.org\/es\/wp-json\/wp\/v2\/media?parent=38932"}],"wp:term":[{"taxonomy":"category","embeddable":true,"href":"https:\/\/www.lamennais.org\/es\/wp-json\/wp\/v2\/categories?post=38932"},{"taxonomy":"post_tag","embeddable":true,"href":"https:\/\/www.lamennais.org\/es\/wp-json\/wp\/v2\/tags?post=38932"}],"curies":[{"name":"wp","href":"https:\/\/api.w.org\/{rel}","templated":true}]}}