{"id":38087,"date":"2023-08-03T14:11:47","date_gmt":"2023-08-03T12:11:47","guid":{"rendered":"https:\/\/www.lamennais.org\/?p=38087"},"modified":"2023-08-05T10:34:43","modified_gmt":"2023-08-05T08:34:43","slug":"los-49-jovenes-jmj-la-mennais-a-los-menesianos-del-mundo-estamos-orgullosos-de-ser-una-famlia-global-nos-vemos-en-la-proxima-jmj","status":"publish","type":"post","link":"https:\/\/www.lamennais.org\/es\/los-49-jovenes-jmj-la-mennais-a-los-menesianos-del-mundo-estamos-orgullosos-de-ser-una-famlia-global-nos-vemos-en-la-proxima-jmj\/","title":{"rendered":"\u00abLOS 49 J\u00d3VENES JMJ LA MENNAIS A LOS MENESIANOS DEL MUNDO. ESTAMOS ORGULLOSOS DE SER UNA FAMLIA GLOBAL. \u00a1NOS VEMOS EN LA PR\u00d3XIMA JMJ !\u00bb"},"content":{"rendered":"<p><strong>\u00a1Gritos de alegr\u00eda y abrazos! Los 22 j\u00f3venes espa\u00f1oles y los 27 franceses celebraron este mi\u00e9rcoles un l\u00fadico reencuentro en el jard\u00edn de la Estrella, en pleno centro de Lisboa. Talleres, concierto, comida, oraci\u00f3n. \u00a1Sentirse parte de una familia com\u00fan es importante! Y los 49 La Mennais de la JMJ env\u00edan un mensaje a los dem\u00e1s j\u00f3venes La Mennais del mundo: \u201c\u00a1Encontr\u00e9monos en la pr\u00f3xima JMJ! \u00ab.<\/strong><\/p>\n<div id=\"attachment_38039\" style=\"width: 870px\" class=\"wp-caption alignnone\"><img fetchpriority=\"high\" decoding=\"async\" aria-describedby=\"caption-attachment-38039\" class=\"wp-image-38039 size-large\" src=\"https:\/\/www.lamennais.org\/wp-content\/uploads\/2023\/08\/P1290466-Copie-2-1024x645.jpg\" alt=\"\" width=\"860\" height=\"542\" srcset=\"https:\/\/www.lamennais.org\/wp-content\/uploads\/2023\/08\/P1290466-Copie-2-1024x645.jpg 1024w, https:\/\/www.lamennais.org\/wp-content\/uploads\/2023\/08\/P1290466-Copie-2-300x189.jpg 300w, https:\/\/www.lamennais.org\/wp-content\/uploads\/2023\/08\/P1290466-Copie-2-768x484.jpg 768w, https:\/\/www.lamennais.org\/wp-content\/uploads\/2023\/08\/P1290466-Copie-2-1536x967.jpg 1536w, https:\/\/www.lamennais.org\/wp-content\/uploads\/2023\/08\/P1290466-Copie-2-2048x1289.jpg 2048w, https:\/\/www.lamennais.org\/wp-content\/uploads\/2023\/08\/P1290466-Copie-2-260x164.jpg 260w\" sizes=\"(max-width: 860px) 100vw, 860px\" \/><p id=\"caption-attachment-38039\" class=\"wp-caption-text\"><em>Los Hnos. James y Nicol\u00e1s se abrazan con entusiasmo sin molestar a un vecino!<\/em><\/p><\/div>\n<div id=\"attachment_38012\" style=\"width: 870px\" class=\"wp-caption alignnone\"><img decoding=\"async\" aria-describedby=\"caption-attachment-38012\" class=\"wp-image-38012 size-large\" src=\"https:\/\/www.lamennais.org\/wp-content\/uploads\/2023\/08\/IMG_3444-1024x622.jpg\" alt=\"\" width=\"860\" height=\"522\" srcset=\"https:\/\/www.lamennais.org\/wp-content\/uploads\/2023\/08\/IMG_3444-1024x622.jpg 1024w, https:\/\/www.lamennais.org\/wp-content\/uploads\/2023\/08\/IMG_3444-300x182.jpg 300w, https:\/\/www.lamennais.org\/wp-content\/uploads\/2023\/08\/IMG_3444-768x467.jpg 768w, https:\/\/www.lamennais.org\/wp-content\/uploads\/2023\/08\/IMG_3444-1536x933.jpg 1536w, https:\/\/www.lamennais.org\/wp-content\/uploads\/2023\/08\/IMG_3444-2048x1244.jpg 2048w, https:\/\/www.lamennais.org\/wp-content\/uploads\/2023\/08\/IMG_3444-260x158.jpg 260w\" sizes=\"(max-width: 860px) 100vw, 860px\" \/><p id=\"caption-attachment-38012\" class=\"wp-caption-text\"><em>Un gran taller para estrechar lazos\u2026<\/em><\/p><\/div>\n<p>\u201cEste momento es la culminaci\u00f3n de dos a\u00f1os de contactos y preparaci\u00f3n, cada uno en su pa\u00eds, para formar un grupo, luego decidir y organizar este encuentro aqu\u00ed en Bilbao, hoy. \u00bb<\/p>\n<p>El equipo de animaci\u00f3n de Francia est\u00e1 formado por Corentin Ogier, coordinador, y el Hno. James Hayes, y el Hno. Rafa Alonso, coordinador de Espa\u00f1a, con el Hno. Justino de Santiago y el Hno. Nicol\u00e1s Urreta. Los encuentros marcaron el a\u00f1o y unieron a los equipos y ya el Camino compartido entre j\u00f3venes espa\u00f1oles y franceses el a\u00f1o pasado hab\u00eda iniciado y estrechado los lazos.<\/p>\n<div id=\"attachment_38036\" style=\"width: 870px\" class=\"wp-caption alignnone\"><img decoding=\"async\" aria-describedby=\"caption-attachment-38036\" class=\"wp-image-38036 size-large\" src=\"https:\/\/www.lamennais.org\/wp-content\/uploads\/2023\/08\/P1290650-2-1024x551.jpg\" alt=\"\" width=\"860\" height=\"463\" srcset=\"https:\/\/www.lamennais.org\/wp-content\/uploads\/2023\/08\/P1290650-2-1024x551.jpg 1024w, https:\/\/www.lamennais.org\/wp-content\/uploads\/2023\/08\/P1290650-2-300x162.jpg 300w, https:\/\/www.lamennais.org\/wp-content\/uploads\/2023\/08\/P1290650-2-768x414.jpg 768w, https:\/\/www.lamennais.org\/wp-content\/uploads\/2023\/08\/P1290650-2-1536x827.jpg 1536w, https:\/\/www.lamennais.org\/wp-content\/uploads\/2023\/08\/P1290650-2-2048x1103.jpg 2048w, https:\/\/www.lamennais.org\/wp-content\/uploads\/2023\/08\/P1290650-2-260x140.jpg 260w\" sizes=\"(max-width: 860px) 100vw, 860px\" \/><p id=\"caption-attachment-38036\" class=\"wp-caption-text\"><em>La delegaci\u00f3n de j\u00f3venes adultos de Espa\u00f1a con el Hno. Justino, Nicol\u00e1s y Rafa.<\/em><\/p><\/div>\n<div id=\"attachment_38042\" style=\"width: 870px\" class=\"wp-caption alignnone\"><img loading=\"lazy\" decoding=\"async\" aria-describedby=\"caption-attachment-38042\" class=\"wp-image-38042 size-large\" src=\"https:\/\/www.lamennais.org\/wp-content\/uploads\/2023\/08\/P1290580-2-1024x642.jpg\" alt=\"\" width=\"860\" height=\"539\" srcset=\"https:\/\/www.lamennais.org\/wp-content\/uploads\/2023\/08\/P1290580-2-1024x642.jpg 1024w, https:\/\/www.lamennais.org\/wp-content\/uploads\/2023\/08\/P1290580-2-300x188.jpg 300w, https:\/\/www.lamennais.org\/wp-content\/uploads\/2023\/08\/P1290580-2-768x482.jpg 768w, https:\/\/www.lamennais.org\/wp-content\/uploads\/2023\/08\/P1290580-2-1536x964.jpg 1536w, https:\/\/www.lamennais.org\/wp-content\/uploads\/2023\/08\/P1290580-2-2048x1285.jpg 2048w, https:\/\/www.lamennais.org\/wp-content\/uploads\/2023\/08\/P1290580-2-260x163.jpg 260w\" sizes=\"(max-width: 860px) 100vw, 860px\" \/><p id=\"caption-attachment-38042\" class=\"wp-caption-text\"><em>Discutir en profundidad, en equipo\u2026 A la izquierda, el Hno James, en el centro, el Hno Rafa.<\/em><\/p><\/div>\n<div id=\"attachment_38045\" style=\"width: 870px\" class=\"wp-caption alignnone\"><img loading=\"lazy\" decoding=\"async\" aria-describedby=\"caption-attachment-38045\" class=\"wp-image-38045 size-large\" src=\"https:\/\/www.lamennais.org\/wp-content\/uploads\/2023\/08\/P1290622-2-1024x747.jpg\" alt=\"\" width=\"860\" height=\"627\" srcset=\"https:\/\/www.lamennais.org\/wp-content\/uploads\/2023\/08\/P1290622-2-1024x747.jpg 1024w, https:\/\/www.lamennais.org\/wp-content\/uploads\/2023\/08\/P1290622-2-300x219.jpg 300w, https:\/\/www.lamennais.org\/wp-content\/uploads\/2023\/08\/P1290622-2-768x560.jpg 768w, https:\/\/www.lamennais.org\/wp-content\/uploads\/2023\/08\/P1290622-2-1536x1121.jpg 1536w, https:\/\/www.lamennais.org\/wp-content\/uploads\/2023\/08\/P1290622-2-2048x1495.jpg 2048w, https:\/\/www.lamennais.org\/wp-content\/uploads\/2023\/08\/P1290622-2-260x190.jpg 260w\" sizes=\"(max-width: 860px) 100vw, 860px\" \/><p id=\"caption-attachment-38045\" class=\"wp-caption-text\"><em>Corentin Ogier en el trabajo para compartir las pulseras que ofrece la selecci\u00f3n espa\u00f1ola.<\/em><\/p><\/div>\n<p>Procedentes de muchas ciudades de Espa\u00f1a, incluidas Portugalete, Bilbao, Madrid, la delegaci\u00f3n de j\u00f3venes adultos espa\u00f1oles lleg\u00f3 directamente a principios de semana a Lisboa, mientras que los j\u00f3venes franceses fueron recibidos en familias portuguesas en Oporto la semana anterior.<\/p>\n<p><em>Abajo, la delegaci\u00f3n de JMJ La Mennais Francia al completo.<\/em><\/p>\n<p><img loading=\"lazy\" decoding=\"async\" class=\"wp-image-38021 size-large\" src=\"https:\/\/www.lamennais.org\/wp-content\/uploads\/2023\/08\/IMG_3448-1024x575.jpg\" alt=\"\" width=\"860\" height=\"483\" srcset=\"https:\/\/www.lamennais.org\/wp-content\/uploads\/2023\/08\/IMG_3448-1024x575.jpg 1024w, https:\/\/www.lamennais.org\/wp-content\/uploads\/2023\/08\/IMG_3448-300x168.jpg 300w, https:\/\/www.lamennais.org\/wp-content\/uploads\/2023\/08\/IMG_3448-768x431.jpg 768w, https:\/\/www.lamennais.org\/wp-content\/uploads\/2023\/08\/IMG_3448-1536x862.jpg 1536w, https:\/\/www.lamennais.org\/wp-content\/uploads\/2023\/08\/IMG_3448-2048x1150.jpg 2048w, https:\/\/www.lamennais.org\/wp-content\/uploads\/2023\/08\/IMG_3448-260x146.jpg 260w\" sizes=\"(max-width: 860px) 100vw, 860px\" \/><\/p>\n<h2><strong>\u201c\u00a1El ambiente aqu\u00ed es m\u00e1gico! \u00bb<\/strong><\/h2>\n<p><img loading=\"lazy\" decoding=\"async\" class=\"alignnone size-large wp-image-38033\" src=\"https:\/\/www.lamennais.org\/wp-content\/uploads\/2023\/08\/IMG_3451-1-1024x489.jpg\" alt=\"\" width=\"860\" height=\"411\" srcset=\"https:\/\/www.lamennais.org\/wp-content\/uploads\/2023\/08\/IMG_3451-1-1024x489.jpg 1024w, https:\/\/www.lamennais.org\/wp-content\/uploads\/2023\/08\/IMG_3451-1-300x143.jpg 300w, https:\/\/www.lamennais.org\/wp-content\/uploads\/2023\/08\/IMG_3451-1-768x367.jpg 768w, https:\/\/www.lamennais.org\/wp-content\/uploads\/2023\/08\/IMG_3451-1-1536x734.jpg 1536w, https:\/\/www.lamennais.org\/wp-content\/uploads\/2023\/08\/IMG_3451-1-2048x979.jpg 2048w, https:\/\/www.lamennais.org\/wp-content\/uploads\/2023\/08\/IMG_3451-1-260x124.jpg 260w\" sizes=\"(max-width: 860px) 100vw, 860px\" \/><\/p>\n<p><img loading=\"lazy\" decoding=\"async\" class=\"alignnone size-large wp-image-38030\" src=\"https:\/\/www.lamennais.org\/wp-content\/uploads\/2023\/08\/P1290570-1024x683.jpg\" alt=\"\" width=\"860\" height=\"574\" srcset=\"https:\/\/www.lamennais.org\/wp-content\/uploads\/2023\/08\/P1290570-1024x683.jpg 1024w, https:\/\/www.lamennais.org\/wp-content\/uploads\/2023\/08\/P1290570-300x200.jpg 300w, https:\/\/www.lamennais.org\/wp-content\/uploads\/2023\/08\/P1290570-768x512.jpg 768w, https:\/\/www.lamennais.org\/wp-content\/uploads\/2023\/08\/P1290570-1536x1024.jpg 1536w, https:\/\/www.lamennais.org\/wp-content\/uploads\/2023\/08\/P1290570-2048x1365.jpg 2048w, https:\/\/www.lamennais.org\/wp-content\/uploads\/2023\/08\/P1290570-260x173.jpg 260w, https:\/\/www.lamennais.org\/wp-content\/uploads\/2023\/08\/P1290570-1200x800.jpg 1200w\" sizes=\"(max-width: 860px) 100vw, 860px\" \/><\/p>\n<p>Dani\u00e9la, Martin, Laurene y Louis-Marie comparten sus impresiones y lo que les toca en estas JMJ:<\/p>\n<p>\u201c\u00a1Conocer a tanta gente de todos estos pa\u00edses es incre\u00edble! \u00bb<\/p>\n<p>\u00abTambi\u00e9n quiero aprovechar para profundizar en la religi\u00f3n\u00bb<\/p>\n<p>\u201c\u00a1El ambiente aqu\u00ed es m\u00e1gico! \u00bb<\/p>\n<div id=\"attachment_38006\" style=\"width: 870px\" class=\"wp-caption alignnone\"><img loading=\"lazy\" decoding=\"async\" aria-describedby=\"caption-attachment-38006\" class=\"wp-image-38006 size-large\" src=\"https:\/\/www.lamennais.org\/wp-content\/uploads\/2023\/08\/IMG_3441-1024x599.jpg\" alt=\"\" width=\"860\" height=\"503\" srcset=\"https:\/\/www.lamennais.org\/wp-content\/uploads\/2023\/08\/IMG_3441-1024x599.jpg 1024w, https:\/\/www.lamennais.org\/wp-content\/uploads\/2023\/08\/IMG_3441-300x175.jpg 300w, https:\/\/www.lamennais.org\/wp-content\/uploads\/2023\/08\/IMG_3441-768x449.jpg 768w, https:\/\/www.lamennais.org\/wp-content\/uploads\/2023\/08\/IMG_3441-1536x898.jpg 1536w, https:\/\/www.lamennais.org\/wp-content\/uploads\/2023\/08\/IMG_3441-2048x1198.jpg 2048w, https:\/\/www.lamennais.org\/wp-content\/uploads\/2023\/08\/IMG_3441-260x152.jpg 260w\" sizes=\"(max-width: 860px) 100vw, 860px\" \/><p id=\"caption-attachment-38006\" class=\"wp-caption-text\"><em>Risas, buen humor, el placer de estar juntos.<\/em><\/p><\/div>\n<p><img loading=\"lazy\" decoding=\"async\" class=\"alignnone size-large wp-image-38015\" src=\"https:\/\/www.lamennais.org\/wp-content\/uploads\/2023\/08\/IMG_3443-1024x614.jpg\" alt=\"\" width=\"860\" height=\"516\" srcset=\"https:\/\/www.lamennais.org\/wp-content\/uploads\/2023\/08\/IMG_3443-1024x614.jpg 1024w, https:\/\/www.lamennais.org\/wp-content\/uploads\/2023\/08\/IMG_3443-300x180.jpg 300w, https:\/\/www.lamennais.org\/wp-content\/uploads\/2023\/08\/IMG_3443-768x460.jpg 768w, https:\/\/www.lamennais.org\/wp-content\/uploads\/2023\/08\/IMG_3443-1536x920.jpg 1536w, https:\/\/www.lamennais.org\/wp-content\/uploads\/2023\/08\/IMG_3443-2048x1227.jpg 2048w, https:\/\/www.lamennais.org\/wp-content\/uploads\/2023\/08\/IMG_3443-260x156.jpg 260w\" sizes=\"(max-width: 860px) 100vw, 860px\" \/><\/p>\n<h2>\u201cMe conmovi\u00f3 mucho cuando fuimos bendecidos\u201d<\/h2>\n<p>\u201cNuestras realidades como j\u00f3venes son diferentes, pero compartimos esencialmente las mismas preocupaciones por la naturaleza y el desarrollo, la necesidad de paz frente a los conflictos y las guerras\u201d<\/p>\n<p>Ayer cuando el sacerdote nos bendijo, me emocion\u00e9 mucho. \u00bb<\/p>\n<p>En otro equipo, un joven nos asegura: \u201cVenir a la JMJ me permiti\u00f3 conocer a Nathalie\u201d.<\/p>\n<h2>A los j\u00f3venes menesianos del mundo: \u00ab\u00a1Volvamos a encontrarnos! \u00bb<\/h2>\n<div id=\"attachment_38027\" style=\"width: 870px\" class=\"wp-caption alignnone\"><img loading=\"lazy\" decoding=\"async\" aria-describedby=\"caption-attachment-38027\" class=\"wp-image-38027 size-large\" src=\"https:\/\/www.lamennais.org\/wp-content\/uploads\/2023\/08\/IMG-20230803-WA0005-2-1019x1024.jpg\" alt=\"\" width=\"860\" height=\"864\" srcset=\"https:\/\/www.lamennais.org\/wp-content\/uploads\/2023\/08\/IMG-20230803-WA0005-2-1019x1024.jpg 1019w, https:\/\/www.lamennais.org\/wp-content\/uploads\/2023\/08\/IMG-20230803-WA0005-2-300x300.jpg 300w, https:\/\/www.lamennais.org\/wp-content\/uploads\/2023\/08\/IMG-20230803-WA0005-2-150x150.jpg 150w, https:\/\/www.lamennais.org\/wp-content\/uploads\/2023\/08\/IMG-20230803-WA0005-2-768x772.jpg 768w, https:\/\/www.lamennais.org\/wp-content\/uploads\/2023\/08\/IMG-20230803-WA0005-2-260x261.jpg 260w, https:\/\/www.lamennais.org\/wp-content\/uploads\/2023\/08\/IMG-20230803-WA0005-2.jpg 1200w\" sizes=\"(max-width: 860px) 100vw, 860px\" \/><p id=\"caption-attachment-38027\" class=\"wp-caption-text\"><em>\u00a1J\u00f3venes menesianos, ayudemos a sembrar esperanza!<\/em><\/p><\/div>\n<p>La oportunidad tambi\u00e9n es buen\u00ednima para enviar un mensaje a los otros j\u00f3venes menesianos del mundo.<\/p>\n<p><strong>\u201c\u00a1J\u00f3venes menesianos!<\/strong><\/p>\n<p><strong>Encontr\u00e9monos en la pr\u00f3xima JMJ.<\/strong><\/p>\n<p><strong>\u00a1Es un momento tan de hermandad!<\/strong><\/p>\n<p><strong>Ven y vive tu fe y date cuenta<\/strong><\/p>\n<p><strong>que no est\u00e1s solo en creer en Dios!<\/strong><\/p>\n<p><strong>Participar en una pr\u00f3xima reuni\u00f3n:<\/strong><\/p>\n<p><strong>es descubrir, querer y construir un mundo de esperanza.<\/strong>\u00bb<\/p>\n<p>\u00a1C\u00f3mo no hacer un enlace al Cap\u00edtulo General de los Hermanos que tendr\u00e1 lugar en Roma el pr\u00f3ximo mes de marzo sobre el tema: \u201cServidores de la Esperanza\u201d!<\/p>\n<p><strong><em>Informe elaborado con la colaboraci\u00f3n de Camille Guitton, Claire Tanguy, Arnaud Morandeau, Corentin Ogier, Elise Urvoas, Hno. James Hayes, Hno. <\/em><\/strong><strong><em>Rafa Alonso, Hno. Justino de Santiago, Michel Tanguy.<\/em><\/strong><\/p>\n","protected":false},"excerpt":{"rendered":"<p>\u00a1Gritos de alegr\u00eda y abrazos! Los 22 j\u00f3venes espa\u00f1oles y los 27 franceses celebraron este mi\u00e9rcoles un l\u00fadico reencuentro en el jard\u00edn de la Estrella, en pleno centro de Lisboa. Talleres, concierto, comida, oraci\u00f3n. \u00a1Sentirse parte de una familia com\u00fan es importante! Y los 49 La Mennais de la JMJ env\u00edan un mensaje a los [&hellip;]<\/p>\n","protected":false},"author":3,"featured_media":38020,"comment_status":"closed","ping_status":"closed","sticky":false,"template":"","format":"standard","meta":{"footnotes":""},"categories":[105],"tags":[],"class_list":["post-38087","post","type-post","status-publish","format-standard","has-post-thumbnail","hentry","category-noticias"],"yoast_head":"<!-- This site is optimized with the Yoast SEO plugin v27.4 - https:\/\/yoast.com\/product\/yoast-seo-wordpress\/ -->\n<title>&quot;LOS 49 J\u00d3VENES JMJ LA MENNAIS A LOS MENESIANOS DEL MUNDO. ESTAMOS ORGULLOSOS DE SER UNA FAMLIA GLOBAL. \u00a1NOS VEMOS EN LA PR\u00d3XIMA JMJ !&quot; - LaMennais.org<\/title>\n<meta name=\"robots\" content=\"index, follow, max-snippet:-1, max-image-preview:large, max-video-preview:-1\" \/>\n<link rel=\"canonical\" href=\"https:\/\/www.lamennais.org\/es\/los-49-jovenes-jmj-la-mennais-a-los-menesianos-del-mundo-estamos-orgullosos-de-ser-una-famlia-global-nos-vemos-en-la-proxima-jmj\/\" \/>\n<meta property=\"og:locale\" content=\"es_ES\" \/>\n<meta property=\"og:type\" content=\"article\" \/>\n<meta property=\"og:title\" content=\"&quot;LOS 49 J\u00d3VENES JMJ LA MENNAIS A LOS MENESIANOS DEL MUNDO. ESTAMOS ORGULLOSOS DE SER UNA FAMLIA GLOBAL. \u00a1NOS VEMOS EN LA PR\u00d3XIMA JMJ !&quot; - LaMennais.org\" \/>\n<meta property=\"og:description\" content=\"\u00a1Gritos de alegr\u00eda y abrazos! Los 22 j\u00f3venes espa\u00f1oles y los 27 franceses celebraron este mi\u00e9rcoles un l\u00fadico reencuentro en el jard\u00edn de la Estrella, en pleno centro de Lisboa. Talleres, concierto, comida, oraci\u00f3n. \u00a1Sentirse parte de una familia com\u00fan es importante! Y los 49 La Mennais de la JMJ env\u00edan un mensaje a los [&hellip;]\" \/>\n<meta property=\"og:url\" content=\"https:\/\/www.lamennais.org\/es\/los-49-jovenes-jmj-la-mennais-a-los-menesianos-del-mundo-estamos-orgullosos-de-ser-una-famlia-global-nos-vemos-en-la-proxima-jmj\/\" \/>\n<meta property=\"og:site_name\" content=\"LaMennais.org\" \/>\n<meta property=\"article:published_time\" content=\"2023-08-03T12:11:47+00:00\" \/>\n<meta property=\"article:modified_time\" content=\"2023-08-05T08:34:43+00:00\" \/>\n<meta property=\"og:image\" content=\"https:\/\/www.lamennais.org\/wp-content\/uploads\/2023\/08\/IMG_3447-2-e1691064860716.jpg\" \/>\n\t<meta property=\"og:image:width\" content=\"2013\" \/>\n\t<meta property=\"og:image:height\" content=\"979\" \/>\n\t<meta property=\"og:image:type\" content=\"image\/jpeg\" \/>\n<meta name=\"author\" content=\"Herv\u00e9 Asse\" \/>\n<meta name=\"twitter:card\" content=\"summary_large_image\" \/>\n<meta name=\"twitter:label1\" content=\"Escrito por\" \/>\n\t<meta name=\"twitter:data1\" content=\"Herv\u00e9 Asse\" \/>\n\t<meta name=\"twitter:label2\" content=\"Tiempo de lectura\" \/>\n\t<meta name=\"twitter:data2\" content=\"5 minutos\" \/>\n<script type=\"application\/ld+json\" class=\"yoast-schema-graph\">{\"@context\":\"https:\\\/\\\/schema.org\",\"@graph\":[{\"@type\":\"Article\",\"@id\":\"https:\\\/\\\/www.lamennais.org\\\/es\\\/los-49-jovenes-jmj-la-mennais-a-los-menesianos-del-mundo-estamos-orgullosos-de-ser-una-famlia-global-nos-vemos-en-la-proxima-jmj\\\/#article\",\"isPartOf\":{\"@id\":\"https:\\\/\\\/www.lamennais.org\\\/es\\\/los-49-jovenes-jmj-la-mennais-a-los-menesianos-del-mundo-estamos-orgullosos-de-ser-una-famlia-global-nos-vemos-en-la-proxima-jmj\\\/\"},\"author\":{\"name\":\"Herv\u00e9 Asse\",\"@id\":\"https:\\\/\\\/www.lamennais.org\\\/#\\\/schema\\\/person\\\/2a8d6e8a95babedd5ba1c43afd2e3844\"},\"headline\":\"\u00abLOS 49 J\u00d3VENES JMJ LA MENNAIS A LOS MENESIANOS DEL MUNDO. ESTAMOS ORGULLOSOS DE SER UNA FAMLIA GLOBAL. \u00a1NOS VEMOS EN LA PR\u00d3XIMA JMJ !\u00bb\",\"datePublished\":\"2023-08-03T12:11:47+00:00\",\"dateModified\":\"2023-08-05T08:34:43+00:00\",\"mainEntityOfPage\":{\"@id\":\"https:\\\/\\\/www.lamennais.org\\\/es\\\/los-49-jovenes-jmj-la-mennais-a-los-menesianos-del-mundo-estamos-orgullosos-de-ser-una-famlia-global-nos-vemos-en-la-proxima-jmj\\\/\"},\"wordCount\":650,\"image\":{\"@id\":\"https:\\\/\\\/www.lamennais.org\\\/es\\\/los-49-jovenes-jmj-la-mennais-a-los-menesianos-del-mundo-estamos-orgullosos-de-ser-una-famlia-global-nos-vemos-en-la-proxima-jmj\\\/#primaryimage\"},\"thumbnailUrl\":\"https:\\\/\\\/www.lamennais.org\\\/wp-content\\\/uploads\\\/2023\\\/08\\\/IMG_3447-2-e1691064860716.jpg\",\"articleSection\":[\"NOTICIAS\"],\"inLanguage\":\"es\"},{\"@type\":\"WebPage\",\"@id\":\"https:\\\/\\\/www.lamennais.org\\\/es\\\/los-49-jovenes-jmj-la-mennais-a-los-menesianos-del-mundo-estamos-orgullosos-de-ser-una-famlia-global-nos-vemos-en-la-proxima-jmj\\\/\",\"url\":\"https:\\\/\\\/www.lamennais.org\\\/es\\\/los-49-jovenes-jmj-la-mennais-a-los-menesianos-del-mundo-estamos-orgullosos-de-ser-una-famlia-global-nos-vemos-en-la-proxima-jmj\\\/\",\"name\":\"\\\"LOS 49 J\u00d3VENES JMJ LA MENNAIS A LOS MENESIANOS DEL MUNDO. ESTAMOS ORGULLOSOS DE SER UNA FAMLIA GLOBAL. \u00a1NOS VEMOS EN LA PR\u00d3XIMA JMJ !\\\" - LaMennais.org\",\"isPartOf\":{\"@id\":\"https:\\\/\\\/www.lamennais.org\\\/#website\"},\"primaryImageOfPage\":{\"@id\":\"https:\\\/\\\/www.lamennais.org\\\/es\\\/los-49-jovenes-jmj-la-mennais-a-los-menesianos-del-mundo-estamos-orgullosos-de-ser-una-famlia-global-nos-vemos-en-la-proxima-jmj\\\/#primaryimage\"},\"image\":{\"@id\":\"https:\\\/\\\/www.lamennais.org\\\/es\\\/los-49-jovenes-jmj-la-mennais-a-los-menesianos-del-mundo-estamos-orgullosos-de-ser-una-famlia-global-nos-vemos-en-la-proxima-jmj\\\/#primaryimage\"},\"thumbnailUrl\":\"https:\\\/\\\/www.lamennais.org\\\/wp-content\\\/uploads\\\/2023\\\/08\\\/IMG_3447-2-e1691064860716.jpg\",\"datePublished\":\"2023-08-03T12:11:47+00:00\",\"dateModified\":\"2023-08-05T08:34:43+00:00\",\"author\":{\"@id\":\"https:\\\/\\\/www.lamennais.org\\\/#\\\/schema\\\/person\\\/2a8d6e8a95babedd5ba1c43afd2e3844\"},\"breadcrumb\":{\"@id\":\"https:\\\/\\\/www.lamennais.org\\\/es\\\/los-49-jovenes-jmj-la-mennais-a-los-menesianos-del-mundo-estamos-orgullosos-de-ser-una-famlia-global-nos-vemos-en-la-proxima-jmj\\\/#breadcrumb\"},\"inLanguage\":\"es\",\"potentialAction\":[{\"@type\":\"ReadAction\",\"target\":[\"https:\\\/\\\/www.lamennais.org\\\/es\\\/los-49-jovenes-jmj-la-mennais-a-los-menesianos-del-mundo-estamos-orgullosos-de-ser-una-famlia-global-nos-vemos-en-la-proxima-jmj\\\/\"]}]},{\"@type\":\"ImageObject\",\"inLanguage\":\"es\",\"@id\":\"https:\\\/\\\/www.lamennais.org\\\/es\\\/los-49-jovenes-jmj-la-mennais-a-los-menesianos-del-mundo-estamos-orgullosos-de-ser-una-famlia-global-nos-vemos-en-la-proxima-jmj\\\/#primaryimage\",\"url\":\"https:\\\/\\\/www.lamennais.org\\\/wp-content\\\/uploads\\\/2023\\\/08\\\/IMG_3447-2-e1691064860716.jpg\",\"contentUrl\":\"https:\\\/\\\/www.lamennais.org\\\/wp-content\\\/uploads\\\/2023\\\/08\\\/IMG_3447-2-e1691064860716.jpg\",\"width\":2013,\"height\":979},{\"@type\":\"BreadcrumbList\",\"@id\":\"https:\\\/\\\/www.lamennais.org\\\/es\\\/los-49-jovenes-jmj-la-mennais-a-los-menesianos-del-mundo-estamos-orgullosos-de-ser-una-famlia-global-nos-vemos-en-la-proxima-jmj\\\/#breadcrumb\",\"itemListElement\":[{\"@type\":\"ListItem\",\"position\":1,\"name\":\"Accueil\",\"item\":\"https:\\\/\\\/www.lamennais.org\\\/\"},{\"@type\":\"ListItem\",\"position\":2,\"name\":\"\u00abLOS 49 J\u00d3VENES JMJ LA MENNAIS A LOS MENESIANOS DEL MUNDO. ESTAMOS ORGULLOSOS DE SER UNA FAMLIA GLOBAL. \u00a1NOS VEMOS EN LA PR\u00d3XIMA JMJ !\u00bb\"}]},{\"@type\":\"WebSite\",\"@id\":\"https:\\\/\\\/www.lamennais.org\\\/#website\",\"url\":\"https:\\\/\\\/www.lamennais.org\\\/\",\"name\":\"LaMennais.org\",\"description\":\"Fr\u00e8res de l&#039;Instruction Chr\u00e9tienne et Famille Mennaisienne\",\"potentialAction\":[{\"@type\":\"SearchAction\",\"target\":{\"@type\":\"EntryPoint\",\"urlTemplate\":\"https:\\\/\\\/www.lamennais.org\\\/?s={search_term_string}\"},\"query-input\":{\"@type\":\"PropertyValueSpecification\",\"valueRequired\":true,\"valueName\":\"search_term_string\"}}],\"inLanguage\":\"es\"},{\"@type\":\"Person\",\"@id\":\"https:\\\/\\\/www.lamennais.org\\\/#\\\/schema\\\/person\\\/2a8d6e8a95babedd5ba1c43afd2e3844\",\"name\":\"Herv\u00e9 Asse\",\"image\":{\"@type\":\"ImageObject\",\"inLanguage\":\"es\",\"@id\":\"https:\\\/\\\/secure.gravatar.com\\\/avatar\\\/1aaa7b1baf759c8b40525f40af381cbaa2b0ddd554f57145bceb0654ba45b4c0?s=96&d=mm&r=g\",\"url\":\"https:\\\/\\\/secure.gravatar.com\\\/avatar\\\/1aaa7b1baf759c8b40525f40af381cbaa2b0ddd554f57145bceb0654ba45b4c0?s=96&d=mm&r=g\",\"contentUrl\":\"https:\\\/\\\/secure.gravatar.com\\\/avatar\\\/1aaa7b1baf759c8b40525f40af381cbaa2b0ddd554f57145bceb0654ba45b4c0?s=96&d=mm&r=g\",\"caption\":\"Herv\u00e9 Asse\"}}]}<\/script>\n<!-- \/ Yoast SEO plugin. -->","yoast_head_json":{"title":"\"LOS 49 J\u00d3VENES JMJ LA MENNAIS A LOS MENESIANOS DEL MUNDO. ESTAMOS ORGULLOSOS DE SER UNA FAMLIA GLOBAL. \u00a1NOS VEMOS EN LA PR\u00d3XIMA JMJ !\" - LaMennais.org","robots":{"index":"index","follow":"follow","max-snippet":"max-snippet:-1","max-image-preview":"max-image-preview:large","max-video-preview":"max-video-preview:-1"},"canonical":"https:\/\/www.lamennais.org\/es\/los-49-jovenes-jmj-la-mennais-a-los-menesianos-del-mundo-estamos-orgullosos-de-ser-una-famlia-global-nos-vemos-en-la-proxima-jmj\/","og_locale":"es_ES","og_type":"article","og_title":"\"LOS 49 J\u00d3VENES JMJ LA MENNAIS A LOS MENESIANOS DEL MUNDO. ESTAMOS ORGULLOSOS DE SER UNA FAMLIA GLOBAL. \u00a1NOS VEMOS EN LA PR\u00d3XIMA JMJ !\" - LaMennais.org","og_description":"\u00a1Gritos de alegr\u00eda y abrazos! Los 22 j\u00f3venes espa\u00f1oles y los 27 franceses celebraron este mi\u00e9rcoles un l\u00fadico reencuentro en el jard\u00edn de la Estrella, en pleno centro de Lisboa. Talleres, concierto, comida, oraci\u00f3n. \u00a1Sentirse parte de una familia com\u00fan es importante! Y los 49 La Mennais de la JMJ env\u00edan un mensaje a los [&hellip;]","og_url":"https:\/\/www.lamennais.org\/es\/los-49-jovenes-jmj-la-mennais-a-los-menesianos-del-mundo-estamos-orgullosos-de-ser-una-famlia-global-nos-vemos-en-la-proxima-jmj\/","og_site_name":"LaMennais.org","article_published_time":"2023-08-03T12:11:47+00:00","article_modified_time":"2023-08-05T08:34:43+00:00","og_image":[{"width":2013,"height":979,"url":"https:\/\/www.lamennais.org\/wp-content\/uploads\/2023\/08\/IMG_3447-2-e1691064860716.jpg","type":"image\/jpeg"}],"author":"Herv\u00e9 Asse","twitter_card":"summary_large_image","twitter_misc":{"Escrito por":"Herv\u00e9 Asse","Tiempo de lectura":"5 minutos"},"schema":{"@context":"https:\/\/schema.org","@graph":[{"@type":"Article","@id":"https:\/\/www.lamennais.org\/es\/los-49-jovenes-jmj-la-mennais-a-los-menesianos-del-mundo-estamos-orgullosos-de-ser-una-famlia-global-nos-vemos-en-la-proxima-jmj\/#article","isPartOf":{"@id":"https:\/\/www.lamennais.org\/es\/los-49-jovenes-jmj-la-mennais-a-los-menesianos-del-mundo-estamos-orgullosos-de-ser-una-famlia-global-nos-vemos-en-la-proxima-jmj\/"},"author":{"name":"Herv\u00e9 Asse","@id":"https:\/\/www.lamennais.org\/#\/schema\/person\/2a8d6e8a95babedd5ba1c43afd2e3844"},"headline":"\u00abLOS 49 J\u00d3VENES JMJ LA MENNAIS A LOS MENESIANOS DEL MUNDO. ESTAMOS ORGULLOSOS DE SER UNA FAMLIA GLOBAL. \u00a1NOS VEMOS EN LA PR\u00d3XIMA JMJ !\u00bb","datePublished":"2023-08-03T12:11:47+00:00","dateModified":"2023-08-05T08:34:43+00:00","mainEntityOfPage":{"@id":"https:\/\/www.lamennais.org\/es\/los-49-jovenes-jmj-la-mennais-a-los-menesianos-del-mundo-estamos-orgullosos-de-ser-una-famlia-global-nos-vemos-en-la-proxima-jmj\/"},"wordCount":650,"image":{"@id":"https:\/\/www.lamennais.org\/es\/los-49-jovenes-jmj-la-mennais-a-los-menesianos-del-mundo-estamos-orgullosos-de-ser-una-famlia-global-nos-vemos-en-la-proxima-jmj\/#primaryimage"},"thumbnailUrl":"https:\/\/www.lamennais.org\/wp-content\/uploads\/2023\/08\/IMG_3447-2-e1691064860716.jpg","articleSection":["NOTICIAS"],"inLanguage":"es"},{"@type":"WebPage","@id":"https:\/\/www.lamennais.org\/es\/los-49-jovenes-jmj-la-mennais-a-los-menesianos-del-mundo-estamos-orgullosos-de-ser-una-famlia-global-nos-vemos-en-la-proxima-jmj\/","url":"https:\/\/www.lamennais.org\/es\/los-49-jovenes-jmj-la-mennais-a-los-menesianos-del-mundo-estamos-orgullosos-de-ser-una-famlia-global-nos-vemos-en-la-proxima-jmj\/","name":"\"LOS 49 J\u00d3VENES JMJ LA MENNAIS A LOS MENESIANOS DEL MUNDO. ESTAMOS ORGULLOSOS DE SER UNA FAMLIA GLOBAL. \u00a1NOS VEMOS EN LA PR\u00d3XIMA JMJ !\" - LaMennais.org","isPartOf":{"@id":"https:\/\/www.lamennais.org\/#website"},"primaryImageOfPage":{"@id":"https:\/\/www.lamennais.org\/es\/los-49-jovenes-jmj-la-mennais-a-los-menesianos-del-mundo-estamos-orgullosos-de-ser-una-famlia-global-nos-vemos-en-la-proxima-jmj\/#primaryimage"},"image":{"@id":"https:\/\/www.lamennais.org\/es\/los-49-jovenes-jmj-la-mennais-a-los-menesianos-del-mundo-estamos-orgullosos-de-ser-una-famlia-global-nos-vemos-en-la-proxima-jmj\/#primaryimage"},"thumbnailUrl":"https:\/\/www.lamennais.org\/wp-content\/uploads\/2023\/08\/IMG_3447-2-e1691064860716.jpg","datePublished":"2023-08-03T12:11:47+00:00","dateModified":"2023-08-05T08:34:43+00:00","author":{"@id":"https:\/\/www.lamennais.org\/#\/schema\/person\/2a8d6e8a95babedd5ba1c43afd2e3844"},"breadcrumb":{"@id":"https:\/\/www.lamennais.org\/es\/los-49-jovenes-jmj-la-mennais-a-los-menesianos-del-mundo-estamos-orgullosos-de-ser-una-famlia-global-nos-vemos-en-la-proxima-jmj\/#breadcrumb"},"inLanguage":"es","potentialAction":[{"@type":"ReadAction","target":["https:\/\/www.lamennais.org\/es\/los-49-jovenes-jmj-la-mennais-a-los-menesianos-del-mundo-estamos-orgullosos-de-ser-una-famlia-global-nos-vemos-en-la-proxima-jmj\/"]}]},{"@type":"ImageObject","inLanguage":"es","@id":"https:\/\/www.lamennais.org\/es\/los-49-jovenes-jmj-la-mennais-a-los-menesianos-del-mundo-estamos-orgullosos-de-ser-una-famlia-global-nos-vemos-en-la-proxima-jmj\/#primaryimage","url":"https:\/\/www.lamennais.org\/wp-content\/uploads\/2023\/08\/IMG_3447-2-e1691064860716.jpg","contentUrl":"https:\/\/www.lamennais.org\/wp-content\/uploads\/2023\/08\/IMG_3447-2-e1691064860716.jpg","width":2013,"height":979},{"@type":"BreadcrumbList","@id":"https:\/\/www.lamennais.org\/es\/los-49-jovenes-jmj-la-mennais-a-los-menesianos-del-mundo-estamos-orgullosos-de-ser-una-famlia-global-nos-vemos-en-la-proxima-jmj\/#breadcrumb","itemListElement":[{"@type":"ListItem","position":1,"name":"Accueil","item":"https:\/\/www.lamennais.org\/"},{"@type":"ListItem","position":2,"name":"\u00abLOS 49 J\u00d3VENES JMJ LA MENNAIS A LOS MENESIANOS DEL MUNDO. ESTAMOS ORGULLOSOS DE SER UNA FAMLIA GLOBAL. \u00a1NOS VEMOS EN LA PR\u00d3XIMA JMJ !\u00bb"}]},{"@type":"WebSite","@id":"https:\/\/www.lamennais.org\/#website","url":"https:\/\/www.lamennais.org\/","name":"LaMennais.org","description":"Fr\u00e8res de l&#039;Instruction Chr\u00e9tienne et Famille Mennaisienne","potentialAction":[{"@type":"SearchAction","target":{"@type":"EntryPoint","urlTemplate":"https:\/\/www.lamennais.org\/?s={search_term_string}"},"query-input":{"@type":"PropertyValueSpecification","valueRequired":true,"valueName":"search_term_string"}}],"inLanguage":"es"},{"@type":"Person","@id":"https:\/\/www.lamennais.org\/#\/schema\/person\/2a8d6e8a95babedd5ba1c43afd2e3844","name":"Herv\u00e9 Asse","image":{"@type":"ImageObject","inLanguage":"es","@id":"https:\/\/secure.gravatar.com\/avatar\/1aaa7b1baf759c8b40525f40af381cbaa2b0ddd554f57145bceb0654ba45b4c0?s=96&d=mm&r=g","url":"https:\/\/secure.gravatar.com\/avatar\/1aaa7b1baf759c8b40525f40af381cbaa2b0ddd554f57145bceb0654ba45b4c0?s=96&d=mm&r=g","contentUrl":"https:\/\/secure.gravatar.com\/avatar\/1aaa7b1baf759c8b40525f40af381cbaa2b0ddd554f57145bceb0654ba45b4c0?s=96&d=mm&r=g","caption":"Herv\u00e9 Asse"}}]}},"_links":{"self":[{"href":"https:\/\/www.lamennais.org\/es\/wp-json\/wp\/v2\/posts\/38087","targetHints":{"allow":["GET"]}}],"collection":[{"href":"https:\/\/www.lamennais.org\/es\/wp-json\/wp\/v2\/posts"}],"about":[{"href":"https:\/\/www.lamennais.org\/es\/wp-json\/wp\/v2\/types\/post"}],"author":[{"embeddable":true,"href":"https:\/\/www.lamennais.org\/es\/wp-json\/wp\/v2\/users\/3"}],"replies":[{"embeddable":true,"href":"https:\/\/www.lamennais.org\/es\/wp-json\/wp\/v2\/comments?post=38087"}],"version-history":[{"count":1,"href":"https:\/\/www.lamennais.org\/es\/wp-json\/wp\/v2\/posts\/38087\/revisions"}],"predecessor-version":[{"id":38088,"href":"https:\/\/www.lamennais.org\/es\/wp-json\/wp\/v2\/posts\/38087\/revisions\/38088"}],"wp:featuredmedia":[{"embeddable":true,"href":"https:\/\/www.lamennais.org\/es\/wp-json\/wp\/v2\/media\/38020"}],"wp:attachment":[{"href":"https:\/\/www.lamennais.org\/es\/wp-json\/wp\/v2\/media?parent=38087"}],"wp:term":[{"taxonomy":"category","embeddable":true,"href":"https:\/\/www.lamennais.org\/es\/wp-json\/wp\/v2\/categories?post=38087"},{"taxonomy":"post_tag","embeddable":true,"href":"https:\/\/www.lamennais.org\/es\/wp-json\/wp\/v2\/tags?post=38087"}],"curies":[{"name":"wp","href":"https:\/\/api.w.org\/{rel}","templated":true}]}}