{"id":37998,"date":"2023-08-02T15:13:30","date_gmt":"2023-08-02T13:13:30","guid":{"rendered":"https:\/\/www.lamennais.org\/?p=37998"},"modified":"2023-08-03T11:19:33","modified_gmt":"2023-08-03T09:19:33","slug":"inedit-a-la-jmj-45-000-franceses-para-kiffer-todo-el-pais","status":"publish","type":"post","link":"https:\/\/www.lamennais.org\/es\/inedit-a-la-jmj-45-000-franceses-para-kiffer-todo-el-pais\/","title":{"rendered":"<strong>INEDIT A LA JMJ. \u00a145.000 franceses para \u00abkiffer\u00bb todo el pa\u00eds!<\/strong>"},"content":{"rendered":"<p><strong>\u201c\u00a1Seguir a Jes\u00fas me da tranquilidad! \u00abOlivier Giroud, El excapit\u00e1n de los Blues y famoso futbolista marc\u00f3 la pauta este martes durante su mensaje a los 45.000 jmists. Reunidas de una manera sin precedentes en la historia de la JMJ, delegaciones de di\u00f3cesis, comunidades y redes vibraron al comp\u00e1s de m\u00fasica, testimonios, clips y momentos de oraci\u00f3n. \u00a1Ambiente!<\/strong><\/p>\n<p>\u00abAmaremos a todo el pa\u00eds. Esta vez es real, Francia va a la JMJ\u201d.<\/p>\n<div id=\"attachment_37938\" style=\"width: 870px\" class=\"wp-caption alignnone\"><img fetchpriority=\"high\" decoding=\"async\" aria-describedby=\"caption-attachment-37938\" class=\"wp-image-37938 size-large\" src=\"https:\/\/www.lamennais.org\/wp-content\/uploads\/2023\/08\/IMG_3417-2-1024x510.jpg\" alt=\"\" width=\"860\" height=\"428\" srcset=\"https:\/\/www.lamennais.org\/wp-content\/uploads\/2023\/08\/IMG_3417-2-1024x510.jpg 1024w, https:\/\/www.lamennais.org\/wp-content\/uploads\/2023\/08\/IMG_3417-2-300x149.jpg 300w, https:\/\/www.lamennais.org\/wp-content\/uploads\/2023\/08\/IMG_3417-2-768x383.jpg 768w, https:\/\/www.lamennais.org\/wp-content\/uploads\/2023\/08\/IMG_3417-2-1536x765.jpg 1536w, https:\/\/www.lamennais.org\/wp-content\/uploads\/2023\/08\/IMG_3417-2-2048x1021.jpg 2048w, https:\/\/www.lamennais.org\/wp-content\/uploads\/2023\/08\/IMG_3417-2-260x130.jpg 260w\" sizes=\"(max-width: 860px) 100vw, 860px\" \/><p id=\"caption-attachment-37938\" class=\"wp-caption-text\"><em>Los creadores de la canci\u00f3n de la JMJ en el escenario: \u00a1ambiente!<\/em><\/p><\/div>\n<p>Los ritmos de las Letras de GAB, ZITA, Hush 777 en una vuelta de: HDX -Remix Pompei- son un golpe. Durante 4 horas, junto al mar en el paso mar\u00edtimo de Alg\u00e8s a Lisboa, esta ma\u00f1ana francesa toca los corazones.<\/p>\n<div class=\"video-container\"><iframe title=\"TOUT LE PAYS - JMJ Lisbonne - (HDX Remix) ft. GAB, ZITA, HUSH 777\" width=\"860\" height=\"484\" src=\"https:\/\/www.youtube.com\/embed\/8NkLydcBADA?feature=oembed\" frameborder=\"0\" allow=\"accelerometer; autoplay; clipboard-write; encrypted-media; gyroscope; picture-in-picture; web-share\" allowfullscreen><\/iframe><\/div>\n<div id=\"attachment_37956\" style=\"width: 870px\" class=\"wp-caption alignnone\"><img decoding=\"async\" aria-describedby=\"caption-attachment-37956\" class=\"wp-image-37956 size-large\" src=\"https:\/\/www.lamennais.org\/wp-content\/uploads\/2023\/08\/IMG-20230802-WA0028-1024x768.jpg\" alt=\"\" width=\"860\" height=\"645\" srcset=\"https:\/\/www.lamennais.org\/wp-content\/uploads\/2023\/08\/IMG-20230802-WA0028-1024x768.jpg 1024w, https:\/\/www.lamennais.org\/wp-content\/uploads\/2023\/08\/IMG-20230802-WA0028-300x225.jpg 300w, https:\/\/www.lamennais.org\/wp-content\/uploads\/2023\/08\/IMG-20230802-WA0028-768x576.jpg 768w, https:\/\/www.lamennais.org\/wp-content\/uploads\/2023\/08\/IMG-20230802-WA0028-1536x1152.jpg 1536w, https:\/\/www.lamennais.org\/wp-content\/uploads\/2023\/08\/IMG-20230802-WA0028-260x195.jpg 260w, https:\/\/www.lamennais.org\/wp-content\/uploads\/2023\/08\/IMG-20230802-WA0028.jpg 1600w\" sizes=\"(max-width: 860px) 100vw, 860px\" \/><p id=\"caption-attachment-37956\" class=\"wp-caption-text\"><em>El equipo de La Mennais Francia est\u00e1 bien situado en el coraz\u00f3n de esta reuni\u00f3n.<\/em><\/p><\/div>\n<h2>\u00a1Un impulso!<\/h2>\n<p>\u201cEste encuentro es un impulso para toda la delegaci\u00f3n francesa\u201d subraya Mons. de Moulins-Beaufort, presidente de los obispos de Francia, reunido a la entrada del espacio de Alg\u00e8s. Es una oportunidad excepcional estar aqu\u00ed para compartir nuestra alegr\u00eda de estar juntos y constituir la delegaci\u00f3n nacional m\u00e1s fuerte, despu\u00e9s de la portuguesa y la espa\u00f1ola\u201d.<\/p>\n<div id=\"attachment_37953\" style=\"width: 870px\" class=\"wp-caption alignnone\"><img decoding=\"async\" aria-describedby=\"caption-attachment-37953\" class=\"wp-image-37953 size-large\" src=\"https:\/\/www.lamennais.org\/wp-content\/uploads\/2023\/08\/IMG_3425-2-1024x702.jpg\" alt=\"\" width=\"860\" height=\"590\" srcset=\"https:\/\/www.lamennais.org\/wp-content\/uploads\/2023\/08\/IMG_3425-2-1024x702.jpg 1024w, https:\/\/www.lamennais.org\/wp-content\/uploads\/2023\/08\/IMG_3425-2-300x206.jpg 300w, https:\/\/www.lamennais.org\/wp-content\/uploads\/2023\/08\/IMG_3425-2-768x526.jpg 768w, https:\/\/www.lamennais.org\/wp-content\/uploads\/2023\/08\/IMG_3425-2-1536x1053.jpg 1536w, https:\/\/www.lamennais.org\/wp-content\/uploads\/2023\/08\/IMG_3425-2-260x178.jpg 260w, https:\/\/www.lamennais.org\/wp-content\/uploads\/2023\/08\/IMG_3425-2.jpg 1776w\" sizes=\"(max-width: 860px) 100vw, 860px\" \/><p id=\"caption-attachment-37953\" class=\"wp-caption-text\"><em>Obispo de Moulins-Beaufort \u2013 a la derecha \u2013 en la entrada del <\/em><em>lugar<\/em><em>: \u201c\u00a1Bienvenido a este refuerzo! \u00bb<\/em><\/p><\/div>\n<div id=\"attachment_37950\" style=\"width: 870px\" class=\"wp-caption alignnone\"><img loading=\"lazy\" decoding=\"async\" aria-describedby=\"caption-attachment-37950\" class=\"wp-image-37950 size-large\" src=\"https:\/\/www.lamennais.org\/wp-content\/uploads\/2023\/08\/IMG_3424-1024x867.jpg\" alt=\"\" width=\"860\" height=\"728\" srcset=\"https:\/\/www.lamennais.org\/wp-content\/uploads\/2023\/08\/IMG_3424-1024x867.jpg 1024w, https:\/\/www.lamennais.org\/wp-content\/uploads\/2023\/08\/IMG_3424-300x254.jpg 300w, https:\/\/www.lamennais.org\/wp-content\/uploads\/2023\/08\/IMG_3424-768x650.jpg 768w, https:\/\/www.lamennais.org\/wp-content\/uploads\/2023\/08\/IMG_3424-1536x1301.jpg 1536w, https:\/\/www.lamennais.org\/wp-content\/uploads\/2023\/08\/IMG_3424-260x220.jpg 260w, https:\/\/www.lamennais.org\/wp-content\/uploads\/2023\/08\/IMG_3424.jpg 1951w\" sizes=\"(max-width: 860px) 100vw, 860px\" \/><p id=\"caption-attachment-37950\" class=\"wp-caption-text\"><em>El ancla naval: un gui\u00f1o a Jean-Marie de la Mennais. Un ancla debe ser uno de los s\u00edmbolos de la futura estatua del fundador disponible el pr\u00f3ximo a\u00f1o.<\/em><\/p><\/div>\n<div id=\"attachment_37941\" style=\"width: 870px\" class=\"wp-caption alignnone\"><img loading=\"lazy\" decoding=\"async\" aria-describedby=\"caption-attachment-37941\" class=\"wp-image-37941 size-large\" src=\"https:\/\/www.lamennais.org\/wp-content\/uploads\/2023\/08\/IMG_3418-1024x596.jpg\" alt=\"\" width=\"860\" height=\"501\" srcset=\"https:\/\/www.lamennais.org\/wp-content\/uploads\/2023\/08\/IMG_3418-1024x596.jpg 1024w, https:\/\/www.lamennais.org\/wp-content\/uploads\/2023\/08\/IMG_3418-300x175.jpg 300w, https:\/\/www.lamennais.org\/wp-content\/uploads\/2023\/08\/IMG_3418-768x447.jpg 768w, https:\/\/www.lamennais.org\/wp-content\/uploads\/2023\/08\/IMG_3418-1536x894.jpg 1536w, https:\/\/www.lamennais.org\/wp-content\/uploads\/2023\/08\/IMG_3418-2048x1192.jpg 2048w, https:\/\/www.lamennais.org\/wp-content\/uploads\/2023\/08\/IMG_3418-260x151.jpg 260w\" sizes=\"(max-width: 860px) 100vw, 860px\" \/><p id=\"caption-attachment-37941\" class=\"wp-caption-text\"><em>Juegos Sagrados: este es el anuncio de la cita de los Juegos Ol\u00edmpicos de Par\u00eds 2024. En la red La Mennais Francia, se les llama \u00abHoly James\u00bb, inspirados en la participaci\u00f3n del Hno James Hayes y otros en los equipos espirituales de los Juegos.<\/em><\/p><\/div>\n<p><strong>Las expresiones utilizadas durante las numerosas intervenciones son como tantos mensajes de texto, llamadas y regalos.<\/strong><\/p>\n<p>\u201cUstedes son nuestros nuevos hijos y ya somos de la misma familia\u201d.<\/p>\n<p><em>Mensaje dado a los j\u00f3venes acogidos en las di\u00f3cesis de Portugal.<\/em><\/p>\n<p><img loading=\"lazy\" decoding=\"async\" class=\"alignnone size-large wp-image-37944\" src=\"https:\/\/www.lamennais.org\/wp-content\/uploads\/2023\/08\/IMG_3419-2-1024x763.jpg\" alt=\"\" width=\"860\" height=\"641\" srcset=\"https:\/\/www.lamennais.org\/wp-content\/uploads\/2023\/08\/IMG_3419-2-1024x763.jpg 1024w, https:\/\/www.lamennais.org\/wp-content\/uploads\/2023\/08\/IMG_3419-2-300x224.jpg 300w, https:\/\/www.lamennais.org\/wp-content\/uploads\/2023\/08\/IMG_3419-2-768x572.jpg 768w, https:\/\/www.lamennais.org\/wp-content\/uploads\/2023\/08\/IMG_3419-2-1536x1144.jpg 1536w, https:\/\/www.lamennais.org\/wp-content\/uploads\/2023\/08\/IMG_3419-2-2048x1526.jpg 2048w, https:\/\/www.lamennais.org\/wp-content\/uploads\/2023\/08\/IMG_3419-2-260x194.jpg 260w\" sizes=\"(max-width: 860px) 100vw, 860px\" \/><\/p>\n<h2>\n\u201cCentr\u00e9monos en los dem\u00e1s, no en nosotros mismos\u201d<\/h2>\n<p>\u201cCon el Se\u00f1or muchas veces es gota a gota, \u00a1aqu\u00ed estoy lista para un torrente! \u00bb <em>Eddie<\/em><\/p>\n<p>\u201cS\u00e9 muy bien que a menudo es \u00e1rido. No dudes. No estamos solos ! \u00bb <em>Mathis<\/em><\/p>\n<div id=\"attachment_37962\" style=\"width: 870px\" class=\"wp-caption alignnone\"><img loading=\"lazy\" decoding=\"async\" aria-describedby=\"caption-attachment-37962\" class=\"wp-image-37962 size-large\" src=\"https:\/\/www.lamennais.org\/wp-content\/uploads\/2023\/08\/P1290083-1024x683.jpg\" alt=\"\" width=\"860\" height=\"574\" srcset=\"https:\/\/www.lamennais.org\/wp-content\/uploads\/2023\/08\/P1290083-1024x683.jpg 1024w, https:\/\/www.lamennais.org\/wp-content\/uploads\/2023\/08\/P1290083-300x200.jpg 300w, https:\/\/www.lamennais.org\/wp-content\/uploads\/2023\/08\/P1290083-768x512.jpg 768w, https:\/\/www.lamennais.org\/wp-content\/uploads\/2023\/08\/P1290083-1536x1024.jpg 1536w, https:\/\/www.lamennais.org\/wp-content\/uploads\/2023\/08\/P1290083-2048x1365.jpg 2048w, https:\/\/www.lamennais.org\/wp-content\/uploads\/2023\/08\/P1290083-260x173.jpg 260w, https:\/\/www.lamennais.org\/wp-content\/uploads\/2023\/08\/P1290083-1200x800.jpg 1200w\" sizes=\"(max-width: 860px) 100vw, 860px\" \/><p id=\"caption-attachment-37962\" class=\"wp-caption-text\"><em>Celebrar, todos juntos!<\/em><\/p><\/div>\n<p>\u00abVamos a centrarnos en nosotros mismos. Enf\u00f3cate en los dem\u00e1s. \u00bb Emilio<\/p>\n<p>\u201cLleva a Dios contigo. \u00a1Oral\u00f3, inv\u00edtalo! \u00ab<em>Olivier Giroud<\/em><\/p>\n<h2>\u00abNecesito sentir tu presencia\u00bb<\/h2>\n<p><img loading=\"lazy\" decoding=\"async\" class=\"alignnone size-large wp-image-37971\" src=\"https:\/\/www.lamennais.org\/wp-content\/uploads\/2023\/08\/P1290258-2-1024x595.jpg\" alt=\"\" width=\"860\" height=\"500\" srcset=\"https:\/\/www.lamennais.org\/wp-content\/uploads\/2023\/08\/P1290258-2-1024x595.jpg 1024w, https:\/\/www.lamennais.org\/wp-content\/uploads\/2023\/08\/P1290258-2-300x174.jpg 300w, https:\/\/www.lamennais.org\/wp-content\/uploads\/2023\/08\/P1290258-2-768x447.jpg 768w, https:\/\/www.lamennais.org\/wp-content\/uploads\/2023\/08\/P1290258-2-1536x893.jpg 1536w, https:\/\/www.lamennais.org\/wp-content\/uploads\/2023\/08\/P1290258-2-2048x1191.jpg 2048w, https:\/\/www.lamennais.org\/wp-content\/uploads\/2023\/08\/P1290258-2-260x151.jpg 260w\" sizes=\"(max-width: 860px) 100vw, 860px\" \/><\/p>\n<p>Momento intenso introducido por el famoso futbolista: \u201cY si Jes\u00fas estuviera ahora frente a ti, \u00bfqu\u00e9 te gustar\u00eda decirle? Escuch\u00e9 en el grupo de j\u00f3venes La Mennais: \u00ab\u00a1Dame m\u00e1s signos visibles, necesito sentir tu presencia!\u00bb \u00a1No me gusta cuando es demasiado mudo! \u00bb<\/p>\n<h1>\u00a1J\u00f3venes bretones bien presentes!<\/h1>\n<p><img loading=\"lazy\" decoding=\"async\" class=\"alignnone size-large wp-image-37968\" src=\"https:\/\/www.lamennais.org\/wp-content\/uploads\/2023\/08\/P1290132-2-1024x611.jpg\" alt=\"\" width=\"860\" height=\"513\" srcset=\"https:\/\/www.lamennais.org\/wp-content\/uploads\/2023\/08\/P1290132-2-1024x611.jpg 1024w, https:\/\/www.lamennais.org\/wp-content\/uploads\/2023\/08\/P1290132-2-300x179.jpg 300w, https:\/\/www.lamennais.org\/wp-content\/uploads\/2023\/08\/P1290132-2-768x458.jpg 768w, https:\/\/www.lamennais.org\/wp-content\/uploads\/2023\/08\/P1290132-2-1536x917.jpg 1536w, https:\/\/www.lamennais.org\/wp-content\/uploads\/2023\/08\/P1290132-2-2048x1222.jpg 2048w, https:\/\/www.lamennais.org\/wp-content\/uploads\/2023\/08\/P1290132-2-260x155.jpg 260w\" sizes=\"(max-width: 860px) 100vw, 860px\" \/><\/p>\n<p><img loading=\"lazy\" decoding=\"async\" class=\"alignnone size-large wp-image-37947\" src=\"https:\/\/www.lamennais.org\/wp-content\/uploads\/2023\/08\/IMG_3421-1024x932.jpg\" alt=\"\" width=\"860\" height=\"783\" srcset=\"https:\/\/www.lamennais.org\/wp-content\/uploads\/2023\/08\/IMG_3421-1024x932.jpg 1024w, https:\/\/www.lamennais.org\/wp-content\/uploads\/2023\/08\/IMG_3421-300x273.jpg 300w, https:\/\/www.lamennais.org\/wp-content\/uploads\/2023\/08\/IMG_3421-768x699.jpg 768w, https:\/\/www.lamennais.org\/wp-content\/uploads\/2023\/08\/IMG_3421-1536x1399.jpg 1536w, https:\/\/www.lamennais.org\/wp-content\/uploads\/2023\/08\/IMG_3421-260x237.jpg 260w, https:\/\/www.lamennais.org\/wp-content\/uploads\/2023\/08\/IMG_3421.jpg 1933w\" sizes=\"(max-width: 860px) 100vw, 860px\" \/><\/p>\n<p>700 vinieron de Ille-et-Vilaine, 150 de C\u00f4tes d&#8217;Armor, 300 de Nantes y muchos m\u00e1s de Morbihan y Finisterre: \u00a1los bretones est\u00e1n all\u00ed y los 20 j\u00f3venes de La Mennais tambi\u00e9n!<\/p>\n<div id=\"attachment_37977\" style=\"width: 870px\" class=\"wp-caption alignnone\"><img loading=\"lazy\" decoding=\"async\" aria-describedby=\"caption-attachment-37977\" class=\"wp-image-37977 size-large\" src=\"https:\/\/www.lamennais.org\/wp-content\/uploads\/2023\/08\/IMG_3427-1024x901.jpg\" alt=\"\" width=\"860\" height=\"757\" srcset=\"https:\/\/www.lamennais.org\/wp-content\/uploads\/2023\/08\/IMG_3427-1024x901.jpg 1024w, https:\/\/www.lamennais.org\/wp-content\/uploads\/2023\/08\/IMG_3427-300x264.jpg 300w, https:\/\/www.lamennais.org\/wp-content\/uploads\/2023\/08\/IMG_3427-768x676.jpg 768w, https:\/\/www.lamennais.org\/wp-content\/uploads\/2023\/08\/IMG_3427-1536x1352.jpg 1536w, https:\/\/www.lamennais.org\/wp-content\/uploads\/2023\/08\/IMG_3427-2048x1802.jpg 2048w, https:\/\/www.lamennais.org\/wp-content\/uploads\/2023\/08\/IMG_3427-260x229.jpg 260w\" sizes=\"(max-width: 860px) 100vw, 860px\" \/><p id=\"caption-attachment-37977\" class=\"wp-caption-text\"><em>Monse\u00f1or Laurent DOGNIN, obispo de Quimper y L\u00e9on, feliz de saludar al Hno. James HAYES, superior de la comunidad del Juv\u00e9nat de Ch\u00e2teaulin, Francia.<\/em><\/p><\/div>\n<div id=\"attachment_37965\" style=\"width: 870px\" class=\"wp-caption alignnone\"><img loading=\"lazy\" decoding=\"async\" aria-describedby=\"caption-attachment-37965\" class=\"wp-image-37965 size-large\" src=\"https:\/\/www.lamennais.org\/wp-content\/uploads\/2023\/08\/P1290097-2-1024x485.jpg\" alt=\"\" width=\"860\" height=\"407\" srcset=\"https:\/\/www.lamennais.org\/wp-content\/uploads\/2023\/08\/P1290097-2-1024x485.jpg 1024w, https:\/\/www.lamennais.org\/wp-content\/uploads\/2023\/08\/P1290097-2-300x142.jpg 300w, https:\/\/www.lamennais.org\/wp-content\/uploads\/2023\/08\/P1290097-2-768x364.jpg 768w, https:\/\/www.lamennais.org\/wp-content\/uploads\/2023\/08\/P1290097-2-1536x728.jpg 1536w, https:\/\/www.lamennais.org\/wp-content\/uploads\/2023\/08\/P1290097-2-260x123.jpg 260w, https:\/\/www.lamennais.org\/wp-content\/uploads\/2023\/08\/P1290097-2.jpg 1829w\" sizes=\"(max-width: 860px) 100vw, 860px\" \/><p id=\"caption-attachment-37965\" class=\"wp-caption-text\"><em>Los obispos de Breta\u00f1a estuvieron muy presentes en el parque mar\u00edtimo de Alg\u00e8s durante este encuentro. Aqu\u00ed, Monse\u00f1or Pierre d&#8217;ORNELLAS, Arzobispo de Rennes, a la izquierda en la foto.<\/em><\/p><\/div>\n<h2>Marcel Callo, de Rennes, padrino de estas Jornadas Mundiales de la Juventud<\/h2>\n<p>Hecho particular se mantuvo la figura de Marcel Callo como \u201cpadrino\u201d de estas JMJ. Una de las iglesias de Lisboa acoge eventos en torno a su recorrido.<\/p>\n<p><img loading=\"lazy\" decoding=\"async\" class=\"alignnone size-full wp-image-37974\" src=\"https:\/\/www.lamennais.org\/wp-content\/uploads\/2023\/08\/beato_marcel_callo_7bb90d0e68.png\" alt=\"\" width=\"350\" height=\"326\" srcset=\"https:\/\/www.lamennais.org\/wp-content\/uploads\/2023\/08\/beato_marcel_callo_7bb90d0e68.png 350w, https:\/\/www.lamennais.org\/wp-content\/uploads\/2023\/08\/beato_marcel_callo_7bb90d0e68-300x279.png 300w, https:\/\/www.lamennais.org\/wp-content\/uploads\/2023\/08\/beato_marcel_callo_7bb90d0e68-260x242.png 260w\" sizes=\"(max-width: 350px) 100vw, 350px\" \/><\/p>\n<p>El beato Marcel Callo naci\u00f3 el 6 de diciembre de 1921 en Rennes, (Francia). Fue, durante varios a\u00f1os, ac\u00f3lito y explorador. Despu\u00e9s de sus estudios, comenz\u00f3 a trabajar como aprendiz de tip\u00f3grafo y se incorpor\u00f3 a la JOC (Juventudes Obreras Cristianas).<br \/>\nEn 1943 fue reclutado para el servicio de trabajo obligatorio en Alemania, donde continu\u00f3 las actividades de la JOC, lo que, en abril de 1944, lo llevar\u00eda a ser hecho prisionero por la Gestapo. Muri\u00f3 en el campo de concentraci\u00f3n de Mauthausen el 19 de marzo de 1945.<br \/>\nFue beatificado por el Papa San Juan Pablo II el 4 de octubre de 1987. Su fiesta lit\u00fargica se celebra el 19 de marzo.<\/p>\n","protected":false},"excerpt":{"rendered":"<p>\u201c\u00a1Seguir a Jes\u00fas me da tranquilidad! \u00abOlivier Giroud, El excapit\u00e1n de los Blues y famoso futbolista marc\u00f3 la pauta este martes durante su mensaje a los 45.000 jmists. Reunidas de una manera sin precedentes en la historia de la JMJ, delegaciones de di\u00f3cesis, comunidades y redes vibraron al comp\u00e1s de m\u00fasica, testimonios, clips y momentos [&hellip;]<\/p>\n","protected":false},"author":3,"featured_media":37961,"comment_status":"closed","ping_status":"closed","sticky":false,"template":"","format":"standard","meta":{"footnotes":""},"categories":[105],"tags":[],"class_list":["post-37998","post","type-post","status-publish","format-standard","has-post-thumbnail","hentry","category-noticias"],"yoast_head":"<!-- This site is optimized with the Yoast SEO plugin v27.4 - https:\/\/yoast.com\/product\/yoast-seo-wordpress\/ -->\n<title>INEDIT A LA JMJ. \u00a145.000 franceses para &quot;kiffer&quot; todo el pa\u00eds! - LaMennais.org<\/title>\n<meta name=\"robots\" content=\"index, follow, max-snippet:-1, max-image-preview:large, max-video-preview:-1\" \/>\n<link rel=\"canonical\" href=\"https:\/\/www.lamennais.org\/inedit-a-la-jmj-45-000-franceses-para-kiffer-todo-el-pais\/\" \/>\n<meta property=\"og:locale\" content=\"es_ES\" \/>\n<meta property=\"og:type\" content=\"article\" \/>\n<meta property=\"og:title\" content=\"INEDIT A LA JMJ. \u00a145.000 franceses para &quot;kiffer&quot; todo el pa\u00eds! - LaMennais.org\" \/>\n<meta property=\"og:description\" content=\"\u201c\u00a1Seguir a Jes\u00fas me da tranquilidad! \u00abOlivier Giroud, El excapit\u00e1n de los Blues y famoso futbolista marc\u00f3 la pauta este martes durante su mensaje a los 45.000 jmists. Reunidas de una manera sin precedentes en la historia de la JMJ, delegaciones de di\u00f3cesis, comunidades y redes vibraron al comp\u00e1s de m\u00fasica, testimonios, clips y momentos [&hellip;]\" \/>\n<meta property=\"og:url\" content=\"https:\/\/www.lamennais.org\/inedit-a-la-jmj-45-000-franceses-para-kiffer-todo-el-pais\/\" \/>\n<meta property=\"og:site_name\" content=\"LaMennais.org\" \/>\n<meta property=\"article:published_time\" content=\"2023-08-02T13:13:30+00:00\" \/>\n<meta property=\"article:modified_time\" content=\"2023-08-03T09:19:33+00:00\" \/>\n<meta property=\"og:image\" content=\"https:\/\/www.lamennais.org\/wp-content\/uploads\/2023\/08\/IMG_3417-2-1024x510.jpg\" \/>\n<meta name=\"author\" content=\"Herv\u00e9 Asse\" \/>\n<meta name=\"twitter:card\" content=\"summary_large_image\" \/>\n<meta name=\"twitter:label1\" content=\"Escrito por\" \/>\n\t<meta name=\"twitter:data1\" content=\"Herv\u00e9 Asse\" \/>\n\t<meta name=\"twitter:label2\" content=\"Tiempo de lectura\" \/>\n\t<meta name=\"twitter:data2\" content=\"4 minutos\" \/>\n<script type=\"application\/ld+json\" class=\"yoast-schema-graph\">{\"@context\":\"https:\\\/\\\/schema.org\",\"@graph\":[{\"@type\":\"Article\",\"@id\":\"https:\\\/\\\/www.lamennais.org\\\/inedit-a-la-jmj-45-000-franceses-para-kiffer-todo-el-pais\\\/#article\",\"isPartOf\":{\"@id\":\"https:\\\/\\\/www.lamennais.org\\\/inedit-a-la-jmj-45-000-franceses-para-kiffer-todo-el-pais\\\/\"},\"author\":{\"name\":\"Herv\u00e9 Asse\",\"@id\":\"https:\\\/\\\/www.lamennais.org\\\/#\\\/schema\\\/person\\\/2a8d6e8a95babedd5ba1c43afd2e3844\"},\"headline\":\"INEDIT A LA JMJ. \u00a145.000 franceses para \u00abkiffer\u00bb todo el pa\u00eds!\",\"datePublished\":\"2023-08-02T13:13:30+00:00\",\"dateModified\":\"2023-08-03T09:19:33+00:00\",\"mainEntityOfPage\":{\"@id\":\"https:\\\/\\\/www.lamennais.org\\\/inedit-a-la-jmj-45-000-franceses-para-kiffer-todo-el-pais\\\/\"},\"wordCount\":788,\"image\":{\"@id\":\"https:\\\/\\\/www.lamennais.org\\\/inedit-a-la-jmj-45-000-franceses-para-kiffer-todo-el-pais\\\/#primaryimage\"},\"thumbnailUrl\":\"https:\\\/\\\/www.lamennais.org\\\/wp-content\\\/uploads\\\/2023\\\/08\\\/OK--scaled-e1690982131994.jpg\",\"articleSection\":[\"NOTICIAS\"],\"inLanguage\":\"es\"},{\"@type\":\"WebPage\",\"@id\":\"https:\\\/\\\/www.lamennais.org\\\/inedit-a-la-jmj-45-000-franceses-para-kiffer-todo-el-pais\\\/\",\"url\":\"https:\\\/\\\/www.lamennais.org\\\/inedit-a-la-jmj-45-000-franceses-para-kiffer-todo-el-pais\\\/\",\"name\":\"INEDIT A LA JMJ. \u00a145.000 franceses para \\\"kiffer\\\" todo el pa\u00eds! - LaMennais.org\",\"isPartOf\":{\"@id\":\"https:\\\/\\\/www.lamennais.org\\\/#website\"},\"primaryImageOfPage\":{\"@id\":\"https:\\\/\\\/www.lamennais.org\\\/inedit-a-la-jmj-45-000-franceses-para-kiffer-todo-el-pais\\\/#primaryimage\"},\"image\":{\"@id\":\"https:\\\/\\\/www.lamennais.org\\\/inedit-a-la-jmj-45-000-franceses-para-kiffer-todo-el-pais\\\/#primaryimage\"},\"thumbnailUrl\":\"https:\\\/\\\/www.lamennais.org\\\/wp-content\\\/uploads\\\/2023\\\/08\\\/OK--scaled-e1690982131994.jpg\",\"datePublished\":\"2023-08-02T13:13:30+00:00\",\"dateModified\":\"2023-08-03T09:19:33+00:00\",\"author\":{\"@id\":\"https:\\\/\\\/www.lamennais.org\\\/#\\\/schema\\\/person\\\/2a8d6e8a95babedd5ba1c43afd2e3844\"},\"breadcrumb\":{\"@id\":\"https:\\\/\\\/www.lamennais.org\\\/inedit-a-la-jmj-45-000-franceses-para-kiffer-todo-el-pais\\\/#breadcrumb\"},\"inLanguage\":\"es\",\"potentialAction\":[{\"@type\":\"ReadAction\",\"target\":[\"https:\\\/\\\/www.lamennais.org\\\/inedit-a-la-jmj-45-000-franceses-para-kiffer-todo-el-pais\\\/\"]}]},{\"@type\":\"ImageObject\",\"inLanguage\":\"es\",\"@id\":\"https:\\\/\\\/www.lamennais.org\\\/inedit-a-la-jmj-45-000-franceses-para-kiffer-todo-el-pais\\\/#primaryimage\",\"url\":\"https:\\\/\\\/www.lamennais.org\\\/wp-content\\\/uploads\\\/2023\\\/08\\\/OK--scaled-e1690982131994.jpg\",\"contentUrl\":\"https:\\\/\\\/www.lamennais.org\\\/wp-content\\\/uploads\\\/2023\\\/08\\\/OK--scaled-e1690982131994.jpg\",\"width\":2316,\"height\":1164},{\"@type\":\"BreadcrumbList\",\"@id\":\"https:\\\/\\\/www.lamennais.org\\\/inedit-a-la-jmj-45-000-franceses-para-kiffer-todo-el-pais\\\/#breadcrumb\",\"itemListElement\":[{\"@type\":\"ListItem\",\"position\":1,\"name\":\"Accueil\",\"item\":\"https:\\\/\\\/www.lamennais.org\\\/\"},{\"@type\":\"ListItem\",\"position\":2,\"name\":\"INEDIT A LA JMJ. \u00a145.000 franceses para \u00abkiffer\u00bb todo el pa\u00eds!\"}]},{\"@type\":\"WebSite\",\"@id\":\"https:\\\/\\\/www.lamennais.org\\\/#website\",\"url\":\"https:\\\/\\\/www.lamennais.org\\\/\",\"name\":\"LaMennais.org\",\"description\":\"Fr\u00e8res de l&#039;Instruction Chr\u00e9tienne et Famille Mennaisienne\",\"potentialAction\":[{\"@type\":\"SearchAction\",\"target\":{\"@type\":\"EntryPoint\",\"urlTemplate\":\"https:\\\/\\\/www.lamennais.org\\\/?s={search_term_string}\"},\"query-input\":{\"@type\":\"PropertyValueSpecification\",\"valueRequired\":true,\"valueName\":\"search_term_string\"}}],\"inLanguage\":\"es\"},{\"@type\":\"Person\",\"@id\":\"https:\\\/\\\/www.lamennais.org\\\/#\\\/schema\\\/person\\\/2a8d6e8a95babedd5ba1c43afd2e3844\",\"name\":\"Herv\u00e9 Asse\",\"image\":{\"@type\":\"ImageObject\",\"inLanguage\":\"es\",\"@id\":\"https:\\\/\\\/secure.gravatar.com\\\/avatar\\\/1aaa7b1baf759c8b40525f40af381cbaa2b0ddd554f57145bceb0654ba45b4c0?s=96&d=mm&r=g\",\"url\":\"https:\\\/\\\/secure.gravatar.com\\\/avatar\\\/1aaa7b1baf759c8b40525f40af381cbaa2b0ddd554f57145bceb0654ba45b4c0?s=96&d=mm&r=g\",\"contentUrl\":\"https:\\\/\\\/secure.gravatar.com\\\/avatar\\\/1aaa7b1baf759c8b40525f40af381cbaa2b0ddd554f57145bceb0654ba45b4c0?s=96&d=mm&r=g\",\"caption\":\"Herv\u00e9 Asse\"}}]}<\/script>\n<!-- \/ Yoast SEO plugin. -->","yoast_head_json":{"title":"INEDIT A LA JMJ. \u00a145.000 franceses para \"kiffer\" todo el pa\u00eds! - LaMennais.org","robots":{"index":"index","follow":"follow","max-snippet":"max-snippet:-1","max-image-preview":"max-image-preview:large","max-video-preview":"max-video-preview:-1"},"canonical":"https:\/\/www.lamennais.org\/inedit-a-la-jmj-45-000-franceses-para-kiffer-todo-el-pais\/","og_locale":"es_ES","og_type":"article","og_title":"INEDIT A LA JMJ. \u00a145.000 franceses para \"kiffer\" todo el pa\u00eds! - LaMennais.org","og_description":"\u201c\u00a1Seguir a Jes\u00fas me da tranquilidad! \u00abOlivier Giroud, El excapit\u00e1n de los Blues y famoso futbolista marc\u00f3 la pauta este martes durante su mensaje a los 45.000 jmists. Reunidas de una manera sin precedentes en la historia de la JMJ, delegaciones de di\u00f3cesis, comunidades y redes vibraron al comp\u00e1s de m\u00fasica, testimonios, clips y momentos [&hellip;]","og_url":"https:\/\/www.lamennais.org\/inedit-a-la-jmj-45-000-franceses-para-kiffer-todo-el-pais\/","og_site_name":"LaMennais.org","article_published_time":"2023-08-02T13:13:30+00:00","article_modified_time":"2023-08-03T09:19:33+00:00","og_image":[{"url":"https:\/\/www.lamennais.org\/wp-content\/uploads\/2023\/08\/IMG_3417-2-1024x510.jpg","type":"","width":"","height":""}],"author":"Herv\u00e9 Asse","twitter_card":"summary_large_image","twitter_misc":{"Escrito por":"Herv\u00e9 Asse","Tiempo de lectura":"4 minutos"},"schema":{"@context":"https:\/\/schema.org","@graph":[{"@type":"Article","@id":"https:\/\/www.lamennais.org\/inedit-a-la-jmj-45-000-franceses-para-kiffer-todo-el-pais\/#article","isPartOf":{"@id":"https:\/\/www.lamennais.org\/inedit-a-la-jmj-45-000-franceses-para-kiffer-todo-el-pais\/"},"author":{"name":"Herv\u00e9 Asse","@id":"https:\/\/www.lamennais.org\/#\/schema\/person\/2a8d6e8a95babedd5ba1c43afd2e3844"},"headline":"INEDIT A LA JMJ. \u00a145.000 franceses para \u00abkiffer\u00bb todo el pa\u00eds!","datePublished":"2023-08-02T13:13:30+00:00","dateModified":"2023-08-03T09:19:33+00:00","mainEntityOfPage":{"@id":"https:\/\/www.lamennais.org\/inedit-a-la-jmj-45-000-franceses-para-kiffer-todo-el-pais\/"},"wordCount":788,"image":{"@id":"https:\/\/www.lamennais.org\/inedit-a-la-jmj-45-000-franceses-para-kiffer-todo-el-pais\/#primaryimage"},"thumbnailUrl":"https:\/\/www.lamennais.org\/wp-content\/uploads\/2023\/08\/OK--scaled-e1690982131994.jpg","articleSection":["NOTICIAS"],"inLanguage":"es"},{"@type":"WebPage","@id":"https:\/\/www.lamennais.org\/inedit-a-la-jmj-45-000-franceses-para-kiffer-todo-el-pais\/","url":"https:\/\/www.lamennais.org\/inedit-a-la-jmj-45-000-franceses-para-kiffer-todo-el-pais\/","name":"INEDIT A LA JMJ. \u00a145.000 franceses para \"kiffer\" todo el pa\u00eds! - LaMennais.org","isPartOf":{"@id":"https:\/\/www.lamennais.org\/#website"},"primaryImageOfPage":{"@id":"https:\/\/www.lamennais.org\/inedit-a-la-jmj-45-000-franceses-para-kiffer-todo-el-pais\/#primaryimage"},"image":{"@id":"https:\/\/www.lamennais.org\/inedit-a-la-jmj-45-000-franceses-para-kiffer-todo-el-pais\/#primaryimage"},"thumbnailUrl":"https:\/\/www.lamennais.org\/wp-content\/uploads\/2023\/08\/OK--scaled-e1690982131994.jpg","datePublished":"2023-08-02T13:13:30+00:00","dateModified":"2023-08-03T09:19:33+00:00","author":{"@id":"https:\/\/www.lamennais.org\/#\/schema\/person\/2a8d6e8a95babedd5ba1c43afd2e3844"},"breadcrumb":{"@id":"https:\/\/www.lamennais.org\/inedit-a-la-jmj-45-000-franceses-para-kiffer-todo-el-pais\/#breadcrumb"},"inLanguage":"es","potentialAction":[{"@type":"ReadAction","target":["https:\/\/www.lamennais.org\/inedit-a-la-jmj-45-000-franceses-para-kiffer-todo-el-pais\/"]}]},{"@type":"ImageObject","inLanguage":"es","@id":"https:\/\/www.lamennais.org\/inedit-a-la-jmj-45-000-franceses-para-kiffer-todo-el-pais\/#primaryimage","url":"https:\/\/www.lamennais.org\/wp-content\/uploads\/2023\/08\/OK--scaled-e1690982131994.jpg","contentUrl":"https:\/\/www.lamennais.org\/wp-content\/uploads\/2023\/08\/OK--scaled-e1690982131994.jpg","width":2316,"height":1164},{"@type":"BreadcrumbList","@id":"https:\/\/www.lamennais.org\/inedit-a-la-jmj-45-000-franceses-para-kiffer-todo-el-pais\/#breadcrumb","itemListElement":[{"@type":"ListItem","position":1,"name":"Accueil","item":"https:\/\/www.lamennais.org\/"},{"@type":"ListItem","position":2,"name":"INEDIT A LA JMJ. \u00a145.000 franceses para \u00abkiffer\u00bb todo el pa\u00eds!"}]},{"@type":"WebSite","@id":"https:\/\/www.lamennais.org\/#website","url":"https:\/\/www.lamennais.org\/","name":"LaMennais.org","description":"Fr\u00e8res de l&#039;Instruction Chr\u00e9tienne et Famille Mennaisienne","potentialAction":[{"@type":"SearchAction","target":{"@type":"EntryPoint","urlTemplate":"https:\/\/www.lamennais.org\/?s={search_term_string}"},"query-input":{"@type":"PropertyValueSpecification","valueRequired":true,"valueName":"search_term_string"}}],"inLanguage":"es"},{"@type":"Person","@id":"https:\/\/www.lamennais.org\/#\/schema\/person\/2a8d6e8a95babedd5ba1c43afd2e3844","name":"Herv\u00e9 Asse","image":{"@type":"ImageObject","inLanguage":"es","@id":"https:\/\/secure.gravatar.com\/avatar\/1aaa7b1baf759c8b40525f40af381cbaa2b0ddd554f57145bceb0654ba45b4c0?s=96&d=mm&r=g","url":"https:\/\/secure.gravatar.com\/avatar\/1aaa7b1baf759c8b40525f40af381cbaa2b0ddd554f57145bceb0654ba45b4c0?s=96&d=mm&r=g","contentUrl":"https:\/\/secure.gravatar.com\/avatar\/1aaa7b1baf759c8b40525f40af381cbaa2b0ddd554f57145bceb0654ba45b4c0?s=96&d=mm&r=g","caption":"Herv\u00e9 Asse"}}]}},"_links":{"self":[{"href":"https:\/\/www.lamennais.org\/es\/wp-json\/wp\/v2\/posts\/37998","targetHints":{"allow":["GET"]}}],"collection":[{"href":"https:\/\/www.lamennais.org\/es\/wp-json\/wp\/v2\/posts"}],"about":[{"href":"https:\/\/www.lamennais.org\/es\/wp-json\/wp\/v2\/types\/post"}],"author":[{"embeddable":true,"href":"https:\/\/www.lamennais.org\/es\/wp-json\/wp\/v2\/users\/3"}],"replies":[{"embeddable":true,"href":"https:\/\/www.lamennais.org\/es\/wp-json\/wp\/v2\/comments?post=37998"}],"version-history":[{"count":1,"href":"https:\/\/www.lamennais.org\/es\/wp-json\/wp\/v2\/posts\/37998\/revisions"}],"predecessor-version":[{"id":37999,"href":"https:\/\/www.lamennais.org\/es\/wp-json\/wp\/v2\/posts\/37998\/revisions\/37999"}],"wp:featuredmedia":[{"embeddable":true,"href":"https:\/\/www.lamennais.org\/es\/wp-json\/wp\/v2\/media\/37961"}],"wp:attachment":[{"href":"https:\/\/www.lamennais.org\/es\/wp-json\/wp\/v2\/media?parent=37998"}],"wp:term":[{"taxonomy":"category","embeddable":true,"href":"https:\/\/www.lamennais.org\/es\/wp-json\/wp\/v2\/categories?post=37998"},{"taxonomy":"post_tag","embeddable":true,"href":"https:\/\/www.lamennais.org\/es\/wp-json\/wp\/v2\/tags?post=37998"}],"curies":[{"name":"wp","href":"https:\/\/api.w.org\/{rel}","templated":true}]}}