{"id":37926,"date":"2023-07-31T18:04:03","date_gmt":"2023-07-31T16:04:03","guid":{"rendered":"https:\/\/www.lamennais.org\/?p=37926"},"modified":"2023-08-01T09:52:59","modified_gmt":"2023-08-01T07:52:59","slug":"exclusivo-y-si-la-proxima-jmj-tuviera-lugar-en-africa","status":"publish","type":"post","link":"https:\/\/www.lamennais.org\/es\/exclusivo-y-si-la-proxima-jmj-tuviera-lugar-en-africa\/","title":{"rendered":"EXCLUSIVO. \u00bfY si la pr\u00f3xima JMJ tuviera lugar en \u00c1frica?"},"content":{"rendered":"<p>\u00a1Noticias emocionantes! Desde su creaci\u00f3n en 1986, la JMJ ha viajado a cuatro continentes, todos excepto \u00c1frica. Sin embargo, los organizadores del evento est\u00e1n \u201cpor su proyecci\u00f3n hacia el exterior\u201d.<\/p>\n<div id=\"attachment_37913\" style=\"width: 870px\" class=\"wp-caption alignnone\"><img fetchpriority=\"high\" decoding=\"async\" aria-describedby=\"caption-attachment-37913\" class=\"wp-image-37913 size-large\" src=\"https:\/\/www.lamennais.org\/wp-content\/uploads\/2023\/07\/jeunes-du-niger-et-du-Burkina-1024x683.png\" alt=\"\" width=\"860\" height=\"574\" srcset=\"https:\/\/www.lamennais.org\/wp-content\/uploads\/2023\/07\/jeunes-du-niger-et-du-Burkina-1024x683.png 1024w, https:\/\/www.lamennais.org\/wp-content\/uploads\/2023\/07\/jeunes-du-niger-et-du-Burkina-300x200.png 300w, https:\/\/www.lamennais.org\/wp-content\/uploads\/2023\/07\/jeunes-du-niger-et-du-Burkina-768x512.png 768w, https:\/\/www.lamennais.org\/wp-content\/uploads\/2023\/07\/jeunes-du-niger-et-du-Burkina-260x173.png 260w, https:\/\/www.lamennais.org\/wp-content\/uploads\/2023\/07\/jeunes-du-niger-et-du-Burkina.png 1200w\" sizes=\"(max-width: 860px) 100vw, 860px\" \/><p id=\"caption-attachment-37913\" class=\"wp-caption-text\"><em>J\u00f3venes de N\u00edger y Burkina Faso durante la preparaci\u00f3n de la JMJ.<\/em><\/p><\/div>\n<p>Se trata de \u00c1frica, \u201cdonde tambi\u00e9n llegar\u00e1 pronto\u201d, seg\u00fan declar\u00f3 el cardenal Manuel Clemente, arzobispo y patriarca de Lisboa, durante la primera rueda de prensa, este lunes en Lisboa.<\/p>\n<p>Angola ya ha sido elegida como primer destino de la peregrinaci\u00f3n de los s\u00edmbolos -la cruz y el icono de la JMJ-, que comenz\u00f3 en julio de 2021. \u00bfSer\u00eda esto un presagio del anuncio del Papa el domingo, al final de las Jornadas, para una pr\u00f3xima \u00bfdestino?<\/p>\n<div id=\"attachment_37907\" style=\"width: 633px\" class=\"wp-caption alignnone\"><img decoding=\"async\" aria-describedby=\"caption-attachment-37907\" class=\"wp-image-37907 size-full\" src=\"https:\/\/www.lamennais.org\/wp-content\/uploads\/2023\/07\/Capture-decran-2023-07-31-175107.png\" alt=\"\" width=\"623\" height=\"385\" srcset=\"https:\/\/www.lamennais.org\/wp-content\/uploads\/2023\/07\/Capture-decran-2023-07-31-175107.png 623w, https:\/\/www.lamennais.org\/wp-content\/uploads\/2023\/07\/Capture-decran-2023-07-31-175107-300x185.png 300w, https:\/\/www.lamennais.org\/wp-content\/uploads\/2023\/07\/Capture-decran-2023-07-31-175107-260x161.png 260w\" sizes=\"(max-width: 623px) 100vw, 623px\" \/><p id=\"caption-attachment-37907\" class=\"wp-caption-text\"><em>Bailes durante las jornadas preparatorias de la JMJ.<\/em><\/p><\/div>\n<h2>JMJ: los j\u00f3venes superaron todas las expectativas<\/h2>\n<p>\u00bb Confianza ! \u00ab. Mientras algunos dudaban del \u00e9xito de la JMJ en Lisboa, el obispo Clemente y el padre Felipe Diniz, responsable de la pastoral juvenil en Portugal, se\u00f1alaron que el entusiasmo y el apoyo de los j\u00f3venes y \u00abj\u00f3venes que han sido j\u00f3venes durante mucho tiempo\u00bb \u00absuper\u00f3 las expectativas\u00bb. \u00bb<\/p>\n<p>De hecho, varias decenas de miles de voluntarios han estado involucrados en la organizaci\u00f3n de la JMJ durante varios a\u00f1os.<\/p>\n<p><strong>Informaci\u00f3n recopilada por Claire Tanguy<\/strong><\/p>\n","protected":false},"excerpt":{"rendered":"<p>\u00a1Noticias emocionantes! Desde su creaci\u00f3n en 1986, la JMJ ha viajado a cuatro continentes, todos excepto \u00c1frica. Sin embargo, los organizadores del evento est\u00e1n \u201cpor su proyecci\u00f3n hacia el exterior\u201d. Se trata de \u00c1frica, \u201cdonde tambi\u00e9n llegar\u00e1 pronto\u201d, seg\u00fan declar\u00f3 el cardenal Manuel Clemente, arzobispo y patriarca de Lisboa, durante la primera rueda de prensa, [&hellip;]<\/p>\n","protected":false},"author":3,"featured_media":37912,"comment_status":"closed","ping_status":"closed","sticky":false,"template":"","format":"standard","meta":{"footnotes":""},"categories":[105],"tags":[],"class_list":["post-37926","post","type-post","status-publish","format-standard","has-post-thumbnail","hentry","category-noticias"],"yoast_head":"<!-- This site is optimized with the Yoast SEO plugin v27.5 - https:\/\/yoast.com\/product\/yoast-seo-wordpress\/ -->\n<title>EXCLUSIVO. \u00bfY si la pr\u00f3xima JMJ tuviera lugar en \u00c1frica? - LaMennais.org<\/title>\n<meta name=\"robots\" content=\"index, follow, max-snippet:-1, max-image-preview:large, max-video-preview:-1\" \/>\n<link rel=\"canonical\" href=\"https:\/\/www.lamennais.org\/es\/exclusivo-y-si-la-proxima-jmj-tuviera-lugar-en-africa\/\" \/>\n<meta property=\"og:locale\" content=\"es_ES\" \/>\n<meta property=\"og:type\" content=\"article\" \/>\n<meta property=\"og:title\" content=\"EXCLUSIVO. \u00bfY si la pr\u00f3xima JMJ tuviera lugar en \u00c1frica? - LaMennais.org\" \/>\n<meta property=\"og:description\" content=\"\u00a1Noticias emocionantes! Desde su creaci\u00f3n en 1986, la JMJ ha viajado a cuatro continentes, todos excepto \u00c1frica. Sin embargo, los organizadores del evento est\u00e1n \u201cpor su proyecci\u00f3n hacia el exterior\u201d. Se trata de \u00c1frica, \u201cdonde tambi\u00e9n llegar\u00e1 pronto\u201d, seg\u00fan declar\u00f3 el cardenal Manuel Clemente, arzobispo y patriarca de Lisboa, durante la primera rueda de prensa, [&hellip;]\" \/>\n<meta property=\"og:url\" content=\"https:\/\/www.lamennais.org\/es\/exclusivo-y-si-la-proxima-jmj-tuviera-lugar-en-africa\/\" \/>\n<meta property=\"og:site_name\" content=\"LaMennais.org\" \/>\n<meta property=\"article:published_time\" content=\"2023-07-31T16:04:03+00:00\" \/>\n<meta property=\"article:modified_time\" content=\"2023-08-01T07:52:59+00:00\" \/>\n<meta property=\"og:image\" content=\"https:\/\/www.lamennais.org\/wp-content\/uploads\/2023\/07\/Capture-decran-2023-07-31-175326-e1690819522789.png\" \/>\n\t<meta property=\"og:image:width\" content=\"557\" \/>\n\t<meta property=\"og:image:height\" content=\"370\" \/>\n\t<meta property=\"og:image:type\" content=\"image\/png\" \/>\n<meta name=\"author\" content=\"Herv\u00e9 Asse\" \/>\n<meta name=\"twitter:card\" content=\"summary_large_image\" \/>\n<meta name=\"twitter:label1\" content=\"Escrito por\" \/>\n\t<meta name=\"twitter:data1\" content=\"Herv\u00e9 Asse\" \/>\n\t<meta name=\"twitter:label2\" content=\"Tiempo de lectura\" \/>\n\t<meta name=\"twitter:data2\" content=\"2 minutos\" \/>\n<script type=\"application\/ld+json\" class=\"yoast-schema-graph\">{\"@context\":\"https:\\\/\\\/schema.org\",\"@graph\":[{\"@type\":\"Article\",\"@id\":\"https:\\\/\\\/www.lamennais.org\\\/es\\\/exclusivo-y-si-la-proxima-jmj-tuviera-lugar-en-africa\\\/#article\",\"isPartOf\":{\"@id\":\"https:\\\/\\\/www.lamennais.org\\\/es\\\/exclusivo-y-si-la-proxima-jmj-tuviera-lugar-en-africa\\\/\"},\"author\":{\"name\":\"Herv\u00e9 Asse\",\"@id\":\"https:\\\/\\\/www.lamennais.org\\\/#\\\/schema\\\/person\\\/2a8d6e8a95babedd5ba1c43afd2e3844\"},\"headline\":\"EXCLUSIVO. \u00bfY si la pr\u00f3xima JMJ tuviera lugar en \u00c1frica?\",\"datePublished\":\"2023-07-31T16:04:03+00:00\",\"dateModified\":\"2023-08-01T07:52:59+00:00\",\"mainEntityOfPage\":{\"@id\":\"https:\\\/\\\/www.lamennais.org\\\/es\\\/exclusivo-y-si-la-proxima-jmj-tuviera-lugar-en-africa\\\/\"},\"wordCount\":249,\"image\":{\"@id\":\"https:\\\/\\\/www.lamennais.org\\\/es\\\/exclusivo-y-si-la-proxima-jmj-tuviera-lugar-en-africa\\\/#primaryimage\"},\"thumbnailUrl\":\"https:\\\/\\\/www.lamennais.org\\\/wp-content\\\/uploads\\\/2023\\\/07\\\/Capture-decran-2023-07-31-175326-e1690819522789.png\",\"articleSection\":[\"NOTICIAS\"],\"inLanguage\":\"es\"},{\"@type\":\"WebPage\",\"@id\":\"https:\\\/\\\/www.lamennais.org\\\/es\\\/exclusivo-y-si-la-proxima-jmj-tuviera-lugar-en-africa\\\/\",\"url\":\"https:\\\/\\\/www.lamennais.org\\\/es\\\/exclusivo-y-si-la-proxima-jmj-tuviera-lugar-en-africa\\\/\",\"name\":\"EXCLUSIVO. \u00bfY si la pr\u00f3xima JMJ tuviera lugar en \u00c1frica? - LaMennais.org\",\"isPartOf\":{\"@id\":\"https:\\\/\\\/www.lamennais.org\\\/#website\"},\"primaryImageOfPage\":{\"@id\":\"https:\\\/\\\/www.lamennais.org\\\/es\\\/exclusivo-y-si-la-proxima-jmj-tuviera-lugar-en-africa\\\/#primaryimage\"},\"image\":{\"@id\":\"https:\\\/\\\/www.lamennais.org\\\/es\\\/exclusivo-y-si-la-proxima-jmj-tuviera-lugar-en-africa\\\/#primaryimage\"},\"thumbnailUrl\":\"https:\\\/\\\/www.lamennais.org\\\/wp-content\\\/uploads\\\/2023\\\/07\\\/Capture-decran-2023-07-31-175326-e1690819522789.png\",\"datePublished\":\"2023-07-31T16:04:03+00:00\",\"dateModified\":\"2023-08-01T07:52:59+00:00\",\"author\":{\"@id\":\"https:\\\/\\\/www.lamennais.org\\\/#\\\/schema\\\/person\\\/2a8d6e8a95babedd5ba1c43afd2e3844\"},\"breadcrumb\":{\"@id\":\"https:\\\/\\\/www.lamennais.org\\\/es\\\/exclusivo-y-si-la-proxima-jmj-tuviera-lugar-en-africa\\\/#breadcrumb\"},\"inLanguage\":\"es\",\"potentialAction\":[{\"@type\":\"ReadAction\",\"target\":[\"https:\\\/\\\/www.lamennais.org\\\/es\\\/exclusivo-y-si-la-proxima-jmj-tuviera-lugar-en-africa\\\/\"]}]},{\"@type\":\"ImageObject\",\"inLanguage\":\"es\",\"@id\":\"https:\\\/\\\/www.lamennais.org\\\/es\\\/exclusivo-y-si-la-proxima-jmj-tuviera-lugar-en-africa\\\/#primaryimage\",\"url\":\"https:\\\/\\\/www.lamennais.org\\\/wp-content\\\/uploads\\\/2023\\\/07\\\/Capture-decran-2023-07-31-175326-e1690819522789.png\",\"contentUrl\":\"https:\\\/\\\/www.lamennais.org\\\/wp-content\\\/uploads\\\/2023\\\/07\\\/Capture-decran-2023-07-31-175326-e1690819522789.png\",\"width\":557,\"height\":370},{\"@type\":\"BreadcrumbList\",\"@id\":\"https:\\\/\\\/www.lamennais.org\\\/es\\\/exclusivo-y-si-la-proxima-jmj-tuviera-lugar-en-africa\\\/#breadcrumb\",\"itemListElement\":[{\"@type\":\"ListItem\",\"position\":1,\"name\":\"Accueil\",\"item\":\"https:\\\/\\\/www.lamennais.org\\\/\"},{\"@type\":\"ListItem\",\"position\":2,\"name\":\"EXCLUSIVO. \u00bfY si la pr\u00f3xima JMJ tuviera lugar en \u00c1frica?\"}]},{\"@type\":\"WebSite\",\"@id\":\"https:\\\/\\\/www.lamennais.org\\\/#website\",\"url\":\"https:\\\/\\\/www.lamennais.org\\\/\",\"name\":\"LaMennais.org\",\"description\":\"Fr\u00e8res de l&#039;Instruction Chr\u00e9tienne et Famille Mennaisienne\",\"potentialAction\":[{\"@type\":\"SearchAction\",\"target\":{\"@type\":\"EntryPoint\",\"urlTemplate\":\"https:\\\/\\\/www.lamennais.org\\\/?s={search_term_string}\"},\"query-input\":{\"@type\":\"PropertyValueSpecification\",\"valueRequired\":true,\"valueName\":\"search_term_string\"}}],\"inLanguage\":\"es\"},{\"@type\":\"Person\",\"@id\":\"https:\\\/\\\/www.lamennais.org\\\/#\\\/schema\\\/person\\\/2a8d6e8a95babedd5ba1c43afd2e3844\",\"name\":\"Herv\u00e9 Asse\",\"image\":{\"@type\":\"ImageObject\",\"inLanguage\":\"es\",\"@id\":\"https:\\\/\\\/secure.gravatar.com\\\/avatar\\\/1aaa7b1baf759c8b40525f40af381cbaa2b0ddd554f57145bceb0654ba45b4c0?s=96&d=mm&r=g\",\"url\":\"https:\\\/\\\/secure.gravatar.com\\\/avatar\\\/1aaa7b1baf759c8b40525f40af381cbaa2b0ddd554f57145bceb0654ba45b4c0?s=96&d=mm&r=g\",\"contentUrl\":\"https:\\\/\\\/secure.gravatar.com\\\/avatar\\\/1aaa7b1baf759c8b40525f40af381cbaa2b0ddd554f57145bceb0654ba45b4c0?s=96&d=mm&r=g\",\"caption\":\"Herv\u00e9 Asse\"}}]}<\/script>\n<!-- \/ Yoast SEO plugin. -->","yoast_head_json":{"title":"EXCLUSIVO. \u00bfY si la pr\u00f3xima JMJ tuviera lugar en \u00c1frica? - LaMennais.org","robots":{"index":"index","follow":"follow","max-snippet":"max-snippet:-1","max-image-preview":"max-image-preview:large","max-video-preview":"max-video-preview:-1"},"canonical":"https:\/\/www.lamennais.org\/es\/exclusivo-y-si-la-proxima-jmj-tuviera-lugar-en-africa\/","og_locale":"es_ES","og_type":"article","og_title":"EXCLUSIVO. \u00bfY si la pr\u00f3xima JMJ tuviera lugar en \u00c1frica? - LaMennais.org","og_description":"\u00a1Noticias emocionantes! Desde su creaci\u00f3n en 1986, la JMJ ha viajado a cuatro continentes, todos excepto \u00c1frica. Sin embargo, los organizadores del evento est\u00e1n \u201cpor su proyecci\u00f3n hacia el exterior\u201d. Se trata de \u00c1frica, \u201cdonde tambi\u00e9n llegar\u00e1 pronto\u201d, seg\u00fan declar\u00f3 el cardenal Manuel Clemente, arzobispo y patriarca de Lisboa, durante la primera rueda de prensa, [&hellip;]","og_url":"https:\/\/www.lamennais.org\/es\/exclusivo-y-si-la-proxima-jmj-tuviera-lugar-en-africa\/","og_site_name":"LaMennais.org","article_published_time":"2023-07-31T16:04:03+00:00","article_modified_time":"2023-08-01T07:52:59+00:00","og_image":[{"width":557,"height":370,"url":"https:\/\/www.lamennais.org\/wp-content\/uploads\/2023\/07\/Capture-decran-2023-07-31-175326-e1690819522789.png","type":"image\/png"}],"author":"Herv\u00e9 Asse","twitter_card":"summary_large_image","twitter_misc":{"Escrito por":"Herv\u00e9 Asse","Tiempo de lectura":"2 minutos"},"schema":{"@context":"https:\/\/schema.org","@graph":[{"@type":"Article","@id":"https:\/\/www.lamennais.org\/es\/exclusivo-y-si-la-proxima-jmj-tuviera-lugar-en-africa\/#article","isPartOf":{"@id":"https:\/\/www.lamennais.org\/es\/exclusivo-y-si-la-proxima-jmj-tuviera-lugar-en-africa\/"},"author":{"name":"Herv\u00e9 Asse","@id":"https:\/\/www.lamennais.org\/#\/schema\/person\/2a8d6e8a95babedd5ba1c43afd2e3844"},"headline":"EXCLUSIVO. \u00bfY si la pr\u00f3xima JMJ tuviera lugar en \u00c1frica?","datePublished":"2023-07-31T16:04:03+00:00","dateModified":"2023-08-01T07:52:59+00:00","mainEntityOfPage":{"@id":"https:\/\/www.lamennais.org\/es\/exclusivo-y-si-la-proxima-jmj-tuviera-lugar-en-africa\/"},"wordCount":249,"image":{"@id":"https:\/\/www.lamennais.org\/es\/exclusivo-y-si-la-proxima-jmj-tuviera-lugar-en-africa\/#primaryimage"},"thumbnailUrl":"https:\/\/www.lamennais.org\/wp-content\/uploads\/2023\/07\/Capture-decran-2023-07-31-175326-e1690819522789.png","articleSection":["NOTICIAS"],"inLanguage":"es"},{"@type":"WebPage","@id":"https:\/\/www.lamennais.org\/es\/exclusivo-y-si-la-proxima-jmj-tuviera-lugar-en-africa\/","url":"https:\/\/www.lamennais.org\/es\/exclusivo-y-si-la-proxima-jmj-tuviera-lugar-en-africa\/","name":"EXCLUSIVO. \u00bfY si la pr\u00f3xima JMJ tuviera lugar en \u00c1frica? - LaMennais.org","isPartOf":{"@id":"https:\/\/www.lamennais.org\/#website"},"primaryImageOfPage":{"@id":"https:\/\/www.lamennais.org\/es\/exclusivo-y-si-la-proxima-jmj-tuviera-lugar-en-africa\/#primaryimage"},"image":{"@id":"https:\/\/www.lamennais.org\/es\/exclusivo-y-si-la-proxima-jmj-tuviera-lugar-en-africa\/#primaryimage"},"thumbnailUrl":"https:\/\/www.lamennais.org\/wp-content\/uploads\/2023\/07\/Capture-decran-2023-07-31-175326-e1690819522789.png","datePublished":"2023-07-31T16:04:03+00:00","dateModified":"2023-08-01T07:52:59+00:00","author":{"@id":"https:\/\/www.lamennais.org\/#\/schema\/person\/2a8d6e8a95babedd5ba1c43afd2e3844"},"breadcrumb":{"@id":"https:\/\/www.lamennais.org\/es\/exclusivo-y-si-la-proxima-jmj-tuviera-lugar-en-africa\/#breadcrumb"},"inLanguage":"es","potentialAction":[{"@type":"ReadAction","target":["https:\/\/www.lamennais.org\/es\/exclusivo-y-si-la-proxima-jmj-tuviera-lugar-en-africa\/"]}]},{"@type":"ImageObject","inLanguage":"es","@id":"https:\/\/www.lamennais.org\/es\/exclusivo-y-si-la-proxima-jmj-tuviera-lugar-en-africa\/#primaryimage","url":"https:\/\/www.lamennais.org\/wp-content\/uploads\/2023\/07\/Capture-decran-2023-07-31-175326-e1690819522789.png","contentUrl":"https:\/\/www.lamennais.org\/wp-content\/uploads\/2023\/07\/Capture-decran-2023-07-31-175326-e1690819522789.png","width":557,"height":370},{"@type":"BreadcrumbList","@id":"https:\/\/www.lamennais.org\/es\/exclusivo-y-si-la-proxima-jmj-tuviera-lugar-en-africa\/#breadcrumb","itemListElement":[{"@type":"ListItem","position":1,"name":"Accueil","item":"https:\/\/www.lamennais.org\/"},{"@type":"ListItem","position":2,"name":"EXCLUSIVO. \u00bfY si la pr\u00f3xima JMJ tuviera lugar en \u00c1frica?"}]},{"@type":"WebSite","@id":"https:\/\/www.lamennais.org\/#website","url":"https:\/\/www.lamennais.org\/","name":"LaMennais.org","description":"Fr\u00e8res de l&#039;Instruction Chr\u00e9tienne et Famille Mennaisienne","potentialAction":[{"@type":"SearchAction","target":{"@type":"EntryPoint","urlTemplate":"https:\/\/www.lamennais.org\/?s={search_term_string}"},"query-input":{"@type":"PropertyValueSpecification","valueRequired":true,"valueName":"search_term_string"}}],"inLanguage":"es"},{"@type":"Person","@id":"https:\/\/www.lamennais.org\/#\/schema\/person\/2a8d6e8a95babedd5ba1c43afd2e3844","name":"Herv\u00e9 Asse","image":{"@type":"ImageObject","inLanguage":"es","@id":"https:\/\/secure.gravatar.com\/avatar\/1aaa7b1baf759c8b40525f40af381cbaa2b0ddd554f57145bceb0654ba45b4c0?s=96&d=mm&r=g","url":"https:\/\/secure.gravatar.com\/avatar\/1aaa7b1baf759c8b40525f40af381cbaa2b0ddd554f57145bceb0654ba45b4c0?s=96&d=mm&r=g","contentUrl":"https:\/\/secure.gravatar.com\/avatar\/1aaa7b1baf759c8b40525f40af381cbaa2b0ddd554f57145bceb0654ba45b4c0?s=96&d=mm&r=g","caption":"Herv\u00e9 Asse"}}]}},"_links":{"self":[{"href":"https:\/\/www.lamennais.org\/es\/wp-json\/wp\/v2\/posts\/37926","targetHints":{"allow":["GET"]}}],"collection":[{"href":"https:\/\/www.lamennais.org\/es\/wp-json\/wp\/v2\/posts"}],"about":[{"href":"https:\/\/www.lamennais.org\/es\/wp-json\/wp\/v2\/types\/post"}],"author":[{"embeddable":true,"href":"https:\/\/www.lamennais.org\/es\/wp-json\/wp\/v2\/users\/3"}],"replies":[{"embeddable":true,"href":"https:\/\/www.lamennais.org\/es\/wp-json\/wp\/v2\/comments?post=37926"}],"version-history":[{"count":1,"href":"https:\/\/www.lamennais.org\/es\/wp-json\/wp\/v2\/posts\/37926\/revisions"}],"predecessor-version":[{"id":37927,"href":"https:\/\/www.lamennais.org\/es\/wp-json\/wp\/v2\/posts\/37926\/revisions\/37927"}],"wp:featuredmedia":[{"embeddable":true,"href":"https:\/\/www.lamennais.org\/es\/wp-json\/wp\/v2\/media\/37912"}],"wp:attachment":[{"href":"https:\/\/www.lamennais.org\/es\/wp-json\/wp\/v2\/media?parent=37926"}],"wp:term":[{"taxonomy":"category","embeddable":true,"href":"https:\/\/www.lamennais.org\/es\/wp-json\/wp\/v2\/categories?post=37926"},{"taxonomy":"post_tag","embeddable":true,"href":"https:\/\/www.lamennais.org\/es\/wp-json\/wp\/v2\/tags?post=37926"}],"curies":[{"name":"wp","href":"https:\/\/api.w.org\/{rel}","templated":true}]}}