{"id":37526,"date":"2023-06-17T09:38:14","date_gmt":"2023-06-17T07:38:14","guid":{"rendered":"https:\/\/www.lamennais.org\/?p=37526"},"modified":"2024-04-03T18:00:24","modified_gmt":"2024-04-03T16:00:24","slug":"dia-a-dia","status":"publish","type":"post","link":"https:\/\/www.lamennais.org\/es\/dia-a-dia\/","title":{"rendered":"D\u00eda a D\u00eda"},"content":{"rendered":"<h2><strong><span style=\"color: #ff6600;\">Siga las noticias d\u00eda a d\u00eda :<\/span><\/strong> <a href=\"https:\/\/www.lamennais.org\/es\/category\/noticias\/\" target=\"_blank\" rel=\"noopener\">&gt;&gt;&gt;<\/a><\/h2>\n<h2><strong><span style=\"color: #0000ff;\">Lugar y fechas del Cap\u00edtulo general 2024 :<\/span><\/strong><\/h2>\n<p>El Cap\u00edtulo General de 2024, es el 28\u00ba desde que los Hermanos Profesos, reunidos en Plo\u00ebrmel, el 4 de agosto de 1869, decidieron dotar al Instituto de esta estructura de discernimiento y de gobierno. Tendr\u00e1 lugar en la Casa del Divino Maestro, en Ariccia, en los altos de Castel Gandolfo (Italia), del <strong>26 de marzo al 24 de abril de 2024<\/strong>.<\/p>\n<p><img fetchpriority=\"high\" decoding=\"async\" class=\"alignleft size-medium wp-image-37507\" src=\"https:\/\/www.lamennais.org\/wp-content\/uploads\/2023\/06\/174343328_n56nfTgDv3KpLajfgTQHzHydVZ8kHF4MedJaGdCEdTM-300x300.jpg\" alt=\"\" width=\"300\" height=\"300\" srcset=\"https:\/\/www.lamennais.org\/wp-content\/uploads\/2023\/06\/174343328_n56nfTgDv3KpLajfgTQHzHydVZ8kHF4MedJaGdCEdTM-300x300.jpg 300w, https:\/\/www.lamennais.org\/wp-content\/uploads\/2023\/06\/174343328_n56nfTgDv3KpLajfgTQHzHydVZ8kHF4MedJaGdCEdTM-150x150.jpg 150w, https:\/\/www.lamennais.org\/wp-content\/uploads\/2023\/06\/174343328_n56nfTgDv3KpLajfgTQHzHydVZ8kHF4MedJaGdCEdTM-260x260.jpg 260w, https:\/\/www.lamennais.org\/wp-content\/uploads\/2023\/06\/174343328_n56nfTgDv3KpLajfgTQHzHydVZ8kHF4MedJaGdCEdTM.jpg 600w\" sizes=\"(max-width: 300px) 100vw, 300px\" \/> <img decoding=\"async\" class=\"alignleft size-medium wp-image-37510\" src=\"https:\/\/www.lamennais.org\/wp-content\/uploads\/2023\/06\/30850651589-300x210.jpg\" alt=\"\" width=\"300\" height=\"210\" srcset=\"https:\/\/www.lamennais.org\/wp-content\/uploads\/2023\/06\/30850651589-300x210.jpg 300w, https:\/\/www.lamennais.org\/wp-content\/uploads\/2023\/06\/30850651589-260x182.jpg 260w, https:\/\/www.lamennais.org\/wp-content\/uploads\/2023\/06\/30850651589.jpg 700w\" sizes=\"(max-width: 300px) 100vw, 300px\" \/> <img decoding=\"async\" class=\"alignleft size-medium wp-image-37513\" src=\"https:\/\/www.lamennais.org\/wp-content\/uploads\/2023\/06\/esterni-06-300x200.jpg\" alt=\"\" width=\"300\" height=\"200\" srcset=\"https:\/\/www.lamennais.org\/wp-content\/uploads\/2023\/06\/esterni-06-300x200.jpg 300w, https:\/\/www.lamennais.org\/wp-content\/uploads\/2023\/06\/esterni-06-768x512.jpg 768w, https:\/\/www.lamennais.org\/wp-content\/uploads\/2023\/06\/esterni-06-260x173.jpg 260w, https:\/\/www.lamennais.org\/wp-content\/uploads\/2023\/06\/esterni-06.jpg 900w\" sizes=\"(max-width: 300px) 100vw, 300px\" \/> <img loading=\"lazy\" decoding=\"async\" class=\"alignleft size-medium wp-image-37516\" src=\"https:\/\/www.lamennais.org\/wp-content\/uploads\/2023\/06\/img-cap-dm-01-300x145.jpg\" alt=\"\" width=\"300\" height=\"145\" srcset=\"https:\/\/www.lamennais.org\/wp-content\/uploads\/2023\/06\/img-cap-dm-01-300x145.jpg 300w, https:\/\/www.lamennais.org\/wp-content\/uploads\/2023\/06\/img-cap-dm-01-1024x495.jpg 1024w, https:\/\/www.lamennais.org\/wp-content\/uploads\/2023\/06\/img-cap-dm-01-768x372.jpg 768w, https:\/\/www.lamennais.org\/wp-content\/uploads\/2023\/06\/img-cap-dm-01-260x126.jpg 260w, https:\/\/www.lamennais.org\/wp-content\/uploads\/2023\/06\/img-cap-dm-01.jpg 1240w\" sizes=\"(max-width: 300px) 100vw, 300px\" \/> <img loading=\"lazy\" decoding=\"async\" class=\"alignleft size-medium wp-image-37519\" src=\"https:\/\/www.lamennais.org\/wp-content\/uploads\/2023\/06\/img-cdm-hotspot-300x168.jpg\" alt=\"\" width=\"300\" height=\"168\" srcset=\"https:\/\/www.lamennais.org\/wp-content\/uploads\/2023\/06\/img-cdm-hotspot-300x168.jpg 300w, https:\/\/www.lamennais.org\/wp-content\/uploads\/2023\/06\/img-cdm-hotspot-768x431.jpg 768w, https:\/\/www.lamennais.org\/wp-content\/uploads\/2023\/06\/img-cdm-hotspot-260x146.jpg 260w, https:\/\/www.lamennais.org\/wp-content\/uploads\/2023\/06\/img-cdm-hotspot.jpg 800w\" sizes=\"(max-width: 300px) 100vw, 300px\" \/> <img loading=\"lazy\" decoding=\"async\" class=\"alignleft size-medium wp-image-37522\" src=\"https:\/\/www.lamennais.org\/wp-content\/uploads\/2023\/06\/IMG_4890-1-1024x576-1-300x169.jpg\" alt=\"\" width=\"300\" height=\"169\" srcset=\"https:\/\/www.lamennais.org\/wp-content\/uploads\/2023\/06\/IMG_4890-1-1024x576-1-300x169.jpg 300w, https:\/\/www.lamennais.org\/wp-content\/uploads\/2023\/06\/IMG_4890-1-1024x576-1-768x432.jpg 768w, https:\/\/www.lamennais.org\/wp-content\/uploads\/2023\/06\/IMG_4890-1-1024x576-1-260x146.jpg 260w, https:\/\/www.lamennais.org\/wp-content\/uploads\/2023\/06\/IMG_4890-1-1024x576-1.jpg 1024w\" sizes=\"(max-width: 300px) 100vw, 300px\" \/><\/p>\n","protected":false},"excerpt":{"rendered":"<p>Fotos, v\u00eddeos &#8230; antes y durante el Cap\u00edtulo general<\/p>\n","protected":false},"author":3,"featured_media":37459,"comment_status":"closed","ping_status":"closed","sticky":false,"template":"","format":"standard","meta":{"footnotes":""},"categories":[400],"tags":[],"class_list":["post-37526","post","type-post","status-publish","format-standard","has-post-thumbnail","hentry","category-chg-es"],"yoast_head":"<!-- This site is optimized with the Yoast SEO plugin v27.5 - https:\/\/yoast.com\/product\/yoast-seo-wordpress\/ -->\n<title>D\u00eda a D\u00eda - LaMennais.org<\/title>\n<meta name=\"robots\" content=\"index, follow, max-snippet:-1, max-image-preview:large, max-video-preview:-1\" \/>\n<link rel=\"canonical\" href=\"https:\/\/www.lamennais.org\/es\/dia-a-dia\/\" \/>\n<meta property=\"og:locale\" content=\"es_ES\" \/>\n<meta property=\"og:type\" content=\"article\" \/>\n<meta property=\"og:title\" content=\"D\u00eda a D\u00eda - LaMennais.org\" \/>\n<meta property=\"og:description\" content=\"Fotos, v\u00eddeos ... antes y durante el Cap\u00edtulo general\" \/>\n<meta property=\"og:url\" content=\"https:\/\/www.lamennais.org\/es\/dia-a-dia\/\" \/>\n<meta property=\"og:site_name\" content=\"LaMennais.org\" \/>\n<meta property=\"article:published_time\" content=\"2023-06-17T07:38:14+00:00\" \/>\n<meta property=\"article:modified_time\" content=\"2024-04-03T16:00:24+00:00\" \/>\n<meta property=\"og:image\" content=\"https:\/\/www.lamennais.org\/wp-content\/uploads\/2023\/06\/DJI_0162.jpg\" \/>\n\t<meta property=\"og:image:width\" content=\"900\" \/>\n\t<meta property=\"og:image:height\" content=\"600\" \/>\n\t<meta property=\"og:image:type\" content=\"image\/jpeg\" \/>\n<meta name=\"author\" content=\"Herv\u00e9 Asse\" \/>\n<meta name=\"twitter:card\" content=\"summary_large_image\" \/>\n<meta name=\"twitter:label1\" content=\"Escrito por\" \/>\n\t<meta name=\"twitter:data1\" content=\"Herv\u00e9 Asse\" \/>\n\t<meta name=\"twitter:label2\" content=\"Tiempo de lectura\" \/>\n\t<meta name=\"twitter:data2\" content=\"2 minutos\" \/>\n<script type=\"application\/ld+json\" class=\"yoast-schema-graph\">{\"@context\":\"https:\\\/\\\/schema.org\",\"@graph\":[{\"@type\":\"Article\",\"@id\":\"https:\\\/\\\/www.lamennais.org\\\/es\\\/dia-a-dia\\\/#article\",\"isPartOf\":{\"@id\":\"https:\\\/\\\/www.lamennais.org\\\/es\\\/dia-a-dia\\\/\"},\"author\":{\"name\":\"Herv\u00e9 Asse\",\"@id\":\"https:\\\/\\\/www.lamennais.org\\\/#\\\/schema\\\/person\\\/2a8d6e8a95babedd5ba1c43afd2e3844\"},\"headline\":\"D\u00eda a D\u00eda\",\"datePublished\":\"2023-06-17T07:38:14+00:00\",\"dateModified\":\"2024-04-03T16:00:24+00:00\",\"mainEntityOfPage\":{\"@id\":\"https:\\\/\\\/www.lamennais.org\\\/es\\\/dia-a-dia\\\/\"},\"wordCount\":79,\"image\":{\"@id\":\"https:\\\/\\\/www.lamennais.org\\\/es\\\/dia-a-dia\\\/#primaryimage\"},\"thumbnailUrl\":\"https:\\\/\\\/www.lamennais.org\\\/wp-content\\\/uploads\\\/2023\\\/06\\\/DJI_0162.jpg\",\"articleSection\":[\"Cap\u00edtulo General 2024\"],\"inLanguage\":\"es\"},{\"@type\":\"WebPage\",\"@id\":\"https:\\\/\\\/www.lamennais.org\\\/es\\\/dia-a-dia\\\/\",\"url\":\"https:\\\/\\\/www.lamennais.org\\\/es\\\/dia-a-dia\\\/\",\"name\":\"D\u00eda a D\u00eda - LaMennais.org\",\"isPartOf\":{\"@id\":\"https:\\\/\\\/www.lamennais.org\\\/#website\"},\"primaryImageOfPage\":{\"@id\":\"https:\\\/\\\/www.lamennais.org\\\/es\\\/dia-a-dia\\\/#primaryimage\"},\"image\":{\"@id\":\"https:\\\/\\\/www.lamennais.org\\\/es\\\/dia-a-dia\\\/#primaryimage\"},\"thumbnailUrl\":\"https:\\\/\\\/www.lamennais.org\\\/wp-content\\\/uploads\\\/2023\\\/06\\\/DJI_0162.jpg\",\"datePublished\":\"2023-06-17T07:38:14+00:00\",\"dateModified\":\"2024-04-03T16:00:24+00:00\",\"author\":{\"@id\":\"https:\\\/\\\/www.lamennais.org\\\/#\\\/schema\\\/person\\\/2a8d6e8a95babedd5ba1c43afd2e3844\"},\"breadcrumb\":{\"@id\":\"https:\\\/\\\/www.lamennais.org\\\/es\\\/dia-a-dia\\\/#breadcrumb\"},\"inLanguage\":\"es\",\"potentialAction\":[{\"@type\":\"ReadAction\",\"target\":[\"https:\\\/\\\/www.lamennais.org\\\/es\\\/dia-a-dia\\\/\"]}]},{\"@type\":\"ImageObject\",\"inLanguage\":\"es\",\"@id\":\"https:\\\/\\\/www.lamennais.org\\\/es\\\/dia-a-dia\\\/#primaryimage\",\"url\":\"https:\\\/\\\/www.lamennais.org\\\/wp-content\\\/uploads\\\/2023\\\/06\\\/DJI_0162.jpg\",\"contentUrl\":\"https:\\\/\\\/www.lamennais.org\\\/wp-content\\\/uploads\\\/2023\\\/06\\\/DJI_0162.jpg\",\"width\":900,\"height\":600,\"caption\":\"default\"},{\"@type\":\"BreadcrumbList\",\"@id\":\"https:\\\/\\\/www.lamennais.org\\\/es\\\/dia-a-dia\\\/#breadcrumb\",\"itemListElement\":[{\"@type\":\"ListItem\",\"position\":1,\"name\":\"Accueil\",\"item\":\"https:\\\/\\\/www.lamennais.org\\\/\"},{\"@type\":\"ListItem\",\"position\":2,\"name\":\"D\u00eda a D\u00eda\"}]},{\"@type\":\"WebSite\",\"@id\":\"https:\\\/\\\/www.lamennais.org\\\/#website\",\"url\":\"https:\\\/\\\/www.lamennais.org\\\/\",\"name\":\"LaMennais.org\",\"description\":\"Fr\u00e8res de l&#039;Instruction Chr\u00e9tienne et Famille Mennaisienne\",\"potentialAction\":[{\"@type\":\"SearchAction\",\"target\":{\"@type\":\"EntryPoint\",\"urlTemplate\":\"https:\\\/\\\/www.lamennais.org\\\/?s={search_term_string}\"},\"query-input\":{\"@type\":\"PropertyValueSpecification\",\"valueRequired\":true,\"valueName\":\"search_term_string\"}}],\"inLanguage\":\"es\"},{\"@type\":\"Person\",\"@id\":\"https:\\\/\\\/www.lamennais.org\\\/#\\\/schema\\\/person\\\/2a8d6e8a95babedd5ba1c43afd2e3844\",\"name\":\"Herv\u00e9 Asse\",\"image\":{\"@type\":\"ImageObject\",\"inLanguage\":\"es\",\"@id\":\"https:\\\/\\\/secure.gravatar.com\\\/avatar\\\/1aaa7b1baf759c8b40525f40af381cbaa2b0ddd554f57145bceb0654ba45b4c0?s=96&d=mm&r=g\",\"url\":\"https:\\\/\\\/secure.gravatar.com\\\/avatar\\\/1aaa7b1baf759c8b40525f40af381cbaa2b0ddd554f57145bceb0654ba45b4c0?s=96&d=mm&r=g\",\"contentUrl\":\"https:\\\/\\\/secure.gravatar.com\\\/avatar\\\/1aaa7b1baf759c8b40525f40af381cbaa2b0ddd554f57145bceb0654ba45b4c0?s=96&d=mm&r=g\",\"caption\":\"Herv\u00e9 Asse\"}}]}<\/script>\n<!-- \/ Yoast SEO plugin. -->","yoast_head_json":{"title":"D\u00eda a D\u00eda - LaMennais.org","robots":{"index":"index","follow":"follow","max-snippet":"max-snippet:-1","max-image-preview":"max-image-preview:large","max-video-preview":"max-video-preview:-1"},"canonical":"https:\/\/www.lamennais.org\/es\/dia-a-dia\/","og_locale":"es_ES","og_type":"article","og_title":"D\u00eda a D\u00eda - LaMennais.org","og_description":"Fotos, v\u00eddeos ... antes y durante el Cap\u00edtulo general","og_url":"https:\/\/www.lamennais.org\/es\/dia-a-dia\/","og_site_name":"LaMennais.org","article_published_time":"2023-06-17T07:38:14+00:00","article_modified_time":"2024-04-03T16:00:24+00:00","og_image":[{"width":900,"height":600,"url":"https:\/\/www.lamennais.org\/wp-content\/uploads\/2023\/06\/DJI_0162.jpg","type":"image\/jpeg"}],"author":"Herv\u00e9 Asse","twitter_card":"summary_large_image","twitter_misc":{"Escrito por":"Herv\u00e9 Asse","Tiempo de lectura":"2 minutos"},"schema":{"@context":"https:\/\/schema.org","@graph":[{"@type":"Article","@id":"https:\/\/www.lamennais.org\/es\/dia-a-dia\/#article","isPartOf":{"@id":"https:\/\/www.lamennais.org\/es\/dia-a-dia\/"},"author":{"name":"Herv\u00e9 Asse","@id":"https:\/\/www.lamennais.org\/#\/schema\/person\/2a8d6e8a95babedd5ba1c43afd2e3844"},"headline":"D\u00eda a D\u00eda","datePublished":"2023-06-17T07:38:14+00:00","dateModified":"2024-04-03T16:00:24+00:00","mainEntityOfPage":{"@id":"https:\/\/www.lamennais.org\/es\/dia-a-dia\/"},"wordCount":79,"image":{"@id":"https:\/\/www.lamennais.org\/es\/dia-a-dia\/#primaryimage"},"thumbnailUrl":"https:\/\/www.lamennais.org\/wp-content\/uploads\/2023\/06\/DJI_0162.jpg","articleSection":["Cap\u00edtulo General 2024"],"inLanguage":"es"},{"@type":"WebPage","@id":"https:\/\/www.lamennais.org\/es\/dia-a-dia\/","url":"https:\/\/www.lamennais.org\/es\/dia-a-dia\/","name":"D\u00eda a D\u00eda - LaMennais.org","isPartOf":{"@id":"https:\/\/www.lamennais.org\/#website"},"primaryImageOfPage":{"@id":"https:\/\/www.lamennais.org\/es\/dia-a-dia\/#primaryimage"},"image":{"@id":"https:\/\/www.lamennais.org\/es\/dia-a-dia\/#primaryimage"},"thumbnailUrl":"https:\/\/www.lamennais.org\/wp-content\/uploads\/2023\/06\/DJI_0162.jpg","datePublished":"2023-06-17T07:38:14+00:00","dateModified":"2024-04-03T16:00:24+00:00","author":{"@id":"https:\/\/www.lamennais.org\/#\/schema\/person\/2a8d6e8a95babedd5ba1c43afd2e3844"},"breadcrumb":{"@id":"https:\/\/www.lamennais.org\/es\/dia-a-dia\/#breadcrumb"},"inLanguage":"es","potentialAction":[{"@type":"ReadAction","target":["https:\/\/www.lamennais.org\/es\/dia-a-dia\/"]}]},{"@type":"ImageObject","inLanguage":"es","@id":"https:\/\/www.lamennais.org\/es\/dia-a-dia\/#primaryimage","url":"https:\/\/www.lamennais.org\/wp-content\/uploads\/2023\/06\/DJI_0162.jpg","contentUrl":"https:\/\/www.lamennais.org\/wp-content\/uploads\/2023\/06\/DJI_0162.jpg","width":900,"height":600,"caption":"default"},{"@type":"BreadcrumbList","@id":"https:\/\/www.lamennais.org\/es\/dia-a-dia\/#breadcrumb","itemListElement":[{"@type":"ListItem","position":1,"name":"Accueil","item":"https:\/\/www.lamennais.org\/"},{"@type":"ListItem","position":2,"name":"D\u00eda a D\u00eda"}]},{"@type":"WebSite","@id":"https:\/\/www.lamennais.org\/#website","url":"https:\/\/www.lamennais.org\/","name":"LaMennais.org","description":"Fr\u00e8res de l&#039;Instruction Chr\u00e9tienne et Famille Mennaisienne","potentialAction":[{"@type":"SearchAction","target":{"@type":"EntryPoint","urlTemplate":"https:\/\/www.lamennais.org\/?s={search_term_string}"},"query-input":{"@type":"PropertyValueSpecification","valueRequired":true,"valueName":"search_term_string"}}],"inLanguage":"es"},{"@type":"Person","@id":"https:\/\/www.lamennais.org\/#\/schema\/person\/2a8d6e8a95babedd5ba1c43afd2e3844","name":"Herv\u00e9 Asse","image":{"@type":"ImageObject","inLanguage":"es","@id":"https:\/\/secure.gravatar.com\/avatar\/1aaa7b1baf759c8b40525f40af381cbaa2b0ddd554f57145bceb0654ba45b4c0?s=96&d=mm&r=g","url":"https:\/\/secure.gravatar.com\/avatar\/1aaa7b1baf759c8b40525f40af381cbaa2b0ddd554f57145bceb0654ba45b4c0?s=96&d=mm&r=g","contentUrl":"https:\/\/secure.gravatar.com\/avatar\/1aaa7b1baf759c8b40525f40af381cbaa2b0ddd554f57145bceb0654ba45b4c0?s=96&d=mm&r=g","caption":"Herv\u00e9 Asse"}}]}},"_links":{"self":[{"href":"https:\/\/www.lamennais.org\/es\/wp-json\/wp\/v2\/posts\/37526","targetHints":{"allow":["GET"]}}],"collection":[{"href":"https:\/\/www.lamennais.org\/es\/wp-json\/wp\/v2\/posts"}],"about":[{"href":"https:\/\/www.lamennais.org\/es\/wp-json\/wp\/v2\/types\/post"}],"author":[{"embeddable":true,"href":"https:\/\/www.lamennais.org\/es\/wp-json\/wp\/v2\/users\/3"}],"replies":[{"embeddable":true,"href":"https:\/\/www.lamennais.org\/es\/wp-json\/wp\/v2\/comments?post=37526"}],"version-history":[{"count":5,"href":"https:\/\/www.lamennais.org\/es\/wp-json\/wp\/v2\/posts\/37526\/revisions"}],"predecessor-version":[{"id":40294,"href":"https:\/\/www.lamennais.org\/es\/wp-json\/wp\/v2\/posts\/37526\/revisions\/40294"}],"wp:featuredmedia":[{"embeddable":true,"href":"https:\/\/www.lamennais.org\/es\/wp-json\/wp\/v2\/media\/37459"}],"wp:attachment":[{"href":"https:\/\/www.lamennais.org\/es\/wp-json\/wp\/v2\/media?parent=37526"}],"wp:term":[{"taxonomy":"category","embeddable":true,"href":"https:\/\/www.lamennais.org\/es\/wp-json\/wp\/v2\/categories?post=37526"},{"taxonomy":"post_tag","embeddable":true,"href":"https:\/\/www.lamennais.org\/es\/wp-json\/wp\/v2\/tags?post=37526"}],"curies":[{"name":"wp","href":"https:\/\/api.w.org\/{rel}","templated":true}]}}