{"id":37307,"date":"2023-05-12T16:05:32","date_gmt":"2023-05-12T14:05:32","guid":{"rendered":"https:\/\/www.lamennais.org\/?p=37307"},"modified":"2023-05-13T09:11:11","modified_gmt":"2023-05-13T07:11:11","slug":"visitacion-jovenes-y-adultos-del-cono-sur-bolivia-chile-argentina-uruguay-reciben-con-alegria-al-hno-herve-zamor-sg","status":"publish","type":"post","link":"https:\/\/www.lamennais.org\/es\/visitacion-jovenes-y-adultos-del-cono-sur-bolivia-chile-argentina-uruguay-reciben-con-alegria-al-hno-herve-zamor-sg\/","title":{"rendered":"<strong>VISITACI\u00d3N. J\u00f3venes y adultos del Cono Sur \u2013 Bolivia-Chile-Argentina-Uruguay- reciben con alegr\u00eda al Hno. Herv\u00e9 ZAMOR, sg<\/strong>"},"content":{"rendered":"<p><strong>Durante un mes, el Hno. Herv\u00e9 Zamor, Superior General, acompa\u00f1ado del Hno. Miguel Aristondo, Asistente, realiz\u00f3 un completo recorrido por las comunidades, escuelas y realidades menesianas de Bolivia, Chile, Argentina y Uruguay. Se vivi\u00f3 una Asamblea de la Familia Menesiana del distrito con 70 participantes y se inaugur\u00f3 una estatua de Juan Mar\u00eda de la Mennais. Aqu\u00ed est\u00e1 la <\/strong><strong>h<\/strong><strong>istoria y los testimonios de un mes animado!<\/strong><\/p>\n<h2>EN CHILE<\/h2>\n<p><strong>Despu\u00e9s<\/strong> de su estancia en Bolivia \u2013 ver el art\u00edculo anterior sobre este tema en la p\u00e1gina Web \u2013 los Superiores se marcharon hacia Chile el domingo 26 de marzo para visitar las tres comunidades de este pa\u00eds.<\/p>\n<p><img fetchpriority=\"high\" decoding=\"async\" class=\"alignnone size-large wp-image-37290\" src=\"https:\/\/www.lamennais.org\/wp-content\/uploads\/2023\/05\/337997108_928494148184545_3132737760356363047_n-1024x567.jpg\" alt=\"\" width=\"860\" height=\"476\" srcset=\"https:\/\/www.lamennais.org\/wp-content\/uploads\/2023\/05\/337997108_928494148184545_3132737760356363047_n-1024x567.jpg 1024w, https:\/\/www.lamennais.org\/wp-content\/uploads\/2023\/05\/337997108_928494148184545_3132737760356363047_n-300x166.jpg 300w, https:\/\/www.lamennais.org\/wp-content\/uploads\/2023\/05\/337997108_928494148184545_3132737760356363047_n-768x425.jpg 768w, https:\/\/www.lamennais.org\/wp-content\/uploads\/2023\/05\/337997108_928494148184545_3132737760356363047_n-260x144.jpg 260w, https:\/\/www.lamennais.org\/wp-content\/uploads\/2023\/05\/337997108_928494148184545_3132737760356363047_n.jpg 1084w\" sizes=\"(max-width: 860px) 100vw, 860px\" \/><\/p>\n<p>Primero <strong>Culipr\u00e1n<\/strong>, un tiempo con la comunidad de los <strong>H<\/strong>ermanos y luego con la comunidad educativa donde intercambiaron con los alumnos y visitaron las instalaciones del colegio.<\/p>\n<p><img decoding=\"async\" class=\"alignnone  wp-image-37287\" src=\"https:\/\/www.lamennais.org\/wp-content\/uploads\/2023\/05\/5295c292-4749-4c06-8a92-975d5d3f1724.jpg\" alt=\"\" width=\"799\" height=\"529\" srcset=\"https:\/\/www.lamennais.org\/wp-content\/uploads\/2023\/05\/5295c292-4749-4c06-8a92-975d5d3f1724.jpg 906w, https:\/\/www.lamennais.org\/wp-content\/uploads\/2023\/05\/5295c292-4749-4c06-8a92-975d5d3f1724-300x199.jpg 300w, https:\/\/www.lamennais.org\/wp-content\/uploads\/2023\/05\/5295c292-4749-4c06-8a92-975d5d3f1724-768x509.jpg 768w, https:\/\/www.lamennais.org\/wp-content\/uploads\/2023\/05\/5295c292-4749-4c06-8a92-975d5d3f1724-260x172.jpg 260w\" sizes=\"(max-width: 799px) 100vw, 799px\" \/><\/p>\n<p>El mi\u00e9rcoles fueron a <strong>Llay-Llay<\/strong> y all\u00ed se encontraron con una comunidad educativa esper\u00e1ndolos con los brazos abiertos. \u00a1Realmente es una visita luminosa! El Hno Herv\u00e9 nos habl\u00f3 de la experiencia menesiana aqu\u00ed y all\u00e1. Le damos las gracias por su discurso lleno de sabidur\u00eda que nos llena de alegr\u00eda en nuestra vida cotidiana.<\/p>\n<p>De vuelta en la comunidad de Culipr\u00e1n, pasaron el domingo con la comunidad menesiana de <strong>Santiago de Chile<\/strong>. All\u00ed, la acogida y la misa fueron notables. Gracias por hacernos sentir parte de esta gran familia.<\/p>\n<h2>Una escultura de Juan Mar\u00eda de la Mennais<\/h2>\n<p><img decoding=\"async\" class=\"alignnone size-full wp-image-37299\" src=\"https:\/\/www.lamennais.org\/wp-content\/uploads\/2023\/05\/339574240_148434994833602_8901883146023730156_n-2.jpg\" alt=\"\" width=\"737\" height=\"530\" srcset=\"https:\/\/www.lamennais.org\/wp-content\/uploads\/2023\/05\/339574240_148434994833602_8901883146023730156_n-2.jpg 737w, https:\/\/www.lamennais.org\/wp-content\/uploads\/2023\/05\/339574240_148434994833602_8901883146023730156_n-2-300x216.jpg 300w, https:\/\/www.lamennais.org\/wp-content\/uploads\/2023\/05\/339574240_148434994833602_8901883146023730156_n-2-260x187.jpg 260w\" sizes=\"(max-width: 737px) 100vw, 737px\" \/><\/p>\n<p>En la ma\u00f1ana de este lunes 3 de abril tuvo lugar la ceremonia de inauguraci\u00f3n de la escultura de Juan Mar\u00eda de la Mennais, en presencia del Hno Herv\u00e9. El martes 4 de abril se marcharon hacia C\u00f3rdoba en Argentina, donde visitaron la comunidad y prepararon la Asamblea de la Familia Menesiana.<\/p>\n<h2><img loading=\"lazy\" decoding=\"async\" class=\"alignnone size-full wp-image-37296\" src=\"https:\/\/www.lamennais.org\/wp-content\/uploads\/2023\/05\/339646996_1912418005776920_3622384953120575584_n-2.jpg\" alt=\"\" width=\"980\" height=\"391\" srcset=\"https:\/\/www.lamennais.org\/wp-content\/uploads\/2023\/05\/339646996_1912418005776920_3622384953120575584_n-2.jpg 980w, https:\/\/www.lamennais.org\/wp-content\/uploads\/2023\/05\/339646996_1912418005776920_3622384953120575584_n-2-300x120.jpg 300w, https:\/\/www.lamennais.org\/wp-content\/uploads\/2023\/05\/339646996_1912418005776920_3622384953120575584_n-2-768x306.jpg 768w, https:\/\/www.lamennais.org\/wp-content\/uploads\/2023\/05\/339646996_1912418005776920_3622384953120575584_n-2-260x104.jpg 260w\" sizes=\"(max-width: 980px) 100vw, 980px\" \/><\/h2>\n<h2>Asamblea de Distrito con 70 participantes<\/h2>\n<p>All\u00ed se hab\u00edan reunido desde el d\u00eda anterior <strong>H<\/strong>ermanos y laicos de las diferentes comunidades. Fueron cerca de 70 participantes. Fue la primera Asamblea Distrital desde su nacimiento a los pies de Mar\u00eda de Luj\u00e1n, en julio de 2019.<\/p>\n<p><img loading=\"lazy\" decoding=\"async\" class=\"alignnone size-full wp-image-37293\" src=\"https:\/\/www.lamennais.org\/wp-content\/uploads\/2023\/05\/338849875_944636186951062_115688379138701242_n-2.jpg\" alt=\"\" width=\"874\" height=\"330\" srcset=\"https:\/\/www.lamennais.org\/wp-content\/uploads\/2023\/05\/338849875_944636186951062_115688379138701242_n-2.jpg 874w, https:\/\/www.lamennais.org\/wp-content\/uploads\/2023\/05\/338849875_944636186951062_115688379138701242_n-2-300x113.jpg 300w, https:\/\/www.lamennais.org\/wp-content\/uploads\/2023\/05\/338849875_944636186951062_115688379138701242_n-2-768x290.jpg 768w, https:\/\/www.lamennais.org\/wp-content\/uploads\/2023\/05\/338849875_944636186951062_115688379138701242_n-2-260x98.jpg 260w\" sizes=\"(max-width: 874px) 100vw, 874px\" \/><\/p>\n<p>La Familia unida pudo reflexionar y rezar sobre los documentos del cap\u00edtulo titulado: la periferia, la pastoral vocacional, los j\u00f3venes adultos menesianos y la Familia Menesiana. Era un trabajo exigente porque se deb\u00eda llegar a una o dos l\u00edneas de fuerza para el trienio. Y as\u00ed fue.<\/p>\n<p><strong>Terminamos escribiendo lo que expresa los desaf\u00edos a asumir como portadores de vida<\/strong>:<\/p>\n<p>\u201cNosotros, la familia menesiana, queremos escuchar activamente y tener una mirada abierta.<\/p>\n<p>Queremos vivir en comuni\u00f3n fraterna, apoy\u00e1ndonos unos a otros porque somos un solo cuerpo, diferentes y complementarios al mismo tiempo. Con toda humildad, reconocemos nuestras fortalezas y debilidades y nos comprometemos personalmente con la misi\u00f3n.<\/p>\n<p>Queremos avanzar con \u00e1nimo hacia nuevos retos, deshaciendo y rehaciendo estructuras, queremos conocer a nuevos miembros que se sientan implicados.<\/p>\n<p>Nosotros, los menesianos, vivimos una l\u00f3gica de fraternidad, es nuestra vocaci\u00f3n y nuestra misi\u00f3n.<\/p>\n<p>Acompa\u00f1amos y apoyamos esta experiencia que implica la renuncia a un ritmo individual para avanzar como equipo, como un solo cuerpo, abriendo caminos hacia j\u00f3venes que vivir\u00e1n esta fraternidad en la escucha y la confianza.<\/p>\n<p>Como familia reconocemos que Dios Solo es el l\u00edder y animador de nuestro cuerpo, por eso priorizamos la oraci\u00f3n y profundizaremos en la espiritualidad, esto nos permitir\u00e1 ir al encuentro del otro a ejemplo de Jes\u00fas, creando lazos de caridad y servicio que nos empujan a traspasar fronteras en acciones que nos <strong>forman<\/strong> y transforman\u201d.<\/p>\n<h2>EN ARGENTINA<\/h2>\n<p>Desde los primeros d\u00edas de abril, los Superiores Mayores es<strong>tuvieron<\/strong> visitando Argentina. Comenzaron por el Instituto de Nuestra Se\u00f1ora del Rosario en <strong>Bialet Mass\u00e9<\/strong>, donde se unieron los j\u00f3venes estudiantes, los miembros de la pertenencia, el equipo directivo y la Familia Menesiana reunidos en asamblea durante la Semana Santa. Hermosa experiencia de familia, de <strong>C<\/strong>ongregaci\u00f3n.<\/p>\n<p><img loading=\"lazy\" decoding=\"async\" class=\"alignnone size-full wp-image-37263\" src=\"https:\/\/www.lamennais.org\/wp-content\/uploads\/2023\/05\/7a08d710-c876-4abf-9701-eed3210bebe5-2.jpg\" alt=\"\" width=\"676\" height=\"438\" srcset=\"https:\/\/www.lamennais.org\/wp-content\/uploads\/2023\/05\/7a08d710-c876-4abf-9701-eed3210bebe5-2.jpg 676w, https:\/\/www.lamennais.org\/wp-content\/uploads\/2023\/05\/7a08d710-c876-4abf-9701-eed3210bebe5-2-300x194.jpg 300w, https:\/\/www.lamennais.org\/wp-content\/uploads\/2023\/05\/7a08d710-c876-4abf-9701-eed3210bebe5-2-260x168.jpg 260w\" sizes=\"(max-width: 676px) 100vw, 676px\" \/><\/p>\n<p><img loading=\"lazy\" decoding=\"async\" class=\"alignnone  wp-image-37266\" src=\"https:\/\/www.lamennais.org\/wp-content\/uploads\/2023\/05\/9b73bd12-7d3c-4ac8-ab77-84628ac589ac-2.jpg\" alt=\"\" width=\"846\" height=\"367\" srcset=\"https:\/\/www.lamennais.org\/wp-content\/uploads\/2023\/05\/9b73bd12-7d3c-4ac8-ab77-84628ac589ac-2.jpg 989w, https:\/\/www.lamennais.org\/wp-content\/uploads\/2023\/05\/9b73bd12-7d3c-4ac8-ab77-84628ac589ac-2-300x130.jpg 300w, https:\/\/www.lamennais.org\/wp-content\/uploads\/2023\/05\/9b73bd12-7d3c-4ac8-ab77-84628ac589ac-2-768x333.jpg 768w, https:\/\/www.lamennais.org\/wp-content\/uploads\/2023\/05\/9b73bd12-7d3c-4ac8-ab77-84628ac589ac-2-260x113.jpg 260w\" sizes=\"(max-width: 846px) 100vw, 846px\" \/><\/p>\n<p>Luego fueron al Instituto <strong>Sant-Pablo-de-Luj\u00e1n de Cuyo<\/strong>. All\u00ed celebraron el Domingo de Resurrecci\u00f3n en comunidad y luego comenzaron la semana con un tiempo compartido con los alumnos, los educadores y la familia menesiana. Tambi\u00e9n visitaron la <strong>Escuelita<\/strong> y se sumergieron en la vida menesiana del lugar.<\/p>\n<p><img loading=\"lazy\" decoding=\"async\" class=\"alignnone size-full wp-image-37260\" src=\"https:\/\/www.lamennais.org\/wp-content\/uploads\/2023\/05\/5d054021-332b-42bf-bc78-7d477537a340-2.jpg\" alt=\"\" width=\"707\" height=\"382\" srcset=\"https:\/\/www.lamennais.org\/wp-content\/uploads\/2023\/05\/5d054021-332b-42bf-bc78-7d477537a340-2.jpg 707w, https:\/\/www.lamennais.org\/wp-content\/uploads\/2023\/05\/5d054021-332b-42bf-bc78-7d477537a340-2-300x162.jpg 300w, https:\/\/www.lamennais.org\/wp-content\/uploads\/2023\/05\/5d054021-332b-42bf-bc78-7d477537a340-2-260x140.jpg 260w\" sizes=\"(max-width: 707px) 100vw, 707px\" \/><\/p>\n<p>De all\u00ed a <strong>Buenos Aires y luego a Teodelina, de Villa Gobernador G\u00e1lvez.<\/strong> Compartieron las \u00faltimas horas con el hermano Benjam\u00edn, la comunidad de <strong>H<\/strong>ermanos y toda la comunidad educativa. Los encuentros fueron diversos y fruct\u00edferos, sobre todo con los alumnos de secundaria, as\u00ed como con los padres de la familia menesiana, el equipo de direcci\u00f3n y el querido hermano Benjam\u00edn, que les dio silenciosamente la bienvenida y se fue en paz. <strong>San Dami\u00e1n<\/strong> tambi\u00e9n les dio una calurosa bienvenida.<\/p>\n<p><img loading=\"lazy\" decoding=\"async\" class=\"alignnone  wp-image-37269\" src=\"https:\/\/www.lamennais.org\/wp-content\/uploads\/2023\/05\/2023-04-21_Promover-la-fraternidad-1024x439.jpg\" alt=\"\" width=\"762\" height=\"327\" srcset=\"https:\/\/www.lamennais.org\/wp-content\/uploads\/2023\/05\/2023-04-21_Promover-la-fraternidad-1024x439.jpg 1024w, https:\/\/www.lamennais.org\/wp-content\/uploads\/2023\/05\/2023-04-21_Promover-la-fraternidad-300x129.jpg 300w, https:\/\/www.lamennais.org\/wp-content\/uploads\/2023\/05\/2023-04-21_Promover-la-fraternidad-768x329.jpg 768w, https:\/\/www.lamennais.org\/wp-content\/uploads\/2023\/05\/2023-04-21_Promover-la-fraternidad-260x111.jpg 260w, https:\/\/www.lamennais.org\/wp-content\/uploads\/2023\/05\/2023-04-21_Promover-la-fraternidad.jpg 1400w\" sizes=\"(max-width: 762px) 100vw, 762px\" \/><\/p>\n<p>Luego regresaron a Buenos Aires para visitar el <strong>Colegio Cardenal Copello<\/strong> y terminar su gira por el pa\u00eds. Vieron y compartieron la vida de los distintos niveles de la obra educativa, con los alumnos del \u00faltimo a\u00f1o, los padres menesianos, el equipo directivo, especialmente con Enzo Carollo. Encuentro rico, sencillo y c\u00e1lido, as\u00ed como compartir con la comunidad de Hermanos y j\u00f3venes principiantes.<\/p>\n<h2>EN URUGUAY<\/h2>\n<p><img loading=\"lazy\" decoding=\"async\" class=\"alignnone size-large wp-image-37272\" src=\"https:\/\/www.lamennais.org\/wp-content\/uploads\/2023\/05\/5af29a73-bcb8-4ddb-81ab-0227b6469703-1024x384.jpg\" alt=\"\" width=\"860\" height=\"323\" srcset=\"https:\/\/www.lamennais.org\/wp-content\/uploads\/2023\/05\/5af29a73-bcb8-4ddb-81ab-0227b6469703-1024x384.jpg 1024w, https:\/\/www.lamennais.org\/wp-content\/uploads\/2023\/05\/5af29a73-bcb8-4ddb-81ab-0227b6469703-300x113.jpg 300w, https:\/\/www.lamennais.org\/wp-content\/uploads\/2023\/05\/5af29a73-bcb8-4ddb-81ab-0227b6469703-768x288.jpg 768w, https:\/\/www.lamennais.org\/wp-content\/uploads\/2023\/05\/5af29a73-bcb8-4ddb-81ab-0227b6469703-1536x576.jpg 1536w, https:\/\/www.lamennais.org\/wp-content\/uploads\/2023\/05\/5af29a73-bcb8-4ddb-81ab-0227b6469703-260x98.jpg 260w, https:\/\/www.lamennais.org\/wp-content\/uploads\/2023\/05\/5af29a73-bcb8-4ddb-81ab-0227b6469703.jpg 1600w\" sizes=\"(max-width: 860px) 100vw, 860px\" \/><\/p>\n<p>Nuestros Hermanos han sido testigos de la presencia menesiana en Uruguay. Compartieron la vida, oraci\u00f3n y reflexi\u00f3n de la comunidad de <strong>H<\/strong>ermanos de Maldonado, de los ni\u00f1os y j\u00f3venes de <strong>Dionisio D\u00edaz.<\/strong><\/p>\n<p><img loading=\"lazy\" decoding=\"async\" class=\"alignnone  wp-image-37275\" src=\"https:\/\/www.lamennais.org\/wp-content\/uploads\/2023\/05\/462f42f8-1404-4de5-b711-2ca27ab81fbc.jpg\" alt=\"\" width=\"800\" height=\"552\" srcset=\"https:\/\/www.lamennais.org\/wp-content\/uploads\/2023\/05\/462f42f8-1404-4de5-b711-2ca27ab81fbc.jpg 870w, https:\/\/www.lamennais.org\/wp-content\/uploads\/2023\/05\/462f42f8-1404-4de5-b711-2ca27ab81fbc-300x207.jpg 300w, https:\/\/www.lamennais.org\/wp-content\/uploads\/2023\/05\/462f42f8-1404-4de5-b711-2ca27ab81fbc-768x530.jpg 768w, https:\/\/www.lamennais.org\/wp-content\/uploads\/2023\/05\/462f42f8-1404-4de5-b711-2ca27ab81fbc-260x179.jpg 260w\" sizes=\"(max-width: 800px) 100vw, 800px\" \/><\/p>\n<p><img loading=\"lazy\" decoding=\"async\" class=\"alignnone  wp-image-37281\" src=\"https:\/\/www.lamennais.org\/wp-content\/uploads\/2023\/05\/343585777_956590452138263_8335531947218247447_n.jpg\" alt=\"\" width=\"805\" height=\"504\" srcset=\"https:\/\/www.lamennais.org\/wp-content\/uploads\/2023\/05\/343585777_956590452138263_8335531947218247447_n.jpg 958w, https:\/\/www.lamennais.org\/wp-content\/uploads\/2023\/05\/343585777_956590452138263_8335531947218247447_n-300x188.jpg 300w, https:\/\/www.lamennais.org\/wp-content\/uploads\/2023\/05\/343585777_956590452138263_8335531947218247447_n-768x481.jpg 768w, https:\/\/www.lamennais.org\/wp-content\/uploads\/2023\/05\/343585777_956590452138263_8335531947218247447_n-260x163.jpg 260w\" sizes=\"(max-width: 805px) 100vw, 805px\" \/><\/p>\n<p>Tambi\u00e9n visitaron y se sumergieron en la vibrante realidad del <strong>Colegio La Mennais de Montevideo<\/strong>. <strong>Saludaron<\/strong> a los educadores, los estudiantes, la direcci\u00f3n y conocieron la experiencia del servicio llamado \u201cla marmite\u201d. Se les present\u00f3 la vida de la comunidad en todos sus aspectos y tambi\u00e9n se realiz\u00f3 un encuentro con los j\u00f3venes\u201d.<\/p>\n<p><img loading=\"lazy\" decoding=\"async\" class=\"alignnone size-full wp-image-37278\" src=\"https:\/\/www.lamennais.org\/wp-content\/uploads\/2023\/05\/343553279_104527702626516_6048653018394418321_n.jpg\" alt=\"\" width=\"800\" height=\"600\" srcset=\"https:\/\/www.lamennais.org\/wp-content\/uploads\/2023\/05\/343553279_104527702626516_6048653018394418321_n.jpg 800w, https:\/\/www.lamennais.org\/wp-content\/uploads\/2023\/05\/343553279_104527702626516_6048653018394418321_n-300x225.jpg 300w, https:\/\/www.lamennais.org\/wp-content\/uploads\/2023\/05\/343553279_104527702626516_6048653018394418321_n-768x576.jpg 768w, https:\/\/www.lamennais.org\/wp-content\/uploads\/2023\/05\/343553279_104527702626516_6048653018394418321_n-260x195.jpg 260w\" sizes=\"(max-width: 800px) 100vw, 800px\" \/><\/p>\n<p><strong>\u00a0<\/strong><\/p>\n","protected":false},"excerpt":{"rendered":"<p>Durante un mes, el Hno. Herv\u00e9 Zamor, Superior General, acompa\u00f1ado del Hno. Miguel Aristondo, Asistente, realiz\u00f3 un completo recorrido por las comunidades, escuelas y realidades menesianas de Bolivia, Chile, Argentina y Uruguay. Se vivi\u00f3 una Asamblea de la Familia Menesiana del distrito con 70 participantes y se inaugur\u00f3 una estatua de Juan Mar\u00eda de la [&hellip;]<\/p>\n","protected":false},"author":3,"featured_media":37286,"comment_status":"closed","ping_status":"closed","sticky":false,"template":"","format":"standard","meta":{"footnotes":""},"categories":[105],"tags":[],"class_list":["post-37307","post","type-post","status-publish","format-standard","has-post-thumbnail","hentry","category-noticias"],"yoast_head":"<!-- This site is optimized with the Yoast SEO plugin v27.5 - https:\/\/yoast.com\/product\/yoast-seo-wordpress\/ -->\n<title>VISITACI\u00d3N. J\u00f3venes y adultos del Cono Sur \u2013 Bolivia-Chile-Argentina-Uruguay- reciben con alegr\u00eda al Hno. Herv\u00e9 ZAMOR, sg - LaMennais.org<\/title>\n<meta name=\"robots\" content=\"index, follow, max-snippet:-1, max-image-preview:large, max-video-preview:-1\" \/>\n<link rel=\"canonical\" href=\"https:\/\/www.lamennais.org\/es\/visitacion-jovenes-y-adultos-del-cono-sur-bolivia-chile-argentina-uruguay-reciben-con-alegria-al-hno-herve-zamor-sg\/\" \/>\n<meta property=\"og:locale\" content=\"es_ES\" \/>\n<meta property=\"og:type\" content=\"article\" \/>\n<meta property=\"og:title\" content=\"VISITACI\u00d3N. J\u00f3venes y adultos del Cono Sur \u2013 Bolivia-Chile-Argentina-Uruguay- reciben con alegr\u00eda al Hno. Herv\u00e9 ZAMOR, sg - LaMennais.org\" \/>\n<meta property=\"og:description\" content=\"Durante un mes, el Hno. Herv\u00e9 Zamor, Superior General, acompa\u00f1ado del Hno. Miguel Aristondo, Asistente, realiz\u00f3 un completo recorrido por las comunidades, escuelas y realidades menesianas de Bolivia, Chile, Argentina y Uruguay. Se vivi\u00f3 una Asamblea de la Familia Menesiana del distrito con 70 participantes y se inaugur\u00f3 una estatua de Juan Mar\u00eda de la [&hellip;]\" \/>\n<meta property=\"og:url\" content=\"https:\/\/www.lamennais.org\/es\/visitacion-jovenes-y-adultos-del-cono-sur-bolivia-chile-argentina-uruguay-reciben-con-alegria-al-hno-herve-zamor-sg\/\" \/>\n<meta property=\"og:site_name\" content=\"LaMennais.org\" \/>\n<meta property=\"article:published_time\" content=\"2023-05-12T14:05:32+00:00\" \/>\n<meta property=\"article:modified_time\" content=\"2023-05-13T07:11:11+00:00\" \/>\n<meta property=\"og:image\" content=\"https:\/\/www.lamennais.org\/wp-content\/uploads\/2023\/05\/337997108_928494148184545_3132737760356363047_n-1024x567.jpg\" \/>\n<meta name=\"author\" content=\"Herv\u00e9 Asse\" \/>\n<meta name=\"twitter:card\" content=\"summary_large_image\" \/>\n<meta name=\"twitter:label1\" content=\"Escrito por\" \/>\n\t<meta name=\"twitter:data1\" content=\"Herv\u00e9 Asse\" \/>\n\t<meta name=\"twitter:label2\" content=\"Tiempo de lectura\" \/>\n\t<meta name=\"twitter:data2\" content=\"7 minutos\" \/>\n<script type=\"application\/ld+json\" class=\"yoast-schema-graph\">{\"@context\":\"https:\\\/\\\/schema.org\",\"@graph\":[{\"@type\":\"Article\",\"@id\":\"https:\\\/\\\/www.lamennais.org\\\/es\\\/visitacion-jovenes-y-adultos-del-cono-sur-bolivia-chile-argentina-uruguay-reciben-con-alegria-al-hno-herve-zamor-sg\\\/#article\",\"isPartOf\":{\"@id\":\"https:\\\/\\\/www.lamennais.org\\\/es\\\/visitacion-jovenes-y-adultos-del-cono-sur-bolivia-chile-argentina-uruguay-reciben-con-alegria-al-hno-herve-zamor-sg\\\/\"},\"author\":{\"name\":\"Herv\u00e9 Asse\",\"@id\":\"https:\\\/\\\/www.lamennais.org\\\/#\\\/schema\\\/person\\\/2a8d6e8a95babedd5ba1c43afd2e3844\"},\"headline\":\"VISITACI\u00d3N. J\u00f3venes y adultos del Cono Sur \u2013 Bolivia-Chile-Argentina-Uruguay- reciben con alegr\u00eda al Hno. Herv\u00e9 ZAMOR, sg\",\"datePublished\":\"2023-05-12T14:05:32+00:00\",\"dateModified\":\"2023-05-13T07:11:11+00:00\",\"mainEntityOfPage\":{\"@id\":\"https:\\\/\\\/www.lamennais.org\\\/es\\\/visitacion-jovenes-y-adultos-del-cono-sur-bolivia-chile-argentina-uruguay-reciben-con-alegria-al-hno-herve-zamor-sg\\\/\"},\"wordCount\":968,\"image\":{\"@id\":\"https:\\\/\\\/www.lamennais.org\\\/es\\\/visitacion-jovenes-y-adultos-del-cono-sur-bolivia-chile-argentina-uruguay-reciben-con-alegria-al-hno-herve-zamor-sg\\\/#primaryimage\"},\"thumbnailUrl\":\"https:\\\/\\\/www.lamennais.org\\\/wp-content\\\/uploads\\\/2023\\\/05\\\/9b2e1a32-e70c-4311-89fc-6bd8357248aa-e1683900589647.jpg\",\"articleSection\":[\"NOTICIAS\"],\"inLanguage\":\"es\"},{\"@type\":\"WebPage\",\"@id\":\"https:\\\/\\\/www.lamennais.org\\\/es\\\/visitacion-jovenes-y-adultos-del-cono-sur-bolivia-chile-argentina-uruguay-reciben-con-alegria-al-hno-herve-zamor-sg\\\/\",\"url\":\"https:\\\/\\\/www.lamennais.org\\\/es\\\/visitacion-jovenes-y-adultos-del-cono-sur-bolivia-chile-argentina-uruguay-reciben-con-alegria-al-hno-herve-zamor-sg\\\/\",\"name\":\"VISITACI\u00d3N. J\u00f3venes y adultos del Cono Sur \u2013 Bolivia-Chile-Argentina-Uruguay- reciben con alegr\u00eda al Hno. Herv\u00e9 ZAMOR, sg - LaMennais.org\",\"isPartOf\":{\"@id\":\"https:\\\/\\\/www.lamennais.org\\\/#website\"},\"primaryImageOfPage\":{\"@id\":\"https:\\\/\\\/www.lamennais.org\\\/es\\\/visitacion-jovenes-y-adultos-del-cono-sur-bolivia-chile-argentina-uruguay-reciben-con-alegria-al-hno-herve-zamor-sg\\\/#primaryimage\"},\"image\":{\"@id\":\"https:\\\/\\\/www.lamennais.org\\\/es\\\/visitacion-jovenes-y-adultos-del-cono-sur-bolivia-chile-argentina-uruguay-reciben-con-alegria-al-hno-herve-zamor-sg\\\/#primaryimage\"},\"thumbnailUrl\":\"https:\\\/\\\/www.lamennais.org\\\/wp-content\\\/uploads\\\/2023\\\/05\\\/9b2e1a32-e70c-4311-89fc-6bd8357248aa-e1683900589647.jpg\",\"datePublished\":\"2023-05-12T14:05:32+00:00\",\"dateModified\":\"2023-05-13T07:11:11+00:00\",\"author\":{\"@id\":\"https:\\\/\\\/www.lamennais.org\\\/#\\\/schema\\\/person\\\/2a8d6e8a95babedd5ba1c43afd2e3844\"},\"breadcrumb\":{\"@id\":\"https:\\\/\\\/www.lamennais.org\\\/es\\\/visitacion-jovenes-y-adultos-del-cono-sur-bolivia-chile-argentina-uruguay-reciben-con-alegria-al-hno-herve-zamor-sg\\\/#breadcrumb\"},\"inLanguage\":\"es\",\"potentialAction\":[{\"@type\":\"ReadAction\",\"target\":[\"https:\\\/\\\/www.lamennais.org\\\/es\\\/visitacion-jovenes-y-adultos-del-cono-sur-bolivia-chile-argentina-uruguay-reciben-con-alegria-al-hno-herve-zamor-sg\\\/\"]}]},{\"@type\":\"ImageObject\",\"inLanguage\":\"es\",\"@id\":\"https:\\\/\\\/www.lamennais.org\\\/es\\\/visitacion-jovenes-y-adultos-del-cono-sur-bolivia-chile-argentina-uruguay-reciben-con-alegria-al-hno-herve-zamor-sg\\\/#primaryimage\",\"url\":\"https:\\\/\\\/www.lamennais.org\\\/wp-content\\\/uploads\\\/2023\\\/05\\\/9b2e1a32-e70c-4311-89fc-6bd8357248aa-e1683900589647.jpg\",\"contentUrl\":\"https:\\\/\\\/www.lamennais.org\\\/wp-content\\\/uploads\\\/2023\\\/05\\\/9b2e1a32-e70c-4311-89fc-6bd8357248aa-e1683900589647.jpg\",\"width\":800,\"height\":600},{\"@type\":\"BreadcrumbList\",\"@id\":\"https:\\\/\\\/www.lamennais.org\\\/es\\\/visitacion-jovenes-y-adultos-del-cono-sur-bolivia-chile-argentina-uruguay-reciben-con-alegria-al-hno-herve-zamor-sg\\\/#breadcrumb\",\"itemListElement\":[{\"@type\":\"ListItem\",\"position\":1,\"name\":\"Accueil\",\"item\":\"https:\\\/\\\/www.lamennais.org\\\/\"},{\"@type\":\"ListItem\",\"position\":2,\"name\":\"VISITACI\u00d3N. J\u00f3venes y adultos del Cono Sur \u2013 Bolivia-Chile-Argentina-Uruguay- reciben con alegr\u00eda al Hno. Herv\u00e9 ZAMOR, sg\"}]},{\"@type\":\"WebSite\",\"@id\":\"https:\\\/\\\/www.lamennais.org\\\/#website\",\"url\":\"https:\\\/\\\/www.lamennais.org\\\/\",\"name\":\"LaMennais.org\",\"description\":\"Fr\u00e8res de l&#039;Instruction Chr\u00e9tienne et Famille Mennaisienne\",\"potentialAction\":[{\"@type\":\"SearchAction\",\"target\":{\"@type\":\"EntryPoint\",\"urlTemplate\":\"https:\\\/\\\/www.lamennais.org\\\/?s={search_term_string}\"},\"query-input\":{\"@type\":\"PropertyValueSpecification\",\"valueRequired\":true,\"valueName\":\"search_term_string\"}}],\"inLanguage\":\"es\"},{\"@type\":\"Person\",\"@id\":\"https:\\\/\\\/www.lamennais.org\\\/#\\\/schema\\\/person\\\/2a8d6e8a95babedd5ba1c43afd2e3844\",\"name\":\"Herv\u00e9 Asse\",\"image\":{\"@type\":\"ImageObject\",\"inLanguage\":\"es\",\"@id\":\"https:\\\/\\\/secure.gravatar.com\\\/avatar\\\/1aaa7b1baf759c8b40525f40af381cbaa2b0ddd554f57145bceb0654ba45b4c0?s=96&d=mm&r=g\",\"url\":\"https:\\\/\\\/secure.gravatar.com\\\/avatar\\\/1aaa7b1baf759c8b40525f40af381cbaa2b0ddd554f57145bceb0654ba45b4c0?s=96&d=mm&r=g\",\"contentUrl\":\"https:\\\/\\\/secure.gravatar.com\\\/avatar\\\/1aaa7b1baf759c8b40525f40af381cbaa2b0ddd554f57145bceb0654ba45b4c0?s=96&d=mm&r=g\",\"caption\":\"Herv\u00e9 Asse\"}}]}<\/script>\n<!-- \/ Yoast SEO plugin. -->","yoast_head_json":{"title":"VISITACI\u00d3N. J\u00f3venes y adultos del Cono Sur \u2013 Bolivia-Chile-Argentina-Uruguay- reciben con alegr\u00eda al Hno. Herv\u00e9 ZAMOR, sg - LaMennais.org","robots":{"index":"index","follow":"follow","max-snippet":"max-snippet:-1","max-image-preview":"max-image-preview:large","max-video-preview":"max-video-preview:-1"},"canonical":"https:\/\/www.lamennais.org\/es\/visitacion-jovenes-y-adultos-del-cono-sur-bolivia-chile-argentina-uruguay-reciben-con-alegria-al-hno-herve-zamor-sg\/","og_locale":"es_ES","og_type":"article","og_title":"VISITACI\u00d3N. J\u00f3venes y adultos del Cono Sur \u2013 Bolivia-Chile-Argentina-Uruguay- reciben con alegr\u00eda al Hno. Herv\u00e9 ZAMOR, sg - LaMennais.org","og_description":"Durante un mes, el Hno. Herv\u00e9 Zamor, Superior General, acompa\u00f1ado del Hno. Miguel Aristondo, Asistente, realiz\u00f3 un completo recorrido por las comunidades, escuelas y realidades menesianas de Bolivia, Chile, Argentina y Uruguay. Se vivi\u00f3 una Asamblea de la Familia Menesiana del distrito con 70 participantes y se inaugur\u00f3 una estatua de Juan Mar\u00eda de la [&hellip;]","og_url":"https:\/\/www.lamennais.org\/es\/visitacion-jovenes-y-adultos-del-cono-sur-bolivia-chile-argentina-uruguay-reciben-con-alegria-al-hno-herve-zamor-sg\/","og_site_name":"LaMennais.org","article_published_time":"2023-05-12T14:05:32+00:00","article_modified_time":"2023-05-13T07:11:11+00:00","og_image":[{"url":"https:\/\/www.lamennais.org\/wp-content\/uploads\/2023\/05\/337997108_928494148184545_3132737760356363047_n-1024x567.jpg","type":"","width":"","height":""}],"author":"Herv\u00e9 Asse","twitter_card":"summary_large_image","twitter_misc":{"Escrito por":"Herv\u00e9 Asse","Tiempo de lectura":"7 minutos"},"schema":{"@context":"https:\/\/schema.org","@graph":[{"@type":"Article","@id":"https:\/\/www.lamennais.org\/es\/visitacion-jovenes-y-adultos-del-cono-sur-bolivia-chile-argentina-uruguay-reciben-con-alegria-al-hno-herve-zamor-sg\/#article","isPartOf":{"@id":"https:\/\/www.lamennais.org\/es\/visitacion-jovenes-y-adultos-del-cono-sur-bolivia-chile-argentina-uruguay-reciben-con-alegria-al-hno-herve-zamor-sg\/"},"author":{"name":"Herv\u00e9 Asse","@id":"https:\/\/www.lamennais.org\/#\/schema\/person\/2a8d6e8a95babedd5ba1c43afd2e3844"},"headline":"VISITACI\u00d3N. J\u00f3venes y adultos del Cono Sur \u2013 Bolivia-Chile-Argentina-Uruguay- reciben con alegr\u00eda al Hno. Herv\u00e9 ZAMOR, sg","datePublished":"2023-05-12T14:05:32+00:00","dateModified":"2023-05-13T07:11:11+00:00","mainEntityOfPage":{"@id":"https:\/\/www.lamennais.org\/es\/visitacion-jovenes-y-adultos-del-cono-sur-bolivia-chile-argentina-uruguay-reciben-con-alegria-al-hno-herve-zamor-sg\/"},"wordCount":968,"image":{"@id":"https:\/\/www.lamennais.org\/es\/visitacion-jovenes-y-adultos-del-cono-sur-bolivia-chile-argentina-uruguay-reciben-con-alegria-al-hno-herve-zamor-sg\/#primaryimage"},"thumbnailUrl":"https:\/\/www.lamennais.org\/wp-content\/uploads\/2023\/05\/9b2e1a32-e70c-4311-89fc-6bd8357248aa-e1683900589647.jpg","articleSection":["NOTICIAS"],"inLanguage":"es"},{"@type":"WebPage","@id":"https:\/\/www.lamennais.org\/es\/visitacion-jovenes-y-adultos-del-cono-sur-bolivia-chile-argentina-uruguay-reciben-con-alegria-al-hno-herve-zamor-sg\/","url":"https:\/\/www.lamennais.org\/es\/visitacion-jovenes-y-adultos-del-cono-sur-bolivia-chile-argentina-uruguay-reciben-con-alegria-al-hno-herve-zamor-sg\/","name":"VISITACI\u00d3N. J\u00f3venes y adultos del Cono Sur \u2013 Bolivia-Chile-Argentina-Uruguay- reciben con alegr\u00eda al Hno. Herv\u00e9 ZAMOR, sg - LaMennais.org","isPartOf":{"@id":"https:\/\/www.lamennais.org\/#website"},"primaryImageOfPage":{"@id":"https:\/\/www.lamennais.org\/es\/visitacion-jovenes-y-adultos-del-cono-sur-bolivia-chile-argentina-uruguay-reciben-con-alegria-al-hno-herve-zamor-sg\/#primaryimage"},"image":{"@id":"https:\/\/www.lamennais.org\/es\/visitacion-jovenes-y-adultos-del-cono-sur-bolivia-chile-argentina-uruguay-reciben-con-alegria-al-hno-herve-zamor-sg\/#primaryimage"},"thumbnailUrl":"https:\/\/www.lamennais.org\/wp-content\/uploads\/2023\/05\/9b2e1a32-e70c-4311-89fc-6bd8357248aa-e1683900589647.jpg","datePublished":"2023-05-12T14:05:32+00:00","dateModified":"2023-05-13T07:11:11+00:00","author":{"@id":"https:\/\/www.lamennais.org\/#\/schema\/person\/2a8d6e8a95babedd5ba1c43afd2e3844"},"breadcrumb":{"@id":"https:\/\/www.lamennais.org\/es\/visitacion-jovenes-y-adultos-del-cono-sur-bolivia-chile-argentina-uruguay-reciben-con-alegria-al-hno-herve-zamor-sg\/#breadcrumb"},"inLanguage":"es","potentialAction":[{"@type":"ReadAction","target":["https:\/\/www.lamennais.org\/es\/visitacion-jovenes-y-adultos-del-cono-sur-bolivia-chile-argentina-uruguay-reciben-con-alegria-al-hno-herve-zamor-sg\/"]}]},{"@type":"ImageObject","inLanguage":"es","@id":"https:\/\/www.lamennais.org\/es\/visitacion-jovenes-y-adultos-del-cono-sur-bolivia-chile-argentina-uruguay-reciben-con-alegria-al-hno-herve-zamor-sg\/#primaryimage","url":"https:\/\/www.lamennais.org\/wp-content\/uploads\/2023\/05\/9b2e1a32-e70c-4311-89fc-6bd8357248aa-e1683900589647.jpg","contentUrl":"https:\/\/www.lamennais.org\/wp-content\/uploads\/2023\/05\/9b2e1a32-e70c-4311-89fc-6bd8357248aa-e1683900589647.jpg","width":800,"height":600},{"@type":"BreadcrumbList","@id":"https:\/\/www.lamennais.org\/es\/visitacion-jovenes-y-adultos-del-cono-sur-bolivia-chile-argentina-uruguay-reciben-con-alegria-al-hno-herve-zamor-sg\/#breadcrumb","itemListElement":[{"@type":"ListItem","position":1,"name":"Accueil","item":"https:\/\/www.lamennais.org\/"},{"@type":"ListItem","position":2,"name":"VISITACI\u00d3N. J\u00f3venes y adultos del Cono Sur \u2013 Bolivia-Chile-Argentina-Uruguay- reciben con alegr\u00eda al Hno. Herv\u00e9 ZAMOR, sg"}]},{"@type":"WebSite","@id":"https:\/\/www.lamennais.org\/#website","url":"https:\/\/www.lamennais.org\/","name":"LaMennais.org","description":"Fr\u00e8res de l&#039;Instruction Chr\u00e9tienne et Famille Mennaisienne","potentialAction":[{"@type":"SearchAction","target":{"@type":"EntryPoint","urlTemplate":"https:\/\/www.lamennais.org\/?s={search_term_string}"},"query-input":{"@type":"PropertyValueSpecification","valueRequired":true,"valueName":"search_term_string"}}],"inLanguage":"es"},{"@type":"Person","@id":"https:\/\/www.lamennais.org\/#\/schema\/person\/2a8d6e8a95babedd5ba1c43afd2e3844","name":"Herv\u00e9 Asse","image":{"@type":"ImageObject","inLanguage":"es","@id":"https:\/\/secure.gravatar.com\/avatar\/1aaa7b1baf759c8b40525f40af381cbaa2b0ddd554f57145bceb0654ba45b4c0?s=96&d=mm&r=g","url":"https:\/\/secure.gravatar.com\/avatar\/1aaa7b1baf759c8b40525f40af381cbaa2b0ddd554f57145bceb0654ba45b4c0?s=96&d=mm&r=g","contentUrl":"https:\/\/secure.gravatar.com\/avatar\/1aaa7b1baf759c8b40525f40af381cbaa2b0ddd554f57145bceb0654ba45b4c0?s=96&d=mm&r=g","caption":"Herv\u00e9 Asse"}}]}},"_links":{"self":[{"href":"https:\/\/www.lamennais.org\/es\/wp-json\/wp\/v2\/posts\/37307","targetHints":{"allow":["GET"]}}],"collection":[{"href":"https:\/\/www.lamennais.org\/es\/wp-json\/wp\/v2\/posts"}],"about":[{"href":"https:\/\/www.lamennais.org\/es\/wp-json\/wp\/v2\/types\/post"}],"author":[{"embeddable":true,"href":"https:\/\/www.lamennais.org\/es\/wp-json\/wp\/v2\/users\/3"}],"replies":[{"embeddable":true,"href":"https:\/\/www.lamennais.org\/es\/wp-json\/wp\/v2\/comments?post=37307"}],"version-history":[{"count":1,"href":"https:\/\/www.lamennais.org\/es\/wp-json\/wp\/v2\/posts\/37307\/revisions"}],"predecessor-version":[{"id":37308,"href":"https:\/\/www.lamennais.org\/es\/wp-json\/wp\/v2\/posts\/37307\/revisions\/37308"}],"wp:featuredmedia":[{"embeddable":true,"href":"https:\/\/www.lamennais.org\/es\/wp-json\/wp\/v2\/media\/37286"}],"wp:attachment":[{"href":"https:\/\/www.lamennais.org\/es\/wp-json\/wp\/v2\/media?parent=37307"}],"wp:term":[{"taxonomy":"category","embeddable":true,"href":"https:\/\/www.lamennais.org\/es\/wp-json\/wp\/v2\/categories?post=37307"},{"taxonomy":"post_tag","embeddable":true,"href":"https:\/\/www.lamennais.org\/es\/wp-json\/wp\/v2\/tags?post=37307"}],"curies":[{"name":"wp","href":"https:\/\/api.w.org\/{rel}","templated":true}]}}