{"id":37070,"date":"2023-04-05T18:09:51","date_gmt":"2023-04-05T16:09:51","guid":{"rendered":"https:\/\/www.lamennais.org\/?p=37070"},"modified":"2023-04-05T18:22:44","modified_gmt":"2023-04-05T16:22:44","slug":"en-la-esperanza-caminar-hacia-la-luz","status":"publish","type":"post","link":"https:\/\/www.lamennais.org\/es\/en-la-esperanza-caminar-hacia-la-luz\/","title":{"rendered":"En la esperanza&#8230; caminar hacia la luz&#8230;"},"content":{"rendered":"<p>Durant tous ces jours de Car\u00eame, nous avons march\u00e9 \u00e0 la suite du Christ sur un chemin de conversion et de p\u00e9nitence et maintenant nous nous rapprochons de Lui, en ces jours de Semaine sainte jusqu\u2019au jour de sa Passion. Ce sont vraiment des jours de gr\u00e2ce !<\/p>\n<p><img fetchpriority=\"high\" decoding=\"async\" class=\"alignleft size-full wp-image-37061\" src=\"https:\/\/www.lamennais.org\/wp-content\/uploads\/2023\/04\/Untitled-2.jpg\" alt=\"\" width=\"481\" height=\"340\" srcset=\"https:\/\/www.lamennais.org\/wp-content\/uploads\/2023\/04\/Untitled-2.jpg 481w, https:\/\/www.lamennais.org\/wp-content\/uploads\/2023\/04\/Untitled-2-300x212.jpg 300w, https:\/\/www.lamennais.org\/wp-content\/uploads\/2023\/04\/Untitled-2-260x184.jpg 260w\" sizes=\"(max-width: 481px) 100vw, 481px\" \/><\/p>\n<p>Pero nuestro viaje no termina en la Pasi\u00f3n; al contrario, estamos llamados a hacer nuestro, este gran anuncio de la alegr\u00eda puesta en la boca de Mar\u00eda Magdalena, primer testigo de la resurrecci\u00f3n de Jes\u00fas, en la ma\u00f1ana de Pascua:<\/p>\n<p><strong><em>\u00a1CRISTO MI ESPERANZA HA RESUCITADO! \u00a1ALELUYA! <\/em><\/strong><\/p>\n<p><strong><em>La luz vence a las tinieblas, la vida vence a la muerte! \u00bb <\/em><\/strong><\/p>\n<p>Como Magdalena, tambi\u00e9n nosotros corremos para compartir este anuncio de Alegr\u00eda en Cristo Resucitado, con los que est\u00e1n a nuestro lado: ni\u00f1os, j\u00f3venes, familias, padres, hermanos, educadores&#8230;<\/p>\n<h1 style=\"text-align: center;\">Buenos d\u00edas santos y Feliz Pascua a todos !<\/h1>\n","protected":false},"excerpt":{"rendered":"<p>Durant tous ces jours de Car\u00eame, nous avons march\u00e9 \u00e0 la suite du Christ sur un chemin de conversion et de p\u00e9nitence et maintenant nous nous rapprochons de Lui, en ces jours de Semaine sainte jusqu\u2019au jour de sa Passion. Ce sont vraiment des jours de gr\u00e2ce ! Pero nuestro viaje no termina en la [&hellip;]<\/p>\n","protected":false},"author":3,"featured_media":37060,"comment_status":"closed","ping_status":"closed","sticky":false,"template":"","format":"standard","meta":{"footnotes":""},"categories":[105],"tags":[],"class_list":["post-37070","post","type-post","status-publish","format-standard","has-post-thumbnail","hentry","category-noticias"],"yoast_head":"<!-- This site is optimized with the Yoast SEO plugin v27.4 - https:\/\/yoast.com\/product\/yoast-seo-wordpress\/ -->\n<title>En la esperanza... caminar hacia la luz... - LaMennais.org<\/title>\n<meta name=\"robots\" content=\"index, follow, max-snippet:-1, max-image-preview:large, max-video-preview:-1\" \/>\n<link rel=\"canonical\" href=\"https:\/\/www.lamennais.org\/es\/en-la-esperanza-caminar-hacia-la-luz\/\" \/>\n<meta property=\"og:locale\" content=\"es_ES\" \/>\n<meta property=\"og:type\" content=\"article\" \/>\n<meta property=\"og:title\" content=\"En la esperanza... caminar hacia la luz... - LaMennais.org\" \/>\n<meta property=\"og:description\" content=\"Durant tous ces jours de Car\u00eame, nous avons march\u00e9 \u00e0 la suite du Christ sur un chemin de conversion et de p\u00e9nitence et maintenant nous nous rapprochons de Lui, en ces jours de Semaine sainte jusqu\u2019au jour de sa Passion. Ce sont vraiment des jours de gr\u00e2ce ! Pero nuestro viaje no termina en la [&hellip;]\" \/>\n<meta property=\"og:url\" content=\"https:\/\/www.lamennais.org\/es\/en-la-esperanza-caminar-hacia-la-luz\/\" \/>\n<meta property=\"og:site_name\" content=\"LaMennais.org\" \/>\n<meta property=\"article:published_time\" content=\"2023-04-05T16:09:51+00:00\" \/>\n<meta property=\"article:modified_time\" content=\"2023-04-05T16:22:44+00:00\" \/>\n<meta property=\"og:image\" content=\"https:\/\/www.lamennais.org\/wp-content\/uploads\/2023\/04\/slide-sem-sainte.jpg\" \/>\n\t<meta property=\"og:image:width\" content=\"1919\" \/>\n\t<meta property=\"og:image:height\" content=\"849\" \/>\n\t<meta property=\"og:image:type\" content=\"image\/jpeg\" \/>\n<meta name=\"author\" content=\"Herv\u00e9 Asse\" \/>\n<meta name=\"twitter:card\" content=\"summary_large_image\" \/>\n<meta name=\"twitter:label1\" content=\"Escrito por\" \/>\n\t<meta name=\"twitter:data1\" content=\"Herv\u00e9 Asse\" \/>\n\t<meta name=\"twitter:label2\" content=\"Tiempo de lectura\" \/>\n\t<meta name=\"twitter:data2\" content=\"1 minuto\" \/>\n<script type=\"application\/ld+json\" class=\"yoast-schema-graph\">{\"@context\":\"https:\\\/\\\/schema.org\",\"@graph\":[{\"@type\":\"Article\",\"@id\":\"https:\\\/\\\/www.lamennais.org\\\/es\\\/en-la-esperanza-caminar-hacia-la-luz\\\/#article\",\"isPartOf\":{\"@id\":\"https:\\\/\\\/www.lamennais.org\\\/es\\\/en-la-esperanza-caminar-hacia-la-luz\\\/\"},\"author\":{\"name\":\"Herv\u00e9 Asse\",\"@id\":\"https:\\\/\\\/www.lamennais.org\\\/#\\\/schema\\\/person\\\/2a8d6e8a95babedd5ba1c43afd2e3844\"},\"headline\":\"En la esperanza&#8230; caminar hacia la luz&#8230;\",\"datePublished\":\"2023-04-05T16:09:51+00:00\",\"dateModified\":\"2023-04-05T16:22:44+00:00\",\"mainEntityOfPage\":{\"@id\":\"https:\\\/\\\/www.lamennais.org\\\/es\\\/en-la-esperanza-caminar-hacia-la-luz\\\/\"},\"wordCount\":162,\"image\":{\"@id\":\"https:\\\/\\\/www.lamennais.org\\\/es\\\/en-la-esperanza-caminar-hacia-la-luz\\\/#primaryimage\"},\"thumbnailUrl\":\"https:\\\/\\\/www.lamennais.org\\\/wp-content\\\/uploads\\\/2023\\\/04\\\/slide-sem-sainte.jpg\",\"articleSection\":[\"NOTICIAS\"],\"inLanguage\":\"es\"},{\"@type\":\"WebPage\",\"@id\":\"https:\\\/\\\/www.lamennais.org\\\/es\\\/en-la-esperanza-caminar-hacia-la-luz\\\/\",\"url\":\"https:\\\/\\\/www.lamennais.org\\\/es\\\/en-la-esperanza-caminar-hacia-la-luz\\\/\",\"name\":\"En la esperanza... caminar hacia la luz... - LaMennais.org\",\"isPartOf\":{\"@id\":\"https:\\\/\\\/www.lamennais.org\\\/#website\"},\"primaryImageOfPage\":{\"@id\":\"https:\\\/\\\/www.lamennais.org\\\/es\\\/en-la-esperanza-caminar-hacia-la-luz\\\/#primaryimage\"},\"image\":{\"@id\":\"https:\\\/\\\/www.lamennais.org\\\/es\\\/en-la-esperanza-caminar-hacia-la-luz\\\/#primaryimage\"},\"thumbnailUrl\":\"https:\\\/\\\/www.lamennais.org\\\/wp-content\\\/uploads\\\/2023\\\/04\\\/slide-sem-sainte.jpg\",\"datePublished\":\"2023-04-05T16:09:51+00:00\",\"dateModified\":\"2023-04-05T16:22:44+00:00\",\"author\":{\"@id\":\"https:\\\/\\\/www.lamennais.org\\\/#\\\/schema\\\/person\\\/2a8d6e8a95babedd5ba1c43afd2e3844\"},\"breadcrumb\":{\"@id\":\"https:\\\/\\\/www.lamennais.org\\\/es\\\/en-la-esperanza-caminar-hacia-la-luz\\\/#breadcrumb\"},\"inLanguage\":\"es\",\"potentialAction\":[{\"@type\":\"ReadAction\",\"target\":[\"https:\\\/\\\/www.lamennais.org\\\/es\\\/en-la-esperanza-caminar-hacia-la-luz\\\/\"]}]},{\"@type\":\"ImageObject\",\"inLanguage\":\"es\",\"@id\":\"https:\\\/\\\/www.lamennais.org\\\/es\\\/en-la-esperanza-caminar-hacia-la-luz\\\/#primaryimage\",\"url\":\"https:\\\/\\\/www.lamennais.org\\\/wp-content\\\/uploads\\\/2023\\\/04\\\/slide-sem-sainte.jpg\",\"contentUrl\":\"https:\\\/\\\/www.lamennais.org\\\/wp-content\\\/uploads\\\/2023\\\/04\\\/slide-sem-sainte.jpg\",\"width\":1919,\"height\":849},{\"@type\":\"BreadcrumbList\",\"@id\":\"https:\\\/\\\/www.lamennais.org\\\/es\\\/en-la-esperanza-caminar-hacia-la-luz\\\/#breadcrumb\",\"itemListElement\":[{\"@type\":\"ListItem\",\"position\":1,\"name\":\"Accueil\",\"item\":\"https:\\\/\\\/www.lamennais.org\\\/\"},{\"@type\":\"ListItem\",\"position\":2,\"name\":\"En la esperanza&#8230; caminar hacia la luz&#8230;\"}]},{\"@type\":\"WebSite\",\"@id\":\"https:\\\/\\\/www.lamennais.org\\\/#website\",\"url\":\"https:\\\/\\\/www.lamennais.org\\\/\",\"name\":\"LaMennais.org\",\"description\":\"Fr\u00e8res de l&#039;Instruction Chr\u00e9tienne et Famille Mennaisienne\",\"potentialAction\":[{\"@type\":\"SearchAction\",\"target\":{\"@type\":\"EntryPoint\",\"urlTemplate\":\"https:\\\/\\\/www.lamennais.org\\\/?s={search_term_string}\"},\"query-input\":{\"@type\":\"PropertyValueSpecification\",\"valueRequired\":true,\"valueName\":\"search_term_string\"}}],\"inLanguage\":\"es\"},{\"@type\":\"Person\",\"@id\":\"https:\\\/\\\/www.lamennais.org\\\/#\\\/schema\\\/person\\\/2a8d6e8a95babedd5ba1c43afd2e3844\",\"name\":\"Herv\u00e9 Asse\",\"image\":{\"@type\":\"ImageObject\",\"inLanguage\":\"es\",\"@id\":\"https:\\\/\\\/secure.gravatar.com\\\/avatar\\\/1aaa7b1baf759c8b40525f40af381cbaa2b0ddd554f57145bceb0654ba45b4c0?s=96&d=mm&r=g\",\"url\":\"https:\\\/\\\/secure.gravatar.com\\\/avatar\\\/1aaa7b1baf759c8b40525f40af381cbaa2b0ddd554f57145bceb0654ba45b4c0?s=96&d=mm&r=g\",\"contentUrl\":\"https:\\\/\\\/secure.gravatar.com\\\/avatar\\\/1aaa7b1baf759c8b40525f40af381cbaa2b0ddd554f57145bceb0654ba45b4c0?s=96&d=mm&r=g\",\"caption\":\"Herv\u00e9 Asse\"}}]}<\/script>\n<!-- \/ Yoast SEO plugin. -->","yoast_head_json":{"title":"En la esperanza... caminar hacia la luz... - LaMennais.org","robots":{"index":"index","follow":"follow","max-snippet":"max-snippet:-1","max-image-preview":"max-image-preview:large","max-video-preview":"max-video-preview:-1"},"canonical":"https:\/\/www.lamennais.org\/es\/en-la-esperanza-caminar-hacia-la-luz\/","og_locale":"es_ES","og_type":"article","og_title":"En la esperanza... caminar hacia la luz... - LaMennais.org","og_description":"Durant tous ces jours de Car\u00eame, nous avons march\u00e9 \u00e0 la suite du Christ sur un chemin de conversion et de p\u00e9nitence et maintenant nous nous rapprochons de Lui, en ces jours de Semaine sainte jusqu\u2019au jour de sa Passion. Ce sont vraiment des jours de gr\u00e2ce ! Pero nuestro viaje no termina en la [&hellip;]","og_url":"https:\/\/www.lamennais.org\/es\/en-la-esperanza-caminar-hacia-la-luz\/","og_site_name":"LaMennais.org","article_published_time":"2023-04-05T16:09:51+00:00","article_modified_time":"2023-04-05T16:22:44+00:00","og_image":[{"width":1919,"height":849,"url":"https:\/\/www.lamennais.org\/wp-content\/uploads\/2023\/04\/slide-sem-sainte.jpg","type":"image\/jpeg"}],"author":"Herv\u00e9 Asse","twitter_card":"summary_large_image","twitter_misc":{"Escrito por":"Herv\u00e9 Asse","Tiempo de lectura":"1 minuto"},"schema":{"@context":"https:\/\/schema.org","@graph":[{"@type":"Article","@id":"https:\/\/www.lamennais.org\/es\/en-la-esperanza-caminar-hacia-la-luz\/#article","isPartOf":{"@id":"https:\/\/www.lamennais.org\/es\/en-la-esperanza-caminar-hacia-la-luz\/"},"author":{"name":"Herv\u00e9 Asse","@id":"https:\/\/www.lamennais.org\/#\/schema\/person\/2a8d6e8a95babedd5ba1c43afd2e3844"},"headline":"En la esperanza&#8230; caminar hacia la luz&#8230;","datePublished":"2023-04-05T16:09:51+00:00","dateModified":"2023-04-05T16:22:44+00:00","mainEntityOfPage":{"@id":"https:\/\/www.lamennais.org\/es\/en-la-esperanza-caminar-hacia-la-luz\/"},"wordCount":162,"image":{"@id":"https:\/\/www.lamennais.org\/es\/en-la-esperanza-caminar-hacia-la-luz\/#primaryimage"},"thumbnailUrl":"https:\/\/www.lamennais.org\/wp-content\/uploads\/2023\/04\/slide-sem-sainte.jpg","articleSection":["NOTICIAS"],"inLanguage":"es"},{"@type":"WebPage","@id":"https:\/\/www.lamennais.org\/es\/en-la-esperanza-caminar-hacia-la-luz\/","url":"https:\/\/www.lamennais.org\/es\/en-la-esperanza-caminar-hacia-la-luz\/","name":"En la esperanza... caminar hacia la luz... - LaMennais.org","isPartOf":{"@id":"https:\/\/www.lamennais.org\/#website"},"primaryImageOfPage":{"@id":"https:\/\/www.lamennais.org\/es\/en-la-esperanza-caminar-hacia-la-luz\/#primaryimage"},"image":{"@id":"https:\/\/www.lamennais.org\/es\/en-la-esperanza-caminar-hacia-la-luz\/#primaryimage"},"thumbnailUrl":"https:\/\/www.lamennais.org\/wp-content\/uploads\/2023\/04\/slide-sem-sainte.jpg","datePublished":"2023-04-05T16:09:51+00:00","dateModified":"2023-04-05T16:22:44+00:00","author":{"@id":"https:\/\/www.lamennais.org\/#\/schema\/person\/2a8d6e8a95babedd5ba1c43afd2e3844"},"breadcrumb":{"@id":"https:\/\/www.lamennais.org\/es\/en-la-esperanza-caminar-hacia-la-luz\/#breadcrumb"},"inLanguage":"es","potentialAction":[{"@type":"ReadAction","target":["https:\/\/www.lamennais.org\/es\/en-la-esperanza-caminar-hacia-la-luz\/"]}]},{"@type":"ImageObject","inLanguage":"es","@id":"https:\/\/www.lamennais.org\/es\/en-la-esperanza-caminar-hacia-la-luz\/#primaryimage","url":"https:\/\/www.lamennais.org\/wp-content\/uploads\/2023\/04\/slide-sem-sainte.jpg","contentUrl":"https:\/\/www.lamennais.org\/wp-content\/uploads\/2023\/04\/slide-sem-sainte.jpg","width":1919,"height":849},{"@type":"BreadcrumbList","@id":"https:\/\/www.lamennais.org\/es\/en-la-esperanza-caminar-hacia-la-luz\/#breadcrumb","itemListElement":[{"@type":"ListItem","position":1,"name":"Accueil","item":"https:\/\/www.lamennais.org\/"},{"@type":"ListItem","position":2,"name":"En la esperanza&#8230; caminar hacia la luz&#8230;"}]},{"@type":"WebSite","@id":"https:\/\/www.lamennais.org\/#website","url":"https:\/\/www.lamennais.org\/","name":"LaMennais.org","description":"Fr\u00e8res de l&#039;Instruction Chr\u00e9tienne et Famille Mennaisienne","potentialAction":[{"@type":"SearchAction","target":{"@type":"EntryPoint","urlTemplate":"https:\/\/www.lamennais.org\/?s={search_term_string}"},"query-input":{"@type":"PropertyValueSpecification","valueRequired":true,"valueName":"search_term_string"}}],"inLanguage":"es"},{"@type":"Person","@id":"https:\/\/www.lamennais.org\/#\/schema\/person\/2a8d6e8a95babedd5ba1c43afd2e3844","name":"Herv\u00e9 Asse","image":{"@type":"ImageObject","inLanguage":"es","@id":"https:\/\/secure.gravatar.com\/avatar\/1aaa7b1baf759c8b40525f40af381cbaa2b0ddd554f57145bceb0654ba45b4c0?s=96&d=mm&r=g","url":"https:\/\/secure.gravatar.com\/avatar\/1aaa7b1baf759c8b40525f40af381cbaa2b0ddd554f57145bceb0654ba45b4c0?s=96&d=mm&r=g","contentUrl":"https:\/\/secure.gravatar.com\/avatar\/1aaa7b1baf759c8b40525f40af381cbaa2b0ddd554f57145bceb0654ba45b4c0?s=96&d=mm&r=g","caption":"Herv\u00e9 Asse"}}]}},"_links":{"self":[{"href":"https:\/\/www.lamennais.org\/es\/wp-json\/wp\/v2\/posts\/37070","targetHints":{"allow":["GET"]}}],"collection":[{"href":"https:\/\/www.lamennais.org\/es\/wp-json\/wp\/v2\/posts"}],"about":[{"href":"https:\/\/www.lamennais.org\/es\/wp-json\/wp\/v2\/types\/post"}],"author":[{"embeddable":true,"href":"https:\/\/www.lamennais.org\/es\/wp-json\/wp\/v2\/users\/3"}],"replies":[{"embeddable":true,"href":"https:\/\/www.lamennais.org\/es\/wp-json\/wp\/v2\/comments?post=37070"}],"version-history":[{"count":1,"href":"https:\/\/www.lamennais.org\/es\/wp-json\/wp\/v2\/posts\/37070\/revisions"}],"predecessor-version":[{"id":37071,"href":"https:\/\/www.lamennais.org\/es\/wp-json\/wp\/v2\/posts\/37070\/revisions\/37071"}],"wp:featuredmedia":[{"embeddable":true,"href":"https:\/\/www.lamennais.org\/es\/wp-json\/wp\/v2\/media\/37060"}],"wp:attachment":[{"href":"https:\/\/www.lamennais.org\/es\/wp-json\/wp\/v2\/media?parent=37070"}],"wp:term":[{"taxonomy":"category","embeddable":true,"href":"https:\/\/www.lamennais.org\/es\/wp-json\/wp\/v2\/categories?post=37070"},{"taxonomy":"post_tag","embeddable":true,"href":"https:\/\/www.lamennais.org\/es\/wp-json\/wp\/v2\/tags?post=37070"}],"curies":[{"name":"wp","href":"https:\/\/api.w.org\/{rel}","templated":true}]}}