{"id":36369,"date":"2023-02-01T16:23:09","date_gmt":"2023-02-01T15:23:09","guid":{"rendered":"https:\/\/www.lamennais.org\/?p=36369"},"modified":"2023-02-03T15:15:21","modified_gmt":"2023-02-03T14:15:21","slug":"testimonio-dad-fuerza-a-los-jovenes-y-asumid-ser-catolicos-interpela-el-artista-gad-elmaleh","status":"publish","type":"post","link":"https:\/\/www.lamennais.org\/es\/testimonio-dad-fuerza-a-los-jovenes-y-asumid-ser-catolicos-interpela-el-artista-gad-elmaleh\/","title":{"rendered":"<strong>TESTIMONIO. \u00ab\u00a1Dad fuerza a los j\u00f3venes y asumid ser cat\u00f3licos! \u00bb interpela el artista Gad Elmaleh<\/strong>"},"content":{"rendered":"<p><strong>Humoriste, producteur de film, acteur\u2026 n\u00e9 au Maroc, de confession juive, Gad Elmaleh confesse avoir \u00e9t\u00e9 interpell\u00e9 depuis tout petit par les dimensions du sacr\u00e9. Ses parents lui avaient interdit enfant de rentrer dans une \u00e9glise. Depuis, suite \u00e0 des rencontres et des \u00e9v\u00e9nements marquants dans son itin\u00e9raire, il a souhait\u00e9 explorer en profondeur son rapport aux questions religieuses. \u00ab\u00a0Reste un peu\u00a0\u00bb est le film qu\u2019il vient de signer en novembre dernier, totalisant d\u00e9j\u00e0 plus de 500\u00a0000 entr\u00e9es. \u00a0Il y raconte la place de la Vierge Marie dans son parcours et l\u2019interpellation que suscite la foi catholique dans sa vie. Il est aussi le producteur du spectacle musical \u00ab\u00a0Bernadette de Lourdes\u00a0\u00bb. Invit\u00e9 de la F\u00e9d\u00e9ration des m\u00e9dias catholiques \u00e0 Lourdes, le 26 janvier dernier &#8211; o\u00f9 nous \u00e9tions pr\u00e9sents pour <em>La Mennais Click Infos, La Mennais Magazine<\/em> et le site de la Congr\u00e9gation et de la Famille mennaisienne : <a href=\"http:\/\/www.lamennais.org\">www.lamennais.org<\/a> &#8211; , interrog\u00e9 par Youna Rivallain du journal <em>La Vie<\/em>, il s\u2019est livr\u00e9 avec naturel, finesse et expression directe. C\u2019est parti\u00a0!<\/strong><\/p>\n<p><strong>La femme parfaite\u2026 et Lourdes. <\/strong>\u00a0\u00ab\u00a0Marie, c\u2019est la femme parfaite pour toi. Vous ne vivez pas ensemble et elle te fous la paix\u00a0\u00bb\u00a0! Dans le film, la s\u0153ur de l\u2019artiste lui adresse cette apostrophe sans retenue\u00a0! \u00ab\u00a0A Lourdes, j\u2019ai re\u00e7u une sorte de confirmation que Marie \u00e9tait bien pr\u00e9sente dans ma vie, qu\u2019elle \u00e9tait l\u00e0. Je trouve beaucoup de paix ici.\u00a0\u00bb<\/p>\n<p><strong>Une crise de foi<\/strong>. \u00ab\u00a0Je vis une exp\u00e9rience intime et personnelle avec la crise de la cinquantaine. En France on n\u2019aime pas employer le mot religieux, on dit je suis spirituel. Il existe une tradition de ne pas s\u2019assumer catho. C\u2019est vous-m\u00eames catholiques qui entretenez cela. Assumez ce que vous \u00eates\u00a0! Tu peux \u00eatre cool et vivre une vie \u00ab\u00a0normale\u00a0\u00bb. Pourquoi avoir peur du label catho\u00a0?\u00a0\u00bb<\/p>\n<div id=\"attachment_36326\" style=\"width: 553px\" class=\"wp-caption alignnone\"><img fetchpriority=\"high\" decoding=\"async\" aria-describedby=\"caption-attachment-36326\" class=\"wp-image-36326\" src=\"https:\/\/www.lamennais.org\/wp-content\/uploads\/2023\/02\/Capture-decran-2023-02-01-143349.png\" alt=\"\" width=\"543\" height=\"404\" srcset=\"https:\/\/www.lamennais.org\/wp-content\/uploads\/2023\/02\/Capture-decran-2023-02-01-143349.png 438w, https:\/\/www.lamennais.org\/wp-content\/uploads\/2023\/02\/Capture-decran-2023-02-01-143349-300x223.png 300w, https:\/\/www.lamennais.org\/wp-content\/uploads\/2023\/02\/Capture-decran-2023-02-01-143349-260x194.png 260w\" sizes=\"(max-width: 543px) 100vw, 543px\" \/><p id=\"caption-attachment-36326\" class=\"wp-caption-text\"><em>L&#8217;artiste Gad Elmaleh devant une statue de Marie.<\/em><\/p><\/div>\n<p><strong>\u00ab\u00a0Je n\u2019ai pas choisi\u00a0\u00bb.<\/strong> \u00ab Le Pape Fran\u00e7ois que j\u2019ai rencontr\u00e9 fin d\u00e9cembre m\u2019a dit au sujet de mon parcours : vous n\u2019avez pas choisi ! Et c\u2019est vrai. Et j\u2019ai \u00e9t\u00e9 tr\u00e8s touch\u00e9 : il m\u2019a confi\u00e9 en me saisissant le bras : \u00ab Je compte sur vous pour prier pour moi \u00bb. \u00bb<\/p>\n<p><strong>\u00ab\u00a0Je n\u2019ai plus peur de ne pas avoir de r\u00e9ponse\u00a0!<\/strong> \u00bb \u00ab Ce que j\u2019ai compris de Dieu et de moi-m\u00eame en r\u00e9alisant ce film c\u2019est ce besoin d\u2019approfondir. Lire et chercher n\u2019apporte pas de r\u00e9ponse et cela m\u2019inqui\u00e9tait. Je viens de la tradition juive, mais je n\u2019ai plus peur \u00e0 pr\u00e9sent de ne pas avoir de r\u00e9ponse. Je suis confort\u00e9 dans cette qu\u00eate d\u2019approfondissement et c\u2019est de l\u2019apaisement. C\u2019est en ce sens qu\u2019ici \u00e0 Lourdes je viens t\u00e9moigner ma reconnaissance \u00e0 la Vierge Marie.\u00a0 Je me sens libre et heureux. J\u2019effectue un vrai chemin vers le christianisme avec int\u00e9r\u00eat, perplexit\u00e9 et agacement. Le bapt\u00eame qui peut \u00eatre une perspective n\u2019est pas une fin en soi, c\u2019est un passage, un point de d\u00e9part, ce n\u2019est pas un club avec une carte ! \u00bb<\/p>\n<p><strong>\u00ab\u00a0Le dialogue avec les autres religions c\u2019est du concret et du v\u00e9cu chaque jour\u00a0\u00bb.<\/strong> \u00a0\u00ab Ce dialogue est trop vu comme un concept. Cela passe en fait par le v\u00e9cu, la fraternit\u00e9 du quotidien. Ce dialogue ce n\u2019est pas une posture. Au Maroc, mon pays d\u2019origine, les uns et les autres nous vivions ensemble. Oui, il y avait des tensions et aussi des connexions. Pour cela il faut se conna\u00eetre.\u00a0 J\u2019ai transgress\u00e9 la loi et choisi d\u2019aller dans une \u00e9glise et de parler avec les autres, alors que ma religion me l\u2019interdisait. Tr\u00e8s souvent on parle de dialogue inter religieux apr\u00e8s des \u00e9v\u00e9nements tragiques, mais cela doit se vivre au quotidien. Il s\u2019agit de mettre en valeur sa foi mais aussi ceux qui ne croient pas \u00bb.<\/p>\n<div id=\"attachment_36323\" style=\"width: 580px\" class=\"wp-caption alignnone\"><img decoding=\"async\" aria-describedby=\"caption-attachment-36323\" class=\"wp-image-36323\" src=\"https:\/\/www.lamennais.org\/wp-content\/uploads\/2023\/02\/Capture-decran-2023-02-01-143243.png\" alt=\"\" width=\"570\" height=\"366\" srcset=\"https:\/\/www.lamennais.org\/wp-content\/uploads\/2023\/02\/Capture-decran-2023-02-01-143243.png 480w, https:\/\/www.lamennais.org\/wp-content\/uploads\/2023\/02\/Capture-decran-2023-02-01-143243-300x193.png 300w, https:\/\/www.lamennais.org\/wp-content\/uploads\/2023\/02\/Capture-decran-2023-02-01-143243-260x167.png 260w\" sizes=\"(max-width: 570px) 100vw, 570px\" \/><p id=\"caption-attachment-36323\" class=\"wp-caption-text\"><em>Image extraite du film \u00abReste un peu\u00bb.<\/em><\/p><\/div>\n<p><strong>\u00ab\u00a0Montrez-nous la lumi\u00e8re\u00a0!\u00a0\u00bb <\/strong>Ces derniers mois, il a rencontr\u00e9 nombre de m\u00e9dias catholiques et il se dit marqu\u00e9 par des \u00ab rencontres \u00e9tonnantes : la joie profonde lors des rencontres avec la famille spirituelle du r\u00e9seau l&#8217;Emmanuel, le travail social r\u00e9alis\u00e9 par les Fr\u00e8res de St Jean, les Maristes aussi\u2026 \u00bb. \u00a0\u00ab Pour plaire et convenir \u00e0 ce que l\u2019autre attend nous \u00e9vacuons toute r\u00e9f\u00e9rence religieuse. Au lieu de mettre en avant les valeurs ou la lumi\u00e8re, on va mettre en avant les d\u00e9rives ou l\u2019aspect dogmatique. Tout cela ce sont des protections pour ne pas aller voir la lumi\u00e8re. Or, j\u2019ai rencontr\u00e9 des gens lumineux ! \u00bb<\/p>\n<p><strong>\u00ab\u00a0Mettez les jeunes en valeur\u00a0!\u00a0\u00bb \u00ab\u00a0<\/strong>Regardez par exemple le grand nombre de jeunes qui viennent ici \u00e0 Lourdes au service des autres. Vous m\u00e9dias et croyants, dites tout ce qui est v\u00e9cu ici au service des malades, tout ce que les jeunes donnent avec leur \u00e2me et leur corps ! Faites-le savoir. Tout cela n\u2019est ni r\u00e9serv\u00e9, ni \u00e0 part, montrez-le ! A chaque jeune, on a envie de dire aussi : fais-le comme tu veux, prie, ne prie pas, si tu peux \u00eatre l\u00e0 et tendre la main aux autres, tant mieux ! Mettez-les en valeur, donnez-leur de la force aux jeunes ! Mes enfants, j\u2019ai envie de leur montrer ce qui se vit ici, qu\u2019ils puissent vivre cela ! \u00bb<\/p>\n<div id=\"attachment_36332\" style=\"width: 870px\" class=\"wp-caption alignnone\"><img decoding=\"async\" aria-describedby=\"caption-attachment-36332\" class=\"wp-image-36332 size-large\" src=\"https:\/\/www.lamennais.org\/wp-content\/uploads\/2023\/02\/296287532_10227419620501009_1464348940814975804_n-2-1024x714.jpg\" alt=\"\" width=\"860\" height=\"600\" srcset=\"https:\/\/www.lamennais.org\/wp-content\/uploads\/2023\/02\/296287532_10227419620501009_1464348940814975804_n-2-1024x714.jpg 1024w, https:\/\/www.lamennais.org\/wp-content\/uploads\/2023\/02\/296287532_10227419620501009_1464348940814975804_n-2-300x209.jpg 300w, https:\/\/www.lamennais.org\/wp-content\/uploads\/2023\/02\/296287532_10227419620501009_1464348940814975804_n-2-768x536.jpg 768w, https:\/\/www.lamennais.org\/wp-content\/uploads\/2023\/02\/296287532_10227419620501009_1464348940814975804_n-2-260x181.jpg 260w, https:\/\/www.lamennais.org\/wp-content\/uploads\/2023\/02\/296287532_10227419620501009_1464348940814975804_n-2.jpg 1071w\" sizes=\"(max-width: 860px) 100vw, 860px\" \/><p id=\"caption-attachment-36332\" class=\"wp-caption-text\"><em>\u00ab\u00a1Ponlos en valor, dadles fuerza a los j\u00f3venes! \u00bb<\/em><\/p><\/div>\n<p>\u00ab<strong>Paremos los complejos\u00bb<\/strong> \u00abComo medios cat\u00f3licos no dej\u00e1is de decir que est\u00e1is abiertos a todos, que os dirig\u00eds a todos. De acuerdo, pero no es tambi\u00e9n ser cat\u00f3lico, una forma de ser singular. Y si podemos usar la luz y la voz que se nos da, \u00a1adelante! Lo que me sorprende tambi\u00e9n son las ocasiones de encuentro y colaboraci\u00f3n entre personas o grupos: \u00bfc\u00f3mo utilizamos la fuerza de unos y otros? \u00a1Dame el trampol\u00edn y saltar\u00e9 sobre \u00e9l! Seamos sencillos\u00bb.<\/p>\n","protected":false},"excerpt":{"rendered":"<p>Humoriste, producteur de film, acteur\u2026 n\u00e9 au Maroc, de confession juive, Gad Elmaleh confesse avoir \u00e9t\u00e9 interpell\u00e9 depuis tout petit par les dimensions du sacr\u00e9. Ses parents lui avaient interdit enfant de rentrer dans une \u00e9glise. Depuis, suite \u00e0 des rencontres et des \u00e9v\u00e9nements marquants dans son itin\u00e9raire, il a souhait\u00e9 explorer en profondeur son [&hellip;]<\/p>\n","protected":false},"author":3,"featured_media":36331,"comment_status":"closed","ping_status":"closed","sticky":false,"template":"","format":"standard","meta":{"footnotes":""},"categories":[105],"tags":[],"class_list":["post-36369","post","type-post","status-publish","format-standard","has-post-thumbnail","hentry","category-noticias"],"yoast_head":"<!-- This site is optimized with the Yoast SEO plugin v27.5 - https:\/\/yoast.com\/product\/yoast-seo-wordpress\/ -->\n<title>TESTIMONIO. \u00ab\u00a1Dad fuerza a los j\u00f3venes y asumid ser cat\u00f3licos! \u00bb interpela el artista Gad Elmaleh - LaMennais.org<\/title>\n<meta name=\"robots\" content=\"index, follow, max-snippet:-1, max-image-preview:large, max-video-preview:-1\" \/>\n<link rel=\"canonical\" href=\"https:\/\/www.lamennais.org\/es\/testimonio-dad-fuerza-a-los-jovenes-y-asumid-ser-catolicos-interpela-el-artista-gad-elmaleh\/\" \/>\n<meta property=\"og:locale\" content=\"es_ES\" \/>\n<meta property=\"og:type\" content=\"article\" \/>\n<meta property=\"og:title\" content=\"TESTIMONIO. \u00ab\u00a1Dad fuerza a los j\u00f3venes y asumid ser cat\u00f3licos! \u00bb interpela el artista Gad Elmaleh - LaMennais.org\" \/>\n<meta property=\"og:description\" content=\"Humoriste, producteur de film, acteur\u2026 n\u00e9 au Maroc, de confession juive, Gad Elmaleh confesse avoir \u00e9t\u00e9 interpell\u00e9 depuis tout petit par les dimensions du sacr\u00e9. Ses parents lui avaient interdit enfant de rentrer dans une \u00e9glise. Depuis, suite \u00e0 des rencontres et des \u00e9v\u00e9nements marquants dans son itin\u00e9raire, il a souhait\u00e9 explorer en profondeur son [&hellip;]\" \/>\n<meta property=\"og:url\" content=\"https:\/\/www.lamennais.org\/es\/testimonio-dad-fuerza-a-los-jovenes-y-asumid-ser-catolicos-interpela-el-artista-gad-elmaleh\/\" \/>\n<meta property=\"og:site_name\" content=\"LaMennais.org\" \/>\n<meta property=\"article:published_time\" content=\"2023-02-01T15:23:09+00:00\" \/>\n<meta property=\"article:modified_time\" content=\"2023-02-03T14:15:21+00:00\" \/>\n<meta property=\"og:image\" content=\"https:\/\/www.lamennais.org\/wp-content\/uploads\/2023\/02\/Capture-decran-2023-02-01-143715-e1675265090992.png\" \/>\n\t<meta property=\"og:image:width\" content=\"593\" \/>\n\t<meta property=\"og:image:height\" content=\"337\" \/>\n\t<meta property=\"og:image:type\" content=\"image\/png\" \/>\n<meta name=\"author\" content=\"Herv\u00e9 Asse\" \/>\n<meta name=\"twitter:card\" content=\"summary_large_image\" \/>\n<meta name=\"twitter:label1\" content=\"Escrito por\" \/>\n\t<meta name=\"twitter:data1\" content=\"Herv\u00e9 Asse\" \/>\n\t<meta name=\"twitter:label2\" content=\"Tiempo de lectura\" \/>\n\t<meta name=\"twitter:data2\" content=\"5 minutos\" \/>\n<script type=\"application\/ld+json\" class=\"yoast-schema-graph\">{\"@context\":\"https:\\\/\\\/schema.org\",\"@graph\":[{\"@type\":\"Article\",\"@id\":\"https:\\\/\\\/www.lamennais.org\\\/es\\\/testimonio-dad-fuerza-a-los-jovenes-y-asumid-ser-catolicos-interpela-el-artista-gad-elmaleh\\\/#article\",\"isPartOf\":{\"@id\":\"https:\\\/\\\/www.lamennais.org\\\/es\\\/testimonio-dad-fuerza-a-los-jovenes-y-asumid-ser-catolicos-interpela-el-artista-gad-elmaleh\\\/\"},\"author\":{\"name\":\"Herv\u00e9 Asse\",\"@id\":\"https:\\\/\\\/www.lamennais.org\\\/#\\\/schema\\\/person\\\/2a8d6e8a95babedd5ba1c43afd2e3844\"},\"headline\":\"TESTIMONIO. \u00ab\u00a1Dad fuerza a los j\u00f3venes y asumid ser cat\u00f3licos! \u00bb interpela el artista Gad Elmaleh\",\"datePublished\":\"2023-02-01T15:23:09+00:00\",\"dateModified\":\"2023-02-03T14:15:21+00:00\",\"mainEntityOfPage\":{\"@id\":\"https:\\\/\\\/www.lamennais.org\\\/es\\\/testimonio-dad-fuerza-a-los-jovenes-y-asumid-ser-catolicos-interpela-el-artista-gad-elmaleh\\\/\"},\"wordCount\":1056,\"image\":{\"@id\":\"https:\\\/\\\/www.lamennais.org\\\/es\\\/testimonio-dad-fuerza-a-los-jovenes-y-asumid-ser-catolicos-interpela-el-artista-gad-elmaleh\\\/#primaryimage\"},\"thumbnailUrl\":\"https:\\\/\\\/www.lamennais.org\\\/wp-content\\\/uploads\\\/2023\\\/02\\\/Capture-decran-2023-02-01-143715-e1675265090992.png\",\"articleSection\":[\"NOTICIAS\"],\"inLanguage\":\"es\"},{\"@type\":\"WebPage\",\"@id\":\"https:\\\/\\\/www.lamennais.org\\\/es\\\/testimonio-dad-fuerza-a-los-jovenes-y-asumid-ser-catolicos-interpela-el-artista-gad-elmaleh\\\/\",\"url\":\"https:\\\/\\\/www.lamennais.org\\\/es\\\/testimonio-dad-fuerza-a-los-jovenes-y-asumid-ser-catolicos-interpela-el-artista-gad-elmaleh\\\/\",\"name\":\"TESTIMONIO. \u00ab\u00a1Dad fuerza a los j\u00f3venes y asumid ser cat\u00f3licos! \u00bb interpela el artista Gad Elmaleh - LaMennais.org\",\"isPartOf\":{\"@id\":\"https:\\\/\\\/www.lamennais.org\\\/#website\"},\"primaryImageOfPage\":{\"@id\":\"https:\\\/\\\/www.lamennais.org\\\/es\\\/testimonio-dad-fuerza-a-los-jovenes-y-asumid-ser-catolicos-interpela-el-artista-gad-elmaleh\\\/#primaryimage\"},\"image\":{\"@id\":\"https:\\\/\\\/www.lamennais.org\\\/es\\\/testimonio-dad-fuerza-a-los-jovenes-y-asumid-ser-catolicos-interpela-el-artista-gad-elmaleh\\\/#primaryimage\"},\"thumbnailUrl\":\"https:\\\/\\\/www.lamennais.org\\\/wp-content\\\/uploads\\\/2023\\\/02\\\/Capture-decran-2023-02-01-143715-e1675265090992.png\",\"datePublished\":\"2023-02-01T15:23:09+00:00\",\"dateModified\":\"2023-02-03T14:15:21+00:00\",\"author\":{\"@id\":\"https:\\\/\\\/www.lamennais.org\\\/#\\\/schema\\\/person\\\/2a8d6e8a95babedd5ba1c43afd2e3844\"},\"breadcrumb\":{\"@id\":\"https:\\\/\\\/www.lamennais.org\\\/es\\\/testimonio-dad-fuerza-a-los-jovenes-y-asumid-ser-catolicos-interpela-el-artista-gad-elmaleh\\\/#breadcrumb\"},\"inLanguage\":\"es\",\"potentialAction\":[{\"@type\":\"ReadAction\",\"target\":[\"https:\\\/\\\/www.lamennais.org\\\/es\\\/testimonio-dad-fuerza-a-los-jovenes-y-asumid-ser-catolicos-interpela-el-artista-gad-elmaleh\\\/\"]}]},{\"@type\":\"ImageObject\",\"inLanguage\":\"es\",\"@id\":\"https:\\\/\\\/www.lamennais.org\\\/es\\\/testimonio-dad-fuerza-a-los-jovenes-y-asumid-ser-catolicos-interpela-el-artista-gad-elmaleh\\\/#primaryimage\",\"url\":\"https:\\\/\\\/www.lamennais.org\\\/wp-content\\\/uploads\\\/2023\\\/02\\\/Capture-decran-2023-02-01-143715-e1675265090992.png\",\"contentUrl\":\"https:\\\/\\\/www.lamennais.org\\\/wp-content\\\/uploads\\\/2023\\\/02\\\/Capture-decran-2023-02-01-143715-e1675265090992.png\",\"width\":550,\"height\":295},{\"@type\":\"BreadcrumbList\",\"@id\":\"https:\\\/\\\/www.lamennais.org\\\/es\\\/testimonio-dad-fuerza-a-los-jovenes-y-asumid-ser-catolicos-interpela-el-artista-gad-elmaleh\\\/#breadcrumb\",\"itemListElement\":[{\"@type\":\"ListItem\",\"position\":1,\"name\":\"Accueil\",\"item\":\"https:\\\/\\\/www.lamennais.org\\\/\"},{\"@type\":\"ListItem\",\"position\":2,\"name\":\"TESTIMONIO. \u00ab\u00a1Dad fuerza a los j\u00f3venes y asumid ser cat\u00f3licos! \u00bb interpela el artista Gad Elmaleh\"}]},{\"@type\":\"WebSite\",\"@id\":\"https:\\\/\\\/www.lamennais.org\\\/#website\",\"url\":\"https:\\\/\\\/www.lamennais.org\\\/\",\"name\":\"LaMennais.org\",\"description\":\"Fr\u00e8res de l&#039;Instruction Chr\u00e9tienne et Famille Mennaisienne\",\"potentialAction\":[{\"@type\":\"SearchAction\",\"target\":{\"@type\":\"EntryPoint\",\"urlTemplate\":\"https:\\\/\\\/www.lamennais.org\\\/?s={search_term_string}\"},\"query-input\":{\"@type\":\"PropertyValueSpecification\",\"valueRequired\":true,\"valueName\":\"search_term_string\"}}],\"inLanguage\":\"es\"},{\"@type\":\"Person\",\"@id\":\"https:\\\/\\\/www.lamennais.org\\\/#\\\/schema\\\/person\\\/2a8d6e8a95babedd5ba1c43afd2e3844\",\"name\":\"Herv\u00e9 Asse\",\"image\":{\"@type\":\"ImageObject\",\"inLanguage\":\"es\",\"@id\":\"https:\\\/\\\/secure.gravatar.com\\\/avatar\\\/1aaa7b1baf759c8b40525f40af381cbaa2b0ddd554f57145bceb0654ba45b4c0?s=96&d=mm&r=g\",\"url\":\"https:\\\/\\\/secure.gravatar.com\\\/avatar\\\/1aaa7b1baf759c8b40525f40af381cbaa2b0ddd554f57145bceb0654ba45b4c0?s=96&d=mm&r=g\",\"contentUrl\":\"https:\\\/\\\/secure.gravatar.com\\\/avatar\\\/1aaa7b1baf759c8b40525f40af381cbaa2b0ddd554f57145bceb0654ba45b4c0?s=96&d=mm&r=g\",\"caption\":\"Herv\u00e9 Asse\"}}]}<\/script>\n<!-- \/ Yoast SEO plugin. -->","yoast_head_json":{"title":"TESTIMONIO. \u00ab\u00a1Dad fuerza a los j\u00f3venes y asumid ser cat\u00f3licos! \u00bb interpela el artista Gad Elmaleh - LaMennais.org","robots":{"index":"index","follow":"follow","max-snippet":"max-snippet:-1","max-image-preview":"max-image-preview:large","max-video-preview":"max-video-preview:-1"},"canonical":"https:\/\/www.lamennais.org\/es\/testimonio-dad-fuerza-a-los-jovenes-y-asumid-ser-catolicos-interpela-el-artista-gad-elmaleh\/","og_locale":"es_ES","og_type":"article","og_title":"TESTIMONIO. \u00ab\u00a1Dad fuerza a los j\u00f3venes y asumid ser cat\u00f3licos! \u00bb interpela el artista Gad Elmaleh - LaMennais.org","og_description":"Humoriste, producteur de film, acteur\u2026 n\u00e9 au Maroc, de confession juive, Gad Elmaleh confesse avoir \u00e9t\u00e9 interpell\u00e9 depuis tout petit par les dimensions du sacr\u00e9. Ses parents lui avaient interdit enfant de rentrer dans une \u00e9glise. Depuis, suite \u00e0 des rencontres et des \u00e9v\u00e9nements marquants dans son itin\u00e9raire, il a souhait\u00e9 explorer en profondeur son [&hellip;]","og_url":"https:\/\/www.lamennais.org\/es\/testimonio-dad-fuerza-a-los-jovenes-y-asumid-ser-catolicos-interpela-el-artista-gad-elmaleh\/","og_site_name":"LaMennais.org","article_published_time":"2023-02-01T15:23:09+00:00","article_modified_time":"2023-02-03T14:15:21+00:00","og_image":[{"width":593,"height":337,"url":"https:\/\/www.lamennais.org\/wp-content\/uploads\/2023\/02\/Capture-decran-2023-02-01-143715-e1675265090992.png","type":"image\/png"}],"author":"Herv\u00e9 Asse","twitter_card":"summary_large_image","twitter_misc":{"Escrito por":"Herv\u00e9 Asse","Tiempo de lectura":"5 minutos"},"schema":{"@context":"https:\/\/schema.org","@graph":[{"@type":"Article","@id":"https:\/\/www.lamennais.org\/es\/testimonio-dad-fuerza-a-los-jovenes-y-asumid-ser-catolicos-interpela-el-artista-gad-elmaleh\/#article","isPartOf":{"@id":"https:\/\/www.lamennais.org\/es\/testimonio-dad-fuerza-a-los-jovenes-y-asumid-ser-catolicos-interpela-el-artista-gad-elmaleh\/"},"author":{"name":"Herv\u00e9 Asse","@id":"https:\/\/www.lamennais.org\/#\/schema\/person\/2a8d6e8a95babedd5ba1c43afd2e3844"},"headline":"TESTIMONIO. \u00ab\u00a1Dad fuerza a los j\u00f3venes y asumid ser cat\u00f3licos! \u00bb interpela el artista Gad Elmaleh","datePublished":"2023-02-01T15:23:09+00:00","dateModified":"2023-02-03T14:15:21+00:00","mainEntityOfPage":{"@id":"https:\/\/www.lamennais.org\/es\/testimonio-dad-fuerza-a-los-jovenes-y-asumid-ser-catolicos-interpela-el-artista-gad-elmaleh\/"},"wordCount":1056,"image":{"@id":"https:\/\/www.lamennais.org\/es\/testimonio-dad-fuerza-a-los-jovenes-y-asumid-ser-catolicos-interpela-el-artista-gad-elmaleh\/#primaryimage"},"thumbnailUrl":"https:\/\/www.lamennais.org\/wp-content\/uploads\/2023\/02\/Capture-decran-2023-02-01-143715-e1675265090992.png","articleSection":["NOTICIAS"],"inLanguage":"es"},{"@type":"WebPage","@id":"https:\/\/www.lamennais.org\/es\/testimonio-dad-fuerza-a-los-jovenes-y-asumid-ser-catolicos-interpela-el-artista-gad-elmaleh\/","url":"https:\/\/www.lamennais.org\/es\/testimonio-dad-fuerza-a-los-jovenes-y-asumid-ser-catolicos-interpela-el-artista-gad-elmaleh\/","name":"TESTIMONIO. \u00ab\u00a1Dad fuerza a los j\u00f3venes y asumid ser cat\u00f3licos! \u00bb interpela el artista Gad Elmaleh - LaMennais.org","isPartOf":{"@id":"https:\/\/www.lamennais.org\/#website"},"primaryImageOfPage":{"@id":"https:\/\/www.lamennais.org\/es\/testimonio-dad-fuerza-a-los-jovenes-y-asumid-ser-catolicos-interpela-el-artista-gad-elmaleh\/#primaryimage"},"image":{"@id":"https:\/\/www.lamennais.org\/es\/testimonio-dad-fuerza-a-los-jovenes-y-asumid-ser-catolicos-interpela-el-artista-gad-elmaleh\/#primaryimage"},"thumbnailUrl":"https:\/\/www.lamennais.org\/wp-content\/uploads\/2023\/02\/Capture-decran-2023-02-01-143715-e1675265090992.png","datePublished":"2023-02-01T15:23:09+00:00","dateModified":"2023-02-03T14:15:21+00:00","author":{"@id":"https:\/\/www.lamennais.org\/#\/schema\/person\/2a8d6e8a95babedd5ba1c43afd2e3844"},"breadcrumb":{"@id":"https:\/\/www.lamennais.org\/es\/testimonio-dad-fuerza-a-los-jovenes-y-asumid-ser-catolicos-interpela-el-artista-gad-elmaleh\/#breadcrumb"},"inLanguage":"es","potentialAction":[{"@type":"ReadAction","target":["https:\/\/www.lamennais.org\/es\/testimonio-dad-fuerza-a-los-jovenes-y-asumid-ser-catolicos-interpela-el-artista-gad-elmaleh\/"]}]},{"@type":"ImageObject","inLanguage":"es","@id":"https:\/\/www.lamennais.org\/es\/testimonio-dad-fuerza-a-los-jovenes-y-asumid-ser-catolicos-interpela-el-artista-gad-elmaleh\/#primaryimage","url":"https:\/\/www.lamennais.org\/wp-content\/uploads\/2023\/02\/Capture-decran-2023-02-01-143715-e1675265090992.png","contentUrl":"https:\/\/www.lamennais.org\/wp-content\/uploads\/2023\/02\/Capture-decran-2023-02-01-143715-e1675265090992.png","width":550,"height":295},{"@type":"BreadcrumbList","@id":"https:\/\/www.lamennais.org\/es\/testimonio-dad-fuerza-a-los-jovenes-y-asumid-ser-catolicos-interpela-el-artista-gad-elmaleh\/#breadcrumb","itemListElement":[{"@type":"ListItem","position":1,"name":"Accueil","item":"https:\/\/www.lamennais.org\/"},{"@type":"ListItem","position":2,"name":"TESTIMONIO. \u00ab\u00a1Dad fuerza a los j\u00f3venes y asumid ser cat\u00f3licos! \u00bb interpela el artista Gad Elmaleh"}]},{"@type":"WebSite","@id":"https:\/\/www.lamennais.org\/#website","url":"https:\/\/www.lamennais.org\/","name":"LaMennais.org","description":"Fr\u00e8res de l&#039;Instruction Chr\u00e9tienne et Famille Mennaisienne","potentialAction":[{"@type":"SearchAction","target":{"@type":"EntryPoint","urlTemplate":"https:\/\/www.lamennais.org\/?s={search_term_string}"},"query-input":{"@type":"PropertyValueSpecification","valueRequired":true,"valueName":"search_term_string"}}],"inLanguage":"es"},{"@type":"Person","@id":"https:\/\/www.lamennais.org\/#\/schema\/person\/2a8d6e8a95babedd5ba1c43afd2e3844","name":"Herv\u00e9 Asse","image":{"@type":"ImageObject","inLanguage":"es","@id":"https:\/\/secure.gravatar.com\/avatar\/1aaa7b1baf759c8b40525f40af381cbaa2b0ddd554f57145bceb0654ba45b4c0?s=96&d=mm&r=g","url":"https:\/\/secure.gravatar.com\/avatar\/1aaa7b1baf759c8b40525f40af381cbaa2b0ddd554f57145bceb0654ba45b4c0?s=96&d=mm&r=g","contentUrl":"https:\/\/secure.gravatar.com\/avatar\/1aaa7b1baf759c8b40525f40af381cbaa2b0ddd554f57145bceb0654ba45b4c0?s=96&d=mm&r=g","caption":"Herv\u00e9 Asse"}}]}},"_links":{"self":[{"href":"https:\/\/www.lamennais.org\/es\/wp-json\/wp\/v2\/posts\/36369","targetHints":{"allow":["GET"]}}],"collection":[{"href":"https:\/\/www.lamennais.org\/es\/wp-json\/wp\/v2\/posts"}],"about":[{"href":"https:\/\/www.lamennais.org\/es\/wp-json\/wp\/v2\/types\/post"}],"author":[{"embeddable":true,"href":"https:\/\/www.lamennais.org\/es\/wp-json\/wp\/v2\/users\/3"}],"replies":[{"embeddable":true,"href":"https:\/\/www.lamennais.org\/es\/wp-json\/wp\/v2\/comments?post=36369"}],"version-history":[{"count":1,"href":"https:\/\/www.lamennais.org\/es\/wp-json\/wp\/v2\/posts\/36369\/revisions"}],"predecessor-version":[{"id":36370,"href":"https:\/\/www.lamennais.org\/es\/wp-json\/wp\/v2\/posts\/36369\/revisions\/36370"}],"wp:featuredmedia":[{"embeddable":true,"href":"https:\/\/www.lamennais.org\/es\/wp-json\/wp\/v2\/media\/36331"}],"wp:attachment":[{"href":"https:\/\/www.lamennais.org\/es\/wp-json\/wp\/v2\/media?parent=36369"}],"wp:term":[{"taxonomy":"category","embeddable":true,"href":"https:\/\/www.lamennais.org\/es\/wp-json\/wp\/v2\/categories?post=36369"},{"taxonomy":"post_tag","embeddable":true,"href":"https:\/\/www.lamennais.org\/es\/wp-json\/wp\/v2\/tags?post=36369"}],"curies":[{"name":"wp","href":"https:\/\/api.w.org\/{rel}","templated":true}]}}