{"id":33335,"date":"2022-03-01T09:55:32","date_gmt":"2022-03-01T08:55:32","guid":{"rendered":"https:\/\/www.lamennais.org\/?p=33335"},"modified":"2022-03-01T09:55:34","modified_gmt":"2022-03-01T08:55:34","slug":"initiative-1-000-jeunes-du-college-ste-marie-de-vitre-france-decouvrent-jean-marie-de-la-mennais","status":"publish","type":"post","link":"https:\/\/www.lamennais.org\/es\/initiative-1-000-jeunes-du-college-ste-marie-de-vitre-france-decouvrent-jean-marie-de-la-mennais\/","title":{"rendered":"INITIATIVE. 1\u00a0000 jeunes du Coll\u00e8ge Ste-Marie de Vitr\u00e9 &#8211; France &#8211; d\u00e9couvrent Jean-Marie de la Mennais"},"content":{"rendered":"<p>D\u00e9marche originale au Coll\u00e8ge Ste Marie de Vitr\u00e9, France, le 1<sup>er<\/sup> f\u00e9vrier dernier. Les 1 000 jeunes de 12 \u00e0 15 ans sont partis \u00e0 la rencontre de Jean-Marie de la Mennais au fil de cette journ\u00e9e initi\u00e9e par Corentin OGIER, animateur en pastorale au sein de l\u2019\u00e9tablissement dirig\u00e9 par Joseph FAUCHOUX.<\/p>\n<div id=\"attachment_33336\" style=\"width: 870px\" class=\"wp-caption alignnone\"><img fetchpriority=\"high\" decoding=\"async\" aria-describedby=\"caption-attachment-33336\" class=\"wp-image-33336 size-large\" src=\"https:\/\/www.lamennais.org\/wp-content\/uploads\/2022\/03\/Andre-Gousse-face-aux-6emes-1024x768.jpg\" alt=\"\" width=\"860\" height=\"645\" srcset=\"https:\/\/www.lamennais.org\/wp-content\/uploads\/2022\/03\/Andre-Gousse-face-aux-6emes-1024x768.jpg 1024w, https:\/\/www.lamennais.org\/wp-content\/uploads\/2022\/03\/Andre-Gousse-face-aux-6emes-300x225.jpg 300w, https:\/\/www.lamennais.org\/wp-content\/uploads\/2022\/03\/Andre-Gousse-face-aux-6emes-768x576.jpg 768w, https:\/\/www.lamennais.org\/wp-content\/uploads\/2022\/03\/Andre-Gousse-face-aux-6emes-1536x1152.jpg 1536w, https:\/\/www.lamennais.org\/wp-content\/uploads\/2022\/03\/Andre-Gousse-face-aux-6emes-2048x1536.jpg 2048w, https:\/\/www.lamennais.org\/wp-content\/uploads\/2022\/03\/Andre-Gousse-face-aux-6emes-260x195.jpg 260w\" sizes=\"(max-width: 860px) 100vw, 860px\" \/><p id=\"caption-attachment-33336\" class=\"wp-caption-text\"><em>Il \u00e9tait une fois : pr\u00e9sentation de l&#8217;histoire des Fr\u00e8res et du Coll\u00e8ge Ste Marie \u00e0 Vitr\u00e9 par Andr\u00e9 Gousse.<\/em><\/p><\/div>\n<p>Les plus jeunes ont suivi les pas du fondateur \u00e0 Vitr\u00e9, avec des anecdotes et rep\u00e8res historiques comment\u00e9s par Andr\u00e9 GOUSSE. Quand le coll\u00e8ge\u00a0a-t-il \u00e9t\u00e9 fond\u00e9 ? Depuis quand les Fr\u00e8res \u00e9taient-ils \u00e0 Vitr\u00e9\u00a0?<\/p>\n<div id=\"attachment_33342\" style=\"width: 870px\" class=\"wp-caption alignnone\"><img decoding=\"async\" aria-describedby=\"caption-attachment-33342\" class=\"wp-image-33342 size-large\" src=\"https:\/\/www.lamennais.org\/wp-content\/uploads\/2022\/03\/Groupe-de-5emes-1024x768.jpg\" alt=\"\" width=\"860\" height=\"645\" srcset=\"https:\/\/www.lamennais.org\/wp-content\/uploads\/2022\/03\/Groupe-de-5emes-1024x768.jpg 1024w, https:\/\/www.lamennais.org\/wp-content\/uploads\/2022\/03\/Groupe-de-5emes-300x225.jpg 300w, https:\/\/www.lamennais.org\/wp-content\/uploads\/2022\/03\/Groupe-de-5emes-768x576.jpg 768w, https:\/\/www.lamennais.org\/wp-content\/uploads\/2022\/03\/Groupe-de-5emes-1536x1152.jpg 1536w, https:\/\/www.lamennais.org\/wp-content\/uploads\/2022\/03\/Groupe-de-5emes-2048x1536.jpg 2048w, https:\/\/www.lamennais.org\/wp-content\/uploads\/2022\/03\/Groupe-de-5emes-260x195.jpg 260w\" sizes=\"(max-width: 860px) 100vw, 860px\" \/><p id=\"caption-attachment-33342\" class=\"wp-caption-text\"><em>Enthousiasme des jeunes lors de cette tonique journ\u00e9e mennaisienne \u00e0 Vitr\u00e9.<\/em><\/p><\/div>\n<p>Les classes de 5<sup>\u00e8me<\/sup>, de leur c\u00f4t\u00e9, sont parties en voyage par \u00e9quipe et sous forme de jeux o\u00f9 l&#8217;objectif \u00e9tait de retrouver les dates importantes de la vie de notre fondateur. Les professeurs, devenus animateurs, formaient \u00ables tables de marque\u00bb de chacun de 27 groupes.<\/p>\n<div id=\"attachment_33354\" style=\"width: 870px\" class=\"wp-caption alignnone\"><img decoding=\"async\" aria-describedby=\"caption-attachment-33354\" class=\"wp-image-33354 size-large\" src=\"https:\/\/www.lamennais.org\/wp-content\/uploads\/2022\/03\/Fr-james-et-Mathis-4emes-2-1024x671.jpg\" alt=\"\" width=\"860\" height=\"564\" srcset=\"https:\/\/www.lamennais.org\/wp-content\/uploads\/2022\/03\/Fr-james-et-Mathis-4emes-2-1024x671.jpg 1024w, https:\/\/www.lamennais.org\/wp-content\/uploads\/2022\/03\/Fr-james-et-Mathis-4emes-2-300x197.jpg 300w, https:\/\/www.lamennais.org\/wp-content\/uploads\/2022\/03\/Fr-james-et-Mathis-4emes-2-768x503.jpg 768w, https:\/\/www.lamennais.org\/wp-content\/uploads\/2022\/03\/Fr-james-et-Mathis-4emes-2-1536x1006.jpg 1536w, https:\/\/www.lamennais.org\/wp-content\/uploads\/2022\/03\/Fr-james-et-Mathis-4emes-2-2048x1342.jpg 2048w, https:\/\/www.lamennais.org\/wp-content\/uploads\/2022\/03\/Fr-james-et-Mathis-4emes-2-260x170.jpg 260w\" sizes=\"(max-width: 860px) 100vw, 860px\" \/><p id=\"caption-attachment-33354\" class=\"wp-caption-text\"><em>F. James et Mathis ont anim\u00e9 un tour du monde des pays avec une pr\u00e9sence La Mennais.<\/em><\/p><\/div>\n<p><img loading=\"lazy\" decoding=\"async\" class=\"alignnone size-large wp-image-33357\" src=\"https:\/\/www.lamennais.org\/wp-content\/uploads\/2022\/03\/Mathis-et-Fr-James-4emes-2-1024x754.jpg\" alt=\"\" width=\"860\" height=\"633\" srcset=\"https:\/\/www.lamennais.org\/wp-content\/uploads\/2022\/03\/Mathis-et-Fr-James-4emes-2-1024x754.jpg 1024w, https:\/\/www.lamennais.org\/wp-content\/uploads\/2022\/03\/Mathis-et-Fr-James-4emes-2-300x221.jpg 300w, https:\/\/www.lamennais.org\/wp-content\/uploads\/2022\/03\/Mathis-et-Fr-James-4emes-2-768x565.jpg 768w, https:\/\/www.lamennais.org\/wp-content\/uploads\/2022\/03\/Mathis-et-Fr-James-4emes-2-1536x1130.jpg 1536w, https:\/\/www.lamennais.org\/wp-content\/uploads\/2022\/03\/Mathis-et-Fr-James-4emes-2-2048x1507.jpg 2048w, https:\/\/www.lamennais.org\/wp-content\/uploads\/2022\/03\/Mathis-et-Fr-James-4emes-2-260x191.jpg 260w\" sizes=\"(max-width: 860px) 100vw, 860px\" \/><\/p>\n<p>Les \u00e9l\u00e8ves de 4<sup>\u00e8me\u00a0<\/sup>ont parcouru le monde en mettant l\u2019accent sur la pr\u00e9sence Mennaisienne \u00e0 travers les continents en compagnie du F. James HAYES, d\u2019origine anglaise, aid\u00e9 de Mathis FARROUILH qui a eu la chance de partir en immersion en Uruguay fin 2021.<\/p>\n<div id=\"attachment_33360\" style=\"width: 870px\" class=\"wp-caption alignnone\"><img loading=\"lazy\" decoding=\"async\" aria-describedby=\"caption-attachment-33360\" class=\"wp-image-33360 size-large\" src=\"https:\/\/www.lamennais.org\/wp-content\/uploads\/2022\/03\/Yves-Delara-3emes-2-1024x702.jpg\" alt=\"\" width=\"860\" height=\"590\" srcset=\"https:\/\/www.lamennais.org\/wp-content\/uploads\/2022\/03\/Yves-Delara-3emes-2-1024x702.jpg 1024w, https:\/\/www.lamennais.org\/wp-content\/uploads\/2022\/03\/Yves-Delara-3emes-2-300x206.jpg 300w, https:\/\/www.lamennais.org\/wp-content\/uploads\/2022\/03\/Yves-Delara-3emes-2-768x526.jpg 768w, https:\/\/www.lamennais.org\/wp-content\/uploads\/2022\/03\/Yves-Delara-3emes-2-1536x1053.jpg 1536w, https:\/\/www.lamennais.org\/wp-content\/uploads\/2022\/03\/Yves-Delara-3emes-2-2048x1404.jpg 2048w, https:\/\/www.lamennais.org\/wp-content\/uploads\/2022\/03\/Yves-Delara-3emes-2-260x178.jpg 260w\" sizes=\"(max-width: 860px) 100vw, 860px\" \/><p id=\"caption-attachment-33360\" class=\"wp-caption-text\"><em>Yves Delarra, de l&#8217;association Assific a pr\u00e9sent\u00e9 des projets solidaires concrets aux jeunes du Coll\u00e8ge Ste-Marie.<\/em><\/p><\/div>\n<p>Enfin, les plus grands ont r\u00e9alis\u00e9 concr\u00e8tement que les actions de solidarit\u00e9 men\u00e9es chaque ann\u00e9e au coll\u00e8ge r\u00e9pondaient aux besoins de l\u2019ONG Mennaisienne Assific. Yves DELARRA, tr\u00e9sorier, a pr\u00e9sent\u00e9 plusieurs des 26 initiatives concr\u00e8tes men\u00e9es pour aider des \u00e9coles et plusieurs communaut\u00e9s dans 14 pays. Plus de 1 800 euros ont \u00e9t\u00e9 r\u00e9unis\u00a0! F\u00e9licitations\u00a0aux jeunes\u00a0!<\/p>\n<div id=\"attachment_33345\" style=\"width: 778px\" class=\"wp-caption alignnone\"><img loading=\"lazy\" decoding=\"async\" aria-describedby=\"caption-attachment-33345\" class=\"wp-image-33345 size-large\" src=\"https:\/\/www.lamennais.org\/wp-content\/uploads\/2022\/03\/IMG_1673-768x1024.jpg\" alt=\"\" width=\"768\" height=\"1024\" srcset=\"https:\/\/www.lamennais.org\/wp-content\/uploads\/2022\/03\/IMG_1673-768x1024.jpg 768w, https:\/\/www.lamennais.org\/wp-content\/uploads\/2022\/03\/IMG_1673-225x300.jpg 225w, https:\/\/www.lamennais.org\/wp-content\/uploads\/2022\/03\/IMG_1673-1152x1536.jpg 1152w, https:\/\/www.lamennais.org\/wp-content\/uploads\/2022\/03\/IMG_1673-1536x2048.jpg 1536w, https:\/\/www.lamennais.org\/wp-content\/uploads\/2022\/03\/IMG_1673-260x347.jpg 260w, https:\/\/www.lamennais.org\/wp-content\/uploads\/2022\/03\/IMG_1673-scaled.jpg 1920w\" sizes=\"(max-width: 768px) 100vw, 768px\" \/><p id=\"caption-attachment-33345\" class=\"wp-caption-text\"><em>Yves Delarra, \u00e0 gauche et Corentin Ogier ont f\u00e9licit\u00e9 les jeunes du Coll\u00e8ge pour leurs actions de solidarit\u00e9. Un ch\u00e8que de 1800 euros a \u00e9t\u00e9 remis \u00e0 Assific.<\/em><\/p><\/div>\n","protected":false},"excerpt":{"rendered":"<p>D\u00e9marche originale au Coll\u00e8ge Ste Marie de Vitr\u00e9, France, le 1er f\u00e9vrier dernier. Les 1 000 jeunes de 12 \u00e0 15 ans sont partis \u00e0 la rencontre de Jean-Marie de la Mennais au fil de cette journ\u00e9e initi\u00e9e par Corentin OGIER, animateur en pastorale au sein de l\u2019\u00e9tablissement dirig\u00e9 par Joseph FAUCHOUX. Les plus jeunes [&hellip;]<\/p>\n","protected":false},"author":4,"featured_media":0,"comment_status":"closed","ping_status":"closed","sticky":false,"template":"","format":"standard","meta":{"footnotes":""},"categories":[1],"tags":[],"class_list":["post-33335","post","type-post","status-publish","format-standard","hentry","category-nouvelles"],"yoast_head":"<!-- This site is optimized with the Yoast SEO plugin v27.4 - https:\/\/yoast.com\/product\/yoast-seo-wordpress\/ -->\n<title>INITIATIVE. 1\u00a0000 jeunes du Coll\u00e8ge Ste-Marie de Vitr\u00e9 - France - d\u00e9couvrent Jean-Marie de la Mennais - LaMennais.org<\/title>\n<meta name=\"robots\" content=\"index, follow, max-snippet:-1, max-image-preview:large, max-video-preview:-1\" \/>\n<link rel=\"canonical\" href=\"https:\/\/www.lamennais.org\/initiative-1-000-jeunes-du-college-ste-marie-de-vitre-france-decouvrent-jean-marie-de-la-mennais\/\" \/>\n<meta property=\"og:locale\" content=\"es_ES\" \/>\n<meta property=\"og:type\" content=\"article\" \/>\n<meta property=\"og:title\" content=\"INITIATIVE. 1\u00a0000 jeunes du Coll\u00e8ge Ste-Marie de Vitr\u00e9 - France - d\u00e9couvrent Jean-Marie de la Mennais - LaMennais.org\" \/>\n<meta property=\"og:description\" content=\"D\u00e9marche originale au Coll\u00e8ge Ste Marie de Vitr\u00e9, France, le 1er f\u00e9vrier dernier. Les 1 000 jeunes de 12 \u00e0 15 ans sont partis \u00e0 la rencontre de Jean-Marie de la Mennais au fil de cette journ\u00e9e initi\u00e9e par Corentin OGIER, animateur en pastorale au sein de l\u2019\u00e9tablissement dirig\u00e9 par Joseph FAUCHOUX. Les plus jeunes [&hellip;]\" \/>\n<meta property=\"og:url\" content=\"https:\/\/www.lamennais.org\/initiative-1-000-jeunes-du-college-ste-marie-de-vitre-france-decouvrent-jean-marie-de-la-mennais\/\" \/>\n<meta property=\"og:site_name\" content=\"LaMennais.org\" \/>\n<meta property=\"article:published_time\" content=\"2022-03-01T08:55:32+00:00\" \/>\n<meta property=\"article:modified_time\" content=\"2022-03-01T08:55:34+00:00\" \/>\n<meta property=\"og:image\" content=\"https:\/\/www.lamennais.org\/wp-content\/uploads\/2022\/03\/Andre-Gousse-face-aux-6emes-1024x768.jpg\" \/>\n<meta name=\"author\" content=\"Michel Tanguy\" \/>\n<meta name=\"twitter:card\" content=\"summary_large_image\" \/>\n<meta name=\"twitter:label1\" content=\"Escrito por\" \/>\n\t<meta name=\"twitter:data1\" content=\"Michel Tanguy\" \/>\n\t<meta name=\"twitter:label2\" content=\"Tiempo de lectura\" \/>\n\t<meta name=\"twitter:data2\" content=\"2 minutos\" \/>\n<script type=\"application\/ld+json\" class=\"yoast-schema-graph\">{\"@context\":\"https:\\\/\\\/schema.org\",\"@graph\":[{\"@type\":\"Article\",\"@id\":\"https:\\\/\\\/www.lamennais.org\\\/initiative-1-000-jeunes-du-college-ste-marie-de-vitre-france-decouvrent-jean-marie-de-la-mennais\\\/#article\",\"isPartOf\":{\"@id\":\"https:\\\/\\\/www.lamennais.org\\\/initiative-1-000-jeunes-du-college-ste-marie-de-vitre-france-decouvrent-jean-marie-de-la-mennais\\\/\"},\"author\":{\"name\":\"Michel Tanguy\",\"@id\":\"https:\\\/\\\/www.lamennais.org\\\/#\\\/schema\\\/person\\\/a984c67fd812bf8e53c43f4cef0c9d68\"},\"headline\":\"INITIATIVE. 1\u00a0000 jeunes du Coll\u00e8ge Ste-Marie de Vitr\u00e9 &#8211; France &#8211; d\u00e9couvrent Jean-Marie de la Mennais\",\"datePublished\":\"2022-03-01T08:55:32+00:00\",\"dateModified\":\"2022-03-01T08:55:34+00:00\",\"mainEntityOfPage\":{\"@id\":\"https:\\\/\\\/www.lamennais.org\\\/initiative-1-000-jeunes-du-college-ste-marie-de-vitre-france-decouvrent-jean-marie-de-la-mennais\\\/\"},\"wordCount\":397,\"image\":{\"@id\":\"https:\\\/\\\/www.lamennais.org\\\/initiative-1-000-jeunes-du-college-ste-marie-de-vitre-france-decouvrent-jean-marie-de-la-mennais\\\/#primaryimage\"},\"thumbnailUrl\":\"https:\\\/\\\/www.lamennais.org\\\/wp-content\\\/uploads\\\/2022\\\/03\\\/Andre-Gousse-face-aux-6emes-1024x768.jpg\",\"articleSection\":[\"NOUVELLES\"],\"inLanguage\":\"es\"},{\"@type\":\"WebPage\",\"@id\":\"https:\\\/\\\/www.lamennais.org\\\/initiative-1-000-jeunes-du-college-ste-marie-de-vitre-france-decouvrent-jean-marie-de-la-mennais\\\/\",\"url\":\"https:\\\/\\\/www.lamennais.org\\\/initiative-1-000-jeunes-du-college-ste-marie-de-vitre-france-decouvrent-jean-marie-de-la-mennais\\\/\",\"name\":\"INITIATIVE. 1\u00a0000 jeunes du Coll\u00e8ge Ste-Marie de Vitr\u00e9 - France - d\u00e9couvrent Jean-Marie de la Mennais - LaMennais.org\",\"isPartOf\":{\"@id\":\"https:\\\/\\\/www.lamennais.org\\\/#website\"},\"primaryImageOfPage\":{\"@id\":\"https:\\\/\\\/www.lamennais.org\\\/initiative-1-000-jeunes-du-college-ste-marie-de-vitre-france-decouvrent-jean-marie-de-la-mennais\\\/#primaryimage\"},\"image\":{\"@id\":\"https:\\\/\\\/www.lamennais.org\\\/initiative-1-000-jeunes-du-college-ste-marie-de-vitre-france-decouvrent-jean-marie-de-la-mennais\\\/#primaryimage\"},\"thumbnailUrl\":\"https:\\\/\\\/www.lamennais.org\\\/wp-content\\\/uploads\\\/2022\\\/03\\\/Andre-Gousse-face-aux-6emes-1024x768.jpg\",\"datePublished\":\"2022-03-01T08:55:32+00:00\",\"dateModified\":\"2022-03-01T08:55:34+00:00\",\"author\":{\"@id\":\"https:\\\/\\\/www.lamennais.org\\\/#\\\/schema\\\/person\\\/a984c67fd812bf8e53c43f4cef0c9d68\"},\"breadcrumb\":{\"@id\":\"https:\\\/\\\/www.lamennais.org\\\/initiative-1-000-jeunes-du-college-ste-marie-de-vitre-france-decouvrent-jean-marie-de-la-mennais\\\/#breadcrumb\"},\"inLanguage\":\"es\",\"potentialAction\":[{\"@type\":\"ReadAction\",\"target\":[\"https:\\\/\\\/www.lamennais.org\\\/initiative-1-000-jeunes-du-college-ste-marie-de-vitre-france-decouvrent-jean-marie-de-la-mennais\\\/\"]}]},{\"@type\":\"ImageObject\",\"inLanguage\":\"es\",\"@id\":\"https:\\\/\\\/www.lamennais.org\\\/initiative-1-000-jeunes-du-college-ste-marie-de-vitre-france-decouvrent-jean-marie-de-la-mennais\\\/#primaryimage\",\"url\":\"https:\\\/\\\/www.lamennais.org\\\/wp-content\\\/uploads\\\/2022\\\/03\\\/Andre-Gousse-face-aux-6emes-1024x768.jpg\",\"contentUrl\":\"https:\\\/\\\/www.lamennais.org\\\/wp-content\\\/uploads\\\/2022\\\/03\\\/Andre-Gousse-face-aux-6emes-1024x768.jpg\"},{\"@type\":\"BreadcrumbList\",\"@id\":\"https:\\\/\\\/www.lamennais.org\\\/initiative-1-000-jeunes-du-college-ste-marie-de-vitre-france-decouvrent-jean-marie-de-la-mennais\\\/#breadcrumb\",\"itemListElement\":[{\"@type\":\"ListItem\",\"position\":1,\"name\":\"Accueil\",\"item\":\"https:\\\/\\\/www.lamennais.org\\\/\"},{\"@type\":\"ListItem\",\"position\":2,\"name\":\"INITIATIVE. 1\u00a0000 jeunes du Coll\u00e8ge Ste-Marie de Vitr\u00e9 &#8211; France &#8211; d\u00e9couvrent Jean-Marie de la Mennais\"}]},{\"@type\":\"WebSite\",\"@id\":\"https:\\\/\\\/www.lamennais.org\\\/#website\",\"url\":\"https:\\\/\\\/www.lamennais.org\\\/\",\"name\":\"LaMennais.org\",\"description\":\"Fr\u00e8res de l&#039;Instruction Chr\u00e9tienne et Famille Mennaisienne\",\"potentialAction\":[{\"@type\":\"SearchAction\",\"target\":{\"@type\":\"EntryPoint\",\"urlTemplate\":\"https:\\\/\\\/www.lamennais.org\\\/?s={search_term_string}\"},\"query-input\":{\"@type\":\"PropertyValueSpecification\",\"valueRequired\":true,\"valueName\":\"search_term_string\"}}],\"inLanguage\":\"es\"},{\"@type\":\"Person\",\"@id\":\"https:\\\/\\\/www.lamennais.org\\\/#\\\/schema\\\/person\\\/a984c67fd812bf8e53c43f4cef0c9d68\",\"name\":\"Michel Tanguy\",\"image\":{\"@type\":\"ImageObject\",\"inLanguage\":\"es\",\"@id\":\"https:\\\/\\\/secure.gravatar.com\\\/avatar\\\/b3c956df0bca17cf8df0d005d644d556411ad2a66155e4ee1a51c72e4df4d512?s=96&d=mm&r=g\",\"url\":\"https:\\\/\\\/secure.gravatar.com\\\/avatar\\\/b3c956df0bca17cf8df0d005d644d556411ad2a66155e4ee1a51c72e4df4d512?s=96&d=mm&r=g\",\"contentUrl\":\"https:\\\/\\\/secure.gravatar.com\\\/avatar\\\/b3c956df0bca17cf8df0d005d644d556411ad2a66155e4ee1a51c72e4df4d512?s=96&d=mm&r=g\",\"caption\":\"Michel Tanguy\"}}]}<\/script>\n<!-- \/ Yoast SEO plugin. -->","yoast_head_json":{"title":"INITIATIVE. 1\u00a0000 jeunes du Coll\u00e8ge Ste-Marie de Vitr\u00e9 - France - d\u00e9couvrent Jean-Marie de la Mennais - LaMennais.org","robots":{"index":"index","follow":"follow","max-snippet":"max-snippet:-1","max-image-preview":"max-image-preview:large","max-video-preview":"max-video-preview:-1"},"canonical":"https:\/\/www.lamennais.org\/initiative-1-000-jeunes-du-college-ste-marie-de-vitre-france-decouvrent-jean-marie-de-la-mennais\/","og_locale":"es_ES","og_type":"article","og_title":"INITIATIVE. 1\u00a0000 jeunes du Coll\u00e8ge Ste-Marie de Vitr\u00e9 - France - d\u00e9couvrent Jean-Marie de la Mennais - LaMennais.org","og_description":"D\u00e9marche originale au Coll\u00e8ge Ste Marie de Vitr\u00e9, France, le 1er f\u00e9vrier dernier. Les 1 000 jeunes de 12 \u00e0 15 ans sont partis \u00e0 la rencontre de Jean-Marie de la Mennais au fil de cette journ\u00e9e initi\u00e9e par Corentin OGIER, animateur en pastorale au sein de l\u2019\u00e9tablissement dirig\u00e9 par Joseph FAUCHOUX. Les plus jeunes [&hellip;]","og_url":"https:\/\/www.lamennais.org\/initiative-1-000-jeunes-du-college-ste-marie-de-vitre-france-decouvrent-jean-marie-de-la-mennais\/","og_site_name":"LaMennais.org","article_published_time":"2022-03-01T08:55:32+00:00","article_modified_time":"2022-03-01T08:55:34+00:00","og_image":[{"url":"https:\/\/www.lamennais.org\/wp-content\/uploads\/2022\/03\/Andre-Gousse-face-aux-6emes-1024x768.jpg","type":"","width":"","height":""}],"author":"Michel Tanguy","twitter_card":"summary_large_image","twitter_misc":{"Escrito por":"Michel Tanguy","Tiempo de lectura":"2 minutos"},"schema":{"@context":"https:\/\/schema.org","@graph":[{"@type":"Article","@id":"https:\/\/www.lamennais.org\/initiative-1-000-jeunes-du-college-ste-marie-de-vitre-france-decouvrent-jean-marie-de-la-mennais\/#article","isPartOf":{"@id":"https:\/\/www.lamennais.org\/initiative-1-000-jeunes-du-college-ste-marie-de-vitre-france-decouvrent-jean-marie-de-la-mennais\/"},"author":{"name":"Michel Tanguy","@id":"https:\/\/www.lamennais.org\/#\/schema\/person\/a984c67fd812bf8e53c43f4cef0c9d68"},"headline":"INITIATIVE. 1\u00a0000 jeunes du Coll\u00e8ge Ste-Marie de Vitr\u00e9 &#8211; France &#8211; d\u00e9couvrent Jean-Marie de la Mennais","datePublished":"2022-03-01T08:55:32+00:00","dateModified":"2022-03-01T08:55:34+00:00","mainEntityOfPage":{"@id":"https:\/\/www.lamennais.org\/initiative-1-000-jeunes-du-college-ste-marie-de-vitre-france-decouvrent-jean-marie-de-la-mennais\/"},"wordCount":397,"image":{"@id":"https:\/\/www.lamennais.org\/initiative-1-000-jeunes-du-college-ste-marie-de-vitre-france-decouvrent-jean-marie-de-la-mennais\/#primaryimage"},"thumbnailUrl":"https:\/\/www.lamennais.org\/wp-content\/uploads\/2022\/03\/Andre-Gousse-face-aux-6emes-1024x768.jpg","articleSection":["NOUVELLES"],"inLanguage":"es"},{"@type":"WebPage","@id":"https:\/\/www.lamennais.org\/initiative-1-000-jeunes-du-college-ste-marie-de-vitre-france-decouvrent-jean-marie-de-la-mennais\/","url":"https:\/\/www.lamennais.org\/initiative-1-000-jeunes-du-college-ste-marie-de-vitre-france-decouvrent-jean-marie-de-la-mennais\/","name":"INITIATIVE. 1\u00a0000 jeunes du Coll\u00e8ge Ste-Marie de Vitr\u00e9 - France - d\u00e9couvrent Jean-Marie de la Mennais - LaMennais.org","isPartOf":{"@id":"https:\/\/www.lamennais.org\/#website"},"primaryImageOfPage":{"@id":"https:\/\/www.lamennais.org\/initiative-1-000-jeunes-du-college-ste-marie-de-vitre-france-decouvrent-jean-marie-de-la-mennais\/#primaryimage"},"image":{"@id":"https:\/\/www.lamennais.org\/initiative-1-000-jeunes-du-college-ste-marie-de-vitre-france-decouvrent-jean-marie-de-la-mennais\/#primaryimage"},"thumbnailUrl":"https:\/\/www.lamennais.org\/wp-content\/uploads\/2022\/03\/Andre-Gousse-face-aux-6emes-1024x768.jpg","datePublished":"2022-03-01T08:55:32+00:00","dateModified":"2022-03-01T08:55:34+00:00","author":{"@id":"https:\/\/www.lamennais.org\/#\/schema\/person\/a984c67fd812bf8e53c43f4cef0c9d68"},"breadcrumb":{"@id":"https:\/\/www.lamennais.org\/initiative-1-000-jeunes-du-college-ste-marie-de-vitre-france-decouvrent-jean-marie-de-la-mennais\/#breadcrumb"},"inLanguage":"es","potentialAction":[{"@type":"ReadAction","target":["https:\/\/www.lamennais.org\/initiative-1-000-jeunes-du-college-ste-marie-de-vitre-france-decouvrent-jean-marie-de-la-mennais\/"]}]},{"@type":"ImageObject","inLanguage":"es","@id":"https:\/\/www.lamennais.org\/initiative-1-000-jeunes-du-college-ste-marie-de-vitre-france-decouvrent-jean-marie-de-la-mennais\/#primaryimage","url":"https:\/\/www.lamennais.org\/wp-content\/uploads\/2022\/03\/Andre-Gousse-face-aux-6emes-1024x768.jpg","contentUrl":"https:\/\/www.lamennais.org\/wp-content\/uploads\/2022\/03\/Andre-Gousse-face-aux-6emes-1024x768.jpg"},{"@type":"BreadcrumbList","@id":"https:\/\/www.lamennais.org\/initiative-1-000-jeunes-du-college-ste-marie-de-vitre-france-decouvrent-jean-marie-de-la-mennais\/#breadcrumb","itemListElement":[{"@type":"ListItem","position":1,"name":"Accueil","item":"https:\/\/www.lamennais.org\/"},{"@type":"ListItem","position":2,"name":"INITIATIVE. 1\u00a0000 jeunes du Coll\u00e8ge Ste-Marie de Vitr\u00e9 &#8211; France &#8211; d\u00e9couvrent Jean-Marie de la Mennais"}]},{"@type":"WebSite","@id":"https:\/\/www.lamennais.org\/#website","url":"https:\/\/www.lamennais.org\/","name":"LaMennais.org","description":"Fr\u00e8res de l&#039;Instruction Chr\u00e9tienne et Famille Mennaisienne","potentialAction":[{"@type":"SearchAction","target":{"@type":"EntryPoint","urlTemplate":"https:\/\/www.lamennais.org\/?s={search_term_string}"},"query-input":{"@type":"PropertyValueSpecification","valueRequired":true,"valueName":"search_term_string"}}],"inLanguage":"es"},{"@type":"Person","@id":"https:\/\/www.lamennais.org\/#\/schema\/person\/a984c67fd812bf8e53c43f4cef0c9d68","name":"Michel Tanguy","image":{"@type":"ImageObject","inLanguage":"es","@id":"https:\/\/secure.gravatar.com\/avatar\/b3c956df0bca17cf8df0d005d644d556411ad2a66155e4ee1a51c72e4df4d512?s=96&d=mm&r=g","url":"https:\/\/secure.gravatar.com\/avatar\/b3c956df0bca17cf8df0d005d644d556411ad2a66155e4ee1a51c72e4df4d512?s=96&d=mm&r=g","contentUrl":"https:\/\/secure.gravatar.com\/avatar\/b3c956df0bca17cf8df0d005d644d556411ad2a66155e4ee1a51c72e4df4d512?s=96&d=mm&r=g","caption":"Michel Tanguy"}}]}},"_links":{"self":[{"href":"https:\/\/www.lamennais.org\/es\/wp-json\/wp\/v2\/posts\/33335","targetHints":{"allow":["GET"]}}],"collection":[{"href":"https:\/\/www.lamennais.org\/es\/wp-json\/wp\/v2\/posts"}],"about":[{"href":"https:\/\/www.lamennais.org\/es\/wp-json\/wp\/v2\/types\/post"}],"author":[{"embeddable":true,"href":"https:\/\/www.lamennais.org\/es\/wp-json\/wp\/v2\/users\/4"}],"replies":[{"embeddable":true,"href":"https:\/\/www.lamennais.org\/es\/wp-json\/wp\/v2\/comments?post=33335"}],"version-history":[{"count":1,"href":"https:\/\/www.lamennais.org\/es\/wp-json\/wp\/v2\/posts\/33335\/revisions"}],"predecessor-version":[{"id":33363,"href":"https:\/\/www.lamennais.org\/es\/wp-json\/wp\/v2\/posts\/33335\/revisions\/33363"}],"wp:attachment":[{"href":"https:\/\/www.lamennais.org\/es\/wp-json\/wp\/v2\/media?parent=33335"}],"wp:term":[{"taxonomy":"category","embeddable":true,"href":"https:\/\/www.lamennais.org\/es\/wp-json\/wp\/v2\/categories?post=33335"},{"taxonomy":"post_tag","embeddable":true,"href":"https:\/\/www.lamennais.org\/es\/wp-json\/wp\/v2\/tags?post=33335"}],"curies":[{"name":"wp","href":"https:\/\/api.w.org\/{rel}","templated":true}]}}