{"id":33128,"date":"2022-01-26T11:01:14","date_gmt":"2022-01-26T10:01:14","guid":{"rendered":"https:\/\/www.lamennais.org\/?p=33128"},"modified":"2022-01-27T10:52:38","modified_gmt":"2022-01-27T09:52:38","slug":"dolbeau-mistassini-quebec-despues-de-90-anos-de-presencia-los-hermanos-se-marcharon-pero-la-presencia-menesiana-continua","status":"publish","type":"post","link":"https:\/\/www.lamennais.org\/es\/dolbeau-mistassini-quebec-despues-de-90-anos-de-presencia-los-hermanos-se-marcharon-pero-la-presencia-menesiana-continua\/","title":{"rendered":"DOLBEAU-MISTASSINI, Quebec. Despu\u00e9s de 90 a\u00f1os de presencia, los Hermanos se marcharon, pero la presencia menesiana contin\u00faa."},"content":{"rendered":"<p><strong>\u00ab\u00a1Un futuro todav\u00eda lleno de vida, de sorpresas y de alegr\u00eda! \u00bb Bajo este signo expresado por el Hno. Mario Houle, Provincial, los Hermanos y Laicos Menesianos de la Provincia Juan de la Mennais -Canad\u00e1-USA-M\u00e9jico \u2013 han colocado la nueva p\u00e1gina recorrida este verano de 2021 en Dolbeau-Mistassini, Quebec. Despu\u00e9s de 90 a\u00f1os de compromisos in situ en colegios, centros educativos, casas de formaci\u00f3n, campamentos y actividades deportivas, los Hermanos se han ido.<br \/>Sin embargo, la historia est\u00e1 lejos de haberse terminado al norte del lago San Juan, prosigue el Hno. Mario, ya que un grupo muy din\u00e1mico y creativo de laicos menesianos sigue manteniendo el carisma, lo viven y lo hacen fructificar. Gracias, hermanas y hermanos, por estar \u00a0abiertos a la acci\u00f3n sorprendente del Esp\u00edritu. Y gracias a aquellos y \u00a0aquellas que siguen llevando el Campamento Servicio Juvenil con sus prioridades. \u00bb<\/strong><\/p>\n<p>Se trata de lo siguiente:<br \/><strong>El Colegio St Tharcicius, <\/strong>nombre del primer Hermano en la regi\u00f3n de Saguenay &#8211; Lac Saint-Jean desde 1930, y despu\u00e9s <strong>la obra de los parques infantiles -OTJ<\/strong> que propone actividades deportivas y de ocio-,<br \/><strong>la casa y el Juniorado San Juan<\/strong> hasta 2016 \u2013 se trata de una propiedad que alberga una sencilla granja que los Hermanos han transformado con muchos edificios y plantaciones de \u00e1rboles -,<\/p>\n<div id=\"attachment_33091\" style=\"width: 870px\" class=\"wp-caption alignnone\"><img fetchpriority=\"high\" decoding=\"async\" aria-describedby=\"caption-attachment-33091\" class=\"size-large wp-image-33093\" src=\"https:\/\/www.lamennais.org\/wp-content\/uploads\/2022\/01\/P6084348-1024x681.jpg\" alt=\"\" width=\"860\" height=\"572\" srcset=\"https:\/\/www.lamennais.org\/wp-content\/uploads\/2022\/01\/P6084348-1024x681.jpg 1024w, https:\/\/www.lamennais.org\/wp-content\/uploads\/2022\/01\/P6084348-300x199.jpg 300w, https:\/\/www.lamennais.org\/wp-content\/uploads\/2022\/01\/P6084348-768x511.jpg 768w, https:\/\/www.lamennais.org\/wp-content\/uploads\/2022\/01\/P6084348-260x173.jpg 260w, https:\/\/www.lamennais.org\/wp-content\/uploads\/2022\/01\/P6084348-1200x800.jpg 1200w, https:\/\/www.lamennais.org\/wp-content\/uploads\/2022\/01\/P6084348.jpg 1450w\" sizes=\"(max-width: 860px) 100vw, 860px\" \/><p id=\"caption-attachment-33091\" class=\"wp-caption-text\"><em>Vista general de la Casa y del Juniorado San Juan <\/em><\/p><\/div>\n<div id=\"attachment_33097\" style=\"width: 870px\" class=\"wp-caption alignnone\"><img decoding=\"async\" aria-describedby=\"caption-attachment-33097\" class=\"size-large wp-image-33099\" src=\"https:\/\/www.lamennais.org\/wp-content\/uploads\/2022\/01\/P9247746-1024x768.jpg\" alt=\"\" width=\"860\" height=\"645\" srcset=\"https:\/\/www.lamennais.org\/wp-content\/uploads\/2022\/01\/P9247746-1024x768.jpg 1024w, https:\/\/www.lamennais.org\/wp-content\/uploads\/2022\/01\/P9247746-300x225.jpg 300w, https:\/\/www.lamennais.org\/wp-content\/uploads\/2022\/01\/P9247746-768x576.jpg 768w, https:\/\/www.lamennais.org\/wp-content\/uploads\/2022\/01\/P9247746-1536x1152.jpg 1536w, https:\/\/www.lamennais.org\/wp-content\/uploads\/2022\/01\/P9247746-2048x1536.jpg 2048w, https:\/\/www.lamennais.org\/wp-content\/uploads\/2022\/01\/P9247746-260x195.jpg 260w\" sizes=\"(max-width: 860px) 100vw, 860px\" \/><p id=\"caption-attachment-33097\" class=\"wp-caption-text\"><em>Fachada del edificio<\/em><\/p><\/div>\n<div id=\"attachment_33082\" style=\"width: 870px\" class=\"wp-caption alignnone\"><img decoding=\"async\" aria-describedby=\"caption-attachment-33082\" class=\"wp-image-33084 size-large\" src=\"https:\/\/www.lamennais.org\/wp-content\/uploads\/2022\/01\/2011-1024x768.jpg\" alt=\"\" width=\"860\" height=\"645\" srcset=\"https:\/\/www.lamennais.org\/wp-content\/uploads\/2022\/01\/2011-1024x768.jpg 1024w, https:\/\/www.lamennais.org\/wp-content\/uploads\/2022\/01\/2011-300x225.jpg 300w, https:\/\/www.lamennais.org\/wp-content\/uploads\/2022\/01\/2011-768x576.jpg 768w, https:\/\/www.lamennais.org\/wp-content\/uploads\/2022\/01\/2011-1536x1152.jpg 1536w, https:\/\/www.lamennais.org\/wp-content\/uploads\/2022\/01\/2011-2048x1536.jpg 2048w, https:\/\/www.lamennais.org\/wp-content\/uploads\/2022\/01\/2011-260x195.jpg 260w\" sizes=\"(max-width: 860px) 100vw, 860px\" \/><p id=\"caption-attachment-33082\" class=\"wp-caption-text\"><em>J\u00f3venes escolarizados en el Juniorado en 2011.<\/em><\/p><\/div>\n<div id=\"attachment_33076\" style=\"width: 870px\" class=\"wp-caption alignnone\"><img loading=\"lazy\" decoding=\"async\" aria-describedby=\"caption-attachment-33076\" class=\"wp-image-33078 size-large\" src=\"https:\/\/www.lamennais.org\/wp-content\/uploads\/2022\/01\/7-juin-2011-1024x768.jpg\" alt=\"\" width=\"860\" height=\"645\" srcset=\"https:\/\/www.lamennais.org\/wp-content\/uploads\/2022\/01\/7-juin-2011-1024x768.jpg 1024w, https:\/\/www.lamennais.org\/wp-content\/uploads\/2022\/01\/7-juin-2011-300x225.jpg 300w, https:\/\/www.lamennais.org\/wp-content\/uploads\/2022\/01\/7-juin-2011-768x576.jpg 768w, https:\/\/www.lamennais.org\/wp-content\/uploads\/2022\/01\/7-juin-2011-1536x1152.jpg 1536w, https:\/\/www.lamennais.org\/wp-content\/uploads\/2022\/01\/7-juin-2011-2048x1536.jpg 2048w, https:\/\/www.lamennais.org\/wp-content\/uploads\/2022\/01\/7-juin-2011-260x195.jpg 260w\" sizes=\"(max-width: 860px) 100vw, 860px\" \/><p id=\"caption-attachment-33076\" class=\"wp-caption-text\"><em>La comunidad del Juniorado San Juan en junio de 2011, en compa\u00f1\u00eda del Hno. Gabriel G\u00e9linas, Provincial en esa fecha. En la primera fila, de izquierda a derecha: los HH. Maurice CARTIER, Roger GOSSELIN, Albert TREMBLAY, Marcellin PERRON y Jacques GUAY. Segunda fila, de izquierda a derecha: los HH. Charles FONTAINE, Robert LAROUCHE, Jean-Paul BOISVERT, Gabriel GELINAS y Venant PAQUETTE.<\/em><\/p><\/div>\n<p><strong>El Colegio de Secundaria Jean-Dolbeau,<\/strong><br \/>sin olvidar el <strong>Campamento de Servicio a la Juventud<\/strong> &#8211; situado en un chalet que recibe encuentros de crecimiento personal para j\u00f3venes y de formaci\u00f3n para adultos \u2013 animado por el Hno. Marcellin Perron \u00a1 desde hace 50 a\u00f1os!<\/p>\n<div id=\"attachment_33079\" style=\"width: 870px\" class=\"wp-caption alignnone\"><img loading=\"lazy\" decoding=\"async\" aria-describedby=\"caption-attachment-33079\" class=\"size-large wp-image-33081\" src=\"https:\/\/www.lamennais.org\/wp-content\/uploads\/2022\/01\/2009-1024x768.jpg\" alt=\"\" width=\"860\" height=\"645\" srcset=\"https:\/\/www.lamennais.org\/wp-content\/uploads\/2022\/01\/2009-1024x768.jpg 1024w, https:\/\/www.lamennais.org\/wp-content\/uploads\/2022\/01\/2009-300x225.jpg 300w, https:\/\/www.lamennais.org\/wp-content\/uploads\/2022\/01\/2009-768x576.jpg 768w, https:\/\/www.lamennais.org\/wp-content\/uploads\/2022\/01\/2009-1536x1152.jpg 1536w, https:\/\/www.lamennais.org\/wp-content\/uploads\/2022\/01\/2009-2048x1536.jpg 2048w, https:\/\/www.lamennais.org\/wp-content\/uploads\/2022\/01\/2009-260x195.jpg 260w\" sizes=\"(max-width: 860px) 100vw, 860px\" \/><p id=\"caption-attachment-33079\" class=\"wp-caption-text\"><em>Uno de los muchos encuentros de crecimiento personal. Aqu\u00ed en 2009 , el Hno. Marcellin Perron est\u00e1 a la izquierda.<\/em><\/p><\/div>\n<p><strong>Y podr\u00edamos citar otras muchas iniciativas.<\/strong><br \/><br \/><strong><u>Todo esto viene descrito en el documento que se puede leer aqu\u00ed :<\/u><\/strong><strong>\u00a0<\/strong> <a href=\"https:\/\/www.lamennais.org\/wp-content\/uploads\/2022\/01\/Les-Freres-a-Dolbeau-90-ans.pdf\">Les Fr\u00e8res \u00e0 Dolbeau &#8211; 90 ans<\/a><\/p>\n<p><u>realizado a partir de un trabajo del Sr. Fran\u00e7ois Boutin, archivero de la Provincia.<\/u><\/p>\n<div id=\"attachment_33088\" style=\"width: 272px\" class=\"wp-caption alignnone\"><img loading=\"lazy\" decoding=\"async\" aria-describedby=\"caption-attachment-33088\" class=\"wp-image-33090 size-medium\" src=\"https:\/\/www.lamennais.org\/wp-content\/uploads\/2022\/01\/MARCIL-Noel-262x300.jpg\" alt=\"\" width=\"262\" height=\"300\" srcset=\"https:\/\/www.lamennais.org\/wp-content\/uploads\/2022\/01\/MARCIL-Noel-262x300.jpg 262w, https:\/\/www.lamennais.org\/wp-content\/uploads\/2022\/01\/MARCIL-Noel-260x298.jpg 260w, https:\/\/www.lamennais.org\/wp-content\/uploads\/2022\/01\/MARCIL-Noel.jpg 731w\" sizes=\"(max-width: 262px) 100vw, 262px\" \/><p id=\"caption-attachment-33088\" class=\"wp-caption-text\"><em>Hno. No\u00ebl Marcil<\/em><\/p><\/div>\n<p>Desde el verano pasado, el <strong>Hno. No\u00ebl Marcil<\/strong> se ha unido a la comunidad de la Casa Madre de La Prairie, donde aprende a descubrir y a domesticar este medio y a conocer a los nuevos Hermanos de todas partes que se han mostrado muy acogedores y abiertos a su manera de actuar.<\/p>\n<div id=\"attachment_33109\" style=\"width: 293px\" class=\"wp-caption alignnone\"><img loading=\"lazy\" decoding=\"async\" aria-describedby=\"caption-attachment-33109\" class=\"size-medium wp-image-33111\" src=\"https:\/\/www.lamennais.org\/wp-content\/uploads\/2022\/01\/oct-2009-3-283x300.jpg\" alt=\"\" width=\"283\" height=\"300\" srcset=\"https:\/\/www.lamennais.org\/wp-content\/uploads\/2022\/01\/oct-2009-3-283x300.jpg 283w, https:\/\/www.lamennais.org\/wp-content\/uploads\/2022\/01\/oct-2009-3-965x1024.jpg 965w, https:\/\/www.lamennais.org\/wp-content\/uploads\/2022\/01\/oct-2009-3-768x815.jpg 768w, https:\/\/www.lamennais.org\/wp-content\/uploads\/2022\/01\/oct-2009-3-260x276.jpg 260w, https:\/\/www.lamennais.org\/wp-content\/uploads\/2022\/01\/oct-2009-3.jpg 1375w\" sizes=\"(max-width: 283px) 100vw, 283px\" \/><p id=\"caption-attachment-33109\" class=\"wp-caption-text\"><em>Hno. Marcellin Perron<\/em><\/p><\/div>\n<p><strong>El Hno. Marcellin Perron<\/strong> ha vaciado la casa de tres pisos para ir a la comunidad de Pointe-du-Lac. Es el responsable, en equipo con el Hno. Charles Gagnon y el Hno. Jean Lemay.<\/p>\n<div id=\"attachment_33112\" style=\"width: 211px\" class=\"wp-caption alignnone\"><img loading=\"lazy\" decoding=\"async\" aria-describedby=\"caption-attachment-33112\" class=\"wp-image-33114\" src=\"https:\/\/www.lamennais.org\/wp-content\/uploads\/2022\/01\/Capture-decran-2022-01-05-113522.png\" alt=\"\" width=\"201\" height=\"274\" \/><p id=\"caption-attachment-33112\" class=\"wp-caption-text\"><em>Hno. Robert Larouche<\/em><\/p><\/div>\n<p><strong>El Hno Robert Larouche hab\u00eda dejado Dolbeau-Mistassini hace m\u00e1s de un a\u00f1o para unirse a la enfermer\u00eda de La Prairie, y ahora a la Residencia De La Salle, contagiosa de serenidad y m\u00fasica. <\/strong><strong> <br \/><\/strong><\/p>\n<h2><strong>\u00a1Ahora nos toca a nosotros!<\/strong><\/h2>\n<p><strong>El equipo de Asociados de Dolbeau-Mistassini<\/strong> contin\u00faa su camino, especialmente con Jacques, Brigitte, Ga\u00e9tane, Diane, Maria, Line, Suzanne, Paul-Marcel y todos los dem\u00e1s. En el encuentro con los tres Hermanos que part\u00edan, fue la ocasi\u00f3n para decirles a ambos, asegura Paul-Marcel Crosnier, en el Bolet\u00edn de la Familia Menesiana de Canad\u00e1, Trait d&#8217;Union, lo importantes que fueron para nosotros, c\u00f3mo han transformado nuestras vidas y nuestras maneras de ser y c\u00f3mo estar\u00e1n siempre presentes en nuestros corazones y a trav\u00e9s de los asociados aqu\u00ed. Ahora nos toca \u00a0a nosotros continuar la obra de Juan Mar\u00eda de la Mennais, a la que nos han preparado tan bien. \u00bb<br \/><br \/><em>Informaci\u00f3n dada por el Hno. Mario Houle y agradecimiento a Fran\u00e7ois Boutin, archivero de la Provincia, por la documentaci\u00f3n sobre la historia de los Hermanos en Dolbeau-Mistassini.<\/em><\/p>\n\n\n<p><\/p>\n","protected":false},"excerpt":{"rendered":"<p>\u00ab\u00a1Un futuro todav\u00eda lleno de vida, de sorpresas y de alegr\u00eda! \u00bb Bajo este signo expresado por el Hno. Mario Houle, Provincial, los Hermanos y Laicos Menesianos de la Provincia Juan de la Mennais -Canad\u00e1-USA-M\u00e9jico \u2013 han colocado la nueva p\u00e1gina recorrida este verano de 2021 en Dolbeau-Mistassini, Quebec. Despu\u00e9s de 90 a\u00f1os de compromisos [&hellip;]<\/p>\n","protected":false},"author":3,"featured_media":33096,"comment_status":"closed","ping_status":"closed","sticky":false,"template":"","format":"standard","meta":{"footnotes":""},"categories":[105],"tags":[],"class_list":["post-33128","post","type-post","status-publish","format-standard","has-post-thumbnail","hentry","category-noticias"],"yoast_head":"<!-- This site is optimized with the Yoast SEO plugin v27.5 - https:\/\/yoast.com\/product\/yoast-seo-wordpress\/ -->\n<title>DOLBEAU-MISTASSINI, Quebec. Despu\u00e9s de 90 a\u00f1os de presencia, los Hermanos se marcharon, pero la presencia menesiana contin\u00faa. - LaMennais.org<\/title>\n<meta name=\"robots\" content=\"index, follow, max-snippet:-1, max-image-preview:large, max-video-preview:-1\" \/>\n<link rel=\"canonical\" href=\"https:\/\/www.lamennais.org\/dolbeau-mistassini-quebec-despues-de-90-anos-de-presencia-los-hermanos-se-marcharon-pero-la-presencia-menesiana-continua\/?lang=es\" \/>\n<meta property=\"og:locale\" content=\"es_ES\" \/>\n<meta property=\"og:type\" content=\"article\" \/>\n<meta property=\"og:title\" content=\"DOLBEAU-MISTASSINI, Quebec. Despu\u00e9s de 90 a\u00f1os de presencia, los Hermanos se marcharon, pero la presencia menesiana contin\u00faa. - LaMennais.org\" \/>\n<meta property=\"og:description\" content=\"\u00ab\u00a1Un futuro todav\u00eda lleno de vida, de sorpresas y de alegr\u00eda! \u00bb Bajo este signo expresado por el Hno. Mario Houle, Provincial, los Hermanos y Laicos Menesianos de la Provincia Juan de la Mennais -Canad\u00e1-USA-M\u00e9jico \u2013 han colocado la nueva p\u00e1gina recorrida este verano de 2021 en Dolbeau-Mistassini, Quebec. Despu\u00e9s de 90 a\u00f1os de compromisos [&hellip;]\" \/>\n<meta property=\"og:url\" content=\"https:\/\/www.lamennais.org\/dolbeau-mistassini-quebec-despues-de-90-anos-de-presencia-los-hermanos-se-marcharon-pero-la-presencia-menesiana-continua\/?lang=es\" \/>\n<meta property=\"og:site_name\" content=\"LaMennais.org\" \/>\n<meta property=\"article:published_time\" content=\"2022-01-26T10:01:14+00:00\" \/>\n<meta property=\"article:modified_time\" content=\"2022-01-27T09:52:38+00:00\" \/>\n<meta property=\"og:image\" content=\"https:\/\/www.lamennais.org\/wp-content\/uploads\/2022\/01\/P9247643-scaled-e1643191640105.jpg\" \/>\n\t<meta property=\"og:image:width\" content=\"2560\" \/>\n\t<meta property=\"og:image:height\" content=\"1664\" \/>\n\t<meta property=\"og:image:type\" content=\"image\/jpeg\" \/>\n<meta name=\"author\" content=\"Herv\u00e9 Asse\" \/>\n<meta name=\"twitter:card\" content=\"summary_large_image\" \/>\n<meta name=\"twitter:label1\" content=\"Escrito por\" \/>\n\t<meta name=\"twitter:data1\" content=\"Herv\u00e9 Asse\" \/>\n\t<meta name=\"twitter:label2\" content=\"Tiempo de lectura\" \/>\n\t<meta name=\"twitter:data2\" content=\"5 minutos\" \/>\n<script type=\"application\/ld+json\" class=\"yoast-schema-graph\">{\"@context\":\"https:\\\/\\\/schema.org\",\"@graph\":[{\"@type\":\"Article\",\"@id\":\"https:\\\/\\\/www.lamennais.org\\\/dolbeau-mistassini-quebec-despues-de-90-anos-de-presencia-los-hermanos-se-marcharon-pero-la-presencia-menesiana-continua\\\/?lang=es#article\",\"isPartOf\":{\"@id\":\"https:\\\/\\\/www.lamennais.org\\\/dolbeau-mistassini-quebec-despues-de-90-anos-de-presencia-los-hermanos-se-marcharon-pero-la-presencia-menesiana-continua\\\/?lang=es\"},\"author\":{\"name\":\"Herv\u00e9 Asse\",\"@id\":\"https:\\\/\\\/www.lamennais.org\\\/#\\\/schema\\\/person\\\/2a8d6e8a95babedd5ba1c43afd2e3844\"},\"headline\":\"DOLBEAU-MISTASSINI, Quebec. Despu\u00e9s de 90 a\u00f1os de presencia, los Hermanos se marcharon, pero la presencia menesiana contin\u00faa.\",\"datePublished\":\"2022-01-26T10:01:14+00:00\",\"dateModified\":\"2022-01-27T09:52:38+00:00\",\"mainEntityOfPage\":{\"@id\":\"https:\\\/\\\/www.lamennais.org\\\/dolbeau-mistassini-quebec-despues-de-90-anos-de-presencia-los-hermanos-se-marcharon-pero-la-presencia-menesiana-continua\\\/?lang=es\"},\"wordCount\":766,\"image\":{\"@id\":\"https:\\\/\\\/www.lamennais.org\\\/dolbeau-mistassini-quebec-despues-de-90-anos-de-presencia-los-hermanos-se-marcharon-pero-la-presencia-menesiana-continua\\\/?lang=es#primaryimage\"},\"thumbnailUrl\":\"https:\\\/\\\/www.lamennais.org\\\/wp-content\\\/uploads\\\/2022\\\/01\\\/P9247643-scaled-e1643191640105.jpg\",\"articleSection\":[\"NOTICIAS\"],\"inLanguage\":\"es\"},{\"@type\":\"WebPage\",\"@id\":\"https:\\\/\\\/www.lamennais.org\\\/dolbeau-mistassini-quebec-despues-de-90-anos-de-presencia-los-hermanos-se-marcharon-pero-la-presencia-menesiana-continua\\\/?lang=es\",\"url\":\"https:\\\/\\\/www.lamennais.org\\\/dolbeau-mistassini-quebec-despues-de-90-anos-de-presencia-los-hermanos-se-marcharon-pero-la-presencia-menesiana-continua\\\/?lang=es\",\"name\":\"DOLBEAU-MISTASSINI, Quebec. Despu\u00e9s de 90 a\u00f1os de presencia, los Hermanos se marcharon, pero la presencia menesiana contin\u00faa. - LaMennais.org\",\"isPartOf\":{\"@id\":\"https:\\\/\\\/www.lamennais.org\\\/#website\"},\"primaryImageOfPage\":{\"@id\":\"https:\\\/\\\/www.lamennais.org\\\/dolbeau-mistassini-quebec-despues-de-90-anos-de-presencia-los-hermanos-se-marcharon-pero-la-presencia-menesiana-continua\\\/?lang=es#primaryimage\"},\"image\":{\"@id\":\"https:\\\/\\\/www.lamennais.org\\\/dolbeau-mistassini-quebec-despues-de-90-anos-de-presencia-los-hermanos-se-marcharon-pero-la-presencia-menesiana-continua\\\/?lang=es#primaryimage\"},\"thumbnailUrl\":\"https:\\\/\\\/www.lamennais.org\\\/wp-content\\\/uploads\\\/2022\\\/01\\\/P9247643-scaled-e1643191640105.jpg\",\"datePublished\":\"2022-01-26T10:01:14+00:00\",\"dateModified\":\"2022-01-27T09:52:38+00:00\",\"author\":{\"@id\":\"https:\\\/\\\/www.lamennais.org\\\/#\\\/schema\\\/person\\\/2a8d6e8a95babedd5ba1c43afd2e3844\"},\"breadcrumb\":{\"@id\":\"https:\\\/\\\/www.lamennais.org\\\/dolbeau-mistassini-quebec-despues-de-90-anos-de-presencia-los-hermanos-se-marcharon-pero-la-presencia-menesiana-continua\\\/?lang=es#breadcrumb\"},\"inLanguage\":\"es\",\"potentialAction\":[{\"@type\":\"ReadAction\",\"target\":[\"https:\\\/\\\/www.lamennais.org\\\/dolbeau-mistassini-quebec-despues-de-90-anos-de-presencia-los-hermanos-se-marcharon-pero-la-presencia-menesiana-continua\\\/?lang=es\"]}]},{\"@type\":\"ImageObject\",\"inLanguage\":\"es\",\"@id\":\"https:\\\/\\\/www.lamennais.org\\\/dolbeau-mistassini-quebec-despues-de-90-anos-de-presencia-los-hermanos-se-marcharon-pero-la-presencia-menesiana-continua\\\/?lang=es#primaryimage\",\"url\":\"https:\\\/\\\/www.lamennais.org\\\/wp-content\\\/uploads\\\/2022\\\/01\\\/P9247643-scaled-e1643191640105.jpg\",\"contentUrl\":\"https:\\\/\\\/www.lamennais.org\\\/wp-content\\\/uploads\\\/2022\\\/01\\\/P9247643-scaled-e1643191640105.jpg\",\"width\":2560,\"height\":1664,\"caption\":\"OLYMPUS DIGITAL CAMERA\"},{\"@type\":\"BreadcrumbList\",\"@id\":\"https:\\\/\\\/www.lamennais.org\\\/dolbeau-mistassini-quebec-despues-de-90-anos-de-presencia-los-hermanos-se-marcharon-pero-la-presencia-menesiana-continua\\\/?lang=es#breadcrumb\",\"itemListElement\":[{\"@type\":\"ListItem\",\"position\":1,\"name\":\"Accueil\",\"item\":\"https:\\\/\\\/www.lamennais.org\\\/\"},{\"@type\":\"ListItem\",\"position\":2,\"name\":\"DOLBEAU-MISTASSINI, Quebec. Despu\u00e9s de 90 a\u00f1os de presencia, los Hermanos se marcharon, pero la presencia menesiana contin\u00faa.\"}]},{\"@type\":\"WebSite\",\"@id\":\"https:\\\/\\\/www.lamennais.org\\\/#website\",\"url\":\"https:\\\/\\\/www.lamennais.org\\\/\",\"name\":\"LaMennais.org\",\"description\":\"Fr\u00e8res de l&#039;Instruction Chr\u00e9tienne et Famille Mennaisienne\",\"potentialAction\":[{\"@type\":\"SearchAction\",\"target\":{\"@type\":\"EntryPoint\",\"urlTemplate\":\"https:\\\/\\\/www.lamennais.org\\\/?s={search_term_string}\"},\"query-input\":{\"@type\":\"PropertyValueSpecification\",\"valueRequired\":true,\"valueName\":\"search_term_string\"}}],\"inLanguage\":\"es\"},{\"@type\":\"Person\",\"@id\":\"https:\\\/\\\/www.lamennais.org\\\/#\\\/schema\\\/person\\\/2a8d6e8a95babedd5ba1c43afd2e3844\",\"name\":\"Herv\u00e9 Asse\",\"image\":{\"@type\":\"ImageObject\",\"inLanguage\":\"es\",\"@id\":\"https:\\\/\\\/secure.gravatar.com\\\/avatar\\\/1aaa7b1baf759c8b40525f40af381cbaa2b0ddd554f57145bceb0654ba45b4c0?s=96&d=mm&r=g\",\"url\":\"https:\\\/\\\/secure.gravatar.com\\\/avatar\\\/1aaa7b1baf759c8b40525f40af381cbaa2b0ddd554f57145bceb0654ba45b4c0?s=96&d=mm&r=g\",\"contentUrl\":\"https:\\\/\\\/secure.gravatar.com\\\/avatar\\\/1aaa7b1baf759c8b40525f40af381cbaa2b0ddd554f57145bceb0654ba45b4c0?s=96&d=mm&r=g\",\"caption\":\"Herv\u00e9 Asse\"}}]}<\/script>\n<!-- \/ Yoast SEO plugin. -->","yoast_head_json":{"title":"DOLBEAU-MISTASSINI, Quebec. Despu\u00e9s de 90 a\u00f1os de presencia, los Hermanos se marcharon, pero la presencia menesiana contin\u00faa. - LaMennais.org","robots":{"index":"index","follow":"follow","max-snippet":"max-snippet:-1","max-image-preview":"max-image-preview:large","max-video-preview":"max-video-preview:-1"},"canonical":"https:\/\/www.lamennais.org\/dolbeau-mistassini-quebec-despues-de-90-anos-de-presencia-los-hermanos-se-marcharon-pero-la-presencia-menesiana-continua\/?lang=es","og_locale":"es_ES","og_type":"article","og_title":"DOLBEAU-MISTASSINI, Quebec. Despu\u00e9s de 90 a\u00f1os de presencia, los Hermanos se marcharon, pero la presencia menesiana contin\u00faa. - LaMennais.org","og_description":"\u00ab\u00a1Un futuro todav\u00eda lleno de vida, de sorpresas y de alegr\u00eda! \u00bb Bajo este signo expresado por el Hno. Mario Houle, Provincial, los Hermanos y Laicos Menesianos de la Provincia Juan de la Mennais -Canad\u00e1-USA-M\u00e9jico \u2013 han colocado la nueva p\u00e1gina recorrida este verano de 2021 en Dolbeau-Mistassini, Quebec. Despu\u00e9s de 90 a\u00f1os de compromisos [&hellip;]","og_url":"https:\/\/www.lamennais.org\/dolbeau-mistassini-quebec-despues-de-90-anos-de-presencia-los-hermanos-se-marcharon-pero-la-presencia-menesiana-continua\/?lang=es","og_site_name":"LaMennais.org","article_published_time":"2022-01-26T10:01:14+00:00","article_modified_time":"2022-01-27T09:52:38+00:00","og_image":[{"width":2560,"height":1664,"url":"https:\/\/www.lamennais.org\/wp-content\/uploads\/2022\/01\/P9247643-scaled-e1643191640105.jpg","type":"image\/jpeg"}],"author":"Herv\u00e9 Asse","twitter_card":"summary_large_image","twitter_misc":{"Escrito por":"Herv\u00e9 Asse","Tiempo de lectura":"5 minutos"},"schema":{"@context":"https:\/\/schema.org","@graph":[{"@type":"Article","@id":"https:\/\/www.lamennais.org\/dolbeau-mistassini-quebec-despues-de-90-anos-de-presencia-los-hermanos-se-marcharon-pero-la-presencia-menesiana-continua\/?lang=es#article","isPartOf":{"@id":"https:\/\/www.lamennais.org\/dolbeau-mistassini-quebec-despues-de-90-anos-de-presencia-los-hermanos-se-marcharon-pero-la-presencia-menesiana-continua\/?lang=es"},"author":{"name":"Herv\u00e9 Asse","@id":"https:\/\/www.lamennais.org\/#\/schema\/person\/2a8d6e8a95babedd5ba1c43afd2e3844"},"headline":"DOLBEAU-MISTASSINI, Quebec. Despu\u00e9s de 90 a\u00f1os de presencia, los Hermanos se marcharon, pero la presencia menesiana contin\u00faa.","datePublished":"2022-01-26T10:01:14+00:00","dateModified":"2022-01-27T09:52:38+00:00","mainEntityOfPage":{"@id":"https:\/\/www.lamennais.org\/dolbeau-mistassini-quebec-despues-de-90-anos-de-presencia-los-hermanos-se-marcharon-pero-la-presencia-menesiana-continua\/?lang=es"},"wordCount":766,"image":{"@id":"https:\/\/www.lamennais.org\/dolbeau-mistassini-quebec-despues-de-90-anos-de-presencia-los-hermanos-se-marcharon-pero-la-presencia-menesiana-continua\/?lang=es#primaryimage"},"thumbnailUrl":"https:\/\/www.lamennais.org\/wp-content\/uploads\/2022\/01\/P9247643-scaled-e1643191640105.jpg","articleSection":["NOTICIAS"],"inLanguage":"es"},{"@type":"WebPage","@id":"https:\/\/www.lamennais.org\/dolbeau-mistassini-quebec-despues-de-90-anos-de-presencia-los-hermanos-se-marcharon-pero-la-presencia-menesiana-continua\/?lang=es","url":"https:\/\/www.lamennais.org\/dolbeau-mistassini-quebec-despues-de-90-anos-de-presencia-los-hermanos-se-marcharon-pero-la-presencia-menesiana-continua\/?lang=es","name":"DOLBEAU-MISTASSINI, Quebec. Despu\u00e9s de 90 a\u00f1os de presencia, los Hermanos se marcharon, pero la presencia menesiana contin\u00faa. - LaMennais.org","isPartOf":{"@id":"https:\/\/www.lamennais.org\/#website"},"primaryImageOfPage":{"@id":"https:\/\/www.lamennais.org\/dolbeau-mistassini-quebec-despues-de-90-anos-de-presencia-los-hermanos-se-marcharon-pero-la-presencia-menesiana-continua\/?lang=es#primaryimage"},"image":{"@id":"https:\/\/www.lamennais.org\/dolbeau-mistassini-quebec-despues-de-90-anos-de-presencia-los-hermanos-se-marcharon-pero-la-presencia-menesiana-continua\/?lang=es#primaryimage"},"thumbnailUrl":"https:\/\/www.lamennais.org\/wp-content\/uploads\/2022\/01\/P9247643-scaled-e1643191640105.jpg","datePublished":"2022-01-26T10:01:14+00:00","dateModified":"2022-01-27T09:52:38+00:00","author":{"@id":"https:\/\/www.lamennais.org\/#\/schema\/person\/2a8d6e8a95babedd5ba1c43afd2e3844"},"breadcrumb":{"@id":"https:\/\/www.lamennais.org\/dolbeau-mistassini-quebec-despues-de-90-anos-de-presencia-los-hermanos-se-marcharon-pero-la-presencia-menesiana-continua\/?lang=es#breadcrumb"},"inLanguage":"es","potentialAction":[{"@type":"ReadAction","target":["https:\/\/www.lamennais.org\/dolbeau-mistassini-quebec-despues-de-90-anos-de-presencia-los-hermanos-se-marcharon-pero-la-presencia-menesiana-continua\/?lang=es"]}]},{"@type":"ImageObject","inLanguage":"es","@id":"https:\/\/www.lamennais.org\/dolbeau-mistassini-quebec-despues-de-90-anos-de-presencia-los-hermanos-se-marcharon-pero-la-presencia-menesiana-continua\/?lang=es#primaryimage","url":"https:\/\/www.lamennais.org\/wp-content\/uploads\/2022\/01\/P9247643-scaled-e1643191640105.jpg","contentUrl":"https:\/\/www.lamennais.org\/wp-content\/uploads\/2022\/01\/P9247643-scaled-e1643191640105.jpg","width":2560,"height":1664,"caption":"OLYMPUS DIGITAL CAMERA"},{"@type":"BreadcrumbList","@id":"https:\/\/www.lamennais.org\/dolbeau-mistassini-quebec-despues-de-90-anos-de-presencia-los-hermanos-se-marcharon-pero-la-presencia-menesiana-continua\/?lang=es#breadcrumb","itemListElement":[{"@type":"ListItem","position":1,"name":"Accueil","item":"https:\/\/www.lamennais.org\/"},{"@type":"ListItem","position":2,"name":"DOLBEAU-MISTASSINI, Quebec. Despu\u00e9s de 90 a\u00f1os de presencia, los Hermanos se marcharon, pero la presencia menesiana contin\u00faa."}]},{"@type":"WebSite","@id":"https:\/\/www.lamennais.org\/#website","url":"https:\/\/www.lamennais.org\/","name":"LaMennais.org","description":"Fr\u00e8res de l&#039;Instruction Chr\u00e9tienne et Famille Mennaisienne","potentialAction":[{"@type":"SearchAction","target":{"@type":"EntryPoint","urlTemplate":"https:\/\/www.lamennais.org\/?s={search_term_string}"},"query-input":{"@type":"PropertyValueSpecification","valueRequired":true,"valueName":"search_term_string"}}],"inLanguage":"es"},{"@type":"Person","@id":"https:\/\/www.lamennais.org\/#\/schema\/person\/2a8d6e8a95babedd5ba1c43afd2e3844","name":"Herv\u00e9 Asse","image":{"@type":"ImageObject","inLanguage":"es","@id":"https:\/\/secure.gravatar.com\/avatar\/1aaa7b1baf759c8b40525f40af381cbaa2b0ddd554f57145bceb0654ba45b4c0?s=96&d=mm&r=g","url":"https:\/\/secure.gravatar.com\/avatar\/1aaa7b1baf759c8b40525f40af381cbaa2b0ddd554f57145bceb0654ba45b4c0?s=96&d=mm&r=g","contentUrl":"https:\/\/secure.gravatar.com\/avatar\/1aaa7b1baf759c8b40525f40af381cbaa2b0ddd554f57145bceb0654ba45b4c0?s=96&d=mm&r=g","caption":"Herv\u00e9 Asse"}}]}},"_links":{"self":[{"href":"https:\/\/www.lamennais.org\/es\/wp-json\/wp\/v2\/posts\/33128","targetHints":{"allow":["GET"]}}],"collection":[{"href":"https:\/\/www.lamennais.org\/es\/wp-json\/wp\/v2\/posts"}],"about":[{"href":"https:\/\/www.lamennais.org\/es\/wp-json\/wp\/v2\/types\/post"}],"author":[{"embeddable":true,"href":"https:\/\/www.lamennais.org\/es\/wp-json\/wp\/v2\/users\/3"}],"replies":[{"embeddable":true,"href":"https:\/\/www.lamennais.org\/es\/wp-json\/wp\/v2\/comments?post=33128"}],"version-history":[{"count":3,"href":"https:\/\/www.lamennais.org\/es\/wp-json\/wp\/v2\/posts\/33128\/revisions"}],"predecessor-version":[{"id":33132,"href":"https:\/\/www.lamennais.org\/es\/wp-json\/wp\/v2\/posts\/33128\/revisions\/33132"}],"wp:featuredmedia":[{"embeddable":true,"href":"https:\/\/www.lamennais.org\/es\/wp-json\/wp\/v2\/media\/33096"}],"wp:attachment":[{"href":"https:\/\/www.lamennais.org\/es\/wp-json\/wp\/v2\/media?parent=33128"}],"wp:term":[{"taxonomy":"category","embeddable":true,"href":"https:\/\/www.lamennais.org\/es\/wp-json\/wp\/v2\/categories?post=33128"},{"taxonomy":"post_tag","embeddable":true,"href":"https:\/\/www.lamennais.org\/es\/wp-json\/wp\/v2\/tags?post=33128"}],"curies":[{"name":"wp","href":"https:\/\/api.w.org\/{rel}","templated":true}]}}