{"id":30812,"date":"2021-06-23T15:26:00","date_gmt":"2021-06-23T13:26:00","guid":{"rendered":"https:\/\/www.lamennais.org\/?p=30812"},"modified":"2021-06-24T12:21:39","modified_gmt":"2021-06-24T10:21:39","slug":"testimonios-dos-laicos-y-dos-hermanos-comparten-lo-que-alimenta-su-vocacion-menesiana-lo-vamos-a-descubrir-en-la-nueva-carta-a-la-familia-menesiana","status":"publish","type":"post","link":"https:\/\/www.lamennais.org\/es\/testimonios-dos-laicos-y-dos-hermanos-comparten-lo-que-alimenta-su-vocacion-menesiana-lo-vamos-a-descubrir-en-la-nueva-carta-a-la-familia-menesiana\/","title":{"rendered":"TESTIMONIOS. Dos Laicos y dos Hermanos comparten lo que alimenta su vocaci\u00f3n menesiana. Lo vamos a descubrir en la nueva Carta a la Familia Menesiana."},"content":{"rendered":"<p><strong>La nueva Carta a la Familia Menesiana, dirigida por el Hermano Herv\u00e9 Zamor, Superior General, est\u00e1 dedicada a cuatro testimonios sobre la llamada a ser Laico o Hermano. Extractos. <\/strong><\/p>\n<p><strong><img decoding=\"async\" class=\"alignleft size-full wp-image-30786\" src=\"https:\/\/www.lamennais.org\/wp-content\/uploads\/2021\/06\/Chili.jpg\" alt=\"\" width=\"146\" height=\"201\" \/> <br \/><\/strong><strong>Me llamo Guillermo Gonz\u00e1lez Escobar<\/strong> y soy chileno. \u00abBuena parte de mi compromiso vocacional proviene del encuentro comunitario en la oraci\u00f3n, el trabajo compartido y el acompa\u00f1amiento entre Hermanos y Laicos en la familia menesiana\u00bb.<\/p>\n<p>\u00a0<\/p>\n<p><strong><img decoding=\"async\" class=\"alignleft size-full wp-image-30780\" src=\"https:\/\/www.lamennais.org\/wp-content\/uploads\/2021\/06\/Capture-stef.jpg\" alt=\"\" width=\"138\" height=\"190\" \/><\/strong><strong>Me llamo St\u00e9phane Le Pape<\/strong>, en Indonesia desde hace 21 a\u00f1os. Cuanto m\u00e1s avanzo en la vida m\u00e1s estoy convencido de dos aspectos esenciales: la alegr\u00eda y sobre todo la bondad. Mi testimonio se nutre esencialmente de mi relaci\u00f3n personal con Jes\u00fas. \u00bb<\/p>\n<p>\u00a0<\/p>\n<p><strong><img decoding=\"async\" class=\"alignleft  wp-image-30783\" src=\"https:\/\/www.lamennais.org\/wp-content\/uploads\/2021\/06\/Capture-Uganda.jpg\" alt=\"\" width=\"159\" height=\"179\" \/><\/strong><strong>Me llamo Hermano Julius Mandella<\/strong> y soy ugand\u00e9s. \u00ab\u00a1Vivir con los j\u00f3venes es mi pasi\u00f3n! Las relaciones fraternas que me esfuerzo por desarrollar con los j\u00f3venes, los novicios, los hermanos de mi comunidad y los colaboradores laicos me ense\u00f1an a caminar con el otro y me educan en la paciencia. Hay m\u00e1s alegr\u00eda en dar que en recibir. \u00bb<\/p>\n<p>\u00a0<\/p>\n<p><strong><img loading=\"lazy\" decoding=\"async\" class=\"alignleft size-full wp-image-30789\" src=\"https:\/\/www.lamennais.org\/wp-content\/uploads\/2021\/06\/Claire-LH.jpg\" alt=\"\" width=\"152\" height=\"193\" \/><\/strong><strong>Me llamo Claire Lehugeur<\/strong>. Soy francesa. \u00abHe aprendido a poner en los j\u00f3venes una mirada que eleva y he probado la alegr\u00eda de estar juntos y el deseo de hacer el mundo m\u00e1s hermoso \u00a0mediante la educaci\u00f3n. \u00bb<\/p>\n<p><strong>Leer aqu\u00ed : <a href=\"https:\/\/www.lamennais.org\/wp-content\/uploads\/2016\/03\/FM-24-ES.pdf\" target=\"_blank\" rel=\"noopener\">&gt;&gt;&gt;<\/a><\/strong><\/p>\n<p><strong>\u00a0<\/strong><\/p>\n\n\n<p><\/p>\n","protected":false},"excerpt":{"rendered":"<p>La nueva Carta a la Familia Menesiana, dirigida por el Hermano Herv\u00e9 Zamor, Superior General, est\u00e1 dedicada a cuatro testimonios sobre la llamada a ser Laico o Hermano. Extractos. Me llamo Guillermo Gonz\u00e1lez Escobar y soy chileno. \u00abBuena parte de mi compromiso vocacional proviene del encuentro comunitario en la oraci\u00f3n, el trabajo compartido y el [&hellip;]<\/p>\n","protected":false},"author":3,"featured_media":30813,"comment_status":"closed","ping_status":"closed","sticky":false,"template":"","format":"standard","meta":{"footnotes":""},"categories":[105],"tags":[],"class_list":["post-30812","post","type-post","status-publish","format-standard","has-post-thumbnail","hentry","category-noticias"],"yoast_head":"<!-- This site is optimized with the Yoast SEO plugin v27.4 - https:\/\/yoast.com\/product\/yoast-seo-wordpress\/ -->\n<title>TESTIMONIOS. Dos Laicos y dos Hermanos comparten lo que alimenta su vocaci\u00f3n menesiana. Lo vamos a descubrir en la nueva Carta a la Familia Menesiana. - LaMennais.org<\/title>\n<meta name=\"robots\" content=\"index, follow, max-snippet:-1, max-image-preview:large, max-video-preview:-1\" \/>\n<link rel=\"canonical\" href=\"https:\/\/www.lamennais.org\/testimonios-dos-laicos-y-dos-hermanos-comparten-lo-que-alimenta-su-vocacion-menesiana-lo-vamos-a-descubrir-en-la-nueva-carta-a-la-familia-menesiana\/?lang=es\" \/>\n<meta property=\"og:locale\" content=\"es_ES\" \/>\n<meta property=\"og:type\" content=\"article\" \/>\n<meta property=\"og:title\" content=\"TESTIMONIOS. Dos Laicos y dos Hermanos comparten lo que alimenta su vocaci\u00f3n menesiana. Lo vamos a descubrir en la nueva Carta a la Familia Menesiana. - LaMennais.org\" \/>\n<meta property=\"og:description\" content=\"La nueva Carta a la Familia Menesiana, dirigida por el Hermano Herv\u00e9 Zamor, Superior General, est\u00e1 dedicada a cuatro testimonios sobre la llamada a ser Laico o Hermano. Extractos. Me llamo Guillermo Gonz\u00e1lez Escobar y soy chileno. \u00abBuena parte de mi compromiso vocacional proviene del encuentro comunitario en la oraci\u00f3n, el trabajo compartido y el [&hellip;]\" \/>\n<meta property=\"og:url\" content=\"https:\/\/www.lamennais.org\/testimonios-dos-laicos-y-dos-hermanos-comparten-lo-que-alimenta-su-vocacion-menesiana-lo-vamos-a-descubrir-en-la-nueva-carta-a-la-familia-menesiana\/?lang=es\" \/>\n<meta property=\"og:site_name\" content=\"LaMennais.org\" \/>\n<meta property=\"article:published_time\" content=\"2021-06-23T13:26:00+00:00\" \/>\n<meta property=\"article:modified_time\" content=\"2021-06-24T10:21:39+00:00\" \/>\n<meta property=\"og:image\" content=\"https:\/\/www.lamennais.org\/wp-content\/uploads\/2021\/06\/Lettre-FM-24-esp.jpg\" \/>\n\t<meta property=\"og:image:width\" content=\"1254\" \/>\n\t<meta property=\"og:image:height\" content=\"568\" \/>\n\t<meta property=\"og:image:type\" content=\"image\/jpeg\" \/>\n<meta name=\"author\" content=\"Herv\u00e9 Asse\" \/>\n<meta name=\"twitter:card\" content=\"summary_large_image\" \/>\n<meta name=\"twitter:label1\" content=\"Escrito por\" \/>\n\t<meta name=\"twitter:data1\" content=\"Herv\u00e9 Asse\" \/>\n\t<meta name=\"twitter:label2\" content=\"Tiempo de lectura\" \/>\n\t<meta name=\"twitter:data2\" content=\"1 minuto\" \/>\n<script type=\"application\/ld+json\" class=\"yoast-schema-graph\">{\"@context\":\"https:\\\/\\\/schema.org\",\"@graph\":[{\"@type\":\"Article\",\"@id\":\"https:\\\/\\\/www.lamennais.org\\\/testimonios-dos-laicos-y-dos-hermanos-comparten-lo-que-alimenta-su-vocacion-menesiana-lo-vamos-a-descubrir-en-la-nueva-carta-a-la-familia-menesiana\\\/?lang=es#article\",\"isPartOf\":{\"@id\":\"https:\\\/\\\/www.lamennais.org\\\/testimonios-dos-laicos-y-dos-hermanos-comparten-lo-que-alimenta-su-vocacion-menesiana-lo-vamos-a-descubrir-en-la-nueva-carta-a-la-familia-menesiana\\\/?lang=es\"},\"author\":{\"name\":\"Herv\u00e9 Asse\",\"@id\":\"https:\\\/\\\/www.lamennais.org\\\/#\\\/schema\\\/person\\\/2a8d6e8a95babedd5ba1c43afd2e3844\"},\"headline\":\"TESTIMONIOS. Dos Laicos y dos Hermanos comparten lo que alimenta su vocaci\u00f3n menesiana. Lo vamos a descubrir en la nueva Carta a la Familia Menesiana.\",\"datePublished\":\"2021-06-23T13:26:00+00:00\",\"dateModified\":\"2021-06-24T10:21:39+00:00\",\"mainEntityOfPage\":{\"@id\":\"https:\\\/\\\/www.lamennais.org\\\/testimonios-dos-laicos-y-dos-hermanos-comparten-lo-que-alimenta-su-vocacion-menesiana-lo-vamos-a-descubrir-en-la-nueva-carta-a-la-familia-menesiana\\\/?lang=es\"},\"wordCount\":252,\"image\":{\"@id\":\"https:\\\/\\\/www.lamennais.org\\\/testimonios-dos-laicos-y-dos-hermanos-comparten-lo-que-alimenta-su-vocacion-menesiana-lo-vamos-a-descubrir-en-la-nueva-carta-a-la-familia-menesiana\\\/?lang=es#primaryimage\"},\"thumbnailUrl\":\"https:\\\/\\\/www.lamennais.org\\\/wp-content\\\/uploads\\\/2021\\\/06\\\/Lettre-FM-24-esp.jpg\",\"articleSection\":[\"NOTICIAS\"],\"inLanguage\":\"es\"},{\"@type\":\"WebPage\",\"@id\":\"https:\\\/\\\/www.lamennais.org\\\/testimonios-dos-laicos-y-dos-hermanos-comparten-lo-que-alimenta-su-vocacion-menesiana-lo-vamos-a-descubrir-en-la-nueva-carta-a-la-familia-menesiana\\\/?lang=es\",\"url\":\"https:\\\/\\\/www.lamennais.org\\\/testimonios-dos-laicos-y-dos-hermanos-comparten-lo-que-alimenta-su-vocacion-menesiana-lo-vamos-a-descubrir-en-la-nueva-carta-a-la-familia-menesiana\\\/?lang=es\",\"name\":\"TESTIMONIOS. Dos Laicos y dos Hermanos comparten lo que alimenta su vocaci\u00f3n menesiana. Lo vamos a descubrir en la nueva Carta a la Familia Menesiana. - LaMennais.org\",\"isPartOf\":{\"@id\":\"https:\\\/\\\/www.lamennais.org\\\/#website\"},\"primaryImageOfPage\":{\"@id\":\"https:\\\/\\\/www.lamennais.org\\\/testimonios-dos-laicos-y-dos-hermanos-comparten-lo-que-alimenta-su-vocacion-menesiana-lo-vamos-a-descubrir-en-la-nueva-carta-a-la-familia-menesiana\\\/?lang=es#primaryimage\"},\"image\":{\"@id\":\"https:\\\/\\\/www.lamennais.org\\\/testimonios-dos-laicos-y-dos-hermanos-comparten-lo-que-alimenta-su-vocacion-menesiana-lo-vamos-a-descubrir-en-la-nueva-carta-a-la-familia-menesiana\\\/?lang=es#primaryimage\"},\"thumbnailUrl\":\"https:\\\/\\\/www.lamennais.org\\\/wp-content\\\/uploads\\\/2021\\\/06\\\/Lettre-FM-24-esp.jpg\",\"datePublished\":\"2021-06-23T13:26:00+00:00\",\"dateModified\":\"2021-06-24T10:21:39+00:00\",\"author\":{\"@id\":\"https:\\\/\\\/www.lamennais.org\\\/#\\\/schema\\\/person\\\/2a8d6e8a95babedd5ba1c43afd2e3844\"},\"breadcrumb\":{\"@id\":\"https:\\\/\\\/www.lamennais.org\\\/testimonios-dos-laicos-y-dos-hermanos-comparten-lo-que-alimenta-su-vocacion-menesiana-lo-vamos-a-descubrir-en-la-nueva-carta-a-la-familia-menesiana\\\/?lang=es#breadcrumb\"},\"inLanguage\":\"es\",\"potentialAction\":[{\"@type\":\"ReadAction\",\"target\":[\"https:\\\/\\\/www.lamennais.org\\\/testimonios-dos-laicos-y-dos-hermanos-comparten-lo-que-alimenta-su-vocacion-menesiana-lo-vamos-a-descubrir-en-la-nueva-carta-a-la-familia-menesiana\\\/?lang=es\"]}]},{\"@type\":\"ImageObject\",\"inLanguage\":\"es\",\"@id\":\"https:\\\/\\\/www.lamennais.org\\\/testimonios-dos-laicos-y-dos-hermanos-comparten-lo-que-alimenta-su-vocacion-menesiana-lo-vamos-a-descubrir-en-la-nueva-carta-a-la-familia-menesiana\\\/?lang=es#primaryimage\",\"url\":\"https:\\\/\\\/www.lamennais.org\\\/wp-content\\\/uploads\\\/2021\\\/06\\\/Lettre-FM-24-esp.jpg\",\"contentUrl\":\"https:\\\/\\\/www.lamennais.org\\\/wp-content\\\/uploads\\\/2021\\\/06\\\/Lettre-FM-24-esp.jpg\",\"width\":1254,\"height\":568},{\"@type\":\"BreadcrumbList\",\"@id\":\"https:\\\/\\\/www.lamennais.org\\\/testimonios-dos-laicos-y-dos-hermanos-comparten-lo-que-alimenta-su-vocacion-menesiana-lo-vamos-a-descubrir-en-la-nueva-carta-a-la-familia-menesiana\\\/?lang=es#breadcrumb\",\"itemListElement\":[{\"@type\":\"ListItem\",\"position\":1,\"name\":\"Accueil\",\"item\":\"https:\\\/\\\/www.lamennais.org\\\/\"},{\"@type\":\"ListItem\",\"position\":2,\"name\":\"TESTIMONIOS. Dos Laicos y dos Hermanos comparten lo que alimenta su vocaci\u00f3n menesiana. Lo vamos a descubrir en la nueva Carta a la Familia Menesiana.\"}]},{\"@type\":\"WebSite\",\"@id\":\"https:\\\/\\\/www.lamennais.org\\\/#website\",\"url\":\"https:\\\/\\\/www.lamennais.org\\\/\",\"name\":\"LaMennais.org\",\"description\":\"Fr\u00e8res de l&#039;Instruction Chr\u00e9tienne et Famille Mennaisienne\",\"potentialAction\":[{\"@type\":\"SearchAction\",\"target\":{\"@type\":\"EntryPoint\",\"urlTemplate\":\"https:\\\/\\\/www.lamennais.org\\\/?s={search_term_string}\"},\"query-input\":{\"@type\":\"PropertyValueSpecification\",\"valueRequired\":true,\"valueName\":\"search_term_string\"}}],\"inLanguage\":\"es\"},{\"@type\":\"Person\",\"@id\":\"https:\\\/\\\/www.lamennais.org\\\/#\\\/schema\\\/person\\\/2a8d6e8a95babedd5ba1c43afd2e3844\",\"name\":\"Herv\u00e9 Asse\",\"image\":{\"@type\":\"ImageObject\",\"inLanguage\":\"es\",\"@id\":\"https:\\\/\\\/secure.gravatar.com\\\/avatar\\\/1aaa7b1baf759c8b40525f40af381cbaa2b0ddd554f57145bceb0654ba45b4c0?s=96&d=mm&r=g\",\"url\":\"https:\\\/\\\/secure.gravatar.com\\\/avatar\\\/1aaa7b1baf759c8b40525f40af381cbaa2b0ddd554f57145bceb0654ba45b4c0?s=96&d=mm&r=g\",\"contentUrl\":\"https:\\\/\\\/secure.gravatar.com\\\/avatar\\\/1aaa7b1baf759c8b40525f40af381cbaa2b0ddd554f57145bceb0654ba45b4c0?s=96&d=mm&r=g\",\"caption\":\"Herv\u00e9 Asse\"}}]}<\/script>\n<!-- \/ Yoast SEO plugin. -->","yoast_head_json":{"title":"TESTIMONIOS. Dos Laicos y dos Hermanos comparten lo que alimenta su vocaci\u00f3n menesiana. Lo vamos a descubrir en la nueva Carta a la Familia Menesiana. - LaMennais.org","robots":{"index":"index","follow":"follow","max-snippet":"max-snippet:-1","max-image-preview":"max-image-preview:large","max-video-preview":"max-video-preview:-1"},"canonical":"https:\/\/www.lamennais.org\/testimonios-dos-laicos-y-dos-hermanos-comparten-lo-que-alimenta-su-vocacion-menesiana-lo-vamos-a-descubrir-en-la-nueva-carta-a-la-familia-menesiana\/?lang=es","og_locale":"es_ES","og_type":"article","og_title":"TESTIMONIOS. Dos Laicos y dos Hermanos comparten lo que alimenta su vocaci\u00f3n menesiana. Lo vamos a descubrir en la nueva Carta a la Familia Menesiana. - LaMennais.org","og_description":"La nueva Carta a la Familia Menesiana, dirigida por el Hermano Herv\u00e9 Zamor, Superior General, est\u00e1 dedicada a cuatro testimonios sobre la llamada a ser Laico o Hermano. Extractos. Me llamo Guillermo Gonz\u00e1lez Escobar y soy chileno. \u00abBuena parte de mi compromiso vocacional proviene del encuentro comunitario en la oraci\u00f3n, el trabajo compartido y el [&hellip;]","og_url":"https:\/\/www.lamennais.org\/testimonios-dos-laicos-y-dos-hermanos-comparten-lo-que-alimenta-su-vocacion-menesiana-lo-vamos-a-descubrir-en-la-nueva-carta-a-la-familia-menesiana\/?lang=es","og_site_name":"LaMennais.org","article_published_time":"2021-06-23T13:26:00+00:00","article_modified_time":"2021-06-24T10:21:39+00:00","og_image":[{"width":1254,"height":568,"url":"https:\/\/www.lamennais.org\/wp-content\/uploads\/2021\/06\/Lettre-FM-24-esp.jpg","type":"image\/jpeg"}],"author":"Herv\u00e9 Asse","twitter_card":"summary_large_image","twitter_misc":{"Escrito por":"Herv\u00e9 Asse","Tiempo de lectura":"1 minuto"},"schema":{"@context":"https:\/\/schema.org","@graph":[{"@type":"Article","@id":"https:\/\/www.lamennais.org\/testimonios-dos-laicos-y-dos-hermanos-comparten-lo-que-alimenta-su-vocacion-menesiana-lo-vamos-a-descubrir-en-la-nueva-carta-a-la-familia-menesiana\/?lang=es#article","isPartOf":{"@id":"https:\/\/www.lamennais.org\/testimonios-dos-laicos-y-dos-hermanos-comparten-lo-que-alimenta-su-vocacion-menesiana-lo-vamos-a-descubrir-en-la-nueva-carta-a-la-familia-menesiana\/?lang=es"},"author":{"name":"Herv\u00e9 Asse","@id":"https:\/\/www.lamennais.org\/#\/schema\/person\/2a8d6e8a95babedd5ba1c43afd2e3844"},"headline":"TESTIMONIOS. Dos Laicos y dos Hermanos comparten lo que alimenta su vocaci\u00f3n menesiana. Lo vamos a descubrir en la nueva Carta a la Familia Menesiana.","datePublished":"2021-06-23T13:26:00+00:00","dateModified":"2021-06-24T10:21:39+00:00","mainEntityOfPage":{"@id":"https:\/\/www.lamennais.org\/testimonios-dos-laicos-y-dos-hermanos-comparten-lo-que-alimenta-su-vocacion-menesiana-lo-vamos-a-descubrir-en-la-nueva-carta-a-la-familia-menesiana\/?lang=es"},"wordCount":252,"image":{"@id":"https:\/\/www.lamennais.org\/testimonios-dos-laicos-y-dos-hermanos-comparten-lo-que-alimenta-su-vocacion-menesiana-lo-vamos-a-descubrir-en-la-nueva-carta-a-la-familia-menesiana\/?lang=es#primaryimage"},"thumbnailUrl":"https:\/\/www.lamennais.org\/wp-content\/uploads\/2021\/06\/Lettre-FM-24-esp.jpg","articleSection":["NOTICIAS"],"inLanguage":"es"},{"@type":"WebPage","@id":"https:\/\/www.lamennais.org\/testimonios-dos-laicos-y-dos-hermanos-comparten-lo-que-alimenta-su-vocacion-menesiana-lo-vamos-a-descubrir-en-la-nueva-carta-a-la-familia-menesiana\/?lang=es","url":"https:\/\/www.lamennais.org\/testimonios-dos-laicos-y-dos-hermanos-comparten-lo-que-alimenta-su-vocacion-menesiana-lo-vamos-a-descubrir-en-la-nueva-carta-a-la-familia-menesiana\/?lang=es","name":"TESTIMONIOS. Dos Laicos y dos Hermanos comparten lo que alimenta su vocaci\u00f3n menesiana. Lo vamos a descubrir en la nueva Carta a la Familia Menesiana. - LaMennais.org","isPartOf":{"@id":"https:\/\/www.lamennais.org\/#website"},"primaryImageOfPage":{"@id":"https:\/\/www.lamennais.org\/testimonios-dos-laicos-y-dos-hermanos-comparten-lo-que-alimenta-su-vocacion-menesiana-lo-vamos-a-descubrir-en-la-nueva-carta-a-la-familia-menesiana\/?lang=es#primaryimage"},"image":{"@id":"https:\/\/www.lamennais.org\/testimonios-dos-laicos-y-dos-hermanos-comparten-lo-que-alimenta-su-vocacion-menesiana-lo-vamos-a-descubrir-en-la-nueva-carta-a-la-familia-menesiana\/?lang=es#primaryimage"},"thumbnailUrl":"https:\/\/www.lamennais.org\/wp-content\/uploads\/2021\/06\/Lettre-FM-24-esp.jpg","datePublished":"2021-06-23T13:26:00+00:00","dateModified":"2021-06-24T10:21:39+00:00","author":{"@id":"https:\/\/www.lamennais.org\/#\/schema\/person\/2a8d6e8a95babedd5ba1c43afd2e3844"},"breadcrumb":{"@id":"https:\/\/www.lamennais.org\/testimonios-dos-laicos-y-dos-hermanos-comparten-lo-que-alimenta-su-vocacion-menesiana-lo-vamos-a-descubrir-en-la-nueva-carta-a-la-familia-menesiana\/?lang=es#breadcrumb"},"inLanguage":"es","potentialAction":[{"@type":"ReadAction","target":["https:\/\/www.lamennais.org\/testimonios-dos-laicos-y-dos-hermanos-comparten-lo-que-alimenta-su-vocacion-menesiana-lo-vamos-a-descubrir-en-la-nueva-carta-a-la-familia-menesiana\/?lang=es"]}]},{"@type":"ImageObject","inLanguage":"es","@id":"https:\/\/www.lamennais.org\/testimonios-dos-laicos-y-dos-hermanos-comparten-lo-que-alimenta-su-vocacion-menesiana-lo-vamos-a-descubrir-en-la-nueva-carta-a-la-familia-menesiana\/?lang=es#primaryimage","url":"https:\/\/www.lamennais.org\/wp-content\/uploads\/2021\/06\/Lettre-FM-24-esp.jpg","contentUrl":"https:\/\/www.lamennais.org\/wp-content\/uploads\/2021\/06\/Lettre-FM-24-esp.jpg","width":1254,"height":568},{"@type":"BreadcrumbList","@id":"https:\/\/www.lamennais.org\/testimonios-dos-laicos-y-dos-hermanos-comparten-lo-que-alimenta-su-vocacion-menesiana-lo-vamos-a-descubrir-en-la-nueva-carta-a-la-familia-menesiana\/?lang=es#breadcrumb","itemListElement":[{"@type":"ListItem","position":1,"name":"Accueil","item":"https:\/\/www.lamennais.org\/"},{"@type":"ListItem","position":2,"name":"TESTIMONIOS. Dos Laicos y dos Hermanos comparten lo que alimenta su vocaci\u00f3n menesiana. Lo vamos a descubrir en la nueva Carta a la Familia Menesiana."}]},{"@type":"WebSite","@id":"https:\/\/www.lamennais.org\/#website","url":"https:\/\/www.lamennais.org\/","name":"LaMennais.org","description":"Fr\u00e8res de l&#039;Instruction Chr\u00e9tienne et Famille Mennaisienne","potentialAction":[{"@type":"SearchAction","target":{"@type":"EntryPoint","urlTemplate":"https:\/\/www.lamennais.org\/?s={search_term_string}"},"query-input":{"@type":"PropertyValueSpecification","valueRequired":true,"valueName":"search_term_string"}}],"inLanguage":"es"},{"@type":"Person","@id":"https:\/\/www.lamennais.org\/#\/schema\/person\/2a8d6e8a95babedd5ba1c43afd2e3844","name":"Herv\u00e9 Asse","image":{"@type":"ImageObject","inLanguage":"es","@id":"https:\/\/secure.gravatar.com\/avatar\/1aaa7b1baf759c8b40525f40af381cbaa2b0ddd554f57145bceb0654ba45b4c0?s=96&d=mm&r=g","url":"https:\/\/secure.gravatar.com\/avatar\/1aaa7b1baf759c8b40525f40af381cbaa2b0ddd554f57145bceb0654ba45b4c0?s=96&d=mm&r=g","contentUrl":"https:\/\/secure.gravatar.com\/avatar\/1aaa7b1baf759c8b40525f40af381cbaa2b0ddd554f57145bceb0654ba45b4c0?s=96&d=mm&r=g","caption":"Herv\u00e9 Asse"}}]}},"_links":{"self":[{"href":"https:\/\/www.lamennais.org\/es\/wp-json\/wp\/v2\/posts\/30812","targetHints":{"allow":["GET"]}}],"collection":[{"href":"https:\/\/www.lamennais.org\/es\/wp-json\/wp\/v2\/posts"}],"about":[{"href":"https:\/\/www.lamennais.org\/es\/wp-json\/wp\/v2\/types\/post"}],"author":[{"embeddable":true,"href":"https:\/\/www.lamennais.org\/es\/wp-json\/wp\/v2\/users\/3"}],"replies":[{"embeddable":true,"href":"https:\/\/www.lamennais.org\/es\/wp-json\/wp\/v2\/comments?post=30812"}],"version-history":[{"count":1,"href":"https:\/\/www.lamennais.org\/es\/wp-json\/wp\/v2\/posts\/30812\/revisions"}],"predecessor-version":[{"id":30816,"href":"https:\/\/www.lamennais.org\/es\/wp-json\/wp\/v2\/posts\/30812\/revisions\/30816"}],"wp:featuredmedia":[{"embeddable":true,"href":"https:\/\/www.lamennais.org\/es\/wp-json\/wp\/v2\/media\/30813"}],"wp:attachment":[{"href":"https:\/\/www.lamennais.org\/es\/wp-json\/wp\/v2\/media?parent=30812"}],"wp:term":[{"taxonomy":"category","embeddable":true,"href":"https:\/\/www.lamennais.org\/es\/wp-json\/wp\/v2\/categories?post=30812"},{"taxonomy":"post_tag","embeddable":true,"href":"https:\/\/www.lamennais.org\/es\/wp-json\/wp\/v2\/tags?post=30812"}],"curies":[{"name":"wp","href":"https:\/\/api.w.org\/{rel}","templated":true}]}}