{"id":29576,"date":"2021-03-08T14:20:53","date_gmt":"2021-03-08T13:20:53","guid":{"rendered":"http:\/\/www.lamennais.org\/?p=29576"},"modified":"2021-03-09T10:40:18","modified_gmt":"2021-03-09T09:40:18","slug":"noticias-de-haiti-los-colegios-funcionan-no-hay-dificultades-relacionadas-con-la-covid-nuevas-estatuas-de-los-fundadores","status":"publish","type":"post","link":"https:\/\/www.lamennais.org\/es\/noticias-de-haiti-los-colegios-funcionan-no-hay-dificultades-relacionadas-con-la-covid-nuevas-estatuas-de-los-fundadores\/","title":{"rendered":"NOTICIAS DE HAIT\u00cd. Los colegios funcionan. No hay dificultades relacionadas con la Covid. Nuevas estatuas de los fundadores."},"content":{"rendered":"<p><strong>\u00bfQu\u00e9 hay de nuevo en la Provincia de Hait\u00ed en las \u00faltimas semanas? Resumen realizado por el Hno. G\u00e9niaud Lauture, Provincial de la Provincia San Luis Gonzaga.<\/strong><\/p>\n<p>Algunas ciudades del pa\u00eds, como Puerto Pr\u00edncipe y Les Cayes, han sufrido dos semanas de interrupciones debido a la violencia pol\u00edtica y la inseguridad , explica el Hno. G\u00e9niaud Lauture, Provincial. La mayor\u00eda de los padres prefirieron mantener a sus hijos en casa. Afortunadamente, esta situaci\u00f3n no dur\u00f3 mucho. En general, los alumnos han vuelto al colegio, incluso en un entorno de inseguridad.<\/p>\n<p><div id=\"attachment_29542\" style=\"width: 973px\" class=\"wp-caption alignleft\"><img fetchpriority=\"high\" decoding=\"async\" aria-describedby=\"caption-attachment-29542\" class=\"wp-image-29544 size-full\" src=\"http:\/\/www.lamennais.org\/wp-content\/uploads\/2021\/03\/IMG-20210305-WA0007.jpg\" alt=\"\" width=\"963\" height=\"606\" srcset=\"https:\/\/www.lamennais.org\/wp-content\/uploads\/2021\/03\/IMG-20210305-WA0007.jpg 963w, https:\/\/www.lamennais.org\/wp-content\/uploads\/2021\/03\/IMG-20210305-WA0007-300x189.jpg 300w, https:\/\/www.lamennais.org\/wp-content\/uploads\/2021\/03\/IMG-20210305-WA0007-768x483.jpg 768w, https:\/\/www.lamennais.org\/wp-content\/uploads\/2021\/03\/IMG-20210305-WA0007-260x164.jpg 260w, https:\/\/www.lamennais.org\/wp-content\/uploads\/2021\/03\/IMG-20210305-WA0007-600x378.jpg 600w\" sizes=\"(max-width: 963px) 100vw, 963px\" \/><p id=\"caption-attachment-29542\" class=\"wp-caption-text\"><em>Durante la visita del Hno. Provincial al CENA.<\/em><\/p><\/div><br>\n<div id=\"attachment_29533\" style=\"width: 870px\" class=\"wp-caption alignleft\"><img decoding=\"async\" aria-describedby=\"caption-attachment-29533\" class=\"wp-image-29533 size-large\" src=\"http:\/\/www.lamennais.org\/wp-content\/uploads\/2021\/03\/IMG_20210305_093237-1024x739.jpg\" alt=\"\" width=\"860\" height=\"621\" srcset=\"https:\/\/www.lamennais.org\/wp-content\/uploads\/2021\/03\/IMG_20210305_093237-1024x739.jpg 1024w, https:\/\/www.lamennais.org\/wp-content\/uploads\/2021\/03\/IMG_20210305_093237-300x217.jpg 300w, https:\/\/www.lamennais.org\/wp-content\/uploads\/2021\/03\/IMG_20210305_093237-768x554.jpg 768w, https:\/\/www.lamennais.org\/wp-content\/uploads\/2021\/03\/IMG_20210305_093237-1536x1109.jpg 1536w, https:\/\/www.lamennais.org\/wp-content\/uploads\/2021\/03\/IMG_20210305_093237-2048x1478.jpg 2048w, https:\/\/www.lamennais.org\/wp-content\/uploads\/2021\/03\/IMG_20210305_093237-260x188.jpg 260w, https:\/\/www.lamennais.org\/wp-content\/uploads\/2021\/03\/IMG_20210305_093237-600x433.jpg 600w\" sizes=\"(max-width: 860px) 100vw, 860px\" \/><p id=\"caption-attachment-29533\" class=\"wp-caption-text\"><em>El Centro del CENA ha sido objeto de numerosos equipamientos.<\/em><\/p><\/div><\/p>\n<p><img decoding=\"async\" class=\"alignleft size-large wp-image-29536\" src=\"http:\/\/www.lamennais.org\/wp-content\/uploads\/2021\/03\/IMG_20210305_092010_1-1024x697.jpg\" alt=\"\" width=\"860\" height=\"585\" srcset=\"https:\/\/www.lamennais.org\/wp-content\/uploads\/2021\/03\/IMG_20210305_092010_1-1024x697.jpg 1024w, https:\/\/www.lamennais.org\/wp-content\/uploads\/2021\/03\/IMG_20210305_092010_1-300x204.jpg 300w, https:\/\/www.lamennais.org\/wp-content\/uploads\/2021\/03\/IMG_20210305_092010_1-768x523.jpg 768w, https:\/\/www.lamennais.org\/wp-content\/uploads\/2021\/03\/IMG_20210305_092010_1-1536x1045.jpg 1536w, https:\/\/www.lamennais.org\/wp-content\/uploads\/2021\/03\/IMG_20210305_092010_1-2048x1394.jpg 2048w, https:\/\/www.lamennais.org\/wp-content\/uploads\/2021\/03\/IMG_20210305_092010_1-260x177.jpg 260w, https:\/\/www.lamennais.org\/wp-content\/uploads\/2021\/03\/IMG_20210305_092010_1-600x408.jpg 600w\" sizes=\"(max-width: 860px) 100vw, 860px\" \/><img loading=\"lazy\" decoding=\"async\" class=\"alignleft size-large wp-image-29527\" src=\"http:\/\/www.lamennais.org\/wp-content\/uploads\/2021\/03\/IMG_20210305_084213-1024x656.jpg\" alt=\"\" width=\"860\" height=\"551\" srcset=\"https:\/\/www.lamennais.org\/wp-content\/uploads\/2021\/03\/IMG_20210305_084213-1024x656.jpg 1024w, https:\/\/www.lamennais.org\/wp-content\/uploads\/2021\/03\/IMG_20210305_084213-300x192.jpg 300w, https:\/\/www.lamennais.org\/wp-content\/uploads\/2021\/03\/IMG_20210305_084213-768x492.jpg 768w, https:\/\/www.lamennais.org\/wp-content\/uploads\/2021\/03\/IMG_20210305_084213-1536x984.jpg 1536w, https:\/\/www.lamennais.org\/wp-content\/uploads\/2021\/03\/IMG_20210305_084213-2048x1312.jpg 2048w, https:\/\/www.lamennais.org\/wp-content\/uploads\/2021\/03\/IMG_20210305_084213-260x167.jpg 260w, https:\/\/www.lamennais.org\/wp-content\/uploads\/2021\/03\/IMG_20210305_084213-600x384.jpg 600w\" sizes=\"(max-width: 860px) 100vw, 860px\" \/>El Centro de Navidad Nuestra Se\u00f1ora de los \u00c1ngeles -CENA &#8211; ha empezado de nuevo sus clases. En los d\u00edas anteriores, la zona fue escenario de violentos enfrentamientos entre bandas rivales. Esperamos que esta calma dure unas cuantas semanas m\u00e1s. <\/p>\n<div id=\"attachment_29512\" style=\"width: 870px\" class=\"wp-caption alignleft\"><img loading=\"lazy\" decoding=\"async\" aria-describedby=\"caption-attachment-29512\" class=\"wp-image-29512 size-large\" src=\"http:\/\/www.lamennais.org\/wp-content\/uploads\/2021\/03\/image4-1024x607.jpeg\" alt=\"\" width=\"860\" height=\"510\" srcset=\"https:\/\/www.lamennais.org\/wp-content\/uploads\/2021\/03\/image4-1024x607.jpeg 1024w, https:\/\/www.lamennais.org\/wp-content\/uploads\/2021\/03\/image4-300x178.jpeg 300w, https:\/\/www.lamennais.org\/wp-content\/uploads\/2021\/03\/image4-768x455.jpeg 768w, https:\/\/www.lamennais.org\/wp-content\/uploads\/2021\/03\/image4-260x154.jpeg 260w, https:\/\/www.lamennais.org\/wp-content\/uploads\/2021\/03\/image4-600x355.jpeg 600w, https:\/\/www.lamennais.org\/wp-content\/uploads\/2021\/03\/image4.jpeg 1104w\" sizes=\"(max-width: 860px) 100vw, 860px\" \/><p id=\"caption-attachment-29512\" class=\"wp-caption-text\"><em>En el Colegio el Hno. Odile Joseph en Les Cayes.<\/em><\/p><\/div>\n<p><img loading=\"lazy\" decoding=\"async\" class=\"alignleft size-full wp-image-29520\" src=\"http:\/\/www.lamennais.org\/wp-content\/uploads\/2021\/03\/IMG_2818.jpg\" alt=\"\" width=\"872\" height=\"654\" srcset=\"https:\/\/www.lamennais.org\/wp-content\/uploads\/2021\/03\/IMG_2818.jpg 872w, https:\/\/www.lamennais.org\/wp-content\/uploads\/2021\/03\/IMG_2818-300x225.jpg 300w, https:\/\/www.lamennais.org\/wp-content\/uploads\/2021\/03\/IMG_2818-768x576.jpg 768w, https:\/\/www.lamennais.org\/wp-content\/uploads\/2021\/03\/IMG_2818-260x195.jpg 260w, https:\/\/www.lamennais.org\/wp-content\/uploads\/2021\/03\/IMG_2818-600x450.jpg 600w\" sizes=\"(max-width: 872px) 100vw, 872px\" \/>Aqu\u00ed hay tambi\u00e9n fotos del Colegio Hno Odile Joseph en Les Cayes, despu\u00e9s del carnaval y algunas fotos del Colegio San Luis Gonzaga.<\/p>\n<div id=\"attachment_29553\" style=\"width: 1010px\" class=\"wp-caption alignleft\"><img loading=\"lazy\" decoding=\"async\" aria-describedby=\"caption-attachment-29553\" class=\"wp-image-29555 size-full\" src=\"http:\/\/www.lamennais.org\/wp-content\/uploads\/2021\/03\/IMG-20210222-WA0017.jpg\" alt=\"\" width=\"1000\" height=\"750\" srcset=\"https:\/\/www.lamennais.org\/wp-content\/uploads\/2021\/03\/IMG-20210222-WA0017.jpg 1000w, https:\/\/www.lamennais.org\/wp-content\/uploads\/2021\/03\/IMG-20210222-WA0017-300x225.jpg 300w, https:\/\/www.lamennais.org\/wp-content\/uploads\/2021\/03\/IMG-20210222-WA0017-768x576.jpg 768w, https:\/\/www.lamennais.org\/wp-content\/uploads\/2021\/03\/IMG-20210222-WA0017-260x195.jpg 260w, https:\/\/www.lamennais.org\/wp-content\/uploads\/2021\/03\/IMG-20210222-WA0017-600x450.jpg 600w\" sizes=\"(max-width: 1000px) 100vw, 1000px\" \/><p id=\"caption-attachment-29553\" class=\"wp-caption-text\"><em>El Viacrucis vivido por los alumnos en la Instituci\u00f3n San Luis de Gonzaga, Delmas.<\/em><\/p><\/div>\n<p><img loading=\"lazy\" decoding=\"async\" class=\"alignleft size-full wp-image-29541\" src=\"http:\/\/www.lamennais.org\/wp-content\/uploads\/2021\/03\/IMG-20210222-WA0011.jpg\" alt=\"\" width=\"920\" height=\"613\" srcset=\"https:\/\/www.lamennais.org\/wp-content\/uploads\/2021\/03\/IMG-20210222-WA0011.jpg 920w, https:\/\/www.lamennais.org\/wp-content\/uploads\/2021\/03\/IMG-20210222-WA0011-300x200.jpg 300w, https:\/\/www.lamennais.org\/wp-content\/uploads\/2021\/03\/IMG-20210222-WA0011-768x512.jpg 768w, https:\/\/www.lamennais.org\/wp-content\/uploads\/2021\/03\/IMG-20210222-WA0011-260x173.jpg 260w, https:\/\/www.lamennais.org\/wp-content\/uploads\/2021\/03\/IMG-20210222-WA0011-600x400.jpg 600w\" sizes=\"(max-width: 920px) 100vw, 920px\" \/>Aqu\u00ed, el Viacrucis en el patio de secundaria de San Luis Gonzaga. El viacrucis se vive todos los viernes antes de entrar a clase en el colegio de primaria, secundaria y liceo. <br>En la capilla, ceremonia de la ceniza para los alumnos del colegio de secundaria el jueves siguiente al mi\u00e9rcoles de ceniza.<\/p>\n<div id=\"attachment_29509\" style=\"width: 870px\" class=\"wp-caption alignleft\"><img loading=\"lazy\" decoding=\"async\" aria-describedby=\"caption-attachment-29509\" class=\"wp-image-29509 size-large\" src=\"http:\/\/www.lamennais.org\/wp-content\/uploads\/2021\/03\/cendres-secondaire-1024x703.jpg\" alt=\"\" width=\"860\" height=\"590\" srcset=\"https:\/\/www.lamennais.org\/wp-content\/uploads\/2021\/03\/cendres-secondaire-1024x703.jpg 1024w, https:\/\/www.lamennais.org\/wp-content\/uploads\/2021\/03\/cendres-secondaire-300x206.jpg 300w, https:\/\/www.lamennais.org\/wp-content\/uploads\/2021\/03\/cendres-secondaire-768x527.jpg 768w, https:\/\/www.lamennais.org\/wp-content\/uploads\/2021\/03\/cendres-secondaire-1536x1054.jpg 1536w, https:\/\/www.lamennais.org\/wp-content\/uploads\/2021\/03\/cendres-secondaire-2048x1405.jpg 2048w, https:\/\/www.lamennais.org\/wp-content\/uploads\/2021\/03\/cendres-secondaire-260x178.jpg 260w, https:\/\/www.lamennais.org\/wp-content\/uploads\/2021\/03\/cendres-secondaire-600x412.jpg 600w\" sizes=\"(max-width: 860px) 100vw, 860px\" \/><p id=\"caption-attachment-29509\" class=\"wp-caption-text\"><em>Ceremonia de la ceniza en la capilla<\/em><\/p><\/div>\n<p>En el patio de Primaria: los ni\u00f1os est\u00e1n llenos de energ\u00eda y la escuela sigue funcionando.<\/p>\n<div id=\"attachment_29556\" style=\"width: 870px\" class=\"wp-caption alignleft\"><img loading=\"lazy\" decoding=\"async\" aria-describedby=\"caption-attachment-29556\" class=\"wp-image-29556 size-large\" src=\"http:\/\/www.lamennais.org\/wp-content\/uploads\/2021\/03\/IMG_20210224_093748_1-1024x768.jpg\" alt=\"\" width=\"860\" height=\"645\" srcset=\"https:\/\/www.lamennais.org\/wp-content\/uploads\/2021\/03\/IMG_20210224_093748_1-1024x768.jpg 1024w, https:\/\/www.lamennais.org\/wp-content\/uploads\/2021\/03\/IMG_20210224_093748_1-300x225.jpg 300w, https:\/\/www.lamennais.org\/wp-content\/uploads\/2021\/03\/IMG_20210224_093748_1-768x576.jpg 768w, https:\/\/www.lamennais.org\/wp-content\/uploads\/2021\/03\/IMG_20210224_093748_1-1536x1152.jpg 1536w, https:\/\/www.lamennais.org\/wp-content\/uploads\/2021\/03\/IMG_20210224_093748_1-2048x1536.jpg 2048w, https:\/\/www.lamennais.org\/wp-content\/uploads\/2021\/03\/IMG_20210224_093748_1-260x195.jpg 260w, https:\/\/www.lamennais.org\/wp-content\/uploads\/2021\/03\/IMG_20210224_093748_1-600x450.jpg 600w\" sizes=\"(max-width: 860px) 100vw, 860px\" \/><p id=\"caption-attachment-29556\" class=\"wp-caption-text\"><em>En el patio de San Luis Gonzaga, de Primaria.<\/em><\/p><\/div>\n<p><strong><img loading=\"lazy\" decoding=\"async\" class=\"alignleft size-large wp-image-29559\" src=\"http:\/\/www.lamennais.org\/wp-content\/uploads\/2021\/03\/IMG_20210224_093825-1024x633.jpg\" alt=\"\" width=\"860\" height=\"532\" srcset=\"https:\/\/www.lamennais.org\/wp-content\/uploads\/2021\/03\/IMG_20210224_093825-1024x633.jpg 1024w, https:\/\/www.lamennais.org\/wp-content\/uploads\/2021\/03\/IMG_20210224_093825-300x185.jpg 300w, https:\/\/www.lamennais.org\/wp-content\/uploads\/2021\/03\/IMG_20210224_093825-768x475.jpg 768w, https:\/\/www.lamennais.org\/wp-content\/uploads\/2021\/03\/IMG_20210224_093825-1536x949.jpg 1536w, https:\/\/www.lamennais.org\/wp-content\/uploads\/2021\/03\/IMG_20210224_093825-2048x1266.jpg 2048w, https:\/\/www.lamennais.org\/wp-content\/uploads\/2021\/03\/IMG_20210224_093825-260x161.jpg 260w, https:\/\/www.lamennais.org\/wp-content\/uploads\/2021\/03\/IMG_20210224_093825-600x371.jpg 600w\" sizes=\"(max-width: 860px) 100vw, 860px\" \/>En cuanto a la pandemia del Covid-19<\/strong>, casi no se habla de ella. Siempre se recomiendan los gestos de distancia y el uso de la mascarilla. Pero a mucha gente no le importa, a menos que se lo pidan formalmente.<br>Esto se debe, sin duda, al hecho de que ha habido muy pocas muertes por la enfermedad en el pa\u00eds. <br>Compartimos el sufrimiento de las Provincias de Francia y Espa\u00f1a que han perdido Hermanos, v\u00edctimas del Covid-19.<\/p>\n<h4>Plaza de Juan Mar\u00eda de la Mennais<\/h4>\n<p>Despu\u00e9s del derrumbe de la Casa provincial el 12 de enero de 2010, la estatua del Padre de la Mennais, que acog\u00eda a los Hermanos y a los visitantes, se encontraba sola en el patio.<\/p>\n<div id=\"attachment_29548\" style=\"width: 870px\" class=\"wp-caption alignleft\"><img loading=\"lazy\" decoding=\"async\" aria-describedby=\"caption-attachment-29548\" class=\"wp-image-29548 size-large\" src=\"http:\/\/www.lamennais.org\/wp-content\/uploads\/2021\/03\/IMG_20210221_101009_1-1024x661.jpg\" alt=\"\" width=\"860\" height=\"555\" srcset=\"https:\/\/www.lamennais.org\/wp-content\/uploads\/2021\/03\/IMG_20210221_101009_1-1024x661.jpg 1024w, https:\/\/www.lamennais.org\/wp-content\/uploads\/2021\/03\/IMG_20210221_101009_1-300x194.jpg 300w, https:\/\/www.lamennais.org\/wp-content\/uploads\/2021\/03\/IMG_20210221_101009_1-768x496.jpg 768w, https:\/\/www.lamennais.org\/wp-content\/uploads\/2021\/03\/IMG_20210221_101009_1-1536x991.jpg 1536w, https:\/\/www.lamennais.org\/wp-content\/uploads\/2021\/03\/IMG_20210221_101009_1-260x168.jpg 260w, https:\/\/www.lamennais.org\/wp-content\/uploads\/2021\/03\/IMG_20210221_101009_1-600x387.jpg 600w, https:\/\/www.lamennais.org\/wp-content\/uploads\/2021\/03\/IMG_20210221_101009_1.jpg 1915w\" sizes=\"(max-width: 860px) 100vw, 860px\" \/><p id=\"caption-attachment-29548\" class=\"wp-caption-text\"><em>La estatua del Padre de la Mennais cerca del Juniorado de P\u00e9tionville.<\/em><\/p><\/div>\n<p>Estamos muy contentos de que el Padre Fundador encuentre ahora a sus Hijos en el Juniorado de P\u00e9tionville.<br>As\u00ed, Hermanos y Laicos menesianos, j\u00f3venes en formaci\u00f3n y visitantes, alumnos, padres y profesores, podr\u00e1n venir a recogerse y rezar a sus pies. Los obreros le est\u00e1n dando los \u00faltimos retoques.<\/p>\n<div id=\"attachment_29524\" style=\"width: 870px\" class=\"wp-caption alignleft\"><img loading=\"lazy\" decoding=\"async\" aria-describedby=\"caption-attachment-29524\" class=\"wp-image-29524 size-large\" src=\"http:\/\/www.lamennais.org\/wp-content\/uploads\/2021\/03\/IMG_20210221_101337-1024x741.jpg\" alt=\"\" width=\"860\" height=\"622\" srcset=\"https:\/\/www.lamennais.org\/wp-content\/uploads\/2021\/03\/IMG_20210221_101337-1024x741.jpg 1024w, https:\/\/www.lamennais.org\/wp-content\/uploads\/2021\/03\/IMG_20210221_101337-300x217.jpg 300w, https:\/\/www.lamennais.org\/wp-content\/uploads\/2021\/03\/IMG_20210221_101337-768x556.jpg 768w, https:\/\/www.lamennais.org\/wp-content\/uploads\/2021\/03\/IMG_20210221_101337-1536x1111.jpg 1536w, https:\/\/www.lamennais.org\/wp-content\/uploads\/2021\/03\/IMG_20210221_101337-2048x1482.jpg 2048w, https:\/\/www.lamennais.org\/wp-content\/uploads\/2021\/03\/IMG_20210221_101337-260x188.jpg 260w, https:\/\/www.lamennais.org\/wp-content\/uploads\/2021\/03\/IMG_20210221_101337-600x434.jpg 600w\" sizes=\"(max-width: 860px) 100vw, 860px\" \/><p id=\"caption-attachment-29524\" class=\"wp-caption-text\"><em>Una nueva estatua de JM de la Mennais en proceso de realizaci\u00f3n en caoba<\/em><\/p><\/div>\n<p>Del tronco de la caoba que ocupaba el lugar, un artista haitiano ha realizado una gran estatua siguiendo el modelo de la que se encuentra en el colegio Juan de La Mennais en Saint Malo.<\/p>\n<p><strong>Al Padre Deshayes<\/strong> no lo hemos olvidado. Su estatua est\u00e1 saliendo del tronco de otro caoba.<\/p>\n<p>Se esculpir\u00e1n otras estatuas m\u00e1s peque\u00f1as, siempre en caoba, para ser colocadas en nuestros colegios y comunidades\u00bb.<\/p>\n\n\n<p><\/p>\n","protected":false},"excerpt":{"rendered":"<p>\u00bfQu\u00e9 hay de nuevo en la Provincia de Hait\u00ed en las \u00faltimas semanas? Resumen realizado por el Hno. G\u00e9niaud Lauture, Provincial de la Provincia San Luis Gonzaga. Algunas ciudades del pa\u00eds, como Puerto Pr\u00edncipe y Les Cayes, han sufrido dos semanas de interrupciones debido a la violencia pol\u00edtica y la inseguridad , explica el Hno. [&hellip;]<\/p>\n","protected":false},"author":3,"featured_media":29564,"comment_status":"closed","ping_status":"closed","sticky":false,"template":"","format":"standard","meta":{"footnotes":""},"categories":[105],"tags":[],"class_list":["post-29576","post","type-post","status-publish","format-standard","has-post-thumbnail","hentry","category-noticias"],"yoast_head":"<!-- This site is optimized with the Yoast SEO plugin v27.4 - https:\/\/yoast.com\/product\/yoast-seo-wordpress\/ -->\n<title>NOTICIAS DE HAIT\u00cd. Los colegios funcionan. No hay dificultades relacionadas con la Covid. Nuevas estatuas de los fundadores. - LaMennais.org<\/title>\n<meta name=\"robots\" content=\"index, follow, max-snippet:-1, max-image-preview:large, max-video-preview:-1\" \/>\n<link rel=\"canonical\" href=\"https:\/\/www.lamennais.org\/noticias-de-haiti-los-colegios-funcionan-no-hay-dificultades-relacionadas-con-la-covid-nuevas-estatuas-de-los-fundadores\/?lang=es\" \/>\n<meta property=\"og:locale\" content=\"es_ES\" \/>\n<meta property=\"og:type\" content=\"article\" \/>\n<meta property=\"og:title\" content=\"NOTICIAS DE HAIT\u00cd. Los colegios funcionan. No hay dificultades relacionadas con la Covid. Nuevas estatuas de los fundadores. - LaMennais.org\" \/>\n<meta property=\"og:description\" content=\"\u00bfQu\u00e9 hay de nuevo en la Provincia de Hait\u00ed en las \u00faltimas semanas? Resumen realizado por el Hno. G\u00e9niaud Lauture, Provincial de la Provincia San Luis Gonzaga. Algunas ciudades del pa\u00eds, como Puerto Pr\u00edncipe y Les Cayes, han sufrido dos semanas de interrupciones debido a la violencia pol\u00edtica y la inseguridad , explica el Hno. [&hellip;]\" \/>\n<meta property=\"og:url\" content=\"https:\/\/www.lamennais.org\/noticias-de-haiti-los-colegios-funcionan-no-hay-dificultades-relacionadas-con-la-covid-nuevas-estatuas-de-los-fundadores\/?lang=es\" \/>\n<meta property=\"og:site_name\" content=\"LaMennais.org\" \/>\n<meta property=\"article:published_time\" content=\"2021-03-08T13:20:53+00:00\" \/>\n<meta property=\"article:modified_time\" content=\"2021-03-09T09:40:18+00:00\" \/>\n<meta property=\"og:image\" content=\"https:\/\/www.lamennais.org\/wp-content\/uploads\/2021\/03\/IMG_20210224_093812-scaled-e1615282912270.jpg\" \/>\n\t<meta property=\"og:image:width\" content=\"2553\" \/>\n\t<meta property=\"og:image:height\" content=\"832\" \/>\n\t<meta property=\"og:image:type\" content=\"image\/jpeg\" \/>\n<meta name=\"author\" content=\"Herv\u00e9 Asse\" \/>\n<meta name=\"twitter:card\" content=\"summary_large_image\" \/>\n<meta name=\"twitter:label1\" content=\"Escrito por\" \/>\n\t<meta name=\"twitter:data1\" content=\"Herv\u00e9 Asse\" \/>\n\t<meta name=\"twitter:label2\" content=\"Tiempo de lectura\" \/>\n\t<meta name=\"twitter:data2\" content=\"3 minutos\" \/>\n<script type=\"application\/ld+json\" class=\"yoast-schema-graph\">{\"@context\":\"https:\\\/\\\/schema.org\",\"@graph\":[{\"@type\":\"Article\",\"@id\":\"https:\\\/\\\/www.lamennais.org\\\/noticias-de-haiti-los-colegios-funcionan-no-hay-dificultades-relacionadas-con-la-covid-nuevas-estatuas-de-los-fundadores\\\/?lang=es#article\",\"isPartOf\":{\"@id\":\"https:\\\/\\\/www.lamennais.org\\\/noticias-de-haiti-los-colegios-funcionan-no-hay-dificultades-relacionadas-con-la-covid-nuevas-estatuas-de-los-fundadores\\\/?lang=es\"},\"author\":{\"name\":\"Herv\u00e9 Asse\",\"@id\":\"https:\\\/\\\/www.lamennais.org\\\/#\\\/schema\\\/person\\\/2a8d6e8a95babedd5ba1c43afd2e3844\"},\"headline\":\"NOTICIAS DE HAIT\u00cd. Los colegios funcionan. No hay dificultades relacionadas con la Covid. Nuevas estatuas de los fundadores.\",\"datePublished\":\"2021-03-08T13:20:53+00:00\",\"dateModified\":\"2021-03-09T09:40:18+00:00\",\"mainEntityOfPage\":{\"@id\":\"https:\\\/\\\/www.lamennais.org\\\/noticias-de-haiti-los-colegios-funcionan-no-hay-dificultades-relacionadas-con-la-covid-nuevas-estatuas-de-los-fundadores\\\/?lang=es\"},\"wordCount\":646,\"image\":{\"@id\":\"https:\\\/\\\/www.lamennais.org\\\/noticias-de-haiti-los-colegios-funcionan-no-hay-dificultades-relacionadas-con-la-covid-nuevas-estatuas-de-los-fundadores\\\/?lang=es#primaryimage\"},\"thumbnailUrl\":\"https:\\\/\\\/www.lamennais.org\\\/wp-content\\\/uploads\\\/2021\\\/03\\\/IMG_20210224_093812-scaled-e1615282912270.jpg\",\"articleSection\":[\"NOTICIAS\"],\"inLanguage\":\"es\"},{\"@type\":\"WebPage\",\"@id\":\"https:\\\/\\\/www.lamennais.org\\\/noticias-de-haiti-los-colegios-funcionan-no-hay-dificultades-relacionadas-con-la-covid-nuevas-estatuas-de-los-fundadores\\\/?lang=es\",\"url\":\"https:\\\/\\\/www.lamennais.org\\\/noticias-de-haiti-los-colegios-funcionan-no-hay-dificultades-relacionadas-con-la-covid-nuevas-estatuas-de-los-fundadores\\\/?lang=es\",\"name\":\"NOTICIAS DE HAIT\u00cd. Los colegios funcionan. No hay dificultades relacionadas con la Covid. Nuevas estatuas de los fundadores. - LaMennais.org\",\"isPartOf\":{\"@id\":\"https:\\\/\\\/www.lamennais.org\\\/#website\"},\"primaryImageOfPage\":{\"@id\":\"https:\\\/\\\/www.lamennais.org\\\/noticias-de-haiti-los-colegios-funcionan-no-hay-dificultades-relacionadas-con-la-covid-nuevas-estatuas-de-los-fundadores\\\/?lang=es#primaryimage\"},\"image\":{\"@id\":\"https:\\\/\\\/www.lamennais.org\\\/noticias-de-haiti-los-colegios-funcionan-no-hay-dificultades-relacionadas-con-la-covid-nuevas-estatuas-de-los-fundadores\\\/?lang=es#primaryimage\"},\"thumbnailUrl\":\"https:\\\/\\\/www.lamennais.org\\\/wp-content\\\/uploads\\\/2021\\\/03\\\/IMG_20210224_093812-scaled-e1615282912270.jpg\",\"datePublished\":\"2021-03-08T13:20:53+00:00\",\"dateModified\":\"2021-03-09T09:40:18+00:00\",\"author\":{\"@id\":\"https:\\\/\\\/www.lamennais.org\\\/#\\\/schema\\\/person\\\/2a8d6e8a95babedd5ba1c43afd2e3844\"},\"breadcrumb\":{\"@id\":\"https:\\\/\\\/www.lamennais.org\\\/noticias-de-haiti-los-colegios-funcionan-no-hay-dificultades-relacionadas-con-la-covid-nuevas-estatuas-de-los-fundadores\\\/?lang=es#breadcrumb\"},\"inLanguage\":\"es\",\"potentialAction\":[{\"@type\":\"ReadAction\",\"target\":[\"https:\\\/\\\/www.lamennais.org\\\/noticias-de-haiti-los-colegios-funcionan-no-hay-dificultades-relacionadas-con-la-covid-nuevas-estatuas-de-los-fundadores\\\/?lang=es\"]}]},{\"@type\":\"ImageObject\",\"inLanguage\":\"es\",\"@id\":\"https:\\\/\\\/www.lamennais.org\\\/noticias-de-haiti-los-colegios-funcionan-no-hay-dificultades-relacionadas-con-la-covid-nuevas-estatuas-de-los-fundadores\\\/?lang=es#primaryimage\",\"url\":\"https:\\\/\\\/www.lamennais.org\\\/wp-content\\\/uploads\\\/2021\\\/03\\\/IMG_20210224_093812-scaled-e1615282912270.jpg\",\"contentUrl\":\"https:\\\/\\\/www.lamennais.org\\\/wp-content\\\/uploads\\\/2021\\\/03\\\/IMG_20210224_093812-scaled-e1615282912270.jpg\",\"width\":2553,\"height\":832},{\"@type\":\"BreadcrumbList\",\"@id\":\"https:\\\/\\\/www.lamennais.org\\\/noticias-de-haiti-los-colegios-funcionan-no-hay-dificultades-relacionadas-con-la-covid-nuevas-estatuas-de-los-fundadores\\\/?lang=es#breadcrumb\",\"itemListElement\":[{\"@type\":\"ListItem\",\"position\":1,\"name\":\"Accueil\",\"item\":\"https:\\\/\\\/www.lamennais.org\\\/\"},{\"@type\":\"ListItem\",\"position\":2,\"name\":\"NOTICIAS DE HAIT\u00cd. Los colegios funcionan. No hay dificultades relacionadas con la Covid. Nuevas estatuas de los fundadores.\"}]},{\"@type\":\"WebSite\",\"@id\":\"https:\\\/\\\/www.lamennais.org\\\/#website\",\"url\":\"https:\\\/\\\/www.lamennais.org\\\/\",\"name\":\"LaMennais.org\",\"description\":\"Fr\u00e8res de l&#039;Instruction Chr\u00e9tienne et Famille Mennaisienne\",\"potentialAction\":[{\"@type\":\"SearchAction\",\"target\":{\"@type\":\"EntryPoint\",\"urlTemplate\":\"https:\\\/\\\/www.lamennais.org\\\/?s={search_term_string}\"},\"query-input\":{\"@type\":\"PropertyValueSpecification\",\"valueRequired\":true,\"valueName\":\"search_term_string\"}}],\"inLanguage\":\"es\"},{\"@type\":\"Person\",\"@id\":\"https:\\\/\\\/www.lamennais.org\\\/#\\\/schema\\\/person\\\/2a8d6e8a95babedd5ba1c43afd2e3844\",\"name\":\"Herv\u00e9 Asse\",\"image\":{\"@type\":\"ImageObject\",\"inLanguage\":\"es\",\"@id\":\"https:\\\/\\\/secure.gravatar.com\\\/avatar\\\/1aaa7b1baf759c8b40525f40af381cbaa2b0ddd554f57145bceb0654ba45b4c0?s=96&d=mm&r=g\",\"url\":\"https:\\\/\\\/secure.gravatar.com\\\/avatar\\\/1aaa7b1baf759c8b40525f40af381cbaa2b0ddd554f57145bceb0654ba45b4c0?s=96&d=mm&r=g\",\"contentUrl\":\"https:\\\/\\\/secure.gravatar.com\\\/avatar\\\/1aaa7b1baf759c8b40525f40af381cbaa2b0ddd554f57145bceb0654ba45b4c0?s=96&d=mm&r=g\",\"caption\":\"Herv\u00e9 Asse\"}}]}<\/script>\n<!-- \/ Yoast SEO plugin. -->","yoast_head_json":{"title":"NOTICIAS DE HAIT\u00cd. Los colegios funcionan. No hay dificultades relacionadas con la Covid. Nuevas estatuas de los fundadores. - LaMennais.org","robots":{"index":"index","follow":"follow","max-snippet":"max-snippet:-1","max-image-preview":"max-image-preview:large","max-video-preview":"max-video-preview:-1"},"canonical":"https:\/\/www.lamennais.org\/noticias-de-haiti-los-colegios-funcionan-no-hay-dificultades-relacionadas-con-la-covid-nuevas-estatuas-de-los-fundadores\/?lang=es","og_locale":"es_ES","og_type":"article","og_title":"NOTICIAS DE HAIT\u00cd. Los colegios funcionan. No hay dificultades relacionadas con la Covid. Nuevas estatuas de los fundadores. - LaMennais.org","og_description":"\u00bfQu\u00e9 hay de nuevo en la Provincia de Hait\u00ed en las \u00faltimas semanas? Resumen realizado por el Hno. G\u00e9niaud Lauture, Provincial de la Provincia San Luis Gonzaga. Algunas ciudades del pa\u00eds, como Puerto Pr\u00edncipe y Les Cayes, han sufrido dos semanas de interrupciones debido a la violencia pol\u00edtica y la inseguridad , explica el Hno. [&hellip;]","og_url":"https:\/\/www.lamennais.org\/noticias-de-haiti-los-colegios-funcionan-no-hay-dificultades-relacionadas-con-la-covid-nuevas-estatuas-de-los-fundadores\/?lang=es","og_site_name":"LaMennais.org","article_published_time":"2021-03-08T13:20:53+00:00","article_modified_time":"2021-03-09T09:40:18+00:00","og_image":[{"width":2553,"height":832,"url":"https:\/\/www.lamennais.org\/wp-content\/uploads\/2021\/03\/IMG_20210224_093812-scaled-e1615282912270.jpg","type":"image\/jpeg"}],"author":"Herv\u00e9 Asse","twitter_card":"summary_large_image","twitter_misc":{"Escrito por":"Herv\u00e9 Asse","Tiempo de lectura":"3 minutos"},"schema":{"@context":"https:\/\/schema.org","@graph":[{"@type":"Article","@id":"https:\/\/www.lamennais.org\/noticias-de-haiti-los-colegios-funcionan-no-hay-dificultades-relacionadas-con-la-covid-nuevas-estatuas-de-los-fundadores\/?lang=es#article","isPartOf":{"@id":"https:\/\/www.lamennais.org\/noticias-de-haiti-los-colegios-funcionan-no-hay-dificultades-relacionadas-con-la-covid-nuevas-estatuas-de-los-fundadores\/?lang=es"},"author":{"name":"Herv\u00e9 Asse","@id":"https:\/\/www.lamennais.org\/#\/schema\/person\/2a8d6e8a95babedd5ba1c43afd2e3844"},"headline":"NOTICIAS DE HAIT\u00cd. Los colegios funcionan. No hay dificultades relacionadas con la Covid. Nuevas estatuas de los fundadores.","datePublished":"2021-03-08T13:20:53+00:00","dateModified":"2021-03-09T09:40:18+00:00","mainEntityOfPage":{"@id":"https:\/\/www.lamennais.org\/noticias-de-haiti-los-colegios-funcionan-no-hay-dificultades-relacionadas-con-la-covid-nuevas-estatuas-de-los-fundadores\/?lang=es"},"wordCount":646,"image":{"@id":"https:\/\/www.lamennais.org\/noticias-de-haiti-los-colegios-funcionan-no-hay-dificultades-relacionadas-con-la-covid-nuevas-estatuas-de-los-fundadores\/?lang=es#primaryimage"},"thumbnailUrl":"https:\/\/www.lamennais.org\/wp-content\/uploads\/2021\/03\/IMG_20210224_093812-scaled-e1615282912270.jpg","articleSection":["NOTICIAS"],"inLanguage":"es"},{"@type":"WebPage","@id":"https:\/\/www.lamennais.org\/noticias-de-haiti-los-colegios-funcionan-no-hay-dificultades-relacionadas-con-la-covid-nuevas-estatuas-de-los-fundadores\/?lang=es","url":"https:\/\/www.lamennais.org\/noticias-de-haiti-los-colegios-funcionan-no-hay-dificultades-relacionadas-con-la-covid-nuevas-estatuas-de-los-fundadores\/?lang=es","name":"NOTICIAS DE HAIT\u00cd. Los colegios funcionan. No hay dificultades relacionadas con la Covid. Nuevas estatuas de los fundadores. - LaMennais.org","isPartOf":{"@id":"https:\/\/www.lamennais.org\/#website"},"primaryImageOfPage":{"@id":"https:\/\/www.lamennais.org\/noticias-de-haiti-los-colegios-funcionan-no-hay-dificultades-relacionadas-con-la-covid-nuevas-estatuas-de-los-fundadores\/?lang=es#primaryimage"},"image":{"@id":"https:\/\/www.lamennais.org\/noticias-de-haiti-los-colegios-funcionan-no-hay-dificultades-relacionadas-con-la-covid-nuevas-estatuas-de-los-fundadores\/?lang=es#primaryimage"},"thumbnailUrl":"https:\/\/www.lamennais.org\/wp-content\/uploads\/2021\/03\/IMG_20210224_093812-scaled-e1615282912270.jpg","datePublished":"2021-03-08T13:20:53+00:00","dateModified":"2021-03-09T09:40:18+00:00","author":{"@id":"https:\/\/www.lamennais.org\/#\/schema\/person\/2a8d6e8a95babedd5ba1c43afd2e3844"},"breadcrumb":{"@id":"https:\/\/www.lamennais.org\/noticias-de-haiti-los-colegios-funcionan-no-hay-dificultades-relacionadas-con-la-covid-nuevas-estatuas-de-los-fundadores\/?lang=es#breadcrumb"},"inLanguage":"es","potentialAction":[{"@type":"ReadAction","target":["https:\/\/www.lamennais.org\/noticias-de-haiti-los-colegios-funcionan-no-hay-dificultades-relacionadas-con-la-covid-nuevas-estatuas-de-los-fundadores\/?lang=es"]}]},{"@type":"ImageObject","inLanguage":"es","@id":"https:\/\/www.lamennais.org\/noticias-de-haiti-los-colegios-funcionan-no-hay-dificultades-relacionadas-con-la-covid-nuevas-estatuas-de-los-fundadores\/?lang=es#primaryimage","url":"https:\/\/www.lamennais.org\/wp-content\/uploads\/2021\/03\/IMG_20210224_093812-scaled-e1615282912270.jpg","contentUrl":"https:\/\/www.lamennais.org\/wp-content\/uploads\/2021\/03\/IMG_20210224_093812-scaled-e1615282912270.jpg","width":2553,"height":832},{"@type":"BreadcrumbList","@id":"https:\/\/www.lamennais.org\/noticias-de-haiti-los-colegios-funcionan-no-hay-dificultades-relacionadas-con-la-covid-nuevas-estatuas-de-los-fundadores\/?lang=es#breadcrumb","itemListElement":[{"@type":"ListItem","position":1,"name":"Accueil","item":"https:\/\/www.lamennais.org\/"},{"@type":"ListItem","position":2,"name":"NOTICIAS DE HAIT\u00cd. Los colegios funcionan. No hay dificultades relacionadas con la Covid. Nuevas estatuas de los fundadores."}]},{"@type":"WebSite","@id":"https:\/\/www.lamennais.org\/#website","url":"https:\/\/www.lamennais.org\/","name":"LaMennais.org","description":"Fr\u00e8res de l&#039;Instruction Chr\u00e9tienne et Famille Mennaisienne","potentialAction":[{"@type":"SearchAction","target":{"@type":"EntryPoint","urlTemplate":"https:\/\/www.lamennais.org\/?s={search_term_string}"},"query-input":{"@type":"PropertyValueSpecification","valueRequired":true,"valueName":"search_term_string"}}],"inLanguage":"es"},{"@type":"Person","@id":"https:\/\/www.lamennais.org\/#\/schema\/person\/2a8d6e8a95babedd5ba1c43afd2e3844","name":"Herv\u00e9 Asse","image":{"@type":"ImageObject","inLanguage":"es","@id":"https:\/\/secure.gravatar.com\/avatar\/1aaa7b1baf759c8b40525f40af381cbaa2b0ddd554f57145bceb0654ba45b4c0?s=96&d=mm&r=g","url":"https:\/\/secure.gravatar.com\/avatar\/1aaa7b1baf759c8b40525f40af381cbaa2b0ddd554f57145bceb0654ba45b4c0?s=96&d=mm&r=g","contentUrl":"https:\/\/secure.gravatar.com\/avatar\/1aaa7b1baf759c8b40525f40af381cbaa2b0ddd554f57145bceb0654ba45b4c0?s=96&d=mm&r=g","caption":"Herv\u00e9 Asse"}}]}},"_links":{"self":[{"href":"https:\/\/www.lamennais.org\/es\/wp-json\/wp\/v2\/posts\/29576","targetHints":{"allow":["GET"]}}],"collection":[{"href":"https:\/\/www.lamennais.org\/es\/wp-json\/wp\/v2\/posts"}],"about":[{"href":"https:\/\/www.lamennais.org\/es\/wp-json\/wp\/v2\/types\/post"}],"author":[{"embeddable":true,"href":"https:\/\/www.lamennais.org\/es\/wp-json\/wp\/v2\/users\/3"}],"replies":[{"embeddable":true,"href":"https:\/\/www.lamennais.org\/es\/wp-json\/wp\/v2\/comments?post=29576"}],"version-history":[{"count":2,"href":"https:\/\/www.lamennais.org\/es\/wp-json\/wp\/v2\/posts\/29576\/revisions"}],"predecessor-version":[{"id":29578,"href":"https:\/\/www.lamennais.org\/es\/wp-json\/wp\/v2\/posts\/29576\/revisions\/29578"}],"wp:featuredmedia":[{"embeddable":true,"href":"https:\/\/www.lamennais.org\/es\/wp-json\/wp\/v2\/media\/29564"}],"wp:attachment":[{"href":"https:\/\/www.lamennais.org\/es\/wp-json\/wp\/v2\/media?parent=29576"}],"wp:term":[{"taxonomy":"category","embeddable":true,"href":"https:\/\/www.lamennais.org\/es\/wp-json\/wp\/v2\/categories?post=29576"},{"taxonomy":"post_tag","embeddable":true,"href":"https:\/\/www.lamennais.org\/es\/wp-json\/wp\/v2\/tags?post=29576"}],"curies":[{"name":"wp","href":"https:\/\/api.w.org\/{rel}","templated":true}]}}