{"id":29573,"date":"2021-03-08T10:31:15","date_gmt":"2021-03-08T09:31:15","guid":{"rendered":"http:\/\/www.lamennais.org\/?p=29573"},"modified":"2021-03-09T10:20:49","modified_gmt":"2021-03-09T09:20:49","slug":"noticias-de-polinesia-los-colegios-funcionan-normalmente-un-proyecto-esta-en-marcha-para-los-18-25-anos-de-edad","status":"publish","type":"post","link":"https:\/\/www.lamennais.org\/es\/noticias-de-polinesia-los-colegios-funcionan-normalmente-un-proyecto-esta-en-marcha-para-los-18-25-anos-de-edad\/","title":{"rendered":"NOTICIAS DE POLINESIA. Los colegios funcionan normalmente. Un proyecto est\u00e1 en marcha para los 18-25 a\u00f1os de edad."},"content":{"rendered":"<p><strong>\u00bfCu\u00e1les son las noticias de las comunidades y colegios de Tahit\u00ed y de las Islas Marquesas? Resumen realizado por el Hno. Yvon Deniaud, Visitador del Districto San Pedro Chanel.<\/strong><\/p>\n<p>\u201cEn febrero estuve en Taiohae (Nuku Hiva) en las <strong>Islas<\/strong> <strong>Marquesas<\/strong> , dice el Hno. Yvon Deniaud, Hermano Visitador. Mi tiempo lo repart\u00ed entre la escuela San Jos\u00e9 de Primaria y el Liceo agr\u00edcola San Atanasio, desde 4\u00ba hasta el \u00faltimo a\u00f1o. Ambos centros no conocen la Covid 19.<\/p>\n<div id=\"attachment_29487\" style=\"width: 870px\" class=\"wp-caption alignleft\"><img fetchpriority=\"high\" decoding=\"async\" aria-describedby=\"caption-attachment-29487\" class=\"size-large wp-image-29487\" src=\"http:\/\/www.lamennais.org\/wp-content\/uploads\/2021\/03\/P2267375-1024x768.jpg\" alt=\"\" width=\"860\" height=\"645\" srcset=\"https:\/\/www.lamennais.org\/wp-content\/uploads\/2021\/03\/P2267375-1024x768.jpg 1024w, https:\/\/www.lamennais.org\/wp-content\/uploads\/2021\/03\/P2267375-300x225.jpg 300w, https:\/\/www.lamennais.org\/wp-content\/uploads\/2021\/03\/P2267375-768x576.jpg 768w, https:\/\/www.lamennais.org\/wp-content\/uploads\/2021\/03\/P2267375-1536x1152.jpg 1536w, https:\/\/www.lamennais.org\/wp-content\/uploads\/2021\/03\/P2267375-2048x1536.jpg 2048w, https:\/\/www.lamennais.org\/wp-content\/uploads\/2021\/03\/P2267375-260x195.jpg 260w, https:\/\/www.lamennais.org\/wp-content\/uploads\/2021\/03\/P2267375-600x450.jpg 600w\" sizes=\"(max-width: 860px) 100vw, 860px\" \/><p id=\"caption-attachment-29487\" class=\"wp-caption-text\"><em>Vista general del Liceo San Atanasio en las Islas Marquesas<\/em><\/p><\/div>\n<div id=\"attachment_29484\" style=\"width: 870px\" class=\"wp-caption alignleft\"><img decoding=\"async\" aria-describedby=\"caption-attachment-29484\" class=\"size-large wp-image-29484\" src=\"http:\/\/www.lamennais.org\/wp-content\/uploads\/2021\/03\/P2267276-1024x768.jpg\" alt=\"\" width=\"860\" height=\"645\" srcset=\"https:\/\/www.lamennais.org\/wp-content\/uploads\/2021\/03\/P2267276-1024x768.jpg 1024w, https:\/\/www.lamennais.org\/wp-content\/uploads\/2021\/03\/P2267276-300x225.jpg 300w, https:\/\/www.lamennais.org\/wp-content\/uploads\/2021\/03\/P2267276-768x576.jpg 768w, https:\/\/www.lamennais.org\/wp-content\/uploads\/2021\/03\/P2267276-1536x1152.jpg 1536w, https:\/\/www.lamennais.org\/wp-content\/uploads\/2021\/03\/P2267276-2048x1536.jpg 2048w, https:\/\/www.lamennais.org\/wp-content\/uploads\/2021\/03\/P2267276-260x195.jpg 260w, https:\/\/www.lamennais.org\/wp-content\/uploads\/2021\/03\/P2267276-600x450.jpg 600w\" sizes=\"(max-width: 860px) 100vw, 860px\" \/><p id=\"caption-attachment-29484\" class=\"wp-caption-text\"><em>El Hno. R\u00e9my Quinton, Director del Liceo San Atanasio<\/em><\/p><\/div>\n<p>Lo mismo ocurre <strong>en Tahit\u00ed.<\/strong><\/p>\n<p>En Tahit\u00ed, suelo visitar regularmente el Jard\u00edn de infancia <strong>Putiaoro<\/strong> y la escuela primaria <strong>Farimaata.<\/strong><\/p>\n<p>Tengo buenos contactos con la directora y la subdirectora.<\/p>\n<div id=\"attachment_29493\" style=\"width: 870px\" class=\"wp-caption alignleft\"><img decoding=\"async\" aria-describedby=\"caption-attachment-29493\" class=\"size-large wp-image-29493\" src=\"http:\/\/www.lamennais.org\/wp-content\/uploads\/2021\/03\/P2287663-1024x768.jpg\" alt=\"\" width=\"860\" height=\"645\" srcset=\"https:\/\/www.lamennais.org\/wp-content\/uploads\/2021\/03\/P2287663-1024x768.jpg 1024w, https:\/\/www.lamennais.org\/wp-content\/uploads\/2021\/03\/P2287663-300x225.jpg 300w, https:\/\/www.lamennais.org\/wp-content\/uploads\/2021\/03\/P2287663-768x576.jpg 768w, https:\/\/www.lamennais.org\/wp-content\/uploads\/2021\/03\/P2287663-1536x1152.jpg 1536w, https:\/\/www.lamennais.org\/wp-content\/uploads\/2021\/03\/P2287663-2048x1536.jpg 2048w, https:\/\/www.lamennais.org\/wp-content\/uploads\/2021\/03\/P2287663-260x195.jpg 260w, https:\/\/www.lamennais.org\/wp-content\/uploads\/2021\/03\/P2287663-600x450.jpg 600w\" sizes=\"(max-width: 860px) 100vw, 860px\" \/><p id=\"caption-attachment-29493\" class=\"wp-caption-text\"><em>Vistas del edificio hist\u00f3rico del Colegio-Liceo La Mennais en Papeete<\/em><\/p><\/div>\n<p>Participo en la misa de los viernes a mediod\u00eda en el Colegio-Liceo La Mennais y conservo contactos frecuentes con la directora y el director de la pastoral.<\/p>\n<p>Estamos cerca del Colegio San Hilario.<\/p>\n<p>Doy clases de filosof\u00eda (sustituci\u00f3n) en el Colegio Sagrado Coraz\u00f3n de Taravao, los jueves por la ma\u00f1ana (4 h).<\/p>\n<div id=\"attachment_29478\" style=\"width: 723px\" class=\"wp-caption alignleft\"><img loading=\"lazy\" decoding=\"async\" aria-describedby=\"caption-attachment-29478\" class=\"wp-image-29480 size-full\" src=\"http:\/\/www.lamennais.org\/wp-content\/uploads\/2021\/03\/120350752_3537841119607576_535615916142272195_n-sacre-coeur-taravao.jpg\" alt=\"\" width=\"713\" height=\"487\" srcset=\"https:\/\/www.lamennais.org\/wp-content\/uploads\/2021\/03\/120350752_3537841119607576_535615916142272195_n-sacre-coeur-taravao.jpg 713w, https:\/\/www.lamennais.org\/wp-content\/uploads\/2021\/03\/120350752_3537841119607576_535615916142272195_n-sacre-coeur-taravao-300x205.jpg 300w, https:\/\/www.lamennais.org\/wp-content\/uploads\/2021\/03\/120350752_3537841119607576_535615916142272195_n-sacre-coeur-taravao-260x178.jpg 260w, https:\/\/www.lamennais.org\/wp-content\/uploads\/2021\/03\/120350752_3537841119607576_535615916142272195_n-sacre-coeur-taravao-600x410.jpg 600w\" sizes=\"(max-width: 713px) 100vw, 713px\" \/><p id=\"caption-attachment-29478\" class=\"wp-caption-text\"><em>En el Colegio Sagrado Coraz\u00f3n de Taravao<\/em><\/p><\/div>\n<p>Tambi\u00e9n all\u00ed, ni el jard\u00edn de infancia, ni la escuela primaria, ni el colegio de secundaria sufrieron la epidemia, con algunas excepciones.<\/p>\n<p>Por otra parte, llevo la formaci\u00f3n b\u00edblica de adultos los lunes por la tarde en Taravao, los jueves por la noche en San Hilario y los viernes por la noche en la rector\u00eda de la catedral.<\/p>\n<p><strong>El Distrito de San Pedro Chanel comprende tres comunidades.<\/strong><\/p>\n<p><strong>La comunidad de Francisco de As\u00eds<\/strong>: Los HH. Xavier FROGIER, superior y director del Foyer des Iles, supervisor a tiempo parcial en La Mennais, Gilles LE GOFF que pasa por las escuelas primarias para la catequesis y prepara numerosos documentos para los profesores, Andr\u00e9 DESILLES, recientemente operado de una cadera, que se ocupa de la catequesis en el colegio La Mennais, Maxime CHAN que ejerce diversas actividades en el \u00e1mbito social.<\/p>\n<p><strong>La comunidad de San Hilario:<\/strong> Los HH. Henri ALANOU, superior, que se ocupa esencialmente de la cocina y del mantenimiento de la propiedad. Tambi\u00e9n presta numerosos servicios puntuales en relaci\u00f3n con los Hermanos de las Islas Marquesas. Formo comunidad con \u00e9l.<\/p>\n<p><strong>La comunidad de Taiohae<\/strong>: Los HH. Francis CAILLET, superior, Omer CHOUAN, que se ocupa de una casa en Anaho. Podr\u00eda convertirse en el centro de un proyecto relacionado con la FSCF para los fines de semana. Y, por supuesto, el Hno. R\u00e9my QUINTON, director del liceo San Atanasio.<\/p>\n<div id=\"attachment_29502\" style=\"width: 870px\" class=\"wp-caption alignleft\"><img loading=\"lazy\" decoding=\"async\" aria-describedby=\"caption-attachment-29502\" class=\"size-large wp-image-29502\" src=\"http:\/\/www.lamennais.org\/wp-content\/uploads\/2021\/03\/P3038046-1024x644.jpg\" alt=\"\" width=\"860\" height=\"541\" srcset=\"https:\/\/www.lamennais.org\/wp-content\/uploads\/2021\/03\/P3038046-1024x644.jpg 1024w, https:\/\/www.lamennais.org\/wp-content\/uploads\/2021\/03\/P3038046-300x189.jpg 300w, https:\/\/www.lamennais.org\/wp-content\/uploads\/2021\/03\/P3038046-768x483.jpg 768w, https:\/\/www.lamennais.org\/wp-content\/uploads\/2021\/03\/P3038046-1536x966.jpg 1536w, https:\/\/www.lamennais.org\/wp-content\/uploads\/2021\/03\/P3038046-2048x1288.jpg 2048w, https:\/\/www.lamennais.org\/wp-content\/uploads\/2021\/03\/P3038046-260x164.jpg 260w, https:\/\/www.lamennais.org\/wp-content\/uploads\/2021\/03\/P3038046-600x377.jpg 600w\" sizes=\"(max-width: 860px) 100vw, 860px\" \/><p id=\"caption-attachment-29502\" class=\"wp-caption-text\"><em>En Paea, la comunidad de los Laicos menesianos asegura las animaciones<\/em><\/p><\/div>\n<p>Hay que mencionar tambi\u00e9n a <strong>una comunidad de laicos<\/strong> que cultivan el esp\u00edritu menesiano, en <strong>Paea<\/strong>. Se orientan hacia la animaci\u00f3n del ocio: las actividades extraescolares y los campamentos de vacaciones.<\/p>\n<p><strong>Por el momento<\/strong> el Distrito conserva su autonom\u00eda, a pesar del peque\u00f1o n\u00famero de Hermanos, nos dice el Hno. Yvon. Estamos siempre con la esperanza de nuevas vocaciones. Una oraci\u00f3n mensual re\u00fane a Laicos y Hermanos por esta intenci\u00f3n.<\/p>\n<p>Un proyecto inspirado en los Jesu\u00edtas, recientemente comienza a ver la luz en chicos de 18-25 a\u00f1os de edad\u00bb.<\/p>\n<p>Con ocasi\u00f3n del D\u00eda de la Vida Consagrada, se hizo un reportaje para la Polinesia I. Presenta a dos consagrados, entre ellos al Hno. Xavier Frogier.<\/p>\n<p><img loading=\"lazy\" decoding=\"async\" class=\"alignleft size-full wp-image-29483\" src=\"http:\/\/www.lamennais.org\/wp-content\/uploads\/2021\/03\/Capture-XX.jpg\" alt=\"\" width=\"686\" height=\"487\" srcset=\"https:\/\/www.lamennais.org\/wp-content\/uploads\/2021\/03\/Capture-XX.jpg 686w, https:\/\/www.lamennais.org\/wp-content\/uploads\/2021\/03\/Capture-XX-300x213.jpg 300w, https:\/\/www.lamennais.org\/wp-content\/uploads\/2021\/03\/Capture-XX-260x185.jpg 260w, https:\/\/www.lamennais.org\/wp-content\/uploads\/2021\/03\/Capture-XX-600x426.jpg 600w\" sizes=\"(max-width: 686px) 100vw, 686px\" \/><\/p>\n<p><a href=\"https:\/\/la1ere.francetvinfo.fr\/polynesie\/tahiti\/vaimataarii-et-xavier-consacrent-leur-vie-a-dieu-et-aux-autres-924538.html\">https:\/\/la1ere.francetvinfo.fr\/polynesie\/tahiti\/vaimataarii-et-xavier-consacrent-leur-vie-a-dieu-et-aux-autres-924538.html<\/a><\/p>\n","protected":false},"excerpt":{"rendered":"<p>\u00bfCu\u00e1les son las noticias de las comunidades y colegios de Tahit\u00ed y de las Islas Marquesas? Resumen realizado por el Hno. Yvon Deniaud, Visitador del Districto San Pedro Chanel. \u201cEn febrero estuve en Taiohae (Nuku Hiva) en las Islas Marquesas , dice el Hno. Yvon Deniaud, Hermano Visitador. Mi tiempo lo repart\u00ed entre la escuela [&hellip;]<\/p>\n","protected":false},"author":3,"featured_media":29501,"comment_status":"closed","ping_status":"closed","sticky":false,"template":"","format":"standard","meta":{"footnotes":""},"categories":[105],"tags":[],"class_list":["post-29573","post","type-post","status-publish","format-standard","has-post-thumbnail","hentry","category-noticias"],"yoast_head":"<!-- This site is optimized with the Yoast SEO plugin v27.4 - https:\/\/yoast.com\/product\/yoast-seo-wordpress\/ -->\n<title>NOTICIAS DE POLINESIA. Los colegios funcionan normalmente. Un proyecto est\u00e1 en marcha para los 18-25 a\u00f1os de edad. - LaMennais.org<\/title>\n<meta name=\"robots\" content=\"index, follow, max-snippet:-1, max-image-preview:large, max-video-preview:-1\" \/>\n<link rel=\"canonical\" href=\"https:\/\/www.lamennais.org\/noticias-de-polinesia-los-colegios-funcionan-normalmente-un-proyecto-esta-en-marcha-para-los-18-25-anos-de-edad\/?lang=es\" \/>\n<meta property=\"og:locale\" content=\"es_ES\" \/>\n<meta property=\"og:type\" content=\"article\" \/>\n<meta property=\"og:title\" content=\"NOTICIAS DE POLINESIA. Los colegios funcionan normalmente. Un proyecto est\u00e1 en marcha para los 18-25 a\u00f1os de edad. - LaMennais.org\" \/>\n<meta property=\"og:description\" content=\"\u00bfCu\u00e1les son las noticias de las comunidades y colegios de Tahit\u00ed y de las Islas Marquesas? Resumen realizado por el Hno. Yvon Deniaud, Visitador del Districto San Pedro Chanel. \u201cEn febrero estuve en Taiohae (Nuku Hiva) en las Islas Marquesas , dice el Hno. Yvon Deniaud, Hermano Visitador. Mi tiempo lo repart\u00ed entre la escuela [&hellip;]\" \/>\n<meta property=\"og:url\" content=\"https:\/\/www.lamennais.org\/noticias-de-polinesia-los-colegios-funcionan-normalmente-un-proyecto-esta-en-marcha-para-los-18-25-anos-de-edad\/?lang=es\" \/>\n<meta property=\"og:site_name\" content=\"LaMennais.org\" \/>\n<meta property=\"article:published_time\" content=\"2021-03-08T09:31:15+00:00\" \/>\n<meta property=\"article:modified_time\" content=\"2021-03-09T09:20:49+00:00\" \/>\n<meta property=\"og:image\" content=\"https:\/\/www.lamennais.org\/wp-content\/uploads\/2021\/03\/P3018009-scaled-e1615281813852.jpg\" \/>\n\t<meta property=\"og:image:width\" content=\"2508\" \/>\n\t<meta property=\"og:image:height\" content=\"899\" \/>\n\t<meta property=\"og:image:type\" content=\"image\/jpeg\" \/>\n<meta name=\"author\" content=\"Herv\u00e9 Asse\" \/>\n<meta name=\"twitter:card\" content=\"summary_large_image\" \/>\n<meta name=\"twitter:label1\" content=\"Escrito por\" \/>\n\t<meta name=\"twitter:data1\" content=\"Herv\u00e9 Asse\" \/>\n\t<meta name=\"twitter:label2\" content=\"Tiempo de lectura\" \/>\n\t<meta name=\"twitter:data2\" content=\"3 minutos\" \/>\n<script type=\"application\/ld+json\" class=\"yoast-schema-graph\">{\"@context\":\"https:\\\/\\\/schema.org\",\"@graph\":[{\"@type\":\"Article\",\"@id\":\"https:\\\/\\\/www.lamennais.org\\\/noticias-de-polinesia-los-colegios-funcionan-normalmente-un-proyecto-esta-en-marcha-para-los-18-25-anos-de-edad\\\/?lang=es#article\",\"isPartOf\":{\"@id\":\"https:\\\/\\\/www.lamennais.org\\\/noticias-de-polinesia-los-colegios-funcionan-normalmente-un-proyecto-esta-en-marcha-para-los-18-25-anos-de-edad\\\/?lang=es\"},\"author\":{\"name\":\"Herv\u00e9 Asse\",\"@id\":\"https:\\\/\\\/www.lamennais.org\\\/#\\\/schema\\\/person\\\/2a8d6e8a95babedd5ba1c43afd2e3844\"},\"headline\":\"NOTICIAS DE POLINESIA. Los colegios funcionan normalmente. Un proyecto est\u00e1 en marcha para los 18-25 a\u00f1os de edad.\",\"datePublished\":\"2021-03-08T09:31:15+00:00\",\"dateModified\":\"2021-03-09T09:20:49+00:00\",\"mainEntityOfPage\":{\"@id\":\"https:\\\/\\\/www.lamennais.org\\\/noticias-de-polinesia-los-colegios-funcionan-normalmente-un-proyecto-esta-en-marcha-para-los-18-25-anos-de-edad\\\/?lang=es\"},\"wordCount\":642,\"image\":{\"@id\":\"https:\\\/\\\/www.lamennais.org\\\/noticias-de-polinesia-los-colegios-funcionan-normalmente-un-proyecto-esta-en-marcha-para-los-18-25-anos-de-edad\\\/?lang=es#primaryimage\"},\"thumbnailUrl\":\"https:\\\/\\\/www.lamennais.org\\\/wp-content\\\/uploads\\\/2021\\\/03\\\/P3018009-scaled-e1615281813852.jpg\",\"articleSection\":[\"NOTICIAS\"],\"inLanguage\":\"es\"},{\"@type\":\"WebPage\",\"@id\":\"https:\\\/\\\/www.lamennais.org\\\/noticias-de-polinesia-los-colegios-funcionan-normalmente-un-proyecto-esta-en-marcha-para-los-18-25-anos-de-edad\\\/?lang=es\",\"url\":\"https:\\\/\\\/www.lamennais.org\\\/noticias-de-polinesia-los-colegios-funcionan-normalmente-un-proyecto-esta-en-marcha-para-los-18-25-anos-de-edad\\\/?lang=es\",\"name\":\"NOTICIAS DE POLINESIA. Los colegios funcionan normalmente. Un proyecto est\u00e1 en marcha para los 18-25 a\u00f1os de edad. - LaMennais.org\",\"isPartOf\":{\"@id\":\"https:\\\/\\\/www.lamennais.org\\\/#website\"},\"primaryImageOfPage\":{\"@id\":\"https:\\\/\\\/www.lamennais.org\\\/noticias-de-polinesia-los-colegios-funcionan-normalmente-un-proyecto-esta-en-marcha-para-los-18-25-anos-de-edad\\\/?lang=es#primaryimage\"},\"image\":{\"@id\":\"https:\\\/\\\/www.lamennais.org\\\/noticias-de-polinesia-los-colegios-funcionan-normalmente-un-proyecto-esta-en-marcha-para-los-18-25-anos-de-edad\\\/?lang=es#primaryimage\"},\"thumbnailUrl\":\"https:\\\/\\\/www.lamennais.org\\\/wp-content\\\/uploads\\\/2021\\\/03\\\/P3018009-scaled-e1615281813852.jpg\",\"datePublished\":\"2021-03-08T09:31:15+00:00\",\"dateModified\":\"2021-03-09T09:20:49+00:00\",\"author\":{\"@id\":\"https:\\\/\\\/www.lamennais.org\\\/#\\\/schema\\\/person\\\/2a8d6e8a95babedd5ba1c43afd2e3844\"},\"breadcrumb\":{\"@id\":\"https:\\\/\\\/www.lamennais.org\\\/noticias-de-polinesia-los-colegios-funcionan-normalmente-un-proyecto-esta-en-marcha-para-los-18-25-anos-de-edad\\\/?lang=es#breadcrumb\"},\"inLanguage\":\"es\",\"potentialAction\":[{\"@type\":\"ReadAction\",\"target\":[\"https:\\\/\\\/www.lamennais.org\\\/noticias-de-polinesia-los-colegios-funcionan-normalmente-un-proyecto-esta-en-marcha-para-los-18-25-anos-de-edad\\\/?lang=es\"]}]},{\"@type\":\"ImageObject\",\"inLanguage\":\"es\",\"@id\":\"https:\\\/\\\/www.lamennais.org\\\/noticias-de-polinesia-los-colegios-funcionan-normalmente-un-proyecto-esta-en-marcha-para-los-18-25-anos-de-edad\\\/?lang=es#primaryimage\",\"url\":\"https:\\\/\\\/www.lamennais.org\\\/wp-content\\\/uploads\\\/2021\\\/03\\\/P3018009-scaled-e1615281813852.jpg\",\"contentUrl\":\"https:\\\/\\\/www.lamennais.org\\\/wp-content\\\/uploads\\\/2021\\\/03\\\/P3018009-scaled-e1615281813852.jpg\",\"width\":2508,\"height\":899,\"caption\":\"OLYMPUS DIGITAL CAMERA\"},{\"@type\":\"BreadcrumbList\",\"@id\":\"https:\\\/\\\/www.lamennais.org\\\/noticias-de-polinesia-los-colegios-funcionan-normalmente-un-proyecto-esta-en-marcha-para-los-18-25-anos-de-edad\\\/?lang=es#breadcrumb\",\"itemListElement\":[{\"@type\":\"ListItem\",\"position\":1,\"name\":\"Accueil\",\"item\":\"https:\\\/\\\/www.lamennais.org\\\/\"},{\"@type\":\"ListItem\",\"position\":2,\"name\":\"NOTICIAS DE POLINESIA. Los colegios funcionan normalmente. Un proyecto est\u00e1 en marcha para los 18-25 a\u00f1os de edad.\"}]},{\"@type\":\"WebSite\",\"@id\":\"https:\\\/\\\/www.lamennais.org\\\/#website\",\"url\":\"https:\\\/\\\/www.lamennais.org\\\/\",\"name\":\"LaMennais.org\",\"description\":\"Fr\u00e8res de l&#039;Instruction Chr\u00e9tienne et Famille Mennaisienne\",\"potentialAction\":[{\"@type\":\"SearchAction\",\"target\":{\"@type\":\"EntryPoint\",\"urlTemplate\":\"https:\\\/\\\/www.lamennais.org\\\/?s={search_term_string}\"},\"query-input\":{\"@type\":\"PropertyValueSpecification\",\"valueRequired\":true,\"valueName\":\"search_term_string\"}}],\"inLanguage\":\"es\"},{\"@type\":\"Person\",\"@id\":\"https:\\\/\\\/www.lamennais.org\\\/#\\\/schema\\\/person\\\/2a8d6e8a95babedd5ba1c43afd2e3844\",\"name\":\"Herv\u00e9 Asse\",\"image\":{\"@type\":\"ImageObject\",\"inLanguage\":\"es\",\"@id\":\"https:\\\/\\\/secure.gravatar.com\\\/avatar\\\/1aaa7b1baf759c8b40525f40af381cbaa2b0ddd554f57145bceb0654ba45b4c0?s=96&d=mm&r=g\",\"url\":\"https:\\\/\\\/secure.gravatar.com\\\/avatar\\\/1aaa7b1baf759c8b40525f40af381cbaa2b0ddd554f57145bceb0654ba45b4c0?s=96&d=mm&r=g\",\"contentUrl\":\"https:\\\/\\\/secure.gravatar.com\\\/avatar\\\/1aaa7b1baf759c8b40525f40af381cbaa2b0ddd554f57145bceb0654ba45b4c0?s=96&d=mm&r=g\",\"caption\":\"Herv\u00e9 Asse\"}}]}<\/script>\n<!-- \/ Yoast SEO plugin. -->","yoast_head_json":{"title":"NOTICIAS DE POLINESIA. Los colegios funcionan normalmente. Un proyecto est\u00e1 en marcha para los 18-25 a\u00f1os de edad. - LaMennais.org","robots":{"index":"index","follow":"follow","max-snippet":"max-snippet:-1","max-image-preview":"max-image-preview:large","max-video-preview":"max-video-preview:-1"},"canonical":"https:\/\/www.lamennais.org\/noticias-de-polinesia-los-colegios-funcionan-normalmente-un-proyecto-esta-en-marcha-para-los-18-25-anos-de-edad\/?lang=es","og_locale":"es_ES","og_type":"article","og_title":"NOTICIAS DE POLINESIA. Los colegios funcionan normalmente. Un proyecto est\u00e1 en marcha para los 18-25 a\u00f1os de edad. - LaMennais.org","og_description":"\u00bfCu\u00e1les son las noticias de las comunidades y colegios de Tahit\u00ed y de las Islas Marquesas? Resumen realizado por el Hno. Yvon Deniaud, Visitador del Districto San Pedro Chanel. \u201cEn febrero estuve en Taiohae (Nuku Hiva) en las Islas Marquesas , dice el Hno. Yvon Deniaud, Hermano Visitador. Mi tiempo lo repart\u00ed entre la escuela [&hellip;]","og_url":"https:\/\/www.lamennais.org\/noticias-de-polinesia-los-colegios-funcionan-normalmente-un-proyecto-esta-en-marcha-para-los-18-25-anos-de-edad\/?lang=es","og_site_name":"LaMennais.org","article_published_time":"2021-03-08T09:31:15+00:00","article_modified_time":"2021-03-09T09:20:49+00:00","og_image":[{"width":2508,"height":899,"url":"https:\/\/www.lamennais.org\/wp-content\/uploads\/2021\/03\/P3018009-scaled-e1615281813852.jpg","type":"image\/jpeg"}],"author":"Herv\u00e9 Asse","twitter_card":"summary_large_image","twitter_misc":{"Escrito por":"Herv\u00e9 Asse","Tiempo de lectura":"3 minutos"},"schema":{"@context":"https:\/\/schema.org","@graph":[{"@type":"Article","@id":"https:\/\/www.lamennais.org\/noticias-de-polinesia-los-colegios-funcionan-normalmente-un-proyecto-esta-en-marcha-para-los-18-25-anos-de-edad\/?lang=es#article","isPartOf":{"@id":"https:\/\/www.lamennais.org\/noticias-de-polinesia-los-colegios-funcionan-normalmente-un-proyecto-esta-en-marcha-para-los-18-25-anos-de-edad\/?lang=es"},"author":{"name":"Herv\u00e9 Asse","@id":"https:\/\/www.lamennais.org\/#\/schema\/person\/2a8d6e8a95babedd5ba1c43afd2e3844"},"headline":"NOTICIAS DE POLINESIA. Los colegios funcionan normalmente. Un proyecto est\u00e1 en marcha para los 18-25 a\u00f1os de edad.","datePublished":"2021-03-08T09:31:15+00:00","dateModified":"2021-03-09T09:20:49+00:00","mainEntityOfPage":{"@id":"https:\/\/www.lamennais.org\/noticias-de-polinesia-los-colegios-funcionan-normalmente-un-proyecto-esta-en-marcha-para-los-18-25-anos-de-edad\/?lang=es"},"wordCount":642,"image":{"@id":"https:\/\/www.lamennais.org\/noticias-de-polinesia-los-colegios-funcionan-normalmente-un-proyecto-esta-en-marcha-para-los-18-25-anos-de-edad\/?lang=es#primaryimage"},"thumbnailUrl":"https:\/\/www.lamennais.org\/wp-content\/uploads\/2021\/03\/P3018009-scaled-e1615281813852.jpg","articleSection":["NOTICIAS"],"inLanguage":"es"},{"@type":"WebPage","@id":"https:\/\/www.lamennais.org\/noticias-de-polinesia-los-colegios-funcionan-normalmente-un-proyecto-esta-en-marcha-para-los-18-25-anos-de-edad\/?lang=es","url":"https:\/\/www.lamennais.org\/noticias-de-polinesia-los-colegios-funcionan-normalmente-un-proyecto-esta-en-marcha-para-los-18-25-anos-de-edad\/?lang=es","name":"NOTICIAS DE POLINESIA. Los colegios funcionan normalmente. Un proyecto est\u00e1 en marcha para los 18-25 a\u00f1os de edad. - LaMennais.org","isPartOf":{"@id":"https:\/\/www.lamennais.org\/#website"},"primaryImageOfPage":{"@id":"https:\/\/www.lamennais.org\/noticias-de-polinesia-los-colegios-funcionan-normalmente-un-proyecto-esta-en-marcha-para-los-18-25-anos-de-edad\/?lang=es#primaryimage"},"image":{"@id":"https:\/\/www.lamennais.org\/noticias-de-polinesia-los-colegios-funcionan-normalmente-un-proyecto-esta-en-marcha-para-los-18-25-anos-de-edad\/?lang=es#primaryimage"},"thumbnailUrl":"https:\/\/www.lamennais.org\/wp-content\/uploads\/2021\/03\/P3018009-scaled-e1615281813852.jpg","datePublished":"2021-03-08T09:31:15+00:00","dateModified":"2021-03-09T09:20:49+00:00","author":{"@id":"https:\/\/www.lamennais.org\/#\/schema\/person\/2a8d6e8a95babedd5ba1c43afd2e3844"},"breadcrumb":{"@id":"https:\/\/www.lamennais.org\/noticias-de-polinesia-los-colegios-funcionan-normalmente-un-proyecto-esta-en-marcha-para-los-18-25-anos-de-edad\/?lang=es#breadcrumb"},"inLanguage":"es","potentialAction":[{"@type":"ReadAction","target":["https:\/\/www.lamennais.org\/noticias-de-polinesia-los-colegios-funcionan-normalmente-un-proyecto-esta-en-marcha-para-los-18-25-anos-de-edad\/?lang=es"]}]},{"@type":"ImageObject","inLanguage":"es","@id":"https:\/\/www.lamennais.org\/noticias-de-polinesia-los-colegios-funcionan-normalmente-un-proyecto-esta-en-marcha-para-los-18-25-anos-de-edad\/?lang=es#primaryimage","url":"https:\/\/www.lamennais.org\/wp-content\/uploads\/2021\/03\/P3018009-scaled-e1615281813852.jpg","contentUrl":"https:\/\/www.lamennais.org\/wp-content\/uploads\/2021\/03\/P3018009-scaled-e1615281813852.jpg","width":2508,"height":899,"caption":"OLYMPUS DIGITAL CAMERA"},{"@type":"BreadcrumbList","@id":"https:\/\/www.lamennais.org\/noticias-de-polinesia-los-colegios-funcionan-normalmente-un-proyecto-esta-en-marcha-para-los-18-25-anos-de-edad\/?lang=es#breadcrumb","itemListElement":[{"@type":"ListItem","position":1,"name":"Accueil","item":"https:\/\/www.lamennais.org\/"},{"@type":"ListItem","position":2,"name":"NOTICIAS DE POLINESIA. Los colegios funcionan normalmente. Un proyecto est\u00e1 en marcha para los 18-25 a\u00f1os de edad."}]},{"@type":"WebSite","@id":"https:\/\/www.lamennais.org\/#website","url":"https:\/\/www.lamennais.org\/","name":"LaMennais.org","description":"Fr\u00e8res de l&#039;Instruction Chr\u00e9tienne et Famille Mennaisienne","potentialAction":[{"@type":"SearchAction","target":{"@type":"EntryPoint","urlTemplate":"https:\/\/www.lamennais.org\/?s={search_term_string}"},"query-input":{"@type":"PropertyValueSpecification","valueRequired":true,"valueName":"search_term_string"}}],"inLanguage":"es"},{"@type":"Person","@id":"https:\/\/www.lamennais.org\/#\/schema\/person\/2a8d6e8a95babedd5ba1c43afd2e3844","name":"Herv\u00e9 Asse","image":{"@type":"ImageObject","inLanguage":"es","@id":"https:\/\/secure.gravatar.com\/avatar\/1aaa7b1baf759c8b40525f40af381cbaa2b0ddd554f57145bceb0654ba45b4c0?s=96&d=mm&r=g","url":"https:\/\/secure.gravatar.com\/avatar\/1aaa7b1baf759c8b40525f40af381cbaa2b0ddd554f57145bceb0654ba45b4c0?s=96&d=mm&r=g","contentUrl":"https:\/\/secure.gravatar.com\/avatar\/1aaa7b1baf759c8b40525f40af381cbaa2b0ddd554f57145bceb0654ba45b4c0?s=96&d=mm&r=g","caption":"Herv\u00e9 Asse"}}]}},"_links":{"self":[{"href":"https:\/\/www.lamennais.org\/es\/wp-json\/wp\/v2\/posts\/29573","targetHints":{"allow":["GET"]}}],"collection":[{"href":"https:\/\/www.lamennais.org\/es\/wp-json\/wp\/v2\/posts"}],"about":[{"href":"https:\/\/www.lamennais.org\/es\/wp-json\/wp\/v2\/types\/post"}],"author":[{"embeddable":true,"href":"https:\/\/www.lamennais.org\/es\/wp-json\/wp\/v2\/users\/3"}],"replies":[{"embeddable":true,"href":"https:\/\/www.lamennais.org\/es\/wp-json\/wp\/v2\/comments?post=29573"}],"version-history":[{"count":1,"href":"https:\/\/www.lamennais.org\/es\/wp-json\/wp\/v2\/posts\/29573\/revisions"}],"predecessor-version":[{"id":29574,"href":"https:\/\/www.lamennais.org\/es\/wp-json\/wp\/v2\/posts\/29573\/revisions\/29574"}],"wp:featuredmedia":[{"embeddable":true,"href":"https:\/\/www.lamennais.org\/es\/wp-json\/wp\/v2\/media\/29501"}],"wp:attachment":[{"href":"https:\/\/www.lamennais.org\/es\/wp-json\/wp\/v2\/media?parent=29573"}],"wp:term":[{"taxonomy":"category","embeddable":true,"href":"https:\/\/www.lamennais.org\/es\/wp-json\/wp\/v2\/categories?post=29573"},{"taxonomy":"post_tag","embeddable":true,"href":"https:\/\/www.lamennais.org\/es\/wp-json\/wp\/v2\/tags?post=29573"}],"curies":[{"name":"wp","href":"https:\/\/api.w.org\/{rel}","templated":true}]}}