{"id":28315,"date":"2020-12-04T09:08:30","date_gmt":"2020-12-04T08:08:30","guid":{"rendered":"http:\/\/www.lamennais.org\/?p=28315"},"modified":"2020-12-05T09:22:15","modified_gmt":"2020-12-05T08:22:15","slug":"escuchar-2-extractos-de-la-cantate-des-freres-una-creacion-musical-realizada-en-malestroit-francia-para-los-200-anos-de-los-hermanos-en-concierto-de-2021","status":"publish","type":"post","link":"https:\/\/www.lamennais.org\/es\/escuchar-2-extractos-de-la-cantate-des-freres-una-creacion-musical-realizada-en-malestroit-francia-para-los-200-anos-de-los-hermanos-en-concierto-de-2021\/","title":{"rendered":"ESCUCHAR 2 EXTRACTOS DE LA \u201cCANTATE DES FRERES\u201d. Una creaci\u00f3n musical realizada en Malestroit -Francia- para los 200 a\u00f1os de los Hermanos en concierto de 2021"},"content":{"rendered":"<p><strong>\u00a1In\u00e9dito! Una obra musical titulada la \u00abCantate des Fr\u00e8res\u00bb escrita para solistas, coro y conjunto instrumental se est\u00e1 creando en Malestroit, en el Colegio San Juli\u00e1n, por la Psallette de Malestroit. Concebida como un homenaje a la acci\u00f3n llevada a cabo por Juan Mar\u00eda de la Mennais y los Hermanos desde hace 200 a\u00f1os, quiere ser un regalo de cumplea\u00f1os.<\/strong><\/p>\n<p><strong>\u00a0<\/strong>\u201cEstamos contentos de transmitirles esto en esta clausura del Bicentenario y en este final de la Semana Menesiana, explica Isabelle Gergaud, asistente de pastoral y encargada de comunicaci\u00f3n en el Colegio St Julien de Malestroit.<\/p>\n<p>Dos extractos han sido difundidos durante la Semana menesiana en el patio para todos nuestros estudiantes.<\/p>\n<p>Con los adultos hemos propuesto un hermoso compartir sobre el Padre de la Mennais y sobre la historia de nuestro colegio.<\/p>\n<p>Los j\u00f3venes participaron bien en las propuestas. Una semana menesiana muy bonita.<\/p>\n<p>Y ahora hemos llegado al tiempo de Adviento con novedades hermosas para vivir en este a\u00f1o que tiene como lema: \u00abSembremos la alegr\u00eda\u00bb.<\/p>\n<p><strong>\u201c<\/strong><strong>Mientras nos llaman a cruzar el Atl\u00e1ntico<\/strong><\/p>\n<p><strong>como corsarios de Dios y fundar colegios.<\/strong><\/p>\n<p><strong>A la obra de Dios nunca le faltar\u00e1n ap\u00f3stoles.<\/strong><\/p>\n<p><strong>Hermanos, no ten\u00e9is m\u00e1s talento que otros,<\/strong><\/p>\n<p><strong>\u00a1pero benditos, ven\u00eds en el nombre del Eterno! \u00bb<\/strong><\/p>\n<p><strong>\u00a0\u00a0\u00a0\u00a0\u00a0\u00a0\u00a0\u00a0\u00a0\u00a0\u00a0\u00a0\u00a0\u00a0\u00a0\u00a0\u00a0\u00a0\u00a0\u00a0\u00a0\u00a0 <\/strong>Extracto del texto de la Cantate. <em>Etienne Mahieux<\/em><\/p>\n<p><strong>Marc Huck,<\/strong> responsable de la Psalette de Malestroit, se dirige a los Hermanos:<\/p>\n<p>\u201c<em>Queridos Hermanos :<\/em><\/p>\n<p><em>Es una gran alegr\u00eda para nosotros hacerles llegar dos extractos musicales de la Cantate des Fr\u00e8res, obra encargada a nuestros amigos Etienne Mahieux y Jean-Ren\u00e9 Andr\u00e9.<\/em><\/p>\n<p><em>Esta creaci\u00f3n deber\u00eda haber salido el pasado mes de mayo y el 28 de noviembre, pero las realidades sanitarias han decidido algo diferente.<\/em><\/p>\n<p><em>A falta de poder conocerla por el momento en p\u00fablico, le proponemos escucharla en su versi\u00f3n grabada en la iglesia de Saint Gilles de Malestroit.<\/em><\/p>\n<p><em>Doy gracias a mis colegas de la Psallette, Lucette Pouteau, J\u00e9r\u00f4me Desprez y Michel J\u00e9zo, que han preparado conmigo a los alumnos para la interpretaci\u00f3n de esta obra.<\/em><\/p>\n<p><em>\u00a1Con la esperanza de que este proyecto tenga \u00e9xito!\u201d<\/em><\/p>\n<p><em>\u00a0<\/em><strong><em>Marc Huck<\/em><\/strong><\/p>\n<h4>Escuchad aqu\u00ed 2 extractos<\/h4>\n<p><a href=\"https:\/\/collegestjulien-my.sharepoint.com\/:u:\/p\/igergaud\/EeVdmSuCKmFHtCu40KehaWsB7uv-ENNF5Q-xydqHIToT3g\">Cantate Mvt 7 version 2.mp3<\/a><\/p>\n<p><a href=\"https:\/\/collegestjulien-my.sharepoint.com\/:u:\/p\/igergaud\/Ecs3GxfKaZxJvETnQc1rBIcB0RlPjZ4iwBhAlgc4RURJvg\" target=\"_blank\" rel=\"noopener noreferrer\">DIEU SEUL 20 11 20 version 2.mp3<\/a>\u00a0<\/p>\n<p><strong>Contacto :\u00a0<a href=\"http:\/\/www.collegestjulien.com\" target=\"_blank\" rel=\"noopener noreferrer\">http:\/\/www.collegestjulien.com<\/a><\/strong><\/p>\n<p><strong>La Cantate ser\u00e1 probablamente dada en la Capilla de la Casa Madre en\u00a0 Plo\u00ebrmel, durante el a\u00f1o 2021, seg\u00fan las realidades santtarias.<\/strong><\/p>\n<div id=\"attachment_28219\" style=\"width: 870px\" class=\"wp-caption alignleft\"><img fetchpriority=\"high\" decoding=\"async\" aria-describedby=\"caption-attachment-28219\" class=\"size-large wp-image-28221\" src=\"http:\/\/www.lamennais.org\/wp-content\/uploads\/2020\/12\/P8179964-863x1024.jpg\" alt=\"\" width=\"860\" height=\"1020\" srcset=\"https:\/\/www.lamennais.org\/wp-content\/uploads\/2020\/12\/P8179964-863x1024.jpg 863w, https:\/\/www.lamennais.org\/wp-content\/uploads\/2020\/12\/P8179964-scaled-600x712.jpg 600w, https:\/\/www.lamennais.org\/wp-content\/uploads\/2020\/12\/P8179964-253x300.jpg 253w, https:\/\/www.lamennais.org\/wp-content\/uploads\/2020\/12\/P8179964-768x911.jpg 768w, https:\/\/www.lamennais.org\/wp-content\/uploads\/2020\/12\/P8179964-1294x1536.jpg 1294w, https:\/\/www.lamennais.org\/wp-content\/uploads\/2020\/12\/P8179964-1726x2048.jpg 1726w, https:\/\/www.lamennais.org\/wp-content\/uploads\/2020\/12\/P8179964-260x309.jpg 260w\" sizes=\"(max-width: 860px) 100vw, 860px\" \/><p id=\"caption-attachment-28219\" class=\"wp-caption-text\"><em>Capilla de la Casa Madre, Plo\u00ebrmel.<\/em><\/p><\/div>\n\n\n<p><\/p>\n","protected":false},"excerpt":{"rendered":"<p>\u00a1In\u00e9dito! Una obra musical titulada la \u00abCantate des Fr\u00e8res\u00bb escrita para solistas, coro y conjunto instrumental se est\u00e1 creando en Malestroit, en el Colegio San Juli\u00e1n, por la Psallette de Malestroit. Concebida como un homenaje a la acci\u00f3n llevada a cabo por Juan Mar\u00eda de la Mennais y los Hermanos desde hace 200 a\u00f1os, quiere [&hellip;]<\/p>\n","protected":false},"author":3,"featured_media":28303,"comment_status":"closed","ping_status":"closed","sticky":false,"template":"","format":"standard","meta":{"footnotes":""},"categories":[105],"tags":[],"class_list":["post-28315","post","type-post","status-publish","format-standard","has-post-thumbnail","hentry","category-noticias"],"yoast_head":"<!-- This site is optimized with the Yoast SEO plugin v27.4 - https:\/\/yoast.com\/product\/yoast-seo-wordpress\/ -->\n<title>ESCUCHAR 2 EXTRACTOS DE LA \u201cCANTATE DES FRERES\u201d. Una creaci\u00f3n musical realizada en Malestroit -Francia- para los 200 a\u00f1os de los Hermanos en concierto de 2021 - LaMennais.org<\/title>\n<meta name=\"robots\" content=\"index, follow, max-snippet:-1, max-image-preview:large, max-video-preview:-1\" \/>\n<link rel=\"canonical\" href=\"https:\/\/www.lamennais.org\/escuchar-2-extractos-de-la-cantate-des-freres-una-creacion-musical-realizada-en-malestroit-francia-para-los-200-anos-de-los-hermanos-en-concierto-de-2021\/?lang=es\" \/>\n<meta property=\"og:locale\" content=\"es_ES\" \/>\n<meta property=\"og:type\" content=\"article\" \/>\n<meta property=\"og:title\" content=\"ESCUCHAR 2 EXTRACTOS DE LA \u201cCANTATE DES FRERES\u201d. Una creaci\u00f3n musical realizada en Malestroit -Francia- para los 200 a\u00f1os de los Hermanos en concierto de 2021 - LaMennais.org\" \/>\n<meta property=\"og:description\" content=\"\u00a1In\u00e9dito! Una obra musical titulada la \u00abCantate des Fr\u00e8res\u00bb escrita para solistas, coro y conjunto instrumental se est\u00e1 creando en Malestroit, en el Colegio San Juli\u00e1n, por la Psallette de Malestroit. Concebida como un homenaje a la acci\u00f3n llevada a cabo por Juan Mar\u00eda de la Mennais y los Hermanos desde hace 200 a\u00f1os, quiere [&hellip;]\" \/>\n<meta property=\"og:url\" content=\"https:\/\/www.lamennais.org\/escuchar-2-extractos-de-la-cantate-des-freres-una-creacion-musical-realizada-en-malestroit-francia-para-los-200-anos-de-los-hermanos-en-concierto-de-2021\/?lang=es\" \/>\n<meta property=\"og:site_name\" content=\"LaMennais.org\" \/>\n<meta property=\"article:published_time\" content=\"2020-12-04T08:08:30+00:00\" \/>\n<meta property=\"article:modified_time\" content=\"2020-12-05T08:22:15+00:00\" \/>\n<meta property=\"og:image\" content=\"https:\/\/www.lamennais.org\/wp-content\/uploads\/2020\/12\/cantate.jpg\" \/>\n\t<meta property=\"og:image:width\" content=\"223\" \/>\n\t<meta property=\"og:image:height\" content=\"157\" \/>\n\t<meta property=\"og:image:type\" content=\"image\/jpeg\" \/>\n<meta name=\"author\" content=\"Herv\u00e9 Asse\" \/>\n<meta name=\"twitter:card\" content=\"summary_large_image\" \/>\n<meta name=\"twitter:label1\" content=\"Escrito por\" \/>\n\t<meta name=\"twitter:data1\" content=\"Herv\u00e9 Asse\" \/>\n\t<meta name=\"twitter:label2\" content=\"Tiempo de lectura\" \/>\n\t<meta name=\"twitter:data2\" content=\"2 minutos\" \/>\n<script type=\"application\/ld+json\" class=\"yoast-schema-graph\">{\"@context\":\"https:\\\/\\\/schema.org\",\"@graph\":[{\"@type\":\"Article\",\"@id\":\"https:\\\/\\\/www.lamennais.org\\\/escuchar-2-extractos-de-la-cantate-des-freres-una-creacion-musical-realizada-en-malestroit-francia-para-los-200-anos-de-los-hermanos-en-concierto-de-2021\\\/?lang=es#article\",\"isPartOf\":{\"@id\":\"https:\\\/\\\/www.lamennais.org\\\/escuchar-2-extractos-de-la-cantate-des-freres-una-creacion-musical-realizada-en-malestroit-francia-para-los-200-anos-de-los-hermanos-en-concierto-de-2021\\\/?lang=es\"},\"author\":{\"name\":\"Herv\u00e9 Asse\",\"@id\":\"https:\\\/\\\/www.lamennais.org\\\/#\\\/schema\\\/person\\\/2a8d6e8a95babedd5ba1c43afd2e3844\"},\"headline\":\"ESCUCHAR 2 EXTRACTOS DE LA \u201cCANTATE DES FRERES\u201d. Una creaci\u00f3n musical realizada en Malestroit -Francia- para los 200 a\u00f1os de los Hermanos en concierto de 2021\",\"datePublished\":\"2020-12-04T08:08:30+00:00\",\"dateModified\":\"2020-12-05T08:22:15+00:00\",\"mainEntityOfPage\":{\"@id\":\"https:\\\/\\\/www.lamennais.org\\\/escuchar-2-extractos-de-la-cantate-des-freres-una-creacion-musical-realizada-en-malestroit-francia-para-los-200-anos-de-los-hermanos-en-concierto-de-2021\\\/?lang=es\"},\"wordCount\":445,\"image\":{\"@id\":\"https:\\\/\\\/www.lamennais.org\\\/escuchar-2-extractos-de-la-cantate-des-freres-una-creacion-musical-realizada-en-malestroit-francia-para-los-200-anos-de-los-hermanos-en-concierto-de-2021\\\/?lang=es#primaryimage\"},\"thumbnailUrl\":\"https:\\\/\\\/www.lamennais.org\\\/wp-content\\\/uploads\\\/2020\\\/12\\\/cantate.jpg\",\"articleSection\":[\"NOTICIAS\"],\"inLanguage\":\"es\"},{\"@type\":\"WebPage\",\"@id\":\"https:\\\/\\\/www.lamennais.org\\\/escuchar-2-extractos-de-la-cantate-des-freres-una-creacion-musical-realizada-en-malestroit-francia-para-los-200-anos-de-los-hermanos-en-concierto-de-2021\\\/?lang=es\",\"url\":\"https:\\\/\\\/www.lamennais.org\\\/escuchar-2-extractos-de-la-cantate-des-freres-una-creacion-musical-realizada-en-malestroit-francia-para-los-200-anos-de-los-hermanos-en-concierto-de-2021\\\/?lang=es\",\"name\":\"ESCUCHAR 2 EXTRACTOS DE LA \u201cCANTATE DES FRERES\u201d. Una creaci\u00f3n musical realizada en Malestroit -Francia- para los 200 a\u00f1os de los Hermanos en concierto de 2021 - LaMennais.org\",\"isPartOf\":{\"@id\":\"https:\\\/\\\/www.lamennais.org\\\/#website\"},\"primaryImageOfPage\":{\"@id\":\"https:\\\/\\\/www.lamennais.org\\\/escuchar-2-extractos-de-la-cantate-des-freres-una-creacion-musical-realizada-en-malestroit-francia-para-los-200-anos-de-los-hermanos-en-concierto-de-2021\\\/?lang=es#primaryimage\"},\"image\":{\"@id\":\"https:\\\/\\\/www.lamennais.org\\\/escuchar-2-extractos-de-la-cantate-des-freres-una-creacion-musical-realizada-en-malestroit-francia-para-los-200-anos-de-los-hermanos-en-concierto-de-2021\\\/?lang=es#primaryimage\"},\"thumbnailUrl\":\"https:\\\/\\\/www.lamennais.org\\\/wp-content\\\/uploads\\\/2020\\\/12\\\/cantate.jpg\",\"datePublished\":\"2020-12-04T08:08:30+00:00\",\"dateModified\":\"2020-12-05T08:22:15+00:00\",\"author\":{\"@id\":\"https:\\\/\\\/www.lamennais.org\\\/#\\\/schema\\\/person\\\/2a8d6e8a95babedd5ba1c43afd2e3844\"},\"breadcrumb\":{\"@id\":\"https:\\\/\\\/www.lamennais.org\\\/escuchar-2-extractos-de-la-cantate-des-freres-una-creacion-musical-realizada-en-malestroit-francia-para-los-200-anos-de-los-hermanos-en-concierto-de-2021\\\/?lang=es#breadcrumb\"},\"inLanguage\":\"es\",\"potentialAction\":[{\"@type\":\"ReadAction\",\"target\":[\"https:\\\/\\\/www.lamennais.org\\\/escuchar-2-extractos-de-la-cantate-des-freres-una-creacion-musical-realizada-en-malestroit-francia-para-los-200-anos-de-los-hermanos-en-concierto-de-2021\\\/?lang=es\"]}]},{\"@type\":\"ImageObject\",\"inLanguage\":\"es\",\"@id\":\"https:\\\/\\\/www.lamennais.org\\\/escuchar-2-extractos-de-la-cantate-des-freres-una-creacion-musical-realizada-en-malestroit-francia-para-los-200-anos-de-los-hermanos-en-concierto-de-2021\\\/?lang=es#primaryimage\",\"url\":\"https:\\\/\\\/www.lamennais.org\\\/wp-content\\\/uploads\\\/2020\\\/12\\\/cantate.jpg\",\"contentUrl\":\"https:\\\/\\\/www.lamennais.org\\\/wp-content\\\/uploads\\\/2020\\\/12\\\/cantate.jpg\",\"width\":223,\"height\":157},{\"@type\":\"BreadcrumbList\",\"@id\":\"https:\\\/\\\/www.lamennais.org\\\/escuchar-2-extractos-de-la-cantate-des-freres-una-creacion-musical-realizada-en-malestroit-francia-para-los-200-anos-de-los-hermanos-en-concierto-de-2021\\\/?lang=es#breadcrumb\",\"itemListElement\":[{\"@type\":\"ListItem\",\"position\":1,\"name\":\"Accueil\",\"item\":\"https:\\\/\\\/www.lamennais.org\\\/\"},{\"@type\":\"ListItem\",\"position\":2,\"name\":\"ESCUCHAR 2 EXTRACTOS DE LA \u201cCANTATE DES FRERES\u201d. Una creaci\u00f3n musical realizada en Malestroit -Francia- para los 200 a\u00f1os de los Hermanos en concierto de 2021\"}]},{\"@type\":\"WebSite\",\"@id\":\"https:\\\/\\\/www.lamennais.org\\\/#website\",\"url\":\"https:\\\/\\\/www.lamennais.org\\\/\",\"name\":\"LaMennais.org\",\"description\":\"Fr\u00e8res de l&#039;Instruction Chr\u00e9tienne et Famille Mennaisienne\",\"potentialAction\":[{\"@type\":\"SearchAction\",\"target\":{\"@type\":\"EntryPoint\",\"urlTemplate\":\"https:\\\/\\\/www.lamennais.org\\\/?s={search_term_string}\"},\"query-input\":{\"@type\":\"PropertyValueSpecification\",\"valueRequired\":true,\"valueName\":\"search_term_string\"}}],\"inLanguage\":\"es\"},{\"@type\":\"Person\",\"@id\":\"https:\\\/\\\/www.lamennais.org\\\/#\\\/schema\\\/person\\\/2a8d6e8a95babedd5ba1c43afd2e3844\",\"name\":\"Herv\u00e9 Asse\",\"image\":{\"@type\":\"ImageObject\",\"inLanguage\":\"es\",\"@id\":\"https:\\\/\\\/secure.gravatar.com\\\/avatar\\\/1aaa7b1baf759c8b40525f40af381cbaa2b0ddd554f57145bceb0654ba45b4c0?s=96&d=mm&r=g\",\"url\":\"https:\\\/\\\/secure.gravatar.com\\\/avatar\\\/1aaa7b1baf759c8b40525f40af381cbaa2b0ddd554f57145bceb0654ba45b4c0?s=96&d=mm&r=g\",\"contentUrl\":\"https:\\\/\\\/secure.gravatar.com\\\/avatar\\\/1aaa7b1baf759c8b40525f40af381cbaa2b0ddd554f57145bceb0654ba45b4c0?s=96&d=mm&r=g\",\"caption\":\"Herv\u00e9 Asse\"}}]}<\/script>\n<!-- \/ Yoast SEO plugin. -->","yoast_head_json":{"title":"ESCUCHAR 2 EXTRACTOS DE LA \u201cCANTATE DES FRERES\u201d. Una creaci\u00f3n musical realizada en Malestroit -Francia- para los 200 a\u00f1os de los Hermanos en concierto de 2021 - LaMennais.org","robots":{"index":"index","follow":"follow","max-snippet":"max-snippet:-1","max-image-preview":"max-image-preview:large","max-video-preview":"max-video-preview:-1"},"canonical":"https:\/\/www.lamennais.org\/escuchar-2-extractos-de-la-cantate-des-freres-una-creacion-musical-realizada-en-malestroit-francia-para-los-200-anos-de-los-hermanos-en-concierto-de-2021\/?lang=es","og_locale":"es_ES","og_type":"article","og_title":"ESCUCHAR 2 EXTRACTOS DE LA \u201cCANTATE DES FRERES\u201d. Una creaci\u00f3n musical realizada en Malestroit -Francia- para los 200 a\u00f1os de los Hermanos en concierto de 2021 - LaMennais.org","og_description":"\u00a1In\u00e9dito! Una obra musical titulada la \u00abCantate des Fr\u00e8res\u00bb escrita para solistas, coro y conjunto instrumental se est\u00e1 creando en Malestroit, en el Colegio San Juli\u00e1n, por la Psallette de Malestroit. Concebida como un homenaje a la acci\u00f3n llevada a cabo por Juan Mar\u00eda de la Mennais y los Hermanos desde hace 200 a\u00f1os, quiere [&hellip;]","og_url":"https:\/\/www.lamennais.org\/escuchar-2-extractos-de-la-cantate-des-freres-una-creacion-musical-realizada-en-malestroit-francia-para-los-200-anos-de-los-hermanos-en-concierto-de-2021\/?lang=es","og_site_name":"LaMennais.org","article_published_time":"2020-12-04T08:08:30+00:00","article_modified_time":"2020-12-05T08:22:15+00:00","og_image":[{"width":223,"height":157,"url":"https:\/\/www.lamennais.org\/wp-content\/uploads\/2020\/12\/cantate.jpg","type":"image\/jpeg"}],"author":"Herv\u00e9 Asse","twitter_card":"summary_large_image","twitter_misc":{"Escrito por":"Herv\u00e9 Asse","Tiempo de lectura":"2 minutos"},"schema":{"@context":"https:\/\/schema.org","@graph":[{"@type":"Article","@id":"https:\/\/www.lamennais.org\/escuchar-2-extractos-de-la-cantate-des-freres-una-creacion-musical-realizada-en-malestroit-francia-para-los-200-anos-de-los-hermanos-en-concierto-de-2021\/?lang=es#article","isPartOf":{"@id":"https:\/\/www.lamennais.org\/escuchar-2-extractos-de-la-cantate-des-freres-una-creacion-musical-realizada-en-malestroit-francia-para-los-200-anos-de-los-hermanos-en-concierto-de-2021\/?lang=es"},"author":{"name":"Herv\u00e9 Asse","@id":"https:\/\/www.lamennais.org\/#\/schema\/person\/2a8d6e8a95babedd5ba1c43afd2e3844"},"headline":"ESCUCHAR 2 EXTRACTOS DE LA \u201cCANTATE DES FRERES\u201d. Una creaci\u00f3n musical realizada en Malestroit -Francia- para los 200 a\u00f1os de los Hermanos en concierto de 2021","datePublished":"2020-12-04T08:08:30+00:00","dateModified":"2020-12-05T08:22:15+00:00","mainEntityOfPage":{"@id":"https:\/\/www.lamennais.org\/escuchar-2-extractos-de-la-cantate-des-freres-una-creacion-musical-realizada-en-malestroit-francia-para-los-200-anos-de-los-hermanos-en-concierto-de-2021\/?lang=es"},"wordCount":445,"image":{"@id":"https:\/\/www.lamennais.org\/escuchar-2-extractos-de-la-cantate-des-freres-una-creacion-musical-realizada-en-malestroit-francia-para-los-200-anos-de-los-hermanos-en-concierto-de-2021\/?lang=es#primaryimage"},"thumbnailUrl":"https:\/\/www.lamennais.org\/wp-content\/uploads\/2020\/12\/cantate.jpg","articleSection":["NOTICIAS"],"inLanguage":"es"},{"@type":"WebPage","@id":"https:\/\/www.lamennais.org\/escuchar-2-extractos-de-la-cantate-des-freres-una-creacion-musical-realizada-en-malestroit-francia-para-los-200-anos-de-los-hermanos-en-concierto-de-2021\/?lang=es","url":"https:\/\/www.lamennais.org\/escuchar-2-extractos-de-la-cantate-des-freres-una-creacion-musical-realizada-en-malestroit-francia-para-los-200-anos-de-los-hermanos-en-concierto-de-2021\/?lang=es","name":"ESCUCHAR 2 EXTRACTOS DE LA \u201cCANTATE DES FRERES\u201d. Una creaci\u00f3n musical realizada en Malestroit -Francia- para los 200 a\u00f1os de los Hermanos en concierto de 2021 - LaMennais.org","isPartOf":{"@id":"https:\/\/www.lamennais.org\/#website"},"primaryImageOfPage":{"@id":"https:\/\/www.lamennais.org\/escuchar-2-extractos-de-la-cantate-des-freres-una-creacion-musical-realizada-en-malestroit-francia-para-los-200-anos-de-los-hermanos-en-concierto-de-2021\/?lang=es#primaryimage"},"image":{"@id":"https:\/\/www.lamennais.org\/escuchar-2-extractos-de-la-cantate-des-freres-una-creacion-musical-realizada-en-malestroit-francia-para-los-200-anos-de-los-hermanos-en-concierto-de-2021\/?lang=es#primaryimage"},"thumbnailUrl":"https:\/\/www.lamennais.org\/wp-content\/uploads\/2020\/12\/cantate.jpg","datePublished":"2020-12-04T08:08:30+00:00","dateModified":"2020-12-05T08:22:15+00:00","author":{"@id":"https:\/\/www.lamennais.org\/#\/schema\/person\/2a8d6e8a95babedd5ba1c43afd2e3844"},"breadcrumb":{"@id":"https:\/\/www.lamennais.org\/escuchar-2-extractos-de-la-cantate-des-freres-una-creacion-musical-realizada-en-malestroit-francia-para-los-200-anos-de-los-hermanos-en-concierto-de-2021\/?lang=es#breadcrumb"},"inLanguage":"es","potentialAction":[{"@type":"ReadAction","target":["https:\/\/www.lamennais.org\/escuchar-2-extractos-de-la-cantate-des-freres-una-creacion-musical-realizada-en-malestroit-francia-para-los-200-anos-de-los-hermanos-en-concierto-de-2021\/?lang=es"]}]},{"@type":"ImageObject","inLanguage":"es","@id":"https:\/\/www.lamennais.org\/escuchar-2-extractos-de-la-cantate-des-freres-una-creacion-musical-realizada-en-malestroit-francia-para-los-200-anos-de-los-hermanos-en-concierto-de-2021\/?lang=es#primaryimage","url":"https:\/\/www.lamennais.org\/wp-content\/uploads\/2020\/12\/cantate.jpg","contentUrl":"https:\/\/www.lamennais.org\/wp-content\/uploads\/2020\/12\/cantate.jpg","width":223,"height":157},{"@type":"BreadcrumbList","@id":"https:\/\/www.lamennais.org\/escuchar-2-extractos-de-la-cantate-des-freres-una-creacion-musical-realizada-en-malestroit-francia-para-los-200-anos-de-los-hermanos-en-concierto-de-2021\/?lang=es#breadcrumb","itemListElement":[{"@type":"ListItem","position":1,"name":"Accueil","item":"https:\/\/www.lamennais.org\/"},{"@type":"ListItem","position":2,"name":"ESCUCHAR 2 EXTRACTOS DE LA \u201cCANTATE DES FRERES\u201d. Una creaci\u00f3n musical realizada en Malestroit -Francia- para los 200 a\u00f1os de los Hermanos en concierto de 2021"}]},{"@type":"WebSite","@id":"https:\/\/www.lamennais.org\/#website","url":"https:\/\/www.lamennais.org\/","name":"LaMennais.org","description":"Fr\u00e8res de l&#039;Instruction Chr\u00e9tienne et Famille Mennaisienne","potentialAction":[{"@type":"SearchAction","target":{"@type":"EntryPoint","urlTemplate":"https:\/\/www.lamennais.org\/?s={search_term_string}"},"query-input":{"@type":"PropertyValueSpecification","valueRequired":true,"valueName":"search_term_string"}}],"inLanguage":"es"},{"@type":"Person","@id":"https:\/\/www.lamennais.org\/#\/schema\/person\/2a8d6e8a95babedd5ba1c43afd2e3844","name":"Herv\u00e9 Asse","image":{"@type":"ImageObject","inLanguage":"es","@id":"https:\/\/secure.gravatar.com\/avatar\/1aaa7b1baf759c8b40525f40af381cbaa2b0ddd554f57145bceb0654ba45b4c0?s=96&d=mm&r=g","url":"https:\/\/secure.gravatar.com\/avatar\/1aaa7b1baf759c8b40525f40af381cbaa2b0ddd554f57145bceb0654ba45b4c0?s=96&d=mm&r=g","contentUrl":"https:\/\/secure.gravatar.com\/avatar\/1aaa7b1baf759c8b40525f40af381cbaa2b0ddd554f57145bceb0654ba45b4c0?s=96&d=mm&r=g","caption":"Herv\u00e9 Asse"}}]}},"_links":{"self":[{"href":"https:\/\/www.lamennais.org\/es\/wp-json\/wp\/v2\/posts\/28315","targetHints":{"allow":["GET"]}}],"collection":[{"href":"https:\/\/www.lamennais.org\/es\/wp-json\/wp\/v2\/posts"}],"about":[{"href":"https:\/\/www.lamennais.org\/es\/wp-json\/wp\/v2\/types\/post"}],"author":[{"embeddable":true,"href":"https:\/\/www.lamennais.org\/es\/wp-json\/wp\/v2\/users\/3"}],"replies":[{"embeddable":true,"href":"https:\/\/www.lamennais.org\/es\/wp-json\/wp\/v2\/comments?post=28315"}],"version-history":[{"count":4,"href":"https:\/\/www.lamennais.org\/es\/wp-json\/wp\/v2\/posts\/28315\/revisions"}],"predecessor-version":[{"id":28320,"href":"https:\/\/www.lamennais.org\/es\/wp-json\/wp\/v2\/posts\/28315\/revisions\/28320"}],"wp:featuredmedia":[{"embeddable":true,"href":"https:\/\/www.lamennais.org\/es\/wp-json\/wp\/v2\/media\/28303"}],"wp:attachment":[{"href":"https:\/\/www.lamennais.org\/es\/wp-json\/wp\/v2\/media?parent=28315"}],"wp:term":[{"taxonomy":"category","embeddable":true,"href":"https:\/\/www.lamennais.org\/es\/wp-json\/wp\/v2\/categories?post=28315"},{"taxonomy":"post_tag","embeddable":true,"href":"https:\/\/www.lamennais.org\/es\/wp-json\/wp\/v2\/tags?post=28315"}],"curies":[{"name":"wp","href":"https:\/\/api.w.org\/{rel}","templated":true}]}}