{"id":26039,"date":"2020-04-16T11:21:00","date_gmt":"2020-04-16T09:21:00","guid":{"rendered":"http:\/\/www.lamennais.org\/?p=26039"},"modified":"2020-04-16T15:38:59","modified_gmt":"2020-04-16T13:38:59","slug":"pascua-es-la-vida-acojamos-al-resucitado-presencia-y-esperanza-mensaje-del-consejo-general","status":"publish","type":"post","link":"https:\/\/www.lamennais.org\/es\/pascua-es-la-vida-acojamos-al-resucitado-presencia-y-esperanza-mensaje-del-consejo-general\/","title":{"rendered":"PASCUA ES LA VIDA. \u00abAcojamos al Resucitado: presencia y esperanza\u00bb. Mensaje del Consejo General"},"content":{"rendered":"<p><strong>Con ocasi\u00f3n de la fiesta de Pascua, el Consejo General de la Congregaci\u00f3n ha dirigido un mensaje a todos.<\/strong><\/p>\n<p><img fetchpriority=\"high\" decoding=\"async\" class=\"alignleft size-large wp-image-26040\" src=\"http:\/\/www.lamennais.org\/wp-content\/uploads\/2020\/04\/cg-2020-1024x299.jpg\" alt=\"\" width=\"860\" height=\"251\" srcset=\"https:\/\/www.lamennais.org\/wp-content\/uploads\/2020\/04\/cg-2020-1024x299.jpg 1024w, https:\/\/www.lamennais.org\/wp-content\/uploads\/2020\/04\/cg-2020-600x175.jpg 600w, https:\/\/www.lamennais.org\/wp-content\/uploads\/2020\/04\/cg-2020-300x88.jpg 300w, https:\/\/www.lamennais.org\/wp-content\/uploads\/2020\/04\/cg-2020-768x224.jpg 768w, https:\/\/www.lamennais.org\/wp-content\/uploads\/2020\/04\/cg-2020-260x76.jpg 260w, https:\/\/www.lamennais.org\/wp-content\/uploads\/2020\/04\/cg-2020.jpg 1364w\" sizes=\"(max-width: 860px) 100vw, 860px\" \/><\/p>\n<p>\u201cUn saludo de la Casa, la Casa Generalicia de Roma.<\/p>\n<p>Solidariz\u00e1ndonos en la oraci\u00f3n con todos los afectados de una u otra manera, como ya lo hemos hecho con la Familia Menesiana de Espa\u00f1a,<\/p>\n<p><strong>nosotros, los miembros del Consejo General<\/strong>, queremos asegurar nuestra cercan\u00eda a cada Hermano individualmente y a cada laico, all\u00e1 donde cada uno est\u00e9 durante este tiempo de aislamiento.<\/p>\n<p>Ofrecemos esta humilde comunicaci\u00f3n como s\u00edmbolo de nuestra presencia junto a vosotros, como una invitaci\u00f3n a una nueva esperanza.\u00a0En efecto, no tenemos que perder la esperanza.<\/p>\n<p>Que nuestra celebraci\u00f3n de la Resurrecci\u00f3n de Nuestro Se\u00f1or, en estas circunstancias tan particulares, nos ayude a mirar m\u00e1s all\u00e1 del vac\u00edo decepcionante de nuestras aulas, de la inmovilidad de todas las actividades, o de las puertas cerradas de nuestras iglesias\u2026 y nos ayude a levantar los ojos hacia Jes\u00fas que est\u00e1 vivo, que vive en nosotros mismos y vive para toda la Humanidad.\u201d<\/p>\n<p><img decoding=\"async\" class=\"alignleft size-large wp-image-26043\" src=\"http:\/\/www.lamennais.org\/wp-content\/uploads\/2020\/04\/cg2-1024x445.jpg\" alt=\"\" width=\"860\" height=\"374\" srcset=\"https:\/\/www.lamennais.org\/wp-content\/uploads\/2020\/04\/cg2-1024x445.jpg 1024w, https:\/\/www.lamennais.org\/wp-content\/uploads\/2020\/04\/cg2-600x261.jpg 600w, https:\/\/www.lamennais.org\/wp-content\/uploads\/2020\/04\/cg2-300x130.jpg 300w, https:\/\/www.lamennais.org\/wp-content\/uploads\/2020\/04\/cg2-768x334.jpg 768w, https:\/\/www.lamennais.org\/wp-content\/uploads\/2020\/04\/cg2-1536x668.jpg 1536w, https:\/\/www.lamennais.org\/wp-content\/uploads\/2020\/04\/cg2-260x113.jpg 260w, https:\/\/www.lamennais.org\/wp-content\/uploads\/2020\/04\/cg2.jpg 1667w\" sizes=\"(max-width: 860px) 100vw, 860px\" \/><\/p>\n","protected":false},"excerpt":{"rendered":"<p>Con ocasi\u00f3n de la fiesta de Pascua, el Consejo General de la Congregaci\u00f3n ha dirigido un mensaje a todos. \u201cUn saludo de la Casa, la Casa Generalicia de Roma. Solidariz\u00e1ndonos en la oraci\u00f3n con todos los afectados de una u otra manera, como ya lo hemos hecho con la Familia Menesiana de Espa\u00f1a, nosotros, los [&hellip;]<\/p>\n","protected":false},"author":3,"featured_media":25999,"comment_status":"closed","ping_status":"closed","sticky":false,"template":"","format":"standard","meta":{"footnotes":""},"categories":[105],"tags":[],"class_list":["post-26039","post","type-post","status-publish","format-standard","has-post-thumbnail","hentry","category-noticias"],"yoast_head":"<!-- This site is optimized with the Yoast SEO plugin v27.4 - https:\/\/yoast.com\/product\/yoast-seo-wordpress\/ -->\n<title>PASCUA ES LA VIDA. \u00abAcojamos al Resucitado: presencia y esperanza\u00bb. Mensaje del Consejo General - LaMennais.org<\/title>\n<meta name=\"robots\" content=\"index, follow, max-snippet:-1, max-image-preview:large, max-video-preview:-1\" \/>\n<link rel=\"canonical\" href=\"https:\/\/www.lamennais.org\/pascua-es-la-vida-acojamos-al-resucitado-presencia-y-esperanza-mensaje-del-consejo-general\/?lang=es\" \/>\n<meta property=\"og:locale\" content=\"es_ES\" \/>\n<meta property=\"og:type\" content=\"article\" \/>\n<meta property=\"og:title\" content=\"PASCUA ES LA VIDA. \u00abAcojamos al Resucitado: presencia y esperanza\u00bb. Mensaje del Consejo General - LaMennais.org\" \/>\n<meta property=\"og:description\" content=\"Con ocasi\u00f3n de la fiesta de Pascua, el Consejo General de la Congregaci\u00f3n ha dirigido un mensaje a todos. \u201cUn saludo de la Casa, la Casa Generalicia de Roma. Solidariz\u00e1ndonos en la oraci\u00f3n con todos los afectados de una u otra manera, como ya lo hemos hecho con la Familia Menesiana de Espa\u00f1a, nosotros, los [&hellip;]\" \/>\n<meta property=\"og:url\" content=\"https:\/\/www.lamennais.org\/pascua-es-la-vida-acojamos-al-resucitado-presencia-y-esperanza-mensaje-del-consejo-general\/?lang=es\" \/>\n<meta property=\"og:site_name\" content=\"LaMennais.org\" \/>\n<meta property=\"article:published_time\" content=\"2020-04-16T09:21:00+00:00\" \/>\n<meta property=\"article:modified_time\" content=\"2020-04-16T13:38:59+00:00\" \/>\n<meta property=\"og:image\" content=\"https:\/\/www.lamennais.org\/wp-content\/uploads\/2020\/04\/20200411_162928-e1587044471696-scaled.jpg\" \/>\n\t<meta property=\"og:image:width\" content=\"2560\" \/>\n\t<meta property=\"og:image:height\" content=\"831\" \/>\n\t<meta property=\"og:image:type\" content=\"image\/jpeg\" \/>\n<meta name=\"author\" content=\"Herv\u00e9 Asse\" \/>\n<meta name=\"twitter:card\" content=\"summary_large_image\" \/>\n<meta name=\"twitter:label1\" content=\"Escrito por\" \/>\n\t<meta name=\"twitter:data1\" content=\"Herv\u00e9 Asse\" \/>\n\t<meta name=\"twitter:label2\" content=\"Tiempo de lectura\" \/>\n\t<meta name=\"twitter:data2\" content=\"1 minuto\" \/>\n<script type=\"application\/ld+json\" class=\"yoast-schema-graph\">{\"@context\":\"https:\\\/\\\/schema.org\",\"@graph\":[{\"@type\":\"Article\",\"@id\":\"https:\\\/\\\/www.lamennais.org\\\/pascua-es-la-vida-acojamos-al-resucitado-presencia-y-esperanza-mensaje-del-consejo-general\\\/?lang=es#article\",\"isPartOf\":{\"@id\":\"https:\\\/\\\/www.lamennais.org\\\/pascua-es-la-vida-acojamos-al-resucitado-presencia-y-esperanza-mensaje-del-consejo-general\\\/?lang=es\"},\"author\":{\"name\":\"Herv\u00e9 Asse\",\"@id\":\"https:\\\/\\\/www.lamennais.org\\\/#\\\/schema\\\/person\\\/2a8d6e8a95babedd5ba1c43afd2e3844\"},\"headline\":\"PASCUA ES LA VIDA. \u00abAcojamos al Resucitado: presencia y esperanza\u00bb. Mensaje del Consejo General\",\"datePublished\":\"2020-04-16T09:21:00+00:00\",\"dateModified\":\"2020-04-16T13:38:59+00:00\",\"mainEntityOfPage\":{\"@id\":\"https:\\\/\\\/www.lamennais.org\\\/pascua-es-la-vida-acojamos-al-resucitado-presencia-y-esperanza-mensaje-del-consejo-general\\\/?lang=es\"},\"wordCount\":201,\"image\":{\"@id\":\"https:\\\/\\\/www.lamennais.org\\\/pascua-es-la-vida-acojamos-al-resucitado-presencia-y-esperanza-mensaje-del-consejo-general\\\/?lang=es#primaryimage\"},\"thumbnailUrl\":\"https:\\\/\\\/www.lamennais.org\\\/wp-content\\\/uploads\\\/2020\\\/04\\\/20200411_162928-e1587044471696-scaled.jpg\",\"articleSection\":[\"NOTICIAS\"],\"inLanguage\":\"es\"},{\"@type\":\"WebPage\",\"@id\":\"https:\\\/\\\/www.lamennais.org\\\/pascua-es-la-vida-acojamos-al-resucitado-presencia-y-esperanza-mensaje-del-consejo-general\\\/?lang=es\",\"url\":\"https:\\\/\\\/www.lamennais.org\\\/pascua-es-la-vida-acojamos-al-resucitado-presencia-y-esperanza-mensaje-del-consejo-general\\\/?lang=es\",\"name\":\"PASCUA ES LA VIDA. \u00abAcojamos al Resucitado: presencia y esperanza\u00bb. Mensaje del Consejo General - LaMennais.org\",\"isPartOf\":{\"@id\":\"https:\\\/\\\/www.lamennais.org\\\/#website\"},\"primaryImageOfPage\":{\"@id\":\"https:\\\/\\\/www.lamennais.org\\\/pascua-es-la-vida-acojamos-al-resucitado-presencia-y-esperanza-mensaje-del-consejo-general\\\/?lang=es#primaryimage\"},\"image\":{\"@id\":\"https:\\\/\\\/www.lamennais.org\\\/pascua-es-la-vida-acojamos-al-resucitado-presencia-y-esperanza-mensaje-del-consejo-general\\\/?lang=es#primaryimage\"},\"thumbnailUrl\":\"https:\\\/\\\/www.lamennais.org\\\/wp-content\\\/uploads\\\/2020\\\/04\\\/20200411_162928-e1587044471696-scaled.jpg\",\"datePublished\":\"2020-04-16T09:21:00+00:00\",\"dateModified\":\"2020-04-16T13:38:59+00:00\",\"author\":{\"@id\":\"https:\\\/\\\/www.lamennais.org\\\/#\\\/schema\\\/person\\\/2a8d6e8a95babedd5ba1c43afd2e3844\"},\"breadcrumb\":{\"@id\":\"https:\\\/\\\/www.lamennais.org\\\/pascua-es-la-vida-acojamos-al-resucitado-presencia-y-esperanza-mensaje-del-consejo-general\\\/?lang=es#breadcrumb\"},\"inLanguage\":\"es\",\"potentialAction\":[{\"@type\":\"ReadAction\",\"target\":[\"https:\\\/\\\/www.lamennais.org\\\/pascua-es-la-vida-acojamos-al-resucitado-presencia-y-esperanza-mensaje-del-consejo-general\\\/?lang=es\"]}]},{\"@type\":\"ImageObject\",\"inLanguage\":\"es\",\"@id\":\"https:\\\/\\\/www.lamennais.org\\\/pascua-es-la-vida-acojamos-al-resucitado-presencia-y-esperanza-mensaje-del-consejo-general\\\/?lang=es#primaryimage\",\"url\":\"https:\\\/\\\/www.lamennais.org\\\/wp-content\\\/uploads\\\/2020\\\/04\\\/20200411_162928-e1587044471696-scaled.jpg\",\"contentUrl\":\"https:\\\/\\\/www.lamennais.org\\\/wp-content\\\/uploads\\\/2020\\\/04\\\/20200411_162928-e1587044471696-scaled.jpg\",\"width\":2560,\"height\":831},{\"@type\":\"BreadcrumbList\",\"@id\":\"https:\\\/\\\/www.lamennais.org\\\/pascua-es-la-vida-acojamos-al-resucitado-presencia-y-esperanza-mensaje-del-consejo-general\\\/?lang=es#breadcrumb\",\"itemListElement\":[{\"@type\":\"ListItem\",\"position\":1,\"name\":\"Accueil\",\"item\":\"https:\\\/\\\/www.lamennais.org\\\/\"},{\"@type\":\"ListItem\",\"position\":2,\"name\":\"PASCUA ES LA VIDA. \u00abAcojamos al Resucitado: presencia y esperanza\u00bb. Mensaje del Consejo General\"}]},{\"@type\":\"WebSite\",\"@id\":\"https:\\\/\\\/www.lamennais.org\\\/#website\",\"url\":\"https:\\\/\\\/www.lamennais.org\\\/\",\"name\":\"LaMennais.org\",\"description\":\"Fr\u00e8res de l&#039;Instruction Chr\u00e9tienne et Famille Mennaisienne\",\"potentialAction\":[{\"@type\":\"SearchAction\",\"target\":{\"@type\":\"EntryPoint\",\"urlTemplate\":\"https:\\\/\\\/www.lamennais.org\\\/?s={search_term_string}\"},\"query-input\":{\"@type\":\"PropertyValueSpecification\",\"valueRequired\":true,\"valueName\":\"search_term_string\"}}],\"inLanguage\":\"es\"},{\"@type\":\"Person\",\"@id\":\"https:\\\/\\\/www.lamennais.org\\\/#\\\/schema\\\/person\\\/2a8d6e8a95babedd5ba1c43afd2e3844\",\"name\":\"Herv\u00e9 Asse\",\"image\":{\"@type\":\"ImageObject\",\"inLanguage\":\"es\",\"@id\":\"https:\\\/\\\/secure.gravatar.com\\\/avatar\\\/1aaa7b1baf759c8b40525f40af381cbaa2b0ddd554f57145bceb0654ba45b4c0?s=96&d=mm&r=g\",\"url\":\"https:\\\/\\\/secure.gravatar.com\\\/avatar\\\/1aaa7b1baf759c8b40525f40af381cbaa2b0ddd554f57145bceb0654ba45b4c0?s=96&d=mm&r=g\",\"contentUrl\":\"https:\\\/\\\/secure.gravatar.com\\\/avatar\\\/1aaa7b1baf759c8b40525f40af381cbaa2b0ddd554f57145bceb0654ba45b4c0?s=96&d=mm&r=g\",\"caption\":\"Herv\u00e9 Asse\"}}]}<\/script>\n<!-- \/ Yoast SEO plugin. -->","yoast_head_json":{"title":"PASCUA ES LA VIDA. \u00abAcojamos al Resucitado: presencia y esperanza\u00bb. Mensaje del Consejo General - LaMennais.org","robots":{"index":"index","follow":"follow","max-snippet":"max-snippet:-1","max-image-preview":"max-image-preview:large","max-video-preview":"max-video-preview:-1"},"canonical":"https:\/\/www.lamennais.org\/pascua-es-la-vida-acojamos-al-resucitado-presencia-y-esperanza-mensaje-del-consejo-general\/?lang=es","og_locale":"es_ES","og_type":"article","og_title":"PASCUA ES LA VIDA. \u00abAcojamos al Resucitado: presencia y esperanza\u00bb. Mensaje del Consejo General - LaMennais.org","og_description":"Con ocasi\u00f3n de la fiesta de Pascua, el Consejo General de la Congregaci\u00f3n ha dirigido un mensaje a todos. \u201cUn saludo de la Casa, la Casa Generalicia de Roma. Solidariz\u00e1ndonos en la oraci\u00f3n con todos los afectados de una u otra manera, como ya lo hemos hecho con la Familia Menesiana de Espa\u00f1a, nosotros, los [&hellip;]","og_url":"https:\/\/www.lamennais.org\/pascua-es-la-vida-acojamos-al-resucitado-presencia-y-esperanza-mensaje-del-consejo-general\/?lang=es","og_site_name":"LaMennais.org","article_published_time":"2020-04-16T09:21:00+00:00","article_modified_time":"2020-04-16T13:38:59+00:00","og_image":[{"width":2560,"height":831,"url":"https:\/\/www.lamennais.org\/wp-content\/uploads\/2020\/04\/20200411_162928-e1587044471696-scaled.jpg","type":"image\/jpeg"}],"author":"Herv\u00e9 Asse","twitter_card":"summary_large_image","twitter_misc":{"Escrito por":"Herv\u00e9 Asse","Tiempo de lectura":"1 minuto"},"schema":{"@context":"https:\/\/schema.org","@graph":[{"@type":"Article","@id":"https:\/\/www.lamennais.org\/pascua-es-la-vida-acojamos-al-resucitado-presencia-y-esperanza-mensaje-del-consejo-general\/?lang=es#article","isPartOf":{"@id":"https:\/\/www.lamennais.org\/pascua-es-la-vida-acojamos-al-resucitado-presencia-y-esperanza-mensaje-del-consejo-general\/?lang=es"},"author":{"name":"Herv\u00e9 Asse","@id":"https:\/\/www.lamennais.org\/#\/schema\/person\/2a8d6e8a95babedd5ba1c43afd2e3844"},"headline":"PASCUA ES LA VIDA. \u00abAcojamos al Resucitado: presencia y esperanza\u00bb. Mensaje del Consejo General","datePublished":"2020-04-16T09:21:00+00:00","dateModified":"2020-04-16T13:38:59+00:00","mainEntityOfPage":{"@id":"https:\/\/www.lamennais.org\/pascua-es-la-vida-acojamos-al-resucitado-presencia-y-esperanza-mensaje-del-consejo-general\/?lang=es"},"wordCount":201,"image":{"@id":"https:\/\/www.lamennais.org\/pascua-es-la-vida-acojamos-al-resucitado-presencia-y-esperanza-mensaje-del-consejo-general\/?lang=es#primaryimage"},"thumbnailUrl":"https:\/\/www.lamennais.org\/wp-content\/uploads\/2020\/04\/20200411_162928-e1587044471696-scaled.jpg","articleSection":["NOTICIAS"],"inLanguage":"es"},{"@type":"WebPage","@id":"https:\/\/www.lamennais.org\/pascua-es-la-vida-acojamos-al-resucitado-presencia-y-esperanza-mensaje-del-consejo-general\/?lang=es","url":"https:\/\/www.lamennais.org\/pascua-es-la-vida-acojamos-al-resucitado-presencia-y-esperanza-mensaje-del-consejo-general\/?lang=es","name":"PASCUA ES LA VIDA. \u00abAcojamos al Resucitado: presencia y esperanza\u00bb. Mensaje del Consejo General - LaMennais.org","isPartOf":{"@id":"https:\/\/www.lamennais.org\/#website"},"primaryImageOfPage":{"@id":"https:\/\/www.lamennais.org\/pascua-es-la-vida-acojamos-al-resucitado-presencia-y-esperanza-mensaje-del-consejo-general\/?lang=es#primaryimage"},"image":{"@id":"https:\/\/www.lamennais.org\/pascua-es-la-vida-acojamos-al-resucitado-presencia-y-esperanza-mensaje-del-consejo-general\/?lang=es#primaryimage"},"thumbnailUrl":"https:\/\/www.lamennais.org\/wp-content\/uploads\/2020\/04\/20200411_162928-e1587044471696-scaled.jpg","datePublished":"2020-04-16T09:21:00+00:00","dateModified":"2020-04-16T13:38:59+00:00","author":{"@id":"https:\/\/www.lamennais.org\/#\/schema\/person\/2a8d6e8a95babedd5ba1c43afd2e3844"},"breadcrumb":{"@id":"https:\/\/www.lamennais.org\/pascua-es-la-vida-acojamos-al-resucitado-presencia-y-esperanza-mensaje-del-consejo-general\/?lang=es#breadcrumb"},"inLanguage":"es","potentialAction":[{"@type":"ReadAction","target":["https:\/\/www.lamennais.org\/pascua-es-la-vida-acojamos-al-resucitado-presencia-y-esperanza-mensaje-del-consejo-general\/?lang=es"]}]},{"@type":"ImageObject","inLanguage":"es","@id":"https:\/\/www.lamennais.org\/pascua-es-la-vida-acojamos-al-resucitado-presencia-y-esperanza-mensaje-del-consejo-general\/?lang=es#primaryimage","url":"https:\/\/www.lamennais.org\/wp-content\/uploads\/2020\/04\/20200411_162928-e1587044471696-scaled.jpg","contentUrl":"https:\/\/www.lamennais.org\/wp-content\/uploads\/2020\/04\/20200411_162928-e1587044471696-scaled.jpg","width":2560,"height":831},{"@type":"BreadcrumbList","@id":"https:\/\/www.lamennais.org\/pascua-es-la-vida-acojamos-al-resucitado-presencia-y-esperanza-mensaje-del-consejo-general\/?lang=es#breadcrumb","itemListElement":[{"@type":"ListItem","position":1,"name":"Accueil","item":"https:\/\/www.lamennais.org\/"},{"@type":"ListItem","position":2,"name":"PASCUA ES LA VIDA. \u00abAcojamos al Resucitado: presencia y esperanza\u00bb. Mensaje del Consejo General"}]},{"@type":"WebSite","@id":"https:\/\/www.lamennais.org\/#website","url":"https:\/\/www.lamennais.org\/","name":"LaMennais.org","description":"Fr\u00e8res de l&#039;Instruction Chr\u00e9tienne et Famille Mennaisienne","potentialAction":[{"@type":"SearchAction","target":{"@type":"EntryPoint","urlTemplate":"https:\/\/www.lamennais.org\/?s={search_term_string}"},"query-input":{"@type":"PropertyValueSpecification","valueRequired":true,"valueName":"search_term_string"}}],"inLanguage":"es"},{"@type":"Person","@id":"https:\/\/www.lamennais.org\/#\/schema\/person\/2a8d6e8a95babedd5ba1c43afd2e3844","name":"Herv\u00e9 Asse","image":{"@type":"ImageObject","inLanguage":"es","@id":"https:\/\/secure.gravatar.com\/avatar\/1aaa7b1baf759c8b40525f40af381cbaa2b0ddd554f57145bceb0654ba45b4c0?s=96&d=mm&r=g","url":"https:\/\/secure.gravatar.com\/avatar\/1aaa7b1baf759c8b40525f40af381cbaa2b0ddd554f57145bceb0654ba45b4c0?s=96&d=mm&r=g","contentUrl":"https:\/\/secure.gravatar.com\/avatar\/1aaa7b1baf759c8b40525f40af381cbaa2b0ddd554f57145bceb0654ba45b4c0?s=96&d=mm&r=g","caption":"Herv\u00e9 Asse"}}]}},"_links":{"self":[{"href":"https:\/\/www.lamennais.org\/es\/wp-json\/wp\/v2\/posts\/26039","targetHints":{"allow":["GET"]}}],"collection":[{"href":"https:\/\/www.lamennais.org\/es\/wp-json\/wp\/v2\/posts"}],"about":[{"href":"https:\/\/www.lamennais.org\/es\/wp-json\/wp\/v2\/types\/post"}],"author":[{"embeddable":true,"href":"https:\/\/www.lamennais.org\/es\/wp-json\/wp\/v2\/users\/3"}],"replies":[{"embeddable":true,"href":"https:\/\/www.lamennais.org\/es\/wp-json\/wp\/v2\/comments?post=26039"}],"version-history":[{"count":1,"href":"https:\/\/www.lamennais.org\/es\/wp-json\/wp\/v2\/posts\/26039\/revisions"}],"predecessor-version":[{"id":26046,"href":"https:\/\/www.lamennais.org\/es\/wp-json\/wp\/v2\/posts\/26039\/revisions\/26046"}],"wp:featuredmedia":[{"embeddable":true,"href":"https:\/\/www.lamennais.org\/es\/wp-json\/wp\/v2\/media\/25999"}],"wp:attachment":[{"href":"https:\/\/www.lamennais.org\/es\/wp-json\/wp\/v2\/media?parent=26039"}],"wp:term":[{"taxonomy":"category","embeddable":true,"href":"https:\/\/www.lamennais.org\/es\/wp-json\/wp\/v2\/categories?post=26039"},{"taxonomy":"post_tag","embeddable":true,"href":"https:\/\/www.lamennais.org\/es\/wp-json\/wp\/v2\/tags?post=26039"}],"curies":[{"name":"wp","href":"https:\/\/api.w.org\/{rel}","templated":true}]}}