{"id":25949,"date":"2020-04-06T18:12:17","date_gmt":"2020-04-06T16:12:17","guid":{"rendered":"http:\/\/www.lamennais.org\/?p=25949"},"modified":"2020-04-07T16:29:20","modified_gmt":"2020-04-07T14:29:20","slug":"semana-santa-siete-dias-al-ritmo-del-mundo-y-de-la-familia-menesiana","status":"publish","type":"post","link":"https:\/\/www.lamennais.org\/es\/semana-santa-siete-dias-al-ritmo-del-mundo-y-de-la-familia-menesiana\/","title":{"rendered":"SEMANA SANTA. Siete d\u00edas al ritmo del mundo y de la Familia Menesiana"},"content":{"rendered":"<h2><strong>Lunes. Escuchar y cantar<\/strong><\/h2>\n<p>Silencio. Menos ruido. Reducci\u00f3n de la contaminaci\u00f3n. M\u00e1s espacio para escucharse o escuchar y mirar. Componer m\u00fasica tambi\u00e9n.<\/p>\n<div id=\"attachment_25866\" style=\"width: 802px\" class=\"wp-caption alignleft\"><img fetchpriority=\"high\" decoding=\"async\" aria-describedby=\"caption-attachment-25866\" class=\"wp-image-25866 size-full\" src=\"http:\/\/www.lamennais.org\/wp-content\/uploads\/2020\/04\/Capture-49.jpg\" alt=\"\" width=\"792\" height=\"416\" srcset=\"https:\/\/www.lamennais.org\/wp-content\/uploads\/2020\/04\/Capture-49.jpg 792w, https:\/\/www.lamennais.org\/wp-content\/uploads\/2020\/04\/Capture-49-600x315.jpg 600w, https:\/\/www.lamennais.org\/wp-content\/uploads\/2020\/04\/Capture-49-300x158.jpg 300w, https:\/\/www.lamennais.org\/wp-content\/uploads\/2020\/04\/Capture-49-768x403.jpg 768w, https:\/\/www.lamennais.org\/wp-content\/uploads\/2020\/04\/Capture-49-260x137.jpg 260w\" sizes=\"(max-width: 792px) 100vw, 792px\" \/><p id=\"caption-attachment-25866\" class=\"wp-caption-text\"><em>El Hno. James Hayes ofrece una serie de v\u00eddeos para escuchar y cantar\u2026<\/em><\/p><\/div>\n<p>Disfrutemos de la oportunidad de escuchar al Hno. James Hayes, que ya ha realizado 10 v\u00eddeos musicales en una serie titulada \u00abCovideo Sessions\u00bb<\/p>\n<p><a href=\"https:\/\/www.youtube.com\/channel\/UCrHInFWvLaj6jX78_eZ8Ojg\/\" target=\"_blank\" rel=\"noopener noreferrer\">https:\/\/www.youtube.com\/channel\/UCrHInFWvLaj6jX78_eZ8Ojg\/<\/a><\/p>\n<p>En este per\u00edodo confinado, la clase de Terminal del CED St. Joseph de Taiohae, en las Islas Marquesas os permite descubrir el tr\u00e1iler de su pel\u00edcula HAA HUA ITE TUMU, una pel\u00edcula escrita y dirigida por los alumnos\u2026<\/p>\n<div class=\"video-container\">\n<div id=\"fb-root\"><\/div>\n<p><script async=\"1\" defer=\"1\" crossorigin=\"anonymous\" src=\"https:\/\/connect.facebook.net\/fr_FR\/sdk.js#xfbml=1&amp;version=v6.0\"><\/script><\/p>\n<div class=\"fb-video\" data-href=\"https:\/\/www.facebook.com\/CEDStJoseph\/videos\/205012400775117\/?v=205012400775117\" data-width=\"860\">\n<blockquote cite=\"https:\/\/www.facebook.com\/CEDStJoseph\/videos\/205012400775117\/\" class=\"fb-xfbml-parse-ignore\"><p><a href=\"https:\/\/www.facebook.com\/CEDStJoseph\/videos\/205012400775117\/\"><\/a><\/p>\n<p>En cette p\u00e9riode confin\u00e9e, la classe de Terminale vous laisse d\u00e9couvrir la bande annonce de leur film HAA HUA ITE TUMU, un film \u00e9crit et r\u00e9alis\u00e9 par les \u00e9l\u00e8ves&#8230; Nous en profitons pour remercier \u00e0 nouveau Patiri pour son aide \u00e0 l&#039;adaptation des dialogues en Eo Enana, et toutes les personnes qui nous ont pr\u00eat\u00e9 des costumes&#8230;. Vaieinui \u0101tou paotu<\/p>\n<p>Publi\u00e9e par <a href=\"https:\/\/www.facebook.com\/CEDStJoseph\/\">Ced St Joseph Taiohae<\/a> sur Lundi 23 mars 2020<\/p><\/blockquote>\n<\/div>\n<\/div>\n<p>El Colegio San Mart\u00edn de Pontch\u00e2teau, Francia, propone un poco de dulzura musical. Si ech\u00e1is de menos las voces de nuestros alumnos, pod\u00e9is escuchar esta grabaci\u00f3n de la canci\u00f3n <em>Riptide<\/em>\u00a0 de Van Joyce, dirigida por su profesora de m\u00fasica, la Sra. Rosa, nuestra estudiante Erasmus, los acompa\u00f1a al ukulele, Owen Pri\u00e9 a la guitarra, Evan Bernu y Tifenn Douet en las percusiones. \u00bb<\/p>\n<p><a href=\"https:\/\/stmartin-pontchateau.loire-atlantique.e-lyco.fr\/wp-content\/uploads\/sites\/47\/2020\/04\/Riptide_Chorale_12_mars.mp3\" target=\"_blank\" rel=\"noopener noreferrer\">\u00ab Riptide_Chorale_12_mars \u00bb<\/a><\/p>\n<h2><strong>Martes. Leer, escribir, aprender<\/strong><strong>.<\/strong><\/h2>\n<p>Muchos est\u00e1n trabajando en clases a distancia, a trav\u00e9s de v\u00eddeos o direcciones de correo electr\u00f3nico. Otros est\u00e1n de vacaciones.<\/p>\n<p>Muchos esperan encontrar a sus amigos con impaciencia, a los de su clase, a sus maestros y a sus profesores.<\/p>\n<p>Algunos viven un mini-colegio en casa con sus padres. Otros se ponen a escribir o siguen su diario personal. Muchos tambi\u00e9n devoran libros y experimentan el placer de aprender.<\/p>\n<div id=\"attachment_25863\" style=\"width: 522px\" class=\"wp-caption aligncenter\"><img decoding=\"async\" aria-describedby=\"caption-attachment-25863\" class=\"wp-image-25863 size-full\" src=\"http:\/\/www.lamennais.org\/wp-content\/uploads\/2020\/04\/Capture-55.jpg\" alt=\"\" width=\"512\" height=\"298\" \/><p id=\"caption-attachment-25863\" class=\"wp-caption-text\"><em>V\u00eddeo del Colegio Menesiano de Madrid, Espa\u00f1a.<\/em><\/p><\/div>\n<p><img decoding=\"async\" class=\"alignleft size-full wp-image-25872\" src=\"http:\/\/www.lamennais.org\/wp-content\/uploads\/2020\/04\/Capture-52.jpg\" alt=\"\" width=\"878\" height=\"458\" srcset=\"https:\/\/www.lamennais.org\/wp-content\/uploads\/2020\/04\/Capture-52.jpg 878w, https:\/\/www.lamennais.org\/wp-content\/uploads\/2020\/04\/Capture-52-600x313.jpg 600w, https:\/\/www.lamennais.org\/wp-content\/uploads\/2020\/04\/Capture-52-300x156.jpg 300w, https:\/\/www.lamennais.org\/wp-content\/uploads\/2020\/04\/Capture-52-768x401.jpg 768w, https:\/\/www.lamennais.org\/wp-content\/uploads\/2020\/04\/Capture-52-260x136.jpg 260w\" sizes=\"(max-width: 878px) 100vw, 878px\" \/><\/p>\n<p>Muchos profesores se mantienen en contacto con sus alumnos y tambi\u00e9n preparan nuevos cursos, y siguen form\u00e1ndose. Muchos invierten en nuevas tecnolog\u00edas.<\/p>\n<p><a href=\"https:\/\/www.menesianomadrid.com\/es\/noticias\/item\/2795-educacion-a-distancia-educacion-a-distancia.html\" target=\"_blank\" rel=\"noopener noreferrer\">https:\/\/www.menesianomadrid.com\/es\/noticias\/item\/2795-educacion-a-distancia-educacion-a-distancia.html<\/a><\/p>\n<div id=\"attachment_25896\" style=\"width: 870px\" class=\"wp-caption alignleft\"><img loading=\"lazy\" decoding=\"async\" aria-describedby=\"caption-attachment-25896\" class=\"wp-image-25896 size-large\" src=\"http:\/\/www.lamennais.org\/wp-content\/uploads\/2020\/04\/IMG-0993-1024x720.jpg\" alt=\"\" width=\"860\" height=\"605\" srcset=\"https:\/\/www.lamennais.org\/wp-content\/uploads\/2020\/04\/IMG-0993-1024x720.jpg 1024w, https:\/\/www.lamennais.org\/wp-content\/uploads\/2020\/04\/IMG-0993-600x422.jpg 600w, https:\/\/www.lamennais.org\/wp-content\/uploads\/2020\/04\/IMG-0993-300x211.jpg 300w, https:\/\/www.lamennais.org\/wp-content\/uploads\/2020\/04\/IMG-0993-768x540.jpg 768w, https:\/\/www.lamennais.org\/wp-content\/uploads\/2020\/04\/IMG-0993-1536x1080.jpg 1536w, https:\/\/www.lamennais.org\/wp-content\/uploads\/2020\/04\/IMG-0993-2048x1440.jpg 2048w, https:\/\/www.lamennais.org\/wp-content\/uploads\/2020\/04\/IMG-0993-260x183.jpg 260w\" sizes=\"(max-width: 860px) 100vw, 860px\" \/><p id=\"caption-attachment-25896\" class=\"wp-caption-text\"><em>El Hno. Ewald Guerrier en Huatusco, M\u00e9jico<\/em><strong><em>.<\/em><\/strong><\/p><\/div>\n<h2><strong><br \/>\nMi\u00e9rcoles. Transformar<\/strong><\/h2>\n<p>Clasificar. Acondicionar. Construir. Restaurar. Arreglar. Preparar. Cocinar<strong>\u00a0<\/strong><img loading=\"lazy\" decoding=\"async\" class=\"wp-image-25905 size-large\" src=\"http:\/\/www.lamennais.org\/wp-content\/uploads\/2020\/04\/Timau-ct\u00e9-10-1024x729.jpg\" alt=\"\" width=\"860\" height=\"612\" srcset=\"https:\/\/www.lamennais.org\/wp-content\/uploads\/2020\/04\/Timau-ct\u00e9-10-1024x729.jpg 1024w, https:\/\/www.lamennais.org\/wp-content\/uploads\/2020\/04\/Timau-ct\u00e9-10-scaled-600x427.jpg 600w, https:\/\/www.lamennais.org\/wp-content\/uploads\/2020\/04\/Timau-ct\u00e9-10-300x213.jpg 300w, https:\/\/www.lamennais.org\/wp-content\/uploads\/2020\/04\/Timau-ct\u00e9-10-768x547.jpg 768w, https:\/\/www.lamennais.org\/wp-content\/uploads\/2020\/04\/Timau-ct\u00e9-10-1536x1093.jpg 1536w, https:\/\/www.lamennais.org\/wp-content\/uploads\/2020\/04\/Timau-ct\u00e9-10-2048x1457.jpg 2048w, https:\/\/www.lamennais.org\/wp-content\/uploads\/2020\/04\/Timau-ct\u00e9-10-260x185.jpg 260w\" sizes=\"(max-width: 860px) 100vw, 860px\" \/><\/p>\n<p><em>En la obra de la nueva escuela de TIMAU-NANYUKI (KENIA), los HH. Anthony Kithinji. Provincial de la Provincia San Miguel Arc\u00e1ngel Tanzania-Kenia, Fidelis Kisakeni, Administrador Provincial y su adjunto el Hno. Galison Wafula, y el Hno. Eric Mwithiga de la Comunidad de Meru en compa\u00f1\u00eda del Hno. Daniel Briant, Administrador general.<\/em><\/p>\n<p>Un colegio sin ni\u00f1os es especial. Ella espera. Se prepara. Sabe que su vida est\u00e1 <em>en ralent\u00ed<\/em>.<\/p>\n<div id=\"attachment_25908\" style=\"width: 978px\" class=\"wp-caption alignleft\"><img loading=\"lazy\" decoding=\"async\" aria-describedby=\"caption-attachment-25908\" class=\"wp-image-25908 size-full\" src=\"http:\/\/www.lamennais.org\/wp-content\/uploads\/2020\/04\/VUE-SUR-2-BATIMENTS-POUR-PAGE-ACCUEIL.jpg\" alt=\"\" width=\"968\" height=\"370\" srcset=\"https:\/\/www.lamennais.org\/wp-content\/uploads\/2020\/04\/VUE-SUR-2-BATIMENTS-POUR-PAGE-ACCUEIL.jpg 968w, https:\/\/www.lamennais.org\/wp-content\/uploads\/2020\/04\/VUE-SUR-2-BATIMENTS-POUR-PAGE-ACCUEIL-600x229.jpg 600w, https:\/\/www.lamennais.org\/wp-content\/uploads\/2020\/04\/VUE-SUR-2-BATIMENTS-POUR-PAGE-ACCUEIL-300x115.jpg 300w, https:\/\/www.lamennais.org\/wp-content\/uploads\/2020\/04\/VUE-SUR-2-BATIMENTS-POUR-PAGE-ACCUEIL-768x294.jpg 768w, https:\/\/www.lamennais.org\/wp-content\/uploads\/2020\/04\/VUE-SUR-2-BATIMENTS-POUR-PAGE-ACCUEIL-260x99.jpg 260w\" sizes=\"(max-width: 968px) 100vw, 968px\" \/><p id=\"caption-attachment-25908\" class=\"wp-caption-text\"><em>El Colegio San Jos\u00e9 de Cancale, Francia.<\/em><\/p><\/div>\n<p>Se est\u00e1n llevando a cabo trabajos y obras en varios colegios y centros educativos, siempre que sea posible, y seg\u00fan las situaciones.<\/p>\n<div id=\"attachment_25890\" style=\"width: 870px\" class=\"wp-caption alignleft\"><img loading=\"lazy\" decoding=\"async\" aria-describedby=\"caption-attachment-25890\" class=\"wp-image-25890 size-large\" src=\"http:\/\/www.lamennais.org\/wp-content\/uploads\/2020\/04\/IMG-0984-1024x695.jpg\" alt=\"\" width=\"860\" height=\"584\" srcset=\"https:\/\/www.lamennais.org\/wp-content\/uploads\/2020\/04\/IMG-0984-1024x695.jpg 1024w, https:\/\/www.lamennais.org\/wp-content\/uploads\/2020\/04\/IMG-0984-scaled-600x407.jpg 600w, https:\/\/www.lamennais.org\/wp-content\/uploads\/2020\/04\/IMG-0984-300x204.jpg 300w, https:\/\/www.lamennais.org\/wp-content\/uploads\/2020\/04\/IMG-0984-768x521.jpg 768w, https:\/\/www.lamennais.org\/wp-content\/uploads\/2020\/04\/IMG-0984-1536x1043.jpg 1536w, https:\/\/www.lamennais.org\/wp-content\/uploads\/2020\/04\/IMG-0984-2048x1390.jpg 2048w, https:\/\/www.lamennais.org\/wp-content\/uploads\/2020\/04\/IMG-0984-260x176.jpg 260w\" sizes=\"(max-width: 860px) 100vw, 860px\" \/><p id=\"caption-attachment-25890\" class=\"wp-caption-text\"><em>En el Centro San Juan Pablo II de Huatusco, M\u00e9jico. El Hno. Mario Couture en acci\u00f3n.<\/em><\/p><\/div>\n<div id=\"attachment_25851\" style=\"width: 856px\" class=\"wp-caption alignleft\"><img loading=\"lazy\" decoding=\"async\" aria-describedby=\"caption-attachment-25851\" class=\"wp-image-25851 size-full\" src=\"http:\/\/www.lamennais.org\/wp-content\/uploads\/2020\/04\/92351249_155691439244630_8703906505591619584_o.jpg\" alt=\"\" width=\"846\" height=\"532\" srcset=\"https:\/\/www.lamennais.org\/wp-content\/uploads\/2020\/04\/92351249_155691439244630_8703906505591619584_o.jpg 846w, https:\/\/www.lamennais.org\/wp-content\/uploads\/2020\/04\/92351249_155691439244630_8703906505591619584_o-600x377.jpg 600w, https:\/\/www.lamennais.org\/wp-content\/uploads\/2020\/04\/92351249_155691439244630_8703906505591619584_o-300x189.jpg 300w, https:\/\/www.lamennais.org\/wp-content\/uploads\/2020\/04\/92351249_155691439244630_8703906505591619584_o-768x483.jpg 768w, https:\/\/www.lamennais.org\/wp-content\/uploads\/2020\/04\/92351249_155691439244630_8703906505591619584_o-260x163.jpg 260w\" sizes=\"(max-width: 846px) 100vw, 846px\" \/><p id=\"caption-attachment-25851\" class=\"wp-caption-text\"><em>Intercambio a trav\u00e9s del ordenador en un \u201cT\u00e9 menesiano\u201d propuesto por la Comunidad de Rennes, Francia.<\/em><\/p><\/div>\n<div id=\"attachment_25881\" style=\"width: 646px\" class=\"wp-caption alignleft\"><img loading=\"lazy\" decoding=\"async\" aria-describedby=\"caption-attachment-25881\" class=\"wp-image-25881 size-full\" src=\"http:\/\/www.lamennais.org\/wp-content\/uploads\/2020\/04\/Capture-66.jpg\" alt=\"\" width=\"636\" height=\"289\" srcset=\"https:\/\/www.lamennais.org\/wp-content\/uploads\/2020\/04\/Capture-66.jpg 636w, https:\/\/www.lamennais.org\/wp-content\/uploads\/2020\/04\/Capture-66-600x273.jpg 600w, https:\/\/www.lamennais.org\/wp-content\/uploads\/2020\/04\/Capture-66-300x136.jpg 300w, https:\/\/www.lamennais.org\/wp-content\/uploads\/2020\/04\/Capture-66-260x118.jpg 260w\" sizes=\"(max-width: 636px) 100vw, 636px\" \/><p id=\"caption-attachment-25881\" class=\"wp-caption-text\"><em> HENRY\u2019s COLLEGE, KITOVU. Uganda<\/em><\/p><\/div>\n<h2><strong><br \/>\nJueves. Caminar hacia la cruz<\/strong><\/h2>\n<p>Desde el inicio de la epidemia del covid 19, la Congregaci\u00f3n y especialmente la Provincia Nuestra Se\u00f1ora del Pilar, Espa\u00f1a, ha perdido a 7 Hermanos de las comunidades de Bilbao, Berrio-Ochoa.<strong>\u00a0<\/strong><\/p>\n<div id=\"attachment_25911\" style=\"width: 627px\" class=\"wp-caption alignleft\"><img loading=\"lazy\" decoding=\"async\" aria-describedby=\"caption-attachment-25911\" class=\"wp-image-25911 size-full\" src=\"http:\/\/www.lamennais.org\/wp-content\/uploads\/2020\/04\/Capture-44.jpg\" alt=\"\" width=\"617\" height=\"444\" srcset=\"https:\/\/www.lamennais.org\/wp-content\/uploads\/2020\/04\/Capture-44.jpg 617w, https:\/\/www.lamennais.org\/wp-content\/uploads\/2020\/04\/Capture-44-600x432.jpg 600w, https:\/\/www.lamennais.org\/wp-content\/uploads\/2020\/04\/Capture-44-300x216.jpg 300w, https:\/\/www.lamennais.org\/wp-content\/uploads\/2020\/04\/Capture-44-260x187.jpg 260w\" sizes=\"(max-width: 617px) 100vw, 617px\" \/><p id=\"caption-attachment-25911\" class=\"wp-caption-text\"><em>El Hno. Miguel \u00c1ngel ROM\u00c1N, fallecido el 5 de abril en Bilbao.<\/em><\/p><\/div>\n<div id=\"attachment_25914\" style=\"width: 638px\" class=\"wp-caption alignleft\"><img loading=\"lazy\" decoding=\"async\" aria-describedby=\"caption-attachment-25914\" class=\"wp-image-25914 size-full\" src=\"http:\/\/www.lamennais.org\/wp-content\/uploads\/2020\/04\/Capture.jpg\" alt=\"\" width=\"628\" height=\"587\" srcset=\"https:\/\/www.lamennais.org\/wp-content\/uploads\/2020\/04\/Capture.jpg 628w, https:\/\/www.lamennais.org\/wp-content\/uploads\/2020\/04\/Capture-600x561.jpg 600w, https:\/\/www.lamennais.org\/wp-content\/uploads\/2020\/04\/Capture-300x280.jpg 300w, https:\/\/www.lamennais.org\/wp-content\/uploads\/2020\/04\/Capture-260x243.jpg 260w\" sizes=\"(max-width: 628px) 100vw, 628px\" \/><p id=\"caption-attachment-25914\" class=\"wp-caption-text\"><em>Los 6 Hermanos de la Comunidad de la Enfermer\u00eda de Bilbao, fallecidos entre el 22 y el 30 de marzo.<\/em><\/p><\/div>\n<p>Los encomendamos a la Virgen Mar\u00eda, as\u00ed como \u00a0a todas las familias y equipos educativos de los colegios Menesianos del mundo afectados por esta crisis sanitaria.<\/p>\n<p>Encomendamos tambi\u00e9n a todos los ni\u00f1os explotados por el trabajo o v\u00edctimas de la violencia y la guerra.<\/p>\n<h2><strong>Viernes. Meditar y rezar<\/strong><strong>.<\/strong><\/h2>\n<p>Muchos de nosotros vivimos situaciones de sufrimiento, enfermedad, tensi\u00f3n y miedo.<\/p>\n<p>Pasar la noche.<\/p>\n<p>Podemos estar conectados a una parroquia, a una comunidad, a una di\u00f3cesis y a un pa\u00eds a trav\u00e9s de Internet o de la TV.<\/p>\n<p><a href=\"https:\/\/www.facebook.com\/guillermo.davila.142\" target=\"_blank\" rel=\"noopener noreferrer\">https:\/\/www.facebook.com\/guillermo.davila.142<\/a><\/p>\n<div id=\"attachment_25869\" style=\"width: 828px\" class=\"wp-caption alignleft\"><img loading=\"lazy\" decoding=\"async\" aria-describedby=\"caption-attachment-25869\" class=\"wp-image-25869 size-full\" src=\"http:\/\/www.lamennais.org\/wp-content\/uploads\/2020\/04\/Capture-51.jpg\" alt=\"\" width=\"818\" height=\"485\" srcset=\"https:\/\/www.lamennais.org\/wp-content\/uploads\/2020\/04\/Capture-51.jpg 818w, https:\/\/www.lamennais.org\/wp-content\/uploads\/2020\/04\/Capture-51-600x356.jpg 600w, https:\/\/www.lamennais.org\/wp-content\/uploads\/2020\/04\/Capture-51-300x178.jpg 300w, https:\/\/www.lamennais.org\/wp-content\/uploads\/2020\/04\/Capture-51-768x455.jpg 768w, https:\/\/www.lamennais.org\/wp-content\/uploads\/2020\/04\/Capture-51-260x154.jpg 260w\" sizes=\"(max-width: 818px) 100vw, 818px\" \/><p id=\"caption-attachment-25869\" class=\"wp-caption-text\"><em>Celebraci\u00f3n en la comunidad de Walsh University, Canton, Estados Unidos<\/em><\/p><\/div>\n<div id=\"attachment_25848\" style=\"width: 970px\" class=\"wp-caption alignleft\"><img loading=\"lazy\" decoding=\"async\" aria-describedby=\"caption-attachment-25848\" class=\"wp-image-25848 size-full\" src=\"http:\/\/www.lamennais.org\/wp-content\/uploads\/2020\/04\/92133248_155690939244680_9157122432601948160_o.jpg\" alt=\"\" width=\"960\" height=\"605\" srcset=\"https:\/\/www.lamennais.org\/wp-content\/uploads\/2020\/04\/92133248_155690939244680_9157122432601948160_o.jpg 960w, https:\/\/www.lamennais.org\/wp-content\/uploads\/2020\/04\/92133248_155690939244680_9157122432601948160_o-600x378.jpg 600w, https:\/\/www.lamennais.org\/wp-content\/uploads\/2020\/04\/92133248_155690939244680_9157122432601948160_o-300x189.jpg 300w, https:\/\/www.lamennais.org\/wp-content\/uploads\/2020\/04\/92133248_155690939244680_9157122432601948160_o-768x484.jpg 768w, https:\/\/www.lamennais.org\/wp-content\/uploads\/2020\/04\/92133248_155690939244680_9157122432601948160_o-260x164.jpg 260w\" sizes=\"(max-width: 960px) 100vw, 960px\" \/><p id=\"caption-attachment-25848\" class=\"wp-caption-text\"><em>Encomendar las intenciones de unos y otros a la oraci\u00f3n de una comunidad. Aqu\u00ed, la comunidad del 49 en Rennes, Francia.<\/em><\/p><\/div>\n<div id=\"attachment_25887\" style=\"width: 857px\" class=\"wp-caption alignleft\"><img loading=\"lazy\" decoding=\"async\" aria-describedby=\"caption-attachment-25887\" class=\"wp-image-25887 size-full\" src=\"http:\/\/www.lamennais.org\/wp-content\/uploads\/2020\/04\/IMG_20200303_061700-1024x576-1.jpg\" alt=\"\" width=\"847\" height=\"520\" srcset=\"https:\/\/www.lamennais.org\/wp-content\/uploads\/2020\/04\/IMG_20200303_061700-1024x576-1.jpg 847w, https:\/\/www.lamennais.org\/wp-content\/uploads\/2020\/04\/IMG_20200303_061700-1024x576-1-600x368.jpg 600w, https:\/\/www.lamennais.org\/wp-content\/uploads\/2020\/04\/IMG_20200303_061700-1024x576-1-300x184.jpg 300w, https:\/\/www.lamennais.org\/wp-content\/uploads\/2020\/04\/IMG_20200303_061700-1024x576-1-768x471.jpg 768w, https:\/\/www.lamennais.org\/wp-content\/uploads\/2020\/04\/IMG_20200303_061700-1024x576-1-260x160.jpg 260w\" sizes=\"(max-width: 847px) 100vw, 847px\" \/><p id=\"caption-attachment-25887\" class=\"wp-caption-text\"><em>A la Comunidad de la Casa Generalicia, Roma, donde los Hermanos del Consejo General est\u00e1n confinados con la comunidad.<\/em><\/p><\/div>\n<div id=\"attachment_25878\" style=\"width: 870px\" class=\"wp-caption alignleft\"><img loading=\"lazy\" decoding=\"async\" aria-describedby=\"caption-attachment-25878\" class=\"wp-image-25878 size-large\" src=\"http:\/\/www.lamennais.org\/wp-content\/uploads\/2020\/04\/Capture-60-1024x400.jpg\" alt=\"\" width=\"860\" height=\"336\" srcset=\"https:\/\/www.lamennais.org\/wp-content\/uploads\/2020\/04\/Capture-60-1024x400.jpg 1024w, https:\/\/www.lamennais.org\/wp-content\/uploads\/2020\/04\/Capture-60-600x234.jpg 600w, https:\/\/www.lamennais.org\/wp-content\/uploads\/2020\/04\/Capture-60-300x117.jpg 300w, https:\/\/www.lamennais.org\/wp-content\/uploads\/2020\/04\/Capture-60-768x300.jpg 768w, https:\/\/www.lamennais.org\/wp-content\/uploads\/2020\/04\/Capture-60-260x102.jpg 260w, https:\/\/www.lamennais.org\/wp-content\/uploads\/2020\/04\/Capture-60.jpg 1104w\" sizes=\"(max-width: 860px) 100vw, 860px\" \/><p id=\"caption-attachment-25878\" class=\"wp-caption-text\"><em>En la p\u00e1g. web del Colegio San Jos\u00e9 de la Guerche de Breta\u00f1a, Francia.<\/em><\/p><\/div>\n<h2><strong><br \/>\nS\u00e1bado. Cuidarse. <\/strong><\/h2>\n<p>Una noche para vigilar y esperar la aurora. Esperar la luz. Encomendar a nuestros seres queridos y las intenciones que recibimos.<\/p>\n<div id=\"attachment_25860\" style=\"width: 870px\" class=\"wp-caption alignleft\"><img loading=\"lazy\" decoding=\"async\" aria-describedby=\"caption-attachment-25860\" class=\"wp-image-25860 size-large\" src=\"http:\/\/www.lamennais.org\/wp-content\/uploads\/2020\/04\/Bedford-min-1024x739.jpg\" alt=\"\" width=\"860\" height=\"621\" srcset=\"https:\/\/www.lamennais.org\/wp-content\/uploads\/2020\/04\/Bedford-min-1024x739.jpg 1024w, https:\/\/www.lamennais.org\/wp-content\/uploads\/2020\/04\/Bedford-min-600x433.jpg 600w, https:\/\/www.lamennais.org\/wp-content\/uploads\/2020\/04\/Bedford-min-300x216.jpg 300w, https:\/\/www.lamennais.org\/wp-content\/uploads\/2020\/04\/Bedford-min-768x554.jpg 768w, https:\/\/www.lamennais.org\/wp-content\/uploads\/2020\/04\/Bedford-min-1536x1108.jpg 1536w, https:\/\/www.lamennais.org\/wp-content\/uploads\/2020\/04\/Bedford-min-260x188.jpg 260w, https:\/\/www.lamennais.org\/wp-content\/uploads\/2020\/04\/Bedford-min.jpg 1920w\" sizes=\"(max-width: 860px) 100vw, 860px\" \/><p id=\"caption-attachment-25860\" class=\"wp-caption-text\"><em>En la comunidad de Bedford, Qu\u00e9bec.<\/em><\/p><\/div>\n<p>Ya hemos tenido gestos y seguimos adelante. Tal vez nos sorprendimos al descubrir que \u00e9ramos capaces de superar temores para atrevernos, para servir, para hacernos cercanos.<\/p>\n<div id=\"attachment_25902\" style=\"width: 870px\" class=\"wp-caption alignleft\"><img loading=\"lazy\" decoding=\"async\" aria-describedby=\"caption-attachment-25902\" class=\"wp-image-25902 size-large\" src=\"http:\/\/www.lamennais.org\/wp-content\/uploads\/2020\/04\/thumbnail_IMG_0535-min-1024x702.jpg\" alt=\"\" width=\"860\" height=\"590\" srcset=\"https:\/\/www.lamennais.org\/wp-content\/uploads\/2020\/04\/thumbnail_IMG_0535-min-1024x702.jpg 1024w, https:\/\/www.lamennais.org\/wp-content\/uploads\/2020\/04\/thumbnail_IMG_0535-min-600x411.jpg 600w, https:\/\/www.lamennais.org\/wp-content\/uploads\/2020\/04\/thumbnail_IMG_0535-min-300x206.jpg 300w, https:\/\/www.lamennais.org\/wp-content\/uploads\/2020\/04\/thumbnail_IMG_0535-min-768x526.jpg 768w, https:\/\/www.lamennais.org\/wp-content\/uploads\/2020\/04\/thumbnail_IMG_0535-min-260x178.jpg 260w, https:\/\/www.lamennais.org\/wp-content\/uploads\/2020\/04\/thumbnail_IMG_0535-min.jpg 1280w\" sizes=\"(max-width: 860px) 100vw, 860px\" \/><p id=\"caption-attachment-25902\" class=\"wp-caption-text\"><em>En la comunidad de la enfermer\u00eda, Casa Madre de La Prairie, Qu\u00e9bec.<\/em><\/p><\/div>\n<div id=\"attachment_25899\" style=\"width: 870px\" class=\"wp-caption alignleft\"><img loading=\"lazy\" decoding=\"async\" aria-describedby=\"caption-attachment-25899\" class=\"wp-image-25899 size-large\" src=\"http:\/\/www.lamennais.org\/wp-content\/uploads\/2020\/04\/Pointe-du-Lac5-min-1024x768.jpg\" alt=\"\" width=\"860\" height=\"645\" srcset=\"https:\/\/www.lamennais.org\/wp-content\/uploads\/2020\/04\/Pointe-du-Lac5-min-1024x768.jpg 1024w, https:\/\/www.lamennais.org\/wp-content\/uploads\/2020\/04\/Pointe-du-Lac5-min-scaled-600x450.jpg 600w, https:\/\/www.lamennais.org\/wp-content\/uploads\/2020\/04\/Pointe-du-Lac5-min-300x225.jpg 300w, https:\/\/www.lamennais.org\/wp-content\/uploads\/2020\/04\/Pointe-du-Lac5-min-768x576.jpg 768w, https:\/\/www.lamennais.org\/wp-content\/uploads\/2020\/04\/Pointe-du-Lac5-min-1536x1152.jpg 1536w, https:\/\/www.lamennais.org\/wp-content\/uploads\/2020\/04\/Pointe-du-Lac5-min-2048x1536.jpg 2048w, https:\/\/www.lamennais.org\/wp-content\/uploads\/2020\/04\/Pointe-du-Lac5-min-260x195.jpg 260w\" sizes=\"(max-width: 860px) 100vw, 860px\" \/><p id=\"caption-attachment-25899\" class=\"wp-caption-text\"><em>En la comunidad de la Pointe-du-Lac, Qu\u00e9bec.<\/em><\/p><\/div>\n<p>\u00ab\u00a1Cuidarse! Este parece ser el com\u00fan denominador de lo que vivimos hoy, escribe el Hno. Herv\u00e9 Zamor, Superior General en su carta a la Familia menesiana del pasado 17 de marzo. El cuerpo m\u00e9dico atiende con entrega y abnegaci\u00f3n a todas las personas afectadas por esta pandemia. Los padres cuidan de sus hijos con creatividad e intuici\u00f3n.<\/p>\n<p>Los educadores siguen alimentando a sus alumnos, cuando pueden, utilizando las nuevas tecnolog\u00edas de la informaci\u00f3n y la comunicaci\u00f3n. Nuestros pastores, especialmente el Papa Francisco, se esfuerzan por custodiar la grey sinti\u00e9ndola cercana con ternura y compasi\u00f3n.\u00bb<\/p>\n<h2><strong>Domingo. \u00a1Resucitar de entre los muertos!<\/strong><\/h2>\n<div id=\"attachment_25845\" style=\"width: 871px\" class=\"wp-caption alignleft\"><img loading=\"lazy\" decoding=\"async\" aria-describedby=\"caption-attachment-25845\" class=\"wp-image-25845 size-full\" src=\"http:\/\/www.lamennais.org\/wp-content\/uploads\/2020\/04\/91706339_209671676799280_4988709247081512960_o.jpg\" alt=\"\" width=\"861\" height=\"863\" srcset=\"https:\/\/www.lamennais.org\/wp-content\/uploads\/2020\/04\/91706339_209671676799280_4988709247081512960_o.jpg 861w, https:\/\/www.lamennais.org\/wp-content\/uploads\/2020\/04\/91706339_209671676799280_4988709247081512960_o-300x300.jpg 300w, https:\/\/www.lamennais.org\/wp-content\/uploads\/2020\/04\/91706339_209671676799280_4988709247081512960_o-100x100.jpg 100w, https:\/\/www.lamennais.org\/wp-content\/uploads\/2020\/04\/91706339_209671676799280_4988709247081512960_o-600x601.jpg 600w, https:\/\/www.lamennais.org\/wp-content\/uploads\/2020\/04\/91706339_209671676799280_4988709247081512960_o-150x150.jpg 150w, https:\/\/www.lamennais.org\/wp-content\/uploads\/2020\/04\/91706339_209671676799280_4988709247081512960_o-768x770.jpg 768w, https:\/\/www.lamennais.org\/wp-content\/uploads\/2020\/04\/91706339_209671676799280_4988709247081512960_o-260x261.jpg 260w\" sizes=\"(max-width: 861px) 100vw, 861px\" \/><p id=\"caption-attachment-25845\" class=\"wp-caption-text\"><em>La vida, intensa. Foto del Hno. G\u00e9rard Hautbois, Ch\u00e2teaulin<\/em><\/p><\/div>\n<p><strong>La naturaleza da testimonio de estos nuevos colores ya presentes de la primavera que ocupa su lugar totalmente.<\/strong><\/p>\n<p><strong>\u00a1Qu\u00e9 alegr\u00eda sentir la resurrecci\u00f3n y compartirla!<\/strong><\/p>\n","protected":false},"excerpt":{"rendered":"<p>Lunes. Escuchar y cantar Silencio. Menos ruido. Reducci\u00f3n de la contaminaci\u00f3n. M\u00e1s espacio para escucharse o escuchar y mirar. Componer m\u00fasica tambi\u00e9n. Disfrutemos de la oportunidad de escuchar al Hno. James Hayes, que ya ha realizado 10 v\u00eddeos musicales en una serie titulada \u00abCovideo Sessions\u00bb https:\/\/www.youtube.com\/channel\/UCrHInFWvLaj6jX78_eZ8Ojg\/ En este per\u00edodo confinado, la clase de Terminal del [&hellip;]<\/p>\n","protected":false},"author":3,"featured_media":25943,"comment_status":"closed","ping_status":"closed","sticky":false,"template":"","format":"standard","meta":{"footnotes":""},"categories":[105],"tags":[],"class_list":["post-25949","post","type-post","status-publish","format-standard","has-post-thumbnail","hentry","category-noticias"],"yoast_head":"<!-- This site is optimized with the Yoast SEO plugin v27.5 - https:\/\/yoast.com\/product\/yoast-seo-wordpress\/ -->\n<title>SEMANA SANTA. Siete d\u00edas al ritmo del mundo y de la Familia Menesiana - LaMennais.org<\/title>\n<meta name=\"robots\" content=\"index, follow, max-snippet:-1, max-image-preview:large, max-video-preview:-1\" \/>\n<link rel=\"canonical\" href=\"https:\/\/www.lamennais.org\/semana-santa-siete-dias-al-ritmo-del-mundo-y-de-la-familia-menesiana\/?lang=es\" \/>\n<meta property=\"og:locale\" content=\"es_ES\" \/>\n<meta property=\"og:type\" content=\"article\" \/>\n<meta property=\"og:title\" content=\"SEMANA SANTA. Siete d\u00edas al ritmo del mundo y de la Familia Menesiana - LaMennais.org\" \/>\n<meta property=\"og:description\" content=\"Lunes. Escuchar y cantar Silencio. Menos ruido. Reducci\u00f3n de la contaminaci\u00f3n. M\u00e1s espacio para escucharse o escuchar y mirar. Componer m\u00fasica tambi\u00e9n. Disfrutemos de la oportunidad de escuchar al Hno. James Hayes, que ya ha realizado 10 v\u00eddeos musicales en una serie titulada \u00abCovideo Sessions\u00bb https:\/\/www.youtube.com\/channel\/UCrHInFWvLaj6jX78_eZ8Ojg\/ En este per\u00edodo confinado, la clase de Terminal del [&hellip;]\" \/>\n<meta property=\"og:url\" content=\"https:\/\/www.lamennais.org\/semana-santa-siete-dias-al-ritmo-del-mundo-y-de-la-familia-menesiana\/?lang=es\" \/>\n<meta property=\"og:site_name\" content=\"LaMennais.org\" \/>\n<meta property=\"article:published_time\" content=\"2020-04-06T16:12:17+00:00\" \/>\n<meta property=\"article:modified_time\" content=\"2020-04-07T14:29:20+00:00\" \/>\n<meta property=\"og:image\" content=\"https:\/\/www.lamennais.org\/wp-content\/uploads\/2020\/04\/semaine-sainte-2020.jpg\" \/>\n\t<meta property=\"og:image:width\" content=\"1235\" \/>\n\t<meta property=\"og:image:height\" content=\"436\" \/>\n\t<meta property=\"og:image:type\" content=\"image\/jpeg\" \/>\n<meta name=\"author\" content=\"Herv\u00e9 Asse\" \/>\n<meta name=\"twitter:card\" content=\"summary_large_image\" \/>\n<meta name=\"twitter:label1\" content=\"Escrito por\" \/>\n\t<meta name=\"twitter:data1\" content=\"Herv\u00e9 Asse\" \/>\n\t<meta name=\"twitter:label2\" content=\"Tiempo de lectura\" \/>\n\t<meta name=\"twitter:data2\" content=\"5 minutos\" \/>\n<script type=\"application\/ld+json\" class=\"yoast-schema-graph\">{\"@context\":\"https:\\\/\\\/schema.org\",\"@graph\":[{\"@type\":\"Article\",\"@id\":\"https:\\\/\\\/www.lamennais.org\\\/semana-santa-siete-dias-al-ritmo-del-mundo-y-de-la-familia-menesiana\\\/?lang=es#article\",\"isPartOf\":{\"@id\":\"https:\\\/\\\/www.lamennais.org\\\/semana-santa-siete-dias-al-ritmo-del-mundo-y-de-la-familia-menesiana\\\/?lang=es\"},\"author\":{\"name\":\"Herv\u00e9 Asse\",\"@id\":\"https:\\\/\\\/www.lamennais.org\\\/#\\\/schema\\\/person\\\/2a8d6e8a95babedd5ba1c43afd2e3844\"},\"headline\":\"SEMANA SANTA. Siete d\u00edas al ritmo del mundo y de la Familia Menesiana\",\"datePublished\":\"2020-04-06T16:12:17+00:00\",\"dateModified\":\"2020-04-07T14:29:20+00:00\",\"mainEntityOfPage\":{\"@id\":\"https:\\\/\\\/www.lamennais.org\\\/semana-santa-siete-dias-al-ritmo-del-mundo-y-de-la-familia-menesiana\\\/?lang=es\"},\"wordCount\":1070,\"image\":{\"@id\":\"https:\\\/\\\/www.lamennais.org\\\/semana-santa-siete-dias-al-ritmo-del-mundo-y-de-la-familia-menesiana\\\/?lang=es#primaryimage\"},\"thumbnailUrl\":\"https:\\\/\\\/www.lamennais.org\\\/wp-content\\\/uploads\\\/2020\\\/04\\\/semaine-sainte-2020.jpg\",\"articleSection\":[\"NOTICIAS\"],\"inLanguage\":\"es\"},{\"@type\":\"WebPage\",\"@id\":\"https:\\\/\\\/www.lamennais.org\\\/semana-santa-siete-dias-al-ritmo-del-mundo-y-de-la-familia-menesiana\\\/?lang=es\",\"url\":\"https:\\\/\\\/www.lamennais.org\\\/semana-santa-siete-dias-al-ritmo-del-mundo-y-de-la-familia-menesiana\\\/?lang=es\",\"name\":\"SEMANA SANTA. Siete d\u00edas al ritmo del mundo y de la Familia Menesiana - LaMennais.org\",\"isPartOf\":{\"@id\":\"https:\\\/\\\/www.lamennais.org\\\/#website\"},\"primaryImageOfPage\":{\"@id\":\"https:\\\/\\\/www.lamennais.org\\\/semana-santa-siete-dias-al-ritmo-del-mundo-y-de-la-familia-menesiana\\\/?lang=es#primaryimage\"},\"image\":{\"@id\":\"https:\\\/\\\/www.lamennais.org\\\/semana-santa-siete-dias-al-ritmo-del-mundo-y-de-la-familia-menesiana\\\/?lang=es#primaryimage\"},\"thumbnailUrl\":\"https:\\\/\\\/www.lamennais.org\\\/wp-content\\\/uploads\\\/2020\\\/04\\\/semaine-sainte-2020.jpg\",\"datePublished\":\"2020-04-06T16:12:17+00:00\",\"dateModified\":\"2020-04-07T14:29:20+00:00\",\"author\":{\"@id\":\"https:\\\/\\\/www.lamennais.org\\\/#\\\/schema\\\/person\\\/2a8d6e8a95babedd5ba1c43afd2e3844\"},\"breadcrumb\":{\"@id\":\"https:\\\/\\\/www.lamennais.org\\\/semana-santa-siete-dias-al-ritmo-del-mundo-y-de-la-familia-menesiana\\\/?lang=es#breadcrumb\"},\"inLanguage\":\"es\",\"potentialAction\":[{\"@type\":\"ReadAction\",\"target\":[\"https:\\\/\\\/www.lamennais.org\\\/semana-santa-siete-dias-al-ritmo-del-mundo-y-de-la-familia-menesiana\\\/?lang=es\"]}]},{\"@type\":\"ImageObject\",\"inLanguage\":\"es\",\"@id\":\"https:\\\/\\\/www.lamennais.org\\\/semana-santa-siete-dias-al-ritmo-del-mundo-y-de-la-familia-menesiana\\\/?lang=es#primaryimage\",\"url\":\"https:\\\/\\\/www.lamennais.org\\\/wp-content\\\/uploads\\\/2020\\\/04\\\/semaine-sainte-2020.jpg\",\"contentUrl\":\"https:\\\/\\\/www.lamennais.org\\\/wp-content\\\/uploads\\\/2020\\\/04\\\/semaine-sainte-2020.jpg\",\"width\":1235,\"height\":436},{\"@type\":\"BreadcrumbList\",\"@id\":\"https:\\\/\\\/www.lamennais.org\\\/semana-santa-siete-dias-al-ritmo-del-mundo-y-de-la-familia-menesiana\\\/?lang=es#breadcrumb\",\"itemListElement\":[{\"@type\":\"ListItem\",\"position\":1,\"name\":\"Accueil\",\"item\":\"https:\\\/\\\/www.lamennais.org\\\/\"},{\"@type\":\"ListItem\",\"position\":2,\"name\":\"SEMANA SANTA. Siete d\u00edas al ritmo del mundo y de la Familia Menesiana\"}]},{\"@type\":\"WebSite\",\"@id\":\"https:\\\/\\\/www.lamennais.org\\\/#website\",\"url\":\"https:\\\/\\\/www.lamennais.org\\\/\",\"name\":\"LaMennais.org\",\"description\":\"Fr\u00e8res de l&#039;Instruction Chr\u00e9tienne et Famille Mennaisienne\",\"potentialAction\":[{\"@type\":\"SearchAction\",\"target\":{\"@type\":\"EntryPoint\",\"urlTemplate\":\"https:\\\/\\\/www.lamennais.org\\\/?s={search_term_string}\"},\"query-input\":{\"@type\":\"PropertyValueSpecification\",\"valueRequired\":true,\"valueName\":\"search_term_string\"}}],\"inLanguage\":\"es\"},{\"@type\":\"Person\",\"@id\":\"https:\\\/\\\/www.lamennais.org\\\/#\\\/schema\\\/person\\\/2a8d6e8a95babedd5ba1c43afd2e3844\",\"name\":\"Herv\u00e9 Asse\",\"image\":{\"@type\":\"ImageObject\",\"inLanguage\":\"es\",\"@id\":\"https:\\\/\\\/secure.gravatar.com\\\/avatar\\\/1aaa7b1baf759c8b40525f40af381cbaa2b0ddd554f57145bceb0654ba45b4c0?s=96&d=mm&r=g\",\"url\":\"https:\\\/\\\/secure.gravatar.com\\\/avatar\\\/1aaa7b1baf759c8b40525f40af381cbaa2b0ddd554f57145bceb0654ba45b4c0?s=96&d=mm&r=g\",\"contentUrl\":\"https:\\\/\\\/secure.gravatar.com\\\/avatar\\\/1aaa7b1baf759c8b40525f40af381cbaa2b0ddd554f57145bceb0654ba45b4c0?s=96&d=mm&r=g\",\"caption\":\"Herv\u00e9 Asse\"}}]}<\/script>\n<!-- \/ Yoast SEO plugin. -->","yoast_head_json":{"title":"SEMANA SANTA. Siete d\u00edas al ritmo del mundo y de la Familia Menesiana - LaMennais.org","robots":{"index":"index","follow":"follow","max-snippet":"max-snippet:-1","max-image-preview":"max-image-preview:large","max-video-preview":"max-video-preview:-1"},"canonical":"https:\/\/www.lamennais.org\/semana-santa-siete-dias-al-ritmo-del-mundo-y-de-la-familia-menesiana\/?lang=es","og_locale":"es_ES","og_type":"article","og_title":"SEMANA SANTA. Siete d\u00edas al ritmo del mundo y de la Familia Menesiana - LaMennais.org","og_description":"Lunes. Escuchar y cantar Silencio. Menos ruido. Reducci\u00f3n de la contaminaci\u00f3n. M\u00e1s espacio para escucharse o escuchar y mirar. Componer m\u00fasica tambi\u00e9n. Disfrutemos de la oportunidad de escuchar al Hno. James Hayes, que ya ha realizado 10 v\u00eddeos musicales en una serie titulada \u00abCovideo Sessions\u00bb https:\/\/www.youtube.com\/channel\/UCrHInFWvLaj6jX78_eZ8Ojg\/ En este per\u00edodo confinado, la clase de Terminal del [&hellip;]","og_url":"https:\/\/www.lamennais.org\/semana-santa-siete-dias-al-ritmo-del-mundo-y-de-la-familia-menesiana\/?lang=es","og_site_name":"LaMennais.org","article_published_time":"2020-04-06T16:12:17+00:00","article_modified_time":"2020-04-07T14:29:20+00:00","og_image":[{"width":1235,"height":436,"url":"https:\/\/www.lamennais.org\/wp-content\/uploads\/2020\/04\/semaine-sainte-2020.jpg","type":"image\/jpeg"}],"author":"Herv\u00e9 Asse","twitter_card":"summary_large_image","twitter_misc":{"Escrito por":"Herv\u00e9 Asse","Tiempo de lectura":"5 minutos"},"schema":{"@context":"https:\/\/schema.org","@graph":[{"@type":"Article","@id":"https:\/\/www.lamennais.org\/semana-santa-siete-dias-al-ritmo-del-mundo-y-de-la-familia-menesiana\/?lang=es#article","isPartOf":{"@id":"https:\/\/www.lamennais.org\/semana-santa-siete-dias-al-ritmo-del-mundo-y-de-la-familia-menesiana\/?lang=es"},"author":{"name":"Herv\u00e9 Asse","@id":"https:\/\/www.lamennais.org\/#\/schema\/person\/2a8d6e8a95babedd5ba1c43afd2e3844"},"headline":"SEMANA SANTA. Siete d\u00edas al ritmo del mundo y de la Familia Menesiana","datePublished":"2020-04-06T16:12:17+00:00","dateModified":"2020-04-07T14:29:20+00:00","mainEntityOfPage":{"@id":"https:\/\/www.lamennais.org\/semana-santa-siete-dias-al-ritmo-del-mundo-y-de-la-familia-menesiana\/?lang=es"},"wordCount":1070,"image":{"@id":"https:\/\/www.lamennais.org\/semana-santa-siete-dias-al-ritmo-del-mundo-y-de-la-familia-menesiana\/?lang=es#primaryimage"},"thumbnailUrl":"https:\/\/www.lamennais.org\/wp-content\/uploads\/2020\/04\/semaine-sainte-2020.jpg","articleSection":["NOTICIAS"],"inLanguage":"es"},{"@type":"WebPage","@id":"https:\/\/www.lamennais.org\/semana-santa-siete-dias-al-ritmo-del-mundo-y-de-la-familia-menesiana\/?lang=es","url":"https:\/\/www.lamennais.org\/semana-santa-siete-dias-al-ritmo-del-mundo-y-de-la-familia-menesiana\/?lang=es","name":"SEMANA SANTA. Siete d\u00edas al ritmo del mundo y de la Familia Menesiana - LaMennais.org","isPartOf":{"@id":"https:\/\/www.lamennais.org\/#website"},"primaryImageOfPage":{"@id":"https:\/\/www.lamennais.org\/semana-santa-siete-dias-al-ritmo-del-mundo-y-de-la-familia-menesiana\/?lang=es#primaryimage"},"image":{"@id":"https:\/\/www.lamennais.org\/semana-santa-siete-dias-al-ritmo-del-mundo-y-de-la-familia-menesiana\/?lang=es#primaryimage"},"thumbnailUrl":"https:\/\/www.lamennais.org\/wp-content\/uploads\/2020\/04\/semaine-sainte-2020.jpg","datePublished":"2020-04-06T16:12:17+00:00","dateModified":"2020-04-07T14:29:20+00:00","author":{"@id":"https:\/\/www.lamennais.org\/#\/schema\/person\/2a8d6e8a95babedd5ba1c43afd2e3844"},"breadcrumb":{"@id":"https:\/\/www.lamennais.org\/semana-santa-siete-dias-al-ritmo-del-mundo-y-de-la-familia-menesiana\/?lang=es#breadcrumb"},"inLanguage":"es","potentialAction":[{"@type":"ReadAction","target":["https:\/\/www.lamennais.org\/semana-santa-siete-dias-al-ritmo-del-mundo-y-de-la-familia-menesiana\/?lang=es"]}]},{"@type":"ImageObject","inLanguage":"es","@id":"https:\/\/www.lamennais.org\/semana-santa-siete-dias-al-ritmo-del-mundo-y-de-la-familia-menesiana\/?lang=es#primaryimage","url":"https:\/\/www.lamennais.org\/wp-content\/uploads\/2020\/04\/semaine-sainte-2020.jpg","contentUrl":"https:\/\/www.lamennais.org\/wp-content\/uploads\/2020\/04\/semaine-sainte-2020.jpg","width":1235,"height":436},{"@type":"BreadcrumbList","@id":"https:\/\/www.lamennais.org\/semana-santa-siete-dias-al-ritmo-del-mundo-y-de-la-familia-menesiana\/?lang=es#breadcrumb","itemListElement":[{"@type":"ListItem","position":1,"name":"Accueil","item":"https:\/\/www.lamennais.org\/"},{"@type":"ListItem","position":2,"name":"SEMANA SANTA. Siete d\u00edas al ritmo del mundo y de la Familia Menesiana"}]},{"@type":"WebSite","@id":"https:\/\/www.lamennais.org\/#website","url":"https:\/\/www.lamennais.org\/","name":"LaMennais.org","description":"Fr\u00e8res de l&#039;Instruction Chr\u00e9tienne et Famille Mennaisienne","potentialAction":[{"@type":"SearchAction","target":{"@type":"EntryPoint","urlTemplate":"https:\/\/www.lamennais.org\/?s={search_term_string}"},"query-input":{"@type":"PropertyValueSpecification","valueRequired":true,"valueName":"search_term_string"}}],"inLanguage":"es"},{"@type":"Person","@id":"https:\/\/www.lamennais.org\/#\/schema\/person\/2a8d6e8a95babedd5ba1c43afd2e3844","name":"Herv\u00e9 Asse","image":{"@type":"ImageObject","inLanguage":"es","@id":"https:\/\/secure.gravatar.com\/avatar\/1aaa7b1baf759c8b40525f40af381cbaa2b0ddd554f57145bceb0654ba45b4c0?s=96&d=mm&r=g","url":"https:\/\/secure.gravatar.com\/avatar\/1aaa7b1baf759c8b40525f40af381cbaa2b0ddd554f57145bceb0654ba45b4c0?s=96&d=mm&r=g","contentUrl":"https:\/\/secure.gravatar.com\/avatar\/1aaa7b1baf759c8b40525f40af381cbaa2b0ddd554f57145bceb0654ba45b4c0?s=96&d=mm&r=g","caption":"Herv\u00e9 Asse"}}]}},"_links":{"self":[{"href":"https:\/\/www.lamennais.org\/es\/wp-json\/wp\/v2\/posts\/25949","targetHints":{"allow":["GET"]}}],"collection":[{"href":"https:\/\/www.lamennais.org\/es\/wp-json\/wp\/v2\/posts"}],"about":[{"href":"https:\/\/www.lamennais.org\/es\/wp-json\/wp\/v2\/types\/post"}],"author":[{"embeddable":true,"href":"https:\/\/www.lamennais.org\/es\/wp-json\/wp\/v2\/users\/3"}],"replies":[{"embeddable":true,"href":"https:\/\/www.lamennais.org\/es\/wp-json\/wp\/v2\/comments?post=25949"}],"version-history":[{"count":2,"href":"https:\/\/www.lamennais.org\/es\/wp-json\/wp\/v2\/posts\/25949\/revisions"}],"predecessor-version":[{"id":25954,"href":"https:\/\/www.lamennais.org\/es\/wp-json\/wp\/v2\/posts\/25949\/revisions\/25954"}],"wp:featuredmedia":[{"embeddable":true,"href":"https:\/\/www.lamennais.org\/es\/wp-json\/wp\/v2\/media\/25943"}],"wp:attachment":[{"href":"https:\/\/www.lamennais.org\/es\/wp-json\/wp\/v2\/media?parent=25949"}],"wp:term":[{"taxonomy":"category","embeddable":true,"href":"https:\/\/www.lamennais.org\/es\/wp-json\/wp\/v2\/categories?post=25949"},{"taxonomy":"post_tag","embeddable":true,"href":"https:\/\/www.lamennais.org\/es\/wp-json\/wp\/v2\/tags?post=25949"}],"curies":[{"name":"wp","href":"https:\/\/api.w.org\/{rel}","templated":true}]}}