{"id":24437,"date":"2019-12-19T08:01:02","date_gmt":"2019-12-19T07:01:02","guid":{"rendered":"http:\/\/www.lamennais.org\/?p=24437"},"modified":"2019-12-19T12:52:42","modified_gmt":"2019-12-19T11:52:42","slug":"causa-de-beatificacion-de-jm-de-la-mennais-apertura-de-los-expedientes-del-proceso-de-rennes-el-estudio-se-realizara-en-febrero-de-2020","status":"publish","type":"post","link":"https:\/\/www.lamennais.org\/es\/causa-de-beatificacion-de-jm-de-la-mennais-apertura-de-los-expedientes-del-proceso-de-rennes-el-estudio-se-realizara-en-febrero-de-2020\/","title":{"rendered":"CAUSA DE BEATIFICACI\u00d3N DE JM DE LA MENNAIS. Apertura de los expedientes del proceso de Rennes. El estudio se realizar\u00e1 en febrero de 2020"},"content":{"rendered":"<p style=\"text-align: center;\"><em>En la Secretar\u00eda de las Causas de los Santos, en el Vaticano. Los HH. Vincent Ssekate, Asistente, Dino de Carolis, Postulador y Delfin L\u00f3pez, ex Postulador. <\/em><\/p>\n<p><strong>\u00bfQu\u00e9 novedades hay de la postulaci\u00f3n del Padre de la Mennais ante la Congregaci\u00f3n vaticana para las Causas de los santos? El expediente de Josette Poulain, de Comburgo, se estudiar\u00e1 en las pr\u00f3ximas semanas. Los elementos acaban de ser entregados y completados. Explicaciones.<\/strong><\/p>\n<p>\u00abEste martes 26 de noviembre, despu\u00e9s de haber destacado el d\u00eda del Fundador, varios Hermanos de la Casa Generalicia se reunieron con el Hermano Dino, Postulador, en la Congregaci\u00f3n de las Causas de los Santos en el Vaticano.<\/p>\n<p>\u00bfUna simple coincidencia de fechas? La cita con el Canciller de la Congregaci\u00f3n, Monse\u00f1or Pappalardo, no fue decisiva, sino una simple etapa en el proceso en reconocimiento de la supuesta curaci\u00f3n milagrosa de la joven Josette Poulain, de Comburgo, en los a\u00f1os 50.<\/p>\n<p>El encuentro consisti\u00f3 en abrir los dos sobres tra\u00eddos a Roma por el Hno Michel Bouvais el pasado 14 de octubre, para conocer el contenido, y comprobar que estaba respetado el protocolo y era completo.<\/p>\n<p><img fetchpriority=\"high\" decoding=\"async\" class=\"alignleft size-large wp-image-24414\" src=\"http:\/\/www.lamennais.org\/wp-content\/uploads\/2019\/12\/P1060735-1024x768.jpg\" alt=\"\" width=\"860\" height=\"645\" srcset=\"https:\/\/www.lamennais.org\/wp-content\/uploads\/2019\/12\/P1060735-1024x768.jpg 1024w, https:\/\/www.lamennais.org\/wp-content\/uploads\/2019\/12\/P1060735-600x450.jpg 600w, https:\/\/www.lamennais.org\/wp-content\/uploads\/2019\/12\/P1060735-300x225.jpg 300w, https:\/\/www.lamennais.org\/wp-content\/uploads\/2019\/12\/P1060735-768x576.jpg 768w, https:\/\/www.lamennais.org\/wp-content\/uploads\/2019\/12\/P1060735-260x195.jpg 260w, https:\/\/www.lamennais.org\/wp-content\/uploads\/2019\/12\/P1060735.jpg 1280w\" sizes=\"(max-width: 860px) 100vw, 860px\" \/>Se constat\u00f3 que faltaba un documento: El acta del proceso verbal de clausura con el sello del Arzobispo de Rennes o de su delegado. Por lo tanto, el Vicepostulador deber\u00e1 retomar su bast\u00f3n de peregrino para ir a buscar este \u00faltimo documento.<\/p>\n<div id=\"attachment_24423\" style=\"width: 870px\" class=\"wp-caption aligncenter\"><img decoding=\"async\" aria-describedby=\"caption-attachment-24423\" class=\"wp-image-24423 size-large\" src=\"http:\/\/www.lamennais.org\/wp-content\/uploads\/2019\/12\/P1060734-1024x768.jpg\" alt=\"\" width=\"860\" height=\"645\" srcset=\"https:\/\/www.lamennais.org\/wp-content\/uploads\/2019\/12\/P1060734-1024x768.jpg 1024w, https:\/\/www.lamennais.org\/wp-content\/uploads\/2019\/12\/P1060734-600x450.jpg 600w, https:\/\/www.lamennais.org\/wp-content\/uploads\/2019\/12\/P1060734-300x225.jpg 300w, https:\/\/www.lamennais.org\/wp-content\/uploads\/2019\/12\/P1060734-768x576.jpg 768w, https:\/\/www.lamennais.org\/wp-content\/uploads\/2019\/12\/P1060734-260x195.jpg 260w, https:\/\/www.lamennais.org\/wp-content\/uploads\/2019\/12\/P1060734.jpg 1280w\" sizes=\"(max-width: 860px) 100vw, 860px\" \/><p id=\"caption-attachment-24423\" class=\"wp-caption-text\"><em>El Hno. Dino con el secretario.<\/em><\/p><\/div>\n<p>Despu\u00e9s de esto, corresponder\u00e1 a la Congregaci\u00f3n de los Santos proceder a la impresi\u00f3n del conjunto de los documentos entregados para ser estudiados. Una vez hecho esto, el postulador redactar\u00e1 una nueva carta al cardenal prefecto para solicitar la validez del procedimiento y de los contenidos. Por tanto, un poco m\u00e1s de paciencia \u2013 pero tambi\u00e9n de oraci\u00f3n, \u00a1mucha! -, y esta etapa intermedia podr\u00e1 terminar dentro de dos meses.<\/p>\n<p>Al t\u00e9rmino de este encuentro, tuvimos el placer de saludar a monse\u00f1or Bartolucci, Arzobispo secretario de la Congregaci\u00f3n, que nos acompa\u00f1\u00f3 en el sal\u00f3n de acogida. Conoce nuestro proceso y nos anima encarecidamente a seguir adelante. \u00bb<\/p>\n<p><strong>El Hno Pierre Berthe<\/strong>, secretario de la postulaci\u00f3n.<\/p>\n","protected":false},"excerpt":{"rendered":"<p>En la Secretar\u00eda de las Causas de los Santos, en el Vaticano. Los HH. Vincent Ssekate, Asistente, Dino de Carolis, Postulador y Delfin L\u00f3pez, ex Postulador. \u00bfQu\u00e9 novedades hay de la postulaci\u00f3n del Padre de la Mennais ante la Congregaci\u00f3n vaticana para las Causas de los santos? El expediente de Josette Poulain, de Comburgo, se [&hellip;]<\/p>\n","protected":false},"author":3,"featured_media":24419,"comment_status":"closed","ping_status":"closed","sticky":false,"template":"","format":"standard","meta":{"footnotes":""},"categories":[105],"tags":[],"class_list":["post-24437","post","type-post","status-publish","format-standard","has-post-thumbnail","hentry","category-noticias"],"yoast_head":"<!-- This site is optimized with the Yoast SEO plugin v27.5 - https:\/\/yoast.com\/product\/yoast-seo-wordpress\/ -->\n<title>CAUSA DE BEATIFICACI\u00d3N DE JM DE LA MENNAIS. Apertura de los expedientes del proceso de Rennes. El estudio se realizar\u00e1 en febrero de 2020 - LaMennais.org<\/title>\n<meta name=\"robots\" content=\"index, follow, max-snippet:-1, max-image-preview:large, max-video-preview:-1\" \/>\n<link rel=\"canonical\" href=\"https:\/\/www.lamennais.org\/causa-de-beatificacion-de-jm-de-la-mennais-apertura-de-los-expedientes-del-proceso-de-rennes-el-estudio-se-realizara-en-febrero-de-2020\/?lang=es\" \/>\n<meta property=\"og:locale\" content=\"es_ES\" \/>\n<meta property=\"og:type\" content=\"article\" \/>\n<meta property=\"og:title\" content=\"CAUSA DE BEATIFICACI\u00d3N DE JM DE LA MENNAIS. Apertura de los expedientes del proceso de Rennes. El estudio se realizar\u00e1 en febrero de 2020 - LaMennais.org\" \/>\n<meta property=\"og:description\" content=\"En la Secretar\u00eda de las Causas de los Santos, en el Vaticano. Los HH. Vincent Ssekate, Asistente, Dino de Carolis, Postulador y Delfin L\u00f3pez, ex Postulador. \u00bfQu\u00e9 novedades hay de la postulaci\u00f3n del Padre de la Mennais ante la Congregaci\u00f3n vaticana para las Causas de los santos? El expediente de Josette Poulain, de Comburgo, se [&hellip;]\" \/>\n<meta property=\"og:url\" content=\"https:\/\/www.lamennais.org\/causa-de-beatificacion-de-jm-de-la-mennais-apertura-de-los-expedientes-del-proceso-de-rennes-el-estudio-se-realizara-en-febrero-de-2020\/?lang=es\" \/>\n<meta property=\"og:site_name\" content=\"LaMennais.org\" \/>\n<meta property=\"article:published_time\" content=\"2019-12-19T07:01:02+00:00\" \/>\n<meta property=\"article:modified_time\" content=\"2019-12-19T11:52:42+00:00\" \/>\n<meta property=\"og:image\" content=\"https:\/\/www.lamennais.org\/wp-content\/uploads\/2019\/12\/P1060738.jpg\" \/>\n\t<meta property=\"og:image:width\" content=\"1280\" \/>\n\t<meta property=\"og:image:height\" content=\"960\" \/>\n\t<meta property=\"og:image:type\" content=\"image\/jpeg\" \/>\n<meta name=\"author\" content=\"Herv\u00e9 Asse\" \/>\n<meta name=\"twitter:card\" content=\"summary_large_image\" \/>\n<meta name=\"twitter:label1\" content=\"Escrito por\" \/>\n\t<meta name=\"twitter:data1\" content=\"Herv\u00e9 Asse\" \/>\n\t<meta name=\"twitter:label2\" content=\"Tiempo de lectura\" \/>\n\t<meta name=\"twitter:data2\" content=\"2 minutos\" \/>\n<script type=\"application\/ld+json\" class=\"yoast-schema-graph\">{\"@context\":\"https:\\\/\\\/schema.org\",\"@graph\":[{\"@type\":\"Article\",\"@id\":\"https:\\\/\\\/www.lamennais.org\\\/causa-de-beatificacion-de-jm-de-la-mennais-apertura-de-los-expedientes-del-proceso-de-rennes-el-estudio-se-realizara-en-febrero-de-2020\\\/?lang=es#article\",\"isPartOf\":{\"@id\":\"https:\\\/\\\/www.lamennais.org\\\/causa-de-beatificacion-de-jm-de-la-mennais-apertura-de-los-expedientes-del-proceso-de-rennes-el-estudio-se-realizara-en-febrero-de-2020\\\/?lang=es\"},\"author\":{\"name\":\"Herv\u00e9 Asse\",\"@id\":\"https:\\\/\\\/www.lamennais.org\\\/#\\\/schema\\\/person\\\/2a8d6e8a95babedd5ba1c43afd2e3844\"},\"headline\":\"CAUSA DE BEATIFICACI\u00d3N DE JM DE LA MENNAIS. Apertura de los expedientes del proceso de Rennes. El estudio se realizar\u00e1 en febrero de 2020\",\"datePublished\":\"2019-12-19T07:01:02+00:00\",\"dateModified\":\"2019-12-19T11:52:42+00:00\",\"mainEntityOfPage\":{\"@id\":\"https:\\\/\\\/www.lamennais.org\\\/causa-de-beatificacion-de-jm-de-la-mennais-apertura-de-los-expedientes-del-proceso-de-rennes-el-estudio-se-realizara-en-febrero-de-2020\\\/?lang=es\"},\"wordCount\":399,\"image\":{\"@id\":\"https:\\\/\\\/www.lamennais.org\\\/causa-de-beatificacion-de-jm-de-la-mennais-apertura-de-los-expedientes-del-proceso-de-rennes-el-estudio-se-realizara-en-febrero-de-2020\\\/?lang=es#primaryimage\"},\"thumbnailUrl\":\"https:\\\/\\\/www.lamennais.org\\\/wp-content\\\/uploads\\\/2019\\\/12\\\/P1060738.jpg\",\"articleSection\":[\"NOTICIAS\"],\"inLanguage\":\"es\"},{\"@type\":\"WebPage\",\"@id\":\"https:\\\/\\\/www.lamennais.org\\\/causa-de-beatificacion-de-jm-de-la-mennais-apertura-de-los-expedientes-del-proceso-de-rennes-el-estudio-se-realizara-en-febrero-de-2020\\\/?lang=es\",\"url\":\"https:\\\/\\\/www.lamennais.org\\\/causa-de-beatificacion-de-jm-de-la-mennais-apertura-de-los-expedientes-del-proceso-de-rennes-el-estudio-se-realizara-en-febrero-de-2020\\\/?lang=es\",\"name\":\"CAUSA DE BEATIFICACI\u00d3N DE JM DE LA MENNAIS. Apertura de los expedientes del proceso de Rennes. El estudio se realizar\u00e1 en febrero de 2020 - LaMennais.org\",\"isPartOf\":{\"@id\":\"https:\\\/\\\/www.lamennais.org\\\/#website\"},\"primaryImageOfPage\":{\"@id\":\"https:\\\/\\\/www.lamennais.org\\\/causa-de-beatificacion-de-jm-de-la-mennais-apertura-de-los-expedientes-del-proceso-de-rennes-el-estudio-se-realizara-en-febrero-de-2020\\\/?lang=es#primaryimage\"},\"image\":{\"@id\":\"https:\\\/\\\/www.lamennais.org\\\/causa-de-beatificacion-de-jm-de-la-mennais-apertura-de-los-expedientes-del-proceso-de-rennes-el-estudio-se-realizara-en-febrero-de-2020\\\/?lang=es#primaryimage\"},\"thumbnailUrl\":\"https:\\\/\\\/www.lamennais.org\\\/wp-content\\\/uploads\\\/2019\\\/12\\\/P1060738.jpg\",\"datePublished\":\"2019-12-19T07:01:02+00:00\",\"dateModified\":\"2019-12-19T11:52:42+00:00\",\"author\":{\"@id\":\"https:\\\/\\\/www.lamennais.org\\\/#\\\/schema\\\/person\\\/2a8d6e8a95babedd5ba1c43afd2e3844\"},\"breadcrumb\":{\"@id\":\"https:\\\/\\\/www.lamennais.org\\\/causa-de-beatificacion-de-jm-de-la-mennais-apertura-de-los-expedientes-del-proceso-de-rennes-el-estudio-se-realizara-en-febrero-de-2020\\\/?lang=es#breadcrumb\"},\"inLanguage\":\"es\",\"potentialAction\":[{\"@type\":\"ReadAction\",\"target\":[\"https:\\\/\\\/www.lamennais.org\\\/causa-de-beatificacion-de-jm-de-la-mennais-apertura-de-los-expedientes-del-proceso-de-rennes-el-estudio-se-realizara-en-febrero-de-2020\\\/?lang=es\"]}]},{\"@type\":\"ImageObject\",\"inLanguage\":\"es\",\"@id\":\"https:\\\/\\\/www.lamennais.org\\\/causa-de-beatificacion-de-jm-de-la-mennais-apertura-de-los-expedientes-del-proceso-de-rennes-el-estudio-se-realizara-en-febrero-de-2020\\\/?lang=es#primaryimage\",\"url\":\"https:\\\/\\\/www.lamennais.org\\\/wp-content\\\/uploads\\\/2019\\\/12\\\/P1060738.jpg\",\"contentUrl\":\"https:\\\/\\\/www.lamennais.org\\\/wp-content\\\/uploads\\\/2019\\\/12\\\/P1060738.jpg\",\"width\":1280,\"height\":960},{\"@type\":\"BreadcrumbList\",\"@id\":\"https:\\\/\\\/www.lamennais.org\\\/causa-de-beatificacion-de-jm-de-la-mennais-apertura-de-los-expedientes-del-proceso-de-rennes-el-estudio-se-realizara-en-febrero-de-2020\\\/?lang=es#breadcrumb\",\"itemListElement\":[{\"@type\":\"ListItem\",\"position\":1,\"name\":\"Accueil\",\"item\":\"https:\\\/\\\/www.lamennais.org\\\/\"},{\"@type\":\"ListItem\",\"position\":2,\"name\":\"CAUSA DE BEATIFICACI\u00d3N DE JM DE LA MENNAIS. Apertura de los expedientes del proceso de Rennes. El estudio se realizar\u00e1 en febrero de 2020\"}]},{\"@type\":\"WebSite\",\"@id\":\"https:\\\/\\\/www.lamennais.org\\\/#website\",\"url\":\"https:\\\/\\\/www.lamennais.org\\\/\",\"name\":\"LaMennais.org\",\"description\":\"Fr\u00e8res de l&#039;Instruction Chr\u00e9tienne et Famille Mennaisienne\",\"potentialAction\":[{\"@type\":\"SearchAction\",\"target\":{\"@type\":\"EntryPoint\",\"urlTemplate\":\"https:\\\/\\\/www.lamennais.org\\\/?s={search_term_string}\"},\"query-input\":{\"@type\":\"PropertyValueSpecification\",\"valueRequired\":true,\"valueName\":\"search_term_string\"}}],\"inLanguage\":\"es\"},{\"@type\":\"Person\",\"@id\":\"https:\\\/\\\/www.lamennais.org\\\/#\\\/schema\\\/person\\\/2a8d6e8a95babedd5ba1c43afd2e3844\",\"name\":\"Herv\u00e9 Asse\",\"image\":{\"@type\":\"ImageObject\",\"inLanguage\":\"es\",\"@id\":\"https:\\\/\\\/secure.gravatar.com\\\/avatar\\\/1aaa7b1baf759c8b40525f40af381cbaa2b0ddd554f57145bceb0654ba45b4c0?s=96&d=mm&r=g\",\"url\":\"https:\\\/\\\/secure.gravatar.com\\\/avatar\\\/1aaa7b1baf759c8b40525f40af381cbaa2b0ddd554f57145bceb0654ba45b4c0?s=96&d=mm&r=g\",\"contentUrl\":\"https:\\\/\\\/secure.gravatar.com\\\/avatar\\\/1aaa7b1baf759c8b40525f40af381cbaa2b0ddd554f57145bceb0654ba45b4c0?s=96&d=mm&r=g\",\"caption\":\"Herv\u00e9 Asse\"}}]}<\/script>\n<!-- \/ Yoast SEO plugin. -->","yoast_head_json":{"title":"CAUSA DE BEATIFICACI\u00d3N DE JM DE LA MENNAIS. Apertura de los expedientes del proceso de Rennes. El estudio se realizar\u00e1 en febrero de 2020 - LaMennais.org","robots":{"index":"index","follow":"follow","max-snippet":"max-snippet:-1","max-image-preview":"max-image-preview:large","max-video-preview":"max-video-preview:-1"},"canonical":"https:\/\/www.lamennais.org\/causa-de-beatificacion-de-jm-de-la-mennais-apertura-de-los-expedientes-del-proceso-de-rennes-el-estudio-se-realizara-en-febrero-de-2020\/?lang=es","og_locale":"es_ES","og_type":"article","og_title":"CAUSA DE BEATIFICACI\u00d3N DE JM DE LA MENNAIS. Apertura de los expedientes del proceso de Rennes. El estudio se realizar\u00e1 en febrero de 2020 - LaMennais.org","og_description":"En la Secretar\u00eda de las Causas de los Santos, en el Vaticano. Los HH. Vincent Ssekate, Asistente, Dino de Carolis, Postulador y Delfin L\u00f3pez, ex Postulador. \u00bfQu\u00e9 novedades hay de la postulaci\u00f3n del Padre de la Mennais ante la Congregaci\u00f3n vaticana para las Causas de los santos? El expediente de Josette Poulain, de Comburgo, se [&hellip;]","og_url":"https:\/\/www.lamennais.org\/causa-de-beatificacion-de-jm-de-la-mennais-apertura-de-los-expedientes-del-proceso-de-rennes-el-estudio-se-realizara-en-febrero-de-2020\/?lang=es","og_site_name":"LaMennais.org","article_published_time":"2019-12-19T07:01:02+00:00","article_modified_time":"2019-12-19T11:52:42+00:00","og_image":[{"width":1280,"height":960,"url":"https:\/\/www.lamennais.org\/wp-content\/uploads\/2019\/12\/P1060738.jpg","type":"image\/jpeg"}],"author":"Herv\u00e9 Asse","twitter_card":"summary_large_image","twitter_misc":{"Escrito por":"Herv\u00e9 Asse","Tiempo de lectura":"2 minutos"},"schema":{"@context":"https:\/\/schema.org","@graph":[{"@type":"Article","@id":"https:\/\/www.lamennais.org\/causa-de-beatificacion-de-jm-de-la-mennais-apertura-de-los-expedientes-del-proceso-de-rennes-el-estudio-se-realizara-en-febrero-de-2020\/?lang=es#article","isPartOf":{"@id":"https:\/\/www.lamennais.org\/causa-de-beatificacion-de-jm-de-la-mennais-apertura-de-los-expedientes-del-proceso-de-rennes-el-estudio-se-realizara-en-febrero-de-2020\/?lang=es"},"author":{"name":"Herv\u00e9 Asse","@id":"https:\/\/www.lamennais.org\/#\/schema\/person\/2a8d6e8a95babedd5ba1c43afd2e3844"},"headline":"CAUSA DE BEATIFICACI\u00d3N DE JM DE LA MENNAIS. Apertura de los expedientes del proceso de Rennes. El estudio se realizar\u00e1 en febrero de 2020","datePublished":"2019-12-19T07:01:02+00:00","dateModified":"2019-12-19T11:52:42+00:00","mainEntityOfPage":{"@id":"https:\/\/www.lamennais.org\/causa-de-beatificacion-de-jm-de-la-mennais-apertura-de-los-expedientes-del-proceso-de-rennes-el-estudio-se-realizara-en-febrero-de-2020\/?lang=es"},"wordCount":399,"image":{"@id":"https:\/\/www.lamennais.org\/causa-de-beatificacion-de-jm-de-la-mennais-apertura-de-los-expedientes-del-proceso-de-rennes-el-estudio-se-realizara-en-febrero-de-2020\/?lang=es#primaryimage"},"thumbnailUrl":"https:\/\/www.lamennais.org\/wp-content\/uploads\/2019\/12\/P1060738.jpg","articleSection":["NOTICIAS"],"inLanguage":"es"},{"@type":"WebPage","@id":"https:\/\/www.lamennais.org\/causa-de-beatificacion-de-jm-de-la-mennais-apertura-de-los-expedientes-del-proceso-de-rennes-el-estudio-se-realizara-en-febrero-de-2020\/?lang=es","url":"https:\/\/www.lamennais.org\/causa-de-beatificacion-de-jm-de-la-mennais-apertura-de-los-expedientes-del-proceso-de-rennes-el-estudio-se-realizara-en-febrero-de-2020\/?lang=es","name":"CAUSA DE BEATIFICACI\u00d3N DE JM DE LA MENNAIS. Apertura de los expedientes del proceso de Rennes. El estudio se realizar\u00e1 en febrero de 2020 - LaMennais.org","isPartOf":{"@id":"https:\/\/www.lamennais.org\/#website"},"primaryImageOfPage":{"@id":"https:\/\/www.lamennais.org\/causa-de-beatificacion-de-jm-de-la-mennais-apertura-de-los-expedientes-del-proceso-de-rennes-el-estudio-se-realizara-en-febrero-de-2020\/?lang=es#primaryimage"},"image":{"@id":"https:\/\/www.lamennais.org\/causa-de-beatificacion-de-jm-de-la-mennais-apertura-de-los-expedientes-del-proceso-de-rennes-el-estudio-se-realizara-en-febrero-de-2020\/?lang=es#primaryimage"},"thumbnailUrl":"https:\/\/www.lamennais.org\/wp-content\/uploads\/2019\/12\/P1060738.jpg","datePublished":"2019-12-19T07:01:02+00:00","dateModified":"2019-12-19T11:52:42+00:00","author":{"@id":"https:\/\/www.lamennais.org\/#\/schema\/person\/2a8d6e8a95babedd5ba1c43afd2e3844"},"breadcrumb":{"@id":"https:\/\/www.lamennais.org\/causa-de-beatificacion-de-jm-de-la-mennais-apertura-de-los-expedientes-del-proceso-de-rennes-el-estudio-se-realizara-en-febrero-de-2020\/?lang=es#breadcrumb"},"inLanguage":"es","potentialAction":[{"@type":"ReadAction","target":["https:\/\/www.lamennais.org\/causa-de-beatificacion-de-jm-de-la-mennais-apertura-de-los-expedientes-del-proceso-de-rennes-el-estudio-se-realizara-en-febrero-de-2020\/?lang=es"]}]},{"@type":"ImageObject","inLanguage":"es","@id":"https:\/\/www.lamennais.org\/causa-de-beatificacion-de-jm-de-la-mennais-apertura-de-los-expedientes-del-proceso-de-rennes-el-estudio-se-realizara-en-febrero-de-2020\/?lang=es#primaryimage","url":"https:\/\/www.lamennais.org\/wp-content\/uploads\/2019\/12\/P1060738.jpg","contentUrl":"https:\/\/www.lamennais.org\/wp-content\/uploads\/2019\/12\/P1060738.jpg","width":1280,"height":960},{"@type":"BreadcrumbList","@id":"https:\/\/www.lamennais.org\/causa-de-beatificacion-de-jm-de-la-mennais-apertura-de-los-expedientes-del-proceso-de-rennes-el-estudio-se-realizara-en-febrero-de-2020\/?lang=es#breadcrumb","itemListElement":[{"@type":"ListItem","position":1,"name":"Accueil","item":"https:\/\/www.lamennais.org\/"},{"@type":"ListItem","position":2,"name":"CAUSA DE BEATIFICACI\u00d3N DE JM DE LA MENNAIS. Apertura de los expedientes del proceso de Rennes. El estudio se realizar\u00e1 en febrero de 2020"}]},{"@type":"WebSite","@id":"https:\/\/www.lamennais.org\/#website","url":"https:\/\/www.lamennais.org\/","name":"LaMennais.org","description":"Fr\u00e8res de l&#039;Instruction Chr\u00e9tienne et Famille Mennaisienne","potentialAction":[{"@type":"SearchAction","target":{"@type":"EntryPoint","urlTemplate":"https:\/\/www.lamennais.org\/?s={search_term_string}"},"query-input":{"@type":"PropertyValueSpecification","valueRequired":true,"valueName":"search_term_string"}}],"inLanguage":"es"},{"@type":"Person","@id":"https:\/\/www.lamennais.org\/#\/schema\/person\/2a8d6e8a95babedd5ba1c43afd2e3844","name":"Herv\u00e9 Asse","image":{"@type":"ImageObject","inLanguage":"es","@id":"https:\/\/secure.gravatar.com\/avatar\/1aaa7b1baf759c8b40525f40af381cbaa2b0ddd554f57145bceb0654ba45b4c0?s=96&d=mm&r=g","url":"https:\/\/secure.gravatar.com\/avatar\/1aaa7b1baf759c8b40525f40af381cbaa2b0ddd554f57145bceb0654ba45b4c0?s=96&d=mm&r=g","contentUrl":"https:\/\/secure.gravatar.com\/avatar\/1aaa7b1baf759c8b40525f40af381cbaa2b0ddd554f57145bceb0654ba45b4c0?s=96&d=mm&r=g","caption":"Herv\u00e9 Asse"}}]}},"_links":{"self":[{"href":"https:\/\/www.lamennais.org\/es\/wp-json\/wp\/v2\/posts\/24437","targetHints":{"allow":["GET"]}}],"collection":[{"href":"https:\/\/www.lamennais.org\/es\/wp-json\/wp\/v2\/posts"}],"about":[{"href":"https:\/\/www.lamennais.org\/es\/wp-json\/wp\/v2\/types\/post"}],"author":[{"embeddable":true,"href":"https:\/\/www.lamennais.org\/es\/wp-json\/wp\/v2\/users\/3"}],"replies":[{"embeddable":true,"href":"https:\/\/www.lamennais.org\/es\/wp-json\/wp\/v2\/comments?post=24437"}],"version-history":[{"count":1,"href":"https:\/\/www.lamennais.org\/es\/wp-json\/wp\/v2\/posts\/24437\/revisions"}],"predecessor-version":[{"id":24438,"href":"https:\/\/www.lamennais.org\/es\/wp-json\/wp\/v2\/posts\/24437\/revisions\/24438"}],"wp:featuredmedia":[{"embeddable":true,"href":"https:\/\/www.lamennais.org\/es\/wp-json\/wp\/v2\/media\/24419"}],"wp:attachment":[{"href":"https:\/\/www.lamennais.org\/es\/wp-json\/wp\/v2\/media?parent=24437"}],"wp:term":[{"taxonomy":"category","embeddable":true,"href":"https:\/\/www.lamennais.org\/es\/wp-json\/wp\/v2\/categories?post=24437"},{"taxonomy":"post_tag","embeddable":true,"href":"https:\/\/www.lamennais.org\/es\/wp-json\/wp\/v2\/tags?post=24437"}],"curies":[{"name":"wp","href":"https:\/\/api.w.org\/{rel}","templated":true}]}}