{"id":23963,"date":"2019-11-21T07:29:15","date_gmt":"2019-11-21T06:29:15","guid":{"rendered":"http:\/\/www.lamennais.org\/?p=23963"},"modified":"2019-11-24T17:15:19","modified_gmt":"2019-11-24T16:15:19","slug":"una-semana-bella-e-intensa-ninos-jovenes-profesores-hermanos-viven-la-semana-menesiana-en-la-alegria","status":"publish","type":"post","link":"https:\/\/www.lamennais.org\/es\/una-semana-bella-e-intensa-ninos-jovenes-profesores-hermanos-viven-la-semana-menesiana-en-la-alegria\/","title":{"rendered":"UNA SEMANA BELLA E INTENSA. Ni\u00f1os, j\u00f3venes, profesores, Hermanos, viven la Semana Menesiana en la alegr\u00eda"},"content":{"rendered":"<p>Talleres, encuentros, celebraciones, realizaciones art\u00edsticas, intercambios deportivos, creaciones culturales, presentaciones en los cursos, intercambios con invitados: son otras tantas acciones vividas desde el 18 de noviembre y hasta el 26 de noviembre en todo el mundo. Es la movilizaci\u00f3n general al servicio de la fraternidad, una energ\u00eda tomada del coraz\u00f3n de Juan Mar\u00eda de la Mennais y de su relaci\u00f3n con Cristo. Una relaci\u00f3n fecunda, que ayuda a crecer&#8230;<\/p>\n<p><strong>+ Noticias de Man, Costa de Marfil<\/strong><br \/>\nEl Colegio JM de la Mennais de Man busca un Centro para realizar un hermanamiento.<\/p>\n<p><strong><em>Los Hermanos y los laicos menesianos han dirigido el Colegio durante varias d\u00e9cadas. Lo han dejado hace varios a\u00f1os. Y recibimos este contacto en medio de esta semana, como un s\u00edmbolo fuerte.<\/em><\/strong><\/p>\n<p>\u00abSoy Jean Philippe DAGNITCHE, fui nombrado por el obispo de la di\u00f3cesis de Man, director del Colegio Cat\u00f3lico Juan de la Mennais de Man desde septiembre de 2019.<\/p>\n<div id=\"attachment_23929\" style=\"width: 870px\" class=\"wp-caption alignleft\"><img fetchpriority=\"high\" decoding=\"async\" aria-describedby=\"caption-attachment-23929\" class=\"wp-image-23929 size-large\" src=\"http:\/\/www.lamennais.org\/wp-content\/uploads\/2019\/11\/IMG_16401-1024x768.jpg\" alt=\"\" width=\"860\" height=\"645\" srcset=\"https:\/\/www.lamennais.org\/wp-content\/uploads\/2019\/11\/IMG_16401-1024x768.jpg 1024w, https:\/\/www.lamennais.org\/wp-content\/uploads\/2019\/11\/IMG_16401-600x450.jpg 600w, https:\/\/www.lamennais.org\/wp-content\/uploads\/2019\/11\/IMG_16401-300x225.jpg 300w, https:\/\/www.lamennais.org\/wp-content\/uploads\/2019\/11\/IMG_16401-768x576.jpg 768w, https:\/\/www.lamennais.org\/wp-content\/uploads\/2019\/11\/IMG_16401-260x195.jpg 260w, https:\/\/www.lamennais.org\/wp-content\/uploads\/2019\/11\/IMG_16401.jpg 1200w\" sizes=\"(max-width: 860px) 100vw, 860px\" \/><p id=\"caption-attachment-23929\" class=\"wp-caption-text\"><em>Vista parcial del Colegio JMLM de Man, Costa de Marfil.<\/em><\/p><\/div>\n<p>Desde que asum\u00ed el cargo, y viendo la curiosidad de mis alumnos que quieren saber qui\u00e9nes son los Hermanos menesianos y qui\u00e9n es Juan Mar\u00eda de la Mennais, he tratado de darle otro rostro al colegio, con los principios menesianos que aprend\u00ed de los Hermanos cuando era profesor en la \u00e9poca en que los Hermanos dirig\u00edan este colegio.<\/p>\n<p><em>Hoy, con el consentimiento de mis superiores jer\u00e1rquicos, he decidido organizar la semana menesiana de nuestro colegio del 25 de noviembre de 2019 al 30 de noviembre para conmemorar con toda la red menesiana el aniversario de la muerte de nuestro fundador Juan Mar\u00eda de la Mennais.<\/em><\/p>\n<div id=\"attachment_23932\" style=\"width: 870px\" class=\"wp-caption alignleft\"><img decoding=\"async\" aria-describedby=\"caption-attachment-23932\" class=\"wp-image-23932 size-large\" src=\"http:\/\/www.lamennais.org\/wp-content\/uploads\/2019\/11\/IMG_05491-1024x727.jpg\" alt=\"\" width=\"860\" height=\"611\" srcset=\"https:\/\/www.lamennais.org\/wp-content\/uploads\/2019\/11\/IMG_05491-1024x727.jpg 1024w, https:\/\/www.lamennais.org\/wp-content\/uploads\/2019\/11\/IMG_05491-600x426.jpg 600w, https:\/\/www.lamennais.org\/wp-content\/uploads\/2019\/11\/IMG_05491-300x213.jpg 300w, https:\/\/www.lamennais.org\/wp-content\/uploads\/2019\/11\/IMG_05491-768x545.jpg 768w, https:\/\/www.lamennais.org\/wp-content\/uploads\/2019\/11\/IMG_05491-260x185.jpg 260w, https:\/\/www.lamennais.org\/wp-content\/uploads\/2019\/11\/IMG_05491.jpg 1031w\" sizes=\"(max-width: 860px) 100vw, 860px\" \/><p id=\"caption-attachment-23932\" class=\"wp-caption-text\"><em>La capilla del Colegio JMLM de Man, en proceso de reconstrucci\u00f3n.<\/em><\/p><\/div>\n<div id=\"attachment_23926\" style=\"width: 870px\" class=\"wp-caption alignleft\"><img decoding=\"async\" aria-describedby=\"caption-attachment-23926\" class=\"wp-image-23926 size-large\" src=\"http:\/\/www.lamennais.org\/wp-content\/uploads\/2019\/11\/Polo-de-la-semaine-Mennaisienne-1024x559.jpg\" alt=\"\" width=\"860\" height=\"469\" srcset=\"https:\/\/www.lamennais.org\/wp-content\/uploads\/2019\/11\/Polo-de-la-semaine-Mennaisienne-1024x559.jpg 1024w, https:\/\/www.lamennais.org\/wp-content\/uploads\/2019\/11\/Polo-de-la-semaine-Mennaisienne-600x328.jpg 600w, https:\/\/www.lamennais.org\/wp-content\/uploads\/2019\/11\/Polo-de-la-semaine-Mennaisienne-300x164.jpg 300w, https:\/\/www.lamennais.org\/wp-content\/uploads\/2019\/11\/Polo-de-la-semaine-Mennaisienne-768x420.jpg 768w, https:\/\/www.lamennais.org\/wp-content\/uploads\/2019\/11\/Polo-de-la-semaine-Mennaisienne-260x142.jpg 260w, https:\/\/www.lamennais.org\/wp-content\/uploads\/2019\/11\/Polo-de-la-semaine-Mennaisienne.jpg 1080w\" sizes=\"(max-width: 860px) 100vw, 860px\" \/><p id=\"caption-attachment-23926\" class=\"wp-caption-text\"><em>La indumentaria preparada en Man para los j\u00f3venes con motivo de esta Semana excepcional<\/em><\/p><\/div>\n<p>Aqu\u00ed todo el mundo se moviliza para el \u00e9xito del acontecimiento, una primicia en la historia del Colegio desde la partida de los Hermanos. Incluso la capilla que fue abandonada desde la crisis del 2002 est\u00e1 siendo rehabilitada.\u00bb<\/p>\n<p><strong>+ Noticias de POLINESIA. Fiesta del 16 de noviembre en Papeete<\/strong><\/p>\n<p>\u00abEste s\u00e1bado 16 tuvo lugar en la iglesia Mar\u00eda No Te Hau la celebraci\u00f3n del bicentenario del Instituto de los Hermanos de la Instrucci\u00f3n Cristiana, m\u00e1s conocidos entre nosotros como \u00abHermanos de La Mennais\u00bb. Juan Mar\u00eda de la Mennais y Gabriel Deshayes crearon este instituto, fundado en 1819.<br \/>\nEsta celebraci\u00f3n dio a los participantes la ocasi\u00f3n de dar gracias a Dios por todas las familias de religiosos y religiosas que han venido a Polinesia para fundar, consolidar y hacer crecer nuestra Iglesia repartida por los cinco archipi\u00e9lagos. Este deber de memoria no es in\u00fatil, porque si nuestra di\u00f3cesis y nuestras comunidades son lo que son hoy, es en parte gracias al testimonio de vida, a la fe, a la paciencia y a la determinaci\u00f3n de aquellos hombres y mujeres que lo dejaron todo, familias y pa\u00edses, para responder a la llamada misionera que el Se\u00f1or hizo resonar en su coraz\u00f3n.<\/p>\n<p>\u00bfPodemos imaginar el trabajo que ellos y ellas realizaron en tiempos en los que el avi\u00f3n no exist\u00eda, en los que s\u00f3lo la goleta permit\u00eda llegar a las islas, donde hab\u00eda que construir, organizar todo (parroquias, iglesias, escuelas\u2026)? \u00bfEl testimonio de vida y de fe que dieron para ganarse la confianza? \u00bfLas dificultades y los combates que llevaron a cabo para que la Iglesia encontrase su lugar y cumpliera su misi\u00f3n? \u00bfEl gran n\u00famero de ni\u00f1os y j\u00f3venes que les deben tanto por su formaci\u00f3n?<\/p>\n<p>Los a\u00f1os pasan, el recuerdo y el agradecimiento se desvanecen poco a poco. Cada a\u00f1o, el n\u00famero de fieles y de celebrantes en el Turamaraa del cementerio de la Misi\u00f3n disminuye, pero es esta una buena ocasi\u00f3n para recordar y dar gracias a Dios.<\/p>\n<p><strong>Por eso, gracias tambi\u00e9n a los Hermanos de La Mennais por haber despertado, con ocasi\u00f3n de su fiesta del bicentenario, los rostros de sus antiguos Hermanos y de sus Fundadores, no para vivir en la nostalgia del pasado, sino para sacar del testimonio y del compromiso de estos \u00abantepasados\u00bb algo con lo que podamos reafirmarnos y ayudarnos a proseguir la misi\u00f3n que ellos iniciaron. \u00bb<\/strong><\/p>\n<p>+ Monse\u00f1or Jean Pierre COTTANCEAU, Arzobispo de Papeete.<\/p>\n<p><strong>Colegio Santo Donatien de Derval<br \/>\n<\/strong><\/p>\n<p>Alumnos han rezado, a 21 de Noviembre,\u00a0 por la beatificaci\u00f3n de Juan Mar\u00eda de la Mennais.<img loading=\"lazy\" decoding=\"async\" class=\"alignleft size-large wp-image-24015\" src=\"http:\/\/www.lamennais.org\/wp-content\/uploads\/2019\/11\/ob_876a06_dsc-0002-1024x683.jpg\" alt=\"\" width=\"860\" height=\"574\" srcset=\"https:\/\/www.lamennais.org\/wp-content\/uploads\/2019\/11\/ob_876a06_dsc-0002-1024x683.jpg 1024w, https:\/\/www.lamennais.org\/wp-content\/uploads\/2019\/11\/ob_876a06_dsc-0002-600x400.jpg 600w, https:\/\/www.lamennais.org\/wp-content\/uploads\/2019\/11\/ob_876a06_dsc-0002-300x200.jpg 300w, https:\/\/www.lamennais.org\/wp-content\/uploads\/2019\/11\/ob_876a06_dsc-0002-768x512.jpg 768w, https:\/\/www.lamennais.org\/wp-content\/uploads\/2019\/11\/ob_876a06_dsc-0002-260x173.jpg 260w, https:\/\/www.lamennais.org\/wp-content\/uploads\/2019\/11\/ob_876a06_dsc-0002.jpg 1200w\" sizes=\"(max-width: 860px) 100vw, 860px\" \/><\/p>\n<p><strong>+ Los Hermanos j\u00f3venes, novicios de Dapaong, Togo , viven con pasi\u00f3n en la Gran Novena.<\/strong><img loading=\"lazy\" decoding=\"async\" class=\"alignleft size-large wp-image-23938\" src=\"http:\/\/www.lamennais.org\/wp-content\/uploads\/2019\/11\/IMG_20191013_162306-1024x768.jpg\" alt=\"\" width=\"860\" height=\"645\" srcset=\"https:\/\/www.lamennais.org\/wp-content\/uploads\/2019\/11\/IMG_20191013_162306-1024x768.jpg 1024w, https:\/\/www.lamennais.org\/wp-content\/uploads\/2019\/11\/IMG_20191013_162306-scaled-600x450.jpg 600w, https:\/\/www.lamennais.org\/wp-content\/uploads\/2019\/11\/IMG_20191013_162306-300x225.jpg 300w, https:\/\/www.lamennais.org\/wp-content\/uploads\/2019\/11\/IMG_20191013_162306-768x576.jpg 768w, https:\/\/www.lamennais.org\/wp-content\/uploads\/2019\/11\/IMG_20191013_162306-1536x1152.jpg 1536w, https:\/\/www.lamennais.org\/wp-content\/uploads\/2019\/11\/IMG_20191013_162306-2048x1536.jpg 2048w, https:\/\/www.lamennais.org\/wp-content\/uploads\/2019\/11\/IMG_20191013_162306-260x195.jpg 260w\" sizes=\"(max-width: 860px) 100vw, 860px\" \/> <img loading=\"lazy\" decoding=\"async\" class=\"alignleft size-large wp-image-23941\" src=\"http:\/\/www.lamennais.org\/wp-content\/uploads\/2019\/11\/IMG_20191013_163050-e1574326974898-1024x353.jpg\" alt=\"\" width=\"860\" height=\"485\" \/><\/p>\n","protected":false},"excerpt":{"rendered":"<p>Talleres, encuentros, celebraciones, realizaciones art\u00edsticas, intercambios deportivos, creaciones culturales, presentaciones en los cursos, intercambios con invitados: son otras tantas acciones vividas desde el 18 de noviembre y hasta el 26 de noviembre en todo el mundo. Es la movilizaci\u00f3n general al servicio de la fraternidad, una energ\u00eda tomada del coraz\u00f3n de Juan Mar\u00eda de la [&hellip;]<\/p>\n","protected":false},"author":3,"featured_media":23937,"comment_status":"closed","ping_status":"closed","sticky":false,"template":"","format":"standard","meta":{"footnotes":""},"categories":[105],"tags":[],"class_list":["post-23963","post","type-post","status-publish","format-standard","has-post-thumbnail","hentry","category-noticias"],"yoast_head":"<!-- This site is optimized with the Yoast SEO plugin v27.4 - https:\/\/yoast.com\/product\/yoast-seo-wordpress\/ -->\n<title>UNA SEMANA BELLA E INTENSA. Ni\u00f1os, j\u00f3venes, profesores, Hermanos, viven la Semana Menesiana en la alegr\u00eda - LaMennais.org<\/title>\n<meta name=\"robots\" content=\"index, follow, max-snippet:-1, max-image-preview:large, max-video-preview:-1\" \/>\n<link rel=\"canonical\" href=\"https:\/\/www.lamennais.org\/una-semana-bella-e-intensa-ninos-jovenes-profesores-hermanos-viven-la-semana-menesiana-en-la-alegria\/?lang=es\" \/>\n<meta property=\"og:locale\" content=\"es_ES\" \/>\n<meta property=\"og:type\" content=\"article\" \/>\n<meta property=\"og:title\" content=\"UNA SEMANA BELLA E INTENSA. Ni\u00f1os, j\u00f3venes, profesores, Hermanos, viven la Semana Menesiana en la alegr\u00eda - LaMennais.org\" \/>\n<meta property=\"og:description\" content=\"Talleres, encuentros, celebraciones, realizaciones art\u00edsticas, intercambios deportivos, creaciones culturales, presentaciones en los cursos, intercambios con invitados: son otras tantas acciones vividas desde el 18 de noviembre y hasta el 26 de noviembre en todo el mundo. Es la movilizaci\u00f3n general al servicio de la fraternidad, una energ\u00eda tomada del coraz\u00f3n de Juan Mar\u00eda de la [&hellip;]\" \/>\n<meta property=\"og:url\" content=\"https:\/\/www.lamennais.org\/una-semana-bella-e-intensa-ninos-jovenes-profesores-hermanos-viven-la-semana-menesiana-en-la-alegria\/?lang=es\" \/>\n<meta property=\"og:site_name\" content=\"LaMennais.org\" \/>\n<meta property=\"article:published_time\" content=\"2019-11-21T06:29:15+00:00\" \/>\n<meta property=\"article:modified_time\" content=\"2019-11-24T16:15:19+00:00\" \/>\n<meta property=\"og:image\" content=\"https:\/\/www.lamennais.org\/wp-content\/uploads\/2019\/11\/IMG_17141.jpg\" \/>\n\t<meta property=\"og:image:width\" content=\"1200\" \/>\n\t<meta property=\"og:image:height\" content=\"900\" \/>\n\t<meta property=\"og:image:type\" content=\"image\/jpeg\" \/>\n<meta name=\"author\" content=\"Herv\u00e9 Asse\" \/>\n<meta name=\"twitter:card\" content=\"summary_large_image\" \/>\n<meta name=\"twitter:label1\" content=\"Escrito por\" \/>\n\t<meta name=\"twitter:data1\" content=\"Herv\u00e9 Asse\" \/>\n\t<meta name=\"twitter:label2\" content=\"Tiempo de lectura\" \/>\n\t<meta name=\"twitter:data2\" content=\"4 minutos\" \/>\n<script type=\"application\/ld+json\" class=\"yoast-schema-graph\">{\"@context\":\"https:\\\/\\\/schema.org\",\"@graph\":[{\"@type\":\"Article\",\"@id\":\"https:\\\/\\\/www.lamennais.org\\\/una-semana-bella-e-intensa-ninos-jovenes-profesores-hermanos-viven-la-semana-menesiana-en-la-alegria\\\/?lang=es#article\",\"isPartOf\":{\"@id\":\"https:\\\/\\\/www.lamennais.org\\\/una-semana-bella-e-intensa-ninos-jovenes-profesores-hermanos-viven-la-semana-menesiana-en-la-alegria\\\/?lang=es\"},\"author\":{\"name\":\"Herv\u00e9 Asse\",\"@id\":\"https:\\\/\\\/www.lamennais.org\\\/#\\\/schema\\\/person\\\/2a8d6e8a95babedd5ba1c43afd2e3844\"},\"headline\":\"UNA SEMANA BELLA E INTENSA. Ni\u00f1os, j\u00f3venes, profesores, Hermanos, viven la Semana Menesiana en la alegr\u00eda\",\"datePublished\":\"2019-11-21T06:29:15+00:00\",\"dateModified\":\"2019-11-24T16:15:19+00:00\",\"mainEntityOfPage\":{\"@id\":\"https:\\\/\\\/www.lamennais.org\\\/una-semana-bella-e-intensa-ninos-jovenes-profesores-hermanos-viven-la-semana-menesiana-en-la-alegria\\\/?lang=es\"},\"wordCount\":810,\"image\":{\"@id\":\"https:\\\/\\\/www.lamennais.org\\\/una-semana-bella-e-intensa-ninos-jovenes-profesores-hermanos-viven-la-semana-menesiana-en-la-alegria\\\/?lang=es#primaryimage\"},\"thumbnailUrl\":\"https:\\\/\\\/www.lamennais.org\\\/wp-content\\\/uploads\\\/2019\\\/11\\\/IMG_17141.jpg\",\"articleSection\":[\"NOTICIAS\"],\"inLanguage\":\"es\"},{\"@type\":\"WebPage\",\"@id\":\"https:\\\/\\\/www.lamennais.org\\\/una-semana-bella-e-intensa-ninos-jovenes-profesores-hermanos-viven-la-semana-menesiana-en-la-alegria\\\/?lang=es\",\"url\":\"https:\\\/\\\/www.lamennais.org\\\/una-semana-bella-e-intensa-ninos-jovenes-profesores-hermanos-viven-la-semana-menesiana-en-la-alegria\\\/?lang=es\",\"name\":\"UNA SEMANA BELLA E INTENSA. Ni\u00f1os, j\u00f3venes, profesores, Hermanos, viven la Semana Menesiana en la alegr\u00eda - LaMennais.org\",\"isPartOf\":{\"@id\":\"https:\\\/\\\/www.lamennais.org\\\/#website\"},\"primaryImageOfPage\":{\"@id\":\"https:\\\/\\\/www.lamennais.org\\\/una-semana-bella-e-intensa-ninos-jovenes-profesores-hermanos-viven-la-semana-menesiana-en-la-alegria\\\/?lang=es#primaryimage\"},\"image\":{\"@id\":\"https:\\\/\\\/www.lamennais.org\\\/una-semana-bella-e-intensa-ninos-jovenes-profesores-hermanos-viven-la-semana-menesiana-en-la-alegria\\\/?lang=es#primaryimage\"},\"thumbnailUrl\":\"https:\\\/\\\/www.lamennais.org\\\/wp-content\\\/uploads\\\/2019\\\/11\\\/IMG_17141.jpg\",\"datePublished\":\"2019-11-21T06:29:15+00:00\",\"dateModified\":\"2019-11-24T16:15:19+00:00\",\"author\":{\"@id\":\"https:\\\/\\\/www.lamennais.org\\\/#\\\/schema\\\/person\\\/2a8d6e8a95babedd5ba1c43afd2e3844\"},\"breadcrumb\":{\"@id\":\"https:\\\/\\\/www.lamennais.org\\\/una-semana-bella-e-intensa-ninos-jovenes-profesores-hermanos-viven-la-semana-menesiana-en-la-alegria\\\/?lang=es#breadcrumb\"},\"inLanguage\":\"es\",\"potentialAction\":[{\"@type\":\"ReadAction\",\"target\":[\"https:\\\/\\\/www.lamennais.org\\\/una-semana-bella-e-intensa-ninos-jovenes-profesores-hermanos-viven-la-semana-menesiana-en-la-alegria\\\/?lang=es\"]}]},{\"@type\":\"ImageObject\",\"inLanguage\":\"es\",\"@id\":\"https:\\\/\\\/www.lamennais.org\\\/una-semana-bella-e-intensa-ninos-jovenes-profesores-hermanos-viven-la-semana-menesiana-en-la-alegria\\\/?lang=es#primaryimage\",\"url\":\"https:\\\/\\\/www.lamennais.org\\\/wp-content\\\/uploads\\\/2019\\\/11\\\/IMG_17141.jpg\",\"contentUrl\":\"https:\\\/\\\/www.lamennais.org\\\/wp-content\\\/uploads\\\/2019\\\/11\\\/IMG_17141.jpg\",\"width\":1200,\"height\":900},{\"@type\":\"BreadcrumbList\",\"@id\":\"https:\\\/\\\/www.lamennais.org\\\/una-semana-bella-e-intensa-ninos-jovenes-profesores-hermanos-viven-la-semana-menesiana-en-la-alegria\\\/?lang=es#breadcrumb\",\"itemListElement\":[{\"@type\":\"ListItem\",\"position\":1,\"name\":\"Accueil\",\"item\":\"https:\\\/\\\/www.lamennais.org\\\/\"},{\"@type\":\"ListItem\",\"position\":2,\"name\":\"UNA SEMANA BELLA E INTENSA. Ni\u00f1os, j\u00f3venes, profesores, Hermanos, viven la Semana Menesiana en la alegr\u00eda\"}]},{\"@type\":\"WebSite\",\"@id\":\"https:\\\/\\\/www.lamennais.org\\\/#website\",\"url\":\"https:\\\/\\\/www.lamennais.org\\\/\",\"name\":\"LaMennais.org\",\"description\":\"Fr\u00e8res de l&#039;Instruction Chr\u00e9tienne et Famille Mennaisienne\",\"potentialAction\":[{\"@type\":\"SearchAction\",\"target\":{\"@type\":\"EntryPoint\",\"urlTemplate\":\"https:\\\/\\\/www.lamennais.org\\\/?s={search_term_string}\"},\"query-input\":{\"@type\":\"PropertyValueSpecification\",\"valueRequired\":true,\"valueName\":\"search_term_string\"}}],\"inLanguage\":\"es\"},{\"@type\":\"Person\",\"@id\":\"https:\\\/\\\/www.lamennais.org\\\/#\\\/schema\\\/person\\\/2a8d6e8a95babedd5ba1c43afd2e3844\",\"name\":\"Herv\u00e9 Asse\",\"image\":{\"@type\":\"ImageObject\",\"inLanguage\":\"es\",\"@id\":\"https:\\\/\\\/secure.gravatar.com\\\/avatar\\\/1aaa7b1baf759c8b40525f40af381cbaa2b0ddd554f57145bceb0654ba45b4c0?s=96&d=mm&r=g\",\"url\":\"https:\\\/\\\/secure.gravatar.com\\\/avatar\\\/1aaa7b1baf759c8b40525f40af381cbaa2b0ddd554f57145bceb0654ba45b4c0?s=96&d=mm&r=g\",\"contentUrl\":\"https:\\\/\\\/secure.gravatar.com\\\/avatar\\\/1aaa7b1baf759c8b40525f40af381cbaa2b0ddd554f57145bceb0654ba45b4c0?s=96&d=mm&r=g\",\"caption\":\"Herv\u00e9 Asse\"}}]}<\/script>\n<!-- \/ Yoast SEO plugin. -->","yoast_head_json":{"title":"UNA SEMANA BELLA E INTENSA. Ni\u00f1os, j\u00f3venes, profesores, Hermanos, viven la Semana Menesiana en la alegr\u00eda - LaMennais.org","robots":{"index":"index","follow":"follow","max-snippet":"max-snippet:-1","max-image-preview":"max-image-preview:large","max-video-preview":"max-video-preview:-1"},"canonical":"https:\/\/www.lamennais.org\/una-semana-bella-e-intensa-ninos-jovenes-profesores-hermanos-viven-la-semana-menesiana-en-la-alegria\/?lang=es","og_locale":"es_ES","og_type":"article","og_title":"UNA SEMANA BELLA E INTENSA. Ni\u00f1os, j\u00f3venes, profesores, Hermanos, viven la Semana Menesiana en la alegr\u00eda - LaMennais.org","og_description":"Talleres, encuentros, celebraciones, realizaciones art\u00edsticas, intercambios deportivos, creaciones culturales, presentaciones en los cursos, intercambios con invitados: son otras tantas acciones vividas desde el 18 de noviembre y hasta el 26 de noviembre en todo el mundo. Es la movilizaci\u00f3n general al servicio de la fraternidad, una energ\u00eda tomada del coraz\u00f3n de Juan Mar\u00eda de la [&hellip;]","og_url":"https:\/\/www.lamennais.org\/una-semana-bella-e-intensa-ninos-jovenes-profesores-hermanos-viven-la-semana-menesiana-en-la-alegria\/?lang=es","og_site_name":"LaMennais.org","article_published_time":"2019-11-21T06:29:15+00:00","article_modified_time":"2019-11-24T16:15:19+00:00","og_image":[{"width":1200,"height":900,"url":"https:\/\/www.lamennais.org\/wp-content\/uploads\/2019\/11\/IMG_17141.jpg","type":"image\/jpeg"}],"author":"Herv\u00e9 Asse","twitter_card":"summary_large_image","twitter_misc":{"Escrito por":"Herv\u00e9 Asse","Tiempo de lectura":"4 minutos"},"schema":{"@context":"https:\/\/schema.org","@graph":[{"@type":"Article","@id":"https:\/\/www.lamennais.org\/una-semana-bella-e-intensa-ninos-jovenes-profesores-hermanos-viven-la-semana-menesiana-en-la-alegria\/?lang=es#article","isPartOf":{"@id":"https:\/\/www.lamennais.org\/una-semana-bella-e-intensa-ninos-jovenes-profesores-hermanos-viven-la-semana-menesiana-en-la-alegria\/?lang=es"},"author":{"name":"Herv\u00e9 Asse","@id":"https:\/\/www.lamennais.org\/#\/schema\/person\/2a8d6e8a95babedd5ba1c43afd2e3844"},"headline":"UNA SEMANA BELLA E INTENSA. Ni\u00f1os, j\u00f3venes, profesores, Hermanos, viven la Semana Menesiana en la alegr\u00eda","datePublished":"2019-11-21T06:29:15+00:00","dateModified":"2019-11-24T16:15:19+00:00","mainEntityOfPage":{"@id":"https:\/\/www.lamennais.org\/una-semana-bella-e-intensa-ninos-jovenes-profesores-hermanos-viven-la-semana-menesiana-en-la-alegria\/?lang=es"},"wordCount":810,"image":{"@id":"https:\/\/www.lamennais.org\/una-semana-bella-e-intensa-ninos-jovenes-profesores-hermanos-viven-la-semana-menesiana-en-la-alegria\/?lang=es#primaryimage"},"thumbnailUrl":"https:\/\/www.lamennais.org\/wp-content\/uploads\/2019\/11\/IMG_17141.jpg","articleSection":["NOTICIAS"],"inLanguage":"es"},{"@type":"WebPage","@id":"https:\/\/www.lamennais.org\/una-semana-bella-e-intensa-ninos-jovenes-profesores-hermanos-viven-la-semana-menesiana-en-la-alegria\/?lang=es","url":"https:\/\/www.lamennais.org\/una-semana-bella-e-intensa-ninos-jovenes-profesores-hermanos-viven-la-semana-menesiana-en-la-alegria\/?lang=es","name":"UNA SEMANA BELLA E INTENSA. Ni\u00f1os, j\u00f3venes, profesores, Hermanos, viven la Semana Menesiana en la alegr\u00eda - LaMennais.org","isPartOf":{"@id":"https:\/\/www.lamennais.org\/#website"},"primaryImageOfPage":{"@id":"https:\/\/www.lamennais.org\/una-semana-bella-e-intensa-ninos-jovenes-profesores-hermanos-viven-la-semana-menesiana-en-la-alegria\/?lang=es#primaryimage"},"image":{"@id":"https:\/\/www.lamennais.org\/una-semana-bella-e-intensa-ninos-jovenes-profesores-hermanos-viven-la-semana-menesiana-en-la-alegria\/?lang=es#primaryimage"},"thumbnailUrl":"https:\/\/www.lamennais.org\/wp-content\/uploads\/2019\/11\/IMG_17141.jpg","datePublished":"2019-11-21T06:29:15+00:00","dateModified":"2019-11-24T16:15:19+00:00","author":{"@id":"https:\/\/www.lamennais.org\/#\/schema\/person\/2a8d6e8a95babedd5ba1c43afd2e3844"},"breadcrumb":{"@id":"https:\/\/www.lamennais.org\/una-semana-bella-e-intensa-ninos-jovenes-profesores-hermanos-viven-la-semana-menesiana-en-la-alegria\/?lang=es#breadcrumb"},"inLanguage":"es","potentialAction":[{"@type":"ReadAction","target":["https:\/\/www.lamennais.org\/una-semana-bella-e-intensa-ninos-jovenes-profesores-hermanos-viven-la-semana-menesiana-en-la-alegria\/?lang=es"]}]},{"@type":"ImageObject","inLanguage":"es","@id":"https:\/\/www.lamennais.org\/una-semana-bella-e-intensa-ninos-jovenes-profesores-hermanos-viven-la-semana-menesiana-en-la-alegria\/?lang=es#primaryimage","url":"https:\/\/www.lamennais.org\/wp-content\/uploads\/2019\/11\/IMG_17141.jpg","contentUrl":"https:\/\/www.lamennais.org\/wp-content\/uploads\/2019\/11\/IMG_17141.jpg","width":1200,"height":900},{"@type":"BreadcrumbList","@id":"https:\/\/www.lamennais.org\/una-semana-bella-e-intensa-ninos-jovenes-profesores-hermanos-viven-la-semana-menesiana-en-la-alegria\/?lang=es#breadcrumb","itemListElement":[{"@type":"ListItem","position":1,"name":"Accueil","item":"https:\/\/www.lamennais.org\/"},{"@type":"ListItem","position":2,"name":"UNA SEMANA BELLA E INTENSA. Ni\u00f1os, j\u00f3venes, profesores, Hermanos, viven la Semana Menesiana en la alegr\u00eda"}]},{"@type":"WebSite","@id":"https:\/\/www.lamennais.org\/#website","url":"https:\/\/www.lamennais.org\/","name":"LaMennais.org","description":"Fr\u00e8res de l&#039;Instruction Chr\u00e9tienne et Famille Mennaisienne","potentialAction":[{"@type":"SearchAction","target":{"@type":"EntryPoint","urlTemplate":"https:\/\/www.lamennais.org\/?s={search_term_string}"},"query-input":{"@type":"PropertyValueSpecification","valueRequired":true,"valueName":"search_term_string"}}],"inLanguage":"es"},{"@type":"Person","@id":"https:\/\/www.lamennais.org\/#\/schema\/person\/2a8d6e8a95babedd5ba1c43afd2e3844","name":"Herv\u00e9 Asse","image":{"@type":"ImageObject","inLanguage":"es","@id":"https:\/\/secure.gravatar.com\/avatar\/1aaa7b1baf759c8b40525f40af381cbaa2b0ddd554f57145bceb0654ba45b4c0?s=96&d=mm&r=g","url":"https:\/\/secure.gravatar.com\/avatar\/1aaa7b1baf759c8b40525f40af381cbaa2b0ddd554f57145bceb0654ba45b4c0?s=96&d=mm&r=g","contentUrl":"https:\/\/secure.gravatar.com\/avatar\/1aaa7b1baf759c8b40525f40af381cbaa2b0ddd554f57145bceb0654ba45b4c0?s=96&d=mm&r=g","caption":"Herv\u00e9 Asse"}}]}},"_links":{"self":[{"href":"https:\/\/www.lamennais.org\/es\/wp-json\/wp\/v2\/posts\/23963","targetHints":{"allow":["GET"]}}],"collection":[{"href":"https:\/\/www.lamennais.org\/es\/wp-json\/wp\/v2\/posts"}],"about":[{"href":"https:\/\/www.lamennais.org\/es\/wp-json\/wp\/v2\/types\/post"}],"author":[{"embeddable":true,"href":"https:\/\/www.lamennais.org\/es\/wp-json\/wp\/v2\/users\/3"}],"replies":[{"embeddable":true,"href":"https:\/\/www.lamennais.org\/es\/wp-json\/wp\/v2\/comments?post=23963"}],"version-history":[{"count":3,"href":"https:\/\/www.lamennais.org\/es\/wp-json\/wp\/v2\/posts\/23963\/revisions"}],"predecessor-version":[{"id":24081,"href":"https:\/\/www.lamennais.org\/es\/wp-json\/wp\/v2\/posts\/23963\/revisions\/24081"}],"wp:featuredmedia":[{"embeddable":true,"href":"https:\/\/www.lamennais.org\/es\/wp-json\/wp\/v2\/media\/23937"}],"wp:attachment":[{"href":"https:\/\/www.lamennais.org\/es\/wp-json\/wp\/v2\/media?parent=23963"}],"wp:term":[{"taxonomy":"category","embeddable":true,"href":"https:\/\/www.lamennais.org\/es\/wp-json\/wp\/v2\/categories?post=23963"},{"taxonomy":"post_tag","embeddable":true,"href":"https:\/\/www.lamennais.org\/es\/wp-json\/wp\/v2\/tags?post=23963"}],"curies":[{"name":"wp","href":"https:\/\/api.w.org\/{rel}","templated":true}]}}